{"id":131497,"date":"2016-03-01T22:13:47","date_gmt":"2016-03-02T01:13:47","guid":{"rendered":"https:\/\/www.missoeshumanitarias.org\/diario-de-la-mision-medio-oriente-24-02\/"},"modified":"2016-03-01T22:13:47","modified_gmt":"2016-03-02T01:13:47","slug":"diario-de-la-mision-medio-oriente-24-02","status":"publish","type":"post","link":"https:\/\/www.missoeshumanitarias.org\/es\/diario-de-la-mision-medio-oriente-24-02\/","title":{"rendered":"Diario de la Misi\u00f3n Medio Oriente &#8211; 24\/02"},"content":{"rendered":"<p style=\"text-align: justify;\">24\/02<\/p>\n<p style=\"text-align: justify;\"><a href=\"http:\/\/www.fraterinternacional.org\/wp-content\/uploads\/2016\/03\/Missao_oriente_painel_colagens.jpeg\" rel=\"attachment wp-att-14222\"><img fetchpriority=\"high\" decoding=\"async\" class=\"alignleft size-medium wp-image-14222\" src=\"https:\/\/www.missoeshumanitarias.org\/wp-content\/uploads\/2021\/08\/Missao_oriente_painel_colagens-300x169-1.jpeg\" alt=\"Missao_oriente_painel_colagens\" width=\"300\" height=\"169\" \/><\/a>Conclusi\u00f3n de las actividades de confecci\u00f3n de los paneles que est\u00e1n en un corredor, en la entrada al \u00e1rea de la ASAM, en Ankara, por donde diariamente pasan alrededor de mil refugiados.<\/p>\n<p style=\"text-align: justify;\">Durante cuatro d\u00edas, fueron preparados 14 paneles con diversos temas, transmitiendo mensajes de luz, alegr\u00eda y armon\u00eda.<\/p>\n<p style=\"text-align: justify;\">En este periodo, los misioneros se dedican a la elaboraci\u00f3n de los paneles por la ma\u00f1ana y, por la tarde permanecen en el sector donde los refugiados esperan para registrarse en la ONG. En este local, los misioneros realizan varias actividades de interacci\u00f3n con los ni\u00f1os.<\/p>\n","protected":false},"excerpt":{"rendered":"<p>24\/02 Conclusi\u00f3n de las actividades de confecci\u00f3n de los paneles que est\u00e1n en un corredor, en la entrada al \u00e1rea de la ASAM, en Ankara, por donde diariamente pasan alrededor de mil refugiados. Durante cuatro d\u00edas, fueron preparados 14 paneles con diversos temas, transmitiendo mensajes de luz, alegr\u00eda y armon\u00eda. En este periodo, los misioneros [&hellip;]<\/p>\n","protected":false},"author":1,"featured_media":120163,"comment_status":"open","ping_status":"open","sticky":false,"template":"","format":"standard","meta":{"footnotes":""},"categories":[43,131],"tags":[],"class_list":["post-131497","post","type-post","status-publish","format-standard","has-post-thumbnail","hentry","category-noticias-es","category-noticias-de-las-misiones"],"featured_image_src":"https:\/\/www.missoeshumanitarias.org\/wp-content\/uploads\/2021\/08\/Missao_oriente_painel_colagens.jpeg","author_info":{"display_name":"maducato_admin","author_link":"https:\/\/www.missoeshumanitarias.org\/es\/author\/maducato_admin\/"},"yoast_head":"<!-- This site is optimized with the Yoast SEO Premium plugin v22.5 (Yoast SEO v22.5) - https:\/\/yoast.com\/wordpress\/plugins\/seo\/ -->\n<title>Diario de la Misi\u00f3n Medio Oriente - 24\/02 - Fraternidade Miss\u00f5es Humanit\u00e1rias Internacionais<\/title>\n<meta name=\"robots\" content=\"index, follow, max-snippet:-1, max-image-preview:large, max-video-preview:-1\" \/>\n<link rel=\"canonical\" href=\"https:\/\/www.missoeshumanitarias.org\/es\/diario-de-la-mision-medio-oriente-24-02\/\" \/>\n<meta property=\"og:locale\" content=\"es_ES\" \/>\n<meta property=\"og:type\" content=\"article\" \/>\n<meta property=\"og:title\" content=\"Diario de la Misi\u00f3n Medio Oriente - 24\/02\" \/>\n<meta property=\"og:description\" content=\"24\/02 Conclusi\u00f3n de las actividades de confecci\u00f3n de los paneles que est\u00e1n en un corredor, en la entrada al \u00e1rea de la ASAM, en Ankara, por donde diariamente pasan alrededor de mil refugiados. Durante cuatro d\u00edas, fueron preparados 14 paneles con diversos temas, transmitiendo mensajes de luz, alegr\u00eda y armon\u00eda. En este periodo, los misioneros [&hellip;]\" \/>\n<meta property=\"og:url\" content=\"https:\/\/www.missoeshumanitarias.org\/es\/diario-de-la-mision-medio-oriente-24-02\/\" \/>\n<meta property=\"og:site_name\" content=\"Fraternidade Miss\u00f5es Humanit\u00e1rias Internacionais\" \/>\n<meta property=\"article:published_time\" content=\"2016-03-02T01:13:47+00:00\" \/>\n<meta property=\"og:image\" content=\"https:\/\/www.missoeshumanitarias.org\/wp-content\/uploads\/2021\/08\/Missao_oriente_painel_colagens.jpeg\" \/>\n\t<meta property=\"og:image:width\" content=\"700\" \/>\n\t<meta property=\"og:image:height\" content=\"394\" \/>\n\t<meta property=\"og:image:type\" content=\"image\/jpeg\" \/>\n<meta name=\"author\" content=\"maducato_admin\" \/>\n<meta name=\"twitter:card\" content=\"summary_large_image\" \/>\n<meta name=\"twitter:label1\" content=\"Escrito por\" \/>\n\t<meta name=\"twitter:data1\" content=\"maducato_admin\" \/>\n\t<meta name=\"twitter:label2\" content=\"Tiempo de lectura\" \/>\n\t<meta name=\"twitter:data2\" content=\"1 minuto\" \/>\n<script type=\"application\/ld+json\" class=\"yoast-schema-graph\">{\"@context\":\"https:\/\/schema.org\",\"@graph\":[{\"@type\":\"Article\",\"@id\":\"https:\/\/www.missoeshumanitarias.org\/es\/diario-de-la-mision-medio-oriente-24-02\/#article\",\"isPartOf\":{\"@id\":\"https:\/\/www.missoeshumanitarias.org\/es\/diario-de-la-mision-medio-oriente-24-02\/\"},\"author\":{\"name\":\"maducato_admin\",\"@id\":\"https:\/\/www.missoeshumanitarias.org\/es\/#\/schema\/person\/e0f8527323154d1eba9f9d9eb6b401f7\"},\"headline\":\"Diario de la Misi\u00f3n Medio Oriente &#8211; 24\/02\",\"datePublished\":\"2016-03-02T01:13:47+00:00\",\"dateModified\":\"2016-03-02T01:13:47+00:00\",\"mainEntityOfPage\":{\"@id\":\"https:\/\/www.missoeshumanitarias.org\/es\/diario-de-la-mision-medio-oriente-24-02\/\"},\"wordCount\":112,\"commentCount\":0,\"publisher\":{\"@id\":\"https:\/\/www.missoeshumanitarias.org\/es\/#organization\"},\"image\":{\"@id\":\"https:\/\/www.missoeshumanitarias.org\/es\/diario-de-la-mision-medio-oriente-24-02\/#primaryimage\"},\"thumbnailUrl\":\"https:\/\/www.missoeshumanitarias.org\/wp-content\/uploads\/2021\/08\/Missao_oriente_painel_colagens.jpeg\",\"articleSection\":[\"Noticias\",\"Noticias de las Misiones\"],\"inLanguage\":\"es\",\"potentialAction\":[{\"@type\":\"CommentAction\",\"name\":\"Comment\",\"target\":[\"https:\/\/www.missoeshumanitarias.org\/es\/diario-de-la-mision-medio-oriente-24-02\/#respond\"]}]},{\"@type\":\"WebPage\",\"@id\":\"https:\/\/www.missoeshumanitarias.org\/es\/diario-de-la-mision-medio-oriente-24-02\/\",\"url\":\"https:\/\/www.missoeshumanitarias.org\/es\/diario-de-la-mision-medio-oriente-24-02\/\",\"name\":\"Diario de la Misi\u00f3n Medio Oriente - 24\/02 - Fraternidade Miss\u00f5es Humanit\u00e1rias Internacionais\",\"isPartOf\":{\"@id\":\"https:\/\/www.missoeshumanitarias.org\/es\/#website\"},\"primaryImageOfPage\":{\"@id\":\"https:\/\/www.missoeshumanitarias.org\/es\/diario-de-la-mision-medio-oriente-24-02\/#primaryimage\"},\"image\":{\"@id\":\"https:\/\/www.missoeshumanitarias.org\/es\/diario-de-la-mision-medio-oriente-24-02\/#primaryimage\"},\"thumbnailUrl\":\"https:\/\/www.missoeshumanitarias.org\/wp-content\/uploads\/2021\/08\/Missao_oriente_painel_colagens.jpeg\",\"datePublished\":\"2016-03-02T01:13:47+00:00\",\"dateModified\":\"2016-03-02T01:13:47+00:00\",\"breadcrumb\":{\"@id\":\"https:\/\/www.missoeshumanitarias.org\/es\/diario-de-la-mision-medio-oriente-24-02\/#breadcrumb\"},\"inLanguage\":\"es\",\"potentialAction\":[{\"@type\":\"ReadAction\",\"target\":[\"https:\/\/www.missoeshumanitarias.org\/es\/diario-de-la-mision-medio-oriente-24-02\/\"]}]},{\"@type\":\"ImageObject\",\"inLanguage\":\"es\",\"@id\":\"https:\/\/www.missoeshumanitarias.org\/es\/diario-de-la-mision-medio-oriente-24-02\/#primaryimage\",\"url\":\"https:\/\/www.missoeshumanitarias.org\/wp-content\/uploads\/2021\/08\/Missao_oriente_painel_colagens.jpeg\",\"contentUrl\":\"https:\/\/www.missoeshumanitarias.org\/wp-content\/uploads\/2021\/08\/Missao_oriente_painel_colagens.jpeg\",\"width\":700,\"height\":394},{\"@type\":\"BreadcrumbList\",\"@id\":\"https:\/\/www.missoeshumanitarias.org\/es\/diario-de-la-mision-medio-oriente-24-02\/#breadcrumb\",\"itemListElement\":[{\"@type\":\"ListItem\",\"position\":1,\"name\":\"Home\",\"item\":\"https:\/\/www.missoeshumanitarias.org\/en\/\"},{\"@type\":\"ListItem\",\"position\":2,\"name\":\"Diario de la Misi\u00f3n Medio Oriente &#8211; 24\/02\"}]},{\"@type\":\"WebSite\",\"@id\":\"https:\/\/www.missoeshumanitarias.org\/es\/#website\",\"url\":\"https:\/\/www.missoeshumanitarias.org\/es\/\",\"name\":\"Fraternidade Miss\u00f5es Humanit\u00e1rias Internacionais\",\"description\":\"Respostas Humanit\u00e1rias e Emerg\u00eancias\",\"publisher\":{\"@id\":\"https:\/\/www.missoeshumanitarias.org\/es\/#organization\"},\"potentialAction\":[{\"@type\":\"SearchAction\",\"target\":{\"@type\":\"EntryPoint\",\"urlTemplate\":\"https:\/\/www.missoeshumanitarias.org\/es\/?s={search_term_string}\"},\"query-input\":\"required name=search_term_string\"}],\"inLanguage\":\"es\"},{\"@type\":\"Organization\",\"@id\":\"https:\/\/www.missoeshumanitarias.org\/es\/#organization\",\"name\":\"Fraternidade - Miss\u00f5es Humanit\u00e1rias Internacionais\",\"url\":\"https:\/\/www.missoeshumanitarias.org\/es\/\",\"logo\":{\"@type\":\"ImageObject\",\"inLanguage\":\"es\",\"@id\":\"https:\/\/www.missoeshumanitarias.org\/es\/#\/schema\/logo\/image\/\",\"url\":\"https:\/\/www.missoeshumanitarias.org\/wp-content\/uploads\/2020\/05\/logo-FMHI-mg.png\",\"contentUrl\":\"https:\/\/www.missoeshumanitarias.org\/wp-content\/uploads\/2020\/05\/logo-FMHI-mg.png\",\"width\":520,\"height\":134,\"caption\":\"Fraternidade - Miss\u00f5es Humanit\u00e1rias Internacionais\"},\"image\":{\"@id\":\"https:\/\/www.missoeshumanitarias.org\/es\/#\/schema\/logo\/image\/\"}},{\"@type\":\"Person\",\"@id\":\"https:\/\/www.missoeshumanitarias.org\/es\/#\/schema\/person\/e0f8527323154d1eba9f9d9eb6b401f7\",\"name\":\"maducato_admin\",\"image\":{\"@type\":\"ImageObject\",\"inLanguage\":\"es\",\"@id\":\"https:\/\/www.missoeshumanitarias.org\/es\/#\/schema\/person\/image\/\",\"url\":\"https:\/\/secure.gravatar.com\/avatar\/6c3b45186a8f5a459d8e14c7fca370bceae92402bc06171d75e4e559b6c24393?s=96&d=mm&r=g\",\"contentUrl\":\"https:\/\/secure.gravatar.com\/avatar\/6c3b45186a8f5a459d8e14c7fca370bceae92402bc06171d75e4e559b6c24393?s=96&d=mm&r=g\",\"caption\":\"maducato_admin\"}}]}<\/script>\n<!-- \/ Yoast SEO Premium plugin. -->","yoast_head_json":{"title":"Diario de la Misi\u00f3n Medio Oriente - 24\/02 - Fraternidade Miss\u00f5es Humanit\u00e1rias Internacionais","robots":{"index":"index","follow":"follow","max-snippet":"max-snippet:-1","max-image-preview":"max-image-preview:large","max-video-preview":"max-video-preview:-1"},"canonical":"https:\/\/www.missoeshumanitarias.org\/es\/diario-de-la-mision-medio-oriente-24-02\/","og_locale":"es_ES","og_type":"article","og_title":"Diario de la Misi\u00f3n Medio Oriente - 24\/02","og_description":"24\/02 Conclusi\u00f3n de las actividades de confecci\u00f3n de los paneles que est\u00e1n en un corredor, en la entrada al \u00e1rea de la ASAM, en Ankara, por donde diariamente pasan alrededor de mil refugiados. Durante cuatro d\u00edas, fueron preparados 14 paneles con diversos temas, transmitiendo mensajes de luz, alegr\u00eda y armon\u00eda. En este periodo, los misioneros [&hellip;]","og_url":"https:\/\/www.missoeshumanitarias.org\/es\/diario-de-la-mision-medio-oriente-24-02\/","og_site_name":"Fraternidade Miss\u00f5es Humanit\u00e1rias Internacionais","article_published_time":"2016-03-02T01:13:47+00:00","og_image":[{"width":700,"height":394,"url":"https:\/\/www.missoeshumanitarias.org\/wp-content\/uploads\/2021\/08\/Missao_oriente_painel_colagens.jpeg","type":"image\/jpeg"}],"author":"maducato_admin","twitter_card":"summary_large_image","twitter_misc":{"Escrito por":"maducato_admin","Tiempo de lectura":"1 minuto"},"schema":{"@context":"https:\/\/schema.org","@graph":[{"@type":"Article","@id":"https:\/\/www.missoeshumanitarias.org\/es\/diario-de-la-mision-medio-oriente-24-02\/#article","isPartOf":{"@id":"https:\/\/www.missoeshumanitarias.org\/es\/diario-de-la-mision-medio-oriente-24-02\/"},"author":{"name":"maducato_admin","@id":"https:\/\/www.missoeshumanitarias.org\/es\/#\/schema\/person\/e0f8527323154d1eba9f9d9eb6b401f7"},"headline":"Diario de la Misi\u00f3n Medio Oriente &#8211; 24\/02","datePublished":"2016-03-02T01:13:47+00:00","dateModified":"2016-03-02T01:13:47+00:00","mainEntityOfPage":{"@id":"https:\/\/www.missoeshumanitarias.org\/es\/diario-de-la-mision-medio-oriente-24-02\/"},"wordCount":112,"commentCount":0,"publisher":{"@id":"https:\/\/www.missoeshumanitarias.org\/es\/#organization"},"image":{"@id":"https:\/\/www.missoeshumanitarias.org\/es\/diario-de-la-mision-medio-oriente-24-02\/#primaryimage"},"thumbnailUrl":"https:\/\/www.missoeshumanitarias.org\/wp-content\/uploads\/2021\/08\/Missao_oriente_painel_colagens.jpeg","articleSection":["Noticias","Noticias de las Misiones"],"inLanguage":"es","potentialAction":[{"@type":"CommentAction","name":"Comment","target":["https:\/\/www.missoeshumanitarias.org\/es\/diario-de-la-mision-medio-oriente-24-02\/#respond"]}]},{"@type":"WebPage","@id":"https:\/\/www.missoeshumanitarias.org\/es\/diario-de-la-mision-medio-oriente-24-02\/","url":"https:\/\/www.missoeshumanitarias.org\/es\/diario-de-la-mision-medio-oriente-24-02\/","name":"Diario de la Misi\u00f3n Medio Oriente - 24\/02 - Fraternidade Miss\u00f5es Humanit\u00e1rias Internacionais","isPartOf":{"@id":"https:\/\/www.missoeshumanitarias.org\/es\/#website"},"primaryImageOfPage":{"@id":"https:\/\/www.missoeshumanitarias.org\/es\/diario-de-la-mision-medio-oriente-24-02\/#primaryimage"},"image":{"@id":"https:\/\/www.missoeshumanitarias.org\/es\/diario-de-la-mision-medio-oriente-24-02\/#primaryimage"},"thumbnailUrl":"https:\/\/www.missoeshumanitarias.org\/wp-content\/uploads\/2021\/08\/Missao_oriente_painel_colagens.jpeg","datePublished":"2016-03-02T01:13:47+00:00","dateModified":"2016-03-02T01:13:47+00:00","breadcrumb":{"@id":"https:\/\/www.missoeshumanitarias.org\/es\/diario-de-la-mision-medio-oriente-24-02\/#breadcrumb"},"inLanguage":"es","potentialAction":[{"@type":"ReadAction","target":["https:\/\/www.missoeshumanitarias.org\/es\/diario-de-la-mision-medio-oriente-24-02\/"]}]},{"@type":"ImageObject","inLanguage":"es","@id":"https:\/\/www.missoeshumanitarias.org\/es\/diario-de-la-mision-medio-oriente-24-02\/#primaryimage","url":"https:\/\/www.missoeshumanitarias.org\/wp-content\/uploads\/2021\/08\/Missao_oriente_painel_colagens.jpeg","contentUrl":"https:\/\/www.missoeshumanitarias.org\/wp-content\/uploads\/2021\/08\/Missao_oriente_painel_colagens.jpeg","width":700,"height":394},{"@type":"BreadcrumbList","@id":"https:\/\/www.missoeshumanitarias.org\/es\/diario-de-la-mision-medio-oriente-24-02\/#breadcrumb","itemListElement":[{"@type":"ListItem","position":1,"name":"Home","item":"https:\/\/www.missoeshumanitarias.org\/en\/"},{"@type":"ListItem","position":2,"name":"Diario de la Misi\u00f3n Medio Oriente &#8211; 24\/02"}]},{"@type":"WebSite","@id":"https:\/\/www.missoeshumanitarias.org\/es\/#website","url":"https:\/\/www.missoeshumanitarias.org\/es\/","name":"Fraternidade Miss\u00f5es Humanit\u00e1rias Internacionais","description":"Respostas Humanit\u00e1rias e Emerg\u00eancias","publisher":{"@id":"https:\/\/www.missoeshumanitarias.org\/es\/#organization"},"potentialAction":[{"@type":"SearchAction","target":{"@type":"EntryPoint","urlTemplate":"https:\/\/www.missoeshumanitarias.org\/es\/?s={search_term_string}"},"query-input":"required name=search_term_string"}],"inLanguage":"es"},{"@type":"Organization","@id":"https:\/\/www.missoeshumanitarias.org\/es\/#organization","name":"Fraternidade - Miss\u00f5es Humanit\u00e1rias Internacionais","url":"https:\/\/www.missoeshumanitarias.org\/es\/","logo":{"@type":"ImageObject","inLanguage":"es","@id":"https:\/\/www.missoeshumanitarias.org\/es\/#\/schema\/logo\/image\/","url":"https:\/\/www.missoeshumanitarias.org\/wp-content\/uploads\/2020\/05\/logo-FMHI-mg.png","contentUrl":"https:\/\/www.missoeshumanitarias.org\/wp-content\/uploads\/2020\/05\/logo-FMHI-mg.png","width":520,"height":134,"caption":"Fraternidade - Miss\u00f5es Humanit\u00e1rias Internacionais"},"image":{"@id":"https:\/\/www.missoeshumanitarias.org\/es\/#\/schema\/logo\/image\/"}},{"@type":"Person","@id":"https:\/\/www.missoeshumanitarias.org\/es\/#\/schema\/person\/e0f8527323154d1eba9f9d9eb6b401f7","name":"maducato_admin","image":{"@type":"ImageObject","inLanguage":"es","@id":"https:\/\/www.missoeshumanitarias.org\/es\/#\/schema\/person\/image\/","url":"https:\/\/secure.gravatar.com\/avatar\/6c3b45186a8f5a459d8e14c7fca370bceae92402bc06171d75e4e559b6c24393?s=96&d=mm&r=g","contentUrl":"https:\/\/secure.gravatar.com\/avatar\/6c3b45186a8f5a459d8e14c7fca370bceae92402bc06171d75e4e559b6c24393?s=96&d=mm&r=g","caption":"maducato_admin"}}]}},"_links":{"self":[{"href":"https:\/\/www.missoeshumanitarias.org\/es\/wp-json\/wp\/v2\/posts\/131497","targetHints":{"allow":["GET"]}}],"collection":[{"href":"https:\/\/www.missoeshumanitarias.org\/es\/wp-json\/wp\/v2\/posts"}],"about":[{"href":"https:\/\/www.missoeshumanitarias.org\/es\/wp-json\/wp\/v2\/types\/post"}],"author":[{"embeddable":true,"href":"https:\/\/www.missoeshumanitarias.org\/es\/wp-json\/wp\/v2\/users\/1"}],"replies":[{"embeddable":true,"href":"https:\/\/www.missoeshumanitarias.org\/es\/wp-json\/wp\/v2\/comments?post=131497"}],"version-history":[{"count":0,"href":"https:\/\/www.missoeshumanitarias.org\/es\/wp-json\/wp\/v2\/posts\/131497\/revisions"}],"wp:featuredmedia":[{"embeddable":true,"href":"https:\/\/www.missoeshumanitarias.org\/es\/wp-json\/wp\/v2\/media\/120163"}],"wp:attachment":[{"href":"https:\/\/www.missoeshumanitarias.org\/es\/wp-json\/wp\/v2\/media?parent=131497"}],"wp:term":[{"taxonomy":"category","embeddable":true,"href":"https:\/\/www.missoeshumanitarias.org\/es\/wp-json\/wp\/v2\/categories?post=131497"},{"taxonomy":"post_tag","embeddable":true,"href":"https:\/\/www.missoeshumanitarias.org\/es\/wp-json\/wp\/v2\/tags?post=131497"}],"curies":[{"name":"wp","href":"https:\/\/api.w.org\/{rel}","templated":true}]}}