{"id":131522,"date":"2016-07-02T21:40:37","date_gmt":"2016-07-03T00:40:37","guid":{"rendered":"https:\/\/www.missoeshumanitarias.org\/diario-de-la-mision-paraguay-1-de-julio\/"},"modified":"2016-07-02T21:40:37","modified_gmt":"2016-07-03T00:40:37","slug":"diario-de-la-mision-paraguay-1-de-julio","status":"publish","type":"post","link":"https:\/\/www.missoeshumanitarias.org\/es\/diario-de-la-mision-paraguay-1-de-julio\/","title":{"rendered":"Diario de la Misi\u00f3n Paraguay \u2013 1 de julio"},"content":{"rendered":"<p><strong><a href=\"http:\/\/www.fraterinternacional.org\/wp-content\/uploads\/2016\/07\/comunidades_indigenas_missao_paraguai_casa_restauro3_dia01_7.jpg\"><img decoding=\"async\" class=\" wp-image-23669 alignright\" src=\"https:\/\/www.missoeshumanitarias.org\/wp-content\/uploads\/2021\/08\/comunidades_indigenas_missao_paraguai_casa_restauro3_dia01_7-169x300-1.jpg\" alt=\"comunidades_indigenas_missao_paraguai_casa_restauro3_dia01_7\" width=\"157\" height=\"279\" \/><\/a>Diario de la Misi\u00f3n Paraguay \u2013 1 de julio<br \/>\n<\/strong><\/p>\n<p style=\"text-align: justify;\">El grupo dedica la ma\u00f1ana para reformar la casita adonde vive la pareja m\u00e1s antigua de la comunidad Puerto Bertoni: Don Julio Pereira y Do\u00f1a Lorenza Samaniego.<\/p>\n<p style=\"text-align: justify;\">Se distribuyen v\u00edveres y \u00fatiles escolares en el asentamiento, as\u00ed como en otras comunidades ind\u00edgenas pr\u00f3ximas a la ciudad de Presidente Franco.<\/p>\n<p style=\"text-align: justify;\">Al retirarse de la \u00faltima comunidad, uno de los misioneros sufre una fractura en uno de los dedos del pie derecho durante una maniobra del microb\u00fas que transportaba al grupo. R\u00e1pidamente es auxiliado y se est\u00e1 recuperando en el local de hospedaje, en Ciudad del Este.<strong>\u00a0<\/strong><\/p>\n<p>[fusion_builder_container hundred_percent=\u00bbyes\u00bb overflow=\u00bbvisible\u00bb][fusion_builder_row][fusion_builder_column type=\u00bb1_1&#8243; background_position=\u00bbleft top\u00bb background_color=\u00bb\u00bb border_size=\u00bb\u00bb border_color=\u00bb\u00bb border_style=\u00bbsolid\u00bb spacing=\u00bbyes\u00bb background_image=\u00bb\u00bb background_repeat=\u00bbno-repeat\u00bb padding=\u00bb\u00bb margin_top=\u00bb0px\u00bb margin_bottom=\u00bb0px\u00bb class=\u00bb\u00bb id=\u00bb\u00bb animation_type=\u00bb\u00bb animation_speed=\u00bb0.3&#8243; animation_direction=\u00bbleft\u00bb hide_on_mobile=\u00bbno\u00bb center_content=\u00bbno\u00bb min_height=\u00bbnone\u00bb]<div id='gallery-1' class='gallery galleryid-131522 gallery-columns-2 gallery-size-medium'><figure class='gallery-item'>\n\t\t\t<div class='gallery-icon landscape'>\n\t\t\t\t<a href='https:\/\/www.missoeshumanitarias.org\/wp-content\/uploads\/2021\/08\/comunidades_indigenas_missao_paraguai_casa_restauro2_dia01_7.jpg'><img fetchpriority=\"high\" decoding=\"async\" width=\"300\" height=\"169\" src=\"https:\/\/www.missoeshumanitarias.org\/wp-content\/uploads\/2021\/08\/comunidades_indigenas_missao_paraguai_casa_restauro2_dia01_7-300x169.jpg\" class=\"attachment-medium size-medium\" alt=\"\" srcset=\"https:\/\/www.missoeshumanitarias.org\/wp-content\/uploads\/2021\/08\/comunidades_indigenas_missao_paraguai_casa_restauro2_dia01_7-300x169.jpg 300w, https:\/\/www.missoeshumanitarias.org\/wp-content\/uploads\/2021\/08\/comunidades_indigenas_missao_paraguai_casa_restauro2_dia01_7.jpg 690w\" sizes=\"(max-width: 300px) 100vw, 300px\" \/><\/a>\n\t\t\t<\/div><\/figure><figure class='gallery-item'>\n\t\t\t<div class='gallery-icon landscape'>\n\t\t\t\t<a href='https:\/\/www.missoeshumanitarias.org\/wp-content\/uploads\/2021\/08\/comunidades_indigenas_missao_paraguai_casal_dia01a.jpg'><img decoding=\"async\" width=\"300\" height=\"169\" src=\"https:\/\/www.missoeshumanitarias.org\/wp-content\/uploads\/2021\/08\/comunidades_indigenas_missao_paraguai_casal_dia01a-300x169.jpg\" class=\"attachment-medium size-medium\" alt=\"\" srcset=\"https:\/\/www.missoeshumanitarias.org\/wp-content\/uploads\/2021\/08\/comunidades_indigenas_missao_paraguai_casal_dia01a-300x169.jpg 300w, https:\/\/www.missoeshumanitarias.org\/wp-content\/uploads\/2021\/08\/comunidades_indigenas_missao_paraguai_casal_dia01a.jpg 690w\" sizes=\"(max-width: 300px) 100vw, 300px\" \/><\/a>\n\t\t\t<\/div><\/figure>\n\t\t<\/div>\n[\/fusion_builder_column][\/fusion_builder_row][\/fusion_builder_container]<\/p>\n","protected":false},"excerpt":{"rendered":"<p>Diario de la Misi\u00f3n Paraguay \u2013 1 de julio El grupo dedica la ma\u00f1ana para reformar la casita adonde vive la pareja m\u00e1s antigua de la comunidad Puerto Bertoni: Don Julio Pereira y Do\u00f1a Lorenza Samaniego. Se distribuyen v\u00edveres y \u00fatiles escolares en el asentamiento, as\u00ed como en otras comunidades ind\u00edgenas pr\u00f3ximas a la ciudad [&hellip;]<\/p>\n","protected":false},"author":1,"featured_media":120512,"comment_status":"open","ping_status":"open","sticky":false,"template":"","format":"standard","meta":{"footnotes":""},"categories":[43,131],"tags":[],"class_list":["post-131522","post","type-post","status-publish","format-standard","has-post-thumbnail","hentry","category-noticias-es","category-noticias-de-las-misiones"],"featured_image_src":"https:\/\/www.missoeshumanitarias.org\/wp-content\/uploads\/2021\/08\/comunidades_indigenas_missao_paraguai_casa_restauro1_dia01_7.jpg","author_info":{"display_name":"maducato_admin","author_link":"https:\/\/www.missoeshumanitarias.org\/es\/author\/maducato_admin\/"},"yoast_head":"<!-- This site is optimized with the Yoast SEO Premium plugin v22.5 (Yoast SEO v22.5) - https:\/\/yoast.com\/wordpress\/plugins\/seo\/ -->\n<title>Diario de la Misi\u00f3n Paraguay \u2013 1 de julio - Fraternidade Miss\u00f5es Humanit\u00e1rias Internacionais<\/title>\n<meta name=\"robots\" content=\"index, follow, max-snippet:-1, max-image-preview:large, max-video-preview:-1\" \/>\n<link rel=\"canonical\" href=\"https:\/\/www.missoeshumanitarias.org\/es\/diario-de-la-mision-paraguay-1-de-julio\/\" \/>\n<meta property=\"og:locale\" content=\"es_ES\" \/>\n<meta property=\"og:type\" content=\"article\" \/>\n<meta property=\"og:title\" content=\"Diario de la Misi\u00f3n Paraguay \u2013 1 de julio\" \/>\n<meta property=\"og:description\" content=\"Diario de la Misi\u00f3n Paraguay \u2013 1 de julio El grupo dedica la ma\u00f1ana para reformar la casita adonde vive la pareja m\u00e1s antigua de la comunidad Puerto Bertoni: Don Julio Pereira y Do\u00f1a Lorenza Samaniego. Se distribuyen v\u00edveres y \u00fatiles escolares en el asentamiento, as\u00ed como en otras comunidades ind\u00edgenas pr\u00f3ximas a la ciudad [&hellip;]\" \/>\n<meta property=\"og:url\" content=\"https:\/\/www.missoeshumanitarias.org\/es\/diario-de-la-mision-paraguay-1-de-julio\/\" \/>\n<meta property=\"og:site_name\" content=\"Fraternidade Miss\u00f5es Humanit\u00e1rias Internacionais\" \/>\n<meta property=\"article:published_time\" content=\"2016-07-03T00:40:37+00:00\" \/>\n<meta property=\"og:image\" content=\"https:\/\/www.missoeshumanitarias.org\/wp-content\/uploads\/2021\/08\/comunidades_indigenas_missao_paraguai_casa_restauro1_dia01_7.jpg\" \/>\n\t<meta property=\"og:image:width\" content=\"690\" \/>\n\t<meta property=\"og:image:height\" content=\"388\" \/>\n\t<meta property=\"og:image:type\" content=\"image\/jpeg\" \/>\n<meta name=\"author\" content=\"maducato_admin\" \/>\n<meta name=\"twitter:card\" content=\"summary_large_image\" \/>\n<meta name=\"twitter:label1\" content=\"Escrito por\" \/>\n\t<meta name=\"twitter:data1\" content=\"maducato_admin\" \/>\n\t<meta name=\"twitter:label2\" content=\"Tiempo de lectura\" \/>\n\t<meta name=\"twitter:data2\" content=\"1 minuto\" \/>\n<script type=\"application\/ld+json\" class=\"yoast-schema-graph\">{\"@context\":\"https:\/\/schema.org\",\"@graph\":[{\"@type\":\"Article\",\"@id\":\"https:\/\/www.missoeshumanitarias.org\/es\/diario-de-la-mision-paraguay-1-de-julio\/#article\",\"isPartOf\":{\"@id\":\"https:\/\/www.missoeshumanitarias.org\/es\/diario-de-la-mision-paraguay-1-de-julio\/\"},\"author\":{\"name\":\"maducato_admin\",\"@id\":\"https:\/\/www.missoeshumanitarias.org\/es\/#\/schema\/person\/e0f8527323154d1eba9f9d9eb6b401f7\"},\"headline\":\"Diario de la Misi\u00f3n Paraguay \u2013 1 de julio\",\"datePublished\":\"2016-07-03T00:40:37+00:00\",\"dateModified\":\"2016-07-03T00:40:37+00:00\",\"mainEntityOfPage\":{\"@id\":\"https:\/\/www.missoeshumanitarias.org\/es\/diario-de-la-mision-paraguay-1-de-julio\/\"},\"wordCount\":198,\"commentCount\":0,\"publisher\":{\"@id\":\"https:\/\/www.missoeshumanitarias.org\/es\/#organization\"},\"image\":{\"@id\":\"https:\/\/www.missoeshumanitarias.org\/es\/diario-de-la-mision-paraguay-1-de-julio\/#primaryimage\"},\"thumbnailUrl\":\"https:\/\/www.missoeshumanitarias.org\/wp-content\/uploads\/2021\/08\/comunidades_indigenas_missao_paraguai_casa_restauro1_dia01_7.jpg\",\"articleSection\":[\"Noticias\",\"Noticias de las Misiones\"],\"inLanguage\":\"es\",\"potentialAction\":[{\"@type\":\"CommentAction\",\"name\":\"Comment\",\"target\":[\"https:\/\/www.missoeshumanitarias.org\/es\/diario-de-la-mision-paraguay-1-de-julio\/#respond\"]}]},{\"@type\":\"WebPage\",\"@id\":\"https:\/\/www.missoeshumanitarias.org\/es\/diario-de-la-mision-paraguay-1-de-julio\/\",\"url\":\"https:\/\/www.missoeshumanitarias.org\/es\/diario-de-la-mision-paraguay-1-de-julio\/\",\"name\":\"Diario de la Misi\u00f3n Paraguay \u2013 1 de julio - Fraternidade Miss\u00f5es Humanit\u00e1rias Internacionais\",\"isPartOf\":{\"@id\":\"https:\/\/www.missoeshumanitarias.org\/es\/#website\"},\"primaryImageOfPage\":{\"@id\":\"https:\/\/www.missoeshumanitarias.org\/es\/diario-de-la-mision-paraguay-1-de-julio\/#primaryimage\"},\"image\":{\"@id\":\"https:\/\/www.missoeshumanitarias.org\/es\/diario-de-la-mision-paraguay-1-de-julio\/#primaryimage\"},\"thumbnailUrl\":\"https:\/\/www.missoeshumanitarias.org\/wp-content\/uploads\/2021\/08\/comunidades_indigenas_missao_paraguai_casa_restauro1_dia01_7.jpg\",\"datePublished\":\"2016-07-03T00:40:37+00:00\",\"dateModified\":\"2016-07-03T00:40:37+00:00\",\"breadcrumb\":{\"@id\":\"https:\/\/www.missoeshumanitarias.org\/es\/diario-de-la-mision-paraguay-1-de-julio\/#breadcrumb\"},\"inLanguage\":\"es\",\"potentialAction\":[{\"@type\":\"ReadAction\",\"target\":[\"https:\/\/www.missoeshumanitarias.org\/es\/diario-de-la-mision-paraguay-1-de-julio\/\"]}]},{\"@type\":\"ImageObject\",\"inLanguage\":\"es\",\"@id\":\"https:\/\/www.missoeshumanitarias.org\/es\/diario-de-la-mision-paraguay-1-de-julio\/#primaryimage\",\"url\":\"https:\/\/www.missoeshumanitarias.org\/wp-content\/uploads\/2021\/08\/comunidades_indigenas_missao_paraguai_casa_restauro1_dia01_7.jpg\",\"contentUrl\":\"https:\/\/www.missoeshumanitarias.org\/wp-content\/uploads\/2021\/08\/comunidades_indigenas_missao_paraguai_casa_restauro1_dia01_7.jpg\",\"width\":690,\"height\":388},{\"@type\":\"BreadcrumbList\",\"@id\":\"https:\/\/www.missoeshumanitarias.org\/es\/diario-de-la-mision-paraguay-1-de-julio\/#breadcrumb\",\"itemListElement\":[{\"@type\":\"ListItem\",\"position\":1,\"name\":\"Home\",\"item\":\"https:\/\/www.missoeshumanitarias.org\/en\/\"},{\"@type\":\"ListItem\",\"position\":2,\"name\":\"Diario de la Misi\u00f3n Paraguay \u2013 1 de julio\"}]},{\"@type\":\"WebSite\",\"@id\":\"https:\/\/www.missoeshumanitarias.org\/es\/#website\",\"url\":\"https:\/\/www.missoeshumanitarias.org\/es\/\",\"name\":\"Fraternidade Miss\u00f5es Humanit\u00e1rias Internacionais\",\"description\":\"Respostas Humanit\u00e1rias e Emerg\u00eancias\",\"publisher\":{\"@id\":\"https:\/\/www.missoeshumanitarias.org\/es\/#organization\"},\"potentialAction\":[{\"@type\":\"SearchAction\",\"target\":{\"@type\":\"EntryPoint\",\"urlTemplate\":\"https:\/\/www.missoeshumanitarias.org\/es\/?s={search_term_string}\"},\"query-input\":\"required name=search_term_string\"}],\"inLanguage\":\"es\"},{\"@type\":\"Organization\",\"@id\":\"https:\/\/www.missoeshumanitarias.org\/es\/#organization\",\"name\":\"Fraternidade - Miss\u00f5es Humanit\u00e1rias Internacionais\",\"url\":\"https:\/\/www.missoeshumanitarias.org\/es\/\",\"logo\":{\"@type\":\"ImageObject\",\"inLanguage\":\"es\",\"@id\":\"https:\/\/www.missoeshumanitarias.org\/es\/#\/schema\/logo\/image\/\",\"url\":\"https:\/\/www.missoeshumanitarias.org\/wp-content\/uploads\/2020\/05\/logo-FMHI-mg.png\",\"contentUrl\":\"https:\/\/www.missoeshumanitarias.org\/wp-content\/uploads\/2020\/05\/logo-FMHI-mg.png\",\"width\":520,\"height\":134,\"caption\":\"Fraternidade - Miss\u00f5es Humanit\u00e1rias Internacionais\"},\"image\":{\"@id\":\"https:\/\/www.missoeshumanitarias.org\/es\/#\/schema\/logo\/image\/\"}},{\"@type\":\"Person\",\"@id\":\"https:\/\/www.missoeshumanitarias.org\/es\/#\/schema\/person\/e0f8527323154d1eba9f9d9eb6b401f7\",\"name\":\"maducato_admin\",\"image\":{\"@type\":\"ImageObject\",\"inLanguage\":\"es\",\"@id\":\"https:\/\/www.missoeshumanitarias.org\/es\/#\/schema\/person\/image\/\",\"url\":\"https:\/\/secure.gravatar.com\/avatar\/6c3b45186a8f5a459d8e14c7fca370bceae92402bc06171d75e4e559b6c24393?s=96&d=mm&r=g\",\"contentUrl\":\"https:\/\/secure.gravatar.com\/avatar\/6c3b45186a8f5a459d8e14c7fca370bceae92402bc06171d75e4e559b6c24393?s=96&d=mm&r=g\",\"caption\":\"maducato_admin\"}}]}<\/script>\n<!-- \/ Yoast SEO Premium plugin. -->","yoast_head_json":{"title":"Diario de la Misi\u00f3n Paraguay \u2013 1 de julio - Fraternidade Miss\u00f5es Humanit\u00e1rias Internacionais","robots":{"index":"index","follow":"follow","max-snippet":"max-snippet:-1","max-image-preview":"max-image-preview:large","max-video-preview":"max-video-preview:-1"},"canonical":"https:\/\/www.missoeshumanitarias.org\/es\/diario-de-la-mision-paraguay-1-de-julio\/","og_locale":"es_ES","og_type":"article","og_title":"Diario de la Misi\u00f3n Paraguay \u2013 1 de julio","og_description":"Diario de la Misi\u00f3n Paraguay \u2013 1 de julio El grupo dedica la ma\u00f1ana para reformar la casita adonde vive la pareja m\u00e1s antigua de la comunidad Puerto Bertoni: Don Julio Pereira y Do\u00f1a Lorenza Samaniego. Se distribuyen v\u00edveres y \u00fatiles escolares en el asentamiento, as\u00ed como en otras comunidades ind\u00edgenas pr\u00f3ximas a la ciudad [&hellip;]","og_url":"https:\/\/www.missoeshumanitarias.org\/es\/diario-de-la-mision-paraguay-1-de-julio\/","og_site_name":"Fraternidade Miss\u00f5es Humanit\u00e1rias Internacionais","article_published_time":"2016-07-03T00:40:37+00:00","og_image":[{"width":690,"height":388,"url":"https:\/\/www.missoeshumanitarias.org\/wp-content\/uploads\/2021\/08\/comunidades_indigenas_missao_paraguai_casa_restauro1_dia01_7.jpg","type":"image\/jpeg"}],"author":"maducato_admin","twitter_card":"summary_large_image","twitter_misc":{"Escrito por":"maducato_admin","Tiempo de lectura":"1 minuto"},"schema":{"@context":"https:\/\/schema.org","@graph":[{"@type":"Article","@id":"https:\/\/www.missoeshumanitarias.org\/es\/diario-de-la-mision-paraguay-1-de-julio\/#article","isPartOf":{"@id":"https:\/\/www.missoeshumanitarias.org\/es\/diario-de-la-mision-paraguay-1-de-julio\/"},"author":{"name":"maducato_admin","@id":"https:\/\/www.missoeshumanitarias.org\/es\/#\/schema\/person\/e0f8527323154d1eba9f9d9eb6b401f7"},"headline":"Diario de la Misi\u00f3n Paraguay \u2013 1 de julio","datePublished":"2016-07-03T00:40:37+00:00","dateModified":"2016-07-03T00:40:37+00:00","mainEntityOfPage":{"@id":"https:\/\/www.missoeshumanitarias.org\/es\/diario-de-la-mision-paraguay-1-de-julio\/"},"wordCount":198,"commentCount":0,"publisher":{"@id":"https:\/\/www.missoeshumanitarias.org\/es\/#organization"},"image":{"@id":"https:\/\/www.missoeshumanitarias.org\/es\/diario-de-la-mision-paraguay-1-de-julio\/#primaryimage"},"thumbnailUrl":"https:\/\/www.missoeshumanitarias.org\/wp-content\/uploads\/2021\/08\/comunidades_indigenas_missao_paraguai_casa_restauro1_dia01_7.jpg","articleSection":["Noticias","Noticias de las Misiones"],"inLanguage":"es","potentialAction":[{"@type":"CommentAction","name":"Comment","target":["https:\/\/www.missoeshumanitarias.org\/es\/diario-de-la-mision-paraguay-1-de-julio\/#respond"]}]},{"@type":"WebPage","@id":"https:\/\/www.missoeshumanitarias.org\/es\/diario-de-la-mision-paraguay-1-de-julio\/","url":"https:\/\/www.missoeshumanitarias.org\/es\/diario-de-la-mision-paraguay-1-de-julio\/","name":"Diario de la Misi\u00f3n Paraguay \u2013 1 de julio - Fraternidade Miss\u00f5es Humanit\u00e1rias Internacionais","isPartOf":{"@id":"https:\/\/www.missoeshumanitarias.org\/es\/#website"},"primaryImageOfPage":{"@id":"https:\/\/www.missoeshumanitarias.org\/es\/diario-de-la-mision-paraguay-1-de-julio\/#primaryimage"},"image":{"@id":"https:\/\/www.missoeshumanitarias.org\/es\/diario-de-la-mision-paraguay-1-de-julio\/#primaryimage"},"thumbnailUrl":"https:\/\/www.missoeshumanitarias.org\/wp-content\/uploads\/2021\/08\/comunidades_indigenas_missao_paraguai_casa_restauro1_dia01_7.jpg","datePublished":"2016-07-03T00:40:37+00:00","dateModified":"2016-07-03T00:40:37+00:00","breadcrumb":{"@id":"https:\/\/www.missoeshumanitarias.org\/es\/diario-de-la-mision-paraguay-1-de-julio\/#breadcrumb"},"inLanguage":"es","potentialAction":[{"@type":"ReadAction","target":["https:\/\/www.missoeshumanitarias.org\/es\/diario-de-la-mision-paraguay-1-de-julio\/"]}]},{"@type":"ImageObject","inLanguage":"es","@id":"https:\/\/www.missoeshumanitarias.org\/es\/diario-de-la-mision-paraguay-1-de-julio\/#primaryimage","url":"https:\/\/www.missoeshumanitarias.org\/wp-content\/uploads\/2021\/08\/comunidades_indigenas_missao_paraguai_casa_restauro1_dia01_7.jpg","contentUrl":"https:\/\/www.missoeshumanitarias.org\/wp-content\/uploads\/2021\/08\/comunidades_indigenas_missao_paraguai_casa_restauro1_dia01_7.jpg","width":690,"height":388},{"@type":"BreadcrumbList","@id":"https:\/\/www.missoeshumanitarias.org\/es\/diario-de-la-mision-paraguay-1-de-julio\/#breadcrumb","itemListElement":[{"@type":"ListItem","position":1,"name":"Home","item":"https:\/\/www.missoeshumanitarias.org\/en\/"},{"@type":"ListItem","position":2,"name":"Diario de la Misi\u00f3n Paraguay \u2013 1 de julio"}]},{"@type":"WebSite","@id":"https:\/\/www.missoeshumanitarias.org\/es\/#website","url":"https:\/\/www.missoeshumanitarias.org\/es\/","name":"Fraternidade Miss\u00f5es Humanit\u00e1rias Internacionais","description":"Respostas Humanit\u00e1rias e Emerg\u00eancias","publisher":{"@id":"https:\/\/www.missoeshumanitarias.org\/es\/#organization"},"potentialAction":[{"@type":"SearchAction","target":{"@type":"EntryPoint","urlTemplate":"https:\/\/www.missoeshumanitarias.org\/es\/?s={search_term_string}"},"query-input":"required name=search_term_string"}],"inLanguage":"es"},{"@type":"Organization","@id":"https:\/\/www.missoeshumanitarias.org\/es\/#organization","name":"Fraternidade - Miss\u00f5es Humanit\u00e1rias Internacionais","url":"https:\/\/www.missoeshumanitarias.org\/es\/","logo":{"@type":"ImageObject","inLanguage":"es","@id":"https:\/\/www.missoeshumanitarias.org\/es\/#\/schema\/logo\/image\/","url":"https:\/\/www.missoeshumanitarias.org\/wp-content\/uploads\/2020\/05\/logo-FMHI-mg.png","contentUrl":"https:\/\/www.missoeshumanitarias.org\/wp-content\/uploads\/2020\/05\/logo-FMHI-mg.png","width":520,"height":134,"caption":"Fraternidade - Miss\u00f5es Humanit\u00e1rias Internacionais"},"image":{"@id":"https:\/\/www.missoeshumanitarias.org\/es\/#\/schema\/logo\/image\/"}},{"@type":"Person","@id":"https:\/\/www.missoeshumanitarias.org\/es\/#\/schema\/person\/e0f8527323154d1eba9f9d9eb6b401f7","name":"maducato_admin","image":{"@type":"ImageObject","inLanguage":"es","@id":"https:\/\/www.missoeshumanitarias.org\/es\/#\/schema\/person\/image\/","url":"https:\/\/secure.gravatar.com\/avatar\/6c3b45186a8f5a459d8e14c7fca370bceae92402bc06171d75e4e559b6c24393?s=96&d=mm&r=g","contentUrl":"https:\/\/secure.gravatar.com\/avatar\/6c3b45186a8f5a459d8e14c7fca370bceae92402bc06171d75e4e559b6c24393?s=96&d=mm&r=g","caption":"maducato_admin"}}]}},"_links":{"self":[{"href":"https:\/\/www.missoeshumanitarias.org\/es\/wp-json\/wp\/v2\/posts\/131522","targetHints":{"allow":["GET"]}}],"collection":[{"href":"https:\/\/www.missoeshumanitarias.org\/es\/wp-json\/wp\/v2\/posts"}],"about":[{"href":"https:\/\/www.missoeshumanitarias.org\/es\/wp-json\/wp\/v2\/types\/post"}],"author":[{"embeddable":true,"href":"https:\/\/www.missoeshumanitarias.org\/es\/wp-json\/wp\/v2\/users\/1"}],"replies":[{"embeddable":true,"href":"https:\/\/www.missoeshumanitarias.org\/es\/wp-json\/wp\/v2\/comments?post=131522"}],"version-history":[{"count":0,"href":"https:\/\/www.missoeshumanitarias.org\/es\/wp-json\/wp\/v2\/posts\/131522\/revisions"}],"wp:featuredmedia":[{"embeddable":true,"href":"https:\/\/www.missoeshumanitarias.org\/es\/wp-json\/wp\/v2\/media\/120512"}],"wp:attachment":[{"href":"https:\/\/www.missoeshumanitarias.org\/es\/wp-json\/wp\/v2\/media?parent=131522"}],"wp:term":[{"taxonomy":"category","embeddable":true,"href":"https:\/\/www.missoeshumanitarias.org\/es\/wp-json\/wp\/v2\/categories?post=131522"},{"taxonomy":"post_tag","embeddable":true,"href":"https:\/\/www.missoeshumanitarias.org\/es\/wp-json\/wp\/v2\/tags?post=131522"}],"curies":[{"name":"wp","href":"https:\/\/api.w.org\/{rel}","templated":true}]}}