{"id":131545,"date":"2016-11-17T17:55:39","date_gmt":"2016-11-17T19:55:39","guid":{"rendered":"https:\/\/www.missoeshumanitarias.org\/segundo-grupo-de-misioneros-llega-a-roraima-para-auxiliar-a-los-refugiados-de-venezuela\/"},"modified":"2016-11-17T17:55:39","modified_gmt":"2016-11-17T19:55:39","slug":"segundo-grupo-de-misioneros-llega-a-roraima-para-auxiliar-a-los-refugiados-de-venezuela","status":"publish","type":"post","link":"https:\/\/www.missoeshumanitarias.org\/es\/segundo-grupo-de-misioneros-llega-a-roraima-para-auxiliar-a-los-refugiados-de-venezuela\/","title":{"rendered":"Segundo grupo de misioneros llega a Roraima para auxiliar a los refugiados de Venezuela"},"content":{"rendered":"<figure id=\"attachment_36098\" aria-describedby=\"caption-attachment-36098\" style=\"width: 169px\" class=\"wp-caption alignright\"><a href=\"http:\/\/www.fraterinternacional.org\/wp-content\/uploads\/2016\/11\/refugiados_da_venezuela_missao_roraima_partida_segundo_grupo_05.jpg\"><img fetchpriority=\"high\" decoding=\"async\" class=\"wp-image-36098 size-medium\" src=\"https:\/\/www.missoeshumanitarias.org\/wp-content\/uploads\/2021\/08\/refugiados_da_venezuela_missao_roraima_partida_segundo_grupo_05-169x300-1.jpg\" alt=\"refugiados_da_venezuela_missao_roraima_partida_segundo_grupo_05\" width=\"169\" height=\"300\" \/><\/a><figcaption id=\"caption-attachment-36098\" class=\"wp-caption-text\">Embalando donaciones<\/figcaption><\/figure>\n<p style=\"text-align: justify;\">La Misi\u00f3n Roraima Humanitaria emprendida por la <strong>Fraternidade Federaci\u00f3n Humanitaria Internacional,<\/strong> en auxilio a los refugiados de Venezuela en el Brasil, recibir\u00e1 un nuevo impulso: un segundo grupo de <a href=\"http:\/\/www.fraterinternacional.org\/es\/misiones-humanitarias\/\">misioneros<\/a> llega hoy, 17 de noviembre, a Boa Vista, capital del estado brasile\u00f1o de Roraima, para tomar la posta y continuar con la tarea que inici\u00f3 el primer grupo, el pasado 3 de noviembre.<\/p>\n<p style=\"text-align: justify;\">El nuevo contingente parti\u00f3 anoche de la sede de la Fraternidade, en Carmo da Cachoeira, Minas Gerais, Brasil. Est\u00e1 conformado por 18 misioneros, de los cuales, cuatro son monjas de la <a href=\"http:\/\/www.fraterinternacional.org\/es\/orden-gracia-misericordia\/\">Orden Gracia Misericordia<\/a>, del monasterio\u00a0de las Hijas de la Caridad Cr\u00edstica. Los integrantes del primer grupo retornan hoy a sus lugares de origen.<\/p>\n<p style=\"text-align: justify;\"><strong>Llamado interno<br \/>\n<\/strong>\u201cPara m\u00ed es un honor ser parte de esta misi\u00f3n y tener la oportunidad de servir a Dios\u201d, coment\u00f3 antes de salir, Nancy Rodr\u00edguez, voluntaria de Caracas, Venezuela. Ella, adem\u00e1s de formar parte del grupo misionero, es la primera venezolana que se quedar\u00e1 a vivir y a servir en el <a href=\"http:\/\/www.fraterinternacional.org\/es\/nucleos-luz\/\">N\u00facleo-Luz<\/a> de Figueira en Roraima.<\/p>\n<figure id=\"attachment_36116\" aria-describedby=\"caption-attachment-36116\" style=\"width: 300px\" class=\"wp-caption alignright\"><a href=\"http:\/\/www.fraterinternacional.org\/wp-content\/uploads\/2016\/11\/refugiados_venezuela_missao_roraima_segundo_grupo_aeroporto1-1.jpg\"><img decoding=\"async\" class=\"wp-image-36116 size-medium\" src=\"https:\/\/www.missoeshumanitarias.org\/wp-content\/uploads\/2021\/08\/refugiados_venezuela_missao_roraima_segundo_grupo_aeroporto1-1-300x169-1.jpg\" alt=\"refugiados_venezuela_missao_roraima_segundo_grupo_aeroporto1\" width=\"300\" height=\"169\" \/><\/a><figcaption id=\"caption-attachment-36116\" class=\"wp-caption-text\">Llegada al aeropuerto de Congonhas<\/figcaption><\/figure>\n<p style=\"text-align: justify;\">\u201cNunca me hab\u00eda ofrecido para una tarea as\u00ed, sent\u00ed un llamado interno, tom\u00e9 contacto con la Federaci\u00f3n, me dijeron que pod\u00eda venir y aqu\u00ed estoy, abierta para servir en lo que sea necesario\u201d, coment\u00f3 por su parte Daniela Boaventura de Moraes, m\u00e9dica y coordinadora del Grupo <a href=\"http:\/\/www.fraterinternacional.org\/es\/red-luz\/\">Red-Luz<\/a> de Belo Horizonte.<\/p>\n<p style=\"text-align: justify;\">Para Viviana Walsh, de Buenos Aires, Argentina, se trata de su primera misi\u00f3n humanitaria. \u201cSiento mucha alegr\u00eda y mucha gratitud de poder estar, trato de no tener expectativas para poder hacer el servicio real\u201d, comparti\u00f3.<\/p>\n<figure id=\"attachment_36111\" aria-describedby=\"caption-attachment-36111\" style=\"width: 300px\" class=\"wp-caption alignleft\"><a href=\"http:\/\/www.fraterinternacional.org\/wp-content\/uploads\/2016\/11\/refugiados_da_venezuela_missao_roraima_partida_segundo_grupo_03.jpg\"><img decoding=\"async\" class=\"wp-image-36111 size-medium\" src=\"https:\/\/www.missoeshumanitarias.org\/wp-content\/uploads\/2021\/08\/refugiados_da_venezuela_missao_roraima_partida_segundo_grupo_03-300x169-1.jpg\" alt=\"refugiados_da_venezuela_missao_roraima_partida_segundo_grupo_03\" width=\"300\" height=\"169\" \/><\/a><figcaption id=\"caption-attachment-36111\" class=\"wp-caption-text\">Alimentos para los refugiados<\/figcaption><\/figure>\n<p style=\"text-align: justify;\">Otra profesional de la salud, la odont\u00f3loga Satva, dijo que va abierta para atender cualquier necesidad que se presente con los refugiados, sea en el campo de la odontolog\u00eda o en otro. Ella ya particip\u00f3 de dos misiones anteriores, ambas con Comunidades de los pueblos originarios: estuvo en la Misi\u00f3n Chaco (Argentina), y en la Misi\u00f3n Paraguay. \u201cVamos con la intenci\u00f3n de llevar ayuda, principalmente alivio del sufrimiento, del dolor de estos hermanos de Venezuela que llegan en condiciones bastante precarias\u201d, apunt\u00f3.<\/p>\n<p style=\"text-align: justify;\"><strong>Pedido de la Virgen<\/strong><\/p>\n<figure id=\"attachment_35496\" aria-describedby=\"caption-attachment-35496\" style=\"width: 300px\" class=\"wp-caption alignright\"><a href=\"http:\/\/www.fraterinternacional.org\/wp-content\/uploads\/2016\/11\/refugiados_venezuela_missao_roraima_refugiados2_pacaraima_8_11.jpg\"><img loading=\"lazy\" decoding=\"async\" class=\"wp-image-35496 size-medium\" src=\"https:\/\/www.missoeshumanitarias.org\/wp-content\/uploads\/2021\/08\/refugiados_venezuela_missao_roraima_refugiados2_pacaraima_8_11-300x169-1.jpg\" alt=\"Refugiada preparando comida\" width=\"300\" height=\"169\" \/><\/a><figcaption id=\"caption-attachment-35496\" class=\"wp-caption-text\">Refugiada preparando comida<\/figcaption><\/figure>\n<p style=\"text-align: justify;\">La Misi\u00f3n Roraima Humanitaria fue solicitada por la Virgen Mar\u00eda, en un mensaje transmitido el pasado <a href=\"http:\/\/www.divinamadre.org\/es\/mensaje-de-maria\/lunes-24-de-octubre-de-2016\" target=\"_blank\">24 de octubre<\/a>, a trav\u00e9s del Fray El\u00edas del Sagrado Coraz\u00f3n, monje vidente de la Orden Gracia Misericordia. En principio se extender\u00e1 durante todo el mes de noviembre. Se desarrolla en el extremo norte del Brasil, en Boa Vista y en Pacaraima, ciudad fronteriza con Venezuela y puerta de entrada al Brasil de los refugiados venezolanos.<\/p>\n<p style=\"text-align: justify;\">Junto con los misioneros de la Fraternidade participan voluntarios de los grupos Red-Luz de Boa Vista y del Nordeste del Brasil.<\/p>\n<p style=\"text-align: justify;\">Transcurre al mismo tiempo que otra misi\u00f3n coordinada por la Fraternidade: la emprendida por los <a href=\"http:\/\/www.fraterinternacional.org\/es\/mensajeros-divinos\/\">Mensajeros Divinos<\/a> en Centroam\u00e9rica y M\u00e9xico.<\/p>\n<p style=\"text-align: justify;\">Para colaborar con la Misi\u00f3n Roraima haga clic <a href=\"http:\/\/www.fraterinternacional.org\/es\/campanhas-ffhi\/mision-roraima-humanitaria\/?portfolioCats=185\">aqu\u00ed<\/a> y con la Misi\u00f3n por Centroam\u00e9rica y M\u00e9xico, vea <a href=\"http:\/\/www.fraterinternacional.org\/es\/campanhas-ffhi\/campana-por-la-paz\/\">aqu\u00ed<\/a>.<\/p>\n","protected":false},"excerpt":{"rendered":"<p>La Misi\u00f3n Roraima Humanitaria emprendida por la Fraternidade Federaci\u00f3n Humanitaria Internacional, en auxilio a los refugiados de Venezuela en el Brasil, recibir\u00e1 un nuevo impulso: un segundo grupo de misioneros llega hoy, 17 de noviembre, a Boa Vista, capital del estado brasile\u00f1o de Roraima, para tomar la posta y continuar con la tarea que inici\u00f3 [&hellip;]<\/p>\n","protected":false},"author":1,"featured_media":120940,"comment_status":"open","ping_status":"open","sticky":false,"template":"","format":"standard","meta":{"footnotes":""},"categories":[43,131,139],"tags":[],"class_list":["post-131545","post","type-post","status-publish","format-standard","has-post-thumbnail","hentry","category-noticias-es","category-noticias-de-las-misiones","category-red-luz"],"featured_image_src":"https:\/\/www.missoeshumanitarias.org\/wp-content\/uploads\/2021\/08\/refugiados_da_venezuela_missao_roraima_partida_segundo_grupo_01.jpg","author_info":{"display_name":"maducato_admin","author_link":"https:\/\/www.missoeshumanitarias.org\/es\/author\/maducato_admin\/"},"yoast_head":"<!-- This site is optimized with the Yoast SEO Premium plugin v22.5 (Yoast SEO v22.5) - https:\/\/yoast.com\/wordpress\/plugins\/seo\/ -->\n<title>Segundo grupo de misioneros llega a Roraima para auxiliar a los refugiados de Venezuela - Fraternidade Miss\u00f5es Humanit\u00e1rias Internacionais<\/title>\n<meta name=\"robots\" content=\"index, follow, max-snippet:-1, max-image-preview:large, max-video-preview:-1\" \/>\n<link rel=\"canonical\" href=\"https:\/\/www.missoeshumanitarias.org\/es\/segundo-grupo-de-misioneros-llega-a-roraima-para-auxiliar-a-los-refugiados-de-venezuela\/\" \/>\n<meta property=\"og:locale\" content=\"es_ES\" \/>\n<meta property=\"og:type\" content=\"article\" \/>\n<meta property=\"og:title\" content=\"Segundo grupo de misioneros llega a Roraima para auxiliar a los refugiados de Venezuela\" \/>\n<meta property=\"og:description\" content=\"La Misi\u00f3n Roraima Humanitaria emprendida por la Fraternidade Federaci\u00f3n Humanitaria Internacional, en auxilio a los refugiados de Venezuela en el Brasil, recibir\u00e1 un nuevo impulso: un segundo grupo de misioneros llega hoy, 17 de noviembre, a Boa Vista, capital del estado brasile\u00f1o de Roraima, para tomar la posta y continuar con la tarea que inici\u00f3 [&hellip;]\" \/>\n<meta property=\"og:url\" content=\"https:\/\/www.missoeshumanitarias.org\/es\/segundo-grupo-de-misioneros-llega-a-roraima-para-auxiliar-a-los-refugiados-de-venezuela\/\" \/>\n<meta property=\"og:site_name\" content=\"Fraternidade Miss\u00f5es Humanit\u00e1rias Internacionais\" \/>\n<meta property=\"article:published_time\" content=\"2016-11-17T19:55:39+00:00\" \/>\n<meta property=\"og:image\" content=\"https:\/\/www.missoeshumanitarias.org\/wp-content\/uploads\/2021\/08\/refugiados_da_venezuela_missao_roraima_partida_segundo_grupo_01.jpg\" \/>\n\t<meta property=\"og:image:width\" content=\"690\" \/>\n\t<meta property=\"og:image:height\" content=\"388\" \/>\n\t<meta property=\"og:image:type\" content=\"image\/jpeg\" \/>\n<meta name=\"author\" content=\"maducato_admin\" \/>\n<meta name=\"twitter:card\" content=\"summary_large_image\" \/>\n<meta name=\"twitter:label1\" content=\"Escrito por\" \/>\n\t<meta name=\"twitter:data1\" content=\"maducato_admin\" \/>\n\t<meta name=\"twitter:label2\" content=\"Tiempo de lectura\" \/>\n\t<meta name=\"twitter:data2\" content=\"3 minutos\" \/>\n<script type=\"application\/ld+json\" class=\"yoast-schema-graph\">{\"@context\":\"https:\/\/schema.org\",\"@graph\":[{\"@type\":\"Article\",\"@id\":\"https:\/\/www.missoeshumanitarias.org\/es\/segundo-grupo-de-misioneros-llega-a-roraima-para-auxiliar-a-los-refugiados-de-venezuela\/#article\",\"isPartOf\":{\"@id\":\"https:\/\/www.missoeshumanitarias.org\/es\/segundo-grupo-de-misioneros-llega-a-roraima-para-auxiliar-a-los-refugiados-de-venezuela\/\"},\"author\":{\"name\":\"maducato_admin\",\"@id\":\"https:\/\/www.missoeshumanitarias.org\/es\/#\/schema\/person\/e0f8527323154d1eba9f9d9eb6b401f7\"},\"headline\":\"Segundo grupo de misioneros llega a Roraima para auxiliar a los refugiados de Venezuela\",\"datePublished\":\"2016-11-17T19:55:39+00:00\",\"dateModified\":\"2016-11-17T19:55:39+00:00\",\"mainEntityOfPage\":{\"@id\":\"https:\/\/www.missoeshumanitarias.org\/es\/segundo-grupo-de-misioneros-llega-a-roraima-para-auxiliar-a-los-refugiados-de-venezuela\/\"},\"wordCount\":562,\"commentCount\":0,\"publisher\":{\"@id\":\"https:\/\/www.missoeshumanitarias.org\/es\/#organization\"},\"image\":{\"@id\":\"https:\/\/www.missoeshumanitarias.org\/es\/segundo-grupo-de-misioneros-llega-a-roraima-para-auxiliar-a-los-refugiados-de-venezuela\/#primaryimage\"},\"thumbnailUrl\":\"https:\/\/www.missoeshumanitarias.org\/wp-content\/uploads\/2021\/08\/refugiados_da_venezuela_missao_roraima_partida_segundo_grupo_01.jpg\",\"articleSection\":[\"Noticias\",\"Noticias de las Misiones\",\"Red-Luz\"],\"inLanguage\":\"es\",\"potentialAction\":[{\"@type\":\"CommentAction\",\"name\":\"Comment\",\"target\":[\"https:\/\/www.missoeshumanitarias.org\/es\/segundo-grupo-de-misioneros-llega-a-roraima-para-auxiliar-a-los-refugiados-de-venezuela\/#respond\"]}]},{\"@type\":\"WebPage\",\"@id\":\"https:\/\/www.missoeshumanitarias.org\/es\/segundo-grupo-de-misioneros-llega-a-roraima-para-auxiliar-a-los-refugiados-de-venezuela\/\",\"url\":\"https:\/\/www.missoeshumanitarias.org\/es\/segundo-grupo-de-misioneros-llega-a-roraima-para-auxiliar-a-los-refugiados-de-venezuela\/\",\"name\":\"Segundo grupo de misioneros llega a Roraima para auxiliar a los refugiados de Venezuela - Fraternidade Miss\u00f5es Humanit\u00e1rias Internacionais\",\"isPartOf\":{\"@id\":\"https:\/\/www.missoeshumanitarias.org\/es\/#website\"},\"primaryImageOfPage\":{\"@id\":\"https:\/\/www.missoeshumanitarias.org\/es\/segundo-grupo-de-misioneros-llega-a-roraima-para-auxiliar-a-los-refugiados-de-venezuela\/#primaryimage\"},\"image\":{\"@id\":\"https:\/\/www.missoeshumanitarias.org\/es\/segundo-grupo-de-misioneros-llega-a-roraima-para-auxiliar-a-los-refugiados-de-venezuela\/#primaryimage\"},\"thumbnailUrl\":\"https:\/\/www.missoeshumanitarias.org\/wp-content\/uploads\/2021\/08\/refugiados_da_venezuela_missao_roraima_partida_segundo_grupo_01.jpg\",\"datePublished\":\"2016-11-17T19:55:39+00:00\",\"dateModified\":\"2016-11-17T19:55:39+00:00\",\"breadcrumb\":{\"@id\":\"https:\/\/www.missoeshumanitarias.org\/es\/segundo-grupo-de-misioneros-llega-a-roraima-para-auxiliar-a-los-refugiados-de-venezuela\/#breadcrumb\"},\"inLanguage\":\"es\",\"potentialAction\":[{\"@type\":\"ReadAction\",\"target\":[\"https:\/\/www.missoeshumanitarias.org\/es\/segundo-grupo-de-misioneros-llega-a-roraima-para-auxiliar-a-los-refugiados-de-venezuela\/\"]}]},{\"@type\":\"ImageObject\",\"inLanguage\":\"es\",\"@id\":\"https:\/\/www.missoeshumanitarias.org\/es\/segundo-grupo-de-misioneros-llega-a-roraima-para-auxiliar-a-los-refugiados-de-venezuela\/#primaryimage\",\"url\":\"https:\/\/www.missoeshumanitarias.org\/wp-content\/uploads\/2021\/08\/refugiados_da_venezuela_missao_roraima_partida_segundo_grupo_01.jpg\",\"contentUrl\":\"https:\/\/www.missoeshumanitarias.org\/wp-content\/uploads\/2021\/08\/refugiados_da_venezuela_missao_roraima_partida_segundo_grupo_01.jpg\",\"width\":690,\"height\":388},{\"@type\":\"BreadcrumbList\",\"@id\":\"https:\/\/www.missoeshumanitarias.org\/es\/segundo-grupo-de-misioneros-llega-a-roraima-para-auxiliar-a-los-refugiados-de-venezuela\/#breadcrumb\",\"itemListElement\":[{\"@type\":\"ListItem\",\"position\":1,\"name\":\"Home\",\"item\":\"https:\/\/www.missoeshumanitarias.org\/en\/\"},{\"@type\":\"ListItem\",\"position\":2,\"name\":\"Segundo grupo de misioneros llega a Roraima para auxiliar a los refugiados de Venezuela\"}]},{\"@type\":\"WebSite\",\"@id\":\"https:\/\/www.missoeshumanitarias.org\/es\/#website\",\"url\":\"https:\/\/www.missoeshumanitarias.org\/es\/\",\"name\":\"Fraternidade Miss\u00f5es Humanit\u00e1rias Internacionais\",\"description\":\"Respostas Humanit\u00e1rias e Emerg\u00eancias\",\"publisher\":{\"@id\":\"https:\/\/www.missoeshumanitarias.org\/es\/#organization\"},\"potentialAction\":[{\"@type\":\"SearchAction\",\"target\":{\"@type\":\"EntryPoint\",\"urlTemplate\":\"https:\/\/www.missoeshumanitarias.org\/es\/?s={search_term_string}\"},\"query-input\":\"required name=search_term_string\"}],\"inLanguage\":\"es\"},{\"@type\":\"Organization\",\"@id\":\"https:\/\/www.missoeshumanitarias.org\/es\/#organization\",\"name\":\"Fraternidade - Miss\u00f5es Humanit\u00e1rias Internacionais\",\"url\":\"https:\/\/www.missoeshumanitarias.org\/es\/\",\"logo\":{\"@type\":\"ImageObject\",\"inLanguage\":\"es\",\"@id\":\"https:\/\/www.missoeshumanitarias.org\/es\/#\/schema\/logo\/image\/\",\"url\":\"https:\/\/www.missoeshumanitarias.org\/wp-content\/uploads\/2020\/05\/logo-FMHI-mg.png\",\"contentUrl\":\"https:\/\/www.missoeshumanitarias.org\/wp-content\/uploads\/2020\/05\/logo-FMHI-mg.png\",\"width\":520,\"height\":134,\"caption\":\"Fraternidade - Miss\u00f5es Humanit\u00e1rias Internacionais\"},\"image\":{\"@id\":\"https:\/\/www.missoeshumanitarias.org\/es\/#\/schema\/logo\/image\/\"}},{\"@type\":\"Person\",\"@id\":\"https:\/\/www.missoeshumanitarias.org\/es\/#\/schema\/person\/e0f8527323154d1eba9f9d9eb6b401f7\",\"name\":\"maducato_admin\",\"image\":{\"@type\":\"ImageObject\",\"inLanguage\":\"es\",\"@id\":\"https:\/\/www.missoeshumanitarias.org\/es\/#\/schema\/person\/image\/\",\"url\":\"https:\/\/secure.gravatar.com\/avatar\/6c3b45186a8f5a459d8e14c7fca370bceae92402bc06171d75e4e559b6c24393?s=96&d=mm&r=g\",\"contentUrl\":\"https:\/\/secure.gravatar.com\/avatar\/6c3b45186a8f5a459d8e14c7fca370bceae92402bc06171d75e4e559b6c24393?s=96&d=mm&r=g\",\"caption\":\"maducato_admin\"}}]}<\/script>\n<!-- \/ Yoast SEO Premium plugin. -->","yoast_head_json":{"title":"Segundo grupo de misioneros llega a Roraima para auxiliar a los refugiados de Venezuela - Fraternidade Miss\u00f5es Humanit\u00e1rias Internacionais","robots":{"index":"index","follow":"follow","max-snippet":"max-snippet:-1","max-image-preview":"max-image-preview:large","max-video-preview":"max-video-preview:-1"},"canonical":"https:\/\/www.missoeshumanitarias.org\/es\/segundo-grupo-de-misioneros-llega-a-roraima-para-auxiliar-a-los-refugiados-de-venezuela\/","og_locale":"es_ES","og_type":"article","og_title":"Segundo grupo de misioneros llega a Roraima para auxiliar a los refugiados de Venezuela","og_description":"La Misi\u00f3n Roraima Humanitaria emprendida por la Fraternidade Federaci\u00f3n Humanitaria Internacional, en auxilio a los refugiados de Venezuela en el Brasil, recibir\u00e1 un nuevo impulso: un segundo grupo de misioneros llega hoy, 17 de noviembre, a Boa Vista, capital del estado brasile\u00f1o de Roraima, para tomar la posta y continuar con la tarea que inici\u00f3 [&hellip;]","og_url":"https:\/\/www.missoeshumanitarias.org\/es\/segundo-grupo-de-misioneros-llega-a-roraima-para-auxiliar-a-los-refugiados-de-venezuela\/","og_site_name":"Fraternidade Miss\u00f5es Humanit\u00e1rias Internacionais","article_published_time":"2016-11-17T19:55:39+00:00","og_image":[{"width":690,"height":388,"url":"https:\/\/www.missoeshumanitarias.org\/wp-content\/uploads\/2021\/08\/refugiados_da_venezuela_missao_roraima_partida_segundo_grupo_01.jpg","type":"image\/jpeg"}],"author":"maducato_admin","twitter_card":"summary_large_image","twitter_misc":{"Escrito por":"maducato_admin","Tiempo de lectura":"3 minutos"},"schema":{"@context":"https:\/\/schema.org","@graph":[{"@type":"Article","@id":"https:\/\/www.missoeshumanitarias.org\/es\/segundo-grupo-de-misioneros-llega-a-roraima-para-auxiliar-a-los-refugiados-de-venezuela\/#article","isPartOf":{"@id":"https:\/\/www.missoeshumanitarias.org\/es\/segundo-grupo-de-misioneros-llega-a-roraima-para-auxiliar-a-los-refugiados-de-venezuela\/"},"author":{"name":"maducato_admin","@id":"https:\/\/www.missoeshumanitarias.org\/es\/#\/schema\/person\/e0f8527323154d1eba9f9d9eb6b401f7"},"headline":"Segundo grupo de misioneros llega a Roraima para auxiliar a los refugiados de Venezuela","datePublished":"2016-11-17T19:55:39+00:00","dateModified":"2016-11-17T19:55:39+00:00","mainEntityOfPage":{"@id":"https:\/\/www.missoeshumanitarias.org\/es\/segundo-grupo-de-misioneros-llega-a-roraima-para-auxiliar-a-los-refugiados-de-venezuela\/"},"wordCount":562,"commentCount":0,"publisher":{"@id":"https:\/\/www.missoeshumanitarias.org\/es\/#organization"},"image":{"@id":"https:\/\/www.missoeshumanitarias.org\/es\/segundo-grupo-de-misioneros-llega-a-roraima-para-auxiliar-a-los-refugiados-de-venezuela\/#primaryimage"},"thumbnailUrl":"https:\/\/www.missoeshumanitarias.org\/wp-content\/uploads\/2021\/08\/refugiados_da_venezuela_missao_roraima_partida_segundo_grupo_01.jpg","articleSection":["Noticias","Noticias de las Misiones","Red-Luz"],"inLanguage":"es","potentialAction":[{"@type":"CommentAction","name":"Comment","target":["https:\/\/www.missoeshumanitarias.org\/es\/segundo-grupo-de-misioneros-llega-a-roraima-para-auxiliar-a-los-refugiados-de-venezuela\/#respond"]}]},{"@type":"WebPage","@id":"https:\/\/www.missoeshumanitarias.org\/es\/segundo-grupo-de-misioneros-llega-a-roraima-para-auxiliar-a-los-refugiados-de-venezuela\/","url":"https:\/\/www.missoeshumanitarias.org\/es\/segundo-grupo-de-misioneros-llega-a-roraima-para-auxiliar-a-los-refugiados-de-venezuela\/","name":"Segundo grupo de misioneros llega a Roraima para auxiliar a los refugiados de Venezuela - Fraternidade Miss\u00f5es Humanit\u00e1rias Internacionais","isPartOf":{"@id":"https:\/\/www.missoeshumanitarias.org\/es\/#website"},"primaryImageOfPage":{"@id":"https:\/\/www.missoeshumanitarias.org\/es\/segundo-grupo-de-misioneros-llega-a-roraima-para-auxiliar-a-los-refugiados-de-venezuela\/#primaryimage"},"image":{"@id":"https:\/\/www.missoeshumanitarias.org\/es\/segundo-grupo-de-misioneros-llega-a-roraima-para-auxiliar-a-los-refugiados-de-venezuela\/#primaryimage"},"thumbnailUrl":"https:\/\/www.missoeshumanitarias.org\/wp-content\/uploads\/2021\/08\/refugiados_da_venezuela_missao_roraima_partida_segundo_grupo_01.jpg","datePublished":"2016-11-17T19:55:39+00:00","dateModified":"2016-11-17T19:55:39+00:00","breadcrumb":{"@id":"https:\/\/www.missoeshumanitarias.org\/es\/segundo-grupo-de-misioneros-llega-a-roraima-para-auxiliar-a-los-refugiados-de-venezuela\/#breadcrumb"},"inLanguage":"es","potentialAction":[{"@type":"ReadAction","target":["https:\/\/www.missoeshumanitarias.org\/es\/segundo-grupo-de-misioneros-llega-a-roraima-para-auxiliar-a-los-refugiados-de-venezuela\/"]}]},{"@type":"ImageObject","inLanguage":"es","@id":"https:\/\/www.missoeshumanitarias.org\/es\/segundo-grupo-de-misioneros-llega-a-roraima-para-auxiliar-a-los-refugiados-de-venezuela\/#primaryimage","url":"https:\/\/www.missoeshumanitarias.org\/wp-content\/uploads\/2021\/08\/refugiados_da_venezuela_missao_roraima_partida_segundo_grupo_01.jpg","contentUrl":"https:\/\/www.missoeshumanitarias.org\/wp-content\/uploads\/2021\/08\/refugiados_da_venezuela_missao_roraima_partida_segundo_grupo_01.jpg","width":690,"height":388},{"@type":"BreadcrumbList","@id":"https:\/\/www.missoeshumanitarias.org\/es\/segundo-grupo-de-misioneros-llega-a-roraima-para-auxiliar-a-los-refugiados-de-venezuela\/#breadcrumb","itemListElement":[{"@type":"ListItem","position":1,"name":"Home","item":"https:\/\/www.missoeshumanitarias.org\/en\/"},{"@type":"ListItem","position":2,"name":"Segundo grupo de misioneros llega a Roraima para auxiliar a los refugiados de Venezuela"}]},{"@type":"WebSite","@id":"https:\/\/www.missoeshumanitarias.org\/es\/#website","url":"https:\/\/www.missoeshumanitarias.org\/es\/","name":"Fraternidade Miss\u00f5es Humanit\u00e1rias Internacionais","description":"Respostas Humanit\u00e1rias e Emerg\u00eancias","publisher":{"@id":"https:\/\/www.missoeshumanitarias.org\/es\/#organization"},"potentialAction":[{"@type":"SearchAction","target":{"@type":"EntryPoint","urlTemplate":"https:\/\/www.missoeshumanitarias.org\/es\/?s={search_term_string}"},"query-input":"required name=search_term_string"}],"inLanguage":"es"},{"@type":"Organization","@id":"https:\/\/www.missoeshumanitarias.org\/es\/#organization","name":"Fraternidade - Miss\u00f5es Humanit\u00e1rias Internacionais","url":"https:\/\/www.missoeshumanitarias.org\/es\/","logo":{"@type":"ImageObject","inLanguage":"es","@id":"https:\/\/www.missoeshumanitarias.org\/es\/#\/schema\/logo\/image\/","url":"https:\/\/www.missoeshumanitarias.org\/wp-content\/uploads\/2020\/05\/logo-FMHI-mg.png","contentUrl":"https:\/\/www.missoeshumanitarias.org\/wp-content\/uploads\/2020\/05\/logo-FMHI-mg.png","width":520,"height":134,"caption":"Fraternidade - Miss\u00f5es Humanit\u00e1rias Internacionais"},"image":{"@id":"https:\/\/www.missoeshumanitarias.org\/es\/#\/schema\/logo\/image\/"}},{"@type":"Person","@id":"https:\/\/www.missoeshumanitarias.org\/es\/#\/schema\/person\/e0f8527323154d1eba9f9d9eb6b401f7","name":"maducato_admin","image":{"@type":"ImageObject","inLanguage":"es","@id":"https:\/\/www.missoeshumanitarias.org\/es\/#\/schema\/person\/image\/","url":"https:\/\/secure.gravatar.com\/avatar\/6c3b45186a8f5a459d8e14c7fca370bceae92402bc06171d75e4e559b6c24393?s=96&d=mm&r=g","contentUrl":"https:\/\/secure.gravatar.com\/avatar\/6c3b45186a8f5a459d8e14c7fca370bceae92402bc06171d75e4e559b6c24393?s=96&d=mm&r=g","caption":"maducato_admin"}}]}},"_links":{"self":[{"href":"https:\/\/www.missoeshumanitarias.org\/es\/wp-json\/wp\/v2\/posts\/131545","targetHints":{"allow":["GET"]}}],"collection":[{"href":"https:\/\/www.missoeshumanitarias.org\/es\/wp-json\/wp\/v2\/posts"}],"about":[{"href":"https:\/\/www.missoeshumanitarias.org\/es\/wp-json\/wp\/v2\/types\/post"}],"author":[{"embeddable":true,"href":"https:\/\/www.missoeshumanitarias.org\/es\/wp-json\/wp\/v2\/users\/1"}],"replies":[{"embeddable":true,"href":"https:\/\/www.missoeshumanitarias.org\/es\/wp-json\/wp\/v2\/comments?post=131545"}],"version-history":[{"count":0,"href":"https:\/\/www.missoeshumanitarias.org\/es\/wp-json\/wp\/v2\/posts\/131545\/revisions"}],"wp:featuredmedia":[{"embeddable":true,"href":"https:\/\/www.missoeshumanitarias.org\/es\/wp-json\/wp\/v2\/media\/120940"}],"wp:attachment":[{"href":"https:\/\/www.missoeshumanitarias.org\/es\/wp-json\/wp\/v2\/media?parent=131545"}],"wp:term":[{"taxonomy":"category","embeddable":true,"href":"https:\/\/www.missoeshumanitarias.org\/es\/wp-json\/wp\/v2\/categories?post=131545"},{"taxonomy":"post_tag","embeddable":true,"href":"https:\/\/www.missoeshumanitarias.org\/es\/wp-json\/wp\/v2\/tags?post=131545"}],"curies":[{"name":"wp","href":"https:\/\/api.w.org\/{rel}","templated":true}]}}