{"id":131590,"date":"2016-12-30T19:50:42","date_gmt":"2016-12-30T21:50:42","guid":{"rendered":"https:\/\/www.missoeshumanitarias.org\/diario-de-la-mision-roraima-humanitaria-28-12\/"},"modified":"2016-12-30T19:50:42","modified_gmt":"2016-12-30T21:50:42","slug":"diario-de-la-mision-roraima-humanitaria-28-12","status":"publish","type":"post","link":"https:\/\/www.missoeshumanitarias.org\/es\/diario-de-la-mision-roraima-humanitaria-28-12\/","title":{"rendered":"Diario de la Misi\u00f3n Roraima Humanitaria &#8211; 28\/12"},"content":{"rendered":"<p class=\"p1\" style=\"text-align: justify;\"><strong>Mi\u00e9rcoles, 28 de diciembre<\/strong><\/p>\n<p class=\"p1\" style=\"text-align: justify;\">Primer d\u00eda de funcionamiento general del nuevo local del CRI \u2013 Centro de Referencia al Inmigrante.<\/p>\n<p class=\"p1\" style=\"text-align: justify;\">Reuni\u00f3n con los l\u00edderes ind\u00edgenas, que relataron como fue la vigilia de la primera noche en CRI.<\/p>\n<p class=\"p1\" style=\"text-align: justify;\">Los misioneros organizan algunas situaciones que ocurrieron a lo largo del d\u00eda, como la salida de las madres con sus hijos para pedir limosna.<\/p>\n<p class=\"p1\" style=\"text-align: justify;\">\u201cLa tarea con estos hermanos ind\u00edgenas tiene que ser m\u00e1s profunda, es una tarea de una nueva educaci\u00f3n y un nuevo orden tambi\u00e9n para ellos. Reunimos los l\u00edderes y fuimos explic\u00e1ndoles lo que estaba ocurriendo\u201d, dijo Clara misionera de la Fraternidade \u2013 Federaci\u00f3n Humanitaria Internacional.<\/p>\n<p class=\"p1\" style=\"text-align: justify;\">Organizaci\u00f3n de los equipos de cocina, de los ba\u00f1os y de la parte externa, con la participaci\u00f3n de los ind\u00edgenas.<\/p>\n<p class=\"p1\" style=\"text-align: justify;\">Servicio grupal.<\/p>\n<p class=\"p1\" style=\"text-align: justify;\">Se reciben donaciones, distintas visitas de la prensa, representantes de la sociedad y autoridades.<\/p>\n<p class=\"p1\" style=\"text-align: justify;\">Muchos de los grupos ind\u00edgenas encontrados hoy, sufrieron una gran separaci\u00f3n de su arquetipo.<\/p>\n<p class=\"p1\" style=\"text-align: justify;\">\u201cEstos hermanos ind\u00edgenas vienen de una situaci\u00f3n sin reglas ni l\u00edmites, y ahora se dan cuenta que tendr\u00e1n que tener algunas formas de comportamiento y vida grupal. Estamos construyendo esto con ellos\u201d, dijo Clara.<\/p>\n<div id='gallery-1' class='gallery galleryid-131590 gallery-columns-2 gallery-size-medium'><figure class='gallery-item'>\n\t\t\t<div class='gallery-icon landscape'>\n\t\t\t\t<a href='https:\/\/www.missoeshumanitarias.org\/wp-content\/uploads\/2021\/08\/refugiados_missao_roraima_cadastro1.jpg'><img fetchpriority=\"high\" decoding=\"async\" width=\"300\" height=\"169\" src=\"https:\/\/www.missoeshumanitarias.org\/wp-content\/uploads\/2021\/08\/refugiados_missao_roraima_cadastro1-300x169.jpg\" class=\"attachment-medium size-medium\" alt=\"\" srcset=\"https:\/\/www.missoeshumanitarias.org\/wp-content\/uploads\/2021\/08\/refugiados_missao_roraima_cadastro1-300x169.jpg 300w, https:\/\/www.missoeshumanitarias.org\/wp-content\/uploads\/2021\/08\/refugiados_missao_roraima_cadastro1.jpg 690w\" sizes=\"(max-width: 300px) 100vw, 300px\" \/><\/a>\n\t\t\t<\/div><\/figure><figure class='gallery-item'>\n\t\t\t<div class='gallery-icon landscape'>\n\t\t\t\t<a href='https:\/\/www.missoeshumanitarias.org\/wp-content\/uploads\/2021\/08\/refugiados_missao_roraima_reuniao2-1.jpg'><img decoding=\"async\" width=\"300\" height=\"169\" src=\"https:\/\/www.missoeshumanitarias.org\/wp-content\/uploads\/2021\/08\/refugiados_missao_roraima_reuniao2-1-300x169.jpg\" class=\"attachment-medium size-medium\" alt=\"\" srcset=\"https:\/\/www.missoeshumanitarias.org\/wp-content\/uploads\/2021\/08\/refugiados_missao_roraima_reuniao2-1-300x169.jpg 300w, https:\/\/www.missoeshumanitarias.org\/wp-content\/uploads\/2021\/08\/refugiados_missao_roraima_reuniao2-1.jpg 690w\" sizes=\"(max-width: 300px) 100vw, 300px\" \/><\/a>\n\t\t\t<\/div><\/figure><figure class='gallery-item'>\n\t\t\t<div class='gallery-icon landscape'>\n\t\t\t\t<a href='https:\/\/www.missoeshumanitarias.org\/wp-content\/uploads\/2021\/08\/refugiados_missao_roraima_refeicao3.jpg'><img decoding=\"async\" width=\"300\" height=\"169\" src=\"https:\/\/www.missoeshumanitarias.org\/wp-content\/uploads\/2021\/08\/refugiados_missao_roraima_refeicao3-300x169.jpg\" class=\"attachment-medium size-medium\" alt=\"\" srcset=\"https:\/\/www.missoeshumanitarias.org\/wp-content\/uploads\/2021\/08\/refugiados_missao_roraima_refeicao3-300x169.jpg 300w, https:\/\/www.missoeshumanitarias.org\/wp-content\/uploads\/2021\/08\/refugiados_missao_roraima_refeicao3.jpg 690w\" sizes=\"(max-width: 300px) 100vw, 300px\" \/><\/a>\n\t\t\t<\/div><\/figure><figure class='gallery-item'>\n\t\t\t<div class='gallery-icon landscape'>\n\t\t\t\t<a href='https:\/\/www.missoeshumanitarias.org\/wp-content\/uploads\/2021\/08\/refugiados_missao_roraima_refeicao2-1.jpg'><img loading=\"lazy\" decoding=\"async\" width=\"300\" height=\"169\" src=\"https:\/\/www.missoeshumanitarias.org\/wp-content\/uploads\/2021\/08\/refugiados_missao_roraima_refeicao2-1-300x169.jpg\" class=\"attachment-medium size-medium\" alt=\"\" srcset=\"https:\/\/www.missoeshumanitarias.org\/wp-content\/uploads\/2021\/08\/refugiados_missao_roraima_refeicao2-1-300x169.jpg 300w, https:\/\/www.missoeshumanitarias.org\/wp-content\/uploads\/2021\/08\/refugiados_missao_roraima_refeicao2-1.jpg 690w\" sizes=\"(max-width: 300px) 100vw, 300px\" \/><\/a>\n\t\t\t<\/div><\/figure><figure class='gallery-item'>\n\t\t\t<div class='gallery-icon landscape'>\n\t\t\t\t<a href='https:\/\/www.missoeshumanitarias.org\/wp-content\/uploads\/2021\/08\/refugiados_missao_roraima_refeicao1-2.jpg'><img loading=\"lazy\" decoding=\"async\" width=\"300\" height=\"169\" src=\"https:\/\/www.missoeshumanitarias.org\/wp-content\/uploads\/2021\/08\/refugiados_missao_roraima_refeicao1-2-300x169.jpg\" class=\"attachment-medium size-medium\" alt=\"\" srcset=\"https:\/\/www.missoeshumanitarias.org\/wp-content\/uploads\/2021\/08\/refugiados_missao_roraima_refeicao1-2-300x169.jpg 300w, https:\/\/www.missoeshumanitarias.org\/wp-content\/uploads\/2021\/08\/refugiados_missao_roraima_refeicao1-2.jpg 690w\" sizes=\"(max-width: 300px) 100vw, 300px\" \/><\/a>\n\t\t\t<\/div><\/figure><figure class='gallery-item'>\n\t\t\t<div class='gallery-icon landscape'>\n\t\t\t\t<a href='https:\/\/www.missoeshumanitarias.org\/wp-content\/uploads\/2021\/08\/refugiados_missao_roraima_criancas_fila.jpg'><img loading=\"lazy\" decoding=\"async\" width=\"300\" height=\"169\" src=\"https:\/\/www.missoeshumanitarias.org\/wp-content\/uploads\/2021\/08\/refugiados_missao_roraima_criancas_fila-300x169.jpg\" class=\"attachment-medium size-medium\" alt=\"\" srcset=\"https:\/\/www.missoeshumanitarias.org\/wp-content\/uploads\/2021\/08\/refugiados_missao_roraima_criancas_fila-300x169.jpg 300w, https:\/\/www.missoeshumanitarias.org\/wp-content\/uploads\/2021\/08\/refugiados_missao_roraima_criancas_fila.jpg 690w\" sizes=\"(max-width: 300px) 100vw, 300px\" \/><\/a>\n\t\t\t<\/div><\/figure>\n\t\t<\/div>\n\n","protected":false},"excerpt":{"rendered":"<p>Mi\u00e9rcoles, 28 de diciembre Primer d\u00eda de funcionamiento general del nuevo local del CRI \u2013 Centro de Referencia al Inmigrante. Reuni\u00f3n con los l\u00edderes ind\u00edgenas, que relataron como fue la vigilia de la primera noche en CRI. Los misioneros organizan algunas situaciones que ocurrieron a lo largo del d\u00eda, como la salida de las madres [&hellip;]<\/p>\n","protected":false},"author":1,"featured_media":122000,"comment_status":"open","ping_status":"open","sticky":false,"template":"","format":"standard","meta":{"footnotes":""},"categories":[43,131,139],"tags":[],"class_list":["post-131590","post","type-post","status-publish","format-standard","has-post-thumbnail","hentry","category-noticias-es","category-noticias-de-las-misiones","category-red-luz"],"featured_image_src":"https:\/\/www.missoeshumanitarias.org\/wp-content\/uploads\/2021\/08\/refugiados_missao_roraima_reuniao1-1.jpg","author_info":{"display_name":"maducato_admin","author_link":"https:\/\/www.missoeshumanitarias.org\/es\/author\/maducato_admin\/"},"yoast_head":"<!-- This site is optimized with the Yoast SEO Premium plugin v22.5 (Yoast SEO v22.5) - https:\/\/yoast.com\/wordpress\/plugins\/seo\/ -->\n<title>Diario de la Misi\u00f3n Roraima Humanitaria - 28\/12 - Fraternidade Miss\u00f5es Humanit\u00e1rias Internacionais<\/title>\n<meta name=\"robots\" content=\"index, follow, max-snippet:-1, max-image-preview:large, max-video-preview:-1\" \/>\n<link rel=\"canonical\" href=\"https:\/\/www.missoeshumanitarias.org\/es\/diario-de-la-mision-roraima-humanitaria-28-12\/\" \/>\n<meta property=\"og:locale\" content=\"es_ES\" \/>\n<meta property=\"og:type\" content=\"article\" \/>\n<meta property=\"og:title\" content=\"Diario de la Misi\u00f3n Roraima Humanitaria - 28\/12\" \/>\n<meta property=\"og:description\" content=\"Mi\u00e9rcoles, 28 de diciembre Primer d\u00eda de funcionamiento general del nuevo local del CRI \u2013 Centro de Referencia al Inmigrante. Reuni\u00f3n con los l\u00edderes ind\u00edgenas, que relataron como fue la vigilia de la primera noche en CRI. Los misioneros organizan algunas situaciones que ocurrieron a lo largo del d\u00eda, como la salida de las madres [&hellip;]\" \/>\n<meta property=\"og:url\" content=\"https:\/\/www.missoeshumanitarias.org\/es\/diario-de-la-mision-roraima-humanitaria-28-12\/\" \/>\n<meta property=\"og:site_name\" content=\"Fraternidade Miss\u00f5es Humanit\u00e1rias Internacionais\" \/>\n<meta property=\"article:published_time\" content=\"2016-12-30T21:50:42+00:00\" \/>\n<meta property=\"og:image\" content=\"https:\/\/www.missoeshumanitarias.org\/wp-content\/uploads\/2021\/08\/refugiados_missao_roraima_reuniao1-1.jpg\" \/>\n\t<meta property=\"og:image:width\" content=\"690\" \/>\n\t<meta property=\"og:image:height\" content=\"388\" \/>\n\t<meta property=\"og:image:type\" content=\"image\/jpeg\" \/>\n<meta name=\"author\" content=\"maducato_admin\" \/>\n<meta name=\"twitter:card\" content=\"summary_large_image\" \/>\n<meta name=\"twitter:label1\" content=\"Escrito por\" \/>\n\t<meta name=\"twitter:data1\" content=\"maducato_admin\" \/>\n\t<meta name=\"twitter:label2\" content=\"Tiempo de lectura\" \/>\n\t<meta name=\"twitter:data2\" content=\"1 minuto\" \/>\n<script type=\"application\/ld+json\" class=\"yoast-schema-graph\">{\"@context\":\"https:\/\/schema.org\",\"@graph\":[{\"@type\":\"Article\",\"@id\":\"https:\/\/www.missoeshumanitarias.org\/es\/diario-de-la-mision-roraima-humanitaria-28-12\/#article\",\"isPartOf\":{\"@id\":\"https:\/\/www.missoeshumanitarias.org\/es\/diario-de-la-mision-roraima-humanitaria-28-12\/\"},\"author\":{\"name\":\"maducato_admin\",\"@id\":\"https:\/\/www.missoeshumanitarias.org\/es\/#\/schema\/person\/e0f8527323154d1eba9f9d9eb6b401f7\"},\"headline\":\"Diario de la Misi\u00f3n Roraima Humanitaria &#8211; 28\/12\",\"datePublished\":\"2016-12-30T21:50:42+00:00\",\"dateModified\":\"2016-12-30T21:50:42+00:00\",\"mainEntityOfPage\":{\"@id\":\"https:\/\/www.missoeshumanitarias.org\/es\/diario-de-la-mision-roraima-humanitaria-28-12\/\"},\"wordCount\":227,\"commentCount\":0,\"publisher\":{\"@id\":\"https:\/\/www.missoeshumanitarias.org\/es\/#organization\"},\"image\":{\"@id\":\"https:\/\/www.missoeshumanitarias.org\/es\/diario-de-la-mision-roraima-humanitaria-28-12\/#primaryimage\"},\"thumbnailUrl\":\"https:\/\/www.missoeshumanitarias.org\/wp-content\/uploads\/2021\/08\/refugiados_missao_roraima_reuniao1-1.jpg\",\"articleSection\":[\"Noticias\",\"Noticias de las Misiones\",\"Red-Luz\"],\"inLanguage\":\"es\",\"potentialAction\":[{\"@type\":\"CommentAction\",\"name\":\"Comment\",\"target\":[\"https:\/\/www.missoeshumanitarias.org\/es\/diario-de-la-mision-roraima-humanitaria-28-12\/#respond\"]}]},{\"@type\":\"WebPage\",\"@id\":\"https:\/\/www.missoeshumanitarias.org\/es\/diario-de-la-mision-roraima-humanitaria-28-12\/\",\"url\":\"https:\/\/www.missoeshumanitarias.org\/es\/diario-de-la-mision-roraima-humanitaria-28-12\/\",\"name\":\"Diario de la Misi\u00f3n Roraima Humanitaria - 28\/12 - Fraternidade Miss\u00f5es Humanit\u00e1rias Internacionais\",\"isPartOf\":{\"@id\":\"https:\/\/www.missoeshumanitarias.org\/es\/#website\"},\"primaryImageOfPage\":{\"@id\":\"https:\/\/www.missoeshumanitarias.org\/es\/diario-de-la-mision-roraima-humanitaria-28-12\/#primaryimage\"},\"image\":{\"@id\":\"https:\/\/www.missoeshumanitarias.org\/es\/diario-de-la-mision-roraima-humanitaria-28-12\/#primaryimage\"},\"thumbnailUrl\":\"https:\/\/www.missoeshumanitarias.org\/wp-content\/uploads\/2021\/08\/refugiados_missao_roraima_reuniao1-1.jpg\",\"datePublished\":\"2016-12-30T21:50:42+00:00\",\"dateModified\":\"2016-12-30T21:50:42+00:00\",\"breadcrumb\":{\"@id\":\"https:\/\/www.missoeshumanitarias.org\/es\/diario-de-la-mision-roraima-humanitaria-28-12\/#breadcrumb\"},\"inLanguage\":\"es\",\"potentialAction\":[{\"@type\":\"ReadAction\",\"target\":[\"https:\/\/www.missoeshumanitarias.org\/es\/diario-de-la-mision-roraima-humanitaria-28-12\/\"]}]},{\"@type\":\"ImageObject\",\"inLanguage\":\"es\",\"@id\":\"https:\/\/www.missoeshumanitarias.org\/es\/diario-de-la-mision-roraima-humanitaria-28-12\/#primaryimage\",\"url\":\"https:\/\/www.missoeshumanitarias.org\/wp-content\/uploads\/2021\/08\/refugiados_missao_roraima_reuniao1-1.jpg\",\"contentUrl\":\"https:\/\/www.missoeshumanitarias.org\/wp-content\/uploads\/2021\/08\/refugiados_missao_roraima_reuniao1-1.jpg\",\"width\":690,\"height\":388},{\"@type\":\"BreadcrumbList\",\"@id\":\"https:\/\/www.missoeshumanitarias.org\/es\/diario-de-la-mision-roraima-humanitaria-28-12\/#breadcrumb\",\"itemListElement\":[{\"@type\":\"ListItem\",\"position\":1,\"name\":\"Home\",\"item\":\"https:\/\/www.missoeshumanitarias.org\/en\/\"},{\"@type\":\"ListItem\",\"position\":2,\"name\":\"Diario de la Misi\u00f3n Roraima Humanitaria &#8211; 28\/12\"}]},{\"@type\":\"WebSite\",\"@id\":\"https:\/\/www.missoeshumanitarias.org\/es\/#website\",\"url\":\"https:\/\/www.missoeshumanitarias.org\/es\/\",\"name\":\"Fraternidade Miss\u00f5es Humanit\u00e1rias Internacionais\",\"description\":\"Respostas Humanit\u00e1rias e Emerg\u00eancias\",\"publisher\":{\"@id\":\"https:\/\/www.missoeshumanitarias.org\/es\/#organization\"},\"potentialAction\":[{\"@type\":\"SearchAction\",\"target\":{\"@type\":\"EntryPoint\",\"urlTemplate\":\"https:\/\/www.missoeshumanitarias.org\/es\/?s={search_term_string}\"},\"query-input\":\"required name=search_term_string\"}],\"inLanguage\":\"es\"},{\"@type\":\"Organization\",\"@id\":\"https:\/\/www.missoeshumanitarias.org\/es\/#organization\",\"name\":\"Fraternidade - Miss\u00f5es Humanit\u00e1rias Internacionais\",\"url\":\"https:\/\/www.missoeshumanitarias.org\/es\/\",\"logo\":{\"@type\":\"ImageObject\",\"inLanguage\":\"es\",\"@id\":\"https:\/\/www.missoeshumanitarias.org\/es\/#\/schema\/logo\/image\/\",\"url\":\"https:\/\/www.missoeshumanitarias.org\/wp-content\/uploads\/2020\/05\/logo-FMHI-mg.png\",\"contentUrl\":\"https:\/\/www.missoeshumanitarias.org\/wp-content\/uploads\/2020\/05\/logo-FMHI-mg.png\",\"width\":520,\"height\":134,\"caption\":\"Fraternidade - Miss\u00f5es Humanit\u00e1rias Internacionais\"},\"image\":{\"@id\":\"https:\/\/www.missoeshumanitarias.org\/es\/#\/schema\/logo\/image\/\"}},{\"@type\":\"Person\",\"@id\":\"https:\/\/www.missoeshumanitarias.org\/es\/#\/schema\/person\/e0f8527323154d1eba9f9d9eb6b401f7\",\"name\":\"maducato_admin\",\"image\":{\"@type\":\"ImageObject\",\"inLanguage\":\"es\",\"@id\":\"https:\/\/www.missoeshumanitarias.org\/es\/#\/schema\/person\/image\/\",\"url\":\"https:\/\/secure.gravatar.com\/avatar\/6c3b45186a8f5a459d8e14c7fca370bceae92402bc06171d75e4e559b6c24393?s=96&d=mm&r=g\",\"contentUrl\":\"https:\/\/secure.gravatar.com\/avatar\/6c3b45186a8f5a459d8e14c7fca370bceae92402bc06171d75e4e559b6c24393?s=96&d=mm&r=g\",\"caption\":\"maducato_admin\"}}]}<\/script>\n<!-- \/ Yoast SEO Premium plugin. -->","yoast_head_json":{"title":"Diario de la Misi\u00f3n Roraima Humanitaria - 28\/12 - Fraternidade Miss\u00f5es Humanit\u00e1rias Internacionais","robots":{"index":"index","follow":"follow","max-snippet":"max-snippet:-1","max-image-preview":"max-image-preview:large","max-video-preview":"max-video-preview:-1"},"canonical":"https:\/\/www.missoeshumanitarias.org\/es\/diario-de-la-mision-roraima-humanitaria-28-12\/","og_locale":"es_ES","og_type":"article","og_title":"Diario de la Misi\u00f3n Roraima Humanitaria - 28\/12","og_description":"Mi\u00e9rcoles, 28 de diciembre Primer d\u00eda de funcionamiento general del nuevo local del CRI \u2013 Centro de Referencia al Inmigrante. Reuni\u00f3n con los l\u00edderes ind\u00edgenas, que relataron como fue la vigilia de la primera noche en CRI. Los misioneros organizan algunas situaciones que ocurrieron a lo largo del d\u00eda, como la salida de las madres [&hellip;]","og_url":"https:\/\/www.missoeshumanitarias.org\/es\/diario-de-la-mision-roraima-humanitaria-28-12\/","og_site_name":"Fraternidade Miss\u00f5es Humanit\u00e1rias Internacionais","article_published_time":"2016-12-30T21:50:42+00:00","og_image":[{"width":690,"height":388,"url":"https:\/\/www.missoeshumanitarias.org\/wp-content\/uploads\/2021\/08\/refugiados_missao_roraima_reuniao1-1.jpg","type":"image\/jpeg"}],"author":"maducato_admin","twitter_card":"summary_large_image","twitter_misc":{"Escrito por":"maducato_admin","Tiempo de lectura":"1 minuto"},"schema":{"@context":"https:\/\/schema.org","@graph":[{"@type":"Article","@id":"https:\/\/www.missoeshumanitarias.org\/es\/diario-de-la-mision-roraima-humanitaria-28-12\/#article","isPartOf":{"@id":"https:\/\/www.missoeshumanitarias.org\/es\/diario-de-la-mision-roraima-humanitaria-28-12\/"},"author":{"name":"maducato_admin","@id":"https:\/\/www.missoeshumanitarias.org\/es\/#\/schema\/person\/e0f8527323154d1eba9f9d9eb6b401f7"},"headline":"Diario de la Misi\u00f3n Roraima Humanitaria &#8211; 28\/12","datePublished":"2016-12-30T21:50:42+00:00","dateModified":"2016-12-30T21:50:42+00:00","mainEntityOfPage":{"@id":"https:\/\/www.missoeshumanitarias.org\/es\/diario-de-la-mision-roraima-humanitaria-28-12\/"},"wordCount":227,"commentCount":0,"publisher":{"@id":"https:\/\/www.missoeshumanitarias.org\/es\/#organization"},"image":{"@id":"https:\/\/www.missoeshumanitarias.org\/es\/diario-de-la-mision-roraima-humanitaria-28-12\/#primaryimage"},"thumbnailUrl":"https:\/\/www.missoeshumanitarias.org\/wp-content\/uploads\/2021\/08\/refugiados_missao_roraima_reuniao1-1.jpg","articleSection":["Noticias","Noticias de las Misiones","Red-Luz"],"inLanguage":"es","potentialAction":[{"@type":"CommentAction","name":"Comment","target":["https:\/\/www.missoeshumanitarias.org\/es\/diario-de-la-mision-roraima-humanitaria-28-12\/#respond"]}]},{"@type":"WebPage","@id":"https:\/\/www.missoeshumanitarias.org\/es\/diario-de-la-mision-roraima-humanitaria-28-12\/","url":"https:\/\/www.missoeshumanitarias.org\/es\/diario-de-la-mision-roraima-humanitaria-28-12\/","name":"Diario de la Misi\u00f3n Roraima Humanitaria - 28\/12 - Fraternidade Miss\u00f5es Humanit\u00e1rias Internacionais","isPartOf":{"@id":"https:\/\/www.missoeshumanitarias.org\/es\/#website"},"primaryImageOfPage":{"@id":"https:\/\/www.missoeshumanitarias.org\/es\/diario-de-la-mision-roraima-humanitaria-28-12\/#primaryimage"},"image":{"@id":"https:\/\/www.missoeshumanitarias.org\/es\/diario-de-la-mision-roraima-humanitaria-28-12\/#primaryimage"},"thumbnailUrl":"https:\/\/www.missoeshumanitarias.org\/wp-content\/uploads\/2021\/08\/refugiados_missao_roraima_reuniao1-1.jpg","datePublished":"2016-12-30T21:50:42+00:00","dateModified":"2016-12-30T21:50:42+00:00","breadcrumb":{"@id":"https:\/\/www.missoeshumanitarias.org\/es\/diario-de-la-mision-roraima-humanitaria-28-12\/#breadcrumb"},"inLanguage":"es","potentialAction":[{"@type":"ReadAction","target":["https:\/\/www.missoeshumanitarias.org\/es\/diario-de-la-mision-roraima-humanitaria-28-12\/"]}]},{"@type":"ImageObject","inLanguage":"es","@id":"https:\/\/www.missoeshumanitarias.org\/es\/diario-de-la-mision-roraima-humanitaria-28-12\/#primaryimage","url":"https:\/\/www.missoeshumanitarias.org\/wp-content\/uploads\/2021\/08\/refugiados_missao_roraima_reuniao1-1.jpg","contentUrl":"https:\/\/www.missoeshumanitarias.org\/wp-content\/uploads\/2021\/08\/refugiados_missao_roraima_reuniao1-1.jpg","width":690,"height":388},{"@type":"BreadcrumbList","@id":"https:\/\/www.missoeshumanitarias.org\/es\/diario-de-la-mision-roraima-humanitaria-28-12\/#breadcrumb","itemListElement":[{"@type":"ListItem","position":1,"name":"Home","item":"https:\/\/www.missoeshumanitarias.org\/en\/"},{"@type":"ListItem","position":2,"name":"Diario de la Misi\u00f3n Roraima Humanitaria &#8211; 28\/12"}]},{"@type":"WebSite","@id":"https:\/\/www.missoeshumanitarias.org\/es\/#website","url":"https:\/\/www.missoeshumanitarias.org\/es\/","name":"Fraternidade Miss\u00f5es Humanit\u00e1rias Internacionais","description":"Respostas Humanit\u00e1rias e Emerg\u00eancias","publisher":{"@id":"https:\/\/www.missoeshumanitarias.org\/es\/#organization"},"potentialAction":[{"@type":"SearchAction","target":{"@type":"EntryPoint","urlTemplate":"https:\/\/www.missoeshumanitarias.org\/es\/?s={search_term_string}"},"query-input":"required name=search_term_string"}],"inLanguage":"es"},{"@type":"Organization","@id":"https:\/\/www.missoeshumanitarias.org\/es\/#organization","name":"Fraternidade - Miss\u00f5es Humanit\u00e1rias Internacionais","url":"https:\/\/www.missoeshumanitarias.org\/es\/","logo":{"@type":"ImageObject","inLanguage":"es","@id":"https:\/\/www.missoeshumanitarias.org\/es\/#\/schema\/logo\/image\/","url":"https:\/\/www.missoeshumanitarias.org\/wp-content\/uploads\/2020\/05\/logo-FMHI-mg.png","contentUrl":"https:\/\/www.missoeshumanitarias.org\/wp-content\/uploads\/2020\/05\/logo-FMHI-mg.png","width":520,"height":134,"caption":"Fraternidade - Miss\u00f5es Humanit\u00e1rias Internacionais"},"image":{"@id":"https:\/\/www.missoeshumanitarias.org\/es\/#\/schema\/logo\/image\/"}},{"@type":"Person","@id":"https:\/\/www.missoeshumanitarias.org\/es\/#\/schema\/person\/e0f8527323154d1eba9f9d9eb6b401f7","name":"maducato_admin","image":{"@type":"ImageObject","inLanguage":"es","@id":"https:\/\/www.missoeshumanitarias.org\/es\/#\/schema\/person\/image\/","url":"https:\/\/secure.gravatar.com\/avatar\/6c3b45186a8f5a459d8e14c7fca370bceae92402bc06171d75e4e559b6c24393?s=96&d=mm&r=g","contentUrl":"https:\/\/secure.gravatar.com\/avatar\/6c3b45186a8f5a459d8e14c7fca370bceae92402bc06171d75e4e559b6c24393?s=96&d=mm&r=g","caption":"maducato_admin"}}]}},"_links":{"self":[{"href":"https:\/\/www.missoeshumanitarias.org\/es\/wp-json\/wp\/v2\/posts\/131590","targetHints":{"allow":["GET"]}}],"collection":[{"href":"https:\/\/www.missoeshumanitarias.org\/es\/wp-json\/wp\/v2\/posts"}],"about":[{"href":"https:\/\/www.missoeshumanitarias.org\/es\/wp-json\/wp\/v2\/types\/post"}],"author":[{"embeddable":true,"href":"https:\/\/www.missoeshumanitarias.org\/es\/wp-json\/wp\/v2\/users\/1"}],"replies":[{"embeddable":true,"href":"https:\/\/www.missoeshumanitarias.org\/es\/wp-json\/wp\/v2\/comments?post=131590"}],"version-history":[{"count":0,"href":"https:\/\/www.missoeshumanitarias.org\/es\/wp-json\/wp\/v2\/posts\/131590\/revisions"}],"wp:featuredmedia":[{"embeddable":true,"href":"https:\/\/www.missoeshumanitarias.org\/es\/wp-json\/wp\/v2\/media\/122000"}],"wp:attachment":[{"href":"https:\/\/www.missoeshumanitarias.org\/es\/wp-json\/wp\/v2\/media?parent=131590"}],"wp:term":[{"taxonomy":"category","embeddable":true,"href":"https:\/\/www.missoeshumanitarias.org\/es\/wp-json\/wp\/v2\/categories?post=131590"},{"taxonomy":"post_tag","embeddable":true,"href":"https:\/\/www.missoeshumanitarias.org\/es\/wp-json\/wp\/v2\/tags?post=131590"}],"curies":[{"name":"wp","href":"https:\/\/api.w.org\/{rel}","templated":true}]}}