{"id":131637,"date":"2017-02-07T18:39:34","date_gmt":"2017-02-07T20:39:34","guid":{"rendered":"https:\/\/www.missoeshumanitarias.org\/mision-emergencia-chile-el-grupo-realiza-entrenamiento-en-carmo-da-cachoeira\/"},"modified":"2017-02-07T18:39:34","modified_gmt":"2017-02-07T20:39:34","slug":"mision-emergencia-chile-el-grupo-realiza-entrenamiento-en-carmo-da-cachoeira","status":"publish","type":"post","link":"https:\/\/www.missoeshumanitarias.org\/es\/mision-emergencia-chile-el-grupo-realiza-entrenamiento-en-carmo-da-cachoeira\/","title":{"rendered":"Misi\u00f3n Emergencia Chile: el grupo realiza entrenamiento en Carmo da Cachoeira"},"content":{"rendered":"<p class=\"p1\" style=\"text-align: justify;\">El equipo que participar\u00e1 de la Misi\u00f3n Emergencia Chile se entren\u00f3 los d\u00edas 5 y 6 de febrero en\u00a0 la sede de la <strong>Fraternidade \u2013 Federaci\u00f3n Humanitaria Internacional<\/strong>, en la ciudad de Carmo da Cachoeira, sur del estado de Minas Gerais, Brasil. Se entrenaron en primeros auxilios y extinci\u00f3n de incendios.<\/p>\n<p class=\"p1\" style=\"text-align: justify;\">El equipo de la Fraternidade,<span class=\"Apple-converted-space\">\u00a0 <\/span>formados por misioneros, monjes de la <a href=\"http:\/\/www.fraterinternacional.org\/es\/orden-gracia-misericordia\/\">Orden Gracia Misericordia<\/a> y miembros de la <a href=\"http:\/\/www.fraterinternacional.org\/es\/red-luz\/\">Red-Luz<\/a> Planetaria, pas\u00f3 el d\u00eda en el entrenamiento dado por el <a href=\"http:\/\/www.fraterinternacional.org\/es\/emergencias\/\">Grupo Solar<\/a>. Se entrenaron en primeros auxilios, inmovilizaci\u00f3n y transporte de heridos, as\u00ed como tambi\u00e9n en t\u00e9cnicas de control y extinci\u00f3n de incendios.<\/p>\n<p class=\"p1\" style=\"text-align: justify;\">\u201cHan sido muy especiales estos primeros contactos, conocer a las personas y hacer los preparativos del viaje. Con todo este conocimiento que estamos recibiendo es posible hacer una proyecci\u00f3n de c\u00f3mo ser\u00e1 la situaci\u00f3n. Todos estamos con un esp\u00edritu de alegr\u00eda y una disposici\u00f3n para hacer lo que sea necesario\u201d, dijo Akbar, monje de la Orden Gracia Misericordia.<\/p>\n<p class=\"p1\" style=\"text-align: justify;\">El equipo est\u00e1 saliendo para Chile con el objetivo de atender las emergencias y necesidades que se presenten por causa de los grandes incendios que est\u00e1n ocurriendo en este pa\u00eds de Am\u00e9rica del Sur.<\/p>\n<p class=\"p1\" style=\"text-align: justify;\">\u201cPercibimos que en estos dos d\u00edas de encuentros, algo se est\u00e1 construyendo, una cercan\u00eda entre los hermanos. Todos est\u00e1n con los corazones unidos\u201d, dijo Fray Faustino de la Orden Gracia Misericordia.<\/p>\n<p class=\"p1\">\n<div id='gallery-1' class='gallery galleryid-131637 gallery-columns-2 gallery-size-medium'><figure class='gallery-item'>\n\t\t\t<div class='gallery-icon landscape'>\n\t\t\t\t<a href='https:\/\/www.missoeshumanitarias.org\/wp-content\/uploads\/2021\/08\/missao_chile_treinamento1.jpg'><img fetchpriority=\"high\" decoding=\"async\" width=\"300\" height=\"169\" src=\"https:\/\/www.missoeshumanitarias.org\/wp-content\/uploads\/2021\/08\/missao_chile_treinamento1-300x169.jpg\" class=\"attachment-medium size-medium\" alt=\"\" srcset=\"https:\/\/www.missoeshumanitarias.org\/wp-content\/uploads\/2021\/08\/missao_chile_treinamento1-300x169.jpg 300w, https:\/\/www.missoeshumanitarias.org\/wp-content\/uploads\/2021\/08\/missao_chile_treinamento1.jpg 690w\" sizes=\"(max-width: 300px) 100vw, 300px\" \/><\/a>\n\t\t\t<\/div><\/figure><figure class='gallery-item'>\n\t\t\t<div class='gallery-icon landscape'>\n\t\t\t\t<a href='https:\/\/www.missoeshumanitarias.org\/wp-content\/uploads\/2021\/08\/missao_chile_treinamento2.jpg'><img decoding=\"async\" width=\"300\" height=\"169\" src=\"https:\/\/www.missoeshumanitarias.org\/wp-content\/uploads\/2021\/08\/missao_chile_treinamento2-300x169.jpg\" class=\"attachment-medium size-medium\" alt=\"\" srcset=\"https:\/\/www.missoeshumanitarias.org\/wp-content\/uploads\/2021\/08\/missao_chile_treinamento2-300x169.jpg 300w, https:\/\/www.missoeshumanitarias.org\/wp-content\/uploads\/2021\/08\/missao_chile_treinamento2.jpg 690w\" sizes=\"(max-width: 300px) 100vw, 300px\" \/><\/a>\n\t\t\t<\/div><\/figure><figure class='gallery-item'>\n\t\t\t<div class='gallery-icon portrait'>\n\t\t\t\t<a href='https:\/\/www.missoeshumanitarias.org\/wp-content\/uploads\/2021\/08\/missao_chile_treinamento4.jpg'><img decoding=\"async\" width=\"169\" height=\"300\" src=\"https:\/\/www.missoeshumanitarias.org\/wp-content\/uploads\/2021\/08\/missao_chile_treinamento4-169x300.jpg\" class=\"attachment-medium size-medium\" alt=\"\" srcset=\"https:\/\/www.missoeshumanitarias.org\/wp-content\/uploads\/2021\/08\/missao_chile_treinamento4-169x300.jpg 169w, https:\/\/www.missoeshumanitarias.org\/wp-content\/uploads\/2021\/08\/missao_chile_treinamento4.jpg 400w\" sizes=\"(max-width: 169px) 100vw, 169px\" \/><\/a>\n\t\t\t<\/div><\/figure><figure class='gallery-item'>\n\t\t\t<div class='gallery-icon portrait'>\n\t\t\t\t<a href='https:\/\/www.missoeshumanitarias.org\/wp-content\/uploads\/2021\/08\/missao_chile_treinamento5.jpg'><img loading=\"lazy\" decoding=\"async\" width=\"169\" height=\"300\" src=\"https:\/\/www.missoeshumanitarias.org\/wp-content\/uploads\/2021\/08\/missao_chile_treinamento5-169x300.jpg\" class=\"attachment-medium size-medium\" alt=\"\" srcset=\"https:\/\/www.missoeshumanitarias.org\/wp-content\/uploads\/2021\/08\/missao_chile_treinamento5-169x300.jpg 169w, https:\/\/www.missoeshumanitarias.org\/wp-content\/uploads\/2021\/08\/missao_chile_treinamento5.jpg 400w\" sizes=\"(max-width: 169px) 100vw, 169px\" \/><\/a>\n\t\t\t<\/div><\/figure><figure class='gallery-item'>\n\t\t\t<div class='gallery-icon landscape'>\n\t\t\t\t<a href='https:\/\/www.missoeshumanitarias.org\/wp-content\/uploads\/2021\/08\/missao_chile_treinamento6.jpg'><img loading=\"lazy\" decoding=\"async\" width=\"300\" height=\"169\" src=\"https:\/\/www.missoeshumanitarias.org\/wp-content\/uploads\/2021\/08\/missao_chile_treinamento6-300x169.jpg\" class=\"attachment-medium size-medium\" alt=\"\" srcset=\"https:\/\/www.missoeshumanitarias.org\/wp-content\/uploads\/2021\/08\/missao_chile_treinamento6-300x169.jpg 300w, https:\/\/www.missoeshumanitarias.org\/wp-content\/uploads\/2021\/08\/missao_chile_treinamento6.jpg 690w\" sizes=\"(max-width: 300px) 100vw, 300px\" \/><\/a>\n\t\t\t<\/div><\/figure><figure class='gallery-item'>\n\t\t\t<div class='gallery-icon landscape'>\n\t\t\t\t<a href='https:\/\/www.missoeshumanitarias.org\/wp-content\/uploads\/2021\/08\/missao_chile_treinamento3.jpg'><img loading=\"lazy\" decoding=\"async\" width=\"300\" height=\"169\" src=\"https:\/\/www.missoeshumanitarias.org\/wp-content\/uploads\/2021\/08\/missao_chile_treinamento3-300x169.jpg\" class=\"attachment-medium size-medium\" alt=\"\" srcset=\"https:\/\/www.missoeshumanitarias.org\/wp-content\/uploads\/2021\/08\/missao_chile_treinamento3-300x169.jpg 300w, https:\/\/www.missoeshumanitarias.org\/wp-content\/uploads\/2021\/08\/missao_chile_treinamento3.jpg 690w\" sizes=\"(max-width: 300px) 100vw, 300px\" \/><\/a>\n\t\t\t<\/div><\/figure>\n\t\t<\/div>\n\n","protected":false},"excerpt":{"rendered":"<p>El equipo que participar\u00e1 de la Misi\u00f3n Emergencia Chile se entren\u00f3 los d\u00edas 5 y 6 de febrero en\u00a0 la sede de la Fraternidade \u2013 Federaci\u00f3n Humanitaria Internacional, en la ciudad de Carmo da Cachoeira, sur del estado de Minas Gerais, Brasil. Se entrenaron en primeros auxilios y extinci\u00f3n de incendios. El equipo de la [&hellip;]<\/p>\n","protected":false},"author":1,"featured_media":131641,"comment_status":"open","ping_status":"open","sticky":false,"template":"","format":"standard","meta":{"footnotes":""},"categories":[43,131,139],"tags":[],"class_list":["post-131637","post","type-post","status-publish","format-standard","has-post-thumbnail","hentry","category-noticias-es","category-noticias-de-las-misiones","category-red-luz"],"featured_image_src":"https:\/\/www.missoeshumanitarias.org\/wp-content\/uploads\/2021\/08\/missao_chile_treinamento2.jpg","author_info":{"display_name":"maducato_admin","author_link":"https:\/\/www.missoeshumanitarias.org\/es\/author\/maducato_admin\/"},"yoast_head":"<!-- This site is optimized with the Yoast SEO Premium plugin v22.5 (Yoast SEO v22.5) - https:\/\/yoast.com\/wordpress\/plugins\/seo\/ -->\n<title>Misi\u00f3n Emergencia Chile: el grupo realiza entrenamiento en Carmo da Cachoeira - Fraternidade Miss\u00f5es Humanit\u00e1rias Internacionais<\/title>\n<meta name=\"robots\" content=\"index, follow, max-snippet:-1, max-image-preview:large, max-video-preview:-1\" \/>\n<link rel=\"canonical\" href=\"https:\/\/www.missoeshumanitarias.org\/es\/mision-emergencia-chile-el-grupo-realiza-entrenamiento-en-carmo-da-cachoeira\/\" \/>\n<meta property=\"og:locale\" content=\"es_ES\" \/>\n<meta property=\"og:type\" content=\"article\" \/>\n<meta property=\"og:title\" content=\"Misi\u00f3n Emergencia Chile: el grupo realiza entrenamiento en Carmo da Cachoeira\" \/>\n<meta property=\"og:description\" content=\"El equipo que participar\u00e1 de la Misi\u00f3n Emergencia Chile se entren\u00f3 los d\u00edas 5 y 6 de febrero en\u00a0 la sede de la Fraternidade \u2013 Federaci\u00f3n Humanitaria Internacional, en la ciudad de Carmo da Cachoeira, sur del estado de Minas Gerais, Brasil. Se entrenaron en primeros auxilios y extinci\u00f3n de incendios. El equipo de la [&hellip;]\" \/>\n<meta property=\"og:url\" content=\"https:\/\/www.missoeshumanitarias.org\/es\/mision-emergencia-chile-el-grupo-realiza-entrenamiento-en-carmo-da-cachoeira\/\" \/>\n<meta property=\"og:site_name\" content=\"Fraternidade Miss\u00f5es Humanit\u00e1rias Internacionais\" \/>\n<meta property=\"article:published_time\" content=\"2017-02-07T20:39:34+00:00\" \/>\n<meta property=\"og:image\" content=\"https:\/\/www.missoeshumanitarias.org\/wp-content\/uploads\/2021\/08\/missao_chile_treinamento2.jpg\" \/>\n\t<meta property=\"og:image:width\" content=\"690\" \/>\n\t<meta property=\"og:image:height\" content=\"388\" \/>\n\t<meta property=\"og:image:type\" content=\"image\/jpeg\" \/>\n<meta name=\"author\" content=\"maducato_admin\" \/>\n<meta name=\"twitter:card\" content=\"summary_large_image\" \/>\n<meta name=\"twitter:label1\" content=\"Escrito por\" \/>\n\t<meta name=\"twitter:data1\" content=\"maducato_admin\" \/>\n\t<meta name=\"twitter:label2\" content=\"Tiempo de lectura\" \/>\n\t<meta name=\"twitter:data2\" content=\"1 minuto\" \/>\n<script type=\"application\/ld+json\" class=\"yoast-schema-graph\">{\"@context\":\"https:\/\/schema.org\",\"@graph\":[{\"@type\":\"Article\",\"@id\":\"https:\/\/www.missoeshumanitarias.org\/es\/mision-emergencia-chile-el-grupo-realiza-entrenamiento-en-carmo-da-cachoeira\/#article\",\"isPartOf\":{\"@id\":\"https:\/\/www.missoeshumanitarias.org\/es\/mision-emergencia-chile-el-grupo-realiza-entrenamiento-en-carmo-da-cachoeira\/\"},\"author\":{\"name\":\"maducato_admin\",\"@id\":\"https:\/\/www.missoeshumanitarias.org\/es\/#\/schema\/person\/e0f8527323154d1eba9f9d9eb6b401f7\"},\"headline\":\"Misi\u00f3n Emergencia Chile: el grupo realiza entrenamiento en Carmo da Cachoeira\",\"datePublished\":\"2017-02-07T20:39:34+00:00\",\"dateModified\":\"2017-02-07T20:39:34+00:00\",\"mainEntityOfPage\":{\"@id\":\"https:\/\/www.missoeshumanitarias.org\/es\/mision-emergencia-chile-el-grupo-realiza-entrenamiento-en-carmo-da-cachoeira\/\"},\"wordCount\":265,\"commentCount\":0,\"publisher\":{\"@id\":\"https:\/\/www.missoeshumanitarias.org\/es\/#organization\"},\"image\":{\"@id\":\"https:\/\/www.missoeshumanitarias.org\/es\/mision-emergencia-chile-el-grupo-realiza-entrenamiento-en-carmo-da-cachoeira\/#primaryimage\"},\"thumbnailUrl\":\"https:\/\/www.missoeshumanitarias.org\/wp-content\/uploads\/2021\/08\/missao_chile_treinamento2.jpg\",\"articleSection\":[\"Noticias\",\"Noticias de las Misiones\",\"Red-Luz\"],\"inLanguage\":\"es\",\"potentialAction\":[{\"@type\":\"CommentAction\",\"name\":\"Comment\",\"target\":[\"https:\/\/www.missoeshumanitarias.org\/es\/mision-emergencia-chile-el-grupo-realiza-entrenamiento-en-carmo-da-cachoeira\/#respond\"]}]},{\"@type\":\"WebPage\",\"@id\":\"https:\/\/www.missoeshumanitarias.org\/es\/mision-emergencia-chile-el-grupo-realiza-entrenamiento-en-carmo-da-cachoeira\/\",\"url\":\"https:\/\/www.missoeshumanitarias.org\/es\/mision-emergencia-chile-el-grupo-realiza-entrenamiento-en-carmo-da-cachoeira\/\",\"name\":\"Misi\u00f3n Emergencia Chile: el grupo realiza entrenamiento en Carmo da Cachoeira - Fraternidade Miss\u00f5es Humanit\u00e1rias Internacionais\",\"isPartOf\":{\"@id\":\"https:\/\/www.missoeshumanitarias.org\/es\/#website\"},\"primaryImageOfPage\":{\"@id\":\"https:\/\/www.missoeshumanitarias.org\/es\/mision-emergencia-chile-el-grupo-realiza-entrenamiento-en-carmo-da-cachoeira\/#primaryimage\"},\"image\":{\"@id\":\"https:\/\/www.missoeshumanitarias.org\/es\/mision-emergencia-chile-el-grupo-realiza-entrenamiento-en-carmo-da-cachoeira\/#primaryimage\"},\"thumbnailUrl\":\"https:\/\/www.missoeshumanitarias.org\/wp-content\/uploads\/2021\/08\/missao_chile_treinamento2.jpg\",\"datePublished\":\"2017-02-07T20:39:34+00:00\",\"dateModified\":\"2017-02-07T20:39:34+00:00\",\"breadcrumb\":{\"@id\":\"https:\/\/www.missoeshumanitarias.org\/es\/mision-emergencia-chile-el-grupo-realiza-entrenamiento-en-carmo-da-cachoeira\/#breadcrumb\"},\"inLanguage\":\"es\",\"potentialAction\":[{\"@type\":\"ReadAction\",\"target\":[\"https:\/\/www.missoeshumanitarias.org\/es\/mision-emergencia-chile-el-grupo-realiza-entrenamiento-en-carmo-da-cachoeira\/\"]}]},{\"@type\":\"ImageObject\",\"inLanguage\":\"es\",\"@id\":\"https:\/\/www.missoeshumanitarias.org\/es\/mision-emergencia-chile-el-grupo-realiza-entrenamiento-en-carmo-da-cachoeira\/#primaryimage\",\"url\":\"https:\/\/www.missoeshumanitarias.org\/wp-content\/uploads\/2021\/08\/missao_chile_treinamento2.jpg\",\"contentUrl\":\"https:\/\/www.missoeshumanitarias.org\/wp-content\/uploads\/2021\/08\/missao_chile_treinamento2.jpg\",\"width\":690,\"height\":388},{\"@type\":\"BreadcrumbList\",\"@id\":\"https:\/\/www.missoeshumanitarias.org\/es\/mision-emergencia-chile-el-grupo-realiza-entrenamiento-en-carmo-da-cachoeira\/#breadcrumb\",\"itemListElement\":[{\"@type\":\"ListItem\",\"position\":1,\"name\":\"Home\",\"item\":\"https:\/\/www.missoeshumanitarias.org\/en\/\"},{\"@type\":\"ListItem\",\"position\":2,\"name\":\"Misi\u00f3n Emergencia Chile: el grupo realiza entrenamiento en Carmo da Cachoeira\"}]},{\"@type\":\"WebSite\",\"@id\":\"https:\/\/www.missoeshumanitarias.org\/es\/#website\",\"url\":\"https:\/\/www.missoeshumanitarias.org\/es\/\",\"name\":\"Fraternidade Miss\u00f5es Humanit\u00e1rias Internacionais\",\"description\":\"Respostas Humanit\u00e1rias e Emerg\u00eancias\",\"publisher\":{\"@id\":\"https:\/\/www.missoeshumanitarias.org\/es\/#organization\"},\"potentialAction\":[{\"@type\":\"SearchAction\",\"target\":{\"@type\":\"EntryPoint\",\"urlTemplate\":\"https:\/\/www.missoeshumanitarias.org\/es\/?s={search_term_string}\"},\"query-input\":\"required name=search_term_string\"}],\"inLanguage\":\"es\"},{\"@type\":\"Organization\",\"@id\":\"https:\/\/www.missoeshumanitarias.org\/es\/#organization\",\"name\":\"Fraternidade - Miss\u00f5es Humanit\u00e1rias Internacionais\",\"url\":\"https:\/\/www.missoeshumanitarias.org\/es\/\",\"logo\":{\"@type\":\"ImageObject\",\"inLanguage\":\"es\",\"@id\":\"https:\/\/www.missoeshumanitarias.org\/es\/#\/schema\/logo\/image\/\",\"url\":\"https:\/\/www.missoeshumanitarias.org\/wp-content\/uploads\/2020\/05\/logo-FMHI-mg.png\",\"contentUrl\":\"https:\/\/www.missoeshumanitarias.org\/wp-content\/uploads\/2020\/05\/logo-FMHI-mg.png\",\"width\":520,\"height\":134,\"caption\":\"Fraternidade - Miss\u00f5es Humanit\u00e1rias Internacionais\"},\"image\":{\"@id\":\"https:\/\/www.missoeshumanitarias.org\/es\/#\/schema\/logo\/image\/\"}},{\"@type\":\"Person\",\"@id\":\"https:\/\/www.missoeshumanitarias.org\/es\/#\/schema\/person\/e0f8527323154d1eba9f9d9eb6b401f7\",\"name\":\"maducato_admin\",\"image\":{\"@type\":\"ImageObject\",\"inLanguage\":\"es\",\"@id\":\"https:\/\/www.missoeshumanitarias.org\/es\/#\/schema\/person\/image\/\",\"url\":\"https:\/\/secure.gravatar.com\/avatar\/6c3b45186a8f5a459d8e14c7fca370bceae92402bc06171d75e4e559b6c24393?s=96&d=mm&r=g\",\"contentUrl\":\"https:\/\/secure.gravatar.com\/avatar\/6c3b45186a8f5a459d8e14c7fca370bceae92402bc06171d75e4e559b6c24393?s=96&d=mm&r=g\",\"caption\":\"maducato_admin\"}}]}<\/script>\n<!-- \/ Yoast SEO Premium plugin. -->","yoast_head_json":{"title":"Misi\u00f3n Emergencia Chile: el grupo realiza entrenamiento en Carmo da Cachoeira - Fraternidade Miss\u00f5es Humanit\u00e1rias Internacionais","robots":{"index":"index","follow":"follow","max-snippet":"max-snippet:-1","max-image-preview":"max-image-preview:large","max-video-preview":"max-video-preview:-1"},"canonical":"https:\/\/www.missoeshumanitarias.org\/es\/mision-emergencia-chile-el-grupo-realiza-entrenamiento-en-carmo-da-cachoeira\/","og_locale":"es_ES","og_type":"article","og_title":"Misi\u00f3n Emergencia Chile: el grupo realiza entrenamiento en Carmo da Cachoeira","og_description":"El equipo que participar\u00e1 de la Misi\u00f3n Emergencia Chile se entren\u00f3 los d\u00edas 5 y 6 de febrero en\u00a0 la sede de la Fraternidade \u2013 Federaci\u00f3n Humanitaria Internacional, en la ciudad de Carmo da Cachoeira, sur del estado de Minas Gerais, Brasil. Se entrenaron en primeros auxilios y extinci\u00f3n de incendios. El equipo de la [&hellip;]","og_url":"https:\/\/www.missoeshumanitarias.org\/es\/mision-emergencia-chile-el-grupo-realiza-entrenamiento-en-carmo-da-cachoeira\/","og_site_name":"Fraternidade Miss\u00f5es Humanit\u00e1rias Internacionais","article_published_time":"2017-02-07T20:39:34+00:00","og_image":[{"width":690,"height":388,"url":"https:\/\/www.missoeshumanitarias.org\/wp-content\/uploads\/2021\/08\/missao_chile_treinamento2.jpg","type":"image\/jpeg"}],"author":"maducato_admin","twitter_card":"summary_large_image","twitter_misc":{"Escrito por":"maducato_admin","Tiempo de lectura":"1 minuto"},"schema":{"@context":"https:\/\/schema.org","@graph":[{"@type":"Article","@id":"https:\/\/www.missoeshumanitarias.org\/es\/mision-emergencia-chile-el-grupo-realiza-entrenamiento-en-carmo-da-cachoeira\/#article","isPartOf":{"@id":"https:\/\/www.missoeshumanitarias.org\/es\/mision-emergencia-chile-el-grupo-realiza-entrenamiento-en-carmo-da-cachoeira\/"},"author":{"name":"maducato_admin","@id":"https:\/\/www.missoeshumanitarias.org\/es\/#\/schema\/person\/e0f8527323154d1eba9f9d9eb6b401f7"},"headline":"Misi\u00f3n Emergencia Chile: el grupo realiza entrenamiento en Carmo da Cachoeira","datePublished":"2017-02-07T20:39:34+00:00","dateModified":"2017-02-07T20:39:34+00:00","mainEntityOfPage":{"@id":"https:\/\/www.missoeshumanitarias.org\/es\/mision-emergencia-chile-el-grupo-realiza-entrenamiento-en-carmo-da-cachoeira\/"},"wordCount":265,"commentCount":0,"publisher":{"@id":"https:\/\/www.missoeshumanitarias.org\/es\/#organization"},"image":{"@id":"https:\/\/www.missoeshumanitarias.org\/es\/mision-emergencia-chile-el-grupo-realiza-entrenamiento-en-carmo-da-cachoeira\/#primaryimage"},"thumbnailUrl":"https:\/\/www.missoeshumanitarias.org\/wp-content\/uploads\/2021\/08\/missao_chile_treinamento2.jpg","articleSection":["Noticias","Noticias de las Misiones","Red-Luz"],"inLanguage":"es","potentialAction":[{"@type":"CommentAction","name":"Comment","target":["https:\/\/www.missoeshumanitarias.org\/es\/mision-emergencia-chile-el-grupo-realiza-entrenamiento-en-carmo-da-cachoeira\/#respond"]}]},{"@type":"WebPage","@id":"https:\/\/www.missoeshumanitarias.org\/es\/mision-emergencia-chile-el-grupo-realiza-entrenamiento-en-carmo-da-cachoeira\/","url":"https:\/\/www.missoeshumanitarias.org\/es\/mision-emergencia-chile-el-grupo-realiza-entrenamiento-en-carmo-da-cachoeira\/","name":"Misi\u00f3n Emergencia Chile: el grupo realiza entrenamiento en Carmo da Cachoeira - Fraternidade Miss\u00f5es Humanit\u00e1rias Internacionais","isPartOf":{"@id":"https:\/\/www.missoeshumanitarias.org\/es\/#website"},"primaryImageOfPage":{"@id":"https:\/\/www.missoeshumanitarias.org\/es\/mision-emergencia-chile-el-grupo-realiza-entrenamiento-en-carmo-da-cachoeira\/#primaryimage"},"image":{"@id":"https:\/\/www.missoeshumanitarias.org\/es\/mision-emergencia-chile-el-grupo-realiza-entrenamiento-en-carmo-da-cachoeira\/#primaryimage"},"thumbnailUrl":"https:\/\/www.missoeshumanitarias.org\/wp-content\/uploads\/2021\/08\/missao_chile_treinamento2.jpg","datePublished":"2017-02-07T20:39:34+00:00","dateModified":"2017-02-07T20:39:34+00:00","breadcrumb":{"@id":"https:\/\/www.missoeshumanitarias.org\/es\/mision-emergencia-chile-el-grupo-realiza-entrenamiento-en-carmo-da-cachoeira\/#breadcrumb"},"inLanguage":"es","potentialAction":[{"@type":"ReadAction","target":["https:\/\/www.missoeshumanitarias.org\/es\/mision-emergencia-chile-el-grupo-realiza-entrenamiento-en-carmo-da-cachoeira\/"]}]},{"@type":"ImageObject","inLanguage":"es","@id":"https:\/\/www.missoeshumanitarias.org\/es\/mision-emergencia-chile-el-grupo-realiza-entrenamiento-en-carmo-da-cachoeira\/#primaryimage","url":"https:\/\/www.missoeshumanitarias.org\/wp-content\/uploads\/2021\/08\/missao_chile_treinamento2.jpg","contentUrl":"https:\/\/www.missoeshumanitarias.org\/wp-content\/uploads\/2021\/08\/missao_chile_treinamento2.jpg","width":690,"height":388},{"@type":"BreadcrumbList","@id":"https:\/\/www.missoeshumanitarias.org\/es\/mision-emergencia-chile-el-grupo-realiza-entrenamiento-en-carmo-da-cachoeira\/#breadcrumb","itemListElement":[{"@type":"ListItem","position":1,"name":"Home","item":"https:\/\/www.missoeshumanitarias.org\/en\/"},{"@type":"ListItem","position":2,"name":"Misi\u00f3n Emergencia Chile: el grupo realiza entrenamiento en Carmo da Cachoeira"}]},{"@type":"WebSite","@id":"https:\/\/www.missoeshumanitarias.org\/es\/#website","url":"https:\/\/www.missoeshumanitarias.org\/es\/","name":"Fraternidade Miss\u00f5es Humanit\u00e1rias Internacionais","description":"Respostas Humanit\u00e1rias e Emerg\u00eancias","publisher":{"@id":"https:\/\/www.missoeshumanitarias.org\/es\/#organization"},"potentialAction":[{"@type":"SearchAction","target":{"@type":"EntryPoint","urlTemplate":"https:\/\/www.missoeshumanitarias.org\/es\/?s={search_term_string}"},"query-input":"required name=search_term_string"}],"inLanguage":"es"},{"@type":"Organization","@id":"https:\/\/www.missoeshumanitarias.org\/es\/#organization","name":"Fraternidade - Miss\u00f5es Humanit\u00e1rias Internacionais","url":"https:\/\/www.missoeshumanitarias.org\/es\/","logo":{"@type":"ImageObject","inLanguage":"es","@id":"https:\/\/www.missoeshumanitarias.org\/es\/#\/schema\/logo\/image\/","url":"https:\/\/www.missoeshumanitarias.org\/wp-content\/uploads\/2020\/05\/logo-FMHI-mg.png","contentUrl":"https:\/\/www.missoeshumanitarias.org\/wp-content\/uploads\/2020\/05\/logo-FMHI-mg.png","width":520,"height":134,"caption":"Fraternidade - Miss\u00f5es Humanit\u00e1rias Internacionais"},"image":{"@id":"https:\/\/www.missoeshumanitarias.org\/es\/#\/schema\/logo\/image\/"}},{"@type":"Person","@id":"https:\/\/www.missoeshumanitarias.org\/es\/#\/schema\/person\/e0f8527323154d1eba9f9d9eb6b401f7","name":"maducato_admin","image":{"@type":"ImageObject","inLanguage":"es","@id":"https:\/\/www.missoeshumanitarias.org\/es\/#\/schema\/person\/image\/","url":"https:\/\/secure.gravatar.com\/avatar\/6c3b45186a8f5a459d8e14c7fca370bceae92402bc06171d75e4e559b6c24393?s=96&d=mm&r=g","contentUrl":"https:\/\/secure.gravatar.com\/avatar\/6c3b45186a8f5a459d8e14c7fca370bceae92402bc06171d75e4e559b6c24393?s=96&d=mm&r=g","caption":"maducato_admin"}}]}},"_links":{"self":[{"href":"https:\/\/www.missoeshumanitarias.org\/es\/wp-json\/wp\/v2\/posts\/131637","targetHints":{"allow":["GET"]}}],"collection":[{"href":"https:\/\/www.missoeshumanitarias.org\/es\/wp-json\/wp\/v2\/posts"}],"about":[{"href":"https:\/\/www.missoeshumanitarias.org\/es\/wp-json\/wp\/v2\/types\/post"}],"author":[{"embeddable":true,"href":"https:\/\/www.missoeshumanitarias.org\/es\/wp-json\/wp\/v2\/users\/1"}],"replies":[{"embeddable":true,"href":"https:\/\/www.missoeshumanitarias.org\/es\/wp-json\/wp\/v2\/comments?post=131637"}],"version-history":[{"count":0,"href":"https:\/\/www.missoeshumanitarias.org\/es\/wp-json\/wp\/v2\/posts\/131637\/revisions"}],"wp:featuredmedia":[{"embeddable":true,"href":"https:\/\/www.missoeshumanitarias.org\/es\/wp-json\/wp\/v2\/media\/131641"}],"wp:attachment":[{"href":"https:\/\/www.missoeshumanitarias.org\/es\/wp-json\/wp\/v2\/media?parent=131637"}],"wp:term":[{"taxonomy":"category","embeddable":true,"href":"https:\/\/www.missoeshumanitarias.org\/es\/wp-json\/wp\/v2\/categories?post=131637"},{"taxonomy":"post_tag","embeddable":true,"href":"https:\/\/www.missoeshumanitarias.org\/es\/wp-json\/wp\/v2\/tags?post=131637"}],"curies":[{"name":"wp","href":"https:\/\/api.w.org\/{rel}","templated":true}]}}