{"id":131711,"date":"2017-05-16T19:44:32","date_gmt":"2017-05-16T22:44:32","guid":{"rendered":"https:\/\/www.missoeshumanitarias.org\/mision-grecia-fraternidade-retoma-contacto-con-la-embajada-de-brasil\/"},"modified":"2017-05-16T19:44:32","modified_gmt":"2017-05-16T22:44:32","slug":"mision-grecia-fraternidade-retoma-contacto-con-la-embajada-de-brasil","status":"publish","type":"post","link":"https:\/\/www.missoeshumanitarias.org\/es\/mision-grecia-fraternidade-retoma-contacto-con-la-embajada-de-brasil\/","title":{"rendered":"Misi\u00f3n Grecia \u2013 Fraternidade retoma contacto con la Embajada de Brasil"},"content":{"rendered":"<p class=\"p1\" style=\"text-align: justify;\"><strong>Lunes 1 a 7 domingo<\/strong><\/p>\n<p class=\"p1\" style=\"text-align: justify;\">Durante la semana los misioneros prosiguieron con el apoyo en la Casa 1 de las Misioneras de la Caridad de Madre Teresa de Calcuta, en la ciudad de Atenas. Ayudaron en la preparaci\u00f3n de alimentos que son servidos a diario y de 200 bollitos para servir en el desayuno. Tambi\u00e9n realizaron otras actividades de apoyo, como tareas de mantenimiento (reparaci\u00f3n de bancos del refectorio utilizados por los refugiados) selecci\u00f3n de ropa para entregar en el presidio masculino, planchado de las vestimentas usadas por las hermanas en la iglesia y ayuda en las compras.<\/p>\n<p class=\"p1\" style=\"text-align: justify;\">El viernes 5, los misioneros participaron de la celebraci\u00f3n de una misa en la Iglesia de San Jos\u00e9, que queda en el mismo lugar de la Casa 1 de las Hermanas de la Caridad. La misa fue dedicada a todas las personas refugiadas y carentes a quienes las hermanas reciben.<\/p>\n<p class=\"p1\" style=\"text-align: justify;\">El lunes y el mi\u00e9rcoles, el grupo ayud\u00f3 en la distribuci\u00f3n de ropa y calzado para los refugiados en la instituci\u00f3n Caritas Hellas .<\/p>\n<p class=\"p1\" style=\"text-align: justify;\">En la Iglesia dan Teodoro, en la ciudad de Anavyssos, la ayuda fue en la organizaci\u00f3n y clasificaci\u00f3n de las donaciones que ser\u00e1n ofrecidas en el bazar de navidad a fin de a\u00f1o, cuyo dinero recaudado se utilizar\u00e1 en la compra de alimentos para personas carentes.<\/p>\n<p class=\"p1\" style=\"text-align: justify;\">La <strong>Fraternidade \u2013 Federaci\u00f3n Humanitaria Internacional<\/strong>,<span class=\"Apple-converted-space\">\u00a0 <\/span>retoma contacto con la embajada de Brasil en Grecia. Ahora con el registro en el pa\u00eds, la instituci\u00f3n ser\u00e1 incluida por la embajada en la lista de organizaciones de ayuda humanitaria que act\u00faan en Grecia. Ser\u00e1 organizada tambi\u00e9n una presentaci\u00f3n de la Fraternidade para la comunidad brasilera que vive en el pa\u00eds, que ronda actualmente en torno de cuatro mil personas.<\/p>\n<div id='gallery-1' class='gallery galleryid-131711 gallery-columns-2 gallery-size-medium'><figure class='gallery-item'>\n\t\t\t<div class='gallery-icon landscape'>\n\t\t\t\t<a href='https:\/\/www.missoeshumanitarias.org\/wp-content\/uploads\/2021\/08\/refugiados_missao_grecia_separacao_roupas1.jpg'><img fetchpriority=\"high\" decoding=\"async\" width=\"300\" height=\"169\" src=\"https:\/\/www.missoeshumanitarias.org\/wp-content\/uploads\/2021\/08\/refugiados_missao_grecia_separacao_roupas1-300x169.jpg\" class=\"attachment-medium size-medium\" alt=\"\" srcset=\"https:\/\/www.missoeshumanitarias.org\/wp-content\/uploads\/2021\/08\/refugiados_missao_grecia_separacao_roupas1-300x169.jpg 300w, https:\/\/www.missoeshumanitarias.org\/wp-content\/uploads\/2021\/08\/refugiados_missao_grecia_separacao_roupas1.jpg 690w\" sizes=\"(max-width: 300px) 100vw, 300px\" \/><\/a>\n\t\t\t<\/div><\/figure><figure class='gallery-item'>\n\t\t\t<div class='gallery-icon landscape'>\n\t\t\t\t<a href='https:\/\/www.missoeshumanitarias.org\/wp-content\/uploads\/2021\/08\/refugiados_missao_grecia_reparo_bancos2.jpg'><img decoding=\"async\" width=\"300\" height=\"169\" src=\"https:\/\/www.missoeshumanitarias.org\/wp-content\/uploads\/2021\/08\/refugiados_missao_grecia_reparo_bancos2-300x169.jpg\" class=\"attachment-medium size-medium\" alt=\"\" srcset=\"https:\/\/www.missoeshumanitarias.org\/wp-content\/uploads\/2021\/08\/refugiados_missao_grecia_reparo_bancos2-300x169.jpg 300w, https:\/\/www.missoeshumanitarias.org\/wp-content\/uploads\/2021\/08\/refugiados_missao_grecia_reparo_bancos2.jpg 690w\" sizes=\"(max-width: 300px) 100vw, 300px\" \/><\/a>\n\t\t\t<\/div><\/figure><figure class='gallery-item'>\n\t\t\t<div class='gallery-icon landscape'>\n\t\t\t\t<a href='https:\/\/www.missoeshumanitarias.org\/wp-content\/uploads\/2021\/08\/refugiados_missao_grecia_passando_roupa.jpg'><img decoding=\"async\" width=\"300\" height=\"169\" src=\"https:\/\/www.missoeshumanitarias.org\/wp-content\/uploads\/2021\/08\/refugiados_missao_grecia_passando_roupa-300x169.jpg\" class=\"attachment-medium size-medium\" alt=\"\" srcset=\"https:\/\/www.missoeshumanitarias.org\/wp-content\/uploads\/2021\/08\/refugiados_missao_grecia_passando_roupa-300x169.jpg 300w, https:\/\/www.missoeshumanitarias.org\/wp-content\/uploads\/2021\/08\/refugiados_missao_grecia_passando_roupa.jpg 690w\" sizes=\"(max-width: 300px) 100vw, 300px\" \/><\/a>\n\t\t\t<\/div><\/figure><figure class='gallery-item'>\n\t\t\t<div class='gallery-icon landscape'>\n\t\t\t\t<a href='https:\/\/www.missoeshumanitarias.org\/wp-content\/uploads\/2021\/08\/refugiados_missao_grecia_distribuicao_roupas1.jpg'><img loading=\"lazy\" decoding=\"async\" width=\"300\" height=\"169\" src=\"https:\/\/www.missoeshumanitarias.org\/wp-content\/uploads\/2021\/08\/refugiados_missao_grecia_distribuicao_roupas1-300x169.jpg\" class=\"attachment-medium size-medium\" alt=\"\" srcset=\"https:\/\/www.missoeshumanitarias.org\/wp-content\/uploads\/2021\/08\/refugiados_missao_grecia_distribuicao_roupas1-300x169.jpg 300w, https:\/\/www.missoeshumanitarias.org\/wp-content\/uploads\/2021\/08\/refugiados_missao_grecia_distribuicao_roupas1.jpg 690w\" sizes=\"(max-width: 300px) 100vw, 300px\" \/><\/a>\n\t\t\t<\/div><\/figure><figure class='gallery-item'>\n\t\t\t<div class='gallery-icon landscape'>\n\t\t\t\t<a href='https:\/\/www.missoeshumanitarias.org\/wp-content\/uploads\/2021\/08\/refugiados_missao_grecia_preparando_bolinhos.jpg'><img loading=\"lazy\" decoding=\"async\" width=\"300\" height=\"169\" src=\"https:\/\/www.missoeshumanitarias.org\/wp-content\/uploads\/2021\/08\/refugiados_missao_grecia_preparando_bolinhos-300x169.jpg\" class=\"attachment-medium size-medium\" alt=\"\" srcset=\"https:\/\/www.missoeshumanitarias.org\/wp-content\/uploads\/2021\/08\/refugiados_missao_grecia_preparando_bolinhos-300x169.jpg 300w, https:\/\/www.missoeshumanitarias.org\/wp-content\/uploads\/2021\/08\/refugiados_missao_grecia_preparando_bolinhos.jpg 690w\" sizes=\"(max-width: 300px) 100vw, 300px\" \/><\/a>\n\t\t\t<\/div><\/figure>\n\t\t<\/div>\n\n<p class=\"p1\" style=\"text-align: justify;\">\n","protected":false},"excerpt":{"rendered":"<p>Lunes 1 a 7 domingo Durante la semana los misioneros prosiguieron con el apoyo en la Casa 1 de las Misioneras de la Caridad de Madre Teresa de Calcuta, en la ciudad de Atenas. Ayudaron en la preparaci\u00f3n de alimentos que son servidos a diario y de 200 bollitos para servir en el desayuno. Tambi\u00e9n [&hellip;]<\/p>\n","protected":false},"author":1,"featured_media":124216,"comment_status":"open","ping_status":"open","sticky":false,"template":"","format":"standard","meta":{"footnotes":""},"categories":[43,131],"tags":[],"class_list":["post-131711","post","type-post","status-publish","format-standard","has-post-thumbnail","hentry","category-noticias-es","category-noticias-de-las-misiones"],"featured_image_src":"https:\/\/www.missoeshumanitarias.org\/wp-content\/uploads\/2021\/08\/refugiados_missao_grecia_distribuicao_roupas1.jpg","author_info":{"display_name":"maducato_admin","author_link":"https:\/\/www.missoeshumanitarias.org\/es\/author\/maducato_admin\/"},"yoast_head":"<!-- This site is optimized with the Yoast SEO Premium plugin v22.5 (Yoast SEO v22.5) - https:\/\/yoast.com\/wordpress\/plugins\/seo\/ -->\n<title>Misi\u00f3n Grecia \u2013 Fraternidade retoma contacto con la Embajada de Brasil - Fraternidade Miss\u00f5es Humanit\u00e1rias Internacionais<\/title>\n<meta name=\"robots\" content=\"index, follow, max-snippet:-1, max-image-preview:large, max-video-preview:-1\" \/>\n<link rel=\"canonical\" href=\"https:\/\/www.missoeshumanitarias.org\/es\/mision-grecia-fraternidade-retoma-contacto-con-la-embajada-de-brasil\/\" \/>\n<meta property=\"og:locale\" content=\"es_ES\" \/>\n<meta property=\"og:type\" content=\"article\" \/>\n<meta property=\"og:title\" content=\"Misi\u00f3n Grecia \u2013 Fraternidade retoma contacto con la Embajada de Brasil\" \/>\n<meta property=\"og:description\" content=\"Lunes 1 a 7 domingo Durante la semana los misioneros prosiguieron con el apoyo en la Casa 1 de las Misioneras de la Caridad de Madre Teresa de Calcuta, en la ciudad de Atenas. Ayudaron en la preparaci\u00f3n de alimentos que son servidos a diario y de 200 bollitos para servir en el desayuno. Tambi\u00e9n [&hellip;]\" \/>\n<meta property=\"og:url\" content=\"https:\/\/www.missoeshumanitarias.org\/es\/mision-grecia-fraternidade-retoma-contacto-con-la-embajada-de-brasil\/\" \/>\n<meta property=\"og:site_name\" content=\"Fraternidade Miss\u00f5es Humanit\u00e1rias Internacionais\" \/>\n<meta property=\"article:published_time\" content=\"2017-05-16T22:44:32+00:00\" \/>\n<meta property=\"og:image\" content=\"https:\/\/www.missoeshumanitarias.org\/wp-content\/uploads\/2021\/08\/refugiados_missao_grecia_distribuicao_roupas1.jpg\" \/>\n\t<meta property=\"og:image:width\" content=\"690\" \/>\n\t<meta property=\"og:image:height\" content=\"388\" \/>\n\t<meta property=\"og:image:type\" content=\"image\/jpeg\" \/>\n<meta name=\"author\" content=\"maducato_admin\" \/>\n<meta name=\"twitter:card\" content=\"summary_large_image\" \/>\n<meta name=\"twitter:label1\" content=\"Escrito por\" \/>\n\t<meta name=\"twitter:data1\" content=\"maducato_admin\" \/>\n\t<meta name=\"twitter:label2\" content=\"Tiempo de lectura\" \/>\n\t<meta name=\"twitter:data2\" content=\"2 minutos\" \/>\n<script type=\"application\/ld+json\" class=\"yoast-schema-graph\">{\"@context\":\"https:\/\/schema.org\",\"@graph\":[{\"@type\":\"Article\",\"@id\":\"https:\/\/www.missoeshumanitarias.org\/es\/mision-grecia-fraternidade-retoma-contacto-con-la-embajada-de-brasil\/#article\",\"isPartOf\":{\"@id\":\"https:\/\/www.missoeshumanitarias.org\/es\/mision-grecia-fraternidade-retoma-contacto-con-la-embajada-de-brasil\/\"},\"author\":{\"name\":\"maducato_admin\",\"@id\":\"https:\/\/www.missoeshumanitarias.org\/es\/#\/schema\/person\/e0f8527323154d1eba9f9d9eb6b401f7\"},\"headline\":\"Misi\u00f3n Grecia \u2013 Fraternidade retoma contacto con la Embajada de Brasil\",\"datePublished\":\"2017-05-16T22:44:32+00:00\",\"dateModified\":\"2017-05-16T22:44:32+00:00\",\"mainEntityOfPage\":{\"@id\":\"https:\/\/www.missoeshumanitarias.org\/es\/mision-grecia-fraternidade-retoma-contacto-con-la-embajada-de-brasil\/\"},\"wordCount\":314,\"commentCount\":0,\"publisher\":{\"@id\":\"https:\/\/www.missoeshumanitarias.org\/es\/#organization\"},\"image\":{\"@id\":\"https:\/\/www.missoeshumanitarias.org\/es\/mision-grecia-fraternidade-retoma-contacto-con-la-embajada-de-brasil\/#primaryimage\"},\"thumbnailUrl\":\"https:\/\/www.missoeshumanitarias.org\/wp-content\/uploads\/2021\/08\/refugiados_missao_grecia_distribuicao_roupas1.jpg\",\"articleSection\":[\"Noticias\",\"Noticias de las Misiones\"],\"inLanguage\":\"es\",\"potentialAction\":[{\"@type\":\"CommentAction\",\"name\":\"Comment\",\"target\":[\"https:\/\/www.missoeshumanitarias.org\/es\/mision-grecia-fraternidade-retoma-contacto-con-la-embajada-de-brasil\/#respond\"]}]},{\"@type\":\"WebPage\",\"@id\":\"https:\/\/www.missoeshumanitarias.org\/es\/mision-grecia-fraternidade-retoma-contacto-con-la-embajada-de-brasil\/\",\"url\":\"https:\/\/www.missoeshumanitarias.org\/es\/mision-grecia-fraternidade-retoma-contacto-con-la-embajada-de-brasil\/\",\"name\":\"Misi\u00f3n Grecia \u2013 Fraternidade retoma contacto con la Embajada de Brasil - Fraternidade Miss\u00f5es Humanit\u00e1rias Internacionais\",\"isPartOf\":{\"@id\":\"https:\/\/www.missoeshumanitarias.org\/es\/#website\"},\"primaryImageOfPage\":{\"@id\":\"https:\/\/www.missoeshumanitarias.org\/es\/mision-grecia-fraternidade-retoma-contacto-con-la-embajada-de-brasil\/#primaryimage\"},\"image\":{\"@id\":\"https:\/\/www.missoeshumanitarias.org\/es\/mision-grecia-fraternidade-retoma-contacto-con-la-embajada-de-brasil\/#primaryimage\"},\"thumbnailUrl\":\"https:\/\/www.missoeshumanitarias.org\/wp-content\/uploads\/2021\/08\/refugiados_missao_grecia_distribuicao_roupas1.jpg\",\"datePublished\":\"2017-05-16T22:44:32+00:00\",\"dateModified\":\"2017-05-16T22:44:32+00:00\",\"breadcrumb\":{\"@id\":\"https:\/\/www.missoeshumanitarias.org\/es\/mision-grecia-fraternidade-retoma-contacto-con-la-embajada-de-brasil\/#breadcrumb\"},\"inLanguage\":\"es\",\"potentialAction\":[{\"@type\":\"ReadAction\",\"target\":[\"https:\/\/www.missoeshumanitarias.org\/es\/mision-grecia-fraternidade-retoma-contacto-con-la-embajada-de-brasil\/\"]}]},{\"@type\":\"ImageObject\",\"inLanguage\":\"es\",\"@id\":\"https:\/\/www.missoeshumanitarias.org\/es\/mision-grecia-fraternidade-retoma-contacto-con-la-embajada-de-brasil\/#primaryimage\",\"url\":\"https:\/\/www.missoeshumanitarias.org\/wp-content\/uploads\/2021\/08\/refugiados_missao_grecia_distribuicao_roupas1.jpg\",\"contentUrl\":\"https:\/\/www.missoeshumanitarias.org\/wp-content\/uploads\/2021\/08\/refugiados_missao_grecia_distribuicao_roupas1.jpg\",\"width\":690,\"height\":388},{\"@type\":\"BreadcrumbList\",\"@id\":\"https:\/\/www.missoeshumanitarias.org\/es\/mision-grecia-fraternidade-retoma-contacto-con-la-embajada-de-brasil\/#breadcrumb\",\"itemListElement\":[{\"@type\":\"ListItem\",\"position\":1,\"name\":\"Home\",\"item\":\"https:\/\/www.missoeshumanitarias.org\/en\/\"},{\"@type\":\"ListItem\",\"position\":2,\"name\":\"Misi\u00f3n Grecia \u2013 Fraternidade retoma contacto con la Embajada de Brasil\"}]},{\"@type\":\"WebSite\",\"@id\":\"https:\/\/www.missoeshumanitarias.org\/es\/#website\",\"url\":\"https:\/\/www.missoeshumanitarias.org\/es\/\",\"name\":\"Fraternidade Miss\u00f5es Humanit\u00e1rias Internacionais\",\"description\":\"Respostas Humanit\u00e1rias e Emerg\u00eancias\",\"publisher\":{\"@id\":\"https:\/\/www.missoeshumanitarias.org\/es\/#organization\"},\"potentialAction\":[{\"@type\":\"SearchAction\",\"target\":{\"@type\":\"EntryPoint\",\"urlTemplate\":\"https:\/\/www.missoeshumanitarias.org\/es\/?s={search_term_string}\"},\"query-input\":\"required name=search_term_string\"}],\"inLanguage\":\"es\"},{\"@type\":\"Organization\",\"@id\":\"https:\/\/www.missoeshumanitarias.org\/es\/#organization\",\"name\":\"Fraternidade - Miss\u00f5es Humanit\u00e1rias Internacionais\",\"url\":\"https:\/\/www.missoeshumanitarias.org\/es\/\",\"logo\":{\"@type\":\"ImageObject\",\"inLanguage\":\"es\",\"@id\":\"https:\/\/www.missoeshumanitarias.org\/es\/#\/schema\/logo\/image\/\",\"url\":\"https:\/\/www.missoeshumanitarias.org\/wp-content\/uploads\/2020\/05\/logo-FMHI-mg.png\",\"contentUrl\":\"https:\/\/www.missoeshumanitarias.org\/wp-content\/uploads\/2020\/05\/logo-FMHI-mg.png\",\"width\":520,\"height\":134,\"caption\":\"Fraternidade - Miss\u00f5es Humanit\u00e1rias Internacionais\"},\"image\":{\"@id\":\"https:\/\/www.missoeshumanitarias.org\/es\/#\/schema\/logo\/image\/\"}},{\"@type\":\"Person\",\"@id\":\"https:\/\/www.missoeshumanitarias.org\/es\/#\/schema\/person\/e0f8527323154d1eba9f9d9eb6b401f7\",\"name\":\"maducato_admin\",\"image\":{\"@type\":\"ImageObject\",\"inLanguage\":\"es\",\"@id\":\"https:\/\/www.missoeshumanitarias.org\/es\/#\/schema\/person\/image\/\",\"url\":\"https:\/\/secure.gravatar.com\/avatar\/6c3b45186a8f5a459d8e14c7fca370bceae92402bc06171d75e4e559b6c24393?s=96&d=mm&r=g\",\"contentUrl\":\"https:\/\/secure.gravatar.com\/avatar\/6c3b45186a8f5a459d8e14c7fca370bceae92402bc06171d75e4e559b6c24393?s=96&d=mm&r=g\",\"caption\":\"maducato_admin\"}}]}<\/script>\n<!-- \/ Yoast SEO Premium plugin. -->","yoast_head_json":{"title":"Misi\u00f3n Grecia \u2013 Fraternidade retoma contacto con la Embajada de Brasil - Fraternidade Miss\u00f5es Humanit\u00e1rias Internacionais","robots":{"index":"index","follow":"follow","max-snippet":"max-snippet:-1","max-image-preview":"max-image-preview:large","max-video-preview":"max-video-preview:-1"},"canonical":"https:\/\/www.missoeshumanitarias.org\/es\/mision-grecia-fraternidade-retoma-contacto-con-la-embajada-de-brasil\/","og_locale":"es_ES","og_type":"article","og_title":"Misi\u00f3n Grecia \u2013 Fraternidade retoma contacto con la Embajada de Brasil","og_description":"Lunes 1 a 7 domingo Durante la semana los misioneros prosiguieron con el apoyo en la Casa 1 de las Misioneras de la Caridad de Madre Teresa de Calcuta, en la ciudad de Atenas. Ayudaron en la preparaci\u00f3n de alimentos que son servidos a diario y de 200 bollitos para servir en el desayuno. Tambi\u00e9n [&hellip;]","og_url":"https:\/\/www.missoeshumanitarias.org\/es\/mision-grecia-fraternidade-retoma-contacto-con-la-embajada-de-brasil\/","og_site_name":"Fraternidade Miss\u00f5es Humanit\u00e1rias Internacionais","article_published_time":"2017-05-16T22:44:32+00:00","og_image":[{"width":690,"height":388,"url":"https:\/\/www.missoeshumanitarias.org\/wp-content\/uploads\/2021\/08\/refugiados_missao_grecia_distribuicao_roupas1.jpg","type":"image\/jpeg"}],"author":"maducato_admin","twitter_card":"summary_large_image","twitter_misc":{"Escrito por":"maducato_admin","Tiempo de lectura":"2 minutos"},"schema":{"@context":"https:\/\/schema.org","@graph":[{"@type":"Article","@id":"https:\/\/www.missoeshumanitarias.org\/es\/mision-grecia-fraternidade-retoma-contacto-con-la-embajada-de-brasil\/#article","isPartOf":{"@id":"https:\/\/www.missoeshumanitarias.org\/es\/mision-grecia-fraternidade-retoma-contacto-con-la-embajada-de-brasil\/"},"author":{"name":"maducato_admin","@id":"https:\/\/www.missoeshumanitarias.org\/es\/#\/schema\/person\/e0f8527323154d1eba9f9d9eb6b401f7"},"headline":"Misi\u00f3n Grecia \u2013 Fraternidade retoma contacto con la Embajada de Brasil","datePublished":"2017-05-16T22:44:32+00:00","dateModified":"2017-05-16T22:44:32+00:00","mainEntityOfPage":{"@id":"https:\/\/www.missoeshumanitarias.org\/es\/mision-grecia-fraternidade-retoma-contacto-con-la-embajada-de-brasil\/"},"wordCount":314,"commentCount":0,"publisher":{"@id":"https:\/\/www.missoeshumanitarias.org\/es\/#organization"},"image":{"@id":"https:\/\/www.missoeshumanitarias.org\/es\/mision-grecia-fraternidade-retoma-contacto-con-la-embajada-de-brasil\/#primaryimage"},"thumbnailUrl":"https:\/\/www.missoeshumanitarias.org\/wp-content\/uploads\/2021\/08\/refugiados_missao_grecia_distribuicao_roupas1.jpg","articleSection":["Noticias","Noticias de las Misiones"],"inLanguage":"es","potentialAction":[{"@type":"CommentAction","name":"Comment","target":["https:\/\/www.missoeshumanitarias.org\/es\/mision-grecia-fraternidade-retoma-contacto-con-la-embajada-de-brasil\/#respond"]}]},{"@type":"WebPage","@id":"https:\/\/www.missoeshumanitarias.org\/es\/mision-grecia-fraternidade-retoma-contacto-con-la-embajada-de-brasil\/","url":"https:\/\/www.missoeshumanitarias.org\/es\/mision-grecia-fraternidade-retoma-contacto-con-la-embajada-de-brasil\/","name":"Misi\u00f3n Grecia \u2013 Fraternidade retoma contacto con la Embajada de Brasil - Fraternidade Miss\u00f5es Humanit\u00e1rias Internacionais","isPartOf":{"@id":"https:\/\/www.missoeshumanitarias.org\/es\/#website"},"primaryImageOfPage":{"@id":"https:\/\/www.missoeshumanitarias.org\/es\/mision-grecia-fraternidade-retoma-contacto-con-la-embajada-de-brasil\/#primaryimage"},"image":{"@id":"https:\/\/www.missoeshumanitarias.org\/es\/mision-grecia-fraternidade-retoma-contacto-con-la-embajada-de-brasil\/#primaryimage"},"thumbnailUrl":"https:\/\/www.missoeshumanitarias.org\/wp-content\/uploads\/2021\/08\/refugiados_missao_grecia_distribuicao_roupas1.jpg","datePublished":"2017-05-16T22:44:32+00:00","dateModified":"2017-05-16T22:44:32+00:00","breadcrumb":{"@id":"https:\/\/www.missoeshumanitarias.org\/es\/mision-grecia-fraternidade-retoma-contacto-con-la-embajada-de-brasil\/#breadcrumb"},"inLanguage":"es","potentialAction":[{"@type":"ReadAction","target":["https:\/\/www.missoeshumanitarias.org\/es\/mision-grecia-fraternidade-retoma-contacto-con-la-embajada-de-brasil\/"]}]},{"@type":"ImageObject","inLanguage":"es","@id":"https:\/\/www.missoeshumanitarias.org\/es\/mision-grecia-fraternidade-retoma-contacto-con-la-embajada-de-brasil\/#primaryimage","url":"https:\/\/www.missoeshumanitarias.org\/wp-content\/uploads\/2021\/08\/refugiados_missao_grecia_distribuicao_roupas1.jpg","contentUrl":"https:\/\/www.missoeshumanitarias.org\/wp-content\/uploads\/2021\/08\/refugiados_missao_grecia_distribuicao_roupas1.jpg","width":690,"height":388},{"@type":"BreadcrumbList","@id":"https:\/\/www.missoeshumanitarias.org\/es\/mision-grecia-fraternidade-retoma-contacto-con-la-embajada-de-brasil\/#breadcrumb","itemListElement":[{"@type":"ListItem","position":1,"name":"Home","item":"https:\/\/www.missoeshumanitarias.org\/en\/"},{"@type":"ListItem","position":2,"name":"Misi\u00f3n Grecia \u2013 Fraternidade retoma contacto con la Embajada de Brasil"}]},{"@type":"WebSite","@id":"https:\/\/www.missoeshumanitarias.org\/es\/#website","url":"https:\/\/www.missoeshumanitarias.org\/es\/","name":"Fraternidade Miss\u00f5es Humanit\u00e1rias Internacionais","description":"Respostas Humanit\u00e1rias e Emerg\u00eancias","publisher":{"@id":"https:\/\/www.missoeshumanitarias.org\/es\/#organization"},"potentialAction":[{"@type":"SearchAction","target":{"@type":"EntryPoint","urlTemplate":"https:\/\/www.missoeshumanitarias.org\/es\/?s={search_term_string}"},"query-input":"required name=search_term_string"}],"inLanguage":"es"},{"@type":"Organization","@id":"https:\/\/www.missoeshumanitarias.org\/es\/#organization","name":"Fraternidade - Miss\u00f5es Humanit\u00e1rias Internacionais","url":"https:\/\/www.missoeshumanitarias.org\/es\/","logo":{"@type":"ImageObject","inLanguage":"es","@id":"https:\/\/www.missoeshumanitarias.org\/es\/#\/schema\/logo\/image\/","url":"https:\/\/www.missoeshumanitarias.org\/wp-content\/uploads\/2020\/05\/logo-FMHI-mg.png","contentUrl":"https:\/\/www.missoeshumanitarias.org\/wp-content\/uploads\/2020\/05\/logo-FMHI-mg.png","width":520,"height":134,"caption":"Fraternidade - Miss\u00f5es Humanit\u00e1rias Internacionais"},"image":{"@id":"https:\/\/www.missoeshumanitarias.org\/es\/#\/schema\/logo\/image\/"}},{"@type":"Person","@id":"https:\/\/www.missoeshumanitarias.org\/es\/#\/schema\/person\/e0f8527323154d1eba9f9d9eb6b401f7","name":"maducato_admin","image":{"@type":"ImageObject","inLanguage":"es","@id":"https:\/\/www.missoeshumanitarias.org\/es\/#\/schema\/person\/image\/","url":"https:\/\/secure.gravatar.com\/avatar\/6c3b45186a8f5a459d8e14c7fca370bceae92402bc06171d75e4e559b6c24393?s=96&d=mm&r=g","contentUrl":"https:\/\/secure.gravatar.com\/avatar\/6c3b45186a8f5a459d8e14c7fca370bceae92402bc06171d75e4e559b6c24393?s=96&d=mm&r=g","caption":"maducato_admin"}}]}},"_links":{"self":[{"href":"https:\/\/www.missoeshumanitarias.org\/es\/wp-json\/wp\/v2\/posts\/131711","targetHints":{"allow":["GET"]}}],"collection":[{"href":"https:\/\/www.missoeshumanitarias.org\/es\/wp-json\/wp\/v2\/posts"}],"about":[{"href":"https:\/\/www.missoeshumanitarias.org\/es\/wp-json\/wp\/v2\/types\/post"}],"author":[{"embeddable":true,"href":"https:\/\/www.missoeshumanitarias.org\/es\/wp-json\/wp\/v2\/users\/1"}],"replies":[{"embeddable":true,"href":"https:\/\/www.missoeshumanitarias.org\/es\/wp-json\/wp\/v2\/comments?post=131711"}],"version-history":[{"count":0,"href":"https:\/\/www.missoeshumanitarias.org\/es\/wp-json\/wp\/v2\/posts\/131711\/revisions"}],"wp:featuredmedia":[{"embeddable":true,"href":"https:\/\/www.missoeshumanitarias.org\/es\/wp-json\/wp\/v2\/media\/124216"}],"wp:attachment":[{"href":"https:\/\/www.missoeshumanitarias.org\/es\/wp-json\/wp\/v2\/media?parent=131711"}],"wp:term":[{"taxonomy":"category","embeddable":true,"href":"https:\/\/www.missoeshumanitarias.org\/es\/wp-json\/wp\/v2\/categories?post=131711"},{"taxonomy":"post_tag","embeddable":true,"href":"https:\/\/www.missoeshumanitarias.org\/es\/wp-json\/wp\/v2\/tags?post=131711"}],"curies":[{"name":"wp","href":"https:\/\/api.w.org\/{rel}","templated":true}]}}