{"id":131713,"date":"2017-05-29T20:06:22","date_gmt":"2017-05-29T23:06:22","guid":{"rendered":"https:\/\/www.missoeshumanitarias.org\/mision-roraima-humanitaria-el-numero-de-inmigrantes-venezolanos-aumentan-en-boa-vista\/"},"modified":"2017-05-29T20:06:22","modified_gmt":"2017-05-29T23:06:22","slug":"mision-roraima-humanitaria-el-numero-de-inmigrantes-venezolanos-aumentan-en-boa-vista","status":"publish","type":"post","link":"https:\/\/www.missoeshumanitarias.org\/es\/mision-roraima-humanitaria-el-numero-de-inmigrantes-venezolanos-aumentan-en-boa-vista\/","title":{"rendered":"Misi\u00f3n Roraima Humanitaria &#8211; el n\u00famero de inmigrantes venezolanos aumentan en Boa Vista"},"content":{"rendered":"<p class=\"p1\" style=\"text-align: justify;\"><strong>Viernes 12\/05 al viernes 19\/05<\/strong><\/p>\n<p class=\"p1\" style=\"text-align: justify;\">El viernes 12, estudiantes del \u00e1rea audiovisual de la Universidad Federal de Roraima (UFRR), realizaron un trabajo interactivo con los inmigrantes del refugio, con la exhibici\u00f3n de una pel\u00edcula seguida de debate y recogieron registros en fotos y videos para la producci\u00f3n de un material que se exhibir\u00e1 en el futuro.<\/p>\n<p class=\"p1\" style=\"text-align: justify;\">Contin\u00faan las reuniones diarias con las madres. El grupo intenta transmitir las actitudes de la energ\u00eda maternal y orientar sobre el cuidado de los hijos.<\/p>\n<p class=\"p1\" style=\"text-align: justify;\">Preparaci\u00f3n de tortas en el refugio para la celebraci\u00f3n que ocurrir\u00e1 al d\u00eda siguiente.<\/p>\n<p class=\"p1\" style=\"text-align: justify;\">El D\u00eda de las Madres en el CRI &#8211; Centro de Referencia al Inmigrante, fue conmemorado el s\u00e1bado 13. Hubo donaciones para las mujeres y se realizaron actividades de artesan\u00eda. Las mujeres Warao presentaron una danza, se repartieron las tortas y luego participaron en la celebraci\u00f3n de la misa de una iglesia de la ciudad de Boa Vista. En el per\u00edodo de la tarde el refugio recibi\u00f3 la visita de miembros de la Iglesia Universal y la Asamblea de Dios, que conmemoraron el d\u00eda con las madres y participaron de momentos de oraci\u00f3n con los misioneros de la <strong>Fraternidade &#8211; Federaci\u00f3n Humanitaria Internacional<\/strong>.<\/p>\n<p class=\"p1\" style=\"text-align: justify;\">El n\u00famero de inmigrantes venezolanos de origen ind\u00edgena aumenta y las mujeres con ni\u00f1os vuelven a pedir limosnas en los sem\u00e1foros pr\u00f3ximos al mercado libre llamado la \u00abFeria del Passar\u00e3o\u00bb, en la ciudad de Boa Vista. La Defensa Civil de Roraima retir\u00f3 a los inmigrantes de los lugares, pues est\u00e1 prohibido pedir limosnas con ni\u00f1os.<\/p>\n<p class=\"p1\" style=\"text-align: justify;\">\u00abEl hecho de que cada vez lleguen m\u00e1s inmigrantes exige de nosotros, como Fraternidad, una actividad m\u00e1s intensa, un esfuerzo, para poder coordinar la acogida, la alimentaci\u00f3n, las situaciones de salud que se presentan\u00bb, dijo Imer, misionero de la Fraternidade.<\/p>\n<p class=\"p1\" style=\"text-align: justify;\">El lunes 15, dejaron el refugio los \u00faltimos inmigrantes venezolanos que formaban parte de la lista, de los que deb\u00edan abandonar el lugar. La decisi\u00f3n fue tomada semanas atr\u00e1s ante la Defensa Civil de Roraima, para preservar el orden en el sitio. En ese mismo d\u00eda cientos de inmigrantes venidos de Venezuela acudieron a la sede de la Polic\u00eda Federal en la ciudad de Boa Vista para hacer documentos.<\/p>\n<p class=\"p1\" style=\"text-align: justify;\">Nuevas familias de inmigrantes venezolanos llegaron al abrigo el mi\u00e9rcoles 17. Los misioneros efectuaron la inscripci\u00f3n de los nuevos acogidos y prestaron asistencia m\u00e9dica dermatol\u00f3gica.<\/p>\n<p class=\"p1\" style=\"text-align: justify;\">Misioneros de la Iglesia Bautista de Belo Horizonte visitaron el albergue e hicieron presentaciones de teatro y circo.<\/p>\n<p class=\"p1\" style=\"text-align: justify;\">El 18, los misioneros participaron, en la ciudad de Pacaraima, de un encuentro con una misi\u00f3n de la ONU &#8211; Acnur y representantes del Gobierno Federal.<\/p>\n<p class=\"p1\" style=\"text-align: justify;\">El viernes 19, se recibieron donaciones de alimentos y un misionero de la Fraternidad realiz\u00f3 una clase de higiene bucal para madres e hijos.<\/p>\n<div id='gallery-1' class='gallery galleryid-131713 gallery-columns-2 gallery-size-medium'><figure class='gallery-item'>\n\t\t\t<div class='gallery-icon landscape'>\n\t\t\t\t<a href='https:\/\/www.missoeshumanitarias.org\/wp-content\/uploads\/2021\/08\/missionarios_missao_roraima_preparando_bolos.jpg'><img fetchpriority=\"high\" decoding=\"async\" width=\"300\" height=\"169\" src=\"https:\/\/www.missoeshumanitarias.org\/wp-content\/uploads\/2021\/08\/missionarios_missao_roraima_preparando_bolos-300x169.jpg\" class=\"attachment-medium size-medium\" alt=\"\" srcset=\"https:\/\/www.missoeshumanitarias.org\/wp-content\/uploads\/2021\/08\/missionarios_missao_roraima_preparando_bolos-300x169.jpg 300w, https:\/\/www.missoeshumanitarias.org\/wp-content\/uploads\/2021\/08\/missionarios_missao_roraima_preparando_bolos.jpg 690w\" sizes=\"(max-width: 300px) 100vw, 300px\" \/><\/a>\n\t\t\t<\/div><\/figure><figure class='gallery-item'>\n\t\t\t<div class='gallery-icon landscape'>\n\t\t\t\t<a href='https:\/\/www.missoeshumanitarias.org\/wp-content\/uploads\/2021\/08\/missionarios_missao_roraima_dia_maes_1.jpg'><img decoding=\"async\" width=\"300\" height=\"169\" src=\"https:\/\/www.missoeshumanitarias.org\/wp-content\/uploads\/2021\/08\/missionarios_missao_roraima_dia_maes_1-300x169.jpg\" class=\"attachment-medium size-medium\" alt=\"\" srcset=\"https:\/\/www.missoeshumanitarias.org\/wp-content\/uploads\/2021\/08\/missionarios_missao_roraima_dia_maes_1-300x169.jpg 300w, https:\/\/www.missoeshumanitarias.org\/wp-content\/uploads\/2021\/08\/missionarios_missao_roraima_dia_maes_1.jpg 690w\" sizes=\"(max-width: 300px) 100vw, 300px\" \/><\/a>\n\t\t\t<\/div><\/figure><figure class='gallery-item'>\n\t\t\t<div class='gallery-icon landscape'>\n\t\t\t\t<a href='https:\/\/www.missoeshumanitarias.org\/wp-content\/uploads\/2021\/08\/missionarios_missao_roraima_artesanato_mulheres.jpg'><img decoding=\"async\" width=\"300\" height=\"169\" src=\"https:\/\/www.missoeshumanitarias.org\/wp-content\/uploads\/2021\/08\/missionarios_missao_roraima_artesanato_mulheres-300x169.jpg\" class=\"attachment-medium size-medium\" alt=\"\" srcset=\"https:\/\/www.missoeshumanitarias.org\/wp-content\/uploads\/2021\/08\/missionarios_missao_roraima_artesanato_mulheres-300x169.jpg 300w, https:\/\/www.missoeshumanitarias.org\/wp-content\/uploads\/2021\/08\/missionarios_missao_roraima_artesanato_mulheres.jpg 690w\" sizes=\"(max-width: 300px) 100vw, 300px\" \/><\/a>\n\t\t\t<\/div><\/figure><figure class='gallery-item'>\n\t\t\t<div class='gallery-icon landscape'>\n\t\t\t\t<a href='https:\/\/www.missoeshumanitarias.org\/wp-content\/uploads\/2021\/08\/missionarios_missao_roraima_atendendo_dermatologico.jpg'><img loading=\"lazy\" decoding=\"async\" width=\"300\" height=\"169\" src=\"https:\/\/www.missoeshumanitarias.org\/wp-content\/uploads\/2021\/08\/missionarios_missao_roraima_atendendo_dermatologico-300x169.jpg\" class=\"attachment-medium size-medium\" alt=\"\" srcset=\"https:\/\/www.missoeshumanitarias.org\/wp-content\/uploads\/2021\/08\/missionarios_missao_roraima_atendendo_dermatologico-300x169.jpg 300w, https:\/\/www.missoeshumanitarias.org\/wp-content\/uploads\/2021\/08\/missionarios_missao_roraima_atendendo_dermatologico.jpg 690w\" sizes=\"(max-width: 300px) 100vw, 300px\" \/><\/a>\n\t\t\t<\/div><\/figure><figure class='gallery-item'>\n\t\t\t<div class='gallery-icon landscape'>\n\t\t\t\t<a href='https:\/\/www.missoeshumanitarias.org\/wp-content\/uploads\/2021\/08\/missionarios_missao_roraima_encontro_membros_onu_pacaraima.jpg'><img loading=\"lazy\" decoding=\"async\" width=\"300\" height=\"169\" src=\"https:\/\/www.missoeshumanitarias.org\/wp-content\/uploads\/2021\/08\/missionarios_missao_roraima_encontro_membros_onu_pacaraima-300x169.jpg\" class=\"attachment-medium size-medium\" alt=\"\" srcset=\"https:\/\/www.missoeshumanitarias.org\/wp-content\/uploads\/2021\/08\/missionarios_missao_roraima_encontro_membros_onu_pacaraima-300x169.jpg 300w, https:\/\/www.missoeshumanitarias.org\/wp-content\/uploads\/2021\/08\/missionarios_missao_roraima_encontro_membros_onu_pacaraima.jpg 690w\" sizes=\"(max-width: 300px) 100vw, 300px\" \/><\/a>\n\t\t\t<\/div><\/figure><figure class='gallery-item'>\n\t\t\t<div class='gallery-icon landscape'>\n\t\t\t\t<a href='https:\/\/www.missoeshumanitarias.org\/wp-content\/uploads\/2021\/08\/missionarios_missao_roraima_escovacao_dente.jpg'><img loading=\"lazy\" decoding=\"async\" width=\"300\" height=\"169\" src=\"https:\/\/www.missoeshumanitarias.org\/wp-content\/uploads\/2021\/08\/missionarios_missao_roraima_escovacao_dente-300x169.jpg\" class=\"attachment-medium size-medium\" alt=\"\" srcset=\"https:\/\/www.missoeshumanitarias.org\/wp-content\/uploads\/2021\/08\/missionarios_missao_roraima_escovacao_dente-300x169.jpg 300w, https:\/\/www.missoeshumanitarias.org\/wp-content\/uploads\/2021\/08\/missionarios_missao_roraima_escovacao_dente.jpg 690w\" sizes=\"(max-width: 300px) 100vw, 300px\" \/><\/a>\n\t\t\t<\/div><\/figure>\n\t\t<\/div>\n\n","protected":false},"excerpt":{"rendered":"<p>Viernes 12\/05 al viernes 19\/05 El viernes 12, estudiantes del \u00e1rea audiovisual de la Universidad Federal de Roraima (UFRR), realizaron un trabajo interactivo con los inmigrantes del refugio, con la exhibici\u00f3n de una pel\u00edcula seguida de debate y recogieron registros en fotos y videos para la producci\u00f3n de un material que se exhibir\u00e1 en el [&hellip;]<\/p>\n","protected":false},"author":1,"featured_media":124261,"comment_status":"open","ping_status":"open","sticky":false,"template":"","format":"standard","meta":{"footnotes":""},"categories":[43,131],"tags":[],"class_list":["post-131713","post","type-post","status-publish","format-standard","has-post-thumbnail","hentry","category-noticias-es","category-noticias-de-las-misiones"],"featured_image_src":"https:\/\/www.missoeshumanitarias.org\/wp-content\/uploads\/2021\/08\/missionarios_missao_roraima_dia_maes_1.jpg","author_info":{"display_name":"maducato_admin","author_link":"https:\/\/www.missoeshumanitarias.org\/es\/author\/maducato_admin\/"},"yoast_head":"<!-- This site is optimized with the Yoast SEO Premium plugin v22.5 (Yoast SEO v22.5) - https:\/\/yoast.com\/wordpress\/plugins\/seo\/ -->\n<title>Misi\u00f3n Roraima Humanitaria - el n\u00famero de inmigrantes venezolanos aumentan en Boa Vista - Fraternidade Miss\u00f5es Humanit\u00e1rias Internacionais<\/title>\n<meta name=\"robots\" content=\"index, follow, max-snippet:-1, max-image-preview:large, max-video-preview:-1\" \/>\n<link rel=\"canonical\" href=\"https:\/\/www.missoeshumanitarias.org\/es\/mision-roraima-humanitaria-el-numero-de-inmigrantes-venezolanos-aumentan-en-boa-vista\/\" \/>\n<meta property=\"og:locale\" content=\"es_ES\" \/>\n<meta property=\"og:type\" content=\"article\" \/>\n<meta property=\"og:title\" content=\"Misi\u00f3n Roraima Humanitaria - el n\u00famero de inmigrantes venezolanos aumentan en Boa Vista\" \/>\n<meta property=\"og:description\" content=\"Viernes 12\/05 al viernes 19\/05 El viernes 12, estudiantes del \u00e1rea audiovisual de la Universidad Federal de Roraima (UFRR), realizaron un trabajo interactivo con los inmigrantes del refugio, con la exhibici\u00f3n de una pel\u00edcula seguida de debate y recogieron registros en fotos y videos para la producci\u00f3n de un material que se exhibir\u00e1 en el [&hellip;]\" \/>\n<meta property=\"og:url\" content=\"https:\/\/www.missoeshumanitarias.org\/es\/mision-roraima-humanitaria-el-numero-de-inmigrantes-venezolanos-aumentan-en-boa-vista\/\" \/>\n<meta property=\"og:site_name\" content=\"Fraternidade Miss\u00f5es Humanit\u00e1rias Internacionais\" \/>\n<meta property=\"article:published_time\" content=\"2017-05-29T23:06:22+00:00\" \/>\n<meta property=\"og:image\" content=\"https:\/\/www.missoeshumanitarias.org\/wp-content\/uploads\/2021\/08\/missionarios_missao_roraima_dia_maes_1.jpg\" \/>\n\t<meta property=\"og:image:width\" content=\"690\" \/>\n\t<meta property=\"og:image:height\" content=\"388\" \/>\n\t<meta property=\"og:image:type\" content=\"image\/jpeg\" \/>\n<meta name=\"author\" content=\"maducato_admin\" \/>\n<meta name=\"twitter:card\" content=\"summary_large_image\" \/>\n<meta name=\"twitter:label1\" content=\"Escrito por\" \/>\n\t<meta name=\"twitter:data1\" content=\"maducato_admin\" \/>\n\t<meta name=\"twitter:label2\" content=\"Tiempo de lectura\" \/>\n\t<meta name=\"twitter:data2\" content=\"2 minutos\" \/>\n<script type=\"application\/ld+json\" class=\"yoast-schema-graph\">{\"@context\":\"https:\/\/schema.org\",\"@graph\":[{\"@type\":\"Article\",\"@id\":\"https:\/\/www.missoeshumanitarias.org\/es\/mision-roraima-humanitaria-el-numero-de-inmigrantes-venezolanos-aumentan-en-boa-vista\/#article\",\"isPartOf\":{\"@id\":\"https:\/\/www.missoeshumanitarias.org\/es\/mision-roraima-humanitaria-el-numero-de-inmigrantes-venezolanos-aumentan-en-boa-vista\/\"},\"author\":{\"name\":\"maducato_admin\",\"@id\":\"https:\/\/www.missoeshumanitarias.org\/es\/#\/schema\/person\/e0f8527323154d1eba9f9d9eb6b401f7\"},\"headline\":\"Misi\u00f3n Roraima Humanitaria &#8211; el n\u00famero de inmigrantes venezolanos aumentan en Boa Vista\",\"datePublished\":\"2017-05-29T23:06:22+00:00\",\"dateModified\":\"2017-05-29T23:06:22+00:00\",\"mainEntityOfPage\":{\"@id\":\"https:\/\/www.missoeshumanitarias.org\/es\/mision-roraima-humanitaria-el-numero-de-inmigrantes-venezolanos-aumentan-en-boa-vista\/\"},\"wordCount\":505,\"commentCount\":0,\"publisher\":{\"@id\":\"https:\/\/www.missoeshumanitarias.org\/es\/#organization\"},\"image\":{\"@id\":\"https:\/\/www.missoeshumanitarias.org\/es\/mision-roraima-humanitaria-el-numero-de-inmigrantes-venezolanos-aumentan-en-boa-vista\/#primaryimage\"},\"thumbnailUrl\":\"https:\/\/www.missoeshumanitarias.org\/wp-content\/uploads\/2021\/08\/missionarios_missao_roraima_dia_maes_1.jpg\",\"articleSection\":[\"Noticias\",\"Noticias de las Misiones\"],\"inLanguage\":\"es\",\"potentialAction\":[{\"@type\":\"CommentAction\",\"name\":\"Comment\",\"target\":[\"https:\/\/www.missoeshumanitarias.org\/es\/mision-roraima-humanitaria-el-numero-de-inmigrantes-venezolanos-aumentan-en-boa-vista\/#respond\"]}]},{\"@type\":\"WebPage\",\"@id\":\"https:\/\/www.missoeshumanitarias.org\/es\/mision-roraima-humanitaria-el-numero-de-inmigrantes-venezolanos-aumentan-en-boa-vista\/\",\"url\":\"https:\/\/www.missoeshumanitarias.org\/es\/mision-roraima-humanitaria-el-numero-de-inmigrantes-venezolanos-aumentan-en-boa-vista\/\",\"name\":\"Misi\u00f3n Roraima Humanitaria - el n\u00famero de inmigrantes venezolanos aumentan en Boa Vista - Fraternidade Miss\u00f5es Humanit\u00e1rias Internacionais\",\"isPartOf\":{\"@id\":\"https:\/\/www.missoeshumanitarias.org\/es\/#website\"},\"primaryImageOfPage\":{\"@id\":\"https:\/\/www.missoeshumanitarias.org\/es\/mision-roraima-humanitaria-el-numero-de-inmigrantes-venezolanos-aumentan-en-boa-vista\/#primaryimage\"},\"image\":{\"@id\":\"https:\/\/www.missoeshumanitarias.org\/es\/mision-roraima-humanitaria-el-numero-de-inmigrantes-venezolanos-aumentan-en-boa-vista\/#primaryimage\"},\"thumbnailUrl\":\"https:\/\/www.missoeshumanitarias.org\/wp-content\/uploads\/2021\/08\/missionarios_missao_roraima_dia_maes_1.jpg\",\"datePublished\":\"2017-05-29T23:06:22+00:00\",\"dateModified\":\"2017-05-29T23:06:22+00:00\",\"breadcrumb\":{\"@id\":\"https:\/\/www.missoeshumanitarias.org\/es\/mision-roraima-humanitaria-el-numero-de-inmigrantes-venezolanos-aumentan-en-boa-vista\/#breadcrumb\"},\"inLanguage\":\"es\",\"potentialAction\":[{\"@type\":\"ReadAction\",\"target\":[\"https:\/\/www.missoeshumanitarias.org\/es\/mision-roraima-humanitaria-el-numero-de-inmigrantes-venezolanos-aumentan-en-boa-vista\/\"]}]},{\"@type\":\"ImageObject\",\"inLanguage\":\"es\",\"@id\":\"https:\/\/www.missoeshumanitarias.org\/es\/mision-roraima-humanitaria-el-numero-de-inmigrantes-venezolanos-aumentan-en-boa-vista\/#primaryimage\",\"url\":\"https:\/\/www.missoeshumanitarias.org\/wp-content\/uploads\/2021\/08\/missionarios_missao_roraima_dia_maes_1.jpg\",\"contentUrl\":\"https:\/\/www.missoeshumanitarias.org\/wp-content\/uploads\/2021\/08\/missionarios_missao_roraima_dia_maes_1.jpg\",\"width\":690,\"height\":388},{\"@type\":\"BreadcrumbList\",\"@id\":\"https:\/\/www.missoeshumanitarias.org\/es\/mision-roraima-humanitaria-el-numero-de-inmigrantes-venezolanos-aumentan-en-boa-vista\/#breadcrumb\",\"itemListElement\":[{\"@type\":\"ListItem\",\"position\":1,\"name\":\"Home\",\"item\":\"https:\/\/www.missoeshumanitarias.org\/en\/\"},{\"@type\":\"ListItem\",\"position\":2,\"name\":\"Misi\u00f3n Roraima Humanitaria &#8211; el n\u00famero de inmigrantes venezolanos aumentan en Boa Vista\"}]},{\"@type\":\"WebSite\",\"@id\":\"https:\/\/www.missoeshumanitarias.org\/es\/#website\",\"url\":\"https:\/\/www.missoeshumanitarias.org\/es\/\",\"name\":\"Fraternidade Miss\u00f5es Humanit\u00e1rias Internacionais\",\"description\":\"Respostas Humanit\u00e1rias e Emerg\u00eancias\",\"publisher\":{\"@id\":\"https:\/\/www.missoeshumanitarias.org\/es\/#organization\"},\"potentialAction\":[{\"@type\":\"SearchAction\",\"target\":{\"@type\":\"EntryPoint\",\"urlTemplate\":\"https:\/\/www.missoeshumanitarias.org\/es\/?s={search_term_string}\"},\"query-input\":\"required name=search_term_string\"}],\"inLanguage\":\"es\"},{\"@type\":\"Organization\",\"@id\":\"https:\/\/www.missoeshumanitarias.org\/es\/#organization\",\"name\":\"Fraternidade - Miss\u00f5es Humanit\u00e1rias Internacionais\",\"url\":\"https:\/\/www.missoeshumanitarias.org\/es\/\",\"logo\":{\"@type\":\"ImageObject\",\"inLanguage\":\"es\",\"@id\":\"https:\/\/www.missoeshumanitarias.org\/es\/#\/schema\/logo\/image\/\",\"url\":\"https:\/\/www.missoeshumanitarias.org\/wp-content\/uploads\/2020\/05\/logo-FMHI-mg.png\",\"contentUrl\":\"https:\/\/www.missoeshumanitarias.org\/wp-content\/uploads\/2020\/05\/logo-FMHI-mg.png\",\"width\":520,\"height\":134,\"caption\":\"Fraternidade - Miss\u00f5es Humanit\u00e1rias Internacionais\"},\"image\":{\"@id\":\"https:\/\/www.missoeshumanitarias.org\/es\/#\/schema\/logo\/image\/\"}},{\"@type\":\"Person\",\"@id\":\"https:\/\/www.missoeshumanitarias.org\/es\/#\/schema\/person\/e0f8527323154d1eba9f9d9eb6b401f7\",\"name\":\"maducato_admin\",\"image\":{\"@type\":\"ImageObject\",\"inLanguage\":\"es\",\"@id\":\"https:\/\/www.missoeshumanitarias.org\/es\/#\/schema\/person\/image\/\",\"url\":\"https:\/\/secure.gravatar.com\/avatar\/6c3b45186a8f5a459d8e14c7fca370bceae92402bc06171d75e4e559b6c24393?s=96&d=mm&r=g\",\"contentUrl\":\"https:\/\/secure.gravatar.com\/avatar\/6c3b45186a8f5a459d8e14c7fca370bceae92402bc06171d75e4e559b6c24393?s=96&d=mm&r=g\",\"caption\":\"maducato_admin\"}}]}<\/script>\n<!-- \/ Yoast SEO Premium plugin. -->","yoast_head_json":{"title":"Misi\u00f3n Roraima Humanitaria - el n\u00famero de inmigrantes venezolanos aumentan en Boa Vista - Fraternidade Miss\u00f5es Humanit\u00e1rias Internacionais","robots":{"index":"index","follow":"follow","max-snippet":"max-snippet:-1","max-image-preview":"max-image-preview:large","max-video-preview":"max-video-preview:-1"},"canonical":"https:\/\/www.missoeshumanitarias.org\/es\/mision-roraima-humanitaria-el-numero-de-inmigrantes-venezolanos-aumentan-en-boa-vista\/","og_locale":"es_ES","og_type":"article","og_title":"Misi\u00f3n Roraima Humanitaria - el n\u00famero de inmigrantes venezolanos aumentan en Boa Vista","og_description":"Viernes 12\/05 al viernes 19\/05 El viernes 12, estudiantes del \u00e1rea audiovisual de la Universidad Federal de Roraima (UFRR), realizaron un trabajo interactivo con los inmigrantes del refugio, con la exhibici\u00f3n de una pel\u00edcula seguida de debate y recogieron registros en fotos y videos para la producci\u00f3n de un material que se exhibir\u00e1 en el [&hellip;]","og_url":"https:\/\/www.missoeshumanitarias.org\/es\/mision-roraima-humanitaria-el-numero-de-inmigrantes-venezolanos-aumentan-en-boa-vista\/","og_site_name":"Fraternidade Miss\u00f5es Humanit\u00e1rias Internacionais","article_published_time":"2017-05-29T23:06:22+00:00","og_image":[{"width":690,"height":388,"url":"https:\/\/www.missoeshumanitarias.org\/wp-content\/uploads\/2021\/08\/missionarios_missao_roraima_dia_maes_1.jpg","type":"image\/jpeg"}],"author":"maducato_admin","twitter_card":"summary_large_image","twitter_misc":{"Escrito por":"maducato_admin","Tiempo de lectura":"2 minutos"},"schema":{"@context":"https:\/\/schema.org","@graph":[{"@type":"Article","@id":"https:\/\/www.missoeshumanitarias.org\/es\/mision-roraima-humanitaria-el-numero-de-inmigrantes-venezolanos-aumentan-en-boa-vista\/#article","isPartOf":{"@id":"https:\/\/www.missoeshumanitarias.org\/es\/mision-roraima-humanitaria-el-numero-de-inmigrantes-venezolanos-aumentan-en-boa-vista\/"},"author":{"name":"maducato_admin","@id":"https:\/\/www.missoeshumanitarias.org\/es\/#\/schema\/person\/e0f8527323154d1eba9f9d9eb6b401f7"},"headline":"Misi\u00f3n Roraima Humanitaria &#8211; el n\u00famero de inmigrantes venezolanos aumentan en Boa Vista","datePublished":"2017-05-29T23:06:22+00:00","dateModified":"2017-05-29T23:06:22+00:00","mainEntityOfPage":{"@id":"https:\/\/www.missoeshumanitarias.org\/es\/mision-roraima-humanitaria-el-numero-de-inmigrantes-venezolanos-aumentan-en-boa-vista\/"},"wordCount":505,"commentCount":0,"publisher":{"@id":"https:\/\/www.missoeshumanitarias.org\/es\/#organization"},"image":{"@id":"https:\/\/www.missoeshumanitarias.org\/es\/mision-roraima-humanitaria-el-numero-de-inmigrantes-venezolanos-aumentan-en-boa-vista\/#primaryimage"},"thumbnailUrl":"https:\/\/www.missoeshumanitarias.org\/wp-content\/uploads\/2021\/08\/missionarios_missao_roraima_dia_maes_1.jpg","articleSection":["Noticias","Noticias de las Misiones"],"inLanguage":"es","potentialAction":[{"@type":"CommentAction","name":"Comment","target":["https:\/\/www.missoeshumanitarias.org\/es\/mision-roraima-humanitaria-el-numero-de-inmigrantes-venezolanos-aumentan-en-boa-vista\/#respond"]}]},{"@type":"WebPage","@id":"https:\/\/www.missoeshumanitarias.org\/es\/mision-roraima-humanitaria-el-numero-de-inmigrantes-venezolanos-aumentan-en-boa-vista\/","url":"https:\/\/www.missoeshumanitarias.org\/es\/mision-roraima-humanitaria-el-numero-de-inmigrantes-venezolanos-aumentan-en-boa-vista\/","name":"Misi\u00f3n Roraima Humanitaria - el n\u00famero de inmigrantes venezolanos aumentan en Boa Vista - Fraternidade Miss\u00f5es Humanit\u00e1rias Internacionais","isPartOf":{"@id":"https:\/\/www.missoeshumanitarias.org\/es\/#website"},"primaryImageOfPage":{"@id":"https:\/\/www.missoeshumanitarias.org\/es\/mision-roraima-humanitaria-el-numero-de-inmigrantes-venezolanos-aumentan-en-boa-vista\/#primaryimage"},"image":{"@id":"https:\/\/www.missoeshumanitarias.org\/es\/mision-roraima-humanitaria-el-numero-de-inmigrantes-venezolanos-aumentan-en-boa-vista\/#primaryimage"},"thumbnailUrl":"https:\/\/www.missoeshumanitarias.org\/wp-content\/uploads\/2021\/08\/missionarios_missao_roraima_dia_maes_1.jpg","datePublished":"2017-05-29T23:06:22+00:00","dateModified":"2017-05-29T23:06:22+00:00","breadcrumb":{"@id":"https:\/\/www.missoeshumanitarias.org\/es\/mision-roraima-humanitaria-el-numero-de-inmigrantes-venezolanos-aumentan-en-boa-vista\/#breadcrumb"},"inLanguage":"es","potentialAction":[{"@type":"ReadAction","target":["https:\/\/www.missoeshumanitarias.org\/es\/mision-roraima-humanitaria-el-numero-de-inmigrantes-venezolanos-aumentan-en-boa-vista\/"]}]},{"@type":"ImageObject","inLanguage":"es","@id":"https:\/\/www.missoeshumanitarias.org\/es\/mision-roraima-humanitaria-el-numero-de-inmigrantes-venezolanos-aumentan-en-boa-vista\/#primaryimage","url":"https:\/\/www.missoeshumanitarias.org\/wp-content\/uploads\/2021\/08\/missionarios_missao_roraima_dia_maes_1.jpg","contentUrl":"https:\/\/www.missoeshumanitarias.org\/wp-content\/uploads\/2021\/08\/missionarios_missao_roraima_dia_maes_1.jpg","width":690,"height":388},{"@type":"BreadcrumbList","@id":"https:\/\/www.missoeshumanitarias.org\/es\/mision-roraima-humanitaria-el-numero-de-inmigrantes-venezolanos-aumentan-en-boa-vista\/#breadcrumb","itemListElement":[{"@type":"ListItem","position":1,"name":"Home","item":"https:\/\/www.missoeshumanitarias.org\/en\/"},{"@type":"ListItem","position":2,"name":"Misi\u00f3n Roraima Humanitaria &#8211; el n\u00famero de inmigrantes venezolanos aumentan en Boa Vista"}]},{"@type":"WebSite","@id":"https:\/\/www.missoeshumanitarias.org\/es\/#website","url":"https:\/\/www.missoeshumanitarias.org\/es\/","name":"Fraternidade Miss\u00f5es Humanit\u00e1rias Internacionais","description":"Respostas Humanit\u00e1rias e Emerg\u00eancias","publisher":{"@id":"https:\/\/www.missoeshumanitarias.org\/es\/#organization"},"potentialAction":[{"@type":"SearchAction","target":{"@type":"EntryPoint","urlTemplate":"https:\/\/www.missoeshumanitarias.org\/es\/?s={search_term_string}"},"query-input":"required name=search_term_string"}],"inLanguage":"es"},{"@type":"Organization","@id":"https:\/\/www.missoeshumanitarias.org\/es\/#organization","name":"Fraternidade - Miss\u00f5es Humanit\u00e1rias Internacionais","url":"https:\/\/www.missoeshumanitarias.org\/es\/","logo":{"@type":"ImageObject","inLanguage":"es","@id":"https:\/\/www.missoeshumanitarias.org\/es\/#\/schema\/logo\/image\/","url":"https:\/\/www.missoeshumanitarias.org\/wp-content\/uploads\/2020\/05\/logo-FMHI-mg.png","contentUrl":"https:\/\/www.missoeshumanitarias.org\/wp-content\/uploads\/2020\/05\/logo-FMHI-mg.png","width":520,"height":134,"caption":"Fraternidade - Miss\u00f5es Humanit\u00e1rias Internacionais"},"image":{"@id":"https:\/\/www.missoeshumanitarias.org\/es\/#\/schema\/logo\/image\/"}},{"@type":"Person","@id":"https:\/\/www.missoeshumanitarias.org\/es\/#\/schema\/person\/e0f8527323154d1eba9f9d9eb6b401f7","name":"maducato_admin","image":{"@type":"ImageObject","inLanguage":"es","@id":"https:\/\/www.missoeshumanitarias.org\/es\/#\/schema\/person\/image\/","url":"https:\/\/secure.gravatar.com\/avatar\/6c3b45186a8f5a459d8e14c7fca370bceae92402bc06171d75e4e559b6c24393?s=96&d=mm&r=g","contentUrl":"https:\/\/secure.gravatar.com\/avatar\/6c3b45186a8f5a459d8e14c7fca370bceae92402bc06171d75e4e559b6c24393?s=96&d=mm&r=g","caption":"maducato_admin"}}]}},"_links":{"self":[{"href":"https:\/\/www.missoeshumanitarias.org\/es\/wp-json\/wp\/v2\/posts\/131713","targetHints":{"allow":["GET"]}}],"collection":[{"href":"https:\/\/www.missoeshumanitarias.org\/es\/wp-json\/wp\/v2\/posts"}],"about":[{"href":"https:\/\/www.missoeshumanitarias.org\/es\/wp-json\/wp\/v2\/types\/post"}],"author":[{"embeddable":true,"href":"https:\/\/www.missoeshumanitarias.org\/es\/wp-json\/wp\/v2\/users\/1"}],"replies":[{"embeddable":true,"href":"https:\/\/www.missoeshumanitarias.org\/es\/wp-json\/wp\/v2\/comments?post=131713"}],"version-history":[{"count":0,"href":"https:\/\/www.missoeshumanitarias.org\/es\/wp-json\/wp\/v2\/posts\/131713\/revisions"}],"wp:featuredmedia":[{"embeddable":true,"href":"https:\/\/www.missoeshumanitarias.org\/es\/wp-json\/wp\/v2\/media\/124261"}],"wp:attachment":[{"href":"https:\/\/www.missoeshumanitarias.org\/es\/wp-json\/wp\/v2\/media?parent=131713"}],"wp:term":[{"taxonomy":"category","embeddable":true,"href":"https:\/\/www.missoeshumanitarias.org\/es\/wp-json\/wp\/v2\/categories?post=131713"},{"taxonomy":"post_tag","embeddable":true,"href":"https:\/\/www.missoeshumanitarias.org\/es\/wp-json\/wp\/v2\/tags?post=131713"}],"curies":[{"name":"wp","href":"https:\/\/api.w.org\/{rel}","templated":true}]}}