{"id":131734,"date":"2017-08-03T14:06:24","date_gmt":"2017-08-03T17:06:24","guid":{"rendered":"https:\/\/www.missoeshumanitarias.org\/mision-grecia-visita-al-centro-de-detencion\/"},"modified":"2017-08-03T14:06:24","modified_gmt":"2017-08-03T17:06:24","slug":"mision-grecia-visita-al-centro-de-detencion","status":"publish","type":"post","link":"https:\/\/www.missoeshumanitarias.org\/es\/mision-grecia-visita-al-centro-de-detencion\/","title":{"rendered":"Misi\u00f3n Grecia &#8211; visita al centro de detenci\u00f3n"},"content":{"rendered":"<p class=\"western\" style=\"text-align: justify;\" align=\"JUSTIFY\"><b>Lunes 17\/07 al 23\/07 domingo<\/b><\/p>\n<p class=\"western\" style=\"text-align: justify;\" align=\"JUSTIFY\"><b>\u00c9poca de verano<br \/>\n<a href=\"https:\/\/www.fraterinternacional.org\/wp-content\/uploads\/2017\/07\/grecia_missao_missionarios_roupas_deposito2_julho_2017.jpg\"><img fetchpriority=\"high\" decoding=\"async\" class=\"size-medium wp-image-59256 alignright\" src=\"https:\/\/www.missoeshumanitarias.org\/wp-content\/uploads\/2021\/08\/grecia_missao_missionarios_roupas_deposito2_julho_2017-225x300-1.jpg\" alt=\"\" width=\"225\" height=\"300\" \/><\/a><\/b><span style=\"font-weight: 400;\">La actividad de los misioneros de la <\/span><b>Fraternidade _ Federaci\u00f3n Humanitaria Internacional <\/b><span style=\"font-weight: 400;\">en la instituci\u00f3n Caritas Hellas, en la ciudad de Atenas, fue en apoyo a la organizaci\u00f3n del dep\u00f3sito y la distribuci\u00f3n de ropa. Durante la semana hubo una gran demanda de ropa masculina de verano, por lo que se acab\u00f3 lo que estaba disponible. Para atenuar la situaci\u00f3n, los misioneros trasladaron ropa masculina del dep\u00f3sito de la Asociaci\u00f3n de Lagonisi para Caritas.<\/span><\/p>\n<p style=\"text-align: justify;\" align=\"JUSTIFY\"><span style=\"font-weight: 400;\">Tambi\u00e9n se realiz\u00f3 un trabajo de selecci\u00f3n, organizaci\u00f3n y distribuci\u00f3n de ropa femenina, ya que la demanda ha sido muy grande durante la semana.<\/span><\/p>\n<p class=\"western\" style=\"text-align: justify;\" align=\"JUSTIFY\"><b>Donaciones en el centro de detenci\u00f3n<br \/>\n<\/b>En las Misioneras de la Caridad de Madre Teresa de Calcuta, los misioneros continuaron dando apoyo en la preparaci\u00f3n y distribuci\u00f3n de alimentos, y efectuaron un trabajo m\u00e1s intenso en la compra de materiales de higiene para llevar al centro de detenci\u00f3n de refugiados ilegales.<\/p>\n<p class=\"western\" style=\"text-align: justify;\">La distribuci\u00f3n de cepillos de dientes y pasta dental, adem\u00e1s de ropa y calzado, se realiz\u00f3 durante la visita de los misioneros al centro de detenci\u00f3n.<br \/>\n\u00abEsta visita siempre es importante porque es un momento que los detenidos tienen para contar lo que est\u00e1 sucediendo, cu\u00e1nto tiempo hace que est\u00e1n all\u00ed y la marcha del proceso. Es interesante, pues, a veces, podemos ver el progreso de c\u00f3mo se van encaminando. Cuando volvemos, vemos que algunas personas, que estaba en la visita anterior, ya fueron liberadas con los documentos en orden. Es un lado positivo de la visita, saber que algunos consiguen su libertad\u00bb, dijo Ricardo Baumgartner, coordinador de los misioneros de la Fraternidade.<\/p>\n<p class=\"western\" style=\"text-align: justify;\">En la Iglesia Ortodoxa de San Teodoro, el apoyo fue en la preparaci\u00f3n y armado de 70 bolsas con alimentos.<\/p>\n<p class=\"western\" style=\"text-align: justify;\">En la base misionera en Atenas, los misioneros aprovecharon la estaci\u00f3n del verano para retomar la organizaci\u00f3n del jard\u00edn.<\/p>\n<div id='gallery-1' class='gallery galleryid-131734 gallery-columns-2 gallery-size-medium'><figure class='gallery-item'>\n\t\t\t<div class='gallery-icon landscape'>\n\t\t\t\t<a href='https:\/\/www.missoeshumanitarias.org\/wp-content\/uploads\/2021\/08\/grecia_missao_base_jardim1_julho_2017.jpg'><img decoding=\"async\" width=\"300\" height=\"212\" src=\"https:\/\/www.missoeshumanitarias.org\/wp-content\/uploads\/2021\/08\/grecia_missao_base_jardim1_julho_2017-300x212.jpg\" class=\"attachment-medium size-medium\" alt=\"\" srcset=\"https:\/\/www.missoeshumanitarias.org\/wp-content\/uploads\/2021\/08\/grecia_missao_base_jardim1_julho_2017-300x212.jpg 300w, https:\/\/www.missoeshumanitarias.org\/wp-content\/uploads\/2021\/08\/grecia_missao_base_jardim1_julho_2017.jpg 400w\" sizes=\"(max-width: 300px) 100vw, 300px\" \/><\/a>\n\t\t\t<\/div><\/figure><figure class='gallery-item'>\n\t\t\t<div class='gallery-icon landscape'>\n\t\t\t\t<a href='https:\/\/www.missoeshumanitarias.org\/wp-content\/uploads\/2021\/08\/grecia_missao_base_jardim2_julho_2017.jpg'><img decoding=\"async\" width=\"300\" height=\"225\" src=\"https:\/\/www.missoeshumanitarias.org\/wp-content\/uploads\/2021\/08\/grecia_missao_base_jardim2_julho_2017-300x225.jpg\" class=\"attachment-medium size-medium\" alt=\"\" srcset=\"https:\/\/www.missoeshumanitarias.org\/wp-content\/uploads\/2021\/08\/grecia_missao_base_jardim2_julho_2017-300x225.jpg 300w, https:\/\/www.missoeshumanitarias.org\/wp-content\/uploads\/2021\/08\/grecia_missao_base_jardim2_julho_2017.jpg 400w\" sizes=\"(max-width: 300px) 100vw, 300px\" \/><\/a>\n\t\t\t<\/div><\/figure>\n\t\t<\/div>\n\n","protected":false},"excerpt":{"rendered":"<p>Lunes 17\/07 al 23\/07 domingo \u00c9poca de verano La actividad de los misioneros de la Fraternidade _ Federaci\u00f3n Humanitaria Internacional en la instituci\u00f3n Caritas Hellas, en la ciudad de Atenas, fue en apoyo a la organizaci\u00f3n del dep\u00f3sito y la distribuci\u00f3n de ropa. Durante la semana hubo una gran demanda de ropa masculina de verano, [&hellip;]<\/p>\n","protected":false},"author":1,"featured_media":124827,"comment_status":"open","ping_status":"open","sticky":false,"template":"","format":"standard","meta":{"footnotes":""},"categories":[43,131],"tags":[],"class_list":["post-131734","post","type-post","status-publish","format-standard","has-post-thumbnail","hentry","category-noticias-es","category-noticias-de-las-misiones"],"featured_image_src":"https:\/\/www.missoeshumanitarias.org\/wp-content\/uploads\/2021\/08\/grecia_missao_doacoes_carro2_julho_2017.jpg","author_info":{"display_name":"maducato_admin","author_link":"https:\/\/www.missoeshumanitarias.org\/es\/author\/maducato_admin\/"},"yoast_head":"<!-- This site is optimized with the Yoast SEO Premium plugin v22.5 (Yoast SEO v22.5) - https:\/\/yoast.com\/wordpress\/plugins\/seo\/ -->\n<title>Misi\u00f3n Grecia - visita al centro de detenci\u00f3n - Fraternidade Miss\u00f5es Humanit\u00e1rias Internacionais<\/title>\n<meta name=\"robots\" content=\"index, follow, max-snippet:-1, max-image-preview:large, max-video-preview:-1\" \/>\n<link rel=\"canonical\" href=\"https:\/\/www.missoeshumanitarias.org\/es\/mision-grecia-visita-al-centro-de-detencion\/\" \/>\n<meta property=\"og:locale\" content=\"es_ES\" \/>\n<meta property=\"og:type\" content=\"article\" \/>\n<meta property=\"og:title\" content=\"Misi\u00f3n Grecia - visita al centro de detenci\u00f3n\" \/>\n<meta property=\"og:description\" content=\"Lunes 17\/07 al 23\/07 domingo \u00c9poca de verano La actividad de los misioneros de la Fraternidade _ Federaci\u00f3n Humanitaria Internacional en la instituci\u00f3n Caritas Hellas, en la ciudad de Atenas, fue en apoyo a la organizaci\u00f3n del dep\u00f3sito y la distribuci\u00f3n de ropa. Durante la semana hubo una gran demanda de ropa masculina de verano, [&hellip;]\" \/>\n<meta property=\"og:url\" content=\"https:\/\/www.missoeshumanitarias.org\/es\/mision-grecia-visita-al-centro-de-detencion\/\" \/>\n<meta property=\"og:site_name\" content=\"Fraternidade Miss\u00f5es Humanit\u00e1rias Internacionais\" \/>\n<meta property=\"article:published_time\" content=\"2017-08-03T17:06:24+00:00\" \/>\n<meta property=\"og:image\" content=\"https:\/\/www.missoeshumanitarias.org\/wp-content\/uploads\/2021\/08\/grecia_missao_doacoes_carro2_julho_2017.jpg\" \/>\n\t<meta property=\"og:image:width\" content=\"690\" \/>\n\t<meta property=\"og:image:height\" content=\"388\" \/>\n\t<meta property=\"og:image:type\" content=\"image\/jpeg\" \/>\n<meta name=\"author\" content=\"maducato_admin\" \/>\n<meta name=\"twitter:card\" content=\"summary_large_image\" \/>\n<meta name=\"twitter:label1\" content=\"Escrito por\" \/>\n\t<meta name=\"twitter:data1\" content=\"maducato_admin\" \/>\n\t<meta name=\"twitter:label2\" content=\"Tiempo de lectura\" \/>\n\t<meta name=\"twitter:data2\" content=\"2 minutos\" \/>\n<script type=\"application\/ld+json\" class=\"yoast-schema-graph\">{\"@context\":\"https:\/\/schema.org\",\"@graph\":[{\"@type\":\"Article\",\"@id\":\"https:\/\/www.missoeshumanitarias.org\/es\/mision-grecia-visita-al-centro-de-detencion\/#article\",\"isPartOf\":{\"@id\":\"https:\/\/www.missoeshumanitarias.org\/es\/mision-grecia-visita-al-centro-de-detencion\/\"},\"author\":{\"name\":\"maducato_admin\",\"@id\":\"https:\/\/www.missoeshumanitarias.org\/es\/#\/schema\/person\/e0f8527323154d1eba9f9d9eb6b401f7\"},\"headline\":\"Misi\u00f3n Grecia &#8211; visita al centro de detenci\u00f3n\",\"datePublished\":\"2017-08-03T17:06:24+00:00\",\"dateModified\":\"2017-08-03T17:06:24+00:00\",\"mainEntityOfPage\":{\"@id\":\"https:\/\/www.missoeshumanitarias.org\/es\/mision-grecia-visita-al-centro-de-detencion\/\"},\"wordCount\":351,\"commentCount\":0,\"publisher\":{\"@id\":\"https:\/\/www.missoeshumanitarias.org\/es\/#organization\"},\"image\":{\"@id\":\"https:\/\/www.missoeshumanitarias.org\/es\/mision-grecia-visita-al-centro-de-detencion\/#primaryimage\"},\"thumbnailUrl\":\"https:\/\/www.missoeshumanitarias.org\/wp-content\/uploads\/2021\/08\/grecia_missao_doacoes_carro2_julho_2017.jpg\",\"articleSection\":[\"Noticias\",\"Noticias de las Misiones\"],\"inLanguage\":\"es\",\"potentialAction\":[{\"@type\":\"CommentAction\",\"name\":\"Comment\",\"target\":[\"https:\/\/www.missoeshumanitarias.org\/es\/mision-grecia-visita-al-centro-de-detencion\/#respond\"]}]},{\"@type\":\"WebPage\",\"@id\":\"https:\/\/www.missoeshumanitarias.org\/es\/mision-grecia-visita-al-centro-de-detencion\/\",\"url\":\"https:\/\/www.missoeshumanitarias.org\/es\/mision-grecia-visita-al-centro-de-detencion\/\",\"name\":\"Misi\u00f3n Grecia - visita al centro de detenci\u00f3n - Fraternidade Miss\u00f5es Humanit\u00e1rias Internacionais\",\"isPartOf\":{\"@id\":\"https:\/\/www.missoeshumanitarias.org\/es\/#website\"},\"primaryImageOfPage\":{\"@id\":\"https:\/\/www.missoeshumanitarias.org\/es\/mision-grecia-visita-al-centro-de-detencion\/#primaryimage\"},\"image\":{\"@id\":\"https:\/\/www.missoeshumanitarias.org\/es\/mision-grecia-visita-al-centro-de-detencion\/#primaryimage\"},\"thumbnailUrl\":\"https:\/\/www.missoeshumanitarias.org\/wp-content\/uploads\/2021\/08\/grecia_missao_doacoes_carro2_julho_2017.jpg\",\"datePublished\":\"2017-08-03T17:06:24+00:00\",\"dateModified\":\"2017-08-03T17:06:24+00:00\",\"breadcrumb\":{\"@id\":\"https:\/\/www.missoeshumanitarias.org\/es\/mision-grecia-visita-al-centro-de-detencion\/#breadcrumb\"},\"inLanguage\":\"es\",\"potentialAction\":[{\"@type\":\"ReadAction\",\"target\":[\"https:\/\/www.missoeshumanitarias.org\/es\/mision-grecia-visita-al-centro-de-detencion\/\"]}]},{\"@type\":\"ImageObject\",\"inLanguage\":\"es\",\"@id\":\"https:\/\/www.missoeshumanitarias.org\/es\/mision-grecia-visita-al-centro-de-detencion\/#primaryimage\",\"url\":\"https:\/\/www.missoeshumanitarias.org\/wp-content\/uploads\/2021\/08\/grecia_missao_doacoes_carro2_julho_2017.jpg\",\"contentUrl\":\"https:\/\/www.missoeshumanitarias.org\/wp-content\/uploads\/2021\/08\/grecia_missao_doacoes_carro2_julho_2017.jpg\",\"width\":690,\"height\":388},{\"@type\":\"BreadcrumbList\",\"@id\":\"https:\/\/www.missoeshumanitarias.org\/es\/mision-grecia-visita-al-centro-de-detencion\/#breadcrumb\",\"itemListElement\":[{\"@type\":\"ListItem\",\"position\":1,\"name\":\"Home\",\"item\":\"https:\/\/www.missoeshumanitarias.org\/en\/\"},{\"@type\":\"ListItem\",\"position\":2,\"name\":\"Misi\u00f3n Grecia &#8211; visita al centro de detenci\u00f3n\"}]},{\"@type\":\"WebSite\",\"@id\":\"https:\/\/www.missoeshumanitarias.org\/es\/#website\",\"url\":\"https:\/\/www.missoeshumanitarias.org\/es\/\",\"name\":\"Fraternidade Miss\u00f5es Humanit\u00e1rias Internacionais\",\"description\":\"Respostas Humanit\u00e1rias e Emerg\u00eancias\",\"publisher\":{\"@id\":\"https:\/\/www.missoeshumanitarias.org\/es\/#organization\"},\"potentialAction\":[{\"@type\":\"SearchAction\",\"target\":{\"@type\":\"EntryPoint\",\"urlTemplate\":\"https:\/\/www.missoeshumanitarias.org\/es\/?s={search_term_string}\"},\"query-input\":\"required name=search_term_string\"}],\"inLanguage\":\"es\"},{\"@type\":\"Organization\",\"@id\":\"https:\/\/www.missoeshumanitarias.org\/es\/#organization\",\"name\":\"Fraternidade - Miss\u00f5es Humanit\u00e1rias Internacionais\",\"url\":\"https:\/\/www.missoeshumanitarias.org\/es\/\",\"logo\":{\"@type\":\"ImageObject\",\"inLanguage\":\"es\",\"@id\":\"https:\/\/www.missoeshumanitarias.org\/es\/#\/schema\/logo\/image\/\",\"url\":\"https:\/\/www.missoeshumanitarias.org\/wp-content\/uploads\/2020\/05\/logo-FMHI-mg.png\",\"contentUrl\":\"https:\/\/www.missoeshumanitarias.org\/wp-content\/uploads\/2020\/05\/logo-FMHI-mg.png\",\"width\":520,\"height\":134,\"caption\":\"Fraternidade - Miss\u00f5es Humanit\u00e1rias Internacionais\"},\"image\":{\"@id\":\"https:\/\/www.missoeshumanitarias.org\/es\/#\/schema\/logo\/image\/\"}},{\"@type\":\"Person\",\"@id\":\"https:\/\/www.missoeshumanitarias.org\/es\/#\/schema\/person\/e0f8527323154d1eba9f9d9eb6b401f7\",\"name\":\"maducato_admin\",\"image\":{\"@type\":\"ImageObject\",\"inLanguage\":\"es\",\"@id\":\"https:\/\/www.missoeshumanitarias.org\/es\/#\/schema\/person\/image\/\",\"url\":\"https:\/\/secure.gravatar.com\/avatar\/6c3b45186a8f5a459d8e14c7fca370bceae92402bc06171d75e4e559b6c24393?s=96&d=mm&r=g\",\"contentUrl\":\"https:\/\/secure.gravatar.com\/avatar\/6c3b45186a8f5a459d8e14c7fca370bceae92402bc06171d75e4e559b6c24393?s=96&d=mm&r=g\",\"caption\":\"maducato_admin\"}}]}<\/script>\n<!-- \/ Yoast SEO Premium plugin. -->","yoast_head_json":{"title":"Misi\u00f3n Grecia - visita al centro de detenci\u00f3n - Fraternidade Miss\u00f5es Humanit\u00e1rias Internacionais","robots":{"index":"index","follow":"follow","max-snippet":"max-snippet:-1","max-image-preview":"max-image-preview:large","max-video-preview":"max-video-preview:-1"},"canonical":"https:\/\/www.missoeshumanitarias.org\/es\/mision-grecia-visita-al-centro-de-detencion\/","og_locale":"es_ES","og_type":"article","og_title":"Misi\u00f3n Grecia - visita al centro de detenci\u00f3n","og_description":"Lunes 17\/07 al 23\/07 domingo \u00c9poca de verano La actividad de los misioneros de la Fraternidade _ Federaci\u00f3n Humanitaria Internacional en la instituci\u00f3n Caritas Hellas, en la ciudad de Atenas, fue en apoyo a la organizaci\u00f3n del dep\u00f3sito y la distribuci\u00f3n de ropa. Durante la semana hubo una gran demanda de ropa masculina de verano, [&hellip;]","og_url":"https:\/\/www.missoeshumanitarias.org\/es\/mision-grecia-visita-al-centro-de-detencion\/","og_site_name":"Fraternidade Miss\u00f5es Humanit\u00e1rias Internacionais","article_published_time":"2017-08-03T17:06:24+00:00","og_image":[{"width":690,"height":388,"url":"https:\/\/www.missoeshumanitarias.org\/wp-content\/uploads\/2021\/08\/grecia_missao_doacoes_carro2_julho_2017.jpg","type":"image\/jpeg"}],"author":"maducato_admin","twitter_card":"summary_large_image","twitter_misc":{"Escrito por":"maducato_admin","Tiempo de lectura":"2 minutos"},"schema":{"@context":"https:\/\/schema.org","@graph":[{"@type":"Article","@id":"https:\/\/www.missoeshumanitarias.org\/es\/mision-grecia-visita-al-centro-de-detencion\/#article","isPartOf":{"@id":"https:\/\/www.missoeshumanitarias.org\/es\/mision-grecia-visita-al-centro-de-detencion\/"},"author":{"name":"maducato_admin","@id":"https:\/\/www.missoeshumanitarias.org\/es\/#\/schema\/person\/e0f8527323154d1eba9f9d9eb6b401f7"},"headline":"Misi\u00f3n Grecia &#8211; visita al centro de detenci\u00f3n","datePublished":"2017-08-03T17:06:24+00:00","dateModified":"2017-08-03T17:06:24+00:00","mainEntityOfPage":{"@id":"https:\/\/www.missoeshumanitarias.org\/es\/mision-grecia-visita-al-centro-de-detencion\/"},"wordCount":351,"commentCount":0,"publisher":{"@id":"https:\/\/www.missoeshumanitarias.org\/es\/#organization"},"image":{"@id":"https:\/\/www.missoeshumanitarias.org\/es\/mision-grecia-visita-al-centro-de-detencion\/#primaryimage"},"thumbnailUrl":"https:\/\/www.missoeshumanitarias.org\/wp-content\/uploads\/2021\/08\/grecia_missao_doacoes_carro2_julho_2017.jpg","articleSection":["Noticias","Noticias de las Misiones"],"inLanguage":"es","potentialAction":[{"@type":"CommentAction","name":"Comment","target":["https:\/\/www.missoeshumanitarias.org\/es\/mision-grecia-visita-al-centro-de-detencion\/#respond"]}]},{"@type":"WebPage","@id":"https:\/\/www.missoeshumanitarias.org\/es\/mision-grecia-visita-al-centro-de-detencion\/","url":"https:\/\/www.missoeshumanitarias.org\/es\/mision-grecia-visita-al-centro-de-detencion\/","name":"Misi\u00f3n Grecia - visita al centro de detenci\u00f3n - Fraternidade Miss\u00f5es Humanit\u00e1rias Internacionais","isPartOf":{"@id":"https:\/\/www.missoeshumanitarias.org\/es\/#website"},"primaryImageOfPage":{"@id":"https:\/\/www.missoeshumanitarias.org\/es\/mision-grecia-visita-al-centro-de-detencion\/#primaryimage"},"image":{"@id":"https:\/\/www.missoeshumanitarias.org\/es\/mision-grecia-visita-al-centro-de-detencion\/#primaryimage"},"thumbnailUrl":"https:\/\/www.missoeshumanitarias.org\/wp-content\/uploads\/2021\/08\/grecia_missao_doacoes_carro2_julho_2017.jpg","datePublished":"2017-08-03T17:06:24+00:00","dateModified":"2017-08-03T17:06:24+00:00","breadcrumb":{"@id":"https:\/\/www.missoeshumanitarias.org\/es\/mision-grecia-visita-al-centro-de-detencion\/#breadcrumb"},"inLanguage":"es","potentialAction":[{"@type":"ReadAction","target":["https:\/\/www.missoeshumanitarias.org\/es\/mision-grecia-visita-al-centro-de-detencion\/"]}]},{"@type":"ImageObject","inLanguage":"es","@id":"https:\/\/www.missoeshumanitarias.org\/es\/mision-grecia-visita-al-centro-de-detencion\/#primaryimage","url":"https:\/\/www.missoeshumanitarias.org\/wp-content\/uploads\/2021\/08\/grecia_missao_doacoes_carro2_julho_2017.jpg","contentUrl":"https:\/\/www.missoeshumanitarias.org\/wp-content\/uploads\/2021\/08\/grecia_missao_doacoes_carro2_julho_2017.jpg","width":690,"height":388},{"@type":"BreadcrumbList","@id":"https:\/\/www.missoeshumanitarias.org\/es\/mision-grecia-visita-al-centro-de-detencion\/#breadcrumb","itemListElement":[{"@type":"ListItem","position":1,"name":"Home","item":"https:\/\/www.missoeshumanitarias.org\/en\/"},{"@type":"ListItem","position":2,"name":"Misi\u00f3n Grecia &#8211; visita al centro de detenci\u00f3n"}]},{"@type":"WebSite","@id":"https:\/\/www.missoeshumanitarias.org\/es\/#website","url":"https:\/\/www.missoeshumanitarias.org\/es\/","name":"Fraternidade Miss\u00f5es Humanit\u00e1rias Internacionais","description":"Respostas Humanit\u00e1rias e Emerg\u00eancias","publisher":{"@id":"https:\/\/www.missoeshumanitarias.org\/es\/#organization"},"potentialAction":[{"@type":"SearchAction","target":{"@type":"EntryPoint","urlTemplate":"https:\/\/www.missoeshumanitarias.org\/es\/?s={search_term_string}"},"query-input":"required name=search_term_string"}],"inLanguage":"es"},{"@type":"Organization","@id":"https:\/\/www.missoeshumanitarias.org\/es\/#organization","name":"Fraternidade - Miss\u00f5es Humanit\u00e1rias Internacionais","url":"https:\/\/www.missoeshumanitarias.org\/es\/","logo":{"@type":"ImageObject","inLanguage":"es","@id":"https:\/\/www.missoeshumanitarias.org\/es\/#\/schema\/logo\/image\/","url":"https:\/\/www.missoeshumanitarias.org\/wp-content\/uploads\/2020\/05\/logo-FMHI-mg.png","contentUrl":"https:\/\/www.missoeshumanitarias.org\/wp-content\/uploads\/2020\/05\/logo-FMHI-mg.png","width":520,"height":134,"caption":"Fraternidade - Miss\u00f5es Humanit\u00e1rias Internacionais"},"image":{"@id":"https:\/\/www.missoeshumanitarias.org\/es\/#\/schema\/logo\/image\/"}},{"@type":"Person","@id":"https:\/\/www.missoeshumanitarias.org\/es\/#\/schema\/person\/e0f8527323154d1eba9f9d9eb6b401f7","name":"maducato_admin","image":{"@type":"ImageObject","inLanguage":"es","@id":"https:\/\/www.missoeshumanitarias.org\/es\/#\/schema\/person\/image\/","url":"https:\/\/secure.gravatar.com\/avatar\/6c3b45186a8f5a459d8e14c7fca370bceae92402bc06171d75e4e559b6c24393?s=96&d=mm&r=g","contentUrl":"https:\/\/secure.gravatar.com\/avatar\/6c3b45186a8f5a459d8e14c7fca370bceae92402bc06171d75e4e559b6c24393?s=96&d=mm&r=g","caption":"maducato_admin"}}]}},"_links":{"self":[{"href":"https:\/\/www.missoeshumanitarias.org\/es\/wp-json\/wp\/v2\/posts\/131734","targetHints":{"allow":["GET"]}}],"collection":[{"href":"https:\/\/www.missoeshumanitarias.org\/es\/wp-json\/wp\/v2\/posts"}],"about":[{"href":"https:\/\/www.missoeshumanitarias.org\/es\/wp-json\/wp\/v2\/types\/post"}],"author":[{"embeddable":true,"href":"https:\/\/www.missoeshumanitarias.org\/es\/wp-json\/wp\/v2\/users\/1"}],"replies":[{"embeddable":true,"href":"https:\/\/www.missoeshumanitarias.org\/es\/wp-json\/wp\/v2\/comments?post=131734"}],"version-history":[{"count":0,"href":"https:\/\/www.missoeshumanitarias.org\/es\/wp-json\/wp\/v2\/posts\/131734\/revisions"}],"wp:featuredmedia":[{"embeddable":true,"href":"https:\/\/www.missoeshumanitarias.org\/es\/wp-json\/wp\/v2\/media\/124827"}],"wp:attachment":[{"href":"https:\/\/www.missoeshumanitarias.org\/es\/wp-json\/wp\/v2\/media?parent=131734"}],"wp:term":[{"taxonomy":"category","embeddable":true,"href":"https:\/\/www.missoeshumanitarias.org\/es\/wp-json\/wp\/v2\/categories?post=131734"},{"taxonomy":"post_tag","embeddable":true,"href":"https:\/\/www.missoeshumanitarias.org\/es\/wp-json\/wp\/v2\/tags?post=131734"}],"curies":[{"name":"wp","href":"https:\/\/api.w.org\/{rel}","templated":true}]}}