{"id":131758,"date":"2017-10-23T00:31:27","date_gmt":"2017-10-23T02:31:27","guid":{"rendered":"https:\/\/www.missoeshumanitarias.org\/mision-grecia-red-luz-planetaria-asume-actividades\/"},"modified":"2017-10-23T00:31:27","modified_gmt":"2017-10-23T02:31:27","slug":"mision-grecia-red-luz-planetaria-asume-actividades","status":"publish","type":"post","link":"https:\/\/www.missoeshumanitarias.org\/es\/mision-grecia-red-luz-planetaria-asume-actividades\/","title":{"rendered":"Misi\u00f3n Grecia \u2013 Red-Luz Planetaria asume actividades"},"content":{"rendered":"<h3 class=\"western\" style=\"text-align: center;\" align=\"JUSTIFY\"><b>Del lunes 25\/09 al domingo 01\/10<\/b><\/h3>\n<h3 class=\"western\" style=\"text-align: justify;\" align=\"JUSTIFY\"><b>Red-Luz Planetaria<\/b><\/h3>\n<p class=\"western\" style=\"text-align: justify;\" align=\"JUSTIFY\"><a href=\"https:\/\/www.fraterinternacional.org\/wp-content\/uploads\/2017\/10\/grecia_redeluz_planetaria_09_2017.jpg\"><img fetchpriority=\"high\" decoding=\"async\" class=\"size-medium wp-image-65155 alignleft\" src=\"https:\/\/www.missoeshumanitarias.org\/wp-content\/uploads\/2021\/08\/grecia_redeluz_planetaria_09_2017-300x169-1.jpg\" alt=\"\" width=\"300\" height=\"169\" \/><\/a><span style=\"font-weight: 400;\">El lunes, 25, la <a href=\"http:\/\/www.fraterinternacional.org\/es\/red-luz\/\">Red-Luz<\/a> Planetaria, \u00e1rea de la <\/span><b>Fraternidad \u2013 Federaci\u00f3n Humanitaria Internacional <\/b><span style=\"font-weight: 400;\">que tiene como prop\u00f3sito reunir a los grupos y estimularlos a realizar tareas de oraci\u00f3n, servicio abnegado y estudio en diferentes regiones del planeta, asumi\u00f3 oficialmente las actividades de la Misi\u00f3n Grecia.<\/span><\/p>\n<p class=\"western\" style=\"text-align: justify;\" align=\"JUSTIFY\"><a href=\"https:\/\/www.fraterinternacional.org\/wp-content\/uploads\/2017\/10\/grecia_redeluz_estoque_roupas_09_2017.jpg\"><img decoding=\"async\" class=\"wp-image-65152 alignright\" src=\"https:\/\/www.missoeshumanitarias.org\/wp-content\/uploads\/2021\/08\/grecia_redeluz_estoque_roupas_09_2017-225x300-1.jpg\" alt=\"\" width=\"191\" height=\"255\" \/><\/a><span style=\"font-weight: 400;\">La primera tarea del grupo de misioneros de la Red-Luz Planetaria fue en la instituci\u00f3n C\u00e1ritas Hellas, en la ciudad de Atenas. Realizaron la distribuci\u00f3n de ropas femeninas y la preparaci\u00f3n de un dep\u00f3sito de ropa de invierno. En otro momento durante la semana, apoyaron en la organizaci\u00f3n del dep\u00f3sito de ropas, en el transporte y organizaci\u00f3n de paquetes de alimentos para uso del comedor de la instituci\u00f3n.<\/span><\/p>\n<p class=\"western\" style=\"text-align: justify;\" align=\"JUSTIFY\"><span style=\"font-weight: 400;\">En las casas mantenidas por las Misioneras de la Caridad de la Madre Teresa de Calcuta, los misioneros ayudaron en la limpieza del lugar, en la organizaci\u00f3n de las donaciones recibidas, en la preparaci\u00f3n de las comidas que son ofrecidas a los necesitados y en la armonizaci\u00f3n del espacio donde son servidos los alimentos.<\/span><\/p>\n<h3 class=\"western\" style=\"text-align: justify;\" align=\"JUSTIFY\"><b>Bazar de ropas en Lagonisi<\/b><\/h3>\n<p class=\"western\" style=\"text-align: justify;\" align=\"JUSTIFY\"><a href=\"https:\/\/www.fraterinternacional.org\/wp-content\/uploads\/2017\/10\/grecia_redeluz_bazar_09_2017.jpg\"><img decoding=\"async\" class=\"alignleft size-medium wp-image-65149\" src=\"https:\/\/www.missoeshumanitarias.org\/wp-content\/uploads\/2021\/08\/grecia_redeluz_bazar_09_2017-300x169-1.jpg\" alt=\"\" width=\"300\" height=\"169\" \/><\/a><\/p>\n<p class=\"western\" style=\"text-align: justify;\">En el dep\u00f3sito de ropas de la Asociaci\u00f3n de Lagonisi, municipio que queda cerca de 30 kil\u00f3metros de la capital Atenas, el grupo trabaj\u00f3 en los preparativos para la realizaci\u00f3n de un bazar de ropas, que ocurri\u00f3 el s\u00e1bado, 30.<\/p>\n<p class=\"western\" style=\"text-align: justify;\">El bazar fue organizado por la coordinadora del grupo J\u00f3venes Voluntarios en Acci\u00f3n<\/p>\n<p class=\"western\" style=\"text-align: justify;\">El alcalde de Lagonisi estuvo en el evento y conoci\u00f3 el trabajo de la Fraternidad en Grecia.<\/p>\n<p align=\"JUSTIFY\"><a href=\"https:\/\/www.fraterinternacional.org\/wp-content\/uploads\/2017\/10\/grecia_2distribuicao_roupas_09_2017.jpg\"><img loading=\"lazy\" decoding=\"async\" class=\"alignright wp-image-65146\" src=\"https:\/\/www.missoeshumanitarias.org\/wp-content\/uploads\/2021\/08\/grecia_2distribuicao_roupas_09_2017-225x300-1.jpg\" alt=\"\" width=\"185\" height=\"247\" \/><\/a><\/p>\n","protected":false},"excerpt":{"rendered":"<p>Del lunes 25\/09 al domingo 01\/10 Red-Luz Planetaria El lunes, 25, la Red-Luz Planetaria, \u00e1rea de la Fraternidad \u2013 Federaci\u00f3n Humanitaria Internacional que tiene como prop\u00f3sito reunir a los grupos y estimularlos a realizar tareas de oraci\u00f3n, servicio abnegado y estudio en diferentes regiones del planeta, asumi\u00f3 oficialmente las actividades de la Misi\u00f3n Grecia. La [&hellip;]<\/p>\n","protected":false},"author":1,"featured_media":125512,"comment_status":"open","ping_status":"open","sticky":false,"template":"","format":"standard","meta":{"footnotes":""},"categories":[43,131],"tags":[],"class_list":["post-131758","post","type-post","status-publish","format-standard","has-post-thumbnail","hentry","category-noticias-es","category-noticias-de-las-misiones"],"featured_image_src":"https:\/\/www.missoeshumanitarias.org\/wp-content\/uploads\/2021\/08\/grecia_redeluz_planetaria_09_2017.jpg","author_info":{"display_name":"maducato_admin","author_link":"https:\/\/www.missoeshumanitarias.org\/es\/author\/maducato_admin\/"},"yoast_head":"<!-- This site is optimized with the Yoast SEO Premium plugin v22.5 (Yoast SEO v22.5) - https:\/\/yoast.com\/wordpress\/plugins\/seo\/ -->\n<title>Misi\u00f3n Grecia \u2013 Red-Luz Planetaria asume actividades - Fraternidade Miss\u00f5es Humanit\u00e1rias Internacionais<\/title>\n<meta name=\"robots\" content=\"index, follow, max-snippet:-1, max-image-preview:large, max-video-preview:-1\" \/>\n<link rel=\"canonical\" href=\"https:\/\/www.missoeshumanitarias.org\/es\/mision-grecia-red-luz-planetaria-asume-actividades\/\" \/>\n<meta property=\"og:locale\" content=\"es_ES\" \/>\n<meta property=\"og:type\" content=\"article\" \/>\n<meta property=\"og:title\" content=\"Misi\u00f3n Grecia \u2013 Red-Luz Planetaria asume actividades\" \/>\n<meta property=\"og:description\" content=\"Del lunes 25\/09 al domingo 01\/10 Red-Luz Planetaria El lunes, 25, la Red-Luz Planetaria, \u00e1rea de la Fraternidad \u2013 Federaci\u00f3n Humanitaria Internacional que tiene como prop\u00f3sito reunir a los grupos y estimularlos a realizar tareas de oraci\u00f3n, servicio abnegado y estudio en diferentes regiones del planeta, asumi\u00f3 oficialmente las actividades de la Misi\u00f3n Grecia. La [&hellip;]\" \/>\n<meta property=\"og:url\" content=\"https:\/\/www.missoeshumanitarias.org\/es\/mision-grecia-red-luz-planetaria-asume-actividades\/\" \/>\n<meta property=\"og:site_name\" content=\"Fraternidade Miss\u00f5es Humanit\u00e1rias Internacionais\" \/>\n<meta property=\"article:published_time\" content=\"2017-10-23T02:31:27+00:00\" \/>\n<meta property=\"og:image\" content=\"https:\/\/www.missoeshumanitarias.org\/wp-content\/uploads\/2021\/08\/grecia_redeluz_planetaria_09_2017.jpg\" \/>\n\t<meta property=\"og:image:width\" content=\"690\" \/>\n\t<meta property=\"og:image:height\" content=\"388\" \/>\n\t<meta property=\"og:image:type\" content=\"image\/jpeg\" \/>\n<meta name=\"author\" content=\"maducato_admin\" \/>\n<meta name=\"twitter:card\" content=\"summary_large_image\" \/>\n<meta name=\"twitter:label1\" content=\"Escrito por\" \/>\n\t<meta name=\"twitter:data1\" content=\"maducato_admin\" \/>\n\t<meta name=\"twitter:label2\" content=\"Tiempo de lectura\" \/>\n\t<meta name=\"twitter:data2\" content=\"1 minuto\" \/>\n<script type=\"application\/ld+json\" class=\"yoast-schema-graph\">{\"@context\":\"https:\/\/schema.org\",\"@graph\":[{\"@type\":\"Article\",\"@id\":\"https:\/\/www.missoeshumanitarias.org\/es\/mision-grecia-red-luz-planetaria-asume-actividades\/#article\",\"isPartOf\":{\"@id\":\"https:\/\/www.missoeshumanitarias.org\/es\/mision-grecia-red-luz-planetaria-asume-actividades\/\"},\"author\":{\"name\":\"maducato_admin\",\"@id\":\"https:\/\/www.missoeshumanitarias.org\/es\/#\/schema\/person\/e0f8527323154d1eba9f9d9eb6b401f7\"},\"headline\":\"Misi\u00f3n Grecia \u2013 Red-Luz Planetaria asume actividades\",\"datePublished\":\"2017-10-23T02:31:27+00:00\",\"dateModified\":\"2017-10-23T02:31:27+00:00\",\"mainEntityOfPage\":{\"@id\":\"https:\/\/www.missoeshumanitarias.org\/es\/mision-grecia-red-luz-planetaria-asume-actividades\/\"},\"wordCount\":275,\"commentCount\":0,\"publisher\":{\"@id\":\"https:\/\/www.missoeshumanitarias.org\/es\/#organization\"},\"image\":{\"@id\":\"https:\/\/www.missoeshumanitarias.org\/es\/mision-grecia-red-luz-planetaria-asume-actividades\/#primaryimage\"},\"thumbnailUrl\":\"https:\/\/www.missoeshumanitarias.org\/wp-content\/uploads\/2021\/08\/grecia_redeluz_planetaria_09_2017.jpg\",\"articleSection\":[\"Noticias\",\"Noticias de las Misiones\"],\"inLanguage\":\"es\",\"potentialAction\":[{\"@type\":\"CommentAction\",\"name\":\"Comment\",\"target\":[\"https:\/\/www.missoeshumanitarias.org\/es\/mision-grecia-red-luz-planetaria-asume-actividades\/#respond\"]}]},{\"@type\":\"WebPage\",\"@id\":\"https:\/\/www.missoeshumanitarias.org\/es\/mision-grecia-red-luz-planetaria-asume-actividades\/\",\"url\":\"https:\/\/www.missoeshumanitarias.org\/es\/mision-grecia-red-luz-planetaria-asume-actividades\/\",\"name\":\"Misi\u00f3n Grecia \u2013 Red-Luz Planetaria asume actividades - Fraternidade Miss\u00f5es Humanit\u00e1rias Internacionais\",\"isPartOf\":{\"@id\":\"https:\/\/www.missoeshumanitarias.org\/es\/#website\"},\"primaryImageOfPage\":{\"@id\":\"https:\/\/www.missoeshumanitarias.org\/es\/mision-grecia-red-luz-planetaria-asume-actividades\/#primaryimage\"},\"image\":{\"@id\":\"https:\/\/www.missoeshumanitarias.org\/es\/mision-grecia-red-luz-planetaria-asume-actividades\/#primaryimage\"},\"thumbnailUrl\":\"https:\/\/www.missoeshumanitarias.org\/wp-content\/uploads\/2021\/08\/grecia_redeluz_planetaria_09_2017.jpg\",\"datePublished\":\"2017-10-23T02:31:27+00:00\",\"dateModified\":\"2017-10-23T02:31:27+00:00\",\"breadcrumb\":{\"@id\":\"https:\/\/www.missoeshumanitarias.org\/es\/mision-grecia-red-luz-planetaria-asume-actividades\/#breadcrumb\"},\"inLanguage\":\"es\",\"potentialAction\":[{\"@type\":\"ReadAction\",\"target\":[\"https:\/\/www.missoeshumanitarias.org\/es\/mision-grecia-red-luz-planetaria-asume-actividades\/\"]}]},{\"@type\":\"ImageObject\",\"inLanguage\":\"es\",\"@id\":\"https:\/\/www.missoeshumanitarias.org\/es\/mision-grecia-red-luz-planetaria-asume-actividades\/#primaryimage\",\"url\":\"https:\/\/www.missoeshumanitarias.org\/wp-content\/uploads\/2021\/08\/grecia_redeluz_planetaria_09_2017.jpg\",\"contentUrl\":\"https:\/\/www.missoeshumanitarias.org\/wp-content\/uploads\/2021\/08\/grecia_redeluz_planetaria_09_2017.jpg\",\"width\":690,\"height\":388},{\"@type\":\"BreadcrumbList\",\"@id\":\"https:\/\/www.missoeshumanitarias.org\/es\/mision-grecia-red-luz-planetaria-asume-actividades\/#breadcrumb\",\"itemListElement\":[{\"@type\":\"ListItem\",\"position\":1,\"name\":\"Home\",\"item\":\"https:\/\/www.missoeshumanitarias.org\/en\/\"},{\"@type\":\"ListItem\",\"position\":2,\"name\":\"Misi\u00f3n Grecia \u2013 Red-Luz Planetaria asume actividades\"}]},{\"@type\":\"WebSite\",\"@id\":\"https:\/\/www.missoeshumanitarias.org\/es\/#website\",\"url\":\"https:\/\/www.missoeshumanitarias.org\/es\/\",\"name\":\"Fraternidade Miss\u00f5es Humanit\u00e1rias Internacionais\",\"description\":\"Respostas Humanit\u00e1rias e Emerg\u00eancias\",\"publisher\":{\"@id\":\"https:\/\/www.missoeshumanitarias.org\/es\/#organization\"},\"potentialAction\":[{\"@type\":\"SearchAction\",\"target\":{\"@type\":\"EntryPoint\",\"urlTemplate\":\"https:\/\/www.missoeshumanitarias.org\/es\/?s={search_term_string}\"},\"query-input\":\"required name=search_term_string\"}],\"inLanguage\":\"es\"},{\"@type\":\"Organization\",\"@id\":\"https:\/\/www.missoeshumanitarias.org\/es\/#organization\",\"name\":\"Fraternidade - Miss\u00f5es Humanit\u00e1rias Internacionais\",\"url\":\"https:\/\/www.missoeshumanitarias.org\/es\/\",\"logo\":{\"@type\":\"ImageObject\",\"inLanguage\":\"es\",\"@id\":\"https:\/\/www.missoeshumanitarias.org\/es\/#\/schema\/logo\/image\/\",\"url\":\"https:\/\/www.missoeshumanitarias.org\/wp-content\/uploads\/2020\/05\/logo-FMHI-mg.png\",\"contentUrl\":\"https:\/\/www.missoeshumanitarias.org\/wp-content\/uploads\/2020\/05\/logo-FMHI-mg.png\",\"width\":520,\"height\":134,\"caption\":\"Fraternidade - Miss\u00f5es Humanit\u00e1rias Internacionais\"},\"image\":{\"@id\":\"https:\/\/www.missoeshumanitarias.org\/es\/#\/schema\/logo\/image\/\"}},{\"@type\":\"Person\",\"@id\":\"https:\/\/www.missoeshumanitarias.org\/es\/#\/schema\/person\/e0f8527323154d1eba9f9d9eb6b401f7\",\"name\":\"maducato_admin\",\"image\":{\"@type\":\"ImageObject\",\"inLanguage\":\"es\",\"@id\":\"https:\/\/www.missoeshumanitarias.org\/es\/#\/schema\/person\/image\/\",\"url\":\"https:\/\/secure.gravatar.com\/avatar\/6c3b45186a8f5a459d8e14c7fca370bceae92402bc06171d75e4e559b6c24393?s=96&d=mm&r=g\",\"contentUrl\":\"https:\/\/secure.gravatar.com\/avatar\/6c3b45186a8f5a459d8e14c7fca370bceae92402bc06171d75e4e559b6c24393?s=96&d=mm&r=g\",\"caption\":\"maducato_admin\"}}]}<\/script>\n<!-- \/ Yoast SEO Premium plugin. -->","yoast_head_json":{"title":"Misi\u00f3n Grecia \u2013 Red-Luz Planetaria asume actividades - Fraternidade Miss\u00f5es Humanit\u00e1rias Internacionais","robots":{"index":"index","follow":"follow","max-snippet":"max-snippet:-1","max-image-preview":"max-image-preview:large","max-video-preview":"max-video-preview:-1"},"canonical":"https:\/\/www.missoeshumanitarias.org\/es\/mision-grecia-red-luz-planetaria-asume-actividades\/","og_locale":"es_ES","og_type":"article","og_title":"Misi\u00f3n Grecia \u2013 Red-Luz Planetaria asume actividades","og_description":"Del lunes 25\/09 al domingo 01\/10 Red-Luz Planetaria El lunes, 25, la Red-Luz Planetaria, \u00e1rea de la Fraternidad \u2013 Federaci\u00f3n Humanitaria Internacional que tiene como prop\u00f3sito reunir a los grupos y estimularlos a realizar tareas de oraci\u00f3n, servicio abnegado y estudio en diferentes regiones del planeta, asumi\u00f3 oficialmente las actividades de la Misi\u00f3n Grecia. La [&hellip;]","og_url":"https:\/\/www.missoeshumanitarias.org\/es\/mision-grecia-red-luz-planetaria-asume-actividades\/","og_site_name":"Fraternidade Miss\u00f5es Humanit\u00e1rias Internacionais","article_published_time":"2017-10-23T02:31:27+00:00","og_image":[{"width":690,"height":388,"url":"https:\/\/www.missoeshumanitarias.org\/wp-content\/uploads\/2021\/08\/grecia_redeluz_planetaria_09_2017.jpg","type":"image\/jpeg"}],"author":"maducato_admin","twitter_card":"summary_large_image","twitter_misc":{"Escrito por":"maducato_admin","Tiempo de lectura":"1 minuto"},"schema":{"@context":"https:\/\/schema.org","@graph":[{"@type":"Article","@id":"https:\/\/www.missoeshumanitarias.org\/es\/mision-grecia-red-luz-planetaria-asume-actividades\/#article","isPartOf":{"@id":"https:\/\/www.missoeshumanitarias.org\/es\/mision-grecia-red-luz-planetaria-asume-actividades\/"},"author":{"name":"maducato_admin","@id":"https:\/\/www.missoeshumanitarias.org\/es\/#\/schema\/person\/e0f8527323154d1eba9f9d9eb6b401f7"},"headline":"Misi\u00f3n Grecia \u2013 Red-Luz Planetaria asume actividades","datePublished":"2017-10-23T02:31:27+00:00","dateModified":"2017-10-23T02:31:27+00:00","mainEntityOfPage":{"@id":"https:\/\/www.missoeshumanitarias.org\/es\/mision-grecia-red-luz-planetaria-asume-actividades\/"},"wordCount":275,"commentCount":0,"publisher":{"@id":"https:\/\/www.missoeshumanitarias.org\/es\/#organization"},"image":{"@id":"https:\/\/www.missoeshumanitarias.org\/es\/mision-grecia-red-luz-planetaria-asume-actividades\/#primaryimage"},"thumbnailUrl":"https:\/\/www.missoeshumanitarias.org\/wp-content\/uploads\/2021\/08\/grecia_redeluz_planetaria_09_2017.jpg","articleSection":["Noticias","Noticias de las Misiones"],"inLanguage":"es","potentialAction":[{"@type":"CommentAction","name":"Comment","target":["https:\/\/www.missoeshumanitarias.org\/es\/mision-grecia-red-luz-planetaria-asume-actividades\/#respond"]}]},{"@type":"WebPage","@id":"https:\/\/www.missoeshumanitarias.org\/es\/mision-grecia-red-luz-planetaria-asume-actividades\/","url":"https:\/\/www.missoeshumanitarias.org\/es\/mision-grecia-red-luz-planetaria-asume-actividades\/","name":"Misi\u00f3n Grecia \u2013 Red-Luz Planetaria asume actividades - Fraternidade Miss\u00f5es Humanit\u00e1rias Internacionais","isPartOf":{"@id":"https:\/\/www.missoeshumanitarias.org\/es\/#website"},"primaryImageOfPage":{"@id":"https:\/\/www.missoeshumanitarias.org\/es\/mision-grecia-red-luz-planetaria-asume-actividades\/#primaryimage"},"image":{"@id":"https:\/\/www.missoeshumanitarias.org\/es\/mision-grecia-red-luz-planetaria-asume-actividades\/#primaryimage"},"thumbnailUrl":"https:\/\/www.missoeshumanitarias.org\/wp-content\/uploads\/2021\/08\/grecia_redeluz_planetaria_09_2017.jpg","datePublished":"2017-10-23T02:31:27+00:00","dateModified":"2017-10-23T02:31:27+00:00","breadcrumb":{"@id":"https:\/\/www.missoeshumanitarias.org\/es\/mision-grecia-red-luz-planetaria-asume-actividades\/#breadcrumb"},"inLanguage":"es","potentialAction":[{"@type":"ReadAction","target":["https:\/\/www.missoeshumanitarias.org\/es\/mision-grecia-red-luz-planetaria-asume-actividades\/"]}]},{"@type":"ImageObject","inLanguage":"es","@id":"https:\/\/www.missoeshumanitarias.org\/es\/mision-grecia-red-luz-planetaria-asume-actividades\/#primaryimage","url":"https:\/\/www.missoeshumanitarias.org\/wp-content\/uploads\/2021\/08\/grecia_redeluz_planetaria_09_2017.jpg","contentUrl":"https:\/\/www.missoeshumanitarias.org\/wp-content\/uploads\/2021\/08\/grecia_redeluz_planetaria_09_2017.jpg","width":690,"height":388},{"@type":"BreadcrumbList","@id":"https:\/\/www.missoeshumanitarias.org\/es\/mision-grecia-red-luz-planetaria-asume-actividades\/#breadcrumb","itemListElement":[{"@type":"ListItem","position":1,"name":"Home","item":"https:\/\/www.missoeshumanitarias.org\/en\/"},{"@type":"ListItem","position":2,"name":"Misi\u00f3n Grecia \u2013 Red-Luz Planetaria asume actividades"}]},{"@type":"WebSite","@id":"https:\/\/www.missoeshumanitarias.org\/es\/#website","url":"https:\/\/www.missoeshumanitarias.org\/es\/","name":"Fraternidade Miss\u00f5es Humanit\u00e1rias Internacionais","description":"Respostas Humanit\u00e1rias e Emerg\u00eancias","publisher":{"@id":"https:\/\/www.missoeshumanitarias.org\/es\/#organization"},"potentialAction":[{"@type":"SearchAction","target":{"@type":"EntryPoint","urlTemplate":"https:\/\/www.missoeshumanitarias.org\/es\/?s={search_term_string}"},"query-input":"required name=search_term_string"}],"inLanguage":"es"},{"@type":"Organization","@id":"https:\/\/www.missoeshumanitarias.org\/es\/#organization","name":"Fraternidade - Miss\u00f5es Humanit\u00e1rias Internacionais","url":"https:\/\/www.missoeshumanitarias.org\/es\/","logo":{"@type":"ImageObject","inLanguage":"es","@id":"https:\/\/www.missoeshumanitarias.org\/es\/#\/schema\/logo\/image\/","url":"https:\/\/www.missoeshumanitarias.org\/wp-content\/uploads\/2020\/05\/logo-FMHI-mg.png","contentUrl":"https:\/\/www.missoeshumanitarias.org\/wp-content\/uploads\/2020\/05\/logo-FMHI-mg.png","width":520,"height":134,"caption":"Fraternidade - Miss\u00f5es Humanit\u00e1rias Internacionais"},"image":{"@id":"https:\/\/www.missoeshumanitarias.org\/es\/#\/schema\/logo\/image\/"}},{"@type":"Person","@id":"https:\/\/www.missoeshumanitarias.org\/es\/#\/schema\/person\/e0f8527323154d1eba9f9d9eb6b401f7","name":"maducato_admin","image":{"@type":"ImageObject","inLanguage":"es","@id":"https:\/\/www.missoeshumanitarias.org\/es\/#\/schema\/person\/image\/","url":"https:\/\/secure.gravatar.com\/avatar\/6c3b45186a8f5a459d8e14c7fca370bceae92402bc06171d75e4e559b6c24393?s=96&d=mm&r=g","contentUrl":"https:\/\/secure.gravatar.com\/avatar\/6c3b45186a8f5a459d8e14c7fca370bceae92402bc06171d75e4e559b6c24393?s=96&d=mm&r=g","caption":"maducato_admin"}}]}},"_links":{"self":[{"href":"https:\/\/www.missoeshumanitarias.org\/es\/wp-json\/wp\/v2\/posts\/131758","targetHints":{"allow":["GET"]}}],"collection":[{"href":"https:\/\/www.missoeshumanitarias.org\/es\/wp-json\/wp\/v2\/posts"}],"about":[{"href":"https:\/\/www.missoeshumanitarias.org\/es\/wp-json\/wp\/v2\/types\/post"}],"author":[{"embeddable":true,"href":"https:\/\/www.missoeshumanitarias.org\/es\/wp-json\/wp\/v2\/users\/1"}],"replies":[{"embeddable":true,"href":"https:\/\/www.missoeshumanitarias.org\/es\/wp-json\/wp\/v2\/comments?post=131758"}],"version-history":[{"count":0,"href":"https:\/\/www.missoeshumanitarias.org\/es\/wp-json\/wp\/v2\/posts\/131758\/revisions"}],"wp:featuredmedia":[{"embeddable":true,"href":"https:\/\/www.missoeshumanitarias.org\/es\/wp-json\/wp\/v2\/media\/125512"}],"wp:attachment":[{"href":"https:\/\/www.missoeshumanitarias.org\/es\/wp-json\/wp\/v2\/media?parent=131758"}],"wp:term":[{"taxonomy":"category","embeddable":true,"href":"https:\/\/www.missoeshumanitarias.org\/es\/wp-json\/wp\/v2\/categories?post=131758"},{"taxonomy":"post_tag","embeddable":true,"href":"https:\/\/www.missoeshumanitarias.org\/es\/wp-json\/wp\/v2\/tags?post=131758"}],"curies":[{"name":"wp","href":"https:\/\/api.w.org\/{rel}","templated":true}]}}