{"id":131759,"date":"2017-11-02T18:05:08","date_gmt":"2017-11-02T20:05:08","guid":{"rendered":"https:\/\/www.missoeshumanitarias.org\/mision-roraima-humanitaria-encuentros-definen-nuevas-acciones\/"},"modified":"2017-11-02T18:05:08","modified_gmt":"2017-11-02T20:05:08","slug":"mision-roraima-humanitaria-encuentros-definen-nuevas-acciones","status":"publish","type":"post","link":"https:\/\/www.missoeshumanitarias.org\/es\/mision-roraima-humanitaria-encuentros-definen-nuevas-acciones\/","title":{"rendered":"Misi\u00f3n Roraima Humanitaria \u2013 encuentros definen nuevas acciones"},"content":{"rendered":"<h3 align=\"CENTER\">[fusion_vimeo id=\u00bbhttps:\/\/vimeo.com\/240321151&#8243; alignment=\u00bbcenter\u00bb width=\u00bb350&#8243; height=\u00bb200&#8243; autoplay=\u00bbtrue\u00bb api_params=\u00bb\u00bb hide_on_mobile=\u00bbsmall-visibility,medium-visibility,large-visibility\u00bb class=\u00bb\u00bb][\/fusion_vimeo]<\/h3>\n<h3 style=\"text-align: center;\"><b>Lunes 25\/09 al domingo 1\/10<\/b><\/h3>\n<p class=\"western\" style=\"text-align: justify;\" align=\"JUSTIFY\"><span style=\"font-weight: 400;\">El lunes 25 los misioneros<\/span><span style=\"font-weight: 400;\"> de la <\/span><b>Fraternidade \u2013 Federaci\u00f3n Humanitaria Internacional<\/b><span style=\"font-weight: 400;\"> se dividieron en grupos de trabajo para realizar las tares del d\u00eda. Un grupo sali\u00f3 para el CRI \u2013 Centro de Referencia al Inmigrante y otra parte fue para la sede de la Fraternidade en Roraima a realizar actividades de organizaci\u00f3n del stock de las donaciones. <\/span><\/p>\n<h3 class=\"western\" style=\"text-align: justify;\" align=\"JUSTIFY\"><b>Reuni\u00f3n sobre seguridad<\/b><\/h3>\n<p class=\"western\" style=\"text-align: justify;\" align=\"JUSTIFY\"><span style=\"font-weight: 400;\">Otro grupo de misioneros particip\u00f3 en una reuni\u00f3n con la presencia de representantes de Defensa Civil de Roraima, del Alto Comisionado de las Naciones Unidas para los Refugiados (ACNUR), de la polic\u00eda Militar de Roraima y de la Fiscal\u00eda de la Rep\u00fablica en Roraima. Abordaron el tema de la seguridad en el CRI.<\/span><\/p>\n<p class=\"western\" style=\"text-align: justify;\" align=\"JUSTIFY\"><span style=\"font-weight: 400;\">En la reuni\u00f3n se decidi\u00f3 que el Cuerpo de Bomberos de Boa Vista y el ACNUR proveer\u00e1n el mantenimiento del port\u00f3n del refugio de manera que permanezca cerrado durante la noche. Tambi\u00e9n se adaptar\u00e1n controles de entrada y salida de personas, que tendr\u00e1n el apoyo de la Fraternidade. La Polic\u00eda Militar reforzar\u00e1 la vigilancia con la utilizaci\u00f3n de equipos y la presencia de polic\u00edas durante todo el tiempo.<\/span><\/p>\n<h3 class=\"western\" style=\"text-align: justify;\" align=\"JUSTIFY\">Reglamento interno<\/h3>\n<p style=\"text-align: justify;\"><span style=\"font-weight: 400;\">Durante la reuni\u00f3n se examin\u00f3 el reglamento interno del refugio, que determina la capacidad m\u00e1xima del lugar en 372 personas, siendo 254 vacantes para ind\u00edgenas y 128 vacantes para no ind\u00edgenas. Entre otras determinaciones comprobadas, est\u00e1n el horario de cierre de la puerta (de las 20.00 a las 07.00), la prohibici\u00f3n de salida de menores de edad sin estar acompa\u00f1ados por los responsables y el tiempo de permanencia de los inmigrantes en el refugio (tres meses para ind\u00edgenas y dos meses para no ind\u00edgenas).<\/span><\/p>\n<h3 class=\"western\" style=\"text-align: justify;\" align=\"JUSTIFY\"><b>Reuni\u00f3n sobre situaci\u00f3n laboral<\/b><\/h3>\n<p class=\"western\" style=\"text-align: justify;\" align=\"JUSTIFY\"><span style=\"font-weight: 400;\">La Fraternidade tambi\u00e9n particip\u00f3 en una reuni\u00f3n en el Ministerio P\u00fablico del Trabajo sobre la cuesti\u00f3n de la situaci\u00f3n laboral de los inmigrantes venezolanos en Roraima. La reuni\u00f3n tuvo la presencia de representantes de la Sociedad Civil, de la Organizaci\u00f3n Internacional del Trabajo (OIT) y de miembros de la Misi\u00f3n Paz del Centro de Migraciones y Derechos Humanos (CMDH).<\/span><\/p>\n<figure id=\"attachment_66235\" aria-describedby=\"caption-attachment-66235\" style=\"width: 300px\" class=\"wp-caption alignright\"><a href=\"https:\/\/www.fraterinternacional.org\/wp-content\/uploads\/2017\/10\/roraima_missao_doacao_bananas_09_2017.jpg\"><img fetchpriority=\"high\" decoding=\"async\" class=\"wp-image-66235 size-medium\" src=\"https:\/\/www.missoeshumanitarias.org\/wp-content\/uploads\/2021\/08\/roraima_missao_doacao_bananas_09_2017-300x169-1.jpg\" alt=\"\" width=\"300\" height=\"169\" \/><\/a><figcaption id=\"caption-attachment-66235\" class=\"wp-caption-text\">Donaci\u00f3n de bananas<\/figcaption><\/figure>\n<h3 class=\"western\" style=\"text-align: justify;\" align=\"JUSTIFY\"><b>Donaciones<\/b><\/h3>\n<p class=\"western\" style=\"text-align: justify;\" align=\"JUSTIFY\"><span style=\"font-weight: 400;\">Se recibi\u00f3 donaci\u00f3n de verduras y bananas del Programa Mesa Brasil del Sesc (Servicio Social del Comercio)<\/span><\/p>\n<p class=\"western\" style=\"text-align: justify;\" align=\"JUSTIFY\"><span style=\"font-weight: 400;\">Personas de la ciudad de Boa Vista hicieron donaciones de cestas b\u00e1sicas directamente en el CRI.<\/span><\/p>\n<p class=\"western\" style=\"text-align: justify;\" align=\"JUSTIFY\">\u27e3<\/p>\n<h3 class=\"western\" style=\"text-align: justify;\" align=\"JUSTIFY\"><b>Talleres de trabajo<\/b><\/h3>\n<p class=\"western\" style=\"text-align: justify;\" align=\"JUSTIFY\"><a href=\"https:\/\/www.fraterinternacional.org\/wp-content\/uploads\/2017\/10\/roraima_missao_danca_indigenas_ufrr_09_2017.jpg\"><img decoding=\"async\" class=\"alignleft size-medium wp-image-66205\" src=\"https:\/\/www.missoeshumanitarias.org\/wp-content\/uploads\/2021\/08\/roraima_missao_danca_indigenas_ufrr_09_2017-300x169-1.jpg\" alt=\"\" width=\"300\" height=\"169\" \/><\/a><span style=\"font-weight: 400;\">El martes 26, representantes de la Fraternidade participaron del Taller de \u00a0Trabajo \u201cDesplazamientos Ind\u00edgenas en Venezuela y Brasil \u2013 Intercambio de Conocimientos\u201d, en la Universidad Federal de Brasil (UFRR). El evento trat\u00f3 de temas relacionados a los ind\u00edgenas Warao y tuvo la participaci\u00f3n de antrop\u00f3logos, miembros de ACNUR y de los Procuradores Generales de la Rep\u00fablica y de Roraima. Durante el evento, los ind\u00edgenas presentaron una danza t\u00edpica en el \u00e1rea externa de la UFRR. <\/span><\/p>\n<p class=\"western\" style=\"text-align: justify;\" align=\"JUSTIFY\">\u27e3<\/p>\n<p class=\"western\" style=\"text-align: justify;\" align=\"JUSTIFY\"><a href=\"https:\/\/www.fraterinternacional.org\/wp-content\/uploads\/2017\/10\/roraima_missao_reuniao_abrigo_09_2017.jpg\"><img decoding=\"async\" class=\"alignright size-medium wp-image-66220\" src=\"https:\/\/www.missoeshumanitarias.org\/wp-content\/uploads\/2021\/08\/roraima_missao_reuniao_abrigo_09_2017-300x169-1.jpg\" alt=\"\" width=\"300\" height=\"169\" \/><\/a><span style=\"font-weight: 400;\">El mi\u00e9rcoles 27 una comitiva con representantes de la Organizaci\u00f3n Internacional del Trabajo (OIT), del Ministerio P\u00fablico del Trabajo (MPT) y de la Misi\u00f3n Paz, visitaron el refugio para ver las condiciones del lugar.<\/span><\/p>\n<p class=\"western\" style=\"text-align: justify;\" align=\"JUSTIFY\"><span style=\"font-weight: 400;\">Al final de la ma\u00f1ana, el albergue recibi\u00f3 la visita de un equipo formado por los Procuradores Generales de la Rep\u00fablica y de Roraima, ACNUR y antrop\u00f3logos de Brasilia y Venezuela. El grupo convers\u00f3 con las mujeres ind\u00edgenas para conocer sus necesidades. <\/span><\/p>\n<p class=\"western\" style=\"text-align: justify;\" align=\"JUSTIFY\"><span style=\"font-weight: 400;\">Equipo de m\u00e9dicos y enfermeros de la Secretar\u00eda Especial de Salud Ind\u00edgena (Sesai) estuvieron en el albergue y realizaron consultas m\u00e9dicas.<\/span><\/p>\n<p class=\"western\" style=\"text-align: justify;\" align=\"JUSTIFY\"><a href=\"https:\/\/www.fraterinternacional.org\/wp-content\/uploads\/2017\/10\/roraima_missao_entrega_kits_higiene_09_2017.jpg\"><img loading=\"lazy\" decoding=\"async\" class=\"alignleft size-medium wp-image-66238\" src=\"https:\/\/www.missoeshumanitarias.org\/wp-content\/uploads\/2021\/08\/roraima_missao_entrega_kits_higiene_09_2017-300x169-1.jpg\" alt=\"\" width=\"300\" height=\"169\" \/><\/a>\u27e3<\/p>\n<p class=\"western\" style=\"text-align: justify;\" align=\"JUSTIFY\"><span style=\"font-weight: 400;\">El jueves 28 se entregaron kits de higiene personal para inmigrantes en el refugio.<\/span><\/p>\n<p class=\"western\" style=\"text-align: justify;\" align=\"JUSTIFY\"><span style=\"font-weight: 400;\">Equipo del Ministerio de la Salud de Brasilia estuvo en el CRI e hizo un levantamiento de datos sobre la situaci\u00f3n del local.<\/span><\/p>\n<p class=\"western\" style=\"text-align: justify;\" align=\"JUSTIFY\">\u27e3<\/p>\n<figure id=\"attachment_66211\" aria-describedby=\"caption-attachment-66211\" style=\"width: 300px\" class=\"wp-caption alignright\"><a href=\"https:\/\/www.fraterinternacional.org\/wp-content\/uploads\/2017\/10\/roraima_missao_grupo_padaria_09_2017.jpg\"><img loading=\"lazy\" decoding=\"async\" class=\"wp-image-66211 size-medium\" src=\"https:\/\/www.missoeshumanitarias.org\/wp-content\/uploads\/2021\/08\/roraima_missao_grupo_padaria_09_2017-300x169-1.jpg\" alt=\"\" width=\"300\" height=\"169\" \/><\/a><figcaption id=\"caption-attachment-66211\" class=\"wp-caption-text\">Grupo de la panader\u00eda<\/figcaption><\/figure>\n<p class=\"western\" style=\"text-align: justify;\" align=\"JUSTIFY\"><span style=\"font-weight: 400;\">El viernes 29 por la ma\u00f1ana, dos inmigrantes ind\u00edgenas fueron llevados para dar apoyo en el trabajo de la panader\u00eda del Centro Integrado de Atenci\u00f3n a Personas con Deficiencia en Boa Vista.<\/span><\/p>\n<p class=\"western\" style=\"text-align: justify;\" align=\"JUSTIFY\"><span style=\"font-weight: 400;\">Se repar\u00f3 el ba\u00f1o femenino del refugio que estaba inundado debido a una p\u00e9rdida de agua. La puerta de entrada del albergue tanto de autos como la de peatones, tambi\u00e9n fueron reparadas.<\/span><\/p>\n<h3 class=\"western\" style=\"text-align: justify;\" align=\"JUSTIFY\">Oficina administrativa<\/h3>\n<p class=\"western\" style=\"text-align: justify;\" align=\"JUSTIFY\"><a href=\"https:\/\/www.fraterinternacional.org\/wp-content\/uploads\/2017\/10\/roraima_missao_acompanhamento_crianca_hospital_09_2017.jpg\"><img loading=\"lazy\" decoding=\"async\" class=\"size-medium wp-image-66196 alignleft\" src=\"https:\/\/www.missoeshumanitarias.org\/wp-content\/uploads\/2021\/08\/roraima_missao_acompanhamento_crianca_hospital_09_2017-300x169-1.jpg\" alt=\"\" width=\"300\" height=\"169\" \/><\/a><span style=\"font-weight: 400;\">En la oficina administrativa de la Fraternidade en Roraima, continuaron las tareas administrativas con la confecci\u00f3n de planillas y organizaciones general. Tambi\u00e9n continu\u00f3 la tarea de las estanter\u00edas que ser\u00e1n utilizadas para auxiliar en la acomodaci\u00f3n de las donaciones. <\/span><\/p>\n<p class=\"western\" style=\"text-align: justify;\" align=\"JUSTIFY\"><span style=\"font-weight: 400;\">Por la noche, misioneros de la Fraternidade acompa\u00f1aron al hospital a un ni\u00f1o ind\u00edgena que estaba con varicela y fiebre alta.<\/span><\/p>\n<p class=\"western\" style=\"text-align: justify;\" align=\"JUSTIFY\">\u27e3<\/p>\n<p class=\"western\" style=\"text-align: justify;\" align=\"JUSTIFY\"><a href=\"https:\/\/www.fraterinternacional.org\/wp-content\/uploads\/2017\/10\/roraima_missao_redeluz_saude_09_2017.jpg\"><img loading=\"lazy\" decoding=\"async\" class=\"size-medium wp-image-66217 alignright\" src=\"https:\/\/www.missoeshumanitarias.org\/wp-content\/uploads\/2021\/08\/roraima_missao_redeluz_saude_09_2017-300x169-1.jpg\" alt=\"\" width=\"300\" height=\"169\" \/><\/a><span style=\"font-weight: 400;\">El s\u00e1bado 30 un equipo formado por una m\u00e9dico y una enfermera de la <a href=\"http:\/\/www.fraterinternacional.org\/es\/red-luz\/\">Red-Luz<\/a>, estuvieron en el CRI y realizaron consultas m\u00e9dicas. Dos sacerdotes<\/span><span style=\"font-weight: 400;\"> (tambi\u00e9n m\u00e9dicos) ofrecieron consultas. <\/span><\/p>\n<p class=\"western\" style=\"text-align: justify;\" align=\"JUSTIFY\"><span style=\"font-weight: 400;\">Por la tarde el grupo particip\u00f3 de las actividades de la Coral, en el <a href=\"http:\/\/www.fraterinternacional.org\/es\/nucleos-luz\/\">N\u00facleo-Luz<\/a> de Figueira en Roraima.<\/span><\/p>\n<p class=\"western\" style=\"text-align: justify;\" align=\"JUSTIFY\">\u27e3<\/p>\n<figure id=\"attachment_66226\" aria-describedby=\"caption-attachment-66226\" style=\"width: 300px\" class=\"wp-caption alignleft\"><a href=\"https:\/\/www.fraterinternacional.org\/wp-content\/uploads\/2017\/10\/roraima_missao_reuniao_nucleo_09_2017.jpg\"><img loading=\"lazy\" decoding=\"async\" class=\"wp-image-66226 size-medium\" src=\"https:\/\/www.missoeshumanitarias.org\/wp-content\/uploads\/2021\/08\/roraima_missao_reuniao_nucleo_09_2017-300x169-1.jpg\" alt=\"\" width=\"300\" height=\"169\" \/><\/a><figcaption id=\"caption-attachment-66226\" class=\"wp-caption-text\">Reuni\u00f3n de la Misi\u00f3n<\/figcaption><\/figure>\n<p class=\"western\" style=\"text-align: justify;\" align=\"JUSTIFY\"><span style=\"font-weight: 400;\">En el domingo primero de octubre, dos misioneros estuvieron de guardia en el CRI por la ma\u00f1ana y otros dos en el per\u00edodo de la tarde. <\/span><\/p>\n<p class=\"western\" style=\"text-align: justify;\" align=\"JUSTIFY\"><span style=\"font-weight: 400;\">En la oficina administrativa de la Fraternidade se realiz\u00f3 una reuni\u00f3n de la junta de Roraima, constituida por misioneros de la Fraternidade, donde se analizaron \u00a0cuestiones de la Misi\u00f3n Roraima. <\/span><\/p>\n<p class=\"western\" style=\"text-align: justify;\" align=\"JUSTIFY\"><span style=\"font-weight: 400;\">Al final de la tarde se realiz\u00f3 la reuni\u00f3n de la Misi\u00f3n en el N\u00facleo-Luz de Figueira en Roraima, con la presencia de misioneros, colaboradores y miembros del monasterio. Durante el encuentro se hizo la distribuci\u00f3n de tareas y de actualizaci\u00f3n de informaciones sobre la Misi\u00f3n Roraima.<\/span><\/p>\n<h3 class=\"western\" style=\"text-align: justify;\" align=\"JUSTIFY\">\u27e3<b><br \/>\nIglesia Metodista<br \/>\n<\/b><\/h3>\n<figure id=\"attachment_66202\" aria-describedby=\"caption-attachment-66202\" style=\"width: 300px\" class=\"wp-caption alignleft\"><a href=\"https:\/\/www.fraterinternacional.org\/wp-content\/uploads\/2017\/10\/roraima_missao_criancas_embarcando_09_2017.jpg\"><img loading=\"lazy\" decoding=\"async\" class=\"wp-image-66202 size-medium\" src=\"https:\/\/www.missoeshumanitarias.org\/wp-content\/uploads\/2021\/08\/roraima_missao_criancas_embarcando_09_2017-300x169-1.jpg\" alt=\"\" width=\"300\" height=\"169\" \/><\/a><figcaption id=\"caption-attachment-66202\" class=\"wp-caption-text\">Ni\u00f1os que van para la Iglesia Metodista<\/figcaption><\/figure>\n<p class=\"western\" style=\"text-align: justify;\">Durante tres d\u00edas a la semana, la Iglesia Metodista de Boa Vista realiz\u00f3 actividades con los inmigrantes del refugio.<\/p>\n<p class=\"western\" style=\"text-align: justify;\">En la ma\u00f1ana del lunes 25, cerca de 50 ni\u00f1os y j\u00f3venes entre los 7 y 17 a\u00f1os, participaron de actividades de recreaci\u00f3n, recibieron alimento y consultas m\u00e9dicas.<\/p>\n<p class=\"western\" style=\"text-align: justify;\">El martes 26 fue el turno de un grupo de 22 mujeres del refugio que participaron de las actividades de la Iglesia. Ellas hicieron artesan\u00edas, recibieron consultas m\u00e9dicas, alimento, kits de higiene, sandalias y toallas.<\/p>\n<p class=\"western\" style=\"text-align: justify;\">El mi\u00e9rcoles 27, treinta y dos j\u00f3venes participaron de juegos y juguetes.<\/p>\n<h3 class=\"western\" style=\"text-align: justify;\" align=\"JUSTIFY\"><b>Prensa<\/b><\/h3>\n<p class=\"western\" style=\"text-align: justify;\">Profesionales de la prensa visitaron el CRI durante dos d\u00edas de la semana.<\/p>\n<p class=\"western\" style=\"text-align: justify;\">El lunes 25, un equipo del diario Folha de Boa Vista estuvo en el abrigo e hicieron un reportaje sobre los casos de varicela que ocurren en el refugio.<\/p>\n<p class=\"western\" style=\"text-align: justify;\">El jueves 27 el equipo de la TV Bandeirantes de Roraima y una periodista francesa estuvieron en el CRI haciendo reportajes.<\/p>\n<div id='gallery-1' class='gallery galleryid-131759 gallery-columns-2 gallery-size-medium'><figure class='gallery-item'>\n\t\t\t<div class='gallery-icon landscape'>\n\t\t\t\t<a href='https:\/\/www.missoeshumanitarias.org\/wp-content\/uploads\/2021\/08\/roraima_missao_reuniao_acnur_09_2017.jpg'><img loading=\"lazy\" decoding=\"async\" width=\"300\" height=\"169\" src=\"https:\/\/www.missoeshumanitarias.org\/wp-content\/uploads\/2021\/08\/roraima_missao_reuniao_acnur_09_2017-300x169.jpg\" class=\"attachment-medium size-medium\" alt=\"\" srcset=\"https:\/\/www.missoeshumanitarias.org\/wp-content\/uploads\/2021\/08\/roraima_missao_reuniao_acnur_09_2017-300x169.jpg 300w, https:\/\/www.missoeshumanitarias.org\/wp-content\/uploads\/2021\/08\/roraima_missao_reuniao_acnur_09_2017.jpg 690w\" sizes=\"(max-width: 300px) 100vw, 300px\" \/><\/a>\n\t\t\t<\/div><\/figure><figure class='gallery-item'>\n\t\t\t<div class='gallery-icon landscape'>\n\t\t\t\t<a href='https:\/\/www.missoeshumanitarias.org\/wp-content\/uploads\/2021\/08\/roraima_missao_ministerio_saude_abrigo_09_2017.jpg'><img loading=\"lazy\" decoding=\"async\" width=\"300\" height=\"169\" src=\"https:\/\/www.missoeshumanitarias.org\/wp-content\/uploads\/2021\/08\/roraima_missao_ministerio_saude_abrigo_09_2017-300x169.jpg\" class=\"attachment-medium size-medium\" alt=\"\" srcset=\"https:\/\/www.missoeshumanitarias.org\/wp-content\/uploads\/2021\/08\/roraima_missao_ministerio_saude_abrigo_09_2017-300x169.jpg 300w, https:\/\/www.missoeshumanitarias.org\/wp-content\/uploads\/2021\/08\/roraima_missao_ministerio_saude_abrigo_09_2017.jpg 690w\" sizes=\"(max-width: 300px) 100vw, 300px\" \/><\/a>\n\t\t\t<\/div><\/figure><figure class='gallery-item'>\n\t\t\t<div class='gallery-icon landscape'>\n\t\t\t\t<a href='https:\/\/www.missoeshumanitarias.org\/wp-content\/uploads\/2021\/08\/roraima_missao_acnur_cadastramento_09_2017-1.jpg'><img loading=\"lazy\" decoding=\"async\" width=\"300\" height=\"169\" src=\"https:\/\/www.missoeshumanitarias.org\/wp-content\/uploads\/2021\/08\/roraima_missao_acnur_cadastramento_09_2017-1-300x169.jpg\" class=\"attachment-medium size-medium\" alt=\"\" srcset=\"https:\/\/www.missoeshumanitarias.org\/wp-content\/uploads\/2021\/08\/roraima_missao_acnur_cadastramento_09_2017-1-300x169.jpg 300w, https:\/\/www.missoeshumanitarias.org\/wp-content\/uploads\/2021\/08\/roraima_missao_acnur_cadastramento_09_2017-1.jpg 690w\" sizes=\"(max-width: 300px) 100vw, 300px\" \/><\/a>\n\t\t\t<\/div><\/figure><figure class='gallery-item'>\n\t\t\t<div class='gallery-icon landscape'>\n\t\t\t\t<a href='https:\/\/www.missoeshumanitarias.org\/wp-content\/uploads\/2021\/08\/roraima_missao_sesai_09_2017.jpg'><img loading=\"lazy\" decoding=\"async\" width=\"300\" height=\"169\" src=\"https:\/\/www.missoeshumanitarias.org\/wp-content\/uploads\/2021\/08\/roraima_missao_sesai_09_2017-300x169.jpg\" class=\"attachment-medium size-medium\" alt=\"\" srcset=\"https:\/\/www.missoeshumanitarias.org\/wp-content\/uploads\/2021\/08\/roraima_missao_sesai_09_2017-300x169.jpg 300w, https:\/\/www.missoeshumanitarias.org\/wp-content\/uploads\/2021\/08\/roraima_missao_sesai_09_2017.jpg 690w\" sizes=\"(max-width: 300px) 100vw, 300px\" \/><\/a>\n\t\t\t<\/div><\/figure>\n\t\t<\/div>\n\n","protected":false},"excerpt":{"rendered":"<p>[fusion_vimeo id=\u00bbhttps:\/\/vimeo.com\/240321151&#8243; alignment=\u00bbcenter\u00bb width=\u00bb350&#8243; height=\u00bb200&#8243; autoplay=\u00bbtrue\u00bb api_params=\u00bb\u00bb hide_on_mobile=\u00bbsmall-visibility,medium-visibility,large-visibility\u00bb class=\u00bb\u00bb][\/fusion_vimeo] Lunes 25\/09 al domingo 1\/10 El lunes 25 los misioneros de la Fraternidade \u2013 Federaci\u00f3n Humanitaria Internacional se dividieron en grupos de trabajo para realizar las tares del d\u00eda. Un grupo sali\u00f3 para el CRI \u2013 Centro de Referencia al Inmigrante y otra parte fue para [&hellip;]<\/p>\n","protected":false},"author":1,"featured_media":125555,"comment_status":"open","ping_status":"open","sticky":false,"template":"","format":"standard","meta":{"footnotes":""},"categories":[43,131],"tags":[],"class_list":["post-131759","post","type-post","status-publish","format-standard","has-post-thumbnail","hentry","category-noticias-es","category-noticias-de-las-misiones"],"featured_image_src":"https:\/\/www.missoeshumanitarias.org\/wp-content\/uploads\/2021\/08\/roraima_missao_reuniao_nucleo_09_2017-1.jpg","author_info":{"display_name":"maducato_admin","author_link":"https:\/\/www.missoeshumanitarias.org\/es\/author\/maducato_admin\/"},"yoast_head":"<!-- This site is optimized with the Yoast SEO Premium plugin v22.5 (Yoast SEO v22.5) - https:\/\/yoast.com\/wordpress\/plugins\/seo\/ -->\n<title>Misi\u00f3n Roraima Humanitaria \u2013 encuentros definen nuevas acciones - Fraternidade Miss\u00f5es Humanit\u00e1rias Internacionais<\/title>\n<meta name=\"robots\" content=\"index, follow, max-snippet:-1, max-image-preview:large, max-video-preview:-1\" \/>\n<link rel=\"canonical\" href=\"https:\/\/www.missoeshumanitarias.org\/es\/mision-roraima-humanitaria-encuentros-definen-nuevas-acciones\/\" \/>\n<meta property=\"og:locale\" content=\"es_ES\" \/>\n<meta property=\"og:type\" content=\"article\" \/>\n<meta property=\"og:title\" content=\"Misi\u00f3n Roraima Humanitaria \u2013 encuentros definen nuevas acciones\" \/>\n<meta property=\"og:description\" content=\"[fusion_vimeo id=\u00bbhttps:\/\/vimeo.com\/240321151&#8243; alignment=\u00bbcenter\u00bb width=\u00bb350&#8243; height=\u00bb200&#8243; autoplay=\u00bbtrue\u00bb api_params=\u00bb\u00bb hide_on_mobile=\u00bbsmall-visibility,medium-visibility,large-visibility\u00bb class=\u00bb\u00bb][\/fusion_vimeo] Lunes 25\/09 al domingo 1\/10 El lunes 25 los misioneros de la Fraternidade \u2013 Federaci\u00f3n Humanitaria Internacional se dividieron en grupos de trabajo para realizar las tares del d\u00eda. Un grupo sali\u00f3 para el CRI \u2013 Centro de Referencia al Inmigrante y otra parte fue para [&hellip;]\" \/>\n<meta property=\"og:url\" content=\"https:\/\/www.missoeshumanitarias.org\/es\/mision-roraima-humanitaria-encuentros-definen-nuevas-acciones\/\" \/>\n<meta property=\"og:site_name\" content=\"Fraternidade Miss\u00f5es Humanit\u00e1rias Internacionais\" \/>\n<meta property=\"article:published_time\" content=\"2017-11-02T20:05:08+00:00\" \/>\n<meta property=\"og:image\" content=\"https:\/\/www.missoeshumanitarias.org\/wp-content\/uploads\/2021\/08\/roraima_missao_reuniao_nucleo_09_2017-1.jpg\" \/>\n\t<meta property=\"og:image:width\" content=\"690\" \/>\n\t<meta property=\"og:image:height\" content=\"388\" \/>\n\t<meta property=\"og:image:type\" content=\"image\/jpeg\" \/>\n<meta name=\"author\" content=\"maducato_admin\" \/>\n<meta name=\"twitter:card\" content=\"summary_large_image\" \/>\n<meta name=\"twitter:label1\" content=\"Escrito por\" \/>\n\t<meta name=\"twitter:data1\" content=\"maducato_admin\" \/>\n\t<meta name=\"twitter:label2\" content=\"Tiempo de lectura\" \/>\n\t<meta name=\"twitter:data2\" content=\"6 minutos\" \/>\n<script type=\"application\/ld+json\" class=\"yoast-schema-graph\">{\"@context\":\"https:\/\/schema.org\",\"@graph\":[{\"@type\":\"Article\",\"@id\":\"https:\/\/www.missoeshumanitarias.org\/es\/mision-roraima-humanitaria-encuentros-definen-nuevas-acciones\/#article\",\"isPartOf\":{\"@id\":\"https:\/\/www.missoeshumanitarias.org\/es\/mision-roraima-humanitaria-encuentros-definen-nuevas-acciones\/\"},\"author\":{\"name\":\"maducato_admin\",\"@id\":\"https:\/\/www.missoeshumanitarias.org\/es\/#\/schema\/person\/e0f8527323154d1eba9f9d9eb6b401f7\"},\"headline\":\"Misi\u00f3n Roraima Humanitaria \u2013 encuentros definen nuevas acciones\",\"datePublished\":\"2017-11-02T20:05:08+00:00\",\"dateModified\":\"2017-11-02T20:05:08+00:00\",\"mainEntityOfPage\":{\"@id\":\"https:\/\/www.missoeshumanitarias.org\/es\/mision-roraima-humanitaria-encuentros-definen-nuevas-acciones\/\"},\"wordCount\":1184,\"commentCount\":0,\"publisher\":{\"@id\":\"https:\/\/www.missoeshumanitarias.org\/es\/#organization\"},\"image\":{\"@id\":\"https:\/\/www.missoeshumanitarias.org\/es\/mision-roraima-humanitaria-encuentros-definen-nuevas-acciones\/#primaryimage\"},\"thumbnailUrl\":\"https:\/\/www.missoeshumanitarias.org\/wp-content\/uploads\/2021\/08\/roraima_missao_reuniao_nucleo_09_2017-1.jpg\",\"articleSection\":[\"Noticias\",\"Noticias de las Misiones\"],\"inLanguage\":\"es\",\"potentialAction\":[{\"@type\":\"CommentAction\",\"name\":\"Comment\",\"target\":[\"https:\/\/www.missoeshumanitarias.org\/es\/mision-roraima-humanitaria-encuentros-definen-nuevas-acciones\/#respond\"]}]},{\"@type\":\"WebPage\",\"@id\":\"https:\/\/www.missoeshumanitarias.org\/es\/mision-roraima-humanitaria-encuentros-definen-nuevas-acciones\/\",\"url\":\"https:\/\/www.missoeshumanitarias.org\/es\/mision-roraima-humanitaria-encuentros-definen-nuevas-acciones\/\",\"name\":\"Misi\u00f3n Roraima Humanitaria \u2013 encuentros definen nuevas acciones - Fraternidade Miss\u00f5es Humanit\u00e1rias Internacionais\",\"isPartOf\":{\"@id\":\"https:\/\/www.missoeshumanitarias.org\/es\/#website\"},\"primaryImageOfPage\":{\"@id\":\"https:\/\/www.missoeshumanitarias.org\/es\/mision-roraima-humanitaria-encuentros-definen-nuevas-acciones\/#primaryimage\"},\"image\":{\"@id\":\"https:\/\/www.missoeshumanitarias.org\/es\/mision-roraima-humanitaria-encuentros-definen-nuevas-acciones\/#primaryimage\"},\"thumbnailUrl\":\"https:\/\/www.missoeshumanitarias.org\/wp-content\/uploads\/2021\/08\/roraima_missao_reuniao_nucleo_09_2017-1.jpg\",\"datePublished\":\"2017-11-02T20:05:08+00:00\",\"dateModified\":\"2017-11-02T20:05:08+00:00\",\"breadcrumb\":{\"@id\":\"https:\/\/www.missoeshumanitarias.org\/es\/mision-roraima-humanitaria-encuentros-definen-nuevas-acciones\/#breadcrumb\"},\"inLanguage\":\"es\",\"potentialAction\":[{\"@type\":\"ReadAction\",\"target\":[\"https:\/\/www.missoeshumanitarias.org\/es\/mision-roraima-humanitaria-encuentros-definen-nuevas-acciones\/\"]}]},{\"@type\":\"ImageObject\",\"inLanguage\":\"es\",\"@id\":\"https:\/\/www.missoeshumanitarias.org\/es\/mision-roraima-humanitaria-encuentros-definen-nuevas-acciones\/#primaryimage\",\"url\":\"https:\/\/www.missoeshumanitarias.org\/wp-content\/uploads\/2021\/08\/roraima_missao_reuniao_nucleo_09_2017-1.jpg\",\"contentUrl\":\"https:\/\/www.missoeshumanitarias.org\/wp-content\/uploads\/2021\/08\/roraima_missao_reuniao_nucleo_09_2017-1.jpg\",\"width\":690,\"height\":388},{\"@type\":\"BreadcrumbList\",\"@id\":\"https:\/\/www.missoeshumanitarias.org\/es\/mision-roraima-humanitaria-encuentros-definen-nuevas-acciones\/#breadcrumb\",\"itemListElement\":[{\"@type\":\"ListItem\",\"position\":1,\"name\":\"Home\",\"item\":\"https:\/\/www.missoeshumanitarias.org\/en\/\"},{\"@type\":\"ListItem\",\"position\":2,\"name\":\"Misi\u00f3n Roraima Humanitaria \u2013 encuentros definen nuevas acciones\"}]},{\"@type\":\"WebSite\",\"@id\":\"https:\/\/www.missoeshumanitarias.org\/es\/#website\",\"url\":\"https:\/\/www.missoeshumanitarias.org\/es\/\",\"name\":\"Fraternidade Miss\u00f5es Humanit\u00e1rias Internacionais\",\"description\":\"Respostas Humanit\u00e1rias e Emerg\u00eancias\",\"publisher\":{\"@id\":\"https:\/\/www.missoeshumanitarias.org\/es\/#organization\"},\"potentialAction\":[{\"@type\":\"SearchAction\",\"target\":{\"@type\":\"EntryPoint\",\"urlTemplate\":\"https:\/\/www.missoeshumanitarias.org\/es\/?s={search_term_string}\"},\"query-input\":\"required name=search_term_string\"}],\"inLanguage\":\"es\"},{\"@type\":\"Organization\",\"@id\":\"https:\/\/www.missoeshumanitarias.org\/es\/#organization\",\"name\":\"Fraternidade - Miss\u00f5es Humanit\u00e1rias Internacionais\",\"url\":\"https:\/\/www.missoeshumanitarias.org\/es\/\",\"logo\":{\"@type\":\"ImageObject\",\"inLanguage\":\"es\",\"@id\":\"https:\/\/www.missoeshumanitarias.org\/es\/#\/schema\/logo\/image\/\",\"url\":\"https:\/\/www.missoeshumanitarias.org\/wp-content\/uploads\/2020\/05\/logo-FMHI-mg.png\",\"contentUrl\":\"https:\/\/www.missoeshumanitarias.org\/wp-content\/uploads\/2020\/05\/logo-FMHI-mg.png\",\"width\":520,\"height\":134,\"caption\":\"Fraternidade - Miss\u00f5es Humanit\u00e1rias Internacionais\"},\"image\":{\"@id\":\"https:\/\/www.missoeshumanitarias.org\/es\/#\/schema\/logo\/image\/\"}},{\"@type\":\"Person\",\"@id\":\"https:\/\/www.missoeshumanitarias.org\/es\/#\/schema\/person\/e0f8527323154d1eba9f9d9eb6b401f7\",\"name\":\"maducato_admin\",\"image\":{\"@type\":\"ImageObject\",\"inLanguage\":\"es\",\"@id\":\"https:\/\/www.missoeshumanitarias.org\/es\/#\/schema\/person\/image\/\",\"url\":\"https:\/\/secure.gravatar.com\/avatar\/6c3b45186a8f5a459d8e14c7fca370bceae92402bc06171d75e4e559b6c24393?s=96&d=mm&r=g\",\"contentUrl\":\"https:\/\/secure.gravatar.com\/avatar\/6c3b45186a8f5a459d8e14c7fca370bceae92402bc06171d75e4e559b6c24393?s=96&d=mm&r=g\",\"caption\":\"maducato_admin\"}}]}<\/script>\n<!-- \/ Yoast SEO Premium plugin. -->","yoast_head_json":{"title":"Misi\u00f3n Roraima Humanitaria \u2013 encuentros definen nuevas acciones - Fraternidade Miss\u00f5es Humanit\u00e1rias Internacionais","robots":{"index":"index","follow":"follow","max-snippet":"max-snippet:-1","max-image-preview":"max-image-preview:large","max-video-preview":"max-video-preview:-1"},"canonical":"https:\/\/www.missoeshumanitarias.org\/es\/mision-roraima-humanitaria-encuentros-definen-nuevas-acciones\/","og_locale":"es_ES","og_type":"article","og_title":"Misi\u00f3n Roraima Humanitaria \u2013 encuentros definen nuevas acciones","og_description":"[fusion_vimeo id=\u00bbhttps:\/\/vimeo.com\/240321151&#8243; alignment=\u00bbcenter\u00bb width=\u00bb350&#8243; height=\u00bb200&#8243; autoplay=\u00bbtrue\u00bb api_params=\u00bb\u00bb hide_on_mobile=\u00bbsmall-visibility,medium-visibility,large-visibility\u00bb class=\u00bb\u00bb][\/fusion_vimeo] Lunes 25\/09 al domingo 1\/10 El lunes 25 los misioneros de la Fraternidade \u2013 Federaci\u00f3n Humanitaria Internacional se dividieron en grupos de trabajo para realizar las tares del d\u00eda. Un grupo sali\u00f3 para el CRI \u2013 Centro de Referencia al Inmigrante y otra parte fue para [&hellip;]","og_url":"https:\/\/www.missoeshumanitarias.org\/es\/mision-roraima-humanitaria-encuentros-definen-nuevas-acciones\/","og_site_name":"Fraternidade Miss\u00f5es Humanit\u00e1rias Internacionais","article_published_time":"2017-11-02T20:05:08+00:00","og_image":[{"width":690,"height":388,"url":"https:\/\/www.missoeshumanitarias.org\/wp-content\/uploads\/2021\/08\/roraima_missao_reuniao_nucleo_09_2017-1.jpg","type":"image\/jpeg"}],"author":"maducato_admin","twitter_card":"summary_large_image","twitter_misc":{"Escrito por":"maducato_admin","Tiempo de lectura":"6 minutos"},"schema":{"@context":"https:\/\/schema.org","@graph":[{"@type":"Article","@id":"https:\/\/www.missoeshumanitarias.org\/es\/mision-roraima-humanitaria-encuentros-definen-nuevas-acciones\/#article","isPartOf":{"@id":"https:\/\/www.missoeshumanitarias.org\/es\/mision-roraima-humanitaria-encuentros-definen-nuevas-acciones\/"},"author":{"name":"maducato_admin","@id":"https:\/\/www.missoeshumanitarias.org\/es\/#\/schema\/person\/e0f8527323154d1eba9f9d9eb6b401f7"},"headline":"Misi\u00f3n Roraima Humanitaria \u2013 encuentros definen nuevas acciones","datePublished":"2017-11-02T20:05:08+00:00","dateModified":"2017-11-02T20:05:08+00:00","mainEntityOfPage":{"@id":"https:\/\/www.missoeshumanitarias.org\/es\/mision-roraima-humanitaria-encuentros-definen-nuevas-acciones\/"},"wordCount":1184,"commentCount":0,"publisher":{"@id":"https:\/\/www.missoeshumanitarias.org\/es\/#organization"},"image":{"@id":"https:\/\/www.missoeshumanitarias.org\/es\/mision-roraima-humanitaria-encuentros-definen-nuevas-acciones\/#primaryimage"},"thumbnailUrl":"https:\/\/www.missoeshumanitarias.org\/wp-content\/uploads\/2021\/08\/roraima_missao_reuniao_nucleo_09_2017-1.jpg","articleSection":["Noticias","Noticias de las Misiones"],"inLanguage":"es","potentialAction":[{"@type":"CommentAction","name":"Comment","target":["https:\/\/www.missoeshumanitarias.org\/es\/mision-roraima-humanitaria-encuentros-definen-nuevas-acciones\/#respond"]}]},{"@type":"WebPage","@id":"https:\/\/www.missoeshumanitarias.org\/es\/mision-roraima-humanitaria-encuentros-definen-nuevas-acciones\/","url":"https:\/\/www.missoeshumanitarias.org\/es\/mision-roraima-humanitaria-encuentros-definen-nuevas-acciones\/","name":"Misi\u00f3n Roraima Humanitaria \u2013 encuentros definen nuevas acciones - Fraternidade Miss\u00f5es Humanit\u00e1rias Internacionais","isPartOf":{"@id":"https:\/\/www.missoeshumanitarias.org\/es\/#website"},"primaryImageOfPage":{"@id":"https:\/\/www.missoeshumanitarias.org\/es\/mision-roraima-humanitaria-encuentros-definen-nuevas-acciones\/#primaryimage"},"image":{"@id":"https:\/\/www.missoeshumanitarias.org\/es\/mision-roraima-humanitaria-encuentros-definen-nuevas-acciones\/#primaryimage"},"thumbnailUrl":"https:\/\/www.missoeshumanitarias.org\/wp-content\/uploads\/2021\/08\/roraima_missao_reuniao_nucleo_09_2017-1.jpg","datePublished":"2017-11-02T20:05:08+00:00","dateModified":"2017-11-02T20:05:08+00:00","breadcrumb":{"@id":"https:\/\/www.missoeshumanitarias.org\/es\/mision-roraima-humanitaria-encuentros-definen-nuevas-acciones\/#breadcrumb"},"inLanguage":"es","potentialAction":[{"@type":"ReadAction","target":["https:\/\/www.missoeshumanitarias.org\/es\/mision-roraima-humanitaria-encuentros-definen-nuevas-acciones\/"]}]},{"@type":"ImageObject","inLanguage":"es","@id":"https:\/\/www.missoeshumanitarias.org\/es\/mision-roraima-humanitaria-encuentros-definen-nuevas-acciones\/#primaryimage","url":"https:\/\/www.missoeshumanitarias.org\/wp-content\/uploads\/2021\/08\/roraima_missao_reuniao_nucleo_09_2017-1.jpg","contentUrl":"https:\/\/www.missoeshumanitarias.org\/wp-content\/uploads\/2021\/08\/roraima_missao_reuniao_nucleo_09_2017-1.jpg","width":690,"height":388},{"@type":"BreadcrumbList","@id":"https:\/\/www.missoeshumanitarias.org\/es\/mision-roraima-humanitaria-encuentros-definen-nuevas-acciones\/#breadcrumb","itemListElement":[{"@type":"ListItem","position":1,"name":"Home","item":"https:\/\/www.missoeshumanitarias.org\/en\/"},{"@type":"ListItem","position":2,"name":"Misi\u00f3n Roraima Humanitaria \u2013 encuentros definen nuevas acciones"}]},{"@type":"WebSite","@id":"https:\/\/www.missoeshumanitarias.org\/es\/#website","url":"https:\/\/www.missoeshumanitarias.org\/es\/","name":"Fraternidade Miss\u00f5es Humanit\u00e1rias Internacionais","description":"Respostas Humanit\u00e1rias e Emerg\u00eancias","publisher":{"@id":"https:\/\/www.missoeshumanitarias.org\/es\/#organization"},"potentialAction":[{"@type":"SearchAction","target":{"@type":"EntryPoint","urlTemplate":"https:\/\/www.missoeshumanitarias.org\/es\/?s={search_term_string}"},"query-input":"required name=search_term_string"}],"inLanguage":"es"},{"@type":"Organization","@id":"https:\/\/www.missoeshumanitarias.org\/es\/#organization","name":"Fraternidade - Miss\u00f5es Humanit\u00e1rias Internacionais","url":"https:\/\/www.missoeshumanitarias.org\/es\/","logo":{"@type":"ImageObject","inLanguage":"es","@id":"https:\/\/www.missoeshumanitarias.org\/es\/#\/schema\/logo\/image\/","url":"https:\/\/www.missoeshumanitarias.org\/wp-content\/uploads\/2020\/05\/logo-FMHI-mg.png","contentUrl":"https:\/\/www.missoeshumanitarias.org\/wp-content\/uploads\/2020\/05\/logo-FMHI-mg.png","width":520,"height":134,"caption":"Fraternidade - Miss\u00f5es Humanit\u00e1rias Internacionais"},"image":{"@id":"https:\/\/www.missoeshumanitarias.org\/es\/#\/schema\/logo\/image\/"}},{"@type":"Person","@id":"https:\/\/www.missoeshumanitarias.org\/es\/#\/schema\/person\/e0f8527323154d1eba9f9d9eb6b401f7","name":"maducato_admin","image":{"@type":"ImageObject","inLanguage":"es","@id":"https:\/\/www.missoeshumanitarias.org\/es\/#\/schema\/person\/image\/","url":"https:\/\/secure.gravatar.com\/avatar\/6c3b45186a8f5a459d8e14c7fca370bceae92402bc06171d75e4e559b6c24393?s=96&d=mm&r=g","contentUrl":"https:\/\/secure.gravatar.com\/avatar\/6c3b45186a8f5a459d8e14c7fca370bceae92402bc06171d75e4e559b6c24393?s=96&d=mm&r=g","caption":"maducato_admin"}}]}},"_links":{"self":[{"href":"https:\/\/www.missoeshumanitarias.org\/es\/wp-json\/wp\/v2\/posts\/131759","targetHints":{"allow":["GET"]}}],"collection":[{"href":"https:\/\/www.missoeshumanitarias.org\/es\/wp-json\/wp\/v2\/posts"}],"about":[{"href":"https:\/\/www.missoeshumanitarias.org\/es\/wp-json\/wp\/v2\/types\/post"}],"author":[{"embeddable":true,"href":"https:\/\/www.missoeshumanitarias.org\/es\/wp-json\/wp\/v2\/users\/1"}],"replies":[{"embeddable":true,"href":"https:\/\/www.missoeshumanitarias.org\/es\/wp-json\/wp\/v2\/comments?post=131759"}],"version-history":[{"count":0,"href":"https:\/\/www.missoeshumanitarias.org\/es\/wp-json\/wp\/v2\/posts\/131759\/revisions"}],"wp:featuredmedia":[{"embeddable":true,"href":"https:\/\/www.missoeshumanitarias.org\/es\/wp-json\/wp\/v2\/media\/125555"}],"wp:attachment":[{"href":"https:\/\/www.missoeshumanitarias.org\/es\/wp-json\/wp\/v2\/media?parent=131759"}],"wp:term":[{"taxonomy":"category","embeddable":true,"href":"https:\/\/www.missoeshumanitarias.org\/es\/wp-json\/wp\/v2\/categories?post=131759"},{"taxonomy":"post_tag","embeddable":true,"href":"https:\/\/www.missoeshumanitarias.org\/es\/wp-json\/wp\/v2\/tags?post=131759"}],"curies":[{"name":"wp","href":"https:\/\/api.w.org\/{rel}","templated":true}]}}