{"id":131773,"date":"2017-12-16T17:13:12","date_gmt":"2017-12-16T19:13:12","guid":{"rendered":"https:\/\/www.missoeshumanitarias.org\/mision-roraima-humanitaria-en-boa-vista-entrenamiento\/"},"modified":"2017-12-16T17:13:12","modified_gmt":"2017-12-16T19:13:12","slug":"mision-roraima-humanitaria-en-boa-vista-entrenamiento","status":"publish","type":"post","link":"https:\/\/www.missoeshumanitarias.org\/es\/mision-roraima-humanitaria-en-boa-vista-entrenamiento\/","title":{"rendered":"Mision Roraima Humanitaria en Boa Vista \u2013 entrenamiento"},"content":{"rendered":"<h3 class=\"western\" align=\"CENTER\"><b>Lunes 20\/11 al domingo 26\/11<\/b><\/h3>\n<h3 class=\"western\" style=\"text-align: justify;\" align=\"JUSTIFY\"><b>Lunes 20 de noviembre<\/b><\/h3>\n<figure id=\"attachment_69478\" aria-describedby=\"caption-attachment-69478\" style=\"width: 300px\" class=\"wp-caption alignleft\"><a href=\"https:\/\/www.fraterinternacional.org\/wp-content\/uploads\/2017\/12\/roraima_missao_boavista_visita_acnur_11_2017.jpg\"><img fetchpriority=\"high\" decoding=\"async\" class=\"wp-image-69478 size-medium\" src=\"https:\/\/www.missoeshumanitarias.org\/wp-content\/uploads\/2021\/08\/roraima_missao_boavista_visita_acnur_11_2017-300x169-1.jpg\" alt=\"\" width=\"300\" height=\"169\" \/><\/a><figcaption id=\"caption-attachment-69478\" class=\"wp-caption-text\">Visita del ACNUR en el CRI<\/figcaption><\/figure>\n<p class=\"western\" style=\"text-align: justify;\" align=\"JUSTIFY\"><span style=\"font-weight: 400;\">Los representantes del Alto Comisionado de las Naciones Unidas para los refugiados (ACNUR), \u00a0se reunieron con los l\u00edderes ind\u00edgenas del CRI &#8211; Centro de Referencia para el Inmigrante &#8211; para planificar la organizaci\u00f3n de los documentos de los inmigrantes.<\/span><\/p>\n<p class=\"western\" style=\"text-align: justify;\" align=\"JUSTIFY\"><span style=\"font-weight: 400;\">El equipo del Ministerio de Salud de Brasilia (DF) se reuni\u00f3 con los misioneros de la\u00a0<\/span><b>Fraternidade \u2013 Federaci\u00f3n Humanitaria Internacional,<\/b><span style=\"font-weight: 400;\">\u00a0con la m\u00e9dica de la <a href=\"http:\/\/www.fraterinternacional.org\/es\/red-luz\/\">Red-Luz<\/a> de Roraima, representantes del ACNUR y con las entidades gubernamentales, municipales y estatales relacionadas con la salud. Se recaud\u00f3 la informaci\u00f3n sobre las necesidades de atenci\u00f3n de salud de los inmigrantes venezolanos. El equipo del Ministerio de Salud elaborar\u00e1 un flujo de asistencia a los inmigrantes que se encuentran en los refugios de Boa Vista y Pacaraima.<\/span><\/p>\n<figure id=\"attachment_69466\" aria-describedby=\"caption-attachment-69466\" style=\"width: 300px\" class=\"wp-caption alignright\"><a href=\"https:\/\/www.fraterinternacional.org\/wp-content\/uploads\/2017\/12\/roraima_missao_boavista_reuniao_ministerio_saude_11_2017.jpg\"><img decoding=\"async\" class=\"wp-image-69466 size-medium\" src=\"https:\/\/www.missoeshumanitarias.org\/wp-content\/uploads\/2021\/08\/roraima_missao_boavista_reuniao_ministerio_saude_11_2017-300x169-1.jpg\" alt=\"\" width=\"300\" height=\"169\" \/><\/a><figcaption id=\"caption-attachment-69466\" class=\"wp-caption-text\">Reuni\u00f3n con equipo del Ministerio de Salud<\/figcaption><\/figure>\n<p class=\"western\" style=\"text-align: justify;\" align=\"JUSTIFY\"><span style=\"font-weight: 400;\">Durante la reuni\u00f3n tambi\u00e9n se pudo constatar algunas necesidades, como la colocaci\u00f3n de entramados en las ventanas, la regularizaci\u00f3n del piso de la cocina del CRI y la creaci\u00f3n de varios lavamanos.\u00a0\u00a0Tambi\u00e9n la facilitaci\u00f3n de cursos de formaci\u00f3n para la higiene y la salud para los l\u00edderes ind\u00edgenas.<\/span><\/p>\n<p class=\"western\" style=\"text-align: justify;\" align=\"JUSTIFY\"><span style=\"font-weight: 400;\">Se entregaron materiales para suplir los art\u00edculos que faltaban en los dep\u00f3sitos\u00a0\u00a0del refugio para confeccionar las artesan\u00edas, as\u00ed como tambi\u00e9n se organiz\u00f3 el contenedor donde se encuentran estos materiales.<\/span><\/p>\n<figure id=\"attachment_69421\" aria-describedby=\"caption-attachment-69421\" style=\"width: 300px\" class=\"wp-caption alignleft\"><a href=\"https:\/\/www.fraterinternacional.org\/wp-content\/uploads\/2017\/12\/roraima_missao_boavista_2video_criancas_11_2017.jpg\"><img decoding=\"async\" class=\"wp-image-69421 size-medium\" src=\"https:\/\/www.missoeshumanitarias.org\/wp-content\/uploads\/2021\/08\/roraima_missao_boavista_2video_criancas_11_2017-300x169-1.jpg\" alt=\"\" width=\"300\" height=\"169\" \/><\/a><figcaption id=\"caption-attachment-69421\" class=\"wp-caption-text\">Exhibici\u00f3n de un video para los ni\u00f1os<\/figcaption><\/figure>\n<p class=\"western\" style=\"text-align: justify;\">Se recibieron donaciones de pan y pan tostado.<\/p>\n<p class=\"western\" style=\"text-align: justify;\">Se hicieron partidas de voleibol en el refugio.<\/p>\n<p class=\"western\" style=\"text-align: justify;\">Los ni\u00f1os asistieron a la exposici\u00f3n de video promovida por voluntarios, participaron en juegos y tomaron clases en la escuela del refugio.<\/p>\n<p class=\"western\" style=\"text-align: justify;\">Temprano en la tarde un joven con problemas psicol\u00f3gicos, estaba presentando un estado alterado en su comportamiento y fue atendido por el equipo del abrigo. Por la noche fue enviado al hospital general de Boa Vista, donde fue admitido.<\/p>\n<h3 class=\"western\" style=\"text-align: justify;\" align=\"JUSTIFY\"><b>Martes 21 de noviembre<\/b><\/h3>\n<p class=\"western\" style=\"text-align: justify;\" align=\"JUSTIFY\"><a href=\"https:\/\/www.fraterinternacional.org\/wp-content\/uploads\/2017\/12\/roraima_missao_boavista_partida_volei_11_2017.jpg\"><img loading=\"lazy\" decoding=\"async\" class=\"size-medium wp-image-69457 alignright\" src=\"https:\/\/www.missoeshumanitarias.org\/wp-content\/uploads\/2021\/08\/roraima_missao_boavista_partida_volei_11_2017-300x169-1.jpg\" alt=\"\" width=\"300\" height=\"169\" \/><\/a><\/p>\n<p class=\"western\" style=\"text-align: justify;\">Visitas a las familias que est\u00e1n refugiadas en el abrigo del CRI.<\/p>\n<p class=\"western\" style=\"text-align: justify;\">Se elaboraron informes para la organizaci\u00f3n de las piezas que se expondr\u00e1n en el Mercado Artesanal.<\/p>\n<p class=\"western\" style=\"text-align: justify;\">Los j\u00f3venes inmigrantes participaron en partidos de voleibol.<\/p>\n<p class=\"western\" style=\"text-align: justify;\">Al final de la tarde, los misioneros llevaron al Hospital General en Boa Vista a la madre del joven con problemas psicol\u00f3gicos y ambos permanecieron internados.<\/p>\n<p class=\"western\" style=\"text-align: justify;\">Hubo consultas m\u00e9dicas y se constat\u00f3 nuevos casos de conjuntivitis.<\/p>\n<h3 class=\"western\" style=\"text-align: justify;\" align=\"JUSTIFY\"><b>Mi\u00e9rcoles 22 de noviembre<\/b><\/h3>\n<figure id=\"attachment_69427\" aria-describedby=\"caption-attachment-69427\" style=\"width: 300px\" class=\"wp-caption alignleft\"><a href=\"https:\/\/www.fraterinternacional.org\/wp-content\/uploads\/2017\/12\/roraima_missao_boavista_atendimento_saude_11_2017.jpg\"><img loading=\"lazy\" decoding=\"async\" class=\"wp-image-69427 size-medium\" src=\"https:\/\/www.missoeshumanitarias.org\/wp-content\/uploads\/2021\/08\/roraima_missao_boavista_atendimento_saude_11_2017-300x169-1.jpg\" alt=\"\" width=\"300\" height=\"169\" \/><\/a><figcaption id=\"caption-attachment-69427\" class=\"wp-caption-text\">Consultas de salud del Sesai<\/figcaption><\/figure>\n<p class=\"western\" style=\"text-align: justify;\">Un inmigrante que estaba necesitando de una consulta m\u00e9dica fue llevado a la Policl\u00ednica.<\/p>\n<p class=\"western\" style=\"text-align: justify;\">La Iglesia Metodista llev\u00f3 a un grupo de ni\u00f1os y a sus representantes para hacer unos trabajos y juegos fuera del refugio.<\/p>\n<p class=\"western\" style=\"text-align: justify;\">Los misioneros realizaron el relevo de la acompa\u00f1ante del joven que est\u00e1 internado en el hospital con problemas psicol\u00f3gicos.<\/p>\n<p class=\"western\" style=\"text-align: justify;\">Se transportaron al CRI varias familias de inmigrantes ind\u00edgenas Warao que se encontraban en la Polic\u00eda Federal, con el representante del ACNUR, para hacer frente a la legalizaci\u00f3n de documentos personales.<\/p>\n<p class=\"western\" style=\"text-align: justify;\">El equipo de la Secretar\u00eda Especial de Salud Ind\u00edgena (Sesai) realiz\u00f3 varias consultas m\u00e9dicas en el refugio.<\/p>\n<h3 class=\"western\" style=\"text-align: justify;\" align=\"JUSTIFY\"><b>Jueves 23 de noviembre<\/b><\/h3>\n<figure id=\"attachment_69469\" aria-describedby=\"caption-attachment-69469\" style=\"width: 300px\" class=\"wp-caption alignleft\"><a href=\"https:\/\/www.fraterinternacional.org\/wp-content\/uploads\/2017\/12\/roraima_missao_boavista_treinamento_2alojamentos_oim_11_2017.jpg\"><img loading=\"lazy\" decoding=\"async\" class=\"wp-image-69469 size-medium\" src=\"https:\/\/www.missoeshumanitarias.org\/wp-content\/uploads\/2021\/08\/roraima_missao_boavista_treinamento_2alojamentos_oim_11_2017-300x169-1.jpg\" alt=\"\" width=\"300\" height=\"169\" \/><\/a><figcaption id=\"caption-attachment-69469\" class=\"wp-caption-text\">Entrenamiento de la OIM<\/figcaption><\/figure>\n<p class=\"western\" style=\"text-align: justify;\">Los misioneros de la Fraternidade participaron en el primer d\u00eda de formaci\u00f3n para la gesti\u00f3n de alojamientos temporales, promovidos por la Organizaci\u00f3n Internacional de Migraciones (OIM).<\/p>\n<p class=\"western\" style=\"text-align: justify;\">Consultas de salud en el refugio (gripe, fiebre, sarpullido de pa\u00f1ales, erupci\u00f3n, piojos) y lavado de cabello.<\/p>\n<p class=\"western\" style=\"text-align: justify;\">Los ni\u00f1os asistieron a la exposici\u00f3n de videos educativos sobre higiene personal, promovidos por un maestro voluntario.<\/p>\n<figure id=\"attachment_69445\" aria-describedby=\"caption-attachment-69445\" style=\"width: 300px\" class=\"wp-caption alignright\"><a href=\"https:\/\/www.fraterinternacional.org\/wp-content\/uploads\/2017\/12\/roraima_missao_boavista_exposicao_3escola_11_2017.jpg\"><img loading=\"lazy\" decoding=\"async\" class=\"wp-image-69445 size-medium\" src=\"https:\/\/www.missoeshumanitarias.org\/wp-content\/uploads\/2021\/08\/roraima_missao_boavista_exposicao_3escola_11_2017-300x169-1.jpg\" alt=\"\" width=\"300\" height=\"169\" \/><\/a><figcaption id=\"caption-attachment-69445\" class=\"wp-caption-text\">Presentaci\u00f3n de danza en Escuela de Boa Vista<\/figcaption><\/figure>\n<p class=\"western\" style=\"text-align: justify;\">Voluntario ense\u00f1\u00f3 clases de m\u00fasica.<\/p>\n<p class=\"western\" style=\"text-align: justify;\">Visitas a las familias de la \u00e9tnia Panare que se encuentran en el refugio, cuando se trat\u00f3 el tema de los documentos.<\/p>\n<p class=\"western\" style=\"text-align: justify;\">Aparecieron nuevas personas que presentan fiebre y dolores corporales.<\/p>\n<p class=\"western\" style=\"text-align: justify;\">Un grupo de artesanos y mujeres ind\u00edgenas hicieron una presentaci\u00f3n de danza y artesan\u00eda en una escuela estatal de Boa Vista.<\/p>\n<h3 class=\"western\" style=\"text-align: justify;\" align=\"JUSTIFY\"><b>Viernes 24 de noviembre<\/b><\/h3>\n<p class=\"western\" style=\"text-align: justify;\">Se acompa\u00f1\u00f3 a unos ind\u00edgenas en la Policl\u00ednica para obtener resultados de las pruebas y consultar al m\u00e9dico. Un ni\u00f1o ind\u00edgena, acompa\u00f1ado por su madre, fue transferido al hospital de ni\u00f1os con presunta neumon\u00eda.<\/p>\n<p class=\"western\" style=\"text-align: justify;\">El equipo femenino de voleibol, formado por adolescentes del albergue, particip\u00f3 de unos partidos en la escuela estatal de Boa Vista que ha fomentado la interacci\u00f3n con los inmigrantes.<\/p>\n<p class=\"western\" style=\"text-align: justify;\">Voluntario dio clases de canto.<\/p>\n<p class=\"western\" style=\"text-align: justify;\">Al final de la tarde, los misioneros administraron medicinas a seis inmigrantes en el refugio que tienen HIV, a dos con problemas psicol\u00f3gicos y a un beb\u00e9 con inflamaci\u00f3n en el o\u00eddo.<\/p>\n<h3 class=\"western\" style=\"text-align: justify;\"><a href=\"https:\/\/www.fraterinternacional.org\/wp-content\/uploads\/2017\/12\/roraima_missao_boavista_criancas_1desenho_mesa_11_2017.jpg\"> <img loading=\"lazy\" decoding=\"async\" class=\"alignright size-medium wp-image-69433\" src=\"https:\/\/www.missoeshumanitarias.org\/wp-content\/uploads\/2021\/08\/roraima_missao_boavista_criancas_1desenho_mesa_11_2017-300x169-1.jpg\" alt=\"\" width=\"300\" height=\"169\" \/><\/a><b>S\u00e1bado 25\u00a0de noviembre<\/b><\/h3>\n<p class=\"western\" style=\"text-align: justify;\" align=\"JUSTIFY\"><span style=\"font-weight: 400;\">Actividad de dibujo y trabajo con cola de pegar en la escuela del abrigo con los ni\u00f1os. Las mesas de la escuela estaban revestidas y decoradas con los dibujos de los estudiantes.<\/span><\/p>\n<h3 class=\"western\" style=\"text-align: justify;\" align=\"JUSTIFY\"><b>Domingo 26 de noviembre<\/b><\/h3>\n<figure id=\"attachment_69481\" aria-describedby=\"caption-attachment-69481\" style=\"width: 300px\" class=\"wp-caption alignleft\"><a href=\"https:\/\/www.fraterinternacional.org\/wp-content\/uploads\/2017\/12\/roraima_missao_boavista_voluntario_venezuelano_11_2017.jpg\"><img loading=\"lazy\" decoding=\"async\" class=\"wp-image-69481 size-medium\" src=\"https:\/\/www.missoeshumanitarias.org\/wp-content\/uploads\/2021\/08\/roraima_missao_boavista_voluntario_venezuelano_11_2017-300x169-1.jpg\" alt=\"\" width=\"300\" height=\"169\" \/><\/a><figcaption id=\"caption-attachment-69481\" class=\"wp-caption-text\">Voluntario venezolano<\/figcaption><\/figure>\n<p class=\"western\" style=\"text-align: justify;\">Los misioneros, con la ayuda del bombero de Defensa Civil de Roraima, organizaron el transporte de tres Warao ind\u00edgenas al parque Anau\u00e1 para participar en el Mercado Artesanal.<\/p>\n<p class=\"western\" style=\"text-align: justify;\">Un voluntario venezolano que estuvo en Pacaraima lleg\u00f3 a la ciudad de Boa Vista para apoyar las actividades de la misi\u00f3n Roraima. El colaborador ayud\u00f3 en la organizaci\u00f3n del contenedor que sirve como almac\u00e9n de herramientas y utensilios del jard\u00edn del refugio.<\/p>\n<p class=\"western\" style=\"text-align: justify;\">Un misionero de la Fraternidade realiz\u00f3 un peque\u00f1o trabajo grupal con los ni\u00f1os buscando tierra para colocar en el huerto.<\/p>\n<div id='gallery-1' class='gallery galleryid-131773 gallery-columns-3 gallery-size-medium'><figure class='gallery-item'>\n\t\t\t<div class='gallery-icon landscape'>\n\t\t\t\t<a href='https:\/\/www.missoeshumanitarias.org\/wp-content\/uploads\/2021\/08\/roraima_missao_boavista_atendimento_2saude_11_2017.jpg'><img loading=\"lazy\" decoding=\"async\" width=\"300\" height=\"169\" src=\"https:\/\/www.missoeshumanitarias.org\/wp-content\/uploads\/2021\/08\/roraima_missao_boavista_atendimento_2saude_11_2017-300x169.jpg\" class=\"attachment-medium size-medium\" alt=\"\" srcset=\"https:\/\/www.missoeshumanitarias.org\/wp-content\/uploads\/2021\/08\/roraima_missao_boavista_atendimento_2saude_11_2017-300x169.jpg 300w, https:\/\/www.missoeshumanitarias.org\/wp-content\/uploads\/2021\/08\/roraima_missao_boavista_atendimento_2saude_11_2017.jpg 690w\" sizes=\"(max-width: 300px) 100vw, 300px\" \/><\/a>\n\t\t\t<\/div><\/figure><figure class='gallery-item'>\n\t\t\t<div class='gallery-icon landscape'>\n\t\t\t\t<a href='https:\/\/www.missoeshumanitarias.org\/wp-content\/uploads\/2021\/08\/roraima_missao_boavista_missionarios_grupo_11_2017.jpg'><img loading=\"lazy\" decoding=\"async\" width=\"300\" height=\"169\" src=\"https:\/\/www.missoeshumanitarias.org\/wp-content\/uploads\/2021\/08\/roraima_missao_boavista_missionarios_grupo_11_2017-300x169.jpg\" class=\"attachment-medium size-medium\" alt=\"\" srcset=\"https:\/\/www.missoeshumanitarias.org\/wp-content\/uploads\/2021\/08\/roraima_missao_boavista_missionarios_grupo_11_2017-300x169.jpg 300w, https:\/\/www.missoeshumanitarias.org\/wp-content\/uploads\/2021\/08\/roraima_missao_boavista_missionarios_grupo_11_2017.jpg 690w\" sizes=\"(max-width: 300px) 100vw, 300px\" \/><\/a>\n\t\t\t<\/div><\/figure><figure class='gallery-item'>\n\t\t\t<div class='gallery-icon landscape'>\n\t\t\t\t<a href='https:\/\/www.missoeshumanitarias.org\/wp-content\/uploads\/2021\/08\/roraima_missao_boavista_brincando_criancas_11_2017.jpg'><img loading=\"lazy\" decoding=\"async\" width=\"300\" height=\"169\" src=\"https:\/\/www.missoeshumanitarias.org\/wp-content\/uploads\/2021\/08\/roraima_missao_boavista_brincando_criancas_11_2017-300x169.jpg\" class=\"attachment-medium size-medium\" alt=\"\" srcset=\"https:\/\/www.missoeshumanitarias.org\/wp-content\/uploads\/2021\/08\/roraima_missao_boavista_brincando_criancas_11_2017-300x169.jpg 300w, https:\/\/www.missoeshumanitarias.org\/wp-content\/uploads\/2021\/08\/roraima_missao_boavista_brincando_criancas_11_2017.jpg 690w\" sizes=\"(max-width: 300px) 100vw, 300px\" \/><\/a>\n\t\t\t<\/div><\/figure><figure class='gallery-item'>\n\t\t\t<div class='gallery-icon landscape'>\n\t\t\t\t<a href='https:\/\/www.missoeshumanitarias.org\/wp-content\/uploads\/2021\/08\/roraima_missao_boavista_criancas_2desenho_mesa_11_2017.jpg'><img loading=\"lazy\" decoding=\"async\" width=\"300\" height=\"169\" src=\"https:\/\/www.missoeshumanitarias.org\/wp-content\/uploads\/2021\/08\/roraima_missao_boavista_criancas_2desenho_mesa_11_2017-300x169.jpg\" class=\"attachment-medium size-medium\" alt=\"\" srcset=\"https:\/\/www.missoeshumanitarias.org\/wp-content\/uploads\/2021\/08\/roraima_missao_boavista_criancas_2desenho_mesa_11_2017-300x169.jpg 300w, https:\/\/www.missoeshumanitarias.org\/wp-content\/uploads\/2021\/08\/roraima_missao_boavista_criancas_2desenho_mesa_11_2017.jpg 690w\" sizes=\"(max-width: 300px) 100vw, 300px\" \/><\/a>\n\t\t\t<\/div><\/figure><figure class='gallery-item'>\n\t\t\t<div class='gallery-icon landscape'>\n\t\t\t\t<a href='https:\/\/www.missoeshumanitarias.org\/wp-content\/uploads\/2021\/08\/roraima_missao_boavista_panares_artesanato_11_2017.jpg'><img loading=\"lazy\" decoding=\"async\" width=\"300\" height=\"169\" src=\"https:\/\/www.missoeshumanitarias.org\/wp-content\/uploads\/2021\/08\/roraima_missao_boavista_panares_artesanato_11_2017-300x169.jpg\" class=\"attachment-medium size-medium\" alt=\"\" srcset=\"https:\/\/www.missoeshumanitarias.org\/wp-content\/uploads\/2021\/08\/roraima_missao_boavista_panares_artesanato_11_2017-300x169.jpg 300w, https:\/\/www.missoeshumanitarias.org\/wp-content\/uploads\/2021\/08\/roraima_missao_boavista_panares_artesanato_11_2017.jpg 690w\" sizes=\"(max-width: 300px) 100vw, 300px\" \/><\/a>\n\t\t\t<\/div><\/figure><figure class='gallery-item'>\n\t\t\t<div class='gallery-icon landscape'>\n\t\t\t\t<a href='https:\/\/www.missoeshumanitarias.org\/wp-content\/uploads\/2021\/08\/roraima_missao_boavista_exposicao_1escola_11_2017.jpg'><img loading=\"lazy\" decoding=\"async\" width=\"300\" height=\"169\" src=\"https:\/\/www.missoeshumanitarias.org\/wp-content\/uploads\/2021\/08\/roraima_missao_boavista_exposicao_1escola_11_2017-300x169.jpg\" class=\"attachment-medium size-medium\" alt=\"\" srcset=\"https:\/\/www.missoeshumanitarias.org\/wp-content\/uploads\/2021\/08\/roraima_missao_boavista_exposicao_1escola_11_2017-300x169.jpg 300w, https:\/\/www.missoeshumanitarias.org\/wp-content\/uploads\/2021\/08\/roraima_missao_boavista_exposicao_1escola_11_2017.jpg 690w\" sizes=\"(max-width: 300px) 100vw, 300px\" \/><\/a>\n\t\t\t<\/div><\/figure><figure class='gallery-item'>\n\t\t\t<div class='gallery-icon landscape'>\n\t\t\t\t<a href='https:\/\/www.missoeshumanitarias.org\/wp-content\/uploads\/2021\/08\/roraima_missao_boavista_exposicao_2escola_11_2017.jpg'><img loading=\"lazy\" decoding=\"async\" width=\"300\" height=\"169\" src=\"https:\/\/www.missoeshumanitarias.org\/wp-content\/uploads\/2021\/08\/roraima_missao_boavista_exposicao_2escola_11_2017-300x169.jpg\" class=\"attachment-medium size-medium\" alt=\"\" srcset=\"https:\/\/www.missoeshumanitarias.org\/wp-content\/uploads\/2021\/08\/roraima_missao_boavista_exposicao_2escola_11_2017-300x169.jpg 300w, https:\/\/www.missoeshumanitarias.org\/wp-content\/uploads\/2021\/08\/roraima_missao_boavista_exposicao_2escola_11_2017.jpg 690w\" sizes=\"(max-width: 300px) 100vw, 300px\" \/><\/a>\n\t\t\t<\/div><\/figure><figure class='gallery-item'>\n\t\t\t<div class='gallery-icon landscape'>\n\t\t\t\t<a href='https:\/\/www.missoeshumanitarias.org\/wp-content\/uploads\/2021\/08\/roraima_missao_boavista_exposicao_feira_artesanato_11_2017.jpg'><img loading=\"lazy\" decoding=\"async\" width=\"300\" height=\"169\" src=\"https:\/\/www.missoeshumanitarias.org\/wp-content\/uploads\/2021\/08\/roraima_missao_boavista_exposicao_feira_artesanato_11_2017-300x169.jpg\" class=\"attachment-medium size-medium\" alt=\"\" srcset=\"https:\/\/www.missoeshumanitarias.org\/wp-content\/uploads\/2021\/08\/roraima_missao_boavista_exposicao_feira_artesanato_11_2017-300x169.jpg 300w, https:\/\/www.missoeshumanitarias.org\/wp-content\/uploads\/2021\/08\/roraima_missao_boavista_exposicao_feira_artesanato_11_2017.jpg 690w\" sizes=\"(max-width: 300px) 100vw, 300px\" \/><\/a>\n\t\t\t<\/div><\/figure><figure class='gallery-item'>\n\t\t\t<div class='gallery-icon landscape'>\n\t\t\t\t<a href='https:\/\/www.missoeshumanitarias.org\/wp-content\/uploads\/2021\/08\/roraima_missao_boavista_peca_1artesanato_11_2017.jpg'><img loading=\"lazy\" decoding=\"async\" width=\"300\" height=\"169\" src=\"https:\/\/www.missoeshumanitarias.org\/wp-content\/uploads\/2021\/08\/roraima_missao_boavista_peca_1artesanato_11_2017-300x169.jpg\" class=\"attachment-medium size-medium\" alt=\"\" srcset=\"https:\/\/www.missoeshumanitarias.org\/wp-content\/uploads\/2021\/08\/roraima_missao_boavista_peca_1artesanato_11_2017-300x169.jpg 300w, https:\/\/www.missoeshumanitarias.org\/wp-content\/uploads\/2021\/08\/roraima_missao_boavista_peca_1artesanato_11_2017.jpg 690w\" sizes=\"(max-width: 300px) 100vw, 300px\" \/><\/a>\n\t\t\t<\/div><\/figure><figure class='gallery-item'>\n\t\t\t<div class='gallery-icon portrait'>\n\t\t\t\t<a href='https:\/\/www.missoeshumanitarias.org\/wp-content\/uploads\/2021\/08\/roraima_missao_boavista_peca_2artesanato_11_2017.jpg'><img loading=\"lazy\" decoding=\"async\" width=\"180\" height=\"300\" src=\"https:\/\/www.missoeshumanitarias.org\/wp-content\/uploads\/2021\/08\/roraima_missao_boavista_peca_2artesanato_11_2017-180x300.jpg\" class=\"attachment-medium size-medium\" alt=\"\" srcset=\"https:\/\/www.missoeshumanitarias.org\/wp-content\/uploads\/2021\/08\/roraima_missao_boavista_peca_2artesanato_11_2017-180x300.jpg 180w, https:\/\/www.missoeshumanitarias.org\/wp-content\/uploads\/2021\/08\/roraima_missao_boavista_peca_2artesanato_11_2017.jpg 400w\" sizes=\"(max-width: 180px) 100vw, 180px\" \/><\/a>\n\t\t\t<\/div><\/figure>\n\t\t<\/div>\n\n","protected":false},"excerpt":{"rendered":"<p>Lunes 20\/11 al domingo 26\/11 Lunes 20 de noviembre Los representantes del Alto Comisionado de las Naciones Unidas para los refugiados (ACNUR), \u00a0se reunieron con los l\u00edderes ind\u00edgenas del CRI &#8211; Centro de Referencia para el Inmigrante &#8211; para planificar la organizaci\u00f3n de los documentos de los inmigrantes. El equipo del Ministerio de Salud de [&hellip;]<\/p>\n","protected":false},"author":1,"featured_media":126139,"comment_status":"open","ping_status":"open","sticky":false,"template":"","format":"standard","meta":{"footnotes":""},"categories":[43,131],"tags":[],"class_list":["post-131773","post","type-post","status-publish","format-standard","has-post-thumbnail","hentry","category-noticias-es","category-noticias-de-las-misiones"],"featured_image_src":"https:\/\/www.missoeshumanitarias.org\/wp-content\/uploads\/2021\/08\/roraima_missao_boavista_treinamento_alojamentos_oim_11_2017.jpg","author_info":{"display_name":"maducato_admin","author_link":"https:\/\/www.missoeshumanitarias.org\/es\/author\/maducato_admin\/"},"yoast_head":"<!-- This site is optimized with the Yoast SEO Premium plugin v22.5 (Yoast SEO v22.5) - https:\/\/yoast.com\/wordpress\/plugins\/seo\/ -->\n<title>Mision Roraima Humanitaria en Boa Vista \u2013 entrenamiento - Fraternidade Miss\u00f5es Humanit\u00e1rias Internacionais<\/title>\n<meta name=\"robots\" content=\"index, follow, max-snippet:-1, max-image-preview:large, max-video-preview:-1\" \/>\n<link rel=\"canonical\" href=\"https:\/\/www.missoeshumanitarias.org\/es\/mision-roraima-humanitaria-en-boa-vista-entrenamiento\/\" \/>\n<meta property=\"og:locale\" content=\"es_ES\" \/>\n<meta property=\"og:type\" content=\"article\" \/>\n<meta property=\"og:title\" content=\"Mision Roraima Humanitaria en Boa Vista \u2013 entrenamiento\" \/>\n<meta property=\"og:description\" content=\"Lunes 20\/11 al domingo 26\/11 Lunes 20 de noviembre Los representantes del Alto Comisionado de las Naciones Unidas para los refugiados (ACNUR), \u00a0se reunieron con los l\u00edderes ind\u00edgenas del CRI &#8211; Centro de Referencia para el Inmigrante &#8211; para planificar la organizaci\u00f3n de los documentos de los inmigrantes. El equipo del Ministerio de Salud de [&hellip;]\" \/>\n<meta property=\"og:url\" content=\"https:\/\/www.missoeshumanitarias.org\/es\/mision-roraima-humanitaria-en-boa-vista-entrenamiento\/\" \/>\n<meta property=\"og:site_name\" content=\"Fraternidade Miss\u00f5es Humanit\u00e1rias Internacionais\" \/>\n<meta property=\"article:published_time\" content=\"2017-12-16T19:13:12+00:00\" \/>\n<meta property=\"og:image\" content=\"https:\/\/www.missoeshumanitarias.org\/wp-content\/uploads\/2021\/08\/roraima_missao_boavista_treinamento_alojamentos_oim_11_2017.jpg\" \/>\n\t<meta property=\"og:image:width\" content=\"690\" \/>\n\t<meta property=\"og:image:height\" content=\"388\" \/>\n\t<meta property=\"og:image:type\" content=\"image\/jpeg\" \/>\n<meta name=\"author\" content=\"maducato_admin\" \/>\n<meta name=\"twitter:card\" content=\"summary_large_image\" \/>\n<meta name=\"twitter:label1\" content=\"Escrito por\" \/>\n\t<meta name=\"twitter:data1\" content=\"maducato_admin\" \/>\n\t<meta name=\"twitter:label2\" content=\"Tiempo de lectura\" \/>\n\t<meta name=\"twitter:data2\" content=\"5 minutos\" \/>\n<script type=\"application\/ld+json\" class=\"yoast-schema-graph\">{\"@context\":\"https:\/\/schema.org\",\"@graph\":[{\"@type\":\"Article\",\"@id\":\"https:\/\/www.missoeshumanitarias.org\/es\/mision-roraima-humanitaria-en-boa-vista-entrenamiento\/#article\",\"isPartOf\":{\"@id\":\"https:\/\/www.missoeshumanitarias.org\/es\/mision-roraima-humanitaria-en-boa-vista-entrenamiento\/\"},\"author\":{\"name\":\"maducato_admin\",\"@id\":\"https:\/\/www.missoeshumanitarias.org\/es\/#\/schema\/person\/e0f8527323154d1eba9f9d9eb6b401f7\"},\"headline\":\"Mision Roraima Humanitaria en Boa Vista \u2013 entrenamiento\",\"datePublished\":\"2017-12-16T19:13:12+00:00\",\"dateModified\":\"2017-12-16T19:13:12+00:00\",\"mainEntityOfPage\":{\"@id\":\"https:\/\/www.missoeshumanitarias.org\/es\/mision-roraima-humanitaria-en-boa-vista-entrenamiento\/\"},\"wordCount\":996,\"commentCount\":0,\"publisher\":{\"@id\":\"https:\/\/www.missoeshumanitarias.org\/es\/#organization\"},\"image\":{\"@id\":\"https:\/\/www.missoeshumanitarias.org\/es\/mision-roraima-humanitaria-en-boa-vista-entrenamiento\/#primaryimage\"},\"thumbnailUrl\":\"https:\/\/www.missoeshumanitarias.org\/wp-content\/uploads\/2021\/08\/roraima_missao_boavista_treinamento_alojamentos_oim_11_2017.jpg\",\"articleSection\":[\"Noticias\",\"Noticias de las Misiones\"],\"inLanguage\":\"es\",\"potentialAction\":[{\"@type\":\"CommentAction\",\"name\":\"Comment\",\"target\":[\"https:\/\/www.missoeshumanitarias.org\/es\/mision-roraima-humanitaria-en-boa-vista-entrenamiento\/#respond\"]}]},{\"@type\":\"WebPage\",\"@id\":\"https:\/\/www.missoeshumanitarias.org\/es\/mision-roraima-humanitaria-en-boa-vista-entrenamiento\/\",\"url\":\"https:\/\/www.missoeshumanitarias.org\/es\/mision-roraima-humanitaria-en-boa-vista-entrenamiento\/\",\"name\":\"Mision Roraima Humanitaria en Boa Vista \u2013 entrenamiento - Fraternidade Miss\u00f5es Humanit\u00e1rias Internacionais\",\"isPartOf\":{\"@id\":\"https:\/\/www.missoeshumanitarias.org\/es\/#website\"},\"primaryImageOfPage\":{\"@id\":\"https:\/\/www.missoeshumanitarias.org\/es\/mision-roraima-humanitaria-en-boa-vista-entrenamiento\/#primaryimage\"},\"image\":{\"@id\":\"https:\/\/www.missoeshumanitarias.org\/es\/mision-roraima-humanitaria-en-boa-vista-entrenamiento\/#primaryimage\"},\"thumbnailUrl\":\"https:\/\/www.missoeshumanitarias.org\/wp-content\/uploads\/2021\/08\/roraima_missao_boavista_treinamento_alojamentos_oim_11_2017.jpg\",\"datePublished\":\"2017-12-16T19:13:12+00:00\",\"dateModified\":\"2017-12-16T19:13:12+00:00\",\"breadcrumb\":{\"@id\":\"https:\/\/www.missoeshumanitarias.org\/es\/mision-roraima-humanitaria-en-boa-vista-entrenamiento\/#breadcrumb\"},\"inLanguage\":\"es\",\"potentialAction\":[{\"@type\":\"ReadAction\",\"target\":[\"https:\/\/www.missoeshumanitarias.org\/es\/mision-roraima-humanitaria-en-boa-vista-entrenamiento\/\"]}]},{\"@type\":\"ImageObject\",\"inLanguage\":\"es\",\"@id\":\"https:\/\/www.missoeshumanitarias.org\/es\/mision-roraima-humanitaria-en-boa-vista-entrenamiento\/#primaryimage\",\"url\":\"https:\/\/www.missoeshumanitarias.org\/wp-content\/uploads\/2021\/08\/roraima_missao_boavista_treinamento_alojamentos_oim_11_2017.jpg\",\"contentUrl\":\"https:\/\/www.missoeshumanitarias.org\/wp-content\/uploads\/2021\/08\/roraima_missao_boavista_treinamento_alojamentos_oim_11_2017.jpg\",\"width\":690,\"height\":388},{\"@type\":\"BreadcrumbList\",\"@id\":\"https:\/\/www.missoeshumanitarias.org\/es\/mision-roraima-humanitaria-en-boa-vista-entrenamiento\/#breadcrumb\",\"itemListElement\":[{\"@type\":\"ListItem\",\"position\":1,\"name\":\"Home\",\"item\":\"https:\/\/www.missoeshumanitarias.org\/en\/\"},{\"@type\":\"ListItem\",\"position\":2,\"name\":\"Mision Roraima Humanitaria en Boa Vista \u2013 entrenamiento\"}]},{\"@type\":\"WebSite\",\"@id\":\"https:\/\/www.missoeshumanitarias.org\/es\/#website\",\"url\":\"https:\/\/www.missoeshumanitarias.org\/es\/\",\"name\":\"Fraternidade Miss\u00f5es Humanit\u00e1rias Internacionais\",\"description\":\"Respostas Humanit\u00e1rias e Emerg\u00eancias\",\"publisher\":{\"@id\":\"https:\/\/www.missoeshumanitarias.org\/es\/#organization\"},\"potentialAction\":[{\"@type\":\"SearchAction\",\"target\":{\"@type\":\"EntryPoint\",\"urlTemplate\":\"https:\/\/www.missoeshumanitarias.org\/es\/?s={search_term_string}\"},\"query-input\":\"required name=search_term_string\"}],\"inLanguage\":\"es\"},{\"@type\":\"Organization\",\"@id\":\"https:\/\/www.missoeshumanitarias.org\/es\/#organization\",\"name\":\"Fraternidade - Miss\u00f5es Humanit\u00e1rias Internacionais\",\"url\":\"https:\/\/www.missoeshumanitarias.org\/es\/\",\"logo\":{\"@type\":\"ImageObject\",\"inLanguage\":\"es\",\"@id\":\"https:\/\/www.missoeshumanitarias.org\/es\/#\/schema\/logo\/image\/\",\"url\":\"https:\/\/www.missoeshumanitarias.org\/wp-content\/uploads\/2020\/05\/logo-FMHI-mg.png\",\"contentUrl\":\"https:\/\/www.missoeshumanitarias.org\/wp-content\/uploads\/2020\/05\/logo-FMHI-mg.png\",\"width\":520,\"height\":134,\"caption\":\"Fraternidade - Miss\u00f5es Humanit\u00e1rias Internacionais\"},\"image\":{\"@id\":\"https:\/\/www.missoeshumanitarias.org\/es\/#\/schema\/logo\/image\/\"}},{\"@type\":\"Person\",\"@id\":\"https:\/\/www.missoeshumanitarias.org\/es\/#\/schema\/person\/e0f8527323154d1eba9f9d9eb6b401f7\",\"name\":\"maducato_admin\",\"image\":{\"@type\":\"ImageObject\",\"inLanguage\":\"es\",\"@id\":\"https:\/\/www.missoeshumanitarias.org\/es\/#\/schema\/person\/image\/\",\"url\":\"https:\/\/secure.gravatar.com\/avatar\/6c3b45186a8f5a459d8e14c7fca370bceae92402bc06171d75e4e559b6c24393?s=96&d=mm&r=g\",\"contentUrl\":\"https:\/\/secure.gravatar.com\/avatar\/6c3b45186a8f5a459d8e14c7fca370bceae92402bc06171d75e4e559b6c24393?s=96&d=mm&r=g\",\"caption\":\"maducato_admin\"}}]}<\/script>\n<!-- \/ Yoast SEO Premium plugin. -->","yoast_head_json":{"title":"Mision Roraima Humanitaria en Boa Vista \u2013 entrenamiento - Fraternidade Miss\u00f5es Humanit\u00e1rias Internacionais","robots":{"index":"index","follow":"follow","max-snippet":"max-snippet:-1","max-image-preview":"max-image-preview:large","max-video-preview":"max-video-preview:-1"},"canonical":"https:\/\/www.missoeshumanitarias.org\/es\/mision-roraima-humanitaria-en-boa-vista-entrenamiento\/","og_locale":"es_ES","og_type":"article","og_title":"Mision Roraima Humanitaria en Boa Vista \u2013 entrenamiento","og_description":"Lunes 20\/11 al domingo 26\/11 Lunes 20 de noviembre Los representantes del Alto Comisionado de las Naciones Unidas para los refugiados (ACNUR), \u00a0se reunieron con los l\u00edderes ind\u00edgenas del CRI &#8211; Centro de Referencia para el Inmigrante &#8211; para planificar la organizaci\u00f3n de los documentos de los inmigrantes. El equipo del Ministerio de Salud de [&hellip;]","og_url":"https:\/\/www.missoeshumanitarias.org\/es\/mision-roraima-humanitaria-en-boa-vista-entrenamiento\/","og_site_name":"Fraternidade Miss\u00f5es Humanit\u00e1rias Internacionais","article_published_time":"2017-12-16T19:13:12+00:00","og_image":[{"width":690,"height":388,"url":"https:\/\/www.missoeshumanitarias.org\/wp-content\/uploads\/2021\/08\/roraima_missao_boavista_treinamento_alojamentos_oim_11_2017.jpg","type":"image\/jpeg"}],"author":"maducato_admin","twitter_card":"summary_large_image","twitter_misc":{"Escrito por":"maducato_admin","Tiempo de lectura":"5 minutos"},"schema":{"@context":"https:\/\/schema.org","@graph":[{"@type":"Article","@id":"https:\/\/www.missoeshumanitarias.org\/es\/mision-roraima-humanitaria-en-boa-vista-entrenamiento\/#article","isPartOf":{"@id":"https:\/\/www.missoeshumanitarias.org\/es\/mision-roraima-humanitaria-en-boa-vista-entrenamiento\/"},"author":{"name":"maducato_admin","@id":"https:\/\/www.missoeshumanitarias.org\/es\/#\/schema\/person\/e0f8527323154d1eba9f9d9eb6b401f7"},"headline":"Mision Roraima Humanitaria en Boa Vista \u2013 entrenamiento","datePublished":"2017-12-16T19:13:12+00:00","dateModified":"2017-12-16T19:13:12+00:00","mainEntityOfPage":{"@id":"https:\/\/www.missoeshumanitarias.org\/es\/mision-roraima-humanitaria-en-boa-vista-entrenamiento\/"},"wordCount":996,"commentCount":0,"publisher":{"@id":"https:\/\/www.missoeshumanitarias.org\/es\/#organization"},"image":{"@id":"https:\/\/www.missoeshumanitarias.org\/es\/mision-roraima-humanitaria-en-boa-vista-entrenamiento\/#primaryimage"},"thumbnailUrl":"https:\/\/www.missoeshumanitarias.org\/wp-content\/uploads\/2021\/08\/roraima_missao_boavista_treinamento_alojamentos_oim_11_2017.jpg","articleSection":["Noticias","Noticias de las Misiones"],"inLanguage":"es","potentialAction":[{"@type":"CommentAction","name":"Comment","target":["https:\/\/www.missoeshumanitarias.org\/es\/mision-roraima-humanitaria-en-boa-vista-entrenamiento\/#respond"]}]},{"@type":"WebPage","@id":"https:\/\/www.missoeshumanitarias.org\/es\/mision-roraima-humanitaria-en-boa-vista-entrenamiento\/","url":"https:\/\/www.missoeshumanitarias.org\/es\/mision-roraima-humanitaria-en-boa-vista-entrenamiento\/","name":"Mision Roraima Humanitaria en Boa Vista \u2013 entrenamiento - Fraternidade Miss\u00f5es Humanit\u00e1rias Internacionais","isPartOf":{"@id":"https:\/\/www.missoeshumanitarias.org\/es\/#website"},"primaryImageOfPage":{"@id":"https:\/\/www.missoeshumanitarias.org\/es\/mision-roraima-humanitaria-en-boa-vista-entrenamiento\/#primaryimage"},"image":{"@id":"https:\/\/www.missoeshumanitarias.org\/es\/mision-roraima-humanitaria-en-boa-vista-entrenamiento\/#primaryimage"},"thumbnailUrl":"https:\/\/www.missoeshumanitarias.org\/wp-content\/uploads\/2021\/08\/roraima_missao_boavista_treinamento_alojamentos_oim_11_2017.jpg","datePublished":"2017-12-16T19:13:12+00:00","dateModified":"2017-12-16T19:13:12+00:00","breadcrumb":{"@id":"https:\/\/www.missoeshumanitarias.org\/es\/mision-roraima-humanitaria-en-boa-vista-entrenamiento\/#breadcrumb"},"inLanguage":"es","potentialAction":[{"@type":"ReadAction","target":["https:\/\/www.missoeshumanitarias.org\/es\/mision-roraima-humanitaria-en-boa-vista-entrenamiento\/"]}]},{"@type":"ImageObject","inLanguage":"es","@id":"https:\/\/www.missoeshumanitarias.org\/es\/mision-roraima-humanitaria-en-boa-vista-entrenamiento\/#primaryimage","url":"https:\/\/www.missoeshumanitarias.org\/wp-content\/uploads\/2021\/08\/roraima_missao_boavista_treinamento_alojamentos_oim_11_2017.jpg","contentUrl":"https:\/\/www.missoeshumanitarias.org\/wp-content\/uploads\/2021\/08\/roraima_missao_boavista_treinamento_alojamentos_oim_11_2017.jpg","width":690,"height":388},{"@type":"BreadcrumbList","@id":"https:\/\/www.missoeshumanitarias.org\/es\/mision-roraima-humanitaria-en-boa-vista-entrenamiento\/#breadcrumb","itemListElement":[{"@type":"ListItem","position":1,"name":"Home","item":"https:\/\/www.missoeshumanitarias.org\/en\/"},{"@type":"ListItem","position":2,"name":"Mision Roraima Humanitaria en Boa Vista \u2013 entrenamiento"}]},{"@type":"WebSite","@id":"https:\/\/www.missoeshumanitarias.org\/es\/#website","url":"https:\/\/www.missoeshumanitarias.org\/es\/","name":"Fraternidade Miss\u00f5es Humanit\u00e1rias Internacionais","description":"Respostas Humanit\u00e1rias e Emerg\u00eancias","publisher":{"@id":"https:\/\/www.missoeshumanitarias.org\/es\/#organization"},"potentialAction":[{"@type":"SearchAction","target":{"@type":"EntryPoint","urlTemplate":"https:\/\/www.missoeshumanitarias.org\/es\/?s={search_term_string}"},"query-input":"required name=search_term_string"}],"inLanguage":"es"},{"@type":"Organization","@id":"https:\/\/www.missoeshumanitarias.org\/es\/#organization","name":"Fraternidade - Miss\u00f5es Humanit\u00e1rias Internacionais","url":"https:\/\/www.missoeshumanitarias.org\/es\/","logo":{"@type":"ImageObject","inLanguage":"es","@id":"https:\/\/www.missoeshumanitarias.org\/es\/#\/schema\/logo\/image\/","url":"https:\/\/www.missoeshumanitarias.org\/wp-content\/uploads\/2020\/05\/logo-FMHI-mg.png","contentUrl":"https:\/\/www.missoeshumanitarias.org\/wp-content\/uploads\/2020\/05\/logo-FMHI-mg.png","width":520,"height":134,"caption":"Fraternidade - Miss\u00f5es Humanit\u00e1rias Internacionais"},"image":{"@id":"https:\/\/www.missoeshumanitarias.org\/es\/#\/schema\/logo\/image\/"}},{"@type":"Person","@id":"https:\/\/www.missoeshumanitarias.org\/es\/#\/schema\/person\/e0f8527323154d1eba9f9d9eb6b401f7","name":"maducato_admin","image":{"@type":"ImageObject","inLanguage":"es","@id":"https:\/\/www.missoeshumanitarias.org\/es\/#\/schema\/person\/image\/","url":"https:\/\/secure.gravatar.com\/avatar\/6c3b45186a8f5a459d8e14c7fca370bceae92402bc06171d75e4e559b6c24393?s=96&d=mm&r=g","contentUrl":"https:\/\/secure.gravatar.com\/avatar\/6c3b45186a8f5a459d8e14c7fca370bceae92402bc06171d75e4e559b6c24393?s=96&d=mm&r=g","caption":"maducato_admin"}}]}},"_links":{"self":[{"href":"https:\/\/www.missoeshumanitarias.org\/es\/wp-json\/wp\/v2\/posts\/131773","targetHints":{"allow":["GET"]}}],"collection":[{"href":"https:\/\/www.missoeshumanitarias.org\/es\/wp-json\/wp\/v2\/posts"}],"about":[{"href":"https:\/\/www.missoeshumanitarias.org\/es\/wp-json\/wp\/v2\/types\/post"}],"author":[{"embeddable":true,"href":"https:\/\/www.missoeshumanitarias.org\/es\/wp-json\/wp\/v2\/users\/1"}],"replies":[{"embeddable":true,"href":"https:\/\/www.missoeshumanitarias.org\/es\/wp-json\/wp\/v2\/comments?post=131773"}],"version-history":[{"count":0,"href":"https:\/\/www.missoeshumanitarias.org\/es\/wp-json\/wp\/v2\/posts\/131773\/revisions"}],"wp:featuredmedia":[{"embeddable":true,"href":"https:\/\/www.missoeshumanitarias.org\/es\/wp-json\/wp\/v2\/media\/126139"}],"wp:attachment":[{"href":"https:\/\/www.missoeshumanitarias.org\/es\/wp-json\/wp\/v2\/media?parent=131773"}],"wp:term":[{"taxonomy":"category","embeddable":true,"href":"https:\/\/www.missoeshumanitarias.org\/es\/wp-json\/wp\/v2\/categories?post=131773"},{"taxonomy":"post_tag","embeddable":true,"href":"https:\/\/www.missoeshumanitarias.org\/es\/wp-json\/wp\/v2\/tags?post=131773"}],"curies":[{"name":"wp","href":"https:\/\/api.w.org\/{rel}","templated":true}]}}