{"id":131804,"date":"2018-01-28T16:05:10","date_gmt":"2018-01-28T18:05:10","guid":{"rendered":"https:\/\/www.missoeshumanitarias.org\/mision-roraima-humanitaria-en-boa-vista-proyectos-y-acciones\/"},"modified":"2018-01-28T16:05:10","modified_gmt":"2018-01-28T18:05:10","slug":"mision-roraima-humanitaria-en-boa-vista-proyectos-y-acciones","status":"publish","type":"post","link":"https:\/\/www.missoeshumanitarias.org\/es\/mision-roraima-humanitaria-en-boa-vista-proyectos-y-acciones\/","title":{"rendered":"Misi\u00f3n Roraima Humanitaria en Boa Vista \u2013 proyectos y acciones"},"content":{"rendered":"<h3 class=\"western\" style=\"text-align: center;\"><strong>Domingo 24\/12 a mi\u00e9rcoles 27\/12<\/strong><\/h3>\n<h3 class=\"western\" style=\"text-align: justify;\"><strong>Domingo 24 de diciembre<\/strong><\/h3>\n<figure id=\"attachment_73006\" aria-describedby=\"caption-attachment-73006\" style=\"width: 300px\" class=\"wp-caption alignleft\"><a href=\"https:\/\/www.fraterinternacional.org\/wp-content\/uploads\/2018\/01\/roraima_missao_boa_vista_distribuicao_materiais_limpeza.jpg\"><img fetchpriority=\"high\" decoding=\"async\" class=\"wp-image-73006 size-medium\" src=\"https:\/\/www.missoeshumanitarias.org\/wp-content\/uploads\/2021\/08\/roraima_missao_boa_vista_distribuicao_materiais_limpeza-300x169-1.jpg\" alt=\"\" width=\"300\" height=\"169\" \/><\/a><figcaption id=\"caption-attachment-73006\" class=\"wp-caption-text\">Entrega de kits de higiene personal y limpieza<\/figcaption><\/figure>\n<p class=\"western\" style=\"text-align: justify;\">Se entregaron los kits de higiene personal y materiales de limpieza en el Centro de Referencia al Inmigrante (CRI).<\/p>\n<p class=\"western\" style=\"text-align: justify;\">Distribuci\u00f3n de juguetes para los ni\u00f1os del refugio.<\/p>\n<p class=\"western\" style=\"text-align: justify;\">Organizaci\u00f3n de los contenedores.<\/p>\n<p class=\"western\" style=\"text-align: justify;\">Los misioneros de la <strong>Fraternidade \u2013 Federaci\u00f3n Humanitaria Internacional<\/strong> participaron de una cena especial de Navidad en el <a href=\"http:\/\/www.fraterinternacional.org\/es\/nucleos-luz\/\">N\u00facleo-Luz<\/a> de Figueira en Roraima.<\/p>\n<h3 class=\"western\" style=\"text-align: justify;\"><strong>Lunes 25 de diciembre<\/strong><\/h3>\n<figure id=\"attachment_73040\" aria-describedby=\"caption-attachment-73040\" style=\"width: 300px\" class=\"wp-caption alignright\"><a href=\"https:\/\/www.fraterinternacional.org\/wp-content\/uploads\/2018\/01\/roraima_missao_boa_vista_reuniao_missao_12_2017.jpg\"><img decoding=\"async\" class=\"wp-image-73040 size-medium\" src=\"https:\/\/www.missoeshumanitarias.org\/wp-content\/uploads\/2021\/08\/roraima_missao_boa_vista_reuniao_missao_12_2017-300x169-1.jpg\" alt=\"\" width=\"300\" height=\"169\" \/><\/a><figcaption id=\"caption-attachment-73040\" class=\"wp-caption-text\">Reuni\u00f3n General de la Misi\u00f3n<\/figcaption><\/figure>\n<p class=\"western\" style=\"text-align: justify;\">Por la ma\u00f1ana, los misioneros encontraron a varios inmigrantes (hombres, mujeres y ancianos) embriagados en el CRI.<\/p>\n<p class=\"western\" style=\"text-align: justify;\">\u201cNos encontramos con mucha suciedad, caos, desorden, adem\u00e1s de personas con contusiones causadas por peleas entre una pareja. Todo esto causa un muy mal ejemplo para los ni\u00f1os, que en este d\u00eda estaban m\u00e1s sucios de lo normal y m\u00e1s violentos y desobedientes\u201d, dijo Alexandrina, misionera de la Fraternidade.<\/p>\n<p class=\"western\" style=\"text-align: justify;\">Se llam\u00f3 a la polic\u00eda y se llevaron a algunos inmigrantes embriagados fuera del refugio.<\/p>\n<p class=\"western\" style=\"text-align: justify;\">A la pareja que tuvo la pelea (la mujer ten\u00eda los labios y la cara con heridas que el marido le hizo) se la llev\u00f3 para la comisar\u00eda en donde se realiz\u00f3 el t\u00e9rmino de expulsi\u00f3n del refugio del agresor.<\/p>\n<p class=\"western\" style=\"text-align: justify;\">Los misioneros y los miembros del monasterio entraron en vigilia de oraci\u00f3n durante todo el d\u00eda, en uno de los contenedores del refugio.<\/p>\n<p class=\"western\" style=\"text-align: justify;\">Por la noche se realiz\u00f3 la Reuni\u00f3n General de la Misi\u00f3n en el N\u00facleo-Luz de Figueira en Roraima<\/p>\n<h3 class=\"western\" style=\"text-align: justify;\"><strong>Martes 26 de diciembre<\/strong><\/h3>\n<figure id=\"attachment_73022\" aria-describedby=\"caption-attachment-73022\" style=\"width: 300px\" class=\"wp-caption alignleft\"><a href=\"https:\/\/www.fraterinternacional.org\/wp-content\/uploads\/2018\/01\/roraima_missao_boa_vista_limpando_terreno_agua_parada.jpg\"><img decoding=\"async\" class=\"wp-image-73022 size-medium\" src=\"https:\/\/www.missoeshumanitarias.org\/wp-content\/uploads\/2021\/08\/roraima_missao_boa_vista_limpando_terreno_agua_parada-300x169-1.jpg\" alt=\"\" width=\"300\" height=\"169\" \/><\/a><figcaption id=\"caption-attachment-73022\" class=\"wp-caption-text\">Limpieza del terreno<\/figcaption><\/figure>\n<p class=\"western\" style=\"text-align: justify;\">Por la ma\u00f1ana, los misioneros percibieron un clima de mayor armon\u00eda en el CRI, con los inmigrantes limpiando los ambientes.<\/p>\n<p class=\"western\" style=\"text-align: justify;\">Los misioneros se reunieron con los artesanos y la representante de la Organizaci\u00f3n Internacional de Migraci\u00f3n (OIM). Se mostr\u00f3 el cat\u00e1logo fotogr\u00e1fico que se est\u00e1 elaborando para la exhibici\u00f3n de los trabajos de artesan\u00eda.<\/p>\n<p class=\"western\" style=\"text-align: justify;\">Se limpi\u00f3 la parte de atr\u00e1s del refugio en donde existe agua acumulada que proviene de los ba\u00f1os que est\u00e1n cerca del lugar. La actividad fue organizada por un miembro de la Fraternidade y realizada por los inmigrantes que se hab\u00edan embriagado la semana pasada.<\/p>\n<figure id=\"attachment_73031\" aria-describedby=\"caption-attachment-73031\" style=\"width: 300px\" class=\"wp-caption alignright\"><a href=\"https:\/\/www.fraterinternacional.org\/wp-content\/uploads\/2018\/01\/roraima_missao_boa_vista_lixo_reciclavel_compra_coleta.jpg\"><img loading=\"lazy\" decoding=\"async\" class=\"wp-image-73031 size-medium\" src=\"https:\/\/www.missoeshumanitarias.org\/wp-content\/uploads\/2021\/08\/roraima_missao_boa_vista_lixo_reciclavel_compra_coleta-300x225-1.jpg\" alt=\"\" width=\"300\" height=\"225\" \/><\/a><figcaption id=\"caption-attachment-73031\" class=\"wp-caption-text\">Retiro de los materiales reciclables<\/figcaption><\/figure>\n<p class=\"western\" style=\"text-align: justify;\">Un representante de la Asociaci\u00f3n Tierra Viva estuvo en el refugio para comprar y retirar los materiales reciclables (latas de aluminio, pl\u00e1sticos y cart\u00f3n) que los inmigrantes ind\u00edgenas recogieron de las calles de la ciudad de Boa Vista. Se hizo el traslado del material y el pago.<\/p>\n<p class=\"western\" style=\"text-align: justify;\">Se reunieron en el refugio: un representante de la Alcald\u00eda de Manaos, una misionera de la Fraternidade, el equipo de la Secretar\u00eda de Trabajo y Bienestar Social de Roraima (Setrabes) y una representante del Alto Comisionado de las Naciones Unidas para los Refugiados (ACNUR) del sector de protecci\u00f3n al ni\u00f1o y el trabajo. La representante de Manaos cont\u00f3 c\u00f3mo est\u00e1 la situaci\u00f3n del trabajo con los refugiados ind\u00edgenas venezolanos en la capital del estado de Amazonas.<\/p>\n<h3 class=\"western\" style=\"text-align: justify;\"><strong>Mi\u00e9rcoles 27 de diciembre<\/strong><\/h3>\n<figure id=\"attachment_73037\" aria-describedby=\"caption-attachment-73037\" style=\"width: 300px\" class=\"wp-caption alignleft\"><a href=\"https:\/\/www.fraterinternacional.org\/wp-content\/uploads\/2018\/01\/roraima_missao_boa_vista_resgate_filha_agredida.jpg\"><img loading=\"lazy\" decoding=\"async\" class=\"wp-image-73037 size-medium\" src=\"https:\/\/www.missoeshumanitarias.org\/wp-content\/uploads\/2021\/08\/roraima_missao_boa_vista_resgate_filha_agredida-300x169-1.jpg\" alt=\"\" width=\"300\" height=\"169\" \/><\/a><figcaption id=\"caption-attachment-73037\" class=\"wp-caption-text\">Padres que van al encuentro con su hija, que sufri\u00f3 agresi\u00f3n<\/figcaption><\/figure>\n<p class=\"western\" style=\"text-align: justify;\">Los padres de la mujer agredida por su marido en el d\u00eda 25, acudieron al encuentro con su hija, acompa\u00f1ados por unos misioneros y miembros del Setrabes, para tratar de convencerla de no regresar a Venezuela con su marido agresor y que permaneciera en el refugio. La inmigrante decidi\u00f3 regresar a Venezuela con el marido que fue expulsado del CRI.<\/p>\n<p class=\"western\" style=\"text-align: justify;\">Dos representantes del ACNUR fueron al refugio para tomar conocimiento del incidente de violencia contra la mujer, ocurrido en la pelea de la pareja.<\/p>\n<p class=\"western\" style=\"text-align: justify;\">El equipo de la Secretar\u00eda Especial de Salud Ind\u00edgena (Sesai) realiz\u00f3 consultas m\u00e9dicas y aplicaron vacunas en los inmigrantes del refugio.<\/p>\n<p class=\"western\" style=\"text-align: justify;\">Se realiz\u00f3 una limpieza profunda en la cocina y en los ba\u00f1os internos del gimnasio del refugio.<\/p>\n<p class=\"western\" style=\"text-align: justify;\">El Coordinador Estatal de Inmunizaci\u00f3n estuvo en el CRI para establecer la fecha en que ir\u00e1n a vacunar en el lugar.<\/p>\n<figure id=\"attachment_73043\" aria-describedby=\"caption-attachment-73043\" style=\"width: 300px\" class=\"wp-caption alignright\"><a href=\"https:\/\/www.fraterinternacional.org\/wp-content\/uploads\/2018\/01\/roraima_missao_boa_vista_reuniao_projeto_lixo_reciclavel.jpg\"><img loading=\"lazy\" decoding=\"async\" class=\"wp-image-73043 size-medium\" src=\"https:\/\/www.missoeshumanitarias.org\/wp-content\/uploads\/2021\/08\/roraima_missao_boa_vista_reuniao_projeto_lixo_reciclavel-300x169-1.jpg\" alt=\"\" width=\"300\" height=\"169\" \/><\/a><figcaption id=\"caption-attachment-73043\" class=\"wp-caption-text\">Reuni\u00f3n sobre Proyecto de Reciclaje<\/figcaption><\/figure>\n<p class=\"western\" style=\"text-align: justify;\">Los miembros de la Vigilancia Sanitaria del Estado de Roraima tambi\u00e9n estuvieron en el refugio. Ellos conocieron las obras que est\u00e1n en marcha, las necesidades y los ajustes que pueden hacerse para mejorar el CRI.<\/p>\n<p class=\"western\" style=\"text-align: justify;\">Un representante de la Iglesia Metodista que ha hecho actividades con los inmigrantes tres veces durante la semana (clases, actividades de recreaci\u00f3n, artesan\u00eda y donaci\u00f3n de materiales de higiene personal), reiter\u00f3 que continuar\u00e1 con el proyecto en el mes de enero.<\/p>\n<p class=\"western\" style=\"text-align: justify;\">Hubo una reuni\u00f3n entre una misionera de la Fraternidade, dos representantes de la <a href=\"http:\/\/www.fraterinternacional.org\/es\/red-luz\/\">Red-Luz<\/a> Roraima, la coordinadora y el equipo del Setrabes y la antrop\u00f3loga de la Alcald\u00eda de Manaos. Se trat\u00f3 la implementaci\u00f3n de un proyecto de reciclaje en el CRI que ser\u00e1 preparado por la Red-Luz Roraima.<\/p>\n<div id='gallery-1' class='gallery galleryid-131804 gallery-columns-2 gallery-size-medium'><figure class='gallery-item'>\n\t\t\t<div class='gallery-icon landscape'>\n\t\t\t\t<a href='https:\/\/www.missoeshumanitarias.org\/wp-content\/uploads\/2021\/08\/roraima_missao_boa_vista_imigrantes_embriagados.jpg'><img loading=\"lazy\" decoding=\"async\" width=\"300\" height=\"169\" src=\"https:\/\/www.missoeshumanitarias.org\/wp-content\/uploads\/2021\/08\/roraima_missao_boa_vista_imigrantes_embriagados-300x169.jpg\" class=\"attachment-medium size-medium\" alt=\"\" srcset=\"https:\/\/www.missoeshumanitarias.org\/wp-content\/uploads\/2021\/08\/roraima_missao_boa_vista_imigrantes_embriagados-300x169.jpg 300w, https:\/\/www.missoeshumanitarias.org\/wp-content\/uploads\/2021\/08\/roraima_missao_boa_vista_imigrantes_embriagados.jpg 690w\" sizes=\"(max-width: 300px) 100vw, 300px\" \/><\/a>\n\t\t\t<\/div><\/figure><figure class='gallery-item'>\n\t\t\t<div class='gallery-icon landscape'>\n\t\t\t\t<a href='https:\/\/www.missoeshumanitarias.org\/wp-content\/uploads\/2021\/08\/roraima_missao_boa_vista_reuniao_representante_manaus.jpg'><img loading=\"lazy\" decoding=\"async\" width=\"300\" height=\"169\" src=\"https:\/\/www.missoeshumanitarias.org\/wp-content\/uploads\/2021\/08\/roraima_missao_boa_vista_reuniao_representante_manaus-300x169.jpg\" class=\"attachment-medium size-medium\" alt=\"\" srcset=\"https:\/\/www.missoeshumanitarias.org\/wp-content\/uploads\/2021\/08\/roraima_missao_boa_vista_reuniao_representante_manaus-300x169.jpg 300w, https:\/\/www.missoeshumanitarias.org\/wp-content\/uploads\/2021\/08\/roraima_missao_boa_vista_reuniao_representante_manaus.jpg 690w\" sizes=\"(max-width: 300px) 100vw, 300px\" \/><\/a>\n\t\t\t<\/div><\/figure><figure class='gallery-item'>\n\t\t\t<div class='gallery-icon landscape'>\n\t\t\t\t<a href='https:\/\/www.missoeshumanitarias.org\/wp-content\/uploads\/2021\/08\/roraima_missao_boa_vista_criancas_inhepas.jpg'><img loading=\"lazy\" decoding=\"async\" width=\"300\" height=\"169\" src=\"https:\/\/www.missoeshumanitarias.org\/wp-content\/uploads\/2021\/08\/roraima_missao_boa_vista_criancas_inhepas-300x169.jpg\" class=\"attachment-medium size-medium\" alt=\"\" srcset=\"https:\/\/www.missoeshumanitarias.org\/wp-content\/uploads\/2021\/08\/roraima_missao_boa_vista_criancas_inhepas-300x169.jpg 300w, https:\/\/www.missoeshumanitarias.org\/wp-content\/uploads\/2021\/08\/roraima_missao_boa_vista_criancas_inhepas.jpg 690w\" sizes=\"(max-width: 300px) 100vw, 300px\" \/><\/a>\n\t\t\t<\/div><\/figure><figure class='gallery-item'>\n\t\t\t<div class='gallery-icon landscape'>\n\t\t\t\t<a href='https:\/\/www.missoeshumanitarias.org\/wp-content\/uploads\/2021\/08\/roraima_missao_boa_vista_limpeza_cozinha.jpg'><img loading=\"lazy\" decoding=\"async\" width=\"300\" height=\"169\" src=\"https:\/\/www.missoeshumanitarias.org\/wp-content\/uploads\/2021\/08\/roraima_missao_boa_vista_limpeza_cozinha-300x169.jpg\" class=\"attachment-medium size-medium\" alt=\"\" srcset=\"https:\/\/www.missoeshumanitarias.org\/wp-content\/uploads\/2021\/08\/roraima_missao_boa_vista_limpeza_cozinha-300x169.jpg 300w, https:\/\/www.missoeshumanitarias.org\/wp-content\/uploads\/2021\/08\/roraima_missao_boa_vista_limpeza_cozinha.jpg 690w\" sizes=\"(max-width: 300px) 100vw, 300px\" \/><\/a>\n\t\t\t<\/div><\/figure><figure class='gallery-item'>\n\t\t\t<div class='gallery-icon landscape'>\n\t\t\t\t<a href='https:\/\/www.missoeshumanitarias.org\/wp-content\/uploads\/2021\/08\/roraima_missao_boa_vista_limpeza_banheiro.jpg'><img loading=\"lazy\" decoding=\"async\" width=\"300\" height=\"169\" src=\"https:\/\/www.missoeshumanitarias.org\/wp-content\/uploads\/2021\/08\/roraima_missao_boa_vista_limpeza_banheiro-300x169.jpg\" class=\"attachment-medium size-medium\" alt=\"\" srcset=\"https:\/\/www.missoeshumanitarias.org\/wp-content\/uploads\/2021\/08\/roraima_missao_boa_vista_limpeza_banheiro-300x169.jpg 300w, https:\/\/www.missoeshumanitarias.org\/wp-content\/uploads\/2021\/08\/roraima_missao_boa_vista_limpeza_banheiro.jpg 690w\" sizes=\"(max-width: 300px) 100vw, 300px\" \/><\/a>\n\t\t\t<\/div><\/figure><figure class='gallery-item'>\n\t\t\t<div class='gallery-icon landscape'>\n\t\t\t\t<a href='https:\/\/www.missoeshumanitarias.org\/wp-content\/uploads\/2021\/08\/roraima_missao_boa_vista_horta1.jpg'><img loading=\"lazy\" decoding=\"async\" width=\"300\" height=\"169\" src=\"https:\/\/www.missoeshumanitarias.org\/wp-content\/uploads\/2021\/08\/roraima_missao_boa_vista_horta1-300x169.jpg\" class=\"attachment-medium size-medium\" alt=\"\" srcset=\"https:\/\/www.missoeshumanitarias.org\/wp-content\/uploads\/2021\/08\/roraima_missao_boa_vista_horta1-300x169.jpg 300w, https:\/\/www.missoeshumanitarias.org\/wp-content\/uploads\/2021\/08\/roraima_missao_boa_vista_horta1.jpg 690w\" sizes=\"(max-width: 300px) 100vw, 300px\" \/><\/a>\n\t\t\t<\/div><\/figure><figure class='gallery-item'>\n\t\t\t<div class='gallery-icon landscape'>\n\t\t\t\t<a href='https:\/\/www.missoeshumanitarias.org\/wp-content\/uploads\/2021\/08\/roraima_missao_boa_vista_horta2.jpg'><img loading=\"lazy\" decoding=\"async\" width=\"300\" height=\"225\" src=\"https:\/\/www.missoeshumanitarias.org\/wp-content\/uploads\/2021\/08\/roraima_missao_boa_vista_horta2-300x225.jpg\" class=\"attachment-medium size-medium\" alt=\"\" srcset=\"https:\/\/www.missoeshumanitarias.org\/wp-content\/uploads\/2021\/08\/roraima_missao_boa_vista_horta2-300x225.jpg 300w, https:\/\/www.missoeshumanitarias.org\/wp-content\/uploads\/2021\/08\/roraima_missao_boa_vista_horta2.jpg 400w\" sizes=\"(max-width: 300px) 100vw, 300px\" \/><\/a>\n\t\t\t<\/div><\/figure><figure class='gallery-item'>\n\t\t\t<div class='gallery-icon landscape'>\n\t\t\t\t<a href='https:\/\/www.missoeshumanitarias.org\/wp-content\/uploads\/2021\/08\/roraima_missao_boa_vista_setrabes_atendimentos_12_2017.jpg'><img loading=\"lazy\" decoding=\"async\" width=\"300\" height=\"225\" src=\"https:\/\/www.missoeshumanitarias.org\/wp-content\/uploads\/2021\/08\/roraima_missao_boa_vista_setrabes_atendimentos_12_2017-300x225.jpg\" class=\"attachment-medium size-medium\" alt=\"\" srcset=\"https:\/\/www.missoeshumanitarias.org\/wp-content\/uploads\/2021\/08\/roraima_missao_boa_vista_setrabes_atendimentos_12_2017-300x225.jpg 300w, https:\/\/www.missoeshumanitarias.org\/wp-content\/uploads\/2021\/08\/roraima_missao_boa_vista_setrabes_atendimentos_12_2017.jpg 400w\" sizes=\"(max-width: 300px) 100vw, 300px\" \/><\/a>\n\t\t\t<\/div><\/figure><figure class='gallery-item'>\n\t\t\t<div class='gallery-icon landscape'>\n\t\t\t\t<a href='https:\/\/www.missoeshumanitarias.org\/wp-content\/uploads\/2021\/08\/roraima_missao_boa_vista_enfeite_natal_escola_abrigo.jpg'><img loading=\"lazy\" decoding=\"async\" width=\"300\" height=\"265\" src=\"https:\/\/www.missoeshumanitarias.org\/wp-content\/uploads\/2021\/08\/roraima_missao_boa_vista_enfeite_natal_escola_abrigo-300x265.jpg\" class=\"attachment-medium size-medium\" alt=\"\" srcset=\"https:\/\/www.missoeshumanitarias.org\/wp-content\/uploads\/2021\/08\/roraima_missao_boa_vista_enfeite_natal_escola_abrigo-300x265.jpg 300w, https:\/\/www.missoeshumanitarias.org\/wp-content\/uploads\/2021\/08\/roraima_missao_boa_vista_enfeite_natal_escola_abrigo.jpg 400w\" sizes=\"(max-width: 300px) 100vw, 300px\" \/><\/a>\n\t\t\t<\/div><\/figure><figure class='gallery-item'>\n\t\t\t<div class='gallery-icon landscape'>\n\t\t\t\t<a href='https:\/\/www.missoeshumanitarias.org\/wp-content\/uploads\/2021\/08\/roraima_missao_boa_vista_pequeno_presepio.jpg'><img loading=\"lazy\" decoding=\"async\" width=\"300\" height=\"253\" src=\"https:\/\/www.missoeshumanitarias.org\/wp-content\/uploads\/2021\/08\/roraima_missao_boa_vista_pequeno_presepio-300x253.jpg\" class=\"attachment-medium size-medium\" alt=\"\" srcset=\"https:\/\/www.missoeshumanitarias.org\/wp-content\/uploads\/2021\/08\/roraima_missao_boa_vista_pequeno_presepio-300x253.jpg 300w, https:\/\/www.missoeshumanitarias.org\/wp-content\/uploads\/2021\/08\/roraima_missao_boa_vista_pequeno_presepio.jpg 400w\" sizes=\"(max-width: 300px) 100vw, 300px\" \/><\/a>\n\t\t\t<\/div><\/figure>\n\t\t<\/div>\n\n","protected":false},"excerpt":{"rendered":"<p>Domingo 24\/12 a mi\u00e9rcoles 27\/12 Domingo 24 de diciembre Se entregaron los kits de higiene personal y materiales de limpieza en el Centro de Referencia al Inmigrante (CRI). Distribuci\u00f3n de juguetes para los ni\u00f1os del refugio. Organizaci\u00f3n de los contenedores. Los misioneros de la Fraternidade \u2013 Federaci\u00f3n Humanitaria Internacional participaron de una cena especial de [&hellip;]<\/p>\n","protected":false},"author":1,"featured_media":126900,"comment_status":"open","ping_status":"open","sticky":false,"template":"","format":"standard","meta":{"footnotes":""},"categories":[43,131],"tags":[],"class_list":["post-131804","post","type-post","status-publish","format-standard","has-post-thumbnail","hentry","category-noticias-es","category-noticias-de-las-misiones"],"featured_image_src":"https:\/\/www.missoeshumanitarias.org\/wp-content\/uploads\/2021\/08\/roraima_missao_boa_vista_reuniao_missao_12_2017.jpg","author_info":{"display_name":"maducato_admin","author_link":"https:\/\/www.missoeshumanitarias.org\/es\/author\/maducato_admin\/"},"yoast_head":"<!-- This site is optimized with the Yoast SEO Premium plugin v22.5 (Yoast SEO v22.5) - https:\/\/yoast.com\/wordpress\/plugins\/seo\/ -->\n<title>Misi\u00f3n Roraima Humanitaria en Boa Vista \u2013 proyectos y acciones - Fraternidade Miss\u00f5es Humanit\u00e1rias Internacionais<\/title>\n<meta name=\"robots\" content=\"index, follow, max-snippet:-1, max-image-preview:large, max-video-preview:-1\" \/>\n<link rel=\"canonical\" href=\"https:\/\/www.missoeshumanitarias.org\/es\/mision-roraima-humanitaria-en-boa-vista-proyectos-y-acciones\/\" \/>\n<meta property=\"og:locale\" content=\"es_ES\" \/>\n<meta property=\"og:type\" content=\"article\" \/>\n<meta property=\"og:title\" content=\"Misi\u00f3n Roraima Humanitaria en Boa Vista \u2013 proyectos y acciones\" \/>\n<meta property=\"og:description\" content=\"Domingo 24\/12 a mi\u00e9rcoles 27\/12 Domingo 24 de diciembre Se entregaron los kits de higiene personal y materiales de limpieza en el Centro de Referencia al Inmigrante (CRI). Distribuci\u00f3n de juguetes para los ni\u00f1os del refugio. Organizaci\u00f3n de los contenedores. Los misioneros de la Fraternidade \u2013 Federaci\u00f3n Humanitaria Internacional participaron de una cena especial de [&hellip;]\" \/>\n<meta property=\"og:url\" content=\"https:\/\/www.missoeshumanitarias.org\/es\/mision-roraima-humanitaria-en-boa-vista-proyectos-y-acciones\/\" \/>\n<meta property=\"og:site_name\" content=\"Fraternidade Miss\u00f5es Humanit\u00e1rias Internacionais\" \/>\n<meta property=\"article:published_time\" content=\"2018-01-28T18:05:10+00:00\" \/>\n<meta property=\"og:image\" content=\"https:\/\/www.missoeshumanitarias.org\/wp-content\/uploads\/2021\/08\/roraima_missao_boa_vista_reuniao_missao_12_2017.jpg\" \/>\n\t<meta property=\"og:image:width\" content=\"690\" \/>\n\t<meta property=\"og:image:height\" content=\"388\" \/>\n\t<meta property=\"og:image:type\" content=\"image\/jpeg\" \/>\n<meta name=\"author\" content=\"maducato_admin\" \/>\n<meta name=\"twitter:card\" content=\"summary_large_image\" \/>\n<meta name=\"twitter:label1\" content=\"Escrito por\" \/>\n\t<meta name=\"twitter:data1\" content=\"maducato_admin\" \/>\n\t<meta name=\"twitter:label2\" content=\"Tiempo de lectura\" \/>\n\t<meta name=\"twitter:data2\" content=\"4 minutos\" \/>\n<script type=\"application\/ld+json\" class=\"yoast-schema-graph\">{\"@context\":\"https:\/\/schema.org\",\"@graph\":[{\"@type\":\"Article\",\"@id\":\"https:\/\/www.missoeshumanitarias.org\/es\/mision-roraima-humanitaria-en-boa-vista-proyectos-y-acciones\/#article\",\"isPartOf\":{\"@id\":\"https:\/\/www.missoeshumanitarias.org\/es\/mision-roraima-humanitaria-en-boa-vista-proyectos-y-acciones\/\"},\"author\":{\"name\":\"maducato_admin\",\"@id\":\"https:\/\/www.missoeshumanitarias.org\/es\/#\/schema\/person\/e0f8527323154d1eba9f9d9eb6b401f7\"},\"headline\":\"Misi\u00f3n Roraima Humanitaria en Boa Vista \u2013 proyectos y acciones\",\"datePublished\":\"2018-01-28T18:05:10+00:00\",\"dateModified\":\"2018-01-28T18:05:10+00:00\",\"mainEntityOfPage\":{\"@id\":\"https:\/\/www.missoeshumanitarias.org\/es\/mision-roraima-humanitaria-en-boa-vista-proyectos-y-acciones\/\"},\"wordCount\":882,\"commentCount\":0,\"publisher\":{\"@id\":\"https:\/\/www.missoeshumanitarias.org\/es\/#organization\"},\"image\":{\"@id\":\"https:\/\/www.missoeshumanitarias.org\/es\/mision-roraima-humanitaria-en-boa-vista-proyectos-y-acciones\/#primaryimage\"},\"thumbnailUrl\":\"https:\/\/www.missoeshumanitarias.org\/wp-content\/uploads\/2021\/08\/roraima_missao_boa_vista_reuniao_missao_12_2017.jpg\",\"articleSection\":[\"Noticias\",\"Noticias de las Misiones\"],\"inLanguage\":\"es\",\"potentialAction\":[{\"@type\":\"CommentAction\",\"name\":\"Comment\",\"target\":[\"https:\/\/www.missoeshumanitarias.org\/es\/mision-roraima-humanitaria-en-boa-vista-proyectos-y-acciones\/#respond\"]}]},{\"@type\":\"WebPage\",\"@id\":\"https:\/\/www.missoeshumanitarias.org\/es\/mision-roraima-humanitaria-en-boa-vista-proyectos-y-acciones\/\",\"url\":\"https:\/\/www.missoeshumanitarias.org\/es\/mision-roraima-humanitaria-en-boa-vista-proyectos-y-acciones\/\",\"name\":\"Misi\u00f3n Roraima Humanitaria en Boa Vista \u2013 proyectos y acciones - Fraternidade Miss\u00f5es Humanit\u00e1rias Internacionais\",\"isPartOf\":{\"@id\":\"https:\/\/www.missoeshumanitarias.org\/es\/#website\"},\"primaryImageOfPage\":{\"@id\":\"https:\/\/www.missoeshumanitarias.org\/es\/mision-roraima-humanitaria-en-boa-vista-proyectos-y-acciones\/#primaryimage\"},\"image\":{\"@id\":\"https:\/\/www.missoeshumanitarias.org\/es\/mision-roraima-humanitaria-en-boa-vista-proyectos-y-acciones\/#primaryimage\"},\"thumbnailUrl\":\"https:\/\/www.missoeshumanitarias.org\/wp-content\/uploads\/2021\/08\/roraima_missao_boa_vista_reuniao_missao_12_2017.jpg\",\"datePublished\":\"2018-01-28T18:05:10+00:00\",\"dateModified\":\"2018-01-28T18:05:10+00:00\",\"breadcrumb\":{\"@id\":\"https:\/\/www.missoeshumanitarias.org\/es\/mision-roraima-humanitaria-en-boa-vista-proyectos-y-acciones\/#breadcrumb\"},\"inLanguage\":\"es\",\"potentialAction\":[{\"@type\":\"ReadAction\",\"target\":[\"https:\/\/www.missoeshumanitarias.org\/es\/mision-roraima-humanitaria-en-boa-vista-proyectos-y-acciones\/\"]}]},{\"@type\":\"ImageObject\",\"inLanguage\":\"es\",\"@id\":\"https:\/\/www.missoeshumanitarias.org\/es\/mision-roraima-humanitaria-en-boa-vista-proyectos-y-acciones\/#primaryimage\",\"url\":\"https:\/\/www.missoeshumanitarias.org\/wp-content\/uploads\/2021\/08\/roraima_missao_boa_vista_reuniao_missao_12_2017.jpg\",\"contentUrl\":\"https:\/\/www.missoeshumanitarias.org\/wp-content\/uploads\/2021\/08\/roraima_missao_boa_vista_reuniao_missao_12_2017.jpg\",\"width\":690,\"height\":388},{\"@type\":\"BreadcrumbList\",\"@id\":\"https:\/\/www.missoeshumanitarias.org\/es\/mision-roraima-humanitaria-en-boa-vista-proyectos-y-acciones\/#breadcrumb\",\"itemListElement\":[{\"@type\":\"ListItem\",\"position\":1,\"name\":\"Home\",\"item\":\"https:\/\/www.missoeshumanitarias.org\/en\/\"},{\"@type\":\"ListItem\",\"position\":2,\"name\":\"Misi\u00f3n Roraima Humanitaria en Boa Vista \u2013 proyectos y acciones\"}]},{\"@type\":\"WebSite\",\"@id\":\"https:\/\/www.missoeshumanitarias.org\/es\/#website\",\"url\":\"https:\/\/www.missoeshumanitarias.org\/es\/\",\"name\":\"Fraternidade Miss\u00f5es Humanit\u00e1rias Internacionais\",\"description\":\"Respostas Humanit\u00e1rias e Emerg\u00eancias\",\"publisher\":{\"@id\":\"https:\/\/www.missoeshumanitarias.org\/es\/#organization\"},\"potentialAction\":[{\"@type\":\"SearchAction\",\"target\":{\"@type\":\"EntryPoint\",\"urlTemplate\":\"https:\/\/www.missoeshumanitarias.org\/es\/?s={search_term_string}\"},\"query-input\":\"required name=search_term_string\"}],\"inLanguage\":\"es\"},{\"@type\":\"Organization\",\"@id\":\"https:\/\/www.missoeshumanitarias.org\/es\/#organization\",\"name\":\"Fraternidade - Miss\u00f5es Humanit\u00e1rias Internacionais\",\"url\":\"https:\/\/www.missoeshumanitarias.org\/es\/\",\"logo\":{\"@type\":\"ImageObject\",\"inLanguage\":\"es\",\"@id\":\"https:\/\/www.missoeshumanitarias.org\/es\/#\/schema\/logo\/image\/\",\"url\":\"https:\/\/www.missoeshumanitarias.org\/wp-content\/uploads\/2020\/05\/logo-FMHI-mg.png\",\"contentUrl\":\"https:\/\/www.missoeshumanitarias.org\/wp-content\/uploads\/2020\/05\/logo-FMHI-mg.png\",\"width\":520,\"height\":134,\"caption\":\"Fraternidade - Miss\u00f5es Humanit\u00e1rias Internacionais\"},\"image\":{\"@id\":\"https:\/\/www.missoeshumanitarias.org\/es\/#\/schema\/logo\/image\/\"}},{\"@type\":\"Person\",\"@id\":\"https:\/\/www.missoeshumanitarias.org\/es\/#\/schema\/person\/e0f8527323154d1eba9f9d9eb6b401f7\",\"name\":\"maducato_admin\",\"image\":{\"@type\":\"ImageObject\",\"inLanguage\":\"es\",\"@id\":\"https:\/\/www.missoeshumanitarias.org\/es\/#\/schema\/person\/image\/\",\"url\":\"https:\/\/secure.gravatar.com\/avatar\/6c3b45186a8f5a459d8e14c7fca370bceae92402bc06171d75e4e559b6c24393?s=96&d=mm&r=g\",\"contentUrl\":\"https:\/\/secure.gravatar.com\/avatar\/6c3b45186a8f5a459d8e14c7fca370bceae92402bc06171d75e4e559b6c24393?s=96&d=mm&r=g\",\"caption\":\"maducato_admin\"}}]}<\/script>\n<!-- \/ Yoast SEO Premium plugin. -->","yoast_head_json":{"title":"Misi\u00f3n Roraima Humanitaria en Boa Vista \u2013 proyectos y acciones - Fraternidade Miss\u00f5es Humanit\u00e1rias Internacionais","robots":{"index":"index","follow":"follow","max-snippet":"max-snippet:-1","max-image-preview":"max-image-preview:large","max-video-preview":"max-video-preview:-1"},"canonical":"https:\/\/www.missoeshumanitarias.org\/es\/mision-roraima-humanitaria-en-boa-vista-proyectos-y-acciones\/","og_locale":"es_ES","og_type":"article","og_title":"Misi\u00f3n Roraima Humanitaria en Boa Vista \u2013 proyectos y acciones","og_description":"Domingo 24\/12 a mi\u00e9rcoles 27\/12 Domingo 24 de diciembre Se entregaron los kits de higiene personal y materiales de limpieza en el Centro de Referencia al Inmigrante (CRI). Distribuci\u00f3n de juguetes para los ni\u00f1os del refugio. Organizaci\u00f3n de los contenedores. Los misioneros de la Fraternidade \u2013 Federaci\u00f3n Humanitaria Internacional participaron de una cena especial de [&hellip;]","og_url":"https:\/\/www.missoeshumanitarias.org\/es\/mision-roraima-humanitaria-en-boa-vista-proyectos-y-acciones\/","og_site_name":"Fraternidade Miss\u00f5es Humanit\u00e1rias Internacionais","article_published_time":"2018-01-28T18:05:10+00:00","og_image":[{"width":690,"height":388,"url":"https:\/\/www.missoeshumanitarias.org\/wp-content\/uploads\/2021\/08\/roraima_missao_boa_vista_reuniao_missao_12_2017.jpg","type":"image\/jpeg"}],"author":"maducato_admin","twitter_card":"summary_large_image","twitter_misc":{"Escrito por":"maducato_admin","Tiempo de lectura":"4 minutos"},"schema":{"@context":"https:\/\/schema.org","@graph":[{"@type":"Article","@id":"https:\/\/www.missoeshumanitarias.org\/es\/mision-roraima-humanitaria-en-boa-vista-proyectos-y-acciones\/#article","isPartOf":{"@id":"https:\/\/www.missoeshumanitarias.org\/es\/mision-roraima-humanitaria-en-boa-vista-proyectos-y-acciones\/"},"author":{"name":"maducato_admin","@id":"https:\/\/www.missoeshumanitarias.org\/es\/#\/schema\/person\/e0f8527323154d1eba9f9d9eb6b401f7"},"headline":"Misi\u00f3n Roraima Humanitaria en Boa Vista \u2013 proyectos y acciones","datePublished":"2018-01-28T18:05:10+00:00","dateModified":"2018-01-28T18:05:10+00:00","mainEntityOfPage":{"@id":"https:\/\/www.missoeshumanitarias.org\/es\/mision-roraima-humanitaria-en-boa-vista-proyectos-y-acciones\/"},"wordCount":882,"commentCount":0,"publisher":{"@id":"https:\/\/www.missoeshumanitarias.org\/es\/#organization"},"image":{"@id":"https:\/\/www.missoeshumanitarias.org\/es\/mision-roraima-humanitaria-en-boa-vista-proyectos-y-acciones\/#primaryimage"},"thumbnailUrl":"https:\/\/www.missoeshumanitarias.org\/wp-content\/uploads\/2021\/08\/roraima_missao_boa_vista_reuniao_missao_12_2017.jpg","articleSection":["Noticias","Noticias de las Misiones"],"inLanguage":"es","potentialAction":[{"@type":"CommentAction","name":"Comment","target":["https:\/\/www.missoeshumanitarias.org\/es\/mision-roraima-humanitaria-en-boa-vista-proyectos-y-acciones\/#respond"]}]},{"@type":"WebPage","@id":"https:\/\/www.missoeshumanitarias.org\/es\/mision-roraima-humanitaria-en-boa-vista-proyectos-y-acciones\/","url":"https:\/\/www.missoeshumanitarias.org\/es\/mision-roraima-humanitaria-en-boa-vista-proyectos-y-acciones\/","name":"Misi\u00f3n Roraima Humanitaria en Boa Vista \u2013 proyectos y acciones - Fraternidade Miss\u00f5es Humanit\u00e1rias Internacionais","isPartOf":{"@id":"https:\/\/www.missoeshumanitarias.org\/es\/#website"},"primaryImageOfPage":{"@id":"https:\/\/www.missoeshumanitarias.org\/es\/mision-roraima-humanitaria-en-boa-vista-proyectos-y-acciones\/#primaryimage"},"image":{"@id":"https:\/\/www.missoeshumanitarias.org\/es\/mision-roraima-humanitaria-en-boa-vista-proyectos-y-acciones\/#primaryimage"},"thumbnailUrl":"https:\/\/www.missoeshumanitarias.org\/wp-content\/uploads\/2021\/08\/roraima_missao_boa_vista_reuniao_missao_12_2017.jpg","datePublished":"2018-01-28T18:05:10+00:00","dateModified":"2018-01-28T18:05:10+00:00","breadcrumb":{"@id":"https:\/\/www.missoeshumanitarias.org\/es\/mision-roraima-humanitaria-en-boa-vista-proyectos-y-acciones\/#breadcrumb"},"inLanguage":"es","potentialAction":[{"@type":"ReadAction","target":["https:\/\/www.missoeshumanitarias.org\/es\/mision-roraima-humanitaria-en-boa-vista-proyectos-y-acciones\/"]}]},{"@type":"ImageObject","inLanguage":"es","@id":"https:\/\/www.missoeshumanitarias.org\/es\/mision-roraima-humanitaria-en-boa-vista-proyectos-y-acciones\/#primaryimage","url":"https:\/\/www.missoeshumanitarias.org\/wp-content\/uploads\/2021\/08\/roraima_missao_boa_vista_reuniao_missao_12_2017.jpg","contentUrl":"https:\/\/www.missoeshumanitarias.org\/wp-content\/uploads\/2021\/08\/roraima_missao_boa_vista_reuniao_missao_12_2017.jpg","width":690,"height":388},{"@type":"BreadcrumbList","@id":"https:\/\/www.missoeshumanitarias.org\/es\/mision-roraima-humanitaria-en-boa-vista-proyectos-y-acciones\/#breadcrumb","itemListElement":[{"@type":"ListItem","position":1,"name":"Home","item":"https:\/\/www.missoeshumanitarias.org\/en\/"},{"@type":"ListItem","position":2,"name":"Misi\u00f3n Roraima Humanitaria en Boa Vista \u2013 proyectos y acciones"}]},{"@type":"WebSite","@id":"https:\/\/www.missoeshumanitarias.org\/es\/#website","url":"https:\/\/www.missoeshumanitarias.org\/es\/","name":"Fraternidade Miss\u00f5es Humanit\u00e1rias Internacionais","description":"Respostas Humanit\u00e1rias e Emerg\u00eancias","publisher":{"@id":"https:\/\/www.missoeshumanitarias.org\/es\/#organization"},"potentialAction":[{"@type":"SearchAction","target":{"@type":"EntryPoint","urlTemplate":"https:\/\/www.missoeshumanitarias.org\/es\/?s={search_term_string}"},"query-input":"required name=search_term_string"}],"inLanguage":"es"},{"@type":"Organization","@id":"https:\/\/www.missoeshumanitarias.org\/es\/#organization","name":"Fraternidade - Miss\u00f5es Humanit\u00e1rias Internacionais","url":"https:\/\/www.missoeshumanitarias.org\/es\/","logo":{"@type":"ImageObject","inLanguage":"es","@id":"https:\/\/www.missoeshumanitarias.org\/es\/#\/schema\/logo\/image\/","url":"https:\/\/www.missoeshumanitarias.org\/wp-content\/uploads\/2020\/05\/logo-FMHI-mg.png","contentUrl":"https:\/\/www.missoeshumanitarias.org\/wp-content\/uploads\/2020\/05\/logo-FMHI-mg.png","width":520,"height":134,"caption":"Fraternidade - Miss\u00f5es Humanit\u00e1rias Internacionais"},"image":{"@id":"https:\/\/www.missoeshumanitarias.org\/es\/#\/schema\/logo\/image\/"}},{"@type":"Person","@id":"https:\/\/www.missoeshumanitarias.org\/es\/#\/schema\/person\/e0f8527323154d1eba9f9d9eb6b401f7","name":"maducato_admin","image":{"@type":"ImageObject","inLanguage":"es","@id":"https:\/\/www.missoeshumanitarias.org\/es\/#\/schema\/person\/image\/","url":"https:\/\/secure.gravatar.com\/avatar\/6c3b45186a8f5a459d8e14c7fca370bceae92402bc06171d75e4e559b6c24393?s=96&d=mm&r=g","contentUrl":"https:\/\/secure.gravatar.com\/avatar\/6c3b45186a8f5a459d8e14c7fca370bceae92402bc06171d75e4e559b6c24393?s=96&d=mm&r=g","caption":"maducato_admin"}}]}},"_links":{"self":[{"href":"https:\/\/www.missoeshumanitarias.org\/es\/wp-json\/wp\/v2\/posts\/131804","targetHints":{"allow":["GET"]}}],"collection":[{"href":"https:\/\/www.missoeshumanitarias.org\/es\/wp-json\/wp\/v2\/posts"}],"about":[{"href":"https:\/\/www.missoeshumanitarias.org\/es\/wp-json\/wp\/v2\/types\/post"}],"author":[{"embeddable":true,"href":"https:\/\/www.missoeshumanitarias.org\/es\/wp-json\/wp\/v2\/users\/1"}],"replies":[{"embeddable":true,"href":"https:\/\/www.missoeshumanitarias.org\/es\/wp-json\/wp\/v2\/comments?post=131804"}],"version-history":[{"count":0,"href":"https:\/\/www.missoeshumanitarias.org\/es\/wp-json\/wp\/v2\/posts\/131804\/revisions"}],"wp:featuredmedia":[{"embeddable":true,"href":"https:\/\/www.missoeshumanitarias.org\/es\/wp-json\/wp\/v2\/media\/126900"}],"wp:attachment":[{"href":"https:\/\/www.missoeshumanitarias.org\/es\/wp-json\/wp\/v2\/media?parent=131804"}],"wp:term":[{"taxonomy":"category","embeddable":true,"href":"https:\/\/www.missoeshumanitarias.org\/es\/wp-json\/wp\/v2\/categories?post=131804"},{"taxonomy":"post_tag","embeddable":true,"href":"https:\/\/www.missoeshumanitarias.org\/es\/wp-json\/wp\/v2\/tags?post=131804"}],"curies":[{"name":"wp","href":"https:\/\/api.w.org\/{rel}","templated":true}]}}