{"id":131806,"date":"2018-01-31T12:39:57","date_gmt":"2018-01-31T14:39:57","guid":{"rendered":"https:\/\/www.missoeshumanitarias.org\/mision-roraima-humanitaria-en-boa-vista-conflictos-en-los-primeros-dias-de-2018\/"},"modified":"2018-01-31T12:39:57","modified_gmt":"2018-01-31T14:39:57","slug":"mision-roraima-humanitaria-en-boa-vista-conflictos-en-los-primeros-dias-de-2018","status":"publish","type":"post","link":"https:\/\/www.missoeshumanitarias.org\/es\/mision-roraima-humanitaria-en-boa-vista-conflictos-en-los-primeros-dias-de-2018\/","title":{"rendered":"Misi\u00f3n Roraima Humanitaria en Boa Vista &#8211; Conflictos en los primeros d\u00edas de 2018"},"content":{"rendered":"<h3 class=\"western\" style=\"text-align: center;\"><strong>Lunes 1.\u00ba\/1 al mi\u00e9rcoles 3\/1<\/strong><\/h3>\n<h3 class=\"western\" style=\"text-align: justify;\"><strong>Lunes 1.\u00ba de enero<\/strong><\/h3>\n<figure id=\"attachment_73304\" aria-describedby=\"caption-attachment-73304\" style=\"width: 300px\" class=\"wp-caption alignleft\"><a href=\"https:\/\/www.fraterinternacional.org\/wp-content\/uploads\/2018\/01\/roraima_missao_boavista_ginasio_imigrantes_dormindo_01_2018.jpg\"><img fetchpriority=\"high\" decoding=\"async\" class=\"wp-image-73304 size-medium\" src=\"https:\/\/www.missoeshumanitarias.org\/wp-content\/uploads\/2021\/08\/roraima_missao_boavista_ginasio_imigrantes_dormindo_01_2018-300x169-1.jpg\" alt=\"\" width=\"300\" height=\"169\" \/><\/a><figcaption id=\"caption-attachment-73304\" class=\"wp-caption-text\">Inmigrantes dormidos en las hamacas<\/figcaption><\/figure>\n<p class=\"western\" style=\"text-align: justify;\">El lunes primero de enero, los misioneros de la <strong>Fraternidade \u2013 Federaci\u00f3n Humanitaria Internacional<\/strong>, realizaron una reuni\u00f3n para evaluar la situaci\u00f3n de varios inmigrantes que estaban embriagados. Hubo peleas y algunos fueron trasladados a la comisar\u00eda de la polic\u00eda.<\/p>\n<p class=\"western\" style=\"text-align: justify;\">\u201cCuando llegamos al gimnasio vimos como la mayor\u00eda de las personas dorm\u00edan profundamente en las hamacas. Los que estaban despiertos, ten\u00edan los ojos cansados, nos dijeron que no pudieron dormir en la noche por causa del ruido, las fiestas y el desorden\u201d, dijo Alexandrina, misionera de la Fraternidade.<\/p>\n<p class=\"western\" style=\"text-align: justify;\">\u201cEn este d\u00eda hubo muchas advertencias y expulsiones. Fue necesario realizar una denuncia en la comisar\u00eda y tambi\u00e9n tuvimos a un inmigrante que agredi\u00f3 a la esposa\u201d, explic\u00f3 Claudia, misionera de la Fraternidade.<\/p>\n<figure id=\"attachment_73298\" aria-describedby=\"caption-attachment-73298\" style=\"width: 227px\" class=\"wp-caption alignright\"><a href=\"https:\/\/www.fraterinternacional.org\/wp-content\/uploads\/2018\/01\/roraima_missao_boavista_esposa_agredida_01_2018.jpg\"><img decoding=\"async\" class=\"wp-image-73298 size-medium\" src=\"https:\/\/www.missoeshumanitarias.org\/wp-content\/uploads\/2021\/08\/roraima_missao_boavista_esposa_agredida_01_2018-227x300-1.jpg\" alt=\"\" width=\"227\" height=\"300\" \/><\/a><figcaption id=\"caption-attachment-73298\" class=\"wp-caption-text\">Mujer agredida por el marido<\/figcaption><\/figure>\n<p class=\"western\" style=\"text-align: justify;\">La clase de portugu\u00e9s se dio para un nuevo miembro: un muchacho de 14 a\u00f1os. Los dem\u00e1s integrantes no asistieron pues estaban dormidos.<\/p>\n<p class=\"western\" style=\"text-align: justify;\">Se hizo la limpieza del \u00e1rea externa del Centro de Referencia al Inmigrante (CRI), con la ayuda de una pareja de inmigrantes ancianos.<\/p>\n<p class=\"western\" style=\"text-align: justify;\">Lavado de las manos antes de la cena en la noche.<\/p>\n<p class=\"western\" style=\"text-align: justify;\">Se recibi\u00f3 una donaci\u00f3n de sopa, que se dirigi\u00f3 para otro lugar debido a que la cena ya hab\u00eda sido servida en el refugio.<\/p>\n<p class=\"western\" style=\"text-align: justify;\">Muchos de los inmigrantes quer\u00edan salir del CRI despu\u00e9s de las 20.00, pero se les orient\u00f3 para que permanecieran en el refugio.<\/p>\n<h3 class=\"western\" style=\"text-align: justify;\"><strong>Martes 2 de enero<\/strong><\/h3>\n<p class=\"western\" style=\"text-align: justify;\">Se constat\u00f3 el robo de un saco de basura reciclable (latas de refresco) que hab\u00eda sido recogido por un inmigrante para venderlas.<\/p>\n<p class=\"western\" style=\"text-align: justify;\">En la clase de portugu\u00e9s participaron varios inmigrantes.<\/p>\n<p class=\"western\" style=\"text-align: justify;\">Debido a que hab\u00eda mucho desorden en el gimnasio, con sacos de ropa y envases con sobras de comida, se les pidi\u00f3 a los inmigrantes que armonizaran el lugar.<\/p>\n<p style=\"text-align: justify;\"><a href=\"https:\/\/www.fraterinternacional.org\/wp-content\/uploads\/2018\/01\/roraima_missao_boavista_ginasio_bagunca_01_2018.jpg\"><img decoding=\"async\" class=\"alignleft wp-image-73301 size-medium\" src=\"https:\/\/www.missoeshumanitarias.org\/wp-content\/uploads\/2021\/08\/roraima_missao_boavista_ginasio_bagunca_01_2018-300x169-1.jpg\" alt=\"\" width=\"300\" height=\"169\" \/><\/a><\/p>\n<p class=\"western\" style=\"text-align: justify;\">Dos polic\u00edas civiles estuvieron en el CRI para entregar una citaci\u00f3n, pero no encontraron a la persona que buscaban.<\/p>\n<p class=\"western\" style=\"text-align: justify;\">Unos voluntarios llegaron con donaciones que se encaminaron a la oficina de la Fraternidade en Boa Vista.<\/p>\n<p class=\"western\" style=\"text-align: justify;\">Se hicieron juegos con los ni\u00f1os.<\/p>\n<p class=\"western\" style=\"text-align: justify;\">El equipo de la Secretar\u00eda del Trabajo y Bienestar Social de Roraima (Setrabes) del refugio, dos representantes del Alto Comisionado de las Naciones Unidas para los Refugiados (ACNUR), misioneros de la Fraternidade y dos l\u00edderes ind\u00edgenas, se reunieron para resolver los conflictos que ocurrieron en el d\u00eda anterior. Conversaron con el marido que agredi\u00f3 a la esposa y les advirtieron a dos j\u00f3venes que saltaron el muro del refugio.<\/p>\n<h3 class=\"western\" style=\"text-align: justify;\"><strong>Mi\u00e9rcoles 3 de enero<\/strong><\/h3>\n<p class=\"western\" style=\"text-align: justify;\">Un representante del Departamento de Protecci\u00f3n Especial verific\u00f3 con miembros del ACNUR, las tareas pendientes (conexi\u00f3n el\u00e9ctrica, tuber\u00eda de agua y alcantarillado) de los contenedores que est\u00e1n en el refugio donados por Canad\u00e1.<\/p>\n<p class=\"western\" style=\"text-align: justify;\">Se hizo la instalaci\u00f3n de agua potable en el ba\u00f1o del contenedor destinado a la salud.<\/p>\n<p class=\"western\" style=\"text-align: justify;\">Se providenciaron consultas m\u00e9dicas en cl\u00ednica general por el equipo de la Secretar\u00eda Especial de Salud Ind\u00edgena (Sesai).<\/p>\n<p class=\"western\" style=\"text-align: justify;\">Un inmigrante pele\u00f3 con la esposa y amenaz\u00f3 a la hija. Se le invit\u00f3 a retirarse del refugio. La esposa afirma que el marido quer\u00eda dar a la hija.<\/p>\n<p class=\"western\" style=\"text-align: justify;\">Se entregaron paquetes de pa\u00f1ales.<\/p>\n","protected":false},"excerpt":{"rendered":"<p>Lunes 1.\u00ba\/1 al mi\u00e9rcoles 3\/1 Lunes 1.\u00ba de enero El lunes primero de enero, los misioneros de la Fraternidade \u2013 Federaci\u00f3n Humanitaria Internacional, realizaron una reuni\u00f3n para evaluar la situaci\u00f3n de varios inmigrantes que estaban embriagados. Hubo peleas y algunos fueron trasladados a la comisar\u00eda de la polic\u00eda. \u201cCuando llegamos al gimnasio vimos como la [&hellip;]<\/p>\n","protected":false},"author":1,"featured_media":126969,"comment_status":"open","ping_status":"open","sticky":false,"template":"","format":"standard","meta":{"footnotes":""},"categories":[43,131],"tags":[],"class_list":["post-131806","post","type-post","status-publish","format-standard","has-post-thumbnail","hentry","category-noticias-es","category-noticias-de-las-misiones"],"featured_image_src":"https:\/\/www.missoeshumanitarias.org\/wp-content\/uploads\/2021\/08\/roraima_missao_boavista_ginasio_imigrantes_dormindo_01_2018.jpg","author_info":{"display_name":"maducato_admin","author_link":"https:\/\/www.missoeshumanitarias.org\/es\/author\/maducato_admin\/"},"yoast_head":"<!-- This site is optimized with the Yoast SEO Premium plugin v22.5 (Yoast SEO v22.5) - https:\/\/yoast.com\/wordpress\/plugins\/seo\/ -->\n<title>Misi\u00f3n Roraima Humanitaria en Boa Vista - Conflictos en los primeros d\u00edas de 2018 - Fraternidade Miss\u00f5es Humanit\u00e1rias Internacionais<\/title>\n<meta name=\"robots\" content=\"index, follow, max-snippet:-1, max-image-preview:large, max-video-preview:-1\" \/>\n<link rel=\"canonical\" href=\"https:\/\/www.missoeshumanitarias.org\/es\/mision-roraima-humanitaria-en-boa-vista-conflictos-en-los-primeros-dias-de-2018\/\" \/>\n<meta property=\"og:locale\" content=\"es_ES\" \/>\n<meta property=\"og:type\" content=\"article\" \/>\n<meta property=\"og:title\" content=\"Misi\u00f3n Roraima Humanitaria en Boa Vista - Conflictos en los primeros d\u00edas de 2018\" \/>\n<meta property=\"og:description\" content=\"Lunes 1.\u00ba\/1 al mi\u00e9rcoles 3\/1 Lunes 1.\u00ba de enero El lunes primero de enero, los misioneros de la Fraternidade \u2013 Federaci\u00f3n Humanitaria Internacional, realizaron una reuni\u00f3n para evaluar la situaci\u00f3n de varios inmigrantes que estaban embriagados. Hubo peleas y algunos fueron trasladados a la comisar\u00eda de la polic\u00eda. \u201cCuando llegamos al gimnasio vimos como la [&hellip;]\" \/>\n<meta property=\"og:url\" content=\"https:\/\/www.missoeshumanitarias.org\/es\/mision-roraima-humanitaria-en-boa-vista-conflictos-en-los-primeros-dias-de-2018\/\" \/>\n<meta property=\"og:site_name\" content=\"Fraternidade Miss\u00f5es Humanit\u00e1rias Internacionais\" \/>\n<meta property=\"article:published_time\" content=\"2018-01-31T14:39:57+00:00\" \/>\n<meta property=\"og:image\" content=\"https:\/\/www.missoeshumanitarias.org\/wp-content\/uploads\/2021\/08\/roraima_missao_boavista_ginasio_imigrantes_dormindo_01_2018.jpg\" \/>\n\t<meta property=\"og:image:width\" content=\"690\" \/>\n\t<meta property=\"og:image:height\" content=\"388\" \/>\n\t<meta property=\"og:image:type\" content=\"image\/jpeg\" \/>\n<meta name=\"author\" content=\"maducato_admin\" \/>\n<meta name=\"twitter:card\" content=\"summary_large_image\" \/>\n<meta name=\"twitter:label1\" content=\"Escrito por\" \/>\n\t<meta name=\"twitter:data1\" content=\"maducato_admin\" \/>\n\t<meta name=\"twitter:label2\" content=\"Tiempo de lectura\" \/>\n\t<meta name=\"twitter:data2\" content=\"3 minutos\" \/>\n<script type=\"application\/ld+json\" class=\"yoast-schema-graph\">{\"@context\":\"https:\/\/schema.org\",\"@graph\":[{\"@type\":\"Article\",\"@id\":\"https:\/\/www.missoeshumanitarias.org\/es\/mision-roraima-humanitaria-en-boa-vista-conflictos-en-los-primeros-dias-de-2018\/#article\",\"isPartOf\":{\"@id\":\"https:\/\/www.missoeshumanitarias.org\/es\/mision-roraima-humanitaria-en-boa-vista-conflictos-en-los-primeros-dias-de-2018\/\"},\"author\":{\"name\":\"maducato_admin\",\"@id\":\"https:\/\/www.missoeshumanitarias.org\/es\/#\/schema\/person\/e0f8527323154d1eba9f9d9eb6b401f7\"},\"headline\":\"Misi\u00f3n Roraima Humanitaria en Boa Vista &#8211; Conflictos en los primeros d\u00edas de 2018\",\"datePublished\":\"2018-01-31T14:39:57+00:00\",\"dateModified\":\"2018-01-31T14:39:57+00:00\",\"mainEntityOfPage\":{\"@id\":\"https:\/\/www.missoeshumanitarias.org\/es\/mision-roraima-humanitaria-en-boa-vista-conflictos-en-los-primeros-dias-de-2018\/\"},\"wordCount\":586,\"commentCount\":0,\"publisher\":{\"@id\":\"https:\/\/www.missoeshumanitarias.org\/es\/#organization\"},\"image\":{\"@id\":\"https:\/\/www.missoeshumanitarias.org\/es\/mision-roraima-humanitaria-en-boa-vista-conflictos-en-los-primeros-dias-de-2018\/#primaryimage\"},\"thumbnailUrl\":\"https:\/\/www.missoeshumanitarias.org\/wp-content\/uploads\/2021\/08\/roraima_missao_boavista_ginasio_imigrantes_dormindo_01_2018.jpg\",\"articleSection\":[\"Noticias\",\"Noticias de las Misiones\"],\"inLanguage\":\"es\",\"potentialAction\":[{\"@type\":\"CommentAction\",\"name\":\"Comment\",\"target\":[\"https:\/\/www.missoeshumanitarias.org\/es\/mision-roraima-humanitaria-en-boa-vista-conflictos-en-los-primeros-dias-de-2018\/#respond\"]}]},{\"@type\":\"WebPage\",\"@id\":\"https:\/\/www.missoeshumanitarias.org\/es\/mision-roraima-humanitaria-en-boa-vista-conflictos-en-los-primeros-dias-de-2018\/\",\"url\":\"https:\/\/www.missoeshumanitarias.org\/es\/mision-roraima-humanitaria-en-boa-vista-conflictos-en-los-primeros-dias-de-2018\/\",\"name\":\"Misi\u00f3n Roraima Humanitaria en Boa Vista - Conflictos en los primeros d\u00edas de 2018 - Fraternidade Miss\u00f5es Humanit\u00e1rias Internacionais\",\"isPartOf\":{\"@id\":\"https:\/\/www.missoeshumanitarias.org\/es\/#website\"},\"primaryImageOfPage\":{\"@id\":\"https:\/\/www.missoeshumanitarias.org\/es\/mision-roraima-humanitaria-en-boa-vista-conflictos-en-los-primeros-dias-de-2018\/#primaryimage\"},\"image\":{\"@id\":\"https:\/\/www.missoeshumanitarias.org\/es\/mision-roraima-humanitaria-en-boa-vista-conflictos-en-los-primeros-dias-de-2018\/#primaryimage\"},\"thumbnailUrl\":\"https:\/\/www.missoeshumanitarias.org\/wp-content\/uploads\/2021\/08\/roraima_missao_boavista_ginasio_imigrantes_dormindo_01_2018.jpg\",\"datePublished\":\"2018-01-31T14:39:57+00:00\",\"dateModified\":\"2018-01-31T14:39:57+00:00\",\"breadcrumb\":{\"@id\":\"https:\/\/www.missoeshumanitarias.org\/es\/mision-roraima-humanitaria-en-boa-vista-conflictos-en-los-primeros-dias-de-2018\/#breadcrumb\"},\"inLanguage\":\"es\",\"potentialAction\":[{\"@type\":\"ReadAction\",\"target\":[\"https:\/\/www.missoeshumanitarias.org\/es\/mision-roraima-humanitaria-en-boa-vista-conflictos-en-los-primeros-dias-de-2018\/\"]}]},{\"@type\":\"ImageObject\",\"inLanguage\":\"es\",\"@id\":\"https:\/\/www.missoeshumanitarias.org\/es\/mision-roraima-humanitaria-en-boa-vista-conflictos-en-los-primeros-dias-de-2018\/#primaryimage\",\"url\":\"https:\/\/www.missoeshumanitarias.org\/wp-content\/uploads\/2021\/08\/roraima_missao_boavista_ginasio_imigrantes_dormindo_01_2018.jpg\",\"contentUrl\":\"https:\/\/www.missoeshumanitarias.org\/wp-content\/uploads\/2021\/08\/roraima_missao_boavista_ginasio_imigrantes_dormindo_01_2018.jpg\",\"width\":690,\"height\":388},{\"@type\":\"BreadcrumbList\",\"@id\":\"https:\/\/www.missoeshumanitarias.org\/es\/mision-roraima-humanitaria-en-boa-vista-conflictos-en-los-primeros-dias-de-2018\/#breadcrumb\",\"itemListElement\":[{\"@type\":\"ListItem\",\"position\":1,\"name\":\"Home\",\"item\":\"https:\/\/www.missoeshumanitarias.org\/en\/\"},{\"@type\":\"ListItem\",\"position\":2,\"name\":\"Misi\u00f3n Roraima Humanitaria en Boa Vista &#8211; Conflictos en los primeros d\u00edas de 2018\"}]},{\"@type\":\"WebSite\",\"@id\":\"https:\/\/www.missoeshumanitarias.org\/es\/#website\",\"url\":\"https:\/\/www.missoeshumanitarias.org\/es\/\",\"name\":\"Fraternidade Miss\u00f5es Humanit\u00e1rias Internacionais\",\"description\":\"Respostas Humanit\u00e1rias e Emerg\u00eancias\",\"publisher\":{\"@id\":\"https:\/\/www.missoeshumanitarias.org\/es\/#organization\"},\"potentialAction\":[{\"@type\":\"SearchAction\",\"target\":{\"@type\":\"EntryPoint\",\"urlTemplate\":\"https:\/\/www.missoeshumanitarias.org\/es\/?s={search_term_string}\"},\"query-input\":\"required name=search_term_string\"}],\"inLanguage\":\"es\"},{\"@type\":\"Organization\",\"@id\":\"https:\/\/www.missoeshumanitarias.org\/es\/#organization\",\"name\":\"Fraternidade - Miss\u00f5es Humanit\u00e1rias Internacionais\",\"url\":\"https:\/\/www.missoeshumanitarias.org\/es\/\",\"logo\":{\"@type\":\"ImageObject\",\"inLanguage\":\"es\",\"@id\":\"https:\/\/www.missoeshumanitarias.org\/es\/#\/schema\/logo\/image\/\",\"url\":\"https:\/\/www.missoeshumanitarias.org\/wp-content\/uploads\/2020\/05\/logo-FMHI-mg.png\",\"contentUrl\":\"https:\/\/www.missoeshumanitarias.org\/wp-content\/uploads\/2020\/05\/logo-FMHI-mg.png\",\"width\":520,\"height\":134,\"caption\":\"Fraternidade - Miss\u00f5es Humanit\u00e1rias Internacionais\"},\"image\":{\"@id\":\"https:\/\/www.missoeshumanitarias.org\/es\/#\/schema\/logo\/image\/\"}},{\"@type\":\"Person\",\"@id\":\"https:\/\/www.missoeshumanitarias.org\/es\/#\/schema\/person\/e0f8527323154d1eba9f9d9eb6b401f7\",\"name\":\"maducato_admin\",\"image\":{\"@type\":\"ImageObject\",\"inLanguage\":\"es\",\"@id\":\"https:\/\/www.missoeshumanitarias.org\/es\/#\/schema\/person\/image\/\",\"url\":\"https:\/\/secure.gravatar.com\/avatar\/6c3b45186a8f5a459d8e14c7fca370bceae92402bc06171d75e4e559b6c24393?s=96&d=mm&r=g\",\"contentUrl\":\"https:\/\/secure.gravatar.com\/avatar\/6c3b45186a8f5a459d8e14c7fca370bceae92402bc06171d75e4e559b6c24393?s=96&d=mm&r=g\",\"caption\":\"maducato_admin\"}}]}<\/script>\n<!-- \/ Yoast SEO Premium plugin. -->","yoast_head_json":{"title":"Misi\u00f3n Roraima Humanitaria en Boa Vista - Conflictos en los primeros d\u00edas de 2018 - Fraternidade Miss\u00f5es Humanit\u00e1rias Internacionais","robots":{"index":"index","follow":"follow","max-snippet":"max-snippet:-1","max-image-preview":"max-image-preview:large","max-video-preview":"max-video-preview:-1"},"canonical":"https:\/\/www.missoeshumanitarias.org\/es\/mision-roraima-humanitaria-en-boa-vista-conflictos-en-los-primeros-dias-de-2018\/","og_locale":"es_ES","og_type":"article","og_title":"Misi\u00f3n Roraima Humanitaria en Boa Vista - Conflictos en los primeros d\u00edas de 2018","og_description":"Lunes 1.\u00ba\/1 al mi\u00e9rcoles 3\/1 Lunes 1.\u00ba de enero El lunes primero de enero, los misioneros de la Fraternidade \u2013 Federaci\u00f3n Humanitaria Internacional, realizaron una reuni\u00f3n para evaluar la situaci\u00f3n de varios inmigrantes que estaban embriagados. Hubo peleas y algunos fueron trasladados a la comisar\u00eda de la polic\u00eda. \u201cCuando llegamos al gimnasio vimos como la [&hellip;]","og_url":"https:\/\/www.missoeshumanitarias.org\/es\/mision-roraima-humanitaria-en-boa-vista-conflictos-en-los-primeros-dias-de-2018\/","og_site_name":"Fraternidade Miss\u00f5es Humanit\u00e1rias Internacionais","article_published_time":"2018-01-31T14:39:57+00:00","og_image":[{"width":690,"height":388,"url":"https:\/\/www.missoeshumanitarias.org\/wp-content\/uploads\/2021\/08\/roraima_missao_boavista_ginasio_imigrantes_dormindo_01_2018.jpg","type":"image\/jpeg"}],"author":"maducato_admin","twitter_card":"summary_large_image","twitter_misc":{"Escrito por":"maducato_admin","Tiempo de lectura":"3 minutos"},"schema":{"@context":"https:\/\/schema.org","@graph":[{"@type":"Article","@id":"https:\/\/www.missoeshumanitarias.org\/es\/mision-roraima-humanitaria-en-boa-vista-conflictos-en-los-primeros-dias-de-2018\/#article","isPartOf":{"@id":"https:\/\/www.missoeshumanitarias.org\/es\/mision-roraima-humanitaria-en-boa-vista-conflictos-en-los-primeros-dias-de-2018\/"},"author":{"name":"maducato_admin","@id":"https:\/\/www.missoeshumanitarias.org\/es\/#\/schema\/person\/e0f8527323154d1eba9f9d9eb6b401f7"},"headline":"Misi\u00f3n Roraima Humanitaria en Boa Vista &#8211; Conflictos en los primeros d\u00edas de 2018","datePublished":"2018-01-31T14:39:57+00:00","dateModified":"2018-01-31T14:39:57+00:00","mainEntityOfPage":{"@id":"https:\/\/www.missoeshumanitarias.org\/es\/mision-roraima-humanitaria-en-boa-vista-conflictos-en-los-primeros-dias-de-2018\/"},"wordCount":586,"commentCount":0,"publisher":{"@id":"https:\/\/www.missoeshumanitarias.org\/es\/#organization"},"image":{"@id":"https:\/\/www.missoeshumanitarias.org\/es\/mision-roraima-humanitaria-en-boa-vista-conflictos-en-los-primeros-dias-de-2018\/#primaryimage"},"thumbnailUrl":"https:\/\/www.missoeshumanitarias.org\/wp-content\/uploads\/2021\/08\/roraima_missao_boavista_ginasio_imigrantes_dormindo_01_2018.jpg","articleSection":["Noticias","Noticias de las Misiones"],"inLanguage":"es","potentialAction":[{"@type":"CommentAction","name":"Comment","target":["https:\/\/www.missoeshumanitarias.org\/es\/mision-roraima-humanitaria-en-boa-vista-conflictos-en-los-primeros-dias-de-2018\/#respond"]}]},{"@type":"WebPage","@id":"https:\/\/www.missoeshumanitarias.org\/es\/mision-roraima-humanitaria-en-boa-vista-conflictos-en-los-primeros-dias-de-2018\/","url":"https:\/\/www.missoeshumanitarias.org\/es\/mision-roraima-humanitaria-en-boa-vista-conflictos-en-los-primeros-dias-de-2018\/","name":"Misi\u00f3n Roraima Humanitaria en Boa Vista - Conflictos en los primeros d\u00edas de 2018 - Fraternidade Miss\u00f5es Humanit\u00e1rias Internacionais","isPartOf":{"@id":"https:\/\/www.missoeshumanitarias.org\/es\/#website"},"primaryImageOfPage":{"@id":"https:\/\/www.missoeshumanitarias.org\/es\/mision-roraima-humanitaria-en-boa-vista-conflictos-en-los-primeros-dias-de-2018\/#primaryimage"},"image":{"@id":"https:\/\/www.missoeshumanitarias.org\/es\/mision-roraima-humanitaria-en-boa-vista-conflictos-en-los-primeros-dias-de-2018\/#primaryimage"},"thumbnailUrl":"https:\/\/www.missoeshumanitarias.org\/wp-content\/uploads\/2021\/08\/roraima_missao_boavista_ginasio_imigrantes_dormindo_01_2018.jpg","datePublished":"2018-01-31T14:39:57+00:00","dateModified":"2018-01-31T14:39:57+00:00","breadcrumb":{"@id":"https:\/\/www.missoeshumanitarias.org\/es\/mision-roraima-humanitaria-en-boa-vista-conflictos-en-los-primeros-dias-de-2018\/#breadcrumb"},"inLanguage":"es","potentialAction":[{"@type":"ReadAction","target":["https:\/\/www.missoeshumanitarias.org\/es\/mision-roraima-humanitaria-en-boa-vista-conflictos-en-los-primeros-dias-de-2018\/"]}]},{"@type":"ImageObject","inLanguage":"es","@id":"https:\/\/www.missoeshumanitarias.org\/es\/mision-roraima-humanitaria-en-boa-vista-conflictos-en-los-primeros-dias-de-2018\/#primaryimage","url":"https:\/\/www.missoeshumanitarias.org\/wp-content\/uploads\/2021\/08\/roraima_missao_boavista_ginasio_imigrantes_dormindo_01_2018.jpg","contentUrl":"https:\/\/www.missoeshumanitarias.org\/wp-content\/uploads\/2021\/08\/roraima_missao_boavista_ginasio_imigrantes_dormindo_01_2018.jpg","width":690,"height":388},{"@type":"BreadcrumbList","@id":"https:\/\/www.missoeshumanitarias.org\/es\/mision-roraima-humanitaria-en-boa-vista-conflictos-en-los-primeros-dias-de-2018\/#breadcrumb","itemListElement":[{"@type":"ListItem","position":1,"name":"Home","item":"https:\/\/www.missoeshumanitarias.org\/en\/"},{"@type":"ListItem","position":2,"name":"Misi\u00f3n Roraima Humanitaria en Boa Vista &#8211; Conflictos en los primeros d\u00edas de 2018"}]},{"@type":"WebSite","@id":"https:\/\/www.missoeshumanitarias.org\/es\/#website","url":"https:\/\/www.missoeshumanitarias.org\/es\/","name":"Fraternidade Miss\u00f5es Humanit\u00e1rias Internacionais","description":"Respostas Humanit\u00e1rias e Emerg\u00eancias","publisher":{"@id":"https:\/\/www.missoeshumanitarias.org\/es\/#organization"},"potentialAction":[{"@type":"SearchAction","target":{"@type":"EntryPoint","urlTemplate":"https:\/\/www.missoeshumanitarias.org\/es\/?s={search_term_string}"},"query-input":"required name=search_term_string"}],"inLanguage":"es"},{"@type":"Organization","@id":"https:\/\/www.missoeshumanitarias.org\/es\/#organization","name":"Fraternidade - Miss\u00f5es Humanit\u00e1rias Internacionais","url":"https:\/\/www.missoeshumanitarias.org\/es\/","logo":{"@type":"ImageObject","inLanguage":"es","@id":"https:\/\/www.missoeshumanitarias.org\/es\/#\/schema\/logo\/image\/","url":"https:\/\/www.missoeshumanitarias.org\/wp-content\/uploads\/2020\/05\/logo-FMHI-mg.png","contentUrl":"https:\/\/www.missoeshumanitarias.org\/wp-content\/uploads\/2020\/05\/logo-FMHI-mg.png","width":520,"height":134,"caption":"Fraternidade - Miss\u00f5es Humanit\u00e1rias Internacionais"},"image":{"@id":"https:\/\/www.missoeshumanitarias.org\/es\/#\/schema\/logo\/image\/"}},{"@type":"Person","@id":"https:\/\/www.missoeshumanitarias.org\/es\/#\/schema\/person\/e0f8527323154d1eba9f9d9eb6b401f7","name":"maducato_admin","image":{"@type":"ImageObject","inLanguage":"es","@id":"https:\/\/www.missoeshumanitarias.org\/es\/#\/schema\/person\/image\/","url":"https:\/\/secure.gravatar.com\/avatar\/6c3b45186a8f5a459d8e14c7fca370bceae92402bc06171d75e4e559b6c24393?s=96&d=mm&r=g","contentUrl":"https:\/\/secure.gravatar.com\/avatar\/6c3b45186a8f5a459d8e14c7fca370bceae92402bc06171d75e4e559b6c24393?s=96&d=mm&r=g","caption":"maducato_admin"}}]}},"_links":{"self":[{"href":"https:\/\/www.missoeshumanitarias.org\/es\/wp-json\/wp\/v2\/posts\/131806","targetHints":{"allow":["GET"]}}],"collection":[{"href":"https:\/\/www.missoeshumanitarias.org\/es\/wp-json\/wp\/v2\/posts"}],"about":[{"href":"https:\/\/www.missoeshumanitarias.org\/es\/wp-json\/wp\/v2\/types\/post"}],"author":[{"embeddable":true,"href":"https:\/\/www.missoeshumanitarias.org\/es\/wp-json\/wp\/v2\/users\/1"}],"replies":[{"embeddable":true,"href":"https:\/\/www.missoeshumanitarias.org\/es\/wp-json\/wp\/v2\/comments?post=131806"}],"version-history":[{"count":0,"href":"https:\/\/www.missoeshumanitarias.org\/es\/wp-json\/wp\/v2\/posts\/131806\/revisions"}],"wp:featuredmedia":[{"embeddable":true,"href":"https:\/\/www.missoeshumanitarias.org\/es\/wp-json\/wp\/v2\/media\/126969"}],"wp:attachment":[{"href":"https:\/\/www.missoeshumanitarias.org\/es\/wp-json\/wp\/v2\/media?parent=131806"}],"wp:term":[{"taxonomy":"category","embeddable":true,"href":"https:\/\/www.missoeshumanitarias.org\/es\/wp-json\/wp\/v2\/categories?post=131806"},{"taxonomy":"post_tag","embeddable":true,"href":"https:\/\/www.missoeshumanitarias.org\/es\/wp-json\/wp\/v2\/tags?post=131806"}],"curies":[{"name":"wp","href":"https:\/\/api.w.org\/{rel}","templated":true}]}}