{"id":131858,"date":"2018-07-02T17:01:55","date_gmt":"2018-07-02T20:01:55","guid":{"rendered":"https:\/\/www.missoeshumanitarias.org\/mision-roraima-humanitaria-dia-de-las-madres\/"},"modified":"2018-07-02T17:01:55","modified_gmt":"2018-07-02T20:01:55","slug":"mision-roraima-humanitaria-dia-de-las-madres","status":"publish","type":"post","link":"https:\/\/www.missoeshumanitarias.org\/es\/mision-roraima-humanitaria-dia-de-las-madres\/","title":{"rendered":"Misi\u00f3n Roraima Humanitaria &#8211; D\u00eda de las Madres"},"content":{"rendered":"<h3 style=\"text-align: justify;\"><strong>Del\u00a0 1\u00b0\/5 (martes) al 15\/5 (martes)<\/strong><\/h3>\n<p style=\"text-align: justify;\"><strong>D\u00eda de las Madres<\/strong><\/p>\n<figure id=\"attachment_82193\" aria-describedby=\"caption-attachment-82193\" style=\"width: 300px\" class=\"wp-caption alignleft\"><a href=\"https:\/\/www.fraterinternacional.org\/wp-content\/uploads\/2018\/06\/missao_roraima_pacaraima_dia_maes1.jpg\"><img fetchpriority=\"high\" decoding=\"async\" class=\"wp-image-82193 size-medium\" src=\"https:\/\/www.missoeshumanitarias.org\/wp-content\/uploads\/2021\/08\/missao_roraima_pacaraima_dia_maes1-300x225-1.jpg\" alt=\"\" width=\"300\" height=\"225\" \/><\/a><figcaption id=\"caption-attachment-82193\" class=\"wp-caption-text\">Presentaci\u00f3n de la danza<\/figcaption><\/figure>\n<p style=\"text-align: justify;\">El domingo (13\/5), se celebr\u00f3 el D\u00eda de las Madres en el refugio Casa de Paso, en Pacaraima (RR). A las 5 de la ma\u00f1ana, las ind\u00edgenas Waraos cantaron en homenaje a la Madre Divina. Despu\u00e9s de los cantos, los refugiados oraron los Misterios Gloriosos del Santo Rosario. Las mujeres llevaban vestidos que ellas mismas confeccionaron especialmente para esa fecha. Se ofrecieron\u00a0 regalos y flores a las madres. La celebraci\u00f3n cont\u00f3 con presentaciones de danza, espacios para confraternizar y mucha alegr\u00eda entre todos los presentes.<\/p>\n<p style=\"text-align: justify;\"><strong>Nacimiento<\/strong><\/p>\n<p style=\"text-align: justify;\">El 3\/5, los misioneros de la <strong>Fraternidade &#8211; Federaci\u00f3n Humanitaria Internacional (FFHI)<\/strong> llegaron a la Casa de Paso y se encontraron con una ind\u00edgena que estaba en trabajo de parto. La ambulancia fue accionada. Los m\u00e9dicos hicieron la medici\u00f3n de la presi\u00f3n, de los latidos del coraz\u00f3n y de la temperatura de la parturienta. Despu\u00e9s de estos procedimientos, fue llevada junto a su madre que la acompa\u00f1\u00f3 al hospital<\/p>\n<p style=\"text-align: justify;\"><strong>Ping-Pong y voleibol<\/strong><\/p>\n<figure id=\"attachment_82195\" aria-describedby=\"caption-attachment-82195\" style=\"width: 300px\" class=\"wp-caption alignright\"><a href=\"https:\/\/www.fraterinternacional.org\/wp-content\/uploads\/2018\/06\/missao_roraima_pacaraima_dia_maes2.jpg\"><img decoding=\"async\" class=\"wp-image-82195 size-medium\" src=\"https:\/\/www.missoeshumanitarias.org\/wp-content\/uploads\/2021\/08\/missao_roraima_pacaraima_dia_maes2-300x225-1.jpg\" alt=\"\" width=\"300\" height=\"225\" \/><\/a><figcaption id=\"caption-attachment-82195\" class=\"wp-caption-text\">Ind\u00edgena en el trabajo de parto<\/figcaption><\/figure>\n<p style=\"text-align: justify;\">El 4\/5 los soldados del Ej\u00e9rcito brasile\u00f1o montaron una mesa de ping-pong debajo\u00a0de la carpa, para que los refugiados pudieran tener una distracci\u00f3n en las horas libres.<\/p>\n<p>El 5\/5 los soldados del Ej\u00e9rcito brasile\u00f1o junto a los misioneros de la <strong>Fraternidade<\/strong>, armaron una red de voleibol en el refugio. Una funcionaria de la Secretar\u00eda del Trabajo y Bienestar Social de Roraima (Setrabes) don\u00f3 la pelota.<\/p>\n<p style=\"text-align: justify;\"><strong>Contenedores<\/strong><\/p>\n<p style=\"text-align: justify;\">El 8\/5 el Ej\u00e9rcito brasile\u00f1o envi\u00f3 cinco contenedores para la Casa de Paso. Dos servir\u00e1n como ba\u00f1os masculinos y femeninos; uno como alojamiento para aquellos soldados de guardia; uno destinado a atender la salud y uno para necesidades eventuales.<\/p>\n<p style=\"text-align: justify;\"><strong>Reuni\u00f3n escolar<\/strong><\/p>\n<figure id=\"attachment_82197\" aria-describedby=\"caption-attachment-82197\" style=\"width: 300px\" class=\"wp-caption alignleft\"><a href=\"https:\/\/www.fraterinternacional.org\/wp-content\/uploads\/2018\/06\/missao_roraima_pacaraima_dia_maes3.jpg\"><img decoding=\"async\" class=\"wp-image-82197 size-medium\" src=\"https:\/\/www.missoeshumanitarias.org\/wp-content\/uploads\/2021\/08\/missao_roraima_pacaraima_dia_maes3-300x225-1.jpg\" alt=\"\" width=\"300\" height=\"225\" \/><\/a><figcaption id=\"caption-attachment-82197\" class=\"wp-caption-text\">Reuni\u00f3n escolar<\/figcaption><\/figure>\n<p>El 10\/5 se realiz\u00f3 una reuni\u00f3n con los profesores de la escuela de la Casa de Paso, solicitada por los miembros de la <strong>Fraternidade.<\/strong> La reuni\u00f3n se efectu\u00f3 con todo el equipo educativo, incluso con los que apoyan de la Secretar\u00eda del Trabajo y del Bienestar Social (Setrabes), ten\u00eda como objetivo revisar el tema que algunos profesores no estaban\u00a0 impartiendo sus clases o\u00a0 se\u00a0 sent\u00edan perdidos en relaci\u00f3n a la din\u00e1mica de la escuela.<\/p>\n<p style=\"text-align: justify;\"><strong>Brote de gripe y fiebre<\/strong><\/p>\n<p>En estos d\u00edas y por motivo de las intensas lluvias en Pacaraima, surgi\u00f3 un brote de gripe y de fiebre entre los refugiados de la Casa de Paso. Diariamente se atend\u00edan cerca de 50 a 80 personas. Algunos de los enfermos se les canaliz\u00f3 hacia el hospital de la ciudad. Las mujeres padecen de m\u00e1s problemas respiratorios, porque pasan mucho tiempo expuestas con el humo del fuego de la le\u00f1a, cocinando.<\/p>\n<p style=\"text-align: justify;\">\n","protected":false},"excerpt":{"rendered":"<p>Del\u00a0 1\u00b0\/5 (martes) al 15\/5 (martes) D\u00eda de las Madres El domingo (13\/5), se celebr\u00f3 el D\u00eda de las Madres en el refugio Casa de Paso, en Pacaraima (RR). A las 5 de la ma\u00f1ana, las ind\u00edgenas Waraos cantaron en homenaje a la Madre Divina. Despu\u00e9s de los cantos, los refugiados oraron los Misterios Gloriosos [&hellip;]<\/p>\n","protected":false},"author":1,"featured_media":127940,"comment_status":"open","ping_status":"open","sticky":false,"template":"","format":"standard","meta":{"footnotes":""},"categories":[43,131],"tags":[],"class_list":["post-131858","post","type-post","status-publish","format-standard","has-post-thumbnail","hentry","category-noticias-es","category-noticias-de-las-misiones"],"featured_image_src":"https:\/\/www.missoeshumanitarias.org\/wp-content\/uploads\/2021\/08\/missao_roraima_pacaraima_dia_maes.jpg","author_info":{"display_name":"maducato_admin","author_link":"https:\/\/www.missoeshumanitarias.org\/es\/author\/maducato_admin\/"},"yoast_head":"<!-- This site is optimized with the Yoast SEO Premium plugin v22.5 (Yoast SEO v22.5) - https:\/\/yoast.com\/wordpress\/plugins\/seo\/ -->\n<title>Misi\u00f3n Roraima Humanitaria - D\u00eda de las Madres - Fraternidade Miss\u00f5es Humanit\u00e1rias Internacionais<\/title>\n<meta name=\"robots\" content=\"index, follow, max-snippet:-1, max-image-preview:large, max-video-preview:-1\" \/>\n<link rel=\"canonical\" href=\"https:\/\/www.missoeshumanitarias.org\/es\/mision-roraima-humanitaria-dia-de-las-madres\/\" \/>\n<meta property=\"og:locale\" content=\"es_ES\" \/>\n<meta property=\"og:type\" content=\"article\" \/>\n<meta property=\"og:title\" content=\"Misi\u00f3n Roraima Humanitaria - D\u00eda de las Madres\" \/>\n<meta property=\"og:description\" content=\"Del\u00a0 1\u00b0\/5 (martes) al 15\/5 (martes) D\u00eda de las Madres El domingo (13\/5), se celebr\u00f3 el D\u00eda de las Madres en el refugio Casa de Paso, en Pacaraima (RR). A las 5 de la ma\u00f1ana, las ind\u00edgenas Waraos cantaron en homenaje a la Madre Divina. Despu\u00e9s de los cantos, los refugiados oraron los Misterios Gloriosos [&hellip;]\" \/>\n<meta property=\"og:url\" content=\"https:\/\/www.missoeshumanitarias.org\/es\/mision-roraima-humanitaria-dia-de-las-madres\/\" \/>\n<meta property=\"og:site_name\" content=\"Fraternidade Miss\u00f5es Humanit\u00e1rias Internacionais\" \/>\n<meta property=\"article:published_time\" content=\"2018-07-02T20:01:55+00:00\" \/>\n<meta property=\"og:image\" content=\"https:\/\/www.missoeshumanitarias.org\/wp-content\/uploads\/2021\/08\/missao_roraima_pacaraima_dia_maes.jpg\" \/>\n\t<meta property=\"og:image:width\" content=\"690\" \/>\n\t<meta property=\"og:image:height\" content=\"388\" \/>\n\t<meta property=\"og:image:type\" content=\"image\/jpeg\" \/>\n<meta name=\"author\" content=\"maducato_admin\" \/>\n<meta name=\"twitter:card\" content=\"summary_large_image\" \/>\n<meta name=\"twitter:label1\" content=\"Escrito por\" \/>\n\t<meta name=\"twitter:data1\" content=\"maducato_admin\" \/>\n\t<meta name=\"twitter:label2\" content=\"Tiempo de lectura\" \/>\n\t<meta name=\"twitter:data2\" content=\"2 minutos\" \/>\n<script type=\"application\/ld+json\" class=\"yoast-schema-graph\">{\"@context\":\"https:\/\/schema.org\",\"@graph\":[{\"@type\":\"Article\",\"@id\":\"https:\/\/www.missoeshumanitarias.org\/es\/mision-roraima-humanitaria-dia-de-las-madres\/#article\",\"isPartOf\":{\"@id\":\"https:\/\/www.missoeshumanitarias.org\/es\/mision-roraima-humanitaria-dia-de-las-madres\/\"},\"author\":{\"name\":\"maducato_admin\",\"@id\":\"https:\/\/www.missoeshumanitarias.org\/es\/#\/schema\/person\/e0f8527323154d1eba9f9d9eb6b401f7\"},\"headline\":\"Misi\u00f3n Roraima Humanitaria &#8211; D\u00eda de las Madres\",\"datePublished\":\"2018-07-02T20:01:55+00:00\",\"dateModified\":\"2018-07-02T20:01:55+00:00\",\"mainEntityOfPage\":{\"@id\":\"https:\/\/www.missoeshumanitarias.org\/es\/mision-roraima-humanitaria-dia-de-las-madres\/\"},\"wordCount\":497,\"commentCount\":0,\"publisher\":{\"@id\":\"https:\/\/www.missoeshumanitarias.org\/es\/#organization\"},\"image\":{\"@id\":\"https:\/\/www.missoeshumanitarias.org\/es\/mision-roraima-humanitaria-dia-de-las-madres\/#primaryimage\"},\"thumbnailUrl\":\"https:\/\/www.missoeshumanitarias.org\/wp-content\/uploads\/2021\/08\/missao_roraima_pacaraima_dia_maes.jpg\",\"articleSection\":[\"Noticias\",\"Noticias de las Misiones\"],\"inLanguage\":\"es\",\"potentialAction\":[{\"@type\":\"CommentAction\",\"name\":\"Comment\",\"target\":[\"https:\/\/www.missoeshumanitarias.org\/es\/mision-roraima-humanitaria-dia-de-las-madres\/#respond\"]}]},{\"@type\":\"WebPage\",\"@id\":\"https:\/\/www.missoeshumanitarias.org\/es\/mision-roraima-humanitaria-dia-de-las-madres\/\",\"url\":\"https:\/\/www.missoeshumanitarias.org\/es\/mision-roraima-humanitaria-dia-de-las-madres\/\",\"name\":\"Misi\u00f3n Roraima Humanitaria - D\u00eda de las Madres - Fraternidade Miss\u00f5es Humanit\u00e1rias Internacionais\",\"isPartOf\":{\"@id\":\"https:\/\/www.missoeshumanitarias.org\/es\/#website\"},\"primaryImageOfPage\":{\"@id\":\"https:\/\/www.missoeshumanitarias.org\/es\/mision-roraima-humanitaria-dia-de-las-madres\/#primaryimage\"},\"image\":{\"@id\":\"https:\/\/www.missoeshumanitarias.org\/es\/mision-roraima-humanitaria-dia-de-las-madres\/#primaryimage\"},\"thumbnailUrl\":\"https:\/\/www.missoeshumanitarias.org\/wp-content\/uploads\/2021\/08\/missao_roraima_pacaraima_dia_maes.jpg\",\"datePublished\":\"2018-07-02T20:01:55+00:00\",\"dateModified\":\"2018-07-02T20:01:55+00:00\",\"breadcrumb\":{\"@id\":\"https:\/\/www.missoeshumanitarias.org\/es\/mision-roraima-humanitaria-dia-de-las-madres\/#breadcrumb\"},\"inLanguage\":\"es\",\"potentialAction\":[{\"@type\":\"ReadAction\",\"target\":[\"https:\/\/www.missoeshumanitarias.org\/es\/mision-roraima-humanitaria-dia-de-las-madres\/\"]}]},{\"@type\":\"ImageObject\",\"inLanguage\":\"es\",\"@id\":\"https:\/\/www.missoeshumanitarias.org\/es\/mision-roraima-humanitaria-dia-de-las-madres\/#primaryimage\",\"url\":\"https:\/\/www.missoeshumanitarias.org\/wp-content\/uploads\/2021\/08\/missao_roraima_pacaraima_dia_maes.jpg\",\"contentUrl\":\"https:\/\/www.missoeshumanitarias.org\/wp-content\/uploads\/2021\/08\/missao_roraima_pacaraima_dia_maes.jpg\",\"width\":690,\"height\":388},{\"@type\":\"BreadcrumbList\",\"@id\":\"https:\/\/www.missoeshumanitarias.org\/es\/mision-roraima-humanitaria-dia-de-las-madres\/#breadcrumb\",\"itemListElement\":[{\"@type\":\"ListItem\",\"position\":1,\"name\":\"Home\",\"item\":\"https:\/\/www.missoeshumanitarias.org\/en\/\"},{\"@type\":\"ListItem\",\"position\":2,\"name\":\"Misi\u00f3n Roraima Humanitaria &#8211; D\u00eda de las Madres\"}]},{\"@type\":\"WebSite\",\"@id\":\"https:\/\/www.missoeshumanitarias.org\/es\/#website\",\"url\":\"https:\/\/www.missoeshumanitarias.org\/es\/\",\"name\":\"Fraternidade Miss\u00f5es Humanit\u00e1rias Internacionais\",\"description\":\"Respostas Humanit\u00e1rias e Emerg\u00eancias\",\"publisher\":{\"@id\":\"https:\/\/www.missoeshumanitarias.org\/es\/#organization\"},\"potentialAction\":[{\"@type\":\"SearchAction\",\"target\":{\"@type\":\"EntryPoint\",\"urlTemplate\":\"https:\/\/www.missoeshumanitarias.org\/es\/?s={search_term_string}\"},\"query-input\":\"required name=search_term_string\"}],\"inLanguage\":\"es\"},{\"@type\":\"Organization\",\"@id\":\"https:\/\/www.missoeshumanitarias.org\/es\/#organization\",\"name\":\"Fraternidade - Miss\u00f5es Humanit\u00e1rias Internacionais\",\"url\":\"https:\/\/www.missoeshumanitarias.org\/es\/\",\"logo\":{\"@type\":\"ImageObject\",\"inLanguage\":\"es\",\"@id\":\"https:\/\/www.missoeshumanitarias.org\/es\/#\/schema\/logo\/image\/\",\"url\":\"https:\/\/www.missoeshumanitarias.org\/wp-content\/uploads\/2020\/05\/logo-FMHI-mg.png\",\"contentUrl\":\"https:\/\/www.missoeshumanitarias.org\/wp-content\/uploads\/2020\/05\/logo-FMHI-mg.png\",\"width\":520,\"height\":134,\"caption\":\"Fraternidade - Miss\u00f5es Humanit\u00e1rias Internacionais\"},\"image\":{\"@id\":\"https:\/\/www.missoeshumanitarias.org\/es\/#\/schema\/logo\/image\/\"}},{\"@type\":\"Person\",\"@id\":\"https:\/\/www.missoeshumanitarias.org\/es\/#\/schema\/person\/e0f8527323154d1eba9f9d9eb6b401f7\",\"name\":\"maducato_admin\",\"image\":{\"@type\":\"ImageObject\",\"inLanguage\":\"es\",\"@id\":\"https:\/\/www.missoeshumanitarias.org\/es\/#\/schema\/person\/image\/\",\"url\":\"https:\/\/secure.gravatar.com\/avatar\/6c3b45186a8f5a459d8e14c7fca370bceae92402bc06171d75e4e559b6c24393?s=96&d=mm&r=g\",\"contentUrl\":\"https:\/\/secure.gravatar.com\/avatar\/6c3b45186a8f5a459d8e14c7fca370bceae92402bc06171d75e4e559b6c24393?s=96&d=mm&r=g\",\"caption\":\"maducato_admin\"}}]}<\/script>\n<!-- \/ Yoast SEO Premium plugin. -->","yoast_head_json":{"title":"Misi\u00f3n Roraima Humanitaria - D\u00eda de las Madres - Fraternidade Miss\u00f5es Humanit\u00e1rias Internacionais","robots":{"index":"index","follow":"follow","max-snippet":"max-snippet:-1","max-image-preview":"max-image-preview:large","max-video-preview":"max-video-preview:-1"},"canonical":"https:\/\/www.missoeshumanitarias.org\/es\/mision-roraima-humanitaria-dia-de-las-madres\/","og_locale":"es_ES","og_type":"article","og_title":"Misi\u00f3n Roraima Humanitaria - D\u00eda de las Madres","og_description":"Del\u00a0 1\u00b0\/5 (martes) al 15\/5 (martes) D\u00eda de las Madres El domingo (13\/5), se celebr\u00f3 el D\u00eda de las Madres en el refugio Casa de Paso, en Pacaraima (RR). A las 5 de la ma\u00f1ana, las ind\u00edgenas Waraos cantaron en homenaje a la Madre Divina. Despu\u00e9s de los cantos, los refugiados oraron los Misterios Gloriosos [&hellip;]","og_url":"https:\/\/www.missoeshumanitarias.org\/es\/mision-roraima-humanitaria-dia-de-las-madres\/","og_site_name":"Fraternidade Miss\u00f5es Humanit\u00e1rias Internacionais","article_published_time":"2018-07-02T20:01:55+00:00","og_image":[{"width":690,"height":388,"url":"https:\/\/www.missoeshumanitarias.org\/wp-content\/uploads\/2021\/08\/missao_roraima_pacaraima_dia_maes.jpg","type":"image\/jpeg"}],"author":"maducato_admin","twitter_card":"summary_large_image","twitter_misc":{"Escrito por":"maducato_admin","Tiempo de lectura":"2 minutos"},"schema":{"@context":"https:\/\/schema.org","@graph":[{"@type":"Article","@id":"https:\/\/www.missoeshumanitarias.org\/es\/mision-roraima-humanitaria-dia-de-las-madres\/#article","isPartOf":{"@id":"https:\/\/www.missoeshumanitarias.org\/es\/mision-roraima-humanitaria-dia-de-las-madres\/"},"author":{"name":"maducato_admin","@id":"https:\/\/www.missoeshumanitarias.org\/es\/#\/schema\/person\/e0f8527323154d1eba9f9d9eb6b401f7"},"headline":"Misi\u00f3n Roraima Humanitaria &#8211; D\u00eda de las Madres","datePublished":"2018-07-02T20:01:55+00:00","dateModified":"2018-07-02T20:01:55+00:00","mainEntityOfPage":{"@id":"https:\/\/www.missoeshumanitarias.org\/es\/mision-roraima-humanitaria-dia-de-las-madres\/"},"wordCount":497,"commentCount":0,"publisher":{"@id":"https:\/\/www.missoeshumanitarias.org\/es\/#organization"},"image":{"@id":"https:\/\/www.missoeshumanitarias.org\/es\/mision-roraima-humanitaria-dia-de-las-madres\/#primaryimage"},"thumbnailUrl":"https:\/\/www.missoeshumanitarias.org\/wp-content\/uploads\/2021\/08\/missao_roraima_pacaraima_dia_maes.jpg","articleSection":["Noticias","Noticias de las Misiones"],"inLanguage":"es","potentialAction":[{"@type":"CommentAction","name":"Comment","target":["https:\/\/www.missoeshumanitarias.org\/es\/mision-roraima-humanitaria-dia-de-las-madres\/#respond"]}]},{"@type":"WebPage","@id":"https:\/\/www.missoeshumanitarias.org\/es\/mision-roraima-humanitaria-dia-de-las-madres\/","url":"https:\/\/www.missoeshumanitarias.org\/es\/mision-roraima-humanitaria-dia-de-las-madres\/","name":"Misi\u00f3n Roraima Humanitaria - D\u00eda de las Madres - Fraternidade Miss\u00f5es Humanit\u00e1rias Internacionais","isPartOf":{"@id":"https:\/\/www.missoeshumanitarias.org\/es\/#website"},"primaryImageOfPage":{"@id":"https:\/\/www.missoeshumanitarias.org\/es\/mision-roraima-humanitaria-dia-de-las-madres\/#primaryimage"},"image":{"@id":"https:\/\/www.missoeshumanitarias.org\/es\/mision-roraima-humanitaria-dia-de-las-madres\/#primaryimage"},"thumbnailUrl":"https:\/\/www.missoeshumanitarias.org\/wp-content\/uploads\/2021\/08\/missao_roraima_pacaraima_dia_maes.jpg","datePublished":"2018-07-02T20:01:55+00:00","dateModified":"2018-07-02T20:01:55+00:00","breadcrumb":{"@id":"https:\/\/www.missoeshumanitarias.org\/es\/mision-roraima-humanitaria-dia-de-las-madres\/#breadcrumb"},"inLanguage":"es","potentialAction":[{"@type":"ReadAction","target":["https:\/\/www.missoeshumanitarias.org\/es\/mision-roraima-humanitaria-dia-de-las-madres\/"]}]},{"@type":"ImageObject","inLanguage":"es","@id":"https:\/\/www.missoeshumanitarias.org\/es\/mision-roraima-humanitaria-dia-de-las-madres\/#primaryimage","url":"https:\/\/www.missoeshumanitarias.org\/wp-content\/uploads\/2021\/08\/missao_roraima_pacaraima_dia_maes.jpg","contentUrl":"https:\/\/www.missoeshumanitarias.org\/wp-content\/uploads\/2021\/08\/missao_roraima_pacaraima_dia_maes.jpg","width":690,"height":388},{"@type":"BreadcrumbList","@id":"https:\/\/www.missoeshumanitarias.org\/es\/mision-roraima-humanitaria-dia-de-las-madres\/#breadcrumb","itemListElement":[{"@type":"ListItem","position":1,"name":"Home","item":"https:\/\/www.missoeshumanitarias.org\/en\/"},{"@type":"ListItem","position":2,"name":"Misi\u00f3n Roraima Humanitaria &#8211; D\u00eda de las Madres"}]},{"@type":"WebSite","@id":"https:\/\/www.missoeshumanitarias.org\/es\/#website","url":"https:\/\/www.missoeshumanitarias.org\/es\/","name":"Fraternidade Miss\u00f5es Humanit\u00e1rias Internacionais","description":"Respostas Humanit\u00e1rias e Emerg\u00eancias","publisher":{"@id":"https:\/\/www.missoeshumanitarias.org\/es\/#organization"},"potentialAction":[{"@type":"SearchAction","target":{"@type":"EntryPoint","urlTemplate":"https:\/\/www.missoeshumanitarias.org\/es\/?s={search_term_string}"},"query-input":"required name=search_term_string"}],"inLanguage":"es"},{"@type":"Organization","@id":"https:\/\/www.missoeshumanitarias.org\/es\/#organization","name":"Fraternidade - Miss\u00f5es Humanit\u00e1rias Internacionais","url":"https:\/\/www.missoeshumanitarias.org\/es\/","logo":{"@type":"ImageObject","inLanguage":"es","@id":"https:\/\/www.missoeshumanitarias.org\/es\/#\/schema\/logo\/image\/","url":"https:\/\/www.missoeshumanitarias.org\/wp-content\/uploads\/2020\/05\/logo-FMHI-mg.png","contentUrl":"https:\/\/www.missoeshumanitarias.org\/wp-content\/uploads\/2020\/05\/logo-FMHI-mg.png","width":520,"height":134,"caption":"Fraternidade - Miss\u00f5es Humanit\u00e1rias Internacionais"},"image":{"@id":"https:\/\/www.missoeshumanitarias.org\/es\/#\/schema\/logo\/image\/"}},{"@type":"Person","@id":"https:\/\/www.missoeshumanitarias.org\/es\/#\/schema\/person\/e0f8527323154d1eba9f9d9eb6b401f7","name":"maducato_admin","image":{"@type":"ImageObject","inLanguage":"es","@id":"https:\/\/www.missoeshumanitarias.org\/es\/#\/schema\/person\/image\/","url":"https:\/\/secure.gravatar.com\/avatar\/6c3b45186a8f5a459d8e14c7fca370bceae92402bc06171d75e4e559b6c24393?s=96&d=mm&r=g","contentUrl":"https:\/\/secure.gravatar.com\/avatar\/6c3b45186a8f5a459d8e14c7fca370bceae92402bc06171d75e4e559b6c24393?s=96&d=mm&r=g","caption":"maducato_admin"}}]}},"_links":{"self":[{"href":"https:\/\/www.missoeshumanitarias.org\/es\/wp-json\/wp\/v2\/posts\/131858","targetHints":{"allow":["GET"]}}],"collection":[{"href":"https:\/\/www.missoeshumanitarias.org\/es\/wp-json\/wp\/v2\/posts"}],"about":[{"href":"https:\/\/www.missoeshumanitarias.org\/es\/wp-json\/wp\/v2\/types\/post"}],"author":[{"embeddable":true,"href":"https:\/\/www.missoeshumanitarias.org\/es\/wp-json\/wp\/v2\/users\/1"}],"replies":[{"embeddable":true,"href":"https:\/\/www.missoeshumanitarias.org\/es\/wp-json\/wp\/v2\/comments?post=131858"}],"version-history":[{"count":0,"href":"https:\/\/www.missoeshumanitarias.org\/es\/wp-json\/wp\/v2\/posts\/131858\/revisions"}],"wp:featuredmedia":[{"embeddable":true,"href":"https:\/\/www.missoeshumanitarias.org\/es\/wp-json\/wp\/v2\/media\/127940"}],"wp:attachment":[{"href":"https:\/\/www.missoeshumanitarias.org\/es\/wp-json\/wp\/v2\/media?parent=131858"}],"wp:term":[{"taxonomy":"category","embeddable":true,"href":"https:\/\/www.missoeshumanitarias.org\/es\/wp-json\/wp\/v2\/categories?post=131858"},{"taxonomy":"post_tag","embeddable":true,"href":"https:\/\/www.missoeshumanitarias.org\/es\/wp-json\/wp\/v2\/tags?post=131858"}],"curies":[{"name":"wp","href":"https:\/\/api.w.org\/{rel}","templated":true}]}}