{"id":131865,"date":"2018-10-13T04:53:15","date_gmt":"2018-10-13T07:53:15","guid":{"rendered":"https:\/\/www.missoeshumanitarias.org\/comenzo-la-mision-colombia-humanitaria-realizada-por-la-fraternidade\/"},"modified":"2018-10-13T04:53:15","modified_gmt":"2018-10-13T07:53:15","slug":"comenzo-la-mision-colombia-humanitaria-realizada-por-la-fraternidade","status":"publish","type":"post","link":"https:\/\/www.missoeshumanitarias.org\/es\/comenzo-la-mision-colombia-humanitaria-realizada-por-la-fraternidade\/","title":{"rendered":"Comenz\u00f3 la Misi\u00f3n Colombia Humanitaria realizada por la Fraternidade"},"content":{"rendered":"<p style=\"text-align: justify;\">La <strong>Fraternidade \u2013 Federaci\u00f3n Humanitaria Internacional (FFHI) <\/strong>dio inicio a su 21.\u00aa <a href=\"http:\/\/www.fraterinternacional.org\/es\/misiones-humanitarias\/\">Misi\u00f3n Humanitaria<\/a>: la <a href=\"https:\/\/www.fraterinternacional.org\/es\/campanhas-ffhi\/mision-colombia-humanitaria\/\">Misi\u00f3n Colombia Humanitaria<\/a>. La misma se desarrolla en la ciudad colombiana de C\u00facuta, en la frontera con Venezuela.<\/p>\n<figure id=\"attachment_90620\" aria-describedby=\"caption-attachment-90620\" style=\"width: 300px\" class=\"wp-caption alignright\"><a href=\"https:\/\/www.fraterinternacional.org\/wp-content\/uploads\/2018\/10\/missao_colombia_humanitaria_cucuta_criancas.jpg\"><img fetchpriority=\"high\" decoding=\"async\" class=\"wp-image-90620 size-medium\" src=\"https:\/\/www.missoeshumanitarias.org\/wp-content\/uploads\/2021\/08\/missao_colombia_humanitaria_cucuta_criancas-300x169-1.jpg\" alt=\"\" width=\"300\" height=\"169\" \/><\/a><figcaption id=\"caption-attachment-90620\" class=\"wp-caption-text\">Actividad con ni\u00f1os en C\u00facuta<\/figcaption><\/figure>\n<p style=\"text-align: justify;\">Tiene por objetivo crear, poco a poco, un espacio permanente de ayuda humanitaria para aliviar el sufrimiento de los venezolanos que salen de su pa\u00eds, en busca de mejores condiciones de vida y de los colombianos desplazados de sus hogares por la amenaza guerrillera.<\/p>\n<p style=\"text-align: justify;\">Un total de 15 misioneros comenzaron las actividades el jueves, 11 de octubre de 2018. En una primera etapa, la Misi\u00f3n Colombia Humanitaria atender\u00e1 a ni\u00f1os venezolanos y colombianos, apoyando la labor humanitaria de un religioso cat\u00f3lico de la Congregaci\u00f3n Scalabriniana.<\/p>\n<p style=\"text-align: justify;\">Asimismo, ir\u00e1 articulando una estructura de operaciones para poder cumplir con sus objetivos en territorio colombiano. En ese marco, iniciar\u00e1 contactos con organismos p\u00fablicos de Colombia y con organizaciones que se encuentren prestando asistencia humanitaria en la zona.<\/p>\n<h3 style=\"text-align: center;\">Crear consciencia<\/h3>\n<p style=\"text-align: justify;\">La Misi\u00f3n Colombia Humanitaria busca fortalecer la cooperaci\u00f3n de los propios colombianos, promoviendo la consciencia sobre la importancia de asumir el servicio humanitario de ayuda al semejante.<\/p>\n<figure id=\"attachment_73178\" aria-describedby=\"caption-attachment-73178\" style=\"width: 300px\" class=\"wp-caption alignleft\"><a href=\"https:\/\/www.fraterinternacional.org\/wp-content\/uploads\/2018\/01\/roraima_missao_boavista_lavagem_maos_12_2017.jpg\"><img decoding=\"async\" class=\"size-medium wp-image-73178\" src=\"https:\/\/www.missoeshumanitarias.org\/wp-content\/uploads\/2021\/08\/roraima_missao_boavista_lavagem_maos_12_2017-300x225-1.jpg\" alt=\"\" width=\"300\" height=\"225\" \/><\/a><figcaption id=\"caption-attachment-73178\" class=\"wp-caption-text\">Misi\u00f3n Roraima: Albergue ind\u00edgena<\/figcaption><\/figure>\n<p style=\"text-align: justify;\">Se realiza en C\u00facuta, una ciudad de 650.000 habitantes ubicada al nororiente de Colombia, frente a la ciudad de San Antonio, Venezuela, a la cual est\u00e1 vinculada por el puente internacional Sim\u00f3n Bol\u00edvar. Es el principal punto de entrada de los migrantes venezolanos al territorio colombiano.<\/p>\n<p style=\"text-align: justify;\">La Misi\u00f3n Colombia Humanitaria es el segundo emprendimiento de la <strong>Fraternidade \u2013 Federaci\u00f3n Humanitaria Internacional<\/strong> que busca atender la crisis migratoria venezolana.<\/p>\n<p style=\"text-align: justify;\">La primera, la <a href=\"http:\/\/www.fraterinternacional.org\/es\/campanhas-ffhi\/mision-roraima-humanitaria\/\">Misi\u00f3n Roraima Humanitaria<\/a>, empez\u00f3 hace dos a\u00f1os en el estado brasile\u00f1o de Roraima, lim\u00edtrofe con Venezuela. En ese lapso se expandi\u00f3 a dos ciudades: Boa Vista y Pacaraima, y concret\u00f3 acuerdos con dos divisiones de la ONU (Organizaci\u00f3n de Naciones Unidas): la oficina para refugiados ACNUR y la oficina para la infancia Unicef.<\/p>\n<h3 style=\"text-align: center;\">Testimonios<\/h3>\n<p style=\"text-align: justify;\">El grupo inicial est\u00e1 conformado por misioneros matrices de la <strong>FFHI<\/strong>, miembros de la <a href=\"http:\/\/www.fraterinternacional.org\/es\/red-luz\/\">Red-Luz<\/a> de Colombia, monjes de la <a href=\"http:\/\/www.fraterinternacional.org\/es\/orden-gracia-misericordia\/\">Orden Gracia Misericordia<\/a> y voluntarios de diversos pa\u00edses. Algunos de ellos dejaron sus impresiones antes de partir del Brasil, pa\u00eds donde se encuentra la sede central de la <strong>Fraternidade<\/strong>, para sumarse a los voluntarios colombianos.<\/p>\n<figure id=\"attachment_90613\" aria-describedby=\"caption-attachment-90613\" style=\"width: 300px\" class=\"wp-caption alignright\"><a href=\"https:\/\/www.fraterinternacional.org\/wp-content\/uploads\/2018\/10\/mision_colombia_humanitaria_partida_01.jpg\"><img decoding=\"async\" class=\"wp-image-90613 size-medium\" src=\"https:\/\/www.missoeshumanitarias.org\/wp-content\/uploads\/2021\/08\/mision_colombia_humanitaria_partida_01-300x169-1.jpg\" alt=\"\" width=\"300\" height=\"169\" \/><\/a><figcaption id=\"caption-attachment-90613\" class=\"wp-caption-text\">Misioneros en el aeropuerto de San Pablo<\/figcaption><\/figure>\n<p style=\"text-align: justify;\">\u201cSe me present\u00f3 la oportunidad de ayudar en un lugar donde es necesario y se est\u00e1n dando todas las condiciones para poder hacerlo. Pretendo contribuir en todo lo que se pueda. Intentar generar un impacto positivo y al mismo tiempo aprender, porque ayudamos hasta cierto punto pero principalmente somos ayudados, es un servicio de ida y vuelta\u201d, dijo Esteban Troncoso, voluntario chileno, de 23 a\u00f1os de edad.<\/p>\n<p style=\"text-align: justify;\">\u201cSer\u00e1 una oportunidad para vivir el Amor, con may\u00fasculas. Amor por la vida. Amor a todos los seres. El servir al otro. Y con esa experiencia, aprender y crecer, principalmente en lo espiritual\u201d, destac\u00f3 Jos\u00e9 Luis Fuentes, colaborador de la <a href=\"https:\/\/juventudepelapaz.org\/es\/\" target=\"_blank\" rel=\"noopener\">Campa\u00f1a de la Juventud por la Paz<\/a>, en Buenos Aires, Argentina.<\/p>\n<p style=\"text-align: justify;\">\u201cEs la primera vez que participo de una Misi\u00f3n Humanitaria y para m\u00ed representa la posibilidad de colaborar con un granito de arena\u201d, dijo Emael, un voluntario colombiano, con varios a\u00f1os de residencia en el Brasil. El mismo es colaborador de la <a href=\"https:\/\/mensajerosdivinos.org\/es\/asociacion-maria\" target=\"_blank\" rel=\"noopener\">Asociaci\u00f3n Mar\u00eda<\/a> y de la <a href=\"http:\/\/www.comunidadefigueira.org.br\/portal\/es\/\" target=\"_blank\" rel=\"noopener\">Comunidad-Luz Figueira<\/a>.<\/p>\n<h3 style=\"text-align: center;\">La Misi\u00f3n Colombia Humanitaria necesita del apoyo de todos.<\/h3>\n<h3 style=\"text-align: center;\">Para saber como colaborar, haga clic<\/h3>\n<h3 style=\"text-align: center;\"><a href=\"https:\/\/www.fraterinternacional.org\/es\/campanhas-ffhi\/mision-colombia-humanitaria\/\"><strong>AQUI<\/strong><\/a><\/h3>\n<h3 style=\"text-align: center;\">Tambi\u00e9n puede obtener m\u00e1s informaciones en:<\/h3>\n<h3 style=\"text-align: center;\">Tel\u00e9fono: (+55) (35) 3225-1233<\/h3>\n<h3 style=\"text-align: center;\">secretaria@fraterinternacional.org<\/h3>\n<p>&nbsp;<\/p>\n<h3 style=\"text-align: center;\"><\/h3>\n","protected":false},"excerpt":{"rendered":"<p>La Fraternidade \u2013 Federaci\u00f3n Humanitaria Internacional (FFHI) dio inicio a su 21.\u00aa Misi\u00f3n Humanitaria: la Misi\u00f3n Colombia Humanitaria. La misma se desarrolla en la ciudad colombiana de C\u00facuta, en la frontera con Venezuela. Tiene por objetivo crear, poco a poco, un espacio permanente de ayuda humanitaria para aliviar el sufrimiento de los venezolanos que salen [&hellip;]<\/p>\n","protected":false},"author":1,"featured_media":128120,"comment_status":"open","ping_status":"open","sticky":false,"template":"","format":"standard","meta":{"footnotes":""},"categories":[43,131],"tags":[],"class_list":["post-131865","post","type-post","status-publish","format-standard","has-post-thumbnail","hentry","category-noticias-es","category-noticias-de-las-misiones"],"featured_image_src":"https:\/\/www.missoeshumanitarias.org\/wp-content\/uploads\/2021\/08\/missao_colombia_humanitaria_cucuta_criancas.jpg","author_info":{"display_name":"maducato_admin","author_link":"https:\/\/www.missoeshumanitarias.org\/es\/author\/maducato_admin\/"},"yoast_head":"<!-- This site is optimized with the Yoast SEO Premium plugin v22.5 (Yoast SEO v22.5) - https:\/\/yoast.com\/wordpress\/plugins\/seo\/ -->\n<title>Comenz\u00f3 la Misi\u00f3n Colombia Humanitaria realizada por la Fraternidade - Fraternidade Miss\u00f5es Humanit\u00e1rias Internacionais<\/title>\n<meta name=\"robots\" content=\"index, follow, max-snippet:-1, max-image-preview:large, max-video-preview:-1\" \/>\n<link rel=\"canonical\" href=\"https:\/\/www.missoeshumanitarias.org\/es\/comenzo-la-mision-colombia-humanitaria-realizada-por-la-fraternidade\/\" \/>\n<meta property=\"og:locale\" content=\"es_ES\" \/>\n<meta property=\"og:type\" content=\"article\" \/>\n<meta property=\"og:title\" content=\"Comenz\u00f3 la Misi\u00f3n Colombia Humanitaria realizada por la Fraternidade\" \/>\n<meta property=\"og:description\" content=\"La Fraternidade \u2013 Federaci\u00f3n Humanitaria Internacional (FFHI) dio inicio a su 21.\u00aa Misi\u00f3n Humanitaria: la Misi\u00f3n Colombia Humanitaria. La misma se desarrolla en la ciudad colombiana de C\u00facuta, en la frontera con Venezuela. Tiene por objetivo crear, poco a poco, un espacio permanente de ayuda humanitaria para aliviar el sufrimiento de los venezolanos que salen [&hellip;]\" \/>\n<meta property=\"og:url\" content=\"https:\/\/www.missoeshumanitarias.org\/es\/comenzo-la-mision-colombia-humanitaria-realizada-por-la-fraternidade\/\" \/>\n<meta property=\"og:site_name\" content=\"Fraternidade Miss\u00f5es Humanit\u00e1rias Internacionais\" \/>\n<meta property=\"article:published_time\" content=\"2018-10-13T07:53:15+00:00\" \/>\n<meta property=\"og:image\" content=\"https:\/\/www.missoeshumanitarias.org\/wp-content\/uploads\/2021\/08\/missao_colombia_humanitaria_cucuta_criancas.jpg\" \/>\n\t<meta property=\"og:image:width\" content=\"690\" \/>\n\t<meta property=\"og:image:height\" content=\"388\" \/>\n\t<meta property=\"og:image:type\" content=\"image\/jpeg\" \/>\n<meta name=\"author\" content=\"maducato_admin\" \/>\n<meta name=\"twitter:card\" content=\"summary_large_image\" \/>\n<meta name=\"twitter:label1\" content=\"Escrito por\" \/>\n\t<meta name=\"twitter:data1\" content=\"maducato_admin\" \/>\n\t<meta name=\"twitter:label2\" content=\"Tiempo de lectura\" \/>\n\t<meta name=\"twitter:data2\" content=\"3 minutos\" \/>\n<script type=\"application\/ld+json\" class=\"yoast-schema-graph\">{\"@context\":\"https:\/\/schema.org\",\"@graph\":[{\"@type\":\"Article\",\"@id\":\"https:\/\/www.missoeshumanitarias.org\/es\/comenzo-la-mision-colombia-humanitaria-realizada-por-la-fraternidade\/#article\",\"isPartOf\":{\"@id\":\"https:\/\/www.missoeshumanitarias.org\/es\/comenzo-la-mision-colombia-humanitaria-realizada-por-la-fraternidade\/\"},\"author\":{\"name\":\"maducato_admin\",\"@id\":\"https:\/\/www.missoeshumanitarias.org\/es\/#\/schema\/person\/e0f8527323154d1eba9f9d9eb6b401f7\"},\"headline\":\"Comenz\u00f3 la Misi\u00f3n Colombia Humanitaria realizada por la Fraternidade\",\"datePublished\":\"2018-10-13T07:53:15+00:00\",\"dateModified\":\"2018-10-13T07:53:15+00:00\",\"mainEntityOfPage\":{\"@id\":\"https:\/\/www.missoeshumanitarias.org\/es\/comenzo-la-mision-colombia-humanitaria-realizada-por-la-fraternidade\/\"},\"wordCount\":639,\"commentCount\":0,\"publisher\":{\"@id\":\"https:\/\/www.missoeshumanitarias.org\/es\/#organization\"},\"image\":{\"@id\":\"https:\/\/www.missoeshumanitarias.org\/es\/comenzo-la-mision-colombia-humanitaria-realizada-por-la-fraternidade\/#primaryimage\"},\"thumbnailUrl\":\"https:\/\/www.missoeshumanitarias.org\/wp-content\/uploads\/2021\/08\/missao_colombia_humanitaria_cucuta_criancas.jpg\",\"articleSection\":[\"Noticias\",\"Noticias de las Misiones\"],\"inLanguage\":\"es\",\"potentialAction\":[{\"@type\":\"CommentAction\",\"name\":\"Comment\",\"target\":[\"https:\/\/www.missoeshumanitarias.org\/es\/comenzo-la-mision-colombia-humanitaria-realizada-por-la-fraternidade\/#respond\"]}]},{\"@type\":\"WebPage\",\"@id\":\"https:\/\/www.missoeshumanitarias.org\/es\/comenzo-la-mision-colombia-humanitaria-realizada-por-la-fraternidade\/\",\"url\":\"https:\/\/www.missoeshumanitarias.org\/es\/comenzo-la-mision-colombia-humanitaria-realizada-por-la-fraternidade\/\",\"name\":\"Comenz\u00f3 la Misi\u00f3n Colombia Humanitaria realizada por la Fraternidade - Fraternidade Miss\u00f5es Humanit\u00e1rias Internacionais\",\"isPartOf\":{\"@id\":\"https:\/\/www.missoeshumanitarias.org\/es\/#website\"},\"primaryImageOfPage\":{\"@id\":\"https:\/\/www.missoeshumanitarias.org\/es\/comenzo-la-mision-colombia-humanitaria-realizada-por-la-fraternidade\/#primaryimage\"},\"image\":{\"@id\":\"https:\/\/www.missoeshumanitarias.org\/es\/comenzo-la-mision-colombia-humanitaria-realizada-por-la-fraternidade\/#primaryimage\"},\"thumbnailUrl\":\"https:\/\/www.missoeshumanitarias.org\/wp-content\/uploads\/2021\/08\/missao_colombia_humanitaria_cucuta_criancas.jpg\",\"datePublished\":\"2018-10-13T07:53:15+00:00\",\"dateModified\":\"2018-10-13T07:53:15+00:00\",\"breadcrumb\":{\"@id\":\"https:\/\/www.missoeshumanitarias.org\/es\/comenzo-la-mision-colombia-humanitaria-realizada-por-la-fraternidade\/#breadcrumb\"},\"inLanguage\":\"es\",\"potentialAction\":[{\"@type\":\"ReadAction\",\"target\":[\"https:\/\/www.missoeshumanitarias.org\/es\/comenzo-la-mision-colombia-humanitaria-realizada-por-la-fraternidade\/\"]}]},{\"@type\":\"ImageObject\",\"inLanguage\":\"es\",\"@id\":\"https:\/\/www.missoeshumanitarias.org\/es\/comenzo-la-mision-colombia-humanitaria-realizada-por-la-fraternidade\/#primaryimage\",\"url\":\"https:\/\/www.missoeshumanitarias.org\/wp-content\/uploads\/2021\/08\/missao_colombia_humanitaria_cucuta_criancas.jpg\",\"contentUrl\":\"https:\/\/www.missoeshumanitarias.org\/wp-content\/uploads\/2021\/08\/missao_colombia_humanitaria_cucuta_criancas.jpg\",\"width\":690,\"height\":388},{\"@type\":\"BreadcrumbList\",\"@id\":\"https:\/\/www.missoeshumanitarias.org\/es\/comenzo-la-mision-colombia-humanitaria-realizada-por-la-fraternidade\/#breadcrumb\",\"itemListElement\":[{\"@type\":\"ListItem\",\"position\":1,\"name\":\"Home\",\"item\":\"https:\/\/www.missoeshumanitarias.org\/en\/\"},{\"@type\":\"ListItem\",\"position\":2,\"name\":\"Comenz\u00f3 la Misi\u00f3n Colombia Humanitaria realizada por la Fraternidade\"}]},{\"@type\":\"WebSite\",\"@id\":\"https:\/\/www.missoeshumanitarias.org\/es\/#website\",\"url\":\"https:\/\/www.missoeshumanitarias.org\/es\/\",\"name\":\"Fraternidade Miss\u00f5es Humanit\u00e1rias Internacionais\",\"description\":\"Respostas Humanit\u00e1rias e Emerg\u00eancias\",\"publisher\":{\"@id\":\"https:\/\/www.missoeshumanitarias.org\/es\/#organization\"},\"potentialAction\":[{\"@type\":\"SearchAction\",\"target\":{\"@type\":\"EntryPoint\",\"urlTemplate\":\"https:\/\/www.missoeshumanitarias.org\/es\/?s={search_term_string}\"},\"query-input\":\"required name=search_term_string\"}],\"inLanguage\":\"es\"},{\"@type\":\"Organization\",\"@id\":\"https:\/\/www.missoeshumanitarias.org\/es\/#organization\",\"name\":\"Fraternidade - Miss\u00f5es Humanit\u00e1rias Internacionais\",\"url\":\"https:\/\/www.missoeshumanitarias.org\/es\/\",\"logo\":{\"@type\":\"ImageObject\",\"inLanguage\":\"es\",\"@id\":\"https:\/\/www.missoeshumanitarias.org\/es\/#\/schema\/logo\/image\/\",\"url\":\"https:\/\/www.missoeshumanitarias.org\/wp-content\/uploads\/2020\/05\/logo-FMHI-mg.png\",\"contentUrl\":\"https:\/\/www.missoeshumanitarias.org\/wp-content\/uploads\/2020\/05\/logo-FMHI-mg.png\",\"width\":520,\"height\":134,\"caption\":\"Fraternidade - Miss\u00f5es Humanit\u00e1rias Internacionais\"},\"image\":{\"@id\":\"https:\/\/www.missoeshumanitarias.org\/es\/#\/schema\/logo\/image\/\"}},{\"@type\":\"Person\",\"@id\":\"https:\/\/www.missoeshumanitarias.org\/es\/#\/schema\/person\/e0f8527323154d1eba9f9d9eb6b401f7\",\"name\":\"maducato_admin\",\"image\":{\"@type\":\"ImageObject\",\"inLanguage\":\"es\",\"@id\":\"https:\/\/www.missoeshumanitarias.org\/es\/#\/schema\/person\/image\/\",\"url\":\"https:\/\/secure.gravatar.com\/avatar\/6c3b45186a8f5a459d8e14c7fca370bceae92402bc06171d75e4e559b6c24393?s=96&d=mm&r=g\",\"contentUrl\":\"https:\/\/secure.gravatar.com\/avatar\/6c3b45186a8f5a459d8e14c7fca370bceae92402bc06171d75e4e559b6c24393?s=96&d=mm&r=g\",\"caption\":\"maducato_admin\"}}]}<\/script>\n<!-- \/ Yoast SEO Premium plugin. -->","yoast_head_json":{"title":"Comenz\u00f3 la Misi\u00f3n Colombia Humanitaria realizada por la Fraternidade - Fraternidade Miss\u00f5es Humanit\u00e1rias Internacionais","robots":{"index":"index","follow":"follow","max-snippet":"max-snippet:-1","max-image-preview":"max-image-preview:large","max-video-preview":"max-video-preview:-1"},"canonical":"https:\/\/www.missoeshumanitarias.org\/es\/comenzo-la-mision-colombia-humanitaria-realizada-por-la-fraternidade\/","og_locale":"es_ES","og_type":"article","og_title":"Comenz\u00f3 la Misi\u00f3n Colombia Humanitaria realizada por la Fraternidade","og_description":"La Fraternidade \u2013 Federaci\u00f3n Humanitaria Internacional (FFHI) dio inicio a su 21.\u00aa Misi\u00f3n Humanitaria: la Misi\u00f3n Colombia Humanitaria. La misma se desarrolla en la ciudad colombiana de C\u00facuta, en la frontera con Venezuela. Tiene por objetivo crear, poco a poco, un espacio permanente de ayuda humanitaria para aliviar el sufrimiento de los venezolanos que salen [&hellip;]","og_url":"https:\/\/www.missoeshumanitarias.org\/es\/comenzo-la-mision-colombia-humanitaria-realizada-por-la-fraternidade\/","og_site_name":"Fraternidade Miss\u00f5es Humanit\u00e1rias Internacionais","article_published_time":"2018-10-13T07:53:15+00:00","og_image":[{"width":690,"height":388,"url":"https:\/\/www.missoeshumanitarias.org\/wp-content\/uploads\/2021\/08\/missao_colombia_humanitaria_cucuta_criancas.jpg","type":"image\/jpeg"}],"author":"maducato_admin","twitter_card":"summary_large_image","twitter_misc":{"Escrito por":"maducato_admin","Tiempo de lectura":"3 minutos"},"schema":{"@context":"https:\/\/schema.org","@graph":[{"@type":"Article","@id":"https:\/\/www.missoeshumanitarias.org\/es\/comenzo-la-mision-colombia-humanitaria-realizada-por-la-fraternidade\/#article","isPartOf":{"@id":"https:\/\/www.missoeshumanitarias.org\/es\/comenzo-la-mision-colombia-humanitaria-realizada-por-la-fraternidade\/"},"author":{"name":"maducato_admin","@id":"https:\/\/www.missoeshumanitarias.org\/es\/#\/schema\/person\/e0f8527323154d1eba9f9d9eb6b401f7"},"headline":"Comenz\u00f3 la Misi\u00f3n Colombia Humanitaria realizada por la Fraternidade","datePublished":"2018-10-13T07:53:15+00:00","dateModified":"2018-10-13T07:53:15+00:00","mainEntityOfPage":{"@id":"https:\/\/www.missoeshumanitarias.org\/es\/comenzo-la-mision-colombia-humanitaria-realizada-por-la-fraternidade\/"},"wordCount":639,"commentCount":0,"publisher":{"@id":"https:\/\/www.missoeshumanitarias.org\/es\/#organization"},"image":{"@id":"https:\/\/www.missoeshumanitarias.org\/es\/comenzo-la-mision-colombia-humanitaria-realizada-por-la-fraternidade\/#primaryimage"},"thumbnailUrl":"https:\/\/www.missoeshumanitarias.org\/wp-content\/uploads\/2021\/08\/missao_colombia_humanitaria_cucuta_criancas.jpg","articleSection":["Noticias","Noticias de las Misiones"],"inLanguage":"es","potentialAction":[{"@type":"CommentAction","name":"Comment","target":["https:\/\/www.missoeshumanitarias.org\/es\/comenzo-la-mision-colombia-humanitaria-realizada-por-la-fraternidade\/#respond"]}]},{"@type":"WebPage","@id":"https:\/\/www.missoeshumanitarias.org\/es\/comenzo-la-mision-colombia-humanitaria-realizada-por-la-fraternidade\/","url":"https:\/\/www.missoeshumanitarias.org\/es\/comenzo-la-mision-colombia-humanitaria-realizada-por-la-fraternidade\/","name":"Comenz\u00f3 la Misi\u00f3n Colombia Humanitaria realizada por la Fraternidade - Fraternidade Miss\u00f5es Humanit\u00e1rias Internacionais","isPartOf":{"@id":"https:\/\/www.missoeshumanitarias.org\/es\/#website"},"primaryImageOfPage":{"@id":"https:\/\/www.missoeshumanitarias.org\/es\/comenzo-la-mision-colombia-humanitaria-realizada-por-la-fraternidade\/#primaryimage"},"image":{"@id":"https:\/\/www.missoeshumanitarias.org\/es\/comenzo-la-mision-colombia-humanitaria-realizada-por-la-fraternidade\/#primaryimage"},"thumbnailUrl":"https:\/\/www.missoeshumanitarias.org\/wp-content\/uploads\/2021\/08\/missao_colombia_humanitaria_cucuta_criancas.jpg","datePublished":"2018-10-13T07:53:15+00:00","dateModified":"2018-10-13T07:53:15+00:00","breadcrumb":{"@id":"https:\/\/www.missoeshumanitarias.org\/es\/comenzo-la-mision-colombia-humanitaria-realizada-por-la-fraternidade\/#breadcrumb"},"inLanguage":"es","potentialAction":[{"@type":"ReadAction","target":["https:\/\/www.missoeshumanitarias.org\/es\/comenzo-la-mision-colombia-humanitaria-realizada-por-la-fraternidade\/"]}]},{"@type":"ImageObject","inLanguage":"es","@id":"https:\/\/www.missoeshumanitarias.org\/es\/comenzo-la-mision-colombia-humanitaria-realizada-por-la-fraternidade\/#primaryimage","url":"https:\/\/www.missoeshumanitarias.org\/wp-content\/uploads\/2021\/08\/missao_colombia_humanitaria_cucuta_criancas.jpg","contentUrl":"https:\/\/www.missoeshumanitarias.org\/wp-content\/uploads\/2021\/08\/missao_colombia_humanitaria_cucuta_criancas.jpg","width":690,"height":388},{"@type":"BreadcrumbList","@id":"https:\/\/www.missoeshumanitarias.org\/es\/comenzo-la-mision-colombia-humanitaria-realizada-por-la-fraternidade\/#breadcrumb","itemListElement":[{"@type":"ListItem","position":1,"name":"Home","item":"https:\/\/www.missoeshumanitarias.org\/en\/"},{"@type":"ListItem","position":2,"name":"Comenz\u00f3 la Misi\u00f3n Colombia Humanitaria realizada por la Fraternidade"}]},{"@type":"WebSite","@id":"https:\/\/www.missoeshumanitarias.org\/es\/#website","url":"https:\/\/www.missoeshumanitarias.org\/es\/","name":"Fraternidade Miss\u00f5es Humanit\u00e1rias Internacionais","description":"Respostas Humanit\u00e1rias e Emerg\u00eancias","publisher":{"@id":"https:\/\/www.missoeshumanitarias.org\/es\/#organization"},"potentialAction":[{"@type":"SearchAction","target":{"@type":"EntryPoint","urlTemplate":"https:\/\/www.missoeshumanitarias.org\/es\/?s={search_term_string}"},"query-input":"required name=search_term_string"}],"inLanguage":"es"},{"@type":"Organization","@id":"https:\/\/www.missoeshumanitarias.org\/es\/#organization","name":"Fraternidade - Miss\u00f5es Humanit\u00e1rias Internacionais","url":"https:\/\/www.missoeshumanitarias.org\/es\/","logo":{"@type":"ImageObject","inLanguage":"es","@id":"https:\/\/www.missoeshumanitarias.org\/es\/#\/schema\/logo\/image\/","url":"https:\/\/www.missoeshumanitarias.org\/wp-content\/uploads\/2020\/05\/logo-FMHI-mg.png","contentUrl":"https:\/\/www.missoeshumanitarias.org\/wp-content\/uploads\/2020\/05\/logo-FMHI-mg.png","width":520,"height":134,"caption":"Fraternidade - Miss\u00f5es Humanit\u00e1rias Internacionais"},"image":{"@id":"https:\/\/www.missoeshumanitarias.org\/es\/#\/schema\/logo\/image\/"}},{"@type":"Person","@id":"https:\/\/www.missoeshumanitarias.org\/es\/#\/schema\/person\/e0f8527323154d1eba9f9d9eb6b401f7","name":"maducato_admin","image":{"@type":"ImageObject","inLanguage":"es","@id":"https:\/\/www.missoeshumanitarias.org\/es\/#\/schema\/person\/image\/","url":"https:\/\/secure.gravatar.com\/avatar\/6c3b45186a8f5a459d8e14c7fca370bceae92402bc06171d75e4e559b6c24393?s=96&d=mm&r=g","contentUrl":"https:\/\/secure.gravatar.com\/avatar\/6c3b45186a8f5a459d8e14c7fca370bceae92402bc06171d75e4e559b6c24393?s=96&d=mm&r=g","caption":"maducato_admin"}}]}},"_links":{"self":[{"href":"https:\/\/www.missoeshumanitarias.org\/es\/wp-json\/wp\/v2\/posts\/131865","targetHints":{"allow":["GET"]}}],"collection":[{"href":"https:\/\/www.missoeshumanitarias.org\/es\/wp-json\/wp\/v2\/posts"}],"about":[{"href":"https:\/\/www.missoeshumanitarias.org\/es\/wp-json\/wp\/v2\/types\/post"}],"author":[{"embeddable":true,"href":"https:\/\/www.missoeshumanitarias.org\/es\/wp-json\/wp\/v2\/users\/1"}],"replies":[{"embeddable":true,"href":"https:\/\/www.missoeshumanitarias.org\/es\/wp-json\/wp\/v2\/comments?post=131865"}],"version-history":[{"count":0,"href":"https:\/\/www.missoeshumanitarias.org\/es\/wp-json\/wp\/v2\/posts\/131865\/revisions"}],"wp:featuredmedia":[{"embeddable":true,"href":"https:\/\/www.missoeshumanitarias.org\/es\/wp-json\/wp\/v2\/media\/128120"}],"wp:attachment":[{"href":"https:\/\/www.missoeshumanitarias.org\/es\/wp-json\/wp\/v2\/media?parent=131865"}],"wp:term":[{"taxonomy":"category","embeddable":true,"href":"https:\/\/www.missoeshumanitarias.org\/es\/wp-json\/wp\/v2\/categories?post=131865"},{"taxonomy":"post_tag","embeddable":true,"href":"https:\/\/www.missoeshumanitarias.org\/es\/wp-json\/wp\/v2\/tags?post=131865"}],"curies":[{"name":"wp","href":"https:\/\/api.w.org\/{rel}","templated":true}]}}