{"id":131866,"date":"2018-10-20T16:34:52","date_gmt":"2018-10-20T19:34:52","guid":{"rendered":"https:\/\/www.missoeshumanitarias.org\/la-mision-colombia-humanitaria-comenzo-a-ayudar-a-los-caminantes-venezolanos\/"},"modified":"2018-10-20T16:34:52","modified_gmt":"2018-10-20T19:34:52","slug":"la-mision-colombia-humanitaria-comenzo-a-ayudar-a-los-caminantes-venezolanos","status":"publish","type":"post","link":"https:\/\/www.missoeshumanitarias.org\/es\/la-mision-colombia-humanitaria-comenzo-a-ayudar-a-los-caminantes-venezolanos\/","title":{"rendered":"La Misi\u00f3n Colombia Humanitaria comenz\u00f3 a ayudar a los caminantes venezolanos"},"content":{"rendered":"<p style=\"text-align: justify;\">Muchos venezolanos siguen abandonando su pa\u00eds como pueden. Buscan escapar de una inflaci\u00f3n galopante, de la escasez de alimentos, de la falta de trabajo y de medicamentos. Una gran parte lo hace por Colombia. A pie, por falta de dinero, incluso para un boleto de \u00f3mnibus. Llegan a la frontera caminando y al cruzarla, siguen viaje de la misma manera. Exhaustos, con el est\u00f3mago vac\u00edo y con el calzado que disponen.<\/p>\n<p style=\"text-align: justify;\"><a href=\"https:\/\/www.fraterinternacional.org\/wp-content\/uploads\/2018\/10\/mision_colombia_humanitaria_caminantes_05.jpg\"><img fetchpriority=\"high\" decoding=\"async\" class=\"alignright size-medium wp-image-90980\" src=\"https:\/\/www.missoeshumanitarias.org\/wp-content\/uploads\/2021\/08\/mision_colombia_humanitaria_caminantes_05-300x168-1.jpg\" alt=\"\" width=\"300\" height=\"168\" \/><\/a>Ya en territorio colombiano, la mayor\u00eda comienza la traves\u00eda en la nororiental ciudad de C\u00facuta. Seguir adelante significa subir de una altitud promedio de 300 metros (C\u00facuta) hasta los 4.300 metros, la altura m\u00e1xima del P\u00e1ramo de Berl\u00edn, ubicado en los Andes colombianos, a 145 kil\u00f3metros de la frontera. Es el paso m\u00e1s dif\u00edcil, por la altura y sus g\u00e9lidas temperaturas nocturnas, para llegar a Bogot\u00e1, la capital colombiana, a 556 kil\u00f3metros del punto de partida.<\/p>\n<p style=\"text-align: justify;\">Esa fue la dura realidad con la que se encontraron los <a href=\"http:\/\/www.fraterinternacional.org\/es\/misiones-humanitarias\/\">misioneros<\/a> de la\u00a0<strong>Fraternidade \u2013 Federaci\u00f3n Humanitaria Internacional (FFHI)<\/strong>, en el marco de la <a href=\"https:\/\/www.fraterinternacional.org\/es\/campanhas-ffhi\/mision-colombia-humanitaria\/\">Misi\u00f3n Colombia Humanitaria<\/a>, durante el primer contacto con <em>los<\/em> <em>caminantes<\/em>, grupos de migrantes venezolanos que se embarcan en esta desesperada aventura por carreteras monta\u00f1osas no dise\u00f1adas para esta forma de viaje.<\/p>\n<h3 style=\"text-align: center;\">Coraz\u00f3n a coraz\u00f3n<\/h3>\n<p style=\"text-align: justify;\"><a href=\"https:\/\/www.fraterinternacional.org\/wp-content\/uploads\/2018\/10\/mision_colombia_humanitaria_caminantes_02.jpg\"><img decoding=\"async\" class=\"size-medium wp-image-90983 alignleft\" src=\"https:\/\/www.missoeshumanitarias.org\/wp-content\/uploads\/2021\/08\/mision_colombia_humanitaria_caminantes_02-300x236-1.jpg\" alt=\"\" width=\"300\" height=\"236\" \/><\/a>Los misioneros humanitarios, asentados en C\u00facuta, se trasladaron el domingo 14 de octubre hasta Pamplona, distante 75 kil\u00f3metros hacia el sur. En ese lugar asistieron, a la vera del camino, a unos 60 caminantes. Ofrecieron sopa caliente, agua, apoyo emocional y primeros auxilios.<\/p>\n<p style=\"text-align: justify;\">\u201cEncontramos a muchos con ampollas y heridas en los pies, debido a la prolongada caminata y a la falta de calzados adecuados\u201d, comenz\u00f3 relatando Fray Jos\u00e9 de Arimatea, monje de la <a href=\"http:\/\/www.fraterinternacional.org\/es\/orden-gracia-misericordia\/\">Orden Gracia Misericordia<\/a> y m\u00e9dico, uno de los integrantes de la <a href=\"https:\/\/www.fraterinternacional.org\/es\/campanhas-ffhi\/mision-colombia-humanitaria\/\">Misi\u00f3n Colombia Humanitaria<\/a>. \u201cAlgunos se encontraban con muchas dificultades para seguir caminando, sufr\u00edan descompensaciones y fatiga f\u00edsico-muscular. Por relatos, nos enteramos de casos de hipotermia y del mal de altura\u201d, prosigui\u00f3 el profesional.<\/p>\n<p style=\"text-align: justify;\">Destac\u00f3 tambi\u00e9n que el desamparo de atenci\u00f3n m\u00e9dica aumenta a medida que los migrantes suben las monta\u00f1as, porque van quedando cada vez m\u00e1s lejos de las villas y poblados.<\/p>\n<h3 style=\"text-align: center;\">Apoyo emocional<\/h3>\n<p style=\"text-align: justify;\"><a href=\"https:\/\/www.fraterinternacional.org\/wp-content\/uploads\/2018\/10\/mision_colombia_humanitaria_caminantes_03.jpg\"><img decoding=\"async\" class=\"alignright size-medium wp-image-90990\" src=\"https:\/\/www.missoeshumanitarias.org\/wp-content\/uploads\/2021\/08\/mision_colombia_humanitaria_caminantes_03-300x212-1.jpg\" alt=\"\" width=\"300\" height=\"212\" \/><\/a>\u201cPudimos curar muchas heridas en los pies. Tambi\u00e9n pudimos ofrecer apoyo para la parte emocional, que obviamente est\u00e1 muy afectada, por las condiciones en las que tienen que salir de su pa\u00eds: sin destino cierto, sin dinero, sin comida. Tratamos de acogerlos, de renovarles la fe y el coraje, para que puedan seguir caminando y llegar a destino\u201d, cont\u00f3 Imer, otro de los pioneros de la <a href=\"https:\/\/www.fraterinternacional.org\/es\/campanhas-ffhi\/mision-colombia-humanitaria\/\">Misi\u00f3n Colombia Humanitaria<\/a>.<\/p>\n<p style=\"text-align: justify;\">\u201cEllos se lanzan a esa larga caminata sin ninguna protecci\u00f3n para los pies ni para el fr\u00edo, que los sorprende a mitad de camino, con temperaturas de 0\u00b0 al caer la tarde. Son como 300 a 400 personas las que diariamente hacen el trayecto. Llevamos comida y botiqu\u00edn de primeros auxilios para asistirlos\u201d, prosigui\u00f3 el misionero.<\/p>\n<p style=\"text-align: justify;\">\u201cMe impact\u00f3 verlos sufrir tanto, caminando con los pies hinchados, subiendo la cuesta con maletas en la cabeza y en la espalda. Cansados y con la moral por el piso. Y luego de lo poco que pudimos entregarles, verlos partir con una sonrisa, me llen\u00f3 el coraz\u00f3n de alegr\u00eda y de amor\u201d, coment\u00f3 Jos\u00e9 Luis Fuentes, otro de los voluntarios.<\/p>\n<h3 style=\"text-align: center;\">Actividades con ni\u00f1os<\/h3>\n<p style=\"text-align: justify;\"><a href=\"https:\/\/www.fraterinternacional.org\/wp-content\/uploads\/2018\/10\/mision_colombia_humanitaria_ninos.jpg\"><img loading=\"lazy\" decoding=\"async\" class=\"alignleft size-medium wp-image-90987\" src=\"https:\/\/www.missoeshumanitarias.org\/wp-content\/uploads\/2021\/08\/mision_colombia_humanitaria_ninos-300x169-1.jpg\" alt=\"\" width=\"300\" height=\"169\" \/><\/a>En paralelo a la tarea de apoyo a los caminantes, otros integrantes de la <a href=\"https:\/\/www.fraterinternacional.org\/es\/campanhas-ffhi\/mision-colombia-humanitaria\/\">Misi\u00f3n Colombia Humanitaria<\/a> prosiguieron las actividades desarrolladas con los ni\u00f1os atendidos por el padre Francesco, religioso cat\u00f3lico de la Congregaci\u00f3n Scalabriniana, en la parroquia La Dolorosa.<\/p>\n<p style=\"text-align: justify;\">La <a href=\"https:\/\/www.fraterinternacional.org\/es\/campanhas-ffhi\/mision-colombia-humanitaria\/\">Misi\u00f3n Colombia Humanitaria<\/a> es el segundo emprendimiento de la\u00a0<strong>Fraternidade \u2013 Federaci\u00f3n Humanitaria Internacional<\/strong>, junto con la <a href=\"http:\/\/www.fraterinternacional.org\/es\/campanhas-ffhi\/mision-roraima-humanitaria\/\">Misi\u00f3n Roraima Humanitaria<\/a>, que busca auxiliar la crisis migratoria venezolana. Se inici\u00f3 el pasado 11 de octubre, con la intenci\u00f3n de convertirse en otro espacio permanente de ayuda, para el alivio del dolor.\u00a0Para eso necesita del apoyo de todos. S\u00famese a esta campa\u00f1a de amor.<\/p>\n<h3 style=\"text-align: center;\">Para saber c\u00f3mo colaborar, haga clic<\/h3>\n<h3 style=\"text-align: center;\"><a href=\"https:\/\/www.fraterinternacional.org\/es\/campanhas-ffhi\/mision-colombia-humanitaria\/\"><strong>AQUI<\/strong><\/a><\/h3>\n<h3 style=\"text-align: center;\">M\u00e1s informaciones<\/h3>\n<h3 style=\"text-align: center;\">Tel\u00e9fono: (+55) (35) 3225-1233<\/h3>\n<h3 style=\"text-align: center;\"><a href=\"mailto:secretaria@fraterinternacional.org\">secretaria@fraterinternacional.org<\/a><\/h3>\n<p style=\"text-align: justify;\">\n","protected":false},"excerpt":{"rendered":"<p>Muchos venezolanos siguen abandonando su pa\u00eds como pueden. Buscan escapar de una inflaci\u00f3n galopante, de la escasez de alimentos, de la falta de trabajo y de medicamentos. Una gran parte lo hace por Colombia. A pie, por falta de dinero, incluso para un boleto de \u00f3mnibus. Llegan a la frontera caminando y al cruzarla, siguen [&hellip;]<\/p>\n","protected":false},"author":1,"featured_media":128136,"comment_status":"open","ping_status":"open","sticky":false,"template":"","format":"standard","meta":{"footnotes":""},"categories":[43,131],"tags":[],"class_list":["post-131866","post","type-post","status-publish","format-standard","has-post-thumbnail","hentry","category-noticias-es","category-noticias-de-las-misiones"],"featured_image_src":"https:\/\/www.missoeshumanitarias.org\/wp-content\/uploads\/2021\/08\/mision_colombia_humanitaria_caminantes_04.jpg","author_info":{"display_name":"maducato_admin","author_link":"https:\/\/www.missoeshumanitarias.org\/es\/author\/maducato_admin\/"},"yoast_head":"<!-- This site is optimized with the Yoast SEO Premium plugin v22.5 (Yoast SEO v22.5) - https:\/\/yoast.com\/wordpress\/plugins\/seo\/ -->\n<title>La Misi\u00f3n Colombia Humanitaria comenz\u00f3 a ayudar a los caminantes venezolanos - Fraternidade Miss\u00f5es Humanit\u00e1rias Internacionais<\/title>\n<meta name=\"robots\" content=\"index, follow, max-snippet:-1, max-image-preview:large, max-video-preview:-1\" \/>\n<link rel=\"canonical\" href=\"https:\/\/www.missoeshumanitarias.org\/es\/la-mision-colombia-humanitaria-comenzo-a-ayudar-a-los-caminantes-venezolanos\/\" \/>\n<meta property=\"og:locale\" content=\"es_ES\" \/>\n<meta property=\"og:type\" content=\"article\" \/>\n<meta property=\"og:title\" content=\"La Misi\u00f3n Colombia Humanitaria comenz\u00f3 a ayudar a los caminantes venezolanos\" \/>\n<meta property=\"og:description\" content=\"Muchos venezolanos siguen abandonando su pa\u00eds como pueden. Buscan escapar de una inflaci\u00f3n galopante, de la escasez de alimentos, de la falta de trabajo y de medicamentos. Una gran parte lo hace por Colombia. A pie, por falta de dinero, incluso para un boleto de \u00f3mnibus. Llegan a la frontera caminando y al cruzarla, siguen [&hellip;]\" \/>\n<meta property=\"og:url\" content=\"https:\/\/www.missoeshumanitarias.org\/es\/la-mision-colombia-humanitaria-comenzo-a-ayudar-a-los-caminantes-venezolanos\/\" \/>\n<meta property=\"og:site_name\" content=\"Fraternidade Miss\u00f5es Humanit\u00e1rias Internacionais\" \/>\n<meta property=\"article:published_time\" content=\"2018-10-20T19:34:52+00:00\" \/>\n<meta property=\"og:image\" content=\"https:\/\/www.missoeshumanitarias.org\/wp-content\/uploads\/2021\/08\/mision_colombia_humanitaria_caminantes_04.jpg\" \/>\n\t<meta property=\"og:image:width\" content=\"690\" \/>\n\t<meta property=\"og:image:height\" content=\"389\" \/>\n\t<meta property=\"og:image:type\" content=\"image\/jpeg\" \/>\n<meta name=\"author\" content=\"maducato_admin\" \/>\n<meta name=\"twitter:card\" content=\"summary_large_image\" \/>\n<meta name=\"twitter:label1\" content=\"Escrito por\" \/>\n\t<meta name=\"twitter:data1\" content=\"maducato_admin\" \/>\n\t<meta name=\"twitter:label2\" content=\"Tiempo de lectura\" \/>\n\t<meta name=\"twitter:data2\" content=\"4 minutos\" \/>\n<script type=\"application\/ld+json\" class=\"yoast-schema-graph\">{\"@context\":\"https:\/\/schema.org\",\"@graph\":[{\"@type\":\"Article\",\"@id\":\"https:\/\/www.missoeshumanitarias.org\/es\/la-mision-colombia-humanitaria-comenzo-a-ayudar-a-los-caminantes-venezolanos\/#article\",\"isPartOf\":{\"@id\":\"https:\/\/www.missoeshumanitarias.org\/es\/la-mision-colombia-humanitaria-comenzo-a-ayudar-a-los-caminantes-venezolanos\/\"},\"author\":{\"name\":\"maducato_admin\",\"@id\":\"https:\/\/www.missoeshumanitarias.org\/es\/#\/schema\/person\/e0f8527323154d1eba9f9d9eb6b401f7\"},\"headline\":\"La Misi\u00f3n Colombia Humanitaria comenz\u00f3 a ayudar a los caminantes venezolanos\",\"datePublished\":\"2018-10-20T19:34:52+00:00\",\"dateModified\":\"2018-10-20T19:34:52+00:00\",\"mainEntityOfPage\":{\"@id\":\"https:\/\/www.missoeshumanitarias.org\/es\/la-mision-colombia-humanitaria-comenzo-a-ayudar-a-los-caminantes-venezolanos\/\"},\"wordCount\":715,\"commentCount\":0,\"publisher\":{\"@id\":\"https:\/\/www.missoeshumanitarias.org\/es\/#organization\"},\"image\":{\"@id\":\"https:\/\/www.missoeshumanitarias.org\/es\/la-mision-colombia-humanitaria-comenzo-a-ayudar-a-los-caminantes-venezolanos\/#primaryimage\"},\"thumbnailUrl\":\"https:\/\/www.missoeshumanitarias.org\/wp-content\/uploads\/2021\/08\/mision_colombia_humanitaria_caminantes_04.jpg\",\"articleSection\":[\"Noticias\",\"Noticias de las Misiones\"],\"inLanguage\":\"es\",\"potentialAction\":[{\"@type\":\"CommentAction\",\"name\":\"Comment\",\"target\":[\"https:\/\/www.missoeshumanitarias.org\/es\/la-mision-colombia-humanitaria-comenzo-a-ayudar-a-los-caminantes-venezolanos\/#respond\"]}]},{\"@type\":\"WebPage\",\"@id\":\"https:\/\/www.missoeshumanitarias.org\/es\/la-mision-colombia-humanitaria-comenzo-a-ayudar-a-los-caminantes-venezolanos\/\",\"url\":\"https:\/\/www.missoeshumanitarias.org\/es\/la-mision-colombia-humanitaria-comenzo-a-ayudar-a-los-caminantes-venezolanos\/\",\"name\":\"La Misi\u00f3n Colombia Humanitaria comenz\u00f3 a ayudar a los caminantes venezolanos - Fraternidade Miss\u00f5es Humanit\u00e1rias Internacionais\",\"isPartOf\":{\"@id\":\"https:\/\/www.missoeshumanitarias.org\/es\/#website\"},\"primaryImageOfPage\":{\"@id\":\"https:\/\/www.missoeshumanitarias.org\/es\/la-mision-colombia-humanitaria-comenzo-a-ayudar-a-los-caminantes-venezolanos\/#primaryimage\"},\"image\":{\"@id\":\"https:\/\/www.missoeshumanitarias.org\/es\/la-mision-colombia-humanitaria-comenzo-a-ayudar-a-los-caminantes-venezolanos\/#primaryimage\"},\"thumbnailUrl\":\"https:\/\/www.missoeshumanitarias.org\/wp-content\/uploads\/2021\/08\/mision_colombia_humanitaria_caminantes_04.jpg\",\"datePublished\":\"2018-10-20T19:34:52+00:00\",\"dateModified\":\"2018-10-20T19:34:52+00:00\",\"breadcrumb\":{\"@id\":\"https:\/\/www.missoeshumanitarias.org\/es\/la-mision-colombia-humanitaria-comenzo-a-ayudar-a-los-caminantes-venezolanos\/#breadcrumb\"},\"inLanguage\":\"es\",\"potentialAction\":[{\"@type\":\"ReadAction\",\"target\":[\"https:\/\/www.missoeshumanitarias.org\/es\/la-mision-colombia-humanitaria-comenzo-a-ayudar-a-los-caminantes-venezolanos\/\"]}]},{\"@type\":\"ImageObject\",\"inLanguage\":\"es\",\"@id\":\"https:\/\/www.missoeshumanitarias.org\/es\/la-mision-colombia-humanitaria-comenzo-a-ayudar-a-los-caminantes-venezolanos\/#primaryimage\",\"url\":\"https:\/\/www.missoeshumanitarias.org\/wp-content\/uploads\/2021\/08\/mision_colombia_humanitaria_caminantes_04.jpg\",\"contentUrl\":\"https:\/\/www.missoeshumanitarias.org\/wp-content\/uploads\/2021\/08\/mision_colombia_humanitaria_caminantes_04.jpg\",\"width\":690,\"height\":389,\"caption\":\"Misi\u00f3n Colombia\"},{\"@type\":\"BreadcrumbList\",\"@id\":\"https:\/\/www.missoeshumanitarias.org\/es\/la-mision-colombia-humanitaria-comenzo-a-ayudar-a-los-caminantes-venezolanos\/#breadcrumb\",\"itemListElement\":[{\"@type\":\"ListItem\",\"position\":1,\"name\":\"Home\",\"item\":\"https:\/\/www.missoeshumanitarias.org\/en\/\"},{\"@type\":\"ListItem\",\"position\":2,\"name\":\"La Misi\u00f3n Colombia Humanitaria comenz\u00f3 a ayudar a los caminantes venezolanos\"}]},{\"@type\":\"WebSite\",\"@id\":\"https:\/\/www.missoeshumanitarias.org\/es\/#website\",\"url\":\"https:\/\/www.missoeshumanitarias.org\/es\/\",\"name\":\"Fraternidade Miss\u00f5es Humanit\u00e1rias Internacionais\",\"description\":\"Respostas Humanit\u00e1rias e Emerg\u00eancias\",\"publisher\":{\"@id\":\"https:\/\/www.missoeshumanitarias.org\/es\/#organization\"},\"potentialAction\":[{\"@type\":\"SearchAction\",\"target\":{\"@type\":\"EntryPoint\",\"urlTemplate\":\"https:\/\/www.missoeshumanitarias.org\/es\/?s={search_term_string}\"},\"query-input\":\"required name=search_term_string\"}],\"inLanguage\":\"es\"},{\"@type\":\"Organization\",\"@id\":\"https:\/\/www.missoeshumanitarias.org\/es\/#organization\",\"name\":\"Fraternidade - Miss\u00f5es Humanit\u00e1rias Internacionais\",\"url\":\"https:\/\/www.missoeshumanitarias.org\/es\/\",\"logo\":{\"@type\":\"ImageObject\",\"inLanguage\":\"es\",\"@id\":\"https:\/\/www.missoeshumanitarias.org\/es\/#\/schema\/logo\/image\/\",\"url\":\"https:\/\/www.missoeshumanitarias.org\/wp-content\/uploads\/2020\/05\/logo-FMHI-mg.png\",\"contentUrl\":\"https:\/\/www.missoeshumanitarias.org\/wp-content\/uploads\/2020\/05\/logo-FMHI-mg.png\",\"width\":520,\"height\":134,\"caption\":\"Fraternidade - Miss\u00f5es Humanit\u00e1rias Internacionais\"},\"image\":{\"@id\":\"https:\/\/www.missoeshumanitarias.org\/es\/#\/schema\/logo\/image\/\"}},{\"@type\":\"Person\",\"@id\":\"https:\/\/www.missoeshumanitarias.org\/es\/#\/schema\/person\/e0f8527323154d1eba9f9d9eb6b401f7\",\"name\":\"maducato_admin\",\"image\":{\"@type\":\"ImageObject\",\"inLanguage\":\"es\",\"@id\":\"https:\/\/www.missoeshumanitarias.org\/es\/#\/schema\/person\/image\/\",\"url\":\"https:\/\/secure.gravatar.com\/avatar\/6c3b45186a8f5a459d8e14c7fca370bceae92402bc06171d75e4e559b6c24393?s=96&d=mm&r=g\",\"contentUrl\":\"https:\/\/secure.gravatar.com\/avatar\/6c3b45186a8f5a459d8e14c7fca370bceae92402bc06171d75e4e559b6c24393?s=96&d=mm&r=g\",\"caption\":\"maducato_admin\"}}]}<\/script>\n<!-- \/ Yoast SEO Premium plugin. -->","yoast_head_json":{"title":"La Misi\u00f3n Colombia Humanitaria comenz\u00f3 a ayudar a los caminantes venezolanos - Fraternidade Miss\u00f5es Humanit\u00e1rias Internacionais","robots":{"index":"index","follow":"follow","max-snippet":"max-snippet:-1","max-image-preview":"max-image-preview:large","max-video-preview":"max-video-preview:-1"},"canonical":"https:\/\/www.missoeshumanitarias.org\/es\/la-mision-colombia-humanitaria-comenzo-a-ayudar-a-los-caminantes-venezolanos\/","og_locale":"es_ES","og_type":"article","og_title":"La Misi\u00f3n Colombia Humanitaria comenz\u00f3 a ayudar a los caminantes venezolanos","og_description":"Muchos venezolanos siguen abandonando su pa\u00eds como pueden. Buscan escapar de una inflaci\u00f3n galopante, de la escasez de alimentos, de la falta de trabajo y de medicamentos. Una gran parte lo hace por Colombia. A pie, por falta de dinero, incluso para un boleto de \u00f3mnibus. Llegan a la frontera caminando y al cruzarla, siguen [&hellip;]","og_url":"https:\/\/www.missoeshumanitarias.org\/es\/la-mision-colombia-humanitaria-comenzo-a-ayudar-a-los-caminantes-venezolanos\/","og_site_name":"Fraternidade Miss\u00f5es Humanit\u00e1rias Internacionais","article_published_time":"2018-10-20T19:34:52+00:00","og_image":[{"width":690,"height":389,"url":"https:\/\/www.missoeshumanitarias.org\/wp-content\/uploads\/2021\/08\/mision_colombia_humanitaria_caminantes_04.jpg","type":"image\/jpeg"}],"author":"maducato_admin","twitter_card":"summary_large_image","twitter_misc":{"Escrito por":"maducato_admin","Tiempo de lectura":"4 minutos"},"schema":{"@context":"https:\/\/schema.org","@graph":[{"@type":"Article","@id":"https:\/\/www.missoeshumanitarias.org\/es\/la-mision-colombia-humanitaria-comenzo-a-ayudar-a-los-caminantes-venezolanos\/#article","isPartOf":{"@id":"https:\/\/www.missoeshumanitarias.org\/es\/la-mision-colombia-humanitaria-comenzo-a-ayudar-a-los-caminantes-venezolanos\/"},"author":{"name":"maducato_admin","@id":"https:\/\/www.missoeshumanitarias.org\/es\/#\/schema\/person\/e0f8527323154d1eba9f9d9eb6b401f7"},"headline":"La Misi\u00f3n Colombia Humanitaria comenz\u00f3 a ayudar a los caminantes venezolanos","datePublished":"2018-10-20T19:34:52+00:00","dateModified":"2018-10-20T19:34:52+00:00","mainEntityOfPage":{"@id":"https:\/\/www.missoeshumanitarias.org\/es\/la-mision-colombia-humanitaria-comenzo-a-ayudar-a-los-caminantes-venezolanos\/"},"wordCount":715,"commentCount":0,"publisher":{"@id":"https:\/\/www.missoeshumanitarias.org\/es\/#organization"},"image":{"@id":"https:\/\/www.missoeshumanitarias.org\/es\/la-mision-colombia-humanitaria-comenzo-a-ayudar-a-los-caminantes-venezolanos\/#primaryimage"},"thumbnailUrl":"https:\/\/www.missoeshumanitarias.org\/wp-content\/uploads\/2021\/08\/mision_colombia_humanitaria_caminantes_04.jpg","articleSection":["Noticias","Noticias de las Misiones"],"inLanguage":"es","potentialAction":[{"@type":"CommentAction","name":"Comment","target":["https:\/\/www.missoeshumanitarias.org\/es\/la-mision-colombia-humanitaria-comenzo-a-ayudar-a-los-caminantes-venezolanos\/#respond"]}]},{"@type":"WebPage","@id":"https:\/\/www.missoeshumanitarias.org\/es\/la-mision-colombia-humanitaria-comenzo-a-ayudar-a-los-caminantes-venezolanos\/","url":"https:\/\/www.missoeshumanitarias.org\/es\/la-mision-colombia-humanitaria-comenzo-a-ayudar-a-los-caminantes-venezolanos\/","name":"La Misi\u00f3n Colombia Humanitaria comenz\u00f3 a ayudar a los caminantes venezolanos - Fraternidade Miss\u00f5es Humanit\u00e1rias Internacionais","isPartOf":{"@id":"https:\/\/www.missoeshumanitarias.org\/es\/#website"},"primaryImageOfPage":{"@id":"https:\/\/www.missoeshumanitarias.org\/es\/la-mision-colombia-humanitaria-comenzo-a-ayudar-a-los-caminantes-venezolanos\/#primaryimage"},"image":{"@id":"https:\/\/www.missoeshumanitarias.org\/es\/la-mision-colombia-humanitaria-comenzo-a-ayudar-a-los-caminantes-venezolanos\/#primaryimage"},"thumbnailUrl":"https:\/\/www.missoeshumanitarias.org\/wp-content\/uploads\/2021\/08\/mision_colombia_humanitaria_caminantes_04.jpg","datePublished":"2018-10-20T19:34:52+00:00","dateModified":"2018-10-20T19:34:52+00:00","breadcrumb":{"@id":"https:\/\/www.missoeshumanitarias.org\/es\/la-mision-colombia-humanitaria-comenzo-a-ayudar-a-los-caminantes-venezolanos\/#breadcrumb"},"inLanguage":"es","potentialAction":[{"@type":"ReadAction","target":["https:\/\/www.missoeshumanitarias.org\/es\/la-mision-colombia-humanitaria-comenzo-a-ayudar-a-los-caminantes-venezolanos\/"]}]},{"@type":"ImageObject","inLanguage":"es","@id":"https:\/\/www.missoeshumanitarias.org\/es\/la-mision-colombia-humanitaria-comenzo-a-ayudar-a-los-caminantes-venezolanos\/#primaryimage","url":"https:\/\/www.missoeshumanitarias.org\/wp-content\/uploads\/2021\/08\/mision_colombia_humanitaria_caminantes_04.jpg","contentUrl":"https:\/\/www.missoeshumanitarias.org\/wp-content\/uploads\/2021\/08\/mision_colombia_humanitaria_caminantes_04.jpg","width":690,"height":389,"caption":"Misi\u00f3n Colombia"},{"@type":"BreadcrumbList","@id":"https:\/\/www.missoeshumanitarias.org\/es\/la-mision-colombia-humanitaria-comenzo-a-ayudar-a-los-caminantes-venezolanos\/#breadcrumb","itemListElement":[{"@type":"ListItem","position":1,"name":"Home","item":"https:\/\/www.missoeshumanitarias.org\/en\/"},{"@type":"ListItem","position":2,"name":"La Misi\u00f3n Colombia Humanitaria comenz\u00f3 a ayudar a los caminantes venezolanos"}]},{"@type":"WebSite","@id":"https:\/\/www.missoeshumanitarias.org\/es\/#website","url":"https:\/\/www.missoeshumanitarias.org\/es\/","name":"Fraternidade Miss\u00f5es Humanit\u00e1rias Internacionais","description":"Respostas Humanit\u00e1rias e Emerg\u00eancias","publisher":{"@id":"https:\/\/www.missoeshumanitarias.org\/es\/#organization"},"potentialAction":[{"@type":"SearchAction","target":{"@type":"EntryPoint","urlTemplate":"https:\/\/www.missoeshumanitarias.org\/es\/?s={search_term_string}"},"query-input":"required name=search_term_string"}],"inLanguage":"es"},{"@type":"Organization","@id":"https:\/\/www.missoeshumanitarias.org\/es\/#organization","name":"Fraternidade - Miss\u00f5es Humanit\u00e1rias Internacionais","url":"https:\/\/www.missoeshumanitarias.org\/es\/","logo":{"@type":"ImageObject","inLanguage":"es","@id":"https:\/\/www.missoeshumanitarias.org\/es\/#\/schema\/logo\/image\/","url":"https:\/\/www.missoeshumanitarias.org\/wp-content\/uploads\/2020\/05\/logo-FMHI-mg.png","contentUrl":"https:\/\/www.missoeshumanitarias.org\/wp-content\/uploads\/2020\/05\/logo-FMHI-mg.png","width":520,"height":134,"caption":"Fraternidade - Miss\u00f5es Humanit\u00e1rias Internacionais"},"image":{"@id":"https:\/\/www.missoeshumanitarias.org\/es\/#\/schema\/logo\/image\/"}},{"@type":"Person","@id":"https:\/\/www.missoeshumanitarias.org\/es\/#\/schema\/person\/e0f8527323154d1eba9f9d9eb6b401f7","name":"maducato_admin","image":{"@type":"ImageObject","inLanguage":"es","@id":"https:\/\/www.missoeshumanitarias.org\/es\/#\/schema\/person\/image\/","url":"https:\/\/secure.gravatar.com\/avatar\/6c3b45186a8f5a459d8e14c7fca370bceae92402bc06171d75e4e559b6c24393?s=96&d=mm&r=g","contentUrl":"https:\/\/secure.gravatar.com\/avatar\/6c3b45186a8f5a459d8e14c7fca370bceae92402bc06171d75e4e559b6c24393?s=96&d=mm&r=g","caption":"maducato_admin"}}]}},"_links":{"self":[{"href":"https:\/\/www.missoeshumanitarias.org\/es\/wp-json\/wp\/v2\/posts\/131866","targetHints":{"allow":["GET"]}}],"collection":[{"href":"https:\/\/www.missoeshumanitarias.org\/es\/wp-json\/wp\/v2\/posts"}],"about":[{"href":"https:\/\/www.missoeshumanitarias.org\/es\/wp-json\/wp\/v2\/types\/post"}],"author":[{"embeddable":true,"href":"https:\/\/www.missoeshumanitarias.org\/es\/wp-json\/wp\/v2\/users\/1"}],"replies":[{"embeddable":true,"href":"https:\/\/www.missoeshumanitarias.org\/es\/wp-json\/wp\/v2\/comments?post=131866"}],"version-history":[{"count":0,"href":"https:\/\/www.missoeshumanitarias.org\/es\/wp-json\/wp\/v2\/posts\/131866\/revisions"}],"wp:featuredmedia":[{"embeddable":true,"href":"https:\/\/www.missoeshumanitarias.org\/es\/wp-json\/wp\/v2\/media\/128136"}],"wp:attachment":[{"href":"https:\/\/www.missoeshumanitarias.org\/es\/wp-json\/wp\/v2\/media?parent=131866"}],"wp:term":[{"taxonomy":"category","embeddable":true,"href":"https:\/\/www.missoeshumanitarias.org\/es\/wp-json\/wp\/v2\/categories?post=131866"},{"taxonomy":"post_tag","embeddable":true,"href":"https:\/\/www.missoeshumanitarias.org\/es\/wp-json\/wp\/v2\/tags?post=131866"}],"curies":[{"name":"wp","href":"https:\/\/api.w.org\/{rel}","templated":true}]}}