{"id":131877,"date":"2019-02-03T05:34:14","date_gmt":"2019-02-03T07:34:14","guid":{"rendered":"https:\/\/www.missoeshumanitarias.org\/en-nueva-mision-humanitaria-la-fraternidade-suma-su-experiencia-a-los-esfuerzos-en-brumadinho\/"},"modified":"2019-02-03T05:34:14","modified_gmt":"2019-02-03T07:34:14","slug":"en-nueva-mision-humanitaria-la-fraternidade-suma-su-experiencia-a-los-esfuerzos-en-brumadinho","status":"publish","type":"post","link":"https:\/\/www.missoeshumanitarias.org\/es\/en-nueva-mision-humanitaria-la-fraternidade-suma-su-experiencia-a-los-esfuerzos-en-brumadinho\/","title":{"rendered":"En nueva misi\u00f3n humanitaria, la Fraternidade suma su experiencia a los esfuerzos en Brumadinho"},"content":{"rendered":"<figure id=\"attachment_96561\" aria-describedby=\"caption-attachment-96561\" style=\"width: 300px\" class=\"wp-caption alignright\"><a href=\"https:\/\/www.fraterinternacional.org\/wp-content\/uploads\/2019\/02\/img_MHBrumadinho_190202_primeiro_grupo_missionarios.jpg\"><img fetchpriority=\"high\" decoding=\"async\" class=\"wp-image-96561 size-medium\" src=\"https:\/\/www.missoeshumanitarias.org\/wp-content\/uploads\/2021\/08\/img_MHBrumadinho_190202_primeiro_grupo_missionarios-300x169-1.jpg\" alt=\"\" width=\"300\" height=\"169\" \/><\/a><figcaption id=\"caption-attachment-96561\" class=\"wp-caption-text\">Misioneros humanitarios en Brumadinho<\/figcaption><\/figure>\n<p style=\"text-align: justify;\"><a href=\"http:\/\/www.fraterinternacional.org\/es\/misiones-humanitarias\/\">Misioneros<\/a> de la <strong>Fraternidade \u2013 Federaci\u00f3n Humanitaria Internacional (FFHI)<\/strong> participan desde el 29 de enero del rescate y atenci\u00f3n a las v\u00edctimas em Brumadinho, Minas Gerais, Brasil, despu\u00e9s de la rotura de un dique de residuos en una mina de hierro de la compa\u00f1\u00eda Vale, tragedia que ocurri\u00f3 en la siesta del viernes 25 de enero. El equipo de la <a href=\"https:\/\/www.fraterinternacional.org\/es\/campanhas-ffhi\/mision-humanitaria-brumadinho\/\">Misi\u00f3n Brumadinho<\/a> incluye a voluntarios con experiencia en diversas situaciones de emergencia, inclusive el colapso similar de una barrera de contenci\u00f3n de otra mina, en Mariana, Minas Gerais, en noviembre de 2015.<\/p>\n<p style=\"text-align: justify;\">El desastre ambiental en Brumadinho, en la regi\u00f3n metropolitana de Belo Horizonte, es uno de los peores registrados en el Brasil, con 122 muertes confirmadas y 226 desaparecidos hasta la tarde del s\u00e1bado 2 de febrero. La avalancha de barro sepult\u00f3 las instalaciones de la propia empresa, afectando a decenas de funcionarios de la Vale y a vecinos de las inmediaciones. En ocho d\u00edas, los equipos de rescate localizaron 395 personas y m\u00e1s de 100 animales, entre perros, gatos, bovinos, equinos y aves.<\/p>\n<h3 style=\"text-align: center;\">Primeros movimientos<\/h3>\n<figure id=\"attachment_96572\" aria-describedby=\"caption-attachment-96572\" style=\"width: 236px\" class=\"wp-caption alignright\"><a href=\"https:\/\/www.fraterinternacional.org\/wp-content\/uploads\/2019\/02\/img_MHBrumadinho_190202_apoio_montagem_hospital_veterinario_campanha.jpg\"><img decoding=\"async\" class=\"wp-image-96572 size-medium\" src=\"https:\/\/www.missoeshumanitarias.org\/wp-content\/uploads\/2021\/08\/img_MHBrumadinho_190202_apoio_montagem_hospital_veterinario_campanha-236x300-1.jpg\" alt=\"\" width=\"236\" height=\"300\" \/><\/a><figcaption id=\"caption-attachment-96572\" class=\"wp-caption-text\">Ensamblando estantes en el hospital veterinario<\/figcaption><\/figure>\n<p style=\"text-align: justify;\">Una de las primeras prioridades de los misioneros de la <strong>FFHI<\/strong> fue el apoyo psico-emocional a los desamparados y familiares de las v\u00edctimas, que viene siendo prestado en grupos que involucran a otras instituciones. El servicio es realizado por psic\u00f3logos voluntarios y comprometidos con las acciones de la\u00a0<strong>FFHI<\/strong>.<\/p>\n<p style=\"text-align: justify;\">A su llegada al lugar del desastre, los misioneros formaron dos frentes de tareas, que actuaron en la base de apoyo a la fauna, anotando a los voluntarios para la asistencia al <a href=\"http:\/\/www.fraterinternacional.org\/es\/amor-y-servicio-los-reinos\/\">Reino Animal<\/a>, clasificando los medicamentos donados y elaborando un banco de datos sobre los animales perdidos o abandonados. Tambi\u00e9n colaboraron en la instalaci\u00f3n de un hospital veterinario en una granja del \u00e1rea rural, que est\u00e1 recibiendo a los animales afectados.<\/p>\n<p style=\"text-align: justify;\">El trabajo de la Fraternidade igualmente incluye el contacto con cl\u00ednicas veterinarias y tiendas de animales, para solicitar que env\u00eden los n\u00fameros telef\u00f3nicos de las personas que encuentran animales, as\u00ed como fotos de los mismos. Los datos son incluidos en una p\u00e1gina de Facebook denominada <a href=\"https:\/\/www.facebook.com\/pg\/Brigada-Animal-Brumadinho-606236029816570\/about\/\" target=\"_blank\" rel=\"noopener noreferrer\">Brigada Animal Brumadinho<\/a>, la cual, fue creada para funcionar como canal oficial en la asistencia al Reino Animal.<\/p>\n<p style=\"text-align: justify;\">La ayuda a la fauna afectada es coordinada por un equipo multidisciplinario de profesionales, que incluye a la <strong>FFHI<\/strong>, al Consejo Regional de Medicina Veterinaria de Minas Gerais y otras organizaciones.<\/p>\n<h3 style=\"text-align: center;\">Misi\u00f3n Brumadinho<\/h3>\n<figure id=\"attachment_96589\" aria-describedby=\"caption-attachment-96589\" style=\"width: 300px\" class=\"wp-caption alignleft\"><a href=\"https:\/\/www.fraterinternacional.org\/wp-content\/uploads\/2019\/02\/img_MHBrumadinho_190202_limpeza_poliesportivo_base_operacional.jpg\"><img decoding=\"async\" class=\"wp-image-96589 size-medium\" src=\"https:\/\/www.missoeshumanitarias.org\/wp-content\/uploads\/2021\/08\/img_MHBrumadinho_190202_limpeza_poliesportivo_base_operacional-300x212-1.jpg\" alt=\"\" width=\"300\" height=\"212\" \/><\/a><figcaption id=\"caption-attachment-96589\" class=\"wp-caption-text\">Limpieza en la base de apoyo a la fauna<\/figcaption><\/figure>\n<p style=\"text-align: justify;\">El equipo de 15 voluntarios de la <strong>FFHI<\/strong> incluye a participantes de otras situaciones cr\u00edticas, como las inundaciones que en enero de 2018 afectaron a la Zona da Mata en Minas Gerais (Mata Atl\u00e1ntica del estado) e incendios forestales en el sur de Chile, en febrero de 2017. Tambi\u00e9n colaboran voluntarios de la <a href=\"http:\/\/www.comunidadefigueira.org.br\/portal\/es\/\" target=\"_blank\" rel=\"noopener noreferrer\">Comunidad-Luz Figueira<\/a> y monjes de la <a href=\"http:\/\/www.fraterinternacional.org\/es\/orden-gracia-misericordia\/\">Orden Gracia Misericordia<\/a>. Todo el trabajo tiene el apoyo de la <a href=\"http:\/\/www.fraterinternacional.org\/es\/red-luz\/\">Red-Luz<\/a> de Belo Horizonte para alojamiento, alimentaci\u00f3n y transporte de los misioneros.<\/p>\n<h3 style=\"text-align: center;\">C\u00f3mo colaborar<\/h3>\n<p style=\"text-align: justify;\">Todas las personas que quieran colaborar con la <a href=\"https:\/\/www.fraterinternacional.org\/es\/campanhas-ffhi\/mision-humanitaria-brumadinho\/\">Misi\u00f3n Brumadinho<\/a> de la <strong>Fraternidade \u2013 Federaci\u00f3n Humanitaria Internacional (FFHI)<\/strong> pueden obtener m\u00e1s informaciones haciendo clic:<\/p>\n<h3 style=\"text-align: center;\"><a href=\"https:\/\/www.fraterinternacional.org\/es\/campanhas-ffhi\/mision-humanitaria-brumadinho\/\"><strong>AQUI<\/strong><\/a><\/h3>\n<p>&nbsp;<\/p>\n","protected":false},"excerpt":{"rendered":"<p>Misioneros de la Fraternidade \u2013 Federaci\u00f3n Humanitaria Internacional (FFHI) participan desde el 29 de enero del rescate y atenci\u00f3n a las v\u00edctimas em Brumadinho, Minas Gerais, Brasil, despu\u00e9s de la rotura de un dique de residuos en una mina de hierro de la compa\u00f1\u00eda Vale, tragedia que ocurri\u00f3 en la siesta del viernes 25 de [&hellip;]<\/p>\n","protected":false},"author":1,"featured_media":128358,"comment_status":"open","ping_status":"open","sticky":false,"template":"","format":"standard","meta":{"footnotes":""},"categories":[43,131],"tags":[],"class_list":["post-131877","post","type-post","status-publish","format-standard","has-post-thumbnail","hentry","category-noticias-es","category-noticias-de-las-misiones"],"featured_image_src":"https:\/\/www.missoeshumanitarias.org\/wp-content\/uploads\/2021\/08\/img_MHBrumadinho_190202_organizacao_racoes_cachorros.jpg","author_info":{"display_name":"maducato_admin","author_link":"https:\/\/www.missoeshumanitarias.org\/es\/author\/maducato_admin\/"},"yoast_head":"<!-- This site is optimized with the Yoast SEO Premium plugin v22.5 (Yoast SEO v22.5) - https:\/\/yoast.com\/wordpress\/plugins\/seo\/ -->\n<title>En nueva misi\u00f3n humanitaria, la Fraternidade suma su experiencia a los esfuerzos en Brumadinho - Fraternidade Miss\u00f5es Humanit\u00e1rias Internacionais<\/title>\n<meta name=\"robots\" content=\"index, follow, max-snippet:-1, max-image-preview:large, max-video-preview:-1\" \/>\n<link rel=\"canonical\" href=\"https:\/\/www.missoeshumanitarias.org\/es\/en-nueva-mision-humanitaria-la-fraternidade-suma-su-experiencia-a-los-esfuerzos-en-brumadinho\/\" \/>\n<meta property=\"og:locale\" content=\"es_ES\" \/>\n<meta property=\"og:type\" content=\"article\" \/>\n<meta property=\"og:title\" content=\"En nueva misi\u00f3n humanitaria, la Fraternidade suma su experiencia a los esfuerzos en Brumadinho\" \/>\n<meta property=\"og:description\" content=\"Misioneros de la Fraternidade \u2013 Federaci\u00f3n Humanitaria Internacional (FFHI) participan desde el 29 de enero del rescate y atenci\u00f3n a las v\u00edctimas em Brumadinho, Minas Gerais, Brasil, despu\u00e9s de la rotura de un dique de residuos en una mina de hierro de la compa\u00f1\u00eda Vale, tragedia que ocurri\u00f3 en la siesta del viernes 25 de [&hellip;]\" \/>\n<meta property=\"og:url\" content=\"https:\/\/www.missoeshumanitarias.org\/es\/en-nueva-mision-humanitaria-la-fraternidade-suma-su-experiencia-a-los-esfuerzos-en-brumadinho\/\" \/>\n<meta property=\"og:site_name\" content=\"Fraternidade Miss\u00f5es Humanit\u00e1rias Internacionais\" \/>\n<meta property=\"article:published_time\" content=\"2019-02-03T07:34:14+00:00\" \/>\n<meta property=\"og:image\" content=\"https:\/\/www.missoeshumanitarias.org\/wp-content\/uploads\/2021\/08\/img_MHBrumadinho_190202_organizacao_racoes_cachorros.jpg\" \/>\n\t<meta property=\"og:image:width\" content=\"690\" \/>\n\t<meta property=\"og:image:height\" content=\"388\" \/>\n\t<meta property=\"og:image:type\" content=\"image\/jpeg\" \/>\n<meta name=\"author\" content=\"maducato_admin\" \/>\n<meta name=\"twitter:card\" content=\"summary_large_image\" \/>\n<meta name=\"twitter:label1\" content=\"Escrito por\" \/>\n\t<meta name=\"twitter:data1\" content=\"maducato_admin\" \/>\n\t<meta name=\"twitter:label2\" content=\"Tiempo de lectura\" \/>\n\t<meta name=\"twitter:data2\" content=\"3 minutos\" \/>\n<script type=\"application\/ld+json\" class=\"yoast-schema-graph\">{\"@context\":\"https:\/\/schema.org\",\"@graph\":[{\"@type\":\"Article\",\"@id\":\"https:\/\/www.missoeshumanitarias.org\/es\/en-nueva-mision-humanitaria-la-fraternidade-suma-su-experiencia-a-los-esfuerzos-en-brumadinho\/#article\",\"isPartOf\":{\"@id\":\"https:\/\/www.missoeshumanitarias.org\/es\/en-nueva-mision-humanitaria-la-fraternidade-suma-su-experiencia-a-los-esfuerzos-en-brumadinho\/\"},\"author\":{\"name\":\"maducato_admin\",\"@id\":\"https:\/\/www.missoeshumanitarias.org\/es\/#\/schema\/person\/e0f8527323154d1eba9f9d9eb6b401f7\"},\"headline\":\"En nueva misi\u00f3n humanitaria, la Fraternidade suma su experiencia a los esfuerzos en Brumadinho\",\"datePublished\":\"2019-02-03T07:34:14+00:00\",\"dateModified\":\"2019-02-03T07:34:14+00:00\",\"mainEntityOfPage\":{\"@id\":\"https:\/\/www.missoeshumanitarias.org\/es\/en-nueva-mision-humanitaria-la-fraternidade-suma-su-experiencia-a-los-esfuerzos-en-brumadinho\/\"},\"wordCount\":575,\"commentCount\":0,\"publisher\":{\"@id\":\"https:\/\/www.missoeshumanitarias.org\/es\/#organization\"},\"image\":{\"@id\":\"https:\/\/www.missoeshumanitarias.org\/es\/en-nueva-mision-humanitaria-la-fraternidade-suma-su-experiencia-a-los-esfuerzos-en-brumadinho\/#primaryimage\"},\"thumbnailUrl\":\"https:\/\/www.missoeshumanitarias.org\/wp-content\/uploads\/2021\/08\/img_MHBrumadinho_190202_organizacao_racoes_cachorros.jpg\",\"articleSection\":[\"Noticias\",\"Noticias de las Misiones\"],\"inLanguage\":\"es\",\"potentialAction\":[{\"@type\":\"CommentAction\",\"name\":\"Comment\",\"target\":[\"https:\/\/www.missoeshumanitarias.org\/es\/en-nueva-mision-humanitaria-la-fraternidade-suma-su-experiencia-a-los-esfuerzos-en-brumadinho\/#respond\"]}]},{\"@type\":\"WebPage\",\"@id\":\"https:\/\/www.missoeshumanitarias.org\/es\/en-nueva-mision-humanitaria-la-fraternidade-suma-su-experiencia-a-los-esfuerzos-en-brumadinho\/\",\"url\":\"https:\/\/www.missoeshumanitarias.org\/es\/en-nueva-mision-humanitaria-la-fraternidade-suma-su-experiencia-a-los-esfuerzos-en-brumadinho\/\",\"name\":\"En nueva misi\u00f3n humanitaria, la Fraternidade suma su experiencia a los esfuerzos en Brumadinho - Fraternidade Miss\u00f5es Humanit\u00e1rias Internacionais\",\"isPartOf\":{\"@id\":\"https:\/\/www.missoeshumanitarias.org\/es\/#website\"},\"primaryImageOfPage\":{\"@id\":\"https:\/\/www.missoeshumanitarias.org\/es\/en-nueva-mision-humanitaria-la-fraternidade-suma-su-experiencia-a-los-esfuerzos-en-brumadinho\/#primaryimage\"},\"image\":{\"@id\":\"https:\/\/www.missoeshumanitarias.org\/es\/en-nueva-mision-humanitaria-la-fraternidade-suma-su-experiencia-a-los-esfuerzos-en-brumadinho\/#primaryimage\"},\"thumbnailUrl\":\"https:\/\/www.missoeshumanitarias.org\/wp-content\/uploads\/2021\/08\/img_MHBrumadinho_190202_organizacao_racoes_cachorros.jpg\",\"datePublished\":\"2019-02-03T07:34:14+00:00\",\"dateModified\":\"2019-02-03T07:34:14+00:00\",\"breadcrumb\":{\"@id\":\"https:\/\/www.missoeshumanitarias.org\/es\/en-nueva-mision-humanitaria-la-fraternidade-suma-su-experiencia-a-los-esfuerzos-en-brumadinho\/#breadcrumb\"},\"inLanguage\":\"es\",\"potentialAction\":[{\"@type\":\"ReadAction\",\"target\":[\"https:\/\/www.missoeshumanitarias.org\/es\/en-nueva-mision-humanitaria-la-fraternidade-suma-su-experiencia-a-los-esfuerzos-en-brumadinho\/\"]}]},{\"@type\":\"ImageObject\",\"inLanguage\":\"es\",\"@id\":\"https:\/\/www.missoeshumanitarias.org\/es\/en-nueva-mision-humanitaria-la-fraternidade-suma-su-experiencia-a-los-esfuerzos-en-brumadinho\/#primaryimage\",\"url\":\"https:\/\/www.missoeshumanitarias.org\/wp-content\/uploads\/2021\/08\/img_MHBrumadinho_190202_organizacao_racoes_cachorros.jpg\",\"contentUrl\":\"https:\/\/www.missoeshumanitarias.org\/wp-content\/uploads\/2021\/08\/img_MHBrumadinho_190202_organizacao_racoes_cachorros.jpg\",\"width\":690,\"height\":388},{\"@type\":\"BreadcrumbList\",\"@id\":\"https:\/\/www.missoeshumanitarias.org\/es\/en-nueva-mision-humanitaria-la-fraternidade-suma-su-experiencia-a-los-esfuerzos-en-brumadinho\/#breadcrumb\",\"itemListElement\":[{\"@type\":\"ListItem\",\"position\":1,\"name\":\"Home\",\"item\":\"https:\/\/www.missoeshumanitarias.org\/en\/\"},{\"@type\":\"ListItem\",\"position\":2,\"name\":\"En nueva misi\u00f3n humanitaria, la Fraternidade suma su experiencia a los esfuerzos en Brumadinho\"}]},{\"@type\":\"WebSite\",\"@id\":\"https:\/\/www.missoeshumanitarias.org\/es\/#website\",\"url\":\"https:\/\/www.missoeshumanitarias.org\/es\/\",\"name\":\"Fraternidade Miss\u00f5es Humanit\u00e1rias Internacionais\",\"description\":\"Respostas Humanit\u00e1rias e Emerg\u00eancias\",\"publisher\":{\"@id\":\"https:\/\/www.missoeshumanitarias.org\/es\/#organization\"},\"potentialAction\":[{\"@type\":\"SearchAction\",\"target\":{\"@type\":\"EntryPoint\",\"urlTemplate\":\"https:\/\/www.missoeshumanitarias.org\/es\/?s={search_term_string}\"},\"query-input\":\"required name=search_term_string\"}],\"inLanguage\":\"es\"},{\"@type\":\"Organization\",\"@id\":\"https:\/\/www.missoeshumanitarias.org\/es\/#organization\",\"name\":\"Fraternidade - Miss\u00f5es Humanit\u00e1rias Internacionais\",\"url\":\"https:\/\/www.missoeshumanitarias.org\/es\/\",\"logo\":{\"@type\":\"ImageObject\",\"inLanguage\":\"es\",\"@id\":\"https:\/\/www.missoeshumanitarias.org\/es\/#\/schema\/logo\/image\/\",\"url\":\"https:\/\/www.missoeshumanitarias.org\/wp-content\/uploads\/2020\/05\/logo-FMHI-mg.png\",\"contentUrl\":\"https:\/\/www.missoeshumanitarias.org\/wp-content\/uploads\/2020\/05\/logo-FMHI-mg.png\",\"width\":520,\"height\":134,\"caption\":\"Fraternidade - Miss\u00f5es Humanit\u00e1rias Internacionais\"},\"image\":{\"@id\":\"https:\/\/www.missoeshumanitarias.org\/es\/#\/schema\/logo\/image\/\"}},{\"@type\":\"Person\",\"@id\":\"https:\/\/www.missoeshumanitarias.org\/es\/#\/schema\/person\/e0f8527323154d1eba9f9d9eb6b401f7\",\"name\":\"maducato_admin\",\"image\":{\"@type\":\"ImageObject\",\"inLanguage\":\"es\",\"@id\":\"https:\/\/www.missoeshumanitarias.org\/es\/#\/schema\/person\/image\/\",\"url\":\"https:\/\/secure.gravatar.com\/avatar\/6c3b45186a8f5a459d8e14c7fca370bceae92402bc06171d75e4e559b6c24393?s=96&d=mm&r=g\",\"contentUrl\":\"https:\/\/secure.gravatar.com\/avatar\/6c3b45186a8f5a459d8e14c7fca370bceae92402bc06171d75e4e559b6c24393?s=96&d=mm&r=g\",\"caption\":\"maducato_admin\"}}]}<\/script>\n<!-- \/ Yoast SEO Premium plugin. -->","yoast_head_json":{"title":"En nueva misi\u00f3n humanitaria, la Fraternidade suma su experiencia a los esfuerzos en Brumadinho - Fraternidade Miss\u00f5es Humanit\u00e1rias Internacionais","robots":{"index":"index","follow":"follow","max-snippet":"max-snippet:-1","max-image-preview":"max-image-preview:large","max-video-preview":"max-video-preview:-1"},"canonical":"https:\/\/www.missoeshumanitarias.org\/es\/en-nueva-mision-humanitaria-la-fraternidade-suma-su-experiencia-a-los-esfuerzos-en-brumadinho\/","og_locale":"es_ES","og_type":"article","og_title":"En nueva misi\u00f3n humanitaria, la Fraternidade suma su experiencia a los esfuerzos en Brumadinho","og_description":"Misioneros de la Fraternidade \u2013 Federaci\u00f3n Humanitaria Internacional (FFHI) participan desde el 29 de enero del rescate y atenci\u00f3n a las v\u00edctimas em Brumadinho, Minas Gerais, Brasil, despu\u00e9s de la rotura de un dique de residuos en una mina de hierro de la compa\u00f1\u00eda Vale, tragedia que ocurri\u00f3 en la siesta del viernes 25 de [&hellip;]","og_url":"https:\/\/www.missoeshumanitarias.org\/es\/en-nueva-mision-humanitaria-la-fraternidade-suma-su-experiencia-a-los-esfuerzos-en-brumadinho\/","og_site_name":"Fraternidade Miss\u00f5es Humanit\u00e1rias Internacionais","article_published_time":"2019-02-03T07:34:14+00:00","og_image":[{"width":690,"height":388,"url":"https:\/\/www.missoeshumanitarias.org\/wp-content\/uploads\/2021\/08\/img_MHBrumadinho_190202_organizacao_racoes_cachorros.jpg","type":"image\/jpeg"}],"author":"maducato_admin","twitter_card":"summary_large_image","twitter_misc":{"Escrito por":"maducato_admin","Tiempo de lectura":"3 minutos"},"schema":{"@context":"https:\/\/schema.org","@graph":[{"@type":"Article","@id":"https:\/\/www.missoeshumanitarias.org\/es\/en-nueva-mision-humanitaria-la-fraternidade-suma-su-experiencia-a-los-esfuerzos-en-brumadinho\/#article","isPartOf":{"@id":"https:\/\/www.missoeshumanitarias.org\/es\/en-nueva-mision-humanitaria-la-fraternidade-suma-su-experiencia-a-los-esfuerzos-en-brumadinho\/"},"author":{"name":"maducato_admin","@id":"https:\/\/www.missoeshumanitarias.org\/es\/#\/schema\/person\/e0f8527323154d1eba9f9d9eb6b401f7"},"headline":"En nueva misi\u00f3n humanitaria, la Fraternidade suma su experiencia a los esfuerzos en Brumadinho","datePublished":"2019-02-03T07:34:14+00:00","dateModified":"2019-02-03T07:34:14+00:00","mainEntityOfPage":{"@id":"https:\/\/www.missoeshumanitarias.org\/es\/en-nueva-mision-humanitaria-la-fraternidade-suma-su-experiencia-a-los-esfuerzos-en-brumadinho\/"},"wordCount":575,"commentCount":0,"publisher":{"@id":"https:\/\/www.missoeshumanitarias.org\/es\/#organization"},"image":{"@id":"https:\/\/www.missoeshumanitarias.org\/es\/en-nueva-mision-humanitaria-la-fraternidade-suma-su-experiencia-a-los-esfuerzos-en-brumadinho\/#primaryimage"},"thumbnailUrl":"https:\/\/www.missoeshumanitarias.org\/wp-content\/uploads\/2021\/08\/img_MHBrumadinho_190202_organizacao_racoes_cachorros.jpg","articleSection":["Noticias","Noticias de las Misiones"],"inLanguage":"es","potentialAction":[{"@type":"CommentAction","name":"Comment","target":["https:\/\/www.missoeshumanitarias.org\/es\/en-nueva-mision-humanitaria-la-fraternidade-suma-su-experiencia-a-los-esfuerzos-en-brumadinho\/#respond"]}]},{"@type":"WebPage","@id":"https:\/\/www.missoeshumanitarias.org\/es\/en-nueva-mision-humanitaria-la-fraternidade-suma-su-experiencia-a-los-esfuerzos-en-brumadinho\/","url":"https:\/\/www.missoeshumanitarias.org\/es\/en-nueva-mision-humanitaria-la-fraternidade-suma-su-experiencia-a-los-esfuerzos-en-brumadinho\/","name":"En nueva misi\u00f3n humanitaria, la Fraternidade suma su experiencia a los esfuerzos en Brumadinho - Fraternidade Miss\u00f5es Humanit\u00e1rias Internacionais","isPartOf":{"@id":"https:\/\/www.missoeshumanitarias.org\/es\/#website"},"primaryImageOfPage":{"@id":"https:\/\/www.missoeshumanitarias.org\/es\/en-nueva-mision-humanitaria-la-fraternidade-suma-su-experiencia-a-los-esfuerzos-en-brumadinho\/#primaryimage"},"image":{"@id":"https:\/\/www.missoeshumanitarias.org\/es\/en-nueva-mision-humanitaria-la-fraternidade-suma-su-experiencia-a-los-esfuerzos-en-brumadinho\/#primaryimage"},"thumbnailUrl":"https:\/\/www.missoeshumanitarias.org\/wp-content\/uploads\/2021\/08\/img_MHBrumadinho_190202_organizacao_racoes_cachorros.jpg","datePublished":"2019-02-03T07:34:14+00:00","dateModified":"2019-02-03T07:34:14+00:00","breadcrumb":{"@id":"https:\/\/www.missoeshumanitarias.org\/es\/en-nueva-mision-humanitaria-la-fraternidade-suma-su-experiencia-a-los-esfuerzos-en-brumadinho\/#breadcrumb"},"inLanguage":"es","potentialAction":[{"@type":"ReadAction","target":["https:\/\/www.missoeshumanitarias.org\/es\/en-nueva-mision-humanitaria-la-fraternidade-suma-su-experiencia-a-los-esfuerzos-en-brumadinho\/"]}]},{"@type":"ImageObject","inLanguage":"es","@id":"https:\/\/www.missoeshumanitarias.org\/es\/en-nueva-mision-humanitaria-la-fraternidade-suma-su-experiencia-a-los-esfuerzos-en-brumadinho\/#primaryimage","url":"https:\/\/www.missoeshumanitarias.org\/wp-content\/uploads\/2021\/08\/img_MHBrumadinho_190202_organizacao_racoes_cachorros.jpg","contentUrl":"https:\/\/www.missoeshumanitarias.org\/wp-content\/uploads\/2021\/08\/img_MHBrumadinho_190202_organizacao_racoes_cachorros.jpg","width":690,"height":388},{"@type":"BreadcrumbList","@id":"https:\/\/www.missoeshumanitarias.org\/es\/en-nueva-mision-humanitaria-la-fraternidade-suma-su-experiencia-a-los-esfuerzos-en-brumadinho\/#breadcrumb","itemListElement":[{"@type":"ListItem","position":1,"name":"Home","item":"https:\/\/www.missoeshumanitarias.org\/en\/"},{"@type":"ListItem","position":2,"name":"En nueva misi\u00f3n humanitaria, la Fraternidade suma su experiencia a los esfuerzos en Brumadinho"}]},{"@type":"WebSite","@id":"https:\/\/www.missoeshumanitarias.org\/es\/#website","url":"https:\/\/www.missoeshumanitarias.org\/es\/","name":"Fraternidade Miss\u00f5es Humanit\u00e1rias Internacionais","description":"Respostas Humanit\u00e1rias e Emerg\u00eancias","publisher":{"@id":"https:\/\/www.missoeshumanitarias.org\/es\/#organization"},"potentialAction":[{"@type":"SearchAction","target":{"@type":"EntryPoint","urlTemplate":"https:\/\/www.missoeshumanitarias.org\/es\/?s={search_term_string}"},"query-input":"required name=search_term_string"}],"inLanguage":"es"},{"@type":"Organization","@id":"https:\/\/www.missoeshumanitarias.org\/es\/#organization","name":"Fraternidade - Miss\u00f5es Humanit\u00e1rias Internacionais","url":"https:\/\/www.missoeshumanitarias.org\/es\/","logo":{"@type":"ImageObject","inLanguage":"es","@id":"https:\/\/www.missoeshumanitarias.org\/es\/#\/schema\/logo\/image\/","url":"https:\/\/www.missoeshumanitarias.org\/wp-content\/uploads\/2020\/05\/logo-FMHI-mg.png","contentUrl":"https:\/\/www.missoeshumanitarias.org\/wp-content\/uploads\/2020\/05\/logo-FMHI-mg.png","width":520,"height":134,"caption":"Fraternidade - Miss\u00f5es Humanit\u00e1rias Internacionais"},"image":{"@id":"https:\/\/www.missoeshumanitarias.org\/es\/#\/schema\/logo\/image\/"}},{"@type":"Person","@id":"https:\/\/www.missoeshumanitarias.org\/es\/#\/schema\/person\/e0f8527323154d1eba9f9d9eb6b401f7","name":"maducato_admin","image":{"@type":"ImageObject","inLanguage":"es","@id":"https:\/\/www.missoeshumanitarias.org\/es\/#\/schema\/person\/image\/","url":"https:\/\/secure.gravatar.com\/avatar\/6c3b45186a8f5a459d8e14c7fca370bceae92402bc06171d75e4e559b6c24393?s=96&d=mm&r=g","contentUrl":"https:\/\/secure.gravatar.com\/avatar\/6c3b45186a8f5a459d8e14c7fca370bceae92402bc06171d75e4e559b6c24393?s=96&d=mm&r=g","caption":"maducato_admin"}}]}},"_links":{"self":[{"href":"https:\/\/www.missoeshumanitarias.org\/es\/wp-json\/wp\/v2\/posts\/131877","targetHints":{"allow":["GET"]}}],"collection":[{"href":"https:\/\/www.missoeshumanitarias.org\/es\/wp-json\/wp\/v2\/posts"}],"about":[{"href":"https:\/\/www.missoeshumanitarias.org\/es\/wp-json\/wp\/v2\/types\/post"}],"author":[{"embeddable":true,"href":"https:\/\/www.missoeshumanitarias.org\/es\/wp-json\/wp\/v2\/users\/1"}],"replies":[{"embeddable":true,"href":"https:\/\/www.missoeshumanitarias.org\/es\/wp-json\/wp\/v2\/comments?post=131877"}],"version-history":[{"count":0,"href":"https:\/\/www.missoeshumanitarias.org\/es\/wp-json\/wp\/v2\/posts\/131877\/revisions"}],"wp:featuredmedia":[{"embeddable":true,"href":"https:\/\/www.missoeshumanitarias.org\/es\/wp-json\/wp\/v2\/media\/128358"}],"wp:attachment":[{"href":"https:\/\/www.missoeshumanitarias.org\/es\/wp-json\/wp\/v2\/media?parent=131877"}],"wp:term":[{"taxonomy":"category","embeddable":true,"href":"https:\/\/www.missoeshumanitarias.org\/es\/wp-json\/wp\/v2\/categories?post=131877"},{"taxonomy":"post_tag","embeddable":true,"href":"https:\/\/www.missoeshumanitarias.org\/es\/wp-json\/wp\/v2\/tags?post=131877"}],"curies":[{"name":"wp","href":"https:\/\/api.w.org\/{rel}","templated":true}]}}