{"id":131893,"date":"2019-06-22T23:08:48","date_gmt":"2019-06-23T02:08:48","guid":{"rendered":"https:\/\/www.missoeshumanitarias.org\/22-a-mision-humanitaria-libano-angola-confraternizacion-en-el-valle-de-beqaa\/"},"modified":"2023-02-16T19:04:26","modified_gmt":"2023-02-16T22:04:26","slug":"22-a-mision-humanitaria-libano-angola-confraternizacion-en-el-valle-de-beqaa","status":"publish","type":"post","link":"https:\/\/www.missoeshumanitarias.org\/es\/22-a-mision-humanitaria-libano-angola-confraternizacion-en-el-valle-de-beqaa\/","title":{"rendered":"22.\u00aa Misi\u00f3n Humanitaria L\u00edbano Angola, confraternizaci\u00f3n en el Valle de Beqaa"},"content":{"rendered":"<p><iframe title=\"22\u00aa Miss\u00e3o Humanit\u00e1ria L\u00edbano e Angola, momento de confraterniza\u00e7\u00e3o no Vale do Beqaa - PT\" width=\"800\" height=\"450\" src=\"https:\/\/www.youtube.com\/embed\/1uneCAD1b8k?feature=oembed\" frameborder=\"0\" allow=\"accelerometer; autoplay; clipboard-write; encrypted-media; gyroscope; picture-in-picture\" allowfullscreen><\/iframe><\/p>\n<p>La 22.\u00aa Misi\u00f3n Humanitaria de la Fraternidade \u2013 Misiones Humanitarias Internacionales ya lleg\u00f3 a Angola en esta semana, como ya mostramos aqu\u00ed en el Facebook (vea m\u00e1s abajo), donde est\u00e1 totalmente concentrada en ayudar a la Obra de Caridad de la Infancia Santa Isabel, que atiende 120 ni\u00f1os y adolescentes en situaci\u00f3n de carencia en Luanda, capital angolana.<\/p>\n<p>Pero la Fraternidade todav\u00eda tiene algunos<span class=\"m_288035278258806882m_5327650677187893526text_exposed_show\">\u00a0momentos muy especiales para compartir de la integraci\u00f3n de su equipo con Molham Volunteering Team y los 26 ni\u00f1os que est\u00e1n bajo los cuidados de esta instituci\u00f3n, creada por refugiados sirios que huyeron de la guerra civil que asola el pa\u00eds desde hace algunos a\u00f1os. Molham est\u00e1 localizada en el Valle de Beqaa, distante 20 km de la frontera con el L\u00edbano con Siria.<\/span><\/p>\n<div class=\"m_288035278258806882m_5327650677187893526text_exposed_show\">\n<p>Estos momentos son parte de las ponencias grabadas en el L\u00edbano por algunos de los voluntarios que emprendieron la tarea de llevar ayuda humanitaria a los refugiados. Vea la ponencia de Rosi Freitas coordinadora de la 22.\u00aa Misi\u00f3n Humanitaria L\u00edbano y Angola.<\/p>\n<\/div>\n<p>&nbsp;<\/p>\n","protected":false},"excerpt":{"rendered":"<p>La 22.\u00aa Misi\u00f3n Humanitaria de la Fraternidade \u2013 Misiones Humanitarias Internacionales ya lleg\u00f3 a Angola en esta semana, como ya mostramos aqu\u00ed en el Facebook (vea m\u00e1s abajo), donde est\u00e1 totalmente concentrada en ayudar a la Obra de Caridad de la Infancia Santa Isabel, que atiende 120 ni\u00f1os y adolescentes en situaci\u00f3n de carencia en [&hellip;]<\/p>\n","protected":false},"author":1,"featured_media":0,"comment_status":"open","ping_status":"open","sticky":false,"template":"","format":"standard","meta":{"footnotes":""},"categories":[43,131],"tags":[194],"class_list":["post-131893","post","type-post","status-publish","format-standard","hentry","category-noticias-es","category-noticias-de-las-misiones","tag-mision-angola"],"featured_image_src":null,"author_info":{"display_name":"maducato_admin","author_link":"https:\/\/www.missoeshumanitarias.org\/es\/author\/maducato_admin\/"},"yoast_head":"<!-- This site is optimized with the Yoast SEO Premium plugin v22.5 (Yoast SEO v22.5) - https:\/\/yoast.com\/wordpress\/plugins\/seo\/ -->\n<title>22.\u00aa Misi\u00f3n Humanitaria L\u00edbano Angola, confraternizaci\u00f3n en el Valle de Beqaa - Fraternidade Miss\u00f5es Humanit\u00e1rias Internacionais<\/title>\n<meta name=\"robots\" content=\"index, follow, max-snippet:-1, max-image-preview:large, max-video-preview:-1\" \/>\n<link rel=\"canonical\" href=\"https:\/\/www.missoeshumanitarias.org\/es\/22-a-mision-humanitaria-libano-angola-confraternizacion-en-el-valle-de-beqaa\/\" \/>\n<meta property=\"og:locale\" content=\"es_ES\" \/>\n<meta property=\"og:type\" content=\"article\" \/>\n<meta property=\"og:title\" content=\"22.\u00aa Misi\u00f3n Humanitaria L\u00edbano Angola, confraternizaci\u00f3n en el Valle de Beqaa\" \/>\n<meta property=\"og:description\" content=\"La 22.\u00aa Misi\u00f3n Humanitaria de la Fraternidade \u2013 Misiones Humanitarias Internacionales ya lleg\u00f3 a Angola en esta semana, como ya mostramos aqu\u00ed en el Facebook (vea m\u00e1s abajo), donde est\u00e1 totalmente concentrada en ayudar a la Obra de Caridad de la Infancia Santa Isabel, que atiende 120 ni\u00f1os y adolescentes en situaci\u00f3n de carencia en [&hellip;]\" \/>\n<meta property=\"og:url\" content=\"https:\/\/www.missoeshumanitarias.org\/es\/22-a-mision-humanitaria-libano-angola-confraternizacion-en-el-valle-de-beqaa\/\" \/>\n<meta property=\"og:site_name\" content=\"Fraternidade Miss\u00f5es Humanit\u00e1rias Internacionais\" \/>\n<meta property=\"article:published_time\" content=\"2019-06-23T02:08:48+00:00\" \/>\n<meta property=\"article:modified_time\" content=\"2023-02-16T22:04:26+00:00\" \/>\n<meta name=\"author\" content=\"maducato_admin\" \/>\n<meta name=\"twitter:card\" content=\"summary_large_image\" \/>\n<meta name=\"twitter:label1\" content=\"Escrito por\" \/>\n\t<meta name=\"twitter:data1\" content=\"maducato_admin\" \/>\n\t<meta name=\"twitter:label2\" content=\"Tiempo de lectura\" \/>\n\t<meta name=\"twitter:data2\" content=\"1 minuto\" \/>\n<script type=\"application\/ld+json\" class=\"yoast-schema-graph\">{\"@context\":\"https:\/\/schema.org\",\"@graph\":[{\"@type\":\"Article\",\"@id\":\"https:\/\/www.missoeshumanitarias.org\/es\/22-a-mision-humanitaria-libano-angola-confraternizacion-en-el-valle-de-beqaa\/#article\",\"isPartOf\":{\"@id\":\"https:\/\/www.missoeshumanitarias.org\/es\/22-a-mision-humanitaria-libano-angola-confraternizacion-en-el-valle-de-beqaa\/\"},\"author\":{\"name\":\"maducato_admin\",\"@id\":\"https:\/\/www.missoeshumanitarias.org\/es\/#\/schema\/person\/e0f8527323154d1eba9f9d9eb6b401f7\"},\"headline\":\"22.\u00aa Misi\u00f3n Humanitaria L\u00edbano Angola, confraternizaci\u00f3n en el Valle de Beqaa\",\"datePublished\":\"2019-06-23T02:08:48+00:00\",\"dateModified\":\"2023-02-16T22:04:26+00:00\",\"mainEntityOfPage\":{\"@id\":\"https:\/\/www.missoeshumanitarias.org\/es\/22-a-mision-humanitaria-libano-angola-confraternizacion-en-el-valle-de-beqaa\/\"},\"wordCount\":199,\"commentCount\":0,\"publisher\":{\"@id\":\"https:\/\/www.missoeshumanitarias.org\/es\/#organization\"},\"keywords\":[\"Misi\u00f3n Angola\"],\"articleSection\":[\"Noticias\",\"Noticias de las Misiones\"],\"inLanguage\":\"es\",\"potentialAction\":[{\"@type\":\"CommentAction\",\"name\":\"Comment\",\"target\":[\"https:\/\/www.missoeshumanitarias.org\/es\/22-a-mision-humanitaria-libano-angola-confraternizacion-en-el-valle-de-beqaa\/#respond\"]}]},{\"@type\":\"WebPage\",\"@id\":\"https:\/\/www.missoeshumanitarias.org\/es\/22-a-mision-humanitaria-libano-angola-confraternizacion-en-el-valle-de-beqaa\/\",\"url\":\"https:\/\/www.missoeshumanitarias.org\/es\/22-a-mision-humanitaria-libano-angola-confraternizacion-en-el-valle-de-beqaa\/\",\"name\":\"22.\u00aa Misi\u00f3n Humanitaria L\u00edbano Angola, confraternizaci\u00f3n en el Valle de Beqaa - Fraternidade Miss\u00f5es Humanit\u00e1rias Internacionais\",\"isPartOf\":{\"@id\":\"https:\/\/www.missoeshumanitarias.org\/es\/#website\"},\"datePublished\":\"2019-06-23T02:08:48+00:00\",\"dateModified\":\"2023-02-16T22:04:26+00:00\",\"breadcrumb\":{\"@id\":\"https:\/\/www.missoeshumanitarias.org\/es\/22-a-mision-humanitaria-libano-angola-confraternizacion-en-el-valle-de-beqaa\/#breadcrumb\"},\"inLanguage\":\"es\",\"potentialAction\":[{\"@type\":\"ReadAction\",\"target\":[\"https:\/\/www.missoeshumanitarias.org\/es\/22-a-mision-humanitaria-libano-angola-confraternizacion-en-el-valle-de-beqaa\/\"]}]},{\"@type\":\"BreadcrumbList\",\"@id\":\"https:\/\/www.missoeshumanitarias.org\/es\/22-a-mision-humanitaria-libano-angola-confraternizacion-en-el-valle-de-beqaa\/#breadcrumb\",\"itemListElement\":[{\"@type\":\"ListItem\",\"position\":1,\"name\":\"Home\",\"item\":\"https:\/\/www.missoeshumanitarias.org\/en\/\"},{\"@type\":\"ListItem\",\"position\":2,\"name\":\"22.\u00aa Misi\u00f3n Humanitaria L\u00edbano Angola, confraternizaci\u00f3n en el Valle de Beqaa\"}]},{\"@type\":\"WebSite\",\"@id\":\"https:\/\/www.missoeshumanitarias.org\/es\/#website\",\"url\":\"https:\/\/www.missoeshumanitarias.org\/es\/\",\"name\":\"Fraternidade Miss\u00f5es Humanit\u00e1rias Internacionais\",\"description\":\"Respostas Humanit\u00e1rias e Emerg\u00eancias\",\"publisher\":{\"@id\":\"https:\/\/www.missoeshumanitarias.org\/es\/#organization\"},\"potentialAction\":[{\"@type\":\"SearchAction\",\"target\":{\"@type\":\"EntryPoint\",\"urlTemplate\":\"https:\/\/www.missoeshumanitarias.org\/es\/?s={search_term_string}\"},\"query-input\":\"required name=search_term_string\"}],\"inLanguage\":\"es\"},{\"@type\":\"Organization\",\"@id\":\"https:\/\/www.missoeshumanitarias.org\/es\/#organization\",\"name\":\"Fraternidade - Miss\u00f5es Humanit\u00e1rias Internacionais\",\"url\":\"https:\/\/www.missoeshumanitarias.org\/es\/\",\"logo\":{\"@type\":\"ImageObject\",\"inLanguage\":\"es\",\"@id\":\"https:\/\/www.missoeshumanitarias.org\/es\/#\/schema\/logo\/image\/\",\"url\":\"https:\/\/www.missoeshumanitarias.org\/wp-content\/uploads\/2020\/05\/logo-FMHI-mg.png\",\"contentUrl\":\"https:\/\/www.missoeshumanitarias.org\/wp-content\/uploads\/2020\/05\/logo-FMHI-mg.png\",\"width\":520,\"height\":134,\"caption\":\"Fraternidade - Miss\u00f5es Humanit\u00e1rias Internacionais\"},\"image\":{\"@id\":\"https:\/\/www.missoeshumanitarias.org\/es\/#\/schema\/logo\/image\/\"}},{\"@type\":\"Person\",\"@id\":\"https:\/\/www.missoeshumanitarias.org\/es\/#\/schema\/person\/e0f8527323154d1eba9f9d9eb6b401f7\",\"name\":\"maducato_admin\",\"image\":{\"@type\":\"ImageObject\",\"inLanguage\":\"es\",\"@id\":\"https:\/\/www.missoeshumanitarias.org\/es\/#\/schema\/person\/image\/\",\"url\":\"https:\/\/secure.gravatar.com\/avatar\/6c3b45186a8f5a459d8e14c7fca370bceae92402bc06171d75e4e559b6c24393?s=96&d=mm&r=g\",\"contentUrl\":\"https:\/\/secure.gravatar.com\/avatar\/6c3b45186a8f5a459d8e14c7fca370bceae92402bc06171d75e4e559b6c24393?s=96&d=mm&r=g\",\"caption\":\"maducato_admin\"}}]}<\/script>\n<!-- \/ Yoast SEO Premium plugin. -->","yoast_head_json":{"title":"22.\u00aa Misi\u00f3n Humanitaria L\u00edbano Angola, confraternizaci\u00f3n en el Valle de Beqaa - Fraternidade Miss\u00f5es Humanit\u00e1rias Internacionais","robots":{"index":"index","follow":"follow","max-snippet":"max-snippet:-1","max-image-preview":"max-image-preview:large","max-video-preview":"max-video-preview:-1"},"canonical":"https:\/\/www.missoeshumanitarias.org\/es\/22-a-mision-humanitaria-libano-angola-confraternizacion-en-el-valle-de-beqaa\/","og_locale":"es_ES","og_type":"article","og_title":"22.\u00aa Misi\u00f3n Humanitaria L\u00edbano Angola, confraternizaci\u00f3n en el Valle de Beqaa","og_description":"La 22.\u00aa Misi\u00f3n Humanitaria de la Fraternidade \u2013 Misiones Humanitarias Internacionales ya lleg\u00f3 a Angola en esta semana, como ya mostramos aqu\u00ed en el Facebook (vea m\u00e1s abajo), donde est\u00e1 totalmente concentrada en ayudar a la Obra de Caridad de la Infancia Santa Isabel, que atiende 120 ni\u00f1os y adolescentes en situaci\u00f3n de carencia en [&hellip;]","og_url":"https:\/\/www.missoeshumanitarias.org\/es\/22-a-mision-humanitaria-libano-angola-confraternizacion-en-el-valle-de-beqaa\/","og_site_name":"Fraternidade Miss\u00f5es Humanit\u00e1rias Internacionais","article_published_time":"2019-06-23T02:08:48+00:00","article_modified_time":"2023-02-16T22:04:26+00:00","author":"maducato_admin","twitter_card":"summary_large_image","twitter_misc":{"Escrito por":"maducato_admin","Tiempo de lectura":"1 minuto"},"schema":{"@context":"https:\/\/schema.org","@graph":[{"@type":"Article","@id":"https:\/\/www.missoeshumanitarias.org\/es\/22-a-mision-humanitaria-libano-angola-confraternizacion-en-el-valle-de-beqaa\/#article","isPartOf":{"@id":"https:\/\/www.missoeshumanitarias.org\/es\/22-a-mision-humanitaria-libano-angola-confraternizacion-en-el-valle-de-beqaa\/"},"author":{"name":"maducato_admin","@id":"https:\/\/www.missoeshumanitarias.org\/es\/#\/schema\/person\/e0f8527323154d1eba9f9d9eb6b401f7"},"headline":"22.\u00aa Misi\u00f3n Humanitaria L\u00edbano Angola, confraternizaci\u00f3n en el Valle de Beqaa","datePublished":"2019-06-23T02:08:48+00:00","dateModified":"2023-02-16T22:04:26+00:00","mainEntityOfPage":{"@id":"https:\/\/www.missoeshumanitarias.org\/es\/22-a-mision-humanitaria-libano-angola-confraternizacion-en-el-valle-de-beqaa\/"},"wordCount":199,"commentCount":0,"publisher":{"@id":"https:\/\/www.missoeshumanitarias.org\/es\/#organization"},"keywords":["Misi\u00f3n Angola"],"articleSection":["Noticias","Noticias de las Misiones"],"inLanguage":"es","potentialAction":[{"@type":"CommentAction","name":"Comment","target":["https:\/\/www.missoeshumanitarias.org\/es\/22-a-mision-humanitaria-libano-angola-confraternizacion-en-el-valle-de-beqaa\/#respond"]}]},{"@type":"WebPage","@id":"https:\/\/www.missoeshumanitarias.org\/es\/22-a-mision-humanitaria-libano-angola-confraternizacion-en-el-valle-de-beqaa\/","url":"https:\/\/www.missoeshumanitarias.org\/es\/22-a-mision-humanitaria-libano-angola-confraternizacion-en-el-valle-de-beqaa\/","name":"22.\u00aa Misi\u00f3n Humanitaria L\u00edbano Angola, confraternizaci\u00f3n en el Valle de Beqaa - Fraternidade Miss\u00f5es Humanit\u00e1rias Internacionais","isPartOf":{"@id":"https:\/\/www.missoeshumanitarias.org\/es\/#website"},"datePublished":"2019-06-23T02:08:48+00:00","dateModified":"2023-02-16T22:04:26+00:00","breadcrumb":{"@id":"https:\/\/www.missoeshumanitarias.org\/es\/22-a-mision-humanitaria-libano-angola-confraternizacion-en-el-valle-de-beqaa\/#breadcrumb"},"inLanguage":"es","potentialAction":[{"@type":"ReadAction","target":["https:\/\/www.missoeshumanitarias.org\/es\/22-a-mision-humanitaria-libano-angola-confraternizacion-en-el-valle-de-beqaa\/"]}]},{"@type":"BreadcrumbList","@id":"https:\/\/www.missoeshumanitarias.org\/es\/22-a-mision-humanitaria-libano-angola-confraternizacion-en-el-valle-de-beqaa\/#breadcrumb","itemListElement":[{"@type":"ListItem","position":1,"name":"Home","item":"https:\/\/www.missoeshumanitarias.org\/en\/"},{"@type":"ListItem","position":2,"name":"22.\u00aa Misi\u00f3n Humanitaria L\u00edbano Angola, confraternizaci\u00f3n en el Valle de Beqaa"}]},{"@type":"WebSite","@id":"https:\/\/www.missoeshumanitarias.org\/es\/#website","url":"https:\/\/www.missoeshumanitarias.org\/es\/","name":"Fraternidade Miss\u00f5es Humanit\u00e1rias Internacionais","description":"Respostas Humanit\u00e1rias e Emerg\u00eancias","publisher":{"@id":"https:\/\/www.missoeshumanitarias.org\/es\/#organization"},"potentialAction":[{"@type":"SearchAction","target":{"@type":"EntryPoint","urlTemplate":"https:\/\/www.missoeshumanitarias.org\/es\/?s={search_term_string}"},"query-input":"required name=search_term_string"}],"inLanguage":"es"},{"@type":"Organization","@id":"https:\/\/www.missoeshumanitarias.org\/es\/#organization","name":"Fraternidade - Miss\u00f5es Humanit\u00e1rias Internacionais","url":"https:\/\/www.missoeshumanitarias.org\/es\/","logo":{"@type":"ImageObject","inLanguage":"es","@id":"https:\/\/www.missoeshumanitarias.org\/es\/#\/schema\/logo\/image\/","url":"https:\/\/www.missoeshumanitarias.org\/wp-content\/uploads\/2020\/05\/logo-FMHI-mg.png","contentUrl":"https:\/\/www.missoeshumanitarias.org\/wp-content\/uploads\/2020\/05\/logo-FMHI-mg.png","width":520,"height":134,"caption":"Fraternidade - Miss\u00f5es Humanit\u00e1rias Internacionais"},"image":{"@id":"https:\/\/www.missoeshumanitarias.org\/es\/#\/schema\/logo\/image\/"}},{"@type":"Person","@id":"https:\/\/www.missoeshumanitarias.org\/es\/#\/schema\/person\/e0f8527323154d1eba9f9d9eb6b401f7","name":"maducato_admin","image":{"@type":"ImageObject","inLanguage":"es","@id":"https:\/\/www.missoeshumanitarias.org\/es\/#\/schema\/person\/image\/","url":"https:\/\/secure.gravatar.com\/avatar\/6c3b45186a8f5a459d8e14c7fca370bceae92402bc06171d75e4e559b6c24393?s=96&d=mm&r=g","contentUrl":"https:\/\/secure.gravatar.com\/avatar\/6c3b45186a8f5a459d8e14c7fca370bceae92402bc06171d75e4e559b6c24393?s=96&d=mm&r=g","caption":"maducato_admin"}}]}},"_links":{"self":[{"href":"https:\/\/www.missoeshumanitarias.org\/es\/wp-json\/wp\/v2\/posts\/131893","targetHints":{"allow":["GET"]}}],"collection":[{"href":"https:\/\/www.missoeshumanitarias.org\/es\/wp-json\/wp\/v2\/posts"}],"about":[{"href":"https:\/\/www.missoeshumanitarias.org\/es\/wp-json\/wp\/v2\/types\/post"}],"author":[{"embeddable":true,"href":"https:\/\/www.missoeshumanitarias.org\/es\/wp-json\/wp\/v2\/users\/1"}],"replies":[{"embeddable":true,"href":"https:\/\/www.missoeshumanitarias.org\/es\/wp-json\/wp\/v2\/comments?post=131893"}],"version-history":[{"count":0,"href":"https:\/\/www.missoeshumanitarias.org\/es\/wp-json\/wp\/v2\/posts\/131893\/revisions"}],"wp:attachment":[{"href":"https:\/\/www.missoeshumanitarias.org\/es\/wp-json\/wp\/v2\/media?parent=131893"}],"wp:term":[{"taxonomy":"category","embeddable":true,"href":"https:\/\/www.missoeshumanitarias.org\/es\/wp-json\/wp\/v2\/categories?post=131893"},{"taxonomy":"post_tag","embeddable":true,"href":"https:\/\/www.missoeshumanitarias.org\/es\/wp-json\/wp\/v2\/tags?post=131893"}],"curies":[{"name":"wp","href":"https:\/\/api.w.org\/{rel}","templated":true}]}}