{"id":131894,"date":"2019-06-28T16:16:02","date_gmt":"2019-06-28T19:16:02","guid":{"rendered":"https:\/\/www.missoeshumanitarias.org\/22-a-mision-humanitaria-libano-y-angola-marcando-vidas\/"},"modified":"2023-02-16T19:04:23","modified_gmt":"2023-02-16T22:04:23","slug":"22-a-mision-humanitaria-libano-y-angola-marcando-vidas","status":"publish","type":"post","link":"https:\/\/www.missoeshumanitarias.org\/es\/22-a-mision-humanitaria-libano-y-angola-marcando-vidas\/","title":{"rendered":"22.\u00aa Misi\u00f3n Humanitaria L\u00edbano y Angola, marcando vidas"},"content":{"rendered":"<p>La 22.\u00aa Misi\u00f3n de la Fraternidade &#8211; Misiones Humanitarias Internacionales es una experiencia transformadora, dice M\u00e1rcia Lauz. Misionera que integra el equipo que llev\u00f3 ayuda humanitaria a dos instituciones en el L\u00edbano, en la capital Beirut y en el Valle del Beqaa, donde la Fraternidad inici\u00f3 la 22.\u00aa Misi\u00f3n. En el valle del Beqaa, las actividades fueron desarrolladas en la Moham Volunteering, creada por refugiados sirios que huyeron de la guerra civil que asol\u00f3 el pa\u00eds hace algunos a\u00f1os. La entidad cuida de veintis\u00e9is ni\u00f1os, la mayor\u00eda hu\u00e9rfanos y tambi\u00e9n refugiados.<\/p>\n<p><iframe title=\"Misi\u00f3n Humanitaria L\u00edbano y Angola, experiencia transformadora - ES\" width=\"800\" height=\"450\" src=\"https:\/\/www.youtube.com\/embed\/aU0NFMPugyI?feature=oembed\" frameborder=\"0\" allow=\"accelerometer; autoplay; clipboard-write; encrypted-media; gyroscope; picture-in-picture\" allowfullscreen><\/iframe><\/p>\n","protected":false},"excerpt":{"rendered":"<p>La 22.\u00aa Misi\u00f3n de la Fraternidade &#8211; Misiones Humanitarias Internacionales es una experiencia transformadora, dice M\u00e1rcia Lauz. Misionera que integra el equipo que llev\u00f3 ayuda humanitaria a dos instituciones en el L\u00edbano, en la capital Beirut y en el Valle del Beqaa, donde la Fraternidad inici\u00f3 la 22.\u00aa Misi\u00f3n. En el valle del Beqaa, las [&hellip;]<\/p>\n","protected":false},"author":1,"featured_media":0,"comment_status":"open","ping_status":"open","sticky":false,"template":"","format":"standard","meta":{"footnotes":""},"categories":[43,131],"tags":[194],"class_list":["post-131894","post","type-post","status-publish","format-standard","hentry","category-noticias-es","category-noticias-de-las-misiones","tag-mision-angola"],"featured_image_src":null,"author_info":{"display_name":"maducato_admin","author_link":"https:\/\/www.missoeshumanitarias.org\/es\/author\/maducato_admin\/"},"yoast_head":"<!-- This site is optimized with the Yoast SEO Premium plugin v22.5 (Yoast SEO v22.5) - https:\/\/yoast.com\/wordpress\/plugins\/seo\/ -->\n<title>22.\u00aa Misi\u00f3n Humanitaria L\u00edbano y Angola, marcando vidas - Fraternidade Miss\u00f5es Humanit\u00e1rias Internacionais<\/title>\n<meta name=\"robots\" content=\"index, follow, max-snippet:-1, max-image-preview:large, max-video-preview:-1\" \/>\n<link rel=\"canonical\" href=\"https:\/\/www.missoeshumanitarias.org\/es\/22-a-mision-humanitaria-libano-y-angola-marcando-vidas\/\" \/>\n<meta property=\"og:locale\" content=\"es_ES\" \/>\n<meta property=\"og:type\" content=\"article\" \/>\n<meta property=\"og:title\" content=\"22.\u00aa Misi\u00f3n Humanitaria L\u00edbano y Angola, marcando vidas\" \/>\n<meta property=\"og:description\" content=\"La 22.\u00aa Misi\u00f3n de la Fraternidade &#8211; Misiones Humanitarias Internacionales es una experiencia transformadora, dice M\u00e1rcia Lauz. Misionera que integra el equipo que llev\u00f3 ayuda humanitaria a dos instituciones en el L\u00edbano, en la capital Beirut y en el Valle del Beqaa, donde la Fraternidad inici\u00f3 la 22.\u00aa Misi\u00f3n. En el valle del Beqaa, las [&hellip;]\" \/>\n<meta property=\"og:url\" content=\"https:\/\/www.missoeshumanitarias.org\/es\/22-a-mision-humanitaria-libano-y-angola-marcando-vidas\/\" \/>\n<meta property=\"og:site_name\" content=\"Fraternidade Miss\u00f5es Humanit\u00e1rias Internacionais\" \/>\n<meta property=\"article:published_time\" content=\"2019-06-28T19:16:02+00:00\" \/>\n<meta property=\"article:modified_time\" content=\"2023-02-16T22:04:23+00:00\" \/>\n<meta name=\"author\" content=\"maducato_admin\" \/>\n<meta name=\"twitter:card\" content=\"summary_large_image\" \/>\n<meta name=\"twitter:label1\" content=\"Escrito por\" \/>\n\t<meta name=\"twitter:data1\" content=\"maducato_admin\" \/>\n\t<meta name=\"twitter:label2\" content=\"Tiempo de lectura\" \/>\n\t<meta name=\"twitter:data2\" content=\"1 minuto\" \/>\n<script type=\"application\/ld+json\" class=\"yoast-schema-graph\">{\"@context\":\"https:\/\/schema.org\",\"@graph\":[{\"@type\":\"Article\",\"@id\":\"https:\/\/www.missoeshumanitarias.org\/es\/22-a-mision-humanitaria-libano-y-angola-marcando-vidas\/#article\",\"isPartOf\":{\"@id\":\"https:\/\/www.missoeshumanitarias.org\/es\/22-a-mision-humanitaria-libano-y-angola-marcando-vidas\/\"},\"author\":{\"name\":\"maducato_admin\",\"@id\":\"https:\/\/www.missoeshumanitarias.org\/es\/#\/schema\/person\/e0f8527323154d1eba9f9d9eb6b401f7\"},\"headline\":\"22.\u00aa Misi\u00f3n Humanitaria L\u00edbano y Angola, marcando vidas\",\"datePublished\":\"2019-06-28T19:16:02+00:00\",\"dateModified\":\"2023-02-16T22:04:23+00:00\",\"mainEntityOfPage\":{\"@id\":\"https:\/\/www.missoeshumanitarias.org\/es\/22-a-mision-humanitaria-libano-y-angola-marcando-vidas\/\"},\"wordCount\":114,\"commentCount\":0,\"publisher\":{\"@id\":\"https:\/\/www.missoeshumanitarias.org\/es\/#organization\"},\"keywords\":[\"Misi\u00f3n Angola\"],\"articleSection\":[\"Noticias\",\"Noticias de las Misiones\"],\"inLanguage\":\"es\",\"potentialAction\":[{\"@type\":\"CommentAction\",\"name\":\"Comment\",\"target\":[\"https:\/\/www.missoeshumanitarias.org\/es\/22-a-mision-humanitaria-libano-y-angola-marcando-vidas\/#respond\"]}]},{\"@type\":\"WebPage\",\"@id\":\"https:\/\/www.missoeshumanitarias.org\/es\/22-a-mision-humanitaria-libano-y-angola-marcando-vidas\/\",\"url\":\"https:\/\/www.missoeshumanitarias.org\/es\/22-a-mision-humanitaria-libano-y-angola-marcando-vidas\/\",\"name\":\"22.\u00aa Misi\u00f3n Humanitaria L\u00edbano y Angola, marcando vidas - Fraternidade Miss\u00f5es Humanit\u00e1rias Internacionais\",\"isPartOf\":{\"@id\":\"https:\/\/www.missoeshumanitarias.org\/es\/#website\"},\"datePublished\":\"2019-06-28T19:16:02+00:00\",\"dateModified\":\"2023-02-16T22:04:23+00:00\",\"breadcrumb\":{\"@id\":\"https:\/\/www.missoeshumanitarias.org\/es\/22-a-mision-humanitaria-libano-y-angola-marcando-vidas\/#breadcrumb\"},\"inLanguage\":\"es\",\"potentialAction\":[{\"@type\":\"ReadAction\",\"target\":[\"https:\/\/www.missoeshumanitarias.org\/es\/22-a-mision-humanitaria-libano-y-angola-marcando-vidas\/\"]}]},{\"@type\":\"BreadcrumbList\",\"@id\":\"https:\/\/www.missoeshumanitarias.org\/es\/22-a-mision-humanitaria-libano-y-angola-marcando-vidas\/#breadcrumb\",\"itemListElement\":[{\"@type\":\"ListItem\",\"position\":1,\"name\":\"Home\",\"item\":\"https:\/\/www.missoeshumanitarias.org\/en\/\"},{\"@type\":\"ListItem\",\"position\":2,\"name\":\"22.\u00aa Misi\u00f3n Humanitaria L\u00edbano y Angola, marcando vidas\"}]},{\"@type\":\"WebSite\",\"@id\":\"https:\/\/www.missoeshumanitarias.org\/es\/#website\",\"url\":\"https:\/\/www.missoeshumanitarias.org\/es\/\",\"name\":\"Fraternidade Miss\u00f5es Humanit\u00e1rias Internacionais\",\"description\":\"Respostas Humanit\u00e1rias e Emerg\u00eancias\",\"publisher\":{\"@id\":\"https:\/\/www.missoeshumanitarias.org\/es\/#organization\"},\"potentialAction\":[{\"@type\":\"SearchAction\",\"target\":{\"@type\":\"EntryPoint\",\"urlTemplate\":\"https:\/\/www.missoeshumanitarias.org\/es\/?s={search_term_string}\"},\"query-input\":\"required name=search_term_string\"}],\"inLanguage\":\"es\"},{\"@type\":\"Organization\",\"@id\":\"https:\/\/www.missoeshumanitarias.org\/es\/#organization\",\"name\":\"Fraternidade - Miss\u00f5es Humanit\u00e1rias Internacionais\",\"url\":\"https:\/\/www.missoeshumanitarias.org\/es\/\",\"logo\":{\"@type\":\"ImageObject\",\"inLanguage\":\"es\",\"@id\":\"https:\/\/www.missoeshumanitarias.org\/es\/#\/schema\/logo\/image\/\",\"url\":\"https:\/\/www.missoeshumanitarias.org\/wp-content\/uploads\/2020\/05\/logo-FMHI-mg.png\",\"contentUrl\":\"https:\/\/www.missoeshumanitarias.org\/wp-content\/uploads\/2020\/05\/logo-FMHI-mg.png\",\"width\":520,\"height\":134,\"caption\":\"Fraternidade - Miss\u00f5es Humanit\u00e1rias Internacionais\"},\"image\":{\"@id\":\"https:\/\/www.missoeshumanitarias.org\/es\/#\/schema\/logo\/image\/\"}},{\"@type\":\"Person\",\"@id\":\"https:\/\/www.missoeshumanitarias.org\/es\/#\/schema\/person\/e0f8527323154d1eba9f9d9eb6b401f7\",\"name\":\"maducato_admin\",\"image\":{\"@type\":\"ImageObject\",\"inLanguage\":\"es\",\"@id\":\"https:\/\/www.missoeshumanitarias.org\/es\/#\/schema\/person\/image\/\",\"url\":\"https:\/\/secure.gravatar.com\/avatar\/6c3b45186a8f5a459d8e14c7fca370bceae92402bc06171d75e4e559b6c24393?s=96&d=mm&r=g\",\"contentUrl\":\"https:\/\/secure.gravatar.com\/avatar\/6c3b45186a8f5a459d8e14c7fca370bceae92402bc06171d75e4e559b6c24393?s=96&d=mm&r=g\",\"caption\":\"maducato_admin\"}}]}<\/script>\n<!-- \/ Yoast SEO Premium plugin. -->","yoast_head_json":{"title":"22.\u00aa Misi\u00f3n Humanitaria L\u00edbano y Angola, marcando vidas - Fraternidade Miss\u00f5es Humanit\u00e1rias Internacionais","robots":{"index":"index","follow":"follow","max-snippet":"max-snippet:-1","max-image-preview":"max-image-preview:large","max-video-preview":"max-video-preview:-1"},"canonical":"https:\/\/www.missoeshumanitarias.org\/es\/22-a-mision-humanitaria-libano-y-angola-marcando-vidas\/","og_locale":"es_ES","og_type":"article","og_title":"22.\u00aa Misi\u00f3n Humanitaria L\u00edbano y Angola, marcando vidas","og_description":"La 22.\u00aa Misi\u00f3n de la Fraternidade &#8211; Misiones Humanitarias Internacionales es una experiencia transformadora, dice M\u00e1rcia Lauz. Misionera que integra el equipo que llev\u00f3 ayuda humanitaria a dos instituciones en el L\u00edbano, en la capital Beirut y en el Valle del Beqaa, donde la Fraternidad inici\u00f3 la 22.\u00aa Misi\u00f3n. En el valle del Beqaa, las [&hellip;]","og_url":"https:\/\/www.missoeshumanitarias.org\/es\/22-a-mision-humanitaria-libano-y-angola-marcando-vidas\/","og_site_name":"Fraternidade Miss\u00f5es Humanit\u00e1rias Internacionais","article_published_time":"2019-06-28T19:16:02+00:00","article_modified_time":"2023-02-16T22:04:23+00:00","author":"maducato_admin","twitter_card":"summary_large_image","twitter_misc":{"Escrito por":"maducato_admin","Tiempo de lectura":"1 minuto"},"schema":{"@context":"https:\/\/schema.org","@graph":[{"@type":"Article","@id":"https:\/\/www.missoeshumanitarias.org\/es\/22-a-mision-humanitaria-libano-y-angola-marcando-vidas\/#article","isPartOf":{"@id":"https:\/\/www.missoeshumanitarias.org\/es\/22-a-mision-humanitaria-libano-y-angola-marcando-vidas\/"},"author":{"name":"maducato_admin","@id":"https:\/\/www.missoeshumanitarias.org\/es\/#\/schema\/person\/e0f8527323154d1eba9f9d9eb6b401f7"},"headline":"22.\u00aa Misi\u00f3n Humanitaria L\u00edbano y Angola, marcando vidas","datePublished":"2019-06-28T19:16:02+00:00","dateModified":"2023-02-16T22:04:23+00:00","mainEntityOfPage":{"@id":"https:\/\/www.missoeshumanitarias.org\/es\/22-a-mision-humanitaria-libano-y-angola-marcando-vidas\/"},"wordCount":114,"commentCount":0,"publisher":{"@id":"https:\/\/www.missoeshumanitarias.org\/es\/#organization"},"keywords":["Misi\u00f3n Angola"],"articleSection":["Noticias","Noticias de las Misiones"],"inLanguage":"es","potentialAction":[{"@type":"CommentAction","name":"Comment","target":["https:\/\/www.missoeshumanitarias.org\/es\/22-a-mision-humanitaria-libano-y-angola-marcando-vidas\/#respond"]}]},{"@type":"WebPage","@id":"https:\/\/www.missoeshumanitarias.org\/es\/22-a-mision-humanitaria-libano-y-angola-marcando-vidas\/","url":"https:\/\/www.missoeshumanitarias.org\/es\/22-a-mision-humanitaria-libano-y-angola-marcando-vidas\/","name":"22.\u00aa Misi\u00f3n Humanitaria L\u00edbano y Angola, marcando vidas - Fraternidade Miss\u00f5es Humanit\u00e1rias Internacionais","isPartOf":{"@id":"https:\/\/www.missoeshumanitarias.org\/es\/#website"},"datePublished":"2019-06-28T19:16:02+00:00","dateModified":"2023-02-16T22:04:23+00:00","breadcrumb":{"@id":"https:\/\/www.missoeshumanitarias.org\/es\/22-a-mision-humanitaria-libano-y-angola-marcando-vidas\/#breadcrumb"},"inLanguage":"es","potentialAction":[{"@type":"ReadAction","target":["https:\/\/www.missoeshumanitarias.org\/es\/22-a-mision-humanitaria-libano-y-angola-marcando-vidas\/"]}]},{"@type":"BreadcrumbList","@id":"https:\/\/www.missoeshumanitarias.org\/es\/22-a-mision-humanitaria-libano-y-angola-marcando-vidas\/#breadcrumb","itemListElement":[{"@type":"ListItem","position":1,"name":"Home","item":"https:\/\/www.missoeshumanitarias.org\/en\/"},{"@type":"ListItem","position":2,"name":"22.\u00aa Misi\u00f3n Humanitaria L\u00edbano y Angola, marcando vidas"}]},{"@type":"WebSite","@id":"https:\/\/www.missoeshumanitarias.org\/es\/#website","url":"https:\/\/www.missoeshumanitarias.org\/es\/","name":"Fraternidade Miss\u00f5es Humanit\u00e1rias Internacionais","description":"Respostas Humanit\u00e1rias e Emerg\u00eancias","publisher":{"@id":"https:\/\/www.missoeshumanitarias.org\/es\/#organization"},"potentialAction":[{"@type":"SearchAction","target":{"@type":"EntryPoint","urlTemplate":"https:\/\/www.missoeshumanitarias.org\/es\/?s={search_term_string}"},"query-input":"required name=search_term_string"}],"inLanguage":"es"},{"@type":"Organization","@id":"https:\/\/www.missoeshumanitarias.org\/es\/#organization","name":"Fraternidade - Miss\u00f5es Humanit\u00e1rias Internacionais","url":"https:\/\/www.missoeshumanitarias.org\/es\/","logo":{"@type":"ImageObject","inLanguage":"es","@id":"https:\/\/www.missoeshumanitarias.org\/es\/#\/schema\/logo\/image\/","url":"https:\/\/www.missoeshumanitarias.org\/wp-content\/uploads\/2020\/05\/logo-FMHI-mg.png","contentUrl":"https:\/\/www.missoeshumanitarias.org\/wp-content\/uploads\/2020\/05\/logo-FMHI-mg.png","width":520,"height":134,"caption":"Fraternidade - Miss\u00f5es Humanit\u00e1rias Internacionais"},"image":{"@id":"https:\/\/www.missoeshumanitarias.org\/es\/#\/schema\/logo\/image\/"}},{"@type":"Person","@id":"https:\/\/www.missoeshumanitarias.org\/es\/#\/schema\/person\/e0f8527323154d1eba9f9d9eb6b401f7","name":"maducato_admin","image":{"@type":"ImageObject","inLanguage":"es","@id":"https:\/\/www.missoeshumanitarias.org\/es\/#\/schema\/person\/image\/","url":"https:\/\/secure.gravatar.com\/avatar\/6c3b45186a8f5a459d8e14c7fca370bceae92402bc06171d75e4e559b6c24393?s=96&d=mm&r=g","contentUrl":"https:\/\/secure.gravatar.com\/avatar\/6c3b45186a8f5a459d8e14c7fca370bceae92402bc06171d75e4e559b6c24393?s=96&d=mm&r=g","caption":"maducato_admin"}}]}},"_links":{"self":[{"href":"https:\/\/www.missoeshumanitarias.org\/es\/wp-json\/wp\/v2\/posts\/131894","targetHints":{"allow":["GET"]}}],"collection":[{"href":"https:\/\/www.missoeshumanitarias.org\/es\/wp-json\/wp\/v2\/posts"}],"about":[{"href":"https:\/\/www.missoeshumanitarias.org\/es\/wp-json\/wp\/v2\/types\/post"}],"author":[{"embeddable":true,"href":"https:\/\/www.missoeshumanitarias.org\/es\/wp-json\/wp\/v2\/users\/1"}],"replies":[{"embeddable":true,"href":"https:\/\/www.missoeshumanitarias.org\/es\/wp-json\/wp\/v2\/comments?post=131894"}],"version-history":[{"count":0,"href":"https:\/\/www.missoeshumanitarias.org\/es\/wp-json\/wp\/v2\/posts\/131894\/revisions"}],"wp:attachment":[{"href":"https:\/\/www.missoeshumanitarias.org\/es\/wp-json\/wp\/v2\/media?parent=131894"}],"wp:term":[{"taxonomy":"category","embeddable":true,"href":"https:\/\/www.missoeshumanitarias.org\/es\/wp-json\/wp\/v2\/categories?post=131894"},{"taxonomy":"post_tag","embeddable":true,"href":"https:\/\/www.missoeshumanitarias.org\/es\/wp-json\/wp\/v2\/tags?post=131894"}],"curies":[{"name":"wp","href":"https:\/\/api.w.org\/{rel}","templated":true}]}}