{"id":131926,"date":"2019-12-02T14:17:32","date_gmt":"2019-12-02T17:17:32","guid":{"rendered":"https:\/\/www.missoeshumanitarias.org\/jose-vazquez-la-educacion-en-contexto-de-emergencia-unir-inteligencia-y-corazon\/"},"modified":"2019-12-02T14:17:32","modified_gmt":"2019-12-02T17:17:32","slug":"jose-vazquez-la-educacion-en-contexto-de-emergencia-unir-inteligencia-y-corazon","status":"publish","type":"post","link":"https:\/\/www.missoeshumanitarias.org\/es\/jose-vazquez-la-educacion-en-contexto-de-emergencia-unir-inteligencia-y-corazon\/","title":{"rendered":"Jos\u00e9 Vazquez la educaci\u00f3n en contexto de emergencia &#8211; \u00abunir inteligencia y coraz\u00f3n\u00bb"},"content":{"rendered":"<p style=\"text-align: justify;\">Jos\u00e9 V\u00e1squez, consultor de <a href=\"https:\/\/www.unicef.es\/\" target=\"_blank\" rel=\"noopener noreferrer\">UNICEF <\/a>durante 29 a\u00f1os, sirvi\u00f3 en 2018 en Roraima en respuestas humanitarias en situaciones de emergencia, en la protecci\u00f3n de los derechos y educaci\u00f3n de ni\u00f1os, ni\u00f1as y adolescentes.<\/p>\n<p><iframe title=\"Jos\u00e9 Vasquez e a educa\u00e7\u00e3o em contexto de emerg\u00eancia - \u201cunir intelig\u00eancia e cora\u00e7\u00e3o&quot; - PT\" width=\"800\" height=\"450\" src=\"https:\/\/www.youtube.com\/embed\/etOGxf3Y-JA?feature=oembed\" frameborder=\"0\" allow=\"accelerometer; autoplay; clipboard-write; encrypted-media; gyroscope; picture-in-picture\" allowfullscreen><\/iframe><\/p>\n<p style=\"text-align: justify;\">All\u00ed conoci\u00f3 y se uni\u00f3 al trabajo de apoyo a la poblaci\u00f3n de inmigrantes refugiados venezolanos, que la<a href=\"https:\/\/www.fraterinternacional.org\/es\/\" target=\"_blank\" rel=\"noopener noreferrer\"> Fraternidade-Federaci\u00f3n Humanitaria Internacional,FFHI<\/a> realiza con otras instituciones.<\/p>\n<p>Los espacios creados all\u00ed est\u00e1n destinados a promover la recuperaci\u00f3n emocional y la protecci\u00f3n de los derechos a trav\u00e9s de actividades recreativas y de inserci\u00f3n en el sistema de educaci\u00f3n p\u00fablica.<\/p>\n<p>Jos\u00e9 dice que, a diferencia de las intervenciones de emergencia en las que hab\u00eda participado, debido a terremotos, por ejemplo, esta situaci\u00f3n de los refugiados venezolanos tiene una caracter\u00edstica creciente del problema y requiere una respuesta diferente.<\/p>\n<p style=\"text-align: justify;\">Al ver entonces la posibilidad de adecuar las normas de manera efectiva en esta situaci\u00f3n, y al presenciar el trabajo de la<a href=\"https:\/\/www.fraterinternacional.org\/es\/\"><b> Fraternidade Internacional FFHI<\/b><\/a> y otras organizaciones, Jos\u00e9 estaba interesado en participar en el proyecto El Bien Com\u00fan- de Educaci\u00f3n y Protecci\u00f3n para ni\u00f1os y adolescentes venezolanos, en colaboraci\u00f3n con <b><a href=\"https:\/\/www.fraterinternacional.org\/es\/\">FFHI<\/a>.<\/b><\/p>\n<p style=\"text-align: justify;\"><em>\u201cDebemos desburocratizar las instituciones cuando se trata de dar respuesta a ni\u00f1os, adolescentes y familias. Porque son los ni\u00f1os los que m\u00e1s sufren por no entender lo que est\u00e1 sucediendo<span lang=\"EN-US\">\u201d<\/span><\/em>, comenta.<\/p>\n<p>A partir de esta experiencia juntos, Jos\u00e9 fue invitado a compartir sus opiniones sobre<strong><a href=\"https:\/\/www.youtube.com\/watch?v=cS_JrUil9pI&amp;list=PLXq1dWdytmgwyl4tFZSamZcMRn9nZtslg&amp;index=5&amp;t=3902s\" target=\"_blank\" rel=\"noopener noreferrer\">\u00abqu\u00e9 es la educaci\u00f3n en un contexto deemergencia\u00bb <\/a><\/strong>al<a href=\"https:\/\/www.youtube.com\/playlist?list=PLXq1dWdytmgwyl4tFZSamZcMRn9nZtslg\" target=\"_blank\" rel=\"noopener noreferrer\"> <strong>Seminario de Educaci\u00f3n en Situaciones de Emergencia yRespuestas Humanitarias<\/strong>,<\/a> que tuvo lugar del 31 de octubre al 3 de noviembre en Carmo da Cachoeira \/ MG, en la<a href=\"http:\/\/www.comunidadefigueira.org.br\/portal\/es\/\"> <b>Comunidad-Luz Figueira.<\/b><\/a><\/p>\n<p>Seg\u00fan \u00e9l, \u201cm\u00e1s que compartir experiencias, fui a compartir el aprendizaje que vengo teniendo \u00a0en estos tiempos\u00bb.<\/p>\n<p>Sinti\u00e9ndose como \u00abparte de una familia\u00bb, Jos\u00e9 dej\u00f3 el evento \u00abnutrido por las experiencias\u00bb, dice, sensibilizado.<\/p>\n<p style=\"text-align: justify;\">La<b> <a href=\"http:\/\/www.fraterinternacional.org\/es\" target=\"_blank\" rel=\"noopener noreferrer\">Fraternidade Internacional FFH<\/a><\/b><a href=\"http:\/\/www.fraterinternacional.org\/es\" target=\"_blank\" rel=\"noopener noreferrer\">I<\/a> contin\u00faa desarrollando y profundizando actividades educativas en Roraima, Manaos y Colombia, como parte de la respuesta humanitaria a los venezolanos. Tambi\u00e9n tiene como perspectiva realizar un seminario sobre educaci\u00f3n en emergencia en Colombia para reunir a instituciones y personas que trabajan en el tema, en pro del bienestar de los ni\u00f1os y adolescentes afectador por la crisis<\/p>\n","protected":false},"excerpt":{"rendered":"<p>Jos\u00e9 V\u00e1squez, consultor de UNICEF durante 29 a\u00f1os, sirvi\u00f3 en 2018 en Roraima en respuestas humanitarias en situaciones de emergencia, en la protecci\u00f3n de los derechos y educaci\u00f3n de ni\u00f1os, ni\u00f1as y adolescentes. All\u00ed conoci\u00f3 y se uni\u00f3 al trabajo de apoyo a la poblaci\u00f3n de inmigrantes refugiados venezolanos, que la Fraternidade-Federaci\u00f3n Humanitaria Internacional,FFHI realiza [&hellip;]<\/p>\n","protected":false},"author":1,"featured_media":129116,"comment_status":"open","ping_status":"open","sticky":false,"template":"","format":"standard","meta":{"footnotes":""},"categories":[43,131],"tags":[],"class_list":["post-131926","post","type-post","status-publish","format-standard","has-post-thumbnail","hentry","category-noticias-es","category-noticias-de-las-misiones"],"featured_image_src":"https:\/\/www.missoeshumanitarias.org\/wp-content\/uploads\/2021\/08\/img-dest-jose-vasques.jpg","author_info":{"display_name":"maducato_admin","author_link":"https:\/\/www.missoeshumanitarias.org\/es\/author\/maducato_admin\/"},"yoast_head":"<!-- This site is optimized with the Yoast SEO Premium plugin v22.5 (Yoast SEO v22.5) - https:\/\/yoast.com\/wordpress\/plugins\/seo\/ -->\n<title>Jos\u00e9 Vazquez la educaci\u00f3n en contexto de emergencia - &quot;unir inteligencia y coraz\u00f3n&quot; - Fraternidade Miss\u00f5es Humanit\u00e1rias Internacionais<\/title>\n<meta name=\"robots\" content=\"index, follow, max-snippet:-1, max-image-preview:large, max-video-preview:-1\" \/>\n<link rel=\"canonical\" href=\"https:\/\/www.missoeshumanitarias.org\/es\/jose-vazquez-la-educacion-en-contexto-de-emergencia-unir-inteligencia-y-corazon\/\" \/>\n<meta property=\"og:locale\" content=\"es_ES\" \/>\n<meta property=\"og:type\" content=\"article\" \/>\n<meta property=\"og:title\" content=\"Jos\u00e9 Vazquez la educaci\u00f3n en contexto de emergencia - &quot;unir inteligencia y coraz\u00f3n&quot;\" \/>\n<meta property=\"og:description\" content=\"Jos\u00e9 V\u00e1squez, consultor de UNICEF durante 29 a\u00f1os, sirvi\u00f3 en 2018 en Roraima en respuestas humanitarias en situaciones de emergencia, en la protecci\u00f3n de los derechos y educaci\u00f3n de ni\u00f1os, ni\u00f1as y adolescentes. All\u00ed conoci\u00f3 y se uni\u00f3 al trabajo de apoyo a la poblaci\u00f3n de inmigrantes refugiados venezolanos, que la Fraternidade-Federaci\u00f3n Humanitaria Internacional,FFHI realiza [&hellip;]\" \/>\n<meta property=\"og:url\" content=\"https:\/\/www.missoeshumanitarias.org\/es\/jose-vazquez-la-educacion-en-contexto-de-emergencia-unir-inteligencia-y-corazon\/\" \/>\n<meta property=\"og:site_name\" content=\"Fraternidade Miss\u00f5es Humanit\u00e1rias Internacionais\" \/>\n<meta property=\"article:published_time\" content=\"2019-12-02T17:17:32+00:00\" \/>\n<meta property=\"og:image\" content=\"https:\/\/www.missoeshumanitarias.org\/wp-content\/uploads\/2021\/08\/img-dest-jose-vasques.jpg\" \/>\n\t<meta property=\"og:image:width\" content=\"903\" \/>\n\t<meta property=\"og:image:height\" content=\"591\" \/>\n\t<meta property=\"og:image:type\" content=\"image\/jpeg\" \/>\n<meta name=\"author\" content=\"maducato_admin\" \/>\n<meta name=\"twitter:card\" content=\"summary_large_image\" \/>\n<meta name=\"twitter:label1\" content=\"Escrito por\" \/>\n\t<meta name=\"twitter:data1\" content=\"maducato_admin\" \/>\n\t<meta name=\"twitter:label2\" content=\"Tiempo de lectura\" \/>\n\t<meta name=\"twitter:data2\" content=\"2 minutos\" \/>\n<script type=\"application\/ld+json\" class=\"yoast-schema-graph\">{\"@context\":\"https:\/\/schema.org\",\"@graph\":[{\"@type\":\"Article\",\"@id\":\"https:\/\/www.missoeshumanitarias.org\/es\/jose-vazquez-la-educacion-en-contexto-de-emergencia-unir-inteligencia-y-corazon\/#article\",\"isPartOf\":{\"@id\":\"https:\/\/www.missoeshumanitarias.org\/es\/jose-vazquez-la-educacion-en-contexto-de-emergencia-unir-inteligencia-y-corazon\/\"},\"author\":{\"name\":\"maducato_admin\",\"@id\":\"https:\/\/www.missoeshumanitarias.org\/es\/#\/schema\/person\/e0f8527323154d1eba9f9d9eb6b401f7\"},\"headline\":\"Jos\u00e9 Vazquez la educaci\u00f3n en contexto de emergencia &#8211; \u00abunir inteligencia y coraz\u00f3n\u00bb\",\"datePublished\":\"2019-12-02T17:17:32+00:00\",\"dateModified\":\"2019-12-02T17:17:32+00:00\",\"mainEntityOfPage\":{\"@id\":\"https:\/\/www.missoeshumanitarias.org\/es\/jose-vazquez-la-educacion-en-contexto-de-emergencia-unir-inteligencia-y-corazon\/\"},\"wordCount\":409,\"commentCount\":0,\"publisher\":{\"@id\":\"https:\/\/www.missoeshumanitarias.org\/es\/#organization\"},\"image\":{\"@id\":\"https:\/\/www.missoeshumanitarias.org\/es\/jose-vazquez-la-educacion-en-contexto-de-emergencia-unir-inteligencia-y-corazon\/#primaryimage\"},\"thumbnailUrl\":\"https:\/\/www.missoeshumanitarias.org\/wp-content\/uploads\/2021\/08\/img-dest-jose-vasques.jpg\",\"articleSection\":[\"Noticias\",\"Noticias de las Misiones\"],\"inLanguage\":\"es\",\"potentialAction\":[{\"@type\":\"CommentAction\",\"name\":\"Comment\",\"target\":[\"https:\/\/www.missoeshumanitarias.org\/es\/jose-vazquez-la-educacion-en-contexto-de-emergencia-unir-inteligencia-y-corazon\/#respond\"]}]},{\"@type\":\"WebPage\",\"@id\":\"https:\/\/www.missoeshumanitarias.org\/es\/jose-vazquez-la-educacion-en-contexto-de-emergencia-unir-inteligencia-y-corazon\/\",\"url\":\"https:\/\/www.missoeshumanitarias.org\/es\/jose-vazquez-la-educacion-en-contexto-de-emergencia-unir-inteligencia-y-corazon\/\",\"name\":\"Jos\u00e9 Vazquez la educaci\u00f3n en contexto de emergencia - \\\"unir inteligencia y coraz\u00f3n\\\" - Fraternidade Miss\u00f5es Humanit\u00e1rias Internacionais\",\"isPartOf\":{\"@id\":\"https:\/\/www.missoeshumanitarias.org\/es\/#website\"},\"primaryImageOfPage\":{\"@id\":\"https:\/\/www.missoeshumanitarias.org\/es\/jose-vazquez-la-educacion-en-contexto-de-emergencia-unir-inteligencia-y-corazon\/#primaryimage\"},\"image\":{\"@id\":\"https:\/\/www.missoeshumanitarias.org\/es\/jose-vazquez-la-educacion-en-contexto-de-emergencia-unir-inteligencia-y-corazon\/#primaryimage\"},\"thumbnailUrl\":\"https:\/\/www.missoeshumanitarias.org\/wp-content\/uploads\/2021\/08\/img-dest-jose-vasques.jpg\",\"datePublished\":\"2019-12-02T17:17:32+00:00\",\"dateModified\":\"2019-12-02T17:17:32+00:00\",\"breadcrumb\":{\"@id\":\"https:\/\/www.missoeshumanitarias.org\/es\/jose-vazquez-la-educacion-en-contexto-de-emergencia-unir-inteligencia-y-corazon\/#breadcrumb\"},\"inLanguage\":\"es\",\"potentialAction\":[{\"@type\":\"ReadAction\",\"target\":[\"https:\/\/www.missoeshumanitarias.org\/es\/jose-vazquez-la-educacion-en-contexto-de-emergencia-unir-inteligencia-y-corazon\/\"]}]},{\"@type\":\"ImageObject\",\"inLanguage\":\"es\",\"@id\":\"https:\/\/www.missoeshumanitarias.org\/es\/jose-vazquez-la-educacion-en-contexto-de-emergencia-unir-inteligencia-y-corazon\/#primaryimage\",\"url\":\"https:\/\/www.missoeshumanitarias.org\/wp-content\/uploads\/2021\/08\/img-dest-jose-vasques.jpg\",\"contentUrl\":\"https:\/\/www.missoeshumanitarias.org\/wp-content\/uploads\/2021\/08\/img-dest-jose-vasques.jpg\",\"width\":903,\"height\":591},{\"@type\":\"BreadcrumbList\",\"@id\":\"https:\/\/www.missoeshumanitarias.org\/es\/jose-vazquez-la-educacion-en-contexto-de-emergencia-unir-inteligencia-y-corazon\/#breadcrumb\",\"itemListElement\":[{\"@type\":\"ListItem\",\"position\":1,\"name\":\"Home\",\"item\":\"https:\/\/www.missoeshumanitarias.org\/en\/\"},{\"@type\":\"ListItem\",\"position\":2,\"name\":\"Jos\u00e9 Vazquez la educaci\u00f3n en contexto de emergencia &#8211; \u00abunir inteligencia y coraz\u00f3n\u00bb\"}]},{\"@type\":\"WebSite\",\"@id\":\"https:\/\/www.missoeshumanitarias.org\/es\/#website\",\"url\":\"https:\/\/www.missoeshumanitarias.org\/es\/\",\"name\":\"Fraternidade Miss\u00f5es Humanit\u00e1rias Internacionais\",\"description\":\"Respostas Humanit\u00e1rias e Emerg\u00eancias\",\"publisher\":{\"@id\":\"https:\/\/www.missoeshumanitarias.org\/es\/#organization\"},\"potentialAction\":[{\"@type\":\"SearchAction\",\"target\":{\"@type\":\"EntryPoint\",\"urlTemplate\":\"https:\/\/www.missoeshumanitarias.org\/es\/?s={search_term_string}\"},\"query-input\":\"required name=search_term_string\"}],\"inLanguage\":\"es\"},{\"@type\":\"Organization\",\"@id\":\"https:\/\/www.missoeshumanitarias.org\/es\/#organization\",\"name\":\"Fraternidade - Miss\u00f5es Humanit\u00e1rias Internacionais\",\"url\":\"https:\/\/www.missoeshumanitarias.org\/es\/\",\"logo\":{\"@type\":\"ImageObject\",\"inLanguage\":\"es\",\"@id\":\"https:\/\/www.missoeshumanitarias.org\/es\/#\/schema\/logo\/image\/\",\"url\":\"https:\/\/www.missoeshumanitarias.org\/wp-content\/uploads\/2020\/05\/logo-FMHI-mg.png\",\"contentUrl\":\"https:\/\/www.missoeshumanitarias.org\/wp-content\/uploads\/2020\/05\/logo-FMHI-mg.png\",\"width\":520,\"height\":134,\"caption\":\"Fraternidade - Miss\u00f5es Humanit\u00e1rias Internacionais\"},\"image\":{\"@id\":\"https:\/\/www.missoeshumanitarias.org\/es\/#\/schema\/logo\/image\/\"}},{\"@type\":\"Person\",\"@id\":\"https:\/\/www.missoeshumanitarias.org\/es\/#\/schema\/person\/e0f8527323154d1eba9f9d9eb6b401f7\",\"name\":\"maducato_admin\",\"image\":{\"@type\":\"ImageObject\",\"inLanguage\":\"es\",\"@id\":\"https:\/\/www.missoeshumanitarias.org\/es\/#\/schema\/person\/image\/\",\"url\":\"https:\/\/secure.gravatar.com\/avatar\/6c3b45186a8f5a459d8e14c7fca370bceae92402bc06171d75e4e559b6c24393?s=96&d=mm&r=g\",\"contentUrl\":\"https:\/\/secure.gravatar.com\/avatar\/6c3b45186a8f5a459d8e14c7fca370bceae92402bc06171d75e4e559b6c24393?s=96&d=mm&r=g\",\"caption\":\"maducato_admin\"}}]}<\/script>\n<!-- \/ Yoast SEO Premium plugin. -->","yoast_head_json":{"title":"Jos\u00e9 Vazquez la educaci\u00f3n en contexto de emergencia - \"unir inteligencia y coraz\u00f3n\" - Fraternidade Miss\u00f5es Humanit\u00e1rias Internacionais","robots":{"index":"index","follow":"follow","max-snippet":"max-snippet:-1","max-image-preview":"max-image-preview:large","max-video-preview":"max-video-preview:-1"},"canonical":"https:\/\/www.missoeshumanitarias.org\/es\/jose-vazquez-la-educacion-en-contexto-de-emergencia-unir-inteligencia-y-corazon\/","og_locale":"es_ES","og_type":"article","og_title":"Jos\u00e9 Vazquez la educaci\u00f3n en contexto de emergencia - \"unir inteligencia y coraz\u00f3n\"","og_description":"Jos\u00e9 V\u00e1squez, consultor de UNICEF durante 29 a\u00f1os, sirvi\u00f3 en 2018 en Roraima en respuestas humanitarias en situaciones de emergencia, en la protecci\u00f3n de los derechos y educaci\u00f3n de ni\u00f1os, ni\u00f1as y adolescentes. All\u00ed conoci\u00f3 y se uni\u00f3 al trabajo de apoyo a la poblaci\u00f3n de inmigrantes refugiados venezolanos, que la Fraternidade-Federaci\u00f3n Humanitaria Internacional,FFHI realiza [&hellip;]","og_url":"https:\/\/www.missoeshumanitarias.org\/es\/jose-vazquez-la-educacion-en-contexto-de-emergencia-unir-inteligencia-y-corazon\/","og_site_name":"Fraternidade Miss\u00f5es Humanit\u00e1rias Internacionais","article_published_time":"2019-12-02T17:17:32+00:00","og_image":[{"width":903,"height":591,"url":"https:\/\/www.missoeshumanitarias.org\/wp-content\/uploads\/2021\/08\/img-dest-jose-vasques.jpg","type":"image\/jpeg"}],"author":"maducato_admin","twitter_card":"summary_large_image","twitter_misc":{"Escrito por":"maducato_admin","Tiempo de lectura":"2 minutos"},"schema":{"@context":"https:\/\/schema.org","@graph":[{"@type":"Article","@id":"https:\/\/www.missoeshumanitarias.org\/es\/jose-vazquez-la-educacion-en-contexto-de-emergencia-unir-inteligencia-y-corazon\/#article","isPartOf":{"@id":"https:\/\/www.missoeshumanitarias.org\/es\/jose-vazquez-la-educacion-en-contexto-de-emergencia-unir-inteligencia-y-corazon\/"},"author":{"name":"maducato_admin","@id":"https:\/\/www.missoeshumanitarias.org\/es\/#\/schema\/person\/e0f8527323154d1eba9f9d9eb6b401f7"},"headline":"Jos\u00e9 Vazquez la educaci\u00f3n en contexto de emergencia &#8211; \u00abunir inteligencia y coraz\u00f3n\u00bb","datePublished":"2019-12-02T17:17:32+00:00","dateModified":"2019-12-02T17:17:32+00:00","mainEntityOfPage":{"@id":"https:\/\/www.missoeshumanitarias.org\/es\/jose-vazquez-la-educacion-en-contexto-de-emergencia-unir-inteligencia-y-corazon\/"},"wordCount":409,"commentCount":0,"publisher":{"@id":"https:\/\/www.missoeshumanitarias.org\/es\/#organization"},"image":{"@id":"https:\/\/www.missoeshumanitarias.org\/es\/jose-vazquez-la-educacion-en-contexto-de-emergencia-unir-inteligencia-y-corazon\/#primaryimage"},"thumbnailUrl":"https:\/\/www.missoeshumanitarias.org\/wp-content\/uploads\/2021\/08\/img-dest-jose-vasques.jpg","articleSection":["Noticias","Noticias de las Misiones"],"inLanguage":"es","potentialAction":[{"@type":"CommentAction","name":"Comment","target":["https:\/\/www.missoeshumanitarias.org\/es\/jose-vazquez-la-educacion-en-contexto-de-emergencia-unir-inteligencia-y-corazon\/#respond"]}]},{"@type":"WebPage","@id":"https:\/\/www.missoeshumanitarias.org\/es\/jose-vazquez-la-educacion-en-contexto-de-emergencia-unir-inteligencia-y-corazon\/","url":"https:\/\/www.missoeshumanitarias.org\/es\/jose-vazquez-la-educacion-en-contexto-de-emergencia-unir-inteligencia-y-corazon\/","name":"Jos\u00e9 Vazquez la educaci\u00f3n en contexto de emergencia - \"unir inteligencia y coraz\u00f3n\" - Fraternidade Miss\u00f5es Humanit\u00e1rias Internacionais","isPartOf":{"@id":"https:\/\/www.missoeshumanitarias.org\/es\/#website"},"primaryImageOfPage":{"@id":"https:\/\/www.missoeshumanitarias.org\/es\/jose-vazquez-la-educacion-en-contexto-de-emergencia-unir-inteligencia-y-corazon\/#primaryimage"},"image":{"@id":"https:\/\/www.missoeshumanitarias.org\/es\/jose-vazquez-la-educacion-en-contexto-de-emergencia-unir-inteligencia-y-corazon\/#primaryimage"},"thumbnailUrl":"https:\/\/www.missoeshumanitarias.org\/wp-content\/uploads\/2021\/08\/img-dest-jose-vasques.jpg","datePublished":"2019-12-02T17:17:32+00:00","dateModified":"2019-12-02T17:17:32+00:00","breadcrumb":{"@id":"https:\/\/www.missoeshumanitarias.org\/es\/jose-vazquez-la-educacion-en-contexto-de-emergencia-unir-inteligencia-y-corazon\/#breadcrumb"},"inLanguage":"es","potentialAction":[{"@type":"ReadAction","target":["https:\/\/www.missoeshumanitarias.org\/es\/jose-vazquez-la-educacion-en-contexto-de-emergencia-unir-inteligencia-y-corazon\/"]}]},{"@type":"ImageObject","inLanguage":"es","@id":"https:\/\/www.missoeshumanitarias.org\/es\/jose-vazquez-la-educacion-en-contexto-de-emergencia-unir-inteligencia-y-corazon\/#primaryimage","url":"https:\/\/www.missoeshumanitarias.org\/wp-content\/uploads\/2021\/08\/img-dest-jose-vasques.jpg","contentUrl":"https:\/\/www.missoeshumanitarias.org\/wp-content\/uploads\/2021\/08\/img-dest-jose-vasques.jpg","width":903,"height":591},{"@type":"BreadcrumbList","@id":"https:\/\/www.missoeshumanitarias.org\/es\/jose-vazquez-la-educacion-en-contexto-de-emergencia-unir-inteligencia-y-corazon\/#breadcrumb","itemListElement":[{"@type":"ListItem","position":1,"name":"Home","item":"https:\/\/www.missoeshumanitarias.org\/en\/"},{"@type":"ListItem","position":2,"name":"Jos\u00e9 Vazquez la educaci\u00f3n en contexto de emergencia &#8211; \u00abunir inteligencia y coraz\u00f3n\u00bb"}]},{"@type":"WebSite","@id":"https:\/\/www.missoeshumanitarias.org\/es\/#website","url":"https:\/\/www.missoeshumanitarias.org\/es\/","name":"Fraternidade Miss\u00f5es Humanit\u00e1rias Internacionais","description":"Respostas Humanit\u00e1rias e Emerg\u00eancias","publisher":{"@id":"https:\/\/www.missoeshumanitarias.org\/es\/#organization"},"potentialAction":[{"@type":"SearchAction","target":{"@type":"EntryPoint","urlTemplate":"https:\/\/www.missoeshumanitarias.org\/es\/?s={search_term_string}"},"query-input":"required name=search_term_string"}],"inLanguage":"es"},{"@type":"Organization","@id":"https:\/\/www.missoeshumanitarias.org\/es\/#organization","name":"Fraternidade - Miss\u00f5es Humanit\u00e1rias Internacionais","url":"https:\/\/www.missoeshumanitarias.org\/es\/","logo":{"@type":"ImageObject","inLanguage":"es","@id":"https:\/\/www.missoeshumanitarias.org\/es\/#\/schema\/logo\/image\/","url":"https:\/\/www.missoeshumanitarias.org\/wp-content\/uploads\/2020\/05\/logo-FMHI-mg.png","contentUrl":"https:\/\/www.missoeshumanitarias.org\/wp-content\/uploads\/2020\/05\/logo-FMHI-mg.png","width":520,"height":134,"caption":"Fraternidade - Miss\u00f5es Humanit\u00e1rias Internacionais"},"image":{"@id":"https:\/\/www.missoeshumanitarias.org\/es\/#\/schema\/logo\/image\/"}},{"@type":"Person","@id":"https:\/\/www.missoeshumanitarias.org\/es\/#\/schema\/person\/e0f8527323154d1eba9f9d9eb6b401f7","name":"maducato_admin","image":{"@type":"ImageObject","inLanguage":"es","@id":"https:\/\/www.missoeshumanitarias.org\/es\/#\/schema\/person\/image\/","url":"https:\/\/secure.gravatar.com\/avatar\/6c3b45186a8f5a459d8e14c7fca370bceae92402bc06171d75e4e559b6c24393?s=96&d=mm&r=g","contentUrl":"https:\/\/secure.gravatar.com\/avatar\/6c3b45186a8f5a459d8e14c7fca370bceae92402bc06171d75e4e559b6c24393?s=96&d=mm&r=g","caption":"maducato_admin"}}]}},"_links":{"self":[{"href":"https:\/\/www.missoeshumanitarias.org\/es\/wp-json\/wp\/v2\/posts\/131926","targetHints":{"allow":["GET"]}}],"collection":[{"href":"https:\/\/www.missoeshumanitarias.org\/es\/wp-json\/wp\/v2\/posts"}],"about":[{"href":"https:\/\/www.missoeshumanitarias.org\/es\/wp-json\/wp\/v2\/types\/post"}],"author":[{"embeddable":true,"href":"https:\/\/www.missoeshumanitarias.org\/es\/wp-json\/wp\/v2\/users\/1"}],"replies":[{"embeddable":true,"href":"https:\/\/www.missoeshumanitarias.org\/es\/wp-json\/wp\/v2\/comments?post=131926"}],"version-history":[{"count":0,"href":"https:\/\/www.missoeshumanitarias.org\/es\/wp-json\/wp\/v2\/posts\/131926\/revisions"}],"wp:featuredmedia":[{"embeddable":true,"href":"https:\/\/www.missoeshumanitarias.org\/es\/wp-json\/wp\/v2\/media\/129116"}],"wp:attachment":[{"href":"https:\/\/www.missoeshumanitarias.org\/es\/wp-json\/wp\/v2\/media?parent=131926"}],"wp:term":[{"taxonomy":"category","embeddable":true,"href":"https:\/\/www.missoeshumanitarias.org\/es\/wp-json\/wp\/v2\/categories?post=131926"},{"taxonomy":"post_tag","embeddable":true,"href":"https:\/\/www.missoeshumanitarias.org\/es\/wp-json\/wp\/v2\/tags?post=131926"}],"curies":[{"name":"wp","href":"https:\/\/api.w.org\/{rel}","templated":true}]}}