{"id":131955,"date":"2020-01-25T13:00:46","date_gmt":"2020-01-25T16:00:46","guid":{"rendered":"https:\/\/www.missoeshumanitarias.org\/brumadinho-a-un-ano-del-desastre-la-mision-prosigue\/"},"modified":"2022-05-10T16:31:57","modified_gmt":"2022-05-10T19:31:57","slug":"brumadinho-a-un-ano-del-desastre-la-mision-prosigue","status":"publish","type":"post","link":"https:\/\/www.missoeshumanitarias.org\/es\/brumadinho-a-un-ano-del-desastre-la-mision-prosigue\/","title":{"rendered":"Brumadinho, a un a\u00f1o del desastre la Misi\u00f3n prosigue"},"content":{"rendered":"\n<p>En los primeros d\u00edas despu\u00e9s del estallido de la presa, los misioneros de la Fraternidad &#8211; Federaci\u00f3n Humanitaria Internacional llegaron a la regi\u00f3n ofreciendo apoyo a agencias p\u00fablicas y bomberos, permaneciendo all\u00ed durante un mes en apoyo psicol\u00f3gico a v\u00edctimas y familiares y al servicio de animales rescatados.<\/p>\n\n\n\n<p>Desde entonces, la Misi\u00f3n se ha estado ejecutando de manera recurrente, donde un grupo de misioneros voluntarios desarrolla mensualmente acciones locales, actualmente en la reestructuraci\u00f3n de una casa que se incendi\u00f3, adem\u00e1s de continuar el monitoreo terap\u00e9utico: hoy 35 familias, 13 de ellas con familiares a\u00fan no ubicados &#8211; y tareas con la fauna local.&nbsp;La acci\u00f3n, la aceptaci\u00f3n, el amor y la esperanza gu\u00edan este trabajo como elementos de reconstrucci\u00f3n de la vida.<\/p>\n\n\n\n<h3 class=\"wp-block-heading\" id=\"h-mire-los-videos-de-nuestra-accion-en-la-mision-brumadinho-y-vea-los-articulos-relacionados\">Mire los videos de nuestra acci\u00f3n en la Misi\u00f3n Brumadinho y vea los art\u00edculos relacionados.<\/h3>\n\n\n\n<figure class=\"wp-block-embed is-type-video is-provider-youtube wp-block-embed-youtube wp-embed-aspect-16-9 wp-has-aspect-ratio\"><div class=\"wp-block-embed__wrapper\">\n<iframe title=\"Miss\u00e3o Brumadinho\" width=\"800\" height=\"450\" src=\"https:\/\/www.youtube.com\/embed\/videoseries?list=PLXq1dWdytmgwxxt2sV_7NdXE_Chcy4uQJ\" frameborder=\"0\" allow=\"accelerometer; autoplay; clipboard-write; encrypted-media; gyroscope; picture-in-picture\" allowfullscreen><\/iframe>\n<\/div><\/figure>\n","protected":false},"excerpt":{"rendered":"<p>En los primeros d\u00edas despu\u00e9s del estallido de la presa, los misioneros de la Fraternidad &#8211; Federaci\u00f3n Humanitaria Internacional llegaron a la regi\u00f3n ofreciendo apoyo a agencias p\u00fablicas y bomberos, permaneciendo all\u00ed durante un mes en apoyo psicol\u00f3gico a v\u00edctimas y familiares y al servicio de animales rescatados. Desde entonces, la Misi\u00f3n se ha estado [&hellip;]<\/p>\n","protected":false},"author":1,"featured_media":129249,"comment_status":"open","ping_status":"open","sticky":false,"template":"","format":"standard","meta":{"footnotes":""},"categories":[43,131],"tags":[],"class_list":["post-131955","post","type-post","status-publish","format-standard","has-post-thumbnail","hentry","category-noticias-es","category-noticias-de-las-misiones"],"featured_image_src":"https:\/\/www.missoeshumanitarias.org\/wp-content\/uploads\/2021\/08\/img-dest-missao-brumadinho-continua.jpg","author_info":{"display_name":"maducato_admin","author_link":"https:\/\/www.missoeshumanitarias.org\/es\/author\/maducato_admin\/"},"yoast_head":"<!-- This site is optimized with the Yoast SEO Premium plugin v22.5 (Yoast SEO v22.5) - https:\/\/yoast.com\/wordpress\/plugins\/seo\/ -->\n<title>Brumadinho, a un a\u00f1o del desastre la Misi\u00f3n prosigue - Fraternidade Miss\u00f5es Humanit\u00e1rias Internacionais<\/title>\n<meta name=\"robots\" content=\"index, follow, max-snippet:-1, max-image-preview:large, max-video-preview:-1\" \/>\n<link rel=\"canonical\" href=\"https:\/\/www.missoeshumanitarias.org\/es\/brumadinho-a-un-ano-del-desastre-la-mision-prosigue\/\" \/>\n<meta property=\"og:locale\" content=\"es_ES\" \/>\n<meta property=\"og:type\" content=\"article\" \/>\n<meta property=\"og:title\" content=\"Brumadinho, a un a\u00f1o del desastre la Misi\u00f3n prosigue\" \/>\n<meta property=\"og:description\" content=\"En los primeros d\u00edas despu\u00e9s del estallido de la presa, los misioneros de la Fraternidad &#8211; Federaci\u00f3n Humanitaria Internacional llegaron a la regi\u00f3n ofreciendo apoyo a agencias p\u00fablicas y bomberos, permaneciendo all\u00ed durante un mes en apoyo psicol\u00f3gico a v\u00edctimas y familiares y al servicio de animales rescatados. Desde entonces, la Misi\u00f3n se ha estado [&hellip;]\" \/>\n<meta property=\"og:url\" content=\"https:\/\/www.missoeshumanitarias.org\/es\/brumadinho-a-un-ano-del-desastre-la-mision-prosigue\/\" \/>\n<meta property=\"og:site_name\" content=\"Fraternidade Miss\u00f5es Humanit\u00e1rias Internacionais\" \/>\n<meta property=\"article:published_time\" content=\"2020-01-25T16:00:46+00:00\" \/>\n<meta property=\"article:modified_time\" content=\"2022-05-10T19:31:57+00:00\" \/>\n<meta property=\"og:image\" content=\"https:\/\/www.missoeshumanitarias.org\/wp-content\/uploads\/2021\/08\/img-dest-missao-brumadinho-continua.jpg\" \/>\n\t<meta property=\"og:image:width\" content=\"1086\" \/>\n\t<meta property=\"og:image:height\" content=\"610\" \/>\n\t<meta property=\"og:image:type\" content=\"image\/jpeg\" \/>\n<meta name=\"author\" content=\"maducato_admin\" \/>\n<meta name=\"twitter:card\" content=\"summary_large_image\" \/>\n<meta name=\"twitter:label1\" content=\"Escrito por\" \/>\n\t<meta name=\"twitter:data1\" content=\"maducato_admin\" \/>\n\t<meta name=\"twitter:label2\" content=\"Tiempo de lectura\" \/>\n\t<meta name=\"twitter:data2\" content=\"1 minuto\" \/>\n<script type=\"application\/ld+json\" class=\"yoast-schema-graph\">{\"@context\":\"https:\/\/schema.org\",\"@graph\":[{\"@type\":\"Article\",\"@id\":\"https:\/\/www.missoeshumanitarias.org\/es\/brumadinho-a-un-ano-del-desastre-la-mision-prosigue\/#article\",\"isPartOf\":{\"@id\":\"https:\/\/www.missoeshumanitarias.org\/es\/brumadinho-a-un-ano-del-desastre-la-mision-prosigue\/\"},\"author\":{\"name\":\"maducato_admin\",\"@id\":\"https:\/\/www.missoeshumanitarias.org\/es\/#\/schema\/person\/e0f8527323154d1eba9f9d9eb6b401f7\"},\"headline\":\"Brumadinho, a un a\u00f1o del desastre la Misi\u00f3n prosigue\",\"datePublished\":\"2020-01-25T16:00:46+00:00\",\"dateModified\":\"2022-05-10T19:31:57+00:00\",\"mainEntityOfPage\":{\"@id\":\"https:\/\/www.missoeshumanitarias.org\/es\/brumadinho-a-un-ano-del-desastre-la-mision-prosigue\/\"},\"wordCount\":177,\"commentCount\":0,\"publisher\":{\"@id\":\"https:\/\/www.missoeshumanitarias.org\/es\/#organization\"},\"image\":{\"@id\":\"https:\/\/www.missoeshumanitarias.org\/es\/brumadinho-a-un-ano-del-desastre-la-mision-prosigue\/#primaryimage\"},\"thumbnailUrl\":\"https:\/\/www.missoeshumanitarias.org\/wp-content\/uploads\/2021\/08\/img-dest-missao-brumadinho-continua.jpg\",\"articleSection\":[\"Noticias\",\"Noticias de las Misiones\"],\"inLanguage\":\"es\",\"potentialAction\":[{\"@type\":\"CommentAction\",\"name\":\"Comment\",\"target\":[\"https:\/\/www.missoeshumanitarias.org\/es\/brumadinho-a-un-ano-del-desastre-la-mision-prosigue\/#respond\"]}]},{\"@type\":\"WebPage\",\"@id\":\"https:\/\/www.missoeshumanitarias.org\/es\/brumadinho-a-un-ano-del-desastre-la-mision-prosigue\/\",\"url\":\"https:\/\/www.missoeshumanitarias.org\/es\/brumadinho-a-un-ano-del-desastre-la-mision-prosigue\/\",\"name\":\"Brumadinho, a un a\u00f1o del desastre la Misi\u00f3n prosigue - Fraternidade Miss\u00f5es Humanit\u00e1rias Internacionais\",\"isPartOf\":{\"@id\":\"https:\/\/www.missoeshumanitarias.org\/es\/#website\"},\"primaryImageOfPage\":{\"@id\":\"https:\/\/www.missoeshumanitarias.org\/es\/brumadinho-a-un-ano-del-desastre-la-mision-prosigue\/#primaryimage\"},\"image\":{\"@id\":\"https:\/\/www.missoeshumanitarias.org\/es\/brumadinho-a-un-ano-del-desastre-la-mision-prosigue\/#primaryimage\"},\"thumbnailUrl\":\"https:\/\/www.missoeshumanitarias.org\/wp-content\/uploads\/2021\/08\/img-dest-missao-brumadinho-continua.jpg\",\"datePublished\":\"2020-01-25T16:00:46+00:00\",\"dateModified\":\"2022-05-10T19:31:57+00:00\",\"breadcrumb\":{\"@id\":\"https:\/\/www.missoeshumanitarias.org\/es\/brumadinho-a-un-ano-del-desastre-la-mision-prosigue\/#breadcrumb\"},\"inLanguage\":\"es\",\"potentialAction\":[{\"@type\":\"ReadAction\",\"target\":[\"https:\/\/www.missoeshumanitarias.org\/es\/brumadinho-a-un-ano-del-desastre-la-mision-prosigue\/\"]}]},{\"@type\":\"ImageObject\",\"inLanguage\":\"es\",\"@id\":\"https:\/\/www.missoeshumanitarias.org\/es\/brumadinho-a-un-ano-del-desastre-la-mision-prosigue\/#primaryimage\",\"url\":\"https:\/\/www.missoeshumanitarias.org\/wp-content\/uploads\/2021\/08\/img-dest-missao-brumadinho-continua.jpg\",\"contentUrl\":\"https:\/\/www.missoeshumanitarias.org\/wp-content\/uploads\/2021\/08\/img-dest-missao-brumadinho-continua.jpg\",\"width\":1086,\"height\":610},{\"@type\":\"BreadcrumbList\",\"@id\":\"https:\/\/www.missoeshumanitarias.org\/es\/brumadinho-a-un-ano-del-desastre-la-mision-prosigue\/#breadcrumb\",\"itemListElement\":[{\"@type\":\"ListItem\",\"position\":1,\"name\":\"Home\",\"item\":\"https:\/\/www.missoeshumanitarias.org\/en\/\"},{\"@type\":\"ListItem\",\"position\":2,\"name\":\"Brumadinho, a un a\u00f1o del desastre la Misi\u00f3n prosigue\"}]},{\"@type\":\"WebSite\",\"@id\":\"https:\/\/www.missoeshumanitarias.org\/es\/#website\",\"url\":\"https:\/\/www.missoeshumanitarias.org\/es\/\",\"name\":\"Fraternidade Miss\u00f5es Humanit\u00e1rias Internacionais\",\"description\":\"Respostas Humanit\u00e1rias e Emerg\u00eancias\",\"publisher\":{\"@id\":\"https:\/\/www.missoeshumanitarias.org\/es\/#organization\"},\"potentialAction\":[{\"@type\":\"SearchAction\",\"target\":{\"@type\":\"EntryPoint\",\"urlTemplate\":\"https:\/\/www.missoeshumanitarias.org\/es\/?s={search_term_string}\"},\"query-input\":\"required name=search_term_string\"}],\"inLanguage\":\"es\"},{\"@type\":\"Organization\",\"@id\":\"https:\/\/www.missoeshumanitarias.org\/es\/#organization\",\"name\":\"Fraternidade - Miss\u00f5es Humanit\u00e1rias Internacionais\",\"url\":\"https:\/\/www.missoeshumanitarias.org\/es\/\",\"logo\":{\"@type\":\"ImageObject\",\"inLanguage\":\"es\",\"@id\":\"https:\/\/www.missoeshumanitarias.org\/es\/#\/schema\/logo\/image\/\",\"url\":\"https:\/\/www.missoeshumanitarias.org\/wp-content\/uploads\/2020\/05\/logo-FMHI-mg.png\",\"contentUrl\":\"https:\/\/www.missoeshumanitarias.org\/wp-content\/uploads\/2020\/05\/logo-FMHI-mg.png\",\"width\":520,\"height\":134,\"caption\":\"Fraternidade - Miss\u00f5es Humanit\u00e1rias Internacionais\"},\"image\":{\"@id\":\"https:\/\/www.missoeshumanitarias.org\/es\/#\/schema\/logo\/image\/\"}},{\"@type\":\"Person\",\"@id\":\"https:\/\/www.missoeshumanitarias.org\/es\/#\/schema\/person\/e0f8527323154d1eba9f9d9eb6b401f7\",\"name\":\"maducato_admin\",\"image\":{\"@type\":\"ImageObject\",\"inLanguage\":\"es\",\"@id\":\"https:\/\/www.missoeshumanitarias.org\/es\/#\/schema\/person\/image\/\",\"url\":\"https:\/\/secure.gravatar.com\/avatar\/6c3b45186a8f5a459d8e14c7fca370bceae92402bc06171d75e4e559b6c24393?s=96&d=mm&r=g\",\"contentUrl\":\"https:\/\/secure.gravatar.com\/avatar\/6c3b45186a8f5a459d8e14c7fca370bceae92402bc06171d75e4e559b6c24393?s=96&d=mm&r=g\",\"caption\":\"maducato_admin\"}}]}<\/script>\n<!-- \/ Yoast SEO Premium plugin. -->","yoast_head_json":{"title":"Brumadinho, a un a\u00f1o del desastre la Misi\u00f3n prosigue - Fraternidade Miss\u00f5es Humanit\u00e1rias Internacionais","robots":{"index":"index","follow":"follow","max-snippet":"max-snippet:-1","max-image-preview":"max-image-preview:large","max-video-preview":"max-video-preview:-1"},"canonical":"https:\/\/www.missoeshumanitarias.org\/es\/brumadinho-a-un-ano-del-desastre-la-mision-prosigue\/","og_locale":"es_ES","og_type":"article","og_title":"Brumadinho, a un a\u00f1o del desastre la Misi\u00f3n prosigue","og_description":"En los primeros d\u00edas despu\u00e9s del estallido de la presa, los misioneros de la Fraternidad &#8211; Federaci\u00f3n Humanitaria Internacional llegaron a la regi\u00f3n ofreciendo apoyo a agencias p\u00fablicas y bomberos, permaneciendo all\u00ed durante un mes en apoyo psicol\u00f3gico a v\u00edctimas y familiares y al servicio de animales rescatados. Desde entonces, la Misi\u00f3n se ha estado [&hellip;]","og_url":"https:\/\/www.missoeshumanitarias.org\/es\/brumadinho-a-un-ano-del-desastre-la-mision-prosigue\/","og_site_name":"Fraternidade Miss\u00f5es Humanit\u00e1rias Internacionais","article_published_time":"2020-01-25T16:00:46+00:00","article_modified_time":"2022-05-10T19:31:57+00:00","og_image":[{"width":1086,"height":610,"url":"https:\/\/www.missoeshumanitarias.org\/wp-content\/uploads\/2021\/08\/img-dest-missao-brumadinho-continua.jpg","type":"image\/jpeg"}],"author":"maducato_admin","twitter_card":"summary_large_image","twitter_misc":{"Escrito por":"maducato_admin","Tiempo de lectura":"1 minuto"},"schema":{"@context":"https:\/\/schema.org","@graph":[{"@type":"Article","@id":"https:\/\/www.missoeshumanitarias.org\/es\/brumadinho-a-un-ano-del-desastre-la-mision-prosigue\/#article","isPartOf":{"@id":"https:\/\/www.missoeshumanitarias.org\/es\/brumadinho-a-un-ano-del-desastre-la-mision-prosigue\/"},"author":{"name":"maducato_admin","@id":"https:\/\/www.missoeshumanitarias.org\/es\/#\/schema\/person\/e0f8527323154d1eba9f9d9eb6b401f7"},"headline":"Brumadinho, a un a\u00f1o del desastre la Misi\u00f3n prosigue","datePublished":"2020-01-25T16:00:46+00:00","dateModified":"2022-05-10T19:31:57+00:00","mainEntityOfPage":{"@id":"https:\/\/www.missoeshumanitarias.org\/es\/brumadinho-a-un-ano-del-desastre-la-mision-prosigue\/"},"wordCount":177,"commentCount":0,"publisher":{"@id":"https:\/\/www.missoeshumanitarias.org\/es\/#organization"},"image":{"@id":"https:\/\/www.missoeshumanitarias.org\/es\/brumadinho-a-un-ano-del-desastre-la-mision-prosigue\/#primaryimage"},"thumbnailUrl":"https:\/\/www.missoeshumanitarias.org\/wp-content\/uploads\/2021\/08\/img-dest-missao-brumadinho-continua.jpg","articleSection":["Noticias","Noticias de las Misiones"],"inLanguage":"es","potentialAction":[{"@type":"CommentAction","name":"Comment","target":["https:\/\/www.missoeshumanitarias.org\/es\/brumadinho-a-un-ano-del-desastre-la-mision-prosigue\/#respond"]}]},{"@type":"WebPage","@id":"https:\/\/www.missoeshumanitarias.org\/es\/brumadinho-a-un-ano-del-desastre-la-mision-prosigue\/","url":"https:\/\/www.missoeshumanitarias.org\/es\/brumadinho-a-un-ano-del-desastre-la-mision-prosigue\/","name":"Brumadinho, a un a\u00f1o del desastre la Misi\u00f3n prosigue - Fraternidade Miss\u00f5es Humanit\u00e1rias Internacionais","isPartOf":{"@id":"https:\/\/www.missoeshumanitarias.org\/es\/#website"},"primaryImageOfPage":{"@id":"https:\/\/www.missoeshumanitarias.org\/es\/brumadinho-a-un-ano-del-desastre-la-mision-prosigue\/#primaryimage"},"image":{"@id":"https:\/\/www.missoeshumanitarias.org\/es\/brumadinho-a-un-ano-del-desastre-la-mision-prosigue\/#primaryimage"},"thumbnailUrl":"https:\/\/www.missoeshumanitarias.org\/wp-content\/uploads\/2021\/08\/img-dest-missao-brumadinho-continua.jpg","datePublished":"2020-01-25T16:00:46+00:00","dateModified":"2022-05-10T19:31:57+00:00","breadcrumb":{"@id":"https:\/\/www.missoeshumanitarias.org\/es\/brumadinho-a-un-ano-del-desastre-la-mision-prosigue\/#breadcrumb"},"inLanguage":"es","potentialAction":[{"@type":"ReadAction","target":["https:\/\/www.missoeshumanitarias.org\/es\/brumadinho-a-un-ano-del-desastre-la-mision-prosigue\/"]}]},{"@type":"ImageObject","inLanguage":"es","@id":"https:\/\/www.missoeshumanitarias.org\/es\/brumadinho-a-un-ano-del-desastre-la-mision-prosigue\/#primaryimage","url":"https:\/\/www.missoeshumanitarias.org\/wp-content\/uploads\/2021\/08\/img-dest-missao-brumadinho-continua.jpg","contentUrl":"https:\/\/www.missoeshumanitarias.org\/wp-content\/uploads\/2021\/08\/img-dest-missao-brumadinho-continua.jpg","width":1086,"height":610},{"@type":"BreadcrumbList","@id":"https:\/\/www.missoeshumanitarias.org\/es\/brumadinho-a-un-ano-del-desastre-la-mision-prosigue\/#breadcrumb","itemListElement":[{"@type":"ListItem","position":1,"name":"Home","item":"https:\/\/www.missoeshumanitarias.org\/en\/"},{"@type":"ListItem","position":2,"name":"Brumadinho, a un a\u00f1o del desastre la Misi\u00f3n prosigue"}]},{"@type":"WebSite","@id":"https:\/\/www.missoeshumanitarias.org\/es\/#website","url":"https:\/\/www.missoeshumanitarias.org\/es\/","name":"Fraternidade Miss\u00f5es Humanit\u00e1rias Internacionais","description":"Respostas Humanit\u00e1rias e Emerg\u00eancias","publisher":{"@id":"https:\/\/www.missoeshumanitarias.org\/es\/#organization"},"potentialAction":[{"@type":"SearchAction","target":{"@type":"EntryPoint","urlTemplate":"https:\/\/www.missoeshumanitarias.org\/es\/?s={search_term_string}"},"query-input":"required name=search_term_string"}],"inLanguage":"es"},{"@type":"Organization","@id":"https:\/\/www.missoeshumanitarias.org\/es\/#organization","name":"Fraternidade - Miss\u00f5es Humanit\u00e1rias Internacionais","url":"https:\/\/www.missoeshumanitarias.org\/es\/","logo":{"@type":"ImageObject","inLanguage":"es","@id":"https:\/\/www.missoeshumanitarias.org\/es\/#\/schema\/logo\/image\/","url":"https:\/\/www.missoeshumanitarias.org\/wp-content\/uploads\/2020\/05\/logo-FMHI-mg.png","contentUrl":"https:\/\/www.missoeshumanitarias.org\/wp-content\/uploads\/2020\/05\/logo-FMHI-mg.png","width":520,"height":134,"caption":"Fraternidade - Miss\u00f5es Humanit\u00e1rias Internacionais"},"image":{"@id":"https:\/\/www.missoeshumanitarias.org\/es\/#\/schema\/logo\/image\/"}},{"@type":"Person","@id":"https:\/\/www.missoeshumanitarias.org\/es\/#\/schema\/person\/e0f8527323154d1eba9f9d9eb6b401f7","name":"maducato_admin","image":{"@type":"ImageObject","inLanguage":"es","@id":"https:\/\/www.missoeshumanitarias.org\/es\/#\/schema\/person\/image\/","url":"https:\/\/secure.gravatar.com\/avatar\/6c3b45186a8f5a459d8e14c7fca370bceae92402bc06171d75e4e559b6c24393?s=96&d=mm&r=g","contentUrl":"https:\/\/secure.gravatar.com\/avatar\/6c3b45186a8f5a459d8e14c7fca370bceae92402bc06171d75e4e559b6c24393?s=96&d=mm&r=g","caption":"maducato_admin"}}]}},"_links":{"self":[{"href":"https:\/\/www.missoeshumanitarias.org\/es\/wp-json\/wp\/v2\/posts\/131955","targetHints":{"allow":["GET"]}}],"collection":[{"href":"https:\/\/www.missoeshumanitarias.org\/es\/wp-json\/wp\/v2\/posts"}],"about":[{"href":"https:\/\/www.missoeshumanitarias.org\/es\/wp-json\/wp\/v2\/types\/post"}],"author":[{"embeddable":true,"href":"https:\/\/www.missoeshumanitarias.org\/es\/wp-json\/wp\/v2\/users\/1"}],"replies":[{"embeddable":true,"href":"https:\/\/www.missoeshumanitarias.org\/es\/wp-json\/wp\/v2\/comments?post=131955"}],"version-history":[{"count":0,"href":"https:\/\/www.missoeshumanitarias.org\/es\/wp-json\/wp\/v2\/posts\/131955\/revisions"}],"wp:featuredmedia":[{"embeddable":true,"href":"https:\/\/www.missoeshumanitarias.org\/es\/wp-json\/wp\/v2\/media\/129249"}],"wp:attachment":[{"href":"https:\/\/www.missoeshumanitarias.org\/es\/wp-json\/wp\/v2\/media?parent=131955"}],"wp:term":[{"taxonomy":"category","embeddable":true,"href":"https:\/\/www.missoeshumanitarias.org\/es\/wp-json\/wp\/v2\/categories?post=131955"},{"taxonomy":"post_tag","embeddable":true,"href":"https:\/\/www.missoeshumanitarias.org\/es\/wp-json\/wp\/v2\/tags?post=131955"}],"curies":[{"name":"wp","href":"https:\/\/api.w.org\/{rel}","templated":true}]}}