{"id":131975,"date":"2020-04-06T23:21:54","date_gmt":"2020-04-07T02:21:54","guid":{"rendered":"https:\/\/www.missoeshumanitarias.org\/integrantes-de-la-mision-colombia-participan-en-una-formacion-ofrecida-por-la-cruz-roja\/"},"modified":"2020-04-06T23:21:54","modified_gmt":"2020-04-07T02:21:54","slug":"integrantes-de-la-mision-colombia-participan-en-una-formacion-ofrecida-por-la-cruz-roja","status":"publish","type":"post","link":"https:\/\/www.missoeshumanitarias.org\/es\/integrantes-de-la-mision-colombia-participan-en-una-formacion-ofrecida-por-la-cruz-roja\/","title":{"rendered":"Integrantes de la Misi\u00f3n Colombia participan en una formaci\u00f3n ofrecida por la Cruz Roja"},"content":{"rendered":"<p><a href=\"https:\/\/www.missoeshumanitarias.org\/wp-content\/uploads\/2021\/08\/treinamento-missao-colombia-cruz-vermelha.jpg\"><img fetchpriority=\"high\" decoding=\"async\" class=\"size-full wp-image-113005 aligncenter\" src=\"https:\/\/www.missoeshumanitarias.org\/wp-content\/uploads\/2021\/08\/treinamento-missao-colombia-cruz-vermelha.jpg\" alt=\"Forma\u00e7\u00e3o na Miss\u00e3o Col\u00f4mbia sobre o COVID-19\" width=\"1000\" height=\"750\" \/><\/a><\/p>\n<p style=\"text-align: justify;\">Integrantes de la\u00a0<strong><a href=\"https:\/\/www.fraterinternacional.org\/es\/\" target=\"_blank\" rel=\"noopener noreferrer\">Fraternidade &#8211; Misiones Humanitarias Internacionales (FMHI)<\/a><\/strong>\u00a0que act\u00faan en la\u00a0<strong><a href=\"https:\/\/www.fraterinternacional.org\/es\/mision-colombia\/\" target=\"_blank\" rel=\"noopener noreferrer\">Misi\u00f3n Colombia<\/a><\/strong>\u00a0est\u00e1n participando de una formaci\u00f3n sobre el combate contra el nuevo coronavirus (COVID-19) ofrecido por la Cruz Roja.<\/p>\n<p style=\"text-align: justify;\">Este entrenamiento b\u00e1sico se est\u00e1 realizando en un momento de gran necesidad de entender lo que es y c\u00f3mo combatir la propagaci\u00f3n del coronavirus. La formaci\u00f3n es ofrecida a los integrantes de la<strong><a href=\"https:\/\/www.fraterinternacional.org\/es\/mision-colombia\/\" target=\"_blank\" rel=\"noopener noreferrer\">\u00a0Misi\u00f3n Colombia<\/a>\u00a0<\/strong>y a todos los que residen en territorio colombiano.<\/p>\n<p style=\"text-align: justify;\">El objetivo es preparar a las comunidades locales para el enfrentamiento con la pandemia. En Colombia, como tambi\u00e9n en muchos otros pa\u00edses, se est\u00e1n tomando medidas extremadamente importantes para impedir la propagaci\u00f3n del virus, como la cuarentena en las ciudades y el aislamiento social. La Cruz Roja resalta la necesidad de proporcionar informaciones y recomendaciones pasadas por la Organizaci\u00f3n Mundial de la Salud (OMS).<\/p>\n<p style=\"text-align: justify;\">El curso est\u00e1 compuesto por tres m\u00f3dulos con una duraci\u00f3n de cuatro horas cada uno. Se est\u00e1 llevando a cabo entre el 26 de marzo y el 13 de abril. Los participantes realizar\u00e1n una evaluaci\u00f3n para comprobar la compresi\u00f3n del contenido, y luego recibir\u00e1n un certificado de la Cruz Roja.<\/p>\n<p><a href=\"https:\/\/www.missoeshumanitarias.org\/wp-content\/uploads\/2021\/08\/missao-colombia-treinamento-covid01.jpg\"><img decoding=\"async\" class=\"size-full wp-image-113011 aligncenter\" src=\"https:\/\/www.missoeshumanitarias.org\/wp-content\/uploads\/2021\/08\/missao-colombia-treinamento-covid01.jpg\" alt=\"\" width=\"1000\" height=\"756\" \/><\/a><\/p>\n<p style=\"text-align: justify;\">En su plataforma digital, la organizaci\u00f3n complementa las necesidades incluyendo cursos online para democratizar el acceso a las informaciones:<\/p>\n<p style=\"text-align: justify; padding-left: 40px;\">\u00ab<i>La Sociedad Nacional de la Cruz Roja Colombiana escoge iniciar cursos virtuales dentro de sus opciones acad\u00e9micas para una mejor inclusi\u00f3n social y oportunidad de aprendizaje, apuntado a cualquier persona con conexi\u00f3n a internet, gestionando la modalidad de cursos a distancia con gran alcance para Colombia y el mundo\u00bb.<\/i><\/p>\n<p style=\"text-align: justify;\">Priscila Vasques, misionera de la Fraternidade &#8211; Misiones (FMHI) y coordinadora de la\u00a0<strong><a href=\"https:\/\/www.fraterinternacional.org\/es\/mision-colombia\/\" target=\"_blank\" rel=\"noopener noreferrer\">Misi\u00f3n Colombia,<\/a><\/strong>\u00a0nos cuenta sobre la importancia de que los misioneros puedan participar y contribuir con la formaci\u00f3n: \u00abtenemos que entender c\u00f3mo esta nueva realidad est\u00e1 impactando en la respuesta humanitaria, ya que estamos insertos en ese contexto. Debemos conocer las medidas de prevenci\u00f3n, del mismo modo que todos los organismos de salud responsables est\u00e1n trabajando en todo el mundo, principalmente en las regiones donde actuamos. Esto implica directamente en las actividades que hacemos y consecuentemente en la poblaci\u00f3n afectada\u00bb.<\/p>\n","protected":false},"excerpt":{"rendered":"<p>Integrantes de la\u00a0Fraternidade &#8211; Misiones Humanitarias Internacionales (FMHI)\u00a0que act\u00faan en la\u00a0Misi\u00f3n Colombia\u00a0est\u00e1n participando de una formaci\u00f3n sobre el combate contra el nuevo coronavirus (COVID-19) ofrecido por la Cruz Roja. Este entrenamiento b\u00e1sico se est\u00e1 realizando en un momento de gran necesidad de entender lo que es y c\u00f3mo combatir la propagaci\u00f3n del coronavirus. La formaci\u00f3n [&hellip;]<\/p>\n","protected":false},"author":1,"featured_media":129588,"comment_status":"open","ping_status":"open","sticky":false,"template":"","format":"standard","meta":{"footnotes":""},"categories":[43,131],"tags":[],"class_list":["post-131975","post","type-post","status-publish","format-standard","has-post-thumbnail","hentry","category-noticias-es","category-noticias-de-las-misiones"],"featured_image_src":"https:\/\/www.missoeshumanitarias.org\/wp-content\/uploads\/2021\/08\/treinamento-missao-colombia-cruz-vermelha.jpg","author_info":{"display_name":"maducato_admin","author_link":"https:\/\/www.missoeshumanitarias.org\/es\/author\/maducato_admin\/"},"yoast_head":"<!-- This site is optimized with the Yoast SEO Premium plugin v22.5 (Yoast SEO v22.5) - https:\/\/yoast.com\/wordpress\/plugins\/seo\/ -->\n<title>Integrantes de la Misi\u00f3n Colombia participan en una formaci\u00f3n ofrecida por la Cruz Roja - Fraternidade Miss\u00f5es Humanit\u00e1rias Internacionais<\/title>\n<meta name=\"robots\" content=\"index, follow, max-snippet:-1, max-image-preview:large, max-video-preview:-1\" \/>\n<link rel=\"canonical\" href=\"https:\/\/www.missoeshumanitarias.org\/es\/integrantes-de-la-mision-colombia-participan-en-una-formacion-ofrecida-por-la-cruz-roja\/\" \/>\n<meta property=\"og:locale\" content=\"es_ES\" \/>\n<meta property=\"og:type\" content=\"article\" \/>\n<meta property=\"og:title\" content=\"Integrantes de la Misi\u00f3n Colombia participan en una formaci\u00f3n ofrecida por la Cruz Roja\" \/>\n<meta property=\"og:description\" content=\"Integrantes de la\u00a0Fraternidade &#8211; Misiones Humanitarias Internacionales (FMHI)\u00a0que act\u00faan en la\u00a0Misi\u00f3n Colombia\u00a0est\u00e1n participando de una formaci\u00f3n sobre el combate contra el nuevo coronavirus (COVID-19) ofrecido por la Cruz Roja. Este entrenamiento b\u00e1sico se est\u00e1 realizando en un momento de gran necesidad de entender lo que es y c\u00f3mo combatir la propagaci\u00f3n del coronavirus. La formaci\u00f3n [&hellip;]\" \/>\n<meta property=\"og:url\" content=\"https:\/\/www.missoeshumanitarias.org\/es\/integrantes-de-la-mision-colombia-participan-en-una-formacion-ofrecida-por-la-cruz-roja\/\" \/>\n<meta property=\"og:site_name\" content=\"Fraternidade Miss\u00f5es Humanit\u00e1rias Internacionais\" \/>\n<meta property=\"article:published_time\" content=\"2020-04-07T02:21:54+00:00\" \/>\n<meta property=\"og:image\" content=\"https:\/\/www.missoeshumanitarias.org\/wp-content\/uploads\/2021\/08\/treinamento-missao-colombia-cruz-vermelha.jpg\" \/>\n\t<meta property=\"og:image:width\" content=\"1000\" \/>\n\t<meta property=\"og:image:height\" content=\"750\" \/>\n\t<meta property=\"og:image:type\" content=\"image\/jpeg\" \/>\n<meta name=\"author\" content=\"maducato_admin\" \/>\n<meta name=\"twitter:card\" content=\"summary_large_image\" \/>\n<meta name=\"twitter:label1\" content=\"Escrito por\" \/>\n\t<meta name=\"twitter:data1\" content=\"maducato_admin\" \/>\n\t<meta name=\"twitter:label2\" content=\"Tiempo de lectura\" \/>\n\t<meta name=\"twitter:data2\" content=\"2 minutos\" \/>\n<script type=\"application\/ld+json\" class=\"yoast-schema-graph\">{\"@context\":\"https:\/\/schema.org\",\"@graph\":[{\"@type\":\"Article\",\"@id\":\"https:\/\/www.missoeshumanitarias.org\/es\/integrantes-de-la-mision-colombia-participan-en-una-formacion-ofrecida-por-la-cruz-roja\/#article\",\"isPartOf\":{\"@id\":\"https:\/\/www.missoeshumanitarias.org\/es\/integrantes-de-la-mision-colombia-participan-en-una-formacion-ofrecida-por-la-cruz-roja\/\"},\"author\":{\"name\":\"maducato_admin\",\"@id\":\"https:\/\/www.missoeshumanitarias.org\/es\/#\/schema\/person\/e0f8527323154d1eba9f9d9eb6b401f7\"},\"headline\":\"Integrantes de la Misi\u00f3n Colombia participan en una formaci\u00f3n ofrecida por la Cruz Roja\",\"datePublished\":\"2020-04-07T02:21:54+00:00\",\"dateModified\":\"2020-04-07T02:21:54+00:00\",\"mainEntityOfPage\":{\"@id\":\"https:\/\/www.missoeshumanitarias.org\/es\/integrantes-de-la-mision-colombia-participan-en-una-formacion-ofrecida-por-la-cruz-roja\/\"},\"wordCount\":396,\"commentCount\":0,\"publisher\":{\"@id\":\"https:\/\/www.missoeshumanitarias.org\/es\/#organization\"},\"image\":{\"@id\":\"https:\/\/www.missoeshumanitarias.org\/es\/integrantes-de-la-mision-colombia-participan-en-una-formacion-ofrecida-por-la-cruz-roja\/#primaryimage\"},\"thumbnailUrl\":\"https:\/\/www.missoeshumanitarias.org\/wp-content\/uploads\/2021\/08\/treinamento-missao-colombia-cruz-vermelha.jpg\",\"articleSection\":[\"Noticias\",\"Noticias de las Misiones\"],\"inLanguage\":\"es\",\"potentialAction\":[{\"@type\":\"CommentAction\",\"name\":\"Comment\",\"target\":[\"https:\/\/www.missoeshumanitarias.org\/es\/integrantes-de-la-mision-colombia-participan-en-una-formacion-ofrecida-por-la-cruz-roja\/#respond\"]}]},{\"@type\":\"WebPage\",\"@id\":\"https:\/\/www.missoeshumanitarias.org\/es\/integrantes-de-la-mision-colombia-participan-en-una-formacion-ofrecida-por-la-cruz-roja\/\",\"url\":\"https:\/\/www.missoeshumanitarias.org\/es\/integrantes-de-la-mision-colombia-participan-en-una-formacion-ofrecida-por-la-cruz-roja\/\",\"name\":\"Integrantes de la Misi\u00f3n Colombia participan en una formaci\u00f3n ofrecida por la Cruz Roja - Fraternidade Miss\u00f5es Humanit\u00e1rias Internacionais\",\"isPartOf\":{\"@id\":\"https:\/\/www.missoeshumanitarias.org\/es\/#website\"},\"primaryImageOfPage\":{\"@id\":\"https:\/\/www.missoeshumanitarias.org\/es\/integrantes-de-la-mision-colombia-participan-en-una-formacion-ofrecida-por-la-cruz-roja\/#primaryimage\"},\"image\":{\"@id\":\"https:\/\/www.missoeshumanitarias.org\/es\/integrantes-de-la-mision-colombia-participan-en-una-formacion-ofrecida-por-la-cruz-roja\/#primaryimage\"},\"thumbnailUrl\":\"https:\/\/www.missoeshumanitarias.org\/wp-content\/uploads\/2021\/08\/treinamento-missao-colombia-cruz-vermelha.jpg\",\"datePublished\":\"2020-04-07T02:21:54+00:00\",\"dateModified\":\"2020-04-07T02:21:54+00:00\",\"breadcrumb\":{\"@id\":\"https:\/\/www.missoeshumanitarias.org\/es\/integrantes-de-la-mision-colombia-participan-en-una-formacion-ofrecida-por-la-cruz-roja\/#breadcrumb\"},\"inLanguage\":\"es\",\"potentialAction\":[{\"@type\":\"ReadAction\",\"target\":[\"https:\/\/www.missoeshumanitarias.org\/es\/integrantes-de-la-mision-colombia-participan-en-una-formacion-ofrecida-por-la-cruz-roja\/\"]}]},{\"@type\":\"ImageObject\",\"inLanguage\":\"es\",\"@id\":\"https:\/\/www.missoeshumanitarias.org\/es\/integrantes-de-la-mision-colombia-participan-en-una-formacion-ofrecida-por-la-cruz-roja\/#primaryimage\",\"url\":\"https:\/\/www.missoeshumanitarias.org\/wp-content\/uploads\/2021\/08\/treinamento-missao-colombia-cruz-vermelha.jpg\",\"contentUrl\":\"https:\/\/www.missoeshumanitarias.org\/wp-content\/uploads\/2021\/08\/treinamento-missao-colombia-cruz-vermelha.jpg\",\"width\":1000,\"height\":750},{\"@type\":\"BreadcrumbList\",\"@id\":\"https:\/\/www.missoeshumanitarias.org\/es\/integrantes-de-la-mision-colombia-participan-en-una-formacion-ofrecida-por-la-cruz-roja\/#breadcrumb\",\"itemListElement\":[{\"@type\":\"ListItem\",\"position\":1,\"name\":\"Home\",\"item\":\"https:\/\/www.missoeshumanitarias.org\/en\/\"},{\"@type\":\"ListItem\",\"position\":2,\"name\":\"Integrantes de la Misi\u00f3n Colombia participan en una formaci\u00f3n ofrecida por la Cruz Roja\"}]},{\"@type\":\"WebSite\",\"@id\":\"https:\/\/www.missoeshumanitarias.org\/es\/#website\",\"url\":\"https:\/\/www.missoeshumanitarias.org\/es\/\",\"name\":\"Fraternidade Miss\u00f5es Humanit\u00e1rias Internacionais\",\"description\":\"Respostas Humanit\u00e1rias e Emerg\u00eancias\",\"publisher\":{\"@id\":\"https:\/\/www.missoeshumanitarias.org\/es\/#organization\"},\"potentialAction\":[{\"@type\":\"SearchAction\",\"target\":{\"@type\":\"EntryPoint\",\"urlTemplate\":\"https:\/\/www.missoeshumanitarias.org\/es\/?s={search_term_string}\"},\"query-input\":\"required name=search_term_string\"}],\"inLanguage\":\"es\"},{\"@type\":\"Organization\",\"@id\":\"https:\/\/www.missoeshumanitarias.org\/es\/#organization\",\"name\":\"Fraternidade - Miss\u00f5es Humanit\u00e1rias Internacionais\",\"url\":\"https:\/\/www.missoeshumanitarias.org\/es\/\",\"logo\":{\"@type\":\"ImageObject\",\"inLanguage\":\"es\",\"@id\":\"https:\/\/www.missoeshumanitarias.org\/es\/#\/schema\/logo\/image\/\",\"url\":\"https:\/\/www.missoeshumanitarias.org\/wp-content\/uploads\/2020\/05\/logo-FMHI-mg.png\",\"contentUrl\":\"https:\/\/www.missoeshumanitarias.org\/wp-content\/uploads\/2020\/05\/logo-FMHI-mg.png\",\"width\":520,\"height\":134,\"caption\":\"Fraternidade - Miss\u00f5es Humanit\u00e1rias Internacionais\"},\"image\":{\"@id\":\"https:\/\/www.missoeshumanitarias.org\/es\/#\/schema\/logo\/image\/\"}},{\"@type\":\"Person\",\"@id\":\"https:\/\/www.missoeshumanitarias.org\/es\/#\/schema\/person\/e0f8527323154d1eba9f9d9eb6b401f7\",\"name\":\"maducato_admin\",\"image\":{\"@type\":\"ImageObject\",\"inLanguage\":\"es\",\"@id\":\"https:\/\/www.missoeshumanitarias.org\/es\/#\/schema\/person\/image\/\",\"url\":\"https:\/\/secure.gravatar.com\/avatar\/6c3b45186a8f5a459d8e14c7fca370bceae92402bc06171d75e4e559b6c24393?s=96&d=mm&r=g\",\"contentUrl\":\"https:\/\/secure.gravatar.com\/avatar\/6c3b45186a8f5a459d8e14c7fca370bceae92402bc06171d75e4e559b6c24393?s=96&d=mm&r=g\",\"caption\":\"maducato_admin\"}}]}<\/script>\n<!-- \/ Yoast SEO Premium plugin. -->","yoast_head_json":{"title":"Integrantes de la Misi\u00f3n Colombia participan en una formaci\u00f3n ofrecida por la Cruz Roja - Fraternidade Miss\u00f5es Humanit\u00e1rias Internacionais","robots":{"index":"index","follow":"follow","max-snippet":"max-snippet:-1","max-image-preview":"max-image-preview:large","max-video-preview":"max-video-preview:-1"},"canonical":"https:\/\/www.missoeshumanitarias.org\/es\/integrantes-de-la-mision-colombia-participan-en-una-formacion-ofrecida-por-la-cruz-roja\/","og_locale":"es_ES","og_type":"article","og_title":"Integrantes de la Misi\u00f3n Colombia participan en una formaci\u00f3n ofrecida por la Cruz Roja","og_description":"Integrantes de la\u00a0Fraternidade &#8211; Misiones Humanitarias Internacionales (FMHI)\u00a0que act\u00faan en la\u00a0Misi\u00f3n Colombia\u00a0est\u00e1n participando de una formaci\u00f3n sobre el combate contra el nuevo coronavirus (COVID-19) ofrecido por la Cruz Roja. Este entrenamiento b\u00e1sico se est\u00e1 realizando en un momento de gran necesidad de entender lo que es y c\u00f3mo combatir la propagaci\u00f3n del coronavirus. La formaci\u00f3n [&hellip;]","og_url":"https:\/\/www.missoeshumanitarias.org\/es\/integrantes-de-la-mision-colombia-participan-en-una-formacion-ofrecida-por-la-cruz-roja\/","og_site_name":"Fraternidade Miss\u00f5es Humanit\u00e1rias Internacionais","article_published_time":"2020-04-07T02:21:54+00:00","og_image":[{"width":1000,"height":750,"url":"https:\/\/www.missoeshumanitarias.org\/wp-content\/uploads\/2021\/08\/treinamento-missao-colombia-cruz-vermelha.jpg","type":"image\/jpeg"}],"author":"maducato_admin","twitter_card":"summary_large_image","twitter_misc":{"Escrito por":"maducato_admin","Tiempo de lectura":"2 minutos"},"schema":{"@context":"https:\/\/schema.org","@graph":[{"@type":"Article","@id":"https:\/\/www.missoeshumanitarias.org\/es\/integrantes-de-la-mision-colombia-participan-en-una-formacion-ofrecida-por-la-cruz-roja\/#article","isPartOf":{"@id":"https:\/\/www.missoeshumanitarias.org\/es\/integrantes-de-la-mision-colombia-participan-en-una-formacion-ofrecida-por-la-cruz-roja\/"},"author":{"name":"maducato_admin","@id":"https:\/\/www.missoeshumanitarias.org\/es\/#\/schema\/person\/e0f8527323154d1eba9f9d9eb6b401f7"},"headline":"Integrantes de la Misi\u00f3n Colombia participan en una formaci\u00f3n ofrecida por la Cruz Roja","datePublished":"2020-04-07T02:21:54+00:00","dateModified":"2020-04-07T02:21:54+00:00","mainEntityOfPage":{"@id":"https:\/\/www.missoeshumanitarias.org\/es\/integrantes-de-la-mision-colombia-participan-en-una-formacion-ofrecida-por-la-cruz-roja\/"},"wordCount":396,"commentCount":0,"publisher":{"@id":"https:\/\/www.missoeshumanitarias.org\/es\/#organization"},"image":{"@id":"https:\/\/www.missoeshumanitarias.org\/es\/integrantes-de-la-mision-colombia-participan-en-una-formacion-ofrecida-por-la-cruz-roja\/#primaryimage"},"thumbnailUrl":"https:\/\/www.missoeshumanitarias.org\/wp-content\/uploads\/2021\/08\/treinamento-missao-colombia-cruz-vermelha.jpg","articleSection":["Noticias","Noticias de las Misiones"],"inLanguage":"es","potentialAction":[{"@type":"CommentAction","name":"Comment","target":["https:\/\/www.missoeshumanitarias.org\/es\/integrantes-de-la-mision-colombia-participan-en-una-formacion-ofrecida-por-la-cruz-roja\/#respond"]}]},{"@type":"WebPage","@id":"https:\/\/www.missoeshumanitarias.org\/es\/integrantes-de-la-mision-colombia-participan-en-una-formacion-ofrecida-por-la-cruz-roja\/","url":"https:\/\/www.missoeshumanitarias.org\/es\/integrantes-de-la-mision-colombia-participan-en-una-formacion-ofrecida-por-la-cruz-roja\/","name":"Integrantes de la Misi\u00f3n Colombia participan en una formaci\u00f3n ofrecida por la Cruz Roja - Fraternidade Miss\u00f5es Humanit\u00e1rias Internacionais","isPartOf":{"@id":"https:\/\/www.missoeshumanitarias.org\/es\/#website"},"primaryImageOfPage":{"@id":"https:\/\/www.missoeshumanitarias.org\/es\/integrantes-de-la-mision-colombia-participan-en-una-formacion-ofrecida-por-la-cruz-roja\/#primaryimage"},"image":{"@id":"https:\/\/www.missoeshumanitarias.org\/es\/integrantes-de-la-mision-colombia-participan-en-una-formacion-ofrecida-por-la-cruz-roja\/#primaryimage"},"thumbnailUrl":"https:\/\/www.missoeshumanitarias.org\/wp-content\/uploads\/2021\/08\/treinamento-missao-colombia-cruz-vermelha.jpg","datePublished":"2020-04-07T02:21:54+00:00","dateModified":"2020-04-07T02:21:54+00:00","breadcrumb":{"@id":"https:\/\/www.missoeshumanitarias.org\/es\/integrantes-de-la-mision-colombia-participan-en-una-formacion-ofrecida-por-la-cruz-roja\/#breadcrumb"},"inLanguage":"es","potentialAction":[{"@type":"ReadAction","target":["https:\/\/www.missoeshumanitarias.org\/es\/integrantes-de-la-mision-colombia-participan-en-una-formacion-ofrecida-por-la-cruz-roja\/"]}]},{"@type":"ImageObject","inLanguage":"es","@id":"https:\/\/www.missoeshumanitarias.org\/es\/integrantes-de-la-mision-colombia-participan-en-una-formacion-ofrecida-por-la-cruz-roja\/#primaryimage","url":"https:\/\/www.missoeshumanitarias.org\/wp-content\/uploads\/2021\/08\/treinamento-missao-colombia-cruz-vermelha.jpg","contentUrl":"https:\/\/www.missoeshumanitarias.org\/wp-content\/uploads\/2021\/08\/treinamento-missao-colombia-cruz-vermelha.jpg","width":1000,"height":750},{"@type":"BreadcrumbList","@id":"https:\/\/www.missoeshumanitarias.org\/es\/integrantes-de-la-mision-colombia-participan-en-una-formacion-ofrecida-por-la-cruz-roja\/#breadcrumb","itemListElement":[{"@type":"ListItem","position":1,"name":"Home","item":"https:\/\/www.missoeshumanitarias.org\/en\/"},{"@type":"ListItem","position":2,"name":"Integrantes de la Misi\u00f3n Colombia participan en una formaci\u00f3n ofrecida por la Cruz Roja"}]},{"@type":"WebSite","@id":"https:\/\/www.missoeshumanitarias.org\/es\/#website","url":"https:\/\/www.missoeshumanitarias.org\/es\/","name":"Fraternidade Miss\u00f5es Humanit\u00e1rias Internacionais","description":"Respostas Humanit\u00e1rias e Emerg\u00eancias","publisher":{"@id":"https:\/\/www.missoeshumanitarias.org\/es\/#organization"},"potentialAction":[{"@type":"SearchAction","target":{"@type":"EntryPoint","urlTemplate":"https:\/\/www.missoeshumanitarias.org\/es\/?s={search_term_string}"},"query-input":"required name=search_term_string"}],"inLanguage":"es"},{"@type":"Organization","@id":"https:\/\/www.missoeshumanitarias.org\/es\/#organization","name":"Fraternidade - Miss\u00f5es Humanit\u00e1rias Internacionais","url":"https:\/\/www.missoeshumanitarias.org\/es\/","logo":{"@type":"ImageObject","inLanguage":"es","@id":"https:\/\/www.missoeshumanitarias.org\/es\/#\/schema\/logo\/image\/","url":"https:\/\/www.missoeshumanitarias.org\/wp-content\/uploads\/2020\/05\/logo-FMHI-mg.png","contentUrl":"https:\/\/www.missoeshumanitarias.org\/wp-content\/uploads\/2020\/05\/logo-FMHI-mg.png","width":520,"height":134,"caption":"Fraternidade - Miss\u00f5es Humanit\u00e1rias Internacionais"},"image":{"@id":"https:\/\/www.missoeshumanitarias.org\/es\/#\/schema\/logo\/image\/"}},{"@type":"Person","@id":"https:\/\/www.missoeshumanitarias.org\/es\/#\/schema\/person\/e0f8527323154d1eba9f9d9eb6b401f7","name":"maducato_admin","image":{"@type":"ImageObject","inLanguage":"es","@id":"https:\/\/www.missoeshumanitarias.org\/es\/#\/schema\/person\/image\/","url":"https:\/\/secure.gravatar.com\/avatar\/6c3b45186a8f5a459d8e14c7fca370bceae92402bc06171d75e4e559b6c24393?s=96&d=mm&r=g","contentUrl":"https:\/\/secure.gravatar.com\/avatar\/6c3b45186a8f5a459d8e14c7fca370bceae92402bc06171d75e4e559b6c24393?s=96&d=mm&r=g","caption":"maducato_admin"}}]}},"_links":{"self":[{"href":"https:\/\/www.missoeshumanitarias.org\/es\/wp-json\/wp\/v2\/posts\/131975","targetHints":{"allow":["GET"]}}],"collection":[{"href":"https:\/\/www.missoeshumanitarias.org\/es\/wp-json\/wp\/v2\/posts"}],"about":[{"href":"https:\/\/www.missoeshumanitarias.org\/es\/wp-json\/wp\/v2\/types\/post"}],"author":[{"embeddable":true,"href":"https:\/\/www.missoeshumanitarias.org\/es\/wp-json\/wp\/v2\/users\/1"}],"replies":[{"embeddable":true,"href":"https:\/\/www.missoeshumanitarias.org\/es\/wp-json\/wp\/v2\/comments?post=131975"}],"version-history":[{"count":0,"href":"https:\/\/www.missoeshumanitarias.org\/es\/wp-json\/wp\/v2\/posts\/131975\/revisions"}],"wp:featuredmedia":[{"embeddable":true,"href":"https:\/\/www.missoeshumanitarias.org\/es\/wp-json\/wp\/v2\/media\/129588"}],"wp:attachment":[{"href":"https:\/\/www.missoeshumanitarias.org\/es\/wp-json\/wp\/v2\/media?parent=131975"}],"wp:term":[{"taxonomy":"category","embeddable":true,"href":"https:\/\/www.missoeshumanitarias.org\/es\/wp-json\/wp\/v2\/categories?post=131975"},{"taxonomy":"post_tag","embeddable":true,"href":"https:\/\/www.missoeshumanitarias.org\/es\/wp-json\/wp\/v2\/tags?post=131975"}],"curies":[{"name":"wp","href":"https:\/\/api.w.org\/{rel}","templated":true}]}}