{"id":131985,"date":"2020-05-02T12:53:23","date_gmt":"2020-05-02T15:53:23","guid":{"rendered":"https:\/\/www.missoeshumanitarias.org\/refugiados-venezolanos-revelan-talentos-artisticos\/"},"modified":"2020-05-02T12:53:23","modified_gmt":"2020-05-02T15:53:23","slug":"refugiados-venezolanos-revelan-talentos-artisticos","status":"publish","type":"post","link":"https:\/\/www.missoeshumanitarias.org\/es\/refugiados-venezolanos-revelan-talentos-artisticos\/","title":{"rendered":"Refugiados venezolanos revelan talentos art\u00edsticos"},"content":{"rendered":"<p style=\"font-weight: 400; text-align: justify;\">A trav\u00e9s de este video conoceremos las historias de dos refugiados venezolanos que se encuentran en el refugio Tancredo Neves (Roraima), administrado por la\u00a0<strong><a href=\"https:\/\/www.fraterinternacional.org\/es\/\">Fraternidade &#8211; Federaci\u00f3n Humanitaria Internacional (FFHI)<\/a><\/strong>. Sus historias de vida tienen en com\u00fan: la lucha por la supervivencia, el duro trayecto recorrido que hicieron hasta llegar a Brasil, pero, sobre todo, traen consigo talentos que se expresan en la pintura, la m\u00fasica y en la poes\u00eda urbana en forma de rap.<\/p>\n<p style=\"font-weight: 400; text-align: justify;\">Jean, un joven compositor de rap y letrista, enfatiza que est\u00e1 orgulloso de ser quien es, y no se siente limitado por su discapacidad f\u00edsica: \u00abSoy una persona que tiene un prop\u00f3sito y una meta y no importa lo que pase, tengo que cumplirlos\u00bb.<\/p>\n<p style=\"font-weight: 400; text-align: justify;\">El cantante, m\u00fasico y pintor, Jos\u00e9, de 69 a\u00f1os, cuenta que naci\u00f3 en una familia pobre \u00abpero el talento que Dios me dio fue mucho\u00bb.<\/p>\n<p style=\"font-weight: 400; text-align: justify;\">Sigue estas historias aqu\u00ed<\/p>\n<p><iframe title=\"Refugiados venezuelanos revelam Talentos Art\u00edsticos!\" width=\"800\" height=\"450\" src=\"https:\/\/www.youtube.com\/embed\/sHMPHwndcWk?feature=oembed\" frameborder=\"0\" allow=\"accelerometer; autoplay; clipboard-write; encrypted-media; gyroscope; picture-in-picture\" allowfullscreen><\/iframe><\/p>\n","protected":false},"excerpt":{"rendered":"<p>A trav\u00e9s de este video conoceremos las historias de dos refugiados venezolanos que se encuentran en el refugio Tancredo Neves (Roraima), administrado por la\u00a0Fraternidade &#8211; Federaci\u00f3n Humanitaria Internacional (FFHI). Sus historias de vida tienen en com\u00fan: la lucha por la supervivencia, el duro trayecto recorrido que hicieron hasta llegar a Brasil, pero, sobre todo, traen [&hellip;]<\/p>\n","protected":false},"author":1,"featured_media":129696,"comment_status":"open","ping_status":"open","sticky":false,"template":"","format":"standard","meta":{"footnotes":""},"categories":[43,131],"tags":[],"class_list":["post-131985","post","type-post","status-publish","format-standard","has-post-thumbnail","hentry","category-noticias-es","category-noticias-de-las-misiones"],"featured_image_src":"https:\/\/www.missoeshumanitarias.org\/wp-content\/uploads\/2021\/08\/img-talentos-abrigos.jpg","author_info":{"display_name":"maducato_admin","author_link":"https:\/\/www.missoeshumanitarias.org\/es\/author\/maducato_admin\/"},"yoast_head":"<!-- This site is optimized with the Yoast SEO Premium plugin v22.5 (Yoast SEO v22.5) - https:\/\/yoast.com\/wordpress\/plugins\/seo\/ -->\n<title>Refugiados venezolanos revelan talentos art\u00edsticos - Fraternidade Miss\u00f5es Humanit\u00e1rias Internacionais<\/title>\n<meta name=\"robots\" content=\"index, follow, max-snippet:-1, max-image-preview:large, max-video-preview:-1\" \/>\n<link rel=\"canonical\" href=\"https:\/\/www.missoeshumanitarias.org\/es\/refugiados-venezolanos-revelan-talentos-artisticos\/\" \/>\n<meta property=\"og:locale\" content=\"es_ES\" \/>\n<meta property=\"og:type\" content=\"article\" \/>\n<meta property=\"og:title\" content=\"Refugiados venezolanos revelan talentos art\u00edsticos\" \/>\n<meta property=\"og:description\" content=\"A trav\u00e9s de este video conoceremos las historias de dos refugiados venezolanos que se encuentran en el refugio Tancredo Neves (Roraima), administrado por la\u00a0Fraternidade &#8211; Federaci\u00f3n Humanitaria Internacional (FFHI). Sus historias de vida tienen en com\u00fan: la lucha por la supervivencia, el duro trayecto recorrido que hicieron hasta llegar a Brasil, pero, sobre todo, traen [&hellip;]\" \/>\n<meta property=\"og:url\" content=\"https:\/\/www.missoeshumanitarias.org\/es\/refugiados-venezolanos-revelan-talentos-artisticos\/\" \/>\n<meta property=\"og:site_name\" content=\"Fraternidade Miss\u00f5es Humanit\u00e1rias Internacionais\" \/>\n<meta property=\"article:published_time\" content=\"2020-05-02T15:53:23+00:00\" \/>\n<meta property=\"og:image\" content=\"https:\/\/www.missoeshumanitarias.org\/wp-content\/uploads\/2021\/08\/img-talentos-abrigos.jpg\" \/>\n\t<meta property=\"og:image:width\" content=\"858\" \/>\n\t<meta property=\"og:image:height\" content=\"625\" \/>\n\t<meta property=\"og:image:type\" content=\"image\/jpeg\" \/>\n<meta name=\"author\" content=\"maducato_admin\" \/>\n<meta name=\"twitter:card\" content=\"summary_large_image\" \/>\n<meta name=\"twitter:label1\" content=\"Escrito por\" \/>\n\t<meta name=\"twitter:data1\" content=\"maducato_admin\" \/>\n\t<meta name=\"twitter:label2\" content=\"Tiempo de lectura\" \/>\n\t<meta name=\"twitter:data2\" content=\"1 minuto\" \/>\n<script type=\"application\/ld+json\" class=\"yoast-schema-graph\">{\"@context\":\"https:\/\/schema.org\",\"@graph\":[{\"@type\":\"Article\",\"@id\":\"https:\/\/www.missoeshumanitarias.org\/es\/refugiados-venezolanos-revelan-talentos-artisticos\/#article\",\"isPartOf\":{\"@id\":\"https:\/\/www.missoeshumanitarias.org\/es\/refugiados-venezolanos-revelan-talentos-artisticos\/\"},\"author\":{\"name\":\"maducato_admin\",\"@id\":\"https:\/\/www.missoeshumanitarias.org\/es\/#\/schema\/person\/e0f8527323154d1eba9f9d9eb6b401f7\"},\"headline\":\"Refugiados venezolanos revelan talentos art\u00edsticos\",\"datePublished\":\"2020-05-02T15:53:23+00:00\",\"dateModified\":\"2020-05-02T15:53:23+00:00\",\"mainEntityOfPage\":{\"@id\":\"https:\/\/www.missoeshumanitarias.org\/es\/refugiados-venezolanos-revelan-talentos-artisticos\/\"},\"wordCount\":166,\"commentCount\":0,\"publisher\":{\"@id\":\"https:\/\/www.missoeshumanitarias.org\/es\/#organization\"},\"image\":{\"@id\":\"https:\/\/www.missoeshumanitarias.org\/es\/refugiados-venezolanos-revelan-talentos-artisticos\/#primaryimage\"},\"thumbnailUrl\":\"https:\/\/www.missoeshumanitarias.org\/wp-content\/uploads\/2021\/08\/img-talentos-abrigos.jpg\",\"articleSection\":[\"Noticias\",\"Noticias de las Misiones\"],\"inLanguage\":\"es\",\"potentialAction\":[{\"@type\":\"CommentAction\",\"name\":\"Comment\",\"target\":[\"https:\/\/www.missoeshumanitarias.org\/es\/refugiados-venezolanos-revelan-talentos-artisticos\/#respond\"]}]},{\"@type\":\"WebPage\",\"@id\":\"https:\/\/www.missoeshumanitarias.org\/es\/refugiados-venezolanos-revelan-talentos-artisticos\/\",\"url\":\"https:\/\/www.missoeshumanitarias.org\/es\/refugiados-venezolanos-revelan-talentos-artisticos\/\",\"name\":\"Refugiados venezolanos revelan talentos art\u00edsticos - Fraternidade Miss\u00f5es Humanit\u00e1rias Internacionais\",\"isPartOf\":{\"@id\":\"https:\/\/www.missoeshumanitarias.org\/es\/#website\"},\"primaryImageOfPage\":{\"@id\":\"https:\/\/www.missoeshumanitarias.org\/es\/refugiados-venezolanos-revelan-talentos-artisticos\/#primaryimage\"},\"image\":{\"@id\":\"https:\/\/www.missoeshumanitarias.org\/es\/refugiados-venezolanos-revelan-talentos-artisticos\/#primaryimage\"},\"thumbnailUrl\":\"https:\/\/www.missoeshumanitarias.org\/wp-content\/uploads\/2021\/08\/img-talentos-abrigos.jpg\",\"datePublished\":\"2020-05-02T15:53:23+00:00\",\"dateModified\":\"2020-05-02T15:53:23+00:00\",\"breadcrumb\":{\"@id\":\"https:\/\/www.missoeshumanitarias.org\/es\/refugiados-venezolanos-revelan-talentos-artisticos\/#breadcrumb\"},\"inLanguage\":\"es\",\"potentialAction\":[{\"@type\":\"ReadAction\",\"target\":[\"https:\/\/www.missoeshumanitarias.org\/es\/refugiados-venezolanos-revelan-talentos-artisticos\/\"]}]},{\"@type\":\"ImageObject\",\"inLanguage\":\"es\",\"@id\":\"https:\/\/www.missoeshumanitarias.org\/es\/refugiados-venezolanos-revelan-talentos-artisticos\/#primaryimage\",\"url\":\"https:\/\/www.missoeshumanitarias.org\/wp-content\/uploads\/2021\/08\/img-talentos-abrigos.jpg\",\"contentUrl\":\"https:\/\/www.missoeshumanitarias.org\/wp-content\/uploads\/2021\/08\/img-talentos-abrigos.jpg\",\"width\":858,\"height\":625},{\"@type\":\"BreadcrumbList\",\"@id\":\"https:\/\/www.missoeshumanitarias.org\/es\/refugiados-venezolanos-revelan-talentos-artisticos\/#breadcrumb\",\"itemListElement\":[{\"@type\":\"ListItem\",\"position\":1,\"name\":\"Home\",\"item\":\"https:\/\/www.missoeshumanitarias.org\/en\/\"},{\"@type\":\"ListItem\",\"position\":2,\"name\":\"Refugiados venezolanos revelan talentos art\u00edsticos\"}]},{\"@type\":\"WebSite\",\"@id\":\"https:\/\/www.missoeshumanitarias.org\/es\/#website\",\"url\":\"https:\/\/www.missoeshumanitarias.org\/es\/\",\"name\":\"Fraternidade Miss\u00f5es Humanit\u00e1rias Internacionais\",\"description\":\"Respostas Humanit\u00e1rias e Emerg\u00eancias\",\"publisher\":{\"@id\":\"https:\/\/www.missoeshumanitarias.org\/es\/#organization\"},\"potentialAction\":[{\"@type\":\"SearchAction\",\"target\":{\"@type\":\"EntryPoint\",\"urlTemplate\":\"https:\/\/www.missoeshumanitarias.org\/es\/?s={search_term_string}\"},\"query-input\":\"required name=search_term_string\"}],\"inLanguage\":\"es\"},{\"@type\":\"Organization\",\"@id\":\"https:\/\/www.missoeshumanitarias.org\/es\/#organization\",\"name\":\"Fraternidade - Miss\u00f5es Humanit\u00e1rias Internacionais\",\"url\":\"https:\/\/www.missoeshumanitarias.org\/es\/\",\"logo\":{\"@type\":\"ImageObject\",\"inLanguage\":\"es\",\"@id\":\"https:\/\/www.missoeshumanitarias.org\/es\/#\/schema\/logo\/image\/\",\"url\":\"https:\/\/www.missoeshumanitarias.org\/wp-content\/uploads\/2020\/05\/logo-FMHI-mg.png\",\"contentUrl\":\"https:\/\/www.missoeshumanitarias.org\/wp-content\/uploads\/2020\/05\/logo-FMHI-mg.png\",\"width\":520,\"height\":134,\"caption\":\"Fraternidade - Miss\u00f5es Humanit\u00e1rias Internacionais\"},\"image\":{\"@id\":\"https:\/\/www.missoeshumanitarias.org\/es\/#\/schema\/logo\/image\/\"}},{\"@type\":\"Person\",\"@id\":\"https:\/\/www.missoeshumanitarias.org\/es\/#\/schema\/person\/e0f8527323154d1eba9f9d9eb6b401f7\",\"name\":\"maducato_admin\",\"image\":{\"@type\":\"ImageObject\",\"inLanguage\":\"es\",\"@id\":\"https:\/\/www.missoeshumanitarias.org\/es\/#\/schema\/person\/image\/\",\"url\":\"https:\/\/secure.gravatar.com\/avatar\/6c3b45186a8f5a459d8e14c7fca370bceae92402bc06171d75e4e559b6c24393?s=96&d=mm&r=g\",\"contentUrl\":\"https:\/\/secure.gravatar.com\/avatar\/6c3b45186a8f5a459d8e14c7fca370bceae92402bc06171d75e4e559b6c24393?s=96&d=mm&r=g\",\"caption\":\"maducato_admin\"}}]}<\/script>\n<!-- \/ Yoast SEO Premium plugin. -->","yoast_head_json":{"title":"Refugiados venezolanos revelan talentos art\u00edsticos - Fraternidade Miss\u00f5es Humanit\u00e1rias Internacionais","robots":{"index":"index","follow":"follow","max-snippet":"max-snippet:-1","max-image-preview":"max-image-preview:large","max-video-preview":"max-video-preview:-1"},"canonical":"https:\/\/www.missoeshumanitarias.org\/es\/refugiados-venezolanos-revelan-talentos-artisticos\/","og_locale":"es_ES","og_type":"article","og_title":"Refugiados venezolanos revelan talentos art\u00edsticos","og_description":"A trav\u00e9s de este video conoceremos las historias de dos refugiados venezolanos que se encuentran en el refugio Tancredo Neves (Roraima), administrado por la\u00a0Fraternidade &#8211; Federaci\u00f3n Humanitaria Internacional (FFHI). Sus historias de vida tienen en com\u00fan: la lucha por la supervivencia, el duro trayecto recorrido que hicieron hasta llegar a Brasil, pero, sobre todo, traen [&hellip;]","og_url":"https:\/\/www.missoeshumanitarias.org\/es\/refugiados-venezolanos-revelan-talentos-artisticos\/","og_site_name":"Fraternidade Miss\u00f5es Humanit\u00e1rias Internacionais","article_published_time":"2020-05-02T15:53:23+00:00","og_image":[{"width":858,"height":625,"url":"https:\/\/www.missoeshumanitarias.org\/wp-content\/uploads\/2021\/08\/img-talentos-abrigos.jpg","type":"image\/jpeg"}],"author":"maducato_admin","twitter_card":"summary_large_image","twitter_misc":{"Escrito por":"maducato_admin","Tiempo de lectura":"1 minuto"},"schema":{"@context":"https:\/\/schema.org","@graph":[{"@type":"Article","@id":"https:\/\/www.missoeshumanitarias.org\/es\/refugiados-venezolanos-revelan-talentos-artisticos\/#article","isPartOf":{"@id":"https:\/\/www.missoeshumanitarias.org\/es\/refugiados-venezolanos-revelan-talentos-artisticos\/"},"author":{"name":"maducato_admin","@id":"https:\/\/www.missoeshumanitarias.org\/es\/#\/schema\/person\/e0f8527323154d1eba9f9d9eb6b401f7"},"headline":"Refugiados venezolanos revelan talentos art\u00edsticos","datePublished":"2020-05-02T15:53:23+00:00","dateModified":"2020-05-02T15:53:23+00:00","mainEntityOfPage":{"@id":"https:\/\/www.missoeshumanitarias.org\/es\/refugiados-venezolanos-revelan-talentos-artisticos\/"},"wordCount":166,"commentCount":0,"publisher":{"@id":"https:\/\/www.missoeshumanitarias.org\/es\/#organization"},"image":{"@id":"https:\/\/www.missoeshumanitarias.org\/es\/refugiados-venezolanos-revelan-talentos-artisticos\/#primaryimage"},"thumbnailUrl":"https:\/\/www.missoeshumanitarias.org\/wp-content\/uploads\/2021\/08\/img-talentos-abrigos.jpg","articleSection":["Noticias","Noticias de las Misiones"],"inLanguage":"es","potentialAction":[{"@type":"CommentAction","name":"Comment","target":["https:\/\/www.missoeshumanitarias.org\/es\/refugiados-venezolanos-revelan-talentos-artisticos\/#respond"]}]},{"@type":"WebPage","@id":"https:\/\/www.missoeshumanitarias.org\/es\/refugiados-venezolanos-revelan-talentos-artisticos\/","url":"https:\/\/www.missoeshumanitarias.org\/es\/refugiados-venezolanos-revelan-talentos-artisticos\/","name":"Refugiados venezolanos revelan talentos art\u00edsticos - Fraternidade Miss\u00f5es Humanit\u00e1rias Internacionais","isPartOf":{"@id":"https:\/\/www.missoeshumanitarias.org\/es\/#website"},"primaryImageOfPage":{"@id":"https:\/\/www.missoeshumanitarias.org\/es\/refugiados-venezolanos-revelan-talentos-artisticos\/#primaryimage"},"image":{"@id":"https:\/\/www.missoeshumanitarias.org\/es\/refugiados-venezolanos-revelan-talentos-artisticos\/#primaryimage"},"thumbnailUrl":"https:\/\/www.missoeshumanitarias.org\/wp-content\/uploads\/2021\/08\/img-talentos-abrigos.jpg","datePublished":"2020-05-02T15:53:23+00:00","dateModified":"2020-05-02T15:53:23+00:00","breadcrumb":{"@id":"https:\/\/www.missoeshumanitarias.org\/es\/refugiados-venezolanos-revelan-talentos-artisticos\/#breadcrumb"},"inLanguage":"es","potentialAction":[{"@type":"ReadAction","target":["https:\/\/www.missoeshumanitarias.org\/es\/refugiados-venezolanos-revelan-talentos-artisticos\/"]}]},{"@type":"ImageObject","inLanguage":"es","@id":"https:\/\/www.missoeshumanitarias.org\/es\/refugiados-venezolanos-revelan-talentos-artisticos\/#primaryimage","url":"https:\/\/www.missoeshumanitarias.org\/wp-content\/uploads\/2021\/08\/img-talentos-abrigos.jpg","contentUrl":"https:\/\/www.missoeshumanitarias.org\/wp-content\/uploads\/2021\/08\/img-talentos-abrigos.jpg","width":858,"height":625},{"@type":"BreadcrumbList","@id":"https:\/\/www.missoeshumanitarias.org\/es\/refugiados-venezolanos-revelan-talentos-artisticos\/#breadcrumb","itemListElement":[{"@type":"ListItem","position":1,"name":"Home","item":"https:\/\/www.missoeshumanitarias.org\/en\/"},{"@type":"ListItem","position":2,"name":"Refugiados venezolanos revelan talentos art\u00edsticos"}]},{"@type":"WebSite","@id":"https:\/\/www.missoeshumanitarias.org\/es\/#website","url":"https:\/\/www.missoeshumanitarias.org\/es\/","name":"Fraternidade Miss\u00f5es Humanit\u00e1rias Internacionais","description":"Respostas Humanit\u00e1rias e Emerg\u00eancias","publisher":{"@id":"https:\/\/www.missoeshumanitarias.org\/es\/#organization"},"potentialAction":[{"@type":"SearchAction","target":{"@type":"EntryPoint","urlTemplate":"https:\/\/www.missoeshumanitarias.org\/es\/?s={search_term_string}"},"query-input":"required name=search_term_string"}],"inLanguage":"es"},{"@type":"Organization","@id":"https:\/\/www.missoeshumanitarias.org\/es\/#organization","name":"Fraternidade - Miss\u00f5es Humanit\u00e1rias Internacionais","url":"https:\/\/www.missoeshumanitarias.org\/es\/","logo":{"@type":"ImageObject","inLanguage":"es","@id":"https:\/\/www.missoeshumanitarias.org\/es\/#\/schema\/logo\/image\/","url":"https:\/\/www.missoeshumanitarias.org\/wp-content\/uploads\/2020\/05\/logo-FMHI-mg.png","contentUrl":"https:\/\/www.missoeshumanitarias.org\/wp-content\/uploads\/2020\/05\/logo-FMHI-mg.png","width":520,"height":134,"caption":"Fraternidade - Miss\u00f5es Humanit\u00e1rias Internacionais"},"image":{"@id":"https:\/\/www.missoeshumanitarias.org\/es\/#\/schema\/logo\/image\/"}},{"@type":"Person","@id":"https:\/\/www.missoeshumanitarias.org\/es\/#\/schema\/person\/e0f8527323154d1eba9f9d9eb6b401f7","name":"maducato_admin","image":{"@type":"ImageObject","inLanguage":"es","@id":"https:\/\/www.missoeshumanitarias.org\/es\/#\/schema\/person\/image\/","url":"https:\/\/secure.gravatar.com\/avatar\/6c3b45186a8f5a459d8e14c7fca370bceae92402bc06171d75e4e559b6c24393?s=96&d=mm&r=g","contentUrl":"https:\/\/secure.gravatar.com\/avatar\/6c3b45186a8f5a459d8e14c7fca370bceae92402bc06171d75e4e559b6c24393?s=96&d=mm&r=g","caption":"maducato_admin"}}]}},"_links":{"self":[{"href":"https:\/\/www.missoeshumanitarias.org\/es\/wp-json\/wp\/v2\/posts\/131985","targetHints":{"allow":["GET"]}}],"collection":[{"href":"https:\/\/www.missoeshumanitarias.org\/es\/wp-json\/wp\/v2\/posts"}],"about":[{"href":"https:\/\/www.missoeshumanitarias.org\/es\/wp-json\/wp\/v2\/types\/post"}],"author":[{"embeddable":true,"href":"https:\/\/www.missoeshumanitarias.org\/es\/wp-json\/wp\/v2\/users\/1"}],"replies":[{"embeddable":true,"href":"https:\/\/www.missoeshumanitarias.org\/es\/wp-json\/wp\/v2\/comments?post=131985"}],"version-history":[{"count":0,"href":"https:\/\/www.missoeshumanitarias.org\/es\/wp-json\/wp\/v2\/posts\/131985\/revisions"}],"wp:featuredmedia":[{"embeddable":true,"href":"https:\/\/www.missoeshumanitarias.org\/es\/wp-json\/wp\/v2\/media\/129696"}],"wp:attachment":[{"href":"https:\/\/www.missoeshumanitarias.org\/es\/wp-json\/wp\/v2\/media?parent=131985"}],"wp:term":[{"taxonomy":"category","embeddable":true,"href":"https:\/\/www.missoeshumanitarias.org\/es\/wp-json\/wp\/v2\/categories?post=131985"},{"taxonomy":"post_tag","embeddable":true,"href":"https:\/\/www.missoeshumanitarias.org\/es\/wp-json\/wp\/v2\/tags?post=131985"}],"curies":[{"name":"wp","href":"https:\/\/api.w.org\/{rel}","templated":true}]}}