{"id":131994,"date":"2020-05-10T12:46:34","date_gmt":"2020-05-10T15:46:34","guid":{"rendered":"https:\/\/www.missoeshumanitarias.org\/atencion-y-cuidado-de-ninos-y-jovenes-en-el-hogar-durante-la-pandemia\/"},"modified":"2023-02-17T07:45:22","modified_gmt":"2023-02-17T10:45:22","slug":"atencion-y-cuidado-de-ninos-y-jovenes-en-el-hogar-durante-la-pandemia","status":"publish","type":"post","link":"https:\/\/www.missoeshumanitarias.org\/es\/atencion-y-cuidado-de-ninos-y-jovenes-en-el-hogar-durante-la-pandemia\/","title":{"rendered":"Atenci\u00f3n y cuidado de ni\u00f1os y j\u00f3venes en el hogar durante la pandemia"},"content":{"rendered":"\n<p>Clases suspendidas, padres trabajando en casa. El momento de aislamiento social impuesto por el coronavirus cambi\u00f3 por completo la rutina de todos, pide serenidad, tranquilidad y creatividad, especialmente en el entorno dom\u00e9stico.<\/p>\n\n\n<div class=\"wp-block-image\">\n<figure class=\"aligncenter\"><a href=\"https:\/\/www.missoeshumanitarias.org\/wp-content\/uploads\/2021\/08\/educacao-emergencia-roraima-FFHI06.jpg\"><img decoding=\"async\" src=\"https:\/\/www.missoeshumanitarias.org\/wp-content\/uploads\/2021\/08\/educacao-emergencia-roraima-FFHI06.jpg\" alt=\"Pedagogia de Emerg\u00eancia\" class=\"wp-image-114528\"\/><\/a><figcaption class=\"wp-element-caption\">Actividades de educaci\u00f3n art\u00edstica para ni\u00f1os y j\u00f3venes migrantes refugiados por la Misi\u00f3n Roraima.<\/figcaption><\/figure>\n<\/div>\n\n\n<p>Los ni\u00f1os y los j\u00f3venes, mucho m\u00e1s que los adultos, son desafiados a superar el cambio completo en la rutina. Ya no pueden ir a la escuela, jugar en la calle, encontrarse con amigos, ni siquiera el almuerzo del domingo en la casa de la abuela pueden pasar.<\/p>\n\n\n\n<p>Este cambio brusco puede generar tristeza, angustia e incomprensi\u00f3n. Es hora de respirar, adoptar todas las medidas preventivas estipuladas por los organismos de salud competentes y tener cuidado con uno mismo y con los dem\u00e1s.<\/p>\n\n\n\n<p>La hermana Mar\u00eda, monja de la&nbsp;<strong><a href=\"https:\/\/www.fraterinternacional.org\/es\/afiliadas\/orden-gracia-misericordia\/\">Orden Gracia Misericordia<\/a><\/strong>&nbsp;y misionera de la&nbsp;<strong><a href=\"https:\/\/www.fraterinternacional.org\/es\/quienes-somos\/\">Fraternidade &#8211; Federaci\u00f3n Humanitaria Internacional (FFHI)<\/a><\/strong>, coordinadora de los proyectos de educaci\u00f3n art\u00edstica para ni\u00f1os y j\u00f3venes migrantes venezolanos protegidos por la&nbsp;<strong><a href=\"https:\/\/www.fraterinternacional.org\/es\/mision-roraima\/\">Misi\u00f3n Roraima<\/a><\/strong>, explica c\u00f3mo algunas pr\u00e1cticas de&nbsp;<strong><a href=\"http:\/\/pedagogiadeemergencia.org\/\">Pedagog\u00eda de Emergencia<\/a><\/strong>&nbsp;pueden contribuir a la comprensi\u00f3n y vivencia de este momento. \u201cLa pandemia puede ser un factor traum\u00e1tico, ya que rompe la noci\u00f3n de continuidad en los procesos psicol\u00f3gicos de los sujetos, ya sean ni\u00f1os, j\u00f3venes o adultos. Y es por eso que se vuelve muy importante trabajar el v\u00ednculo afectivo entre familiares y amigos. Fortalecer los lazos crea seguridad emocional y mental refuerza.<\/p>\n\n\n\n<figure class=\"wp-block-gallery has-nested-images columns-4 is-cropped wp-block-gallery-1 is-layout-flex wp-block-gallery-is-layout-flex\">\n<figure class=\"wp-block-image size-large\"><a href=\"https:\/\/www.missoeshumanitarias.org\/wp-content\/uploads\/2021\/08\/educacao-emergencia-roraima-FFHI04.jpg\"><img fetchpriority=\"high\" decoding=\"async\" width=\"1000\" height=\"667\" data-id=\"129749\" src=\"https:\/\/www.missoeshumanitarias.org\/wp-content\/uploads\/2021\/08\/educacao-emergencia-roraima-FFHI04.jpg\" alt=\"\" class=\"wp-image-129749\" srcset=\"https:\/\/www.missoeshumanitarias.org\/wp-content\/uploads\/2021\/08\/educacao-emergencia-roraima-FFHI04.jpg 1000w, https:\/\/www.missoeshumanitarias.org\/wp-content\/uploads\/2021\/08\/educacao-emergencia-roraima-FFHI04-300x200.jpg 300w, https:\/\/www.missoeshumanitarias.org\/wp-content\/uploads\/2021\/08\/educacao-emergencia-roraima-FFHI04-768x512.jpg 768w\" sizes=\"(max-width: 1000px) 100vw, 1000px\" \/><\/a><\/figure>\n\n\n\n<figure class=\"wp-block-image size-large\"><a href=\"https:\/\/www.missoeshumanitarias.org\/wp-content\/uploads\/2021\/08\/educacao-emergencia-roraima-FFHI03.jpg\"><img decoding=\"async\" width=\"1000\" height=\"667\" data-id=\"129752\" src=\"https:\/\/www.missoeshumanitarias.org\/wp-content\/uploads\/2021\/08\/educacao-emergencia-roraima-FFHI03.jpg\" alt=\"Pedagogia de Emerg\u00eancia\" class=\"wp-image-129752\" srcset=\"https:\/\/www.missoeshumanitarias.org\/wp-content\/uploads\/2021\/08\/educacao-emergencia-roraima-FFHI03.jpg 1000w, https:\/\/www.missoeshumanitarias.org\/wp-content\/uploads\/2021\/08\/educacao-emergencia-roraima-FFHI03-300x200.jpg 300w, https:\/\/www.missoeshumanitarias.org\/wp-content\/uploads\/2021\/08\/educacao-emergencia-roraima-FFHI03-768x512.jpg 768w\" sizes=\"(max-width: 1000px) 100vw, 1000px\" \/><\/a><\/figure>\n\n\n\n<figure class=\"wp-block-image size-large\"><a href=\"https:\/\/www.missoeshumanitarias.org\/wp-content\/uploads\/2021\/08\/educacao-emergencia-roraima-FFHI02.jpg\"><img decoding=\"async\" width=\"1024\" height=\"576\" data-id=\"129755\" src=\"https:\/\/www.missoeshumanitarias.org\/wp-content\/uploads\/2021\/08\/educacao-emergencia-roraima-FFHI02-1024x576.jpg\" alt=\"Pedagogia de Emerg\u00eancia\" class=\"wp-image-129755\" srcset=\"https:\/\/www.missoeshumanitarias.org\/wp-content\/uploads\/2021\/08\/educacao-emergencia-roraima-FFHI02-1024x576.jpg 1024w, https:\/\/www.missoeshumanitarias.org\/wp-content\/uploads\/2021\/08\/educacao-emergencia-roraima-FFHI02-300x169.jpg 300w, https:\/\/www.missoeshumanitarias.org\/wp-content\/uploads\/2021\/08\/educacao-emergencia-roraima-FFHI02-768x432.jpg 768w, https:\/\/www.missoeshumanitarias.org\/wp-content\/uploads\/2021\/08\/educacao-emergencia-roraima-FFHI02.jpg 1280w\" sizes=\"(max-width: 1024px) 100vw, 1024px\" \/><\/a><\/figure>\n<\/figure>\n\n\n\n<p class=\"has-text-align-center\">Actividades de educaci\u00f3n art\u00edstica por la Misi\u00f3n Roraima.<\/p>\n\n\n\n<h3 class=\"wp-block-heading\" id=\"h-jugar-es-cosa-seria\"><b>Jugar es cosa seria<\/b><\/h3>\n\n\n<div class=\"wp-block-image\">\n<figure class=\"aligncenter\"><a href=\"https:\/\/www.missoeshumanitarias.org\/wp-content\/uploads\/2021\/08\/educacao-emergencia-roraima-FFHI05.jpg\"><img decoding=\"async\" src=\"https:\/\/www.missoeshumanitarias.org\/wp-content\/uploads\/2021\/08\/educacao-emergencia-roraima-FFHI05.jpg\" alt=\"Pedagogia de Emerg\u00eancia\" class=\"wp-image-114525\"\/><\/a><figcaption class=\"wp-element-caption\">Actividades de educaci\u00f3n art\u00edstica para ni\u00f1os y j\u00f3venes migrantes refugiados por la Misi\u00f3n Roraima.<\/figcaption><\/figure>\n<\/div>\n\n\n<p>Los educadores y psic\u00f3logos, entre otros profesionales, afirman la importancia de jugar en el desarrollo social, emocional y cognitivo de los ni\u00f1os. Sin embargo, algunas personas piensan que esta actividad est\u00e1 restringida a los ni\u00f1os, cuando, de hecho, los adultos pueden y deben participar de ese universo.<\/p>\n\n\n\n<p>Para la monja, este momento de aislamiento puede convertirse en una oportunidad para que los padres refuercen los v\u00ednculos con sus hijos, ya sea que los acompa\u00f1en en las actividades escolares intelectuales o en juegos y contando historias.<\/p>\n\n\n\n<p>\u00abLos padres que crean este v\u00ednculo con sus hijos potencian su desarrollo ps\u00edquico-emocional y su autoestima\u00bb, dice. \u00abLos ni\u00f1os y j\u00f3venes que realizan actividades simples, como limpiar la casa, el patio o realizar diversas actividades que no se limitan a la computadora, desarrollan mucho m\u00e1s la capacidad cognitiva y mejoran las relaciones sociales\u00bb, ejemplifica.<\/p>\n\n\n\n<p>El misionero de la&nbsp;<strong><a href=\"https:\/\/www.fraterinternacional.org\/es\/quienes-somos\/\">Fraternidade &#8211; Humanitaria (FFHI)<\/a><\/strong>, Anderson, uno de los promotores de los proyectos de Pedagog\u00eda de Emergencia en las misiones humanitarias desarrolladas por la organizaci\u00f3n, se\u00f1ala que \u201cse deben buscar herramientas y expresiones muy simples, l\u00fadicas y did\u00e1cticas. Esto es a\u00fan m\u00e1s importante en este tiempo en que todo el Planeta est\u00e1 pasando por una situaci\u00f3n de emergencia, que deber\u00eda verse como una gran oportunidad de aprendizaje, cambio de pr\u00e1cticas y valores por parte de toda la humanidad\u00bb.<\/p>\n\n\n\n<figure class=\"wp-block-gallery has-nested-images columns-4 is-cropped wp-block-gallery-2 is-layout-flex wp-block-gallery-is-layout-flex\">\n<figure class=\"wp-block-image size-large\"><a href=\"https:\/\/www.missoeshumanitarias.org\/wp-content\/uploads\/2021\/08\/educacao-emergencia-roraima-FFHI010.jpg\"><img loading=\"lazy\" decoding=\"async\" width=\"1000\" height=\"750\" data-id=\"129761\" src=\"https:\/\/www.missoeshumanitarias.org\/wp-content\/uploads\/2021\/08\/educacao-emergencia-roraima-FFHI010.jpg\" alt=\"Pedagogia de Emerg\u00eancia\" class=\"wp-image-129761\" srcset=\"https:\/\/www.missoeshumanitarias.org\/wp-content\/uploads\/2021\/08\/educacao-emergencia-roraima-FFHI010.jpg 1000w, https:\/\/www.missoeshumanitarias.org\/wp-content\/uploads\/2021\/08\/educacao-emergencia-roraima-FFHI010-300x225.jpg 300w, https:\/\/www.missoeshumanitarias.org\/wp-content\/uploads\/2021\/08\/educacao-emergencia-roraima-FFHI010-768x576.jpg 768w\" sizes=\"(max-width: 1000px) 100vw, 1000px\" \/><\/a><\/figure>\n\n\n\n<figure class=\"wp-block-image size-large\"><a href=\"https:\/\/www.missoeshumanitarias.org\/wp-content\/uploads\/2021\/08\/educacao-emergencia-roraima-FFHI09.jpg\"><img loading=\"lazy\" decoding=\"async\" width=\"1000\" height=\"563\" data-id=\"129764\" src=\"https:\/\/www.missoeshumanitarias.org\/wp-content\/uploads\/2021\/08\/educacao-emergencia-roraima-FFHI09.jpg\" alt=\"Pedagogia de Emerg\u00eancia\" class=\"wp-image-129764\" srcset=\"https:\/\/www.missoeshumanitarias.org\/wp-content\/uploads\/2021\/08\/educacao-emergencia-roraima-FFHI09.jpg 1000w, https:\/\/www.missoeshumanitarias.org\/wp-content\/uploads\/2021\/08\/educacao-emergencia-roraima-FFHI09-300x169.jpg 300w, https:\/\/www.missoeshumanitarias.org\/wp-content\/uploads\/2021\/08\/educacao-emergencia-roraima-FFHI09-768x432.jpg 768w\" sizes=\"(max-width: 1000px) 100vw, 1000px\" \/><\/a><\/figure>\n\n\n\n<figure class=\"wp-block-image size-large\"><a href=\"https:\/\/www.missoeshumanitarias.org\/wp-content\/uploads\/2021\/08\/educacao-emergencia-roraima-FFHI08.jpg\"><img loading=\"lazy\" decoding=\"async\" width=\"1000\" height=\"563\" data-id=\"129767\" src=\"https:\/\/www.missoeshumanitarias.org\/wp-content\/uploads\/2021\/08\/educacao-emergencia-roraima-FFHI08.jpg\" alt=\"Pedagogia de Emerg\u00eancia\" class=\"wp-image-129767\" srcset=\"https:\/\/www.missoeshumanitarias.org\/wp-content\/uploads\/2021\/08\/educacao-emergencia-roraima-FFHI08.jpg 1000w, https:\/\/www.missoeshumanitarias.org\/wp-content\/uploads\/2021\/08\/educacao-emergencia-roraima-FFHI08-300x169.jpg 300w, https:\/\/www.missoeshumanitarias.org\/wp-content\/uploads\/2021\/08\/educacao-emergencia-roraima-FFHI08-768x432.jpg 768w\" sizes=\"(max-width: 1000px) 100vw, 1000px\" \/><\/a><\/figure>\n<\/figure>\n\n\n\n<p class=\"has-text-align-center\">Actividades de educaci\u00f3n art\u00edstica por la Misi\u00f3n Roraima.<\/p>\n\n\n\n<blockquote class=\"wp-block-quote is-layout-flow wp-block-quote-is-layout-flow\">\n<h3 class=\"wp-block-heading\" id=\"h-algunos-consejos-de-juegos-que-promueven-la-creatividad-el-aprendizaje-y-al-mismo-tiempo-ayudan-a-mantener-a-los-ninos-y-jovenes-ocupados-y-felices-en-casa\">Algunos consejos de juegos que promueven la creatividad, el aprendizaje y, al mismo tiempo, ayudan a mantener a los ni\u00f1os y j\u00f3venes ocupados y felices en casa:<\/h3>\n\n\n\n<ul class=\"wp-block-list\">\n<li><b><strong>Sesiones de cine en familia.<\/strong><\/b><\/li>\n\n\n\n<li><b><strong>Escuchar m\u00fasica, cantar y bailar <\/strong><\/b>(pero a un volumen aceptable que no moleste a los vecinos)<\/li>\n\n\n\n<li><b><strong>Juegos de m\u00edmica y adivinaciones.<\/strong><\/b><\/li>\n\n\n\n<li><b><strong>Rescate de danzas y canciones de rondas:&nbsp;<\/strong><\/b><\/li>\n\n\n\n<li><b><strong>Jugar a la caba\u00f1a<\/strong><\/b>: una s\u00e1bana y sillas son suficientes y pueden entretener a ni\u00f1os y adultos durante mucho tiempo.<\/li>\n\n\n\n<li><b><strong>Detective y bandido.<\/strong><\/b><\/li>\n\n\n\n<li><b><strong>\u00bfQui\u00e9n soy?:<\/strong><\/b>Adivinaci\u00f3n de personajes de la historia: hay una aplicaci\u00f3n que se puede descargar en el tel\u00e9fono celular.<\/li>\n\n\n\n<li><b><strong>Juegos de Sombras Chinas: <\/strong><\/b>se pueden utilizar las manos, cucharas, ollas, vasos de pl\u00e1stico, objetos de la casa, linterna del tel\u00e9fono celular: se crean historias y personajes que conducen al mundo de la imaginaci\u00f3n (cualquier grupo de edad, ya que incluso los adultos juegan).<\/li>\n\n\n\n<li><b><strong>B\u00fasqueda del tesoro<\/strong><\/b>: se puede esconder algo interesante dentro o fuera de la casa, como un objeto, un paquete de galletas o cualquier juguete, y durante el juego poner pistas en varios lugares que llevar\u00e1n a la ubicaci\u00f3n del tesoro.<\/li>\n<\/ul>\n<\/blockquote>\n","protected":false},"excerpt":{"rendered":"<p>Clases suspendidas, padres trabajando en casa. El momento de aislamiento social impuesto por el coronavirus cambi\u00f3 por completo la rutina de todos, pide serenidad, tranquilidad y creatividad, especialmente en el entorno dom\u00e9stico. Los ni\u00f1os y los j\u00f3venes, mucho m\u00e1s que los adultos, son desafiados a superar el cambio completo en la rutina. Ya no pueden [&hellip;]<\/p>\n","protected":false},"author":1,"featured_media":129776,"comment_status":"open","ping_status":"open","sticky":false,"template":"","format":"standard","meta":{"footnotes":""},"categories":[43,131],"tags":[],"class_list":["post-131994","post","type-post","status-publish","format-standard","has-post-thumbnail","hentry","category-noticias-es","category-noticias-de-las-misiones"],"featured_image_src":"https:\/\/www.missoeshumanitarias.org\/wp-content\/uploads\/2021\/08\/educacao-emergencia-roraima-FFHI05.jpg","author_info":{"display_name":"maducato_admin","author_link":"https:\/\/www.missoeshumanitarias.org\/es\/author\/maducato_admin\/"},"yoast_head":"<!-- This site is optimized with the Yoast SEO Premium plugin v22.5 (Yoast SEO v22.5) - https:\/\/yoast.com\/wordpress\/plugins\/seo\/ -->\n<title>Atenci\u00f3n y cuidado de ni\u00f1os y j\u00f3venes en el hogar durante la pandemia - Fraternidade Miss\u00f5es Humanit\u00e1rias Internacionais<\/title>\n<meta name=\"robots\" content=\"index, follow, max-snippet:-1, max-image-preview:large, max-video-preview:-1\" \/>\n<link rel=\"canonical\" href=\"https:\/\/www.missoeshumanitarias.org\/es\/atencion-y-cuidado-de-ninos-y-jovenes-en-el-hogar-durante-la-pandemia\/\" \/>\n<meta property=\"og:locale\" content=\"es_ES\" \/>\n<meta property=\"og:type\" content=\"article\" \/>\n<meta property=\"og:title\" content=\"Atenci\u00f3n y cuidado de ni\u00f1os y j\u00f3venes en el hogar durante la pandemia\" \/>\n<meta property=\"og:description\" content=\"Clases suspendidas, padres trabajando en casa. El momento de aislamiento social impuesto por el coronavirus cambi\u00f3 por completo la rutina de todos, pide serenidad, tranquilidad y creatividad, especialmente en el entorno dom\u00e9stico. Los ni\u00f1os y los j\u00f3venes, mucho m\u00e1s que los adultos, son desafiados a superar el cambio completo en la rutina. Ya no pueden [&hellip;]\" \/>\n<meta property=\"og:url\" content=\"https:\/\/www.missoeshumanitarias.org\/es\/atencion-y-cuidado-de-ninos-y-jovenes-en-el-hogar-durante-la-pandemia\/\" \/>\n<meta property=\"og:site_name\" content=\"Fraternidade Miss\u00f5es Humanit\u00e1rias Internacionais\" \/>\n<meta property=\"article:published_time\" content=\"2020-05-10T15:46:34+00:00\" \/>\n<meta property=\"article:modified_time\" content=\"2023-02-17T10:45:22+00:00\" \/>\n<meta property=\"og:image\" content=\"https:\/\/www.missoeshumanitarias.org\/wp-content\/uploads\/2021\/08\/educacao-emergencia-roraima-FFHI05.jpg\" \/>\n\t<meta property=\"og:image:width\" content=\"1000\" \/>\n\t<meta property=\"og:image:height\" content=\"667\" \/>\n\t<meta property=\"og:image:type\" content=\"image\/jpeg\" \/>\n<meta name=\"author\" content=\"maducato_admin\" \/>\n<meta name=\"twitter:card\" content=\"summary_large_image\" \/>\n<meta name=\"twitter:label1\" content=\"Escrito por\" \/>\n\t<meta name=\"twitter:data1\" content=\"maducato_admin\" \/>\n\t<meta name=\"twitter:label2\" content=\"Tiempo de lectura\" \/>\n\t<meta name=\"twitter:data2\" content=\"6 minutos\" \/>\n<script type=\"application\/ld+json\" class=\"yoast-schema-graph\">{\"@context\":\"https:\/\/schema.org\",\"@graph\":[{\"@type\":\"Article\",\"@id\":\"https:\/\/www.missoeshumanitarias.org\/es\/atencion-y-cuidado-de-ninos-y-jovenes-en-el-hogar-durante-la-pandemia\/#article\",\"isPartOf\":{\"@id\":\"https:\/\/www.missoeshumanitarias.org\/es\/atencion-y-cuidado-de-ninos-y-jovenes-en-el-hogar-durante-la-pandemia\/\"},\"author\":{\"name\":\"maducato_admin\",\"@id\":\"https:\/\/www.missoeshumanitarias.org\/es\/#\/schema\/person\/e0f8527323154d1eba9f9d9eb6b401f7\"},\"headline\":\"Atenci\u00f3n y cuidado de ni\u00f1os y j\u00f3venes en el hogar durante la pandemia\",\"datePublished\":\"2020-05-10T15:46:34+00:00\",\"dateModified\":\"2023-02-17T10:45:22+00:00\",\"mainEntityOfPage\":{\"@id\":\"https:\/\/www.missoeshumanitarias.org\/es\/atencion-y-cuidado-de-ninos-y-jovenes-en-el-hogar-durante-la-pandemia\/\"},\"wordCount\":777,\"commentCount\":0,\"publisher\":{\"@id\":\"https:\/\/www.missoeshumanitarias.org\/es\/#organization\"},\"image\":{\"@id\":\"https:\/\/www.missoeshumanitarias.org\/es\/atencion-y-cuidado-de-ninos-y-jovenes-en-el-hogar-durante-la-pandemia\/#primaryimage\"},\"thumbnailUrl\":\"https:\/\/www.missoeshumanitarias.org\/wp-content\/uploads\/2021\/08\/educacao-emergencia-roraima-FFHI05.jpg\",\"articleSection\":[\"Noticias\",\"Noticias de las Misiones\"],\"inLanguage\":\"es\",\"potentialAction\":[{\"@type\":\"CommentAction\",\"name\":\"Comment\",\"target\":[\"https:\/\/www.missoeshumanitarias.org\/es\/atencion-y-cuidado-de-ninos-y-jovenes-en-el-hogar-durante-la-pandemia\/#respond\"]}]},{\"@type\":\"WebPage\",\"@id\":\"https:\/\/www.missoeshumanitarias.org\/es\/atencion-y-cuidado-de-ninos-y-jovenes-en-el-hogar-durante-la-pandemia\/\",\"url\":\"https:\/\/www.missoeshumanitarias.org\/es\/atencion-y-cuidado-de-ninos-y-jovenes-en-el-hogar-durante-la-pandemia\/\",\"name\":\"Atenci\u00f3n y cuidado de ni\u00f1os y j\u00f3venes en el hogar durante la pandemia - Fraternidade Miss\u00f5es Humanit\u00e1rias Internacionais\",\"isPartOf\":{\"@id\":\"https:\/\/www.missoeshumanitarias.org\/es\/#website\"},\"primaryImageOfPage\":{\"@id\":\"https:\/\/www.missoeshumanitarias.org\/es\/atencion-y-cuidado-de-ninos-y-jovenes-en-el-hogar-durante-la-pandemia\/#primaryimage\"},\"image\":{\"@id\":\"https:\/\/www.missoeshumanitarias.org\/es\/atencion-y-cuidado-de-ninos-y-jovenes-en-el-hogar-durante-la-pandemia\/#primaryimage\"},\"thumbnailUrl\":\"https:\/\/www.missoeshumanitarias.org\/wp-content\/uploads\/2021\/08\/educacao-emergencia-roraima-FFHI05.jpg\",\"datePublished\":\"2020-05-10T15:46:34+00:00\",\"dateModified\":\"2023-02-17T10:45:22+00:00\",\"breadcrumb\":{\"@id\":\"https:\/\/www.missoeshumanitarias.org\/es\/atencion-y-cuidado-de-ninos-y-jovenes-en-el-hogar-durante-la-pandemia\/#breadcrumb\"},\"inLanguage\":\"es\",\"potentialAction\":[{\"@type\":\"ReadAction\",\"target\":[\"https:\/\/www.missoeshumanitarias.org\/es\/atencion-y-cuidado-de-ninos-y-jovenes-en-el-hogar-durante-la-pandemia\/\"]}]},{\"@type\":\"ImageObject\",\"inLanguage\":\"es\",\"@id\":\"https:\/\/www.missoeshumanitarias.org\/es\/atencion-y-cuidado-de-ninos-y-jovenes-en-el-hogar-durante-la-pandemia\/#primaryimage\",\"url\":\"https:\/\/www.missoeshumanitarias.org\/wp-content\/uploads\/2021\/08\/educacao-emergencia-roraima-FFHI05.jpg\",\"contentUrl\":\"https:\/\/www.missoeshumanitarias.org\/wp-content\/uploads\/2021\/08\/educacao-emergencia-roraima-FFHI05.jpg\",\"width\":1000,\"height\":667,\"caption\":\"Pedagogia de Emerg\u00eancia\"},{\"@type\":\"BreadcrumbList\",\"@id\":\"https:\/\/www.missoeshumanitarias.org\/es\/atencion-y-cuidado-de-ninos-y-jovenes-en-el-hogar-durante-la-pandemia\/#breadcrumb\",\"itemListElement\":[{\"@type\":\"ListItem\",\"position\":1,\"name\":\"Home\",\"item\":\"https:\/\/www.missoeshumanitarias.org\/en\/\"},{\"@type\":\"ListItem\",\"position\":2,\"name\":\"Atenci\u00f3n y cuidado de ni\u00f1os y j\u00f3venes en el hogar durante la pandemia\"}]},{\"@type\":\"WebSite\",\"@id\":\"https:\/\/www.missoeshumanitarias.org\/es\/#website\",\"url\":\"https:\/\/www.missoeshumanitarias.org\/es\/\",\"name\":\"Fraternidade Miss\u00f5es Humanit\u00e1rias Internacionais\",\"description\":\"Respostas Humanit\u00e1rias e Emerg\u00eancias\",\"publisher\":{\"@id\":\"https:\/\/www.missoeshumanitarias.org\/es\/#organization\"},\"potentialAction\":[{\"@type\":\"SearchAction\",\"target\":{\"@type\":\"EntryPoint\",\"urlTemplate\":\"https:\/\/www.missoeshumanitarias.org\/es\/?s={search_term_string}\"},\"query-input\":\"required name=search_term_string\"}],\"inLanguage\":\"es\"},{\"@type\":\"Organization\",\"@id\":\"https:\/\/www.missoeshumanitarias.org\/es\/#organization\",\"name\":\"Fraternidade - Miss\u00f5es Humanit\u00e1rias Internacionais\",\"url\":\"https:\/\/www.missoeshumanitarias.org\/es\/\",\"logo\":{\"@type\":\"ImageObject\",\"inLanguage\":\"es\",\"@id\":\"https:\/\/www.missoeshumanitarias.org\/es\/#\/schema\/logo\/image\/\",\"url\":\"https:\/\/www.missoeshumanitarias.org\/wp-content\/uploads\/2020\/05\/logo-FMHI-mg.png\",\"contentUrl\":\"https:\/\/www.missoeshumanitarias.org\/wp-content\/uploads\/2020\/05\/logo-FMHI-mg.png\",\"width\":520,\"height\":134,\"caption\":\"Fraternidade - Miss\u00f5es Humanit\u00e1rias Internacionais\"},\"image\":{\"@id\":\"https:\/\/www.missoeshumanitarias.org\/es\/#\/schema\/logo\/image\/\"}},{\"@type\":\"Person\",\"@id\":\"https:\/\/www.missoeshumanitarias.org\/es\/#\/schema\/person\/e0f8527323154d1eba9f9d9eb6b401f7\",\"name\":\"maducato_admin\",\"image\":{\"@type\":\"ImageObject\",\"inLanguage\":\"es\",\"@id\":\"https:\/\/www.missoeshumanitarias.org\/es\/#\/schema\/person\/image\/\",\"url\":\"https:\/\/secure.gravatar.com\/avatar\/6c3b45186a8f5a459d8e14c7fca370bceae92402bc06171d75e4e559b6c24393?s=96&d=mm&r=g\",\"contentUrl\":\"https:\/\/secure.gravatar.com\/avatar\/6c3b45186a8f5a459d8e14c7fca370bceae92402bc06171d75e4e559b6c24393?s=96&d=mm&r=g\",\"caption\":\"maducato_admin\"}}]}<\/script>\n<!-- \/ Yoast SEO Premium plugin. -->","yoast_head_json":{"title":"Atenci\u00f3n y cuidado de ni\u00f1os y j\u00f3venes en el hogar durante la pandemia - Fraternidade Miss\u00f5es Humanit\u00e1rias Internacionais","robots":{"index":"index","follow":"follow","max-snippet":"max-snippet:-1","max-image-preview":"max-image-preview:large","max-video-preview":"max-video-preview:-1"},"canonical":"https:\/\/www.missoeshumanitarias.org\/es\/atencion-y-cuidado-de-ninos-y-jovenes-en-el-hogar-durante-la-pandemia\/","og_locale":"es_ES","og_type":"article","og_title":"Atenci\u00f3n y cuidado de ni\u00f1os y j\u00f3venes en el hogar durante la pandemia","og_description":"Clases suspendidas, padres trabajando en casa. El momento de aislamiento social impuesto por el coronavirus cambi\u00f3 por completo la rutina de todos, pide serenidad, tranquilidad y creatividad, especialmente en el entorno dom\u00e9stico. Los ni\u00f1os y los j\u00f3venes, mucho m\u00e1s que los adultos, son desafiados a superar el cambio completo en la rutina. Ya no pueden [&hellip;]","og_url":"https:\/\/www.missoeshumanitarias.org\/es\/atencion-y-cuidado-de-ninos-y-jovenes-en-el-hogar-durante-la-pandemia\/","og_site_name":"Fraternidade Miss\u00f5es Humanit\u00e1rias Internacionais","article_published_time":"2020-05-10T15:46:34+00:00","article_modified_time":"2023-02-17T10:45:22+00:00","og_image":[{"width":1000,"height":667,"url":"https:\/\/www.missoeshumanitarias.org\/wp-content\/uploads\/2021\/08\/educacao-emergencia-roraima-FFHI05.jpg","type":"image\/jpeg"}],"author":"maducato_admin","twitter_card":"summary_large_image","twitter_misc":{"Escrito por":"maducato_admin","Tiempo de lectura":"6 minutos"},"schema":{"@context":"https:\/\/schema.org","@graph":[{"@type":"Article","@id":"https:\/\/www.missoeshumanitarias.org\/es\/atencion-y-cuidado-de-ninos-y-jovenes-en-el-hogar-durante-la-pandemia\/#article","isPartOf":{"@id":"https:\/\/www.missoeshumanitarias.org\/es\/atencion-y-cuidado-de-ninos-y-jovenes-en-el-hogar-durante-la-pandemia\/"},"author":{"name":"maducato_admin","@id":"https:\/\/www.missoeshumanitarias.org\/es\/#\/schema\/person\/e0f8527323154d1eba9f9d9eb6b401f7"},"headline":"Atenci\u00f3n y cuidado de ni\u00f1os y j\u00f3venes en el hogar durante la pandemia","datePublished":"2020-05-10T15:46:34+00:00","dateModified":"2023-02-17T10:45:22+00:00","mainEntityOfPage":{"@id":"https:\/\/www.missoeshumanitarias.org\/es\/atencion-y-cuidado-de-ninos-y-jovenes-en-el-hogar-durante-la-pandemia\/"},"wordCount":777,"commentCount":0,"publisher":{"@id":"https:\/\/www.missoeshumanitarias.org\/es\/#organization"},"image":{"@id":"https:\/\/www.missoeshumanitarias.org\/es\/atencion-y-cuidado-de-ninos-y-jovenes-en-el-hogar-durante-la-pandemia\/#primaryimage"},"thumbnailUrl":"https:\/\/www.missoeshumanitarias.org\/wp-content\/uploads\/2021\/08\/educacao-emergencia-roraima-FFHI05.jpg","articleSection":["Noticias","Noticias de las Misiones"],"inLanguage":"es","potentialAction":[{"@type":"CommentAction","name":"Comment","target":["https:\/\/www.missoeshumanitarias.org\/es\/atencion-y-cuidado-de-ninos-y-jovenes-en-el-hogar-durante-la-pandemia\/#respond"]}]},{"@type":"WebPage","@id":"https:\/\/www.missoeshumanitarias.org\/es\/atencion-y-cuidado-de-ninos-y-jovenes-en-el-hogar-durante-la-pandemia\/","url":"https:\/\/www.missoeshumanitarias.org\/es\/atencion-y-cuidado-de-ninos-y-jovenes-en-el-hogar-durante-la-pandemia\/","name":"Atenci\u00f3n y cuidado de ni\u00f1os y j\u00f3venes en el hogar durante la pandemia - Fraternidade Miss\u00f5es Humanit\u00e1rias Internacionais","isPartOf":{"@id":"https:\/\/www.missoeshumanitarias.org\/es\/#website"},"primaryImageOfPage":{"@id":"https:\/\/www.missoeshumanitarias.org\/es\/atencion-y-cuidado-de-ninos-y-jovenes-en-el-hogar-durante-la-pandemia\/#primaryimage"},"image":{"@id":"https:\/\/www.missoeshumanitarias.org\/es\/atencion-y-cuidado-de-ninos-y-jovenes-en-el-hogar-durante-la-pandemia\/#primaryimage"},"thumbnailUrl":"https:\/\/www.missoeshumanitarias.org\/wp-content\/uploads\/2021\/08\/educacao-emergencia-roraima-FFHI05.jpg","datePublished":"2020-05-10T15:46:34+00:00","dateModified":"2023-02-17T10:45:22+00:00","breadcrumb":{"@id":"https:\/\/www.missoeshumanitarias.org\/es\/atencion-y-cuidado-de-ninos-y-jovenes-en-el-hogar-durante-la-pandemia\/#breadcrumb"},"inLanguage":"es","potentialAction":[{"@type":"ReadAction","target":["https:\/\/www.missoeshumanitarias.org\/es\/atencion-y-cuidado-de-ninos-y-jovenes-en-el-hogar-durante-la-pandemia\/"]}]},{"@type":"ImageObject","inLanguage":"es","@id":"https:\/\/www.missoeshumanitarias.org\/es\/atencion-y-cuidado-de-ninos-y-jovenes-en-el-hogar-durante-la-pandemia\/#primaryimage","url":"https:\/\/www.missoeshumanitarias.org\/wp-content\/uploads\/2021\/08\/educacao-emergencia-roraima-FFHI05.jpg","contentUrl":"https:\/\/www.missoeshumanitarias.org\/wp-content\/uploads\/2021\/08\/educacao-emergencia-roraima-FFHI05.jpg","width":1000,"height":667,"caption":"Pedagogia de Emerg\u00eancia"},{"@type":"BreadcrumbList","@id":"https:\/\/www.missoeshumanitarias.org\/es\/atencion-y-cuidado-de-ninos-y-jovenes-en-el-hogar-durante-la-pandemia\/#breadcrumb","itemListElement":[{"@type":"ListItem","position":1,"name":"Home","item":"https:\/\/www.missoeshumanitarias.org\/en\/"},{"@type":"ListItem","position":2,"name":"Atenci\u00f3n y cuidado de ni\u00f1os y j\u00f3venes en el hogar durante la pandemia"}]},{"@type":"WebSite","@id":"https:\/\/www.missoeshumanitarias.org\/es\/#website","url":"https:\/\/www.missoeshumanitarias.org\/es\/","name":"Fraternidade Miss\u00f5es Humanit\u00e1rias Internacionais","description":"Respostas Humanit\u00e1rias e Emerg\u00eancias","publisher":{"@id":"https:\/\/www.missoeshumanitarias.org\/es\/#organization"},"potentialAction":[{"@type":"SearchAction","target":{"@type":"EntryPoint","urlTemplate":"https:\/\/www.missoeshumanitarias.org\/es\/?s={search_term_string}"},"query-input":"required name=search_term_string"}],"inLanguage":"es"},{"@type":"Organization","@id":"https:\/\/www.missoeshumanitarias.org\/es\/#organization","name":"Fraternidade - Miss\u00f5es Humanit\u00e1rias Internacionais","url":"https:\/\/www.missoeshumanitarias.org\/es\/","logo":{"@type":"ImageObject","inLanguage":"es","@id":"https:\/\/www.missoeshumanitarias.org\/es\/#\/schema\/logo\/image\/","url":"https:\/\/www.missoeshumanitarias.org\/wp-content\/uploads\/2020\/05\/logo-FMHI-mg.png","contentUrl":"https:\/\/www.missoeshumanitarias.org\/wp-content\/uploads\/2020\/05\/logo-FMHI-mg.png","width":520,"height":134,"caption":"Fraternidade - Miss\u00f5es Humanit\u00e1rias Internacionais"},"image":{"@id":"https:\/\/www.missoeshumanitarias.org\/es\/#\/schema\/logo\/image\/"}},{"@type":"Person","@id":"https:\/\/www.missoeshumanitarias.org\/es\/#\/schema\/person\/e0f8527323154d1eba9f9d9eb6b401f7","name":"maducato_admin","image":{"@type":"ImageObject","inLanguage":"es","@id":"https:\/\/www.missoeshumanitarias.org\/es\/#\/schema\/person\/image\/","url":"https:\/\/secure.gravatar.com\/avatar\/6c3b45186a8f5a459d8e14c7fca370bceae92402bc06171d75e4e559b6c24393?s=96&d=mm&r=g","contentUrl":"https:\/\/secure.gravatar.com\/avatar\/6c3b45186a8f5a459d8e14c7fca370bceae92402bc06171d75e4e559b6c24393?s=96&d=mm&r=g","caption":"maducato_admin"}}]}},"_links":{"self":[{"href":"https:\/\/www.missoeshumanitarias.org\/es\/wp-json\/wp\/v2\/posts\/131994","targetHints":{"allow":["GET"]}}],"collection":[{"href":"https:\/\/www.missoeshumanitarias.org\/es\/wp-json\/wp\/v2\/posts"}],"about":[{"href":"https:\/\/www.missoeshumanitarias.org\/es\/wp-json\/wp\/v2\/types\/post"}],"author":[{"embeddable":true,"href":"https:\/\/www.missoeshumanitarias.org\/es\/wp-json\/wp\/v2\/users\/1"}],"replies":[{"embeddable":true,"href":"https:\/\/www.missoeshumanitarias.org\/es\/wp-json\/wp\/v2\/comments?post=131994"}],"version-history":[{"count":0,"href":"https:\/\/www.missoeshumanitarias.org\/es\/wp-json\/wp\/v2\/posts\/131994\/revisions"}],"wp:featuredmedia":[{"embeddable":true,"href":"https:\/\/www.missoeshumanitarias.org\/es\/wp-json\/wp\/v2\/media\/129776"}],"wp:attachment":[{"href":"https:\/\/www.missoeshumanitarias.org\/es\/wp-json\/wp\/v2\/media?parent=131994"}],"wp:term":[{"taxonomy":"category","embeddable":true,"href":"https:\/\/www.missoeshumanitarias.org\/es\/wp-json\/wp\/v2\/categories?post=131994"},{"taxonomy":"post_tag","embeddable":true,"href":"https:\/\/www.missoeshumanitarias.org\/es\/wp-json\/wp\/v2\/tags?post=131994"}],"curies":[{"name":"wp","href":"https:\/\/api.w.org\/{rel}","templated":true}]}}