{"id":131997,"date":"2020-06-15T21:46:48","date_gmt":"2020-06-16T00:46:48","guid":{"rendered":"https:\/\/www.missoeshumanitarias.org\/semana-de-homenajes-a-los-refugiados\/"},"modified":"2023-02-17T07:25:35","modified_gmt":"2023-02-17T10:25:35","slug":"semana-de-homenajes-a-los-refugiados","status":"publish","type":"post","link":"https:\/\/www.missoeshumanitarias.org\/es\/semana-de-homenajes-a-los-refugiados\/","title":{"rendered":"Semana de homenajes a los refugiados"},"content":{"rendered":"\n<p>La&nbsp;<strong><a href=\"https:\/\/www.fraterinternacional.org\/es\/quienes-somos\/\">Fraternidad &#8211; Federaci\u00f3n Humanitaria Internacional (FFHI)&nbsp;<\/a><\/strong>vive una semana con una&nbsp; programaci\u00f3n extensa en conmemoraci\u00f3n del D\u00eda del Refugiado, celebrado mundialmente el 20 de junio.<\/p>\n\n\n\n<p>Adem\u00e1s del lanzamiento del video&nbsp;<strong><a href=\"https:\/\/www.youtube.com\/watch?v=N_MGB73u1rc\">Nona Anonamo &#8211; Somos Todas Artesanas<\/a><\/strong>, que tuvo lugar en todos los canales de comunicaci\u00f3n de la Fraternidad &#8211; Humanitaria (FFHI), tambi\u00e9n habr\u00e1 una serie de actividades l\u00fadicas y art\u00edsticas en los cuatro refugios administrados por la instituci\u00f3n en Roraima (Pacaraima y Boa Vista ) y en el&nbsp;<a href=\"https:\/\/www.fraterinternacional.org\/es\/inauguracion-de-espacio-para-la-educacion-en-manaus\/\"><strong>Alojamiento de Tr\u00e1nsito de Manaos (ATM)<\/strong><\/a>, que incluyen danzas t\u00edpicas de los pueblos ind\u00edgenas <a href=\"https:\/\/www.fraterinternacional.org\/es\/ojidu-arbol-de-la-vida-warao\/\"><strong>Warao<\/strong><\/a> y <a href=\"https:\/\/www.fraterinternacional.org\/es\/enepas-indigenas-de-una-montana-venezolana-a-roraima\/\"><strong>E&#8217;\u00f1epa<\/strong><\/a>, talleres de mandalas, exhibici\u00f3n de videos, actividades deportivas y juegos, pinturas murales, narraciones de historias y mitos tradicionales, entre muchos otras.<\/p>\n\n\n\n<p>Ser\u00e1 una semana para homenajear y recordar la historia de millones de personas en todo el mundo que tuvieron que abandonar sus hogares, sus lugares de origen en busca de condiciones de vida dignas en otros pa\u00edses.<\/p>\n\n\n<div class=\"wp-block-image\">\n<figure class=\"aligncenter\"><a href=\"https:\/\/www.missoeshumanitarias.org\/wp-content\/uploads\/2021\/08\/DIA-DO-REFUGIADO-MISSA\u0303O-RORAIMA-FFHI-9-jpg.jpg\"><img decoding=\"async\" src=\"https:\/\/www.missoeshumanitarias.org\/wp-content\/uploads\/2021\/08\/DIA-DO-REFUGIADO-MISSA\u0303O-RORAIMA-FFHI-9-jpg.jpg\" alt=\"Semana de homenagens aos refugiados\" class=\"wp-image-115705\"\/><\/a><\/figure>\n<\/div>\n\n\n<p><\/p>\n\n\n\n<h3 class=\"wp-block-heading\" id=\"h-el-numero-de-refugiados-es-el-mas-alto-registrado-en-la-historia\"><b>El n\u00famero de refugiados es el m\u00e1s alto registrado en la historia<\/b><\/h3>\n\n\n\n<p>Cada minuto, veinticinco personas se ven obligadas a abandonar sus hogares, sus lugares de origen, debido a conflictos o persecuciones, desastres ambientales o crisis socioecon\u00f3micas y pol\u00edticas en todo el mundo, sumando m\u00e1s de setenta millones, desde 1950. Entre ellas hay veinticinco millones novecientos mil refugiados, el 52% de los cuales son menores de 18 a\u00f1os, seg\u00fan datos del&nbsp;<strong><a href=\"https:\/\/www.acnur.org\/\">Alto Comisionado de las Naciones Unidas para los Refugiados (ACNUR).<\/a><\/strong><\/p>\n\n\n\n<p>Detr\u00e1s de la frialdad de estas cifras hay personas que enfrentan lo imposible por llegar a un lugar seguro donde puedan refugiarse, recibir alimentos, agua potable, los primeros cuidados m\u00e9dicos y luego, en una etapa siguiente, recibir ayuda para reconstruir sus vidas, participando activamente en proceso.<\/p>\n\n\n\n<p>Es el caso de la venezolana Carmele, una joven madre que durante un a\u00f1o ha vivido en el abrigo de los refugiados venezolanos de la Misi\u00f3n Humanitaria, en Boa Vista, Roraima. En su primer intento de buscar refugio en Brasil, durmi\u00f3 en las calles, pas\u00f3 fr\u00edo y hambre, vivi\u00f3 con miedo a la violencia y regres\u00f3 a Venezuela, ya que no pudo soportar la ausencia de su \u00fanica hija de 2 a\u00f1os. Poco despu\u00e9s, de regreso a Brasil y con su hija, revivi\u00f3 toda la angustia de la vez anterior. Dormir en las calles y deambular durante el d\u00eda con su hija en brazos&nbsp; \u2014esta vez con un factor agravante\u2014 uno de los brazos enyesado, pues fue&nbsp; atropellada por una bicicleta. Durante un mes vivi\u00f3 esta trayectoria en busca de espacio en los refugios, siempre encontrando la misma respuesta: \u00abno tenemos vacantes\u00bb. \u201cYa me estaba rindiendo. Ten\u00eda fiebre, estaba cansada y no pod\u00eda soportar m\u00e1s la situaci\u00f3n. Fue entonces cuando me contactaron diciendo que hab\u00eda surgido una vacante en el refugio. La vida es as\u00ed: cuando menos creemos, llega la esperanza y con ella, mejores d\u00edas\u201d.<\/p>\n\n\n\n<h3 class=\"wp-block-heading\" id=\"h-ser-un-refugiado-no-es-una-opcion-es-no-tener-opcion\">&nbsp;<b>\u00abSer un refugiado no es una opci\u00f3n, es no tener opci\u00f3n\u00bb<\/b><\/h3>\n\n\n\n<p>Brasil recibe refugiados de ochenta y una nacionalidades; de estos, el 90% son venezolanos. Desde 2015, alrededor de cuatro millones de personas salieron de Venezuela, convirti\u00e9ndose en una de las crisis de desplazamiento forzado m\u00e1s recientes y mayores del planeta. Seg\u00fan una encuesta realizada por la&nbsp;<a href=\"https:\/\/nacoesunidas.org\/agencias\/oim\/\"><b><strong>Organizaci\u00f3n Internacional para las Migraciones (OIM)<\/strong><\/b>,<\/a> hay aproximadamente doscientos cincuenta y tres mil venezolanos y venezolanas que han llegado aqu\u00ed desde entonces, especialmente en ciudades como Boa Vista, Pacaraima y Manaos.<\/p>\n\n\n\n<p>&nbsp;Y para responder a las necesidades de estas personas desplazadas y garantizar su inclusi\u00f3n social y econ\u00f3mica en las comunidades que las reciben, desde 2016, la<strong>&nbsp;<a href=\"https:\/\/www.fraterinternacional.org\/es\/quienes-somos\/\">Fraternidad- Humanitaria (FFHI)<\/a><\/strong>&nbsp;trabaja conjuntamente con el&nbsp;<a href=\"https:\/\/www.acnur.org\/\"><b><strong>Alto Comisionado de las Naciones Unidas para los Refugiados (ACNUR)<\/strong><\/b><\/a>, el&nbsp;<a href=\"https:\/\/www.unicef.org\/es\"><b><strong>Fondo de las Naciones Unidas. Naciones Unidas para la Infancia (UNICEF)<\/strong><\/b><\/a>,&nbsp;<b><strong>Operaci\u00f3n Bienvenida<\/strong><\/b>, empresarios y la sociedad civil.<\/p>\n\n\n\n<p>&nbsp;Seg\u00fan fray Luciano, gerente general de la&nbsp;<a href=\"https:\/\/www.fraterinternacional.org\/es\/quienes-somos\/\"><strong>Fraternidad &#8211; Humanitaria (FFHI)<\/strong><\/a>, la que es responsable de cinco de los trece refugios para venezolanos existentes en Brasil, \u201ces importante entender que una crisis humanitaria es muy diferente de una crisis social, porque en la crisis humanitaria, las personas perdieron a familiares, bienes materiales, profesiones, dejando atr\u00e1s muchas cosas que se construyeron, consolidaron y partieron rumbo a lo desconocido con una sucesi\u00f3n de traumas que pueden interferir en la b\u00fasqueda de una nueva oportunidad \u201d; y refuerza: \u00abser un refugiado no es una opci\u00f3n, es no tener opci\u00f3n\u00bb.<\/p>\n\n\n\n<h3 class=\"wp-block-heading\" id=\"h-la-realidad-de-los-pueblos-indigenas-warao-y-e-nepa\"><b>&nbsp;La realidad de los pueblos ind\u00edgenas Warao y E\u2019\u00f1epa<\/b><\/h3>\n\n\n\n<p>El desplazamiento internacional forzado de los pueblos ind\u00edgenas es una situaci\u00f3n que requiere una atenci\u00f3n especial de los organismos que trabajan en crisis humanitarias, pues a la condici\u00f3n de los refugiados se agrega el factor de diferencia cultural, garantizado por los tratados internacionales de los cuales Brasil es signatario. Ya hay m\u00e1s de mil ind\u00edgenas de los grupos \u00e9tnicos&nbsp;E\u2019\u00f1epa&nbsp;(Pueblos Ind\u00edgenas) y Warao (Pueblos del Agua) que viven en los refugios de Janokoida, en Pacaraima, y \u200b\u200bPintol\u00e2ndia, en Boa Vista.<\/p>\n\n\n\n<p>El trabajo con el refugio de los pueblos ind\u00edgenas no tiene precedentes en el contexto de la respuesta humanitaria, lo que llev\u00f3 a la b\u00fasqueda de elementos que pudieran contribuir a la construcci\u00f3n de un entorno que fuera apropiado para su cultura y respetara sus costumbres y saberes. Entre estas medidas est\u00e1n la opci\u00f3n de la hamaca, en lugar de colchones y carpas, la preservaci\u00f3n de las condiciones para preparar sus comidas t\u00edpicas y la garant\u00eda del suministro de materiales para que puedan preparar sus artesan\u00edas, como la paja del Buriti, para los Warao, y madera, para la E&#8217;\u00f1epa.<\/p>\n\n\n<div class=\"wp-block-image\">\n<figure class=\"aligncenter\"><a href=\"https:\/\/www.missoeshumanitarias.org\/wp-content\/uploads\/2021\/08\/04Finalizacao_Ingles.00_10_16_12.Quadro006.jpg\"><img decoding=\"async\" src=\"https:\/\/www.missoeshumanitarias.org\/wp-content\/uploads\/2021\/08\/04Finalizacao_Ingles.00_10_16_12.Quadro006.jpg\" alt=\"Semana de homenagens aos refugiados\" class=\"wp-image-115714\"\/><\/a><\/figure>\n<\/div>\n\n\n<h3 class=\"wp-block-heading\" id=\"h-la-crisis-dentro-de-la-crisis\"><b>La crisis dentro de la crisis.<\/b><\/h3>\n\n\n\n<p>En el contexto de la pandemia de Covid-19, los actores humanitarios tuvieron que adaptar las instalaciones de los refugios para evitar la transmisi\u00f3n del nuevo coronavirus. En uno de los refugios ind\u00edgenas, la notificaci\u00f3n de un caso positivo de Covid-19 oblig\u00f3 a la transferencia de unas doscientas personas, integrantes del grupo de riesgo y sus familiares, para evitar el contagio. Los refugiados tambi\u00e9n est\u00e1n produciendo sus propias m\u00e1scaras de tela. A trav\u00e9s de la asociaci\u00f3n con el&nbsp;<strong><a href=\"https:\/\/www.acnur.org\/\" target=\"_blank\" rel=\"noopener noreferrer\">Alto Comisionado de las Naciones Unidas para los Refugiados (ACNUR)<\/a><\/strong>, fue posible proporcionar todos los materiales, como m\u00e1quinas de coser, telas, agujas, cintas m\u00e9tricas y planchas. Con casi dos mil personas en los refugios administrados por la&nbsp;<strong><a href=\"https:\/\/www.fraterinternacional.org\/es\/quienes-somos\/\" target=\"_blank\" rel=\"noopener noreferrer\">Fraternidad &#8211; Humanitaria (FFHI)<\/a><\/strong>, la compra de m\u00e1scaras desechables se volvi\u00f3 inviable debido al precio y al problema ambiental, ya que producir\u00eda una cantidad insostenible de desechos.<\/p>\n\n\n\n<h3 class=\"wp-block-heading\" id=\"h-los-ninos\"><b>&nbsp;Los ni\u00f1os<\/b><\/h3>\n\n\n<div class=\"wp-block-image\">\n<figure class=\"aligncenter\"><a href=\"https:\/\/www.missoeshumanitarias.org\/wp-content\/uploads\/2021\/08\/DIA-DO-REFUGIADO-MISSA\u0303O-RORAIMA-FFHI-1.jpg\"><img decoding=\"async\" src=\"https:\/\/www.missoeshumanitarias.org\/wp-content\/uploads\/2021\/08\/DIA-DO-REFUGIADO-MISSA\u0303O-RORAIMA-FFHI-1.jpg\" alt=\"Semana de homenagens aos refugiados\" class=\"wp-image-115693\"\/><\/a><\/figure>\n<\/div>\n\n\n<p>Estimaciones del&nbsp;<a href=\"https:\/\/www.unicef.org\/es\"><b><strong>Fondo de las Naciones Unidas para la Infancia (UNICEF)<\/strong><\/b><\/a>&nbsp;se\u00f1alan que entre los refugiados que llegaron a Brasil, entre 2015 y 2019, hay alrededor de diez mil ni\u00f1os y j\u00f3venes en situaci\u00f3n de vulnerabilidad. Muchos de estos ni\u00f1os pasar\u00e1n toda su infancia fuera de casa, a veces solos. Algunos solo conocer\u00e1n la vida como refugiados.<\/p>\n\n\n\n<p>En las largas trayectorias que recorren, son susceptibles de sufrir traumas como resultado de abuso, negligencia, violencia, explotaci\u00f3n, tr\u00e1fico o incluso reclutamiento militar.<\/p>\n\n\n\n<p>Valentina, una ni\u00f1a de unos 12 a\u00f1os, lleg\u00f3 a Brasil acompa\u00f1ada de su abuela, Miladys. Hicieron todo el trayecto a pie. Valentina est\u00e1 feliz de estar en un lugar seguro como el refugio Nova Cana\u00e3, pero no deja de pensar en la situaci\u00f3n de miles de personas, adultos o ni\u00f1os, que no tuvieron tanta suerte como ellos. \u201cHay personas que se quedan en la calle, que no consiguen estar en un refugio como nosotras. No s\u00e9 si duermen, si comen. Me pongo triste\u201d, se lamenta.<\/p>\n\n\n\n<h3 class=\"wp-block-heading\" id=\"h-el-arte-resignifica-el-dolor\"><b>El arte resignifica el dolor<\/b><\/h3>\n\n\n\n<p>Los proyectos de educaci\u00f3n art\u00edstica involucran a ni\u00f1os, j\u00f3venes y adultos en actividades l\u00fadicas y creativas que, adem\u00e1s de servir de recreaci\u00f3n para los involucrados, refuerzan la internalizaci\u00f3n de valores que favorecen la resiliencia y despiertan la esperanza ante posibles traumas derivados de la migraci\u00f3n forzada. El arte ayuda a expresar el contenido que genera angustia, as\u00ed como a promover su resignificaci\u00f3n.<\/p>\n\n\n\n<p>Dibujos libres y tem\u00e1ticos, pinturas en acuarelas y tintas, producci\u00f3n de mandalas, carpinter\u00eda con acabados art\u00edsticos van transformando viejos objetos desechables en hermosos adornos; y, trechos de historias de vida, en obras de teatro. Se ven las paredes grises colmadas de subjetividades, inspiraciones y experiencias.<\/p>\n\n\n\n<p>As\u00ed, los n\u00fameros de las estad\u00edsticas sobre refugiados toman forma y se van transformando en Antonios, Elias, Andersons, Milaidys, Carmeles y Valentinas. Juntos, forman nuevos hogares, llenos de retratos de un mundo donde no hay nada m\u00e1s importante que la vida.<\/p>\n","protected":false},"excerpt":{"rendered":"<p>La&nbsp;Fraternidad &#8211; Federaci\u00f3n Humanitaria Internacional (FFHI)&nbsp;vive una semana con una&nbsp; programaci\u00f3n extensa en conmemoraci\u00f3n del D\u00eda del Refugiado, celebrado mundialmente el 20 de junio. Adem\u00e1s del lanzamiento del video&nbsp;Nona Anonamo &#8211; Somos Todas Artesanas, que tuvo lugar en todos los canales de comunicaci\u00f3n de la Fraternidad &#8211; Humanitaria (FFHI), tambi\u00e9n habr\u00e1 una serie de actividades [&hellip;]<\/p>\n","protected":false},"author":1,"featured_media":129877,"comment_status":"open","ping_status":"open","sticky":false,"template":"","format":"standard","meta":{"footnotes":""},"categories":[43,131],"tags":[],"class_list":["post-131997","post","type-post","status-publish","format-standard","has-post-thumbnail","hentry","category-noticias-es","category-noticias-de-las-misiones"],"featured_image_src":"https:\/\/www.missoeshumanitarias.org\/wp-content\/uploads\/2021\/08\/DIA-DO-REFUGIADO-MISSA\u0303O-RORAIMA-FFHI-3.jpg","author_info":{"display_name":"maducato_admin","author_link":"https:\/\/www.missoeshumanitarias.org\/es\/author\/maducato_admin\/"},"yoast_head":"<!-- This site is optimized with the Yoast SEO Premium plugin v22.5 (Yoast SEO v22.5) - https:\/\/yoast.com\/wordpress\/plugins\/seo\/ -->\n<title>Semana de homenajes a los refugiados - Fraternidade Miss\u00f5es Humanit\u00e1rias Internacionais<\/title>\n<meta name=\"robots\" content=\"index, follow, max-snippet:-1, max-image-preview:large, max-video-preview:-1\" \/>\n<link rel=\"canonical\" href=\"https:\/\/www.missoeshumanitarias.org\/es\/semana-de-homenajes-a-los-refugiados\/\" \/>\n<meta property=\"og:locale\" content=\"es_ES\" \/>\n<meta property=\"og:type\" content=\"article\" \/>\n<meta property=\"og:title\" content=\"Semana de homenajes a los refugiados\" \/>\n<meta property=\"og:description\" content=\"La&nbsp;Fraternidad &#8211; Federaci\u00f3n Humanitaria Internacional (FFHI)&nbsp;vive una semana con una&nbsp; programaci\u00f3n extensa en conmemoraci\u00f3n del D\u00eda del Refugiado, celebrado mundialmente el 20 de junio. Adem\u00e1s del lanzamiento del video&nbsp;Nona Anonamo &#8211; Somos Todas Artesanas, que tuvo lugar en todos los canales de comunicaci\u00f3n de la Fraternidad &#8211; Humanitaria (FFHI), tambi\u00e9n habr\u00e1 una serie de actividades [&hellip;]\" \/>\n<meta property=\"og:url\" content=\"https:\/\/www.missoeshumanitarias.org\/es\/semana-de-homenajes-a-los-refugiados\/\" \/>\n<meta property=\"og:site_name\" content=\"Fraternidade Miss\u00f5es Humanit\u00e1rias Internacionais\" \/>\n<meta property=\"article:published_time\" content=\"2020-06-16T00:46:48+00:00\" \/>\n<meta property=\"article:modified_time\" content=\"2023-02-17T10:25:35+00:00\" \/>\n<meta property=\"og:image\" content=\"https:\/\/www.missoeshumanitarias.org\/wp-content\/uploads\/2021\/08\/DIA-DO-REFUGIADO-MISSA\u0303O-RORAIMA-FFHI-3.jpg\" \/>\n\t<meta property=\"og:image:width\" content=\"1280\" \/>\n\t<meta property=\"og:image:height\" content=\"720\" \/>\n\t<meta property=\"og:image:type\" content=\"image\/jpeg\" \/>\n<meta name=\"author\" content=\"maducato_admin\" \/>\n<meta name=\"twitter:card\" content=\"summary_large_image\" \/>\n<meta name=\"twitter:label1\" content=\"Escrito por\" \/>\n\t<meta name=\"twitter:data1\" content=\"maducato_admin\" \/>\n\t<meta name=\"twitter:label2\" content=\"Tiempo de lectura\" \/>\n\t<meta name=\"twitter:data2\" content=\"9 minutos\" \/>\n<script type=\"application\/ld+json\" class=\"yoast-schema-graph\">{\"@context\":\"https:\/\/schema.org\",\"@graph\":[{\"@type\":\"Article\",\"@id\":\"https:\/\/www.missoeshumanitarias.org\/es\/semana-de-homenajes-a-los-refugiados\/#article\",\"isPartOf\":{\"@id\":\"https:\/\/www.missoeshumanitarias.org\/es\/semana-de-homenajes-a-los-refugiados\/\"},\"author\":{\"name\":\"maducato_admin\",\"@id\":\"https:\/\/www.missoeshumanitarias.org\/es\/#\/schema\/person\/e0f8527323154d1eba9f9d9eb6b401f7\"},\"headline\":\"Semana de homenajes a los refugiados\",\"datePublished\":\"2020-06-16T00:46:48+00:00\",\"dateModified\":\"2023-02-17T10:25:35+00:00\",\"mainEntityOfPage\":{\"@id\":\"https:\/\/www.missoeshumanitarias.org\/es\/semana-de-homenajes-a-los-refugiados\/\"},\"wordCount\":1505,\"commentCount\":0,\"publisher\":{\"@id\":\"https:\/\/www.missoeshumanitarias.org\/es\/#organization\"},\"image\":{\"@id\":\"https:\/\/www.missoeshumanitarias.org\/es\/semana-de-homenajes-a-los-refugiados\/#primaryimage\"},\"thumbnailUrl\":\"https:\/\/www.missoeshumanitarias.org\/wp-content\/uploads\/2021\/08\/DIA-DO-REFUGIADO-MISSA\u0303O-RORAIMA-FFHI-3.jpg\",\"articleSection\":[\"Noticias\",\"Noticias de las Misiones\"],\"inLanguage\":\"es\",\"potentialAction\":[{\"@type\":\"CommentAction\",\"name\":\"Comment\",\"target\":[\"https:\/\/www.missoeshumanitarias.org\/es\/semana-de-homenajes-a-los-refugiados\/#respond\"]}]},{\"@type\":\"WebPage\",\"@id\":\"https:\/\/www.missoeshumanitarias.org\/es\/semana-de-homenajes-a-los-refugiados\/\",\"url\":\"https:\/\/www.missoeshumanitarias.org\/es\/semana-de-homenajes-a-los-refugiados\/\",\"name\":\"Semana de homenajes a los refugiados - Fraternidade Miss\u00f5es Humanit\u00e1rias Internacionais\",\"isPartOf\":{\"@id\":\"https:\/\/www.missoeshumanitarias.org\/es\/#website\"},\"primaryImageOfPage\":{\"@id\":\"https:\/\/www.missoeshumanitarias.org\/es\/semana-de-homenajes-a-los-refugiados\/#primaryimage\"},\"image\":{\"@id\":\"https:\/\/www.missoeshumanitarias.org\/es\/semana-de-homenajes-a-los-refugiados\/#primaryimage\"},\"thumbnailUrl\":\"https:\/\/www.missoeshumanitarias.org\/wp-content\/uploads\/2021\/08\/DIA-DO-REFUGIADO-MISSA\u0303O-RORAIMA-FFHI-3.jpg\",\"datePublished\":\"2020-06-16T00:46:48+00:00\",\"dateModified\":\"2023-02-17T10:25:35+00:00\",\"breadcrumb\":{\"@id\":\"https:\/\/www.missoeshumanitarias.org\/es\/semana-de-homenajes-a-los-refugiados\/#breadcrumb\"},\"inLanguage\":\"es\",\"potentialAction\":[{\"@type\":\"ReadAction\",\"target\":[\"https:\/\/www.missoeshumanitarias.org\/es\/semana-de-homenajes-a-los-refugiados\/\"]}]},{\"@type\":\"ImageObject\",\"inLanguage\":\"es\",\"@id\":\"https:\/\/www.missoeshumanitarias.org\/es\/semana-de-homenajes-a-los-refugiados\/#primaryimage\",\"url\":\"https:\/\/www.missoeshumanitarias.org\/wp-content\/uploads\/2021\/08\/DIA-DO-REFUGIADO-MISSA\u0303O-RORAIMA-FFHI-3.jpg\",\"contentUrl\":\"https:\/\/www.missoeshumanitarias.org\/wp-content\/uploads\/2021\/08\/DIA-DO-REFUGIADO-MISSA\u0303O-RORAIMA-FFHI-3.jpg\",\"width\":1280,\"height\":720},{\"@type\":\"BreadcrumbList\",\"@id\":\"https:\/\/www.missoeshumanitarias.org\/es\/semana-de-homenajes-a-los-refugiados\/#breadcrumb\",\"itemListElement\":[{\"@type\":\"ListItem\",\"position\":1,\"name\":\"Home\",\"item\":\"https:\/\/www.missoeshumanitarias.org\/en\/\"},{\"@type\":\"ListItem\",\"position\":2,\"name\":\"Semana de homenajes a los refugiados\"}]},{\"@type\":\"WebSite\",\"@id\":\"https:\/\/www.missoeshumanitarias.org\/es\/#website\",\"url\":\"https:\/\/www.missoeshumanitarias.org\/es\/\",\"name\":\"Fraternidade Miss\u00f5es Humanit\u00e1rias Internacionais\",\"description\":\"Respostas Humanit\u00e1rias e Emerg\u00eancias\",\"publisher\":{\"@id\":\"https:\/\/www.missoeshumanitarias.org\/es\/#organization\"},\"potentialAction\":[{\"@type\":\"SearchAction\",\"target\":{\"@type\":\"EntryPoint\",\"urlTemplate\":\"https:\/\/www.missoeshumanitarias.org\/es\/?s={search_term_string}\"},\"query-input\":\"required name=search_term_string\"}],\"inLanguage\":\"es\"},{\"@type\":\"Organization\",\"@id\":\"https:\/\/www.missoeshumanitarias.org\/es\/#organization\",\"name\":\"Fraternidade - Miss\u00f5es Humanit\u00e1rias Internacionais\",\"url\":\"https:\/\/www.missoeshumanitarias.org\/es\/\",\"logo\":{\"@type\":\"ImageObject\",\"inLanguage\":\"es\",\"@id\":\"https:\/\/www.missoeshumanitarias.org\/es\/#\/schema\/logo\/image\/\",\"url\":\"https:\/\/www.missoeshumanitarias.org\/wp-content\/uploads\/2020\/05\/logo-FMHI-mg.png\",\"contentUrl\":\"https:\/\/www.missoeshumanitarias.org\/wp-content\/uploads\/2020\/05\/logo-FMHI-mg.png\",\"width\":520,\"height\":134,\"caption\":\"Fraternidade - Miss\u00f5es Humanit\u00e1rias Internacionais\"},\"image\":{\"@id\":\"https:\/\/www.missoeshumanitarias.org\/es\/#\/schema\/logo\/image\/\"}},{\"@type\":\"Person\",\"@id\":\"https:\/\/www.missoeshumanitarias.org\/es\/#\/schema\/person\/e0f8527323154d1eba9f9d9eb6b401f7\",\"name\":\"maducato_admin\",\"image\":{\"@type\":\"ImageObject\",\"inLanguage\":\"es\",\"@id\":\"https:\/\/www.missoeshumanitarias.org\/es\/#\/schema\/person\/image\/\",\"url\":\"https:\/\/secure.gravatar.com\/avatar\/6c3b45186a8f5a459d8e14c7fca370bceae92402bc06171d75e4e559b6c24393?s=96&d=mm&r=g\",\"contentUrl\":\"https:\/\/secure.gravatar.com\/avatar\/6c3b45186a8f5a459d8e14c7fca370bceae92402bc06171d75e4e559b6c24393?s=96&d=mm&r=g\",\"caption\":\"maducato_admin\"}}]}<\/script>\n<!-- \/ Yoast SEO Premium plugin. -->","yoast_head_json":{"title":"Semana de homenajes a los refugiados - Fraternidade Miss\u00f5es Humanit\u00e1rias Internacionais","robots":{"index":"index","follow":"follow","max-snippet":"max-snippet:-1","max-image-preview":"max-image-preview:large","max-video-preview":"max-video-preview:-1"},"canonical":"https:\/\/www.missoeshumanitarias.org\/es\/semana-de-homenajes-a-los-refugiados\/","og_locale":"es_ES","og_type":"article","og_title":"Semana de homenajes a los refugiados","og_description":"La&nbsp;Fraternidad &#8211; Federaci\u00f3n Humanitaria Internacional (FFHI)&nbsp;vive una semana con una&nbsp; programaci\u00f3n extensa en conmemoraci\u00f3n del D\u00eda del Refugiado, celebrado mundialmente el 20 de junio. Adem\u00e1s del lanzamiento del video&nbsp;Nona Anonamo &#8211; Somos Todas Artesanas, que tuvo lugar en todos los canales de comunicaci\u00f3n de la Fraternidad &#8211; Humanitaria (FFHI), tambi\u00e9n habr\u00e1 una serie de actividades [&hellip;]","og_url":"https:\/\/www.missoeshumanitarias.org\/es\/semana-de-homenajes-a-los-refugiados\/","og_site_name":"Fraternidade Miss\u00f5es Humanit\u00e1rias Internacionais","article_published_time":"2020-06-16T00:46:48+00:00","article_modified_time":"2023-02-17T10:25:35+00:00","og_image":[{"width":1280,"height":720,"url":"https:\/\/www.missoeshumanitarias.org\/wp-content\/uploads\/2021\/08\/DIA-DO-REFUGIADO-MISSA\u0303O-RORAIMA-FFHI-3.jpg","type":"image\/jpeg"}],"author":"maducato_admin","twitter_card":"summary_large_image","twitter_misc":{"Escrito por":"maducato_admin","Tiempo de lectura":"9 minutos"},"schema":{"@context":"https:\/\/schema.org","@graph":[{"@type":"Article","@id":"https:\/\/www.missoeshumanitarias.org\/es\/semana-de-homenajes-a-los-refugiados\/#article","isPartOf":{"@id":"https:\/\/www.missoeshumanitarias.org\/es\/semana-de-homenajes-a-los-refugiados\/"},"author":{"name":"maducato_admin","@id":"https:\/\/www.missoeshumanitarias.org\/es\/#\/schema\/person\/e0f8527323154d1eba9f9d9eb6b401f7"},"headline":"Semana de homenajes a los refugiados","datePublished":"2020-06-16T00:46:48+00:00","dateModified":"2023-02-17T10:25:35+00:00","mainEntityOfPage":{"@id":"https:\/\/www.missoeshumanitarias.org\/es\/semana-de-homenajes-a-los-refugiados\/"},"wordCount":1505,"commentCount":0,"publisher":{"@id":"https:\/\/www.missoeshumanitarias.org\/es\/#organization"},"image":{"@id":"https:\/\/www.missoeshumanitarias.org\/es\/semana-de-homenajes-a-los-refugiados\/#primaryimage"},"thumbnailUrl":"https:\/\/www.missoeshumanitarias.org\/wp-content\/uploads\/2021\/08\/DIA-DO-REFUGIADO-MISSA\u0303O-RORAIMA-FFHI-3.jpg","articleSection":["Noticias","Noticias de las Misiones"],"inLanguage":"es","potentialAction":[{"@type":"CommentAction","name":"Comment","target":["https:\/\/www.missoeshumanitarias.org\/es\/semana-de-homenajes-a-los-refugiados\/#respond"]}]},{"@type":"WebPage","@id":"https:\/\/www.missoeshumanitarias.org\/es\/semana-de-homenajes-a-los-refugiados\/","url":"https:\/\/www.missoeshumanitarias.org\/es\/semana-de-homenajes-a-los-refugiados\/","name":"Semana de homenajes a los refugiados - Fraternidade Miss\u00f5es Humanit\u00e1rias Internacionais","isPartOf":{"@id":"https:\/\/www.missoeshumanitarias.org\/es\/#website"},"primaryImageOfPage":{"@id":"https:\/\/www.missoeshumanitarias.org\/es\/semana-de-homenajes-a-los-refugiados\/#primaryimage"},"image":{"@id":"https:\/\/www.missoeshumanitarias.org\/es\/semana-de-homenajes-a-los-refugiados\/#primaryimage"},"thumbnailUrl":"https:\/\/www.missoeshumanitarias.org\/wp-content\/uploads\/2021\/08\/DIA-DO-REFUGIADO-MISSA\u0303O-RORAIMA-FFHI-3.jpg","datePublished":"2020-06-16T00:46:48+00:00","dateModified":"2023-02-17T10:25:35+00:00","breadcrumb":{"@id":"https:\/\/www.missoeshumanitarias.org\/es\/semana-de-homenajes-a-los-refugiados\/#breadcrumb"},"inLanguage":"es","potentialAction":[{"@type":"ReadAction","target":["https:\/\/www.missoeshumanitarias.org\/es\/semana-de-homenajes-a-los-refugiados\/"]}]},{"@type":"ImageObject","inLanguage":"es","@id":"https:\/\/www.missoeshumanitarias.org\/es\/semana-de-homenajes-a-los-refugiados\/#primaryimage","url":"https:\/\/www.missoeshumanitarias.org\/wp-content\/uploads\/2021\/08\/DIA-DO-REFUGIADO-MISSA\u0303O-RORAIMA-FFHI-3.jpg","contentUrl":"https:\/\/www.missoeshumanitarias.org\/wp-content\/uploads\/2021\/08\/DIA-DO-REFUGIADO-MISSA\u0303O-RORAIMA-FFHI-3.jpg","width":1280,"height":720},{"@type":"BreadcrumbList","@id":"https:\/\/www.missoeshumanitarias.org\/es\/semana-de-homenajes-a-los-refugiados\/#breadcrumb","itemListElement":[{"@type":"ListItem","position":1,"name":"Home","item":"https:\/\/www.missoeshumanitarias.org\/en\/"},{"@type":"ListItem","position":2,"name":"Semana de homenajes a los refugiados"}]},{"@type":"WebSite","@id":"https:\/\/www.missoeshumanitarias.org\/es\/#website","url":"https:\/\/www.missoeshumanitarias.org\/es\/","name":"Fraternidade Miss\u00f5es Humanit\u00e1rias Internacionais","description":"Respostas Humanit\u00e1rias e Emerg\u00eancias","publisher":{"@id":"https:\/\/www.missoeshumanitarias.org\/es\/#organization"},"potentialAction":[{"@type":"SearchAction","target":{"@type":"EntryPoint","urlTemplate":"https:\/\/www.missoeshumanitarias.org\/es\/?s={search_term_string}"},"query-input":"required name=search_term_string"}],"inLanguage":"es"},{"@type":"Organization","@id":"https:\/\/www.missoeshumanitarias.org\/es\/#organization","name":"Fraternidade - Miss\u00f5es Humanit\u00e1rias Internacionais","url":"https:\/\/www.missoeshumanitarias.org\/es\/","logo":{"@type":"ImageObject","inLanguage":"es","@id":"https:\/\/www.missoeshumanitarias.org\/es\/#\/schema\/logo\/image\/","url":"https:\/\/www.missoeshumanitarias.org\/wp-content\/uploads\/2020\/05\/logo-FMHI-mg.png","contentUrl":"https:\/\/www.missoeshumanitarias.org\/wp-content\/uploads\/2020\/05\/logo-FMHI-mg.png","width":520,"height":134,"caption":"Fraternidade - Miss\u00f5es Humanit\u00e1rias Internacionais"},"image":{"@id":"https:\/\/www.missoeshumanitarias.org\/es\/#\/schema\/logo\/image\/"}},{"@type":"Person","@id":"https:\/\/www.missoeshumanitarias.org\/es\/#\/schema\/person\/e0f8527323154d1eba9f9d9eb6b401f7","name":"maducato_admin","image":{"@type":"ImageObject","inLanguage":"es","@id":"https:\/\/www.missoeshumanitarias.org\/es\/#\/schema\/person\/image\/","url":"https:\/\/secure.gravatar.com\/avatar\/6c3b45186a8f5a459d8e14c7fca370bceae92402bc06171d75e4e559b6c24393?s=96&d=mm&r=g","contentUrl":"https:\/\/secure.gravatar.com\/avatar\/6c3b45186a8f5a459d8e14c7fca370bceae92402bc06171d75e4e559b6c24393?s=96&d=mm&r=g","caption":"maducato_admin"}}]}},"_links":{"self":[{"href":"https:\/\/www.missoeshumanitarias.org\/es\/wp-json\/wp\/v2\/posts\/131997","targetHints":{"allow":["GET"]}}],"collection":[{"href":"https:\/\/www.missoeshumanitarias.org\/es\/wp-json\/wp\/v2\/posts"}],"about":[{"href":"https:\/\/www.missoeshumanitarias.org\/es\/wp-json\/wp\/v2\/types\/post"}],"author":[{"embeddable":true,"href":"https:\/\/www.missoeshumanitarias.org\/es\/wp-json\/wp\/v2\/users\/1"}],"replies":[{"embeddable":true,"href":"https:\/\/www.missoeshumanitarias.org\/es\/wp-json\/wp\/v2\/comments?post=131997"}],"version-history":[{"count":0,"href":"https:\/\/www.missoeshumanitarias.org\/es\/wp-json\/wp\/v2\/posts\/131997\/revisions"}],"wp:featuredmedia":[{"embeddable":true,"href":"https:\/\/www.missoeshumanitarias.org\/es\/wp-json\/wp\/v2\/media\/129877"}],"wp:attachment":[{"href":"https:\/\/www.missoeshumanitarias.org\/es\/wp-json\/wp\/v2\/media?parent=131997"}],"wp:term":[{"taxonomy":"category","embeddable":true,"href":"https:\/\/www.missoeshumanitarias.org\/es\/wp-json\/wp\/v2\/categories?post=131997"},{"taxonomy":"post_tag","embeddable":true,"href":"https:\/\/www.missoeshumanitarias.org\/es\/wp-json\/wp\/v2\/tags?post=131997"}],"curies":[{"name":"wp","href":"https:\/\/api.w.org\/{rel}","templated":true}]}}