{"id":132007,"date":"2020-08-25T18:04:01","date_gmt":"2020-08-25T21:04:01","guid":{"rendered":"https:\/\/www.missoeshumanitarias.org\/como-la-pedagogia-de-emergencia-ayuda-a-las-misiones-humanitarias\/"},"modified":"2020-08-25T18:04:01","modified_gmt":"2020-08-25T21:04:01","slug":"como-la-pedagogia-de-emergencia-ayuda-a-las-misiones-humanitarias","status":"publish","type":"post","link":"https:\/\/www.missoeshumanitarias.org\/es\/como-la-pedagogia-de-emergencia-ayuda-a-las-misiones-humanitarias\/","title":{"rendered":"C\u00f3mo la pedagog\u00eda de emergencia ayuda a las Misiones Humanitarias"},"content":{"rendered":"<p style=\"font-weight: 400; text-align: justify;\">El principal objetivo del m\u00e9todo de <a href=\"http:\/\/pedagogiadeemergencia.org\/\"><strong>Pedagog\u00eda de Emergencia<\/strong><\/a>, que utiliza una serie de recursos, como la expresi\u00f3n art\u00edstica y corporal, para que los ni\u00f1os y j\u00f3venes se recuperen de una crisis es activar y fortalecer estrategias para mitigar y curar los efectos causados \u200b\u200bpor eventos traum\u00e1ticos.<\/p>\n<p style=\"font-weight: 400; text-align: justify;\">Para que los efectos de un evento traum\u00e1tico no se vuelvan cr\u00f3nicos o, en ocasiones, tengan consecuencias desastrosas para sus v\u00edctimas, es importante que los procedimientos de cura se adopten lo antes posible. Las v\u00edctimas de cat\u00e1strofes, violencia y situaciones de vulnerabilidad debido a \u00a0etnia, religi\u00f3n y g\u00e9nero necesitan apoyo emocional, mental y espiritual.<\/p>\n<p>[fusion_gallery layout=\u00bbmasonry\u00bb picture_size=\u00bb\u00bb columns=\u00bb\u00bb column_spacing=\u00bb5&#8243; gallery_masonry_grid_ratio=\u00bb\u00bb gallery_masonry_width_double=\u00bb\u00bb hover_type=\u00bb\u00bb lightbox=\u00bbyes\u00bb lightbox_content=\u00bb\u00bb bordersize=\u00bb\u00bb bordercolor=\u00bb\u00bb border_radius=\u00bb\u00bb hide_on_mobile=\u00bbsmall-visibility,medium-visibility,large-visibility\u00bb class=\u00bb\u00bb id=\u00bb\u00bb][fusion_gallery_image image=\u00bbhttps:\/\/www.fraterinternacional.org\/wp-content\/uploads\/2020\/08\/Pedagogia-de-Emergencia-FFHI-29.jpg\u00bb image_id=\u00bb117372&#8243; link=\u00bb\u00bb linktarget=\u00bb_self\u00bb \/][fusion_gallery_image image=\u00bbhttps:\/\/www.fraterinternacional.org\/wp-content\/uploads\/2020\/08\/Pedagogia-de-Emergencia-FFHI-26.jpg\u00bb image_id=\u00bb117369&#8243; link=\u00bb\u00bb linktarget=\u00bb_self\u00bb \/][fusion_gallery_image image=\u00bbhttps:\/\/www.fraterinternacional.org\/wp-content\/uploads\/2020\/08\/Pedagogia-de-Emergencia-FFHI-4.jpg\u00bb image_id=\u00bb117366&#8243; link=\u00bb\u00bb linktarget=\u00bb_self\u00bb \/][fusion_gallery_image image=\u00bbhttps:\/\/www.fraterinternacional.org\/wp-content\/uploads\/2020\/08\/Pedadogia-de-Emergencia-FFHI-34.jpg\u00bb image_id=\u00bb117363&#8243; link=\u00bb\u00bb linktarget=\u00bb_self\u00bb \/][fusion_gallery_image image=\u00bbhttps:\/\/www.fraterinternacional.org\/wp-content\/uploads\/2020\/08\/AGROECOLOGIA-MISSAO-RORAIMA-FFHI-1.jpg\u00bb image_id=\u00bb117360&#8243; link=\u00bb\u00bb linktarget=\u00bb_self\u00bb \/][fusion_gallery_image image=\u00bbhttps:\/\/www.fraterinternacional.org\/wp-content\/uploads\/2020\/08\/Pedagogia-de-Emergencia-FFHI-35jpg.jpg\u00bb image_id=\u00bb117357&#8243; link=\u00bb\u00bb linktarget=\u00bb_self\u00bb \/][fusion_gallery_image image=\u00bbhttps:\/\/www.fraterinternacional.org\/wp-content\/uploads\/2020\/08\/Pedagogia-de-Emergencia-FFHI-32.jpg\u00bb image_id=\u00bb117354&#8243; link=\u00bb\u00bb linktarget=\u00bb_self\u00bb \/][fusion_gallery_image image=\u00bbhttps:\/\/www.fraterinternacional.org\/wp-content\/uploads\/2020\/08\/Pedagogia-de-Emergencia-FFHI-31.jpg\u00bb image_id=\u00bb117351&#8243; link=\u00bb\u00bb linktarget=\u00bb_self\u00bb \/][fusion_gallery_image image=\u00bbhttps:\/\/www.fraterinternacional.org\/wp-content\/uploads\/2020\/08\/Pedagogia-de-Emergencia-FFHI-30.jpg\u00bb image_id=\u00bb117348&#8243; link=\u00bb\u00bb linktarget=\u00bb_self\u00bb \/][\/fusion_gallery]<\/p>\n<p>[fusion_separator style_type=\u00bbnone\u00bb top_margin=\u00bb10&#8243; ][\/fusion_separator]<\/p>\n<p style=\"font-weight: 400; text-align: justify;\">La migraci\u00f3n forzada provocada por la crisis pol\u00edtica y econ\u00f3mica de Venezuela ha provocado que miles de personas abandonen sus hogares en busca de condiciones de vida dignas.<\/p>\n<p style=\"font-weight: 400; text-align: justify;\">Los desaf\u00edos del desplazamiento exceden la distancia geogr\u00e1fica. Padres y madres, preocupados por el futuro de sus hijos, deben explicar a los j\u00f3venes y a los ni\u00f1os peque\u00f1os las razones por las que atraviesan una situaci\u00f3n tan dif\u00edcil. Al llegar a su destino, tienen que afrontar las incertidumbres de un territorio desconocido, otro idioma, otra cultura.<\/p>\n<p style=\"font-weight: 400; text-align: justify;\">\u00abImpulsamos actividades basadas en Educaci\u00f3n Art\u00edstica en Emergencia y, dentro de ella, la Pedagog\u00eda de la Emergencia nos ofrece un m\u00e9todo con una base filos\u00f3fica y cient\u00edfica que nos va a dar apoyo\u00bb, dice el misionero Anderson, del equipo de Arte-Educaci\u00f3n en Emergencia.<\/p>\n<h3 style=\"font-weight: 400; text-align: justify;\"><b>Expresi\u00f3n, rituales y ritmo<\/b><\/h3>\n<p>[fusion_gallery layout=\u00bbmasonry\u00bb picture_size=\u00bb\u00bb columns=\u00bb\u00bb column_spacing=\u00bb5&#8243; gallery_masonry_grid_ratio=\u00bb\u00bb gallery_masonry_width_double=\u00bb\u00bb hover_type=\u00bb\u00bb lightbox=\u00bbyes\u00bb lightbox_content=\u00bb\u00bb bordersize=\u00bb\u00bb bordercolor=\u00bb\u00bb border_radius=\u00bb\u00bb hide_on_mobile=\u00bbsmall-visibility,medium-visibility,large-visibility\u00bb class=\u00bb\u00bb id=\u00bb\u00bb][fusion_gallery_image image=\u00bbhttps:\/\/www.fraterinternacional.org\/wp-content\/uploads\/2020\/08\/Pedagogia-de-Emergencia-FFHI-15.jpg\u00bb image_id=\u00bb117345&#8243; link=\u00bb\u00bb linktarget=\u00bb_self\u00bb \/][fusion_gallery_image image=\u00bbhttps:\/\/www.fraterinternacional.org\/wp-content\/uploads\/2020\/08\/Pedagogia-de-Emergencia-FFHI-14.jpg\u00bb image_id=\u00bb117342&#8243; link=\u00bb\u00bb linktarget=\u00bb_self\u00bb \/][fusion_gallery_image image=\u00bbhttps:\/\/www.fraterinternacional.org\/wp-content\/uploads\/2020\/08\/Pedagogia-de-Emergencia-FFHI-10.jpg\u00bb image_id=\u00bb117336&#8243; link=\u00bb\u00bb linktarget=\u00bb_self\u00bb \/][fusion_gallery_image image=\u00bbhttps:\/\/www.fraterinternacional.org\/wp-content\/uploads\/2020\/08\/Pedagogia-de-Emergencia-FFHI-13-1.jpg\u00bb image_id=\u00bb117339&#8243; link=\u00bb\u00bb linktarget=\u00bb_self\u00bb \/][fusion_gallery_image image=\u00bbhttps:\/\/www.fraterinternacional.org\/wp-content\/uploads\/2020\/08\/Pedagogia-de-Emergencia-FFHI-18.jpg\u00bb image_id=\u00bb117333&#8243; link=\u00bb\u00bb linktarget=\u00bb_self\u00bb \/][fusion_gallery_image image=\u00bbhttps:\/\/www.fraterinternacional.org\/wp-content\/uploads\/2020\/08\/Pedagogia-de-Emergencia-FFHI-36.jpg\u00bb image_id=\u00bb117309&#8243; link=\u00bb\u00bb linktarget=\u00bb_self\u00bb \/][\/fusion_gallery]<\/p>\n<p>[fusion_separator style_type=\u00bbnone\u00bb top_margin=\u00bb10&#8243; ][\/fusion_separator]<\/p>\n<p style=\"font-weight: 400; text-align: justify;\">Las actividades art\u00edsticas, como el dibujo, son formas utilizadas para que los ni\u00f1os puedan canalizar sentimientos, emociones, miedos y esperanzas. La expresi\u00f3n de las vivencias es fundamental para evitar episodios o trastornos depresivos y de ansiedad en las v\u00edctimas.<\/p>\n<p style=\"font-weight: 400; text-align: justify;\">Otro m\u00e9todo aplicado por la Pedagog\u00eda de Emergencia es la introducci\u00f3n a la ritualizaci\u00f3n, pues los ni\u00f1os traumatizados sufren trastornos r\u00edtmicos, es decir, la digesti\u00f3n, el sue\u00f1o, la alimentaci\u00f3n y la memoria pueden ver alterados la regularidad.<\/p>\n<p style=\"font-weight: 400; text-align: justify;\">De acuerdo con los principios metodol\u00f3gicos de la Pedagog\u00eda de Emergencia, \u00abdespu\u00e9s de un trauma, la vida del ni\u00f1o pierde su normalidad. En medio del caos interno causado por el trauma, los rituales crean orden, orientaci\u00f3n y seguridad en la vida diaria del ni\u00f1o. De esta manera, apoyan el proceso de cura\u201d.<\/p>\n<p style=\"font-weight: 400; text-align: justify;\">Trabajar con ritmo \u2013 del calendario o ritmos musicales, juegos y percusi\u00f3n \u2013 ayuda al ni\u00f1o a estabilizarse, y tambi\u00e9n a divertirse \u00a0durante el proceso.<\/p>\n<p style=\"font-weight: 400; text-align: justify;\">La\u00a0<strong><a href=\"https:\/\/www.fraterinternacional.org\/es\/\">Fraternidad &#8211; Federaci\u00f3n Humanitaria Internacional(FFHI)<\/a><\/strong>\u00a0tambi\u00e9n insta a los ni\u00f1os a expresar sus esencias, sus emociones, biograf\u00edas y afectos, que tambi\u00e9n forman la estructura r\u00edtmica diaria. La espiritualidad es un factor de protecci\u00f3n y resiliencia que ampara contra los traumas<\/p>\n<p style=\"font-weight: 400; text-align: justify;\">\u201cCuando los ni\u00f1os, ni\u00f1as y adolescentes sienten que tienen un espacio seguro para expresar lo que portan y se sienten responsables de ese espacio, de esos momentos, entonces se moviliza en ellos una gran fuerza de voluntad. Eso los ayuda a recuperarse de los traumas vividos, los fortalece y organiza internamente, de modo que retorna el sentimiento de normalidad y, en consecuencia, las posibilidades de aprendizaje y de crecimiento\u201d, explica Anderson.<\/p>\n<h3 style=\"font-weight: 400; text-align: justify;\"><span lang=\"ES\"><b>Movimiento, nutrici\u00f3n y concentraci\u00f3n<\/b><\/span><\/h3>\n<p>[fusion_gallery layout=\u00bbmasonry\u00bb picture_size=\u00bb\u00bb columns=\u00bb\u00bb column_spacing=\u00bb5&#8243; gallery_masonry_grid_ratio=\u00bb\u00bb gallery_masonry_width_double=\u00bb\u00bb hover_type=\u00bb\u00bb lightbox=\u00bbyes\u00bb lightbox_content=\u00bb\u00bb bordersize=\u00bb\u00bb bordercolor=\u00bb\u00bb border_radius=\u00bb\u00bb hide_on_mobile=\u00bbsmall-visibility,medium-visibility,large-visibility\u00bb class=\u00bb\u00bb id=\u00bb\u00bb][fusion_gallery_image image=\u00bbhttps:\/\/www.fraterinternacional.org\/wp-content\/uploads\/2020\/08\/Pedagogia-de-Emergencia-FFHI-19.jpg\u00bb image_id=\u00bb117327&#8243; link=\u00bb\u00bb linktarget=\u00bb_self\u00bb \/][fusion_gallery_image image=\u00bbhttps:\/\/www.fraterinternacional.org\/wp-content\/uploads\/2020\/08\/Pedagogia-de-Emergencia-FFHI-17.jpg\u00bb image_id=\u00bb117324&#8243; link=\u00bb\u00bb linktarget=\u00bb_self\u00bb \/][fusion_gallery_image image=\u00bbhttps:\/\/www.fraterinternacional.org\/wp-content\/uploads\/2020\/08\/Pedagogia-de-Emergencia-FFHI-16.jpg\u00bb image_id=\u00bb117321&#8243; link=\u00bb\u00bb linktarget=\u00bb_self\u00bb \/][fusion_gallery_image image=\u00bbhttps:\/\/www.fraterinternacional.org\/wp-content\/uploads\/2020\/08\/Pedagogia-de-Emergencia-FFHI-6.jpg\u00bb image_id=\u00bb117315&#8243; link=\u00bb\u00bb linktarget=\u00bb_self\u00bb \/][fusion_gallery_image image=\u00bbhttps:\/\/www.fraterinternacional.org\/wp-content\/uploads\/2020\/08\/Pedagogia-de-Emergencia-FFHI-3.jpg\u00bb image_id=\u00bb117312&#8243; link=\u00bb\u00bb linktarget=\u00bb_self\u00bb \/][fusion_gallery_image image=\u00bbhttps:\/\/www.fraterinternacional.org\/wp-content\/uploads\/2020\/08\/Pedagogia-de-Emergencia-FFHI-20.jpg\u00bb image_id=\u00bb117306&#8243; link=\u00bb\u00bb linktarget=\u00bb_self\u00bb \/][fusion_gallery_image image=\u00bbhttps:\/\/www.fraterinternacional.org\/wp-content\/uploads\/2020\/08\/Pedagogia-de-Emergencia-FFHI-27.jpg\u00bb image_id=\u00bb117330|full\u00bb link=\u00bb\u00bb linktarget=\u00bb_self\u00bb \/][\/fusion_gallery]<\/p>\n<p>[fusion_separator style_type=\u00bbnone\u00bb top_margin=\u00bb10&#8243; ][\/fusion_separator]<\/p>\n<p style=\"font-weight: 400; text-align: justify;\">Nuestro cuerpo responde a las emociones. Cuando estamos traumatizados, las reacciones de nuestro cuerpo implican el tensarse y cerrarse. No necesitamos tener traumas para saber esto: cuando estamos tristes, nos movemos menos, agachamos m\u00e1s la cabeza.<\/p>\n<p style=\"font-weight: 400; text-align: justify;\">Para los ni\u00f1os, la Pedagog\u00eda de Emergencia fomenta el juego y las actividades deportivas que estimulan el movimiento y exploran las potencialidades del cuerpo. \u00abEsto ayuda a las personas a experimentar nuevamente la centralizaci\u00f3n en el cuerpo f\u00edsico, activan la circulaci\u00f3n, estimular la respiraci\u00f3n equilibrada\u00bb, explica el m\u00e9todo. Adem\u00e1s, logran que se profundice el sentimiento de uni\u00f3n entre los que participan en la actividad.<\/p>\n<p style=\"font-weight: 400; text-align: justify;\">La educaci\u00f3n ambiental tambi\u00e9n es muy importante en contextos de migraci\u00f3n y refugio, ya que brinda a los ni\u00f1os y j\u00f3venes el contacto con la naturaleza, la reconexi\u00f3n con la sabidur\u00eda ancestral de la tierra, y es fundamental para la formaci\u00f3n de personas responsables y conscientes de su rol en cuidado y preservaci\u00f3n del planeta.<\/p>\n<p style=\"font-weight: 400; text-align: justify;\">La memoria y la concentraci\u00f3n son las habilidades cognitivas m\u00e1s afectadas por el trauma. Por tanto, una forma de fomentar estas habilidades es ofrecer juegos como rompecabezas, juegos de memoria, mandalas para pintar y otras artes.<\/p>\n<p style=\"font-weight: 400; text-align: justify;\">\u201cEl juego es la principal forma de expresi\u00f3n de los ni\u00f1os. Por eso jugar es un derecho garantizado. Podemos utilizar los juegos para desarrollar otras habilidades, como la memoria, la concentraci\u00f3n, el lenguaje y la coordinaci\u00f3n motora, que son la base para el desarrollo del aprendizaje intelectual. Mientras juegan, los ni\u00f1os tambi\u00e9n experimentan un contacto curativo con su propia verdad\u201d, concluye Anderson.<\/p>\n<p style=\"font-weight: 400; text-align: justify;\">* Nota: algunas fotos que ilustran esta historia fueron tomadas en el per\u00edodo anterior a la pandemia<\/p>\n","protected":false},"excerpt":{"rendered":"<p>El principal objetivo del m\u00e9todo de Pedagog\u00eda de Emergencia, que utiliza una serie de recursos, como la expresi\u00f3n art\u00edstica y corporal, para que los ni\u00f1os y j\u00f3venes se recuperen de una crisis es activar y fortalecer estrategias para mitigar y curar los efectos causados \u200b\u200bpor eventos traum\u00e1ticos. Para que los efectos de un evento traum\u00e1tico [&hellip;]<\/p>\n","protected":false},"author":1,"featured_media":129954,"comment_status":"open","ping_status":"open","sticky":false,"template":"","format":"standard","meta":{"footnotes":""},"categories":[43,131],"tags":[],"class_list":["post-132007","post","type-post","status-publish","format-standard","has-post-thumbnail","hentry","category-noticias-es","category-noticias-de-las-misiones"],"featured_image_src":"https:\/\/www.missoeshumanitarias.org\/wp-content\/uploads\/2021\/08\/Pedagogia-de-Emergencia-FFHI-20.jpg","author_info":{"display_name":"maducato_admin","author_link":"https:\/\/www.missoeshumanitarias.org\/es\/author\/maducato_admin\/"},"yoast_head":"<!-- This site is optimized with the Yoast SEO Premium plugin v22.5 (Yoast SEO v22.5) - https:\/\/yoast.com\/wordpress\/plugins\/seo\/ -->\n<title>C\u00f3mo la pedagog\u00eda de emergencia ayuda a las Misiones Humanitarias - Fraternidade Miss\u00f5es Humanit\u00e1rias Internacionais<\/title>\n<meta name=\"robots\" content=\"index, follow, max-snippet:-1, max-image-preview:large, max-video-preview:-1\" \/>\n<link rel=\"canonical\" href=\"https:\/\/www.missoeshumanitarias.org\/es\/como-la-pedagogia-de-emergencia-ayuda-a-las-misiones-humanitarias\/\" \/>\n<meta property=\"og:locale\" content=\"es_ES\" \/>\n<meta property=\"og:type\" content=\"article\" \/>\n<meta property=\"og:title\" content=\"C\u00f3mo la pedagog\u00eda de emergencia ayuda a las Misiones Humanitarias\" \/>\n<meta property=\"og:description\" content=\"El principal objetivo del m\u00e9todo de Pedagog\u00eda de Emergencia, que utiliza una serie de recursos, como la expresi\u00f3n art\u00edstica y corporal, para que los ni\u00f1os y j\u00f3venes se recuperen de una crisis es activar y fortalecer estrategias para mitigar y curar los efectos causados \u200b\u200bpor eventos traum\u00e1ticos. Para que los efectos de un evento traum\u00e1tico [&hellip;]\" \/>\n<meta property=\"og:url\" content=\"https:\/\/www.missoeshumanitarias.org\/es\/como-la-pedagogia-de-emergencia-ayuda-a-las-misiones-humanitarias\/\" \/>\n<meta property=\"og:site_name\" content=\"Fraternidade Miss\u00f5es Humanit\u00e1rias Internacionais\" \/>\n<meta property=\"article:published_time\" content=\"2020-08-25T21:04:01+00:00\" \/>\n<meta property=\"og:image\" content=\"https:\/\/www.missoeshumanitarias.org\/wp-content\/uploads\/2021\/08\/Pedagogia-de-Emergencia-FFHI-20.jpg\" \/>\n\t<meta property=\"og:image:width\" content=\"1280\" \/>\n\t<meta property=\"og:image:height\" content=\"720\" \/>\n\t<meta property=\"og:image:type\" content=\"image\/jpeg\" \/>\n<meta name=\"author\" content=\"maducato_admin\" \/>\n<meta name=\"twitter:card\" content=\"summary_large_image\" \/>\n<meta name=\"twitter:label1\" content=\"Escrito por\" \/>\n\t<meta name=\"twitter:data1\" content=\"maducato_admin\" \/>\n\t<meta name=\"twitter:label2\" content=\"Tiempo de lectura\" \/>\n\t<meta name=\"twitter:data2\" content=\"7 minutos\" \/>\n<script type=\"application\/ld+json\" class=\"yoast-schema-graph\">{\"@context\":\"https:\/\/schema.org\",\"@graph\":[{\"@type\":\"Article\",\"@id\":\"https:\/\/www.missoeshumanitarias.org\/es\/como-la-pedagogia-de-emergencia-ayuda-a-las-misiones-humanitarias\/#article\",\"isPartOf\":{\"@id\":\"https:\/\/www.missoeshumanitarias.org\/es\/como-la-pedagogia-de-emergencia-ayuda-a-las-misiones-humanitarias\/\"},\"author\":{\"name\":\"maducato_admin\",\"@id\":\"https:\/\/www.missoeshumanitarias.org\/es\/#\/schema\/person\/e0f8527323154d1eba9f9d9eb6b401f7\"},\"headline\":\"C\u00f3mo la pedagog\u00eda de emergencia ayuda a las Misiones Humanitarias\",\"datePublished\":\"2020-08-25T21:04:01+00:00\",\"dateModified\":\"2020-08-25T21:04:01+00:00\",\"mainEntityOfPage\":{\"@id\":\"https:\/\/www.missoeshumanitarias.org\/es\/como-la-pedagogia-de-emergencia-ayuda-a-las-misiones-humanitarias\/\"},\"wordCount\":1389,\"commentCount\":0,\"publisher\":{\"@id\":\"https:\/\/www.missoeshumanitarias.org\/es\/#organization\"},\"image\":{\"@id\":\"https:\/\/www.missoeshumanitarias.org\/es\/como-la-pedagogia-de-emergencia-ayuda-a-las-misiones-humanitarias\/#primaryimage\"},\"thumbnailUrl\":\"https:\/\/www.missoeshumanitarias.org\/wp-content\/uploads\/2021\/08\/Pedagogia-de-Emergencia-FFHI-20.jpg\",\"articleSection\":[\"Noticias\",\"Noticias de las Misiones\"],\"inLanguage\":\"es\",\"potentialAction\":[{\"@type\":\"CommentAction\",\"name\":\"Comment\",\"target\":[\"https:\/\/www.missoeshumanitarias.org\/es\/como-la-pedagogia-de-emergencia-ayuda-a-las-misiones-humanitarias\/#respond\"]}]},{\"@type\":\"WebPage\",\"@id\":\"https:\/\/www.missoeshumanitarias.org\/es\/como-la-pedagogia-de-emergencia-ayuda-a-las-misiones-humanitarias\/\",\"url\":\"https:\/\/www.missoeshumanitarias.org\/es\/como-la-pedagogia-de-emergencia-ayuda-a-las-misiones-humanitarias\/\",\"name\":\"C\u00f3mo la pedagog\u00eda de emergencia ayuda a las Misiones Humanitarias - Fraternidade Miss\u00f5es Humanit\u00e1rias Internacionais\",\"isPartOf\":{\"@id\":\"https:\/\/www.missoeshumanitarias.org\/es\/#website\"},\"primaryImageOfPage\":{\"@id\":\"https:\/\/www.missoeshumanitarias.org\/es\/como-la-pedagogia-de-emergencia-ayuda-a-las-misiones-humanitarias\/#primaryimage\"},\"image\":{\"@id\":\"https:\/\/www.missoeshumanitarias.org\/es\/como-la-pedagogia-de-emergencia-ayuda-a-las-misiones-humanitarias\/#primaryimage\"},\"thumbnailUrl\":\"https:\/\/www.missoeshumanitarias.org\/wp-content\/uploads\/2021\/08\/Pedagogia-de-Emergencia-FFHI-20.jpg\",\"datePublished\":\"2020-08-25T21:04:01+00:00\",\"dateModified\":\"2020-08-25T21:04:01+00:00\",\"breadcrumb\":{\"@id\":\"https:\/\/www.missoeshumanitarias.org\/es\/como-la-pedagogia-de-emergencia-ayuda-a-las-misiones-humanitarias\/#breadcrumb\"},\"inLanguage\":\"es\",\"potentialAction\":[{\"@type\":\"ReadAction\",\"target\":[\"https:\/\/www.missoeshumanitarias.org\/es\/como-la-pedagogia-de-emergencia-ayuda-a-las-misiones-humanitarias\/\"]}]},{\"@type\":\"ImageObject\",\"inLanguage\":\"es\",\"@id\":\"https:\/\/www.missoeshumanitarias.org\/es\/como-la-pedagogia-de-emergencia-ayuda-a-las-misiones-humanitarias\/#primaryimage\",\"url\":\"https:\/\/www.missoeshumanitarias.org\/wp-content\/uploads\/2021\/08\/Pedagogia-de-Emergencia-FFHI-20.jpg\",\"contentUrl\":\"https:\/\/www.missoeshumanitarias.org\/wp-content\/uploads\/2021\/08\/Pedagogia-de-Emergencia-FFHI-20.jpg\",\"width\":1280,\"height\":720},{\"@type\":\"BreadcrumbList\",\"@id\":\"https:\/\/www.missoeshumanitarias.org\/es\/como-la-pedagogia-de-emergencia-ayuda-a-las-misiones-humanitarias\/#breadcrumb\",\"itemListElement\":[{\"@type\":\"ListItem\",\"position\":1,\"name\":\"Home\",\"item\":\"https:\/\/www.missoeshumanitarias.org\/en\/\"},{\"@type\":\"ListItem\",\"position\":2,\"name\":\"C\u00f3mo la pedagog\u00eda de emergencia ayuda a las Misiones Humanitarias\"}]},{\"@type\":\"WebSite\",\"@id\":\"https:\/\/www.missoeshumanitarias.org\/es\/#website\",\"url\":\"https:\/\/www.missoeshumanitarias.org\/es\/\",\"name\":\"Fraternidade Miss\u00f5es Humanit\u00e1rias Internacionais\",\"description\":\"Respostas Humanit\u00e1rias e Emerg\u00eancias\",\"publisher\":{\"@id\":\"https:\/\/www.missoeshumanitarias.org\/es\/#organization\"},\"potentialAction\":[{\"@type\":\"SearchAction\",\"target\":{\"@type\":\"EntryPoint\",\"urlTemplate\":\"https:\/\/www.missoeshumanitarias.org\/es\/?s={search_term_string}\"},\"query-input\":\"required name=search_term_string\"}],\"inLanguage\":\"es\"},{\"@type\":\"Organization\",\"@id\":\"https:\/\/www.missoeshumanitarias.org\/es\/#organization\",\"name\":\"Fraternidade - Miss\u00f5es Humanit\u00e1rias Internacionais\",\"url\":\"https:\/\/www.missoeshumanitarias.org\/es\/\",\"logo\":{\"@type\":\"ImageObject\",\"inLanguage\":\"es\",\"@id\":\"https:\/\/www.missoeshumanitarias.org\/es\/#\/schema\/logo\/image\/\",\"url\":\"https:\/\/www.missoeshumanitarias.org\/wp-content\/uploads\/2020\/05\/logo-FMHI-mg.png\",\"contentUrl\":\"https:\/\/www.missoeshumanitarias.org\/wp-content\/uploads\/2020\/05\/logo-FMHI-mg.png\",\"width\":520,\"height\":134,\"caption\":\"Fraternidade - Miss\u00f5es Humanit\u00e1rias Internacionais\"},\"image\":{\"@id\":\"https:\/\/www.missoeshumanitarias.org\/es\/#\/schema\/logo\/image\/\"}},{\"@type\":\"Person\",\"@id\":\"https:\/\/www.missoeshumanitarias.org\/es\/#\/schema\/person\/e0f8527323154d1eba9f9d9eb6b401f7\",\"name\":\"maducato_admin\",\"image\":{\"@type\":\"ImageObject\",\"inLanguage\":\"es\",\"@id\":\"https:\/\/www.missoeshumanitarias.org\/es\/#\/schema\/person\/image\/\",\"url\":\"https:\/\/secure.gravatar.com\/avatar\/6c3b45186a8f5a459d8e14c7fca370bceae92402bc06171d75e4e559b6c24393?s=96&d=mm&r=g\",\"contentUrl\":\"https:\/\/secure.gravatar.com\/avatar\/6c3b45186a8f5a459d8e14c7fca370bceae92402bc06171d75e4e559b6c24393?s=96&d=mm&r=g\",\"caption\":\"maducato_admin\"}}]}<\/script>\n<!-- \/ Yoast SEO Premium plugin. -->","yoast_head_json":{"title":"C\u00f3mo la pedagog\u00eda de emergencia ayuda a las Misiones Humanitarias - Fraternidade Miss\u00f5es Humanit\u00e1rias Internacionais","robots":{"index":"index","follow":"follow","max-snippet":"max-snippet:-1","max-image-preview":"max-image-preview:large","max-video-preview":"max-video-preview:-1"},"canonical":"https:\/\/www.missoeshumanitarias.org\/es\/como-la-pedagogia-de-emergencia-ayuda-a-las-misiones-humanitarias\/","og_locale":"es_ES","og_type":"article","og_title":"C\u00f3mo la pedagog\u00eda de emergencia ayuda a las Misiones Humanitarias","og_description":"El principal objetivo del m\u00e9todo de Pedagog\u00eda de Emergencia, que utiliza una serie de recursos, como la expresi\u00f3n art\u00edstica y corporal, para que los ni\u00f1os y j\u00f3venes se recuperen de una crisis es activar y fortalecer estrategias para mitigar y curar los efectos causados \u200b\u200bpor eventos traum\u00e1ticos. Para que los efectos de un evento traum\u00e1tico [&hellip;]","og_url":"https:\/\/www.missoeshumanitarias.org\/es\/como-la-pedagogia-de-emergencia-ayuda-a-las-misiones-humanitarias\/","og_site_name":"Fraternidade Miss\u00f5es Humanit\u00e1rias Internacionais","article_published_time":"2020-08-25T21:04:01+00:00","og_image":[{"width":1280,"height":720,"url":"https:\/\/www.missoeshumanitarias.org\/wp-content\/uploads\/2021\/08\/Pedagogia-de-Emergencia-FFHI-20.jpg","type":"image\/jpeg"}],"author":"maducato_admin","twitter_card":"summary_large_image","twitter_misc":{"Escrito por":"maducato_admin","Tiempo de lectura":"7 minutos"},"schema":{"@context":"https:\/\/schema.org","@graph":[{"@type":"Article","@id":"https:\/\/www.missoeshumanitarias.org\/es\/como-la-pedagogia-de-emergencia-ayuda-a-las-misiones-humanitarias\/#article","isPartOf":{"@id":"https:\/\/www.missoeshumanitarias.org\/es\/como-la-pedagogia-de-emergencia-ayuda-a-las-misiones-humanitarias\/"},"author":{"name":"maducato_admin","@id":"https:\/\/www.missoeshumanitarias.org\/es\/#\/schema\/person\/e0f8527323154d1eba9f9d9eb6b401f7"},"headline":"C\u00f3mo la pedagog\u00eda de emergencia ayuda a las Misiones Humanitarias","datePublished":"2020-08-25T21:04:01+00:00","dateModified":"2020-08-25T21:04:01+00:00","mainEntityOfPage":{"@id":"https:\/\/www.missoeshumanitarias.org\/es\/como-la-pedagogia-de-emergencia-ayuda-a-las-misiones-humanitarias\/"},"wordCount":1389,"commentCount":0,"publisher":{"@id":"https:\/\/www.missoeshumanitarias.org\/es\/#organization"},"image":{"@id":"https:\/\/www.missoeshumanitarias.org\/es\/como-la-pedagogia-de-emergencia-ayuda-a-las-misiones-humanitarias\/#primaryimage"},"thumbnailUrl":"https:\/\/www.missoeshumanitarias.org\/wp-content\/uploads\/2021\/08\/Pedagogia-de-Emergencia-FFHI-20.jpg","articleSection":["Noticias","Noticias de las Misiones"],"inLanguage":"es","potentialAction":[{"@type":"CommentAction","name":"Comment","target":["https:\/\/www.missoeshumanitarias.org\/es\/como-la-pedagogia-de-emergencia-ayuda-a-las-misiones-humanitarias\/#respond"]}]},{"@type":"WebPage","@id":"https:\/\/www.missoeshumanitarias.org\/es\/como-la-pedagogia-de-emergencia-ayuda-a-las-misiones-humanitarias\/","url":"https:\/\/www.missoeshumanitarias.org\/es\/como-la-pedagogia-de-emergencia-ayuda-a-las-misiones-humanitarias\/","name":"C\u00f3mo la pedagog\u00eda de emergencia ayuda a las Misiones Humanitarias - Fraternidade Miss\u00f5es Humanit\u00e1rias Internacionais","isPartOf":{"@id":"https:\/\/www.missoeshumanitarias.org\/es\/#website"},"primaryImageOfPage":{"@id":"https:\/\/www.missoeshumanitarias.org\/es\/como-la-pedagogia-de-emergencia-ayuda-a-las-misiones-humanitarias\/#primaryimage"},"image":{"@id":"https:\/\/www.missoeshumanitarias.org\/es\/como-la-pedagogia-de-emergencia-ayuda-a-las-misiones-humanitarias\/#primaryimage"},"thumbnailUrl":"https:\/\/www.missoeshumanitarias.org\/wp-content\/uploads\/2021\/08\/Pedagogia-de-Emergencia-FFHI-20.jpg","datePublished":"2020-08-25T21:04:01+00:00","dateModified":"2020-08-25T21:04:01+00:00","breadcrumb":{"@id":"https:\/\/www.missoeshumanitarias.org\/es\/como-la-pedagogia-de-emergencia-ayuda-a-las-misiones-humanitarias\/#breadcrumb"},"inLanguage":"es","potentialAction":[{"@type":"ReadAction","target":["https:\/\/www.missoeshumanitarias.org\/es\/como-la-pedagogia-de-emergencia-ayuda-a-las-misiones-humanitarias\/"]}]},{"@type":"ImageObject","inLanguage":"es","@id":"https:\/\/www.missoeshumanitarias.org\/es\/como-la-pedagogia-de-emergencia-ayuda-a-las-misiones-humanitarias\/#primaryimage","url":"https:\/\/www.missoeshumanitarias.org\/wp-content\/uploads\/2021\/08\/Pedagogia-de-Emergencia-FFHI-20.jpg","contentUrl":"https:\/\/www.missoeshumanitarias.org\/wp-content\/uploads\/2021\/08\/Pedagogia-de-Emergencia-FFHI-20.jpg","width":1280,"height":720},{"@type":"BreadcrumbList","@id":"https:\/\/www.missoeshumanitarias.org\/es\/como-la-pedagogia-de-emergencia-ayuda-a-las-misiones-humanitarias\/#breadcrumb","itemListElement":[{"@type":"ListItem","position":1,"name":"Home","item":"https:\/\/www.missoeshumanitarias.org\/en\/"},{"@type":"ListItem","position":2,"name":"C\u00f3mo la pedagog\u00eda de emergencia ayuda a las Misiones Humanitarias"}]},{"@type":"WebSite","@id":"https:\/\/www.missoeshumanitarias.org\/es\/#website","url":"https:\/\/www.missoeshumanitarias.org\/es\/","name":"Fraternidade Miss\u00f5es Humanit\u00e1rias Internacionais","description":"Respostas Humanit\u00e1rias e Emerg\u00eancias","publisher":{"@id":"https:\/\/www.missoeshumanitarias.org\/es\/#organization"},"potentialAction":[{"@type":"SearchAction","target":{"@type":"EntryPoint","urlTemplate":"https:\/\/www.missoeshumanitarias.org\/es\/?s={search_term_string}"},"query-input":"required name=search_term_string"}],"inLanguage":"es"},{"@type":"Organization","@id":"https:\/\/www.missoeshumanitarias.org\/es\/#organization","name":"Fraternidade - Miss\u00f5es Humanit\u00e1rias Internacionais","url":"https:\/\/www.missoeshumanitarias.org\/es\/","logo":{"@type":"ImageObject","inLanguage":"es","@id":"https:\/\/www.missoeshumanitarias.org\/es\/#\/schema\/logo\/image\/","url":"https:\/\/www.missoeshumanitarias.org\/wp-content\/uploads\/2020\/05\/logo-FMHI-mg.png","contentUrl":"https:\/\/www.missoeshumanitarias.org\/wp-content\/uploads\/2020\/05\/logo-FMHI-mg.png","width":520,"height":134,"caption":"Fraternidade - Miss\u00f5es Humanit\u00e1rias Internacionais"},"image":{"@id":"https:\/\/www.missoeshumanitarias.org\/es\/#\/schema\/logo\/image\/"}},{"@type":"Person","@id":"https:\/\/www.missoeshumanitarias.org\/es\/#\/schema\/person\/e0f8527323154d1eba9f9d9eb6b401f7","name":"maducato_admin","image":{"@type":"ImageObject","inLanguage":"es","@id":"https:\/\/www.missoeshumanitarias.org\/es\/#\/schema\/person\/image\/","url":"https:\/\/secure.gravatar.com\/avatar\/6c3b45186a8f5a459d8e14c7fca370bceae92402bc06171d75e4e559b6c24393?s=96&d=mm&r=g","contentUrl":"https:\/\/secure.gravatar.com\/avatar\/6c3b45186a8f5a459d8e14c7fca370bceae92402bc06171d75e4e559b6c24393?s=96&d=mm&r=g","caption":"maducato_admin"}}]}},"_links":{"self":[{"href":"https:\/\/www.missoeshumanitarias.org\/es\/wp-json\/wp\/v2\/posts\/132007","targetHints":{"allow":["GET"]}}],"collection":[{"href":"https:\/\/www.missoeshumanitarias.org\/es\/wp-json\/wp\/v2\/posts"}],"about":[{"href":"https:\/\/www.missoeshumanitarias.org\/es\/wp-json\/wp\/v2\/types\/post"}],"author":[{"embeddable":true,"href":"https:\/\/www.missoeshumanitarias.org\/es\/wp-json\/wp\/v2\/users\/1"}],"replies":[{"embeddable":true,"href":"https:\/\/www.missoeshumanitarias.org\/es\/wp-json\/wp\/v2\/comments?post=132007"}],"version-history":[{"count":0,"href":"https:\/\/www.missoeshumanitarias.org\/es\/wp-json\/wp\/v2\/posts\/132007\/revisions"}],"wp:featuredmedia":[{"embeddable":true,"href":"https:\/\/www.missoeshumanitarias.org\/es\/wp-json\/wp\/v2\/media\/129954"}],"wp:attachment":[{"href":"https:\/\/www.missoeshumanitarias.org\/es\/wp-json\/wp\/v2\/media?parent=132007"}],"wp:term":[{"taxonomy":"category","embeddable":true,"href":"https:\/\/www.missoeshumanitarias.org\/es\/wp-json\/wp\/v2\/categories?post=132007"},{"taxonomy":"post_tag","embeddable":true,"href":"https:\/\/www.missoeshumanitarias.org\/es\/wp-json\/wp\/v2\/tags?post=132007"}],"curies":[{"name":"wp","href":"https:\/\/api.w.org\/{rel}","templated":true}]}}