{"id":132016,"date":"2020-09-22T18:24:26","date_gmt":"2020-09-22T21:24:26","guid":{"rendered":"https:\/\/www.missoeshumanitarias.org\/renovacion-del-invernadero-gracias-a-las-manos-de-toda-la-comunidad\/"},"modified":"2020-09-22T18:24:26","modified_gmt":"2020-09-22T21:24:26","slug":"renovacion-del-invernadero-gracias-a-las-manos-de-toda-la-comunidad","status":"publish","type":"post","link":"https:\/\/www.missoeshumanitarias.org\/es\/renovacion-del-invernadero-gracias-a-las-manos-de-toda-la-comunidad\/","title":{"rendered":"Renovaci\u00f3n del invernadero gracias a las manos de toda la Comunidad"},"content":{"rendered":"<p style=\"text-align: justify;\">Despu\u00e9s de meses de trabajo grupal, el mayor invernadero que tiene la\u00a0<a href=\"https:\/\/www.fraternidadaurora.org\/comunidad-luz\" target=\"_blank\" rel=\"noopener noreferrer\">Comunidad-Luz Fraternidad de Aurora<\/a>\u00a0ha sido restaurado desde su base con la ayuda de todos los miembros y colaboradores. Esta estructura protege la mayor\u00eda de las hortalizas y frutos que sostienen a la Comunidad, y gracias a ella y a un esfuerzo diario de mantenimiento,es posible la autosustentabilidad.<\/p>\n<p><a href=\"https:\/\/www.missoeshumanitarias.org\/wp-content\/uploads\/2021\/08\/renivacao-estufa-cumunicada-luz-Aurora04.jpg\"><img fetchpriority=\"high\" decoding=\"async\" class=\"size-full wp-image-117953 aligncenter\" src=\"https:\/\/www.missoeshumanitarias.org\/wp-content\/uploads\/2021\/08\/renivacao-estufa-cumunicada-luz-Aurora04.jpg\" alt=\"Renova\u00e7\u00e3o Estufa Comunidade-Luz Aurora\" width=\"1000\" height=\"750\" \/><\/a><\/p>\n<p style=\"font-weight: 400; text-align: justify;\">Debido a los grandes cambios de temperatura y ciertas condiciones desfavorables que se dan en los campos de Uruguay, son necesarias estructuras cerradas que permitan el control de la temperatura, la humedad y otros factores ambientales para el buen desarrollo de las plantas.<\/p>\n<p style=\"font-weight: 400; text-align: justify;\">El invernadero m\u00e1s grande de la Comunidad, instalado en el \u00e1rea R2 desde hace varios a\u00f1os, ten\u00eda los pilares de madera colocados directamente en la tierra. Con el tiempo las bases comenzaron a pudrirse y el pl\u00e1stico del techo a estropearse, debido a los fuertes vientos y el sol, dando se\u00f1ales de la necesidad de renovaci\u00f3n.<\/p>\n<p style=\"font-weight: 400; text-align: justify;\">Fue as\u00ed como se tom\u00f3 la decisi\u00f3n de renovar la estructura por completo, colocando cemento en los huecos de los pilares y protegiendo la madera con un material llamado \u201chidroasfalto\u201d, para aumentar su durabilidad.<\/p>\n<p style=\"font-weight: 400; text-align: justify;\">Las maderas utilizadas fueron donadas por un vecino colaborador,quien necesitaba retirar los eucaliptus que pose\u00eda en su campo, ya que colocaban en riesgo su propiedad. Algunos de los miembros de Comunidad lo ayudaron en esta tarea, la cual llev\u00f3 varias semanas de intenso trabajo.<\/p>\n<p><a href=\"https:\/\/www.missoeshumanitarias.org\/wp-content\/uploads\/2021\/08\/renivacao-estufa-cumunicada-luz-Aurora02.jpg\"><img decoding=\"async\" class=\"size-full wp-image-117959 aligncenter\" src=\"https:\/\/www.missoeshumanitarias.org\/wp-content\/uploads\/2021\/08\/renivacao-estufa-cumunicada-luz-Aurora02.jpg\" alt=\"Renova\u00e7\u00e3o Estufa Comunidade-Luz Aurora\" width=\"1000\" height=\"667\" \/><\/a><\/p>\n<p style=\"font-weight: 400; text-align: justify;\">As\u00ed se consiguieron los cuarenta nuevos postes necesarios para la renovaci\u00f3n del invernadero.\u00a0<em>Tener que cortar un \u00e1rbol vivo, algo que creci\u00f3 hace muchos a\u00f1os, te pone delante de una situaci\u00f3n dif\u00edcil, pero en todo momento sent\u00ed mucha reverencia por el Reino Vegetal y sab\u00eda que se estaba ofertando para nuestro sustento. Vivir este proceso me gener\u00f3 mucha m\u00e1s gratitud por los Reinos de la Naturaleza<\/em>, dice Fray Akhbar, miembro del grupo de plant\u00edos que asumi\u00f3 la tarea de\u00a0 reconstrucci\u00f3n,con la ayuda de miembros de la Comunidad y colaboradores que dieron su apoyo.<\/p>\n<p style=\"font-weight: 400; text-align: justify;\">Las grandes maderas fueron cortadas a medida, descascaradas y tratadas para comenzar las bases del lugar. Esta tarea fue posible gracias al esfuerzo realizado en los trabajos grupales, llamados tambi\u00e9n \u201cmutiroes\u201d (trabajo grupal voluntario), en donde los integrantes de la Comunidad se re\u00fanen para realizar tareas en com\u00fan.<\/p>\n<p style=\"font-weight: 400; text-align: justify;\">Sin embargo, se presentaron varias dificultades que demoraron la tarea. En la \u00e9poca de lluvia, los huecos de las bases se llenaban de agua y las condiciones se hac\u00edan desfavorables para continuar.No obstante, con la ayuda de la energ\u00eda grupal se consegu\u00eda avanzar poco a poco. Adem\u00e1s los postes eran pesados y se tuvo que realizar un esfuerzo considerable para colocarlos,tarea que se realiz\u00f3 con\u00a0 cuerdas.<\/p>\n<p style=\"font-weight: 400; text-align: justify;\">Finalmente, luego de meses de trabajo semanal sujeto a las condiciones del ambiente, las bases se instalaron y debido a las grandes dimensiones del lugar, fue necesario contratar mano de obra especializada para la colocaci\u00f3n del pl\u00e1stico que recubre la estructura. Nos cuenta Fray Akhbar:\u00a0<em>Sent\u00ed que frente a los proyectos que deben realizarse en Aurora, este era uno muy peque\u00f1o; pero como Comunidad,nos prepar\u00f3 internamente a trav\u00e9s del trabajo grupal, del trabajo entre hermanos, para saber c\u00f3mo estar delante de lo que vendr\u00e1 en un futuro.<\/em><\/p>\n<p><a href=\"https:\/\/www.missoeshumanitarias.org\/wp-content\/uploads\/2021\/08\/renivacao-estufa-cumunicada-luz-Aurora03.jpg\"><img decoding=\"async\" class=\"size-full wp-image-117962 aligncenter\" src=\"https:\/\/www.missoeshumanitarias.org\/wp-content\/uploads\/2021\/08\/renivacao-estufa-cumunicada-luz-Aurora03.jpg\" alt=\"Renova\u00e7\u00e3o Estufa Comunidade-Luz Aurora\" width=\"1000\" height=\"750\" \/><\/a><\/p>\n<p style=\"font-weight: 400; text-align: justify;\">Con la estructura principal ya realizada, la Comunidad actualmente se dedica a la colocaci\u00f3n del sistema de riego y de una cerca para que no entren los animales, as\u00ed como a la reestructuraci\u00f3n de los canteros, debido a que en el proceso muchos fueron da\u00f1ados.<\/p>\n<p style=\"font-weight: 400; text-align: justify;\">Una vez que las condiciones dentro de la estructura sean favorables para plantar, ser\u00e1n colocados \u00e1rboles tropicales como papayas y bananos, dado que este ambiente permite que se genere un microclima y cierta protecci\u00f3n para su buen desarrollo. Adem\u00e1s, dentro de esta primera etapa, se sembrar\u00e1n tomates aprovechando la estaci\u00f3n primaveral, para servirse de sus frutos en el verano.<\/p>\n<p style=\"font-weight: 400; text-align: justify;\">Levantar una buena estructura que protegiera el sustento de la Comunidad fue un gran desaf\u00edo, que se consigui\u00f3 gracias a las manos de todos los servidores que trabajan d\u00eda a d\u00eda en fraternidad,y refuerza el ejemplo de que si estamos unidos en el mismo Prop\u00f3sito, es posible llevar adelante cualquier meta, tanto material, como espiritual.<\/p>\n<p style=\"font-weight: 400; text-align: justify;\">Concluye Fray Akhbar:\u00a0<em>Todos sentimos una energ\u00eda muy especial; todos los que participaron, que vivieron y aportaron en este trabajo desde el principio, consiguieron sentir algo Mayor en el esfuerzo de la Comunidad por la autosustentabilidad y el bien com\u00fan.<\/em><\/p>\n<p><a href=\"https:\/\/www.missoeshumanitarias.org\/wp-content\/uploads\/2021\/08\/renivacao-estufa-cumunicada-luz-Aurora01.jpg\"><img loading=\"lazy\" decoding=\"async\" class=\"size-full wp-image-117956 aligncenter\" src=\"https:\/\/www.missoeshumanitarias.org\/wp-content\/uploads\/2021\/08\/renivacao-estufa-cumunicada-luz-Aurora01.jpg\" alt=\"Renova\u00e7\u00e3o Estufa Comunidade-Luz Aurora\" width=\"1000\" height=\"563\" \/><\/a><\/p>\n<p style=\"text-align: justify;\"><i><span lang=\"ES-AR\">*Aclaraci\u00f3n: Todas las personas de las fotos conviven en la Comunidad desde el per\u00edodo anterior a la pandemia. La Comunidad no se encuentra en contacto con el p\u00fablico y no posee casos de COVID, por lo tanto estaban sin m\u00e1scaras. Actualmente, a pesar de no haber casos, se est\u00e1 implementando el criterio de utilizar m\u00e1scaras para mayor protecci\u00f3n.<\/span><\/i><\/p>\n","protected":false},"excerpt":{"rendered":"<p>Despu\u00e9s de meses de trabajo grupal, el mayor invernadero que tiene la\u00a0Comunidad-Luz Fraternidad de Aurora\u00a0ha sido restaurado desde su base con la ayuda de todos los miembros y colaboradores. Esta estructura protege la mayor\u00eda de las hortalizas y frutos que sostienen a la Comunidad, y gracias a ella y a un esfuerzo diario de mantenimiento,es [&hellip;]<\/p>\n","protected":false},"author":1,"featured_media":130144,"comment_status":"open","ping_status":"open","sticky":false,"template":"","format":"standard","meta":{"footnotes":""},"categories":[43,131],"tags":[],"class_list":["post-132016","post","type-post","status-publish","format-standard","has-post-thumbnail","hentry","category-noticias-es","category-noticias-de-las-misiones"],"featured_image_src":"https:\/\/www.missoeshumanitarias.org\/wp-content\/uploads\/2021\/08\/renivacao-estufa-cumunicada-luz-Aurora04.jpg","author_info":{"display_name":"maducato_admin","author_link":"https:\/\/www.missoeshumanitarias.org\/es\/author\/maducato_admin\/"},"yoast_head":"<!-- This site is optimized with the Yoast SEO Premium plugin v22.5 (Yoast SEO v22.5) - https:\/\/yoast.com\/wordpress\/plugins\/seo\/ -->\n<title>Renovaci\u00f3n del invernadero gracias a las manos de toda la Comunidad - Fraternidade Miss\u00f5es Humanit\u00e1rias Internacionais<\/title>\n<meta name=\"robots\" content=\"index, follow, max-snippet:-1, max-image-preview:large, max-video-preview:-1\" \/>\n<link rel=\"canonical\" href=\"https:\/\/www.missoeshumanitarias.org\/es\/renovacion-del-invernadero-gracias-a-las-manos-de-toda-la-comunidad\/\" \/>\n<meta property=\"og:locale\" content=\"es_ES\" \/>\n<meta property=\"og:type\" content=\"article\" \/>\n<meta property=\"og:title\" content=\"Renovaci\u00f3n del invernadero gracias a las manos de toda la Comunidad\" \/>\n<meta property=\"og:description\" content=\"Despu\u00e9s de meses de trabajo grupal, el mayor invernadero que tiene la\u00a0Comunidad-Luz Fraternidad de Aurora\u00a0ha sido restaurado desde su base con la ayuda de todos los miembros y colaboradores. Esta estructura protege la mayor\u00eda de las hortalizas y frutos que sostienen a la Comunidad, y gracias a ella y a un esfuerzo diario de mantenimiento,es [&hellip;]\" \/>\n<meta property=\"og:url\" content=\"https:\/\/www.missoeshumanitarias.org\/es\/renovacion-del-invernadero-gracias-a-las-manos-de-toda-la-comunidad\/\" \/>\n<meta property=\"og:site_name\" content=\"Fraternidade Miss\u00f5es Humanit\u00e1rias Internacionais\" \/>\n<meta property=\"article:published_time\" content=\"2020-09-22T21:24:26+00:00\" \/>\n<meta property=\"og:image\" content=\"https:\/\/www.missoeshumanitarias.org\/wp-content\/uploads\/2021\/08\/renivacao-estufa-cumunicada-luz-Aurora04.jpg\" \/>\n\t<meta property=\"og:image:width\" content=\"1000\" \/>\n\t<meta property=\"og:image:height\" content=\"750\" \/>\n\t<meta property=\"og:image:type\" content=\"image\/jpeg\" \/>\n<meta name=\"author\" content=\"maducato_admin\" \/>\n<meta name=\"twitter:card\" content=\"summary_large_image\" \/>\n<meta name=\"twitter:label1\" content=\"Escrito por\" \/>\n\t<meta name=\"twitter:data1\" content=\"maducato_admin\" \/>\n\t<meta name=\"twitter:label2\" content=\"Tiempo de lectura\" \/>\n\t<meta name=\"twitter:data2\" content=\"4 minutos\" \/>\n<script type=\"application\/ld+json\" class=\"yoast-schema-graph\">{\"@context\":\"https:\/\/schema.org\",\"@graph\":[{\"@type\":\"Article\",\"@id\":\"https:\/\/www.missoeshumanitarias.org\/es\/renovacion-del-invernadero-gracias-a-las-manos-de-toda-la-comunidad\/#article\",\"isPartOf\":{\"@id\":\"https:\/\/www.missoeshumanitarias.org\/es\/renovacion-del-invernadero-gracias-a-las-manos-de-toda-la-comunidad\/\"},\"author\":{\"name\":\"maducato_admin\",\"@id\":\"https:\/\/www.missoeshumanitarias.org\/es\/#\/schema\/person\/e0f8527323154d1eba9f9d9eb6b401f7\"},\"headline\":\"Renovaci\u00f3n del invernadero gracias a las manos de toda la Comunidad\",\"datePublished\":\"2020-09-22T21:24:26+00:00\",\"dateModified\":\"2020-09-22T21:24:26+00:00\",\"mainEntityOfPage\":{\"@id\":\"https:\/\/www.missoeshumanitarias.org\/es\/renovacion-del-invernadero-gracias-a-las-manos-de-toda-la-comunidad\/\"},\"wordCount\":857,\"commentCount\":0,\"publisher\":{\"@id\":\"https:\/\/www.missoeshumanitarias.org\/es\/#organization\"},\"image\":{\"@id\":\"https:\/\/www.missoeshumanitarias.org\/es\/renovacion-del-invernadero-gracias-a-las-manos-de-toda-la-comunidad\/#primaryimage\"},\"thumbnailUrl\":\"https:\/\/www.missoeshumanitarias.org\/wp-content\/uploads\/2021\/08\/renivacao-estufa-cumunicada-luz-Aurora04.jpg\",\"articleSection\":[\"Noticias\",\"Noticias de las Misiones\"],\"inLanguage\":\"es\",\"potentialAction\":[{\"@type\":\"CommentAction\",\"name\":\"Comment\",\"target\":[\"https:\/\/www.missoeshumanitarias.org\/es\/renovacion-del-invernadero-gracias-a-las-manos-de-toda-la-comunidad\/#respond\"]}]},{\"@type\":\"WebPage\",\"@id\":\"https:\/\/www.missoeshumanitarias.org\/es\/renovacion-del-invernadero-gracias-a-las-manos-de-toda-la-comunidad\/\",\"url\":\"https:\/\/www.missoeshumanitarias.org\/es\/renovacion-del-invernadero-gracias-a-las-manos-de-toda-la-comunidad\/\",\"name\":\"Renovaci\u00f3n del invernadero gracias a las manos de toda la Comunidad - Fraternidade Miss\u00f5es Humanit\u00e1rias Internacionais\",\"isPartOf\":{\"@id\":\"https:\/\/www.missoeshumanitarias.org\/es\/#website\"},\"primaryImageOfPage\":{\"@id\":\"https:\/\/www.missoeshumanitarias.org\/es\/renovacion-del-invernadero-gracias-a-las-manos-de-toda-la-comunidad\/#primaryimage\"},\"image\":{\"@id\":\"https:\/\/www.missoeshumanitarias.org\/es\/renovacion-del-invernadero-gracias-a-las-manos-de-toda-la-comunidad\/#primaryimage\"},\"thumbnailUrl\":\"https:\/\/www.missoeshumanitarias.org\/wp-content\/uploads\/2021\/08\/renivacao-estufa-cumunicada-luz-Aurora04.jpg\",\"datePublished\":\"2020-09-22T21:24:26+00:00\",\"dateModified\":\"2020-09-22T21:24:26+00:00\",\"breadcrumb\":{\"@id\":\"https:\/\/www.missoeshumanitarias.org\/es\/renovacion-del-invernadero-gracias-a-las-manos-de-toda-la-comunidad\/#breadcrumb\"},\"inLanguage\":\"es\",\"potentialAction\":[{\"@type\":\"ReadAction\",\"target\":[\"https:\/\/www.missoeshumanitarias.org\/es\/renovacion-del-invernadero-gracias-a-las-manos-de-toda-la-comunidad\/\"]}]},{\"@type\":\"ImageObject\",\"inLanguage\":\"es\",\"@id\":\"https:\/\/www.missoeshumanitarias.org\/es\/renovacion-del-invernadero-gracias-a-las-manos-de-toda-la-comunidad\/#primaryimage\",\"url\":\"https:\/\/www.missoeshumanitarias.org\/wp-content\/uploads\/2021\/08\/renivacao-estufa-cumunicada-luz-Aurora04.jpg\",\"contentUrl\":\"https:\/\/www.missoeshumanitarias.org\/wp-content\/uploads\/2021\/08\/renivacao-estufa-cumunicada-luz-Aurora04.jpg\",\"width\":1000,\"height\":750},{\"@type\":\"BreadcrumbList\",\"@id\":\"https:\/\/www.missoeshumanitarias.org\/es\/renovacion-del-invernadero-gracias-a-las-manos-de-toda-la-comunidad\/#breadcrumb\",\"itemListElement\":[{\"@type\":\"ListItem\",\"position\":1,\"name\":\"Home\",\"item\":\"https:\/\/www.missoeshumanitarias.org\/en\/\"},{\"@type\":\"ListItem\",\"position\":2,\"name\":\"Renovaci\u00f3n del invernadero gracias a las manos de toda la Comunidad\"}]},{\"@type\":\"WebSite\",\"@id\":\"https:\/\/www.missoeshumanitarias.org\/es\/#website\",\"url\":\"https:\/\/www.missoeshumanitarias.org\/es\/\",\"name\":\"Fraternidade Miss\u00f5es Humanit\u00e1rias Internacionais\",\"description\":\"Respostas Humanit\u00e1rias e Emerg\u00eancias\",\"publisher\":{\"@id\":\"https:\/\/www.missoeshumanitarias.org\/es\/#organization\"},\"potentialAction\":[{\"@type\":\"SearchAction\",\"target\":{\"@type\":\"EntryPoint\",\"urlTemplate\":\"https:\/\/www.missoeshumanitarias.org\/es\/?s={search_term_string}\"},\"query-input\":\"required name=search_term_string\"}],\"inLanguage\":\"es\"},{\"@type\":\"Organization\",\"@id\":\"https:\/\/www.missoeshumanitarias.org\/es\/#organization\",\"name\":\"Fraternidade - Miss\u00f5es Humanit\u00e1rias Internacionais\",\"url\":\"https:\/\/www.missoeshumanitarias.org\/es\/\",\"logo\":{\"@type\":\"ImageObject\",\"inLanguage\":\"es\",\"@id\":\"https:\/\/www.missoeshumanitarias.org\/es\/#\/schema\/logo\/image\/\",\"url\":\"https:\/\/www.missoeshumanitarias.org\/wp-content\/uploads\/2020\/05\/logo-FMHI-mg.png\",\"contentUrl\":\"https:\/\/www.missoeshumanitarias.org\/wp-content\/uploads\/2020\/05\/logo-FMHI-mg.png\",\"width\":520,\"height\":134,\"caption\":\"Fraternidade - Miss\u00f5es Humanit\u00e1rias Internacionais\"},\"image\":{\"@id\":\"https:\/\/www.missoeshumanitarias.org\/es\/#\/schema\/logo\/image\/\"}},{\"@type\":\"Person\",\"@id\":\"https:\/\/www.missoeshumanitarias.org\/es\/#\/schema\/person\/e0f8527323154d1eba9f9d9eb6b401f7\",\"name\":\"maducato_admin\",\"image\":{\"@type\":\"ImageObject\",\"inLanguage\":\"es\",\"@id\":\"https:\/\/www.missoeshumanitarias.org\/es\/#\/schema\/person\/image\/\",\"url\":\"https:\/\/secure.gravatar.com\/avatar\/6c3b45186a8f5a459d8e14c7fca370bceae92402bc06171d75e4e559b6c24393?s=96&d=mm&r=g\",\"contentUrl\":\"https:\/\/secure.gravatar.com\/avatar\/6c3b45186a8f5a459d8e14c7fca370bceae92402bc06171d75e4e559b6c24393?s=96&d=mm&r=g\",\"caption\":\"maducato_admin\"}}]}<\/script>\n<!-- \/ Yoast SEO Premium plugin. -->","yoast_head_json":{"title":"Renovaci\u00f3n del invernadero gracias a las manos de toda la Comunidad - Fraternidade Miss\u00f5es Humanit\u00e1rias Internacionais","robots":{"index":"index","follow":"follow","max-snippet":"max-snippet:-1","max-image-preview":"max-image-preview:large","max-video-preview":"max-video-preview:-1"},"canonical":"https:\/\/www.missoeshumanitarias.org\/es\/renovacion-del-invernadero-gracias-a-las-manos-de-toda-la-comunidad\/","og_locale":"es_ES","og_type":"article","og_title":"Renovaci\u00f3n del invernadero gracias a las manos de toda la Comunidad","og_description":"Despu\u00e9s de meses de trabajo grupal, el mayor invernadero que tiene la\u00a0Comunidad-Luz Fraternidad de Aurora\u00a0ha sido restaurado desde su base con la ayuda de todos los miembros y colaboradores. Esta estructura protege la mayor\u00eda de las hortalizas y frutos que sostienen a la Comunidad, y gracias a ella y a un esfuerzo diario de mantenimiento,es [&hellip;]","og_url":"https:\/\/www.missoeshumanitarias.org\/es\/renovacion-del-invernadero-gracias-a-las-manos-de-toda-la-comunidad\/","og_site_name":"Fraternidade Miss\u00f5es Humanit\u00e1rias Internacionais","article_published_time":"2020-09-22T21:24:26+00:00","og_image":[{"width":1000,"height":750,"url":"https:\/\/www.missoeshumanitarias.org\/wp-content\/uploads\/2021\/08\/renivacao-estufa-cumunicada-luz-Aurora04.jpg","type":"image\/jpeg"}],"author":"maducato_admin","twitter_card":"summary_large_image","twitter_misc":{"Escrito por":"maducato_admin","Tiempo de lectura":"4 minutos"},"schema":{"@context":"https:\/\/schema.org","@graph":[{"@type":"Article","@id":"https:\/\/www.missoeshumanitarias.org\/es\/renovacion-del-invernadero-gracias-a-las-manos-de-toda-la-comunidad\/#article","isPartOf":{"@id":"https:\/\/www.missoeshumanitarias.org\/es\/renovacion-del-invernadero-gracias-a-las-manos-de-toda-la-comunidad\/"},"author":{"name":"maducato_admin","@id":"https:\/\/www.missoeshumanitarias.org\/es\/#\/schema\/person\/e0f8527323154d1eba9f9d9eb6b401f7"},"headline":"Renovaci\u00f3n del invernadero gracias a las manos de toda la Comunidad","datePublished":"2020-09-22T21:24:26+00:00","dateModified":"2020-09-22T21:24:26+00:00","mainEntityOfPage":{"@id":"https:\/\/www.missoeshumanitarias.org\/es\/renovacion-del-invernadero-gracias-a-las-manos-de-toda-la-comunidad\/"},"wordCount":857,"commentCount":0,"publisher":{"@id":"https:\/\/www.missoeshumanitarias.org\/es\/#organization"},"image":{"@id":"https:\/\/www.missoeshumanitarias.org\/es\/renovacion-del-invernadero-gracias-a-las-manos-de-toda-la-comunidad\/#primaryimage"},"thumbnailUrl":"https:\/\/www.missoeshumanitarias.org\/wp-content\/uploads\/2021\/08\/renivacao-estufa-cumunicada-luz-Aurora04.jpg","articleSection":["Noticias","Noticias de las Misiones"],"inLanguage":"es","potentialAction":[{"@type":"CommentAction","name":"Comment","target":["https:\/\/www.missoeshumanitarias.org\/es\/renovacion-del-invernadero-gracias-a-las-manos-de-toda-la-comunidad\/#respond"]}]},{"@type":"WebPage","@id":"https:\/\/www.missoeshumanitarias.org\/es\/renovacion-del-invernadero-gracias-a-las-manos-de-toda-la-comunidad\/","url":"https:\/\/www.missoeshumanitarias.org\/es\/renovacion-del-invernadero-gracias-a-las-manos-de-toda-la-comunidad\/","name":"Renovaci\u00f3n del invernadero gracias a las manos de toda la Comunidad - Fraternidade Miss\u00f5es Humanit\u00e1rias Internacionais","isPartOf":{"@id":"https:\/\/www.missoeshumanitarias.org\/es\/#website"},"primaryImageOfPage":{"@id":"https:\/\/www.missoeshumanitarias.org\/es\/renovacion-del-invernadero-gracias-a-las-manos-de-toda-la-comunidad\/#primaryimage"},"image":{"@id":"https:\/\/www.missoeshumanitarias.org\/es\/renovacion-del-invernadero-gracias-a-las-manos-de-toda-la-comunidad\/#primaryimage"},"thumbnailUrl":"https:\/\/www.missoeshumanitarias.org\/wp-content\/uploads\/2021\/08\/renivacao-estufa-cumunicada-luz-Aurora04.jpg","datePublished":"2020-09-22T21:24:26+00:00","dateModified":"2020-09-22T21:24:26+00:00","breadcrumb":{"@id":"https:\/\/www.missoeshumanitarias.org\/es\/renovacion-del-invernadero-gracias-a-las-manos-de-toda-la-comunidad\/#breadcrumb"},"inLanguage":"es","potentialAction":[{"@type":"ReadAction","target":["https:\/\/www.missoeshumanitarias.org\/es\/renovacion-del-invernadero-gracias-a-las-manos-de-toda-la-comunidad\/"]}]},{"@type":"ImageObject","inLanguage":"es","@id":"https:\/\/www.missoeshumanitarias.org\/es\/renovacion-del-invernadero-gracias-a-las-manos-de-toda-la-comunidad\/#primaryimage","url":"https:\/\/www.missoeshumanitarias.org\/wp-content\/uploads\/2021\/08\/renivacao-estufa-cumunicada-luz-Aurora04.jpg","contentUrl":"https:\/\/www.missoeshumanitarias.org\/wp-content\/uploads\/2021\/08\/renivacao-estufa-cumunicada-luz-Aurora04.jpg","width":1000,"height":750},{"@type":"BreadcrumbList","@id":"https:\/\/www.missoeshumanitarias.org\/es\/renovacion-del-invernadero-gracias-a-las-manos-de-toda-la-comunidad\/#breadcrumb","itemListElement":[{"@type":"ListItem","position":1,"name":"Home","item":"https:\/\/www.missoeshumanitarias.org\/en\/"},{"@type":"ListItem","position":2,"name":"Renovaci\u00f3n del invernadero gracias a las manos de toda la Comunidad"}]},{"@type":"WebSite","@id":"https:\/\/www.missoeshumanitarias.org\/es\/#website","url":"https:\/\/www.missoeshumanitarias.org\/es\/","name":"Fraternidade Miss\u00f5es Humanit\u00e1rias Internacionais","description":"Respostas Humanit\u00e1rias e Emerg\u00eancias","publisher":{"@id":"https:\/\/www.missoeshumanitarias.org\/es\/#organization"},"potentialAction":[{"@type":"SearchAction","target":{"@type":"EntryPoint","urlTemplate":"https:\/\/www.missoeshumanitarias.org\/es\/?s={search_term_string}"},"query-input":"required name=search_term_string"}],"inLanguage":"es"},{"@type":"Organization","@id":"https:\/\/www.missoeshumanitarias.org\/es\/#organization","name":"Fraternidade - Miss\u00f5es Humanit\u00e1rias Internacionais","url":"https:\/\/www.missoeshumanitarias.org\/es\/","logo":{"@type":"ImageObject","inLanguage":"es","@id":"https:\/\/www.missoeshumanitarias.org\/es\/#\/schema\/logo\/image\/","url":"https:\/\/www.missoeshumanitarias.org\/wp-content\/uploads\/2020\/05\/logo-FMHI-mg.png","contentUrl":"https:\/\/www.missoeshumanitarias.org\/wp-content\/uploads\/2020\/05\/logo-FMHI-mg.png","width":520,"height":134,"caption":"Fraternidade - Miss\u00f5es Humanit\u00e1rias Internacionais"},"image":{"@id":"https:\/\/www.missoeshumanitarias.org\/es\/#\/schema\/logo\/image\/"}},{"@type":"Person","@id":"https:\/\/www.missoeshumanitarias.org\/es\/#\/schema\/person\/e0f8527323154d1eba9f9d9eb6b401f7","name":"maducato_admin","image":{"@type":"ImageObject","inLanguage":"es","@id":"https:\/\/www.missoeshumanitarias.org\/es\/#\/schema\/person\/image\/","url":"https:\/\/secure.gravatar.com\/avatar\/6c3b45186a8f5a459d8e14c7fca370bceae92402bc06171d75e4e559b6c24393?s=96&d=mm&r=g","contentUrl":"https:\/\/secure.gravatar.com\/avatar\/6c3b45186a8f5a459d8e14c7fca370bceae92402bc06171d75e4e559b6c24393?s=96&d=mm&r=g","caption":"maducato_admin"}}]}},"_links":{"self":[{"href":"https:\/\/www.missoeshumanitarias.org\/es\/wp-json\/wp\/v2\/posts\/132016","targetHints":{"allow":["GET"]}}],"collection":[{"href":"https:\/\/www.missoeshumanitarias.org\/es\/wp-json\/wp\/v2\/posts"}],"about":[{"href":"https:\/\/www.missoeshumanitarias.org\/es\/wp-json\/wp\/v2\/types\/post"}],"author":[{"embeddable":true,"href":"https:\/\/www.missoeshumanitarias.org\/es\/wp-json\/wp\/v2\/users\/1"}],"replies":[{"embeddable":true,"href":"https:\/\/www.missoeshumanitarias.org\/es\/wp-json\/wp\/v2\/comments?post=132016"}],"version-history":[{"count":0,"href":"https:\/\/www.missoeshumanitarias.org\/es\/wp-json\/wp\/v2\/posts\/132016\/revisions"}],"wp:featuredmedia":[{"embeddable":true,"href":"https:\/\/www.missoeshumanitarias.org\/es\/wp-json\/wp\/v2\/media\/130144"}],"wp:attachment":[{"href":"https:\/\/www.missoeshumanitarias.org\/es\/wp-json\/wp\/v2\/media?parent=132016"}],"wp:term":[{"taxonomy":"category","embeddable":true,"href":"https:\/\/www.missoeshumanitarias.org\/es\/wp-json\/wp\/v2\/categories?post=132016"},{"taxonomy":"post_tag","embeddable":true,"href":"https:\/\/www.missoeshumanitarias.org\/es\/wp-json\/wp\/v2\/tags?post=132016"}],"curies":[{"name":"wp","href":"https:\/\/api.w.org\/{rel}","templated":true}]}}