{"id":132021,"date":"2020-10-06T12:14:07","date_gmt":"2020-10-06T15:14:07","guid":{"rendered":"https:\/\/www.missoeshumanitarias.org\/la-fraternidad-y-el-derecho-a-la-informacion\/"},"modified":"2020-10-06T12:14:07","modified_gmt":"2020-10-06T15:14:07","slug":"la-fraternidad-y-el-derecho-a-la-informacion","status":"publish","type":"post","link":"https:\/\/www.missoeshumanitarias.org\/es\/la-fraternidad-y-el-derecho-a-la-informacion\/","title":{"rendered":"La Fraternidad y el Derecho a la Informaci\u00f3n"},"content":{"rendered":"<p style=\"font-weight: 400; text-align: justify;\">El 28 de septiembre se conmemora el D\u00eda Internacional del Acceso Universal a la Informaci\u00f3n. Este a\u00f1o, la celebraci\u00f3n se centrar\u00e1 en el derecho a la informaci\u00f3n en tiempos de crisis y las ventajas de contar con garant\u00edas constitucionales, estatutarias y pol\u00edticas de acceso p\u00fablico a la informaci\u00f3n, para salvar vidas, construir confianza y ayudar en la formulaci\u00f3n de pol\u00edticas sostenibles por medio y m\u00e1s all\u00e1 de la crisis del covid-19.<\/p>\n<p style=\"font-weight: 400; text-align: justify;\">Dentro de los albergues gestionados por la\u00a0<a href=\"https:\/\/www.fraterinternacional.org\/es\/\">Fraternidad -Federaci\u00f3n Humanitaria Internacional (FFHI)\u00a0<\/a>en alianza con el\u00a0<a href=\"https:\/\/www.acnur.org\/americas.html\">Alto Comisionado de las Naciones Unidas para los Refugiados (ACNUR)<\/a>, la Comunicaci\u00f3n brinda un servicio necesario para el buen funcionamiento de los servicios a los refugiados venezolanos que viven en estos albergues, que hoy suman m\u00e1s de dos mil personas.<\/p>\n<div id='gallery-1' class='gallery galleryid-132021 gallery-columns-2 gallery-size-large'><figure class='gallery-item'>\n\t\t\t<div class='gallery-icon landscape'>\n\t\t\t\t<a href='https:\/\/www.missoeshumanitarias.org\/wp-content\/uploads\/2021\/08\/Curso-de-fotografia-Acesso-a-Informacao-FFHI-1.jpg'><img fetchpriority=\"high\" decoding=\"async\" width=\"800\" height=\"533\" src=\"https:\/\/www.missoeshumanitarias.org\/wp-content\/uploads\/2021\/08\/Curso-de-fotografia-Acesso-a-Informacao-FFHI-1.jpg\" class=\"attachment-large size-large\" alt=\"Fraternidade e o Direito \u00e0 Informa\u00e7\u00e3o\" srcset=\"https:\/\/www.missoeshumanitarias.org\/wp-content\/uploads\/2021\/08\/Curso-de-fotografia-Acesso-a-Informacao-FFHI-1.jpg 900w, https:\/\/www.missoeshumanitarias.org\/wp-content\/uploads\/2021\/08\/Curso-de-fotografia-Acesso-a-Informacao-FFHI-1-300x200.jpg 300w, https:\/\/www.missoeshumanitarias.org\/wp-content\/uploads\/2021\/08\/Curso-de-fotografia-Acesso-a-Informacao-FFHI-1-768x512.jpg 768w\" sizes=\"(max-width: 800px) 100vw, 800px\" \/><\/a>\n\t\t\t<\/div><\/figure><figure class='gallery-item'>\n\t\t\t<div class='gallery-icon landscape'>\n\t\t\t\t<a href='https:\/\/www.missoeshumanitarias.org\/wp-content\/uploads\/2021\/08\/Radio-Warao-Missao-Roraima-FFHI-3.jpg'><img decoding=\"async\" width=\"800\" height=\"533\" src=\"https:\/\/www.missoeshumanitarias.org\/wp-content\/uploads\/2021\/08\/Radio-Warao-Missao-Roraima-FFHI-3.jpg\" class=\"attachment-large size-large\" alt=\"Fraternidade e o Direito \u00e0 Informa\u00e7\u00e3o\" srcset=\"https:\/\/www.missoeshumanitarias.org\/wp-content\/uploads\/2021\/08\/Radio-Warao-Missao-Roraima-FFHI-3.jpg 900w, https:\/\/www.missoeshumanitarias.org\/wp-content\/uploads\/2021\/08\/Radio-Warao-Missao-Roraima-FFHI-3-300x200.jpg 300w, https:\/\/www.missoeshumanitarias.org\/wp-content\/uploads\/2021\/08\/Radio-Warao-Missao-Roraima-FFHI-3-768x512.jpg 768w\" sizes=\"(max-width: 800px) 100vw, 800px\" \/><\/a>\n\t\t\t<\/div><\/figure>\n\t\t<\/div>\n\n<h3 style=\"text-align: justify;\"><b>Crisis sanitaria y comunicaci\u00f3n<\/b><\/h3>\n<p style=\"font-weight: 400; text-align: justify;\">Los derechos humanos son interdependientes y est\u00e1n interrelacionados. En la pandemia del nuevo coronavirus (covid-19), por ejemplo, el derecho de ir y venir se limit\u00f3 para mantener el derecho a la salud. Sin embargo, para que esto suceda, es fundamental mantener el derecho a la informaci\u00f3n.<\/p>\n<p style=\"font-weight: 400; text-align: justify;\">El derecho a la comunicaci\u00f3n, que incluye el acceso a la informaci\u00f3n y a los medios para producir la comunicaci\u00f3n, es una garant\u00eda para que el individuo participe activamente en los debates en la esfera p\u00fablica y en la sociedad civil.<\/p>\n<p style=\"font-weight: 400; text-align: justify;\">La necesidad de comprender los acontecimientos para planificar y proyectar un futuro frente a una situaci\u00f3n de crisis es independiente de la pandemia, pero esta la agrav\u00f3.<\/p>\n<p style=\"font-weight: 400; text-align: justify;\">La informaci\u00f3n juega algunos roles esenciales en una crisis de salud, especialmente en el contexto de una respuesta humanitaria. Los refugiados ind\u00edgenas del pa\u00eds vecino -de las etnias Warao y E&#8217;\u00f1epa- tienen dificultades, por ejemplo, para hacerse entender en la atenci\u00f3n m\u00e9dica. Por este motivo, la\u00a0<a href=\"https:\/\/www.fraterinternacional.org\/es\/\">Fraternidad &#8211; Humanitaria (FFHI)<\/a>\u00a0prepar\u00f3, junto con algunos miembros de las etnias, un folleto pol\u00edglota en sus idiomas, en portugu\u00e9s y en espa\u00f1ol.<\/p>\n<div id='gallery-2' class='gallery galleryid-132021 gallery-columns-2 gallery-size-large'><figure class='gallery-item'>\n\t\t\t<div class='gallery-icon landscape'>\n\t\t\t\t<a href='https:\/\/www.missoeshumanitarias.org\/wp-content\/uploads\/2021\/08\/CARTILHA-MULTILINGUE-REFUGIADOS-WARAO-E_NEPA-FFHI-1-1.jpg'><img decoding=\"async\" width=\"800\" height=\"534\" src=\"https:\/\/www.missoeshumanitarias.org\/wp-content\/uploads\/2021\/08\/CARTILHA-MULTILINGUE-REFUGIADOS-WARAO-E_NEPA-FFHI-1-1.jpg\" class=\"attachment-large size-large\" alt=\"Fraternidade e o Direito \u00e0 Informa\u00e7\u00e3o\" srcset=\"https:\/\/www.missoeshumanitarias.org\/wp-content\/uploads\/2021\/08\/CARTILHA-MULTILINGUE-REFUGIADOS-WARAO-E_NEPA-FFHI-1-1.jpg 1000w, https:\/\/www.missoeshumanitarias.org\/wp-content\/uploads\/2021\/08\/CARTILHA-MULTILINGUE-REFUGIADOS-WARAO-E_NEPA-FFHI-1-1-300x200.jpg 300w, https:\/\/www.missoeshumanitarias.org\/wp-content\/uploads\/2021\/08\/CARTILHA-MULTILINGUE-REFUGIADOS-WARAO-E_NEPA-FFHI-1-1-768x512.jpg 768w\" sizes=\"(max-width: 800px) 100vw, 800px\" \/><\/a>\n\t\t\t<\/div><\/figure><figure class='gallery-item'>\n\t\t\t<div class='gallery-icon landscape'>\n\t\t\t\t<a href='https:\/\/www.missoeshumanitarias.org\/wp-content\/uploads\/2021\/08\/ENTREGA-CARTILHA-MULTILINGUE-REFUGIADOS-WARAO-E_NEPA-FFHI-1-1.jpg'><img loading=\"lazy\" decoding=\"async\" width=\"800\" height=\"534\" src=\"https:\/\/www.missoeshumanitarias.org\/wp-content\/uploads\/2021\/08\/ENTREGA-CARTILHA-MULTILINGUE-REFUGIADOS-WARAO-E_NEPA-FFHI-1-1.jpg\" class=\"attachment-large size-large\" alt=\"Fraternidade e o Direito \u00e0 Informa\u00e7\u00e3o\" srcset=\"https:\/\/www.missoeshumanitarias.org\/wp-content\/uploads\/2021\/08\/ENTREGA-CARTILHA-MULTILINGUE-REFUGIADOS-WARAO-E_NEPA-FFHI-1-1.jpg 1000w, https:\/\/www.missoeshumanitarias.org\/wp-content\/uploads\/2021\/08\/ENTREGA-CARTILHA-MULTILINGUE-REFUGIADOS-WARAO-E_NEPA-FFHI-1-1-300x200.jpg 300w, https:\/\/www.missoeshumanitarias.org\/wp-content\/uploads\/2021\/08\/ENTREGA-CARTILHA-MULTILINGUE-REFUGIADOS-WARAO-E_NEPA-FFHI-1-1-768x512.jpg 768w\" sizes=\"(max-width: 800px) 100vw, 800px\" \/><\/a>\n\t\t\t<\/div><\/figure>\n\t\t<\/div>\n\n<h3 style=\"text-align: justify;\"><\/h3>\n<figure id=\"attachment_118087\" aria-describedby=\"caption-attachment-118087\" style=\"width: 300px\" class=\"wp-caption alignleft\"><a href=\"https:\/\/www.fraterinternacional.org\/wp-content\/uploads\/2020\/09\/Jornal-Indigenas-refugiados-Warao-E_nepa-FFHI-1.png\"><img loading=\"lazy\" decoding=\"async\" class=\"wp-image-118087 size-medium\" src=\"https:\/\/www.missoeshumanitarias.org\/wp-content\/uploads\/2021\/08\/Jornal-Indigenas-refugiados-Warao-E_nepa-FFHI-1-300x231-1.png\" alt=\"Fraternidade e o Direito \u00e0 Informa\u00e7\u00e3o\" width=\"300\" height=\"231\" \/><\/a><figcaption id=\"caption-attachment-118087\" class=\"wp-caption-text\">Portada del peri\u00f3dico elaborado por los ind\u00edgenas Warao y E\u2019\u00f1epa<\/figcaption><\/figure>\n<p style=\"font-weight: 400; text-align: justify;\">La comunicaci\u00f3n es una necesidad humana que se destaca en cualquier grupo organizado. Para facilitar la difusi\u00f3n de la informaci\u00f3n sobre las actividades dentro del albergue, el pueblo ind\u00edgena Warao cre\u00f3 una radio en el albergue Janokoida en Pacaraima.<\/p>\n<p style=\"font-weight: 400; text-align: justify;\">Los ejemplos se est\u00e1n multiplicando: como forma de combatir la desinformaci\u00f3n sobre la etnia Warao, los ind\u00edgenas, con la orientaci\u00f3n de los colaboradores de\u00a0<a href=\"https:\/\/www.fraterinternacional.org\/es\/\">Fraternidad &#8211; Humanit\u00e1ria (FFHI)<\/a>, tambi\u00e9n crearon un peri\u00f3dico comunitario<span style=\"font-weight: 400;\">, tambi\u00e9n crearon un peri\u00f3dico comunitario\u00a0<\/span>en el albergue Pintol\u00e2ndia:\u00a0<em>Deje Nome<\/em>.<\/p>\n<h3 style=\"text-align: justify;\"><b>Arte que transforma paradigmas<\/b><\/h3>\n<p style=\"font-weight: 400; text-align: justify;\"><a href=\"https:\/\/www.youtube.com\/watch?v=N_MGB73u1rc&amp;feature=youtu.be\">&#8216;Nona Anonamo &#8211; Somos Todas Artesanas&#8217;\u00a0<\/a>es un documental que busca retratar una realidad poco vista en los medios tradicionales. La producci\u00f3n audiovisual tiene como protagonista a la etnia ind\u00edgena Warao, que, refugiada de Venezuela, enfrenta los desaf\u00edos de la inadecuaci\u00f3n y la marginalidad social.<\/p>\n<p style=\"font-weight: 400; text-align: justify;\">La producci\u00f3n cuenta la historia de este pueblo ind\u00edgena, conocido como Pueblo del Agua, y su profunda relaci\u00f3n con el \u00e1rbol de Buriti, su importancia material y espiritual.<\/p>\n<p style=\"font-weight: 400; text-align: justify;\">\u201cMe llam\u00f3 la atenci\u00f3n que es un albergue para refugiados ind\u00edgenas. Una cultura \u00fanica, cambia de pa\u00eds debido a factores externos. Mostramos la relaci\u00f3n de la hermana misionera con las artesanas ind\u00edgenas, en una simbiosis de culturas, un intercambio de saberes -no solo de artesan\u00edas, sino de saberes humanos, ancestrales, espirituales, femeninos. Todo esto est\u00e1 presente dentro del albergue de refugiados\u201d, comenta Salvato, director de la pel\u00edcula.<\/p>\n<p style=\"font-weight: 400; text-align: justify;\">\u201cEl documental es una visi\u00f3n cruda del ser humano, sin importar si es ind\u00edgena o misionero, viviendo un problema provocado por factores externos, porque ellos no eligieron esta migraci\u00f3n, y todos los dramas que genera, las soluciones, las risas y los llantos de esta situaci\u00f3n.<\/p>\n<h3 style=\"text-align: justify;\"><b>La fuerza de la filosof\u00eda<\/b><\/h3>\n<p style=\"text-align: justify;\">En medio de la avalancha de informaci\u00f3n que posibilit\u00f3 el acceso a los medios digitales,<a href=\"https:\/\/www.irdin.org.br\/site\/\" target=\"_blank\" rel=\"noopener noreferrer\">\u00a0Irdin Editora<\/a>\u00a0se destac\u00f3 en el per\u00edodo pand\u00e9mico, present\u00e1ndose como fuente de contenido de las ense\u00f1anzas del fil\u00f3sofo espiritualista Jos\u00e9 Trigueirinho Netto, uno de los fundadores de la\u00a0<a href=\"https:\/\/www.fraterinternacional.org\/es\/\" target=\"_blank\" rel=\"noopener noreferrer\">Fraternidad &#8211; Humanitaria (FFHI).<\/a><\/p>\n<div id='gallery-3' class='gallery galleryid-132021 gallery-columns-2 gallery-size-large'><figure class='gallery-item'>\n\t\t\t<div class='gallery-icon landscape'>\n\t\t\t\t<a href='https:\/\/www.missoeshumanitarias.org\/wp-content\/uploads\/2021\/08\/Acesso-a-Informacao-FFHI-1.jpg'><img loading=\"lazy\" decoding=\"async\" width=\"800\" height=\"533\" src=\"https:\/\/www.missoeshumanitarias.org\/wp-content\/uploads\/2021\/08\/Acesso-a-Informacao-FFHI-1.jpg\" class=\"attachment-large size-large\" alt=\"Fraternidade e o Direito \u00e0 Informa\u00e7\u00e3o\" srcset=\"https:\/\/www.missoeshumanitarias.org\/wp-content\/uploads\/2021\/08\/Acesso-a-Informacao-FFHI-1.jpg 900w, https:\/\/www.missoeshumanitarias.org\/wp-content\/uploads\/2021\/08\/Acesso-a-Informacao-FFHI-1-300x200.jpg 300w, https:\/\/www.missoeshumanitarias.org\/wp-content\/uploads\/2021\/08\/Acesso-a-Informacao-FFHI-1-768x512.jpg 768w\" sizes=\"(max-width: 800px) 100vw, 800px\" \/><\/a>\n\t\t\t<\/div><\/figure><figure class='gallery-item'>\n\t\t\t<div class='gallery-icon landscape'>\n\t\t\t\t<a href='https:\/\/www.missoeshumanitarias.org\/wp-content\/uploads\/2021\/08\/Salvato-Producao-audiovisual-nos-abrigos-FFHI.jpg'><img loading=\"lazy\" decoding=\"async\" width=\"800\" height=\"533\" src=\"https:\/\/www.missoeshumanitarias.org\/wp-content\/uploads\/2021\/08\/Salvato-Producao-audiovisual-nos-abrigos-FFHI.jpg\" class=\"attachment-large size-large\" alt=\"Fraternidade e o Direito \u00e0 Informa\u00e7\u00e3o\" srcset=\"https:\/\/www.missoeshumanitarias.org\/wp-content\/uploads\/2021\/08\/Salvato-Producao-audiovisual-nos-abrigos-FFHI.jpg 900w, https:\/\/www.missoeshumanitarias.org\/wp-content\/uploads\/2021\/08\/Salvato-Producao-audiovisual-nos-abrigos-FFHI-300x200.jpg 300w, https:\/\/www.missoeshumanitarias.org\/wp-content\/uploads\/2021\/08\/Salvato-Producao-audiovisual-nos-abrigos-FFHI-768x512.jpg 768w\" sizes=\"(max-width: 800px) 100vw, 800px\" \/><\/a>\n\t\t\t<\/div><\/figure>\n\t\t<\/div>\n\n<p style=\"font-weight: 400; text-align: justify;\">En los \u00faltimos meses, el canal oficial de\u00a0<a href=\"https:\/\/www.youtube.com\/channel\/UChdWvWo42nXl7wUbRlzk36w\">Trigueirinho<\/a>\u00a0en Youtube tuvo un aumento significativo en el n\u00famero de suscriptores. Gestionado por Irdin, el canal publica conferencias semanales, adem\u00e1s de peque\u00f1as reflexiones diarias con la serie &#8216;Pensamientos del d\u00eda&#8217;.<\/p>\n<p style=\"font-weight: 400; text-align: justify;\">En este mismo contexto, el canal\u00a0<a href=\"https:\/\/www.misericordiamariatv.org\/es\">Misericordia Mar\u00eda TV(MMTV)\u00a0<\/a>viene siendo cada vez m\u00e1s visitado en el per\u00edodo actual, ya que los contenidos relacionados con la fe, la oraci\u00f3n y la meditaci\u00f3n son algunos de los temas m\u00e1s buscados en Internet.<\/p>\n<p style=\"font-weight: 400; text-align: justify;\">\u201cEstos canales transmiten mensajes de fe que buscan elevar el esp\u00edritu y aproximar a lo Sagrado. Ambos tienen un papel importante en este per\u00edodo que atravesamos, ya que llevan la paz y la esperanza a trav\u00e9s de la oraci\u00f3n y la ense\u00f1anza a miles de hogares en todo el mundo, a trav\u00e9s de Internet\u201d, a\u00f1ade la Madre Mar\u00eda In\u00e9s de San Jos\u00e9, monja de la\u00a0<a href=\"https:\/\/www.fraterinternacional.org\/es\/afiliadas\/orden-gracia-misericordia\/\">Orden Gracia Misericordia ( OMG).<\/a><\/p>\n","protected":false},"excerpt":{"rendered":"<p>El 28 de septiembre se conmemora el D\u00eda Internacional del Acceso Universal a la Informaci\u00f3n. Este a\u00f1o, la celebraci\u00f3n se centrar\u00e1 en el derecho a la informaci\u00f3n en tiempos de crisis y las ventajas de contar con garant\u00edas constitucionales, estatutarias y pol\u00edticas de acceso p\u00fablico a la informaci\u00f3n, para salvar vidas, construir confianza y ayudar [&hellip;]<\/p>\n","protected":false},"author":1,"featured_media":130203,"comment_status":"open","ping_status":"open","sticky":false,"template":"","format":"standard","meta":{"footnotes":""},"categories":[43,131],"tags":[],"class_list":["post-132021","post","type-post","status-publish","format-standard","has-post-thumbnail","hentry","category-noticias-es","category-noticias-de-las-misiones"],"featured_image_src":"https:\/\/www.missoeshumanitarias.org\/wp-content\/uploads\/2021\/08\/Curso-de-fotografia-Acesso-a-Informacao-FFHI-1.jpg","author_info":{"display_name":"maducato_admin","author_link":"https:\/\/www.missoeshumanitarias.org\/es\/author\/maducato_admin\/"},"yoast_head":"<!-- This site is optimized with the Yoast SEO Premium plugin v22.5 (Yoast SEO v22.5) - https:\/\/yoast.com\/wordpress\/plugins\/seo\/ -->\n<title>La Fraternidad y el Derecho a la Informaci\u00f3n - Fraternidade Miss\u00f5es Humanit\u00e1rias Internacionais<\/title>\n<meta name=\"robots\" content=\"index, follow, max-snippet:-1, max-image-preview:large, max-video-preview:-1\" \/>\n<link rel=\"canonical\" href=\"https:\/\/www.missoeshumanitarias.org\/es\/la-fraternidad-y-el-derecho-a-la-informacion\/\" \/>\n<meta property=\"og:locale\" content=\"es_ES\" \/>\n<meta property=\"og:type\" content=\"article\" \/>\n<meta property=\"og:title\" content=\"La Fraternidad y el Derecho a la Informaci\u00f3n\" \/>\n<meta property=\"og:description\" content=\"El 28 de septiembre se conmemora el D\u00eda Internacional del Acceso Universal a la Informaci\u00f3n. Este a\u00f1o, la celebraci\u00f3n se centrar\u00e1 en el derecho a la informaci\u00f3n en tiempos de crisis y las ventajas de contar con garant\u00edas constitucionales, estatutarias y pol\u00edticas de acceso p\u00fablico a la informaci\u00f3n, para salvar vidas, construir confianza y ayudar [&hellip;]\" \/>\n<meta property=\"og:url\" content=\"https:\/\/www.missoeshumanitarias.org\/es\/la-fraternidad-y-el-derecho-a-la-informacion\/\" \/>\n<meta property=\"og:site_name\" content=\"Fraternidade Miss\u00f5es Humanit\u00e1rias Internacionais\" \/>\n<meta property=\"article:published_time\" content=\"2020-10-06T15:14:07+00:00\" \/>\n<meta property=\"og:image\" content=\"https:\/\/www.missoeshumanitarias.org\/wp-content\/uploads\/2021\/08\/Curso-de-fotografia-Acesso-a-Informacao-FFHI-1.jpg\" \/>\n\t<meta property=\"og:image:width\" content=\"900\" \/>\n\t<meta property=\"og:image:height\" content=\"600\" \/>\n\t<meta property=\"og:image:type\" content=\"image\/jpeg\" \/>\n<meta name=\"author\" content=\"maducato_admin\" \/>\n<meta name=\"twitter:card\" content=\"summary_large_image\" \/>\n<meta name=\"twitter:label1\" content=\"Escrito por\" \/>\n\t<meta name=\"twitter:data1\" content=\"maducato_admin\" \/>\n\t<meta name=\"twitter:label2\" content=\"Tiempo de lectura\" \/>\n\t<meta name=\"twitter:data2\" content=\"5 minutos\" \/>\n<script type=\"application\/ld+json\" class=\"yoast-schema-graph\">{\"@context\":\"https:\/\/schema.org\",\"@graph\":[{\"@type\":\"Article\",\"@id\":\"https:\/\/www.missoeshumanitarias.org\/es\/la-fraternidad-y-el-derecho-a-la-informacion\/#article\",\"isPartOf\":{\"@id\":\"https:\/\/www.missoeshumanitarias.org\/es\/la-fraternidad-y-el-derecho-a-la-informacion\/\"},\"author\":{\"name\":\"maducato_admin\",\"@id\":\"https:\/\/www.missoeshumanitarias.org\/es\/#\/schema\/person\/e0f8527323154d1eba9f9d9eb6b401f7\"},\"headline\":\"La Fraternidad y el Derecho a la Informaci\u00f3n\",\"datePublished\":\"2020-10-06T15:14:07+00:00\",\"dateModified\":\"2020-10-06T15:14:07+00:00\",\"mainEntityOfPage\":{\"@id\":\"https:\/\/www.missoeshumanitarias.org\/es\/la-fraternidad-y-el-derecho-a-la-informacion\/\"},\"wordCount\":928,\"commentCount\":0,\"publisher\":{\"@id\":\"https:\/\/www.missoeshumanitarias.org\/es\/#organization\"},\"image\":{\"@id\":\"https:\/\/www.missoeshumanitarias.org\/es\/la-fraternidad-y-el-derecho-a-la-informacion\/#primaryimage\"},\"thumbnailUrl\":\"https:\/\/www.missoeshumanitarias.org\/wp-content\/uploads\/2021\/08\/Curso-de-fotografia-Acesso-a-Informacao-FFHI-1.jpg\",\"articleSection\":[\"Noticias\",\"Noticias de las Misiones\"],\"inLanguage\":\"es\",\"potentialAction\":[{\"@type\":\"CommentAction\",\"name\":\"Comment\",\"target\":[\"https:\/\/www.missoeshumanitarias.org\/es\/la-fraternidad-y-el-derecho-a-la-informacion\/#respond\"]}]},{\"@type\":\"WebPage\",\"@id\":\"https:\/\/www.missoeshumanitarias.org\/es\/la-fraternidad-y-el-derecho-a-la-informacion\/\",\"url\":\"https:\/\/www.missoeshumanitarias.org\/es\/la-fraternidad-y-el-derecho-a-la-informacion\/\",\"name\":\"La Fraternidad y el Derecho a la Informaci\u00f3n - Fraternidade Miss\u00f5es Humanit\u00e1rias Internacionais\",\"isPartOf\":{\"@id\":\"https:\/\/www.missoeshumanitarias.org\/es\/#website\"},\"primaryImageOfPage\":{\"@id\":\"https:\/\/www.missoeshumanitarias.org\/es\/la-fraternidad-y-el-derecho-a-la-informacion\/#primaryimage\"},\"image\":{\"@id\":\"https:\/\/www.missoeshumanitarias.org\/es\/la-fraternidad-y-el-derecho-a-la-informacion\/#primaryimage\"},\"thumbnailUrl\":\"https:\/\/www.missoeshumanitarias.org\/wp-content\/uploads\/2021\/08\/Curso-de-fotografia-Acesso-a-Informacao-FFHI-1.jpg\",\"datePublished\":\"2020-10-06T15:14:07+00:00\",\"dateModified\":\"2020-10-06T15:14:07+00:00\",\"breadcrumb\":{\"@id\":\"https:\/\/www.missoeshumanitarias.org\/es\/la-fraternidad-y-el-derecho-a-la-informacion\/#breadcrumb\"},\"inLanguage\":\"es\",\"potentialAction\":[{\"@type\":\"ReadAction\",\"target\":[\"https:\/\/www.missoeshumanitarias.org\/es\/la-fraternidad-y-el-derecho-a-la-informacion\/\"]}]},{\"@type\":\"ImageObject\",\"inLanguage\":\"es\",\"@id\":\"https:\/\/www.missoeshumanitarias.org\/es\/la-fraternidad-y-el-derecho-a-la-informacion\/#primaryimage\",\"url\":\"https:\/\/www.missoeshumanitarias.org\/wp-content\/uploads\/2021\/08\/Curso-de-fotografia-Acesso-a-Informacao-FFHI-1.jpg\",\"contentUrl\":\"https:\/\/www.missoeshumanitarias.org\/wp-content\/uploads\/2021\/08\/Curso-de-fotografia-Acesso-a-Informacao-FFHI-1.jpg\",\"width\":900,\"height\":600,\"caption\":\"Fraternidade e o Direito \u00e0 Informa\u00e7\u00e3o\"},{\"@type\":\"BreadcrumbList\",\"@id\":\"https:\/\/www.missoeshumanitarias.org\/es\/la-fraternidad-y-el-derecho-a-la-informacion\/#breadcrumb\",\"itemListElement\":[{\"@type\":\"ListItem\",\"position\":1,\"name\":\"Home\",\"item\":\"https:\/\/www.missoeshumanitarias.org\/en\/\"},{\"@type\":\"ListItem\",\"position\":2,\"name\":\"La Fraternidad y el Derecho a la Informaci\u00f3n\"}]},{\"@type\":\"WebSite\",\"@id\":\"https:\/\/www.missoeshumanitarias.org\/es\/#website\",\"url\":\"https:\/\/www.missoeshumanitarias.org\/es\/\",\"name\":\"Fraternidade Miss\u00f5es Humanit\u00e1rias Internacionais\",\"description\":\"Respostas Humanit\u00e1rias e Emerg\u00eancias\",\"publisher\":{\"@id\":\"https:\/\/www.missoeshumanitarias.org\/es\/#organization\"},\"potentialAction\":[{\"@type\":\"SearchAction\",\"target\":{\"@type\":\"EntryPoint\",\"urlTemplate\":\"https:\/\/www.missoeshumanitarias.org\/es\/?s={search_term_string}\"},\"query-input\":\"required name=search_term_string\"}],\"inLanguage\":\"es\"},{\"@type\":\"Organization\",\"@id\":\"https:\/\/www.missoeshumanitarias.org\/es\/#organization\",\"name\":\"Fraternidade - Miss\u00f5es Humanit\u00e1rias Internacionais\",\"url\":\"https:\/\/www.missoeshumanitarias.org\/es\/\",\"logo\":{\"@type\":\"ImageObject\",\"inLanguage\":\"es\",\"@id\":\"https:\/\/www.missoeshumanitarias.org\/es\/#\/schema\/logo\/image\/\",\"url\":\"https:\/\/www.missoeshumanitarias.org\/wp-content\/uploads\/2020\/05\/logo-FMHI-mg.png\",\"contentUrl\":\"https:\/\/www.missoeshumanitarias.org\/wp-content\/uploads\/2020\/05\/logo-FMHI-mg.png\",\"width\":520,\"height\":134,\"caption\":\"Fraternidade - Miss\u00f5es Humanit\u00e1rias Internacionais\"},\"image\":{\"@id\":\"https:\/\/www.missoeshumanitarias.org\/es\/#\/schema\/logo\/image\/\"}},{\"@type\":\"Person\",\"@id\":\"https:\/\/www.missoeshumanitarias.org\/es\/#\/schema\/person\/e0f8527323154d1eba9f9d9eb6b401f7\",\"name\":\"maducato_admin\",\"image\":{\"@type\":\"ImageObject\",\"inLanguage\":\"es\",\"@id\":\"https:\/\/www.missoeshumanitarias.org\/es\/#\/schema\/person\/image\/\",\"url\":\"https:\/\/secure.gravatar.com\/avatar\/6c3b45186a8f5a459d8e14c7fca370bceae92402bc06171d75e4e559b6c24393?s=96&d=mm&r=g\",\"contentUrl\":\"https:\/\/secure.gravatar.com\/avatar\/6c3b45186a8f5a459d8e14c7fca370bceae92402bc06171d75e4e559b6c24393?s=96&d=mm&r=g\",\"caption\":\"maducato_admin\"}}]}<\/script>\n<!-- \/ Yoast SEO Premium plugin. -->","yoast_head_json":{"title":"La Fraternidad y el Derecho a la Informaci\u00f3n - Fraternidade Miss\u00f5es Humanit\u00e1rias Internacionais","robots":{"index":"index","follow":"follow","max-snippet":"max-snippet:-1","max-image-preview":"max-image-preview:large","max-video-preview":"max-video-preview:-1"},"canonical":"https:\/\/www.missoeshumanitarias.org\/es\/la-fraternidad-y-el-derecho-a-la-informacion\/","og_locale":"es_ES","og_type":"article","og_title":"La Fraternidad y el Derecho a la Informaci\u00f3n","og_description":"El 28 de septiembre se conmemora el D\u00eda Internacional del Acceso Universal a la Informaci\u00f3n. Este a\u00f1o, la celebraci\u00f3n se centrar\u00e1 en el derecho a la informaci\u00f3n en tiempos de crisis y las ventajas de contar con garant\u00edas constitucionales, estatutarias y pol\u00edticas de acceso p\u00fablico a la informaci\u00f3n, para salvar vidas, construir confianza y ayudar [&hellip;]","og_url":"https:\/\/www.missoeshumanitarias.org\/es\/la-fraternidad-y-el-derecho-a-la-informacion\/","og_site_name":"Fraternidade Miss\u00f5es Humanit\u00e1rias Internacionais","article_published_time":"2020-10-06T15:14:07+00:00","og_image":[{"width":900,"height":600,"url":"https:\/\/www.missoeshumanitarias.org\/wp-content\/uploads\/2021\/08\/Curso-de-fotografia-Acesso-a-Informacao-FFHI-1.jpg","type":"image\/jpeg"}],"author":"maducato_admin","twitter_card":"summary_large_image","twitter_misc":{"Escrito por":"maducato_admin","Tiempo de lectura":"5 minutos"},"schema":{"@context":"https:\/\/schema.org","@graph":[{"@type":"Article","@id":"https:\/\/www.missoeshumanitarias.org\/es\/la-fraternidad-y-el-derecho-a-la-informacion\/#article","isPartOf":{"@id":"https:\/\/www.missoeshumanitarias.org\/es\/la-fraternidad-y-el-derecho-a-la-informacion\/"},"author":{"name":"maducato_admin","@id":"https:\/\/www.missoeshumanitarias.org\/es\/#\/schema\/person\/e0f8527323154d1eba9f9d9eb6b401f7"},"headline":"La Fraternidad y el Derecho a la Informaci\u00f3n","datePublished":"2020-10-06T15:14:07+00:00","dateModified":"2020-10-06T15:14:07+00:00","mainEntityOfPage":{"@id":"https:\/\/www.missoeshumanitarias.org\/es\/la-fraternidad-y-el-derecho-a-la-informacion\/"},"wordCount":928,"commentCount":0,"publisher":{"@id":"https:\/\/www.missoeshumanitarias.org\/es\/#organization"},"image":{"@id":"https:\/\/www.missoeshumanitarias.org\/es\/la-fraternidad-y-el-derecho-a-la-informacion\/#primaryimage"},"thumbnailUrl":"https:\/\/www.missoeshumanitarias.org\/wp-content\/uploads\/2021\/08\/Curso-de-fotografia-Acesso-a-Informacao-FFHI-1.jpg","articleSection":["Noticias","Noticias de las Misiones"],"inLanguage":"es","potentialAction":[{"@type":"CommentAction","name":"Comment","target":["https:\/\/www.missoeshumanitarias.org\/es\/la-fraternidad-y-el-derecho-a-la-informacion\/#respond"]}]},{"@type":"WebPage","@id":"https:\/\/www.missoeshumanitarias.org\/es\/la-fraternidad-y-el-derecho-a-la-informacion\/","url":"https:\/\/www.missoeshumanitarias.org\/es\/la-fraternidad-y-el-derecho-a-la-informacion\/","name":"La Fraternidad y el Derecho a la Informaci\u00f3n - Fraternidade Miss\u00f5es Humanit\u00e1rias Internacionais","isPartOf":{"@id":"https:\/\/www.missoeshumanitarias.org\/es\/#website"},"primaryImageOfPage":{"@id":"https:\/\/www.missoeshumanitarias.org\/es\/la-fraternidad-y-el-derecho-a-la-informacion\/#primaryimage"},"image":{"@id":"https:\/\/www.missoeshumanitarias.org\/es\/la-fraternidad-y-el-derecho-a-la-informacion\/#primaryimage"},"thumbnailUrl":"https:\/\/www.missoeshumanitarias.org\/wp-content\/uploads\/2021\/08\/Curso-de-fotografia-Acesso-a-Informacao-FFHI-1.jpg","datePublished":"2020-10-06T15:14:07+00:00","dateModified":"2020-10-06T15:14:07+00:00","breadcrumb":{"@id":"https:\/\/www.missoeshumanitarias.org\/es\/la-fraternidad-y-el-derecho-a-la-informacion\/#breadcrumb"},"inLanguage":"es","potentialAction":[{"@type":"ReadAction","target":["https:\/\/www.missoeshumanitarias.org\/es\/la-fraternidad-y-el-derecho-a-la-informacion\/"]}]},{"@type":"ImageObject","inLanguage":"es","@id":"https:\/\/www.missoeshumanitarias.org\/es\/la-fraternidad-y-el-derecho-a-la-informacion\/#primaryimage","url":"https:\/\/www.missoeshumanitarias.org\/wp-content\/uploads\/2021\/08\/Curso-de-fotografia-Acesso-a-Informacao-FFHI-1.jpg","contentUrl":"https:\/\/www.missoeshumanitarias.org\/wp-content\/uploads\/2021\/08\/Curso-de-fotografia-Acesso-a-Informacao-FFHI-1.jpg","width":900,"height":600,"caption":"Fraternidade e o Direito \u00e0 Informa\u00e7\u00e3o"},{"@type":"BreadcrumbList","@id":"https:\/\/www.missoeshumanitarias.org\/es\/la-fraternidad-y-el-derecho-a-la-informacion\/#breadcrumb","itemListElement":[{"@type":"ListItem","position":1,"name":"Home","item":"https:\/\/www.missoeshumanitarias.org\/en\/"},{"@type":"ListItem","position":2,"name":"La Fraternidad y el Derecho a la Informaci\u00f3n"}]},{"@type":"WebSite","@id":"https:\/\/www.missoeshumanitarias.org\/es\/#website","url":"https:\/\/www.missoeshumanitarias.org\/es\/","name":"Fraternidade Miss\u00f5es Humanit\u00e1rias Internacionais","description":"Respostas Humanit\u00e1rias e Emerg\u00eancias","publisher":{"@id":"https:\/\/www.missoeshumanitarias.org\/es\/#organization"},"potentialAction":[{"@type":"SearchAction","target":{"@type":"EntryPoint","urlTemplate":"https:\/\/www.missoeshumanitarias.org\/es\/?s={search_term_string}"},"query-input":"required name=search_term_string"}],"inLanguage":"es"},{"@type":"Organization","@id":"https:\/\/www.missoeshumanitarias.org\/es\/#organization","name":"Fraternidade - Miss\u00f5es Humanit\u00e1rias Internacionais","url":"https:\/\/www.missoeshumanitarias.org\/es\/","logo":{"@type":"ImageObject","inLanguage":"es","@id":"https:\/\/www.missoeshumanitarias.org\/es\/#\/schema\/logo\/image\/","url":"https:\/\/www.missoeshumanitarias.org\/wp-content\/uploads\/2020\/05\/logo-FMHI-mg.png","contentUrl":"https:\/\/www.missoeshumanitarias.org\/wp-content\/uploads\/2020\/05\/logo-FMHI-mg.png","width":520,"height":134,"caption":"Fraternidade - Miss\u00f5es Humanit\u00e1rias Internacionais"},"image":{"@id":"https:\/\/www.missoeshumanitarias.org\/es\/#\/schema\/logo\/image\/"}},{"@type":"Person","@id":"https:\/\/www.missoeshumanitarias.org\/es\/#\/schema\/person\/e0f8527323154d1eba9f9d9eb6b401f7","name":"maducato_admin","image":{"@type":"ImageObject","inLanguage":"es","@id":"https:\/\/www.missoeshumanitarias.org\/es\/#\/schema\/person\/image\/","url":"https:\/\/secure.gravatar.com\/avatar\/6c3b45186a8f5a459d8e14c7fca370bceae92402bc06171d75e4e559b6c24393?s=96&d=mm&r=g","contentUrl":"https:\/\/secure.gravatar.com\/avatar\/6c3b45186a8f5a459d8e14c7fca370bceae92402bc06171d75e4e559b6c24393?s=96&d=mm&r=g","caption":"maducato_admin"}}]}},"_links":{"self":[{"href":"https:\/\/www.missoeshumanitarias.org\/es\/wp-json\/wp\/v2\/posts\/132021","targetHints":{"allow":["GET"]}}],"collection":[{"href":"https:\/\/www.missoeshumanitarias.org\/es\/wp-json\/wp\/v2\/posts"}],"about":[{"href":"https:\/\/www.missoeshumanitarias.org\/es\/wp-json\/wp\/v2\/types\/post"}],"author":[{"embeddable":true,"href":"https:\/\/www.missoeshumanitarias.org\/es\/wp-json\/wp\/v2\/users\/1"}],"replies":[{"embeddable":true,"href":"https:\/\/www.missoeshumanitarias.org\/es\/wp-json\/wp\/v2\/comments?post=132021"}],"version-history":[{"count":0,"href":"https:\/\/www.missoeshumanitarias.org\/es\/wp-json\/wp\/v2\/posts\/132021\/revisions"}],"wp:featuredmedia":[{"embeddable":true,"href":"https:\/\/www.missoeshumanitarias.org\/es\/wp-json\/wp\/v2\/media\/130203"}],"wp:attachment":[{"href":"https:\/\/www.missoeshumanitarias.org\/es\/wp-json\/wp\/v2\/media?parent=132021"}],"wp:term":[{"taxonomy":"category","embeddable":true,"href":"https:\/\/www.missoeshumanitarias.org\/es\/wp-json\/wp\/v2\/categories?post=132021"},{"taxonomy":"post_tag","embeddable":true,"href":"https:\/\/www.missoeshumanitarias.org\/es\/wp-json\/wp\/v2\/tags?post=132021"}],"curies":[{"name":"wp","href":"https:\/\/api.w.org\/{rel}","templated":true}]}}