{"id":132023,"date":"2020-10-08T16:32:30","date_gmt":"2020-10-08T19:32:30","guid":{"rendered":"https:\/\/www.missoeshumanitarias.org\/expo-sa-viviendo-con-el-arte\/"},"modified":"2023-02-17T07:14:07","modified_gmt":"2023-02-17T10:14:07","slug":"expo-sa-viviendo-con-el-arte","status":"publish","type":"post","link":"https:\/\/www.missoeshumanitarias.org\/es\/expo-sa-viviendo-con-el-arte\/","title":{"rendered":"Expo-S\u00e1: viviendo con el arte"},"content":{"rendered":"\n<p>El canto, el dibujo, la pintura y la poes\u00eda llenaron todos los espacios del albergue Tancredo Neves, en Boa Vista, en la ma\u00f1ana del 3 de octubre. Expo-S\u00e1 fue el nombre elegido para este evento que combin\u00f3 exposici\u00f3n con velada, dando lugar a un crisol de culturas, \u00a1lleno de alegr\u00eda y belleza!<\/p>\n\n\n\n<p>Este fue el resultado de un mes de trabajo de la misionera voluntaria de la <a href=\"https:\/\/www.fraterinternacional.org\/es\/\">Fraternidad &#8211; Federaci\u00f3n Humanitaria Internacional (FFHI)<\/a>, Rose D\u00e1lia de Oliveira. Cantante l\u00edrica y cursando el doctorado en Interpretaci\u00f3n Musical de la Unicamp, al recibir la invitaci\u00f3n de la Fraternidad &#8211; Humanitaria (FFHI) para participar en la <a href=\"https:\/\/www.fraterinternacional.org\/es\/mision-roraima\/\">Misi\u00f3n Roraima<\/a>, pens\u00f3 en el trabajo vocal a trav\u00e9s de un taller coral.<\/p>\n\n\n\n<p>Al llegar al refugio, percibi\u00f3 que el potencial art\u00edstico de los refugiados se extend\u00eda a muchas otras formas de expresi\u00f3n adem\u00e1s de la m\u00fasica. Descubri\u00f3 poetas, cantantes, escritores, pintores, compositores, dise\u00f1adores, y decidi\u00f3 reunirlos para una obra m\u00e1s amplia.<\/p>\n\n\n\n<figure class=\"wp-block-gallery has-nested-images columns-2 is-cropped wp-block-gallery-1 is-layout-flex wp-block-gallery-is-layout-flex\">\n<figure class=\"wp-block-image size-large\"><a href=\"https:\/\/www.missoeshumanitarias.org\/wp-content\/uploads\/2021\/08\/expo-sa1.jpg\"><img fetchpriority=\"high\" decoding=\"async\" width=\"750\" height=\"1000\" data-id=\"130274\" src=\"https:\/\/www.missoeshumanitarias.org\/wp-content\/uploads\/2021\/08\/expo-sa1.jpg\" alt=\"Expo-S\u00e1: vivendo com arte\" class=\"wp-image-130274\" srcset=\"https:\/\/www.missoeshumanitarias.org\/wp-content\/uploads\/2021\/08\/expo-sa1.jpg 750w, https:\/\/www.missoeshumanitarias.org\/wp-content\/uploads\/2021\/08\/expo-sa1-225x300.jpg 225w\" sizes=\"(max-width: 750px) 100vw, 750px\" \/><\/a><\/figure>\n\n\n\n<figure class=\"wp-block-image size-large\"><a href=\"https:\/\/www.missoeshumanitarias.org\/wp-content\/uploads\/2021\/08\/expo-sa5-e1602261590973.jpg\"><img decoding=\"async\" width=\"750\" height=\"1000\" data-id=\"130277\" src=\"https:\/\/www.missoeshumanitarias.org\/wp-content\/uploads\/2021\/08\/expo-sa5-e1602261590973.jpg\" alt=\"Expo-S\u00e1: vivendo com arte\" class=\"wp-image-130277\" srcset=\"https:\/\/www.missoeshumanitarias.org\/wp-content\/uploads\/2021\/08\/expo-sa5-e1602261590973.jpg 750w, https:\/\/www.missoeshumanitarias.org\/wp-content\/uploads\/2021\/08\/expo-sa5-e1602261590973-225x300.jpg 225w\" sizes=\"(max-width: 750px) 100vw, 750px\" \/><\/a><\/figure>\n<\/figure>\n\n\n\n<p>\u201cMe di cuenta de que pod\u00eda desarrollar un trabajo grupal con el coro, pero tambi\u00e9n pod\u00eda evidenciar los otros talentos que estaban all\u00ed, para que pudieran expresarse de una manera m\u00e1s libre y personal\u201d, dice Rose D\u00e1lia.<\/p>\n\n\n\n<p>La misionera escribi\u00f3 un proyecto presentando sus ideas y lo envi\u00f3 al Alto Comisionado de las Naciones Unidas para los Refugiados (ACNUR). Proyecto aprobado! Es hora de actuar.<\/p>\n\n\n<div class=\"wp-block-image\">\n<figure class=\"aligncenter\"><a href=\"https:\/\/www.missoeshumanitarias.org\/wp-content\/uploads\/2021\/08\/rose-dalia.jpg\"><img decoding=\"async\" src=\"https:\/\/www.missoeshumanitarias.org\/wp-content\/uploads\/2021\/08\/rose-dalia.jpg\" alt=\"Rose D\u00e1lia\" class=\"wp-image-118368\"\/><\/a><figcaption class=\"wp-element-caption\">Rosed\u00e1lia misionaera voluntaria da Fraternidad &#8211; Humanitaria (FFHI)<\/figcaption><\/figure>\n<\/div>\n\n\n<h3 class=\"wp-block-heading\" id=\"h-los-desafios\"><b>Los desaf\u00edos<\/b><\/h3>\n\n\n\n<p>Para llegar al d\u00eda de la Expo-S\u00e1 se tomaron muchos caminos y se superaron algunos desaf\u00edos. Cuando comenz\u00f3 a contactar con los refugiados, Rosed\u00e1lia refiere que \u00abse dio cuenta de que ser\u00eda un gran desaf\u00edo desarrollar el trabajo en grupo, debido a todos los traumas y otras situaciones vividas por cada uno\u00bb.<\/p>\n\n\n\n<p>La misionera voluntaria persisti\u00f3 en su intento, recibiendo consejos de colaboradores m\u00e1s experimentados, de c\u00f3mo unirlos, c\u00f3mo lograr hacer emerger la armon\u00eda en la diversidad. Pero, seg\u00fan Rose D\u00e1lia, \u201calgo mayor fue guiando todo\u201d. Como parec\u00eda que se hab\u00eda contagiado con Covid-19, tuvo que ausentarse durante una semana hasta que lleg\u00f3 el resultado, que fue negativo. \u201cSaber que mi pasant\u00eda all\u00ed solo ser\u00eda de 30 d\u00edas, me hizo entregar la situaci\u00f3n, aunque solo una persona, o nadie, apareciera para la exposici\u00f3n \/ velada\u201d.<\/p>\n\n\n\n<figure class=\"wp-block-gallery has-nested-images columns-3 is-cropped wp-block-gallery-2 is-layout-flex wp-block-gallery-is-layout-flex\">\n<figure class=\"wp-block-image size-large\"><a href=\"https:\/\/www.missoeshumanitarias.org\/wp-content\/uploads\/2021\/08\/expo-sa3.jpg\"><img decoding=\"async\" width=\"1000\" height=\"750\" data-id=\"130280\" src=\"https:\/\/www.missoeshumanitarias.org\/wp-content\/uploads\/2021\/08\/expo-sa3.jpg\" alt=\"Expo-S\u00e1: vivendo com arte\" class=\"wp-image-130280\" srcset=\"https:\/\/www.missoeshumanitarias.org\/wp-content\/uploads\/2021\/08\/expo-sa3.jpg 1000w, https:\/\/www.missoeshumanitarias.org\/wp-content\/uploads\/2021\/08\/expo-sa3-300x225.jpg 300w, https:\/\/www.missoeshumanitarias.org\/wp-content\/uploads\/2021\/08\/expo-sa3-768x576.jpg 768w\" sizes=\"(max-width: 1000px) 100vw, 1000px\" \/><\/a><\/figure>\n\n\n\n<figure class=\"wp-block-image size-large\"><a href=\"https:\/\/www.missoeshumanitarias.org\/wp-content\/uploads\/2021\/08\/expo-sa6.jpg\"><img loading=\"lazy\" decoding=\"async\" width=\"1000\" height=\"750\" data-id=\"130283\" src=\"https:\/\/www.missoeshumanitarias.org\/wp-content\/uploads\/2021\/08\/expo-sa6.jpg\" alt=\"Expo-S\u00e1: vivendo com arte\" class=\"wp-image-130283\" srcset=\"https:\/\/www.missoeshumanitarias.org\/wp-content\/uploads\/2021\/08\/expo-sa6.jpg 1000w, https:\/\/www.missoeshumanitarias.org\/wp-content\/uploads\/2021\/08\/expo-sa6-300x225.jpg 300w, https:\/\/www.missoeshumanitarias.org\/wp-content\/uploads\/2021\/08\/expo-sa6-768x576.jpg 768w\" sizes=\"(max-width: 1000px) 100vw, 1000px\" \/><\/a><\/figure>\n\n\n\n<figure class=\"wp-block-image size-large\"><a href=\"https:\/\/www.missoeshumanitarias.org\/wp-content\/uploads\/2021\/08\/expo-sa8.jpg\"><img loading=\"lazy\" decoding=\"async\" width=\"1000\" height=\"750\" data-id=\"130286\" src=\"https:\/\/www.missoeshumanitarias.org\/wp-content\/uploads\/2021\/08\/expo-sa8.jpg\" alt=\"Expo-S\u00e1: vivendo com arte\" class=\"wp-image-130286\" srcset=\"https:\/\/www.missoeshumanitarias.org\/wp-content\/uploads\/2021\/08\/expo-sa8.jpg 1000w, https:\/\/www.missoeshumanitarias.org\/wp-content\/uploads\/2021\/08\/expo-sa8-300x225.jpg 300w, https:\/\/www.missoeshumanitarias.org\/wp-content\/uploads\/2021\/08\/expo-sa8-768x576.jpg 768w\" sizes=\"(max-width: 1000px) 100vw, 1000px\" \/><\/a><\/figure>\n<\/figure>\n\n\n\n<h3 class=\"wp-block-heading\" id=\"h-es-necesario-saber-vivir\"><b>\u00abEs necesario saber vivir\u00bb<\/b><\/h3>\n\n\n\n<p>\u201cAl salir del aislamiento, not\u00e9 que los participantes, en realidad, se estaban reuniendo, teniendo diversas ideas, inclusive del uniforme, del logo para la camiseta y de la invitaci\u00f3n. Observar que todos participaban y apoyaban, inclusive las participaciones solistas, me conmovi\u00f3 mucho. Fue un momento de inmensa alegr\u00eda y superaci\u00f3n donde cada uno se abri\u00f3 al otro, a los valores de los otros\u201d, relata la misionera.<\/p>\n\n\n\n<p>Rose D\u00e1lia recuerda que \u201clos hombres del coro, bastante desafinados en relaci\u00f3n a las mujeres, me preguntaron por qu\u00e9 era as\u00ed; al responder que ellas eran muy aplicadas, pues las ve\u00eda reunirse para estudiar, ellos reconocieron que fueron displicentes y se organizaron. Y el resultado fue que en tan solo un d\u00eda, el de la pre-presentaci\u00f3n, memorizaron (aprendieron) la m\u00fasica\u201d.<\/p>\n\n\n\n<p>La canci\u00f3n elegida para la presentaci\u00f3n \u201cEs necesario saber vivir\u201d, de Roberto Carlos, fue cantada por un coro diverso y plural, compuesto por 14 personas: mujeres, LGBTQI +, hombres, ancianos, personas con discapacidad (incluso uno con discapacidad auditiva). El retrato de una multiplicidad perfecta describe toda la experiencia vivida por la misionera y los dem\u00e1s participantes del evento.<\/p>\n\n\n\n<p>\u201cFue una victoria de todos nosotros, en nombre de una uni\u00f3n y de una colaboraci\u00f3n com\u00fan, que es lo que traduce la palabra fraternidad\u201d, concluye Rose D\u00e1lia.<\/p>\n\n\n<div class=\"wp-block-image\">\n<figure class=\"aligncenter\"><a href=\"https:\/\/www.missoeshumanitarias.org\/wp-content\/uploads\/2021\/08\/capa-exposa.01.jpg\"><img decoding=\"async\" src=\"https:\/\/www.missoeshumanitarias.org\/wp-content\/uploads\/2021\/08\/capa-exposa.01.jpg\" alt=\"\" class=\"wp-image-118315\"\/><\/a><\/figure>\n<\/div>","protected":false},"excerpt":{"rendered":"<p>El canto, el dibujo, la pintura y la poes\u00eda llenaron todos los espacios del albergue Tancredo Neves, en Boa Vista, en la ma\u00f1ana del 3 de octubre. Expo-S\u00e1 fue el nombre elegido para este evento que combin\u00f3 exposici\u00f3n con velada, dando lugar a un crisol de culturas, \u00a1lleno de alegr\u00eda y belleza! Este fue el [&hellip;]<\/p>\n","protected":false},"author":1,"featured_media":130295,"comment_status":"open","ping_status":"open","sticky":false,"template":"","format":"standard","meta":{"footnotes":""},"categories":[43,131],"tags":[],"class_list":["post-132023","post","type-post","status-publish","format-standard","has-post-thumbnail","hentry","category-noticias-es","category-noticias-de-las-misiones"],"featured_image_src":"https:\/\/www.missoeshumanitarias.org\/wp-content\/uploads\/2021\/08\/expo-sa4.jpg","author_info":{"display_name":"maducato_admin","author_link":"https:\/\/www.missoeshumanitarias.org\/es\/author\/maducato_admin\/"},"yoast_head":"<!-- This site is optimized with the Yoast SEO Premium plugin v22.5 (Yoast SEO v22.5) - https:\/\/yoast.com\/wordpress\/plugins\/seo\/ -->\n<title>Expo-S\u00e1: viviendo con el arte - Fraternidade Miss\u00f5es Humanit\u00e1rias Internacionais<\/title>\n<meta name=\"robots\" content=\"index, follow, max-snippet:-1, max-image-preview:large, max-video-preview:-1\" \/>\n<link rel=\"canonical\" href=\"https:\/\/www.missoeshumanitarias.org\/es\/expo-sa-viviendo-con-el-arte\/\" \/>\n<meta property=\"og:locale\" content=\"es_ES\" \/>\n<meta property=\"og:type\" content=\"article\" \/>\n<meta property=\"og:title\" content=\"Expo-S\u00e1: viviendo con el arte\" \/>\n<meta property=\"og:description\" content=\"El canto, el dibujo, la pintura y la poes\u00eda llenaron todos los espacios del albergue Tancredo Neves, en Boa Vista, en la ma\u00f1ana del 3 de octubre. Expo-S\u00e1 fue el nombre elegido para este evento que combin\u00f3 exposici\u00f3n con velada, dando lugar a un crisol de culturas, \u00a1lleno de alegr\u00eda y belleza! Este fue el [&hellip;]\" \/>\n<meta property=\"og:url\" content=\"https:\/\/www.missoeshumanitarias.org\/es\/expo-sa-viviendo-con-el-arte\/\" \/>\n<meta property=\"og:site_name\" content=\"Fraternidade Miss\u00f5es Humanit\u00e1rias Internacionais\" \/>\n<meta property=\"article:published_time\" content=\"2020-10-08T19:32:30+00:00\" \/>\n<meta property=\"article:modified_time\" content=\"2023-02-17T10:14:07+00:00\" \/>\n<meta property=\"og:image\" content=\"https:\/\/www.missoeshumanitarias.org\/wp-content\/uploads\/2021\/08\/expo-sa4.jpg\" \/>\n\t<meta property=\"og:image:width\" content=\"1000\" \/>\n\t<meta property=\"og:image:height\" content=\"750\" \/>\n\t<meta property=\"og:image:type\" content=\"image\/jpeg\" \/>\n<meta name=\"author\" content=\"maducato_admin\" \/>\n<meta name=\"twitter:card\" content=\"summary_large_image\" \/>\n<meta name=\"twitter:label1\" content=\"Escrito por\" \/>\n\t<meta name=\"twitter:data1\" content=\"maducato_admin\" \/>\n\t<meta name=\"twitter:label2\" content=\"Tiempo de lectura\" \/>\n\t<meta name=\"twitter:data2\" content=\"5 minutos\" \/>\n<script type=\"application\/ld+json\" class=\"yoast-schema-graph\">{\"@context\":\"https:\/\/schema.org\",\"@graph\":[{\"@type\":\"Article\",\"@id\":\"https:\/\/www.missoeshumanitarias.org\/es\/expo-sa-viviendo-con-el-arte\/#article\",\"isPartOf\":{\"@id\":\"https:\/\/www.missoeshumanitarias.org\/es\/expo-sa-viviendo-con-el-arte\/\"},\"author\":{\"name\":\"maducato_admin\",\"@id\":\"https:\/\/www.missoeshumanitarias.org\/es\/#\/schema\/person\/e0f8527323154d1eba9f9d9eb6b401f7\"},\"headline\":\"Expo-S\u00e1: viviendo con el arte\",\"datePublished\":\"2020-10-08T19:32:30+00:00\",\"dateModified\":\"2023-02-17T10:14:07+00:00\",\"mainEntityOfPage\":{\"@id\":\"https:\/\/www.missoeshumanitarias.org\/es\/expo-sa-viviendo-con-el-arte\/\"},\"wordCount\":638,\"commentCount\":0,\"publisher\":{\"@id\":\"https:\/\/www.missoeshumanitarias.org\/es\/#organization\"},\"image\":{\"@id\":\"https:\/\/www.missoeshumanitarias.org\/es\/expo-sa-viviendo-con-el-arte\/#primaryimage\"},\"thumbnailUrl\":\"https:\/\/www.missoeshumanitarias.org\/wp-content\/uploads\/2021\/08\/expo-sa4.jpg\",\"articleSection\":[\"Noticias\",\"Noticias de las Misiones\"],\"inLanguage\":\"es\",\"potentialAction\":[{\"@type\":\"CommentAction\",\"name\":\"Comment\",\"target\":[\"https:\/\/www.missoeshumanitarias.org\/es\/expo-sa-viviendo-con-el-arte\/#respond\"]}]},{\"@type\":\"WebPage\",\"@id\":\"https:\/\/www.missoeshumanitarias.org\/es\/expo-sa-viviendo-con-el-arte\/\",\"url\":\"https:\/\/www.missoeshumanitarias.org\/es\/expo-sa-viviendo-con-el-arte\/\",\"name\":\"Expo-S\u00e1: viviendo con el arte - Fraternidade Miss\u00f5es Humanit\u00e1rias Internacionais\",\"isPartOf\":{\"@id\":\"https:\/\/www.missoeshumanitarias.org\/es\/#website\"},\"primaryImageOfPage\":{\"@id\":\"https:\/\/www.missoeshumanitarias.org\/es\/expo-sa-viviendo-con-el-arte\/#primaryimage\"},\"image\":{\"@id\":\"https:\/\/www.missoeshumanitarias.org\/es\/expo-sa-viviendo-con-el-arte\/#primaryimage\"},\"thumbnailUrl\":\"https:\/\/www.missoeshumanitarias.org\/wp-content\/uploads\/2021\/08\/expo-sa4.jpg\",\"datePublished\":\"2020-10-08T19:32:30+00:00\",\"dateModified\":\"2023-02-17T10:14:07+00:00\",\"breadcrumb\":{\"@id\":\"https:\/\/www.missoeshumanitarias.org\/es\/expo-sa-viviendo-con-el-arte\/#breadcrumb\"},\"inLanguage\":\"es\",\"potentialAction\":[{\"@type\":\"ReadAction\",\"target\":[\"https:\/\/www.missoeshumanitarias.org\/es\/expo-sa-viviendo-con-el-arte\/\"]}]},{\"@type\":\"ImageObject\",\"inLanguage\":\"es\",\"@id\":\"https:\/\/www.missoeshumanitarias.org\/es\/expo-sa-viviendo-con-el-arte\/#primaryimage\",\"url\":\"https:\/\/www.missoeshumanitarias.org\/wp-content\/uploads\/2021\/08\/expo-sa4.jpg\",\"contentUrl\":\"https:\/\/www.missoeshumanitarias.org\/wp-content\/uploads\/2021\/08\/expo-sa4.jpg\",\"width\":1000,\"height\":750},{\"@type\":\"BreadcrumbList\",\"@id\":\"https:\/\/www.missoeshumanitarias.org\/es\/expo-sa-viviendo-con-el-arte\/#breadcrumb\",\"itemListElement\":[{\"@type\":\"ListItem\",\"position\":1,\"name\":\"Home\",\"item\":\"https:\/\/www.missoeshumanitarias.org\/en\/\"},{\"@type\":\"ListItem\",\"position\":2,\"name\":\"Expo-S\u00e1: viviendo con el arte\"}]},{\"@type\":\"WebSite\",\"@id\":\"https:\/\/www.missoeshumanitarias.org\/es\/#website\",\"url\":\"https:\/\/www.missoeshumanitarias.org\/es\/\",\"name\":\"Fraternidade Miss\u00f5es Humanit\u00e1rias Internacionais\",\"description\":\"Respostas Humanit\u00e1rias e Emerg\u00eancias\",\"publisher\":{\"@id\":\"https:\/\/www.missoeshumanitarias.org\/es\/#organization\"},\"potentialAction\":[{\"@type\":\"SearchAction\",\"target\":{\"@type\":\"EntryPoint\",\"urlTemplate\":\"https:\/\/www.missoeshumanitarias.org\/es\/?s={search_term_string}\"},\"query-input\":\"required name=search_term_string\"}],\"inLanguage\":\"es\"},{\"@type\":\"Organization\",\"@id\":\"https:\/\/www.missoeshumanitarias.org\/es\/#organization\",\"name\":\"Fraternidade - Miss\u00f5es Humanit\u00e1rias Internacionais\",\"url\":\"https:\/\/www.missoeshumanitarias.org\/es\/\",\"logo\":{\"@type\":\"ImageObject\",\"inLanguage\":\"es\",\"@id\":\"https:\/\/www.missoeshumanitarias.org\/es\/#\/schema\/logo\/image\/\",\"url\":\"https:\/\/www.missoeshumanitarias.org\/wp-content\/uploads\/2020\/05\/logo-FMHI-mg.png\",\"contentUrl\":\"https:\/\/www.missoeshumanitarias.org\/wp-content\/uploads\/2020\/05\/logo-FMHI-mg.png\",\"width\":520,\"height\":134,\"caption\":\"Fraternidade - Miss\u00f5es Humanit\u00e1rias Internacionais\"},\"image\":{\"@id\":\"https:\/\/www.missoeshumanitarias.org\/es\/#\/schema\/logo\/image\/\"}},{\"@type\":\"Person\",\"@id\":\"https:\/\/www.missoeshumanitarias.org\/es\/#\/schema\/person\/e0f8527323154d1eba9f9d9eb6b401f7\",\"name\":\"maducato_admin\",\"image\":{\"@type\":\"ImageObject\",\"inLanguage\":\"es\",\"@id\":\"https:\/\/www.missoeshumanitarias.org\/es\/#\/schema\/person\/image\/\",\"url\":\"https:\/\/secure.gravatar.com\/avatar\/6c3b45186a8f5a459d8e14c7fca370bceae92402bc06171d75e4e559b6c24393?s=96&d=mm&r=g\",\"contentUrl\":\"https:\/\/secure.gravatar.com\/avatar\/6c3b45186a8f5a459d8e14c7fca370bceae92402bc06171d75e4e559b6c24393?s=96&d=mm&r=g\",\"caption\":\"maducato_admin\"}}]}<\/script>\n<!-- \/ Yoast SEO Premium plugin. -->","yoast_head_json":{"title":"Expo-S\u00e1: viviendo con el arte - Fraternidade Miss\u00f5es Humanit\u00e1rias Internacionais","robots":{"index":"index","follow":"follow","max-snippet":"max-snippet:-1","max-image-preview":"max-image-preview:large","max-video-preview":"max-video-preview:-1"},"canonical":"https:\/\/www.missoeshumanitarias.org\/es\/expo-sa-viviendo-con-el-arte\/","og_locale":"es_ES","og_type":"article","og_title":"Expo-S\u00e1: viviendo con el arte","og_description":"El canto, el dibujo, la pintura y la poes\u00eda llenaron todos los espacios del albergue Tancredo Neves, en Boa Vista, en la ma\u00f1ana del 3 de octubre. Expo-S\u00e1 fue el nombre elegido para este evento que combin\u00f3 exposici\u00f3n con velada, dando lugar a un crisol de culturas, \u00a1lleno de alegr\u00eda y belleza! Este fue el [&hellip;]","og_url":"https:\/\/www.missoeshumanitarias.org\/es\/expo-sa-viviendo-con-el-arte\/","og_site_name":"Fraternidade Miss\u00f5es Humanit\u00e1rias Internacionais","article_published_time":"2020-10-08T19:32:30+00:00","article_modified_time":"2023-02-17T10:14:07+00:00","og_image":[{"width":1000,"height":750,"url":"https:\/\/www.missoeshumanitarias.org\/wp-content\/uploads\/2021\/08\/expo-sa4.jpg","type":"image\/jpeg"}],"author":"maducato_admin","twitter_card":"summary_large_image","twitter_misc":{"Escrito por":"maducato_admin","Tiempo de lectura":"5 minutos"},"schema":{"@context":"https:\/\/schema.org","@graph":[{"@type":"Article","@id":"https:\/\/www.missoeshumanitarias.org\/es\/expo-sa-viviendo-con-el-arte\/#article","isPartOf":{"@id":"https:\/\/www.missoeshumanitarias.org\/es\/expo-sa-viviendo-con-el-arte\/"},"author":{"name":"maducato_admin","@id":"https:\/\/www.missoeshumanitarias.org\/es\/#\/schema\/person\/e0f8527323154d1eba9f9d9eb6b401f7"},"headline":"Expo-S\u00e1: viviendo con el arte","datePublished":"2020-10-08T19:32:30+00:00","dateModified":"2023-02-17T10:14:07+00:00","mainEntityOfPage":{"@id":"https:\/\/www.missoeshumanitarias.org\/es\/expo-sa-viviendo-con-el-arte\/"},"wordCount":638,"commentCount":0,"publisher":{"@id":"https:\/\/www.missoeshumanitarias.org\/es\/#organization"},"image":{"@id":"https:\/\/www.missoeshumanitarias.org\/es\/expo-sa-viviendo-con-el-arte\/#primaryimage"},"thumbnailUrl":"https:\/\/www.missoeshumanitarias.org\/wp-content\/uploads\/2021\/08\/expo-sa4.jpg","articleSection":["Noticias","Noticias de las Misiones"],"inLanguage":"es","potentialAction":[{"@type":"CommentAction","name":"Comment","target":["https:\/\/www.missoeshumanitarias.org\/es\/expo-sa-viviendo-con-el-arte\/#respond"]}]},{"@type":"WebPage","@id":"https:\/\/www.missoeshumanitarias.org\/es\/expo-sa-viviendo-con-el-arte\/","url":"https:\/\/www.missoeshumanitarias.org\/es\/expo-sa-viviendo-con-el-arte\/","name":"Expo-S\u00e1: viviendo con el arte - Fraternidade Miss\u00f5es Humanit\u00e1rias Internacionais","isPartOf":{"@id":"https:\/\/www.missoeshumanitarias.org\/es\/#website"},"primaryImageOfPage":{"@id":"https:\/\/www.missoeshumanitarias.org\/es\/expo-sa-viviendo-con-el-arte\/#primaryimage"},"image":{"@id":"https:\/\/www.missoeshumanitarias.org\/es\/expo-sa-viviendo-con-el-arte\/#primaryimage"},"thumbnailUrl":"https:\/\/www.missoeshumanitarias.org\/wp-content\/uploads\/2021\/08\/expo-sa4.jpg","datePublished":"2020-10-08T19:32:30+00:00","dateModified":"2023-02-17T10:14:07+00:00","breadcrumb":{"@id":"https:\/\/www.missoeshumanitarias.org\/es\/expo-sa-viviendo-con-el-arte\/#breadcrumb"},"inLanguage":"es","potentialAction":[{"@type":"ReadAction","target":["https:\/\/www.missoeshumanitarias.org\/es\/expo-sa-viviendo-con-el-arte\/"]}]},{"@type":"ImageObject","inLanguage":"es","@id":"https:\/\/www.missoeshumanitarias.org\/es\/expo-sa-viviendo-con-el-arte\/#primaryimage","url":"https:\/\/www.missoeshumanitarias.org\/wp-content\/uploads\/2021\/08\/expo-sa4.jpg","contentUrl":"https:\/\/www.missoeshumanitarias.org\/wp-content\/uploads\/2021\/08\/expo-sa4.jpg","width":1000,"height":750},{"@type":"BreadcrumbList","@id":"https:\/\/www.missoeshumanitarias.org\/es\/expo-sa-viviendo-con-el-arte\/#breadcrumb","itemListElement":[{"@type":"ListItem","position":1,"name":"Home","item":"https:\/\/www.missoeshumanitarias.org\/en\/"},{"@type":"ListItem","position":2,"name":"Expo-S\u00e1: viviendo con el arte"}]},{"@type":"WebSite","@id":"https:\/\/www.missoeshumanitarias.org\/es\/#website","url":"https:\/\/www.missoeshumanitarias.org\/es\/","name":"Fraternidade Miss\u00f5es Humanit\u00e1rias Internacionais","description":"Respostas Humanit\u00e1rias e Emerg\u00eancias","publisher":{"@id":"https:\/\/www.missoeshumanitarias.org\/es\/#organization"},"potentialAction":[{"@type":"SearchAction","target":{"@type":"EntryPoint","urlTemplate":"https:\/\/www.missoeshumanitarias.org\/es\/?s={search_term_string}"},"query-input":"required name=search_term_string"}],"inLanguage":"es"},{"@type":"Organization","@id":"https:\/\/www.missoeshumanitarias.org\/es\/#organization","name":"Fraternidade - Miss\u00f5es Humanit\u00e1rias Internacionais","url":"https:\/\/www.missoeshumanitarias.org\/es\/","logo":{"@type":"ImageObject","inLanguage":"es","@id":"https:\/\/www.missoeshumanitarias.org\/es\/#\/schema\/logo\/image\/","url":"https:\/\/www.missoeshumanitarias.org\/wp-content\/uploads\/2020\/05\/logo-FMHI-mg.png","contentUrl":"https:\/\/www.missoeshumanitarias.org\/wp-content\/uploads\/2020\/05\/logo-FMHI-mg.png","width":520,"height":134,"caption":"Fraternidade - Miss\u00f5es Humanit\u00e1rias Internacionais"},"image":{"@id":"https:\/\/www.missoeshumanitarias.org\/es\/#\/schema\/logo\/image\/"}},{"@type":"Person","@id":"https:\/\/www.missoeshumanitarias.org\/es\/#\/schema\/person\/e0f8527323154d1eba9f9d9eb6b401f7","name":"maducato_admin","image":{"@type":"ImageObject","inLanguage":"es","@id":"https:\/\/www.missoeshumanitarias.org\/es\/#\/schema\/person\/image\/","url":"https:\/\/secure.gravatar.com\/avatar\/6c3b45186a8f5a459d8e14c7fca370bceae92402bc06171d75e4e559b6c24393?s=96&d=mm&r=g","contentUrl":"https:\/\/secure.gravatar.com\/avatar\/6c3b45186a8f5a459d8e14c7fca370bceae92402bc06171d75e4e559b6c24393?s=96&d=mm&r=g","caption":"maducato_admin"}}]}},"_links":{"self":[{"href":"https:\/\/www.missoeshumanitarias.org\/es\/wp-json\/wp\/v2\/posts\/132023","targetHints":{"allow":["GET"]}}],"collection":[{"href":"https:\/\/www.missoeshumanitarias.org\/es\/wp-json\/wp\/v2\/posts"}],"about":[{"href":"https:\/\/www.missoeshumanitarias.org\/es\/wp-json\/wp\/v2\/types\/post"}],"author":[{"embeddable":true,"href":"https:\/\/www.missoeshumanitarias.org\/es\/wp-json\/wp\/v2\/users\/1"}],"replies":[{"embeddable":true,"href":"https:\/\/www.missoeshumanitarias.org\/es\/wp-json\/wp\/v2\/comments?post=132023"}],"version-history":[{"count":0,"href":"https:\/\/www.missoeshumanitarias.org\/es\/wp-json\/wp\/v2\/posts\/132023\/revisions"}],"wp:featuredmedia":[{"embeddable":true,"href":"https:\/\/www.missoeshumanitarias.org\/es\/wp-json\/wp\/v2\/media\/130295"}],"wp:attachment":[{"href":"https:\/\/www.missoeshumanitarias.org\/es\/wp-json\/wp\/v2\/media?parent=132023"}],"wp:term":[{"taxonomy":"category","embeddable":true,"href":"https:\/\/www.missoeshumanitarias.org\/es\/wp-json\/wp\/v2\/categories?post=132023"},{"taxonomy":"post_tag","embeddable":true,"href":"https:\/\/www.missoeshumanitarias.org\/es\/wp-json\/wp\/v2\/tags?post=132023"}],"curies":[{"name":"wp","href":"https:\/\/api.w.org\/{rel}","templated":true}]}}