{"id":132036,"date":"2020-11-05T19:07:54","date_gmt":"2020-11-05T22:07:54","guid":{"rendered":"https:\/\/www.missoeshumanitarias.org\/formacion-sobre-normas-minimas-para-la-educacion-de-emergencia\/"},"modified":"2023-02-16T19:05:01","modified_gmt":"2023-02-16T22:05:01","slug":"formacion-sobre-normas-minimas-para-la-educacion-de-emergencia","status":"publish","type":"post","link":"https:\/\/www.missoeshumanitarias.org\/es\/formacion-sobre-normas-minimas-para-la-educacion-de-emergencia\/","title":{"rendered":"Formaci\u00f3n sobre Normas M\u00ednimas para la Educaci\u00f3n de Emergencia"},"content":{"rendered":"<p style=\"font-weight: 400; text-align: justify;\">Tras realizar la &#8216;Formaci\u00f3n de\u00a0Capacitadores\u00a0&#8211; Est\u00e1ndares M\u00ednimos de Educaci\u00f3n de Emergencia&#8217;, dos misioneros y representantes de la\u00a0<a href=\"https:\/\/www.fraterinternacional.org\/es\/\">Fraternidad &#8211; Federaci\u00f3n Humanitaria Internacional (FFHI)<\/a>\u00a0en INEE (Red Interinstitucional para la Educaci\u00f3n en Situaciones de Emergencia), F\u00e1tima Cavalcante y Anderson Santiago, se preparan como facilitadores del curso \u201cRequisitos M\u00ednimos de la Educaci\u00f3n: Preparaci\u00f3n, respuesta y construcci\u00f3n\u201d.<\/p>\n<p style=\"font-weight: 400; text-align: justify;\">La formaci\u00f3n de\u00a0capacitadores, que tuvo lugar virtualmente en octubre, involucr\u00f3 a profesionales con experiencia en Europa, Oriente Medio, \u00c1frica y Sudam\u00e9rica, y fue realizada por representantes de la INEE en ingl\u00e9s.<\/p>\n<p style=\"font-weight: 400; text-align: justify;\">La capacitaci\u00f3n de noviembre, que tendr\u00e1 lugar entre los d\u00edas 11 y 13, ayudar\u00e1 a los participantes a comprender los Requisitos M\u00ednimos para la Educaci\u00f3n y sus prop\u00f3sitos, adem\u00e1s de desarrollar habilidades para adaptar y aplicar los mismos requisitos en el dise\u00f1o, implementaci\u00f3n y seguimiento de programas de Educaci\u00f3n en situaciones de Emergencia.<\/p>\n<p style=\"font-weight: 400; text-align: justify;\">El curso de formaci\u00f3n, seg\u00fan F\u00e1tima, traz\u00f3 un camino s\u00f3lido para mejorar la formaci\u00f3n en el campo humanitario. \u201cM\u00e1s que guardar informaci\u00f3n, es necesario no solo ense\u00f1ar, sino aprender a aprender, a descubrir qu\u00e9 hay detr\u00e1s de cada nueva lecci\u00f3n, entre los errores y los aciertos\u201d, dice.<\/p>\n<p><a href=\"https:\/\/www.missoeshumanitarias.org\/wp-content\/uploads\/2021\/08\/curso-reuisitos-minimos.jpg\"><img fetchpriority=\"high\" decoding=\"async\" class=\"size-full wp-image-118732 aligncenter\" src=\"https:\/\/www.missoeshumanitarias.org\/wp-content\/uploads\/2021\/08\/curso-reuisitos-minimos.jpg\" alt=\"\" width=\"788\" height=\"633\" \/><\/a><\/p>\n<p style=\"text-align: justify;\">\u201cLa formaci\u00f3n est\u00e1 dise\u00f1ada para prepararnos para multiplicar el conocimiento. Hubo un gran nivel de interactividad y fue posible reunirnos con el grupo de hablantes de portugu\u00e9s para discutir esta pr\u00f3xima capacitaci\u00f3n\u201d, dice Anderson.<\/p>\n<h3 style=\"text-align: justify;\"><b>NORMAS M\u00cdNIMAS<\/b><\/h3>\n<p style=\"font-weight: 400; text-align: justify;\">Seg\u00fan Anderson, las capacitaciones son una oportunidad para que los involucrados en el eje de Educaci\u00f3n de Emergencia de la\u00a0<a href=\"https:\/\/www.fraterinternacional.org\/es\/\">Fraternidad Humanitaria (FFHI)<\/a>\u00a0tengan los conocimientos necesarios para apoyar los est\u00e1ndares m\u00ednimos.<\/p>\n<p style=\"font-weight: 400; text-align: justify;\">En este sentido, F\u00e1tima enfatiza el contenido que, adem\u00e1s de contar con una producci\u00f3n internacional de excelencia, aborda la importancia estrat\u00e9gica de la educaci\u00f3n en crisis humanitarias y la coloca como herramienta para salvar vidas.<\/p>\n<p style=\"font-weight: 400; text-align: justify;\">\u00abPara encontrar un camino m\u00e1s efectivo en la vida de las personas involucradas en crisis humanitarias, la Educaci\u00f3n de Emergencia necesita construir una mirada contextualizada, interactuar con muchos actores y organizar estrategias con la participaci\u00f3n de personas, comunidades, organizaciones, gobiernos y entidades nacionales e internacionales\u00bb, eval\u00faa.<\/p>\n<p style=\"font-weight: 400; text-align: justify;\">El curso, dice la misionera, \u00abpromovi\u00f3 una preciosa profundizaci\u00f3n en el alcance de las mejoras en las respuestas a las crisis humanitarias\u00bb.<\/p>\n<p style=\"font-weight: 400; text-align: justify;\">Ahora, los dos misioneros, F\u00e1tima y Anderson, finalizan los \u00faltimos detalles para la facilitaci\u00f3n del curso de noviembre, que contar\u00e1 con la intervenci\u00f3n de tres misioneros m\u00e1s de la Fraternidad &#8211; Humanitaria (FFHI), entre otros participantes. \u201cCon este curso, nos estamos preparando para multiplicar para otras personas que trabajan en esta \u00e1rea y que est\u00e1n menos formadas en Educaci\u00f3n de Emergencias\u201d, dice Anderson.<\/p>\n<p style=\"text-align: justify;\">\u00a0\u00abSeguimos con nuevos desaf\u00edos, perfeccionando recursos, herramientas y patrones de conducta\u00bb, agrega F\u00e1tima.<\/p>\n<div id='gallery-1' class='gallery galleryid-132036 gallery-columns-5 gallery-size-thumbnail'><figure class='gallery-item'>\n\t\t\t<div class='gallery-icon landscape'>\n\t\t\t\t<a href='https:\/\/www.missoeshumanitarias.org\/wp-content\/uploads\/2021\/08\/Missa\u0303o-Humanita\u0301ria-A\u0301frica-FFHI-FMHI-7.jpeg'><img decoding=\"async\" width=\"150\" height=\"150\" src=\"https:\/\/www.missoeshumanitarias.org\/wp-content\/uploads\/2021\/08\/Missa\u0303o-Humanita\u0301ria-A\u0301frica-FFHI-FMHI-7-150x150.jpeg\" class=\"attachment-thumbnail size-thumbnail\" alt=\"Fraternidade \u2013 Miss\u00f5es (FMHI) realiza encontros \u00e0 dist\u00e2ncia com jovens angolanos\" \/><\/a>\n\t\t\t<\/div><\/figure><figure class='gallery-item'>\n\t\t\t<div class='gallery-icon landscape'>\n\t\t\t\t<a href='https:\/\/www.missoeshumanitarias.org\/wp-content\/uploads\/2021\/08\/img-projeto-musical-angola01.jpg'><img decoding=\"async\" width=\"150\" height=\"150\" src=\"https:\/\/www.missoeshumanitarias.org\/wp-content\/uploads\/2021\/08\/img-projeto-musical-angola01-150x150.jpg\" class=\"attachment-thumbnail size-thumbnail\" alt=\"Projeto musical Angola\" \/><\/a>\n\t\t\t<\/div><\/figure><figure class='gallery-item'>\n\t\t\t<div class='gallery-icon landscape'>\n\t\t\t\t<a href='https:\/\/www.missoeshumanitarias.org\/wp-content\/uploads\/2021\/08\/missao-angola04.jpg'><img loading=\"lazy\" decoding=\"async\" width=\"150\" height=\"150\" src=\"https:\/\/www.missoeshumanitarias.org\/wp-content\/uploads\/2021\/08\/missao-angola04-150x150.jpg\" class=\"attachment-thumbnail size-thumbnail\" alt=\"\" \/><\/a>\n\t\t\t<\/div><\/figure><figure class='gallery-item'>\n\t\t\t<div class='gallery-icon landscape'>\n\t\t\t\t<a href='https:\/\/www.missoeshumanitarias.org\/wp-content\/uploads\/2021\/08\/img-dest-missao-colombia-criancas.jpg'><img loading=\"lazy\" decoding=\"async\" width=\"150\" height=\"150\" src=\"https:\/\/www.missoeshumanitarias.org\/wp-content\/uploads\/2021\/08\/img-dest-missao-colombia-criancas-150x150.jpg\" class=\"attachment-thumbnail size-thumbnail\" alt=\"Miss\u00e3o Colombia\" \/><\/a>\n\t\t\t<\/div><\/figure><figure class='gallery-item'>\n\t\t\t<div class='gallery-icon landscape'>\n\t\t\t\t<a href='https:\/\/www.missoeshumanitarias.org\/wp-content\/uploads\/2021\/08\/missao-colombia-30-11-19g.jpg'><img loading=\"lazy\" decoding=\"async\" width=\"150\" height=\"150\" src=\"https:\/\/www.missoeshumanitarias.org\/wp-content\/uploads\/2021\/08\/missao-colombia-30-11-19g-150x150.jpg\" class=\"attachment-thumbnail size-thumbnail\" alt=\"Miss\u00e3o Col\u00f4mbia\" \/><\/a>\n\t\t\t<\/div><\/figure><figure class='gallery-item'>\n\t\t\t<div class='gallery-icon portrait'>\n\t\t\t\t<a href='https:\/\/www.missoeshumanitarias.org\/wp-content\/uploads\/2021\/08\/img_MHColombia_181210_centro_piloto_canto_criancas_01.jpg'><img loading=\"lazy\" decoding=\"async\" width=\"150\" height=\"150\" src=\"https:\/\/www.missoeshumanitarias.org\/wp-content\/uploads\/2021\/08\/img_MHColombia_181210_centro_piloto_canto_criancas_01-150x150.jpg\" class=\"attachment-thumbnail size-thumbnail\" alt=\"\" \/><\/a>\n\t\t\t<\/div><\/figure><figure class='gallery-item'>\n\t\t\t<div class='gallery-icon landscape'>\n\t\t\t\t<a href='https:\/\/www.missoeshumanitarias.org\/wp-content\/uploads\/2021\/08\/img_MHColombia_181210_centro_piloto_danca_criancas_02.jpg'><img loading=\"lazy\" decoding=\"async\" width=\"150\" height=\"150\" src=\"https:\/\/www.missoeshumanitarias.org\/wp-content\/uploads\/2021\/08\/img_MHColombia_181210_centro_piloto_danca_criancas_02-150x150.jpg\" class=\"attachment-thumbnail size-thumbnail\" alt=\"\" \/><\/a>\n\t\t\t<\/div><\/figure><figure class='gallery-item'>\n\t\t\t<div class='gallery-icon landscape'>\n\t\t\t\t<a href='https:\/\/www.missoeshumanitarias.org\/wp-content\/uploads\/2021\/08\/criancas_colombia.jpg'><img loading=\"lazy\" decoding=\"async\" width=\"150\" height=\"150\" src=\"https:\/\/www.missoeshumanitarias.org\/wp-content\/uploads\/2021\/08\/criancas_colombia-150x150.jpg\" class=\"attachment-thumbnail size-thumbnail\" alt=\"\" \/><\/a>\n\t\t\t<\/div><\/figure><figure class='gallery-item'>\n\t\t\t<div class='gallery-icon landscape'>\n\t\t\t\t<a href='https:\/\/www.missoeshumanitarias.org\/wp-content\/uploads\/2021\/08\/pedagogia_de_emergencia_missao_roraima_ffhi_2.jpg'><img loading=\"lazy\" decoding=\"async\" width=\"150\" height=\"150\" src=\"https:\/\/www.missoeshumanitarias.org\/wp-content\/uploads\/2021\/08\/pedagogia_de_emergencia_missao_roraima_ffhi_2-150x150.jpg\" class=\"attachment-thumbnail size-thumbnail\" alt=\"Crian\u00e7as nos abrigos de Roraima\" \/><\/a>\n\t\t\t<\/div><\/figure><figure class='gallery-item'>\n\t\t\t<div class='gallery-icon landscape'>\n\t\t\t\t<a href='https:\/\/www.missoeshumanitarias.org\/wp-content\/uploads\/2021\/08\/pedagogia_de_emergencia_missao_roraima_ffhi_4.jpg'><img loading=\"lazy\" decoding=\"async\" width=\"150\" height=\"150\" src=\"https:\/\/www.missoeshumanitarias.org\/wp-content\/uploads\/2021\/08\/pedagogia_de_emergencia_missao_roraima_ffhi_4-150x150.jpg\" class=\"attachment-thumbnail size-thumbnail\" alt=\"Crian\u00e7as nos abrigos de Roraima\" \/><\/a>\n\t\t\t<\/div><\/figure><figure class='gallery-item'>\n\t\t\t<div class='gallery-icon landscape'>\n\t\t\t\t<a href='https:\/\/www.missoeshumanitarias.org\/wp-content\/uploads\/2021\/08\/canarinhos-roraima03.jpg'><img loading=\"lazy\" decoding=\"async\" width=\"150\" height=\"150\" src=\"https:\/\/www.missoeshumanitarias.org\/wp-content\/uploads\/2021\/08\/canarinhos-roraima03-150x150.jpg\" class=\"attachment-thumbnail size-thumbnail\" alt=\"Crian\u00e7as e jovens do coral \u201cCanarinhos da Amaz\u00f4nia\u201d\" \/><\/a>\n\t\t\t<\/div><\/figure><figure class='gallery-item'>\n\t\t\t<div class='gallery-icon landscape'>\n\t\t\t\t<a href='https:\/\/www.missoeshumanitarias.org\/wp-content\/uploads\/2021\/08\/missao_roraima_dia_criancas_nova_canaa_06.jpg'><img loading=\"lazy\" decoding=\"async\" width=\"150\" height=\"150\" src=\"https:\/\/www.missoeshumanitarias.org\/wp-content\/uploads\/2021\/08\/missao_roraima_dia_criancas_nova_canaa_06-150x150.jpg\" class=\"attachment-thumbnail size-thumbnail\" alt=\"\" \/><\/a>\n\t\t\t<\/div><\/figure><figure class='gallery-item'>\n\t\t\t<div class='gallery-icon landscape'>\n\t\t\t\t<a href='https:\/\/www.missoeshumanitarias.org\/wp-content\/uploads\/2021\/08\/missao_roraima_dia_criancas_nova_canaa_01.jpg'><img loading=\"lazy\" decoding=\"async\" width=\"150\" height=\"150\" src=\"https:\/\/www.missoeshumanitarias.org\/wp-content\/uploads\/2021\/08\/missao_roraima_dia_criancas_nova_canaa_01-150x150.jpg\" class=\"attachment-thumbnail size-thumbnail\" alt=\"\" \/><\/a>\n\t\t\t<\/div><\/figure><figure class='gallery-item'>\n\t\t\t<div class='gallery-icon landscape'>\n\t\t\t\t<a href='https:\/\/www.missoeshumanitarias.org\/wp-content\/uploads\/2021\/08\/missao_roraima_dia_criancas_pintolandia_01.jpg'><img loading=\"lazy\" decoding=\"async\" width=\"150\" height=\"150\" src=\"https:\/\/www.missoeshumanitarias.org\/wp-content\/uploads\/2021\/08\/missao_roraima_dia_criancas_pintolandia_01-150x150.jpg\" class=\"attachment-thumbnail size-thumbnail\" alt=\"\" \/><\/a>\n\t\t\t<\/div><\/figure><figure class='gallery-item'>\n\t\t\t<div class='gallery-icon landscape'>\n\t\t\t\t<a href='https:\/\/www.missoeshumanitarias.org\/wp-content\/uploads\/2021\/08\/roraima_missao_criancas_banho_balde.jpg'><img loading=\"lazy\" decoding=\"async\" width=\"150\" height=\"150\" src=\"https:\/\/www.missoeshumanitarias.org\/wp-content\/uploads\/2021\/08\/roraima_missao_criancas_banho_balde-150x150.jpg\" class=\"attachment-thumbnail size-thumbnail\" alt=\"\" \/><\/a>\n\t\t\t<\/div><\/figure><figure class='gallery-item'>\n\t\t\t<div class='gallery-icon landscape'>\n\t\t\t\t<a href='https:\/\/www.missoeshumanitarias.org\/wp-content\/uploads\/2021\/08\/roraima_missao_pacaraima_aula_higiene_bucal_criancas_11_2017.jpg'><img loading=\"lazy\" decoding=\"async\" width=\"150\" height=\"150\" src=\"https:\/\/www.missoeshumanitarias.org\/wp-content\/uploads\/2021\/08\/roraima_missao_pacaraima_aula_higiene_bucal_criancas_11_2017-150x150.jpg\" class=\"attachment-thumbnail size-thumbnail\" alt=\"\" \/><\/a>\n\t\t\t<\/div><\/figure><figure class='gallery-item'>\n\t\t\t<div class='gallery-icon landscape'>\n\t\t\t\t<a href='https:\/\/www.missoeshumanitarias.org\/wp-content\/uploads\/2021\/08\/Pedagogia-de-Emergencia-FFHI-30.jpg'><img loading=\"lazy\" decoding=\"async\" width=\"150\" height=\"150\" src=\"https:\/\/www.missoeshumanitarias.org\/wp-content\/uploads\/2021\/08\/Pedagogia-de-Emergencia-FFHI-30-150x150.jpg\" class=\"attachment-thumbnail size-thumbnail\" alt=\"Pedagogia de Emerg\u00eancia\" \/><\/a>\n\t\t\t<\/div><\/figure><figure class='gallery-item'>\n\t\t\t<div class='gallery-icon landscape'>\n\t\t\t\t<a href='https:\/\/www.missoeshumanitarias.org\/wp-content\/uploads\/2021\/08\/educacao-emergencia-roraima-FFHI05.jpg'><img loading=\"lazy\" decoding=\"async\" width=\"150\" height=\"150\" src=\"https:\/\/www.missoeshumanitarias.org\/wp-content\/uploads\/2021\/08\/educacao-emergencia-roraima-FFHI05-150x150.jpg\" class=\"attachment-thumbnail size-thumbnail\" alt=\"Pedagogia de Emerg\u00eancia\" \/><\/a>\n\t\t\t<\/div><\/figure><figure class='gallery-item'>\n\t\t\t<div class='gallery-icon landscape'>\n\t\t\t\t<a href='https:\/\/www.missoeshumanitarias.org\/wp-content\/uploads\/2021\/08\/OFICINA-PEDAGOGIA-DE-EMERGENCIA19.jpg'><img loading=\"lazy\" decoding=\"async\" width=\"150\" height=\"150\" src=\"https:\/\/www.missoeshumanitarias.org\/wp-content\/uploads\/2021\/08\/OFICINA-PEDAGOGIA-DE-EMERGENCIA19-150x150.jpg\" class=\"attachment-thumbnail size-thumbnail\" alt=\"Oficina Pedagogia de Emerg\u00eancia\" \/><\/a>\n\t\t\t<\/div><\/figure>\n\t\t<\/div>\n\n<p>&nbsp;<\/p>\n<p style=\"text-align: center;\"><span style=\"font-size: 10pt; color: #333333;\">Colecci\u00f3n de fotograf\u00edas de las Misiones Roraima, Colombia y Angola, tomadas en el per\u00edodo anterior a la pandemia.<\/span><\/p>\n","protected":false},"excerpt":{"rendered":"<p>Tras realizar la &#8216;Formaci\u00f3n de\u00a0Capacitadores\u00a0&#8211; Est\u00e1ndares M\u00ednimos de Educaci\u00f3n de Emergencia&#8217;, dos misioneros y representantes de la\u00a0Fraternidad &#8211; Federaci\u00f3n Humanitaria Internacional (FFHI)\u00a0en INEE (Red Interinstitucional para la Educaci\u00f3n en Situaciones de Emergencia), F\u00e1tima Cavalcante y Anderson Santiago, se preparan como facilitadores del curso \u201cRequisitos M\u00ednimos de la Educaci\u00f3n: Preparaci\u00f3n, respuesta y construcci\u00f3n\u201d. La formaci\u00f3n de\u00a0capacitadores, [&hellip;]<\/p>\n","protected":false},"author":1,"featured_media":130071,"comment_status":"open","ping_status":"open","sticky":false,"template":"","format":"standard","meta":{"footnotes":""},"categories":[43],"tags":[194],"class_list":["post-132036","post","type-post","status-publish","format-standard","has-post-thumbnail","hentry","category-noticias-es","tag-mision-angola"],"featured_image_src":"https:\/\/www.missoeshumanitarias.org\/wp-content\/uploads\/2021\/08\/EXPRESSAO-CORPORAL-REFUGIADOS-WARAO-E_NEPA-FFHI-3-1.jpg","author_info":{"display_name":"maducato_admin","author_link":"https:\/\/www.missoeshumanitarias.org\/es\/author\/maducato_admin\/"},"yoast_head":"<!-- This site is optimized with the Yoast SEO Premium plugin v22.5 (Yoast SEO v22.5) - https:\/\/yoast.com\/wordpress\/plugins\/seo\/ -->\n<title>Formaci\u00f3n sobre Normas M\u00ednimas para la Educaci\u00f3n de Emergencia - Fraternidade Miss\u00f5es Humanit\u00e1rias Internacionais<\/title>\n<meta name=\"robots\" content=\"index, follow, max-snippet:-1, max-image-preview:large, max-video-preview:-1\" \/>\n<link rel=\"canonical\" href=\"https:\/\/www.missoeshumanitarias.org\/es\/formacion-sobre-normas-minimas-para-la-educacion-de-emergencia\/\" \/>\n<meta property=\"og:locale\" content=\"es_ES\" \/>\n<meta property=\"og:type\" content=\"article\" \/>\n<meta property=\"og:title\" content=\"Formaci\u00f3n sobre Normas M\u00ednimas para la Educaci\u00f3n de Emergencia\" \/>\n<meta property=\"og:description\" content=\"Tras realizar la &#8216;Formaci\u00f3n de\u00a0Capacitadores\u00a0&#8211; Est\u00e1ndares M\u00ednimos de Educaci\u00f3n de Emergencia&#8217;, dos misioneros y representantes de la\u00a0Fraternidad &#8211; Federaci\u00f3n Humanitaria Internacional (FFHI)\u00a0en INEE (Red Interinstitucional para la Educaci\u00f3n en Situaciones de Emergencia), F\u00e1tima Cavalcante y Anderson Santiago, se preparan como facilitadores del curso \u201cRequisitos M\u00ednimos de la Educaci\u00f3n: Preparaci\u00f3n, respuesta y construcci\u00f3n\u201d. La formaci\u00f3n de\u00a0capacitadores, [&hellip;]\" \/>\n<meta property=\"og:url\" content=\"https:\/\/www.missoeshumanitarias.org\/es\/formacion-sobre-normas-minimas-para-la-educacion-de-emergencia\/\" \/>\n<meta property=\"og:site_name\" content=\"Fraternidade Miss\u00f5es Humanit\u00e1rias Internacionais\" \/>\n<meta property=\"article:published_time\" content=\"2020-11-05T22:07:54+00:00\" \/>\n<meta property=\"article:modified_time\" content=\"2023-02-16T22:05:01+00:00\" \/>\n<meta property=\"og:image\" content=\"https:\/\/www.missoeshumanitarias.org\/wp-content\/uploads\/2021\/08\/EXPRESSAO-CORPORAL-REFUGIADOS-WARAO-E_NEPA-FFHI-3-1.jpg\" \/>\n\t<meta property=\"og:image:width\" content=\"1000\" \/>\n\t<meta property=\"og:image:height\" content=\"667\" \/>\n\t<meta property=\"og:image:type\" content=\"image\/jpeg\" \/>\n<meta name=\"author\" content=\"maducato_admin\" \/>\n<meta name=\"twitter:card\" content=\"summary_large_image\" \/>\n<meta name=\"twitter:label1\" content=\"Escrito por\" \/>\n\t<meta name=\"twitter:data1\" content=\"maducato_admin\" \/>\n\t<meta name=\"twitter:label2\" content=\"Tiempo de lectura\" \/>\n\t<meta name=\"twitter:data2\" content=\"3 minutos\" \/>\n<script type=\"application\/ld+json\" class=\"yoast-schema-graph\">{\"@context\":\"https:\/\/schema.org\",\"@graph\":[{\"@type\":\"Article\",\"@id\":\"https:\/\/www.missoeshumanitarias.org\/es\/formacion-sobre-normas-minimas-para-la-educacion-de-emergencia\/#article\",\"isPartOf\":{\"@id\":\"https:\/\/www.missoeshumanitarias.org\/es\/formacion-sobre-normas-minimas-para-la-educacion-de-emergencia\/\"},\"author\":{\"name\":\"maducato_admin\",\"@id\":\"https:\/\/www.missoeshumanitarias.org\/es\/#\/schema\/person\/e0f8527323154d1eba9f9d9eb6b401f7\"},\"headline\":\"Formaci\u00f3n sobre Normas M\u00ednimas para la Educaci\u00f3n de Emergencia\",\"datePublished\":\"2020-11-05T22:07:54+00:00\",\"dateModified\":\"2023-02-16T22:05:01+00:00\",\"mainEntityOfPage\":{\"@id\":\"https:\/\/www.missoeshumanitarias.org\/es\/formacion-sobre-normas-minimas-para-la-educacion-de-emergencia\/\"},\"wordCount\":533,\"commentCount\":0,\"publisher\":{\"@id\":\"https:\/\/www.missoeshumanitarias.org\/es\/#organization\"},\"image\":{\"@id\":\"https:\/\/www.missoeshumanitarias.org\/es\/formacion-sobre-normas-minimas-para-la-educacion-de-emergencia\/#primaryimage\"},\"thumbnailUrl\":\"https:\/\/www.missoeshumanitarias.org\/wp-content\/uploads\/2021\/08\/EXPRESSAO-CORPORAL-REFUGIADOS-WARAO-E_NEPA-FFHI-3-1.jpg\",\"keywords\":[\"Misi\u00f3n Angola\"],\"articleSection\":[\"Noticias\"],\"inLanguage\":\"es\",\"potentialAction\":[{\"@type\":\"CommentAction\",\"name\":\"Comment\",\"target\":[\"https:\/\/www.missoeshumanitarias.org\/es\/formacion-sobre-normas-minimas-para-la-educacion-de-emergencia\/#respond\"]}]},{\"@type\":\"WebPage\",\"@id\":\"https:\/\/www.missoeshumanitarias.org\/es\/formacion-sobre-normas-minimas-para-la-educacion-de-emergencia\/\",\"url\":\"https:\/\/www.missoeshumanitarias.org\/es\/formacion-sobre-normas-minimas-para-la-educacion-de-emergencia\/\",\"name\":\"Formaci\u00f3n sobre Normas M\u00ednimas para la Educaci\u00f3n de Emergencia - Fraternidade Miss\u00f5es Humanit\u00e1rias Internacionais\",\"isPartOf\":{\"@id\":\"https:\/\/www.missoeshumanitarias.org\/es\/#website\"},\"primaryImageOfPage\":{\"@id\":\"https:\/\/www.missoeshumanitarias.org\/es\/formacion-sobre-normas-minimas-para-la-educacion-de-emergencia\/#primaryimage\"},\"image\":{\"@id\":\"https:\/\/www.missoeshumanitarias.org\/es\/formacion-sobre-normas-minimas-para-la-educacion-de-emergencia\/#primaryimage\"},\"thumbnailUrl\":\"https:\/\/www.missoeshumanitarias.org\/wp-content\/uploads\/2021\/08\/EXPRESSAO-CORPORAL-REFUGIADOS-WARAO-E_NEPA-FFHI-3-1.jpg\",\"datePublished\":\"2020-11-05T22:07:54+00:00\",\"dateModified\":\"2023-02-16T22:05:01+00:00\",\"breadcrumb\":{\"@id\":\"https:\/\/www.missoeshumanitarias.org\/es\/formacion-sobre-normas-minimas-para-la-educacion-de-emergencia\/#breadcrumb\"},\"inLanguage\":\"es\",\"potentialAction\":[{\"@type\":\"ReadAction\",\"target\":[\"https:\/\/www.missoeshumanitarias.org\/es\/formacion-sobre-normas-minimas-para-la-educacion-de-emergencia\/\"]}]},{\"@type\":\"ImageObject\",\"inLanguage\":\"es\",\"@id\":\"https:\/\/www.missoeshumanitarias.org\/es\/formacion-sobre-normas-minimas-para-la-educacion-de-emergencia\/#primaryimage\",\"url\":\"https:\/\/www.missoeshumanitarias.org\/wp-content\/uploads\/2021\/08\/EXPRESSAO-CORPORAL-REFUGIADOS-WARAO-E_NEPA-FFHI-3-1.jpg\",\"contentUrl\":\"https:\/\/www.missoeshumanitarias.org\/wp-content\/uploads\/2021\/08\/EXPRESSAO-CORPORAL-REFUGIADOS-WARAO-E_NEPA-FFHI-3-1.jpg\",\"width\":1000,\"height\":667,\"caption\":\"\u2018Comunica\u00e7\u00e3o sobre Sa\u00fade com Ind\u00edgenas Warao e E\u00f1epa\"},{\"@type\":\"BreadcrumbList\",\"@id\":\"https:\/\/www.missoeshumanitarias.org\/es\/formacion-sobre-normas-minimas-para-la-educacion-de-emergencia\/#breadcrumb\",\"itemListElement\":[{\"@type\":\"ListItem\",\"position\":1,\"name\":\"Home\",\"item\":\"https:\/\/www.missoeshumanitarias.org\/en\/\"},{\"@type\":\"ListItem\",\"position\":2,\"name\":\"Formaci\u00f3n sobre Normas M\u00ednimas para la Educaci\u00f3n de Emergencia\"}]},{\"@type\":\"WebSite\",\"@id\":\"https:\/\/www.missoeshumanitarias.org\/es\/#website\",\"url\":\"https:\/\/www.missoeshumanitarias.org\/es\/\",\"name\":\"Fraternidade Miss\u00f5es Humanit\u00e1rias Internacionais\",\"description\":\"Respostas Humanit\u00e1rias e Emerg\u00eancias\",\"publisher\":{\"@id\":\"https:\/\/www.missoeshumanitarias.org\/es\/#organization\"},\"potentialAction\":[{\"@type\":\"SearchAction\",\"target\":{\"@type\":\"EntryPoint\",\"urlTemplate\":\"https:\/\/www.missoeshumanitarias.org\/es\/?s={search_term_string}\"},\"query-input\":\"required name=search_term_string\"}],\"inLanguage\":\"es\"},{\"@type\":\"Organization\",\"@id\":\"https:\/\/www.missoeshumanitarias.org\/es\/#organization\",\"name\":\"Fraternidade - Miss\u00f5es Humanit\u00e1rias Internacionais\",\"url\":\"https:\/\/www.missoeshumanitarias.org\/es\/\",\"logo\":{\"@type\":\"ImageObject\",\"inLanguage\":\"es\",\"@id\":\"https:\/\/www.missoeshumanitarias.org\/es\/#\/schema\/logo\/image\/\",\"url\":\"https:\/\/www.missoeshumanitarias.org\/wp-content\/uploads\/2020\/05\/logo-FMHI-mg.png\",\"contentUrl\":\"https:\/\/www.missoeshumanitarias.org\/wp-content\/uploads\/2020\/05\/logo-FMHI-mg.png\",\"width\":520,\"height\":134,\"caption\":\"Fraternidade - Miss\u00f5es Humanit\u00e1rias Internacionais\"},\"image\":{\"@id\":\"https:\/\/www.missoeshumanitarias.org\/es\/#\/schema\/logo\/image\/\"}},{\"@type\":\"Person\",\"@id\":\"https:\/\/www.missoeshumanitarias.org\/es\/#\/schema\/person\/e0f8527323154d1eba9f9d9eb6b401f7\",\"name\":\"maducato_admin\",\"image\":{\"@type\":\"ImageObject\",\"inLanguage\":\"es\",\"@id\":\"https:\/\/www.missoeshumanitarias.org\/es\/#\/schema\/person\/image\/\",\"url\":\"https:\/\/secure.gravatar.com\/avatar\/6c3b45186a8f5a459d8e14c7fca370bceae92402bc06171d75e4e559b6c24393?s=96&d=mm&r=g\",\"contentUrl\":\"https:\/\/secure.gravatar.com\/avatar\/6c3b45186a8f5a459d8e14c7fca370bceae92402bc06171d75e4e559b6c24393?s=96&d=mm&r=g\",\"caption\":\"maducato_admin\"}}]}<\/script>\n<!-- \/ Yoast SEO Premium plugin. -->","yoast_head_json":{"title":"Formaci\u00f3n sobre Normas M\u00ednimas para la Educaci\u00f3n de Emergencia - Fraternidade Miss\u00f5es Humanit\u00e1rias Internacionais","robots":{"index":"index","follow":"follow","max-snippet":"max-snippet:-1","max-image-preview":"max-image-preview:large","max-video-preview":"max-video-preview:-1"},"canonical":"https:\/\/www.missoeshumanitarias.org\/es\/formacion-sobre-normas-minimas-para-la-educacion-de-emergencia\/","og_locale":"es_ES","og_type":"article","og_title":"Formaci\u00f3n sobre Normas M\u00ednimas para la Educaci\u00f3n de Emergencia","og_description":"Tras realizar la &#8216;Formaci\u00f3n de\u00a0Capacitadores\u00a0&#8211; Est\u00e1ndares M\u00ednimos de Educaci\u00f3n de Emergencia&#8217;, dos misioneros y representantes de la\u00a0Fraternidad &#8211; Federaci\u00f3n Humanitaria Internacional (FFHI)\u00a0en INEE (Red Interinstitucional para la Educaci\u00f3n en Situaciones de Emergencia), F\u00e1tima Cavalcante y Anderson Santiago, se preparan como facilitadores del curso \u201cRequisitos M\u00ednimos de la Educaci\u00f3n: Preparaci\u00f3n, respuesta y construcci\u00f3n\u201d. La formaci\u00f3n de\u00a0capacitadores, [&hellip;]","og_url":"https:\/\/www.missoeshumanitarias.org\/es\/formacion-sobre-normas-minimas-para-la-educacion-de-emergencia\/","og_site_name":"Fraternidade Miss\u00f5es Humanit\u00e1rias Internacionais","article_published_time":"2020-11-05T22:07:54+00:00","article_modified_time":"2023-02-16T22:05:01+00:00","og_image":[{"width":1000,"height":667,"url":"https:\/\/www.missoeshumanitarias.org\/wp-content\/uploads\/2021\/08\/EXPRESSAO-CORPORAL-REFUGIADOS-WARAO-E_NEPA-FFHI-3-1.jpg","type":"image\/jpeg"}],"author":"maducato_admin","twitter_card":"summary_large_image","twitter_misc":{"Escrito por":"maducato_admin","Tiempo de lectura":"3 minutos"},"schema":{"@context":"https:\/\/schema.org","@graph":[{"@type":"Article","@id":"https:\/\/www.missoeshumanitarias.org\/es\/formacion-sobre-normas-minimas-para-la-educacion-de-emergencia\/#article","isPartOf":{"@id":"https:\/\/www.missoeshumanitarias.org\/es\/formacion-sobre-normas-minimas-para-la-educacion-de-emergencia\/"},"author":{"name":"maducato_admin","@id":"https:\/\/www.missoeshumanitarias.org\/es\/#\/schema\/person\/e0f8527323154d1eba9f9d9eb6b401f7"},"headline":"Formaci\u00f3n sobre Normas M\u00ednimas para la Educaci\u00f3n de Emergencia","datePublished":"2020-11-05T22:07:54+00:00","dateModified":"2023-02-16T22:05:01+00:00","mainEntityOfPage":{"@id":"https:\/\/www.missoeshumanitarias.org\/es\/formacion-sobre-normas-minimas-para-la-educacion-de-emergencia\/"},"wordCount":533,"commentCount":0,"publisher":{"@id":"https:\/\/www.missoeshumanitarias.org\/es\/#organization"},"image":{"@id":"https:\/\/www.missoeshumanitarias.org\/es\/formacion-sobre-normas-minimas-para-la-educacion-de-emergencia\/#primaryimage"},"thumbnailUrl":"https:\/\/www.missoeshumanitarias.org\/wp-content\/uploads\/2021\/08\/EXPRESSAO-CORPORAL-REFUGIADOS-WARAO-E_NEPA-FFHI-3-1.jpg","keywords":["Misi\u00f3n Angola"],"articleSection":["Noticias"],"inLanguage":"es","potentialAction":[{"@type":"CommentAction","name":"Comment","target":["https:\/\/www.missoeshumanitarias.org\/es\/formacion-sobre-normas-minimas-para-la-educacion-de-emergencia\/#respond"]}]},{"@type":"WebPage","@id":"https:\/\/www.missoeshumanitarias.org\/es\/formacion-sobre-normas-minimas-para-la-educacion-de-emergencia\/","url":"https:\/\/www.missoeshumanitarias.org\/es\/formacion-sobre-normas-minimas-para-la-educacion-de-emergencia\/","name":"Formaci\u00f3n sobre Normas M\u00ednimas para la Educaci\u00f3n de Emergencia - Fraternidade Miss\u00f5es Humanit\u00e1rias Internacionais","isPartOf":{"@id":"https:\/\/www.missoeshumanitarias.org\/es\/#website"},"primaryImageOfPage":{"@id":"https:\/\/www.missoeshumanitarias.org\/es\/formacion-sobre-normas-minimas-para-la-educacion-de-emergencia\/#primaryimage"},"image":{"@id":"https:\/\/www.missoeshumanitarias.org\/es\/formacion-sobre-normas-minimas-para-la-educacion-de-emergencia\/#primaryimage"},"thumbnailUrl":"https:\/\/www.missoeshumanitarias.org\/wp-content\/uploads\/2021\/08\/EXPRESSAO-CORPORAL-REFUGIADOS-WARAO-E_NEPA-FFHI-3-1.jpg","datePublished":"2020-11-05T22:07:54+00:00","dateModified":"2023-02-16T22:05:01+00:00","breadcrumb":{"@id":"https:\/\/www.missoeshumanitarias.org\/es\/formacion-sobre-normas-minimas-para-la-educacion-de-emergencia\/#breadcrumb"},"inLanguage":"es","potentialAction":[{"@type":"ReadAction","target":["https:\/\/www.missoeshumanitarias.org\/es\/formacion-sobre-normas-minimas-para-la-educacion-de-emergencia\/"]}]},{"@type":"ImageObject","inLanguage":"es","@id":"https:\/\/www.missoeshumanitarias.org\/es\/formacion-sobre-normas-minimas-para-la-educacion-de-emergencia\/#primaryimage","url":"https:\/\/www.missoeshumanitarias.org\/wp-content\/uploads\/2021\/08\/EXPRESSAO-CORPORAL-REFUGIADOS-WARAO-E_NEPA-FFHI-3-1.jpg","contentUrl":"https:\/\/www.missoeshumanitarias.org\/wp-content\/uploads\/2021\/08\/EXPRESSAO-CORPORAL-REFUGIADOS-WARAO-E_NEPA-FFHI-3-1.jpg","width":1000,"height":667,"caption":"\u2018Comunica\u00e7\u00e3o sobre Sa\u00fade com Ind\u00edgenas Warao e E\u00f1epa"},{"@type":"BreadcrumbList","@id":"https:\/\/www.missoeshumanitarias.org\/es\/formacion-sobre-normas-minimas-para-la-educacion-de-emergencia\/#breadcrumb","itemListElement":[{"@type":"ListItem","position":1,"name":"Home","item":"https:\/\/www.missoeshumanitarias.org\/en\/"},{"@type":"ListItem","position":2,"name":"Formaci\u00f3n sobre Normas M\u00ednimas para la Educaci\u00f3n de Emergencia"}]},{"@type":"WebSite","@id":"https:\/\/www.missoeshumanitarias.org\/es\/#website","url":"https:\/\/www.missoeshumanitarias.org\/es\/","name":"Fraternidade Miss\u00f5es Humanit\u00e1rias Internacionais","description":"Respostas Humanit\u00e1rias e Emerg\u00eancias","publisher":{"@id":"https:\/\/www.missoeshumanitarias.org\/es\/#organization"},"potentialAction":[{"@type":"SearchAction","target":{"@type":"EntryPoint","urlTemplate":"https:\/\/www.missoeshumanitarias.org\/es\/?s={search_term_string}"},"query-input":"required name=search_term_string"}],"inLanguage":"es"},{"@type":"Organization","@id":"https:\/\/www.missoeshumanitarias.org\/es\/#organization","name":"Fraternidade - Miss\u00f5es Humanit\u00e1rias Internacionais","url":"https:\/\/www.missoeshumanitarias.org\/es\/","logo":{"@type":"ImageObject","inLanguage":"es","@id":"https:\/\/www.missoeshumanitarias.org\/es\/#\/schema\/logo\/image\/","url":"https:\/\/www.missoeshumanitarias.org\/wp-content\/uploads\/2020\/05\/logo-FMHI-mg.png","contentUrl":"https:\/\/www.missoeshumanitarias.org\/wp-content\/uploads\/2020\/05\/logo-FMHI-mg.png","width":520,"height":134,"caption":"Fraternidade - Miss\u00f5es Humanit\u00e1rias Internacionais"},"image":{"@id":"https:\/\/www.missoeshumanitarias.org\/es\/#\/schema\/logo\/image\/"}},{"@type":"Person","@id":"https:\/\/www.missoeshumanitarias.org\/es\/#\/schema\/person\/e0f8527323154d1eba9f9d9eb6b401f7","name":"maducato_admin","image":{"@type":"ImageObject","inLanguage":"es","@id":"https:\/\/www.missoeshumanitarias.org\/es\/#\/schema\/person\/image\/","url":"https:\/\/secure.gravatar.com\/avatar\/6c3b45186a8f5a459d8e14c7fca370bceae92402bc06171d75e4e559b6c24393?s=96&d=mm&r=g","contentUrl":"https:\/\/secure.gravatar.com\/avatar\/6c3b45186a8f5a459d8e14c7fca370bceae92402bc06171d75e4e559b6c24393?s=96&d=mm&r=g","caption":"maducato_admin"}}]}},"_links":{"self":[{"href":"https:\/\/www.missoeshumanitarias.org\/es\/wp-json\/wp\/v2\/posts\/132036","targetHints":{"allow":["GET"]}}],"collection":[{"href":"https:\/\/www.missoeshumanitarias.org\/es\/wp-json\/wp\/v2\/posts"}],"about":[{"href":"https:\/\/www.missoeshumanitarias.org\/es\/wp-json\/wp\/v2\/types\/post"}],"author":[{"embeddable":true,"href":"https:\/\/www.missoeshumanitarias.org\/es\/wp-json\/wp\/v2\/users\/1"}],"replies":[{"embeddable":true,"href":"https:\/\/www.missoeshumanitarias.org\/es\/wp-json\/wp\/v2\/comments?post=132036"}],"version-history":[{"count":0,"href":"https:\/\/www.missoeshumanitarias.org\/es\/wp-json\/wp\/v2\/posts\/132036\/revisions"}],"wp:featuredmedia":[{"embeddable":true,"href":"https:\/\/www.missoeshumanitarias.org\/es\/wp-json\/wp\/v2\/media\/130071"}],"wp:attachment":[{"href":"https:\/\/www.missoeshumanitarias.org\/es\/wp-json\/wp\/v2\/media?parent=132036"}],"wp:term":[{"taxonomy":"category","embeddable":true,"href":"https:\/\/www.missoeshumanitarias.org\/es\/wp-json\/wp\/v2\/categories?post=132036"},{"taxonomy":"post_tag","embeddable":true,"href":"https:\/\/www.missoeshumanitarias.org\/es\/wp-json\/wp\/v2\/tags?post=132036"}],"curies":[{"name":"wp","href":"https:\/\/api.w.org\/{rel}","templated":true}]}}