{"id":132601,"date":"2021-08-19T17:34:07","date_gmt":"2021-08-19T20:34:07","guid":{"rendered":"https:\/\/www.missoeshumanitarias.org\/educacion-medida-prioritaria-en-la-ayuda-humanitaria\/"},"modified":"2021-09-17T17:35:16","modified_gmt":"2021-09-17T20:35:16","slug":"educacion-medida-prioritaria-en-la-ayuda-humanitaria","status":"publish","type":"post","link":"https:\/\/www.missoeshumanitarias.org\/es\/educacion-medida-prioritaria-en-la-ayuda-humanitaria\/","title":{"rendered":"Educaci\u00f3n: medida prioritaria en la ayuda humanitaria"},"content":{"rendered":"\n<p><span style=\"font-weight: 400;\">Conmemorado el 19 de agosto,\u00a0<\/span><span style=\"font-weight: 400;\"><a href=\"https:\/\/www.fraterinternacional.org\/es\/dia-mundial-de-la-accion-humanitaria-y-la-experiencia-de-vida-de-los-misioneros-de-la-fraternidad-humanitaria-ffhi\/\">D\u00eda Mundial Humanitario<\/a><\/span><span style=\"font-weight: 400;\">, fue designado por la ONU como una forma de rendir homenaje a todos aquellos que trabajan en la promoci\u00f3n y defensa de la causa humanitaria, don\u00e1ndose para ayudar a quienes han sido impactados por desastres naturales, guerras o conflictos.<\/span><\/p>\n\n<p>La elecci\u00f3n de esta fecha recuerda a las 22 personas muertas en el ataque a la Oficina de Naciones Unidas en Irak, ocurrido en 2003. Entre las v\u00edctimas se encontraba el brasile\u00f1o S\u00e9rgio Vieira de Mello, entonces representante oficial del Secretario General de la ONU en ese pa\u00eds.<\/p>\n\n<p>Una acci\u00f3n humanitaria justa va mucho m\u00e1s all\u00e1 de, simplemente, aliviar la necesidad material inmediata de las poblaciones afectadas y, en este sentido,\u00a0<a href=\"https:\/\/www.missoeshumanitarias.org\/es\/educacion-en-emergencia\/\">Educaci\u00f3n en Situaciones de Emergencia<\/a>\u00a0es indispensable para establecer la continuidad del debido crecimiento y desarrollo cognitivo, emocional y social de los ni\u00f1os, ni\u00f1as y adolescentes, y para la formaci\u00f3n vocacional, t\u00e9cnica y profesional de j\u00f3venes y adultos.<\/p>\n\n<div class=\"wp-block-image\"><figure class=\"aligncenter size-large\"><img fetchpriority=\"high\" decoding=\"async\" width=\"1024\" height=\"683\" src=\"https:\/\/www.missoeshumanitarias.org\/wp-content\/uploads\/2021\/08\/Dia_Mundial_Humanitario_Laerte_Missao_Roraima_FFHI_1-1024x683.jpg\" alt=\"Ayuda Humanitaria\" class=\"wp-image-119443\" srcset=\"https:\/\/www.missoeshumanitarias.org\/wp-content\/uploads\/2021\/08\/Dia_Mundial_Humanitario_Laerte_Missao_Roraima_FFHI_1-1024x683.jpg 1024w, https:\/\/www.missoeshumanitarias.org\/wp-content\/uploads\/2021\/08\/Dia_Mundial_Humanitario_Laerte_Missao_Roraima_FFHI_1-300x200.jpg 300w, https:\/\/www.missoeshumanitarias.org\/wp-content\/uploads\/2021\/08\/Dia_Mundial_Humanitario_Laerte_Missao_Roraima_FFHI_1-768x512.jpg 768w, https:\/\/www.missoeshumanitarias.org\/wp-content\/uploads\/2021\/08\/Dia_Mundial_Humanitario_Laerte_Missao_Roraima_FFHI_1.jpg 1200w\" sizes=\"(max-width: 1024px) 100vw, 1024px\" \/><\/figure><\/div>\n\n<h3 class=\"wp-block-heading\">La Educaci\u00f3n es una intervenci\u00f3n que salva vidas.<\/h3>\n\n<p><span style=\"font-weight: 400;\">Seg\u00fan la\u00a0<\/span><span style=\"font-weight: 400;\"><b><strong><a href=\"https:\/\/inee.org\/es\/educacion-en-situaciones-de-emergencia\">Red Interinstitucional de Educaci\u00f3n en Situaciones de Emergencia (INEE),<\/a><\/strong><\/b><\/span><span style=\"font-weight: 400;\">\u00a0\u201cla educaci\u00f3n en situaciones de emergencia asegura una protecci\u00f3n f\u00edsica, psicosocial y cognitiva que puede sostener y salvar vidas\u201d.<\/span><\/p>\n\n<p><span style=\"font-weight: 400;\">La\u00a0<\/span><span style=\"font-weight: 400;\"><b><strong><a href=\"https:\/\/www.fraterinternacional.org\/es\/\">Fraternidad &#8211; Federaci\u00f3n Humanitaria Internacional (FFHI),<\/a><\/strong><\/b><\/span><span style=\"font-weight: 400;\">\u00a0trabajando desde 2011 en respuestas humanitarias ha\u00a0<\/span><span style=\"font-weight: 400;\"><a href=\"https:\/\/www.fraterinternacional.org\/es\/misioneros-de-la-fraternidad-humanitaria-ffhi-participan-en-curso-de-capacitacion-en-educacion-de-emergencia\/\">ampliado, continuamente, las formas educativas<\/a><\/span><span style=\"font-weight: 400;\">\u00a0en los cinco\u00a0<\/span><span style=\"font-weight: 400;\"><a href=\"https:\/\/www.fraterinternacional.org\/es\/?s=abrigos+roraima\">refugios<\/a><\/span><span style=\"font-weight: 400;\">\u00a0que gestiona en Roraima, logrando ofrecer tanto educaci\u00f3n a ni\u00f1os y ni\u00f1as, como\u00a0<\/span><span style=\"font-weight: 400;\"><a href=\"https:\/\/www.missoeshumanitarias.org\/es\/inauguracion-del-centro-de-formacion-cultural-e-indigena\/\">formaci\u00f3n profesional<\/a><\/span><span style=\"font-weight: 400;\">\u00a0para j\u00f3venes y adultos.<\/span><\/p>\n\n<h3 class=\"wp-block-heading\" id=\"h-exemplos-de-servidores-humanit-rios-que-atuam-na-fraternidade-humanit-ria-ffhi\"><b><span lang=\"es-419\">Ejemplos de Servidores Humanitarios que trabajan en la Fraternidad &#8211; Humanitaria (FFHI)<\/span><\/b><\/h3>\n\n<p><b><strong>Laerte Willmann<\/strong><\/b><\/p>\n\n<p><p style=\"font-weight: 400;\">Servidor humanitario en el\u00a0<a href=\"https:\/\/www.missoeshumanitarias.org\/es\/?s=Setor+de+Arte-Educa%C3%A7%C3%A3o\">Sector Arte-Educaci\u00f3n,<\/a>\u00a0habiendo participado en las\u00a0<a href=\"https:\/\/www.missoeshumanitarias.org\/es\/misiones-humanitarias-y-emergencias\/\">misiones<\/a>\u00a0Carmo da Cachoeira y Roraima, Laerte reconoce que la acci\u00f3n humanitaria logr\u00f3 transformar su vida personal y profesional. \u201cAntes de servir en las misiones, trabajaba solo en escuelas e instituciones de educaci\u00f3n convencional. Luego de esta experiencia, ampli\u00e9 mi campo de acci\u00f3n personal y profesional y comenc\u00e9 a trabajar con poblaciones con las que nunca antes hab\u00eda tratado, como personas con discapacidad, personas mayores, personas que viven en la calle, etc.\u201d<\/p><\/p>\n\n<p><p style=\"font-weight: 400;\">Trabajando con la danza, el canto, con cuentacuentos, teatro y otras actividades grupales, Laerte dice que \u201cvivimos tiempos de cambio acelerado, y situaciones de emergencia en todos los \u00e1mbitos y la\u00a0<a href=\"https:\/\/www.missoeshumanitarias.org\/es\/?s=Educa%C3%A7%C3%A3o+em+Situa%C3%A7%C3%B5es+de+Emerg%C3%AAncia\">Educaci\u00f3n en Situaciones de Emergencia<\/a>\u00a0vino a ayudar a afrontar todos los retos que surgen de la multiplicaci\u00f3n de estos escenarios de emergencia\u201d.<\/p><\/p>\n\n<p>Para Laerte \u201c<b><strong><a href=\"https:\/\/www.fraterinternacional.org\/es\/\">La Fraternidad &#8211; Humanitaria (FFHI)\u00a0<\/a><\/strong><\/b>ha contribuido a mejorar la calidad de vida de esta poblaci\u00f3n vulnerable, principalmente, ofreciendo un referente seguro, una presencia amiga, un grupo de acompa\u00f1antes que no se asustan por los problemas que se presentan en todos los niveles y busca ayudar a esta poblaci\u00f3n a lidiar con ellos con tranquilidad\u201d.<\/p>\n\n<figure class=\"wp-block-gallery columns-2 is-cropped wp-block-gallery-1 is-layout-flex wp-block-gallery-is-layout-flex\"><ul class=\"blocks-gallery-grid\"><li class=\"blocks-gallery-item\"><figure><img decoding=\"async\" width=\"1024\" height=\"683\" src=\"https:\/\/www.missoeshumanitarias.org\/wp-content\/uploads\/2021\/08\/Dia_Mundial_Humanitario_Laerte_Missao_Roraima_FFHI_2-1024x683.jpg\" alt=\"Ayuda Humanitaria\" data-id=\"119452\" data-full-url=\"https:\/\/www.missoeshumanitarias.org\/wp-content\/uploads\/2021\/08\/Dia_Mundial_Humanitario_Laerte_Missao_Roraima_FFHI_2.jpg\" data-link=\"https:\/\/www.missoeshumanitarias.org\/educacao-medida-prioritaria-na-ajuda-humanitaria\/dia_mundial_humanitario_laerte_missao_roraima_ffhi_2\/\" class=\"wp-image-119452\" srcset=\"https:\/\/www.missoeshumanitarias.org\/wp-content\/uploads\/2021\/08\/Dia_Mundial_Humanitario_Laerte_Missao_Roraima_FFHI_2-1024x683.jpg 1024w, https:\/\/www.missoeshumanitarias.org\/wp-content\/uploads\/2021\/08\/Dia_Mundial_Humanitario_Laerte_Missao_Roraima_FFHI_2-300x200.jpg 300w, https:\/\/www.missoeshumanitarias.org\/wp-content\/uploads\/2021\/08\/Dia_Mundial_Humanitario_Laerte_Missao_Roraima_FFHI_2-768x512.jpg 768w, https:\/\/www.missoeshumanitarias.org\/wp-content\/uploads\/2021\/08\/Dia_Mundial_Humanitario_Laerte_Missao_Roraima_FFHI_2.jpg 1200w\" sizes=\"(max-width: 1024px) 100vw, 1024px\" \/><\/figure><\/li><li class=\"blocks-gallery-item\"><figure><img decoding=\"async\" width=\"1024\" height=\"683\" src=\"https:\/\/www.missoeshumanitarias.org\/wp-content\/uploads\/2021\/08\/Dia_Mundial_Humanitario_Laerte_Missao_Roraima_FFFHI_2-1024x683.jpg\" alt=\"Ayuda Humanitaria\" data-id=\"119440\" data-full-url=\"https:\/\/www.missoeshumanitarias.org\/wp-content\/uploads\/2021\/08\/Dia_Mundial_Humanitario_Laerte_Missao_Roraima_FFFHI_2.jpg\" data-link=\"https:\/\/www.missoeshumanitarias.org\/?attachment_id=119440\" class=\"wp-image-119440\" srcset=\"https:\/\/www.missoeshumanitarias.org\/wp-content\/uploads\/2021\/08\/Dia_Mundial_Humanitario_Laerte_Missao_Roraima_FFFHI_2-1024x683.jpg 1024w, https:\/\/www.missoeshumanitarias.org\/wp-content\/uploads\/2021\/08\/Dia_Mundial_Humanitario_Laerte_Missao_Roraima_FFFHI_2-300x200.jpg 300w, https:\/\/www.missoeshumanitarias.org\/wp-content\/uploads\/2021\/08\/Dia_Mundial_Humanitario_Laerte_Missao_Roraima_FFFHI_2-768x512.jpg 768w, https:\/\/www.missoeshumanitarias.org\/wp-content\/uploads\/2021\/08\/Dia_Mundial_Humanitario_Laerte_Missao_Roraima_FFFHI_2.jpg 1200w\" sizes=\"(max-width: 1024px) 100vw, 1024px\" \/><\/figure><\/li><\/ul><\/figure>\n\n<p><b><span lang=\"es-419\">Sarah Grossi<\/span><\/b><\/p>\n\n<p><span style=\"font-weight: 400;\">Presente en las\u00a0<\/span><span style=\"font-weight: 400;\"><a href=\"https:\/\/www.missoeshumanitarias.org\/es\/misiones-humanitarias-y-emergencias\/\">misiones<\/a><\/span><span style=\"font-weight: 400;\">\u00a0Roraima, Brumadinho y Colombia, y colaborando en intervenciones en comunidades y perreras, Sarah Grossi ve un sentido amplio en su labor humanitaria: \u201cPara m\u00ed lo significa todo, porque fue un encuentro con la verdad. Es en el trabajo voluntario en el que puedo ser totalmente aut\u00e9ntica. Siento que cuando estoy en la misi\u00f3n logro ser feliz de verdad (&#8230;) puedo sentir una alegr\u00eda que viene del alma\u201d.<\/span><\/p>\n\n<p>Sarah, al igual que Laerte, siente que ha pasado por una gran transformaci\u00f3n personal y profesional, luego de trabajar con Educaci\u00f3n en Emergencias, dice: \u201cesta experiencia fue muy rica para mi formaci\u00f3n, pues vi que lo importante es conseguir llevar una ayuda efectiva al pr\u00f3jimo\u201d.&#13;\n&#13;\n<\/p>\n\n<p>Considera que una vez satisfechas las necesidades b\u00e1sicas de alimentaci\u00f3n, higiene y albergue de los refugiados, lo m\u00e1s importante es la educaci\u00f3n, \u201cprincipalmente porque, de manera l\u00fadica, la Educaci\u00f3n en Situaciones de Emergencia logra revertir o minimizar un trauma\u201d.<\/p>\n\n<p><span lang=\"es-419\">Sarah siente que la poblaci\u00f3n ind\u00edgena fue muy fragilizada por la situaci\u00f3n de refugio y por las diferencias culturales, y que la\u00a0<\/span><a href=\"https:\/\/www.fraterinternacional.org\/es\/\" target=\"_blank\" rel=\"noopener\"><span lang=\"ES\">Fraternidad Humanitaria (FFHI)<\/span><\/a><span lang=\"es-419\">\u00a0tiene una respuesta que no solo busca brindar asistencia b\u00e1sica, \u201cLos<b>\u00a0Sectores de Medios de Vida\u00a0<a href=\"https:\/\/www.missoeshumanitarias.org\/es\/?s=Setor+de+Arte-Educa%C3%A7%C3%A3o\">y Arte-Educaci\u00f3n\u00a0<\/a><\/b>est\u00e1n dedicados a brindar, a las personas acogidas, educaci\u00f3n y capacitaci\u00f3n [no formal] para que puedan expresar su potencial y reconstruir su vida con dignidad, sin olvidar su cultura ind\u00edgena \u201d, declara.<\/span><\/p>\n\n<p>Es importante destacar que la educaci\u00f3n, incluso en situaciones de vulnerabilidad, acoge y protege a los asistidos y es capaz de transformar las realidades tanto del refugiado como del que se dispone a colaborar. \u201cAyudar al otro acaba despertando lo mejor de nosotros\u201d, concluye la servidora humanitaria, Sarah.<\/p>\n\n<figure class=\"wp-block-gallery columns-3 is-cropped wp-block-gallery-2 is-layout-flex wp-block-gallery-is-layout-flex\"><ul class=\"blocks-gallery-grid\"><li class=\"blocks-gallery-item\"><figure><img loading=\"lazy\" decoding=\"async\" width=\"768\" height=\"1024\" src=\"https:\/\/www.missoeshumanitarias.org\/wp-content\/uploads\/2021\/08\/Dia_Mundial_Humanitario_Sarah_Missao_Colombia_FFHI_3-768x1024.jpg\" alt=\"Ayuda Humanitaria\" data-id=\"119434\" data-full-url=\"https:\/\/www.missoeshumanitarias.org\/wp-content\/uploads\/2021\/08\/Dia_Mundial_Humanitario_Sarah_Missao_Colombia_FFHI_3.jpg\" data-link=\"https:\/\/www.missoeshumanitarias.org\/?attachment_id=119434\" class=\"wp-image-119434\" srcset=\"https:\/\/www.missoeshumanitarias.org\/wp-content\/uploads\/2021\/08\/Dia_Mundial_Humanitario_Sarah_Missao_Colombia_FFHI_3-768x1024.jpg 768w, https:\/\/www.missoeshumanitarias.org\/wp-content\/uploads\/2021\/08\/Dia_Mundial_Humanitario_Sarah_Missao_Colombia_FFHI_3-225x300.jpg 225w, https:\/\/www.missoeshumanitarias.org\/wp-content\/uploads\/2021\/08\/Dia_Mundial_Humanitario_Sarah_Missao_Colombia_FFHI_3.jpg 960w\" sizes=\"(max-width: 768px) 100vw, 768px\" \/><\/figure><\/li><li class=\"blocks-gallery-item\"><figure><img loading=\"lazy\" decoding=\"async\" width=\"1024\" height=\"768\" src=\"https:\/\/www.missoeshumanitarias.org\/wp-content\/uploads\/2021\/08\/Dia_Mundial_Humanitario_Sarah_Missao_Brumadinho_FFHI_2-1024x768.jpg\" alt=\"Ayuda Humanitaria\" data-id=\"119431\" data-full-url=\"https:\/\/www.missoeshumanitarias.org\/wp-content\/uploads\/2021\/08\/Dia_Mundial_Humanitario_Sarah_Missao_Brumadinho_FFHI_2.jpg\" data-link=\"https:\/\/www.missoeshumanitarias.org\/?attachment_id=119431\" class=\"wp-image-119431\" srcset=\"https:\/\/www.missoeshumanitarias.org\/wp-content\/uploads\/2021\/08\/Dia_Mundial_Humanitario_Sarah_Missao_Brumadinho_FFHI_2-1024x768.jpg 1024w, https:\/\/www.missoeshumanitarias.org\/wp-content\/uploads\/2021\/08\/Dia_Mundial_Humanitario_Sarah_Missao_Brumadinho_FFHI_2-300x225.jpg 300w, https:\/\/www.missoeshumanitarias.org\/wp-content\/uploads\/2021\/08\/Dia_Mundial_Humanitario_Sarah_Missao_Brumadinho_FFHI_2-768x576.jpg 768w, https:\/\/www.missoeshumanitarias.org\/wp-content\/uploads\/2021\/08\/Dia_Mundial_Humanitario_Sarah_Missao_Brumadinho_FFHI_2.jpg 1200w\" sizes=\"(max-width: 1024px) 100vw, 1024px\" \/><\/figure><\/li><li class=\"blocks-gallery-item\"><figure><img loading=\"lazy\" decoding=\"async\" width=\"1024\" height=\"683\" src=\"https:\/\/www.missoeshumanitarias.org\/wp-content\/uploads\/2021\/08\/Dia_Mundial_Humanitario_Sarah_Missao_Brumadinho_FFHI_1-1024x683.jpg\" alt=\"Ayuda Humanitaria\" data-id=\"119446\" data-full-url=\"https:\/\/www.missoeshumanitarias.org\/wp-content\/uploads\/2021\/08\/Dia_Mundial_Humanitario_Sarah_Missao_Brumadinho_FFHI_1.jpg\" data-link=\"https:\/\/www.missoeshumanitarias.org\/?attachment_id=119446\" class=\"wp-image-119446\" srcset=\"https:\/\/www.missoeshumanitarias.org\/wp-content\/uploads\/2021\/08\/Dia_Mundial_Humanitario_Sarah_Missao_Brumadinho_FFHI_1-1024x683.jpg 1024w, https:\/\/www.missoeshumanitarias.org\/wp-content\/uploads\/2021\/08\/Dia_Mundial_Humanitario_Sarah_Missao_Brumadinho_FFHI_1-300x200.jpg 300w, https:\/\/www.missoeshumanitarias.org\/wp-content\/uploads\/2021\/08\/Dia_Mundial_Humanitario_Sarah_Missao_Brumadinho_FFHI_1-768x512.jpg 768w, https:\/\/www.missoeshumanitarias.org\/wp-content\/uploads\/2021\/08\/Dia_Mundial_Humanitario_Sarah_Missao_Brumadinho_FFHI_1.jpg 1200w\" sizes=\"(max-width: 1024px) 100vw, 1024px\" \/><\/figure><\/li><\/ul><\/figure>\n\n<p><strong><i>Obs: algunas fotos que ilustran esta materia fueron tomadas en el per\u00edodo anterior a la pandemia.<\/i><\/strong><\/p>\n","protected":false},"excerpt":{"rendered":"<p>Conmemorado el 19 de agosto,\u00a0D\u00eda Mundial Humanitario, fue designado por la ONU como una forma de rendir homenaje a todos aquellos que trabajan en la promoci\u00f3n y defensa de la causa humanitaria, don\u00e1ndose para ayudar a quienes han sido impactados por desastres naturales, guerras o conflictos. La elecci\u00f3n de esta fecha recuerda a las 22 [&hellip;]<\/p>\n","protected":false},"author":1,"featured_media":119445,"comment_status":"closed","ping_status":"closed","sticky":false,"template":"","format":"standard","meta":{"footnotes":""},"categories":[43],"tags":[],"class_list":["post-132601","post","type-post","status-publish","format-standard","has-post-thumbnail","hentry","category-noticias-es"],"featured_image_src":"https:\/\/www.missoeshumanitarias.org\/wp-content\/uploads\/2021\/08\/Dia_Mundial_Humanitario_Laerte_Missao_Roraima_FFHI_1.jpg","author_info":{"display_name":"maducato_admin","author_link":"https:\/\/www.missoeshumanitarias.org\/es\/author\/maducato_admin\/"},"yoast_head":"<!-- This site is optimized with the Yoast SEO Premium plugin v22.5 (Yoast SEO v22.5) - https:\/\/yoast.com\/wordpress\/plugins\/seo\/ -->\n<title>Educaci\u00f3n: medida prioritaria en la ayuda humanitaria - Fraternidade Miss\u00f5es Humanit\u00e1rias Internacionais<\/title>\n<meta name=\"description\" content=\"Conmemorado el 19 de agosto,\u00a0D\u00eda Mundial Humanitario, fue designado por la ONU como una forma de rendir homenaje a todos aquellos que trabajan en la promoci\u00f3n y defensa de la causa humanitaria, don\u00e1ndose para ayudar a quienes han sido impactados por desastres naturales, guerras o conflictos.\" \/>\n<meta name=\"robots\" content=\"index, follow, max-snippet:-1, max-image-preview:large, max-video-preview:-1\" \/>\n<link rel=\"canonical\" href=\"https:\/\/www.missoeshumanitarias.org\/es\/educacion-medida-prioritaria-en-la-ayuda-humanitaria\/\" \/>\n<meta property=\"og:locale\" content=\"es_ES\" \/>\n<meta property=\"og:type\" content=\"article\" \/>\n<meta property=\"og:title\" content=\"Educaci\u00f3n: medida prioritaria en la ayuda humanitaria\" \/>\n<meta property=\"og:description\" content=\"Conmemorado el 19 de agosto,\u00a0D\u00eda Mundial Humanitario, fue designado por la ONU como una forma de rendir homenaje a todos aquellos que trabajan en la promoci\u00f3n y defensa de la causa humanitaria, don\u00e1ndose para ayudar a quienes han sido impactados por desastres naturales, guerras o conflictos.\" \/>\n<meta property=\"og:url\" content=\"https:\/\/www.missoeshumanitarias.org\/es\/educacion-medida-prioritaria-en-la-ayuda-humanitaria\/\" \/>\n<meta property=\"og:site_name\" content=\"Fraternidade Miss\u00f5es Humanit\u00e1rias Internacionais\" \/>\n<meta property=\"article:published_time\" content=\"2021-08-19T20:34:07+00:00\" \/>\n<meta property=\"article:modified_time\" content=\"2021-09-17T20:35:16+00:00\" \/>\n<meta property=\"og:image\" content=\"https:\/\/www.missoeshumanitarias.org\/wp-content\/uploads\/2021\/08\/Dia_Mundial_Humanitario_Laerte_Missao_Roraima_FFHI_1.jpg\" \/>\n\t<meta property=\"og:image:width\" content=\"1200\" \/>\n\t<meta property=\"og:image:height\" content=\"800\" \/>\n\t<meta property=\"og:image:type\" content=\"image\/jpeg\" \/>\n<meta name=\"author\" content=\"maducato_admin\" \/>\n<meta name=\"twitter:card\" content=\"summary_large_image\" \/>\n<meta name=\"twitter:label1\" content=\"Escrito por\" \/>\n\t<meta name=\"twitter:data1\" content=\"maducato_admin\" \/>\n\t<meta name=\"twitter:label2\" content=\"Tiempo de lectura\" \/>\n\t<meta name=\"twitter:data2\" content=\"4 minutos\" \/>\n<script type=\"application\/ld+json\" class=\"yoast-schema-graph\">{\"@context\":\"https:\/\/schema.org\",\"@graph\":[{\"@type\":\"Article\",\"@id\":\"https:\/\/www.missoeshumanitarias.org\/es\/educacion-medida-prioritaria-en-la-ayuda-humanitaria\/#article\",\"isPartOf\":{\"@id\":\"https:\/\/www.missoeshumanitarias.org\/es\/educacion-medida-prioritaria-en-la-ayuda-humanitaria\/\"},\"author\":{\"name\":\"maducato_admin\",\"@id\":\"https:\/\/www.missoeshumanitarias.org\/es\/#\/schema\/person\/e0f8527323154d1eba9f9d9eb6b401f7\"},\"headline\":\"Educaci\u00f3n: medida prioritaria en la ayuda humanitaria\",\"datePublished\":\"2021-08-19T20:34:07+00:00\",\"dateModified\":\"2021-09-17T20:35:16+00:00\",\"mainEntityOfPage\":{\"@id\":\"https:\/\/www.missoeshumanitarias.org\/es\/educacion-medida-prioritaria-en-la-ayuda-humanitaria\/\"},\"wordCount\":804,\"publisher\":{\"@id\":\"https:\/\/www.missoeshumanitarias.org\/es\/#organization\"},\"image\":{\"@id\":\"https:\/\/www.missoeshumanitarias.org\/es\/educacion-medida-prioritaria-en-la-ayuda-humanitaria\/#primaryimage\"},\"thumbnailUrl\":\"https:\/\/www.missoeshumanitarias.org\/wp-content\/uploads\/2021\/08\/Dia_Mundial_Humanitario_Laerte_Missao_Roraima_FFHI_1.jpg\",\"articleSection\":[\"Noticias\"],\"inLanguage\":\"es\"},{\"@type\":\"WebPage\",\"@id\":\"https:\/\/www.missoeshumanitarias.org\/es\/educacion-medida-prioritaria-en-la-ayuda-humanitaria\/\",\"url\":\"https:\/\/www.missoeshumanitarias.org\/es\/educacion-medida-prioritaria-en-la-ayuda-humanitaria\/\",\"name\":\"Educaci\u00f3n: medida prioritaria en la ayuda humanitaria - Fraternidade Miss\u00f5es Humanit\u00e1rias Internacionais\",\"isPartOf\":{\"@id\":\"https:\/\/www.missoeshumanitarias.org\/es\/#website\"},\"primaryImageOfPage\":{\"@id\":\"https:\/\/www.missoeshumanitarias.org\/es\/educacion-medida-prioritaria-en-la-ayuda-humanitaria\/#primaryimage\"},\"image\":{\"@id\":\"https:\/\/www.missoeshumanitarias.org\/es\/educacion-medida-prioritaria-en-la-ayuda-humanitaria\/#primaryimage\"},\"thumbnailUrl\":\"https:\/\/www.missoeshumanitarias.org\/wp-content\/uploads\/2021\/08\/Dia_Mundial_Humanitario_Laerte_Missao_Roraima_FFHI_1.jpg\",\"datePublished\":\"2021-08-19T20:34:07+00:00\",\"dateModified\":\"2021-09-17T20:35:16+00:00\",\"description\":\"Conmemorado el 19 de agosto,\u00a0D\u00eda Mundial Humanitario, fue designado por la ONU como una forma de rendir homenaje a todos aquellos que trabajan en la promoci\u00f3n y defensa de la causa humanitaria, don\u00e1ndose para ayudar a quienes han sido impactados por desastres naturales, guerras o conflictos.\",\"breadcrumb\":{\"@id\":\"https:\/\/www.missoeshumanitarias.org\/es\/educacion-medida-prioritaria-en-la-ayuda-humanitaria\/#breadcrumb\"},\"inLanguage\":\"es\",\"potentialAction\":[{\"@type\":\"ReadAction\",\"target\":[\"https:\/\/www.missoeshumanitarias.org\/es\/educacion-medida-prioritaria-en-la-ayuda-humanitaria\/\"]}]},{\"@type\":\"ImageObject\",\"inLanguage\":\"es\",\"@id\":\"https:\/\/www.missoeshumanitarias.org\/es\/educacion-medida-prioritaria-en-la-ayuda-humanitaria\/#primaryimage\",\"url\":\"https:\/\/www.missoeshumanitarias.org\/wp-content\/uploads\/2021\/08\/Dia_Mundial_Humanitario_Laerte_Missao_Roraima_FFHI_1.jpg\",\"contentUrl\":\"https:\/\/www.missoeshumanitarias.org\/wp-content\/uploads\/2021\/08\/Dia_Mundial_Humanitario_Laerte_Missao_Roraima_FFHI_1.jpg\",\"width\":1200,\"height\":800,\"caption\":\"Ajuda Humanit\u00e1ria\"},{\"@type\":\"BreadcrumbList\",\"@id\":\"https:\/\/www.missoeshumanitarias.org\/es\/educacion-medida-prioritaria-en-la-ayuda-humanitaria\/#breadcrumb\",\"itemListElement\":[{\"@type\":\"ListItem\",\"position\":1,\"name\":\"Home\",\"item\":\"https:\/\/www.missoeshumanitarias.org\/en\/\"},{\"@type\":\"ListItem\",\"position\":2,\"name\":\"Educaci\u00f3n: medida prioritaria en la ayuda humanitaria\"}]},{\"@type\":\"WebSite\",\"@id\":\"https:\/\/www.missoeshumanitarias.org\/es\/#website\",\"url\":\"https:\/\/www.missoeshumanitarias.org\/es\/\",\"name\":\"Fraternidade Miss\u00f5es Humanit\u00e1rias Internacionais\",\"description\":\"Respostas Humanit\u00e1rias e Emerg\u00eancias\",\"publisher\":{\"@id\":\"https:\/\/www.missoeshumanitarias.org\/es\/#organization\"},\"potentialAction\":[{\"@type\":\"SearchAction\",\"target\":{\"@type\":\"EntryPoint\",\"urlTemplate\":\"https:\/\/www.missoeshumanitarias.org\/es\/?s={search_term_string}\"},\"query-input\":\"required name=search_term_string\"}],\"inLanguage\":\"es\"},{\"@type\":\"Organization\",\"@id\":\"https:\/\/www.missoeshumanitarias.org\/es\/#organization\",\"name\":\"Fraternidade - Miss\u00f5es Humanit\u00e1rias Internacionais\",\"url\":\"https:\/\/www.missoeshumanitarias.org\/es\/\",\"logo\":{\"@type\":\"ImageObject\",\"inLanguage\":\"es\",\"@id\":\"https:\/\/www.missoeshumanitarias.org\/es\/#\/schema\/logo\/image\/\",\"url\":\"https:\/\/www.missoeshumanitarias.org\/wp-content\/uploads\/2020\/05\/logo-FMHI-mg.png\",\"contentUrl\":\"https:\/\/www.missoeshumanitarias.org\/wp-content\/uploads\/2020\/05\/logo-FMHI-mg.png\",\"width\":520,\"height\":134,\"caption\":\"Fraternidade - Miss\u00f5es Humanit\u00e1rias Internacionais\"},\"image\":{\"@id\":\"https:\/\/www.missoeshumanitarias.org\/es\/#\/schema\/logo\/image\/\"}},{\"@type\":\"Person\",\"@id\":\"https:\/\/www.missoeshumanitarias.org\/es\/#\/schema\/person\/e0f8527323154d1eba9f9d9eb6b401f7\",\"name\":\"maducato_admin\",\"image\":{\"@type\":\"ImageObject\",\"inLanguage\":\"es\",\"@id\":\"https:\/\/www.missoeshumanitarias.org\/es\/#\/schema\/person\/image\/\",\"url\":\"https:\/\/secure.gravatar.com\/avatar\/6c3b45186a8f5a459d8e14c7fca370bceae92402bc06171d75e4e559b6c24393?s=96&d=mm&r=g\",\"contentUrl\":\"https:\/\/secure.gravatar.com\/avatar\/6c3b45186a8f5a459d8e14c7fca370bceae92402bc06171d75e4e559b6c24393?s=96&d=mm&r=g\",\"caption\":\"maducato_admin\"}}]}<\/script>\n<!-- \/ Yoast SEO Premium plugin. -->","yoast_head_json":{"title":"Educaci\u00f3n: medida prioritaria en la ayuda humanitaria - Fraternidade Miss\u00f5es Humanit\u00e1rias Internacionais","description":"Conmemorado el 19 de agosto,\u00a0D\u00eda Mundial Humanitario, fue designado por la ONU como una forma de rendir homenaje a todos aquellos que trabajan en la promoci\u00f3n y defensa de la causa humanitaria, don\u00e1ndose para ayudar a quienes han sido impactados por desastres naturales, guerras o conflictos.","robots":{"index":"index","follow":"follow","max-snippet":"max-snippet:-1","max-image-preview":"max-image-preview:large","max-video-preview":"max-video-preview:-1"},"canonical":"https:\/\/www.missoeshumanitarias.org\/es\/educacion-medida-prioritaria-en-la-ayuda-humanitaria\/","og_locale":"es_ES","og_type":"article","og_title":"Educaci\u00f3n: medida prioritaria en la ayuda humanitaria","og_description":"Conmemorado el 19 de agosto,\u00a0D\u00eda Mundial Humanitario, fue designado por la ONU como una forma de rendir homenaje a todos aquellos que trabajan en la promoci\u00f3n y defensa de la causa humanitaria, don\u00e1ndose para ayudar a quienes han sido impactados por desastres naturales, guerras o conflictos.","og_url":"https:\/\/www.missoeshumanitarias.org\/es\/educacion-medida-prioritaria-en-la-ayuda-humanitaria\/","og_site_name":"Fraternidade Miss\u00f5es Humanit\u00e1rias Internacionais","article_published_time":"2021-08-19T20:34:07+00:00","article_modified_time":"2021-09-17T20:35:16+00:00","og_image":[{"width":1200,"height":800,"url":"https:\/\/www.missoeshumanitarias.org\/wp-content\/uploads\/2021\/08\/Dia_Mundial_Humanitario_Laerte_Missao_Roraima_FFHI_1.jpg","type":"image\/jpeg"}],"author":"maducato_admin","twitter_card":"summary_large_image","twitter_misc":{"Escrito por":"maducato_admin","Tiempo de lectura":"4 minutos"},"schema":{"@context":"https:\/\/schema.org","@graph":[{"@type":"Article","@id":"https:\/\/www.missoeshumanitarias.org\/es\/educacion-medida-prioritaria-en-la-ayuda-humanitaria\/#article","isPartOf":{"@id":"https:\/\/www.missoeshumanitarias.org\/es\/educacion-medida-prioritaria-en-la-ayuda-humanitaria\/"},"author":{"name":"maducato_admin","@id":"https:\/\/www.missoeshumanitarias.org\/es\/#\/schema\/person\/e0f8527323154d1eba9f9d9eb6b401f7"},"headline":"Educaci\u00f3n: medida prioritaria en la ayuda humanitaria","datePublished":"2021-08-19T20:34:07+00:00","dateModified":"2021-09-17T20:35:16+00:00","mainEntityOfPage":{"@id":"https:\/\/www.missoeshumanitarias.org\/es\/educacion-medida-prioritaria-en-la-ayuda-humanitaria\/"},"wordCount":804,"publisher":{"@id":"https:\/\/www.missoeshumanitarias.org\/es\/#organization"},"image":{"@id":"https:\/\/www.missoeshumanitarias.org\/es\/educacion-medida-prioritaria-en-la-ayuda-humanitaria\/#primaryimage"},"thumbnailUrl":"https:\/\/www.missoeshumanitarias.org\/wp-content\/uploads\/2021\/08\/Dia_Mundial_Humanitario_Laerte_Missao_Roraima_FFHI_1.jpg","articleSection":["Noticias"],"inLanguage":"es"},{"@type":"WebPage","@id":"https:\/\/www.missoeshumanitarias.org\/es\/educacion-medida-prioritaria-en-la-ayuda-humanitaria\/","url":"https:\/\/www.missoeshumanitarias.org\/es\/educacion-medida-prioritaria-en-la-ayuda-humanitaria\/","name":"Educaci\u00f3n: medida prioritaria en la ayuda humanitaria - Fraternidade Miss\u00f5es Humanit\u00e1rias Internacionais","isPartOf":{"@id":"https:\/\/www.missoeshumanitarias.org\/es\/#website"},"primaryImageOfPage":{"@id":"https:\/\/www.missoeshumanitarias.org\/es\/educacion-medida-prioritaria-en-la-ayuda-humanitaria\/#primaryimage"},"image":{"@id":"https:\/\/www.missoeshumanitarias.org\/es\/educacion-medida-prioritaria-en-la-ayuda-humanitaria\/#primaryimage"},"thumbnailUrl":"https:\/\/www.missoeshumanitarias.org\/wp-content\/uploads\/2021\/08\/Dia_Mundial_Humanitario_Laerte_Missao_Roraima_FFHI_1.jpg","datePublished":"2021-08-19T20:34:07+00:00","dateModified":"2021-09-17T20:35:16+00:00","description":"Conmemorado el 19 de agosto,\u00a0D\u00eda Mundial Humanitario, fue designado por la ONU como una forma de rendir homenaje a todos aquellos que trabajan en la promoci\u00f3n y defensa de la causa humanitaria, don\u00e1ndose para ayudar a quienes han sido impactados por desastres naturales, guerras o conflictos.","breadcrumb":{"@id":"https:\/\/www.missoeshumanitarias.org\/es\/educacion-medida-prioritaria-en-la-ayuda-humanitaria\/#breadcrumb"},"inLanguage":"es","potentialAction":[{"@type":"ReadAction","target":["https:\/\/www.missoeshumanitarias.org\/es\/educacion-medida-prioritaria-en-la-ayuda-humanitaria\/"]}]},{"@type":"ImageObject","inLanguage":"es","@id":"https:\/\/www.missoeshumanitarias.org\/es\/educacion-medida-prioritaria-en-la-ayuda-humanitaria\/#primaryimage","url":"https:\/\/www.missoeshumanitarias.org\/wp-content\/uploads\/2021\/08\/Dia_Mundial_Humanitario_Laerte_Missao_Roraima_FFHI_1.jpg","contentUrl":"https:\/\/www.missoeshumanitarias.org\/wp-content\/uploads\/2021\/08\/Dia_Mundial_Humanitario_Laerte_Missao_Roraima_FFHI_1.jpg","width":1200,"height":800,"caption":"Ajuda Humanit\u00e1ria"},{"@type":"BreadcrumbList","@id":"https:\/\/www.missoeshumanitarias.org\/es\/educacion-medida-prioritaria-en-la-ayuda-humanitaria\/#breadcrumb","itemListElement":[{"@type":"ListItem","position":1,"name":"Home","item":"https:\/\/www.missoeshumanitarias.org\/en\/"},{"@type":"ListItem","position":2,"name":"Educaci\u00f3n: medida prioritaria en la ayuda humanitaria"}]},{"@type":"WebSite","@id":"https:\/\/www.missoeshumanitarias.org\/es\/#website","url":"https:\/\/www.missoeshumanitarias.org\/es\/","name":"Fraternidade Miss\u00f5es Humanit\u00e1rias Internacionais","description":"Respostas Humanit\u00e1rias e Emerg\u00eancias","publisher":{"@id":"https:\/\/www.missoeshumanitarias.org\/es\/#organization"},"potentialAction":[{"@type":"SearchAction","target":{"@type":"EntryPoint","urlTemplate":"https:\/\/www.missoeshumanitarias.org\/es\/?s={search_term_string}"},"query-input":"required name=search_term_string"}],"inLanguage":"es"},{"@type":"Organization","@id":"https:\/\/www.missoeshumanitarias.org\/es\/#organization","name":"Fraternidade - Miss\u00f5es Humanit\u00e1rias Internacionais","url":"https:\/\/www.missoeshumanitarias.org\/es\/","logo":{"@type":"ImageObject","inLanguage":"es","@id":"https:\/\/www.missoeshumanitarias.org\/es\/#\/schema\/logo\/image\/","url":"https:\/\/www.missoeshumanitarias.org\/wp-content\/uploads\/2020\/05\/logo-FMHI-mg.png","contentUrl":"https:\/\/www.missoeshumanitarias.org\/wp-content\/uploads\/2020\/05\/logo-FMHI-mg.png","width":520,"height":134,"caption":"Fraternidade - Miss\u00f5es Humanit\u00e1rias Internacionais"},"image":{"@id":"https:\/\/www.missoeshumanitarias.org\/es\/#\/schema\/logo\/image\/"}},{"@type":"Person","@id":"https:\/\/www.missoeshumanitarias.org\/es\/#\/schema\/person\/e0f8527323154d1eba9f9d9eb6b401f7","name":"maducato_admin","image":{"@type":"ImageObject","inLanguage":"es","@id":"https:\/\/www.missoeshumanitarias.org\/es\/#\/schema\/person\/image\/","url":"https:\/\/secure.gravatar.com\/avatar\/6c3b45186a8f5a459d8e14c7fca370bceae92402bc06171d75e4e559b6c24393?s=96&d=mm&r=g","contentUrl":"https:\/\/secure.gravatar.com\/avatar\/6c3b45186a8f5a459d8e14c7fca370bceae92402bc06171d75e4e559b6c24393?s=96&d=mm&r=g","caption":"maducato_admin"}}]}},"_links":{"self":[{"href":"https:\/\/www.missoeshumanitarias.org\/es\/wp-json\/wp\/v2\/posts\/132601","targetHints":{"allow":["GET"]}}],"collection":[{"href":"https:\/\/www.missoeshumanitarias.org\/es\/wp-json\/wp\/v2\/posts"}],"about":[{"href":"https:\/\/www.missoeshumanitarias.org\/es\/wp-json\/wp\/v2\/types\/post"}],"author":[{"embeddable":true,"href":"https:\/\/www.missoeshumanitarias.org\/es\/wp-json\/wp\/v2\/users\/1"}],"replies":[{"embeddable":true,"href":"https:\/\/www.missoeshumanitarias.org\/es\/wp-json\/wp\/v2\/comments?post=132601"}],"version-history":[{"count":0,"href":"https:\/\/www.missoeshumanitarias.org\/es\/wp-json\/wp\/v2\/posts\/132601\/revisions"}],"wp:featuredmedia":[{"embeddable":true,"href":"https:\/\/www.missoeshumanitarias.org\/es\/wp-json\/wp\/v2\/media\/119445"}],"wp:attachment":[{"href":"https:\/\/www.missoeshumanitarias.org\/es\/wp-json\/wp\/v2\/media?parent=132601"}],"wp:term":[{"taxonomy":"category","embeddable":true,"href":"https:\/\/www.missoeshumanitarias.org\/es\/wp-json\/wp\/v2\/categories?post=132601"},{"taxonomy":"post_tag","embeddable":true,"href":"https:\/\/www.missoeshumanitarias.org\/es\/wp-json\/wp\/v2\/tags?post=132601"}],"curies":[{"name":"wp","href":"https:\/\/api.w.org\/{rel}","templated":true}]}}