{"id":132723,"date":"2021-09-21T11:33:25","date_gmt":"2021-09-21T14:33:25","guid":{"rendered":"https:\/\/www.missoeshumanitarias.org\/dia-internacional-de-la-paz\/"},"modified":"2021-09-23T11:33:57","modified_gmt":"2021-09-23T14:33:57","slug":"dia-internacional-de-la-paz","status":"publish","type":"post","link":"https:\/\/www.missoeshumanitarias.org\/es\/dia-internacional-de-la-paz\/","title":{"rendered":"Dia Internacional de la Paz"},"content":{"rendered":"\n<p class=\"has-text-align-center\"><b>El respeto y el amor incondicional a todos los seres son los cimientos de la Fraternidad Humanitaria (FFHI) para la promoci\u00f3n de una cultura de paz.<\/b><\/p>\n\n<p>Hoy, 21 de septiembre, se conmemora el D\u00eda Internacional de la Paz, fecha establecida por las Naciones Unidas (ONU) en 1981 con el objetivo de posibilitar acciones que promuevan el fin de los conflictos entre los pueblos.<\/p>\n\n<div class=\"wp-block-image\"><figure class=\"aligncenter size-large\"><img fetchpriority=\"high\" decoding=\"async\" width=\"1024\" height=\"683\" src=\"https:\/\/www.missoeshumanitarias.org\/wp-content\/uploads\/2021\/09\/Dia-Internacional-Paz-FMHI-01-1024x683.jpg\" alt=\"\" class=\"wp-image-132618\" srcset=\"https:\/\/www.missoeshumanitarias.org\/wp-content\/uploads\/2021\/09\/Dia-Internacional-Paz-FMHI-01-1024x683.jpg 1024w, https:\/\/www.missoeshumanitarias.org\/wp-content\/uploads\/2021\/09\/Dia-Internacional-Paz-FMHI-01-300x200.jpg 300w, https:\/\/www.missoeshumanitarias.org\/wp-content\/uploads\/2021\/09\/Dia-Internacional-Paz-FMHI-01-768x512.jpg 768w, https:\/\/www.missoeshumanitarias.org\/wp-content\/uploads\/2021\/09\/Dia-Internacional-Paz-FMHI-01.jpg 1200w\" sizes=\"(max-width: 1024px) 100vw, 1024px\" \/><\/figure><\/div>\n\n<p><span lang=\"es-419\">En 2021, el tema de la fecha es \u00abRecuperarse mejor para un mundo justo y sustentable\u00bb, proceso en el que la\u00a0\u00a0<\/span><a href=\"https:\/\/www.fraterinternacional.org\/es\/\" target=\"_blank\" rel=\"noopener\">la FraternidadHumanitaria (FFHI)<\/a>\u00a0<span style=\"color: #212529; font-family: Times New Roman, serif;\">viene trabajando a diario en sus acciones en la gesti\u00f3n de cinco albergues para refugiados venezolanos en el estado de Roraima con el apoyo de<\/span>\u00a0<a href=\"https:\/\/www.acnur.org\/\" target=\"_blank\" rel=\"noopener\">ACNUR<\/a>.<\/p>\n\n<p>V\u00edctimas de un proceso de exclusi\u00f3n previo a la crisis socioecon\u00f3mica que atraviesa Venezuela en los \u00faltimos a\u00f1os, los pueblos ind\u00edgenas de ese pa\u00eds enfrentan numerosos obst\u00e1culos para construir una vida digna y pac\u00edfica, ya sea en Brasil o en otros pa\u00edses donde buscan refugio. Actualmente, hay m\u00e1s de dos mil ind\u00edgenas en albergues bajo la gesti\u00f3n de la\u00a0<a href=\"https:\/\/www.fraterinternacional.org\/es\/\">Fraternidad Humanitaria (FFHI).<\/a><\/p>\n\n<p>\u201cHoy existe una clara percepci\u00f3n de que el logro de la autonom\u00eda y la reintegraci\u00f3n social, cultural y econ\u00f3mica de los pueblos ind\u00edgenas venezolanos son factores clave para que se garantice la seguridad, el futuro y la paz de estas poblaciones\u201d, eval\u00faa el monje de la\u00a0<a href=\"https:\/\/www.fraterinternacional.org\/es\/?s=Ordem+Gra%C3%A7a+Miseric%C3%B3rdia\">Orden Gracia Misericordia<\/a>\u00a0Fray Thomas.<\/p>\n\n<div class=\"wp-block-image\"><figure class=\"aligncenter size-large\"><img decoding=\"async\" width=\"1024\" height=\"518\" src=\"https:\/\/www.missoeshumanitarias.org\/wp-content\/uploads\/2021\/09\/Dia-Internacional-Paz-FMHI-03-e1632252636952-1024x518.jpg\" alt=\"\" class=\"wp-image-132609\" srcset=\"https:\/\/www.missoeshumanitarias.org\/wp-content\/uploads\/2021\/09\/Dia-Internacional-Paz-FMHI-03-e1632252636952-1024x518.jpg 1024w, https:\/\/www.missoeshumanitarias.org\/wp-content\/uploads\/2021\/09\/Dia-Internacional-Paz-FMHI-03-e1632252636952-300x152.jpg 300w, https:\/\/www.missoeshumanitarias.org\/wp-content\/uploads\/2021\/09\/Dia-Internacional-Paz-FMHI-03-e1632252636952-768x389.jpg 768w, https:\/\/www.missoeshumanitarias.org\/wp-content\/uploads\/2021\/09\/Dia-Internacional-Paz-FMHI-03-e1632252636952.jpg 1197w\" sizes=\"(max-width: 1024px) 100vw, 1024px\" \/><\/figure><\/div>\n\n<p>El Sector de Soluciones Duraderas de la Fraternidad &#8211; Humanitaria (FFHI), junto con ACNUR, dentro de la Operaci\u00f3n acogida, prev\u00e9 un conjunto de intervenciones humanitarias para que estos objetivos se logren como cursos de formaci\u00f3n profesional, aprendizaje de portugu\u00e9s e inform\u00e1tica, talleres de emprendimientos e, incluso, una escuela de formaci\u00f3n de l\u00edderes (en alianza con el Instituto Insikiran), cuyo objetivo es formar l\u00edderes y representantes de las etnias Warao, E\u00f1epa, entre otras, capaces de comprender sus derechos y deberes en este desafiante escenario de reconstrucci\u00f3n de sus vidas en Brasil. <\/p>\n\n<p>Seg\u00fan Fray Thomas, \u201cen otra vertiente del servicio, la\u00a0<a href=\"https:\/\/www.fraterinternacional.org\/es\/\">Fraternidad &#8211; Humanitaria (FFHI)<\/a>\u00a0busca construir un ambiente de protecci\u00f3n y asistencia que, a trav\u00e9s de un equipo multifuncional, asista y monitoree los diferentes niveles de vulnerabilidad de la poblaci\u00f3n acogida y act\u00fae haciendo la conexi\u00f3n de\u00a0 estas necesidades y personas con la red p\u00fablica de asistencia y servicios sociales disponibles. Tambi\u00e9n busca fortalecer las bases comunitarias con la creaci\u00f3n de comit\u00e9s locales y apoyo al mantenimiento de la cultura tradicional\u201d.<\/p>\n\n<p><span style=\"font-weight: 400;\">El monje afirma que la instituci\u00f3n lleva los principios de la\u00a0<\/span><span style=\"font-weight: 400;\"><a href=\"https:\/\/www.fraterinternacional.org\/es\/\">Fraternidad &#8211; Humanitaria (FFHI)<\/a><\/span><span style=\"font-weight: 400;\">\u00a0a situaciones del planeta donde hay sufrimiento. \u201cEl servicio incondicional a todos los seres, una cultura de paz, respeto y amor son los pilares fundamentales de toda acci\u00f3n\u201d, dice.<\/span><\/p>\n\n<p><span style=\"font-weight: 400;\">Este servicio permiti\u00f3 realizar m\u00e1s de 20 misiones en lugares de conflicto y situaciones de extrema vulnerabilidad de pueblos, como en Oriente Medio y \u00c1frica, adem\u00e1s de la labor de casi cinco a\u00f1os de la\u00a0<\/span><span style=\"font-weight: 400;\"><a href=\"https:\/\/www.missoeshumanitarias.org\/es\/?s=Miss%C3%A3o+Roraima+Humanit%C3%A1ria\">Misi\u00f3n Roraima Humanitaria<\/a><\/span><span style=\"font-weight: 400;\">.<\/span><\/p>\n\n<div class=\"wp-block-image\"><figure class=\"aligncenter size-large\"><img decoding=\"async\" width=\"1024\" height=\"683\" src=\"https:\/\/www.missoeshumanitarias.org\/wp-content\/uploads\/2021\/09\/Dia-Internacional-Paz-FMHI-04-1024x683.jpg\" alt=\"\" class=\"wp-image-132612\" srcset=\"https:\/\/www.missoeshumanitarias.org\/wp-content\/uploads\/2021\/09\/Dia-Internacional-Paz-FMHI-04-1024x683.jpg 1024w, https:\/\/www.missoeshumanitarias.org\/wp-content\/uploads\/2021\/09\/Dia-Internacional-Paz-FMHI-04-300x200.jpg 300w, https:\/\/www.missoeshumanitarias.org\/wp-content\/uploads\/2021\/09\/Dia-Internacional-Paz-FMHI-04-768x512.jpg 768w, https:\/\/www.missoeshumanitarias.org\/wp-content\/uploads\/2021\/09\/Dia-Internacional-Paz-FMHI-04.jpg 1200w\" sizes=\"(max-width: 1024px) 100vw, 1024px\" \/><\/figure><\/div>\n\n<p><span style=\"font-weight: 400;\">\u201cTambi\u00e9n fue debido al respeto y adhesi\u00f3n a los principios universales de los derechos humanos que la\u00a0<\/span><span style=\"font-weight: 400;\"><a href=\"https:\/\/www.fraterinternacional.org\/es\/\">Fraternidad Humanitaria (FFHI)<\/a><\/span><span style=\"font-weight: 400;\">\u00a0se convirti\u00f3 en el punto focal del Movimiento Esfera en Brasil y tradujo la \u00faltima versi\u00f3n del Manual Esfera al portugu\u00e9s, ayudando a difundir los marcos globales de respuesta humanitaria que garanticen, a distintos niveles, la calidad de la asistencia y la dignidad humana de las personas asistidas en crisis humanitarias\u201d, recuerda.<\/span><\/p>\n\n<p>Finalmente, Fray Thomas destaca un lema que define muy bien el servicio que realiza la organizaci\u00f3n en la b\u00fasqueda de la implementaci\u00f3n de la paz: \u201cSolo el Amor puede curar el dolor\u201d.<\/p>\n","protected":false},"excerpt":{"rendered":"<p>El respeto y el amor incondicional a todos los seres son los cimientos de la Fraternidad Humanitaria (FFHI) para la promoci\u00f3n de una cultura de paz. Hoy, 21 de septiembre, se conmemora el D\u00eda Internacional de la Paz, fecha establecida por las Naciones Unidas (ONU) en 1981 con el objetivo de posibilitar acciones que promuevan [&hellip;]<\/p>\n","protected":false},"author":1,"featured_media":132614,"comment_status":"closed","ping_status":"closed","sticky":false,"template":"","format":"standard","meta":{"footnotes":""},"categories":[43,131],"tags":[],"class_list":["post-132723","post","type-post","status-publish","format-standard","has-post-thumbnail","hentry","category-noticias-es","category-noticias-de-las-misiones"],"featured_image_src":"https:\/\/www.missoeshumanitarias.org\/wp-content\/uploads\/2021\/09\/Dia-Internacional-Paz-FMHI-04.jpg","author_info":{"display_name":"maducato_admin","author_link":"https:\/\/www.missoeshumanitarias.org\/es\/author\/maducato_admin\/"},"yoast_head":"<!-- This site is optimized with the Yoast SEO Premium plugin v22.5 (Yoast SEO v22.5) - https:\/\/yoast.com\/wordpress\/plugins\/seo\/ -->\n<title>Dia Internacional de la Paz - Fraternidade Miss\u00f5es Humanit\u00e1rias Internacionais<\/title>\n<meta name=\"robots\" content=\"index, follow, max-snippet:-1, max-image-preview:large, max-video-preview:-1\" \/>\n<link rel=\"canonical\" href=\"https:\/\/www.missoeshumanitarias.org\/es\/dia-internacional-de-la-paz\/\" \/>\n<meta property=\"og:locale\" content=\"es_ES\" \/>\n<meta property=\"og:type\" content=\"article\" \/>\n<meta property=\"og:title\" content=\"Dia Internacional de la Paz\" \/>\n<meta property=\"og:description\" content=\"El respeto y el amor incondicional a todos los seres son los cimientos de la Fraternidad Humanitaria (FFHI) para la promoci\u00f3n de una cultura de paz. Hoy, 21 de septiembre, se conmemora el D\u00eda Internacional de la Paz, fecha establecida por las Naciones Unidas (ONU) en 1981 con el objetivo de posibilitar acciones que promuevan [&hellip;]\" \/>\n<meta property=\"og:url\" content=\"https:\/\/www.missoeshumanitarias.org\/es\/dia-internacional-de-la-paz\/\" \/>\n<meta property=\"og:site_name\" content=\"Fraternidade Miss\u00f5es Humanit\u00e1rias Internacionais\" \/>\n<meta property=\"article:published_time\" content=\"2021-09-21T14:33:25+00:00\" \/>\n<meta property=\"article:modified_time\" content=\"2021-09-23T14:33:57+00:00\" \/>\n<meta property=\"og:image\" content=\"https:\/\/www.missoeshumanitarias.org\/wp-content\/uploads\/2021\/09\/Dia-Internacional-Paz-FMHI-04.jpg\" \/>\n\t<meta property=\"og:image:width\" content=\"1200\" \/>\n\t<meta property=\"og:image:height\" content=\"800\" \/>\n\t<meta property=\"og:image:type\" content=\"image\/jpeg\" \/>\n<meta name=\"author\" content=\"maducato_admin\" \/>\n<meta name=\"twitter:card\" content=\"summary_large_image\" \/>\n<meta name=\"twitter:label1\" content=\"Escrito por\" \/>\n\t<meta name=\"twitter:data1\" content=\"maducato_admin\" \/>\n\t<meta name=\"twitter:label2\" content=\"Tiempo de lectura\" \/>\n\t<meta name=\"twitter:data2\" content=\"3 minutos\" \/>\n<script type=\"application\/ld+json\" class=\"yoast-schema-graph\">{\"@context\":\"https:\/\/schema.org\",\"@graph\":[{\"@type\":\"Article\",\"@id\":\"https:\/\/www.missoeshumanitarias.org\/es\/dia-internacional-de-la-paz\/#article\",\"isPartOf\":{\"@id\":\"https:\/\/www.missoeshumanitarias.org\/es\/dia-internacional-de-la-paz\/\"},\"author\":{\"name\":\"maducato_admin\",\"@id\":\"https:\/\/www.missoeshumanitarias.org\/es\/#\/schema\/person\/e0f8527323154d1eba9f9d9eb6b401f7\"},\"headline\":\"Dia Internacional de la Paz\",\"datePublished\":\"2021-09-21T14:33:25+00:00\",\"dateModified\":\"2021-09-23T14:33:57+00:00\",\"mainEntityOfPage\":{\"@id\":\"https:\/\/www.missoeshumanitarias.org\/es\/dia-internacional-de-la-paz\/\"},\"wordCount\":636,\"publisher\":{\"@id\":\"https:\/\/www.missoeshumanitarias.org\/es\/#organization\"},\"image\":{\"@id\":\"https:\/\/www.missoeshumanitarias.org\/es\/dia-internacional-de-la-paz\/#primaryimage\"},\"thumbnailUrl\":\"https:\/\/www.missoeshumanitarias.org\/wp-content\/uploads\/2021\/09\/Dia-Internacional-Paz-FMHI-04.jpg\",\"articleSection\":[\"Noticias\",\"Noticias de las Misiones\"],\"inLanguage\":\"es\"},{\"@type\":\"WebPage\",\"@id\":\"https:\/\/www.missoeshumanitarias.org\/es\/dia-internacional-de-la-paz\/\",\"url\":\"https:\/\/www.missoeshumanitarias.org\/es\/dia-internacional-de-la-paz\/\",\"name\":\"Dia Internacional de la Paz - Fraternidade Miss\u00f5es Humanit\u00e1rias Internacionais\",\"isPartOf\":{\"@id\":\"https:\/\/www.missoeshumanitarias.org\/es\/#website\"},\"primaryImageOfPage\":{\"@id\":\"https:\/\/www.missoeshumanitarias.org\/es\/dia-internacional-de-la-paz\/#primaryimage\"},\"image\":{\"@id\":\"https:\/\/www.missoeshumanitarias.org\/es\/dia-internacional-de-la-paz\/#primaryimage\"},\"thumbnailUrl\":\"https:\/\/www.missoeshumanitarias.org\/wp-content\/uploads\/2021\/09\/Dia-Internacional-Paz-FMHI-04.jpg\",\"datePublished\":\"2021-09-21T14:33:25+00:00\",\"dateModified\":\"2021-09-23T14:33:57+00:00\",\"breadcrumb\":{\"@id\":\"https:\/\/www.missoeshumanitarias.org\/es\/dia-internacional-de-la-paz\/#breadcrumb\"},\"inLanguage\":\"es\",\"potentialAction\":[{\"@type\":\"ReadAction\",\"target\":[\"https:\/\/www.missoeshumanitarias.org\/es\/dia-internacional-de-la-paz\/\"]}]},{\"@type\":\"ImageObject\",\"inLanguage\":\"es\",\"@id\":\"https:\/\/www.missoeshumanitarias.org\/es\/dia-internacional-de-la-paz\/#primaryimage\",\"url\":\"https:\/\/www.missoeshumanitarias.org\/wp-content\/uploads\/2021\/09\/Dia-Internacional-Paz-FMHI-04.jpg\",\"contentUrl\":\"https:\/\/www.missoeshumanitarias.org\/wp-content\/uploads\/2021\/09\/Dia-Internacional-Paz-FMHI-04.jpg\",\"width\":1200,\"height\":800},{\"@type\":\"BreadcrumbList\",\"@id\":\"https:\/\/www.missoeshumanitarias.org\/es\/dia-internacional-de-la-paz\/#breadcrumb\",\"itemListElement\":[{\"@type\":\"ListItem\",\"position\":1,\"name\":\"Home\",\"item\":\"https:\/\/www.missoeshumanitarias.org\/en\/\"},{\"@type\":\"ListItem\",\"position\":2,\"name\":\"Dia Internacional de la Paz\"}]},{\"@type\":\"WebSite\",\"@id\":\"https:\/\/www.missoeshumanitarias.org\/es\/#website\",\"url\":\"https:\/\/www.missoeshumanitarias.org\/es\/\",\"name\":\"Fraternidade Miss\u00f5es Humanit\u00e1rias Internacionais\",\"description\":\"Respostas Humanit\u00e1rias e Emerg\u00eancias\",\"publisher\":{\"@id\":\"https:\/\/www.missoeshumanitarias.org\/es\/#organization\"},\"potentialAction\":[{\"@type\":\"SearchAction\",\"target\":{\"@type\":\"EntryPoint\",\"urlTemplate\":\"https:\/\/www.missoeshumanitarias.org\/es\/?s={search_term_string}\"},\"query-input\":\"required name=search_term_string\"}],\"inLanguage\":\"es\"},{\"@type\":\"Organization\",\"@id\":\"https:\/\/www.missoeshumanitarias.org\/es\/#organization\",\"name\":\"Fraternidade - Miss\u00f5es Humanit\u00e1rias Internacionais\",\"url\":\"https:\/\/www.missoeshumanitarias.org\/es\/\",\"logo\":{\"@type\":\"ImageObject\",\"inLanguage\":\"es\",\"@id\":\"https:\/\/www.missoeshumanitarias.org\/es\/#\/schema\/logo\/image\/\",\"url\":\"https:\/\/www.missoeshumanitarias.org\/wp-content\/uploads\/2020\/05\/logo-FMHI-mg.png\",\"contentUrl\":\"https:\/\/www.missoeshumanitarias.org\/wp-content\/uploads\/2020\/05\/logo-FMHI-mg.png\",\"width\":520,\"height\":134,\"caption\":\"Fraternidade - Miss\u00f5es Humanit\u00e1rias Internacionais\"},\"image\":{\"@id\":\"https:\/\/www.missoeshumanitarias.org\/es\/#\/schema\/logo\/image\/\"}},{\"@type\":\"Person\",\"@id\":\"https:\/\/www.missoeshumanitarias.org\/es\/#\/schema\/person\/e0f8527323154d1eba9f9d9eb6b401f7\",\"name\":\"maducato_admin\",\"image\":{\"@type\":\"ImageObject\",\"inLanguage\":\"es\",\"@id\":\"https:\/\/www.missoeshumanitarias.org\/es\/#\/schema\/person\/image\/\",\"url\":\"https:\/\/secure.gravatar.com\/avatar\/6c3b45186a8f5a459d8e14c7fca370bceae92402bc06171d75e4e559b6c24393?s=96&d=mm&r=g\",\"contentUrl\":\"https:\/\/secure.gravatar.com\/avatar\/6c3b45186a8f5a459d8e14c7fca370bceae92402bc06171d75e4e559b6c24393?s=96&d=mm&r=g\",\"caption\":\"maducato_admin\"}}]}<\/script>\n<!-- \/ Yoast SEO Premium plugin. -->","yoast_head_json":{"title":"Dia Internacional de la Paz - Fraternidade Miss\u00f5es Humanit\u00e1rias Internacionais","robots":{"index":"index","follow":"follow","max-snippet":"max-snippet:-1","max-image-preview":"max-image-preview:large","max-video-preview":"max-video-preview:-1"},"canonical":"https:\/\/www.missoeshumanitarias.org\/es\/dia-internacional-de-la-paz\/","og_locale":"es_ES","og_type":"article","og_title":"Dia Internacional de la Paz","og_description":"El respeto y el amor incondicional a todos los seres son los cimientos de la Fraternidad Humanitaria (FFHI) para la promoci\u00f3n de una cultura de paz. Hoy, 21 de septiembre, se conmemora el D\u00eda Internacional de la Paz, fecha establecida por las Naciones Unidas (ONU) en 1981 con el objetivo de posibilitar acciones que promuevan [&hellip;]","og_url":"https:\/\/www.missoeshumanitarias.org\/es\/dia-internacional-de-la-paz\/","og_site_name":"Fraternidade Miss\u00f5es Humanit\u00e1rias Internacionais","article_published_time":"2021-09-21T14:33:25+00:00","article_modified_time":"2021-09-23T14:33:57+00:00","og_image":[{"width":1200,"height":800,"url":"https:\/\/www.missoeshumanitarias.org\/wp-content\/uploads\/2021\/09\/Dia-Internacional-Paz-FMHI-04.jpg","type":"image\/jpeg"}],"author":"maducato_admin","twitter_card":"summary_large_image","twitter_misc":{"Escrito por":"maducato_admin","Tiempo de lectura":"3 minutos"},"schema":{"@context":"https:\/\/schema.org","@graph":[{"@type":"Article","@id":"https:\/\/www.missoeshumanitarias.org\/es\/dia-internacional-de-la-paz\/#article","isPartOf":{"@id":"https:\/\/www.missoeshumanitarias.org\/es\/dia-internacional-de-la-paz\/"},"author":{"name":"maducato_admin","@id":"https:\/\/www.missoeshumanitarias.org\/es\/#\/schema\/person\/e0f8527323154d1eba9f9d9eb6b401f7"},"headline":"Dia Internacional de la Paz","datePublished":"2021-09-21T14:33:25+00:00","dateModified":"2021-09-23T14:33:57+00:00","mainEntityOfPage":{"@id":"https:\/\/www.missoeshumanitarias.org\/es\/dia-internacional-de-la-paz\/"},"wordCount":636,"publisher":{"@id":"https:\/\/www.missoeshumanitarias.org\/es\/#organization"},"image":{"@id":"https:\/\/www.missoeshumanitarias.org\/es\/dia-internacional-de-la-paz\/#primaryimage"},"thumbnailUrl":"https:\/\/www.missoeshumanitarias.org\/wp-content\/uploads\/2021\/09\/Dia-Internacional-Paz-FMHI-04.jpg","articleSection":["Noticias","Noticias de las Misiones"],"inLanguage":"es"},{"@type":"WebPage","@id":"https:\/\/www.missoeshumanitarias.org\/es\/dia-internacional-de-la-paz\/","url":"https:\/\/www.missoeshumanitarias.org\/es\/dia-internacional-de-la-paz\/","name":"Dia Internacional de la Paz - Fraternidade Miss\u00f5es Humanit\u00e1rias Internacionais","isPartOf":{"@id":"https:\/\/www.missoeshumanitarias.org\/es\/#website"},"primaryImageOfPage":{"@id":"https:\/\/www.missoeshumanitarias.org\/es\/dia-internacional-de-la-paz\/#primaryimage"},"image":{"@id":"https:\/\/www.missoeshumanitarias.org\/es\/dia-internacional-de-la-paz\/#primaryimage"},"thumbnailUrl":"https:\/\/www.missoeshumanitarias.org\/wp-content\/uploads\/2021\/09\/Dia-Internacional-Paz-FMHI-04.jpg","datePublished":"2021-09-21T14:33:25+00:00","dateModified":"2021-09-23T14:33:57+00:00","breadcrumb":{"@id":"https:\/\/www.missoeshumanitarias.org\/es\/dia-internacional-de-la-paz\/#breadcrumb"},"inLanguage":"es","potentialAction":[{"@type":"ReadAction","target":["https:\/\/www.missoeshumanitarias.org\/es\/dia-internacional-de-la-paz\/"]}]},{"@type":"ImageObject","inLanguage":"es","@id":"https:\/\/www.missoeshumanitarias.org\/es\/dia-internacional-de-la-paz\/#primaryimage","url":"https:\/\/www.missoeshumanitarias.org\/wp-content\/uploads\/2021\/09\/Dia-Internacional-Paz-FMHI-04.jpg","contentUrl":"https:\/\/www.missoeshumanitarias.org\/wp-content\/uploads\/2021\/09\/Dia-Internacional-Paz-FMHI-04.jpg","width":1200,"height":800},{"@type":"BreadcrumbList","@id":"https:\/\/www.missoeshumanitarias.org\/es\/dia-internacional-de-la-paz\/#breadcrumb","itemListElement":[{"@type":"ListItem","position":1,"name":"Home","item":"https:\/\/www.missoeshumanitarias.org\/en\/"},{"@type":"ListItem","position":2,"name":"Dia Internacional de la Paz"}]},{"@type":"WebSite","@id":"https:\/\/www.missoeshumanitarias.org\/es\/#website","url":"https:\/\/www.missoeshumanitarias.org\/es\/","name":"Fraternidade Miss\u00f5es Humanit\u00e1rias Internacionais","description":"Respostas Humanit\u00e1rias e Emerg\u00eancias","publisher":{"@id":"https:\/\/www.missoeshumanitarias.org\/es\/#organization"},"potentialAction":[{"@type":"SearchAction","target":{"@type":"EntryPoint","urlTemplate":"https:\/\/www.missoeshumanitarias.org\/es\/?s={search_term_string}"},"query-input":"required name=search_term_string"}],"inLanguage":"es"},{"@type":"Organization","@id":"https:\/\/www.missoeshumanitarias.org\/es\/#organization","name":"Fraternidade - Miss\u00f5es Humanit\u00e1rias Internacionais","url":"https:\/\/www.missoeshumanitarias.org\/es\/","logo":{"@type":"ImageObject","inLanguage":"es","@id":"https:\/\/www.missoeshumanitarias.org\/es\/#\/schema\/logo\/image\/","url":"https:\/\/www.missoeshumanitarias.org\/wp-content\/uploads\/2020\/05\/logo-FMHI-mg.png","contentUrl":"https:\/\/www.missoeshumanitarias.org\/wp-content\/uploads\/2020\/05\/logo-FMHI-mg.png","width":520,"height":134,"caption":"Fraternidade - Miss\u00f5es Humanit\u00e1rias Internacionais"},"image":{"@id":"https:\/\/www.missoeshumanitarias.org\/es\/#\/schema\/logo\/image\/"}},{"@type":"Person","@id":"https:\/\/www.missoeshumanitarias.org\/es\/#\/schema\/person\/e0f8527323154d1eba9f9d9eb6b401f7","name":"maducato_admin","image":{"@type":"ImageObject","inLanguage":"es","@id":"https:\/\/www.missoeshumanitarias.org\/es\/#\/schema\/person\/image\/","url":"https:\/\/secure.gravatar.com\/avatar\/6c3b45186a8f5a459d8e14c7fca370bceae92402bc06171d75e4e559b6c24393?s=96&d=mm&r=g","contentUrl":"https:\/\/secure.gravatar.com\/avatar\/6c3b45186a8f5a459d8e14c7fca370bceae92402bc06171d75e4e559b6c24393?s=96&d=mm&r=g","caption":"maducato_admin"}}]}},"_links":{"self":[{"href":"https:\/\/www.missoeshumanitarias.org\/es\/wp-json\/wp\/v2\/posts\/132723","targetHints":{"allow":["GET"]}}],"collection":[{"href":"https:\/\/www.missoeshumanitarias.org\/es\/wp-json\/wp\/v2\/posts"}],"about":[{"href":"https:\/\/www.missoeshumanitarias.org\/es\/wp-json\/wp\/v2\/types\/post"}],"author":[{"embeddable":true,"href":"https:\/\/www.missoeshumanitarias.org\/es\/wp-json\/wp\/v2\/users\/1"}],"replies":[{"embeddable":true,"href":"https:\/\/www.missoeshumanitarias.org\/es\/wp-json\/wp\/v2\/comments?post=132723"}],"version-history":[{"count":0,"href":"https:\/\/www.missoeshumanitarias.org\/es\/wp-json\/wp\/v2\/posts\/132723\/revisions"}],"wp:featuredmedia":[{"embeddable":true,"href":"https:\/\/www.missoeshumanitarias.org\/es\/wp-json\/wp\/v2\/media\/132614"}],"wp:attachment":[{"href":"https:\/\/www.missoeshumanitarias.org\/es\/wp-json\/wp\/v2\/media?parent=132723"}],"wp:term":[{"taxonomy":"category","embeddable":true,"href":"https:\/\/www.missoeshumanitarias.org\/es\/wp-json\/wp\/v2\/categories?post=132723"},{"taxonomy":"post_tag","embeddable":true,"href":"https:\/\/www.missoeshumanitarias.org\/es\/wp-json\/wp\/v2\/tags?post=132723"}],"curies":[{"name":"wp","href":"https:\/\/api.w.org\/{rel}","templated":true}]}}