{"id":133112,"date":"2021-10-11T17:15:37","date_gmt":"2021-10-11T20:15:37","guid":{"rendered":"https:\/\/www.missoeshumanitarias.org\/tiempo-de-servir-amanda\/"},"modified":"2021-10-20T14:04:06","modified_gmt":"2021-10-20T17:04:06","slug":"tiempo-de-servir-amanda","status":"publish","type":"post","link":"https:\/\/www.missoeshumanitarias.org\/es\/tiempo-de-servir-amanda\/","title":{"rendered":"Tiempo de servir &#8211; Amanda"},"content":{"rendered":"\n<p><span lang=\"es-419\">\u201cEl servicio se convirti\u00f3 en una forma de expresi\u00f3n de mi alma\u201d, con esta frase Amanda resume el sentimiento que la moviliza a seguir su coraz\u00f3n y servir a los dem\u00e1s. En 2018 la joven particip\u00f3 en su primera misi\u00f3n humanitaria en Roraima, Brasil.\u00a0<\/span>Desde entonces, no ha parado. Trabaj\u00f3 en la<a href=\"https:\/\/www.missoeshumanitarias.org\/es\/?s=miss%C3%A3o+brumadinho\" target=\"_blank\" rel=\"noopener\">\u00a0Misi\u00f3nBrumadinho<\/a>, en varias acciones en su ciudad e incluso ocup\u00f3 el cargo de gerente regional del\u00a0<a href=\"https:\/\/www.missoeshumanitarias.org\/es\/?s=Alojamento+de+Tr%C3%A2nsito+de+Manaus+%28ATM%29\" target=\"_blank\" rel=\"noopener\">Alojamiento de Tr\u00e1nsito Manaos (ATM)<\/a>, bajo la gesti\u00f3n de la\u00a0<a href=\"https:\/\/www.fraterinternacional.org\/es\/\" target=\"_blank\" rel=\"noopener\">Fraternidad &#8211; Federaci\u00f3n Humanitaria Internacional (FFHI)<\/a>.<\/p>\n\n<p>El Alojamiento de Tr\u00e1nsito de Manaos (ATM) es un albergue temporal que forma parte del Programa de Interiorizaci\u00f3n (reubicaci\u00f3n) creado por la Operaci\u00f3n Acogida y cuenta con el apoyo de la Agencia de la ONU para los Refugiados (ACNUR) y otros socios.<\/p>\n\n<figure class=\"wp-block-embed is-type-video is-provider-youtube wp-block-embed-youtube wp-embed-aspect-16-9 wp-has-aspect-ratio\"><div class=\"wp-block-embed__wrapper\">\r\n<iframe title=\"Tempo de Servir - Amanda\" width=\"800\" height=\"450\" src=\"https:\/\/www.youtube.com\/embed\/J6OYkxtirNI?feature=oembed\" frameborder=\"0\" allow=\"accelerometer; autoplay; clipboard-write; encrypted-media; gyroscope; picture-in-picture\" allowfullscreen><\/iframe>\r\n<\/div><\/figure>\r\n","protected":false},"excerpt":{"rendered":"<p>\u201cEl servicio se convirti\u00f3 en una forma de expresi\u00f3n de mi alma\u201d, con esta frase Amanda resume el sentimiento que la moviliza a seguir su coraz\u00f3n y servir a los dem\u00e1s. En 2018 la joven particip\u00f3 en su primera misi\u00f3n humanitaria en Roraima, Brasil.\u00a0Desde entonces, no ha parado. Trabaj\u00f3 en la\u00a0Misi\u00f3nBrumadinho, en varias acciones en [&hellip;]<\/p>\n","protected":false},"author":1,"featured_media":133062,"comment_status":"closed","ping_status":"closed","sticky":false,"template":"","format":"standard","meta":{"footnotes":""},"categories":[43,131,118],"tags":[],"class_list":["post-133112","post","type-post","status-publish","format-standard","has-post-thumbnail","hentry","category-noticias-es","category-noticias-de-las-misiones","category-videos-es"],"featured_image_src":"https:\/\/www.missoeshumanitarias.org\/wp-content\/uploads\/2021\/10\/capa-tempo-servir.jpg","author_info":{"display_name":"maducato_admin","author_link":"https:\/\/www.missoeshumanitarias.org\/es\/author\/maducato_admin\/"},"yoast_head":"<!-- This site is optimized with the Yoast SEO Premium plugin v22.5 (Yoast SEO v22.5) - https:\/\/yoast.com\/wordpress\/plugins\/seo\/ -->\n<title>Tiempo de servir - Amanda - Fraternidade Miss\u00f5es Humanit\u00e1rias Internacionais<\/title>\n<meta name=\"description\" content=\"En 2018 la joven particip\u00f3 en su primera misi\u00f3n humanitaria en Roraima, Brasil.\u00a0\" \/>\n<meta name=\"robots\" content=\"index, follow, max-snippet:-1, max-image-preview:large, max-video-preview:-1\" \/>\n<link rel=\"canonical\" href=\"https:\/\/www.missoeshumanitarias.org\/es\/tiempo-de-servir-amanda\/\" \/>\n<meta property=\"og:locale\" content=\"es_ES\" \/>\n<meta property=\"og:type\" content=\"article\" \/>\n<meta property=\"og:title\" content=\"Tiempo de servir - Amanda\" \/>\n<meta property=\"og:description\" content=\"En 2018 la joven particip\u00f3 en su primera misi\u00f3n humanitaria en Roraima, Brasil.\u00a0\" \/>\n<meta property=\"og:url\" content=\"https:\/\/www.missoeshumanitarias.org\/es\/tiempo-de-servir-amanda\/\" \/>\n<meta property=\"og:site_name\" content=\"Fraternidade Miss\u00f5es Humanit\u00e1rias Internacionais\" \/>\n<meta property=\"article:published_time\" content=\"2021-10-11T20:15:37+00:00\" \/>\n<meta property=\"article:modified_time\" content=\"2021-10-20T17:04:06+00:00\" \/>\n<meta property=\"og:image\" content=\"https:\/\/www.missoeshumanitarias.org\/wp-content\/uploads\/2021\/10\/capa-tempo-servir.jpg\" \/>\n\t<meta property=\"og:image:width\" content=\"1920\" \/>\n\t<meta property=\"og:image:height\" content=\"1080\" \/>\n\t<meta property=\"og:image:type\" content=\"image\/jpeg\" \/>\n<meta name=\"author\" content=\"maducato_admin\" \/>\n<meta name=\"twitter:card\" content=\"summary_large_image\" \/>\n<meta name=\"twitter:label1\" content=\"Escrito por\" \/>\n\t<meta name=\"twitter:data1\" content=\"maducato_admin\" \/>\n\t<meta name=\"twitter:label2\" content=\"Tiempo de lectura\" \/>\n\t<meta name=\"twitter:data2\" content=\"1 minuto\" \/>\n<script type=\"application\/ld+json\" class=\"yoast-schema-graph\">{\"@context\":\"https:\/\/schema.org\",\"@graph\":[{\"@type\":\"Article\",\"@id\":\"https:\/\/www.missoeshumanitarias.org\/es\/tiempo-de-servir-amanda\/#article\",\"isPartOf\":{\"@id\":\"https:\/\/www.missoeshumanitarias.org\/es\/tiempo-de-servir-amanda\/\"},\"author\":{\"name\":\"maducato_admin\",\"@id\":\"https:\/\/www.missoeshumanitarias.org\/es\/#\/schema\/person\/e0f8527323154d1eba9f9d9eb6b401f7\"},\"headline\":\"Tiempo de servir &#8211; Amanda\",\"datePublished\":\"2021-10-11T20:15:37+00:00\",\"dateModified\":\"2021-10-20T17:04:06+00:00\",\"mainEntityOfPage\":{\"@id\":\"https:\/\/www.missoeshumanitarias.org\/es\/tiempo-de-servir-amanda\/\"},\"wordCount\":147,\"publisher\":{\"@id\":\"https:\/\/www.missoeshumanitarias.org\/es\/#organization\"},\"image\":{\"@id\":\"https:\/\/www.missoeshumanitarias.org\/es\/tiempo-de-servir-amanda\/#primaryimage\"},\"thumbnailUrl\":\"https:\/\/www.missoeshumanitarias.org\/wp-content\/uploads\/2021\/10\/capa-tempo-servir.jpg\",\"articleSection\":[\"Noticias\",\"Noticias de las Misiones\",\"Videos\"],\"inLanguage\":\"es\"},{\"@type\":\"WebPage\",\"@id\":\"https:\/\/www.missoeshumanitarias.org\/es\/tiempo-de-servir-amanda\/\",\"url\":\"https:\/\/www.missoeshumanitarias.org\/es\/tiempo-de-servir-amanda\/\",\"name\":\"Tiempo de servir - Amanda - Fraternidade Miss\u00f5es Humanit\u00e1rias Internacionais\",\"isPartOf\":{\"@id\":\"https:\/\/www.missoeshumanitarias.org\/es\/#website\"},\"primaryImageOfPage\":{\"@id\":\"https:\/\/www.missoeshumanitarias.org\/es\/tiempo-de-servir-amanda\/#primaryimage\"},\"image\":{\"@id\":\"https:\/\/www.missoeshumanitarias.org\/es\/tiempo-de-servir-amanda\/#primaryimage\"},\"thumbnailUrl\":\"https:\/\/www.missoeshumanitarias.org\/wp-content\/uploads\/2021\/10\/capa-tempo-servir.jpg\",\"datePublished\":\"2021-10-11T20:15:37+00:00\",\"dateModified\":\"2021-10-20T17:04:06+00:00\",\"description\":\"En 2018 la joven particip\u00f3 en su primera misi\u00f3n humanitaria en Roraima, Brasil.\u00a0\",\"breadcrumb\":{\"@id\":\"https:\/\/www.missoeshumanitarias.org\/es\/tiempo-de-servir-amanda\/#breadcrumb\"},\"inLanguage\":\"es\",\"potentialAction\":[{\"@type\":\"ReadAction\",\"target\":[\"https:\/\/www.missoeshumanitarias.org\/es\/tiempo-de-servir-amanda\/\"]}]},{\"@type\":\"ImageObject\",\"inLanguage\":\"es\",\"@id\":\"https:\/\/www.missoeshumanitarias.org\/es\/tiempo-de-servir-amanda\/#primaryimage\",\"url\":\"https:\/\/www.missoeshumanitarias.org\/wp-content\/uploads\/2021\/10\/capa-tempo-servir.jpg\",\"contentUrl\":\"https:\/\/www.missoeshumanitarias.org\/wp-content\/uploads\/2021\/10\/capa-tempo-servir.jpg\",\"width\":1920,\"height\":1080,\"caption\":\"Tempo de Servir \u2013 Amanda\"},{\"@type\":\"BreadcrumbList\",\"@id\":\"https:\/\/www.missoeshumanitarias.org\/es\/tiempo-de-servir-amanda\/#breadcrumb\",\"itemListElement\":[{\"@type\":\"ListItem\",\"position\":1,\"name\":\"Home\",\"item\":\"https:\/\/www.missoeshumanitarias.org\/en\/\"},{\"@type\":\"ListItem\",\"position\":2,\"name\":\"Tiempo de servir &#8211; Amanda\"}]},{\"@type\":\"WebSite\",\"@id\":\"https:\/\/www.missoeshumanitarias.org\/es\/#website\",\"url\":\"https:\/\/www.missoeshumanitarias.org\/es\/\",\"name\":\"Fraternidade Miss\u00f5es Humanit\u00e1rias Internacionais\",\"description\":\"Respostas Humanit\u00e1rias e Emerg\u00eancias\",\"publisher\":{\"@id\":\"https:\/\/www.missoeshumanitarias.org\/es\/#organization\"},\"potentialAction\":[{\"@type\":\"SearchAction\",\"target\":{\"@type\":\"EntryPoint\",\"urlTemplate\":\"https:\/\/www.missoeshumanitarias.org\/es\/?s={search_term_string}\"},\"query-input\":\"required name=search_term_string\"}],\"inLanguage\":\"es\"},{\"@type\":\"Organization\",\"@id\":\"https:\/\/www.missoeshumanitarias.org\/es\/#organization\",\"name\":\"Fraternidade - Miss\u00f5es Humanit\u00e1rias Internacionais\",\"url\":\"https:\/\/www.missoeshumanitarias.org\/es\/\",\"logo\":{\"@type\":\"ImageObject\",\"inLanguage\":\"es\",\"@id\":\"https:\/\/www.missoeshumanitarias.org\/es\/#\/schema\/logo\/image\/\",\"url\":\"https:\/\/www.missoeshumanitarias.org\/wp-content\/uploads\/2020\/05\/logo-FMHI-mg.png\",\"contentUrl\":\"https:\/\/www.missoeshumanitarias.org\/wp-content\/uploads\/2020\/05\/logo-FMHI-mg.png\",\"width\":520,\"height\":134,\"caption\":\"Fraternidade - Miss\u00f5es Humanit\u00e1rias Internacionais\"},\"image\":{\"@id\":\"https:\/\/www.missoeshumanitarias.org\/es\/#\/schema\/logo\/image\/\"}},{\"@type\":\"Person\",\"@id\":\"https:\/\/www.missoeshumanitarias.org\/es\/#\/schema\/person\/e0f8527323154d1eba9f9d9eb6b401f7\",\"name\":\"maducato_admin\",\"image\":{\"@type\":\"ImageObject\",\"inLanguage\":\"es\",\"@id\":\"https:\/\/www.missoeshumanitarias.org\/es\/#\/schema\/person\/image\/\",\"url\":\"https:\/\/secure.gravatar.com\/avatar\/6c3b45186a8f5a459d8e14c7fca370bceae92402bc06171d75e4e559b6c24393?s=96&d=mm&r=g\",\"contentUrl\":\"https:\/\/secure.gravatar.com\/avatar\/6c3b45186a8f5a459d8e14c7fca370bceae92402bc06171d75e4e559b6c24393?s=96&d=mm&r=g\",\"caption\":\"maducato_admin\"}}]}<\/script>\n<!-- \/ Yoast SEO Premium plugin. -->","yoast_head_json":{"title":"Tiempo de servir - Amanda - Fraternidade Miss\u00f5es Humanit\u00e1rias Internacionais","description":"En 2018 la joven particip\u00f3 en su primera misi\u00f3n humanitaria en Roraima, Brasil.\u00a0","robots":{"index":"index","follow":"follow","max-snippet":"max-snippet:-1","max-image-preview":"max-image-preview:large","max-video-preview":"max-video-preview:-1"},"canonical":"https:\/\/www.missoeshumanitarias.org\/es\/tiempo-de-servir-amanda\/","og_locale":"es_ES","og_type":"article","og_title":"Tiempo de servir - Amanda","og_description":"En 2018 la joven particip\u00f3 en su primera misi\u00f3n humanitaria en Roraima, Brasil.\u00a0","og_url":"https:\/\/www.missoeshumanitarias.org\/es\/tiempo-de-servir-amanda\/","og_site_name":"Fraternidade Miss\u00f5es Humanit\u00e1rias Internacionais","article_published_time":"2021-10-11T20:15:37+00:00","article_modified_time":"2021-10-20T17:04:06+00:00","og_image":[{"width":1920,"height":1080,"url":"https:\/\/www.missoeshumanitarias.org\/wp-content\/uploads\/2021\/10\/capa-tempo-servir.jpg","type":"image\/jpeg"}],"author":"maducato_admin","twitter_card":"summary_large_image","twitter_misc":{"Escrito por":"maducato_admin","Tiempo de lectura":"1 minuto"},"schema":{"@context":"https:\/\/schema.org","@graph":[{"@type":"Article","@id":"https:\/\/www.missoeshumanitarias.org\/es\/tiempo-de-servir-amanda\/#article","isPartOf":{"@id":"https:\/\/www.missoeshumanitarias.org\/es\/tiempo-de-servir-amanda\/"},"author":{"name":"maducato_admin","@id":"https:\/\/www.missoeshumanitarias.org\/es\/#\/schema\/person\/e0f8527323154d1eba9f9d9eb6b401f7"},"headline":"Tiempo de servir &#8211; Amanda","datePublished":"2021-10-11T20:15:37+00:00","dateModified":"2021-10-20T17:04:06+00:00","mainEntityOfPage":{"@id":"https:\/\/www.missoeshumanitarias.org\/es\/tiempo-de-servir-amanda\/"},"wordCount":147,"publisher":{"@id":"https:\/\/www.missoeshumanitarias.org\/es\/#organization"},"image":{"@id":"https:\/\/www.missoeshumanitarias.org\/es\/tiempo-de-servir-amanda\/#primaryimage"},"thumbnailUrl":"https:\/\/www.missoeshumanitarias.org\/wp-content\/uploads\/2021\/10\/capa-tempo-servir.jpg","articleSection":["Noticias","Noticias de las Misiones","Videos"],"inLanguage":"es"},{"@type":"WebPage","@id":"https:\/\/www.missoeshumanitarias.org\/es\/tiempo-de-servir-amanda\/","url":"https:\/\/www.missoeshumanitarias.org\/es\/tiempo-de-servir-amanda\/","name":"Tiempo de servir - Amanda - Fraternidade Miss\u00f5es Humanit\u00e1rias Internacionais","isPartOf":{"@id":"https:\/\/www.missoeshumanitarias.org\/es\/#website"},"primaryImageOfPage":{"@id":"https:\/\/www.missoeshumanitarias.org\/es\/tiempo-de-servir-amanda\/#primaryimage"},"image":{"@id":"https:\/\/www.missoeshumanitarias.org\/es\/tiempo-de-servir-amanda\/#primaryimage"},"thumbnailUrl":"https:\/\/www.missoeshumanitarias.org\/wp-content\/uploads\/2021\/10\/capa-tempo-servir.jpg","datePublished":"2021-10-11T20:15:37+00:00","dateModified":"2021-10-20T17:04:06+00:00","description":"En 2018 la joven particip\u00f3 en su primera misi\u00f3n humanitaria en Roraima, Brasil.\u00a0","breadcrumb":{"@id":"https:\/\/www.missoeshumanitarias.org\/es\/tiempo-de-servir-amanda\/#breadcrumb"},"inLanguage":"es","potentialAction":[{"@type":"ReadAction","target":["https:\/\/www.missoeshumanitarias.org\/es\/tiempo-de-servir-amanda\/"]}]},{"@type":"ImageObject","inLanguage":"es","@id":"https:\/\/www.missoeshumanitarias.org\/es\/tiempo-de-servir-amanda\/#primaryimage","url":"https:\/\/www.missoeshumanitarias.org\/wp-content\/uploads\/2021\/10\/capa-tempo-servir.jpg","contentUrl":"https:\/\/www.missoeshumanitarias.org\/wp-content\/uploads\/2021\/10\/capa-tempo-servir.jpg","width":1920,"height":1080,"caption":"Tempo de Servir \u2013 Amanda"},{"@type":"BreadcrumbList","@id":"https:\/\/www.missoeshumanitarias.org\/es\/tiempo-de-servir-amanda\/#breadcrumb","itemListElement":[{"@type":"ListItem","position":1,"name":"Home","item":"https:\/\/www.missoeshumanitarias.org\/en\/"},{"@type":"ListItem","position":2,"name":"Tiempo de servir &#8211; Amanda"}]},{"@type":"WebSite","@id":"https:\/\/www.missoeshumanitarias.org\/es\/#website","url":"https:\/\/www.missoeshumanitarias.org\/es\/","name":"Fraternidade Miss\u00f5es Humanit\u00e1rias Internacionais","description":"Respostas Humanit\u00e1rias e Emerg\u00eancias","publisher":{"@id":"https:\/\/www.missoeshumanitarias.org\/es\/#organization"},"potentialAction":[{"@type":"SearchAction","target":{"@type":"EntryPoint","urlTemplate":"https:\/\/www.missoeshumanitarias.org\/es\/?s={search_term_string}"},"query-input":"required name=search_term_string"}],"inLanguage":"es"},{"@type":"Organization","@id":"https:\/\/www.missoeshumanitarias.org\/es\/#organization","name":"Fraternidade - Miss\u00f5es Humanit\u00e1rias Internacionais","url":"https:\/\/www.missoeshumanitarias.org\/es\/","logo":{"@type":"ImageObject","inLanguage":"es","@id":"https:\/\/www.missoeshumanitarias.org\/es\/#\/schema\/logo\/image\/","url":"https:\/\/www.missoeshumanitarias.org\/wp-content\/uploads\/2020\/05\/logo-FMHI-mg.png","contentUrl":"https:\/\/www.missoeshumanitarias.org\/wp-content\/uploads\/2020\/05\/logo-FMHI-mg.png","width":520,"height":134,"caption":"Fraternidade - Miss\u00f5es Humanit\u00e1rias Internacionais"},"image":{"@id":"https:\/\/www.missoeshumanitarias.org\/es\/#\/schema\/logo\/image\/"}},{"@type":"Person","@id":"https:\/\/www.missoeshumanitarias.org\/es\/#\/schema\/person\/e0f8527323154d1eba9f9d9eb6b401f7","name":"maducato_admin","image":{"@type":"ImageObject","inLanguage":"es","@id":"https:\/\/www.missoeshumanitarias.org\/es\/#\/schema\/person\/image\/","url":"https:\/\/secure.gravatar.com\/avatar\/6c3b45186a8f5a459d8e14c7fca370bceae92402bc06171d75e4e559b6c24393?s=96&d=mm&r=g","contentUrl":"https:\/\/secure.gravatar.com\/avatar\/6c3b45186a8f5a459d8e14c7fca370bceae92402bc06171d75e4e559b6c24393?s=96&d=mm&r=g","caption":"maducato_admin"}}]}},"_links":{"self":[{"href":"https:\/\/www.missoeshumanitarias.org\/es\/wp-json\/wp\/v2\/posts\/133112","targetHints":{"allow":["GET"]}}],"collection":[{"href":"https:\/\/www.missoeshumanitarias.org\/es\/wp-json\/wp\/v2\/posts"}],"about":[{"href":"https:\/\/www.missoeshumanitarias.org\/es\/wp-json\/wp\/v2\/types\/post"}],"author":[{"embeddable":true,"href":"https:\/\/www.missoeshumanitarias.org\/es\/wp-json\/wp\/v2\/users\/1"}],"replies":[{"embeddable":true,"href":"https:\/\/www.missoeshumanitarias.org\/es\/wp-json\/wp\/v2\/comments?post=133112"}],"version-history":[{"count":0,"href":"https:\/\/www.missoeshumanitarias.org\/es\/wp-json\/wp\/v2\/posts\/133112\/revisions"}],"wp:featuredmedia":[{"embeddable":true,"href":"https:\/\/www.missoeshumanitarias.org\/es\/wp-json\/wp\/v2\/media\/133062"}],"wp:attachment":[{"href":"https:\/\/www.missoeshumanitarias.org\/es\/wp-json\/wp\/v2\/media?parent=133112"}],"wp:term":[{"taxonomy":"category","embeddable":true,"href":"https:\/\/www.missoeshumanitarias.org\/es\/wp-json\/wp\/v2\/categories?post=133112"},{"taxonomy":"post_tag","embeddable":true,"href":"https:\/\/www.missoeshumanitarias.org\/es\/wp-json\/wp\/v2\/tags?post=133112"}],"curies":[{"name":"wp","href":"https:\/\/api.w.org\/{rel}","templated":true}]}}