{"id":141374,"date":"2022-02-08T13:11:46","date_gmt":"2022-02-08T16:11:46","guid":{"rendered":"https:\/\/www.missoeshumanitarias.org\/director-general-de-fraternidad-misiones-internacionales-fmhi-dara-una-conferencia-sobre-respuesta-humanitaria-en-una-conferencia-internacional-en-atenas-grecia\/"},"modified":"2022-02-08T18:15:00","modified_gmt":"2022-02-08T21:15:00","slug":"director-general-de-fraternidad-misiones-internacionales-fmhi-dara-una-conferencia-sobre-respuesta-humanitaria-en-una-conferencia-internacional-en-atenas-grecia","status":"publish","type":"post","link":"https:\/\/www.missoeshumanitarias.org\/es\/director-general-de-fraternidad-misiones-internacionales-fmhi-dara-una-conferencia-sobre-respuesta-humanitaria-en-una-conferencia-internacional-en-atenas-grecia\/","title":{"rendered":"Director General de Fraternidad &#8211; Misiones Internacionales (FMHI) dar\u00e1 una conferencia sobre Respuesta Humanitaria en una Conferencia Internacional en Atenas, Grecia"},"content":{"rendered":"\n<p><span lang=\"ES-TRAD\">E<\/span><span lang=\"es-419\">l Director General de la&nbsp;<a href=\"https:\/\/www.missoeshumanitarias.org\/es\/\">Fraternidad \u2013 Misiones Humanitarias Internacionales (FMHI)<\/a>&nbsp;Fray Luciano, impartir\u00e1 una conferencia los d\u00edas 12 y 13 de febrero sobre \u201cEl valor de conocer los protocolos internacionales en el contexto de las respuestas humanitarias y emergencias\u201d, en el contexto<b>&nbsp;<\/b>de la Conferencia Internacional H\u00edbrida sobre Planificaci\u00f3n, Desaf\u00edos de Gesti\u00f3n de Desastres y Resiliencia (Conferencia Internacional H\u00edbrida sobre Planificaci\u00f3n, Desaf\u00edos de la Gesti\u00f3n de Desastres y Resiliencia &#8211; 2022).<\/span><\/p>\n\n\n\n<div class=\"wp-block-image\"><figure class=\"aligncenter\"><img fetchpriority=\"high\" decoding=\"async\" width=\"1280\" height=\"960\" src=\"https:\/\/www.missoeshumanitarias.org\/wp-content\/uploads\/2022\/02\/1_Missao_Bahia_FMHI.jpg\" alt=\"Misi\u00f3n Bah\u00eda Humanit\u00e1ria\" class=\"wp-image-141368\" srcset=\"https:\/\/www.missoeshumanitarias.org\/wp-content\/uploads\/2022\/02\/1_Missao_Bahia_FMHI.jpg 1280w, https:\/\/www.missoeshumanitarias.org\/wp-content\/uploads\/2022\/02\/1_Missao_Bahia_FMHI-300x225.jpg 300w, https:\/\/www.missoeshumanitarias.org\/wp-content\/uploads\/2022\/02\/1_Missao_Bahia_FMHI-1024x768.jpg 1024w, https:\/\/www.missoeshumanitarias.org\/wp-content\/uploads\/2022\/02\/1_Missao_Bahia_FMHI-768x576.jpg 768w\" sizes=\"(max-width: 1280px) 100vw, 1280px\" \/><figcaption>Misi\u00f3n Bah\u00eda Humanitaria \/ Brasil 2022<\/figcaption><\/figure><\/div>\n\n\n\n<p>La Conferencia tendr\u00e1 lugar del 11 al 13\/02 y la organiza el Departamento de Qu\u00edmica &#8211; Laboratorio de Investigaci\u00f3n Avanzada Hefesto &#8211; de la Universidad Hel\u00e9nica Internacional, en Atenas, Grecia, y tambi\u00e9n ser\u00e1 transmitida en vivo a trav\u00e9s de Zoom y Facebook.<\/p>\n\n\n\n<p>El p\u00fablico al que est\u00e1 dirigido el evento est\u00e1 compuesto por funcionarios gubernamentales, miembros de IDAFK (Agencia de Gesti\u00f3n de Desastres Ambientales), acad\u00e9micos, sociedad civil, ambientalistas y otras personas interesadas en el tema del cambio clim\u00e1tico y la respuesta humanitaria.<\/p>\n\n\n\n<p>Fray Luciano explica que su conferencia, en el marco de la formaci\u00f3n en situaciones de desastres naturales y causados por el hombre, podr\u00e1 contribuir a \u201creforzar los principios b\u00e1sicos de una primera intervenci\u00f3n interdisciplinaria y multisectorial para la optimizaci\u00f3n de recursos y eficiencia en la intervenci\u00f3n de emergencia\u201d.<\/p>\n\n\n\n<figure class=\"wp-block-gallery has-nested-images columns-default is-cropped wp-block-gallery-1 is-layout-flex wp-block-gallery-is-layout-flex\">\n<figure class=\"wp-block-image size-large\"><img decoding=\"async\" width=\"1024\" height=\"768\" data-id=\"133997\" src=\"https:\/\/www.missoeshumanitarias.org\/wp-content\/uploads\/2021\/11\/kawarao01-1024x768.jpg\" alt=\"Kawarao, 'Nossa Fam\u00edlia'\" class=\"wp-image-133997\" srcset=\"https:\/\/www.missoeshumanitarias.org\/wp-content\/uploads\/2021\/11\/kawarao01-1024x768.jpg 1024w, https:\/\/www.missoeshumanitarias.org\/wp-content\/uploads\/2021\/11\/kawarao01-300x225.jpg 300w, https:\/\/www.missoeshumanitarias.org\/wp-content\/uploads\/2021\/11\/kawarao01-768x576.jpg 768w, https:\/\/www.missoeshumanitarias.org\/wp-content\/uploads\/2021\/11\/kawarao01.jpg 1280w\" sizes=\"(max-width: 1024px) 100vw, 1024px\" \/><figcaption>Misi\u00f3n Roraima Humanitaria, <br>Boa Vista, Roraima, Brasil &#8211; Desde 2016<\/figcaption><\/figure>\n\n\n\n<figure class=\"wp-block-image size-large\"><img decoding=\"async\" width=\"1024\" height=\"576\" data-id=\"141360\" src=\"https:\/\/www.missoeshumanitarias.org\/wp-content\/uploads\/2022\/02\/3_Missao_Sertao_FMHI.jpg\" alt=\"Misi\u00f3n Sert\u00e3o\" class=\"wp-image-141360\" srcset=\"https:\/\/www.missoeshumanitarias.org\/wp-content\/uploads\/2022\/02\/3_Missao_Sertao_FMHI.jpg 1024w, https:\/\/www.missoeshumanitarias.org\/wp-content\/uploads\/2022\/02\/3_Missao_Sertao_FMHI-300x169.jpg 300w, https:\/\/www.missoeshumanitarias.org\/wp-content\/uploads\/2022\/02\/3_Missao_Sertao_FMHI-768x432.jpg 768w\" sizes=\"(max-width: 1024px) 100vw, 1024px\" \/><figcaption>Misi\u00f3n Sert\u00e3o Humanitaria, <br>Palmeira dos \u00cdndios, Alagoas, Brasil &#8211; 2014<\/figcaption><\/figure>\n<\/figure>\n\n\n\n<p>El p\u00fablico participante de la Conferencia H\u00edbrida tambi\u00e9n tendr\u00e1 derecho a participar del Taller de Normas Esfera que se llevar\u00e1 a cabo el 15\/02 y abordar\u00e1 las Normas Esfera, las cuales ser\u00e1n impartidas por servidores humanitarios de la&nbsp;<a href=\"https:\/\/www.missoeshumanitarias.org\/es\/\">Fraternidad &#8211; Misiones Humanitarias Internacionales (FMHI)<\/a>.<\/p>\n\n\n\n<p>El Director General tambi\u00e9n destaca que la Conferencia H\u00edbrida ser\u00e1 una oportunidad no solo para la Fraternidad \u2013 Misiones Humanitarias (FMHI), sino tambi\u00e9n para quienes trabajan en respuestas humanitarias, ya que \u201campl\u00eda las discusiones sobre las repercusiones de los efectos del cambio clim\u00e1tico, la escasez de alimentos y agua, desastres naturales, prevenci\u00f3n, entre otros temas dentro de este contexto de emergencias\u201d.<\/p>\n\n\n\n<div class=\"wp-block-image\"><figure class=\"aligncenter size-full\"><img loading=\"lazy\" decoding=\"async\" width=\"1024\" height=\"576\" src=\"https:\/\/www.missoeshumanitarias.org\/wp-content\/uploads\/2022\/02\/4_Missao_Quenia_FMHI.jpg\" alt=\"Misi\u00f3n Kenia\" class=\"wp-image-141364\" srcset=\"https:\/\/www.missoeshumanitarias.org\/wp-content\/uploads\/2022\/02\/4_Missao_Quenia_FMHI.jpg 1024w, https:\/\/www.missoeshumanitarias.org\/wp-content\/uploads\/2022\/02\/4_Missao_Quenia_FMHI-300x169.jpg 300w, https:\/\/www.missoeshumanitarias.org\/wp-content\/uploads\/2022\/02\/4_Missao_Quenia_FMHI-768x432.jpg 768w\" sizes=\"(max-width: 1024px) 100vw, 1024px\" \/><figcaption>Misi\u00f3n Kenia Humanitaria, Nairobi, Kenia &#8211; 2013<\/figcaption><\/figure><\/div>\n\n\n\n<p>El precio de la inscripci\u00f3n es de diez o veinte euros (10,00 \u20ac o 20,00 \u20ac) y el certificado electr\u00f3nico se proporcionar\u00e1 despu\u00e9s de la Conferencia y de completar la encuesta de evaluaci\u00f3n posterior.<\/p>\n\n\n\n<p>La participaci\u00f3n como disertantesde Fray Luciano y de los dem\u00e1s servidores humanitarios de la Fraternidad \u2013 Misiones Humanitarias Internacionales (FMHI) que estar\u00e1n presentes f\u00edsicamenteen este evento ser\u00e1 <em>pro bono<\/em>, es decir, voluntaria y gratuita.<\/p>\n\n\n\n<p><span style=\"font-weight: 400;\">Para m\u00e1s informaci\u00f3n sobre la Conferencia:&nbsp;<\/span><span style=\"font-weight: 400;\"><a href=\"mailto:halihu.icpcdmr@gmail.com\">halihu.icpcdmr@gmail.com<\/a><\/span><\/p>\n","protected":false},"excerpt":{"rendered":"<p>El Director General de la&nbsp;Fraternidad \u2013 Misiones Humanitarias Internacionales (FMHI)&nbsp;Fray Luciano, impartir\u00e1 una conferencia los d\u00edas 12 y 13 de febrero sobre \u201cEl valor de conocer los protocolos internacionales en el contexto de las respuestas humanitarias y emergencias\u201d, en el contexto&nbsp;de la Conferencia Internacional H\u00edbrida sobre Planificaci\u00f3n, Desaf\u00edos de Gesti\u00f3n de Desastres y Resiliencia (Conferencia [&hellip;]<\/p>\n","protected":false},"author":1,"featured_media":141371,"comment_status":"closed","ping_status":"closed","sticky":false,"template":"","format":"standard","meta":{"footnotes":""},"categories":[43,131],"tags":[],"class_list":["post-141374","post","type-post","status-publish","format-standard","has-post-thumbnail","hentry","category-noticias-es","category-noticias-de-las-misiones"],"featured_image_src":"https:\/\/www.missoeshumanitarias.org\/wp-content\/uploads\/2022\/02\/1_Missao_Bahia_FMHI.jpg","author_info":{"display_name":"maducato_admin","author_link":"https:\/\/www.missoeshumanitarias.org\/es\/author\/maducato_admin\/"},"yoast_head":"<!-- This site is optimized with the Yoast SEO Premium plugin v22.5 (Yoast SEO v22.5) - https:\/\/yoast.com\/wordpress\/plugins\/seo\/ -->\n<title>Director General de Fraternidad - Misiones Internacionales (FMHI) dar\u00e1 una conferencia sobre Respuesta Humanitaria en una Conferencia Internacional en Atenas, Grecia - Fraternidade Miss\u00f5es Humanit\u00e1rias Internacionais<\/title>\n<meta name=\"description\" content=\"La Conferencia tendr\u00e1 lugar del 11 al 13\/02 y la organiza el Departamento de Qu\u00edmica - Laboratorio de Investigaci\u00f3n Avanzada Hefesto - de la Universidad Hel\u00e9nica Internacional, en Atenas, Grecia, y tambi\u00e9n ser\u00e1 transmitida en vivo a trav\u00e9s de Zoom y Facebook.\" \/>\n<meta name=\"robots\" content=\"index, follow, max-snippet:-1, max-image-preview:large, max-video-preview:-1\" \/>\n<link rel=\"canonical\" href=\"https:\/\/www.missoeshumanitarias.org\/es\/director-general-de-fraternidad-misiones-internacionales-fmhi-dara-una-conferencia-sobre-respuesta-humanitaria-en-una-conferencia-internacional-en-atenas-grecia\/\" \/>\n<meta property=\"og:locale\" content=\"es_ES\" \/>\n<meta property=\"og:type\" content=\"article\" \/>\n<meta property=\"og:title\" content=\"Director General de Fraternidad - Misiones Internacionales (FMHI) dar\u00e1 una conferencia sobre Respuesta Humanitaria en una Conferencia Internacional en Atenas, Grecia\" \/>\n<meta property=\"og:description\" content=\"La Conferencia tendr\u00e1 lugar del 11 al 13\/02 y la organiza el Departamento de Qu\u00edmica - Laboratorio de Investigaci\u00f3n Avanzada Hefesto - de la Universidad Hel\u00e9nica Internacional, en Atenas, Grecia, y tambi\u00e9n ser\u00e1 transmitida en vivo a trav\u00e9s de Zoom y Facebook.\" \/>\n<meta property=\"og:url\" content=\"https:\/\/www.missoeshumanitarias.org\/es\/director-general-de-fraternidad-misiones-internacionales-fmhi-dara-una-conferencia-sobre-respuesta-humanitaria-en-una-conferencia-internacional-en-atenas-grecia\/\" \/>\n<meta property=\"og:site_name\" content=\"Fraternidade Miss\u00f5es Humanit\u00e1rias Internacionais\" \/>\n<meta property=\"article:published_time\" content=\"2022-02-08T16:11:46+00:00\" \/>\n<meta property=\"article:modified_time\" content=\"2022-02-08T21:15:00+00:00\" \/>\n<meta property=\"og:image\" content=\"https:\/\/www.missoeshumanitarias.org\/wp-content\/uploads\/2022\/02\/1_Missao_Bahia_FMHI.jpg\" \/>\n\t<meta property=\"og:image:width\" content=\"1280\" \/>\n\t<meta property=\"og:image:height\" content=\"960\" \/>\n\t<meta property=\"og:image:type\" content=\"image\/jpeg\" \/>\n<meta name=\"author\" content=\"maducato_admin\" \/>\n<meta name=\"twitter:card\" content=\"summary_large_image\" \/>\n<meta name=\"twitter:label1\" content=\"Escrito por\" \/>\n\t<meta name=\"twitter:data1\" content=\"maducato_admin\" \/>\n\t<meta name=\"twitter:label2\" content=\"Tiempo de lectura\" \/>\n\t<meta name=\"twitter:data2\" content=\"4 minutos\" \/>\n<script type=\"application\/ld+json\" class=\"yoast-schema-graph\">{\"@context\":\"https:\/\/schema.org\",\"@graph\":[{\"@type\":\"Article\",\"@id\":\"https:\/\/www.missoeshumanitarias.org\/es\/director-general-de-fraternidad-misiones-internacionales-fmhi-dara-una-conferencia-sobre-respuesta-humanitaria-en-una-conferencia-internacional-en-atenas-grecia\/#article\",\"isPartOf\":{\"@id\":\"https:\/\/www.missoeshumanitarias.org\/es\/director-general-de-fraternidad-misiones-internacionales-fmhi-dara-una-conferencia-sobre-respuesta-humanitaria-en-una-conferencia-internacional-en-atenas-grecia\/\"},\"author\":{\"name\":\"maducato_admin\",\"@id\":\"https:\/\/www.missoeshumanitarias.org\/es\/#\/schema\/person\/e0f8527323154d1eba9f9d9eb6b401f7\"},\"headline\":\"Director General de Fraternidad &#8211; Misiones Internacionales (FMHI) dar\u00e1 una conferencia sobre Respuesta Humanitaria en una Conferencia Internacional en Atenas, Grecia\",\"datePublished\":\"2022-02-08T16:11:46+00:00\",\"dateModified\":\"2022-02-08T21:15:00+00:00\",\"mainEntityOfPage\":{\"@id\":\"https:\/\/www.missoeshumanitarias.org\/es\/director-general-de-fraternidad-misiones-internacionales-fmhi-dara-una-conferencia-sobre-respuesta-humanitaria-en-una-conferencia-internacional-en-atenas-grecia\/\"},\"wordCount\":476,\"publisher\":{\"@id\":\"https:\/\/www.missoeshumanitarias.org\/es\/#organization\"},\"image\":{\"@id\":\"https:\/\/www.missoeshumanitarias.org\/es\/director-general-de-fraternidad-misiones-internacionales-fmhi-dara-una-conferencia-sobre-respuesta-humanitaria-en-una-conferencia-internacional-en-atenas-grecia\/#primaryimage\"},\"thumbnailUrl\":\"https:\/\/www.missoeshumanitarias.org\/wp-content\/uploads\/2022\/02\/1_Missao_Bahia_FMHI.jpg\",\"articleSection\":[\"Noticias\",\"Noticias de las Misiones\"],\"inLanguage\":\"es\"},{\"@type\":\"WebPage\",\"@id\":\"https:\/\/www.missoeshumanitarias.org\/es\/director-general-de-fraternidad-misiones-internacionales-fmhi-dara-una-conferencia-sobre-respuesta-humanitaria-en-una-conferencia-internacional-en-atenas-grecia\/\",\"url\":\"https:\/\/www.missoeshumanitarias.org\/es\/director-general-de-fraternidad-misiones-internacionales-fmhi-dara-una-conferencia-sobre-respuesta-humanitaria-en-una-conferencia-internacional-en-atenas-grecia\/\",\"name\":\"Director General de Fraternidad - Misiones Internacionales (FMHI) dar\u00e1 una conferencia sobre Respuesta Humanitaria en una Conferencia Internacional en Atenas, Grecia - Fraternidade Miss\u00f5es Humanit\u00e1rias Internacionais\",\"isPartOf\":{\"@id\":\"https:\/\/www.missoeshumanitarias.org\/es\/#website\"},\"primaryImageOfPage\":{\"@id\":\"https:\/\/www.missoeshumanitarias.org\/es\/director-general-de-fraternidad-misiones-internacionales-fmhi-dara-una-conferencia-sobre-respuesta-humanitaria-en-una-conferencia-internacional-en-atenas-grecia\/#primaryimage\"},\"image\":{\"@id\":\"https:\/\/www.missoeshumanitarias.org\/es\/director-general-de-fraternidad-misiones-internacionales-fmhi-dara-una-conferencia-sobre-respuesta-humanitaria-en-una-conferencia-internacional-en-atenas-grecia\/#primaryimage\"},\"thumbnailUrl\":\"https:\/\/www.missoeshumanitarias.org\/wp-content\/uploads\/2022\/02\/1_Missao_Bahia_FMHI.jpg\",\"datePublished\":\"2022-02-08T16:11:46+00:00\",\"dateModified\":\"2022-02-08T21:15:00+00:00\",\"description\":\"La Conferencia tendr\u00e1 lugar del 11 al 13\/02 y la organiza el Departamento de Qu\u00edmica - Laboratorio de Investigaci\u00f3n Avanzada Hefesto - de la Universidad Hel\u00e9nica Internacional, en Atenas, Grecia, y tambi\u00e9n ser\u00e1 transmitida en vivo a trav\u00e9s de Zoom y Facebook.\",\"breadcrumb\":{\"@id\":\"https:\/\/www.missoeshumanitarias.org\/es\/director-general-de-fraternidad-misiones-internacionales-fmhi-dara-una-conferencia-sobre-respuesta-humanitaria-en-una-conferencia-internacional-en-atenas-grecia\/#breadcrumb\"},\"inLanguage\":\"es\",\"potentialAction\":[{\"@type\":\"ReadAction\",\"target\":[\"https:\/\/www.missoeshumanitarias.org\/es\/director-general-de-fraternidad-misiones-internacionales-fmhi-dara-una-conferencia-sobre-respuesta-humanitaria-en-una-conferencia-internacional-en-atenas-grecia\/\"]}]},{\"@type\":\"ImageObject\",\"inLanguage\":\"es\",\"@id\":\"https:\/\/www.missoeshumanitarias.org\/es\/director-general-de-fraternidad-misiones-internacionales-fmhi-dara-una-conferencia-sobre-respuesta-humanitaria-en-una-conferencia-internacional-en-atenas-grecia\/#primaryimage\",\"url\":\"https:\/\/www.missoeshumanitarias.org\/wp-content\/uploads\/2022\/02\/1_Missao_Bahia_FMHI.jpg\",\"contentUrl\":\"https:\/\/www.missoeshumanitarias.org\/wp-content\/uploads\/2022\/02\/1_Missao_Bahia_FMHI.jpg\",\"width\":1280,\"height\":960,\"caption\":\"Miss\u00e3o Bahia Humanit\u00e1ria, Bahia\/Brasil - 2022\"},{\"@type\":\"BreadcrumbList\",\"@id\":\"https:\/\/www.missoeshumanitarias.org\/es\/director-general-de-fraternidad-misiones-internacionales-fmhi-dara-una-conferencia-sobre-respuesta-humanitaria-en-una-conferencia-internacional-en-atenas-grecia\/#breadcrumb\",\"itemListElement\":[{\"@type\":\"ListItem\",\"position\":1,\"name\":\"Home\",\"item\":\"https:\/\/www.missoeshumanitarias.org\/en\/\"},{\"@type\":\"ListItem\",\"position\":2,\"name\":\"Director General de Fraternidad &#8211; Misiones Internacionales (FMHI) dar\u00e1 una conferencia sobre Respuesta Humanitaria en una Conferencia Internacional en Atenas, Grecia\"}]},{\"@type\":\"WebSite\",\"@id\":\"https:\/\/www.missoeshumanitarias.org\/es\/#website\",\"url\":\"https:\/\/www.missoeshumanitarias.org\/es\/\",\"name\":\"Fraternidade Miss\u00f5es Humanit\u00e1rias Internacionais\",\"description\":\"Respostas Humanit\u00e1rias e Emerg\u00eancias\",\"publisher\":{\"@id\":\"https:\/\/www.missoeshumanitarias.org\/es\/#organization\"},\"potentialAction\":[{\"@type\":\"SearchAction\",\"target\":{\"@type\":\"EntryPoint\",\"urlTemplate\":\"https:\/\/www.missoeshumanitarias.org\/es\/?s={search_term_string}\"},\"query-input\":\"required name=search_term_string\"}],\"inLanguage\":\"es\"},{\"@type\":\"Organization\",\"@id\":\"https:\/\/www.missoeshumanitarias.org\/es\/#organization\",\"name\":\"Fraternidade - Miss\u00f5es Humanit\u00e1rias Internacionais\",\"url\":\"https:\/\/www.missoeshumanitarias.org\/es\/\",\"logo\":{\"@type\":\"ImageObject\",\"inLanguage\":\"es\",\"@id\":\"https:\/\/www.missoeshumanitarias.org\/es\/#\/schema\/logo\/image\/\",\"url\":\"https:\/\/www.missoeshumanitarias.org\/wp-content\/uploads\/2020\/05\/logo-FMHI-mg.png\",\"contentUrl\":\"https:\/\/www.missoeshumanitarias.org\/wp-content\/uploads\/2020\/05\/logo-FMHI-mg.png\",\"width\":520,\"height\":134,\"caption\":\"Fraternidade - Miss\u00f5es Humanit\u00e1rias Internacionais\"},\"image\":{\"@id\":\"https:\/\/www.missoeshumanitarias.org\/es\/#\/schema\/logo\/image\/\"}},{\"@type\":\"Person\",\"@id\":\"https:\/\/www.missoeshumanitarias.org\/es\/#\/schema\/person\/e0f8527323154d1eba9f9d9eb6b401f7\",\"name\":\"maducato_admin\",\"image\":{\"@type\":\"ImageObject\",\"inLanguage\":\"es\",\"@id\":\"https:\/\/www.missoeshumanitarias.org\/es\/#\/schema\/person\/image\/\",\"url\":\"https:\/\/secure.gravatar.com\/avatar\/6c3b45186a8f5a459d8e14c7fca370bceae92402bc06171d75e4e559b6c24393?s=96&d=mm&r=g\",\"contentUrl\":\"https:\/\/secure.gravatar.com\/avatar\/6c3b45186a8f5a459d8e14c7fca370bceae92402bc06171d75e4e559b6c24393?s=96&d=mm&r=g\",\"caption\":\"maducato_admin\"}}]}<\/script>\n<!-- \/ Yoast SEO Premium plugin. -->","yoast_head_json":{"title":"Director General de Fraternidad - Misiones Internacionales (FMHI) dar\u00e1 una conferencia sobre Respuesta Humanitaria en una Conferencia Internacional en Atenas, Grecia - Fraternidade Miss\u00f5es Humanit\u00e1rias Internacionais","description":"La Conferencia tendr\u00e1 lugar del 11 al 13\/02 y la organiza el Departamento de Qu\u00edmica - Laboratorio de Investigaci\u00f3n Avanzada Hefesto - de la Universidad Hel\u00e9nica Internacional, en Atenas, Grecia, y tambi\u00e9n ser\u00e1 transmitida en vivo a trav\u00e9s de Zoom y Facebook.","robots":{"index":"index","follow":"follow","max-snippet":"max-snippet:-1","max-image-preview":"max-image-preview:large","max-video-preview":"max-video-preview:-1"},"canonical":"https:\/\/www.missoeshumanitarias.org\/es\/director-general-de-fraternidad-misiones-internacionales-fmhi-dara-una-conferencia-sobre-respuesta-humanitaria-en-una-conferencia-internacional-en-atenas-grecia\/","og_locale":"es_ES","og_type":"article","og_title":"Director General de Fraternidad - Misiones Internacionales (FMHI) dar\u00e1 una conferencia sobre Respuesta Humanitaria en una Conferencia Internacional en Atenas, Grecia","og_description":"La Conferencia tendr\u00e1 lugar del 11 al 13\/02 y la organiza el Departamento de Qu\u00edmica - Laboratorio de Investigaci\u00f3n Avanzada Hefesto - de la Universidad Hel\u00e9nica Internacional, en Atenas, Grecia, y tambi\u00e9n ser\u00e1 transmitida en vivo a trav\u00e9s de Zoom y Facebook.","og_url":"https:\/\/www.missoeshumanitarias.org\/es\/director-general-de-fraternidad-misiones-internacionales-fmhi-dara-una-conferencia-sobre-respuesta-humanitaria-en-una-conferencia-internacional-en-atenas-grecia\/","og_site_name":"Fraternidade Miss\u00f5es Humanit\u00e1rias Internacionais","article_published_time":"2022-02-08T16:11:46+00:00","article_modified_time":"2022-02-08T21:15:00+00:00","og_image":[{"width":1280,"height":960,"url":"https:\/\/www.missoeshumanitarias.org\/wp-content\/uploads\/2022\/02\/1_Missao_Bahia_FMHI.jpg","type":"image\/jpeg"}],"author":"maducato_admin","twitter_card":"summary_large_image","twitter_misc":{"Escrito por":"maducato_admin","Tiempo de lectura":"4 minutos"},"schema":{"@context":"https:\/\/schema.org","@graph":[{"@type":"Article","@id":"https:\/\/www.missoeshumanitarias.org\/es\/director-general-de-fraternidad-misiones-internacionales-fmhi-dara-una-conferencia-sobre-respuesta-humanitaria-en-una-conferencia-internacional-en-atenas-grecia\/#article","isPartOf":{"@id":"https:\/\/www.missoeshumanitarias.org\/es\/director-general-de-fraternidad-misiones-internacionales-fmhi-dara-una-conferencia-sobre-respuesta-humanitaria-en-una-conferencia-internacional-en-atenas-grecia\/"},"author":{"name":"maducato_admin","@id":"https:\/\/www.missoeshumanitarias.org\/es\/#\/schema\/person\/e0f8527323154d1eba9f9d9eb6b401f7"},"headline":"Director General de Fraternidad &#8211; Misiones Internacionales (FMHI) dar\u00e1 una conferencia sobre Respuesta Humanitaria en una Conferencia Internacional en Atenas, Grecia","datePublished":"2022-02-08T16:11:46+00:00","dateModified":"2022-02-08T21:15:00+00:00","mainEntityOfPage":{"@id":"https:\/\/www.missoeshumanitarias.org\/es\/director-general-de-fraternidad-misiones-internacionales-fmhi-dara-una-conferencia-sobre-respuesta-humanitaria-en-una-conferencia-internacional-en-atenas-grecia\/"},"wordCount":476,"publisher":{"@id":"https:\/\/www.missoeshumanitarias.org\/es\/#organization"},"image":{"@id":"https:\/\/www.missoeshumanitarias.org\/es\/director-general-de-fraternidad-misiones-internacionales-fmhi-dara-una-conferencia-sobre-respuesta-humanitaria-en-una-conferencia-internacional-en-atenas-grecia\/#primaryimage"},"thumbnailUrl":"https:\/\/www.missoeshumanitarias.org\/wp-content\/uploads\/2022\/02\/1_Missao_Bahia_FMHI.jpg","articleSection":["Noticias","Noticias de las Misiones"],"inLanguage":"es"},{"@type":"WebPage","@id":"https:\/\/www.missoeshumanitarias.org\/es\/director-general-de-fraternidad-misiones-internacionales-fmhi-dara-una-conferencia-sobre-respuesta-humanitaria-en-una-conferencia-internacional-en-atenas-grecia\/","url":"https:\/\/www.missoeshumanitarias.org\/es\/director-general-de-fraternidad-misiones-internacionales-fmhi-dara-una-conferencia-sobre-respuesta-humanitaria-en-una-conferencia-internacional-en-atenas-grecia\/","name":"Director General de Fraternidad - Misiones Internacionales (FMHI) dar\u00e1 una conferencia sobre Respuesta Humanitaria en una Conferencia Internacional en Atenas, Grecia - Fraternidade Miss\u00f5es Humanit\u00e1rias Internacionais","isPartOf":{"@id":"https:\/\/www.missoeshumanitarias.org\/es\/#website"},"primaryImageOfPage":{"@id":"https:\/\/www.missoeshumanitarias.org\/es\/director-general-de-fraternidad-misiones-internacionales-fmhi-dara-una-conferencia-sobre-respuesta-humanitaria-en-una-conferencia-internacional-en-atenas-grecia\/#primaryimage"},"image":{"@id":"https:\/\/www.missoeshumanitarias.org\/es\/director-general-de-fraternidad-misiones-internacionales-fmhi-dara-una-conferencia-sobre-respuesta-humanitaria-en-una-conferencia-internacional-en-atenas-grecia\/#primaryimage"},"thumbnailUrl":"https:\/\/www.missoeshumanitarias.org\/wp-content\/uploads\/2022\/02\/1_Missao_Bahia_FMHI.jpg","datePublished":"2022-02-08T16:11:46+00:00","dateModified":"2022-02-08T21:15:00+00:00","description":"La Conferencia tendr\u00e1 lugar del 11 al 13\/02 y la organiza el Departamento de Qu\u00edmica - Laboratorio de Investigaci\u00f3n Avanzada Hefesto - de la Universidad Hel\u00e9nica Internacional, en Atenas, Grecia, y tambi\u00e9n ser\u00e1 transmitida en vivo a trav\u00e9s de Zoom y Facebook.","breadcrumb":{"@id":"https:\/\/www.missoeshumanitarias.org\/es\/director-general-de-fraternidad-misiones-internacionales-fmhi-dara-una-conferencia-sobre-respuesta-humanitaria-en-una-conferencia-internacional-en-atenas-grecia\/#breadcrumb"},"inLanguage":"es","potentialAction":[{"@type":"ReadAction","target":["https:\/\/www.missoeshumanitarias.org\/es\/director-general-de-fraternidad-misiones-internacionales-fmhi-dara-una-conferencia-sobre-respuesta-humanitaria-en-una-conferencia-internacional-en-atenas-grecia\/"]}]},{"@type":"ImageObject","inLanguage":"es","@id":"https:\/\/www.missoeshumanitarias.org\/es\/director-general-de-fraternidad-misiones-internacionales-fmhi-dara-una-conferencia-sobre-respuesta-humanitaria-en-una-conferencia-internacional-en-atenas-grecia\/#primaryimage","url":"https:\/\/www.missoeshumanitarias.org\/wp-content\/uploads\/2022\/02\/1_Missao_Bahia_FMHI.jpg","contentUrl":"https:\/\/www.missoeshumanitarias.org\/wp-content\/uploads\/2022\/02\/1_Missao_Bahia_FMHI.jpg","width":1280,"height":960,"caption":"Miss\u00e3o Bahia Humanit\u00e1ria, Bahia\/Brasil - 2022"},{"@type":"BreadcrumbList","@id":"https:\/\/www.missoeshumanitarias.org\/es\/director-general-de-fraternidad-misiones-internacionales-fmhi-dara-una-conferencia-sobre-respuesta-humanitaria-en-una-conferencia-internacional-en-atenas-grecia\/#breadcrumb","itemListElement":[{"@type":"ListItem","position":1,"name":"Home","item":"https:\/\/www.missoeshumanitarias.org\/en\/"},{"@type":"ListItem","position":2,"name":"Director General de Fraternidad &#8211; Misiones Internacionales (FMHI) dar\u00e1 una conferencia sobre Respuesta Humanitaria en una Conferencia Internacional en Atenas, Grecia"}]},{"@type":"WebSite","@id":"https:\/\/www.missoeshumanitarias.org\/es\/#website","url":"https:\/\/www.missoeshumanitarias.org\/es\/","name":"Fraternidade Miss\u00f5es Humanit\u00e1rias Internacionais","description":"Respostas Humanit\u00e1rias e Emerg\u00eancias","publisher":{"@id":"https:\/\/www.missoeshumanitarias.org\/es\/#organization"},"potentialAction":[{"@type":"SearchAction","target":{"@type":"EntryPoint","urlTemplate":"https:\/\/www.missoeshumanitarias.org\/es\/?s={search_term_string}"},"query-input":"required name=search_term_string"}],"inLanguage":"es"},{"@type":"Organization","@id":"https:\/\/www.missoeshumanitarias.org\/es\/#organization","name":"Fraternidade - Miss\u00f5es Humanit\u00e1rias Internacionais","url":"https:\/\/www.missoeshumanitarias.org\/es\/","logo":{"@type":"ImageObject","inLanguage":"es","@id":"https:\/\/www.missoeshumanitarias.org\/es\/#\/schema\/logo\/image\/","url":"https:\/\/www.missoeshumanitarias.org\/wp-content\/uploads\/2020\/05\/logo-FMHI-mg.png","contentUrl":"https:\/\/www.missoeshumanitarias.org\/wp-content\/uploads\/2020\/05\/logo-FMHI-mg.png","width":520,"height":134,"caption":"Fraternidade - Miss\u00f5es Humanit\u00e1rias Internacionais"},"image":{"@id":"https:\/\/www.missoeshumanitarias.org\/es\/#\/schema\/logo\/image\/"}},{"@type":"Person","@id":"https:\/\/www.missoeshumanitarias.org\/es\/#\/schema\/person\/e0f8527323154d1eba9f9d9eb6b401f7","name":"maducato_admin","image":{"@type":"ImageObject","inLanguage":"es","@id":"https:\/\/www.missoeshumanitarias.org\/es\/#\/schema\/person\/image\/","url":"https:\/\/secure.gravatar.com\/avatar\/6c3b45186a8f5a459d8e14c7fca370bceae92402bc06171d75e4e559b6c24393?s=96&d=mm&r=g","contentUrl":"https:\/\/secure.gravatar.com\/avatar\/6c3b45186a8f5a459d8e14c7fca370bceae92402bc06171d75e4e559b6c24393?s=96&d=mm&r=g","caption":"maducato_admin"}}]}},"_links":{"self":[{"href":"https:\/\/www.missoeshumanitarias.org\/es\/wp-json\/wp\/v2\/posts\/141374","targetHints":{"allow":["GET"]}}],"collection":[{"href":"https:\/\/www.missoeshumanitarias.org\/es\/wp-json\/wp\/v2\/posts"}],"about":[{"href":"https:\/\/www.missoeshumanitarias.org\/es\/wp-json\/wp\/v2\/types\/post"}],"author":[{"embeddable":true,"href":"https:\/\/www.missoeshumanitarias.org\/es\/wp-json\/wp\/v2\/users\/1"}],"replies":[{"embeddable":true,"href":"https:\/\/www.missoeshumanitarias.org\/es\/wp-json\/wp\/v2\/comments?post=141374"}],"version-history":[{"count":0,"href":"https:\/\/www.missoeshumanitarias.org\/es\/wp-json\/wp\/v2\/posts\/141374\/revisions"}],"wp:featuredmedia":[{"embeddable":true,"href":"https:\/\/www.missoeshumanitarias.org\/es\/wp-json\/wp\/v2\/media\/141371"}],"wp:attachment":[{"href":"https:\/\/www.missoeshumanitarias.org\/es\/wp-json\/wp\/v2\/media?parent=141374"}],"wp:term":[{"taxonomy":"category","embeddable":true,"href":"https:\/\/www.missoeshumanitarias.org\/es\/wp-json\/wp\/v2\/categories?post=141374"},{"taxonomy":"post_tag","embeddable":true,"href":"https:\/\/www.missoeshumanitarias.org\/es\/wp-json\/wp\/v2\/tags?post=141374"}],"curies":[{"name":"wp","href":"https:\/\/api.w.org\/{rel}","templated":true}]}}