{"id":141805,"date":"2022-03-10T19:32:29","date_gmt":"2022-03-10T22:32:29","guid":{"rendered":"https:\/\/www.missoeshumanitarias.org\/segundo-trimestre-calendario-de-la-fraternidad-humanitaria-ffhi\/"},"modified":"2022-03-13T09:15:18","modified_gmt":"2022-03-13T12:15:18","slug":"segundo-trimestre-calendario-de-la-fraternidad-humanitaria-ffhi","status":"publish","type":"post","link":"https:\/\/www.missoeshumanitarias.org\/es\/segundo-trimestre-calendario-de-la-fraternidad-humanitaria-ffhi\/","title":{"rendered":"Segundo trimestre &#8211; Calendario de la Fraternidad Humanitaria (FFHI)"},"content":{"rendered":"\n<p>El primer trimestre del a\u00f1o 2022 ya est\u00e1 terminando. Aqu\u00ed traemos el segundo trimestre del calendario de este a\u00f1o que ya est\u00e1 marcado por tragedias naturales, conflictos, y nos llama a la solidaridad y al cuidado de los que m\u00e1s lo necesitan.<\/p>\n\n<p>Que en este segundo trimestre sepamos utilizar nuestro tiempo con sabidur\u00eda y resiliencia, con fe, con valor y con la certeza de que la construcci\u00f3n de un mundo m\u00e1s justo y fraterno es posible cuando sumamos nuestros esfuerzos, porque \u00a1Juntos somos m\u00e1s fuertes!<\/p>\n\n<div class=\"wp-block-buttons is-layout-flex wp-block-buttons-is-layout-flex\">\n<div class=\"wp-block-button is-style-fill\"><a class=\"wp-block-button__link\" href=\"\" style=\"border-radius:40px\" target=\"_blank\" rel=\"noreferrer noopener\">Descarga el calendario de abril a junio<\/a><\/div>\n<\/div>\n","protected":false},"excerpt":{"rendered":"<p>El primer trimestre del a\u00f1o 2022 ya est\u00e1 terminando. Aqu\u00ed traemos el segundo trimestre del calendario de este a\u00f1o que ya est\u00e1 marcado por tragedias naturales, conflictos, y nos llama a la solidaridad y al cuidado de los que m\u00e1s lo necesitan. Que en este segundo trimestre sepamos utilizar nuestro tiempo con sabidur\u00eda y resiliencia, [&hellip;]<\/p>\n","protected":false},"author":1,"featured_media":141780,"comment_status":"closed","ping_status":"closed","sticky":false,"template":"","format":"standard","meta":{"footnotes":""},"categories":[43],"tags":[],"class_list":["post-141805","post","type-post","status-publish","format-standard","has-post-thumbnail","hentry","category-noticias-es"],"featured_image_src":"https:\/\/www.missoeshumanitarias.org\/wp-content\/uploads\/2022\/03\/capa-calendario-ffhi-2.jpg","author_info":{"display_name":"maducato_admin","author_link":"https:\/\/www.missoeshumanitarias.org\/es\/author\/maducato_admin\/"},"yoast_head":"<!-- This site is optimized with the Yoast SEO Premium plugin v22.5 (Yoast SEO v22.5) - https:\/\/yoast.com\/wordpress\/plugins\/seo\/ -->\n<title>Segundo trimestre - Calendario de la Fraternidad Humanitaria (FFHI) - Fraternidade Miss\u00f5es Humanit\u00e1rias Internacionais<\/title>\n<meta name=\"description\" content=\"Aqu\u00ed traemos el segundo trimestre del calendario de este a\u00f1o que ya est\u00e1 marcado por tragedias naturales, conflictos, y nos llama a la solidaridad y al cuidado de los que m\u00e1s lo necesitan.\" \/>\n<meta name=\"robots\" content=\"index, follow, max-snippet:-1, max-image-preview:large, max-video-preview:-1\" \/>\n<link rel=\"canonical\" href=\"https:\/\/www.missoeshumanitarias.org\/es\/segundo-trimestre-calendario-de-la-fraternidad-humanitaria-ffhi\/\" \/>\n<meta property=\"og:locale\" content=\"es_ES\" \/>\n<meta property=\"og:type\" content=\"article\" \/>\n<meta property=\"og:title\" content=\"Segundo trimestre - Calendario de la Fraternidad Humanitaria (FFHI)\" \/>\n<meta property=\"og:description\" content=\"Aqu\u00ed traemos el segundo trimestre del calendario de este a\u00f1o que ya est\u00e1 marcado por tragedias naturales, conflictos, y nos llama a la solidaridad y al cuidado de los que m\u00e1s lo necesitan.\" \/>\n<meta property=\"og:url\" content=\"https:\/\/www.missoeshumanitarias.org\/es\/segundo-trimestre-calendario-de-la-fraternidad-humanitaria-ffhi\/\" \/>\n<meta property=\"og:site_name\" content=\"Fraternidade Miss\u00f5es Humanit\u00e1rias Internacionais\" \/>\n<meta property=\"article:published_time\" content=\"2022-03-10T22:32:29+00:00\" \/>\n<meta property=\"article:modified_time\" content=\"2022-03-13T12:15:18+00:00\" \/>\n<meta property=\"og:image\" content=\"https:\/\/www.missoeshumanitarias.org\/wp-content\/uploads\/2022\/03\/capa-calendario-ffhi-2.jpg\" \/>\n\t<meta property=\"og:image:width\" content=\"1000\" \/>\n\t<meta property=\"og:image:height\" content=\"687\" \/>\n\t<meta property=\"og:image:type\" content=\"image\/jpeg\" \/>\n<meta name=\"author\" content=\"maducato_admin\" \/>\n<meta name=\"twitter:card\" content=\"summary_large_image\" \/>\n<meta name=\"twitter:label1\" content=\"Escrito por\" \/>\n\t<meta name=\"twitter:data1\" content=\"maducato_admin\" \/>\n<script type=\"application\/ld+json\" class=\"yoast-schema-graph\">{\"@context\":\"https:\/\/schema.org\",\"@graph\":[{\"@type\":\"Article\",\"@id\":\"https:\/\/www.missoeshumanitarias.org\/es\/segundo-trimestre-calendario-de-la-fraternidad-humanitaria-ffhi\/#article\",\"isPartOf\":{\"@id\":\"https:\/\/www.missoeshumanitarias.org\/es\/segundo-trimestre-calendario-de-la-fraternidad-humanitaria-ffhi\/\"},\"author\":{\"name\":\"maducato_admin\",\"@id\":\"https:\/\/www.missoeshumanitarias.org\/es\/#\/schema\/person\/e0f8527323154d1eba9f9d9eb6b401f7\"},\"headline\":\"Segundo trimestre &#8211; Calendario de la Fraternidad Humanitaria (FFHI)\",\"datePublished\":\"2022-03-10T22:32:29+00:00\",\"dateModified\":\"2022-03-13T12:15:18+00:00\",\"mainEntityOfPage\":{\"@id\":\"https:\/\/www.missoeshumanitarias.org\/es\/segundo-trimestre-calendario-de-la-fraternidad-humanitaria-ffhi\/\"},\"wordCount\":107,\"publisher\":{\"@id\":\"https:\/\/www.missoeshumanitarias.org\/es\/#organization\"},\"image\":{\"@id\":\"https:\/\/www.missoeshumanitarias.org\/es\/segundo-trimestre-calendario-de-la-fraternidad-humanitaria-ffhi\/#primaryimage\"},\"thumbnailUrl\":\"https:\/\/www.missoeshumanitarias.org\/wp-content\/uploads\/2022\/03\/capa-calendario-ffhi-2.jpg\",\"articleSection\":[\"Noticias\"],\"inLanguage\":\"es\"},{\"@type\":\"WebPage\",\"@id\":\"https:\/\/www.missoeshumanitarias.org\/es\/segundo-trimestre-calendario-de-la-fraternidad-humanitaria-ffhi\/\",\"url\":\"https:\/\/www.missoeshumanitarias.org\/es\/segundo-trimestre-calendario-de-la-fraternidad-humanitaria-ffhi\/\",\"name\":\"Segundo trimestre - Calendario de la Fraternidad Humanitaria (FFHI) - Fraternidade Miss\u00f5es Humanit\u00e1rias Internacionais\",\"isPartOf\":{\"@id\":\"https:\/\/www.missoeshumanitarias.org\/es\/#website\"},\"primaryImageOfPage\":{\"@id\":\"https:\/\/www.missoeshumanitarias.org\/es\/segundo-trimestre-calendario-de-la-fraternidad-humanitaria-ffhi\/#primaryimage\"},\"image\":{\"@id\":\"https:\/\/www.missoeshumanitarias.org\/es\/segundo-trimestre-calendario-de-la-fraternidad-humanitaria-ffhi\/#primaryimage\"},\"thumbnailUrl\":\"https:\/\/www.missoeshumanitarias.org\/wp-content\/uploads\/2022\/03\/capa-calendario-ffhi-2.jpg\",\"datePublished\":\"2022-03-10T22:32:29+00:00\",\"dateModified\":\"2022-03-13T12:15:18+00:00\",\"description\":\"Aqu\u00ed traemos el segundo trimestre del calendario de este a\u00f1o que ya est\u00e1 marcado por tragedias naturales, conflictos, y nos llama a la solidaridad y al cuidado de los que m\u00e1s lo necesitan.\",\"breadcrumb\":{\"@id\":\"https:\/\/www.missoeshumanitarias.org\/es\/segundo-trimestre-calendario-de-la-fraternidad-humanitaria-ffhi\/#breadcrumb\"},\"inLanguage\":\"es\",\"potentialAction\":[{\"@type\":\"ReadAction\",\"target\":[\"https:\/\/www.missoeshumanitarias.org\/es\/segundo-trimestre-calendario-de-la-fraternidad-humanitaria-ffhi\/\"]}]},{\"@type\":\"ImageObject\",\"inLanguage\":\"es\",\"@id\":\"https:\/\/www.missoeshumanitarias.org\/es\/segundo-trimestre-calendario-de-la-fraternidad-humanitaria-ffhi\/#primaryimage\",\"url\":\"https:\/\/www.missoeshumanitarias.org\/wp-content\/uploads\/2022\/03\/capa-calendario-ffhi-2.jpg\",\"contentUrl\":\"https:\/\/www.missoeshumanitarias.org\/wp-content\/uploads\/2022\/03\/capa-calendario-ffhi-2.jpg\",\"width\":1000,\"height\":687,\"caption\":\"Calend\u00e1rio 2022\"},{\"@type\":\"BreadcrumbList\",\"@id\":\"https:\/\/www.missoeshumanitarias.org\/es\/segundo-trimestre-calendario-de-la-fraternidad-humanitaria-ffhi\/#breadcrumb\",\"itemListElement\":[{\"@type\":\"ListItem\",\"position\":1,\"name\":\"Home\",\"item\":\"https:\/\/www.missoeshumanitarias.org\/en\/\"},{\"@type\":\"ListItem\",\"position\":2,\"name\":\"Segundo trimestre &#8211; Calendario de la Fraternidad Humanitaria (FFHI)\"}]},{\"@type\":\"WebSite\",\"@id\":\"https:\/\/www.missoeshumanitarias.org\/es\/#website\",\"url\":\"https:\/\/www.missoeshumanitarias.org\/es\/\",\"name\":\"Fraternidade Miss\u00f5es Humanit\u00e1rias Internacionais\",\"description\":\"Respostas Humanit\u00e1rias e Emerg\u00eancias\",\"publisher\":{\"@id\":\"https:\/\/www.missoeshumanitarias.org\/es\/#organization\"},\"potentialAction\":[{\"@type\":\"SearchAction\",\"target\":{\"@type\":\"EntryPoint\",\"urlTemplate\":\"https:\/\/www.missoeshumanitarias.org\/es\/?s={search_term_string}\"},\"query-input\":\"required name=search_term_string\"}],\"inLanguage\":\"es\"},{\"@type\":\"Organization\",\"@id\":\"https:\/\/www.missoeshumanitarias.org\/es\/#organization\",\"name\":\"Fraternidade - Miss\u00f5es Humanit\u00e1rias Internacionais\",\"url\":\"https:\/\/www.missoeshumanitarias.org\/es\/\",\"logo\":{\"@type\":\"ImageObject\",\"inLanguage\":\"es\",\"@id\":\"https:\/\/www.missoeshumanitarias.org\/es\/#\/schema\/logo\/image\/\",\"url\":\"https:\/\/www.missoeshumanitarias.org\/wp-content\/uploads\/2020\/05\/logo-FMHI-mg.png\",\"contentUrl\":\"https:\/\/www.missoeshumanitarias.org\/wp-content\/uploads\/2020\/05\/logo-FMHI-mg.png\",\"width\":520,\"height\":134,\"caption\":\"Fraternidade - Miss\u00f5es Humanit\u00e1rias Internacionais\"},\"image\":{\"@id\":\"https:\/\/www.missoeshumanitarias.org\/es\/#\/schema\/logo\/image\/\"}},{\"@type\":\"Person\",\"@id\":\"https:\/\/www.missoeshumanitarias.org\/es\/#\/schema\/person\/e0f8527323154d1eba9f9d9eb6b401f7\",\"name\":\"maducato_admin\",\"image\":{\"@type\":\"ImageObject\",\"inLanguage\":\"es\",\"@id\":\"https:\/\/www.missoeshumanitarias.org\/es\/#\/schema\/person\/image\/\",\"url\":\"https:\/\/secure.gravatar.com\/avatar\/6c3b45186a8f5a459d8e14c7fca370bceae92402bc06171d75e4e559b6c24393?s=96&d=mm&r=g\",\"contentUrl\":\"https:\/\/secure.gravatar.com\/avatar\/6c3b45186a8f5a459d8e14c7fca370bceae92402bc06171d75e4e559b6c24393?s=96&d=mm&r=g\",\"caption\":\"maducato_admin\"}}]}<\/script>\n<!-- \/ Yoast SEO Premium plugin. -->","yoast_head_json":{"title":"Segundo trimestre - Calendario de la Fraternidad Humanitaria (FFHI) - Fraternidade Miss\u00f5es Humanit\u00e1rias Internacionais","description":"Aqu\u00ed traemos el segundo trimestre del calendario de este a\u00f1o que ya est\u00e1 marcado por tragedias naturales, conflictos, y nos llama a la solidaridad y al cuidado de los que m\u00e1s lo necesitan.","robots":{"index":"index","follow":"follow","max-snippet":"max-snippet:-1","max-image-preview":"max-image-preview:large","max-video-preview":"max-video-preview:-1"},"canonical":"https:\/\/www.missoeshumanitarias.org\/es\/segundo-trimestre-calendario-de-la-fraternidad-humanitaria-ffhi\/","og_locale":"es_ES","og_type":"article","og_title":"Segundo trimestre - Calendario de la Fraternidad Humanitaria (FFHI)","og_description":"Aqu\u00ed traemos el segundo trimestre del calendario de este a\u00f1o que ya est\u00e1 marcado por tragedias naturales, conflictos, y nos llama a la solidaridad y al cuidado de los que m\u00e1s lo necesitan.","og_url":"https:\/\/www.missoeshumanitarias.org\/es\/segundo-trimestre-calendario-de-la-fraternidad-humanitaria-ffhi\/","og_site_name":"Fraternidade Miss\u00f5es Humanit\u00e1rias Internacionais","article_published_time":"2022-03-10T22:32:29+00:00","article_modified_time":"2022-03-13T12:15:18+00:00","og_image":[{"width":1000,"height":687,"url":"https:\/\/www.missoeshumanitarias.org\/wp-content\/uploads\/2022\/03\/capa-calendario-ffhi-2.jpg","type":"image\/jpeg"}],"author":"maducato_admin","twitter_card":"summary_large_image","twitter_misc":{"Escrito por":"maducato_admin"},"schema":{"@context":"https:\/\/schema.org","@graph":[{"@type":"Article","@id":"https:\/\/www.missoeshumanitarias.org\/es\/segundo-trimestre-calendario-de-la-fraternidad-humanitaria-ffhi\/#article","isPartOf":{"@id":"https:\/\/www.missoeshumanitarias.org\/es\/segundo-trimestre-calendario-de-la-fraternidad-humanitaria-ffhi\/"},"author":{"name":"maducato_admin","@id":"https:\/\/www.missoeshumanitarias.org\/es\/#\/schema\/person\/e0f8527323154d1eba9f9d9eb6b401f7"},"headline":"Segundo trimestre &#8211; Calendario de la Fraternidad Humanitaria (FFHI)","datePublished":"2022-03-10T22:32:29+00:00","dateModified":"2022-03-13T12:15:18+00:00","mainEntityOfPage":{"@id":"https:\/\/www.missoeshumanitarias.org\/es\/segundo-trimestre-calendario-de-la-fraternidad-humanitaria-ffhi\/"},"wordCount":107,"publisher":{"@id":"https:\/\/www.missoeshumanitarias.org\/es\/#organization"},"image":{"@id":"https:\/\/www.missoeshumanitarias.org\/es\/segundo-trimestre-calendario-de-la-fraternidad-humanitaria-ffhi\/#primaryimage"},"thumbnailUrl":"https:\/\/www.missoeshumanitarias.org\/wp-content\/uploads\/2022\/03\/capa-calendario-ffhi-2.jpg","articleSection":["Noticias"],"inLanguage":"es"},{"@type":"WebPage","@id":"https:\/\/www.missoeshumanitarias.org\/es\/segundo-trimestre-calendario-de-la-fraternidad-humanitaria-ffhi\/","url":"https:\/\/www.missoeshumanitarias.org\/es\/segundo-trimestre-calendario-de-la-fraternidad-humanitaria-ffhi\/","name":"Segundo trimestre - Calendario de la Fraternidad Humanitaria (FFHI) - Fraternidade Miss\u00f5es Humanit\u00e1rias Internacionais","isPartOf":{"@id":"https:\/\/www.missoeshumanitarias.org\/es\/#website"},"primaryImageOfPage":{"@id":"https:\/\/www.missoeshumanitarias.org\/es\/segundo-trimestre-calendario-de-la-fraternidad-humanitaria-ffhi\/#primaryimage"},"image":{"@id":"https:\/\/www.missoeshumanitarias.org\/es\/segundo-trimestre-calendario-de-la-fraternidad-humanitaria-ffhi\/#primaryimage"},"thumbnailUrl":"https:\/\/www.missoeshumanitarias.org\/wp-content\/uploads\/2022\/03\/capa-calendario-ffhi-2.jpg","datePublished":"2022-03-10T22:32:29+00:00","dateModified":"2022-03-13T12:15:18+00:00","description":"Aqu\u00ed traemos el segundo trimestre del calendario de este a\u00f1o que ya est\u00e1 marcado por tragedias naturales, conflictos, y nos llama a la solidaridad y al cuidado de los que m\u00e1s lo necesitan.","breadcrumb":{"@id":"https:\/\/www.missoeshumanitarias.org\/es\/segundo-trimestre-calendario-de-la-fraternidad-humanitaria-ffhi\/#breadcrumb"},"inLanguage":"es","potentialAction":[{"@type":"ReadAction","target":["https:\/\/www.missoeshumanitarias.org\/es\/segundo-trimestre-calendario-de-la-fraternidad-humanitaria-ffhi\/"]}]},{"@type":"ImageObject","inLanguage":"es","@id":"https:\/\/www.missoeshumanitarias.org\/es\/segundo-trimestre-calendario-de-la-fraternidad-humanitaria-ffhi\/#primaryimage","url":"https:\/\/www.missoeshumanitarias.org\/wp-content\/uploads\/2022\/03\/capa-calendario-ffhi-2.jpg","contentUrl":"https:\/\/www.missoeshumanitarias.org\/wp-content\/uploads\/2022\/03\/capa-calendario-ffhi-2.jpg","width":1000,"height":687,"caption":"Calend\u00e1rio 2022"},{"@type":"BreadcrumbList","@id":"https:\/\/www.missoeshumanitarias.org\/es\/segundo-trimestre-calendario-de-la-fraternidad-humanitaria-ffhi\/#breadcrumb","itemListElement":[{"@type":"ListItem","position":1,"name":"Home","item":"https:\/\/www.missoeshumanitarias.org\/en\/"},{"@type":"ListItem","position":2,"name":"Segundo trimestre &#8211; Calendario de la Fraternidad Humanitaria (FFHI)"}]},{"@type":"WebSite","@id":"https:\/\/www.missoeshumanitarias.org\/es\/#website","url":"https:\/\/www.missoeshumanitarias.org\/es\/","name":"Fraternidade Miss\u00f5es Humanit\u00e1rias Internacionais","description":"Respostas Humanit\u00e1rias e Emerg\u00eancias","publisher":{"@id":"https:\/\/www.missoeshumanitarias.org\/es\/#organization"},"potentialAction":[{"@type":"SearchAction","target":{"@type":"EntryPoint","urlTemplate":"https:\/\/www.missoeshumanitarias.org\/es\/?s={search_term_string}"},"query-input":"required name=search_term_string"}],"inLanguage":"es"},{"@type":"Organization","@id":"https:\/\/www.missoeshumanitarias.org\/es\/#organization","name":"Fraternidade - Miss\u00f5es Humanit\u00e1rias Internacionais","url":"https:\/\/www.missoeshumanitarias.org\/es\/","logo":{"@type":"ImageObject","inLanguage":"es","@id":"https:\/\/www.missoeshumanitarias.org\/es\/#\/schema\/logo\/image\/","url":"https:\/\/www.missoeshumanitarias.org\/wp-content\/uploads\/2020\/05\/logo-FMHI-mg.png","contentUrl":"https:\/\/www.missoeshumanitarias.org\/wp-content\/uploads\/2020\/05\/logo-FMHI-mg.png","width":520,"height":134,"caption":"Fraternidade - Miss\u00f5es Humanit\u00e1rias Internacionais"},"image":{"@id":"https:\/\/www.missoeshumanitarias.org\/es\/#\/schema\/logo\/image\/"}},{"@type":"Person","@id":"https:\/\/www.missoeshumanitarias.org\/es\/#\/schema\/person\/e0f8527323154d1eba9f9d9eb6b401f7","name":"maducato_admin","image":{"@type":"ImageObject","inLanguage":"es","@id":"https:\/\/www.missoeshumanitarias.org\/es\/#\/schema\/person\/image\/","url":"https:\/\/secure.gravatar.com\/avatar\/6c3b45186a8f5a459d8e14c7fca370bceae92402bc06171d75e4e559b6c24393?s=96&d=mm&r=g","contentUrl":"https:\/\/secure.gravatar.com\/avatar\/6c3b45186a8f5a459d8e14c7fca370bceae92402bc06171d75e4e559b6c24393?s=96&d=mm&r=g","caption":"maducato_admin"}}]}},"_links":{"self":[{"href":"https:\/\/www.missoeshumanitarias.org\/es\/wp-json\/wp\/v2\/posts\/141805","targetHints":{"allow":["GET"]}}],"collection":[{"href":"https:\/\/www.missoeshumanitarias.org\/es\/wp-json\/wp\/v2\/posts"}],"about":[{"href":"https:\/\/www.missoeshumanitarias.org\/es\/wp-json\/wp\/v2\/types\/post"}],"author":[{"embeddable":true,"href":"https:\/\/www.missoeshumanitarias.org\/es\/wp-json\/wp\/v2\/users\/1"}],"replies":[{"embeddable":true,"href":"https:\/\/www.missoeshumanitarias.org\/es\/wp-json\/wp\/v2\/comments?post=141805"}],"version-history":[{"count":0,"href":"https:\/\/www.missoeshumanitarias.org\/es\/wp-json\/wp\/v2\/posts\/141805\/revisions"}],"wp:featuredmedia":[{"embeddable":true,"href":"https:\/\/www.missoeshumanitarias.org\/es\/wp-json\/wp\/v2\/media\/141780"}],"wp:attachment":[{"href":"https:\/\/www.missoeshumanitarias.org\/es\/wp-json\/wp\/v2\/media?parent=141805"}],"wp:term":[{"taxonomy":"category","embeddable":true,"href":"https:\/\/www.missoeshumanitarias.org\/es\/wp-json\/wp\/v2\/categories?post=141805"},{"taxonomy":"post_tag","embeddable":true,"href":"https:\/\/www.missoeshumanitarias.org\/es\/wp-json\/wp\/v2\/tags?post=141805"}],"curies":[{"name":"wp","href":"https:\/\/api.w.org\/{rel}","templated":true}]}}