{"id":141811,"date":"2022-02-26T14:13:56","date_gmt":"2022-02-26T17:13:56","guid":{"rendered":"https:\/\/www.missoeshumanitarias.org\/mision-bahia-esta-programada-para-comenzar-el-28-02\/"},"modified":"2022-03-13T09:28:29","modified_gmt":"2022-03-13T12:28:29","slug":"mision-bahia-esta-programada-para-comenzar-el-28-02","status":"publish","type":"post","link":"https:\/\/www.missoeshumanitarias.org\/es\/mision-bahia-esta-programada-para-comenzar-el-28-02\/","title":{"rendered":"Misi\u00f3n Bah\u00eda est\u00e1 programada para comenzar el 28\/02"},"content":{"rendered":"\n<p><span lang=\"ES\">Un grupo de once servidores humanitarios viaj\u00f3 a Bah\u00eda el 23 de febrero para iniciar la\u00a0<\/span><a href=\"https:\/\/www.missoeshumanitarias.org\/es\/mision-bahia-humanitaria\/\"><span lang=\"ES\">Misi\u00f3n Bah\u00eda Humanitaria<\/span><\/a><span lang=\"ES\">. En la regi\u00f3n, se reunir\u00e1n con integrantes de la Rede-Luz local, componiendo un equipo de quince servidores para la tarea. La propuesta es apoyar a las poblaciones afectadas por las inundaciones en el estado, en esta etapa de recuperaci\u00f3n y reconstrucci\u00f3n de vidas.<\/span><\/p>\n\n<div class=\"wp-block-image\"><figure class=\"aligncenter size-full\"><img fetchpriority=\"high\" decoding=\"async\" width=\"680\" height=\"409\" src=\"https:\/\/www.missoeshumanitarias.org\/wp-content\/uploads\/2022\/02\/Missao_Bahia_Humanitaria_FMHI_FFHI.jpg\" alt=\"Misi&#xF3;n Bah&#xED;a Humanit&#xE1;ria\" class=\"wp-image-141585\" srcset=\"https:\/\/www.missoeshumanitarias.org\/wp-content\/uploads\/2022\/02\/Missao_Bahia_Humanitaria_FMHI_FFHI.jpg 680w, https:\/\/www.missoeshumanitarias.org\/wp-content\/uploads\/2022\/02\/Missao_Bahia_Humanitaria_FMHI_FFHI-300x180.jpg 300w\" sizes=\"(max-width: 680px) 100vw, 680px\" \/><\/figure><\/div>\n\n<p>En los primeros d\u00edas se est\u00e1n cerrando los detalles de las alianzas a nivel local, y la organizaci\u00f3n de la infraestructura para el hospedaje. La intervenci\u00f3n de campo est\u00e1 programada para comenzar el 28\/02.<\/p>\n\n<p><span lang=\"ES\">El Comit\u00e9 de Gesti\u00f3n de la\u00a0<\/span><a href=\"https:\/\/www.missoeshumanitarias.org\/es\"><span lang=\"ES\">Fraternidad &#8211; Misiones Humanitarias Internacionales (FMHI)<\/span><\/a><span lang=\"ES\">\u00a0viene monitoreando los eventos relacionados con las inundaciones desde diciembre de 2021.<\/span><\/p>\n\n<p>Seg\u00fan datos de la Superintendencia de Protecci\u00f3n y Defensa Civil de Bah\u00eda (Sudec), el n\u00famero de afectados por las lluvias ya supera las ochocientas\u00a0 mil personas en 174 municipios.<\/p>\n\n<p><span lang=\"ES\">Los servidores de\u00a0<\/span><a href=\"https:\/\/www.missoeshumanitarias.org\/es\"><span lang=\"ES\">Fraternidad &#8211; Misiones Humanitarias (FMHI)<\/span><\/a><span lang=\"ES\">\u00a0en esta fase de la respuesta humanitaria se desempe\u00f1ar\u00e1n como apoyo poscrisis, en un momento en que hay familias y personas a\u00fan en situaci\u00f3n de vulnerabilidad. Debido a las consecuencias de la inundaci\u00f3n, muchos lo han perdido todo y ahora necesitan reconstruir sus vidas, interna y externamente.<\/span><\/p>\n\n<h3 class=\"wp-block-heading\" id=\"h-juntos-somos-mais-fortes\"><b><span lang=\"ES\">Juntos somos m\u00e1s fuertes<\/span><\/b><\/h3>\n\n<p>Luego de realizar el viaje de diagn\u00f3stico, en el que se realizaron visitas a los lugares afectados por las inundaciones y se contact\u00f3 a instituciones locales, gubernamentales y no gubernamentales, para establecer posibles alianzas en la respuesta, esta nueva etapa de la Misi\u00f3n se enfoca en la consolidaci\u00f3n de alianzas, contactos institucionales para alineaci\u00f3n de detalles, definici\u00f3n de estrategias de acci\u00f3n en los municipios contemplados, organizaci\u00f3n log\u00edstica y de alojamiento.<\/p>\n\n<figure class=\"wp-block-gallery has-nested-images columns-default is-cropped wp-block-gallery-1 is-layout-flex wp-block-gallery-is-layout-flex\">\n<figure class=\"wp-block-image size-large\"><img decoding=\"async\" width=\"1024\" height=\"768\" data-id=\"141581\" src=\"https:\/\/www.missoeshumanitarias.org\/wp-content\/uploads\/2022\/02\/Missao_Bahia_Humanitaria_FMHI_FFHI_4-1024x768.jpg\" alt=\"Misi&#xF3;n Bah&#xED;a Humanit&#xE1;ria\" class=\"wp-image-141581\" srcset=\"https:\/\/www.missoeshumanitarias.org\/wp-content\/uploads\/2022\/02\/Missao_Bahia_Humanitaria_FMHI_FFHI_4-1024x768.jpg 1024w, https:\/\/www.missoeshumanitarias.org\/wp-content\/uploads\/2022\/02\/Missao_Bahia_Humanitaria_FMHI_FFHI_4-300x225.jpg 300w, https:\/\/www.missoeshumanitarias.org\/wp-content\/uploads\/2022\/02\/Missao_Bahia_Humanitaria_FMHI_FFHI_4-768x576.jpg 768w, https:\/\/www.missoeshumanitarias.org\/wp-content\/uploads\/2022\/02\/Missao_Bahia_Humanitaria_FMHI_FFHI_4.jpg 1200w\" sizes=\"(max-width: 1024px) 100vw, 1024px\" \/><\/figure>\n\n\n\n<figure class=\"wp-block-image size-large\"><img decoding=\"async\" width=\"1024\" height=\"768\" data-id=\"141589\" src=\"https:\/\/www.missoeshumanitarias.org\/wp-content\/uploads\/2022\/02\/Missao_Bahia_Humanitaria_FMHI_FFHI_2-1024x768.jpg\" alt=\"Misi&#xF3;n Bah&#xED;a Humanit&#xE1;ria\" class=\"wp-image-141589\" srcset=\"https:\/\/www.missoeshumanitarias.org\/wp-content\/uploads\/2022\/02\/Missao_Bahia_Humanitaria_FMHI_FFHI_2-1024x768.jpg 1024w, https:\/\/www.missoeshumanitarias.org\/wp-content\/uploads\/2022\/02\/Missao_Bahia_Humanitaria_FMHI_FFHI_2-300x225.jpg 300w, https:\/\/www.missoeshumanitarias.org\/wp-content\/uploads\/2022\/02\/Missao_Bahia_Humanitaria_FMHI_FFHI_2-768x576.jpg 768w, https:\/\/www.missoeshumanitarias.org\/wp-content\/uploads\/2022\/02\/Missao_Bahia_Humanitaria_FMHI_FFHI_2-rotated.jpg 1200w\" sizes=\"(max-width: 1024px) 100vw, 1024px\" \/><\/figure>\n<\/figure>\n\n<p>Para que toda esta log\u00edstica sea puesta en pr\u00e1ctica, el apoyo de Rede-Luz Bahia es fundamental.<\/p>\n\n<p><span lang=\"ES\">La\u00a0<\/span><a href=\"https:\/\/www.missoeshumanitarias.org\/es\"><span lang=\"ES\">Fraternidad \u2013 Misiones Humanitarias (FMHI)<\/span><\/a><span lang=\"ES\">\u00a0ya estableci\u00f3 una sociedad con la ONG Mecenas da Vida, que cedi\u00f3 el espacio en su sede para recibir al grupo en Serra Grande, distrito de Uru\u00e7uca, cerca de Ilh\u00e9us. Adem\u00e1s del apoyo log\u00edstico, habr\u00e1 una acci\u00f3n conjunta, especialmente con los agricultores afectados de la regi\u00f3n, en asociaci\u00f2n con el Consejo Quilombola de Itacar\u00e9, implementando acciones que garanticen la autosostenibilidad y la seguridad alimentaria.<\/span><\/p>\n\n<h3 class=\"wp-block-heading\"><b><span lang=\"ES\">Solidaridad<\/span><\/b><\/h3>\n\n<p>El a\u00f1o 2022 ya est\u00e1 marcado por tragedias naturales y nos llama a la solidaridad y al cuidado de quienes m\u00e1s lo necesitan. Para que los servidores humanitarios puedan ayudar a las comunidades afectadas que se encuentran en un alto nivel de vulnerabilidad, \u00a1necesitamos su colaboraci\u00f3n!<\/p>\n\n<div class=\"wp-block-image\"><figure class=\"aligncenter size-large\"><img loading=\"lazy\" decoding=\"async\" width=\"1024\" height=\"576\" src=\"https:\/\/www.missoeshumanitarias.org\/wp-content\/uploads\/2022\/02\/Missao_Bahia_Humanitaria_FMHI_FFHI_3.jpg-1024x576.png\" alt=\"Misi&#xF3;n Bah&#xED;a Humanit&#xE1;ria\" class=\"wp-image-141577\" srcset=\"https:\/\/www.missoeshumanitarias.org\/wp-content\/uploads\/2022\/02\/Missao_Bahia_Humanitaria_FMHI_FFHI_3.jpg-1024x576.png 1024w, https:\/\/www.missoeshumanitarias.org\/wp-content\/uploads\/2022\/02\/Missao_Bahia_Humanitaria_FMHI_FFHI_3.jpg-300x169.png 300w, https:\/\/www.missoeshumanitarias.org\/wp-content\/uploads\/2022\/02\/Missao_Bahia_Humanitaria_FMHI_FFHI_3.jpg-768x432.png 768w, https:\/\/www.missoeshumanitarias.org\/wp-content\/uploads\/2022\/02\/Missao_Bahia_Humanitaria_FMHI_FFHI_3.jpg.png 1200w\" sizes=\"(max-width: 1024px) 100vw, 1024px\" \/><\/figure><\/div>\n\n<p><b><span lang=\"ES\">\u00a1Juntos somos m\u00e1s fuertes!<\/span><\/b><\/p>\n\n<p><p style=\"font-weight: 400;\"><b><strong>Done Millas<\/strong><\/b><b><\/b><\/p><\/p>\n\n<p>\u00a0apoioviagens@fraterinternacional.org<\/p>\n\n<p><b>Contacto<\/b>: +55 (35) 998009952<\/p>\n\n<p>coordenacao.secretaria@fraterinternacional.org<\/p>\n\n<p><b>BANCO ITA\u00da S\/A (341)<\/b><\/p>\n\n<p>Ag: 3204 | C\/C: 12929-4<\/p>\n\n<p>SWIFT ITAUBRSP IBAN: BR59 6070 1190 0320 4000 0129 294C 1<\/p>\n\n<p>Raz\u00f3n Social: Fraternidade \u2013 Miss\u00f5es Humanit\u00e1rias Internacionais<\/p>\n\n<p>CNPJ: 32.040.076\/0001-37<\/p>\n\n<p><b>CLAVE PIX, CNPJ: 32040076000137<\/b><\/p>\n","protected":false},"excerpt":{"rendered":"<p>Un grupo de once servidores humanitarios viaj\u00f3 a Bah\u00eda el 23 de febrero para iniciar la\u00a0Misi\u00f3n Bah\u00eda Humanitaria. En la regi\u00f3n, se reunir\u00e1n con integrantes de la Rede-Luz local, componiendo un equipo de quince servidores para la tarea. La propuesta es apoyar a las poblaciones afectadas por las inundaciones en el estado, en esta etapa [&hellip;]<\/p>\n","protected":false},"author":1,"featured_media":141584,"comment_status":"closed","ping_status":"closed","sticky":false,"template":"","format":"standard","meta":{"footnotes":""},"categories":[43,131],"tags":[],"class_list":["post-141811","post","type-post","status-publish","format-standard","has-post-thumbnail","hentry","category-noticias-es","category-noticias-de-las-misiones"],"featured_image_src":"https:\/\/www.missoeshumanitarias.org\/wp-content\/uploads\/2022\/02\/Missao_Bahia_Humanitaria_FMHI_FFHI_4.jpg","author_info":{"display_name":"maducato_admin","author_link":"https:\/\/www.missoeshumanitarias.org\/es\/author\/maducato_admin\/"},"yoast_head":"<!-- This site is optimized with the Yoast SEO Premium plugin v22.5 (Yoast SEO v22.5) - https:\/\/yoast.com\/wordpress\/plugins\/seo\/ -->\n<title>Misi\u00f3n Bah\u00eda est\u00e1 programada para comenzar el 28\/02 - Fraternidade Miss\u00f5es Humanit\u00e1rias Internacionais<\/title>\n<meta name=\"robots\" content=\"index, follow, max-snippet:-1, max-image-preview:large, max-video-preview:-1\" \/>\n<link rel=\"canonical\" href=\"https:\/\/www.missoeshumanitarias.org\/es\/mision-bahia-esta-programada-para-comenzar-el-28-02\/\" \/>\n<meta property=\"og:locale\" content=\"es_ES\" \/>\n<meta property=\"og:type\" content=\"article\" \/>\n<meta property=\"og:title\" content=\"Misi\u00f3n Bah\u00eda est\u00e1 programada para comenzar el 28\/02\" \/>\n<meta property=\"og:description\" content=\"Un grupo de once servidores humanitarios viaj\u00f3 a Bah\u00eda el 23 de febrero para iniciar la\u00a0Misi\u00f3n Bah\u00eda Humanitaria. En la regi\u00f3n, se reunir\u00e1n con integrantes de la Rede-Luz local, componiendo un equipo de quince servidores para la tarea. La propuesta es apoyar a las poblaciones afectadas por las inundaciones en el estado, en esta etapa [&hellip;]\" \/>\n<meta property=\"og:url\" content=\"https:\/\/www.missoeshumanitarias.org\/es\/mision-bahia-esta-programada-para-comenzar-el-28-02\/\" \/>\n<meta property=\"og:site_name\" content=\"Fraternidade Miss\u00f5es Humanit\u00e1rias Internacionais\" \/>\n<meta property=\"article:published_time\" content=\"2022-02-26T17:13:56+00:00\" \/>\n<meta property=\"article:modified_time\" content=\"2022-03-13T12:28:29+00:00\" \/>\n<meta property=\"og:image\" content=\"https:\/\/www.missoeshumanitarias.org\/wp-content\/uploads\/2022\/02\/Missao_Bahia_Humanitaria_FMHI_FFHI_4.jpg\" \/>\n\t<meta property=\"og:image:width\" content=\"1200\" \/>\n\t<meta property=\"og:image:height\" content=\"900\" \/>\n\t<meta property=\"og:image:type\" content=\"image\/jpeg\" \/>\n<meta name=\"author\" content=\"maducato_admin\" \/>\n<meta name=\"twitter:card\" content=\"summary_large_image\" \/>\n<meta name=\"twitter:label1\" content=\"Escrito por\" \/>\n\t<meta name=\"twitter:data1\" content=\"maducato_admin\" \/>\n\t<meta name=\"twitter:label2\" content=\"Tiempo de lectura\" \/>\n\t<meta name=\"twitter:data2\" content=\"2 minutos\" \/>\n<script type=\"application\/ld+json\" class=\"yoast-schema-graph\">{\"@context\":\"https:\/\/schema.org\",\"@graph\":[{\"@type\":\"Article\",\"@id\":\"https:\/\/www.missoeshumanitarias.org\/es\/mision-bahia-esta-programada-para-comenzar-el-28-02\/#article\",\"isPartOf\":{\"@id\":\"https:\/\/www.missoeshumanitarias.org\/es\/mision-bahia-esta-programada-para-comenzar-el-28-02\/\"},\"author\":{\"name\":\"maducato_admin\",\"@id\":\"https:\/\/www.missoeshumanitarias.org\/es\/#\/schema\/person\/e0f8527323154d1eba9f9d9eb6b401f7\"},\"headline\":\"Misi\u00f3n Bah\u00eda est\u00e1 programada para comenzar el 28\/02\",\"datePublished\":\"2022-02-26T17:13:56+00:00\",\"dateModified\":\"2022-03-13T12:28:29+00:00\",\"mainEntityOfPage\":{\"@id\":\"https:\/\/www.missoeshumanitarias.org\/es\/mision-bahia-esta-programada-para-comenzar-el-28-02\/\"},\"wordCount\":498,\"publisher\":{\"@id\":\"https:\/\/www.missoeshumanitarias.org\/es\/#organization\"},\"image\":{\"@id\":\"https:\/\/www.missoeshumanitarias.org\/es\/mision-bahia-esta-programada-para-comenzar-el-28-02\/#primaryimage\"},\"thumbnailUrl\":\"https:\/\/www.missoeshumanitarias.org\/wp-content\/uploads\/2022\/02\/Missao_Bahia_Humanitaria_FMHI_FFHI_4.jpg\",\"articleSection\":[\"Noticias\",\"Noticias de las Misiones\"],\"inLanguage\":\"es\"},{\"@type\":\"WebPage\",\"@id\":\"https:\/\/www.missoeshumanitarias.org\/es\/mision-bahia-esta-programada-para-comenzar-el-28-02\/\",\"url\":\"https:\/\/www.missoeshumanitarias.org\/es\/mision-bahia-esta-programada-para-comenzar-el-28-02\/\",\"name\":\"Misi\u00f3n Bah\u00eda est\u00e1 programada para comenzar el 28\/02 - Fraternidade Miss\u00f5es Humanit\u00e1rias Internacionais\",\"isPartOf\":{\"@id\":\"https:\/\/www.missoeshumanitarias.org\/es\/#website\"},\"primaryImageOfPage\":{\"@id\":\"https:\/\/www.missoeshumanitarias.org\/es\/mision-bahia-esta-programada-para-comenzar-el-28-02\/#primaryimage\"},\"image\":{\"@id\":\"https:\/\/www.missoeshumanitarias.org\/es\/mision-bahia-esta-programada-para-comenzar-el-28-02\/#primaryimage\"},\"thumbnailUrl\":\"https:\/\/www.missoeshumanitarias.org\/wp-content\/uploads\/2022\/02\/Missao_Bahia_Humanitaria_FMHI_FFHI_4.jpg\",\"datePublished\":\"2022-02-26T17:13:56+00:00\",\"dateModified\":\"2022-03-13T12:28:29+00:00\",\"breadcrumb\":{\"@id\":\"https:\/\/www.missoeshumanitarias.org\/es\/mision-bahia-esta-programada-para-comenzar-el-28-02\/#breadcrumb\"},\"inLanguage\":\"es\",\"potentialAction\":[{\"@type\":\"ReadAction\",\"target\":[\"https:\/\/www.missoeshumanitarias.org\/es\/mision-bahia-esta-programada-para-comenzar-el-28-02\/\"]}]},{\"@type\":\"ImageObject\",\"inLanguage\":\"es\",\"@id\":\"https:\/\/www.missoeshumanitarias.org\/es\/mision-bahia-esta-programada-para-comenzar-el-28-02\/#primaryimage\",\"url\":\"https:\/\/www.missoeshumanitarias.org\/wp-content\/uploads\/2022\/02\/Missao_Bahia_Humanitaria_FMHI_FFHI_4.jpg\",\"contentUrl\":\"https:\/\/www.missoeshumanitarias.org\/wp-content\/uploads\/2022\/02\/Missao_Bahia_Humanitaria_FMHI_FFHI_4.jpg\",\"width\":1200,\"height\":900,\"caption\":\"Miss\u00e3o Bahia Humanit\u00e1ria\"},{\"@type\":\"BreadcrumbList\",\"@id\":\"https:\/\/www.missoeshumanitarias.org\/es\/mision-bahia-esta-programada-para-comenzar-el-28-02\/#breadcrumb\",\"itemListElement\":[{\"@type\":\"ListItem\",\"position\":1,\"name\":\"Home\",\"item\":\"https:\/\/www.missoeshumanitarias.org\/en\/\"},{\"@type\":\"ListItem\",\"position\":2,\"name\":\"Misi\u00f3n Bah\u00eda est\u00e1 programada para comenzar el 28\/02\"}]},{\"@type\":\"WebSite\",\"@id\":\"https:\/\/www.missoeshumanitarias.org\/es\/#website\",\"url\":\"https:\/\/www.missoeshumanitarias.org\/es\/\",\"name\":\"Fraternidade Miss\u00f5es Humanit\u00e1rias Internacionais\",\"description\":\"Respostas Humanit\u00e1rias e Emerg\u00eancias\",\"publisher\":{\"@id\":\"https:\/\/www.missoeshumanitarias.org\/es\/#organization\"},\"potentialAction\":[{\"@type\":\"SearchAction\",\"target\":{\"@type\":\"EntryPoint\",\"urlTemplate\":\"https:\/\/www.missoeshumanitarias.org\/es\/?s={search_term_string}\"},\"query-input\":\"required name=search_term_string\"}],\"inLanguage\":\"es\"},{\"@type\":\"Organization\",\"@id\":\"https:\/\/www.missoeshumanitarias.org\/es\/#organization\",\"name\":\"Fraternidade - Miss\u00f5es Humanit\u00e1rias Internacionais\",\"url\":\"https:\/\/www.missoeshumanitarias.org\/es\/\",\"logo\":{\"@type\":\"ImageObject\",\"inLanguage\":\"es\",\"@id\":\"https:\/\/www.missoeshumanitarias.org\/es\/#\/schema\/logo\/image\/\",\"url\":\"https:\/\/www.missoeshumanitarias.org\/wp-content\/uploads\/2020\/05\/logo-FMHI-mg.png\",\"contentUrl\":\"https:\/\/www.missoeshumanitarias.org\/wp-content\/uploads\/2020\/05\/logo-FMHI-mg.png\",\"width\":520,\"height\":134,\"caption\":\"Fraternidade - Miss\u00f5es Humanit\u00e1rias Internacionais\"},\"image\":{\"@id\":\"https:\/\/www.missoeshumanitarias.org\/es\/#\/schema\/logo\/image\/\"}},{\"@type\":\"Person\",\"@id\":\"https:\/\/www.missoeshumanitarias.org\/es\/#\/schema\/person\/e0f8527323154d1eba9f9d9eb6b401f7\",\"name\":\"maducato_admin\",\"image\":{\"@type\":\"ImageObject\",\"inLanguage\":\"es\",\"@id\":\"https:\/\/www.missoeshumanitarias.org\/es\/#\/schema\/person\/image\/\",\"url\":\"https:\/\/secure.gravatar.com\/avatar\/6c3b45186a8f5a459d8e14c7fca370bceae92402bc06171d75e4e559b6c24393?s=96&d=mm&r=g\",\"contentUrl\":\"https:\/\/secure.gravatar.com\/avatar\/6c3b45186a8f5a459d8e14c7fca370bceae92402bc06171d75e4e559b6c24393?s=96&d=mm&r=g\",\"caption\":\"maducato_admin\"}}]}<\/script>\n<!-- \/ Yoast SEO Premium plugin. -->","yoast_head_json":{"title":"Misi\u00f3n Bah\u00eda est\u00e1 programada para comenzar el 28\/02 - Fraternidade Miss\u00f5es Humanit\u00e1rias Internacionais","robots":{"index":"index","follow":"follow","max-snippet":"max-snippet:-1","max-image-preview":"max-image-preview:large","max-video-preview":"max-video-preview:-1"},"canonical":"https:\/\/www.missoeshumanitarias.org\/es\/mision-bahia-esta-programada-para-comenzar-el-28-02\/","og_locale":"es_ES","og_type":"article","og_title":"Misi\u00f3n Bah\u00eda est\u00e1 programada para comenzar el 28\/02","og_description":"Un grupo de once servidores humanitarios viaj\u00f3 a Bah\u00eda el 23 de febrero para iniciar la\u00a0Misi\u00f3n Bah\u00eda Humanitaria. En la regi\u00f3n, se reunir\u00e1n con integrantes de la Rede-Luz local, componiendo un equipo de quince servidores para la tarea. La propuesta es apoyar a las poblaciones afectadas por las inundaciones en el estado, en esta etapa [&hellip;]","og_url":"https:\/\/www.missoeshumanitarias.org\/es\/mision-bahia-esta-programada-para-comenzar-el-28-02\/","og_site_name":"Fraternidade Miss\u00f5es Humanit\u00e1rias Internacionais","article_published_time":"2022-02-26T17:13:56+00:00","article_modified_time":"2022-03-13T12:28:29+00:00","og_image":[{"width":1200,"height":900,"url":"https:\/\/www.missoeshumanitarias.org\/wp-content\/uploads\/2022\/02\/Missao_Bahia_Humanitaria_FMHI_FFHI_4.jpg","type":"image\/jpeg"}],"author":"maducato_admin","twitter_card":"summary_large_image","twitter_misc":{"Escrito por":"maducato_admin","Tiempo de lectura":"2 minutos"},"schema":{"@context":"https:\/\/schema.org","@graph":[{"@type":"Article","@id":"https:\/\/www.missoeshumanitarias.org\/es\/mision-bahia-esta-programada-para-comenzar-el-28-02\/#article","isPartOf":{"@id":"https:\/\/www.missoeshumanitarias.org\/es\/mision-bahia-esta-programada-para-comenzar-el-28-02\/"},"author":{"name":"maducato_admin","@id":"https:\/\/www.missoeshumanitarias.org\/es\/#\/schema\/person\/e0f8527323154d1eba9f9d9eb6b401f7"},"headline":"Misi\u00f3n Bah\u00eda est\u00e1 programada para comenzar el 28\/02","datePublished":"2022-02-26T17:13:56+00:00","dateModified":"2022-03-13T12:28:29+00:00","mainEntityOfPage":{"@id":"https:\/\/www.missoeshumanitarias.org\/es\/mision-bahia-esta-programada-para-comenzar-el-28-02\/"},"wordCount":498,"publisher":{"@id":"https:\/\/www.missoeshumanitarias.org\/es\/#organization"},"image":{"@id":"https:\/\/www.missoeshumanitarias.org\/es\/mision-bahia-esta-programada-para-comenzar-el-28-02\/#primaryimage"},"thumbnailUrl":"https:\/\/www.missoeshumanitarias.org\/wp-content\/uploads\/2022\/02\/Missao_Bahia_Humanitaria_FMHI_FFHI_4.jpg","articleSection":["Noticias","Noticias de las Misiones"],"inLanguage":"es"},{"@type":"WebPage","@id":"https:\/\/www.missoeshumanitarias.org\/es\/mision-bahia-esta-programada-para-comenzar-el-28-02\/","url":"https:\/\/www.missoeshumanitarias.org\/es\/mision-bahia-esta-programada-para-comenzar-el-28-02\/","name":"Misi\u00f3n Bah\u00eda est\u00e1 programada para comenzar el 28\/02 - Fraternidade Miss\u00f5es Humanit\u00e1rias Internacionais","isPartOf":{"@id":"https:\/\/www.missoeshumanitarias.org\/es\/#website"},"primaryImageOfPage":{"@id":"https:\/\/www.missoeshumanitarias.org\/es\/mision-bahia-esta-programada-para-comenzar-el-28-02\/#primaryimage"},"image":{"@id":"https:\/\/www.missoeshumanitarias.org\/es\/mision-bahia-esta-programada-para-comenzar-el-28-02\/#primaryimage"},"thumbnailUrl":"https:\/\/www.missoeshumanitarias.org\/wp-content\/uploads\/2022\/02\/Missao_Bahia_Humanitaria_FMHI_FFHI_4.jpg","datePublished":"2022-02-26T17:13:56+00:00","dateModified":"2022-03-13T12:28:29+00:00","breadcrumb":{"@id":"https:\/\/www.missoeshumanitarias.org\/es\/mision-bahia-esta-programada-para-comenzar-el-28-02\/#breadcrumb"},"inLanguage":"es","potentialAction":[{"@type":"ReadAction","target":["https:\/\/www.missoeshumanitarias.org\/es\/mision-bahia-esta-programada-para-comenzar-el-28-02\/"]}]},{"@type":"ImageObject","inLanguage":"es","@id":"https:\/\/www.missoeshumanitarias.org\/es\/mision-bahia-esta-programada-para-comenzar-el-28-02\/#primaryimage","url":"https:\/\/www.missoeshumanitarias.org\/wp-content\/uploads\/2022\/02\/Missao_Bahia_Humanitaria_FMHI_FFHI_4.jpg","contentUrl":"https:\/\/www.missoeshumanitarias.org\/wp-content\/uploads\/2022\/02\/Missao_Bahia_Humanitaria_FMHI_FFHI_4.jpg","width":1200,"height":900,"caption":"Miss\u00e3o Bahia Humanit\u00e1ria"},{"@type":"BreadcrumbList","@id":"https:\/\/www.missoeshumanitarias.org\/es\/mision-bahia-esta-programada-para-comenzar-el-28-02\/#breadcrumb","itemListElement":[{"@type":"ListItem","position":1,"name":"Home","item":"https:\/\/www.missoeshumanitarias.org\/en\/"},{"@type":"ListItem","position":2,"name":"Misi\u00f3n Bah\u00eda est\u00e1 programada para comenzar el 28\/02"}]},{"@type":"WebSite","@id":"https:\/\/www.missoeshumanitarias.org\/es\/#website","url":"https:\/\/www.missoeshumanitarias.org\/es\/","name":"Fraternidade Miss\u00f5es Humanit\u00e1rias Internacionais","description":"Respostas Humanit\u00e1rias e Emerg\u00eancias","publisher":{"@id":"https:\/\/www.missoeshumanitarias.org\/es\/#organization"},"potentialAction":[{"@type":"SearchAction","target":{"@type":"EntryPoint","urlTemplate":"https:\/\/www.missoeshumanitarias.org\/es\/?s={search_term_string}"},"query-input":"required name=search_term_string"}],"inLanguage":"es"},{"@type":"Organization","@id":"https:\/\/www.missoeshumanitarias.org\/es\/#organization","name":"Fraternidade - Miss\u00f5es Humanit\u00e1rias Internacionais","url":"https:\/\/www.missoeshumanitarias.org\/es\/","logo":{"@type":"ImageObject","inLanguage":"es","@id":"https:\/\/www.missoeshumanitarias.org\/es\/#\/schema\/logo\/image\/","url":"https:\/\/www.missoeshumanitarias.org\/wp-content\/uploads\/2020\/05\/logo-FMHI-mg.png","contentUrl":"https:\/\/www.missoeshumanitarias.org\/wp-content\/uploads\/2020\/05\/logo-FMHI-mg.png","width":520,"height":134,"caption":"Fraternidade - Miss\u00f5es Humanit\u00e1rias Internacionais"},"image":{"@id":"https:\/\/www.missoeshumanitarias.org\/es\/#\/schema\/logo\/image\/"}},{"@type":"Person","@id":"https:\/\/www.missoeshumanitarias.org\/es\/#\/schema\/person\/e0f8527323154d1eba9f9d9eb6b401f7","name":"maducato_admin","image":{"@type":"ImageObject","inLanguage":"es","@id":"https:\/\/www.missoeshumanitarias.org\/es\/#\/schema\/person\/image\/","url":"https:\/\/secure.gravatar.com\/avatar\/6c3b45186a8f5a459d8e14c7fca370bceae92402bc06171d75e4e559b6c24393?s=96&d=mm&r=g","contentUrl":"https:\/\/secure.gravatar.com\/avatar\/6c3b45186a8f5a459d8e14c7fca370bceae92402bc06171d75e4e559b6c24393?s=96&d=mm&r=g","caption":"maducato_admin"}}]}},"_links":{"self":[{"href":"https:\/\/www.missoeshumanitarias.org\/es\/wp-json\/wp\/v2\/posts\/141811","targetHints":{"allow":["GET"]}}],"collection":[{"href":"https:\/\/www.missoeshumanitarias.org\/es\/wp-json\/wp\/v2\/posts"}],"about":[{"href":"https:\/\/www.missoeshumanitarias.org\/es\/wp-json\/wp\/v2\/types\/post"}],"author":[{"embeddable":true,"href":"https:\/\/www.missoeshumanitarias.org\/es\/wp-json\/wp\/v2\/users\/1"}],"replies":[{"embeddable":true,"href":"https:\/\/www.missoeshumanitarias.org\/es\/wp-json\/wp\/v2\/comments?post=141811"}],"version-history":[{"count":0,"href":"https:\/\/www.missoeshumanitarias.org\/es\/wp-json\/wp\/v2\/posts\/141811\/revisions"}],"wp:featuredmedia":[{"embeddable":true,"href":"https:\/\/www.missoeshumanitarias.org\/es\/wp-json\/wp\/v2\/media\/141584"}],"wp:attachment":[{"href":"https:\/\/www.missoeshumanitarias.org\/es\/wp-json\/wp\/v2\/media?parent=141811"}],"wp:term":[{"taxonomy":"category","embeddable":true,"href":"https:\/\/www.missoeshumanitarias.org\/es\/wp-json\/wp\/v2\/categories?post=141811"},{"taxonomy":"post_tag","embeddable":true,"href":"https:\/\/www.missoeshumanitarias.org\/es\/wp-json\/wp\/v2\/tags?post=141811"}],"curies":[{"name":"wp","href":"https:\/\/api.w.org\/{rel}","templated":true}]}}