{"id":141841,"date":"2022-01-12T14:10:41","date_gmt":"2022-01-12T17:10:41","guid":{"rendered":"https:\/\/www.missoeshumanitarias.org\/calendario-de-la-fraternidad-2022-humanitario-ffhi\/"},"modified":"2022-03-18T07:25:38","modified_gmt":"2022-03-18T10:25:38","slug":"calendario-de-la-fraternidad-2022-humanitario-ffhi","status":"publish","type":"post","link":"https:\/\/www.missoeshumanitarias.org\/es\/calendario-de-la-fraternidad-2022-humanitario-ffhi\/","title":{"rendered":"Calendario de la Fraternidad 2022 &#8211; Humanitario (FFHI)"},"content":{"rendered":"\n<p>A diferencia del 2020, un a\u00f1o que requiri\u00f3 esperanza y confianza en d\u00edas mejores, el 2021 fue un a\u00f1o que requiri\u00f3 resiliencia. Con origen en lat\u00edn, resilire, que significa \u201cvolver atr\u00e1s\u201d, la resiliencia es la capacidad de los seres humanos para enfrentar los problemas, sobrevivir en situaciones adversas y no ceder a la presi\u00f3n. Eso fue el 2021, un a\u00f1o en el que la humanidad busc\u00f3 alternativas para mantenerse firme, incluso en suelos movedizos. Fue un desaf\u00edo, pero nos superamos, nos reinventamos: en la salud, en el trabajo, en las artes, en el cuidado del medio ambiente y, sobre todo, en dar respuesta a las crisis humanitarias que asolan a los m\u00e1s diversos pueblos, en distintas regiones del planeta.<\/p>\n\n<p><span lang=\"es-419\">El calendario del 2022 de la\u00a0<\/span><a href=\"https:\/\/www.fraterinternacional.org\/es\/\" target=\"_blank\" rel=\"noopener\">Fraternidad &#8211; Federaci\u00f3n Humanitaria Internacional(FFHI)<\/a><span lang=\"es-419\">\u00a0es un reflejo de esta resiliencia, del esfuerzo conjunto entre servidores humanitarios, colaboradores, misioneros, voluntarios, socios, simpatizantes, donantes, refugiados y migrantes, para construir caminos de solidaridad y amor.<\/span><\/p>\n\n<div class=\"wp-block-image\"><figure class=\"aligncenter size-full\"><img fetchpriority=\"high\" decoding=\"async\" width=\"791\" height=\"536\" src=\"https:\/\/www.missoeshumanitarias.org\/wp-content\/uploads\/2022\/01\/capa-materia-calendario.jpg\" alt=\"Calend&#xE1;rio 2022\" class=\"wp-image-141127\" srcset=\"https:\/\/www.missoeshumanitarias.org\/wp-content\/uploads\/2022\/01\/capa-materia-calendario.jpg 791w, https:\/\/www.missoeshumanitarias.org\/wp-content\/uploads\/2022\/01\/capa-materia-calendario-300x203.jpg 300w, https:\/\/www.missoeshumanitarias.org\/wp-content\/uploads\/2022\/01\/capa-materia-calendario-768x520.jpg 768w\" sizes=\"(max-width: 791px) 100vw, 791px\" \/><\/figure><\/div>\n\n<p>Que el 2022 sea un a\u00f1o de consolidaci\u00f3n de proyectos de cambio y que, en la sucesi\u00f3n de los d\u00edas y el paso de las p\u00e1ginas de este calendario, puedas encontrar inspiraci\u00f3n en los decires y acciones de personas que se reinventan a pesar de todo.<\/p>\n\n<p>\u00a1Un buen a\u00f1o para todos! En la fe, con coraje y en la certeza de que la construcci\u00f3n de un mundo m\u00e1s justo y fraterno es posible cuando sumamos nuestros esfuerzos, porque \u00a1Juntos Somos M\u00e1s Fuertes!<\/p>\n\n<div class=\"wp-block-buttons is-layout-flex wp-block-buttons-is-layout-flex\">\n<div class=\"wp-block-button is-style-fill\"><a class=\"wp-block-button__link\" href=\"https:\/\/www.fraterinternacional.org\/wp-content\/uploads\/2022\/01\/calendario-2022-ffhi-PT-jan-fev-mar_red.pdf\" style=\"border-radius:31px\" target=\"_blank\" rel=\"noreferrer noopener\">Descarga el calendario de enero a marzo de 2022<\/a><\/div>\n<\/div>\n","protected":false},"excerpt":{"rendered":"<p>A diferencia del 2020, un a\u00f1o que requiri\u00f3 esperanza y confianza en d\u00edas mejores, el 2021 fue un a\u00f1o que requiri\u00f3 resiliencia. Con origen en lat\u00edn, resilire, que significa \u201cvolver atr\u00e1s\u201d, la resiliencia es la capacidad de los seres humanos para enfrentar los problemas, sobrevivir en situaciones adversas y no ceder a la presi\u00f3n. Eso [&hellip;]<\/p>\n","protected":false},"author":1,"featured_media":141130,"comment_status":"closed","ping_status":"closed","sticky":false,"template":"","format":"standard","meta":{"footnotes":""},"categories":[43],"tags":[],"class_list":["post-141841","post","type-post","status-publish","format-standard","has-post-thumbnail","hentry","category-noticias-es"],"featured_image_src":"https:\/\/www.missoeshumanitarias.org\/wp-content\/uploads\/2022\/01\/capa-materia-calendario.jpg","author_info":{"display_name":"maducato_admin","author_link":"https:\/\/www.missoeshumanitarias.org\/es\/author\/maducato_admin\/"},"yoast_head":"<!-- This site is optimized with the Yoast SEO Premium plugin v22.5 (Yoast SEO v22.5) - https:\/\/yoast.com\/wordpress\/plugins\/seo\/ -->\n<title>Calendario de la Fraternidad 2022 - Humanitario (FFHI) - Fraternidade Miss\u00f5es Humanit\u00e1rias Internacionais<\/title>\n<meta name=\"robots\" content=\"index, follow, max-snippet:-1, max-image-preview:large, max-video-preview:-1\" \/>\n<link rel=\"canonical\" href=\"https:\/\/www.missoeshumanitarias.org\/es\/calendario-de-la-fraternidad-2022-humanitario-ffhi\/\" \/>\n<meta property=\"og:locale\" content=\"es_ES\" \/>\n<meta property=\"og:type\" content=\"article\" \/>\n<meta property=\"og:title\" content=\"Calendario de la Fraternidad 2022 - Humanitario (FFHI)\" \/>\n<meta property=\"og:description\" content=\"A diferencia del 2020, un a\u00f1o que requiri\u00f3 esperanza y confianza en d\u00edas mejores, el 2021 fue un a\u00f1o que requiri\u00f3 resiliencia. Con origen en lat\u00edn, resilire, que significa \u201cvolver atr\u00e1s\u201d, la resiliencia es la capacidad de los seres humanos para enfrentar los problemas, sobrevivir en situaciones adversas y no ceder a la presi\u00f3n. Eso [&hellip;]\" \/>\n<meta property=\"og:url\" content=\"https:\/\/www.missoeshumanitarias.org\/es\/calendario-de-la-fraternidad-2022-humanitario-ffhi\/\" \/>\n<meta property=\"og:site_name\" content=\"Fraternidade Miss\u00f5es Humanit\u00e1rias Internacionais\" \/>\n<meta property=\"article:published_time\" content=\"2022-01-12T17:10:41+00:00\" \/>\n<meta property=\"article:modified_time\" content=\"2022-03-18T10:25:38+00:00\" \/>\n<meta property=\"og:image\" content=\"https:\/\/www.missoeshumanitarias.org\/wp-content\/uploads\/2022\/01\/capa-materia-calendario.jpg\" \/>\n\t<meta property=\"og:image:width\" content=\"791\" \/>\n\t<meta property=\"og:image:height\" content=\"536\" \/>\n\t<meta property=\"og:image:type\" content=\"image\/jpeg\" \/>\n<meta name=\"author\" content=\"maducato_admin\" \/>\n<meta name=\"twitter:card\" content=\"summary_large_image\" \/>\n<meta name=\"twitter:label1\" content=\"Escrito por\" \/>\n\t<meta name=\"twitter:data1\" content=\"maducato_admin\" \/>\n\t<meta name=\"twitter:label2\" content=\"Tiempo de lectura\" \/>\n\t<meta name=\"twitter:data2\" content=\"1 minuto\" \/>\n<script type=\"application\/ld+json\" class=\"yoast-schema-graph\">{\"@context\":\"https:\/\/schema.org\",\"@graph\":[{\"@type\":\"Article\",\"@id\":\"https:\/\/www.missoeshumanitarias.org\/es\/calendario-de-la-fraternidad-2022-humanitario-ffhi\/#article\",\"isPartOf\":{\"@id\":\"https:\/\/www.missoeshumanitarias.org\/es\/calendario-de-la-fraternidad-2022-humanitario-ffhi\/\"},\"author\":{\"name\":\"maducato_admin\",\"@id\":\"https:\/\/www.missoeshumanitarias.org\/es\/#\/schema\/person\/e0f8527323154d1eba9f9d9eb6b401f7\"},\"headline\":\"Calendario de la Fraternidad 2022 &#8211; Humanitario (FFHI)\",\"datePublished\":\"2022-01-12T17:10:41+00:00\",\"dateModified\":\"2022-03-18T10:25:38+00:00\",\"mainEntityOfPage\":{\"@id\":\"https:\/\/www.missoeshumanitarias.org\/es\/calendario-de-la-fraternidad-2022-humanitario-ffhi\/\"},\"wordCount\":271,\"publisher\":{\"@id\":\"https:\/\/www.missoeshumanitarias.org\/es\/#organization\"},\"image\":{\"@id\":\"https:\/\/www.missoeshumanitarias.org\/es\/calendario-de-la-fraternidad-2022-humanitario-ffhi\/#primaryimage\"},\"thumbnailUrl\":\"https:\/\/www.missoeshumanitarias.org\/wp-content\/uploads\/2022\/01\/capa-materia-calendario.jpg\",\"articleSection\":[\"Noticias\"],\"inLanguage\":\"es\"},{\"@type\":\"WebPage\",\"@id\":\"https:\/\/www.missoeshumanitarias.org\/es\/calendario-de-la-fraternidad-2022-humanitario-ffhi\/\",\"url\":\"https:\/\/www.missoeshumanitarias.org\/es\/calendario-de-la-fraternidad-2022-humanitario-ffhi\/\",\"name\":\"Calendario de la Fraternidad 2022 - Humanitario (FFHI) - Fraternidade Miss\u00f5es Humanit\u00e1rias Internacionais\",\"isPartOf\":{\"@id\":\"https:\/\/www.missoeshumanitarias.org\/es\/#website\"},\"primaryImageOfPage\":{\"@id\":\"https:\/\/www.missoeshumanitarias.org\/es\/calendario-de-la-fraternidad-2022-humanitario-ffhi\/#primaryimage\"},\"image\":{\"@id\":\"https:\/\/www.missoeshumanitarias.org\/es\/calendario-de-la-fraternidad-2022-humanitario-ffhi\/#primaryimage\"},\"thumbnailUrl\":\"https:\/\/www.missoeshumanitarias.org\/wp-content\/uploads\/2022\/01\/capa-materia-calendario.jpg\",\"datePublished\":\"2022-01-12T17:10:41+00:00\",\"dateModified\":\"2022-03-18T10:25:38+00:00\",\"breadcrumb\":{\"@id\":\"https:\/\/www.missoeshumanitarias.org\/es\/calendario-de-la-fraternidad-2022-humanitario-ffhi\/#breadcrumb\"},\"inLanguage\":\"es\",\"potentialAction\":[{\"@type\":\"ReadAction\",\"target\":[\"https:\/\/www.missoeshumanitarias.org\/es\/calendario-de-la-fraternidad-2022-humanitario-ffhi\/\"]}]},{\"@type\":\"ImageObject\",\"inLanguage\":\"es\",\"@id\":\"https:\/\/www.missoeshumanitarias.org\/es\/calendario-de-la-fraternidad-2022-humanitario-ffhi\/#primaryimage\",\"url\":\"https:\/\/www.missoeshumanitarias.org\/wp-content\/uploads\/2022\/01\/capa-materia-calendario.jpg\",\"contentUrl\":\"https:\/\/www.missoeshumanitarias.org\/wp-content\/uploads\/2022\/01\/capa-materia-calendario.jpg\",\"width\":791,\"height\":536,\"caption\":\"Calend\u00e1rio\"},{\"@type\":\"BreadcrumbList\",\"@id\":\"https:\/\/www.missoeshumanitarias.org\/es\/calendario-de-la-fraternidad-2022-humanitario-ffhi\/#breadcrumb\",\"itemListElement\":[{\"@type\":\"ListItem\",\"position\":1,\"name\":\"Home\",\"item\":\"https:\/\/www.missoeshumanitarias.org\/en\/\"},{\"@type\":\"ListItem\",\"position\":2,\"name\":\"Calendario de la Fraternidad 2022 &#8211; Humanitario (FFHI)\"}]},{\"@type\":\"WebSite\",\"@id\":\"https:\/\/www.missoeshumanitarias.org\/es\/#website\",\"url\":\"https:\/\/www.missoeshumanitarias.org\/es\/\",\"name\":\"Fraternidade Miss\u00f5es Humanit\u00e1rias Internacionais\",\"description\":\"Respostas Humanit\u00e1rias e Emerg\u00eancias\",\"publisher\":{\"@id\":\"https:\/\/www.missoeshumanitarias.org\/es\/#organization\"},\"potentialAction\":[{\"@type\":\"SearchAction\",\"target\":{\"@type\":\"EntryPoint\",\"urlTemplate\":\"https:\/\/www.missoeshumanitarias.org\/es\/?s={search_term_string}\"},\"query-input\":\"required name=search_term_string\"}],\"inLanguage\":\"es\"},{\"@type\":\"Organization\",\"@id\":\"https:\/\/www.missoeshumanitarias.org\/es\/#organization\",\"name\":\"Fraternidade - Miss\u00f5es Humanit\u00e1rias Internacionais\",\"url\":\"https:\/\/www.missoeshumanitarias.org\/es\/\",\"logo\":{\"@type\":\"ImageObject\",\"inLanguage\":\"es\",\"@id\":\"https:\/\/www.missoeshumanitarias.org\/es\/#\/schema\/logo\/image\/\",\"url\":\"https:\/\/www.missoeshumanitarias.org\/wp-content\/uploads\/2020\/05\/logo-FMHI-mg.png\",\"contentUrl\":\"https:\/\/www.missoeshumanitarias.org\/wp-content\/uploads\/2020\/05\/logo-FMHI-mg.png\",\"width\":520,\"height\":134,\"caption\":\"Fraternidade - Miss\u00f5es Humanit\u00e1rias Internacionais\"},\"image\":{\"@id\":\"https:\/\/www.missoeshumanitarias.org\/es\/#\/schema\/logo\/image\/\"}},{\"@type\":\"Person\",\"@id\":\"https:\/\/www.missoeshumanitarias.org\/es\/#\/schema\/person\/e0f8527323154d1eba9f9d9eb6b401f7\",\"name\":\"maducato_admin\",\"image\":{\"@type\":\"ImageObject\",\"inLanguage\":\"es\",\"@id\":\"https:\/\/www.missoeshumanitarias.org\/es\/#\/schema\/person\/image\/\",\"url\":\"https:\/\/secure.gravatar.com\/avatar\/6c3b45186a8f5a459d8e14c7fca370bceae92402bc06171d75e4e559b6c24393?s=96&d=mm&r=g\",\"contentUrl\":\"https:\/\/secure.gravatar.com\/avatar\/6c3b45186a8f5a459d8e14c7fca370bceae92402bc06171d75e4e559b6c24393?s=96&d=mm&r=g\",\"caption\":\"maducato_admin\"}}]}<\/script>\n<!-- \/ Yoast SEO Premium plugin. -->","yoast_head_json":{"title":"Calendario de la Fraternidad 2022 - Humanitario (FFHI) - Fraternidade Miss\u00f5es Humanit\u00e1rias Internacionais","robots":{"index":"index","follow":"follow","max-snippet":"max-snippet:-1","max-image-preview":"max-image-preview:large","max-video-preview":"max-video-preview:-1"},"canonical":"https:\/\/www.missoeshumanitarias.org\/es\/calendario-de-la-fraternidad-2022-humanitario-ffhi\/","og_locale":"es_ES","og_type":"article","og_title":"Calendario de la Fraternidad 2022 - Humanitario (FFHI)","og_description":"A diferencia del 2020, un a\u00f1o que requiri\u00f3 esperanza y confianza en d\u00edas mejores, el 2021 fue un a\u00f1o que requiri\u00f3 resiliencia. Con origen en lat\u00edn, resilire, que significa \u201cvolver atr\u00e1s\u201d, la resiliencia es la capacidad de los seres humanos para enfrentar los problemas, sobrevivir en situaciones adversas y no ceder a la presi\u00f3n. Eso [&hellip;]","og_url":"https:\/\/www.missoeshumanitarias.org\/es\/calendario-de-la-fraternidad-2022-humanitario-ffhi\/","og_site_name":"Fraternidade Miss\u00f5es Humanit\u00e1rias Internacionais","article_published_time":"2022-01-12T17:10:41+00:00","article_modified_time":"2022-03-18T10:25:38+00:00","og_image":[{"width":791,"height":536,"url":"https:\/\/www.missoeshumanitarias.org\/wp-content\/uploads\/2022\/01\/capa-materia-calendario.jpg","type":"image\/jpeg"}],"author":"maducato_admin","twitter_card":"summary_large_image","twitter_misc":{"Escrito por":"maducato_admin","Tiempo de lectura":"1 minuto"},"schema":{"@context":"https:\/\/schema.org","@graph":[{"@type":"Article","@id":"https:\/\/www.missoeshumanitarias.org\/es\/calendario-de-la-fraternidad-2022-humanitario-ffhi\/#article","isPartOf":{"@id":"https:\/\/www.missoeshumanitarias.org\/es\/calendario-de-la-fraternidad-2022-humanitario-ffhi\/"},"author":{"name":"maducato_admin","@id":"https:\/\/www.missoeshumanitarias.org\/es\/#\/schema\/person\/e0f8527323154d1eba9f9d9eb6b401f7"},"headline":"Calendario de la Fraternidad 2022 &#8211; Humanitario (FFHI)","datePublished":"2022-01-12T17:10:41+00:00","dateModified":"2022-03-18T10:25:38+00:00","mainEntityOfPage":{"@id":"https:\/\/www.missoeshumanitarias.org\/es\/calendario-de-la-fraternidad-2022-humanitario-ffhi\/"},"wordCount":271,"publisher":{"@id":"https:\/\/www.missoeshumanitarias.org\/es\/#organization"},"image":{"@id":"https:\/\/www.missoeshumanitarias.org\/es\/calendario-de-la-fraternidad-2022-humanitario-ffhi\/#primaryimage"},"thumbnailUrl":"https:\/\/www.missoeshumanitarias.org\/wp-content\/uploads\/2022\/01\/capa-materia-calendario.jpg","articleSection":["Noticias"],"inLanguage":"es"},{"@type":"WebPage","@id":"https:\/\/www.missoeshumanitarias.org\/es\/calendario-de-la-fraternidad-2022-humanitario-ffhi\/","url":"https:\/\/www.missoeshumanitarias.org\/es\/calendario-de-la-fraternidad-2022-humanitario-ffhi\/","name":"Calendario de la Fraternidad 2022 - Humanitario (FFHI) - Fraternidade Miss\u00f5es Humanit\u00e1rias Internacionais","isPartOf":{"@id":"https:\/\/www.missoeshumanitarias.org\/es\/#website"},"primaryImageOfPage":{"@id":"https:\/\/www.missoeshumanitarias.org\/es\/calendario-de-la-fraternidad-2022-humanitario-ffhi\/#primaryimage"},"image":{"@id":"https:\/\/www.missoeshumanitarias.org\/es\/calendario-de-la-fraternidad-2022-humanitario-ffhi\/#primaryimage"},"thumbnailUrl":"https:\/\/www.missoeshumanitarias.org\/wp-content\/uploads\/2022\/01\/capa-materia-calendario.jpg","datePublished":"2022-01-12T17:10:41+00:00","dateModified":"2022-03-18T10:25:38+00:00","breadcrumb":{"@id":"https:\/\/www.missoeshumanitarias.org\/es\/calendario-de-la-fraternidad-2022-humanitario-ffhi\/#breadcrumb"},"inLanguage":"es","potentialAction":[{"@type":"ReadAction","target":["https:\/\/www.missoeshumanitarias.org\/es\/calendario-de-la-fraternidad-2022-humanitario-ffhi\/"]}]},{"@type":"ImageObject","inLanguage":"es","@id":"https:\/\/www.missoeshumanitarias.org\/es\/calendario-de-la-fraternidad-2022-humanitario-ffhi\/#primaryimage","url":"https:\/\/www.missoeshumanitarias.org\/wp-content\/uploads\/2022\/01\/capa-materia-calendario.jpg","contentUrl":"https:\/\/www.missoeshumanitarias.org\/wp-content\/uploads\/2022\/01\/capa-materia-calendario.jpg","width":791,"height":536,"caption":"Calend\u00e1rio"},{"@type":"BreadcrumbList","@id":"https:\/\/www.missoeshumanitarias.org\/es\/calendario-de-la-fraternidad-2022-humanitario-ffhi\/#breadcrumb","itemListElement":[{"@type":"ListItem","position":1,"name":"Home","item":"https:\/\/www.missoeshumanitarias.org\/en\/"},{"@type":"ListItem","position":2,"name":"Calendario de la Fraternidad 2022 &#8211; Humanitario (FFHI)"}]},{"@type":"WebSite","@id":"https:\/\/www.missoeshumanitarias.org\/es\/#website","url":"https:\/\/www.missoeshumanitarias.org\/es\/","name":"Fraternidade Miss\u00f5es Humanit\u00e1rias Internacionais","description":"Respostas Humanit\u00e1rias e Emerg\u00eancias","publisher":{"@id":"https:\/\/www.missoeshumanitarias.org\/es\/#organization"},"potentialAction":[{"@type":"SearchAction","target":{"@type":"EntryPoint","urlTemplate":"https:\/\/www.missoeshumanitarias.org\/es\/?s={search_term_string}"},"query-input":"required name=search_term_string"}],"inLanguage":"es"},{"@type":"Organization","@id":"https:\/\/www.missoeshumanitarias.org\/es\/#organization","name":"Fraternidade - Miss\u00f5es Humanit\u00e1rias Internacionais","url":"https:\/\/www.missoeshumanitarias.org\/es\/","logo":{"@type":"ImageObject","inLanguage":"es","@id":"https:\/\/www.missoeshumanitarias.org\/es\/#\/schema\/logo\/image\/","url":"https:\/\/www.missoeshumanitarias.org\/wp-content\/uploads\/2020\/05\/logo-FMHI-mg.png","contentUrl":"https:\/\/www.missoeshumanitarias.org\/wp-content\/uploads\/2020\/05\/logo-FMHI-mg.png","width":520,"height":134,"caption":"Fraternidade - Miss\u00f5es Humanit\u00e1rias Internacionais"},"image":{"@id":"https:\/\/www.missoeshumanitarias.org\/es\/#\/schema\/logo\/image\/"}},{"@type":"Person","@id":"https:\/\/www.missoeshumanitarias.org\/es\/#\/schema\/person\/e0f8527323154d1eba9f9d9eb6b401f7","name":"maducato_admin","image":{"@type":"ImageObject","inLanguage":"es","@id":"https:\/\/www.missoeshumanitarias.org\/es\/#\/schema\/person\/image\/","url":"https:\/\/secure.gravatar.com\/avatar\/6c3b45186a8f5a459d8e14c7fca370bceae92402bc06171d75e4e559b6c24393?s=96&d=mm&r=g","contentUrl":"https:\/\/secure.gravatar.com\/avatar\/6c3b45186a8f5a459d8e14c7fca370bceae92402bc06171d75e4e559b6c24393?s=96&d=mm&r=g","caption":"maducato_admin"}}]}},"_links":{"self":[{"href":"https:\/\/www.missoeshumanitarias.org\/es\/wp-json\/wp\/v2\/posts\/141841","targetHints":{"allow":["GET"]}}],"collection":[{"href":"https:\/\/www.missoeshumanitarias.org\/es\/wp-json\/wp\/v2\/posts"}],"about":[{"href":"https:\/\/www.missoeshumanitarias.org\/es\/wp-json\/wp\/v2\/types\/post"}],"author":[{"embeddable":true,"href":"https:\/\/www.missoeshumanitarias.org\/es\/wp-json\/wp\/v2\/users\/1"}],"replies":[{"embeddable":true,"href":"https:\/\/www.missoeshumanitarias.org\/es\/wp-json\/wp\/v2\/comments?post=141841"}],"version-history":[{"count":0,"href":"https:\/\/www.missoeshumanitarias.org\/es\/wp-json\/wp\/v2\/posts\/141841\/revisions"}],"wp:featuredmedia":[{"embeddable":true,"href":"https:\/\/www.missoeshumanitarias.org\/es\/wp-json\/wp\/v2\/media\/141130"}],"wp:attachment":[{"href":"https:\/\/www.missoeshumanitarias.org\/es\/wp-json\/wp\/v2\/media?parent=141841"}],"wp:term":[{"taxonomy":"category","embeddable":true,"href":"https:\/\/www.missoeshumanitarias.org\/es\/wp-json\/wp\/v2\/categories?post=141841"},{"taxonomy":"post_tag","embeddable":true,"href":"https:\/\/www.missoeshumanitarias.org\/es\/wp-json\/wp\/v2\/tags?post=141841"}],"curies":[{"name":"wp","href":"https:\/\/api.w.org\/{rel}","templated":true}]}}