{"id":142084,"date":"2022-03-22T18:03:16","date_gmt":"2022-03-22T21:03:16","guid":{"rendered":"https:\/\/www.missoeshumanitarias.org\/plan-de-capacitacion-de-educacion-en-situaciones-de-emergencia\/"},"modified":"2022-03-24T19:54:59","modified_gmt":"2022-03-24T22:54:59","slug":"plan-de-capacitacion-de-educacion-en-situaciones-de-emergencia","status":"publish","type":"post","link":"https:\/\/www.missoeshumanitarias.org\/es\/plan-de-capacitacion-de-educacion-en-situaciones-de-emergencia\/","title":{"rendered":"Plan de Capacitaci\u00f2n de Educaci\u00f3n en Situaciones de Emergencia"},"content":{"rendered":"\n<p id=\"h-o-setor-de-educacao-em-situacoes-de-respostas-humanitarias-e-emergencias-da-fraternidade-missoes-humanitarias-internacionais-fmhi-concluiu-no-dia-08-de-marco-o-5-modulo-do-plano-de-capacitacao-de-educacao-em-emergencia-os-encontros-acontecem-de-forma-on-line-atraves-da-plataforma-zoom-todas-as-tercas-feiras-e-conta-com-a-participacao-de-cerca-de-30-pessoas\">El 8 de marzo, el<a href=\"https:\/\/www.missoeshumanitarias.org\/es\/?s=setor+de+educa%C3%A7%C3%A3o\" target=\"_blank\" rel=\"noopener\">\u00a0Sector de Educaci\u00f3n en Situaciones deRespuesta Humanitaria y Emergencias\u00a0<\/a>de la<a href=\"https:\/\/www.missoeshumanitarias.org\/es\/\" target=\"_blank\" rel=\"noopener\">\u00a0Fraternidad &#8211; Misiones HumanitariasInternacionales (FMHI)<\/a>\u00a0concluy\u00f3 el quinto m\u00f3dulo del Plan de Capacitaci\u00f3n en Emergencias. Los encuentros se celebran en l\u00ednea, a trav\u00e9s de la plataforma Zoom, todos los martes y a ellas asisten cerca de 30 personas.<\/p>\n\n<figure class=\"wp-block-gallery has-nested-images columns-default is-cropped wp-block-gallery-1 is-layout-flex wp-block-gallery-is-layout-flex\">\n<figure class=\"wp-block-image size-large\"><img fetchpriority=\"high\" decoding=\"async\" width=\"1280\" height=\"719\" data-id=\"142045\" src=\"https:\/\/www.missoeshumanitarias.org\/wp-content\/uploads\/2022\/03\/Educacao-em-Emergencia_FFHI_FMHI.jpg\" alt=\"\" class=\"wp-image-142045\" srcset=\"https:\/\/www.missoeshumanitarias.org\/wp-content\/uploads\/2022\/03\/Educacao-em-Emergencia_FFHI_FMHI.jpg 1280w, https:\/\/www.missoeshumanitarias.org\/wp-content\/uploads\/2022\/03\/Educacao-em-Emergencia_FFHI_FMHI-300x169.jpg 300w, https:\/\/www.missoeshumanitarias.org\/wp-content\/uploads\/2022\/03\/Educacao-em-Emergencia_FFHI_FMHI-1024x575.jpg 1024w, https:\/\/www.missoeshumanitarias.org\/wp-content\/uploads\/2022\/03\/Educacao-em-Emergencia_FFHI_FMHI-768x431.jpg 768w\" sizes=\"(max-width: 1280px) 100vw, 1280px\" \/><\/figure>\n\n\n\n<figure class=\"wp-block-image size-large\"><img decoding=\"async\" width=\"1280\" height=\"719\" data-id=\"142053\" src=\"https:\/\/www.missoeshumanitarias.org\/wp-content\/uploads\/2022\/03\/Educacao-em-Emergencia_FFHI_FMHI_2.jpg\" alt=\"\" class=\"wp-image-142053\" srcset=\"https:\/\/www.missoeshumanitarias.org\/wp-content\/uploads\/2022\/03\/Educacao-em-Emergencia_FFHI_FMHI_2.jpg 1280w, https:\/\/www.missoeshumanitarias.org\/wp-content\/uploads\/2022\/03\/Educacao-em-Emergencia_FFHI_FMHI_2-300x169.jpg 300w, https:\/\/www.missoeshumanitarias.org\/wp-content\/uploads\/2022\/03\/Educacao-em-Emergencia_FFHI_FMHI_2-1024x575.jpg 1024w, https:\/\/www.missoeshumanitarias.org\/wp-content\/uploads\/2022\/03\/Educacao-em-Emergencia_FFHI_FMHI_2-768x431.jpg 768w\" sizes=\"(max-width: 1280px) 100vw, 1280px\" \/><\/figure>\n<\/figure>\n\n<p>Seg\u00fan la hna Mar\u00eda de Lourdes, Punto Focal de Referencia del\u00a0<a href=\"https:\/\/www.missoeshumanitarias.org\/es\/?s=setor+de+educa%C3%A7%C3%A3o\" target=\"_blank\" rel=\"noopener\">Sector de Educaci\u00f3n en Situaciones deRespuesta Humanitaria y Emergencias\u00a0<\/a>, el objetivo del Plan de Capacitaci\u00f3n es fortalecer y perfeccionar los conocimientos te\u00f3ricos y pr\u00e1cticos de los servidores humanitarios voluntarios que trabajan en este sector, prepar\u00e1ndolos para desempe\u00f1arse en diferentes misiones y contextos de crisis y emergencias.<\/p>\n\n<p>\u00abEl Plan se basa en tres l\u00edneas de acci\u00f3n interconectadas y, a partir de tem\u00e1ticas transversales que trabajan la Educaci\u00f3n Orientada a la Superaci\u00f3n del Trauma, provocado por momentos de crisis y cat\u00e1strofes, Educaci\u00f3n Basada en la Comunidad, teniendo como principio la participaci\u00f3n activa de las comunidades afectadas y la Educaci\u00f3n para la Cultura de Paz, centrada en el fortalecimiento y preparaci\u00f3n de adolescentes y j\u00f3venes para la reconstrucci\u00f3n de sus planes de vida\u00bb, explica la monja.<\/p>\n\n<p>Actualmente, el\u00a0<a href=\"https:\/\/www.missoeshumanitarias.org\/es\/?s=setor+de+educa%C3%A7%C3%A3o\" target=\"_blank\" rel=\"noopener\">Sector de Educaci\u00f3n en Situaciones deRespuesta Humanitaria y Emergencias\u00a0<\/a>de la\u00a0<a href=\"https:\/\/www.missoeshumanitarias.org\/es\/\" target=\"_blank\" rel=\"noopener\">Fraternidad &#8211; Misiones HumanitariasInternacionales (FMHI)<\/a>\u00a0est\u00e1 compuesto por 29 servidores activos, y cada miembro tiene alguna formaci\u00f3n, especializaci\u00f3n o experiencia en una de las l\u00edneas de acci\u00f3n del Programa.<\/p>\n\n<p>\u00abEstamos teniendo la oportunidad de compartir entre nosotros la inmensa riqueza de conocimientos que poseemos como componentes de este Sector, desarrollando nuestras capacidades y ampliando nuestras posibilidades de servicio\u00bb, subraya hna Mar\u00eda de Lourdes.<\/p>\n\n<h3 class=\"wp-block-heading\" id=\"h-servidora-voluntaria-relata-sua-formacao-avancada-em-pedagogia-de-emergencia\"><b>Servidora Voluntaria Relata sobre su Formaci\u00f3n Avanzada en Pedagog\u00eda de Emergencia<\/b><\/h3>\n\n<p>Desde 1987, la\u00a0<a href=\"https:\/\/www.fraterinternacional.org\/es\/\" target=\"_blank\" rel=\"noopener\">Fraternidad &#8211; Federaci\u00f3n HumanitariaInternacional (FFHI)<\/a>\u00a0presta servicios humanitarios de forma altruista en contextos de emergencia en Brasil y en todo el mundo.<\/p>\n\n<p>En tiempos de creciente demanda de respuestas humanitarias, ya sea en relaci\u00f3n a cat\u00e1strofes naturales o conflictos, con gran n\u00famero de refugiados, la cualificaci\u00f3n de los voluntarios es de vital importancia para mantener la calidad del servicio prestado.<\/p>\n\n<p>Muchas personas de diversas \u00e1reas del conocimiento se ofrecen para servicio voluntario. La artista Carolina Echeverry Jim\u00e9nez, de Cali, Colombia, es una de ellas. Trabaja en el Grupo de Intervenci\u00f3n Educativa en Respuestas Humanitarias y Situaciones de Emergencia en la\u00a0<a href=\"https:\/\/www.missoeshumanitarias.org\/es\/?s=setor+de+educa%C3%A7%C3%A3o\" target=\"_blank\" rel=\"noopener\">Fraternidad -Misiones Humanitarias (FMHI)<\/a>\u00a0y se est\u00e1 capacitando en Formaci\u00f3n Avanzada en Pedagog\u00eda de Emergencia.<\/p>\n\n<p>Carolina considera que la formaci\u00f3n es esencial para su trabajo: \u00abHa sido una gran oportunidad, ya que es una formaci\u00f3n muy completa, que se basa en la Pedagog\u00eda Waldorf y que aporta importantes herramientas pedag\u00f3gicas para trabajar la prevenci\u00f3n del trauma y las situaciones traum\u00e1ticas en su fase inicial\u00bb.<\/p>\n\n<p>Enumera los beneficios de la formaci\u00f3n: \u00abProporciona al servidor humanitario una visi\u00f3n global del trabajo con ni\u00f1os y j\u00f3venes que viven situaciones dif\u00edciles y de emergencia. Ayuda a identificar y reconocer los s\u00edntomas del trauma para aliviarlo a trav\u00e9s de elementos pedag\u00f3gicos y art\u00edsticos, como las rondas, la m\u00fasica r\u00edtmica, los juegos cooperativos, el dibujo y la pintura, entre otros\u00bb.<\/p>\n\n<figure class=\"wp-block-gallery has-nested-images columns-default is-cropped wp-block-gallery-2 is-layout-flex wp-block-gallery-is-layout-flex\">\n<figure class=\"wp-block-image size-large\"><img decoding=\"async\" width=\"1280\" height=\"960\" data-id=\"142041\" src=\"https:\/\/www.missoeshumanitarias.org\/wp-content\/uploads\/2022\/03\/Educacao-em-Emergencia_FFHI_FMHI_3.jpg\" alt=\"\" class=\"wp-image-142041\" srcset=\"https:\/\/www.missoeshumanitarias.org\/wp-content\/uploads\/2022\/03\/Educacao-em-Emergencia_FFHI_FMHI_3.jpg 1280w, https:\/\/www.missoeshumanitarias.org\/wp-content\/uploads\/2022\/03\/Educacao-em-Emergencia_FFHI_FMHI_3-300x225.jpg 300w, https:\/\/www.missoeshumanitarias.org\/wp-content\/uploads\/2022\/03\/Educacao-em-Emergencia_FFHI_FMHI_3-1024x768.jpg 1024w, https:\/\/www.missoeshumanitarias.org\/wp-content\/uploads\/2022\/03\/Educacao-em-Emergencia_FFHI_FMHI_3-768x576.jpg 768w\" sizes=\"(max-width: 1280px) 100vw, 1280px\" \/><\/figure>\n\n\n\n<figure class=\"wp-block-image size-large\"><img loading=\"lazy\" decoding=\"async\" width=\"1280\" height=\"960\" data-id=\"142049\" src=\"https:\/\/www.missoeshumanitarias.org\/wp-content\/uploads\/2022\/03\/Educacao-em-Emergencia_FFHI_FMHI_1.jpg\" alt=\"\" class=\"wp-image-142049\" srcset=\"https:\/\/www.missoeshumanitarias.org\/wp-content\/uploads\/2022\/03\/Educacao-em-Emergencia_FFHI_FMHI_1.jpg 1280w, https:\/\/www.missoeshumanitarias.org\/wp-content\/uploads\/2022\/03\/Educacao-em-Emergencia_FFHI_FMHI_1-300x225.jpg 300w, https:\/\/www.missoeshumanitarias.org\/wp-content\/uploads\/2022\/03\/Educacao-em-Emergencia_FFHI_FMHI_1-1024x768.jpg 1024w, https:\/\/www.missoeshumanitarias.org\/wp-content\/uploads\/2022\/03\/Educacao-em-Emergencia_FFHI_FMHI_1-768x576.jpg 768w\" sizes=\"(max-width: 1280px) 100vw, 1280px\" \/><\/figure>\n<\/figure>\n\n<p>Para ella, el curso une su formaci\u00f3n en pedagog\u00eda Waldorf, creada por el fil\u00f3sofo Rudolf Steiner, y su labor de servicio humanitario. \u00abRecordar, reforzar y conocer la profunda labor terap\u00e9utica que tiene el arte en todas sus expresiones y c\u00f3mo se convierte en una gran herramienta para liberarse del dolor y llevar esperanza a las personas que viven situaciones extremas\u00bb, concluye.<\/p>\n","protected":false},"excerpt":{"rendered":"<p>El 8 de marzo, el\u00a0Sector de Educaci\u00f3n en Situaciones deRespuesta Humanitaria y Emergencias\u00a0de la\u00a0Fraternidad &#8211; Misiones HumanitariasInternacionales (FMHI)\u00a0concluy\u00f3 el quinto m\u00f3dulo del Plan de Capacitaci\u00f3n en Emergencias. Los encuentros se celebran en l\u00ednea, a trav\u00e9s de la plataforma Zoom, todos los martes y a ellas asisten cerca de 30 personas. Seg\u00fan la hna Mar\u00eda de [&hellip;]<\/p>\n","protected":false},"author":1,"featured_media":142056,"comment_status":"closed","ping_status":"closed","sticky":false,"template":"","format":"standard","meta":{"footnotes":""},"categories":[43],"tags":[],"class_list":["post-142084","post","type-post","status-publish","format-standard","has-post-thumbnail","hentry","category-noticias-es"],"featured_image_src":"https:\/\/www.missoeshumanitarias.org\/wp-content\/uploads\/2022\/03\/Educacao-em-Emergencia_FFHI_FMHI_2.jpg","author_info":{"display_name":"maducato_admin","author_link":"https:\/\/www.missoeshumanitarias.org\/es\/author\/maducato_admin\/"},"yoast_head":"<!-- This site is optimized with the Yoast SEO Premium plugin v22.5 (Yoast SEO v22.5) - https:\/\/yoast.com\/wordpress\/plugins\/seo\/ -->\n<title>Plan de Capacitaci\u00f2n de Educaci\u00f3n en Situaciones de Emergencia - Fraternidade Miss\u00f5es Humanit\u00e1rias Internacionais<\/title>\n<meta name=\"description\" content=\"El Plan se basa en tres l\u00edneas de acci\u00f3n interconectadas y, a partir de tem\u00e1ticas transversales que trabajan la Educaci\u00f3n Orientada a la Superaci\u00f3n del Trauma\" \/>\n<meta name=\"robots\" content=\"index, follow, max-snippet:-1, max-image-preview:large, max-video-preview:-1\" \/>\n<link rel=\"canonical\" href=\"https:\/\/www.missoeshumanitarias.org\/es\/plan-de-capacitacion-de-educacion-en-situaciones-de-emergencia\/\" \/>\n<meta property=\"og:locale\" content=\"es_ES\" \/>\n<meta property=\"og:type\" content=\"article\" \/>\n<meta property=\"og:title\" content=\"Plan de Capacitaci\u00f2n de Educaci\u00f3n en Situaciones de Emergencia\" \/>\n<meta property=\"og:description\" content=\"El Plan se basa en tres l\u00edneas de acci\u00f3n interconectadas y, a partir de tem\u00e1ticas transversales que trabajan la Educaci\u00f3n Orientada a la Superaci\u00f3n del Trauma\" \/>\n<meta property=\"og:url\" content=\"https:\/\/www.missoeshumanitarias.org\/es\/plan-de-capacitacion-de-educacion-en-situaciones-de-emergencia\/\" \/>\n<meta property=\"og:site_name\" content=\"Fraternidade Miss\u00f5es Humanit\u00e1rias Internacionais\" \/>\n<meta property=\"article:published_time\" content=\"2022-03-22T21:03:16+00:00\" \/>\n<meta property=\"article:modified_time\" content=\"2022-03-24T22:54:59+00:00\" \/>\n<meta property=\"og:image\" content=\"https:\/\/www.missoeshumanitarias.org\/wp-content\/uploads\/2022\/03\/Educacao-em-Emergencia_FFHI_FMHI_2.jpg\" \/>\n\t<meta property=\"og:image:width\" content=\"1280\" \/>\n\t<meta property=\"og:image:height\" content=\"719\" \/>\n\t<meta property=\"og:image:type\" content=\"image\/jpeg\" \/>\n<meta name=\"author\" content=\"maducato_admin\" \/>\n<meta name=\"twitter:card\" content=\"summary_large_image\" \/>\n<meta name=\"twitter:label1\" content=\"Escrito por\" \/>\n\t<meta name=\"twitter:data1\" content=\"maducato_admin\" \/>\n\t<meta name=\"twitter:label2\" content=\"Tiempo de lectura\" \/>\n\t<meta name=\"twitter:data2\" content=\"3 minutos\" \/>\n<script type=\"application\/ld+json\" class=\"yoast-schema-graph\">{\"@context\":\"https:\/\/schema.org\",\"@graph\":[{\"@type\":\"Article\",\"@id\":\"https:\/\/www.missoeshumanitarias.org\/es\/plan-de-capacitacion-de-educacion-en-situaciones-de-emergencia\/#article\",\"isPartOf\":{\"@id\":\"https:\/\/www.missoeshumanitarias.org\/es\/plan-de-capacitacion-de-educacion-en-situaciones-de-emergencia\/\"},\"author\":{\"name\":\"maducato_admin\",\"@id\":\"https:\/\/www.missoeshumanitarias.org\/es\/#\/schema\/person\/e0f8527323154d1eba9f9d9eb6b401f7\"},\"headline\":\"Plan de Capacitaci\u00f2n de Educaci\u00f3n en Situaciones de Emergencia\",\"datePublished\":\"2022-03-22T21:03:16+00:00\",\"dateModified\":\"2022-03-24T22:54:59+00:00\",\"mainEntityOfPage\":{\"@id\":\"https:\/\/www.missoeshumanitarias.org\/es\/plan-de-capacitacion-de-educacion-en-situaciones-de-emergencia\/\"},\"wordCount\":634,\"publisher\":{\"@id\":\"https:\/\/www.missoeshumanitarias.org\/es\/#organization\"},\"image\":{\"@id\":\"https:\/\/www.missoeshumanitarias.org\/es\/plan-de-capacitacion-de-educacion-en-situaciones-de-emergencia\/#primaryimage\"},\"thumbnailUrl\":\"https:\/\/www.missoeshumanitarias.org\/wp-content\/uploads\/2022\/03\/Educacao-em-Emergencia_FFHI_FMHI_2.jpg\",\"articleSection\":[\"Noticias\"],\"inLanguage\":\"es\"},{\"@type\":\"WebPage\",\"@id\":\"https:\/\/www.missoeshumanitarias.org\/es\/plan-de-capacitacion-de-educacion-en-situaciones-de-emergencia\/\",\"url\":\"https:\/\/www.missoeshumanitarias.org\/es\/plan-de-capacitacion-de-educacion-en-situaciones-de-emergencia\/\",\"name\":\"Plan de Capacitaci\u00f2n de Educaci\u00f3n en Situaciones de Emergencia - Fraternidade Miss\u00f5es Humanit\u00e1rias Internacionais\",\"isPartOf\":{\"@id\":\"https:\/\/www.missoeshumanitarias.org\/es\/#website\"},\"primaryImageOfPage\":{\"@id\":\"https:\/\/www.missoeshumanitarias.org\/es\/plan-de-capacitacion-de-educacion-en-situaciones-de-emergencia\/#primaryimage\"},\"image\":{\"@id\":\"https:\/\/www.missoeshumanitarias.org\/es\/plan-de-capacitacion-de-educacion-en-situaciones-de-emergencia\/#primaryimage\"},\"thumbnailUrl\":\"https:\/\/www.missoeshumanitarias.org\/wp-content\/uploads\/2022\/03\/Educacao-em-Emergencia_FFHI_FMHI_2.jpg\",\"datePublished\":\"2022-03-22T21:03:16+00:00\",\"dateModified\":\"2022-03-24T22:54:59+00:00\",\"description\":\"El Plan se basa en tres l\u00edneas de acci\u00f3n interconectadas y, a partir de tem\u00e1ticas transversales que trabajan la Educaci\u00f3n Orientada a la Superaci\u00f3n del Trauma\",\"breadcrumb\":{\"@id\":\"https:\/\/www.missoeshumanitarias.org\/es\/plan-de-capacitacion-de-educacion-en-situaciones-de-emergencia\/#breadcrumb\"},\"inLanguage\":\"es\",\"potentialAction\":[{\"@type\":\"ReadAction\",\"target\":[\"https:\/\/www.missoeshumanitarias.org\/es\/plan-de-capacitacion-de-educacion-en-situaciones-de-emergencia\/\"]}]},{\"@type\":\"ImageObject\",\"inLanguage\":\"es\",\"@id\":\"https:\/\/www.missoeshumanitarias.org\/es\/plan-de-capacitacion-de-educacion-en-situaciones-de-emergencia\/#primaryimage\",\"url\":\"https:\/\/www.missoeshumanitarias.org\/wp-content\/uploads\/2022\/03\/Educacao-em-Emergencia_FFHI_FMHI_2.jpg\",\"contentUrl\":\"https:\/\/www.missoeshumanitarias.org\/wp-content\/uploads\/2022\/03\/Educacao-em-Emergencia_FFHI_FMHI_2.jpg\",\"width\":1280,\"height\":719,\"caption\":\"Educa\u00e7\u00e3o em Emerg\u00eancia\"},{\"@type\":\"BreadcrumbList\",\"@id\":\"https:\/\/www.missoeshumanitarias.org\/es\/plan-de-capacitacion-de-educacion-en-situaciones-de-emergencia\/#breadcrumb\",\"itemListElement\":[{\"@type\":\"ListItem\",\"position\":1,\"name\":\"Home\",\"item\":\"https:\/\/www.missoeshumanitarias.org\/en\/\"},{\"@type\":\"ListItem\",\"position\":2,\"name\":\"Plan de Capacitaci\u00f2n de Educaci\u00f3n en Situaciones de Emergencia\"}]},{\"@type\":\"WebSite\",\"@id\":\"https:\/\/www.missoeshumanitarias.org\/es\/#website\",\"url\":\"https:\/\/www.missoeshumanitarias.org\/es\/\",\"name\":\"Fraternidade Miss\u00f5es Humanit\u00e1rias Internacionais\",\"description\":\"Respostas Humanit\u00e1rias e Emerg\u00eancias\",\"publisher\":{\"@id\":\"https:\/\/www.missoeshumanitarias.org\/es\/#organization\"},\"potentialAction\":[{\"@type\":\"SearchAction\",\"target\":{\"@type\":\"EntryPoint\",\"urlTemplate\":\"https:\/\/www.missoeshumanitarias.org\/es\/?s={search_term_string}\"},\"query-input\":\"required name=search_term_string\"}],\"inLanguage\":\"es\"},{\"@type\":\"Organization\",\"@id\":\"https:\/\/www.missoeshumanitarias.org\/es\/#organization\",\"name\":\"Fraternidade - Miss\u00f5es Humanit\u00e1rias Internacionais\",\"url\":\"https:\/\/www.missoeshumanitarias.org\/es\/\",\"logo\":{\"@type\":\"ImageObject\",\"inLanguage\":\"es\",\"@id\":\"https:\/\/www.missoeshumanitarias.org\/es\/#\/schema\/logo\/image\/\",\"url\":\"https:\/\/www.missoeshumanitarias.org\/wp-content\/uploads\/2020\/05\/logo-FMHI-mg.png\",\"contentUrl\":\"https:\/\/www.missoeshumanitarias.org\/wp-content\/uploads\/2020\/05\/logo-FMHI-mg.png\",\"width\":520,\"height\":134,\"caption\":\"Fraternidade - Miss\u00f5es Humanit\u00e1rias Internacionais\"},\"image\":{\"@id\":\"https:\/\/www.missoeshumanitarias.org\/es\/#\/schema\/logo\/image\/\"}},{\"@type\":\"Person\",\"@id\":\"https:\/\/www.missoeshumanitarias.org\/es\/#\/schema\/person\/e0f8527323154d1eba9f9d9eb6b401f7\",\"name\":\"maducato_admin\",\"image\":{\"@type\":\"ImageObject\",\"inLanguage\":\"es\",\"@id\":\"https:\/\/www.missoeshumanitarias.org\/es\/#\/schema\/person\/image\/\",\"url\":\"https:\/\/secure.gravatar.com\/avatar\/6c3b45186a8f5a459d8e14c7fca370bceae92402bc06171d75e4e559b6c24393?s=96&d=mm&r=g\",\"contentUrl\":\"https:\/\/secure.gravatar.com\/avatar\/6c3b45186a8f5a459d8e14c7fca370bceae92402bc06171d75e4e559b6c24393?s=96&d=mm&r=g\",\"caption\":\"maducato_admin\"}}]}<\/script>\n<!-- \/ Yoast SEO Premium plugin. -->","yoast_head_json":{"title":"Plan de Capacitaci\u00f2n de Educaci\u00f3n en Situaciones de Emergencia - Fraternidade Miss\u00f5es Humanit\u00e1rias Internacionais","description":"El Plan se basa en tres l\u00edneas de acci\u00f3n interconectadas y, a partir de tem\u00e1ticas transversales que trabajan la Educaci\u00f3n Orientada a la Superaci\u00f3n del Trauma","robots":{"index":"index","follow":"follow","max-snippet":"max-snippet:-1","max-image-preview":"max-image-preview:large","max-video-preview":"max-video-preview:-1"},"canonical":"https:\/\/www.missoeshumanitarias.org\/es\/plan-de-capacitacion-de-educacion-en-situaciones-de-emergencia\/","og_locale":"es_ES","og_type":"article","og_title":"Plan de Capacitaci\u00f2n de Educaci\u00f3n en Situaciones de Emergencia","og_description":"El Plan se basa en tres l\u00edneas de acci\u00f3n interconectadas y, a partir de tem\u00e1ticas transversales que trabajan la Educaci\u00f3n Orientada a la Superaci\u00f3n del Trauma","og_url":"https:\/\/www.missoeshumanitarias.org\/es\/plan-de-capacitacion-de-educacion-en-situaciones-de-emergencia\/","og_site_name":"Fraternidade Miss\u00f5es Humanit\u00e1rias Internacionais","article_published_time":"2022-03-22T21:03:16+00:00","article_modified_time":"2022-03-24T22:54:59+00:00","og_image":[{"width":1280,"height":719,"url":"https:\/\/www.missoeshumanitarias.org\/wp-content\/uploads\/2022\/03\/Educacao-em-Emergencia_FFHI_FMHI_2.jpg","type":"image\/jpeg"}],"author":"maducato_admin","twitter_card":"summary_large_image","twitter_misc":{"Escrito por":"maducato_admin","Tiempo de lectura":"3 minutos"},"schema":{"@context":"https:\/\/schema.org","@graph":[{"@type":"Article","@id":"https:\/\/www.missoeshumanitarias.org\/es\/plan-de-capacitacion-de-educacion-en-situaciones-de-emergencia\/#article","isPartOf":{"@id":"https:\/\/www.missoeshumanitarias.org\/es\/plan-de-capacitacion-de-educacion-en-situaciones-de-emergencia\/"},"author":{"name":"maducato_admin","@id":"https:\/\/www.missoeshumanitarias.org\/es\/#\/schema\/person\/e0f8527323154d1eba9f9d9eb6b401f7"},"headline":"Plan de Capacitaci\u00f2n de Educaci\u00f3n en Situaciones de Emergencia","datePublished":"2022-03-22T21:03:16+00:00","dateModified":"2022-03-24T22:54:59+00:00","mainEntityOfPage":{"@id":"https:\/\/www.missoeshumanitarias.org\/es\/plan-de-capacitacion-de-educacion-en-situaciones-de-emergencia\/"},"wordCount":634,"publisher":{"@id":"https:\/\/www.missoeshumanitarias.org\/es\/#organization"},"image":{"@id":"https:\/\/www.missoeshumanitarias.org\/es\/plan-de-capacitacion-de-educacion-en-situaciones-de-emergencia\/#primaryimage"},"thumbnailUrl":"https:\/\/www.missoeshumanitarias.org\/wp-content\/uploads\/2022\/03\/Educacao-em-Emergencia_FFHI_FMHI_2.jpg","articleSection":["Noticias"],"inLanguage":"es"},{"@type":"WebPage","@id":"https:\/\/www.missoeshumanitarias.org\/es\/plan-de-capacitacion-de-educacion-en-situaciones-de-emergencia\/","url":"https:\/\/www.missoeshumanitarias.org\/es\/plan-de-capacitacion-de-educacion-en-situaciones-de-emergencia\/","name":"Plan de Capacitaci\u00f2n de Educaci\u00f3n en Situaciones de Emergencia - Fraternidade Miss\u00f5es Humanit\u00e1rias Internacionais","isPartOf":{"@id":"https:\/\/www.missoeshumanitarias.org\/es\/#website"},"primaryImageOfPage":{"@id":"https:\/\/www.missoeshumanitarias.org\/es\/plan-de-capacitacion-de-educacion-en-situaciones-de-emergencia\/#primaryimage"},"image":{"@id":"https:\/\/www.missoeshumanitarias.org\/es\/plan-de-capacitacion-de-educacion-en-situaciones-de-emergencia\/#primaryimage"},"thumbnailUrl":"https:\/\/www.missoeshumanitarias.org\/wp-content\/uploads\/2022\/03\/Educacao-em-Emergencia_FFHI_FMHI_2.jpg","datePublished":"2022-03-22T21:03:16+00:00","dateModified":"2022-03-24T22:54:59+00:00","description":"El Plan se basa en tres l\u00edneas de acci\u00f3n interconectadas y, a partir de tem\u00e1ticas transversales que trabajan la Educaci\u00f3n Orientada a la Superaci\u00f3n del Trauma","breadcrumb":{"@id":"https:\/\/www.missoeshumanitarias.org\/es\/plan-de-capacitacion-de-educacion-en-situaciones-de-emergencia\/#breadcrumb"},"inLanguage":"es","potentialAction":[{"@type":"ReadAction","target":["https:\/\/www.missoeshumanitarias.org\/es\/plan-de-capacitacion-de-educacion-en-situaciones-de-emergencia\/"]}]},{"@type":"ImageObject","inLanguage":"es","@id":"https:\/\/www.missoeshumanitarias.org\/es\/plan-de-capacitacion-de-educacion-en-situaciones-de-emergencia\/#primaryimage","url":"https:\/\/www.missoeshumanitarias.org\/wp-content\/uploads\/2022\/03\/Educacao-em-Emergencia_FFHI_FMHI_2.jpg","contentUrl":"https:\/\/www.missoeshumanitarias.org\/wp-content\/uploads\/2022\/03\/Educacao-em-Emergencia_FFHI_FMHI_2.jpg","width":1280,"height":719,"caption":"Educa\u00e7\u00e3o em Emerg\u00eancia"},{"@type":"BreadcrumbList","@id":"https:\/\/www.missoeshumanitarias.org\/es\/plan-de-capacitacion-de-educacion-en-situaciones-de-emergencia\/#breadcrumb","itemListElement":[{"@type":"ListItem","position":1,"name":"Home","item":"https:\/\/www.missoeshumanitarias.org\/en\/"},{"@type":"ListItem","position":2,"name":"Plan de Capacitaci\u00f2n de Educaci\u00f3n en Situaciones de Emergencia"}]},{"@type":"WebSite","@id":"https:\/\/www.missoeshumanitarias.org\/es\/#website","url":"https:\/\/www.missoeshumanitarias.org\/es\/","name":"Fraternidade Miss\u00f5es Humanit\u00e1rias Internacionais","description":"Respostas Humanit\u00e1rias e Emerg\u00eancias","publisher":{"@id":"https:\/\/www.missoeshumanitarias.org\/es\/#organization"},"potentialAction":[{"@type":"SearchAction","target":{"@type":"EntryPoint","urlTemplate":"https:\/\/www.missoeshumanitarias.org\/es\/?s={search_term_string}"},"query-input":"required name=search_term_string"}],"inLanguage":"es"},{"@type":"Organization","@id":"https:\/\/www.missoeshumanitarias.org\/es\/#organization","name":"Fraternidade - Miss\u00f5es Humanit\u00e1rias Internacionais","url":"https:\/\/www.missoeshumanitarias.org\/es\/","logo":{"@type":"ImageObject","inLanguage":"es","@id":"https:\/\/www.missoeshumanitarias.org\/es\/#\/schema\/logo\/image\/","url":"https:\/\/www.missoeshumanitarias.org\/wp-content\/uploads\/2020\/05\/logo-FMHI-mg.png","contentUrl":"https:\/\/www.missoeshumanitarias.org\/wp-content\/uploads\/2020\/05\/logo-FMHI-mg.png","width":520,"height":134,"caption":"Fraternidade - Miss\u00f5es Humanit\u00e1rias Internacionais"},"image":{"@id":"https:\/\/www.missoeshumanitarias.org\/es\/#\/schema\/logo\/image\/"}},{"@type":"Person","@id":"https:\/\/www.missoeshumanitarias.org\/es\/#\/schema\/person\/e0f8527323154d1eba9f9d9eb6b401f7","name":"maducato_admin","image":{"@type":"ImageObject","inLanguage":"es","@id":"https:\/\/www.missoeshumanitarias.org\/es\/#\/schema\/person\/image\/","url":"https:\/\/secure.gravatar.com\/avatar\/6c3b45186a8f5a459d8e14c7fca370bceae92402bc06171d75e4e559b6c24393?s=96&d=mm&r=g","contentUrl":"https:\/\/secure.gravatar.com\/avatar\/6c3b45186a8f5a459d8e14c7fca370bceae92402bc06171d75e4e559b6c24393?s=96&d=mm&r=g","caption":"maducato_admin"}}]}},"_links":{"self":[{"href":"https:\/\/www.missoeshumanitarias.org\/es\/wp-json\/wp\/v2\/posts\/142084","targetHints":{"allow":["GET"]}}],"collection":[{"href":"https:\/\/www.missoeshumanitarias.org\/es\/wp-json\/wp\/v2\/posts"}],"about":[{"href":"https:\/\/www.missoeshumanitarias.org\/es\/wp-json\/wp\/v2\/types\/post"}],"author":[{"embeddable":true,"href":"https:\/\/www.missoeshumanitarias.org\/es\/wp-json\/wp\/v2\/users\/1"}],"replies":[{"embeddable":true,"href":"https:\/\/www.missoeshumanitarias.org\/es\/wp-json\/wp\/v2\/comments?post=142084"}],"version-history":[{"count":0,"href":"https:\/\/www.missoeshumanitarias.org\/es\/wp-json\/wp\/v2\/posts\/142084\/revisions"}],"wp:featuredmedia":[{"embeddable":true,"href":"https:\/\/www.missoeshumanitarias.org\/es\/wp-json\/wp\/v2\/media\/142056"}],"wp:attachment":[{"href":"https:\/\/www.missoeshumanitarias.org\/es\/wp-json\/wp\/v2\/media?parent=142084"}],"wp:term":[{"taxonomy":"category","embeddable":true,"href":"https:\/\/www.missoeshumanitarias.org\/es\/wp-json\/wp\/v2\/categories?post=142084"},{"taxonomy":"post_tag","embeddable":true,"href":"https:\/\/www.missoeshumanitarias.org\/es\/wp-json\/wp\/v2\/tags?post=142084"}],"curies":[{"name":"wp","href":"https:\/\/api.w.org\/{rel}","templated":true}]}}