{"id":142807,"date":"2022-05-08T08:14:22","date_gmt":"2022-05-08T11:14:22","guid":{"rendered":"https:\/\/www.missoeshumanitarias.org\/madres-emprendedoras-protagonistas-de-su-propia-historia\/"},"modified":"2022-05-09T16:49:46","modified_gmt":"2022-05-09T19:49:46","slug":"madres-emprendedoras-protagonistas-de-su-propia-historia","status":"publish","type":"post","link":"https:\/\/www.missoeshumanitarias.org\/es\/madres-emprendedoras-protagonistas-de-su-propia-historia\/","title":{"rendered":"Madres emprendedoras: protagonistas de su propia historia"},"content":{"rendered":"\n<p>Independientemente de su nacionalidad, las madres son capaces de enfrentarse a cualquier obst\u00e1culo para proteger a sus hijos. Caminan kil\u00f3metros en busca de un lugar seguro que los acoja, se enfrentan a barreras ling\u00fc\u00edsticas, diferencias culturales y deben superar contextos de m\u00faltiples vulnerabilidades sociales, econ\u00f3micas y ps\u00edquicas impuestas por las condiciones de refugio y migraci\u00f3n.<\/p>\n\n<p>Seg\u00fan un informe de la Subcomisi\u00f3n Federal de Recepci\u00f3n, Identificaci\u00f3n y Selecci\u00f3n de Inmigrantes (Migraci\u00f3n Venezolana) publicado en enero de 2022, de las 689.694 entradas de venezolanos en Brasil entre enero de 2017 y enero de 2022, el 47% corresponde al perfil de mujeres y el 53%, de hombres.<\/p>\n\n<p>En busca de mejores condiciones de vida, las mujeres emigran solas o, en su mayor\u00eda, con ni\u00f1os peque\u00f1os (familias monoparentales) y se enfrentan a diversas formas de violencia. Actualmente, el gran reto de la integraci\u00f3n de las mujeres inmigrantes es la garant\u00eda de empleabilidad ante la realidad del perfil de las madres solteras.<\/p>\n\n<p>En el programa de la Estrategia de Relocalizaci\u00f3n, el 54% de las mujeres entrevistadas son reubicadas a trav\u00e9s de la reagrupaci\u00f3n familiar y solo el 30% son desplazadas con un puesto de trabajo garantizado.<\/p>\n\n<h3 class=\"wp-block-heading\" id=\"h-maes-empreendedoras\"><b>Madres emprendedoras<\/b><\/h3>\n\n<p>El\u00a0<a href=\"https:\/\/www.missoeshumanitarias.org\/es\/?s=Centro+Cultural+e+de+Forma%C3%A7%C3%A3o+Ind%C3%ADgena+%28CCFI%29\" target=\"_blank\" rel=\"noopener\">Centro Cultural y de Formaci\u00f3n Ind\u00edgena (CCFI)<\/a>, bajo la coordinaci\u00f3n de la\u00a0<a href=\"https:\/\/www.fraterinternacional.org\/es\/\" target=\"_blank\" rel=\"noopener\">Fraternidad \u2013 Humanitaria Internaccional (FFHI)<\/a>\u00a0y el apoyo de distintos aliados, tiene como objetivo principal promover la independencia socioecon\u00f3mica de la poblaci\u00f3n venezolana en la ciudad de Boa Vista, Roraima, proporcionando un espacio comunitario de expresi\u00f3n cultural, formaci\u00f3n y actividades que generan ingresos y promoviendo el asociacionismo, el cooperativismo y los emprendimientos individuales.<\/p>\n\n<p>Entre las decenas de personas que han recibido estos cursos de formaci\u00f3n hay muchas madres que, so\u00f1ando con la posibilidad de rehacer sus vidas en Brasil y ofrecer a sus hijos la esperanza de un futuro mejor, se forman en diversos oficios como costura, inform\u00e1tica, peluquer\u00eda, portugu\u00e9s, artesan\u00eda, mosaicos, pintura sobre tela, ganchillo, artefactos de cemento, buenas pr\u00e1cticas  alimentarias, confecci\u00f3n de calzado, manicura y pedicura, dibujo, pintura mural y muchos otros.<\/p>\n\n<p>Una de estas madres es Em\u00edlia, artesana ind\u00edgena de la etnia\u00a0<a href=\"https:\/\/www.missoeshumanitarias.org\/?s=Warao&amp;lang=pt-br\" target=\"_blank\" rel=\"noopener\">Warao<\/a>, que forma parte del Comit\u00e9 de Artesan\u00eda y ha recibido perfeccionamiento en las t\u00e9cnicas transmitidas por el equipo del\u00a0<a href=\"https:\/\/www.missoeshumanitarias.org\/?s=Museu+A+Casa&amp;lang=pt-br\" target=\"_blank\" rel=\"noopener\">Museo \u00abLa Casa<\/a>\u00bb que permite al grupo emprender y tener mayor repercusi\u00f3n en el mercado nacional e internacional de artesan\u00eda. De este modo, a\u00f1aden valor a su arte ancestral y garantizan el sustento de sus hijos.<\/p>\n\n<div class=\"wp-block-image\"><figure class=\"aligncenter size-large\"><img fetchpriority=\"high\" decoding=\"async\" width=\"1024\" height=\"652\" src=\"https:\/\/www.missoeshumanitarias.org\/wp-content\/uploads\/2022\/05\/emilia-artesa-FMHI-1024x652.png\" alt=\"\" class=\"wp-image-142790\" srcset=\"https:\/\/www.missoeshumanitarias.org\/wp-content\/uploads\/2022\/05\/emilia-artesa-FMHI-1024x652.png 1024w, https:\/\/www.missoeshumanitarias.org\/wp-content\/uploads\/2022\/05\/emilia-artesa-FMHI-300x191.png 300w, https:\/\/www.missoeshumanitarias.org\/wp-content\/uploads\/2022\/05\/emilia-artesa-FMHI-768x489.png 768w, https:\/\/www.missoeshumanitarias.org\/wp-content\/uploads\/2022\/05\/emilia-artesa-FMHI.png 1218w\" sizes=\"(max-width: 1024px) 100vw, 1024px\" \/><figcaption>Em\u00edlia, artes\u00e3 ind\u00edgena da etnia\u00a0Warao<\/figcaption><\/figure><\/div>\n\n<p>La artesan\u00eda de los\u00a0\u00a0<a href=\"https:\/\/www.missoeshumanitarias.org\/?s=Warao&amp;lang=pt-br\" target=\"_blank\" rel=\"noopener\">Warao<\/a>, que se ha ense\u00f1ado a lo largo de generaciones, es una expresi\u00f3n de la identidad cultural de este pueblo y ha resistido al tiempo, al cambio e incluso la migraci\u00f3n forzada.<\/p>\n\n<p>Herminia Nunes, de 56 a\u00f1os, tambi\u00e9n destaca la importancia que tiene la artesan\u00eda para la supervivencia de las familias, siendo a menudo su \u00fanica fuente de ingresos. \u00abLa mayor\u00eda de nosotras no sabe leer ni escribir, y conseguir trabajo es muy dif\u00edcil. La artesan\u00eda es lo que nos garantiza la crianza de nuestros hijos\u00bb.<\/p>\n\n<div class=\"wp-block-image\"><figure class=\"aligncenter size-full\"><img decoding=\"async\" width=\"1000\" height=\"668\" src=\"https:\/\/www.missoeshumanitarias.org\/wp-content\/uploads\/2022\/05\/2_Artesas-Indigenas-Refugiadas-FFHI.jpg\" alt=\"Foto tirada antes do per&#xED;odo da pandemia\" class=\"wp-image-142767\" srcset=\"https:\/\/www.missoeshumanitarias.org\/wp-content\/uploads\/2022\/05\/2_Artesas-Indigenas-Refugiadas-FFHI.jpg 1000w, https:\/\/www.missoeshumanitarias.org\/wp-content\/uploads\/2022\/05\/2_Artesas-Indigenas-Refugiadas-FFHI-300x200.jpg 300w, https:\/\/www.missoeshumanitarias.org\/wp-content\/uploads\/2022\/05\/2_Artesas-Indigenas-Refugiadas-FFHI-768x513.jpg 768w\" sizes=\"(max-width: 1000px) 100vw, 1000px\" \/><figcaption>Foto tirada antes do per\u00edodo da pandemia<\/figcaption><\/figure><\/div>\n\n<h3 class=\"wp-block-heading\"><b>Construyendo un mundo m\u00e1s humano y acogedor, como el amor de una madre<\/b><\/h3>\n\n<p>Los retos a los que se enfrentan y superan las madres refugiadas y migrantes son innumerables. Al mismo tiempo que reconstruyen sus vidas y la de sus familias, tambi\u00e9n contribuyen a la construcci\u00f3n de una sociedad m\u00e1s diversa y plural, porque traen consigo y comparten con la comunidad de acogida elementos culturales, saberes y vivencias que permiten la construcci\u00f3n de un mundo m\u00e1s justo y humano, en el que prevalece la energ\u00eda del amor materno y el cuidado del otro.<\/p>\n\n<p>En el D\u00eda de la Madre, la\u00a0<a href=\"https:\/\/www.fraterinternacional.org\/es\/\" target=\"_blank\" rel=\"noopener\">Fraternidad &#8211; Humanitaria (FFHI)<\/a>\u00a0rinde homenaje a todas las madres, en especial a las madres migrantes y refugiadas de todo el mundo.<\/p>\n\n<p>\u00a1Feliz d\u00eda de la madre!<\/p>\n\n<figure class=\"wp-block-gallery has-nested-images columns-default is-cropped wp-block-gallery-1 is-layout-flex wp-block-gallery-is-layout-flex\">\n<figure class=\"wp-block-image\"><img decoding=\"async\" width=\"1000\" height=\"667\" data-id=\"142759\" src=\"https:\/\/www.missoeshumanitarias.org\/wp-content\/uploads\/2022\/05\/6_indigena_CCFI_FFHI.jpg\" alt=\"\" class=\"wp-image-142759\" srcset=\"https:\/\/www.missoeshumanitarias.org\/wp-content\/uploads\/2022\/05\/6_indigena_CCFI_FFHI.jpg 1000w, https:\/\/www.missoeshumanitarias.org\/wp-content\/uploads\/2022\/05\/6_indigena_CCFI_FFHI-300x200.jpg 300w, https:\/\/www.missoeshumanitarias.org\/wp-content\/uploads\/2022\/05\/6_indigena_CCFI_FFHI-768x512.jpg 768w\" sizes=\"(max-width: 1000px) 100vw, 1000px\" \/><\/figure>\n\n\n\n<figure class=\"wp-block-image\"><img loading=\"lazy\" decoding=\"async\" width=\"1000\" height=\"667\" data-id=\"142755\" src=\"https:\/\/www.missoeshumanitarias.org\/wp-content\/uploads\/2022\/05\/5_indigena_CCFI_FFHI.jpg\" alt=\"\" class=\"wp-image-142755\" srcset=\"https:\/\/www.missoeshumanitarias.org\/wp-content\/uploads\/2022\/05\/5_indigena_CCFI_FFHI.jpg 1000w, https:\/\/www.missoeshumanitarias.org\/wp-content\/uploads\/2022\/05\/5_indigena_CCFI_FFHI-300x200.jpg 300w, https:\/\/www.missoeshumanitarias.org\/wp-content\/uploads\/2022\/05\/5_indigena_CCFI_FFHI-768x512.jpg 768w\" sizes=\"(max-width: 1000px) 100vw, 1000px\" \/><\/figure>\n\n\n\n<figure class=\"wp-block-image\"><img loading=\"lazy\" decoding=\"async\" width=\"1000\" height=\"667\" data-id=\"142775\" src=\"https:\/\/www.missoeshumanitarias.org\/wp-content\/uploads\/2022\/05\/4_indigena_CCFI_FFHI.jpg\" alt=\"\" class=\"wp-image-142775\" srcset=\"https:\/\/www.missoeshumanitarias.org\/wp-content\/uploads\/2022\/05\/4_indigena_CCFI_FFHI.jpg 1000w, https:\/\/www.missoeshumanitarias.org\/wp-content\/uploads\/2022\/05\/4_indigena_CCFI_FFHI-300x200.jpg 300w, https:\/\/www.missoeshumanitarias.org\/wp-content\/uploads\/2022\/05\/4_indigena_CCFI_FFHI-768x512.jpg 768w\" sizes=\"(max-width: 1000px) 100vw, 1000px\" \/><\/figure>\n\n\n\n<figure class=\"wp-block-image\"><img loading=\"lazy\" decoding=\"async\" width=\"435\" height=\"667\" data-id=\"142763\" src=\"https:\/\/www.missoeshumanitarias.org\/wp-content\/uploads\/2022\/05\/7_indigena_CCFI_FFHI-e1652008326573.jpg\" alt=\"\" class=\"wp-image-142763\" srcset=\"https:\/\/www.missoeshumanitarias.org\/wp-content\/uploads\/2022\/05\/7_indigena_CCFI_FFHI-e1652008326573.jpg 435w, https:\/\/www.missoeshumanitarias.org\/wp-content\/uploads\/2022\/05\/7_indigena_CCFI_FFHI-e1652008326573-196x300.jpg 196w\" sizes=\"(max-width: 435px) 100vw, 435px\" \/><\/figure>\n\n\n\n<figure class=\"wp-block-image\"><img loading=\"lazy\" decoding=\"async\" width=\"1000\" height=\"667\" data-id=\"142771\" src=\"https:\/\/www.missoeshumanitarias.org\/wp-content\/uploads\/2022\/05\/3_indigena_CCFI_FFHI.jpg\" alt=\"\" class=\"wp-image-142771\" srcset=\"https:\/\/www.missoeshumanitarias.org\/wp-content\/uploads\/2022\/05\/3_indigena_CCFI_FFHI.jpg 1000w, https:\/\/www.missoeshumanitarias.org\/wp-content\/uploads\/2022\/05\/3_indigena_CCFI_FFHI-300x200.jpg 300w, https:\/\/www.missoeshumanitarias.org\/wp-content\/uploads\/2022\/05\/3_indigena_CCFI_FFHI-768x512.jpg 768w\" sizes=\"(max-width: 1000px) 100vw, 1000px\" \/><\/figure>\n<\/figure>\n","protected":false},"excerpt":{"rendered":"<p>Independientemente de su nacionalidad, las madres son capaces de enfrentarse a cualquier obst\u00e1culo para proteger a sus hijos. Caminan kil\u00f3metros en busca de un lugar seguro que los acoja, se enfrentan a barreras ling\u00fc\u00edsticas, diferencias culturales y deben superar contextos de m\u00faltiples vulnerabilidades sociales, econ\u00f3micas y ps\u00edquicas impuestas por las condiciones de refugio y migraci\u00f3n. [&hellip;]<\/p>\n","protected":false},"author":1,"featured_media":142774,"comment_status":"closed","ping_status":"closed","sticky":false,"template":"","format":"standard","meta":{"footnotes":""},"categories":[43,131],"tags":[],"class_list":["post-142807","post","type-post","status-publish","format-standard","has-post-thumbnail","hentry","category-noticias-es","category-noticias-de-las-misiones"],"featured_image_src":"https:\/\/www.missoeshumanitarias.org\/wp-content\/uploads\/2022\/05\/3_indigena_CCFI_FFHI.jpg","author_info":{"display_name":"maducato_admin","author_link":"https:\/\/www.missoeshumanitarias.org\/es\/author\/maducato_admin\/"},"yoast_head":"<!-- This site is optimized with the Yoast SEO Premium plugin v22.5 (Yoast SEO v22.5) - https:\/\/yoast.com\/wordpress\/plugins\/seo\/ -->\n<title>Madres emprendedoras: protagonistas de su propia historia - Fraternidade Miss\u00f5es Humanit\u00e1rias Internacionais<\/title>\n<meta name=\"robots\" content=\"index, follow, max-snippet:-1, max-image-preview:large, max-video-preview:-1\" \/>\n<link rel=\"canonical\" href=\"https:\/\/www.missoeshumanitarias.org\/es\/madres-emprendedoras-protagonistas-de-su-propia-historia\/\" \/>\n<meta property=\"og:locale\" content=\"es_ES\" \/>\n<meta property=\"og:type\" content=\"article\" \/>\n<meta property=\"og:title\" content=\"Madres emprendedoras: protagonistas de su propia historia\" \/>\n<meta property=\"og:description\" content=\"Independientemente de su nacionalidad, las madres son capaces de enfrentarse a cualquier obst\u00e1culo para proteger a sus hijos. Caminan kil\u00f3metros en busca de un lugar seguro que los acoja, se enfrentan a barreras ling\u00fc\u00edsticas, diferencias culturales y deben superar contextos de m\u00faltiples vulnerabilidades sociales, econ\u00f3micas y ps\u00edquicas impuestas por las condiciones de refugio y migraci\u00f3n. [&hellip;]\" \/>\n<meta property=\"og:url\" content=\"https:\/\/www.missoeshumanitarias.org\/es\/madres-emprendedoras-protagonistas-de-su-propia-historia\/\" \/>\n<meta property=\"og:site_name\" content=\"Fraternidade Miss\u00f5es Humanit\u00e1rias Internacionais\" \/>\n<meta property=\"article:published_time\" content=\"2022-05-08T11:14:22+00:00\" \/>\n<meta property=\"article:modified_time\" content=\"2022-05-09T19:49:46+00:00\" \/>\n<meta property=\"og:image\" content=\"https:\/\/www.missoeshumanitarias.org\/wp-content\/uploads\/2022\/05\/3_indigena_CCFI_FFHI.jpg\" \/>\n\t<meta property=\"og:image:width\" content=\"1000\" \/>\n\t<meta property=\"og:image:height\" content=\"667\" \/>\n\t<meta property=\"og:image:type\" content=\"image\/jpeg\" \/>\n<meta name=\"author\" content=\"maducato_admin\" \/>\n<meta name=\"twitter:card\" content=\"summary_large_image\" \/>\n<meta name=\"twitter:label1\" content=\"Escrito por\" \/>\n\t<meta name=\"twitter:data1\" content=\"maducato_admin\" \/>\n\t<meta name=\"twitter:label2\" content=\"Tiempo de lectura\" \/>\n\t<meta name=\"twitter:data2\" content=\"3 minutos\" \/>\n<script type=\"application\/ld+json\" class=\"yoast-schema-graph\">{\"@context\":\"https:\/\/schema.org\",\"@graph\":[{\"@type\":\"Article\",\"@id\":\"https:\/\/www.missoeshumanitarias.org\/es\/madres-emprendedoras-protagonistas-de-su-propia-historia\/#article\",\"isPartOf\":{\"@id\":\"https:\/\/www.missoeshumanitarias.org\/es\/madres-emprendedoras-protagonistas-de-su-propia-historia\/\"},\"author\":{\"name\":\"maducato_admin\",\"@id\":\"https:\/\/www.missoeshumanitarias.org\/es\/#\/schema\/person\/e0f8527323154d1eba9f9d9eb6b401f7\"},\"headline\":\"Madres emprendedoras: protagonistas de su propia historia\",\"datePublished\":\"2022-05-08T11:14:22+00:00\",\"dateModified\":\"2022-05-09T19:49:46+00:00\",\"mainEntityOfPage\":{\"@id\":\"https:\/\/www.missoeshumanitarias.org\/es\/madres-emprendedoras-protagonistas-de-su-propia-historia\/\"},\"wordCount\":689,\"publisher\":{\"@id\":\"https:\/\/www.missoeshumanitarias.org\/es\/#organization\"},\"image\":{\"@id\":\"https:\/\/www.missoeshumanitarias.org\/es\/madres-emprendedoras-protagonistas-de-su-propia-historia\/#primaryimage\"},\"thumbnailUrl\":\"https:\/\/www.missoeshumanitarias.org\/wp-content\/uploads\/2022\/05\/3_indigena_CCFI_FFHI.jpg\",\"articleSection\":[\"Noticias\",\"Noticias de las Misiones\"],\"inLanguage\":\"es\"},{\"@type\":\"WebPage\",\"@id\":\"https:\/\/www.missoeshumanitarias.org\/es\/madres-emprendedoras-protagonistas-de-su-propia-historia\/\",\"url\":\"https:\/\/www.missoeshumanitarias.org\/es\/madres-emprendedoras-protagonistas-de-su-propia-historia\/\",\"name\":\"Madres emprendedoras: protagonistas de su propia historia - Fraternidade Miss\u00f5es Humanit\u00e1rias Internacionais\",\"isPartOf\":{\"@id\":\"https:\/\/www.missoeshumanitarias.org\/es\/#website\"},\"primaryImageOfPage\":{\"@id\":\"https:\/\/www.missoeshumanitarias.org\/es\/madres-emprendedoras-protagonistas-de-su-propia-historia\/#primaryimage\"},\"image\":{\"@id\":\"https:\/\/www.missoeshumanitarias.org\/es\/madres-emprendedoras-protagonistas-de-su-propia-historia\/#primaryimage\"},\"thumbnailUrl\":\"https:\/\/www.missoeshumanitarias.org\/wp-content\/uploads\/2022\/05\/3_indigena_CCFI_FFHI.jpg\",\"datePublished\":\"2022-05-08T11:14:22+00:00\",\"dateModified\":\"2022-05-09T19:49:46+00:00\",\"breadcrumb\":{\"@id\":\"https:\/\/www.missoeshumanitarias.org\/es\/madres-emprendedoras-protagonistas-de-su-propia-historia\/#breadcrumb\"},\"inLanguage\":\"es\",\"potentialAction\":[{\"@type\":\"ReadAction\",\"target\":[\"https:\/\/www.missoeshumanitarias.org\/es\/madres-emprendedoras-protagonistas-de-su-propia-historia\/\"]}]},{\"@type\":\"ImageObject\",\"inLanguage\":\"es\",\"@id\":\"https:\/\/www.missoeshumanitarias.org\/es\/madres-emprendedoras-protagonistas-de-su-propia-historia\/#primaryimage\",\"url\":\"https:\/\/www.missoeshumanitarias.org\/wp-content\/uploads\/2022\/05\/3_indigena_CCFI_FFHI.jpg\",\"contentUrl\":\"https:\/\/www.missoeshumanitarias.org\/wp-content\/uploads\/2022\/05\/3_indigena_CCFI_FFHI.jpg\",\"width\":1000,\"height\":667,\"caption\":\"Legenda da Atividade\"},{\"@type\":\"BreadcrumbList\",\"@id\":\"https:\/\/www.missoeshumanitarias.org\/es\/madres-emprendedoras-protagonistas-de-su-propia-historia\/#breadcrumb\",\"itemListElement\":[{\"@type\":\"ListItem\",\"position\":1,\"name\":\"Home\",\"item\":\"https:\/\/www.missoeshumanitarias.org\/en\/\"},{\"@type\":\"ListItem\",\"position\":2,\"name\":\"Madres emprendedoras: protagonistas de su propia historia\"}]},{\"@type\":\"WebSite\",\"@id\":\"https:\/\/www.missoeshumanitarias.org\/es\/#website\",\"url\":\"https:\/\/www.missoeshumanitarias.org\/es\/\",\"name\":\"Fraternidade Miss\u00f5es Humanit\u00e1rias Internacionais\",\"description\":\"Respostas Humanit\u00e1rias e Emerg\u00eancias\",\"publisher\":{\"@id\":\"https:\/\/www.missoeshumanitarias.org\/es\/#organization\"},\"potentialAction\":[{\"@type\":\"SearchAction\",\"target\":{\"@type\":\"EntryPoint\",\"urlTemplate\":\"https:\/\/www.missoeshumanitarias.org\/es\/?s={search_term_string}\"},\"query-input\":\"required name=search_term_string\"}],\"inLanguage\":\"es\"},{\"@type\":\"Organization\",\"@id\":\"https:\/\/www.missoeshumanitarias.org\/es\/#organization\",\"name\":\"Fraternidade - Miss\u00f5es Humanit\u00e1rias Internacionais\",\"url\":\"https:\/\/www.missoeshumanitarias.org\/es\/\",\"logo\":{\"@type\":\"ImageObject\",\"inLanguage\":\"es\",\"@id\":\"https:\/\/www.missoeshumanitarias.org\/es\/#\/schema\/logo\/image\/\",\"url\":\"https:\/\/www.missoeshumanitarias.org\/wp-content\/uploads\/2020\/05\/logo-FMHI-mg.png\",\"contentUrl\":\"https:\/\/www.missoeshumanitarias.org\/wp-content\/uploads\/2020\/05\/logo-FMHI-mg.png\",\"width\":520,\"height\":134,\"caption\":\"Fraternidade - Miss\u00f5es Humanit\u00e1rias Internacionais\"},\"image\":{\"@id\":\"https:\/\/www.missoeshumanitarias.org\/es\/#\/schema\/logo\/image\/\"}},{\"@type\":\"Person\",\"@id\":\"https:\/\/www.missoeshumanitarias.org\/es\/#\/schema\/person\/e0f8527323154d1eba9f9d9eb6b401f7\",\"name\":\"maducato_admin\",\"image\":{\"@type\":\"ImageObject\",\"inLanguage\":\"es\",\"@id\":\"https:\/\/www.missoeshumanitarias.org\/es\/#\/schema\/person\/image\/\",\"url\":\"https:\/\/secure.gravatar.com\/avatar\/6c3b45186a8f5a459d8e14c7fca370bceae92402bc06171d75e4e559b6c24393?s=96&d=mm&r=g\",\"contentUrl\":\"https:\/\/secure.gravatar.com\/avatar\/6c3b45186a8f5a459d8e14c7fca370bceae92402bc06171d75e4e559b6c24393?s=96&d=mm&r=g\",\"caption\":\"maducato_admin\"}}]}<\/script>\n<!-- \/ Yoast SEO Premium plugin. -->","yoast_head_json":{"title":"Madres emprendedoras: protagonistas de su propia historia - Fraternidade Miss\u00f5es Humanit\u00e1rias Internacionais","robots":{"index":"index","follow":"follow","max-snippet":"max-snippet:-1","max-image-preview":"max-image-preview:large","max-video-preview":"max-video-preview:-1"},"canonical":"https:\/\/www.missoeshumanitarias.org\/es\/madres-emprendedoras-protagonistas-de-su-propia-historia\/","og_locale":"es_ES","og_type":"article","og_title":"Madres emprendedoras: protagonistas de su propia historia","og_description":"Independientemente de su nacionalidad, las madres son capaces de enfrentarse a cualquier obst\u00e1culo para proteger a sus hijos. Caminan kil\u00f3metros en busca de un lugar seguro que los acoja, se enfrentan a barreras ling\u00fc\u00edsticas, diferencias culturales y deben superar contextos de m\u00faltiples vulnerabilidades sociales, econ\u00f3micas y ps\u00edquicas impuestas por las condiciones de refugio y migraci\u00f3n. [&hellip;]","og_url":"https:\/\/www.missoeshumanitarias.org\/es\/madres-emprendedoras-protagonistas-de-su-propia-historia\/","og_site_name":"Fraternidade Miss\u00f5es Humanit\u00e1rias Internacionais","article_published_time":"2022-05-08T11:14:22+00:00","article_modified_time":"2022-05-09T19:49:46+00:00","og_image":[{"width":1000,"height":667,"url":"https:\/\/www.missoeshumanitarias.org\/wp-content\/uploads\/2022\/05\/3_indigena_CCFI_FFHI.jpg","type":"image\/jpeg"}],"author":"maducato_admin","twitter_card":"summary_large_image","twitter_misc":{"Escrito por":"maducato_admin","Tiempo de lectura":"3 minutos"},"schema":{"@context":"https:\/\/schema.org","@graph":[{"@type":"Article","@id":"https:\/\/www.missoeshumanitarias.org\/es\/madres-emprendedoras-protagonistas-de-su-propia-historia\/#article","isPartOf":{"@id":"https:\/\/www.missoeshumanitarias.org\/es\/madres-emprendedoras-protagonistas-de-su-propia-historia\/"},"author":{"name":"maducato_admin","@id":"https:\/\/www.missoeshumanitarias.org\/es\/#\/schema\/person\/e0f8527323154d1eba9f9d9eb6b401f7"},"headline":"Madres emprendedoras: protagonistas de su propia historia","datePublished":"2022-05-08T11:14:22+00:00","dateModified":"2022-05-09T19:49:46+00:00","mainEntityOfPage":{"@id":"https:\/\/www.missoeshumanitarias.org\/es\/madres-emprendedoras-protagonistas-de-su-propia-historia\/"},"wordCount":689,"publisher":{"@id":"https:\/\/www.missoeshumanitarias.org\/es\/#organization"},"image":{"@id":"https:\/\/www.missoeshumanitarias.org\/es\/madres-emprendedoras-protagonistas-de-su-propia-historia\/#primaryimage"},"thumbnailUrl":"https:\/\/www.missoeshumanitarias.org\/wp-content\/uploads\/2022\/05\/3_indigena_CCFI_FFHI.jpg","articleSection":["Noticias","Noticias de las Misiones"],"inLanguage":"es"},{"@type":"WebPage","@id":"https:\/\/www.missoeshumanitarias.org\/es\/madres-emprendedoras-protagonistas-de-su-propia-historia\/","url":"https:\/\/www.missoeshumanitarias.org\/es\/madres-emprendedoras-protagonistas-de-su-propia-historia\/","name":"Madres emprendedoras: protagonistas de su propia historia - Fraternidade Miss\u00f5es Humanit\u00e1rias Internacionais","isPartOf":{"@id":"https:\/\/www.missoeshumanitarias.org\/es\/#website"},"primaryImageOfPage":{"@id":"https:\/\/www.missoeshumanitarias.org\/es\/madres-emprendedoras-protagonistas-de-su-propia-historia\/#primaryimage"},"image":{"@id":"https:\/\/www.missoeshumanitarias.org\/es\/madres-emprendedoras-protagonistas-de-su-propia-historia\/#primaryimage"},"thumbnailUrl":"https:\/\/www.missoeshumanitarias.org\/wp-content\/uploads\/2022\/05\/3_indigena_CCFI_FFHI.jpg","datePublished":"2022-05-08T11:14:22+00:00","dateModified":"2022-05-09T19:49:46+00:00","breadcrumb":{"@id":"https:\/\/www.missoeshumanitarias.org\/es\/madres-emprendedoras-protagonistas-de-su-propia-historia\/#breadcrumb"},"inLanguage":"es","potentialAction":[{"@type":"ReadAction","target":["https:\/\/www.missoeshumanitarias.org\/es\/madres-emprendedoras-protagonistas-de-su-propia-historia\/"]}]},{"@type":"ImageObject","inLanguage":"es","@id":"https:\/\/www.missoeshumanitarias.org\/es\/madres-emprendedoras-protagonistas-de-su-propia-historia\/#primaryimage","url":"https:\/\/www.missoeshumanitarias.org\/wp-content\/uploads\/2022\/05\/3_indigena_CCFI_FFHI.jpg","contentUrl":"https:\/\/www.missoeshumanitarias.org\/wp-content\/uploads\/2022\/05\/3_indigena_CCFI_FFHI.jpg","width":1000,"height":667,"caption":"Legenda da Atividade"},{"@type":"BreadcrumbList","@id":"https:\/\/www.missoeshumanitarias.org\/es\/madres-emprendedoras-protagonistas-de-su-propia-historia\/#breadcrumb","itemListElement":[{"@type":"ListItem","position":1,"name":"Home","item":"https:\/\/www.missoeshumanitarias.org\/en\/"},{"@type":"ListItem","position":2,"name":"Madres emprendedoras: protagonistas de su propia historia"}]},{"@type":"WebSite","@id":"https:\/\/www.missoeshumanitarias.org\/es\/#website","url":"https:\/\/www.missoeshumanitarias.org\/es\/","name":"Fraternidade Miss\u00f5es Humanit\u00e1rias Internacionais","description":"Respostas Humanit\u00e1rias e Emerg\u00eancias","publisher":{"@id":"https:\/\/www.missoeshumanitarias.org\/es\/#organization"},"potentialAction":[{"@type":"SearchAction","target":{"@type":"EntryPoint","urlTemplate":"https:\/\/www.missoeshumanitarias.org\/es\/?s={search_term_string}"},"query-input":"required name=search_term_string"}],"inLanguage":"es"},{"@type":"Organization","@id":"https:\/\/www.missoeshumanitarias.org\/es\/#organization","name":"Fraternidade - Miss\u00f5es Humanit\u00e1rias Internacionais","url":"https:\/\/www.missoeshumanitarias.org\/es\/","logo":{"@type":"ImageObject","inLanguage":"es","@id":"https:\/\/www.missoeshumanitarias.org\/es\/#\/schema\/logo\/image\/","url":"https:\/\/www.missoeshumanitarias.org\/wp-content\/uploads\/2020\/05\/logo-FMHI-mg.png","contentUrl":"https:\/\/www.missoeshumanitarias.org\/wp-content\/uploads\/2020\/05\/logo-FMHI-mg.png","width":520,"height":134,"caption":"Fraternidade - Miss\u00f5es Humanit\u00e1rias Internacionais"},"image":{"@id":"https:\/\/www.missoeshumanitarias.org\/es\/#\/schema\/logo\/image\/"}},{"@type":"Person","@id":"https:\/\/www.missoeshumanitarias.org\/es\/#\/schema\/person\/e0f8527323154d1eba9f9d9eb6b401f7","name":"maducato_admin","image":{"@type":"ImageObject","inLanguage":"es","@id":"https:\/\/www.missoeshumanitarias.org\/es\/#\/schema\/person\/image\/","url":"https:\/\/secure.gravatar.com\/avatar\/6c3b45186a8f5a459d8e14c7fca370bceae92402bc06171d75e4e559b6c24393?s=96&d=mm&r=g","contentUrl":"https:\/\/secure.gravatar.com\/avatar\/6c3b45186a8f5a459d8e14c7fca370bceae92402bc06171d75e4e559b6c24393?s=96&d=mm&r=g","caption":"maducato_admin"}}]}},"_links":{"self":[{"href":"https:\/\/www.missoeshumanitarias.org\/es\/wp-json\/wp\/v2\/posts\/142807","targetHints":{"allow":["GET"]}}],"collection":[{"href":"https:\/\/www.missoeshumanitarias.org\/es\/wp-json\/wp\/v2\/posts"}],"about":[{"href":"https:\/\/www.missoeshumanitarias.org\/es\/wp-json\/wp\/v2\/types\/post"}],"author":[{"embeddable":true,"href":"https:\/\/www.missoeshumanitarias.org\/es\/wp-json\/wp\/v2\/users\/1"}],"replies":[{"embeddable":true,"href":"https:\/\/www.missoeshumanitarias.org\/es\/wp-json\/wp\/v2\/comments?post=142807"}],"version-history":[{"count":0,"href":"https:\/\/www.missoeshumanitarias.org\/es\/wp-json\/wp\/v2\/posts\/142807\/revisions"}],"wp:featuredmedia":[{"embeddable":true,"href":"https:\/\/www.missoeshumanitarias.org\/es\/wp-json\/wp\/v2\/media\/142774"}],"wp:attachment":[{"href":"https:\/\/www.missoeshumanitarias.org\/es\/wp-json\/wp\/v2\/media?parent=142807"}],"wp:term":[{"taxonomy":"category","embeddable":true,"href":"https:\/\/www.missoeshumanitarias.org\/es\/wp-json\/wp\/v2\/categories?post=142807"},{"taxonomy":"post_tag","embeddable":true,"href":"https:\/\/www.missoeshumanitarias.org\/es\/wp-json\/wp\/v2\/tags?post=142807"}],"curies":[{"name":"wp","href":"https:\/\/api.w.org\/{rel}","templated":true}]}}