{"id":144190,"date":"2022-07-24T08:00:35","date_gmt":"2022-07-24T11:00:35","guid":{"rendered":"https:\/\/www.missoeshumanitarias.org\/programa-de-educacion-en-situaciones-de-emergencias-y-respuesta-humanitaria\/"},"modified":"2023-02-16T19:04:56","modified_gmt":"2023-02-16T22:04:56","slug":"programa-de-educacion-en-situaciones-de-emergencias-y-respuesta-humanitaria","status":"publish","type":"post","link":"https:\/\/www.missoeshumanitarias.org\/es\/programa-de-educacion-en-situaciones-de-emergencias-y-respuesta-humanitaria\/","title":{"rendered":"Programa de Educaci\u00f3n en Situaciones de Emergencias y Respuesta Humanitaria"},"content":{"rendered":"\n<p>El Programa de Educaci\u00f3n de la\u00a0<a href=\"https:\/\/www.missoeshumanitarias.org\/es\/\" target=\"_blank\" rel=\"noopener\">Fraternidad &#8211; Misiones Humanitarias Internacionales (FMHI)<\/a>\u00a0consiste en la s\u00edntesis de experiencias y capacidades del equipo de servidores humanitarios del sector de intervenci\u00f3n\u00a0<a href=\"https:\/\/www.missoeshumanitarias.org\/es\/?s=educa%C3%A7%C3%A3o\" target=\"_blank\" rel=\"noopener\">Emergencias y Respuestas HumanitariasEducaci\u00f3n en Situaciones\u00a0<\/a>de de la organizaci\u00f3n. El Programa se resume en tres l\u00edneas de acci\u00f3n, ejes tem\u00e1ticos y objetivos que configuran el prop\u00f3sito de la acci\u00f3n en las respuestas humanitarias en el \u00e1mbito de la educaci\u00f3n.<\/p>\n\n<figure class=\"wp-block-gallery aligncenter has-nested-images columns-default is-cropped wp-block-gallery-1 is-layout-flex wp-block-gallery-is-layout-flex\">\n<figure class=\"wp-block-image size-full\"><img fetchpriority=\"high\" decoding=\"async\" width=\"1024\" height=\"575\" data-id=\"143673\" src=\"https:\/\/www.missoeshumanitarias.org\/wp-content\/uploads\/2022\/07\/Missao_Chaco_FMHI.jpg\" alt=\"\" class=\"wp-image-143673\" srcset=\"https:\/\/www.missoeshumanitarias.org\/wp-content\/uploads\/2022\/07\/Missao_Chaco_FMHI.jpg 1024w, https:\/\/www.missoeshumanitarias.org\/wp-content\/uploads\/2022\/07\/Missao_Chaco_FMHI-300x168.jpg 300w, https:\/\/www.missoeshumanitarias.org\/wp-content\/uploads\/2022\/07\/Missao_Chaco_FMHI-768x431.jpg 768w\" sizes=\"(max-width: 1024px) 100vw, 1024px\" \/><figcaption>Misi\u00f3n Humanitaria Chaco<\/figcaption><\/figure>\n\n\n\n<figure class=\"wp-block-image size-full\"><img decoding=\"async\" width=\"900\" height=\"506\" data-id=\"143666\" src=\"https:\/\/www.missoeshumanitarias.org\/wp-content\/uploads\/2022\/07\/missao-angola_FMHI.jpg\" alt=\"\" class=\"wp-image-143666\" srcset=\"https:\/\/www.missoeshumanitarias.org\/wp-content\/uploads\/2022\/07\/missao-angola_FMHI.jpg 900w, https:\/\/www.missoeshumanitarias.org\/wp-content\/uploads\/2022\/07\/missao-angola_FMHI-300x169.jpg 300w, https:\/\/www.missoeshumanitarias.org\/wp-content\/uploads\/2022\/07\/missao-angola_FMHI-768x432.jpg 768w\" sizes=\"(max-width: 900px) 100vw, 900px\" \/><figcaption>Misi\u00f3n Humanitaria Angola<\/figcaption><\/figure>\n\n\n\n<figure class=\"wp-block-image size-full\"><img decoding=\"async\" width=\"1000\" height=\"667\" data-id=\"143662\" src=\"https:\/\/www.missoeshumanitarias.org\/wp-content\/uploads\/2022\/07\/missao-bahia-FMHI.jpg\" alt=\"Misi&#xF3;n Bah&#xED;a Humanitaria\" class=\"wp-image-143662\" srcset=\"https:\/\/www.missoeshumanitarias.org\/wp-content\/uploads\/2022\/07\/missao-bahia-FMHI.jpg 1000w, https:\/\/www.missoeshumanitarias.org\/wp-content\/uploads\/2022\/07\/missao-bahia-FMHI-300x200.jpg 300w, https:\/\/www.missoeshumanitarias.org\/wp-content\/uploads\/2022\/07\/missao-bahia-FMHI-768x512.jpg 768w\" sizes=\"(max-width: 1000px) 100vw, 1000px\" \/><figcaption>Misi\u00f3n Bah\u00eda Humanitaria<\/figcaption><\/figure>\n<\/figure>\n\n<p>A cargo de esta tarea hay 28 servidores humanitarios que componen el sector, recibiendo tambi\u00e9n la colaboraci\u00f3n ocasional de otros servidores humanitarios que trabajan en ciclos y misiones humanitarias espec\u00edficas. Este sector est\u00e1 organizado en grupos de trabajo (GT\u00b4s), con sus respectivos referentes, acompa\u00f1ados por el director general del sector.<\/p>\n\n<p>Con los ni\u00f1os, adolescentes, j\u00f3venes y adultos como p\u00fablico al que va dirigido, el programa es posible gracias a los proyectos de intervenci\u00f3n durante las misiones humanitarias, especialmente en los \u00faltimos cinco a\u00f1os. Como hay una gran intencionalidad en el trabajo de la\u00a0<a href=\"https:\/\/www.missoeshumanitarias.org\/?s=educa%C3%A7%C3%A3o&amp;lang=pt-br\" target=\"_blank\" rel=\"noopener\">Educaci\u00f3n enEmergencias<\/a>\u00a0comunitaria, todo el grupo de personas se convierte en el objetivo del Programa.<\/p>\n\n<p>As\u00ed, se busca una visi\u00f3n abarcativa a partir de las experiencias de las\u00a0<a href=\"https:\/\/www.missoeshumanitarias.org\/es\/mision-roraima\/\" target=\"_blank\" rel=\"noopener\">Misiones en Roraima<\/a>,\u00a0<a href=\"https:\/\/www.missoeshumanitarias.org\/es\/mision-colombia\/\" target=\"_blank\" rel=\"noopener\">Colombia<\/a>,\u00a0<a href=\"https:\/\/www.missoeshumanitarias.org\/es\/mision-egipto\/\" target=\"_blank\" rel=\"noopener\">Egipto,<\/a><a href=\"https:\/\/www.missoeshumanitarias.org\/es\/mision-libano\/\" target=\"_blank\" rel=\"noopener\">\u00a0L\u00edbano<\/a>,\u00a0<a href=\"https:\/\/www.missoeshumanitarias.org\/es\/mision-angola\/\" target=\"_blank\" rel=\"noopener\">Angola<\/a>,\u00a0<a href=\"https:\/\/www.missoeshumanitarias.org\/es\/mision-grecia\/\" target=\"_blank\" rel=\"noopener\">Grecia<\/a>,\u00a0<a href=\"https:\/\/www.missoeshumanitarias.org\/es\/mision-medio-oriente\/\" target=\"_blank\" rel=\"noopener\">Turqu\u00eda<\/a>,<a href=\"https:\/\/www.missoeshumanitarias.org\/es\/mision-bahia-humanitaria\/\" target=\"_blank\" rel=\"noopener\">\u00a0Bah\u00eda<\/a>,<a href=\"https:\/\/www.missoeshumanitarias.org\/es\/mision-sertao\/\" target=\"_blank\" rel=\"noopener\">\u00a0Sert\u00e3o<\/a>,\u00a0<a href=\"https:\/\/www.missoeshumanitarias.org\/es\/mision-chaco\/\" target=\"_blank\" rel=\"noopener\">Chaco<\/a>,\u00a0<a href=\"https:\/\/www.missoeshumanitarias.org\/es\/mision-paraguay\/\" target=\"_blank\" rel=\"noopener\">Paraguay\u00a0<\/a>y<a href=\"https:\/\/www.missoeshumanitarias.org\/es\/mision-carmo\/\" target=\"_blank\" rel=\"noopener\">\u00a0Carmo da Cachoeira<\/a>.<\/p>\n\n<figure class=\"wp-block-gallery has-nested-images columns-default is-cropped wp-block-gallery-2 is-layout-flex wp-block-gallery-is-layout-flex\">\n<figure class=\"wp-block-image size-large\"><img loading=\"lazy\" decoding=\"async\" width=\"1024\" height=\"768\" data-id=\"143682\" src=\"https:\/\/www.missoeshumanitarias.org\/wp-content\/uploads\/2022\/07\/alojamento_transito_manaus_FFHI_FMHI-1024x768.jpg\" alt=\"\" class=\"wp-image-143682\" srcset=\"https:\/\/www.missoeshumanitarias.org\/wp-content\/uploads\/2022\/07\/alojamento_transito_manaus_FFHI_FMHI-1024x768.jpg 1024w, https:\/\/www.missoeshumanitarias.org\/wp-content\/uploads\/2022\/07\/alojamento_transito_manaus_FFHI_FMHI-300x225.jpg 300w, https:\/\/www.missoeshumanitarias.org\/wp-content\/uploads\/2022\/07\/alojamento_transito_manaus_FFHI_FMHI-768x576.jpg 768w, https:\/\/www.missoeshumanitarias.org\/wp-content\/uploads\/2022\/07\/alojamento_transito_manaus_FFHI_FMHI.jpg 1280w\" sizes=\"(max-width: 1024px) 100vw, 1024px\" \/><figcaption>Alojamiento de Tr\u00e1nsito en Manaos<\/figcaption><\/figure>\n\n\n\n<figure class=\"wp-block-image size-full\"><img loading=\"lazy\" decoding=\"async\" width=\"1024\" height=\"484\" data-id=\"143667\" src=\"https:\/\/www.missoeshumanitarias.org\/wp-content\/uploads\/2022\/07\/Missao-Roraima-Humanitaria_2_FMHI_FFHI.jpg\" alt=\"\" class=\"wp-image-143667\" srcset=\"https:\/\/www.missoeshumanitarias.org\/wp-content\/uploads\/2022\/07\/Missao-Roraima-Humanitaria_2_FMHI_FFHI.jpg 1024w, https:\/\/www.missoeshumanitarias.org\/wp-content\/uploads\/2022\/07\/Missao-Roraima-Humanitaria_2_FMHI_FFHI-300x142.jpg 300w, https:\/\/www.missoeshumanitarias.org\/wp-content\/uploads\/2022\/07\/Missao-Roraima-Humanitaria_2_FMHI_FFHI-768x363.jpg 768w\" sizes=\"(max-width: 1024px) 100vw, 1024px\" \/><figcaption>Misi\u00f3n Roraima Humanitaria<\/figcaption><\/figure>\n\n\n\n<figure class=\"wp-block-image size-large\"><img loading=\"lazy\" decoding=\"async\" width=\"1024\" height=\"639\" data-id=\"143686\" src=\"https:\/\/www.missoeshumanitarias.org\/wp-content\/uploads\/2022\/07\/Missao-Roraima-Humanitaria_FMHI_FFHI-1024x639.png\" alt=\"\" class=\"wp-image-143686\" srcset=\"https:\/\/www.missoeshumanitarias.org\/wp-content\/uploads\/2022\/07\/Missao-Roraima-Humanitaria_FMHI_FFHI-1024x639.png 1024w, https:\/\/www.missoeshumanitarias.org\/wp-content\/uploads\/2022\/07\/Missao-Roraima-Humanitaria_FMHI_FFHI-300x187.png 300w, https:\/\/www.missoeshumanitarias.org\/wp-content\/uploads\/2022\/07\/Missao-Roraima-Humanitaria_FMHI_FFHI-768x479.png 768w, https:\/\/www.missoeshumanitarias.org\/wp-content\/uploads\/2022\/07\/Missao-Roraima-Humanitaria_FMHI_FFHI.png 1200w\" sizes=\"(max-width: 1024px) 100vw, 1024px\" \/><figcaption>Misi\u00f3n Roraima Humanitaria<\/figcaption><\/figure>\n\n\n\n<figure class=\"wp-block-image size-full\"><img loading=\"lazy\" decoding=\"async\" width=\"700\" height=\"394\" data-id=\"143675\" src=\"https:\/\/www.missoeshumanitarias.org\/wp-content\/uploads\/2022\/07\/Missao_Oriente_Medio_FMHI.jpg\" alt=\"\" class=\"wp-image-143675\" srcset=\"https:\/\/www.missoeshumanitarias.org\/wp-content\/uploads\/2022\/07\/Missao_Oriente_Medio_FMHI.jpg 700w, https:\/\/www.missoeshumanitarias.org\/wp-content\/uploads\/2022\/07\/Missao_Oriente_Medio_FMHI-300x169.jpg 300w\" sizes=\"(max-width: 700px) 100vw, 700px\" \/><figcaption>Misi\u00f3n Humanitaria Oriente Medio<\/figcaption><\/figure>\n\n\n\n<figure class=\"wp-block-image size-large\"><img loading=\"lazy\" decoding=\"async\" width=\"1024\" height=\"768\" data-id=\"143698\" src=\"https:\/\/www.missoeshumanitarias.org\/wp-content\/uploads\/2022\/07\/missao-colombia_FMHI-1024x768.jpg\" alt=\"Misi&#xF3;n Humanitaria Colombia\" class=\"wp-image-143698\" srcset=\"https:\/\/www.missoeshumanitarias.org\/wp-content\/uploads\/2022\/07\/missao-colombia_FMHI-1024x768.jpg 1024w, https:\/\/www.missoeshumanitarias.org\/wp-content\/uploads\/2022\/07\/missao-colombia_FMHI-300x225.jpg 300w, https:\/\/www.missoeshumanitarias.org\/wp-content\/uploads\/2022\/07\/missao-colombia_FMHI-768x576.jpg 768w, https:\/\/www.missoeshumanitarias.org\/wp-content\/uploads\/2022\/07\/missao-colombia_FMHI.jpg 1280w\" sizes=\"(max-width: 1024px) 100vw, 1024px\" \/><figcaption>Misi\u00f3n Humanitaria Colombia<\/figcaption><\/figure>\n\n\n\n<figure class=\"wp-block-image size-full\"><img loading=\"lazy\" decoding=\"async\" width=\"800\" height=\"450\" data-id=\"143690\" src=\"https:\/\/www.missoeshumanitarias.org\/wp-content\/uploads\/2022\/07\/missao-libano_FMHI.jpg\" alt=\"\" class=\"wp-image-143690\" srcset=\"https:\/\/www.missoeshumanitarias.org\/wp-content\/uploads\/2022\/07\/missao-libano_FMHI.jpg 800w, https:\/\/www.missoeshumanitarias.org\/wp-content\/uploads\/2022\/07\/missao-libano_FMHI-300x169.jpg 300w, https:\/\/www.missoeshumanitarias.org\/wp-content\/uploads\/2022\/07\/missao-libano_FMHI-768x432.jpg 768w\" sizes=\"(max-width: 800px) 100vw, 800px\" \/><figcaption>Misi\u00f3n Humanitaria L\u00edbano<\/figcaption><\/figure>\n<\/figure>\n\n<p><\/p>\n\n<p>Seg\u00fan Anderson Santiago, director de este sector, \u00abel programa pretende ser el arquetipo de implementaci\u00f3n de proyectos en cualquier misi\u00f3n donde la organizaci\u00f3n opere. De este modo, explica, \u00abse espera generar una mayor cohesi\u00f3n, profundizaci\u00f3n y responsabilidad en las iniciativas de los proyectos del sector de intervenci\u00f3n\u00a0<a href=\"https:\/\/www.missoeshumanitarias.org\/es\/?s=educa%C3%A7%C3%A3o\" target=\"_blank\" rel=\"noopener\">Educaci\u00f3n en Situaciones deEmergencia y Respuestas Humanitarias\u00bb<\/a>.<\/p>\n\n<p>La\u00a0<a href=\"https:\/\/www.missoeshumanitarias.org\/es\/\" target=\"_blank\" rel=\"noopener\">Fraternidad &#8211; Misiones Humanitarias (FMHI)\u00a0<\/a>trabaja desde las premisas de la Localizaci\u00f3n. Por lo tanto, independientemente del lugar donde se implemente el programa como proyecto, la articulaci\u00f3n y construcci\u00f3n conjunta en los distintos \u00e1mbitos de acci\u00f3n (local, regional, nacional, gubernamental o privado, etc.), as\u00ed como con las comunidades afectadas, es parte esencial de su desarrollo. La definici\u00f3n de apoyos y las asociaciones se eligen en el contexto espec\u00edfico de cada Misi\u00f3n, que determina qu\u00e9 aspectos del Programa se pondr\u00e1n en pr\u00e1ctica.<\/p>\n\n<p>Como pr\u00f3ximos pasos de esta construcci\u00f3n, el sector de Educaci\u00f3n en Emergencias y Respuestas Humanitarias est\u00e1 realizando, a lo largo de 2022, ciclos de capacitaci\u00f3n de los miembros del equipo, con el fin de seguir profundizando en los contenidos abordados por el Programa y fortalecer las acciones humanitarias en el \u00e1mbito de la educaci\u00f3n.<\/p>\n<div class=\"wp-block-image\">\n<figure class=\"aligncenter size-full is-resized\"><a href=\"https:\/\/www.missoeshumanitarias.org\/es\/programa-de-educacion\/\" target=\"_blank\" rel=\"noreferrer noopener\"><img loading=\"lazy\" decoding=\"async\" src=\"https:\/\/www.missoeshumanitarias.org\/wp-content\/uploads\/2022\/06\/capa-ProgramaEduCOMPLETO_FMHI_PT_2022-1.jpg\" alt=\"Programa de Educa&#xE7;&#xE3;o\" class=\"wp-image-143281\" width=\"286\" height=\"405\" srcset=\"https:\/\/www.missoeshumanitarias.org\/wp-content\/uploads\/2022\/06\/capa-ProgramaEduCOMPLETO_FMHI_PT_2022-1.jpg 400w, https:\/\/www.missoeshumanitarias.org\/wp-content\/uploads\/2022\/06\/capa-ProgramaEduCOMPLETO_FMHI_PT_2022-1-212x300.jpg 212w\" sizes=\"(max-width: 286px) 100vw, 286px\" \/><\/a><figcaption>Descargue el Programa completo<\/figcaption><\/figure>\n<\/div>","protected":false},"excerpt":{"rendered":"<p>El Programa de Educaci\u00f3n de la\u00a0Fraternidad &#8211; Misiones Humanitarias Internacionales (FMHI)\u00a0consiste en la s\u00edntesis de experiencias y capacidades del equipo de servidores humanitarios del sector de intervenci\u00f3n\u00a0Emergencias y Respuestas HumanitariasEducaci\u00f3n en Situaciones\u00a0de de la organizaci\u00f3n. El Programa se resume en tres l\u00edneas de acci\u00f3n, ejes tem\u00e1ticos y objetivos que configuran el prop\u00f3sito de la acci\u00f3n [&hellip;]<\/p>\n","protected":false},"author":1,"featured_media":143701,"comment_status":"closed","ping_status":"closed","sticky":false,"template":"","format":"standard","meta":{"footnotes":""},"categories":[43,131],"tags":[194],"class_list":["post-144190","post","type-post","status-publish","format-standard","has-post-thumbnail","hentry","category-noticias-es","category-noticias-de-las-misiones","tag-mision-angola"],"featured_image_src":"https:\/\/www.missoeshumanitarias.org\/wp-content\/uploads\/2022\/07\/missao-colombia_FMHI.jpg","author_info":{"display_name":"maducato_admin","author_link":"https:\/\/www.missoeshumanitarias.org\/es\/author\/maducato_admin\/"},"yoast_head":"<!-- This site is optimized with the Yoast SEO Premium plugin v22.5 (Yoast SEO v22.5) - https:\/\/yoast.com\/wordpress\/plugins\/seo\/ -->\n<title>Programa de Educaci\u00f3n en Situaciones de Emergencias y Respuesta Humanitaria - Fraternidade Miss\u00f5es Humanit\u00e1rias Internacionais<\/title>\n<meta name=\"robots\" content=\"index, follow, max-snippet:-1, max-image-preview:large, max-video-preview:-1\" \/>\n<link rel=\"canonical\" href=\"https:\/\/www.missoeshumanitarias.org\/es\/programa-de-educacion-en-situaciones-de-emergencias-y-respuesta-humanitaria\/\" \/>\n<meta property=\"og:locale\" content=\"es_ES\" \/>\n<meta property=\"og:type\" content=\"article\" \/>\n<meta property=\"og:title\" content=\"Programa de Educaci\u00f3n en Situaciones de Emergencias y Respuesta Humanitaria\" \/>\n<meta property=\"og:description\" content=\"El Programa de Educaci\u00f3n de la\u00a0Fraternidad &#8211; Misiones Humanitarias Internacionales (FMHI)\u00a0consiste en la s\u00edntesis de experiencias y capacidades del equipo de servidores humanitarios del sector de intervenci\u00f3n\u00a0Emergencias y Respuestas HumanitariasEducaci\u00f3n en Situaciones\u00a0de de la organizaci\u00f3n. El Programa se resume en tres l\u00edneas de acci\u00f3n, ejes tem\u00e1ticos y objetivos que configuran el prop\u00f3sito de la acci\u00f3n [&hellip;]\" \/>\n<meta property=\"og:url\" content=\"https:\/\/www.missoeshumanitarias.org\/es\/programa-de-educacion-en-situaciones-de-emergencias-y-respuesta-humanitaria\/\" \/>\n<meta property=\"og:site_name\" content=\"Fraternidade Miss\u00f5es Humanit\u00e1rias Internacionais\" \/>\n<meta property=\"article:published_time\" content=\"2022-07-24T11:00:35+00:00\" \/>\n<meta property=\"article:modified_time\" content=\"2023-02-16T22:04:56+00:00\" \/>\n<meta property=\"og:image\" content=\"https:\/\/www.missoeshumanitarias.org\/wp-content\/uploads\/2022\/07\/missao-colombia_FMHI.jpg\" \/>\n\t<meta property=\"og:image:width\" content=\"1280\" \/>\n\t<meta property=\"og:image:height\" content=\"960\" \/>\n\t<meta property=\"og:image:type\" content=\"image\/jpeg\" \/>\n<meta name=\"author\" content=\"maducato_admin\" \/>\n<meta name=\"twitter:card\" content=\"summary_large_image\" \/>\n<meta name=\"twitter:label1\" content=\"Escrito por\" \/>\n\t<meta name=\"twitter:data1\" content=\"maducato_admin\" \/>\n\t<meta name=\"twitter:label2\" content=\"Tiempo de lectura\" \/>\n\t<meta name=\"twitter:data2\" content=\"2 minutos\" \/>\n<script type=\"application\/ld+json\" class=\"yoast-schema-graph\">{\"@context\":\"https:\/\/schema.org\",\"@graph\":[{\"@type\":\"Article\",\"@id\":\"https:\/\/www.missoeshumanitarias.org\/es\/programa-de-educacion-en-situaciones-de-emergencias-y-respuesta-humanitaria\/#article\",\"isPartOf\":{\"@id\":\"https:\/\/www.missoeshumanitarias.org\/es\/programa-de-educacion-en-situaciones-de-emergencias-y-respuesta-humanitaria\/\"},\"author\":{\"name\":\"maducato_admin\",\"@id\":\"https:\/\/www.missoeshumanitarias.org\/es\/#\/schema\/person\/e0f8527323154d1eba9f9d9eb6b401f7\"},\"headline\":\"Programa de Educaci\u00f3n en Situaciones de Emergencias y Respuesta Humanitaria\",\"datePublished\":\"2022-07-24T11:00:35+00:00\",\"dateModified\":\"2023-02-16T22:04:56+00:00\",\"mainEntityOfPage\":{\"@id\":\"https:\/\/www.missoeshumanitarias.org\/es\/programa-de-educacion-en-situaciones-de-emergencias-y-respuesta-humanitaria\/\"},\"wordCount\":500,\"publisher\":{\"@id\":\"https:\/\/www.missoeshumanitarias.org\/es\/#organization\"},\"image\":{\"@id\":\"https:\/\/www.missoeshumanitarias.org\/es\/programa-de-educacion-en-situaciones-de-emergencias-y-respuesta-humanitaria\/#primaryimage\"},\"thumbnailUrl\":\"https:\/\/www.missoeshumanitarias.org\/wp-content\/uploads\/2022\/07\/missao-colombia_FMHI.jpg\",\"keywords\":[\"Misi\u00f3n Angola\"],\"articleSection\":[\"Noticias\",\"Noticias de las Misiones\"],\"inLanguage\":\"es\"},{\"@type\":\"WebPage\",\"@id\":\"https:\/\/www.missoeshumanitarias.org\/es\/programa-de-educacion-en-situaciones-de-emergencias-y-respuesta-humanitaria\/\",\"url\":\"https:\/\/www.missoeshumanitarias.org\/es\/programa-de-educacion-en-situaciones-de-emergencias-y-respuesta-humanitaria\/\",\"name\":\"Programa de Educaci\u00f3n en Situaciones de Emergencias y Respuesta Humanitaria - Fraternidade Miss\u00f5es Humanit\u00e1rias Internacionais\",\"isPartOf\":{\"@id\":\"https:\/\/www.missoeshumanitarias.org\/es\/#website\"},\"primaryImageOfPage\":{\"@id\":\"https:\/\/www.missoeshumanitarias.org\/es\/programa-de-educacion-en-situaciones-de-emergencias-y-respuesta-humanitaria\/#primaryimage\"},\"image\":{\"@id\":\"https:\/\/www.missoeshumanitarias.org\/es\/programa-de-educacion-en-situaciones-de-emergencias-y-respuesta-humanitaria\/#primaryimage\"},\"thumbnailUrl\":\"https:\/\/www.missoeshumanitarias.org\/wp-content\/uploads\/2022\/07\/missao-colombia_FMHI.jpg\",\"datePublished\":\"2022-07-24T11:00:35+00:00\",\"dateModified\":\"2023-02-16T22:04:56+00:00\",\"breadcrumb\":{\"@id\":\"https:\/\/www.missoeshumanitarias.org\/es\/programa-de-educacion-en-situaciones-de-emergencias-y-respuesta-humanitaria\/#breadcrumb\"},\"inLanguage\":\"es\",\"potentialAction\":[{\"@type\":\"ReadAction\",\"target\":[\"https:\/\/www.missoeshumanitarias.org\/es\/programa-de-educacion-en-situaciones-de-emergencias-y-respuesta-humanitaria\/\"]}]},{\"@type\":\"ImageObject\",\"inLanguage\":\"es\",\"@id\":\"https:\/\/www.missoeshumanitarias.org\/es\/programa-de-educacion-en-situaciones-de-emergencias-y-respuesta-humanitaria\/#primaryimage\",\"url\":\"https:\/\/www.missoeshumanitarias.org\/wp-content\/uploads\/2022\/07\/missao-colombia_FMHI.jpg\",\"contentUrl\":\"https:\/\/www.missoeshumanitarias.org\/wp-content\/uploads\/2022\/07\/missao-colombia_FMHI.jpg\",\"width\":1280,\"height\":960,\"caption\":\"Miss\u00e3o Humanit\u00e1ria Col\u00f4mbia\"},{\"@type\":\"BreadcrumbList\",\"@id\":\"https:\/\/www.missoeshumanitarias.org\/es\/programa-de-educacion-en-situaciones-de-emergencias-y-respuesta-humanitaria\/#breadcrumb\",\"itemListElement\":[{\"@type\":\"ListItem\",\"position\":1,\"name\":\"Home\",\"item\":\"https:\/\/www.missoeshumanitarias.org\/en\/\"},{\"@type\":\"ListItem\",\"position\":2,\"name\":\"Programa de Educaci\u00f3n en Situaciones de Emergencias y Respuesta Humanitaria\"}]},{\"@type\":\"WebSite\",\"@id\":\"https:\/\/www.missoeshumanitarias.org\/es\/#website\",\"url\":\"https:\/\/www.missoeshumanitarias.org\/es\/\",\"name\":\"Fraternidade Miss\u00f5es Humanit\u00e1rias Internacionais\",\"description\":\"Respostas Humanit\u00e1rias e Emerg\u00eancias\",\"publisher\":{\"@id\":\"https:\/\/www.missoeshumanitarias.org\/es\/#organization\"},\"potentialAction\":[{\"@type\":\"SearchAction\",\"target\":{\"@type\":\"EntryPoint\",\"urlTemplate\":\"https:\/\/www.missoeshumanitarias.org\/es\/?s={search_term_string}\"},\"query-input\":\"required name=search_term_string\"}],\"inLanguage\":\"es\"},{\"@type\":\"Organization\",\"@id\":\"https:\/\/www.missoeshumanitarias.org\/es\/#organization\",\"name\":\"Fraternidade - Miss\u00f5es Humanit\u00e1rias Internacionais\",\"url\":\"https:\/\/www.missoeshumanitarias.org\/es\/\",\"logo\":{\"@type\":\"ImageObject\",\"inLanguage\":\"es\",\"@id\":\"https:\/\/www.missoeshumanitarias.org\/es\/#\/schema\/logo\/image\/\",\"url\":\"https:\/\/www.missoeshumanitarias.org\/wp-content\/uploads\/2020\/05\/logo-FMHI-mg.png\",\"contentUrl\":\"https:\/\/www.missoeshumanitarias.org\/wp-content\/uploads\/2020\/05\/logo-FMHI-mg.png\",\"width\":520,\"height\":134,\"caption\":\"Fraternidade - Miss\u00f5es Humanit\u00e1rias Internacionais\"},\"image\":{\"@id\":\"https:\/\/www.missoeshumanitarias.org\/es\/#\/schema\/logo\/image\/\"}},{\"@type\":\"Person\",\"@id\":\"https:\/\/www.missoeshumanitarias.org\/es\/#\/schema\/person\/e0f8527323154d1eba9f9d9eb6b401f7\",\"name\":\"maducato_admin\",\"image\":{\"@type\":\"ImageObject\",\"inLanguage\":\"es\",\"@id\":\"https:\/\/www.missoeshumanitarias.org\/es\/#\/schema\/person\/image\/\",\"url\":\"https:\/\/secure.gravatar.com\/avatar\/6c3b45186a8f5a459d8e14c7fca370bceae92402bc06171d75e4e559b6c24393?s=96&d=mm&r=g\",\"contentUrl\":\"https:\/\/secure.gravatar.com\/avatar\/6c3b45186a8f5a459d8e14c7fca370bceae92402bc06171d75e4e559b6c24393?s=96&d=mm&r=g\",\"caption\":\"maducato_admin\"}}]}<\/script>\n<!-- \/ Yoast SEO Premium plugin. -->","yoast_head_json":{"title":"Programa de Educaci\u00f3n en Situaciones de Emergencias y Respuesta Humanitaria - Fraternidade Miss\u00f5es Humanit\u00e1rias Internacionais","robots":{"index":"index","follow":"follow","max-snippet":"max-snippet:-1","max-image-preview":"max-image-preview:large","max-video-preview":"max-video-preview:-1"},"canonical":"https:\/\/www.missoeshumanitarias.org\/es\/programa-de-educacion-en-situaciones-de-emergencias-y-respuesta-humanitaria\/","og_locale":"es_ES","og_type":"article","og_title":"Programa de Educaci\u00f3n en Situaciones de Emergencias y Respuesta Humanitaria","og_description":"El Programa de Educaci\u00f3n de la\u00a0Fraternidad &#8211; Misiones Humanitarias Internacionales (FMHI)\u00a0consiste en la s\u00edntesis de experiencias y capacidades del equipo de servidores humanitarios del sector de intervenci\u00f3n\u00a0Emergencias y Respuestas HumanitariasEducaci\u00f3n en Situaciones\u00a0de de la organizaci\u00f3n. El Programa se resume en tres l\u00edneas de acci\u00f3n, ejes tem\u00e1ticos y objetivos que configuran el prop\u00f3sito de la acci\u00f3n [&hellip;]","og_url":"https:\/\/www.missoeshumanitarias.org\/es\/programa-de-educacion-en-situaciones-de-emergencias-y-respuesta-humanitaria\/","og_site_name":"Fraternidade Miss\u00f5es Humanit\u00e1rias Internacionais","article_published_time":"2022-07-24T11:00:35+00:00","article_modified_time":"2023-02-16T22:04:56+00:00","og_image":[{"width":1280,"height":960,"url":"https:\/\/www.missoeshumanitarias.org\/wp-content\/uploads\/2022\/07\/missao-colombia_FMHI.jpg","type":"image\/jpeg"}],"author":"maducato_admin","twitter_card":"summary_large_image","twitter_misc":{"Escrito por":"maducato_admin","Tiempo de lectura":"2 minutos"},"schema":{"@context":"https:\/\/schema.org","@graph":[{"@type":"Article","@id":"https:\/\/www.missoeshumanitarias.org\/es\/programa-de-educacion-en-situaciones-de-emergencias-y-respuesta-humanitaria\/#article","isPartOf":{"@id":"https:\/\/www.missoeshumanitarias.org\/es\/programa-de-educacion-en-situaciones-de-emergencias-y-respuesta-humanitaria\/"},"author":{"name":"maducato_admin","@id":"https:\/\/www.missoeshumanitarias.org\/es\/#\/schema\/person\/e0f8527323154d1eba9f9d9eb6b401f7"},"headline":"Programa de Educaci\u00f3n en Situaciones de Emergencias y Respuesta Humanitaria","datePublished":"2022-07-24T11:00:35+00:00","dateModified":"2023-02-16T22:04:56+00:00","mainEntityOfPage":{"@id":"https:\/\/www.missoeshumanitarias.org\/es\/programa-de-educacion-en-situaciones-de-emergencias-y-respuesta-humanitaria\/"},"wordCount":500,"publisher":{"@id":"https:\/\/www.missoeshumanitarias.org\/es\/#organization"},"image":{"@id":"https:\/\/www.missoeshumanitarias.org\/es\/programa-de-educacion-en-situaciones-de-emergencias-y-respuesta-humanitaria\/#primaryimage"},"thumbnailUrl":"https:\/\/www.missoeshumanitarias.org\/wp-content\/uploads\/2022\/07\/missao-colombia_FMHI.jpg","keywords":["Misi\u00f3n Angola"],"articleSection":["Noticias","Noticias de las Misiones"],"inLanguage":"es"},{"@type":"WebPage","@id":"https:\/\/www.missoeshumanitarias.org\/es\/programa-de-educacion-en-situaciones-de-emergencias-y-respuesta-humanitaria\/","url":"https:\/\/www.missoeshumanitarias.org\/es\/programa-de-educacion-en-situaciones-de-emergencias-y-respuesta-humanitaria\/","name":"Programa de Educaci\u00f3n en Situaciones de Emergencias y Respuesta Humanitaria - Fraternidade Miss\u00f5es Humanit\u00e1rias Internacionais","isPartOf":{"@id":"https:\/\/www.missoeshumanitarias.org\/es\/#website"},"primaryImageOfPage":{"@id":"https:\/\/www.missoeshumanitarias.org\/es\/programa-de-educacion-en-situaciones-de-emergencias-y-respuesta-humanitaria\/#primaryimage"},"image":{"@id":"https:\/\/www.missoeshumanitarias.org\/es\/programa-de-educacion-en-situaciones-de-emergencias-y-respuesta-humanitaria\/#primaryimage"},"thumbnailUrl":"https:\/\/www.missoeshumanitarias.org\/wp-content\/uploads\/2022\/07\/missao-colombia_FMHI.jpg","datePublished":"2022-07-24T11:00:35+00:00","dateModified":"2023-02-16T22:04:56+00:00","breadcrumb":{"@id":"https:\/\/www.missoeshumanitarias.org\/es\/programa-de-educacion-en-situaciones-de-emergencias-y-respuesta-humanitaria\/#breadcrumb"},"inLanguage":"es","potentialAction":[{"@type":"ReadAction","target":["https:\/\/www.missoeshumanitarias.org\/es\/programa-de-educacion-en-situaciones-de-emergencias-y-respuesta-humanitaria\/"]}]},{"@type":"ImageObject","inLanguage":"es","@id":"https:\/\/www.missoeshumanitarias.org\/es\/programa-de-educacion-en-situaciones-de-emergencias-y-respuesta-humanitaria\/#primaryimage","url":"https:\/\/www.missoeshumanitarias.org\/wp-content\/uploads\/2022\/07\/missao-colombia_FMHI.jpg","contentUrl":"https:\/\/www.missoeshumanitarias.org\/wp-content\/uploads\/2022\/07\/missao-colombia_FMHI.jpg","width":1280,"height":960,"caption":"Miss\u00e3o Humanit\u00e1ria Col\u00f4mbia"},{"@type":"BreadcrumbList","@id":"https:\/\/www.missoeshumanitarias.org\/es\/programa-de-educacion-en-situaciones-de-emergencias-y-respuesta-humanitaria\/#breadcrumb","itemListElement":[{"@type":"ListItem","position":1,"name":"Home","item":"https:\/\/www.missoeshumanitarias.org\/en\/"},{"@type":"ListItem","position":2,"name":"Programa de Educaci\u00f3n en Situaciones de Emergencias y Respuesta Humanitaria"}]},{"@type":"WebSite","@id":"https:\/\/www.missoeshumanitarias.org\/es\/#website","url":"https:\/\/www.missoeshumanitarias.org\/es\/","name":"Fraternidade Miss\u00f5es Humanit\u00e1rias Internacionais","description":"Respostas Humanit\u00e1rias e Emerg\u00eancias","publisher":{"@id":"https:\/\/www.missoeshumanitarias.org\/es\/#organization"},"potentialAction":[{"@type":"SearchAction","target":{"@type":"EntryPoint","urlTemplate":"https:\/\/www.missoeshumanitarias.org\/es\/?s={search_term_string}"},"query-input":"required name=search_term_string"}],"inLanguage":"es"},{"@type":"Organization","@id":"https:\/\/www.missoeshumanitarias.org\/es\/#organization","name":"Fraternidade - Miss\u00f5es Humanit\u00e1rias Internacionais","url":"https:\/\/www.missoeshumanitarias.org\/es\/","logo":{"@type":"ImageObject","inLanguage":"es","@id":"https:\/\/www.missoeshumanitarias.org\/es\/#\/schema\/logo\/image\/","url":"https:\/\/www.missoeshumanitarias.org\/wp-content\/uploads\/2020\/05\/logo-FMHI-mg.png","contentUrl":"https:\/\/www.missoeshumanitarias.org\/wp-content\/uploads\/2020\/05\/logo-FMHI-mg.png","width":520,"height":134,"caption":"Fraternidade - Miss\u00f5es Humanit\u00e1rias Internacionais"},"image":{"@id":"https:\/\/www.missoeshumanitarias.org\/es\/#\/schema\/logo\/image\/"}},{"@type":"Person","@id":"https:\/\/www.missoeshumanitarias.org\/es\/#\/schema\/person\/e0f8527323154d1eba9f9d9eb6b401f7","name":"maducato_admin","image":{"@type":"ImageObject","inLanguage":"es","@id":"https:\/\/www.missoeshumanitarias.org\/es\/#\/schema\/person\/image\/","url":"https:\/\/secure.gravatar.com\/avatar\/6c3b45186a8f5a459d8e14c7fca370bceae92402bc06171d75e4e559b6c24393?s=96&d=mm&r=g","contentUrl":"https:\/\/secure.gravatar.com\/avatar\/6c3b45186a8f5a459d8e14c7fca370bceae92402bc06171d75e4e559b6c24393?s=96&d=mm&r=g","caption":"maducato_admin"}}]}},"_links":{"self":[{"href":"https:\/\/www.missoeshumanitarias.org\/es\/wp-json\/wp\/v2\/posts\/144190","targetHints":{"allow":["GET"]}}],"collection":[{"href":"https:\/\/www.missoeshumanitarias.org\/es\/wp-json\/wp\/v2\/posts"}],"about":[{"href":"https:\/\/www.missoeshumanitarias.org\/es\/wp-json\/wp\/v2\/types\/post"}],"author":[{"embeddable":true,"href":"https:\/\/www.missoeshumanitarias.org\/es\/wp-json\/wp\/v2\/users\/1"}],"replies":[{"embeddable":true,"href":"https:\/\/www.missoeshumanitarias.org\/es\/wp-json\/wp\/v2\/comments?post=144190"}],"version-history":[{"count":0,"href":"https:\/\/www.missoeshumanitarias.org\/es\/wp-json\/wp\/v2\/posts\/144190\/revisions"}],"wp:featuredmedia":[{"embeddable":true,"href":"https:\/\/www.missoeshumanitarias.org\/es\/wp-json\/wp\/v2\/media\/143701"}],"wp:attachment":[{"href":"https:\/\/www.missoeshumanitarias.org\/es\/wp-json\/wp\/v2\/media?parent=144190"}],"wp:term":[{"taxonomy":"category","embeddable":true,"href":"https:\/\/www.missoeshumanitarias.org\/es\/wp-json\/wp\/v2\/categories?post=144190"},{"taxonomy":"post_tag","embeddable":true,"href":"https:\/\/www.missoeshumanitarias.org\/es\/wp-json\/wp\/v2\/tags?post=144190"}],"curies":[{"name":"wp","href":"https:\/\/api.w.org\/{rel}","templated":true}]}}