{"id":144264,"date":"2022-08-12T08:13:40","date_gmt":"2022-08-12T11:13:40","guid":{"rendered":"https:\/\/www.missoeshumanitarias.org\/dia-internacional-de-la-juventud\/"},"modified":"2022-08-18T07:48:00","modified_gmt":"2022-08-18T10:48:00","slug":"dia-internacional-de-la-juventud","status":"publish","type":"post","link":"https:\/\/www.missoeshumanitarias.org\/es\/dia-internacional-de-la-juventud\/","title":{"rendered":"D\u00eda Internacional de la Juventud"},"content":{"rendered":"\n<p>\u00abEcho de menos a mi familia, donde viv\u00eda, mi casa, y venir aqu\u00ed es como volver a empezar, venir a un sitio donde no sabes nada, no tienes dinero. Aprender a hablar y estudiar para poder trabajar y ganar dinero, no es tan f\u00e1cil. No dejas a tu familia, a tu casa porque quieras irte, no, es porque lo necesitas\u00bb.<\/p>\n\n<p>En estas palabras de Naicol, un joven ind\u00edgena que vive en un albergue para refugiados venezolanos, bajo la coordinaci\u00f3n de la Operaci\u00f3n Acogida, en Boa Vista, Roraima, podemos percibir los desaf\u00edos que enfrentan los j\u00f3venes que viven en situaci\u00f3n de refugio.<\/p>\n\n<p>Seg\u00fan datos de la Agencia de la ONU para Refugiados (ACNUR), el 52% de los refugiados de todo el mundo son menores de 18 a\u00f1os que, en las largas trayectorias que recorren, son susceptibles de sufrir traumas derivados de abusos, abandono, violencia, explotaci\u00f3n, trata o incluso reclutamiento militar forzado e irregular.&#13;\n&#13;\n.<\/p>\n\n<p>En este D\u00eda Internacional de la Juventud, que se celebra hoy, 12 de agosto, es importante destacar que, a pesar de todos los retos a los que se enfrentan estos j\u00f3venes, siguen firmes en el aprendizaje que la vida les ha impuesto, sin perder la capacidad de so\u00f1ar y luchar por d\u00edas mejores.<\/p>\n\n<p>Esta fecha es tambi\u00e9n un momento importante para celebrar el papel de la Juventud en la vanguardia de las innovaciones y cambios globales, y tambi\u00e9n ser conscientes de los retos que esta transformaci\u00f3n requiere.<\/p>\n\n<figure class=\"wp-block-embed is-type-video is-provider-youtube wp-block-embed-youtube wp-embed-aspect-16-9 wp-has-aspect-ratio\"><div class=\"wp-block-embed__wrapper\">\r\n<iframe title=\"Dia Internacional da Juventude - 2022\" width=\"800\" height=\"450\" src=\"https:\/\/www.youtube.com\/embed\/AXuoziAU_XQ?feature=oembed\" frameborder=\"0\" allow=\"accelerometer; autoplay; clipboard-write; encrypted-media; gyroscope; picture-in-picture\" allowfullscreen><\/iframe>\r\n<\/div><\/figure>\r\n\n<h3 class=\"wp-block-heading\" id=\"h-sementes-do-amanha\"><b>Semillas del Ma\u00f1ana<\/b><\/h3>\n\n<p>\u00abQuisiera algo m\u00e1s, un futuro estable, un trabajo estable, mi casa, y poder ayudar a mi familia que est\u00e1 en Venezuela, esa es mi meta\u00bb, sue\u00f1a Edgardo, un joven venezolano.<\/p>\n\n<p>El<a href=\"https:\/\/www.missoeshumanitarias.org\/ccfi\/\" target=\"_blank\" rel=\"noopener\">\u00a0Centro Cultural y de Formaci\u00f3n Ind\u00edgena (CCFI)<\/a>, coordinado por la\u00a0<a href=\"https:\/\/www.fraterinternacional.org\/es\/\" target=\"_blank\" rel=\"noopener\">Fraternidad &#8211; Federaci\u00f3n Humanitaria Internacional (FFHI)<\/a>, en asociaci\u00f3n con la Operaci\u00f3n Acogida, creado con el objetivo de ofrecer gratuitamente cursos y talleres de formaci\u00f3n profesional a la poblaci\u00f3n ind\u00edgena migrante y refugiada, permite que j\u00f3venes como Edgardo y Naicol alcancen la independencia socioecon\u00f3mica, cumpliendo as\u00ed sus sue\u00f1os y estableci\u00e9ndose con dignidad en Brasil.<\/p>\n\n<p>Adem\u00e1s de las diversas formaciones culturales, recreativos y de capacitaci\u00f3n profesional dirigidos a los j\u00f3venes, el<a href=\"https:\/\/www.missoeshumanitarias.org\/ccfi\/\" target=\"_blank\" rel=\"noopener\">\u00a0CCFI\u00a0<\/a>tambi\u00e9n ofrece actividades como talleres de costura, zapater\u00eda, artesan\u00eda, peluquer\u00eda y alimentaci\u00f3n, cursos de emprendimientos, atenci\u00f3n al cliente, ventas y mercadeo, e incentivos para que los hombres y mujeres adultos interesados participen en ferias y eventos.<\/p>\n\n<p>Que el ejemplo de j\u00f3venes como Edgardo y Naicol, y de todos los j\u00f3venes migrantes y refugiados del planeta, que sue\u00f1an con un mundo mejor para todos, trascienda las fronteras y llegue a los corazones y a las mentes.<\/p>\n\n<p>La\u00a0<a href=\"https:\/\/www.fraterinternacional.org\/es\/\" target=\"_blank\" rel=\"noopener\">Fraternidad &#8211; Humanitaria (FFHI)<\/a>\u00a0desea a todos la Juventud el coraje y la resiliencia para recorrer los caminos de fraternidad y compromiso para la construcci\u00f3n del bien com\u00fan.<\/p>\n","protected":false},"excerpt":{"rendered":"<p>\u00abEcho de menos a mi familia, donde viv\u00eda, mi casa, y venir aqu\u00ed es como volver a empezar, venir a un sitio donde no sabes nada, no tienes dinero. Aprender a hablar y estudiar para poder trabajar y ganar dinero, no es tan f\u00e1cil. No dejas a tu familia, a tu casa porque quieras irte, [&hellip;]<\/p>\n","protected":false},"author":1,"featured_media":144256,"comment_status":"closed","ping_status":"closed","sticky":false,"template":"","format":"standard","meta":{"footnotes":""},"categories":[43,131,118],"tags":[],"class_list":["post-144264","post","type-post","status-publish","format-standard","has-post-thumbnail","hentry","category-noticias-es","category-noticias-de-las-misiones","category-videos-es"],"featured_image_src":"https:\/\/www.missoeshumanitarias.org\/wp-content\/uploads\/2022\/08\/capa-dia-juventude.jpg","author_info":{"display_name":"maducato_admin","author_link":"https:\/\/www.missoeshumanitarias.org\/es\/author\/maducato_admin\/"},"yoast_head":"<!-- This site is optimized with the Yoast SEO Premium plugin v22.5 (Yoast SEO v22.5) - https:\/\/yoast.com\/wordpress\/plugins\/seo\/ -->\n<title>D\u00eda Internacional de la Juventud - Fraternidade Miss\u00f5es Humanit\u00e1rias Internacionais<\/title>\n<meta name=\"robots\" content=\"index, follow, max-snippet:-1, max-image-preview:large, max-video-preview:-1\" \/>\n<link rel=\"canonical\" href=\"https:\/\/www.missoeshumanitarias.org\/es\/dia-internacional-de-la-juventud\/\" \/>\n<meta property=\"og:locale\" content=\"es_ES\" \/>\n<meta property=\"og:type\" content=\"article\" \/>\n<meta property=\"og:title\" content=\"D\u00eda Internacional de la Juventud\" \/>\n<meta property=\"og:description\" content=\"\u00abEcho de menos a mi familia, donde viv\u00eda, mi casa, y venir aqu\u00ed es como volver a empezar, venir a un sitio donde no sabes nada, no tienes dinero. Aprender a hablar y estudiar para poder trabajar y ganar dinero, no es tan f\u00e1cil. No dejas a tu familia, a tu casa porque quieras irte, [&hellip;]\" \/>\n<meta property=\"og:url\" content=\"https:\/\/www.missoeshumanitarias.org\/es\/dia-internacional-de-la-juventud\/\" \/>\n<meta property=\"og:site_name\" content=\"Fraternidade Miss\u00f5es Humanit\u00e1rias Internacionais\" \/>\n<meta property=\"article:published_time\" content=\"2022-08-12T11:13:40+00:00\" \/>\n<meta property=\"article:modified_time\" content=\"2022-08-18T10:48:00+00:00\" \/>\n<meta property=\"og:image\" content=\"https:\/\/www.missoeshumanitarias.org\/wp-content\/uploads\/2022\/08\/capa-dia-juventude.jpg\" \/>\n\t<meta property=\"og:image:width\" content=\"480\" \/>\n\t<meta property=\"og:image:height\" content=\"267\" \/>\n\t<meta property=\"og:image:type\" content=\"image\/jpeg\" \/>\n<meta name=\"author\" content=\"maducato_admin\" \/>\n<meta name=\"twitter:card\" content=\"summary_large_image\" \/>\n<meta name=\"twitter:label1\" content=\"Escrito por\" \/>\n\t<meta name=\"twitter:data1\" content=\"maducato_admin\" \/>\n\t<meta name=\"twitter:label2\" content=\"Tiempo de lectura\" \/>\n\t<meta name=\"twitter:data2\" content=\"3 minutos\" \/>\n<script type=\"application\/ld+json\" class=\"yoast-schema-graph\">{\"@context\":\"https:\/\/schema.org\",\"@graph\":[{\"@type\":\"Article\",\"@id\":\"https:\/\/www.missoeshumanitarias.org\/es\/dia-internacional-de-la-juventud\/#article\",\"isPartOf\":{\"@id\":\"https:\/\/www.missoeshumanitarias.org\/es\/dia-internacional-de-la-juventud\/\"},\"author\":{\"name\":\"maducato_admin\",\"@id\":\"https:\/\/www.missoeshumanitarias.org\/es\/#\/schema\/person\/e0f8527323154d1eba9f9d9eb6b401f7\"},\"headline\":\"D\u00eda Internacional de la Juventud\",\"datePublished\":\"2022-08-12T11:13:40+00:00\",\"dateModified\":\"2022-08-18T10:48:00+00:00\",\"mainEntityOfPage\":{\"@id\":\"https:\/\/www.missoeshumanitarias.org\/es\/dia-internacional-de-la-juventud\/\"},\"wordCount\":512,\"publisher\":{\"@id\":\"https:\/\/www.missoeshumanitarias.org\/es\/#organization\"},\"image\":{\"@id\":\"https:\/\/www.missoeshumanitarias.org\/es\/dia-internacional-de-la-juventud\/#primaryimage\"},\"thumbnailUrl\":\"https:\/\/www.missoeshumanitarias.org\/wp-content\/uploads\/2022\/08\/capa-dia-juventude.jpg\",\"articleSection\":[\"Noticias\",\"Noticias de las Misiones\",\"Videos\"],\"inLanguage\":\"es\"},{\"@type\":\"WebPage\",\"@id\":\"https:\/\/www.missoeshumanitarias.org\/es\/dia-internacional-de-la-juventud\/\",\"url\":\"https:\/\/www.missoeshumanitarias.org\/es\/dia-internacional-de-la-juventud\/\",\"name\":\"D\u00eda Internacional de la Juventud - Fraternidade Miss\u00f5es Humanit\u00e1rias Internacionais\",\"isPartOf\":{\"@id\":\"https:\/\/www.missoeshumanitarias.org\/es\/#website\"},\"primaryImageOfPage\":{\"@id\":\"https:\/\/www.missoeshumanitarias.org\/es\/dia-internacional-de-la-juventud\/#primaryimage\"},\"image\":{\"@id\":\"https:\/\/www.missoeshumanitarias.org\/es\/dia-internacional-de-la-juventud\/#primaryimage\"},\"thumbnailUrl\":\"https:\/\/www.missoeshumanitarias.org\/wp-content\/uploads\/2022\/08\/capa-dia-juventude.jpg\",\"datePublished\":\"2022-08-12T11:13:40+00:00\",\"dateModified\":\"2022-08-18T10:48:00+00:00\",\"breadcrumb\":{\"@id\":\"https:\/\/www.missoeshumanitarias.org\/es\/dia-internacional-de-la-juventud\/#breadcrumb\"},\"inLanguage\":\"es\",\"potentialAction\":[{\"@type\":\"ReadAction\",\"target\":[\"https:\/\/www.missoeshumanitarias.org\/es\/dia-internacional-de-la-juventud\/\"]}]},{\"@type\":\"ImageObject\",\"inLanguage\":\"es\",\"@id\":\"https:\/\/www.missoeshumanitarias.org\/es\/dia-internacional-de-la-juventud\/#primaryimage\",\"url\":\"https:\/\/www.missoeshumanitarias.org\/wp-content\/uploads\/2022\/08\/capa-dia-juventude.jpg\",\"contentUrl\":\"https:\/\/www.missoeshumanitarias.org\/wp-content\/uploads\/2022\/08\/capa-dia-juventude.jpg\",\"width\":480,\"height\":267,\"caption\":\"Dia Internacional da Juventude\"},{\"@type\":\"BreadcrumbList\",\"@id\":\"https:\/\/www.missoeshumanitarias.org\/es\/dia-internacional-de-la-juventud\/#breadcrumb\",\"itemListElement\":[{\"@type\":\"ListItem\",\"position\":1,\"name\":\"Home\",\"item\":\"https:\/\/www.missoeshumanitarias.org\/en\/\"},{\"@type\":\"ListItem\",\"position\":2,\"name\":\"D\u00eda Internacional de la Juventud\"}]},{\"@type\":\"WebSite\",\"@id\":\"https:\/\/www.missoeshumanitarias.org\/es\/#website\",\"url\":\"https:\/\/www.missoeshumanitarias.org\/es\/\",\"name\":\"Fraternidade Miss\u00f5es Humanit\u00e1rias Internacionais\",\"description\":\"Respostas Humanit\u00e1rias e Emerg\u00eancias\",\"publisher\":{\"@id\":\"https:\/\/www.missoeshumanitarias.org\/es\/#organization\"},\"potentialAction\":[{\"@type\":\"SearchAction\",\"target\":{\"@type\":\"EntryPoint\",\"urlTemplate\":\"https:\/\/www.missoeshumanitarias.org\/es\/?s={search_term_string}\"},\"query-input\":\"required name=search_term_string\"}],\"inLanguage\":\"es\"},{\"@type\":\"Organization\",\"@id\":\"https:\/\/www.missoeshumanitarias.org\/es\/#organization\",\"name\":\"Fraternidade - Miss\u00f5es Humanit\u00e1rias Internacionais\",\"url\":\"https:\/\/www.missoeshumanitarias.org\/es\/\",\"logo\":{\"@type\":\"ImageObject\",\"inLanguage\":\"es\",\"@id\":\"https:\/\/www.missoeshumanitarias.org\/es\/#\/schema\/logo\/image\/\",\"url\":\"https:\/\/www.missoeshumanitarias.org\/wp-content\/uploads\/2020\/05\/logo-FMHI-mg.png\",\"contentUrl\":\"https:\/\/www.missoeshumanitarias.org\/wp-content\/uploads\/2020\/05\/logo-FMHI-mg.png\",\"width\":520,\"height\":134,\"caption\":\"Fraternidade - Miss\u00f5es Humanit\u00e1rias Internacionais\"},\"image\":{\"@id\":\"https:\/\/www.missoeshumanitarias.org\/es\/#\/schema\/logo\/image\/\"}},{\"@type\":\"Person\",\"@id\":\"https:\/\/www.missoeshumanitarias.org\/es\/#\/schema\/person\/e0f8527323154d1eba9f9d9eb6b401f7\",\"name\":\"maducato_admin\",\"image\":{\"@type\":\"ImageObject\",\"inLanguage\":\"es\",\"@id\":\"https:\/\/www.missoeshumanitarias.org\/es\/#\/schema\/person\/image\/\",\"url\":\"https:\/\/secure.gravatar.com\/avatar\/6c3b45186a8f5a459d8e14c7fca370bceae92402bc06171d75e4e559b6c24393?s=96&d=mm&r=g\",\"contentUrl\":\"https:\/\/secure.gravatar.com\/avatar\/6c3b45186a8f5a459d8e14c7fca370bceae92402bc06171d75e4e559b6c24393?s=96&d=mm&r=g\",\"caption\":\"maducato_admin\"}}]}<\/script>\n<!-- \/ Yoast SEO Premium plugin. -->","yoast_head_json":{"title":"D\u00eda Internacional de la Juventud - Fraternidade Miss\u00f5es Humanit\u00e1rias Internacionais","robots":{"index":"index","follow":"follow","max-snippet":"max-snippet:-1","max-image-preview":"max-image-preview:large","max-video-preview":"max-video-preview:-1"},"canonical":"https:\/\/www.missoeshumanitarias.org\/es\/dia-internacional-de-la-juventud\/","og_locale":"es_ES","og_type":"article","og_title":"D\u00eda Internacional de la Juventud","og_description":"\u00abEcho de menos a mi familia, donde viv\u00eda, mi casa, y venir aqu\u00ed es como volver a empezar, venir a un sitio donde no sabes nada, no tienes dinero. Aprender a hablar y estudiar para poder trabajar y ganar dinero, no es tan f\u00e1cil. No dejas a tu familia, a tu casa porque quieras irte, [&hellip;]","og_url":"https:\/\/www.missoeshumanitarias.org\/es\/dia-internacional-de-la-juventud\/","og_site_name":"Fraternidade Miss\u00f5es Humanit\u00e1rias Internacionais","article_published_time":"2022-08-12T11:13:40+00:00","article_modified_time":"2022-08-18T10:48:00+00:00","og_image":[{"width":480,"height":267,"url":"https:\/\/www.missoeshumanitarias.org\/wp-content\/uploads\/2022\/08\/capa-dia-juventude.jpg","type":"image\/jpeg"}],"author":"maducato_admin","twitter_card":"summary_large_image","twitter_misc":{"Escrito por":"maducato_admin","Tiempo de lectura":"3 minutos"},"schema":{"@context":"https:\/\/schema.org","@graph":[{"@type":"Article","@id":"https:\/\/www.missoeshumanitarias.org\/es\/dia-internacional-de-la-juventud\/#article","isPartOf":{"@id":"https:\/\/www.missoeshumanitarias.org\/es\/dia-internacional-de-la-juventud\/"},"author":{"name":"maducato_admin","@id":"https:\/\/www.missoeshumanitarias.org\/es\/#\/schema\/person\/e0f8527323154d1eba9f9d9eb6b401f7"},"headline":"D\u00eda Internacional de la Juventud","datePublished":"2022-08-12T11:13:40+00:00","dateModified":"2022-08-18T10:48:00+00:00","mainEntityOfPage":{"@id":"https:\/\/www.missoeshumanitarias.org\/es\/dia-internacional-de-la-juventud\/"},"wordCount":512,"publisher":{"@id":"https:\/\/www.missoeshumanitarias.org\/es\/#organization"},"image":{"@id":"https:\/\/www.missoeshumanitarias.org\/es\/dia-internacional-de-la-juventud\/#primaryimage"},"thumbnailUrl":"https:\/\/www.missoeshumanitarias.org\/wp-content\/uploads\/2022\/08\/capa-dia-juventude.jpg","articleSection":["Noticias","Noticias de las Misiones","Videos"],"inLanguage":"es"},{"@type":"WebPage","@id":"https:\/\/www.missoeshumanitarias.org\/es\/dia-internacional-de-la-juventud\/","url":"https:\/\/www.missoeshumanitarias.org\/es\/dia-internacional-de-la-juventud\/","name":"D\u00eda Internacional de la Juventud - Fraternidade Miss\u00f5es Humanit\u00e1rias Internacionais","isPartOf":{"@id":"https:\/\/www.missoeshumanitarias.org\/es\/#website"},"primaryImageOfPage":{"@id":"https:\/\/www.missoeshumanitarias.org\/es\/dia-internacional-de-la-juventud\/#primaryimage"},"image":{"@id":"https:\/\/www.missoeshumanitarias.org\/es\/dia-internacional-de-la-juventud\/#primaryimage"},"thumbnailUrl":"https:\/\/www.missoeshumanitarias.org\/wp-content\/uploads\/2022\/08\/capa-dia-juventude.jpg","datePublished":"2022-08-12T11:13:40+00:00","dateModified":"2022-08-18T10:48:00+00:00","breadcrumb":{"@id":"https:\/\/www.missoeshumanitarias.org\/es\/dia-internacional-de-la-juventud\/#breadcrumb"},"inLanguage":"es","potentialAction":[{"@type":"ReadAction","target":["https:\/\/www.missoeshumanitarias.org\/es\/dia-internacional-de-la-juventud\/"]}]},{"@type":"ImageObject","inLanguage":"es","@id":"https:\/\/www.missoeshumanitarias.org\/es\/dia-internacional-de-la-juventud\/#primaryimage","url":"https:\/\/www.missoeshumanitarias.org\/wp-content\/uploads\/2022\/08\/capa-dia-juventude.jpg","contentUrl":"https:\/\/www.missoeshumanitarias.org\/wp-content\/uploads\/2022\/08\/capa-dia-juventude.jpg","width":480,"height":267,"caption":"Dia Internacional da Juventude"},{"@type":"BreadcrumbList","@id":"https:\/\/www.missoeshumanitarias.org\/es\/dia-internacional-de-la-juventud\/#breadcrumb","itemListElement":[{"@type":"ListItem","position":1,"name":"Home","item":"https:\/\/www.missoeshumanitarias.org\/en\/"},{"@type":"ListItem","position":2,"name":"D\u00eda Internacional de la Juventud"}]},{"@type":"WebSite","@id":"https:\/\/www.missoeshumanitarias.org\/es\/#website","url":"https:\/\/www.missoeshumanitarias.org\/es\/","name":"Fraternidade Miss\u00f5es Humanit\u00e1rias Internacionais","description":"Respostas Humanit\u00e1rias e Emerg\u00eancias","publisher":{"@id":"https:\/\/www.missoeshumanitarias.org\/es\/#organization"},"potentialAction":[{"@type":"SearchAction","target":{"@type":"EntryPoint","urlTemplate":"https:\/\/www.missoeshumanitarias.org\/es\/?s={search_term_string}"},"query-input":"required name=search_term_string"}],"inLanguage":"es"},{"@type":"Organization","@id":"https:\/\/www.missoeshumanitarias.org\/es\/#organization","name":"Fraternidade - Miss\u00f5es Humanit\u00e1rias Internacionais","url":"https:\/\/www.missoeshumanitarias.org\/es\/","logo":{"@type":"ImageObject","inLanguage":"es","@id":"https:\/\/www.missoeshumanitarias.org\/es\/#\/schema\/logo\/image\/","url":"https:\/\/www.missoeshumanitarias.org\/wp-content\/uploads\/2020\/05\/logo-FMHI-mg.png","contentUrl":"https:\/\/www.missoeshumanitarias.org\/wp-content\/uploads\/2020\/05\/logo-FMHI-mg.png","width":520,"height":134,"caption":"Fraternidade - Miss\u00f5es Humanit\u00e1rias Internacionais"},"image":{"@id":"https:\/\/www.missoeshumanitarias.org\/es\/#\/schema\/logo\/image\/"}},{"@type":"Person","@id":"https:\/\/www.missoeshumanitarias.org\/es\/#\/schema\/person\/e0f8527323154d1eba9f9d9eb6b401f7","name":"maducato_admin","image":{"@type":"ImageObject","inLanguage":"es","@id":"https:\/\/www.missoeshumanitarias.org\/es\/#\/schema\/person\/image\/","url":"https:\/\/secure.gravatar.com\/avatar\/6c3b45186a8f5a459d8e14c7fca370bceae92402bc06171d75e4e559b6c24393?s=96&d=mm&r=g","contentUrl":"https:\/\/secure.gravatar.com\/avatar\/6c3b45186a8f5a459d8e14c7fca370bceae92402bc06171d75e4e559b6c24393?s=96&d=mm&r=g","caption":"maducato_admin"}}]}},"_links":{"self":[{"href":"https:\/\/www.missoeshumanitarias.org\/es\/wp-json\/wp\/v2\/posts\/144264","targetHints":{"allow":["GET"]}}],"collection":[{"href":"https:\/\/www.missoeshumanitarias.org\/es\/wp-json\/wp\/v2\/posts"}],"about":[{"href":"https:\/\/www.missoeshumanitarias.org\/es\/wp-json\/wp\/v2\/types\/post"}],"author":[{"embeddable":true,"href":"https:\/\/www.missoeshumanitarias.org\/es\/wp-json\/wp\/v2\/users\/1"}],"replies":[{"embeddable":true,"href":"https:\/\/www.missoeshumanitarias.org\/es\/wp-json\/wp\/v2\/comments?post=144264"}],"version-history":[{"count":0,"href":"https:\/\/www.missoeshumanitarias.org\/es\/wp-json\/wp\/v2\/posts\/144264\/revisions"}],"wp:featuredmedia":[{"embeddable":true,"href":"https:\/\/www.missoeshumanitarias.org\/es\/wp-json\/wp\/v2\/media\/144256"}],"wp:attachment":[{"href":"https:\/\/www.missoeshumanitarias.org\/es\/wp-json\/wp\/v2\/media?parent=144264"}],"wp:term":[{"taxonomy":"category","embeddable":true,"href":"https:\/\/www.missoeshumanitarias.org\/es\/wp-json\/wp\/v2\/categories?post=144264"},{"taxonomy":"post_tag","embeddable":true,"href":"https:\/\/www.missoeshumanitarias.org\/es\/wp-json\/wp\/v2\/tags?post=144264"}],"curies":[{"name":"wp","href":"https:\/\/api.w.org\/{rel}","templated":true}]}}