{"id":144912,"date":"2022-09-16T12:48:55","date_gmt":"2022-09-16T15:48:55","guid":{"rendered":"https:\/\/www.missoeshumanitarias.org\/capacitacion-en-educacion-etica-para-ninos\/"},"modified":"2022-09-16T16:47:16","modified_gmt":"2022-09-16T19:47:16","slug":"capacitacion-en-educacion-etica-para-ninos","status":"publish","type":"post","link":"https:\/\/www.missoeshumanitarias.org\/es\/capacitacion-en-educacion-etica-para-ninos\/","title":{"rendered":"Capacitaci\u00f3n en Educaci\u00f3n \u00c9tica para Ni\u00f1os"},"content":{"rendered":"\n<p>Treinta y cuatro personas, entre trabajadores humanitarios y colaboradores de la\u00a0<a href=\"https:\/\/www.missoeshumanitarias.org\/es\/\" target=\"_blank\" rel=\"noopener\">Fraternidad &#8211; Misiones Humanitarias Internacionales (FMHI)<\/a>, participaron en el curso de formaci\u00f3n\u00a0<b>\u00abAprender a Vivir Juntos &#8211; Educaci\u00f3n \u00c9tica para Ni\u00f1os\u00bb<\/b>, que tuvo lugar el 14 de agosto, en F\u00e1tima, Portugal.<\/p>\n\n<p>Impartida por Vera Leal, coordinadora de la organizaci\u00f3n Arigatou International, la formaci\u00f3n abord\u00f3 el Programa Aprender a Vivir Juntos, en asociaci\u00f3n con Unesco y Unicef.<\/p>\n\n<p>Aprender a Vivir Juntos &#8211; Educaci\u00f3n \u00c9tica para Ni\u00f1os aborda temas como la prevenci\u00f3n de la violencia en las escuelas y comunidades, el racismo, la discriminaci\u00f3n o la exclusi\u00f3n; y capacita a ni\u00f1os y j\u00f3venes a trabajar en colaboraci\u00f3n con los dem\u00e1s. Utiliza un enfoque innovador del aprendizaje intercultural y promueve una educaci\u00f3n de calidad basada en los valores para ni\u00f1os y j\u00f3venes de todo el mundo, en el marco del derecho del ni\u00f1o a la educaci\u00f3n, de conformidad con la Convenci\u00f3n de los Derechos del Ni\u00f1o de las Naciones Unidas (ONU).<\/p>\n\n<figure class=\"wp-block-gallery has-nested-images columns-default is-cropped wp-block-gallery-1 is-layout-flex wp-block-gallery-is-layout-flex\">\n<figure class=\"wp-block-image size-large\"><img fetchpriority=\"high\" decoding=\"async\" width=\"1280\" height=\"853\" data-id=\"144898\" src=\"https:\/\/www.missoeshumanitarias.org\/wp-content\/uploads\/2022\/09\/Arigatou_Internacional_FMHI_Educacao_Etica_Criancas_3.jpg\" alt=\"Capacitaci&#xF3;n en Educaci&#xF3;n &#xC9;tica para Ni&#xF1;os\" class=\"wp-image-144898\" srcset=\"https:\/\/www.missoeshumanitarias.org\/wp-content\/uploads\/2022\/09\/Arigatou_Internacional_FMHI_Educacao_Etica_Criancas_3.jpg 1280w, https:\/\/www.missoeshumanitarias.org\/wp-content\/uploads\/2022\/09\/Arigatou_Internacional_FMHI_Educacao_Etica_Criancas_3-300x200.jpg 300w, https:\/\/www.missoeshumanitarias.org\/wp-content\/uploads\/2022\/09\/Arigatou_Internacional_FMHI_Educacao_Etica_Criancas_3-1024x682.jpg 1024w, https:\/\/www.missoeshumanitarias.org\/wp-content\/uploads\/2022\/09\/Arigatou_Internacional_FMHI_Educacao_Etica_Criancas_3-768x512.jpg 768w\" sizes=\"(max-width: 1280px) 100vw, 1280px\" \/><\/figure>\n\n\n\n<figure class=\"wp-block-image size-large\"><img decoding=\"async\" width=\"1280\" height=\"853\" data-id=\"144902\" src=\"https:\/\/www.missoeshumanitarias.org\/wp-content\/uploads\/2022\/09\/Arigatou_Internacional_FMHI_Educacao_Etica_Criancas.jpg\" alt=\"Capacitaci&#xF3;n en Educaci&#xF3;n &#xC9;tica para Ni&#xF1;os\" class=\"wp-image-144902\" srcset=\"https:\/\/www.missoeshumanitarias.org\/wp-content\/uploads\/2022\/09\/Arigatou_Internacional_FMHI_Educacao_Etica_Criancas.jpg 1280w, https:\/\/www.missoeshumanitarias.org\/wp-content\/uploads\/2022\/09\/Arigatou_Internacional_FMHI_Educacao_Etica_Criancas-300x200.jpg 300w, https:\/\/www.missoeshumanitarias.org\/wp-content\/uploads\/2022\/09\/Arigatou_Internacional_FMHI_Educacao_Etica_Criancas-1024x682.jpg 1024w, https:\/\/www.missoeshumanitarias.org\/wp-content\/uploads\/2022\/09\/Arigatou_Internacional_FMHI_Educacao_Etica_Criancas-768x512.jpg 768w\" sizes=\"(max-width: 1280px) 100vw, 1280px\" \/><\/figure>\n\n\n\n<figure class=\"wp-block-image size-large\"><img decoding=\"async\" width=\"1280\" height=\"853\" data-id=\"144906\" src=\"https:\/\/www.missoeshumanitarias.org\/wp-content\/uploads\/2022\/09\/Arigatou_Internacional_FMHI_Educacao_Etica_Criancas_2.jpg\" alt=\"Capacitaci&#xF3;n en Educaci&#xF3;n &#xC9;tica para Ni&#xF1;os\" class=\"wp-image-144906\" srcset=\"https:\/\/www.missoeshumanitarias.org\/wp-content\/uploads\/2022\/09\/Arigatou_Internacional_FMHI_Educacao_Etica_Criancas_2.jpg 1280w, https:\/\/www.missoeshumanitarias.org\/wp-content\/uploads\/2022\/09\/Arigatou_Internacional_FMHI_Educacao_Etica_Criancas_2-300x200.jpg 300w, https:\/\/www.missoeshumanitarias.org\/wp-content\/uploads\/2022\/09\/Arigatou_Internacional_FMHI_Educacao_Etica_Criancas_2-1024x682.jpg 1024w, https:\/\/www.missoeshumanitarias.org\/wp-content\/uploads\/2022\/09\/Arigatou_Internacional_FMHI_Educacao_Etica_Criancas_2-768x512.jpg 768w\" sizes=\"(max-width: 1280px) 100vw, 1280px\" \/><\/figure>\n<\/figure>\n\n<p>El servidor humanitario, Anderson Santiago, de la\u00a0<a href=\"https:\/\/www.missoeshumanitarias.org\/es\/\" target=\"_blank\" rel=\"noopener\">Fraternidad &#8211; Misiones Humanitarias (FMHI)\u00a0<\/a>destac\u00f3 la importancia de esta formaci\u00f3n para todos los participantes, teniendo en cuenta el papel que desempe\u00f1a Arigatou Internacional en la construcci\u00f3n de la paz, de soluciones por medio del di\u00e1logo y la convivencia \u00e9tica familiar y social en diversas regiones del mundo, papel este \u2014subray\u00f3 Anderson\u2014 \u00abmuy similar al trabajo que ya desarrollan las Escuelas Parque Tibetano en las Comunidades-Luz, afiliadas a la\u00a0<a href=\"https:\/\/www.fraterinternacional.org\/es\/\" target=\"_blank\" rel=\"noopener\">Fraternidad- Humanitaria (FFHI)<\/a>\u00ab.<\/p>\n\n<p>Esta formaci\u00f3n, seg\u00fan Anderson, ser\u00e1 una oportunidad para que la Fraternidad-Misiones Humanitarias (FMHI) y Arigatou International puedan desarrollar proyectos comunes en el \u00e1mbito de la educaci\u00f3n en las respuestas humanitarias en las diferentes regiones planetarias en las que act\u00faa la Fraternidad-Misiones Humanitarias (FMHI).<\/p>\n\n<h3 class=\"wp-block-heading\" id=\"h-aprender-a-viver-juntos\"><b>Aprender a vivir juntos<\/b><\/h3>\n\n<figure class=\"wp-block-gallery has-nested-images columns-default is-cropped wp-block-gallery-2 is-layout-flex wp-block-gallery-is-layout-flex\">\n<figure class=\"wp-block-image size-large\"><img loading=\"lazy\" decoding=\"async\" width=\"629\" height=\"725\" data-id=\"144890\" src=\"https:\/\/www.missoeshumanitarias.org\/wp-content\/uploads\/2022\/09\/Arigatou_Internacional_FMHI_Educacao_Etica_Criancas_6.jpg.png\" alt=\"Aprender a vivir juntos\" class=\"wp-image-144890\" srcset=\"https:\/\/www.missoeshumanitarias.org\/wp-content\/uploads\/2022\/09\/Arigatou_Internacional_FMHI_Educacao_Etica_Criancas_6.jpg.png 629w, https:\/\/www.missoeshumanitarias.org\/wp-content\/uploads\/2022\/09\/Arigatou_Internacional_FMHI_Educacao_Etica_Criancas_6.jpg-260x300.png 260w\" sizes=\"(max-width: 629px) 100vw, 629px\" \/><\/figure>\n\n\n\n<figure class=\"wp-block-image size-large\"><img loading=\"lazy\" decoding=\"async\" width=\"571\" height=\"689\" data-id=\"144894\" src=\"https:\/\/www.missoeshumanitarias.org\/wp-content\/uploads\/2022\/09\/Arigatou_Internacional_FMHI_Educacao_Etica_Criancas_5.jpg.png\" alt=\"Aprender a vivir juntos\" class=\"wp-image-144894\" srcset=\"https:\/\/www.missoeshumanitarias.org\/wp-content\/uploads\/2022\/09\/Arigatou_Internacional_FMHI_Educacao_Etica_Criancas_5.jpg.png 571w, https:\/\/www.missoeshumanitarias.org\/wp-content\/uploads\/2022\/09\/Arigatou_Internacional_FMHI_Educacao_Etica_Criancas_5.jpg-249x300.png 249w\" sizes=\"(max-width: 571px) 100vw, 571px\" \/><\/figure>\n<\/figure>\n\n<p>El Programa, traducido a 13 idiomas, ha formado ya a m\u00e1s de 5000 facilitadores y 52 instructores en 40 pa\u00edses, llegando a m\u00e1s de 453.000 ni\u00f1os y j\u00f3venes que aprenden los conceptos de c\u00f3mo vivir en solidaridad con personas de diferentes religiones, culturas y etnias; y se les capacita para tomar decisiones \u00e9ticas, alimentar su espiritualidad y desarrollar la capacidad innata de hacer contribuciones positivas para transformar sus comunidades, bas\u00e1ndose en los valores que promueven el respeto por su propia cultura y creencias y las de los dem\u00e1s.<\/p>\n\n<p><b>Acerca de Arigatou International<\/b><\/p>\n<div class=\"wp-block-image\">\n<figure class=\"aligncenter size-full\"><img loading=\"lazy\" decoding=\"async\" width=\"729\" height=\"330\" src=\"https:\/\/www.missoeshumanitarias.org\/wp-content\/uploads\/2022\/09\/Arigatou_Internacional_FMHI_Educacao_Etica_Criancas_4.jpg.png\" alt=\"Arigatou International\" class=\"wp-image-144886\" srcset=\"https:\/\/www.missoeshumanitarias.org\/wp-content\/uploads\/2022\/09\/Arigatou_Internacional_FMHI_Educacao_Etica_Criancas_4.jpg.png 729w, https:\/\/www.missoeshumanitarias.org\/wp-content\/uploads\/2022\/09\/Arigatou_Internacional_FMHI_Educacao_Etica_Criancas_4.jpg-300x136.png 300w\" sizes=\"(max-width: 729px) 100vw, 729px\" \/><\/figure>\n<\/div>\n<p>Es una organizaci\u00f3n sin fines de lucro que se esfuerza por reunir a personas de todos las esferas de la vida para construir un mundo mejor para los ni\u00f1os. Arigatou International es \u00abTodo por los Ni\u00f1os\u00bb, y se basa en los principios universales del bien com\u00fan para ofrecer nuevas y convincentes formas de colaboraci\u00f3n entre personas de diversos or\u00edgenes religiosos y culturales en torno a los problemas de la infancia.<\/p>\n\n<p>Fue fundada en 1990 por la organizaci\u00f3n budista japonesa Myochikai, cuyos miembros siguen apoyando su labor en la actualidad con donaciones. El nombre \u00abArigatou\u00bb significa \u00abgracias\u00bb en japon\u00e9s, y expresa el esp\u00edritu de los miembros de Myochikai, que est\u00e1n agradecidos por tener la oportunidad de apoyar a los ni\u00f1os de todo el mundo con sus donaciones. Tiene su sede en Tokio (Jap\u00f3n) y oficinas en Ginebra (Suiza), Nueva York (Estados Unidos) y Nairobi (Kenia).<\/p>\n","protected":false},"excerpt":{"rendered":"<p>Treinta y cuatro personas, entre trabajadores humanitarios y colaboradores de la\u00a0Fraternidad &#8211; Misiones Humanitarias Internacionales (FMHI), participaron en el curso de formaci\u00f3n\u00a0\u00abAprender a Vivir Juntos &#8211; Educaci\u00f3n \u00c9tica para Ni\u00f1os\u00bb, que tuvo lugar el 14 de agosto, en F\u00e1tima, Portugal. Impartida por Vera Leal, coordinadora de la organizaci\u00f3n Arigatou International, la formaci\u00f3n abord\u00f3 el Programa [&hellip;]<\/p>\n","protected":false},"author":1,"featured_media":144905,"comment_status":"closed","ping_status":"closed","sticky":false,"template":"","format":"standard","meta":{"footnotes":""},"categories":[43],"tags":[],"class_list":["post-144912","post","type-post","status-publish","format-standard","has-post-thumbnail","hentry","category-noticias-es"],"featured_image_src":"https:\/\/www.missoeshumanitarias.org\/wp-content\/uploads\/2022\/09\/Arigatou_Internacional_FMHI_Educacao_Etica_Criancas.jpg","author_info":{"display_name":"maducato_admin","author_link":"https:\/\/www.missoeshumanitarias.org\/es\/author\/maducato_admin\/"},"yoast_head":"<!-- This site is optimized with the Yoast SEO Premium plugin v22.5 (Yoast SEO v22.5) - https:\/\/yoast.com\/wordpress\/plugins\/seo\/ -->\n<title>Capacitaci\u00f3n en Educaci\u00f3n \u00c9tica para Ni\u00f1os - Fraternidade Miss\u00f5es Humanit\u00e1rias Internacionais<\/title>\n<meta name=\"robots\" content=\"index, follow, max-snippet:-1, max-image-preview:large, max-video-preview:-1\" \/>\n<link rel=\"canonical\" href=\"https:\/\/www.missoeshumanitarias.org\/es\/capacitacion-en-educacion-etica-para-ninos\/\" \/>\n<meta property=\"og:locale\" content=\"es_ES\" \/>\n<meta property=\"og:type\" content=\"article\" \/>\n<meta property=\"og:title\" content=\"Capacitaci\u00f3n en Educaci\u00f3n \u00c9tica para Ni\u00f1os\" \/>\n<meta property=\"og:description\" content=\"Treinta y cuatro personas, entre trabajadores humanitarios y colaboradores de la\u00a0Fraternidad &#8211; Misiones Humanitarias Internacionales (FMHI), participaron en el curso de formaci\u00f3n\u00a0\u00abAprender a Vivir Juntos &#8211; Educaci\u00f3n \u00c9tica para Ni\u00f1os\u00bb, que tuvo lugar el 14 de agosto, en F\u00e1tima, Portugal. Impartida por Vera Leal, coordinadora de la organizaci\u00f3n Arigatou International, la formaci\u00f3n abord\u00f3 el Programa [&hellip;]\" \/>\n<meta property=\"og:url\" content=\"https:\/\/www.missoeshumanitarias.org\/es\/capacitacion-en-educacion-etica-para-ninos\/\" \/>\n<meta property=\"og:site_name\" content=\"Fraternidade Miss\u00f5es Humanit\u00e1rias Internacionais\" \/>\n<meta property=\"article:published_time\" content=\"2022-09-16T15:48:55+00:00\" \/>\n<meta property=\"article:modified_time\" content=\"2022-09-16T19:47:16+00:00\" \/>\n<meta property=\"og:image\" content=\"https:\/\/www.missoeshumanitarias.org\/wp-content\/uploads\/2022\/09\/Arigatou_Internacional_FMHI_Educacao_Etica_Criancas.jpg\" \/>\n\t<meta property=\"og:image:width\" content=\"1280\" \/>\n\t<meta property=\"og:image:height\" content=\"853\" \/>\n\t<meta property=\"og:image:type\" content=\"image\/jpeg\" \/>\n<meta name=\"author\" content=\"maducato_admin\" \/>\n<meta name=\"twitter:card\" content=\"summary_large_image\" \/>\n<meta name=\"twitter:label1\" content=\"Escrito por\" \/>\n\t<meta name=\"twitter:data1\" content=\"maducato_admin\" \/>\n\t<meta name=\"twitter:label2\" content=\"Tiempo de lectura\" \/>\n\t<meta name=\"twitter:data2\" content=\"3 minutos\" \/>\n<script type=\"application\/ld+json\" class=\"yoast-schema-graph\">{\"@context\":\"https:\/\/schema.org\",\"@graph\":[{\"@type\":\"Article\",\"@id\":\"https:\/\/www.missoeshumanitarias.org\/es\/capacitacion-en-educacion-etica-para-ninos\/#article\",\"isPartOf\":{\"@id\":\"https:\/\/www.missoeshumanitarias.org\/es\/capacitacion-en-educacion-etica-para-ninos\/\"},\"author\":{\"name\":\"maducato_admin\",\"@id\":\"https:\/\/www.missoeshumanitarias.org\/es\/#\/schema\/person\/e0f8527323154d1eba9f9d9eb6b401f7\"},\"headline\":\"Capacitaci\u00f3n en Educaci\u00f3n \u00c9tica para Ni\u00f1os\",\"datePublished\":\"2022-09-16T15:48:55+00:00\",\"dateModified\":\"2022-09-16T19:47:16+00:00\",\"mainEntityOfPage\":{\"@id\":\"https:\/\/www.missoeshumanitarias.org\/es\/capacitacion-en-educacion-etica-para-ninos\/\"},\"wordCount\":574,\"publisher\":{\"@id\":\"https:\/\/www.missoeshumanitarias.org\/es\/#organization\"},\"image\":{\"@id\":\"https:\/\/www.missoeshumanitarias.org\/es\/capacitacion-en-educacion-etica-para-ninos\/#primaryimage\"},\"thumbnailUrl\":\"https:\/\/www.missoeshumanitarias.org\/wp-content\/uploads\/2022\/09\/Arigatou_Internacional_FMHI_Educacao_Etica_Criancas.jpg\",\"articleSection\":[\"Noticias\"],\"inLanguage\":\"es\"},{\"@type\":\"WebPage\",\"@id\":\"https:\/\/www.missoeshumanitarias.org\/es\/capacitacion-en-educacion-etica-para-ninos\/\",\"url\":\"https:\/\/www.missoeshumanitarias.org\/es\/capacitacion-en-educacion-etica-para-ninos\/\",\"name\":\"Capacitaci\u00f3n en Educaci\u00f3n \u00c9tica para Ni\u00f1os - Fraternidade Miss\u00f5es Humanit\u00e1rias Internacionais\",\"isPartOf\":{\"@id\":\"https:\/\/www.missoeshumanitarias.org\/es\/#website\"},\"primaryImageOfPage\":{\"@id\":\"https:\/\/www.missoeshumanitarias.org\/es\/capacitacion-en-educacion-etica-para-ninos\/#primaryimage\"},\"image\":{\"@id\":\"https:\/\/www.missoeshumanitarias.org\/es\/capacitacion-en-educacion-etica-para-ninos\/#primaryimage\"},\"thumbnailUrl\":\"https:\/\/www.missoeshumanitarias.org\/wp-content\/uploads\/2022\/09\/Arigatou_Internacional_FMHI_Educacao_Etica_Criancas.jpg\",\"datePublished\":\"2022-09-16T15:48:55+00:00\",\"dateModified\":\"2022-09-16T19:47:16+00:00\",\"breadcrumb\":{\"@id\":\"https:\/\/www.missoeshumanitarias.org\/es\/capacitacion-en-educacion-etica-para-ninos\/#breadcrumb\"},\"inLanguage\":\"es\",\"potentialAction\":[{\"@type\":\"ReadAction\",\"target\":[\"https:\/\/www.missoeshumanitarias.org\/es\/capacitacion-en-educacion-etica-para-ninos\/\"]}]},{\"@type\":\"ImageObject\",\"inLanguage\":\"es\",\"@id\":\"https:\/\/www.missoeshumanitarias.org\/es\/capacitacion-en-educacion-etica-para-ninos\/#primaryimage\",\"url\":\"https:\/\/www.missoeshumanitarias.org\/wp-content\/uploads\/2022\/09\/Arigatou_Internacional_FMHI_Educacao_Etica_Criancas.jpg\",\"contentUrl\":\"https:\/\/www.missoeshumanitarias.org\/wp-content\/uploads\/2022\/09\/Arigatou_Internacional_FMHI_Educacao_Etica_Criancas.jpg\",\"width\":1280,\"height\":853,\"caption\":\"Aprender a Viver Juntos \u2013 Educa\u00e7\u00e3o \u00c9tica para Crian\u00e7as\"},{\"@type\":\"BreadcrumbList\",\"@id\":\"https:\/\/www.missoeshumanitarias.org\/es\/capacitacion-en-educacion-etica-para-ninos\/#breadcrumb\",\"itemListElement\":[{\"@type\":\"ListItem\",\"position\":1,\"name\":\"Home\",\"item\":\"https:\/\/www.missoeshumanitarias.org\/en\/\"},{\"@type\":\"ListItem\",\"position\":2,\"name\":\"Capacitaci\u00f3n en Educaci\u00f3n \u00c9tica para Ni\u00f1os\"}]},{\"@type\":\"WebSite\",\"@id\":\"https:\/\/www.missoeshumanitarias.org\/es\/#website\",\"url\":\"https:\/\/www.missoeshumanitarias.org\/es\/\",\"name\":\"Fraternidade Miss\u00f5es Humanit\u00e1rias Internacionais\",\"description\":\"Respostas Humanit\u00e1rias e Emerg\u00eancias\",\"publisher\":{\"@id\":\"https:\/\/www.missoeshumanitarias.org\/es\/#organization\"},\"potentialAction\":[{\"@type\":\"SearchAction\",\"target\":{\"@type\":\"EntryPoint\",\"urlTemplate\":\"https:\/\/www.missoeshumanitarias.org\/es\/?s={search_term_string}\"},\"query-input\":\"required name=search_term_string\"}],\"inLanguage\":\"es\"},{\"@type\":\"Organization\",\"@id\":\"https:\/\/www.missoeshumanitarias.org\/es\/#organization\",\"name\":\"Fraternidade - Miss\u00f5es Humanit\u00e1rias Internacionais\",\"url\":\"https:\/\/www.missoeshumanitarias.org\/es\/\",\"logo\":{\"@type\":\"ImageObject\",\"inLanguage\":\"es\",\"@id\":\"https:\/\/www.missoeshumanitarias.org\/es\/#\/schema\/logo\/image\/\",\"url\":\"https:\/\/www.missoeshumanitarias.org\/wp-content\/uploads\/2020\/05\/logo-FMHI-mg.png\",\"contentUrl\":\"https:\/\/www.missoeshumanitarias.org\/wp-content\/uploads\/2020\/05\/logo-FMHI-mg.png\",\"width\":520,\"height\":134,\"caption\":\"Fraternidade - Miss\u00f5es Humanit\u00e1rias Internacionais\"},\"image\":{\"@id\":\"https:\/\/www.missoeshumanitarias.org\/es\/#\/schema\/logo\/image\/\"}},{\"@type\":\"Person\",\"@id\":\"https:\/\/www.missoeshumanitarias.org\/es\/#\/schema\/person\/e0f8527323154d1eba9f9d9eb6b401f7\",\"name\":\"maducato_admin\",\"image\":{\"@type\":\"ImageObject\",\"inLanguage\":\"es\",\"@id\":\"https:\/\/www.missoeshumanitarias.org\/es\/#\/schema\/person\/image\/\",\"url\":\"https:\/\/secure.gravatar.com\/avatar\/6c3b45186a8f5a459d8e14c7fca370bceae92402bc06171d75e4e559b6c24393?s=96&d=mm&r=g\",\"contentUrl\":\"https:\/\/secure.gravatar.com\/avatar\/6c3b45186a8f5a459d8e14c7fca370bceae92402bc06171d75e4e559b6c24393?s=96&d=mm&r=g\",\"caption\":\"maducato_admin\"}}]}<\/script>\n<!-- \/ Yoast SEO Premium plugin. -->","yoast_head_json":{"title":"Capacitaci\u00f3n en Educaci\u00f3n \u00c9tica para Ni\u00f1os - Fraternidade Miss\u00f5es Humanit\u00e1rias Internacionais","robots":{"index":"index","follow":"follow","max-snippet":"max-snippet:-1","max-image-preview":"max-image-preview:large","max-video-preview":"max-video-preview:-1"},"canonical":"https:\/\/www.missoeshumanitarias.org\/es\/capacitacion-en-educacion-etica-para-ninos\/","og_locale":"es_ES","og_type":"article","og_title":"Capacitaci\u00f3n en Educaci\u00f3n \u00c9tica para Ni\u00f1os","og_description":"Treinta y cuatro personas, entre trabajadores humanitarios y colaboradores de la\u00a0Fraternidad &#8211; Misiones Humanitarias Internacionales (FMHI), participaron en el curso de formaci\u00f3n\u00a0\u00abAprender a Vivir Juntos &#8211; Educaci\u00f3n \u00c9tica para Ni\u00f1os\u00bb, que tuvo lugar el 14 de agosto, en F\u00e1tima, Portugal. Impartida por Vera Leal, coordinadora de la organizaci\u00f3n Arigatou International, la formaci\u00f3n abord\u00f3 el Programa [&hellip;]","og_url":"https:\/\/www.missoeshumanitarias.org\/es\/capacitacion-en-educacion-etica-para-ninos\/","og_site_name":"Fraternidade Miss\u00f5es Humanit\u00e1rias Internacionais","article_published_time":"2022-09-16T15:48:55+00:00","article_modified_time":"2022-09-16T19:47:16+00:00","og_image":[{"width":1280,"height":853,"url":"https:\/\/www.missoeshumanitarias.org\/wp-content\/uploads\/2022\/09\/Arigatou_Internacional_FMHI_Educacao_Etica_Criancas.jpg","type":"image\/jpeg"}],"author":"maducato_admin","twitter_card":"summary_large_image","twitter_misc":{"Escrito por":"maducato_admin","Tiempo de lectura":"3 minutos"},"schema":{"@context":"https:\/\/schema.org","@graph":[{"@type":"Article","@id":"https:\/\/www.missoeshumanitarias.org\/es\/capacitacion-en-educacion-etica-para-ninos\/#article","isPartOf":{"@id":"https:\/\/www.missoeshumanitarias.org\/es\/capacitacion-en-educacion-etica-para-ninos\/"},"author":{"name":"maducato_admin","@id":"https:\/\/www.missoeshumanitarias.org\/es\/#\/schema\/person\/e0f8527323154d1eba9f9d9eb6b401f7"},"headline":"Capacitaci\u00f3n en Educaci\u00f3n \u00c9tica para Ni\u00f1os","datePublished":"2022-09-16T15:48:55+00:00","dateModified":"2022-09-16T19:47:16+00:00","mainEntityOfPage":{"@id":"https:\/\/www.missoeshumanitarias.org\/es\/capacitacion-en-educacion-etica-para-ninos\/"},"wordCount":574,"publisher":{"@id":"https:\/\/www.missoeshumanitarias.org\/es\/#organization"},"image":{"@id":"https:\/\/www.missoeshumanitarias.org\/es\/capacitacion-en-educacion-etica-para-ninos\/#primaryimage"},"thumbnailUrl":"https:\/\/www.missoeshumanitarias.org\/wp-content\/uploads\/2022\/09\/Arigatou_Internacional_FMHI_Educacao_Etica_Criancas.jpg","articleSection":["Noticias"],"inLanguage":"es"},{"@type":"WebPage","@id":"https:\/\/www.missoeshumanitarias.org\/es\/capacitacion-en-educacion-etica-para-ninos\/","url":"https:\/\/www.missoeshumanitarias.org\/es\/capacitacion-en-educacion-etica-para-ninos\/","name":"Capacitaci\u00f3n en Educaci\u00f3n \u00c9tica para Ni\u00f1os - Fraternidade Miss\u00f5es Humanit\u00e1rias Internacionais","isPartOf":{"@id":"https:\/\/www.missoeshumanitarias.org\/es\/#website"},"primaryImageOfPage":{"@id":"https:\/\/www.missoeshumanitarias.org\/es\/capacitacion-en-educacion-etica-para-ninos\/#primaryimage"},"image":{"@id":"https:\/\/www.missoeshumanitarias.org\/es\/capacitacion-en-educacion-etica-para-ninos\/#primaryimage"},"thumbnailUrl":"https:\/\/www.missoeshumanitarias.org\/wp-content\/uploads\/2022\/09\/Arigatou_Internacional_FMHI_Educacao_Etica_Criancas.jpg","datePublished":"2022-09-16T15:48:55+00:00","dateModified":"2022-09-16T19:47:16+00:00","breadcrumb":{"@id":"https:\/\/www.missoeshumanitarias.org\/es\/capacitacion-en-educacion-etica-para-ninos\/#breadcrumb"},"inLanguage":"es","potentialAction":[{"@type":"ReadAction","target":["https:\/\/www.missoeshumanitarias.org\/es\/capacitacion-en-educacion-etica-para-ninos\/"]}]},{"@type":"ImageObject","inLanguage":"es","@id":"https:\/\/www.missoeshumanitarias.org\/es\/capacitacion-en-educacion-etica-para-ninos\/#primaryimage","url":"https:\/\/www.missoeshumanitarias.org\/wp-content\/uploads\/2022\/09\/Arigatou_Internacional_FMHI_Educacao_Etica_Criancas.jpg","contentUrl":"https:\/\/www.missoeshumanitarias.org\/wp-content\/uploads\/2022\/09\/Arigatou_Internacional_FMHI_Educacao_Etica_Criancas.jpg","width":1280,"height":853,"caption":"Aprender a Viver Juntos \u2013 Educa\u00e7\u00e3o \u00c9tica para Crian\u00e7as"},{"@type":"BreadcrumbList","@id":"https:\/\/www.missoeshumanitarias.org\/es\/capacitacion-en-educacion-etica-para-ninos\/#breadcrumb","itemListElement":[{"@type":"ListItem","position":1,"name":"Home","item":"https:\/\/www.missoeshumanitarias.org\/en\/"},{"@type":"ListItem","position":2,"name":"Capacitaci\u00f3n en Educaci\u00f3n \u00c9tica para Ni\u00f1os"}]},{"@type":"WebSite","@id":"https:\/\/www.missoeshumanitarias.org\/es\/#website","url":"https:\/\/www.missoeshumanitarias.org\/es\/","name":"Fraternidade Miss\u00f5es Humanit\u00e1rias Internacionais","description":"Respostas Humanit\u00e1rias e Emerg\u00eancias","publisher":{"@id":"https:\/\/www.missoeshumanitarias.org\/es\/#organization"},"potentialAction":[{"@type":"SearchAction","target":{"@type":"EntryPoint","urlTemplate":"https:\/\/www.missoeshumanitarias.org\/es\/?s={search_term_string}"},"query-input":"required name=search_term_string"}],"inLanguage":"es"},{"@type":"Organization","@id":"https:\/\/www.missoeshumanitarias.org\/es\/#organization","name":"Fraternidade - Miss\u00f5es Humanit\u00e1rias Internacionais","url":"https:\/\/www.missoeshumanitarias.org\/es\/","logo":{"@type":"ImageObject","inLanguage":"es","@id":"https:\/\/www.missoeshumanitarias.org\/es\/#\/schema\/logo\/image\/","url":"https:\/\/www.missoeshumanitarias.org\/wp-content\/uploads\/2020\/05\/logo-FMHI-mg.png","contentUrl":"https:\/\/www.missoeshumanitarias.org\/wp-content\/uploads\/2020\/05\/logo-FMHI-mg.png","width":520,"height":134,"caption":"Fraternidade - Miss\u00f5es Humanit\u00e1rias Internacionais"},"image":{"@id":"https:\/\/www.missoeshumanitarias.org\/es\/#\/schema\/logo\/image\/"}},{"@type":"Person","@id":"https:\/\/www.missoeshumanitarias.org\/es\/#\/schema\/person\/e0f8527323154d1eba9f9d9eb6b401f7","name":"maducato_admin","image":{"@type":"ImageObject","inLanguage":"es","@id":"https:\/\/www.missoeshumanitarias.org\/es\/#\/schema\/person\/image\/","url":"https:\/\/secure.gravatar.com\/avatar\/6c3b45186a8f5a459d8e14c7fca370bceae92402bc06171d75e4e559b6c24393?s=96&d=mm&r=g","contentUrl":"https:\/\/secure.gravatar.com\/avatar\/6c3b45186a8f5a459d8e14c7fca370bceae92402bc06171d75e4e559b6c24393?s=96&d=mm&r=g","caption":"maducato_admin"}}]}},"_links":{"self":[{"href":"https:\/\/www.missoeshumanitarias.org\/es\/wp-json\/wp\/v2\/posts\/144912","targetHints":{"allow":["GET"]}}],"collection":[{"href":"https:\/\/www.missoeshumanitarias.org\/es\/wp-json\/wp\/v2\/posts"}],"about":[{"href":"https:\/\/www.missoeshumanitarias.org\/es\/wp-json\/wp\/v2\/types\/post"}],"author":[{"embeddable":true,"href":"https:\/\/www.missoeshumanitarias.org\/es\/wp-json\/wp\/v2\/users\/1"}],"replies":[{"embeddable":true,"href":"https:\/\/www.missoeshumanitarias.org\/es\/wp-json\/wp\/v2\/comments?post=144912"}],"version-history":[{"count":0,"href":"https:\/\/www.missoeshumanitarias.org\/es\/wp-json\/wp\/v2\/posts\/144912\/revisions"}],"wp:featuredmedia":[{"embeddable":true,"href":"https:\/\/www.missoeshumanitarias.org\/es\/wp-json\/wp\/v2\/media\/144905"}],"wp:attachment":[{"href":"https:\/\/www.missoeshumanitarias.org\/es\/wp-json\/wp\/v2\/media?parent=144912"}],"wp:term":[{"taxonomy":"category","embeddable":true,"href":"https:\/\/www.missoeshumanitarias.org\/es\/wp-json\/wp\/v2\/categories?post=144912"},{"taxonomy":"post_tag","embeddable":true,"href":"https:\/\/www.missoeshumanitarias.org\/es\/wp-json\/wp\/v2\/tags?post=144912"}],"curies":[{"name":"wp","href":"https:\/\/api.w.org\/{rel}","templated":true}]}}