{"id":145705,"date":"2022-10-29T07:28:16","date_gmt":"2022-10-29T10:28:16","guid":{"rendered":"https:\/\/www.missoeshumanitarias.org\/acuerdo-de-cooperacion\/"},"modified":"2022-11-14T20:59:13","modified_gmt":"2022-11-14T23:59:13","slug":"acuerdo-de-cooperacion","status":"publish","type":"post","link":"https:\/\/www.missoeshumanitarias.org\/es\/acuerdo-de-cooperacion\/","title":{"rendered":"Acuerdo de cooperaci\u00f3n"},"content":{"rendered":"\n<p><p style=\"font-weight: 400;\">El 13 de octubre, la\u00a0<a href=\"https:\/\/www.fraterinternacional.org\/es\/\">Fraternidad &#8211; Federaci\u00f3n HumanitariaInternacional (FFHI)\u00a0<\/a>firm\u00f3 un acuerdo de cooperaci\u00f3n con la\u00a0<a href=\"https:\/\/www.missoeshumanitarias.org\/es\/?s=Amir\">Asociaci\u00f3n deMigrantes Ind\u00edgenas Roraim\u00f6 (AMIR)<\/a>.<\/p>&#13;\n<p style=\"font-weight: 400;\">El acuerdo establece que las dos organizaciones actuar\u00e1n conjuntamente en la implementaci\u00f3n y el funcionamiento de la Escuela de M\u00fasica de la Orquesta \u201cM\u00fasica sin Fronteras\u201d, en el\u00a0<a href=\"https:\/\/www.missoeshumanitarias.org\/es\/ccfi\/\">Centro Cultural y de Formaci\u00f3nInd\u00edgena (CCFI)\u00a0<\/a>as\u00ed como en la articulaci\u00f3n y apoyo al desarrollo del proyecto de agroecolog\u00eda de\u00a0<a href=\"https:\/\/www.missoeshumanitarias.org\/es\/?s=Amir\">AMIR<\/a>\u00a0en las comunidades ind\u00edgenas de\u00a0<a href=\"http:\/\/taurepang\/\">taurepang<\/a>\u00a0del municipio de Pacaraima, y en la colaboraci\u00f3n con el proyecto de emprendimiento y en la capacitaciones a trav\u00e9s de talleres y cursos de formaci\u00f3n profesional.<\/p><\/p>\n<div class=\"wp-block-image\">\n<figure class=\"aligncenter size-large is-resized\"><img fetchpriority=\"high\" decoding=\"async\" src=\"https:\/\/www.missoeshumanitarias.org\/wp-content\/uploads\/2022\/10\/Cooperacao_FFHI_AMIR-1024x768.jpg\" alt=\"\" class=\"wp-image-145360\" width=\"847\" height=\"635\" srcset=\"https:\/\/www.missoeshumanitarias.org\/wp-content\/uploads\/2022\/10\/Cooperacao_FFHI_AMIR-1024x768.jpg 1024w, https:\/\/www.missoeshumanitarias.org\/wp-content\/uploads\/2022\/10\/Cooperacao_FFHI_AMIR-300x225.jpg 300w, https:\/\/www.missoeshumanitarias.org\/wp-content\/uploads\/2022\/10\/Cooperacao_FFHI_AMIR-768x576.jpg 768w, https:\/\/www.missoeshumanitarias.org\/wp-content\/uploads\/2022\/10\/Cooperacao_FFHI_AMIR.jpg 1280w\" sizes=\"(max-width: 847px) 100vw, 847px\" \/><\/figure>\n<\/div>\n<p>Seg\u00fan el director general de la\u00a0<a href=\"https:\/\/www.fraterinternacional.org\/es\/\" target=\"_blank\" rel=\"noopener\">Fraternidad &#8211; Humanitaria(FFHI)<\/a>, Fray Luciano, \u00abeste acuerdo representa un gran paso en la respuesta humanitaria a los ind\u00edgenas venezolanos, anzando de acciones de emergencia a la construcci\u00f3n de medios de vida, lo quesignifica que estamos av contribuir\u00e1 a la integraci\u00f3n local, la educaci\u00f3n, la preservaci\u00f3n, el intercambio entre culturas y a la inserci\u00f3n laboral, generando autonom\u00eda social y econ\u00f3mica para estos pueblos de manera duradera y efectiva.\u00bb<\/p>\n\n<p>Milly, representante de\u00a0<a href=\"https:\/\/www.missoeshumanitarias.org\/es\/?s=Amir\" target=\"_blank\" rel=\"noopener\">AMIR<\/a>, destac\u00f3 la importancia del acuerdo para los pueblos ind\u00edgenas: \u00abAbrir\u00e1 las puertas al pueblo\u00a0<a href=\"https:\/\/www.missoeshumanitarias.org\/es\/?s=pemon\" target=\"_blank\" rel=\"noopener\">pem\u00f3n<\/a>\u00a0y a otros pueblos que est\u00e1n aqu\u00ed. Son oportunidades que se abren y debemos saber aprovecharlas. Tenemos mucho potencial\u00bb.<\/p>\n\n<p>Fray Luciano tambi\u00e9n se\u00f1al\u00f3 que \u00abla decisi\u00f3n mutua de unir esfuerzos, conocimientos, recursos t\u00e9cnicos, materiales y humanos para la realizaci\u00f3n de acciones conjuntas, a favor de la concreci\u00f3n y el cuidado de los derechos humanos de los ind\u00edgenas venezolanos en Roraima, repercutir\u00e1 no solo en este pueblo espec\u00edfico, sino que traer\u00e1 un aporte inconmensurable a todas las comunidades en las que est\u00e1n insertos, y m\u00e1s all\u00e1, porque confiamos en que la promoci\u00f3n de la igualdad, de la dignidad y de la paz trasciende las fronteras y llega a toda la humanidad\u00bb.<\/p>\n<div class=\"wp-block-image\">\n<figure class=\"aligncenter size-full is-resized\"><img decoding=\"async\" src=\"https:\/\/www.missoeshumanitarias.org\/wp-content\/uploads\/2022\/10\/Cooperacao_FFHI_AMIR_2.jpg\" alt=\"\" class=\"wp-image-145364\" width=\"824\" height=\"618\" srcset=\"https:\/\/www.missoeshumanitarias.org\/wp-content\/uploads\/2022\/10\/Cooperacao_FFHI_AMIR_2.jpg 680w, https:\/\/www.missoeshumanitarias.org\/wp-content\/uploads\/2022\/10\/Cooperacao_FFHI_AMIR_2-300x225.jpg 300w\" sizes=\"(max-width: 824px) 100vw, 824px\" \/><\/figure>\n<\/div>","protected":false},"excerpt":{"rendered":"<p>El 13 de octubre, la\u00a0Fraternidad &#8211; Federaci\u00f3n HumanitariaInternacional (FFHI)\u00a0firm\u00f3 un acuerdo de cooperaci\u00f3n con la\u00a0Asociaci\u00f3n deMigrantes Ind\u00edgenas Roraim\u00f6 (AMIR). &#13; El acuerdo establece que las dos organizaciones actuar\u00e1n conjuntamente en la implementaci\u00f3n y el funcionamiento de la Escuela de M\u00fasica de la Orquesta \u201cM\u00fasica sin Fronteras\u201d, en el\u00a0Centro Cultural y de Formaci\u00f3nInd\u00edgena (CCFI)\u00a0as\u00ed como en [&hellip;]<\/p>\n","protected":false},"author":1,"featured_media":145367,"comment_status":"closed","ping_status":"closed","sticky":false,"template":"","format":"standard","meta":{"footnotes":""},"categories":[43,131],"tags":[],"class_list":["post-145705","post","type-post","status-publish","format-standard","has-post-thumbnail","hentry","category-noticias-es","category-noticias-de-las-misiones"],"featured_image_src":"https:\/\/www.missoeshumanitarias.org\/wp-content\/uploads\/2022\/10\/Cooperacao_FFHI_AMIR_2.jpg","author_info":{"display_name":"maducato_admin","author_link":"https:\/\/www.missoeshumanitarias.org\/es\/author\/maducato_admin\/"},"yoast_head":"<!-- This site is optimized with the Yoast SEO Premium plugin v22.5 (Yoast SEO v22.5) - https:\/\/yoast.com\/wordpress\/plugins\/seo\/ -->\n<title>Acuerdo de cooperaci\u00f3n - Fraternidade Miss\u00f5es Humanit\u00e1rias Internacionais<\/title>\n<meta name=\"robots\" content=\"index, follow, max-snippet:-1, max-image-preview:large, max-video-preview:-1\" \/>\n<link rel=\"canonical\" href=\"https:\/\/www.missoeshumanitarias.org\/es\/acuerdo-de-cooperacion\/\" \/>\n<meta property=\"og:locale\" content=\"es_ES\" \/>\n<meta property=\"og:type\" content=\"article\" \/>\n<meta property=\"og:title\" content=\"Acuerdo de cooperaci\u00f3n\" \/>\n<meta property=\"og:description\" content=\"El 13 de octubre, la\u00a0Fraternidad &#8211; Federaci\u00f3n HumanitariaInternacional (FFHI)\u00a0firm\u00f3 un acuerdo de cooperaci\u00f3n con la\u00a0Asociaci\u00f3n deMigrantes Ind\u00edgenas Roraim\u00f6 (AMIR). &#013; El acuerdo establece que las dos organizaciones actuar\u00e1n conjuntamente en la implementaci\u00f3n y el funcionamiento de la Escuela de M\u00fasica de la Orquesta \u201cM\u00fasica sin Fronteras\u201d, en el\u00a0Centro Cultural y de Formaci\u00f3nInd\u00edgena (CCFI)\u00a0as\u00ed como en [&hellip;]\" \/>\n<meta property=\"og:url\" content=\"https:\/\/www.missoeshumanitarias.org\/es\/acuerdo-de-cooperacion\/\" \/>\n<meta property=\"og:site_name\" content=\"Fraternidade Miss\u00f5es Humanit\u00e1rias Internacionais\" \/>\n<meta property=\"article:published_time\" content=\"2022-10-29T10:28:16+00:00\" \/>\n<meta property=\"article:modified_time\" content=\"2022-11-14T23:59:13+00:00\" \/>\n<meta property=\"og:image\" content=\"https:\/\/www.missoeshumanitarias.org\/wp-content\/uploads\/2022\/10\/Cooperacao_FFHI_AMIR_2.jpg\" \/>\n\t<meta property=\"og:image:width\" content=\"680\" \/>\n\t<meta property=\"og:image:height\" content=\"510\" \/>\n\t<meta property=\"og:image:type\" content=\"image\/jpeg\" \/>\n<meta name=\"author\" content=\"maducato_admin\" \/>\n<meta name=\"twitter:card\" content=\"summary_large_image\" \/>\n<meta name=\"twitter:label1\" content=\"Escrito por\" \/>\n\t<meta name=\"twitter:data1\" content=\"maducato_admin\" \/>\n\t<meta name=\"twitter:label2\" content=\"Tiempo de lectura\" \/>\n\t<meta name=\"twitter:data2\" content=\"2 minutos\" \/>\n<script type=\"application\/ld+json\" class=\"yoast-schema-graph\">{\"@context\":\"https:\/\/schema.org\",\"@graph\":[{\"@type\":\"Article\",\"@id\":\"https:\/\/www.missoeshumanitarias.org\/es\/acuerdo-de-cooperacion\/#article\",\"isPartOf\":{\"@id\":\"https:\/\/www.missoeshumanitarias.org\/es\/acuerdo-de-cooperacion\/\"},\"author\":{\"name\":\"maducato_admin\",\"@id\":\"https:\/\/www.missoeshumanitarias.org\/es\/#\/schema\/person\/e0f8527323154d1eba9f9d9eb6b401f7\"},\"headline\":\"Acuerdo de cooperaci\u00f3n\",\"datePublished\":\"2022-10-29T10:28:16+00:00\",\"dateModified\":\"2022-11-14T23:59:13+00:00\",\"mainEntityOfPage\":{\"@id\":\"https:\/\/www.missoeshumanitarias.org\/es\/acuerdo-de-cooperacion\/\"},\"wordCount\":348,\"publisher\":{\"@id\":\"https:\/\/www.missoeshumanitarias.org\/es\/#organization\"},\"image\":{\"@id\":\"https:\/\/www.missoeshumanitarias.org\/es\/acuerdo-de-cooperacion\/#primaryimage\"},\"thumbnailUrl\":\"https:\/\/www.missoeshumanitarias.org\/wp-content\/uploads\/2022\/10\/Cooperacao_FFHI_AMIR_2.jpg\",\"articleSection\":[\"Noticias\",\"Noticias de las Misiones\"],\"inLanguage\":\"es\"},{\"@type\":\"WebPage\",\"@id\":\"https:\/\/www.missoeshumanitarias.org\/es\/acuerdo-de-cooperacion\/\",\"url\":\"https:\/\/www.missoeshumanitarias.org\/es\/acuerdo-de-cooperacion\/\",\"name\":\"Acuerdo de cooperaci\u00f3n - Fraternidade Miss\u00f5es Humanit\u00e1rias Internacionais\",\"isPartOf\":{\"@id\":\"https:\/\/www.missoeshumanitarias.org\/es\/#website\"},\"primaryImageOfPage\":{\"@id\":\"https:\/\/www.missoeshumanitarias.org\/es\/acuerdo-de-cooperacion\/#primaryimage\"},\"image\":{\"@id\":\"https:\/\/www.missoeshumanitarias.org\/es\/acuerdo-de-cooperacion\/#primaryimage\"},\"thumbnailUrl\":\"https:\/\/www.missoeshumanitarias.org\/wp-content\/uploads\/2022\/10\/Cooperacao_FFHI_AMIR_2.jpg\",\"datePublished\":\"2022-10-29T10:28:16+00:00\",\"dateModified\":\"2022-11-14T23:59:13+00:00\",\"breadcrumb\":{\"@id\":\"https:\/\/www.missoeshumanitarias.org\/es\/acuerdo-de-cooperacion\/#breadcrumb\"},\"inLanguage\":\"es\",\"potentialAction\":[{\"@type\":\"ReadAction\",\"target\":[\"https:\/\/www.missoeshumanitarias.org\/es\/acuerdo-de-cooperacion\/\"]}]},{\"@type\":\"ImageObject\",\"inLanguage\":\"es\",\"@id\":\"https:\/\/www.missoeshumanitarias.org\/es\/acuerdo-de-cooperacion\/#primaryimage\",\"url\":\"https:\/\/www.missoeshumanitarias.org\/wp-content\/uploads\/2022\/10\/Cooperacao_FFHI_AMIR_2.jpg\",\"contentUrl\":\"https:\/\/www.missoeshumanitarias.org\/wp-content\/uploads\/2022\/10\/Cooperacao_FFHI_AMIR_2.jpg\",\"width\":680,\"height\":510,\"caption\":\"Acordo de Coopera\u00e7\u00e3o\"},{\"@type\":\"BreadcrumbList\",\"@id\":\"https:\/\/www.missoeshumanitarias.org\/es\/acuerdo-de-cooperacion\/#breadcrumb\",\"itemListElement\":[{\"@type\":\"ListItem\",\"position\":1,\"name\":\"Home\",\"item\":\"https:\/\/www.missoeshumanitarias.org\/en\/\"},{\"@type\":\"ListItem\",\"position\":2,\"name\":\"Acuerdo de cooperaci\u00f3n\"}]},{\"@type\":\"WebSite\",\"@id\":\"https:\/\/www.missoeshumanitarias.org\/es\/#website\",\"url\":\"https:\/\/www.missoeshumanitarias.org\/es\/\",\"name\":\"Fraternidade Miss\u00f5es Humanit\u00e1rias Internacionais\",\"description\":\"Respostas Humanit\u00e1rias e Emerg\u00eancias\",\"publisher\":{\"@id\":\"https:\/\/www.missoeshumanitarias.org\/es\/#organization\"},\"potentialAction\":[{\"@type\":\"SearchAction\",\"target\":{\"@type\":\"EntryPoint\",\"urlTemplate\":\"https:\/\/www.missoeshumanitarias.org\/es\/?s={search_term_string}\"},\"query-input\":\"required name=search_term_string\"}],\"inLanguage\":\"es\"},{\"@type\":\"Organization\",\"@id\":\"https:\/\/www.missoeshumanitarias.org\/es\/#organization\",\"name\":\"Fraternidade - Miss\u00f5es Humanit\u00e1rias Internacionais\",\"url\":\"https:\/\/www.missoeshumanitarias.org\/es\/\",\"logo\":{\"@type\":\"ImageObject\",\"inLanguage\":\"es\",\"@id\":\"https:\/\/www.missoeshumanitarias.org\/es\/#\/schema\/logo\/image\/\",\"url\":\"https:\/\/www.missoeshumanitarias.org\/wp-content\/uploads\/2020\/05\/logo-FMHI-mg.png\",\"contentUrl\":\"https:\/\/www.missoeshumanitarias.org\/wp-content\/uploads\/2020\/05\/logo-FMHI-mg.png\",\"width\":520,\"height\":134,\"caption\":\"Fraternidade - Miss\u00f5es Humanit\u00e1rias Internacionais\"},\"image\":{\"@id\":\"https:\/\/www.missoeshumanitarias.org\/es\/#\/schema\/logo\/image\/\"}},{\"@type\":\"Person\",\"@id\":\"https:\/\/www.missoeshumanitarias.org\/es\/#\/schema\/person\/e0f8527323154d1eba9f9d9eb6b401f7\",\"name\":\"maducato_admin\",\"image\":{\"@type\":\"ImageObject\",\"inLanguage\":\"es\",\"@id\":\"https:\/\/www.missoeshumanitarias.org\/es\/#\/schema\/person\/image\/\",\"url\":\"https:\/\/secure.gravatar.com\/avatar\/6c3b45186a8f5a459d8e14c7fca370bceae92402bc06171d75e4e559b6c24393?s=96&d=mm&r=g\",\"contentUrl\":\"https:\/\/secure.gravatar.com\/avatar\/6c3b45186a8f5a459d8e14c7fca370bceae92402bc06171d75e4e559b6c24393?s=96&d=mm&r=g\",\"caption\":\"maducato_admin\"}}]}<\/script>\n<!-- \/ Yoast SEO Premium plugin. -->","yoast_head_json":{"title":"Acuerdo de cooperaci\u00f3n - Fraternidade Miss\u00f5es Humanit\u00e1rias Internacionais","robots":{"index":"index","follow":"follow","max-snippet":"max-snippet:-1","max-image-preview":"max-image-preview:large","max-video-preview":"max-video-preview:-1"},"canonical":"https:\/\/www.missoeshumanitarias.org\/es\/acuerdo-de-cooperacion\/","og_locale":"es_ES","og_type":"article","og_title":"Acuerdo de cooperaci\u00f3n","og_description":"El 13 de octubre, la\u00a0Fraternidad &#8211; Federaci\u00f3n HumanitariaInternacional (FFHI)\u00a0firm\u00f3 un acuerdo de cooperaci\u00f3n con la\u00a0Asociaci\u00f3n deMigrantes Ind\u00edgenas Roraim\u00f6 (AMIR). &#13; El acuerdo establece que las dos organizaciones actuar\u00e1n conjuntamente en la implementaci\u00f3n y el funcionamiento de la Escuela de M\u00fasica de la Orquesta \u201cM\u00fasica sin Fronteras\u201d, en el\u00a0Centro Cultural y de Formaci\u00f3nInd\u00edgena (CCFI)\u00a0as\u00ed como en [&hellip;]","og_url":"https:\/\/www.missoeshumanitarias.org\/es\/acuerdo-de-cooperacion\/","og_site_name":"Fraternidade Miss\u00f5es Humanit\u00e1rias Internacionais","article_published_time":"2022-10-29T10:28:16+00:00","article_modified_time":"2022-11-14T23:59:13+00:00","og_image":[{"width":680,"height":510,"url":"https:\/\/www.missoeshumanitarias.org\/wp-content\/uploads\/2022\/10\/Cooperacao_FFHI_AMIR_2.jpg","type":"image\/jpeg"}],"author":"maducato_admin","twitter_card":"summary_large_image","twitter_misc":{"Escrito por":"maducato_admin","Tiempo de lectura":"2 minutos"},"schema":{"@context":"https:\/\/schema.org","@graph":[{"@type":"Article","@id":"https:\/\/www.missoeshumanitarias.org\/es\/acuerdo-de-cooperacion\/#article","isPartOf":{"@id":"https:\/\/www.missoeshumanitarias.org\/es\/acuerdo-de-cooperacion\/"},"author":{"name":"maducato_admin","@id":"https:\/\/www.missoeshumanitarias.org\/es\/#\/schema\/person\/e0f8527323154d1eba9f9d9eb6b401f7"},"headline":"Acuerdo de cooperaci\u00f3n","datePublished":"2022-10-29T10:28:16+00:00","dateModified":"2022-11-14T23:59:13+00:00","mainEntityOfPage":{"@id":"https:\/\/www.missoeshumanitarias.org\/es\/acuerdo-de-cooperacion\/"},"wordCount":348,"publisher":{"@id":"https:\/\/www.missoeshumanitarias.org\/es\/#organization"},"image":{"@id":"https:\/\/www.missoeshumanitarias.org\/es\/acuerdo-de-cooperacion\/#primaryimage"},"thumbnailUrl":"https:\/\/www.missoeshumanitarias.org\/wp-content\/uploads\/2022\/10\/Cooperacao_FFHI_AMIR_2.jpg","articleSection":["Noticias","Noticias de las Misiones"],"inLanguage":"es"},{"@type":"WebPage","@id":"https:\/\/www.missoeshumanitarias.org\/es\/acuerdo-de-cooperacion\/","url":"https:\/\/www.missoeshumanitarias.org\/es\/acuerdo-de-cooperacion\/","name":"Acuerdo de cooperaci\u00f3n - Fraternidade Miss\u00f5es Humanit\u00e1rias Internacionais","isPartOf":{"@id":"https:\/\/www.missoeshumanitarias.org\/es\/#website"},"primaryImageOfPage":{"@id":"https:\/\/www.missoeshumanitarias.org\/es\/acuerdo-de-cooperacion\/#primaryimage"},"image":{"@id":"https:\/\/www.missoeshumanitarias.org\/es\/acuerdo-de-cooperacion\/#primaryimage"},"thumbnailUrl":"https:\/\/www.missoeshumanitarias.org\/wp-content\/uploads\/2022\/10\/Cooperacao_FFHI_AMIR_2.jpg","datePublished":"2022-10-29T10:28:16+00:00","dateModified":"2022-11-14T23:59:13+00:00","breadcrumb":{"@id":"https:\/\/www.missoeshumanitarias.org\/es\/acuerdo-de-cooperacion\/#breadcrumb"},"inLanguage":"es","potentialAction":[{"@type":"ReadAction","target":["https:\/\/www.missoeshumanitarias.org\/es\/acuerdo-de-cooperacion\/"]}]},{"@type":"ImageObject","inLanguage":"es","@id":"https:\/\/www.missoeshumanitarias.org\/es\/acuerdo-de-cooperacion\/#primaryimage","url":"https:\/\/www.missoeshumanitarias.org\/wp-content\/uploads\/2022\/10\/Cooperacao_FFHI_AMIR_2.jpg","contentUrl":"https:\/\/www.missoeshumanitarias.org\/wp-content\/uploads\/2022\/10\/Cooperacao_FFHI_AMIR_2.jpg","width":680,"height":510,"caption":"Acordo de Coopera\u00e7\u00e3o"},{"@type":"BreadcrumbList","@id":"https:\/\/www.missoeshumanitarias.org\/es\/acuerdo-de-cooperacion\/#breadcrumb","itemListElement":[{"@type":"ListItem","position":1,"name":"Home","item":"https:\/\/www.missoeshumanitarias.org\/en\/"},{"@type":"ListItem","position":2,"name":"Acuerdo de cooperaci\u00f3n"}]},{"@type":"WebSite","@id":"https:\/\/www.missoeshumanitarias.org\/es\/#website","url":"https:\/\/www.missoeshumanitarias.org\/es\/","name":"Fraternidade Miss\u00f5es Humanit\u00e1rias Internacionais","description":"Respostas Humanit\u00e1rias e Emerg\u00eancias","publisher":{"@id":"https:\/\/www.missoeshumanitarias.org\/es\/#organization"},"potentialAction":[{"@type":"SearchAction","target":{"@type":"EntryPoint","urlTemplate":"https:\/\/www.missoeshumanitarias.org\/es\/?s={search_term_string}"},"query-input":"required name=search_term_string"}],"inLanguage":"es"},{"@type":"Organization","@id":"https:\/\/www.missoeshumanitarias.org\/es\/#organization","name":"Fraternidade - Miss\u00f5es Humanit\u00e1rias Internacionais","url":"https:\/\/www.missoeshumanitarias.org\/es\/","logo":{"@type":"ImageObject","inLanguage":"es","@id":"https:\/\/www.missoeshumanitarias.org\/es\/#\/schema\/logo\/image\/","url":"https:\/\/www.missoeshumanitarias.org\/wp-content\/uploads\/2020\/05\/logo-FMHI-mg.png","contentUrl":"https:\/\/www.missoeshumanitarias.org\/wp-content\/uploads\/2020\/05\/logo-FMHI-mg.png","width":520,"height":134,"caption":"Fraternidade - Miss\u00f5es Humanit\u00e1rias Internacionais"},"image":{"@id":"https:\/\/www.missoeshumanitarias.org\/es\/#\/schema\/logo\/image\/"}},{"@type":"Person","@id":"https:\/\/www.missoeshumanitarias.org\/es\/#\/schema\/person\/e0f8527323154d1eba9f9d9eb6b401f7","name":"maducato_admin","image":{"@type":"ImageObject","inLanguage":"es","@id":"https:\/\/www.missoeshumanitarias.org\/es\/#\/schema\/person\/image\/","url":"https:\/\/secure.gravatar.com\/avatar\/6c3b45186a8f5a459d8e14c7fca370bceae92402bc06171d75e4e559b6c24393?s=96&d=mm&r=g","contentUrl":"https:\/\/secure.gravatar.com\/avatar\/6c3b45186a8f5a459d8e14c7fca370bceae92402bc06171d75e4e559b6c24393?s=96&d=mm&r=g","caption":"maducato_admin"}}]}},"_links":{"self":[{"href":"https:\/\/www.missoeshumanitarias.org\/es\/wp-json\/wp\/v2\/posts\/145705","targetHints":{"allow":["GET"]}}],"collection":[{"href":"https:\/\/www.missoeshumanitarias.org\/es\/wp-json\/wp\/v2\/posts"}],"about":[{"href":"https:\/\/www.missoeshumanitarias.org\/es\/wp-json\/wp\/v2\/types\/post"}],"author":[{"embeddable":true,"href":"https:\/\/www.missoeshumanitarias.org\/es\/wp-json\/wp\/v2\/users\/1"}],"replies":[{"embeddable":true,"href":"https:\/\/www.missoeshumanitarias.org\/es\/wp-json\/wp\/v2\/comments?post=145705"}],"version-history":[{"count":0,"href":"https:\/\/www.missoeshumanitarias.org\/es\/wp-json\/wp\/v2\/posts\/145705\/revisions"}],"wp:featuredmedia":[{"embeddable":true,"href":"https:\/\/www.missoeshumanitarias.org\/es\/wp-json\/wp\/v2\/media\/145367"}],"wp:attachment":[{"href":"https:\/\/www.missoeshumanitarias.org\/es\/wp-json\/wp\/v2\/media?parent=145705"}],"wp:term":[{"taxonomy":"category","embeddable":true,"href":"https:\/\/www.missoeshumanitarias.org\/es\/wp-json\/wp\/v2\/categories?post=145705"},{"taxonomy":"post_tag","embeddable":true,"href":"https:\/\/www.missoeshumanitarias.org\/es\/wp-json\/wp\/v2\/tags?post=145705"}],"curies":[{"name":"wp","href":"https:\/\/api.w.org\/{rel}","templated":true}]}}