{"id":146360,"date":"2022-11-29T20:38:31","date_gmt":"2022-11-29T23:38:31","guid":{"rendered":"https:\/\/www.missoeshumanitarias.org\/?p=146360"},"modified":"2022-12-20T08:07:20","modified_gmt":"2022-12-20T11:07:20","slug":"ceremonia-de-apertura-de-la-capacitacion-sobre-educacion-en-situaciones-de-emergencia-y-respuestas-humanitarias","status":"publish","type":"post","link":"https:\/\/www.missoeshumanitarias.org\/es\/ceremonia-de-apertura-de-la-capacitacion-sobre-educacion-en-situaciones-de-emergencia-y-respuestas-humanitarias\/","title":{"rendered":"Ceremonia de apertura de la Capacitaci\u00f3n sobre Educaci\u00f3n en Situaciones de Emergencia y Respuestas Humanitarias"},"content":{"rendered":"\n<p>El director general de la\u00a0<a href=\"https:\/\/www.missoeshumanitarias.org\/es\/\" target=\"_blank\" rel=\"noreferrer noopener\">Fraternidad- Misiones HumanitariasInternacionales (FMHI)<\/a>, fray Luciano, junto con el director de la\u00a0<a href=\"https:\/\/elearning.esepf.pt\/\" target=\"_blank\" rel=\"noreferrer noopener\">EscuelaSuperior de Educaci\u00f3n Paula Frassinetti (ESEPF),<\/a>\u00a0doctor Jos\u00e9 Luiz Gon\u00e7alves, el coordinador del Centro de Educaci\u00f3n y Cooperaci\u00f3n Global de la ESEPF y miembro de INEE, profesor J\u00falio Santos, y el director de Educaci\u00f3n en Emergencias de la Fraternidad- Misiones Humanitarias (FMHI), Anderson Santiago, condujeron la ceremonia de apertura de la\u00a0<a href=\"https:\/\/elearning.esepf.pt\/insc\/fuc.php?id=242&amp;curso=Curso%20de%20Educa%C3%A7%C3%A3o%20em%20Situa%C3%A7%C3%B5es%20de%20Emerg%C3%AAncias%20e%20Respostas%20Humanit%C3%A1rias&amp;docente=2810\" target=\"_blank\" rel=\"noreferrer noopener\">Capacitaci\u00f3n en Educaci\u00f3n en Situaciones deEmergencias y Respuestas Humanitarias.<\/a><\/p>\n\n\n\n<figure class=\"wp-block-embed is-type-video is-provider-youtube wp-block-embed-youtube wp-embed-aspect-16-9 wp-has-aspect-ratio\"><div class=\"wp-block-embed__wrapper\">\n<iframe title=\"Somando Esfor\u00e7os e Saberes\" width=\"800\" height=\"450\" src=\"https:\/\/www.youtube.com\/embed\/DM_oeJQsS_4?feature=oembed\" frameborder=\"0\" allow=\"accelerometer; autoplay; clipboard-write; encrypted-media; gyroscope; picture-in-picture\" allowfullscreen><\/iframe>\n<\/div><\/figure>\n\n\n\n<p>El acto de apertura tuvo lugar en la ciudad de Oporto, el 21 de noviembre, y cont\u00f3 con la presencia de varios miembros de la instituci\u00f3n, as\u00ed como de servidores humanitarios de la\u00a0<a href=\"https:\/\/www.missoeshumanitarias.org\/es\/\" target=\"_blank\" rel=\"noreferrer noopener\">Fraternidad- Misiones Humanitarias (FMHI)<\/a>\u00a0y pretendi\u00f3 dar a conocer el objetivo de esta formaci\u00f3n, que culmin\u00f3 con la firma del memorando de entendimiento entre las dos instituciones.<\/p>\n\n\n<div class=\"wp-block-image\">\n<figure class=\"aligncenter size-full\"><img fetchpriority=\"high\" decoding=\"async\" width=\"1000\" height=\"667\" src=\"https:\/\/www.missoeshumanitarias.org\/wp-content\/uploads\/2022\/11\/Educacao_Emergencias_ESEPF_FMHI_4.jpg\" alt=\"\" class=\"wp-image-145976\" srcset=\"https:\/\/www.missoeshumanitarias.org\/wp-content\/uploads\/2022\/11\/Educacao_Emergencias_ESEPF_FMHI_4.jpg 1000w, https:\/\/www.missoeshumanitarias.org\/wp-content\/uploads\/2022\/11\/Educacao_Emergencias_ESEPF_FMHI_4-300x200.jpg 300w, https:\/\/www.missoeshumanitarias.org\/wp-content\/uploads\/2022\/11\/Educacao_Emergencias_ESEPF_FMHI_4-768x512.jpg 768w\" sizes=\"(max-width: 1000px) 100vw, 1000px\" \/><\/figure>\n<\/div>\n\n\n<p>En este primer encuentro, el director Jos\u00e9 Lu\u00eds Gon\u00e7alves habl\u00f3 sobre la importancia del evento, ya que representa el inicio efectivo de la asociaci\u00f3n y el comienzo de la institucionalizaci\u00f3n de este tipo de conocimiento dentro de la Escuela, que expresa su creencia en el valor de una educaci\u00f3n digna en todos los \u00e1mbitos. \u00abLa educaci\u00f3n trabaja en la humanizaci\u00f3n de las personas\u00bb, explic\u00f3 el director.<\/p>\n\n\n\n<p>Fray Luciano describi\u00f3 brevemente la trayectoria que Fraternidad &#8211; Misiones Humanitarias (FMHI) ha recorrido con la educaci\u00f3n y explic\u00f3 que una situaci\u00f3n traum\u00e1tica, en un escenario de crisis humanitaria, tiene sus especificidades. \u00abLa educaci\u00f3n no es solo conocimiento, sino que busca desarrollar valores\u00bb &#8211; coment\u00f3 Fray Luciano. Con esta afirmaci\u00f3n, deja en claro que la educaci\u00f3n es amplia y abarca algo m\u00e1s que el contexto humanitario.<\/p>\n\n\n<div class=\"wp-block-image\">\n<figure class=\"aligncenter size-full\"><img decoding=\"async\" width=\"1000\" height=\"667\" src=\"https:\/\/www.missoeshumanitarias.org\/wp-content\/uploads\/2022\/11\/Educacao_Emergencias_ESEPF_FMHI.jpg\" alt=\"\" class=\"wp-image-145980\" srcset=\"https:\/\/www.missoeshumanitarias.org\/wp-content\/uploads\/2022\/11\/Educacao_Emergencias_ESEPF_FMHI.jpg 1000w, https:\/\/www.missoeshumanitarias.org\/wp-content\/uploads\/2022\/11\/Educacao_Emergencias_ESEPF_FMHI-300x200.jpg 300w, https:\/\/www.missoeshumanitarias.org\/wp-content\/uploads\/2022\/11\/Educacao_Emergencias_ESEPF_FMHI-768x512.jpg 768w\" sizes=\"(max-width: 1000px) 100vw, 1000px\" \/><\/figure>\n<\/div>\n\n\n<p>A continuaci\u00f3n se presentaron los cuatro m\u00f3dulos que componen las 50 horas del curso y Fray Luciano aclar\u00f3 el contenido, comentando la importancia y amplitud de cada uno de estos temas y acerca del valor de unir el enfoque humanitario al \u00e1mbito acad\u00e9mico..<\/p>\n\n\n\n<p>El profesor J\u00falio Santos destac\u00f3 la importancia del curso en esta escuela, uniendo el conocimiento pr\u00e1ctico de los contextos globales a la ense\u00f1anza acad\u00e9mica.<\/p>\n\n\n<div class=\"wp-block-image\">\n<figure class=\"aligncenter size-full\"><img decoding=\"async\" width=\"1000\" height=\"737\" src=\"https:\/\/www.missoeshumanitarias.org\/wp-content\/uploads\/2022\/11\/Educacao_Emergencias_ESEPF_FMHI_2.jpg\" alt=\"\" class=\"wp-image-145984\" srcset=\"https:\/\/www.missoeshumanitarias.org\/wp-content\/uploads\/2022\/11\/Educacao_Emergencias_ESEPF_FMHI_2.jpg 1000w, https:\/\/www.missoeshumanitarias.org\/wp-content\/uploads\/2022\/11\/Educacao_Emergencias_ESEPF_FMHI_2-300x221.jpg 300w, https:\/\/www.missoeshumanitarias.org\/wp-content\/uploads\/2022\/11\/Educacao_Emergencias_ESEPF_FMHI_2-768x566.jpg 768w\" sizes=\"(max-width: 1000px) 100vw, 1000px\" \/><\/figure>\n<\/div>\n\n\n<p>\u201cA educa\u00e7\u00e3o n\u00e3o pode parar, mesmo em momentos de crise\u201d, declara o professor. J\u00falio comentou acerca da \u201chospitalidade acad\u00eamica\u201d que trata, n\u00e3o apenas de receber outras organiza\u00e7\u00f5es e atores neste \u00e2mbito, mas tamb\u00e9m da capacidade de receber novos conhecimentos.<\/p>\n\n\n\n<p>Este curso est\u00e1 alinhado com as pol\u00edticas p\u00fablicas para a educa\u00e7\u00e3o em Portugal. \u00c9 uma tem\u00e1tica com uma literatura muito pr\u00f3pria e \u00e9 necess\u00e1rio haver uma aproxima\u00e7\u00e3o com esta \u00e1rea do conhecimento.<\/p>\n\n\n\n<p>Participando remotamente de Luanda, Anderson Santiago tamb\u00e9m frisou a necessidade e import\u00e2ncia de unir o&nbsp;<em>know-how<\/em>&nbsp;da&nbsp;<a href=\"https:\/\/www.missoeshumanitarias.org\/\">Fraternidade \u2013 Miss\u00f5es Humanit\u00e1rias (FMHI)<\/a>, a educa\u00e7\u00e3o em situa\u00e7\u00f5es de emerg\u00eancias e todo o conhecimento e excel\u00eancia acad\u00eamica da&nbsp;<a href=\"https:\/\/elearning.esepf.pt\/\">Escola Superior de Educa\u00e7\u00e3o Paula Frassinetti<\/a>.<\/p>\n\n\n\n<p>Conclu\u00eddas as exposi\u00e7\u00f5es introdut\u00f3rias ao curso, o gestor geral da&nbsp;<a href=\"https:\/\/www.missoeshumanitarias.org\/\">Fraternidade \u2013 Miss\u00f5es Humanit\u00e1rias (FMHI)<\/a>&nbsp;e o diretor da&nbsp;<a href=\"https:\/\/elearning.esepf.pt\/\">ESEPF<\/a>&nbsp;assinaram o memorando de entendimento entre as duas institui\u00e7\u00f5es, formalizando, assim, o in\u00edcio dos trabalhos.<\/p>\n\n\n<div class=\"wp-block-image\">\n<figure class=\"aligncenter size-full\"><img loading=\"lazy\" decoding=\"async\" width=\"1000\" height=\"596\" src=\"https:\/\/www.missoeshumanitarias.org\/wp-content\/uploads\/2022\/11\/Educacao_Emergencias_ESEPF_FMHI_3.jpg\" alt=\"\" class=\"wp-image-145988\" srcset=\"https:\/\/www.missoeshumanitarias.org\/wp-content\/uploads\/2022\/11\/Educacao_Emergencias_ESEPF_FMHI_3.jpg 1000w, https:\/\/www.missoeshumanitarias.org\/wp-content\/uploads\/2022\/11\/Educacao_Emergencias_ESEPF_FMHI_3-300x179.jpg 300w, https:\/\/www.missoeshumanitarias.org\/wp-content\/uploads\/2022\/11\/Educacao_Emergencias_ESEPF_FMHI_3-768x458.jpg 768w\" sizes=\"(max-width: 1000px) 100vw, 1000px\" \/><\/figure>\n<\/div>\n\n\n<p>&nbsp;Este curso presencial ter\u00e1 in\u00edcio em 20 de janeiro de 2023, estendendo-se at\u00e9 mar\u00e7o, com encontros \u00e0s sextas-feiras e s\u00e1bados.<\/p>\n\n\n\n<p>As inscri\u00e7\u00f5es j\u00e1 est\u00e3o abertas. Clique&nbsp;<a href=\"https:\/\/elearning.esepf.pt\/insc\/fuc.php?id=242&amp;curso=Curso%20de%20Educa%C3%A7%C3%A3o%20em%20Situa%C3%A7%C3%B5es%20de%20Emerg%C3%AAncias%20e%20Respostas%20Humanit%C3%A1rias&amp;docente=2810\" target=\"_blank\" rel=\"noreferrer noopener\">aqui<\/a>&nbsp;para se inscrever&nbsp;<\/p>\n","protected":false},"excerpt":{"rendered":"<p>El director general de la\u00a0Fraternidad- Misiones HumanitariasInternacionales (FMHI), fray Luciano, junto con el director de la\u00a0EscuelaSuperior de Educaci\u00f3n Paula Frassinetti (ESEPF),\u00a0doctor Jos\u00e9 Luiz Gon\u00e7alves, el coordinador del Centro de Educaci\u00f3n y Cooperaci\u00f3n Global de la ESEPF y miembro de INEE, profesor J\u00falio Santos, y el director de Educaci\u00f3n en Emergencias de la Fraternidad- Misiones Humanitarias [&hellip;]<\/p>\n","protected":false},"author":1,"featured_media":145979,"comment_status":"closed","ping_status":"closed","sticky":false,"template":"","format":"standard","meta":{"footnotes":""},"categories":[43,131,118],"tags":[],"class_list":["post-146360","post","type-post","status-publish","format-standard","has-post-thumbnail","hentry","category-noticias-es","category-noticias-de-las-misiones","category-videos-es"],"featured_image_src":"https:\/\/www.missoeshumanitarias.org\/wp-content\/uploads\/2022\/11\/Educacao_Emergencias_ESEPF_FMHI_4.jpg","author_info":{"display_name":"maducato_admin","author_link":"https:\/\/www.missoeshumanitarias.org\/es\/author\/maducato_admin\/"},"yoast_head":"<!-- This site is optimized with the Yoast SEO Premium plugin v22.5 (Yoast SEO v22.5) - https:\/\/yoast.com\/wordpress\/plugins\/seo\/ -->\n<title>Ceremonia de apertura de la Capacitaci\u00f3n sobre Educaci\u00f3n en Situaciones de Emergencia y Respuestas Humanitarias - Fraternidade Miss\u00f5es Humanit\u00e1rias Internacionais<\/title>\n<meta name=\"robots\" content=\"index, follow, max-snippet:-1, max-image-preview:large, max-video-preview:-1\" \/>\n<link rel=\"canonical\" href=\"https:\/\/www.missoeshumanitarias.org\/es\/ceremonia-de-apertura-de-la-capacitacion-sobre-educacion-en-situaciones-de-emergencia-y-respuestas-humanitarias\/\" \/>\n<meta property=\"og:locale\" content=\"es_ES\" \/>\n<meta property=\"og:type\" content=\"article\" \/>\n<meta property=\"og:title\" content=\"Ceremonia de apertura de la Capacitaci\u00f3n sobre Educaci\u00f3n en Situaciones de Emergencia y Respuestas Humanitarias\" \/>\n<meta property=\"og:description\" content=\"El director general de la\u00a0Fraternidad- Misiones HumanitariasInternacionales (FMHI), fray Luciano, junto con el director de la\u00a0EscuelaSuperior de Educaci\u00f3n Paula Frassinetti (ESEPF),\u00a0doctor Jos\u00e9 Luiz Gon\u00e7alves, el coordinador del Centro de Educaci\u00f3n y Cooperaci\u00f3n Global de la ESEPF y miembro de INEE, profesor J\u00falio Santos, y el director de Educaci\u00f3n en Emergencias de la Fraternidad- Misiones Humanitarias [&hellip;]\" \/>\n<meta property=\"og:url\" content=\"https:\/\/www.missoeshumanitarias.org\/es\/ceremonia-de-apertura-de-la-capacitacion-sobre-educacion-en-situaciones-de-emergencia-y-respuestas-humanitarias\/\" \/>\n<meta property=\"og:site_name\" content=\"Fraternidade Miss\u00f5es Humanit\u00e1rias Internacionais\" \/>\n<meta property=\"article:published_time\" content=\"2022-11-29T23:38:31+00:00\" \/>\n<meta property=\"article:modified_time\" content=\"2022-12-20T11:07:20+00:00\" \/>\n<meta property=\"og:image\" content=\"https:\/\/www.missoeshumanitarias.org\/wp-content\/uploads\/2022\/11\/Educacao_Emergencias_ESEPF_FMHI_4.jpg\" \/>\n\t<meta property=\"og:image:width\" content=\"1000\" \/>\n\t<meta property=\"og:image:height\" content=\"667\" \/>\n\t<meta property=\"og:image:type\" content=\"image\/jpeg\" \/>\n<meta name=\"author\" content=\"maducato_admin\" \/>\n<meta name=\"twitter:card\" content=\"summary_large_image\" \/>\n<meta name=\"twitter:label1\" content=\"Escrito por\" \/>\n\t<meta name=\"twitter:data1\" content=\"maducato_admin\" \/>\n\t<meta name=\"twitter:label2\" content=\"Tiempo de lectura\" \/>\n\t<meta name=\"twitter:data2\" content=\"4 minutos\" \/>\n<script type=\"application\/ld+json\" class=\"yoast-schema-graph\">{\"@context\":\"https:\/\/schema.org\",\"@graph\":[{\"@type\":\"Article\",\"@id\":\"https:\/\/www.missoeshumanitarias.org\/es\/ceremonia-de-apertura-de-la-capacitacion-sobre-educacion-en-situaciones-de-emergencia-y-respuestas-humanitarias\/#article\",\"isPartOf\":{\"@id\":\"https:\/\/www.missoeshumanitarias.org\/es\/ceremonia-de-apertura-de-la-capacitacion-sobre-educacion-en-situaciones-de-emergencia-y-respuestas-humanitarias\/\"},\"author\":{\"name\":\"maducato_admin\",\"@id\":\"https:\/\/www.missoeshumanitarias.org\/es\/#\/schema\/person\/e0f8527323154d1eba9f9d9eb6b401f7\"},\"headline\":\"Ceremonia de apertura de la Capacitaci\u00f3n sobre Educaci\u00f3n en Situaciones de Emergencia y Respuestas Humanitarias\",\"datePublished\":\"2022-11-29T23:38:31+00:00\",\"dateModified\":\"2022-12-20T11:07:20+00:00\",\"mainEntityOfPage\":{\"@id\":\"https:\/\/www.missoeshumanitarias.org\/es\/ceremonia-de-apertura-de-la-capacitacion-sobre-educacion-en-situaciones-de-emergencia-y-respuestas-humanitarias\/\"},\"wordCount\":610,\"publisher\":{\"@id\":\"https:\/\/www.missoeshumanitarias.org\/es\/#organization\"},\"image\":{\"@id\":\"https:\/\/www.missoeshumanitarias.org\/es\/ceremonia-de-apertura-de-la-capacitacion-sobre-educacion-en-situaciones-de-emergencia-y-respuestas-humanitarias\/#primaryimage\"},\"thumbnailUrl\":\"https:\/\/www.missoeshumanitarias.org\/wp-content\/uploads\/2022\/11\/Educacao_Emergencias_ESEPF_FMHI_4.jpg\",\"articleSection\":[\"Noticias\",\"Noticias de las Misiones\",\"Videos\"],\"inLanguage\":\"es\"},{\"@type\":\"WebPage\",\"@id\":\"https:\/\/www.missoeshumanitarias.org\/es\/ceremonia-de-apertura-de-la-capacitacion-sobre-educacion-en-situaciones-de-emergencia-y-respuestas-humanitarias\/\",\"url\":\"https:\/\/www.missoeshumanitarias.org\/es\/ceremonia-de-apertura-de-la-capacitacion-sobre-educacion-en-situaciones-de-emergencia-y-respuestas-humanitarias\/\",\"name\":\"Ceremonia de apertura de la Capacitaci\u00f3n sobre Educaci\u00f3n en Situaciones de Emergencia y Respuestas Humanitarias - Fraternidade Miss\u00f5es Humanit\u00e1rias Internacionais\",\"isPartOf\":{\"@id\":\"https:\/\/www.missoeshumanitarias.org\/es\/#website\"},\"primaryImageOfPage\":{\"@id\":\"https:\/\/www.missoeshumanitarias.org\/es\/ceremonia-de-apertura-de-la-capacitacion-sobre-educacion-en-situaciones-de-emergencia-y-respuestas-humanitarias\/#primaryimage\"},\"image\":{\"@id\":\"https:\/\/www.missoeshumanitarias.org\/es\/ceremonia-de-apertura-de-la-capacitacion-sobre-educacion-en-situaciones-de-emergencia-y-respuestas-humanitarias\/#primaryimage\"},\"thumbnailUrl\":\"https:\/\/www.missoeshumanitarias.org\/wp-content\/uploads\/2022\/11\/Educacao_Emergencias_ESEPF_FMHI_4.jpg\",\"datePublished\":\"2022-11-29T23:38:31+00:00\",\"dateModified\":\"2022-12-20T11:07:20+00:00\",\"breadcrumb\":{\"@id\":\"https:\/\/www.missoeshumanitarias.org\/es\/ceremonia-de-apertura-de-la-capacitacion-sobre-educacion-en-situaciones-de-emergencia-y-respuestas-humanitarias\/#breadcrumb\"},\"inLanguage\":\"es\",\"potentialAction\":[{\"@type\":\"ReadAction\",\"target\":[\"https:\/\/www.missoeshumanitarias.org\/es\/ceremonia-de-apertura-de-la-capacitacion-sobre-educacion-en-situaciones-de-emergencia-y-respuestas-humanitarias\/\"]}]},{\"@type\":\"ImageObject\",\"inLanguage\":\"es\",\"@id\":\"https:\/\/www.missoeshumanitarias.org\/es\/ceremonia-de-apertura-de-la-capacitacion-sobre-educacion-en-situaciones-de-emergencia-y-respuestas-humanitarias\/#primaryimage\",\"url\":\"https:\/\/www.missoeshumanitarias.org\/wp-content\/uploads\/2022\/11\/Educacao_Emergencias_ESEPF_FMHI_4.jpg\",\"contentUrl\":\"https:\/\/www.missoeshumanitarias.org\/wp-content\/uploads\/2022\/11\/Educacao_Emergencias_ESEPF_FMHI_4.jpg\",\"width\":1000,\"height\":667,\"caption\":\"Capacita\u00e7\u00e3o sobre Educa\u00e7\u00e3o em Situa\u00e7\u00f5es de Emerg\u00eancias e Respostas Humanit\u00e1rias\"},{\"@type\":\"BreadcrumbList\",\"@id\":\"https:\/\/www.missoeshumanitarias.org\/es\/ceremonia-de-apertura-de-la-capacitacion-sobre-educacion-en-situaciones-de-emergencia-y-respuestas-humanitarias\/#breadcrumb\",\"itemListElement\":[{\"@type\":\"ListItem\",\"position\":1,\"name\":\"Home\",\"item\":\"https:\/\/www.missoeshumanitarias.org\/en\/\"},{\"@type\":\"ListItem\",\"position\":2,\"name\":\"Ceremonia de apertura de la Capacitaci\u00f3n sobre Educaci\u00f3n en Situaciones de Emergencia y Respuestas Humanitarias\"}]},{\"@type\":\"WebSite\",\"@id\":\"https:\/\/www.missoeshumanitarias.org\/es\/#website\",\"url\":\"https:\/\/www.missoeshumanitarias.org\/es\/\",\"name\":\"Fraternidade Miss\u00f5es Humanit\u00e1rias Internacionais\",\"description\":\"Respostas Humanit\u00e1rias e Emerg\u00eancias\",\"publisher\":{\"@id\":\"https:\/\/www.missoeshumanitarias.org\/es\/#organization\"},\"potentialAction\":[{\"@type\":\"SearchAction\",\"target\":{\"@type\":\"EntryPoint\",\"urlTemplate\":\"https:\/\/www.missoeshumanitarias.org\/es\/?s={search_term_string}\"},\"query-input\":\"required name=search_term_string\"}],\"inLanguage\":\"es\"},{\"@type\":\"Organization\",\"@id\":\"https:\/\/www.missoeshumanitarias.org\/es\/#organization\",\"name\":\"Fraternidade - Miss\u00f5es Humanit\u00e1rias Internacionais\",\"url\":\"https:\/\/www.missoeshumanitarias.org\/es\/\",\"logo\":{\"@type\":\"ImageObject\",\"inLanguage\":\"es\",\"@id\":\"https:\/\/www.missoeshumanitarias.org\/es\/#\/schema\/logo\/image\/\",\"url\":\"https:\/\/www.missoeshumanitarias.org\/wp-content\/uploads\/2020\/05\/logo-FMHI-mg.png\",\"contentUrl\":\"https:\/\/www.missoeshumanitarias.org\/wp-content\/uploads\/2020\/05\/logo-FMHI-mg.png\",\"width\":520,\"height\":134,\"caption\":\"Fraternidade - Miss\u00f5es Humanit\u00e1rias Internacionais\"},\"image\":{\"@id\":\"https:\/\/www.missoeshumanitarias.org\/es\/#\/schema\/logo\/image\/\"}},{\"@type\":\"Person\",\"@id\":\"https:\/\/www.missoeshumanitarias.org\/es\/#\/schema\/person\/e0f8527323154d1eba9f9d9eb6b401f7\",\"name\":\"maducato_admin\",\"image\":{\"@type\":\"ImageObject\",\"inLanguage\":\"es\",\"@id\":\"https:\/\/www.missoeshumanitarias.org\/es\/#\/schema\/person\/image\/\",\"url\":\"https:\/\/secure.gravatar.com\/avatar\/6c3b45186a8f5a459d8e14c7fca370bceae92402bc06171d75e4e559b6c24393?s=96&d=mm&r=g\",\"contentUrl\":\"https:\/\/secure.gravatar.com\/avatar\/6c3b45186a8f5a459d8e14c7fca370bceae92402bc06171d75e4e559b6c24393?s=96&d=mm&r=g\",\"caption\":\"maducato_admin\"}}]}<\/script>\n<!-- \/ Yoast SEO Premium plugin. -->","yoast_head_json":{"title":"Ceremonia de apertura de la Capacitaci\u00f3n sobre Educaci\u00f3n en Situaciones de Emergencia y Respuestas Humanitarias - Fraternidade Miss\u00f5es Humanit\u00e1rias Internacionais","robots":{"index":"index","follow":"follow","max-snippet":"max-snippet:-1","max-image-preview":"max-image-preview:large","max-video-preview":"max-video-preview:-1"},"canonical":"https:\/\/www.missoeshumanitarias.org\/es\/ceremonia-de-apertura-de-la-capacitacion-sobre-educacion-en-situaciones-de-emergencia-y-respuestas-humanitarias\/","og_locale":"es_ES","og_type":"article","og_title":"Ceremonia de apertura de la Capacitaci\u00f3n sobre Educaci\u00f3n en Situaciones de Emergencia y Respuestas Humanitarias","og_description":"El director general de la\u00a0Fraternidad- Misiones HumanitariasInternacionales (FMHI), fray Luciano, junto con el director de la\u00a0EscuelaSuperior de Educaci\u00f3n Paula Frassinetti (ESEPF),\u00a0doctor Jos\u00e9 Luiz Gon\u00e7alves, el coordinador del Centro de Educaci\u00f3n y Cooperaci\u00f3n Global de la ESEPF y miembro de INEE, profesor J\u00falio Santos, y el director de Educaci\u00f3n en Emergencias de la Fraternidad- Misiones Humanitarias [&hellip;]","og_url":"https:\/\/www.missoeshumanitarias.org\/es\/ceremonia-de-apertura-de-la-capacitacion-sobre-educacion-en-situaciones-de-emergencia-y-respuestas-humanitarias\/","og_site_name":"Fraternidade Miss\u00f5es Humanit\u00e1rias Internacionais","article_published_time":"2022-11-29T23:38:31+00:00","article_modified_time":"2022-12-20T11:07:20+00:00","og_image":[{"width":1000,"height":667,"url":"https:\/\/www.missoeshumanitarias.org\/wp-content\/uploads\/2022\/11\/Educacao_Emergencias_ESEPF_FMHI_4.jpg","type":"image\/jpeg"}],"author":"maducato_admin","twitter_card":"summary_large_image","twitter_misc":{"Escrito por":"maducato_admin","Tiempo de lectura":"4 minutos"},"schema":{"@context":"https:\/\/schema.org","@graph":[{"@type":"Article","@id":"https:\/\/www.missoeshumanitarias.org\/es\/ceremonia-de-apertura-de-la-capacitacion-sobre-educacion-en-situaciones-de-emergencia-y-respuestas-humanitarias\/#article","isPartOf":{"@id":"https:\/\/www.missoeshumanitarias.org\/es\/ceremonia-de-apertura-de-la-capacitacion-sobre-educacion-en-situaciones-de-emergencia-y-respuestas-humanitarias\/"},"author":{"name":"maducato_admin","@id":"https:\/\/www.missoeshumanitarias.org\/es\/#\/schema\/person\/e0f8527323154d1eba9f9d9eb6b401f7"},"headline":"Ceremonia de apertura de la Capacitaci\u00f3n sobre Educaci\u00f3n en Situaciones de Emergencia y Respuestas Humanitarias","datePublished":"2022-11-29T23:38:31+00:00","dateModified":"2022-12-20T11:07:20+00:00","mainEntityOfPage":{"@id":"https:\/\/www.missoeshumanitarias.org\/es\/ceremonia-de-apertura-de-la-capacitacion-sobre-educacion-en-situaciones-de-emergencia-y-respuestas-humanitarias\/"},"wordCount":610,"publisher":{"@id":"https:\/\/www.missoeshumanitarias.org\/es\/#organization"},"image":{"@id":"https:\/\/www.missoeshumanitarias.org\/es\/ceremonia-de-apertura-de-la-capacitacion-sobre-educacion-en-situaciones-de-emergencia-y-respuestas-humanitarias\/#primaryimage"},"thumbnailUrl":"https:\/\/www.missoeshumanitarias.org\/wp-content\/uploads\/2022\/11\/Educacao_Emergencias_ESEPF_FMHI_4.jpg","articleSection":["Noticias","Noticias de las Misiones","Videos"],"inLanguage":"es"},{"@type":"WebPage","@id":"https:\/\/www.missoeshumanitarias.org\/es\/ceremonia-de-apertura-de-la-capacitacion-sobre-educacion-en-situaciones-de-emergencia-y-respuestas-humanitarias\/","url":"https:\/\/www.missoeshumanitarias.org\/es\/ceremonia-de-apertura-de-la-capacitacion-sobre-educacion-en-situaciones-de-emergencia-y-respuestas-humanitarias\/","name":"Ceremonia de apertura de la Capacitaci\u00f3n sobre Educaci\u00f3n en Situaciones de Emergencia y Respuestas Humanitarias - Fraternidade Miss\u00f5es Humanit\u00e1rias Internacionais","isPartOf":{"@id":"https:\/\/www.missoeshumanitarias.org\/es\/#website"},"primaryImageOfPage":{"@id":"https:\/\/www.missoeshumanitarias.org\/es\/ceremonia-de-apertura-de-la-capacitacion-sobre-educacion-en-situaciones-de-emergencia-y-respuestas-humanitarias\/#primaryimage"},"image":{"@id":"https:\/\/www.missoeshumanitarias.org\/es\/ceremonia-de-apertura-de-la-capacitacion-sobre-educacion-en-situaciones-de-emergencia-y-respuestas-humanitarias\/#primaryimage"},"thumbnailUrl":"https:\/\/www.missoeshumanitarias.org\/wp-content\/uploads\/2022\/11\/Educacao_Emergencias_ESEPF_FMHI_4.jpg","datePublished":"2022-11-29T23:38:31+00:00","dateModified":"2022-12-20T11:07:20+00:00","breadcrumb":{"@id":"https:\/\/www.missoeshumanitarias.org\/es\/ceremonia-de-apertura-de-la-capacitacion-sobre-educacion-en-situaciones-de-emergencia-y-respuestas-humanitarias\/#breadcrumb"},"inLanguage":"es","potentialAction":[{"@type":"ReadAction","target":["https:\/\/www.missoeshumanitarias.org\/es\/ceremonia-de-apertura-de-la-capacitacion-sobre-educacion-en-situaciones-de-emergencia-y-respuestas-humanitarias\/"]}]},{"@type":"ImageObject","inLanguage":"es","@id":"https:\/\/www.missoeshumanitarias.org\/es\/ceremonia-de-apertura-de-la-capacitacion-sobre-educacion-en-situaciones-de-emergencia-y-respuestas-humanitarias\/#primaryimage","url":"https:\/\/www.missoeshumanitarias.org\/wp-content\/uploads\/2022\/11\/Educacao_Emergencias_ESEPF_FMHI_4.jpg","contentUrl":"https:\/\/www.missoeshumanitarias.org\/wp-content\/uploads\/2022\/11\/Educacao_Emergencias_ESEPF_FMHI_4.jpg","width":1000,"height":667,"caption":"Capacita\u00e7\u00e3o sobre Educa\u00e7\u00e3o em Situa\u00e7\u00f5es de Emerg\u00eancias e Respostas Humanit\u00e1rias"},{"@type":"BreadcrumbList","@id":"https:\/\/www.missoeshumanitarias.org\/es\/ceremonia-de-apertura-de-la-capacitacion-sobre-educacion-en-situaciones-de-emergencia-y-respuestas-humanitarias\/#breadcrumb","itemListElement":[{"@type":"ListItem","position":1,"name":"Home","item":"https:\/\/www.missoeshumanitarias.org\/en\/"},{"@type":"ListItem","position":2,"name":"Ceremonia de apertura de la Capacitaci\u00f3n sobre Educaci\u00f3n en Situaciones de Emergencia y Respuestas Humanitarias"}]},{"@type":"WebSite","@id":"https:\/\/www.missoeshumanitarias.org\/es\/#website","url":"https:\/\/www.missoeshumanitarias.org\/es\/","name":"Fraternidade Miss\u00f5es Humanit\u00e1rias Internacionais","description":"Respostas Humanit\u00e1rias e Emerg\u00eancias","publisher":{"@id":"https:\/\/www.missoeshumanitarias.org\/es\/#organization"},"potentialAction":[{"@type":"SearchAction","target":{"@type":"EntryPoint","urlTemplate":"https:\/\/www.missoeshumanitarias.org\/es\/?s={search_term_string}"},"query-input":"required name=search_term_string"}],"inLanguage":"es"},{"@type":"Organization","@id":"https:\/\/www.missoeshumanitarias.org\/es\/#organization","name":"Fraternidade - Miss\u00f5es Humanit\u00e1rias Internacionais","url":"https:\/\/www.missoeshumanitarias.org\/es\/","logo":{"@type":"ImageObject","inLanguage":"es","@id":"https:\/\/www.missoeshumanitarias.org\/es\/#\/schema\/logo\/image\/","url":"https:\/\/www.missoeshumanitarias.org\/wp-content\/uploads\/2020\/05\/logo-FMHI-mg.png","contentUrl":"https:\/\/www.missoeshumanitarias.org\/wp-content\/uploads\/2020\/05\/logo-FMHI-mg.png","width":520,"height":134,"caption":"Fraternidade - Miss\u00f5es Humanit\u00e1rias Internacionais"},"image":{"@id":"https:\/\/www.missoeshumanitarias.org\/es\/#\/schema\/logo\/image\/"}},{"@type":"Person","@id":"https:\/\/www.missoeshumanitarias.org\/es\/#\/schema\/person\/e0f8527323154d1eba9f9d9eb6b401f7","name":"maducato_admin","image":{"@type":"ImageObject","inLanguage":"es","@id":"https:\/\/www.missoeshumanitarias.org\/es\/#\/schema\/person\/image\/","url":"https:\/\/secure.gravatar.com\/avatar\/6c3b45186a8f5a459d8e14c7fca370bceae92402bc06171d75e4e559b6c24393?s=96&d=mm&r=g","contentUrl":"https:\/\/secure.gravatar.com\/avatar\/6c3b45186a8f5a459d8e14c7fca370bceae92402bc06171d75e4e559b6c24393?s=96&d=mm&r=g","caption":"maducato_admin"}}]}},"_links":{"self":[{"href":"https:\/\/www.missoeshumanitarias.org\/es\/wp-json\/wp\/v2\/posts\/146360","targetHints":{"allow":["GET"]}}],"collection":[{"href":"https:\/\/www.missoeshumanitarias.org\/es\/wp-json\/wp\/v2\/posts"}],"about":[{"href":"https:\/\/www.missoeshumanitarias.org\/es\/wp-json\/wp\/v2\/types\/post"}],"author":[{"embeddable":true,"href":"https:\/\/www.missoeshumanitarias.org\/es\/wp-json\/wp\/v2\/users\/1"}],"replies":[{"embeddable":true,"href":"https:\/\/www.missoeshumanitarias.org\/es\/wp-json\/wp\/v2\/comments?post=146360"}],"version-history":[{"count":0,"href":"https:\/\/www.missoeshumanitarias.org\/es\/wp-json\/wp\/v2\/posts\/146360\/revisions"}],"wp:featuredmedia":[{"embeddable":true,"href":"https:\/\/www.missoeshumanitarias.org\/es\/wp-json\/wp\/v2\/media\/145979"}],"wp:attachment":[{"href":"https:\/\/www.missoeshumanitarias.org\/es\/wp-json\/wp\/v2\/media?parent=146360"}],"wp:term":[{"taxonomy":"category","embeddable":true,"href":"https:\/\/www.missoeshumanitarias.org\/es\/wp-json\/wp\/v2\/categories?post=146360"},{"taxonomy":"post_tag","embeddable":true,"href":"https:\/\/www.missoeshumanitarias.org\/es\/wp-json\/wp\/v2\/tags?post=146360"}],"curies":[{"name":"wp","href":"https:\/\/api.w.org\/{rel}","templated":true}]}}