{"id":146864,"date":"2023-01-20T18:07:21","date_gmt":"2023-01-20T21:07:21","guid":{"rendered":"https:\/\/www.missoeshumanitarias.org\/?p=146864"},"modified":"2023-01-24T21:36:59","modified_gmt":"2023-01-25T00:36:59","slug":"curso-de-microempreendedor-individual","status":"publish","type":"post","link":"https:\/\/www.missoeshumanitarias.org\/es\/curso-de-microempreendedor-individual\/","title":{"rendered":"Curso de Microempreendedor Individual"},"content":{"rendered":"\n<p>El curso Microemprendedor Individual, promovido a trav\u00e9s de un esfuerzo conjunto entre el Instituto Federal de Roraima (IFRR) y la\u00a0<a href=\"https:\/\/www.fraterinternacional.org\/es\/\" target=\"_blank\" rel=\"noreferrer noopener\">Fraternidad &#8211; Federaci\u00f3n Humanitaria Internacional (FFHI),<\/a>tuvo lugar en el per\u00edodo del 3 de noviembre al 12 de diciembre de 2022, reuniendo a 24 ind\u00edgenas de las etnias\u00a0<a href=\"https:\/\/www.missoeshumanitarias.org\/es\/?s=Taurepang\" target=\"_blank\" rel=\"noreferrer noopener\">taurepang<\/a>,\u00a0<a href=\"https:\/\/www.missoeshumanitarias.org\/es\/?s=Warao\" target=\"_blank\" rel=\"noreferrer noopener\">warao<\/a>,\u00a0<a href=\"https:\/\/www.missoeshumanitarias.org\/es\/?s=Wapixana\" target=\"_blank\" rel=\"noreferrer noopener\">wapixana<\/a>,\u00a0<a href=\"https:\/\/www.missoeshumanitarias.org\/es\/?s=macuxi\" target=\"_blank\" rel=\"noreferrer noopener\">macuxi<\/a>, ye&#8217;kwana y kari\u00f1a. Los participantes fueron seleccionados y recomendados por el\u00a0<a href=\"https:\/\/www.missoeshumanitarias.org\/es\/ccfi\/\" target=\"_blank\" rel=\"noreferrer noopener\">Centro de Formaci\u00f3n y Cultura Ind\u00edgena (CCFI)<\/a>\u00a0entre los beneficiarios que ya estaban empezando su propio negocio o que ten\u00edan inter\u00e9s en emprender.<\/p>\n\n\n\n<figure class=\"wp-block-image size-large\"><img fetchpriority=\"high\" decoding=\"async\" width=\"1024\" height=\"768\" src=\"https:\/\/www.missoeshumanitarias.org\/wp-content\/uploads\/2023\/01\/Empreendedorismo_CCFI_FFHI_1-1024x768.jpg\" alt=\"\" class=\"wp-image-146662\" srcset=\"https:\/\/www.missoeshumanitarias.org\/wp-content\/uploads\/2023\/01\/Empreendedorismo_CCFI_FFHI_1-1024x768.jpg 1024w, https:\/\/www.missoeshumanitarias.org\/wp-content\/uploads\/2023\/01\/Empreendedorismo_CCFI_FFHI_1-300x225.jpg 300w, https:\/\/www.missoeshumanitarias.org\/wp-content\/uploads\/2023\/01\/Empreendedorismo_CCFI_FFHI_1-768x576.jpg 768w, https:\/\/www.missoeshumanitarias.org\/wp-content\/uploads\/2023\/01\/Empreendedorismo_CCFI_FFHI_1.jpg 1280w\" sizes=\"(max-width: 1024px) 100vw, 1024px\" \/><\/figure>\n\n\n\n<p>Seg\u00fan el instructor del curso, Edmar Augusto Oreano, profesor formador del IFRR, esta formaci\u00f3n tuvo una importancia significativa, porque est\u00e1 dirigida a un p\u00fablico que necesita un conocimiento m\u00e1s profundo sobre emprendimientos y comercializaci\u00f3n. El curso tuvo una performance de cien por ciento, con mucha dedicaci\u00f3n e inter\u00e9s, y alrededor del 90% de los participantes saldr\u00e1n directamente a aplicar los conocimientos, pues ya tienen alg\u00fan peque\u00f1o emprendimiento que puede estructurarse mejor o expandirse. Y los que a\u00fan no la tienen, salieron motivados para montar su propio negocio.<\/p>\n\n\n\n<figure class=\"wp-block-image size-large\"><img decoding=\"async\" width=\"1024\" height=\"768\" src=\"https:\/\/www.missoeshumanitarias.org\/wp-content\/uploads\/2023\/01\/Empreendedorismo_CCFI_FFHI_2-1024x768.jpg\" alt=\"\" class=\"wp-image-146666\" srcset=\"https:\/\/www.missoeshumanitarias.org\/wp-content\/uploads\/2023\/01\/Empreendedorismo_CCFI_FFHI_2-1024x768.jpg 1024w, https:\/\/www.missoeshumanitarias.org\/wp-content\/uploads\/2023\/01\/Empreendedorismo_CCFI_FFHI_2-300x225.jpg 300w, https:\/\/www.missoeshumanitarias.org\/wp-content\/uploads\/2023\/01\/Empreendedorismo_CCFI_FFHI_2-768x576.jpg 768w, https:\/\/www.missoeshumanitarias.org\/wp-content\/uploads\/2023\/01\/Empreendedorismo_CCFI_FFHI_2.jpg 1280w\" sizes=\"(max-width: 1024px) 100vw, 1024px\" \/><\/figure>\n\n\n\n<p>La formaci\u00f3n se centr\u00f3 en la posibilidad de ampliar las peque\u00f1as empresas, con temas como marketing, redes sociales, t\u00e9cnicas de comercializaci\u00f3n y negociaci\u00f3n, l\u00edneas de cr\u00e9dito y educaci\u00f3n financiera. Las actividades concluyeron con la elaboraci\u00f3n y exposici\u00f3n de planes empresariales, adem\u00e1s de presentaciones culturales de los seis grupos \u00e9tnicos participantes.<\/p>\n\n\n\n<figure class=\"wp-block-image size-large\"><img decoding=\"async\" width=\"1024\" height=\"768\" src=\"https:\/\/www.missoeshumanitarias.org\/wp-content\/uploads\/2023\/01\/Empreendedorismo_CCFI_FFHI_3-1024x768.jpg\" alt=\"\" class=\"wp-image-146670\" srcset=\"https:\/\/www.missoeshumanitarias.org\/wp-content\/uploads\/2023\/01\/Empreendedorismo_CCFI_FFHI_3-1024x768.jpg 1024w, https:\/\/www.missoeshumanitarias.org\/wp-content\/uploads\/2023\/01\/Empreendedorismo_CCFI_FFHI_3-300x225.jpg 300w, https:\/\/www.missoeshumanitarias.org\/wp-content\/uploads\/2023\/01\/Empreendedorismo_CCFI_FFHI_3-768x576.jpg 768w, https:\/\/www.missoeshumanitarias.org\/wp-content\/uploads\/2023\/01\/Empreendedorismo_CCFI_FFHI_3.jpg 1280w\" sizes=\"(max-width: 1024px) 100vw, 1024px\" \/><\/figure>\n\n\n\n<p>Katiane da Silva de Souza, ind\u00edgena\u00a0<a href=\"https:\/\/www.missoeshumanitarias.org\/es\/?s=macuxi\" target=\"_blank\" rel=\"noreferrer noopener\">macuxi<\/a>de la comunidad maturuca, Tierra Ind\u00edgena Raposa Sierra del Sol, municipio de Uiramut\u00e3, Roraima, Brasil, declar\u00f3 que el curso era importante para profundizar y mejorar muchas cuestiones necesarias para abrir un negocio. Algunos participantes ya ten\u00edan actividades en marcha, pero les faltaba m\u00e1s informaci\u00f3n para ampliarlas.<\/p>\n\n\n\n<figure class=\"wp-block-image size-large\"><img loading=\"lazy\" decoding=\"async\" width=\"1024\" height=\"768\" src=\"https:\/\/www.missoeshumanitarias.org\/wp-content\/uploads\/2023\/01\/Empreendedorismo_CCFI_FFHI_4-1024x768.jpg\" alt=\"\" class=\"wp-image-146674\" srcset=\"https:\/\/www.missoeshumanitarias.org\/wp-content\/uploads\/2023\/01\/Empreendedorismo_CCFI_FFHI_4-1024x768.jpg 1024w, https:\/\/www.missoeshumanitarias.org\/wp-content\/uploads\/2023\/01\/Empreendedorismo_CCFI_FFHI_4-300x225.jpg 300w, https:\/\/www.missoeshumanitarias.org\/wp-content\/uploads\/2023\/01\/Empreendedorismo_CCFI_FFHI_4-768x576.jpg 768w, https:\/\/www.missoeshumanitarias.org\/wp-content\/uploads\/2023\/01\/Empreendedorismo_CCFI_FFHI_4.jpg 1280w\" sizes=\"(max-width: 1024px) 100vw, 1024px\" \/><\/figure>\n\n\n\n<p>Adem\u00e1s del intercambio de conocimientos con el profesor, hubo un intercambio entre seis grupos \u00e9tnicos diferentes, con presentaci\u00f3n de trabajos, interacci\u00f3n e intercambio de saberes de forma pr\u00e1ctica. Katiane tambi\u00e9n a\u00f1adi\u00f3 los efectos que se pueden llevar a las comunidades: \u00abEn la comunidad hacen mucha artesan\u00eda, pero falta este tipo de conocimientos sobre c\u00f3mo hacer un negocio y expandirse. Esto es muy importante para nosotras, las mujeres, ya que necesitamos formas de generar ingresos. Antes de terminar el curso ya me estaban buscando, quer\u00edan asociarse y trabajar juntos\u00bb.<\/p>\n","protected":false},"excerpt":{"rendered":"<p>El curso Microemprendedor Individual, promovido a trav\u00e9s de un esfuerzo conjunto entre el Instituto Federal de Roraima (IFRR) y la\u00a0Fraternidad &#8211; Federaci\u00f3n Humanitaria Internacional (FFHI),tuvo lugar en el per\u00edodo del 3 de noviembre al 12 de diciembre de 2022, reuniendo a 24 ind\u00edgenas de las etnias\u00a0taurepang,\u00a0warao,\u00a0wapixana,\u00a0macuxi, ye&#8217;kwana y kari\u00f1a. Los participantes fueron seleccionados y recomendados [&hellip;]<\/p>\n","protected":false},"author":1,"featured_media":146665,"comment_status":"closed","ping_status":"closed","sticky":false,"template":"","format":"standard","meta":{"footnotes":""},"categories":[43,131],"tags":[],"class_list":["post-146864","post","type-post","status-publish","format-standard","has-post-thumbnail","hentry","category-noticias-es","category-noticias-de-las-misiones"],"featured_image_src":"https:\/\/www.missoeshumanitarias.org\/wp-content\/uploads\/2023\/01\/Empreendedorismo_CCFI_FFHI_1.jpg","author_info":{"display_name":"maducato_admin","author_link":"https:\/\/www.missoeshumanitarias.org\/es\/author\/maducato_admin\/"},"yoast_head":"<!-- This site is optimized with the Yoast SEO Premium plugin v22.5 (Yoast SEO v22.5) - https:\/\/yoast.com\/wordpress\/plugins\/seo\/ -->\n<title>Curso de Microempreendedor Individual - Fraternidade Miss\u00f5es Humanit\u00e1rias Internacionais<\/title>\n<meta name=\"robots\" content=\"index, follow, max-snippet:-1, max-image-preview:large, max-video-preview:-1\" \/>\n<link rel=\"canonical\" href=\"https:\/\/www.missoeshumanitarias.org\/es\/curso-de-microempreendedor-individual\/\" \/>\n<meta property=\"og:locale\" content=\"es_ES\" \/>\n<meta property=\"og:type\" content=\"article\" \/>\n<meta property=\"og:title\" content=\"Curso de Microempreendedor Individual\" \/>\n<meta property=\"og:description\" content=\"El curso Microemprendedor Individual, promovido a trav\u00e9s de un esfuerzo conjunto entre el Instituto Federal de Roraima (IFRR) y la\u00a0Fraternidad &#8211; Federaci\u00f3n Humanitaria Internacional (FFHI),tuvo lugar en el per\u00edodo del 3 de noviembre al 12 de diciembre de 2022, reuniendo a 24 ind\u00edgenas de las etnias\u00a0taurepang,\u00a0warao,\u00a0wapixana,\u00a0macuxi, ye&#8217;kwana y kari\u00f1a. Los participantes fueron seleccionados y recomendados [&hellip;]\" \/>\n<meta property=\"og:url\" content=\"https:\/\/www.missoeshumanitarias.org\/es\/curso-de-microempreendedor-individual\/\" \/>\n<meta property=\"og:site_name\" content=\"Fraternidade Miss\u00f5es Humanit\u00e1rias Internacionais\" \/>\n<meta property=\"article:published_time\" content=\"2023-01-20T21:07:21+00:00\" \/>\n<meta property=\"article:modified_time\" content=\"2023-01-25T00:36:59+00:00\" \/>\n<meta property=\"og:image\" content=\"https:\/\/www.missoeshumanitarias.org\/wp-content\/uploads\/2023\/01\/Empreendedorismo_CCFI_FFHI_1.jpg\" \/>\n\t<meta property=\"og:image:width\" content=\"1280\" \/>\n\t<meta property=\"og:image:height\" content=\"960\" \/>\n\t<meta property=\"og:image:type\" content=\"image\/jpeg\" \/>\n<meta name=\"author\" content=\"maducato_admin\" \/>\n<meta name=\"twitter:card\" content=\"summary_large_image\" \/>\n<meta name=\"twitter:label1\" content=\"Escrito por\" \/>\n\t<meta name=\"twitter:data1\" content=\"maducato_admin\" \/>\n\t<meta name=\"twitter:label2\" content=\"Tiempo de lectura\" \/>\n\t<meta name=\"twitter:data2\" content=\"3 minutos\" \/>\n<script type=\"application\/ld+json\" class=\"yoast-schema-graph\">{\"@context\":\"https:\/\/schema.org\",\"@graph\":[{\"@type\":\"Article\",\"@id\":\"https:\/\/www.missoeshumanitarias.org\/es\/curso-de-microempreendedor-individual\/#article\",\"isPartOf\":{\"@id\":\"https:\/\/www.missoeshumanitarias.org\/es\/curso-de-microempreendedor-individual\/\"},\"author\":{\"name\":\"maducato_admin\",\"@id\":\"https:\/\/www.missoeshumanitarias.org\/es\/#\/schema\/person\/e0f8527323154d1eba9f9d9eb6b401f7\"},\"headline\":\"Curso de Microempreendedor Individual\",\"datePublished\":\"2023-01-20T21:07:21+00:00\",\"dateModified\":\"2023-01-25T00:36:59+00:00\",\"mainEntityOfPage\":{\"@id\":\"https:\/\/www.missoeshumanitarias.org\/es\/curso-de-microempreendedor-individual\/\"},\"wordCount\":407,\"publisher\":{\"@id\":\"https:\/\/www.missoeshumanitarias.org\/es\/#organization\"},\"image\":{\"@id\":\"https:\/\/www.missoeshumanitarias.org\/es\/curso-de-microempreendedor-individual\/#primaryimage\"},\"thumbnailUrl\":\"https:\/\/www.missoeshumanitarias.org\/wp-content\/uploads\/2023\/01\/Empreendedorismo_CCFI_FFHI_1.jpg\",\"articleSection\":[\"Noticias\",\"Noticias de las Misiones\"],\"inLanguage\":\"es\"},{\"@type\":\"WebPage\",\"@id\":\"https:\/\/www.missoeshumanitarias.org\/es\/curso-de-microempreendedor-individual\/\",\"url\":\"https:\/\/www.missoeshumanitarias.org\/es\/curso-de-microempreendedor-individual\/\",\"name\":\"Curso de Microempreendedor Individual - Fraternidade Miss\u00f5es Humanit\u00e1rias Internacionais\",\"isPartOf\":{\"@id\":\"https:\/\/www.missoeshumanitarias.org\/es\/#website\"},\"primaryImageOfPage\":{\"@id\":\"https:\/\/www.missoeshumanitarias.org\/es\/curso-de-microempreendedor-individual\/#primaryimage\"},\"image\":{\"@id\":\"https:\/\/www.missoeshumanitarias.org\/es\/curso-de-microempreendedor-individual\/#primaryimage\"},\"thumbnailUrl\":\"https:\/\/www.missoeshumanitarias.org\/wp-content\/uploads\/2023\/01\/Empreendedorismo_CCFI_FFHI_1.jpg\",\"datePublished\":\"2023-01-20T21:07:21+00:00\",\"dateModified\":\"2023-01-25T00:36:59+00:00\",\"breadcrumb\":{\"@id\":\"https:\/\/www.missoeshumanitarias.org\/es\/curso-de-microempreendedor-individual\/#breadcrumb\"},\"inLanguage\":\"es\",\"potentialAction\":[{\"@type\":\"ReadAction\",\"target\":[\"https:\/\/www.missoeshumanitarias.org\/es\/curso-de-microempreendedor-individual\/\"]}]},{\"@type\":\"ImageObject\",\"inLanguage\":\"es\",\"@id\":\"https:\/\/www.missoeshumanitarias.org\/es\/curso-de-microempreendedor-individual\/#primaryimage\",\"url\":\"https:\/\/www.missoeshumanitarias.org\/wp-content\/uploads\/2023\/01\/Empreendedorismo_CCFI_FFHI_1.jpg\",\"contentUrl\":\"https:\/\/www.missoeshumanitarias.org\/wp-content\/uploads\/2023\/01\/Empreendedorismo_CCFI_FFHI_1.jpg\",\"width\":1280,\"height\":960,\"caption\":\"Curso Microempreendedor Individual\"},{\"@type\":\"BreadcrumbList\",\"@id\":\"https:\/\/www.missoeshumanitarias.org\/es\/curso-de-microempreendedor-individual\/#breadcrumb\",\"itemListElement\":[{\"@type\":\"ListItem\",\"position\":1,\"name\":\"Home\",\"item\":\"https:\/\/www.missoeshumanitarias.org\/en\/\"},{\"@type\":\"ListItem\",\"position\":2,\"name\":\"Curso de Microempreendedor Individual\"}]},{\"@type\":\"WebSite\",\"@id\":\"https:\/\/www.missoeshumanitarias.org\/es\/#website\",\"url\":\"https:\/\/www.missoeshumanitarias.org\/es\/\",\"name\":\"Fraternidade Miss\u00f5es Humanit\u00e1rias Internacionais\",\"description\":\"Respostas Humanit\u00e1rias e Emerg\u00eancias\",\"publisher\":{\"@id\":\"https:\/\/www.missoeshumanitarias.org\/es\/#organization\"},\"potentialAction\":[{\"@type\":\"SearchAction\",\"target\":{\"@type\":\"EntryPoint\",\"urlTemplate\":\"https:\/\/www.missoeshumanitarias.org\/es\/?s={search_term_string}\"},\"query-input\":\"required name=search_term_string\"}],\"inLanguage\":\"es\"},{\"@type\":\"Organization\",\"@id\":\"https:\/\/www.missoeshumanitarias.org\/es\/#organization\",\"name\":\"Fraternidade - Miss\u00f5es Humanit\u00e1rias Internacionais\",\"url\":\"https:\/\/www.missoeshumanitarias.org\/es\/\",\"logo\":{\"@type\":\"ImageObject\",\"inLanguage\":\"es\",\"@id\":\"https:\/\/www.missoeshumanitarias.org\/es\/#\/schema\/logo\/image\/\",\"url\":\"https:\/\/www.missoeshumanitarias.org\/wp-content\/uploads\/2020\/05\/logo-FMHI-mg.png\",\"contentUrl\":\"https:\/\/www.missoeshumanitarias.org\/wp-content\/uploads\/2020\/05\/logo-FMHI-mg.png\",\"width\":520,\"height\":134,\"caption\":\"Fraternidade - Miss\u00f5es Humanit\u00e1rias Internacionais\"},\"image\":{\"@id\":\"https:\/\/www.missoeshumanitarias.org\/es\/#\/schema\/logo\/image\/\"}},{\"@type\":\"Person\",\"@id\":\"https:\/\/www.missoeshumanitarias.org\/es\/#\/schema\/person\/e0f8527323154d1eba9f9d9eb6b401f7\",\"name\":\"maducato_admin\",\"image\":{\"@type\":\"ImageObject\",\"inLanguage\":\"es\",\"@id\":\"https:\/\/www.missoeshumanitarias.org\/es\/#\/schema\/person\/image\/\",\"url\":\"https:\/\/secure.gravatar.com\/avatar\/6c3b45186a8f5a459d8e14c7fca370bceae92402bc06171d75e4e559b6c24393?s=96&d=mm&r=g\",\"contentUrl\":\"https:\/\/secure.gravatar.com\/avatar\/6c3b45186a8f5a459d8e14c7fca370bceae92402bc06171d75e4e559b6c24393?s=96&d=mm&r=g\",\"caption\":\"maducato_admin\"}}]}<\/script>\n<!-- \/ Yoast SEO Premium plugin. -->","yoast_head_json":{"title":"Curso de Microempreendedor Individual - Fraternidade Miss\u00f5es Humanit\u00e1rias Internacionais","robots":{"index":"index","follow":"follow","max-snippet":"max-snippet:-1","max-image-preview":"max-image-preview:large","max-video-preview":"max-video-preview:-1"},"canonical":"https:\/\/www.missoeshumanitarias.org\/es\/curso-de-microempreendedor-individual\/","og_locale":"es_ES","og_type":"article","og_title":"Curso de Microempreendedor Individual","og_description":"El curso Microemprendedor Individual, promovido a trav\u00e9s de un esfuerzo conjunto entre el Instituto Federal de Roraima (IFRR) y la\u00a0Fraternidad &#8211; Federaci\u00f3n Humanitaria Internacional (FFHI),tuvo lugar en el per\u00edodo del 3 de noviembre al 12 de diciembre de 2022, reuniendo a 24 ind\u00edgenas de las etnias\u00a0taurepang,\u00a0warao,\u00a0wapixana,\u00a0macuxi, ye&#8217;kwana y kari\u00f1a. Los participantes fueron seleccionados y recomendados [&hellip;]","og_url":"https:\/\/www.missoeshumanitarias.org\/es\/curso-de-microempreendedor-individual\/","og_site_name":"Fraternidade Miss\u00f5es Humanit\u00e1rias Internacionais","article_published_time":"2023-01-20T21:07:21+00:00","article_modified_time":"2023-01-25T00:36:59+00:00","og_image":[{"width":1280,"height":960,"url":"https:\/\/www.missoeshumanitarias.org\/wp-content\/uploads\/2023\/01\/Empreendedorismo_CCFI_FFHI_1.jpg","type":"image\/jpeg"}],"author":"maducato_admin","twitter_card":"summary_large_image","twitter_misc":{"Escrito por":"maducato_admin","Tiempo de lectura":"3 minutos"},"schema":{"@context":"https:\/\/schema.org","@graph":[{"@type":"Article","@id":"https:\/\/www.missoeshumanitarias.org\/es\/curso-de-microempreendedor-individual\/#article","isPartOf":{"@id":"https:\/\/www.missoeshumanitarias.org\/es\/curso-de-microempreendedor-individual\/"},"author":{"name":"maducato_admin","@id":"https:\/\/www.missoeshumanitarias.org\/es\/#\/schema\/person\/e0f8527323154d1eba9f9d9eb6b401f7"},"headline":"Curso de Microempreendedor Individual","datePublished":"2023-01-20T21:07:21+00:00","dateModified":"2023-01-25T00:36:59+00:00","mainEntityOfPage":{"@id":"https:\/\/www.missoeshumanitarias.org\/es\/curso-de-microempreendedor-individual\/"},"wordCount":407,"publisher":{"@id":"https:\/\/www.missoeshumanitarias.org\/es\/#organization"},"image":{"@id":"https:\/\/www.missoeshumanitarias.org\/es\/curso-de-microempreendedor-individual\/#primaryimage"},"thumbnailUrl":"https:\/\/www.missoeshumanitarias.org\/wp-content\/uploads\/2023\/01\/Empreendedorismo_CCFI_FFHI_1.jpg","articleSection":["Noticias","Noticias de las Misiones"],"inLanguage":"es"},{"@type":"WebPage","@id":"https:\/\/www.missoeshumanitarias.org\/es\/curso-de-microempreendedor-individual\/","url":"https:\/\/www.missoeshumanitarias.org\/es\/curso-de-microempreendedor-individual\/","name":"Curso de Microempreendedor Individual - Fraternidade Miss\u00f5es Humanit\u00e1rias Internacionais","isPartOf":{"@id":"https:\/\/www.missoeshumanitarias.org\/es\/#website"},"primaryImageOfPage":{"@id":"https:\/\/www.missoeshumanitarias.org\/es\/curso-de-microempreendedor-individual\/#primaryimage"},"image":{"@id":"https:\/\/www.missoeshumanitarias.org\/es\/curso-de-microempreendedor-individual\/#primaryimage"},"thumbnailUrl":"https:\/\/www.missoeshumanitarias.org\/wp-content\/uploads\/2023\/01\/Empreendedorismo_CCFI_FFHI_1.jpg","datePublished":"2023-01-20T21:07:21+00:00","dateModified":"2023-01-25T00:36:59+00:00","breadcrumb":{"@id":"https:\/\/www.missoeshumanitarias.org\/es\/curso-de-microempreendedor-individual\/#breadcrumb"},"inLanguage":"es","potentialAction":[{"@type":"ReadAction","target":["https:\/\/www.missoeshumanitarias.org\/es\/curso-de-microempreendedor-individual\/"]}]},{"@type":"ImageObject","inLanguage":"es","@id":"https:\/\/www.missoeshumanitarias.org\/es\/curso-de-microempreendedor-individual\/#primaryimage","url":"https:\/\/www.missoeshumanitarias.org\/wp-content\/uploads\/2023\/01\/Empreendedorismo_CCFI_FFHI_1.jpg","contentUrl":"https:\/\/www.missoeshumanitarias.org\/wp-content\/uploads\/2023\/01\/Empreendedorismo_CCFI_FFHI_1.jpg","width":1280,"height":960,"caption":"Curso Microempreendedor Individual"},{"@type":"BreadcrumbList","@id":"https:\/\/www.missoeshumanitarias.org\/es\/curso-de-microempreendedor-individual\/#breadcrumb","itemListElement":[{"@type":"ListItem","position":1,"name":"Home","item":"https:\/\/www.missoeshumanitarias.org\/en\/"},{"@type":"ListItem","position":2,"name":"Curso de Microempreendedor Individual"}]},{"@type":"WebSite","@id":"https:\/\/www.missoeshumanitarias.org\/es\/#website","url":"https:\/\/www.missoeshumanitarias.org\/es\/","name":"Fraternidade Miss\u00f5es Humanit\u00e1rias Internacionais","description":"Respostas Humanit\u00e1rias e Emerg\u00eancias","publisher":{"@id":"https:\/\/www.missoeshumanitarias.org\/es\/#organization"},"potentialAction":[{"@type":"SearchAction","target":{"@type":"EntryPoint","urlTemplate":"https:\/\/www.missoeshumanitarias.org\/es\/?s={search_term_string}"},"query-input":"required name=search_term_string"}],"inLanguage":"es"},{"@type":"Organization","@id":"https:\/\/www.missoeshumanitarias.org\/es\/#organization","name":"Fraternidade - Miss\u00f5es Humanit\u00e1rias Internacionais","url":"https:\/\/www.missoeshumanitarias.org\/es\/","logo":{"@type":"ImageObject","inLanguage":"es","@id":"https:\/\/www.missoeshumanitarias.org\/es\/#\/schema\/logo\/image\/","url":"https:\/\/www.missoeshumanitarias.org\/wp-content\/uploads\/2020\/05\/logo-FMHI-mg.png","contentUrl":"https:\/\/www.missoeshumanitarias.org\/wp-content\/uploads\/2020\/05\/logo-FMHI-mg.png","width":520,"height":134,"caption":"Fraternidade - Miss\u00f5es Humanit\u00e1rias Internacionais"},"image":{"@id":"https:\/\/www.missoeshumanitarias.org\/es\/#\/schema\/logo\/image\/"}},{"@type":"Person","@id":"https:\/\/www.missoeshumanitarias.org\/es\/#\/schema\/person\/e0f8527323154d1eba9f9d9eb6b401f7","name":"maducato_admin","image":{"@type":"ImageObject","inLanguage":"es","@id":"https:\/\/www.missoeshumanitarias.org\/es\/#\/schema\/person\/image\/","url":"https:\/\/secure.gravatar.com\/avatar\/6c3b45186a8f5a459d8e14c7fca370bceae92402bc06171d75e4e559b6c24393?s=96&d=mm&r=g","contentUrl":"https:\/\/secure.gravatar.com\/avatar\/6c3b45186a8f5a459d8e14c7fca370bceae92402bc06171d75e4e559b6c24393?s=96&d=mm&r=g","caption":"maducato_admin"}}]}},"_links":{"self":[{"href":"https:\/\/www.missoeshumanitarias.org\/es\/wp-json\/wp\/v2\/posts\/146864","targetHints":{"allow":["GET"]}}],"collection":[{"href":"https:\/\/www.missoeshumanitarias.org\/es\/wp-json\/wp\/v2\/posts"}],"about":[{"href":"https:\/\/www.missoeshumanitarias.org\/es\/wp-json\/wp\/v2\/types\/post"}],"author":[{"embeddable":true,"href":"https:\/\/www.missoeshumanitarias.org\/es\/wp-json\/wp\/v2\/users\/1"}],"replies":[{"embeddable":true,"href":"https:\/\/www.missoeshumanitarias.org\/es\/wp-json\/wp\/v2\/comments?post=146864"}],"version-history":[{"count":0,"href":"https:\/\/www.missoeshumanitarias.org\/es\/wp-json\/wp\/v2\/posts\/146864\/revisions"}],"wp:featuredmedia":[{"embeddable":true,"href":"https:\/\/www.missoeshumanitarias.org\/es\/wp-json\/wp\/v2\/media\/146665"}],"wp:attachment":[{"href":"https:\/\/www.missoeshumanitarias.org\/es\/wp-json\/wp\/v2\/media?parent=146864"}],"wp:term":[{"taxonomy":"category","embeddable":true,"href":"https:\/\/www.missoeshumanitarias.org\/es\/wp-json\/wp\/v2\/categories?post=146864"},{"taxonomy":"post_tag","embeddable":true,"href":"https:\/\/www.missoeshumanitarias.org\/es\/wp-json\/wp\/v2\/tags?post=146864"}],"curies":[{"name":"wp","href":"https:\/\/api.w.org\/{rel}","templated":true}]}}