{"id":148857,"date":"2023-03-05T08:00:00","date_gmt":"2023-03-05T11:00:00","guid":{"rendered":"https:\/\/www.missoeshumanitarias.org\/?p=148857"},"modified":"2023-03-04T12:36:22","modified_gmt":"2023-03-04T15:36:22","slug":"missao-angola-humanitaria-reiniciara-atividades-em-abril","status":"publish","type":"post","link":"https:\/\/www.missoeshumanitarias.org\/es\/missao-angola-humanitaria-reiniciara-atividades-em-abril\/","title":{"rendered":"Miss\u00e3o Angola Humanit\u00e1ria reiniciar\u00e1 atividades em abril"},"content":{"rendered":"\n<p>Siguiendo las acciones desarrolladas por la&nbsp;<a href=\"https:\/\/www.missoeshumanitarias.org\/es\">Fraternidad- Misiones Humanitarias Internacionales (FMHI)<\/a>&nbsp;en el a\u00f1o 2022, en Angola, integrantes de la organizaci\u00f3n reanudan las actividades en abril de este a\u00f1o.<\/p>\n\n\n\n<p>Para el 2023, la perspectiva es continuar el trabajo, incluyendo un nuevo sector de intervenci\u00f3n &#8211; Medios de Vida y Soluciones Duraderas, profundizando la implementaci\u00f3n y llegando a otras provincias del pa\u00eds.<\/p>\n\n\n<div class=\"wp-block-image\">\n<figure class=\"aligncenter size-large is-resized\"><img fetchpriority=\"high\" decoding=\"async\" src=\"https:\/\/www.missoeshumanitarias.org\/wp-content\/uploads\/2023\/03\/Missao_Humanitaria_Angola_FMHI_1-1024x768.jpg\" alt=\"\" class=\"wp-image-148831\" width=\"843\" height=\"632\" srcset=\"https:\/\/www.missoeshumanitarias.org\/wp-content\/uploads\/2023\/03\/Missao_Humanitaria_Angola_FMHI_1-1024x768.jpg 1024w, https:\/\/www.missoeshumanitarias.org\/wp-content\/uploads\/2023\/03\/Missao_Humanitaria_Angola_FMHI_1-300x225.jpg 300w, https:\/\/www.missoeshumanitarias.org\/wp-content\/uploads\/2023\/03\/Missao_Humanitaria_Angola_FMHI_1-768x576.jpg 768w, https:\/\/www.missoeshumanitarias.org\/wp-content\/uploads\/2023\/03\/Missao_Humanitaria_Angola_FMHI_1-1536x1152.jpg 1536w, https:\/\/www.missoeshumanitarias.org\/wp-content\/uploads\/2023\/03\/Missao_Humanitaria_Angola_FMHI_1-scaled.jpg 1600w\" sizes=\"(max-width: 843px) 100vw, 843px\" \/><\/figure>\n<\/div>\n\n\n<p>Seg\u00fan Anderson Santiago, servidor humanitario que integrar\u00e1 el equipo, \u00abla&nbsp;<a href=\"https:\/\/www.missoeshumanitarias.org\/es\">Fraternidad &#8211; Misiones Humanitarias (FMHI)<\/a>&nbsp;desarrollar\u00e1 proyectos en cinco Sectores de Intervenci\u00f3n: Educaci\u00f3n para Superar Traumas, Respuesta Humanitaria para Personas con Discapacidad, Capacitaci\u00f3n Humanitaria, Seguridad Alimentaria y Nutricional, Sector Medios de Vida y Soluciones Duraderas\u00bb.<\/p>\n\n\n\n<p>Anderson remarca que el diferencial de esta etapa de la Misi\u00f3n Humanitaria Angola ser\u00e1 la implementaci\u00f3n del Sector de Medios de Vida y Soluciones Duraderas, que fomentar\u00e1 la capacitaci\u00f3n en Costura, Mantenimiento, Panader\u00eda, Producci\u00f3n de Materiales de Limpieza, entre varios otros, para que las personas, organizaciones sociales y comunidades logren las condiciones necesarias para generar autosuficiencia, resiliencia y participaci\u00f3n comunitaria, y as\u00ed, las personas y grupos transformen los desaf\u00edos en posibilidades y oportunidades de crecimiento.<\/p>\n\n\n\n<figure class=\"wp-block-gallery has-nested-images columns-default is-cropped wp-block-gallery-1 is-layout-flex wp-block-gallery-is-layout-flex\">\n<figure class=\"wp-block-image size-large\"><img decoding=\"async\" width=\"1024\" height=\"768\" data-id=\"148835\" src=\"https:\/\/www.missoeshumanitarias.org\/wp-content\/uploads\/2023\/03\/Missao_Humanitaria_Angola_FMHI_2-1024x768.jpg\" alt=\"\" class=\"wp-image-148835\" srcset=\"https:\/\/www.missoeshumanitarias.org\/wp-content\/uploads\/2023\/03\/Missao_Humanitaria_Angola_FMHI_2-1024x768.jpg 1024w, https:\/\/www.missoeshumanitarias.org\/wp-content\/uploads\/2023\/03\/Missao_Humanitaria_Angola_FMHI_2-300x225.jpg 300w, https:\/\/www.missoeshumanitarias.org\/wp-content\/uploads\/2023\/03\/Missao_Humanitaria_Angola_FMHI_2-768x576.jpg 768w, https:\/\/www.missoeshumanitarias.org\/wp-content\/uploads\/2023\/03\/Missao_Humanitaria_Angola_FMHI_2-1536x1152.jpg 1536w, https:\/\/www.missoeshumanitarias.org\/wp-content\/uploads\/2023\/03\/Missao_Humanitaria_Angola_FMHI_2-scaled.jpg 1600w\" sizes=\"(max-width: 1024px) 100vw, 1024px\" \/><figcaption class=\"wp-element-caption\">dav<\/figcaption><\/figure>\n\n\n\n<figure class=\"wp-block-image size-large\"><img decoding=\"async\" width=\"1024\" height=\"768\" data-id=\"148839\" src=\"https:\/\/www.missoeshumanitarias.org\/wp-content\/uploads\/2023\/03\/Missao_Humanitaria_Angola_FMHI_6-1024x768.jpg\" alt=\"\" class=\"wp-image-148839\" srcset=\"https:\/\/www.missoeshumanitarias.org\/wp-content\/uploads\/2023\/03\/Missao_Humanitaria_Angola_FMHI_6-1024x768.jpg 1024w, https:\/\/www.missoeshumanitarias.org\/wp-content\/uploads\/2023\/03\/Missao_Humanitaria_Angola_FMHI_6-300x225.jpg 300w, https:\/\/www.missoeshumanitarias.org\/wp-content\/uploads\/2023\/03\/Missao_Humanitaria_Angola_FMHI_6-768x576.jpg 768w, https:\/\/www.missoeshumanitarias.org\/wp-content\/uploads\/2023\/03\/Missao_Humanitaria_Angola_FMHI_6-1536x1152.jpg 1536w, https:\/\/www.missoeshumanitarias.org\/wp-content\/uploads\/2023\/03\/Missao_Humanitaria_Angola_FMHI_6-scaled.jpg 1600w\" sizes=\"(max-width: 1024px) 100vw, 1024px\" \/><\/figure>\n<\/figure>\n\n\n\n<p>Pero la tarea depende de la suma de esfuerzos; de los pies, brazos, manos y corazones de quienes est\u00e9n dispuestos a colaborar y servir al pr\u00f3jimo.<\/p>\n\n\n\n<p>\u00abA lo largo de todos estos a\u00f1os, ninguna de las iniciativas desarrolladas en la Misi\u00f3n Angola Humanitaria habr\u00eda sido posible sin la colaboraci\u00f3n de los donantes que apoyaron y garantizaron el sustento de esta Misi\u00f3n\u00bb, subraya el servidor humanitario.<\/p>\n\n\n\n<p>Para la Madre Teresa, monja de la Orden Gracia Misericordia y servidora humanitaria, \u00abtodas las donaciones que contribuyen para que las misiones humanitarias se concreten, fortalecen los lazos de fraternidad y generan calidad de vida y dignidad. El servicio humanitario s\u00f3lo se hace con brazos y corazones, de lejos y de cerca, aportando cada uno lo que puede.\u201d<\/p>\n\n\n\n<figure class=\"wp-block-gallery has-nested-images columns-default is-cropped wp-block-gallery-2 is-layout-flex wp-block-gallery-is-layout-flex\">\n<figure class=\"wp-block-image size-large\"><img loading=\"lazy\" decoding=\"async\" width=\"1024\" height=\"576\" data-id=\"148843\" src=\"https:\/\/www.missoeshumanitarias.org\/wp-content\/uploads\/2023\/03\/Missao_Humanitaria_Angola_FMHI_4-1024x576.jpg\" alt=\"\" class=\"wp-image-148843\" srcset=\"https:\/\/www.missoeshumanitarias.org\/wp-content\/uploads\/2023\/03\/Missao_Humanitaria_Angola_FMHI_4-1024x576.jpg 1024w, https:\/\/www.missoeshumanitarias.org\/wp-content\/uploads\/2023\/03\/Missao_Humanitaria_Angola_FMHI_4-300x169.jpg 300w, https:\/\/www.missoeshumanitarias.org\/wp-content\/uploads\/2023\/03\/Missao_Humanitaria_Angola_FMHI_4-768x432.jpg 768w, https:\/\/www.missoeshumanitarias.org\/wp-content\/uploads\/2023\/03\/Missao_Humanitaria_Angola_FMHI_4.jpg 1280w\" sizes=\"(max-width: 1024px) 100vw, 1024px\" \/><\/figure>\n\n\n\n<figure class=\"wp-block-image size-large\"><img loading=\"lazy\" decoding=\"async\" width=\"1024\" height=\"576\" data-id=\"148844\" src=\"https:\/\/www.missoeshumanitarias.org\/wp-content\/uploads\/2023\/03\/Missao_Humanitaria_Angola_FMHI_5-1024x576.jpg\" alt=\"\" class=\"wp-image-148844\" srcset=\"https:\/\/www.missoeshumanitarias.org\/wp-content\/uploads\/2023\/03\/Missao_Humanitaria_Angola_FMHI_5-1024x576.jpg 1024w, https:\/\/www.missoeshumanitarias.org\/wp-content\/uploads\/2023\/03\/Missao_Humanitaria_Angola_FMHI_5-300x169.jpg 300w, https:\/\/www.missoeshumanitarias.org\/wp-content\/uploads\/2023\/03\/Missao_Humanitaria_Angola_FMHI_5-768x432.jpg 768w, https:\/\/www.missoeshumanitarias.org\/wp-content\/uploads\/2023\/03\/Missao_Humanitaria_Angola_FMHI_5.jpg 1280w\" sizes=\"(max-width: 1024px) 100vw, 1024px\" \/><\/figure>\n<\/figure>\n\n\n\n<p>Unidos, podemos transformar muchas vidas. \u00a1Sea parte de esta historia de amor, cuidado y solidaridad!<\/p>\n\n\n\n<p><strong>&nbsp;<\/strong><strong>Haga una donaci\u00f3n. \u00a1Abrace la Misi\u00f3n Angola Humanitaria!<\/strong><\/p>\n\n\n\n<p><strong>Acceda a la p\u00e1gina de la&nbsp;<\/strong><a href=\"https:\/\/www.missoeshumanitarias.org\/es\/mision-angola\/\"><strong>Misi\u00f3n Angola Humanitaria<\/strong><\/a><\/p>\n","protected":false},"excerpt":{"rendered":"<p>Siguiendo las acciones desarrolladas por la&nbsp;Fraternidad- Misiones Humanitarias Internacionales (FMHI)&nbsp;en el a\u00f1o 2022, en Angola, integrantes de la organizaci\u00f3n reanudan las actividades en abril de este a\u00f1o. Para el 2023, la perspectiva es continuar el trabajo, incluyendo un nuevo sector de intervenci\u00f3n &#8211; Medios de Vida y Soluciones Duraderas, profundizando la implementaci\u00f3n y llegando a [&hellip;]<\/p>\n","protected":false},"author":1,"featured_media":148842,"comment_status":"closed","ping_status":"closed","sticky":false,"template":"","format":"standard","meta":{"footnotes":""},"categories":[43,131],"tags":[194],"class_list":["post-148857","post","type-post","status-publish","format-standard","has-post-thumbnail","hentry","category-noticias-es","category-noticias-de-las-misiones","tag-mision-angola"],"featured_image_src":"https:\/\/www.missoeshumanitarias.org\/wp-content\/uploads\/2023\/03\/Missao_Humanitaria_Angola_FMHI_6-scaled.jpg","author_info":{"display_name":"maducato_admin","author_link":"https:\/\/www.missoeshumanitarias.org\/es\/author\/maducato_admin\/"},"yoast_head":"<!-- This site is optimized with the Yoast SEO Premium plugin v22.5 (Yoast SEO v22.5) - https:\/\/yoast.com\/wordpress\/plugins\/seo\/ -->\n<title>Miss\u00e3o Angola Humanit\u00e1ria reiniciar\u00e1 atividades em abril - Fraternidade Miss\u00f5es Humanit\u00e1rias Internacionais<\/title>\n<meta name=\"robots\" content=\"index, follow, max-snippet:-1, max-image-preview:large, max-video-preview:-1\" \/>\n<link rel=\"canonical\" href=\"https:\/\/www.missoeshumanitarias.org\/missao-angola-humanitaria-reiniciara-atividades-em-abril\/\" \/>\n<meta property=\"og:locale\" content=\"es_ES\" \/>\n<meta property=\"og:type\" content=\"article\" \/>\n<meta property=\"og:title\" content=\"Miss\u00e3o Angola Humanit\u00e1ria reiniciar\u00e1 atividades em abril\" \/>\n<meta property=\"og:description\" content=\"Siguiendo las acciones desarrolladas por la&nbsp;Fraternidad- Misiones Humanitarias Internacionales (FMHI)&nbsp;en el a\u00f1o 2022, en Angola, integrantes de la organizaci\u00f3n reanudan las actividades en abril de este a\u00f1o. Para el 2023, la perspectiva es continuar el trabajo, incluyendo un nuevo sector de intervenci\u00f3n &#8211; Medios de Vida y Soluciones Duraderas, profundizando la implementaci\u00f3n y llegando a [&hellip;]\" \/>\n<meta property=\"og:url\" content=\"https:\/\/www.missoeshumanitarias.org\/missao-angola-humanitaria-reiniciara-atividades-em-abril\/\" \/>\n<meta property=\"og:site_name\" content=\"Fraternidade Miss\u00f5es Humanit\u00e1rias Internacionais\" \/>\n<meta property=\"article:published_time\" content=\"2023-03-05T11:00:00+00:00\" \/>\n<meta property=\"article:modified_time\" content=\"2023-03-04T15:36:22+00:00\" \/>\n<meta property=\"og:image\" content=\"https:\/\/www.missoeshumanitarias.org\/wp-content\/uploads\/2023\/03\/Missao_Humanitaria_Angola_FMHI_6-scaled.jpg\" \/>\n\t<meta property=\"og:image:width\" content=\"2560\" \/>\n\t<meta property=\"og:image:height\" content=\"1920\" \/>\n\t<meta property=\"og:image:type\" content=\"image\/jpeg\" \/>\n<meta name=\"author\" content=\"maducato_admin\" \/>\n<meta name=\"twitter:card\" content=\"summary_large_image\" \/>\n<meta name=\"twitter:label1\" content=\"Escrito por\" \/>\n\t<meta name=\"twitter:data1\" content=\"maducato_admin\" \/>\n\t<meta name=\"twitter:label2\" content=\"Tiempo de lectura\" \/>\n\t<meta name=\"twitter:data2\" content=\"3 minutos\" \/>\n<script type=\"application\/ld+json\" class=\"yoast-schema-graph\">{\"@context\":\"https:\/\/schema.org\",\"@graph\":[{\"@type\":\"Article\",\"@id\":\"https:\/\/www.missoeshumanitarias.org\/missao-angola-humanitaria-reiniciara-atividades-em-abril\/#article\",\"isPartOf\":{\"@id\":\"https:\/\/www.missoeshumanitarias.org\/missao-angola-humanitaria-reiniciara-atividades-em-abril\/\"},\"author\":{\"name\":\"maducato_admin\",\"@id\":\"https:\/\/www.missoeshumanitarias.org\/es\/#\/schema\/person\/e0f8527323154d1eba9f9d9eb6b401f7\"},\"headline\":\"Miss\u00e3o Angola Humanit\u00e1ria reiniciar\u00e1 atividades em abril\",\"datePublished\":\"2023-03-05T11:00:00+00:00\",\"dateModified\":\"2023-03-04T15:36:22+00:00\",\"mainEntityOfPage\":{\"@id\":\"https:\/\/www.missoeshumanitarias.org\/missao-angola-humanitaria-reiniciara-atividades-em-abril\/\"},\"wordCount\":379,\"publisher\":{\"@id\":\"https:\/\/www.missoeshumanitarias.org\/es\/#organization\"},\"image\":{\"@id\":\"https:\/\/www.missoeshumanitarias.org\/missao-angola-humanitaria-reiniciara-atividades-em-abril\/#primaryimage\"},\"thumbnailUrl\":\"https:\/\/www.missoeshumanitarias.org\/wp-content\/uploads\/2023\/03\/Missao_Humanitaria_Angola_FMHI_6-scaled.jpg\",\"keywords\":[\"Misi\u00f3n Angola\"],\"articleSection\":[\"Noticias\",\"Noticias de las Misiones\"],\"inLanguage\":\"es\"},{\"@type\":\"WebPage\",\"@id\":\"https:\/\/www.missoeshumanitarias.org\/missao-angola-humanitaria-reiniciara-atividades-em-abril\/\",\"url\":\"https:\/\/www.missoeshumanitarias.org\/missao-angola-humanitaria-reiniciara-atividades-em-abril\/\",\"name\":\"Miss\u00e3o Angola Humanit\u00e1ria reiniciar\u00e1 atividades em abril - Fraternidade Miss\u00f5es Humanit\u00e1rias Internacionais\",\"isPartOf\":{\"@id\":\"https:\/\/www.missoeshumanitarias.org\/es\/#website\"},\"primaryImageOfPage\":{\"@id\":\"https:\/\/www.missoeshumanitarias.org\/missao-angola-humanitaria-reiniciara-atividades-em-abril\/#primaryimage\"},\"image\":{\"@id\":\"https:\/\/www.missoeshumanitarias.org\/missao-angola-humanitaria-reiniciara-atividades-em-abril\/#primaryimage\"},\"thumbnailUrl\":\"https:\/\/www.missoeshumanitarias.org\/wp-content\/uploads\/2023\/03\/Missao_Humanitaria_Angola_FMHI_6-scaled.jpg\",\"datePublished\":\"2023-03-05T11:00:00+00:00\",\"dateModified\":\"2023-03-04T15:36:22+00:00\",\"breadcrumb\":{\"@id\":\"https:\/\/www.missoeshumanitarias.org\/missao-angola-humanitaria-reiniciara-atividades-em-abril\/#breadcrumb\"},\"inLanguage\":\"es\",\"potentialAction\":[{\"@type\":\"ReadAction\",\"target\":[\"https:\/\/www.missoeshumanitarias.org\/missao-angola-humanitaria-reiniciara-atividades-em-abril\/\"]}]},{\"@type\":\"ImageObject\",\"inLanguage\":\"es\",\"@id\":\"https:\/\/www.missoeshumanitarias.org\/missao-angola-humanitaria-reiniciara-atividades-em-abril\/#primaryimage\",\"url\":\"https:\/\/www.missoeshumanitarias.org\/wp-content\/uploads\/2023\/03\/Missao_Humanitaria_Angola_FMHI_6-scaled.jpg\",\"contentUrl\":\"https:\/\/www.missoeshumanitarias.org\/wp-content\/uploads\/2023\/03\/Missao_Humanitaria_Angola_FMHI_6-scaled.jpg\",\"width\":1600,\"height\":1200,\"caption\":\"Atividades Miss\u00e3o Angola\"},{\"@type\":\"BreadcrumbList\",\"@id\":\"https:\/\/www.missoeshumanitarias.org\/missao-angola-humanitaria-reiniciara-atividades-em-abril\/#breadcrumb\",\"itemListElement\":[{\"@type\":\"ListItem\",\"position\":1,\"name\":\"Home\",\"item\":\"https:\/\/www.missoeshumanitarias.org\/en\/\"},{\"@type\":\"ListItem\",\"position\":2,\"name\":\"Miss\u00e3o Angola Humanit\u00e1ria reiniciar\u00e1 atividades em abril\"}]},{\"@type\":\"WebSite\",\"@id\":\"https:\/\/www.missoeshumanitarias.org\/es\/#website\",\"url\":\"https:\/\/www.missoeshumanitarias.org\/es\/\",\"name\":\"Fraternidade Miss\u00f5es Humanit\u00e1rias Internacionais\",\"description\":\"Respostas Humanit\u00e1rias e Emerg\u00eancias\",\"publisher\":{\"@id\":\"https:\/\/www.missoeshumanitarias.org\/es\/#organization\"},\"potentialAction\":[{\"@type\":\"SearchAction\",\"target\":{\"@type\":\"EntryPoint\",\"urlTemplate\":\"https:\/\/www.missoeshumanitarias.org\/es\/?s={search_term_string}\"},\"query-input\":\"required name=search_term_string\"}],\"inLanguage\":\"es\"},{\"@type\":\"Organization\",\"@id\":\"https:\/\/www.missoeshumanitarias.org\/es\/#organization\",\"name\":\"Fraternidade - Miss\u00f5es Humanit\u00e1rias Internacionais\",\"url\":\"https:\/\/www.missoeshumanitarias.org\/es\/\",\"logo\":{\"@type\":\"ImageObject\",\"inLanguage\":\"es\",\"@id\":\"https:\/\/www.missoeshumanitarias.org\/es\/#\/schema\/logo\/image\/\",\"url\":\"https:\/\/www.missoeshumanitarias.org\/wp-content\/uploads\/2020\/05\/logo-FMHI-mg.png\",\"contentUrl\":\"https:\/\/www.missoeshumanitarias.org\/wp-content\/uploads\/2020\/05\/logo-FMHI-mg.png\",\"width\":520,\"height\":134,\"caption\":\"Fraternidade - Miss\u00f5es Humanit\u00e1rias Internacionais\"},\"image\":{\"@id\":\"https:\/\/www.missoeshumanitarias.org\/es\/#\/schema\/logo\/image\/\"}},{\"@type\":\"Person\",\"@id\":\"https:\/\/www.missoeshumanitarias.org\/es\/#\/schema\/person\/e0f8527323154d1eba9f9d9eb6b401f7\",\"name\":\"maducato_admin\",\"image\":{\"@type\":\"ImageObject\",\"inLanguage\":\"es\",\"@id\":\"https:\/\/www.missoeshumanitarias.org\/es\/#\/schema\/person\/image\/\",\"url\":\"https:\/\/secure.gravatar.com\/avatar\/6c3b45186a8f5a459d8e14c7fca370bceae92402bc06171d75e4e559b6c24393?s=96&d=mm&r=g\",\"contentUrl\":\"https:\/\/secure.gravatar.com\/avatar\/6c3b45186a8f5a459d8e14c7fca370bceae92402bc06171d75e4e559b6c24393?s=96&d=mm&r=g\",\"caption\":\"maducato_admin\"}}]}<\/script>\n<!-- \/ Yoast SEO Premium plugin. -->","yoast_head_json":{"title":"Miss\u00e3o Angola Humanit\u00e1ria reiniciar\u00e1 atividades em abril - Fraternidade Miss\u00f5es Humanit\u00e1rias Internacionais","robots":{"index":"index","follow":"follow","max-snippet":"max-snippet:-1","max-image-preview":"max-image-preview:large","max-video-preview":"max-video-preview:-1"},"canonical":"https:\/\/www.missoeshumanitarias.org\/missao-angola-humanitaria-reiniciara-atividades-em-abril\/","og_locale":"es_ES","og_type":"article","og_title":"Miss\u00e3o Angola Humanit\u00e1ria reiniciar\u00e1 atividades em abril","og_description":"Siguiendo las acciones desarrolladas por la&nbsp;Fraternidad- Misiones Humanitarias Internacionales (FMHI)&nbsp;en el a\u00f1o 2022, en Angola, integrantes de la organizaci\u00f3n reanudan las actividades en abril de este a\u00f1o. Para el 2023, la perspectiva es continuar el trabajo, incluyendo un nuevo sector de intervenci\u00f3n &#8211; Medios de Vida y Soluciones Duraderas, profundizando la implementaci\u00f3n y llegando a [&hellip;]","og_url":"https:\/\/www.missoeshumanitarias.org\/missao-angola-humanitaria-reiniciara-atividades-em-abril\/","og_site_name":"Fraternidade Miss\u00f5es Humanit\u00e1rias Internacionais","article_published_time":"2023-03-05T11:00:00+00:00","article_modified_time":"2023-03-04T15:36:22+00:00","og_image":[{"width":2560,"height":1920,"url":"https:\/\/www.missoeshumanitarias.org\/wp-content\/uploads\/2023\/03\/Missao_Humanitaria_Angola_FMHI_6-scaled.jpg","type":"image\/jpeg"}],"author":"maducato_admin","twitter_card":"summary_large_image","twitter_misc":{"Escrito por":"maducato_admin","Tiempo de lectura":"3 minutos"},"schema":{"@context":"https:\/\/schema.org","@graph":[{"@type":"Article","@id":"https:\/\/www.missoeshumanitarias.org\/missao-angola-humanitaria-reiniciara-atividades-em-abril\/#article","isPartOf":{"@id":"https:\/\/www.missoeshumanitarias.org\/missao-angola-humanitaria-reiniciara-atividades-em-abril\/"},"author":{"name":"maducato_admin","@id":"https:\/\/www.missoeshumanitarias.org\/es\/#\/schema\/person\/e0f8527323154d1eba9f9d9eb6b401f7"},"headline":"Miss\u00e3o Angola Humanit\u00e1ria reiniciar\u00e1 atividades em abril","datePublished":"2023-03-05T11:00:00+00:00","dateModified":"2023-03-04T15:36:22+00:00","mainEntityOfPage":{"@id":"https:\/\/www.missoeshumanitarias.org\/missao-angola-humanitaria-reiniciara-atividades-em-abril\/"},"wordCount":379,"publisher":{"@id":"https:\/\/www.missoeshumanitarias.org\/es\/#organization"},"image":{"@id":"https:\/\/www.missoeshumanitarias.org\/missao-angola-humanitaria-reiniciara-atividades-em-abril\/#primaryimage"},"thumbnailUrl":"https:\/\/www.missoeshumanitarias.org\/wp-content\/uploads\/2023\/03\/Missao_Humanitaria_Angola_FMHI_6-scaled.jpg","keywords":["Misi\u00f3n Angola"],"articleSection":["Noticias","Noticias de las Misiones"],"inLanguage":"es"},{"@type":"WebPage","@id":"https:\/\/www.missoeshumanitarias.org\/missao-angola-humanitaria-reiniciara-atividades-em-abril\/","url":"https:\/\/www.missoeshumanitarias.org\/missao-angola-humanitaria-reiniciara-atividades-em-abril\/","name":"Miss\u00e3o Angola Humanit\u00e1ria reiniciar\u00e1 atividades em abril - Fraternidade Miss\u00f5es Humanit\u00e1rias Internacionais","isPartOf":{"@id":"https:\/\/www.missoeshumanitarias.org\/es\/#website"},"primaryImageOfPage":{"@id":"https:\/\/www.missoeshumanitarias.org\/missao-angola-humanitaria-reiniciara-atividades-em-abril\/#primaryimage"},"image":{"@id":"https:\/\/www.missoeshumanitarias.org\/missao-angola-humanitaria-reiniciara-atividades-em-abril\/#primaryimage"},"thumbnailUrl":"https:\/\/www.missoeshumanitarias.org\/wp-content\/uploads\/2023\/03\/Missao_Humanitaria_Angola_FMHI_6-scaled.jpg","datePublished":"2023-03-05T11:00:00+00:00","dateModified":"2023-03-04T15:36:22+00:00","breadcrumb":{"@id":"https:\/\/www.missoeshumanitarias.org\/missao-angola-humanitaria-reiniciara-atividades-em-abril\/#breadcrumb"},"inLanguage":"es","potentialAction":[{"@type":"ReadAction","target":["https:\/\/www.missoeshumanitarias.org\/missao-angola-humanitaria-reiniciara-atividades-em-abril\/"]}]},{"@type":"ImageObject","inLanguage":"es","@id":"https:\/\/www.missoeshumanitarias.org\/missao-angola-humanitaria-reiniciara-atividades-em-abril\/#primaryimage","url":"https:\/\/www.missoeshumanitarias.org\/wp-content\/uploads\/2023\/03\/Missao_Humanitaria_Angola_FMHI_6-scaled.jpg","contentUrl":"https:\/\/www.missoeshumanitarias.org\/wp-content\/uploads\/2023\/03\/Missao_Humanitaria_Angola_FMHI_6-scaled.jpg","width":1600,"height":1200,"caption":"Atividades Miss\u00e3o Angola"},{"@type":"BreadcrumbList","@id":"https:\/\/www.missoeshumanitarias.org\/missao-angola-humanitaria-reiniciara-atividades-em-abril\/#breadcrumb","itemListElement":[{"@type":"ListItem","position":1,"name":"Home","item":"https:\/\/www.missoeshumanitarias.org\/en\/"},{"@type":"ListItem","position":2,"name":"Miss\u00e3o Angola Humanit\u00e1ria reiniciar\u00e1 atividades em abril"}]},{"@type":"WebSite","@id":"https:\/\/www.missoeshumanitarias.org\/es\/#website","url":"https:\/\/www.missoeshumanitarias.org\/es\/","name":"Fraternidade Miss\u00f5es Humanit\u00e1rias Internacionais","description":"Respostas Humanit\u00e1rias e Emerg\u00eancias","publisher":{"@id":"https:\/\/www.missoeshumanitarias.org\/es\/#organization"},"potentialAction":[{"@type":"SearchAction","target":{"@type":"EntryPoint","urlTemplate":"https:\/\/www.missoeshumanitarias.org\/es\/?s={search_term_string}"},"query-input":"required name=search_term_string"}],"inLanguage":"es"},{"@type":"Organization","@id":"https:\/\/www.missoeshumanitarias.org\/es\/#organization","name":"Fraternidade - Miss\u00f5es Humanit\u00e1rias Internacionais","url":"https:\/\/www.missoeshumanitarias.org\/es\/","logo":{"@type":"ImageObject","inLanguage":"es","@id":"https:\/\/www.missoeshumanitarias.org\/es\/#\/schema\/logo\/image\/","url":"https:\/\/www.missoeshumanitarias.org\/wp-content\/uploads\/2020\/05\/logo-FMHI-mg.png","contentUrl":"https:\/\/www.missoeshumanitarias.org\/wp-content\/uploads\/2020\/05\/logo-FMHI-mg.png","width":520,"height":134,"caption":"Fraternidade - Miss\u00f5es Humanit\u00e1rias Internacionais"},"image":{"@id":"https:\/\/www.missoeshumanitarias.org\/es\/#\/schema\/logo\/image\/"}},{"@type":"Person","@id":"https:\/\/www.missoeshumanitarias.org\/es\/#\/schema\/person\/e0f8527323154d1eba9f9d9eb6b401f7","name":"maducato_admin","image":{"@type":"ImageObject","inLanguage":"es","@id":"https:\/\/www.missoeshumanitarias.org\/es\/#\/schema\/person\/image\/","url":"https:\/\/secure.gravatar.com\/avatar\/6c3b45186a8f5a459d8e14c7fca370bceae92402bc06171d75e4e559b6c24393?s=96&d=mm&r=g","contentUrl":"https:\/\/secure.gravatar.com\/avatar\/6c3b45186a8f5a459d8e14c7fca370bceae92402bc06171d75e4e559b6c24393?s=96&d=mm&r=g","caption":"maducato_admin"}}]}},"_links":{"self":[{"href":"https:\/\/www.missoeshumanitarias.org\/es\/wp-json\/wp\/v2\/posts\/148857","targetHints":{"allow":["GET"]}}],"collection":[{"href":"https:\/\/www.missoeshumanitarias.org\/es\/wp-json\/wp\/v2\/posts"}],"about":[{"href":"https:\/\/www.missoeshumanitarias.org\/es\/wp-json\/wp\/v2\/types\/post"}],"author":[{"embeddable":true,"href":"https:\/\/www.missoeshumanitarias.org\/es\/wp-json\/wp\/v2\/users\/1"}],"replies":[{"embeddable":true,"href":"https:\/\/www.missoeshumanitarias.org\/es\/wp-json\/wp\/v2\/comments?post=148857"}],"version-history":[{"count":0,"href":"https:\/\/www.missoeshumanitarias.org\/es\/wp-json\/wp\/v2\/posts\/148857\/revisions"}],"wp:featuredmedia":[{"embeddable":true,"href":"https:\/\/www.missoeshumanitarias.org\/es\/wp-json\/wp\/v2\/media\/148842"}],"wp:attachment":[{"href":"https:\/\/www.missoeshumanitarias.org\/es\/wp-json\/wp\/v2\/media?parent=148857"}],"wp:term":[{"taxonomy":"category","embeddable":true,"href":"https:\/\/www.missoeshumanitarias.org\/es\/wp-json\/wp\/v2\/categories?post=148857"},{"taxonomy":"post_tag","embeddable":true,"href":"https:\/\/www.missoeshumanitarias.org\/es\/wp-json\/wp\/v2\/tags?post=148857"}],"curies":[{"name":"wp","href":"https:\/\/api.w.org\/{rel}","templated":true}]}}