{"id":149095,"date":"2023-02-18T19:55:27","date_gmt":"2023-02-18T22:55:27","guid":{"rendered":"https:\/\/www.missoeshumanitarias.org\/?p=149095"},"modified":"2023-03-21T08:12:25","modified_gmt":"2023-03-21T11:12:25","slug":"el-yo-y-el-todo-un-viaje-a-traves-de-la-escritura-creativa","status":"publish","type":"post","link":"https:\/\/www.missoeshumanitarias.org\/es\/el-yo-y-el-todo-un-viaje-a-traves-de-la-escritura-creativa\/","title":{"rendered":"El Yo y el Todo &#8211; un viaje a trav\u00e9s de la escritura creativa"},"content":{"rendered":"\n<p>Servidores de la<a href=\"https:\/\/www.fraterinternacional.org\/es\/\" target=\"_blank\" rel=\"noreferrer noopener\">&nbsp;Fraternidad- Misiones HumanitariasInternacionales (FMHI)<\/a>&nbsp;realizaron&nbsp; talleres de escritura creativa &#8211; \u00abEl Yo y el Todo\u00bb &#8211; con cerca de 30 adolescentes de entre 13 y 19 a\u00f1os, de la Casa de la Infancia Santa Isabel, en Luanda, Angola.<\/p>\n\n\n\n<p>&nbsp;En los talleres se trabajaron diferentes aspectos humanos y pedag\u00f3gicos de los participantes, como el autoconocimiento, la reflexi\u00f3n sobre el cotidiano y la propia historia, y valores como la verdad y la cooperaci\u00f3n, aportando nuevas percepciones acerca de s\u00ed mismos, de los dem\u00e1s y del mundo.<\/p>\n\n\n<div class=\"wp-block-image\">\n<figure class=\"aligncenter size-large\"><img fetchpriority=\"high\" decoding=\"async\" width=\"1024\" height=\"768\" src=\"https:\/\/www.missoeshumanitarias.org\/wp-content\/uploads\/2023\/02\/Escrita_Criativa_FMHI_1-1024x768.jpg\" alt=\"\" class=\"wp-image-148374\" srcset=\"https:\/\/www.missoeshumanitarias.org\/wp-content\/uploads\/2023\/02\/Escrita_Criativa_FMHI_1-1024x768.jpg 1024w, https:\/\/www.missoeshumanitarias.org\/wp-content\/uploads\/2023\/02\/Escrita_Criativa_FMHI_1-300x225.jpg 300w, https:\/\/www.missoeshumanitarias.org\/wp-content\/uploads\/2023\/02\/Escrita_Criativa_FMHI_1-768x576.jpg 768w, https:\/\/www.missoeshumanitarias.org\/wp-content\/uploads\/2023\/02\/Escrita_Criativa_FMHI_1.jpg 1280w\" sizes=\"(max-width: 1024px) 100vw, 1024px\" \/><\/figure>\n<\/div>\n\n\n<p>Adem\u00e1s de las t\u00e9cnicas de juegos teatrales, narraci\u00f3n de cuentos y escritura, tambi\u00e9n ense\u00f1aron a realizar una encuadernaci\u00f3n artesanal, que consiste en coser hojas con cuerda, hilo y agujas. Se puede reutilizar el papel, encuadernar libros, hacer libretas de notaciones y cuadernos de diferentes tama\u00f1os.<\/p>\n\n\n\n<figure class=\"wp-block-image size-full\"><img decoding=\"async\" width=\"862\" height=\"632\" src=\"https:\/\/www.missoeshumanitarias.org\/wp-content\/uploads\/2023\/02\/Escrita_Criativa_FMHI_2.jpg\" alt=\"\" class=\"wp-image-148378\" srcset=\"https:\/\/www.missoeshumanitarias.org\/wp-content\/uploads\/2023\/02\/Escrita_Criativa_FMHI_2.jpg 862w, https:\/\/www.missoeshumanitarias.org\/wp-content\/uploads\/2023\/02\/Escrita_Criativa_FMHI_2-300x220.jpg 300w, https:\/\/www.missoeshumanitarias.org\/wp-content\/uploads\/2023\/02\/Escrita_Criativa_FMHI_2-768x563.jpg 768w\" sizes=\"(max-width: 862px) 100vw, 862px\" \/><\/figure>\n\n\n\n<p>Siguiendo con la preparaci\u00f3n de la escritura creativa, se realiz\u00f3 una actividad de acuarela en la parte interior del cuaderno artesanal, o fanzine \u2013publicaci\u00f3n casera-), para que pudieran tener contacto consigo mismos, trabajar la noci\u00f3n de los ciclos transitorios de la vida y las emociones, a partir de la experiencia de los colores.<\/p>\n\n\n\n<p>Estas actividades manuales que enlazan la costura y la acuarela trabajan la coordinaci\u00f3n motora fina, la concentraci\u00f3n, la capacidad de memoria y la observaci\u00f3n, adem\u00e1s de estimular la creatividad y el deseo de producir algo con sus propias manos.<\/p>\n\n\n\n<figure class=\"wp-block-image size-large\"><img decoding=\"async\" width=\"1024\" height=\"576\" src=\"https:\/\/www.missoeshumanitarias.org\/wp-content\/uploads\/2023\/02\/Escrita_Criativa_FMHI_3-1024x576.jpg\" alt=\"\" class=\"wp-image-148382\" srcset=\"https:\/\/www.missoeshumanitarias.org\/wp-content\/uploads\/2023\/02\/Escrita_Criativa_FMHI_3-1024x576.jpg 1024w, https:\/\/www.missoeshumanitarias.org\/wp-content\/uploads\/2023\/02\/Escrita_Criativa_FMHI_3-300x169.jpg 300w, https:\/\/www.missoeshumanitarias.org\/wp-content\/uploads\/2023\/02\/Escrita_Criativa_FMHI_3-768x432.jpg 768w, https:\/\/www.missoeshumanitarias.org\/wp-content\/uploads\/2023\/02\/Escrita_Criativa_FMHI_3.jpg 1280w\" sizes=\"(max-width: 1024px) 100vw, 1024px\" \/><\/figure>\n\n\n\n<h3 class=\"wp-block-heading\" id=\"h-escribiendo-la-propia-historia\">Escribiendo la propia historia<\/h3>\n\n\n\n<p>La idea de crear un cuaderno o fanzine hecho a mano tuvo como prop\u00f3sito crear un diario para que los j\u00f3venes pudieran practicar la escritura, contar sus historias o incluso crear otras nuevas, a partir de los elementos que se fueron trabajando durante los talleres.<\/p>\n\n\n\n<p>\u00abLa escritura creativa es una metodolog\u00eda pedag\u00f3gica muy eficaz porque permite a los participantes aprender a escuchar su mundo interior y trasladarlo al papel. Agudiza la voz interior y contribuye a expresar pensamientos, sentimientos y emociones\u00bb, afirma Anderson Santiago, servidor humanitario que condujo la actividad.<\/p>\n\n\n\n<figure class=\"wp-block-image size-large\"><img loading=\"lazy\" decoding=\"async\" width=\"1024\" height=\"610\" src=\"https:\/\/www.missoeshumanitarias.org\/wp-content\/uploads\/2023\/02\/Escrita_Criativa_FMHI_4-1024x610.jpg\" alt=\"\" class=\"wp-image-148386\" srcset=\"https:\/\/www.missoeshumanitarias.org\/wp-content\/uploads\/2023\/02\/Escrita_Criativa_FMHI_4-1024x610.jpg 1024w, https:\/\/www.missoeshumanitarias.org\/wp-content\/uploads\/2023\/02\/Escrita_Criativa_FMHI_4-300x179.jpg 300w, https:\/\/www.missoeshumanitarias.org\/wp-content\/uploads\/2023\/02\/Escrita_Criativa_FMHI_4-768x458.jpg 768w, https:\/\/www.missoeshumanitarias.org\/wp-content\/uploads\/2023\/02\/Escrita_Criativa_FMHI_4.jpg 1280w\" sizes=\"(max-width: 1024px) 100vw, 1024px\" \/><\/figure>\n\n\n\n<h3 class=\"wp-block-heading\">Terapia de palabras<\/h3>\n\n\n\n<p>Al escribir, el individuo se expresa y se observa a s\u00ed mismo. Y cuando lee lo que escribe, todo puede adquirir nuevas percepciones y contornos. Adem\u00e1s, al hacer un seguimiento de sus propios registros, se pueden percibir cambios y avances internos.<\/p>\n\n\n\n<p>S\u00ed&#8230; Escribir puede ser terap\u00e9utico y es un poderoso ejercicio de autoobservaci\u00f3n, un viaje hacia el autoconocimiento, una aventura l\u00fadica, creativa y placentera, que requiere amabilidad hacia uno mismo y mucha curiosidad.<\/p>\n\n\n\n<figure class=\"wp-block-image size-large\"><img loading=\"lazy\" decoding=\"async\" width=\"1024\" height=\"576\" src=\"https:\/\/www.missoeshumanitarias.org\/wp-content\/uploads\/2023\/02\/Escrita_Criativa_FMHI_5-1024x576.jpg\" alt=\"\" class=\"wp-image-148390\" srcset=\"https:\/\/www.missoeshumanitarias.org\/wp-content\/uploads\/2023\/02\/Escrita_Criativa_FMHI_5-1024x576.jpg 1024w, https:\/\/www.missoeshumanitarias.org\/wp-content\/uploads\/2023\/02\/Escrita_Criativa_FMHI_5-300x169.jpg 300w, https:\/\/www.missoeshumanitarias.org\/wp-content\/uploads\/2023\/02\/Escrita_Criativa_FMHI_5-768x432.jpg 768w, https:\/\/www.missoeshumanitarias.org\/wp-content\/uploads\/2023\/02\/Escrita_Criativa_FMHI_5.jpg 1280w\" sizes=\"(max-width: 1024px) 100vw, 1024px\" \/><\/figure>\n\n\n\n<p>La joven Concepci\u00f3n afirma, con entusiasmo, que el taller le ense\u00f1\u00f3 muchas cosas nuevas, pero, sobre todo, al practicar la escritura creativa record\u00f3 hechos de su vida que hab\u00eda olvidado.<\/p>\n\n\n\n<p>Para Caetano, escribir le ha ayudado a expresarse mejor delante de otras personas: \u00abescribir me ayud\u00f3 a sacar todo lo que llevo dentro, a contar todo lo que pas\u00e9\u00bb.<\/p>\n\n\n\n<p>\u00abFue un buen trabajo el que hizo la\u00a0<a href=\"https:\/\/www.missoeshumanitarias.org\/es\/arte-educacao-na-missao-angola-humanitaria-reciclando-materiales\/\" target=\"_blank\" rel=\"noreferrer noopener\">Fraternidad-Misiones Humanitarias (FMHI)<\/a>\u00a0aqu\u00ed en Angola. Consiguieron despertar algunas cosas en nosotros\u00bb, afirma Concepci\u00f3n.<\/p>\n\n\n\n<figure class=\"wp-block-image size-large\"><img loading=\"lazy\" decoding=\"async\" width=\"1024\" height=\"461\" src=\"https:\/\/www.missoeshumanitarias.org\/wp-content\/uploads\/2023\/02\/Escrita_Criativa_FMHI_6-1024x461.jpg\" alt=\"\" class=\"wp-image-148394\" srcset=\"https:\/\/www.missoeshumanitarias.org\/wp-content\/uploads\/2023\/02\/Escrita_Criativa_FMHI_6-1024x461.jpg 1024w, https:\/\/www.missoeshumanitarias.org\/wp-content\/uploads\/2023\/02\/Escrita_Criativa_FMHI_6-300x135.jpg 300w, https:\/\/www.missoeshumanitarias.org\/wp-content\/uploads\/2023\/02\/Escrita_Criativa_FMHI_6-768x346.jpg 768w, https:\/\/www.missoeshumanitarias.org\/wp-content\/uploads\/2023\/02\/Escrita_Criativa_FMHI_6.jpg 1280w\" sizes=\"(max-width: 1024px) 100vw, 1024px\" \/><\/figure>\n\n\n\n<p><strong>Conozca m\u00e1s sobre las actividades de Educaci\u00f3n Art\u00edstica desarrolladas en la Misi\u00f3n Angola Humanitaria<\/strong>:<\/p>\n\n\n\n<ul class=\"wp-block-list\">\n<li><a href=\"https:\/\/www.missoeshumanitarias.org\/es\/arte-educacao-na-missao-angola-humanitaria-reciclando-materiales\/\" target=\"_blank\" rel=\"noreferrer noopener\">Educaci\u00f3n art\u00edstica en la Misi\u00f3n Angola Humanitaria -Reciclando materiales<\/a><\/li>\n\n\n\n<li><a href=\"https:\/\/www.missoeshumanitarias.org\/o-poder-transformador-das-pequenas-coisas\/\" target=\"_blank\" rel=\"noreferrer noopener\">El poder transformador de las peque\u00f1as cosas<\/a><\/li>\n\n\n\n<li><a href=\"https:\/\/www.missoeshumanitarias.org\/es\/mosaico-el-arte-de-resignificar\/\" target=\"_blank\" rel=\"noreferrer noopener\">Mosaico &#8211; El arte de dar un nuevo significado<\/a><\/li>\n\n\n\n<li><a href=\"https:\/\/www.missoeshumanitarias.org\/es\/crear-vinculos-y-construir-confianza\/\" target=\"_blank\" rel=\"noreferrer noopener\">Creando v\u00ednculos y construyendo confianza<\/a><\/li>\n<\/ul>\n","protected":false},"excerpt":{"rendered":"<p>Servidores de la&nbsp;Fraternidad- Misiones HumanitariasInternacionales (FMHI)&nbsp;realizaron&nbsp; talleres de escritura creativa &#8211; \u00abEl Yo y el Todo\u00bb &#8211; con cerca de 30 adolescentes de entre 13 y 19 a\u00f1os, de la Casa de la Infancia Santa Isabel, en Luanda, Angola. &nbsp;En los talleres se trabajaron diferentes aspectos humanos y pedag\u00f3gicos de los participantes, como el autoconocimiento, [&hellip;]<\/p>\n","protected":false},"author":1,"featured_media":148393,"comment_status":"closed","ping_status":"closed","sticky":false,"template":"","format":"standard","meta":{"footnotes":""},"categories":[43,131],"tags":[194],"class_list":["post-149095","post","type-post","status-publish","format-standard","has-post-thumbnail","hentry","category-noticias-es","category-noticias-de-las-misiones","tag-mision-angola"],"featured_image_src":"https:\/\/www.missoeshumanitarias.org\/wp-content\/uploads\/2023\/02\/Escrita_Criativa_FMHI_5.jpg","author_info":{"display_name":"maducato_admin","author_link":"https:\/\/www.missoeshumanitarias.org\/es\/author\/maducato_admin\/"},"yoast_head":"<!-- This site is optimized with the Yoast SEO Premium plugin v22.5 (Yoast SEO v22.5) - https:\/\/yoast.com\/wordpress\/plugins\/seo\/ -->\n<title>El Yo y el Todo - un viaje a trav\u00e9s de la escritura creativa - Fraternidade Miss\u00f5es Humanit\u00e1rias Internacionais<\/title>\n<meta name=\"robots\" content=\"index, follow, max-snippet:-1, max-image-preview:large, max-video-preview:-1\" \/>\n<link rel=\"canonical\" href=\"https:\/\/www.missoeshumanitarias.org\/es\/el-yo-y-el-todo-un-viaje-a-traves-de-la-escritura-creativa\/\" \/>\n<meta property=\"og:locale\" content=\"es_ES\" \/>\n<meta property=\"og:type\" content=\"article\" \/>\n<meta property=\"og:title\" content=\"El Yo y el Todo - un viaje a trav\u00e9s de la escritura creativa\" \/>\n<meta property=\"og:description\" content=\"Servidores de la&nbsp;Fraternidad- Misiones HumanitariasInternacionales (FMHI)&nbsp;realizaron&nbsp; talleres de escritura creativa &#8211; \u00abEl Yo y el Todo\u00bb &#8211; con cerca de 30 adolescentes de entre 13 y 19 a\u00f1os, de la Casa de la Infancia Santa Isabel, en Luanda, Angola. &nbsp;En los talleres se trabajaron diferentes aspectos humanos y pedag\u00f3gicos de los participantes, como el autoconocimiento, [&hellip;]\" \/>\n<meta property=\"og:url\" content=\"https:\/\/www.missoeshumanitarias.org\/es\/el-yo-y-el-todo-un-viaje-a-traves-de-la-escritura-creativa\/\" \/>\n<meta property=\"og:site_name\" content=\"Fraternidade Miss\u00f5es Humanit\u00e1rias Internacionais\" \/>\n<meta property=\"article:published_time\" content=\"2023-02-18T22:55:27+00:00\" \/>\n<meta property=\"article:modified_time\" content=\"2023-03-21T11:12:25+00:00\" \/>\n<meta property=\"og:image\" content=\"https:\/\/www.missoeshumanitarias.org\/wp-content\/uploads\/2023\/02\/Escrita_Criativa_FMHI_5.jpg\" \/>\n\t<meta property=\"og:image:width\" content=\"1280\" \/>\n\t<meta property=\"og:image:height\" content=\"720\" \/>\n\t<meta property=\"og:image:type\" content=\"image\/jpeg\" \/>\n<meta name=\"author\" content=\"maducato_admin\" \/>\n<meta name=\"twitter:card\" content=\"summary_large_image\" \/>\n<meta name=\"twitter:label1\" content=\"Escrito por\" \/>\n\t<meta name=\"twitter:data1\" content=\"maducato_admin\" \/>\n\t<meta name=\"twitter:label2\" content=\"Tiempo de lectura\" \/>\n\t<meta name=\"twitter:data2\" content=\"5 minutos\" \/>\n<script type=\"application\/ld+json\" class=\"yoast-schema-graph\">{\"@context\":\"https:\/\/schema.org\",\"@graph\":[{\"@type\":\"Article\",\"@id\":\"https:\/\/www.missoeshumanitarias.org\/es\/el-yo-y-el-todo-un-viaje-a-traves-de-la-escritura-creativa\/#article\",\"isPartOf\":{\"@id\":\"https:\/\/www.missoeshumanitarias.org\/es\/el-yo-y-el-todo-un-viaje-a-traves-de-la-escritura-creativa\/\"},\"author\":{\"name\":\"maducato_admin\",\"@id\":\"https:\/\/www.missoeshumanitarias.org\/es\/#\/schema\/person\/e0f8527323154d1eba9f9d9eb6b401f7\"},\"headline\":\"El Yo y el Todo &#8211; un viaje a trav\u00e9s de la escritura creativa\",\"datePublished\":\"2023-02-18T22:55:27+00:00\",\"dateModified\":\"2023-03-21T11:12:25+00:00\",\"mainEntityOfPage\":{\"@id\":\"https:\/\/www.missoeshumanitarias.org\/es\/el-yo-y-el-todo-un-viaje-a-traves-de-la-escritura-creativa\/\"},\"wordCount\":574,\"publisher\":{\"@id\":\"https:\/\/www.missoeshumanitarias.org\/es\/#organization\"},\"image\":{\"@id\":\"https:\/\/www.missoeshumanitarias.org\/es\/el-yo-y-el-todo-un-viaje-a-traves-de-la-escritura-creativa\/#primaryimage\"},\"thumbnailUrl\":\"https:\/\/www.missoeshumanitarias.org\/wp-content\/uploads\/2023\/02\/Escrita_Criativa_FMHI_5.jpg\",\"keywords\":[\"Misi\u00f3n Angola\"],\"articleSection\":[\"Noticias\",\"Noticias de las Misiones\"],\"inLanguage\":\"es\"},{\"@type\":\"WebPage\",\"@id\":\"https:\/\/www.missoeshumanitarias.org\/es\/el-yo-y-el-todo-un-viaje-a-traves-de-la-escritura-creativa\/\",\"url\":\"https:\/\/www.missoeshumanitarias.org\/es\/el-yo-y-el-todo-un-viaje-a-traves-de-la-escritura-creativa\/\",\"name\":\"El Yo y el Todo - un viaje a trav\u00e9s de la escritura creativa - Fraternidade Miss\u00f5es Humanit\u00e1rias Internacionais\",\"isPartOf\":{\"@id\":\"https:\/\/www.missoeshumanitarias.org\/es\/#website\"},\"primaryImageOfPage\":{\"@id\":\"https:\/\/www.missoeshumanitarias.org\/es\/el-yo-y-el-todo-un-viaje-a-traves-de-la-escritura-creativa\/#primaryimage\"},\"image\":{\"@id\":\"https:\/\/www.missoeshumanitarias.org\/es\/el-yo-y-el-todo-un-viaje-a-traves-de-la-escritura-creativa\/#primaryimage\"},\"thumbnailUrl\":\"https:\/\/www.missoeshumanitarias.org\/wp-content\/uploads\/2023\/02\/Escrita_Criativa_FMHI_5.jpg\",\"datePublished\":\"2023-02-18T22:55:27+00:00\",\"dateModified\":\"2023-03-21T11:12:25+00:00\",\"breadcrumb\":{\"@id\":\"https:\/\/www.missoeshumanitarias.org\/es\/el-yo-y-el-todo-un-viaje-a-traves-de-la-escritura-creativa\/#breadcrumb\"},\"inLanguage\":\"es\",\"potentialAction\":[{\"@type\":\"ReadAction\",\"target\":[\"https:\/\/www.missoeshumanitarias.org\/es\/el-yo-y-el-todo-un-viaje-a-traves-de-la-escritura-creativa\/\"]}]},{\"@type\":\"ImageObject\",\"inLanguage\":\"es\",\"@id\":\"https:\/\/www.missoeshumanitarias.org\/es\/el-yo-y-el-todo-un-viaje-a-traves-de-la-escritura-creativa\/#primaryimage\",\"url\":\"https:\/\/www.missoeshumanitarias.org\/wp-content\/uploads\/2023\/02\/Escrita_Criativa_FMHI_5.jpg\",\"contentUrl\":\"https:\/\/www.missoeshumanitarias.org\/wp-content\/uploads\/2023\/02\/Escrita_Criativa_FMHI_5.jpg\",\"width\":1280,\"height\":720},{\"@type\":\"BreadcrumbList\",\"@id\":\"https:\/\/www.missoeshumanitarias.org\/es\/el-yo-y-el-todo-un-viaje-a-traves-de-la-escritura-creativa\/#breadcrumb\",\"itemListElement\":[{\"@type\":\"ListItem\",\"position\":1,\"name\":\"Home\",\"item\":\"https:\/\/www.missoeshumanitarias.org\/en\/\"},{\"@type\":\"ListItem\",\"position\":2,\"name\":\"El Yo y el Todo &#8211; un viaje a trav\u00e9s de la escritura creativa\"}]},{\"@type\":\"WebSite\",\"@id\":\"https:\/\/www.missoeshumanitarias.org\/es\/#website\",\"url\":\"https:\/\/www.missoeshumanitarias.org\/es\/\",\"name\":\"Fraternidade Miss\u00f5es Humanit\u00e1rias Internacionais\",\"description\":\"Respostas Humanit\u00e1rias e Emerg\u00eancias\",\"publisher\":{\"@id\":\"https:\/\/www.missoeshumanitarias.org\/es\/#organization\"},\"potentialAction\":[{\"@type\":\"SearchAction\",\"target\":{\"@type\":\"EntryPoint\",\"urlTemplate\":\"https:\/\/www.missoeshumanitarias.org\/es\/?s={search_term_string}\"},\"query-input\":\"required name=search_term_string\"}],\"inLanguage\":\"es\"},{\"@type\":\"Organization\",\"@id\":\"https:\/\/www.missoeshumanitarias.org\/es\/#organization\",\"name\":\"Fraternidade - Miss\u00f5es Humanit\u00e1rias Internacionais\",\"url\":\"https:\/\/www.missoeshumanitarias.org\/es\/\",\"logo\":{\"@type\":\"ImageObject\",\"inLanguage\":\"es\",\"@id\":\"https:\/\/www.missoeshumanitarias.org\/es\/#\/schema\/logo\/image\/\",\"url\":\"https:\/\/www.missoeshumanitarias.org\/wp-content\/uploads\/2020\/05\/logo-FMHI-mg.png\",\"contentUrl\":\"https:\/\/www.missoeshumanitarias.org\/wp-content\/uploads\/2020\/05\/logo-FMHI-mg.png\",\"width\":520,\"height\":134,\"caption\":\"Fraternidade - Miss\u00f5es Humanit\u00e1rias Internacionais\"},\"image\":{\"@id\":\"https:\/\/www.missoeshumanitarias.org\/es\/#\/schema\/logo\/image\/\"}},{\"@type\":\"Person\",\"@id\":\"https:\/\/www.missoeshumanitarias.org\/es\/#\/schema\/person\/e0f8527323154d1eba9f9d9eb6b401f7\",\"name\":\"maducato_admin\",\"image\":{\"@type\":\"ImageObject\",\"inLanguage\":\"es\",\"@id\":\"https:\/\/www.missoeshumanitarias.org\/es\/#\/schema\/person\/image\/\",\"url\":\"https:\/\/secure.gravatar.com\/avatar\/6c3b45186a8f5a459d8e14c7fca370bceae92402bc06171d75e4e559b6c24393?s=96&d=mm&r=g\",\"contentUrl\":\"https:\/\/secure.gravatar.com\/avatar\/6c3b45186a8f5a459d8e14c7fca370bceae92402bc06171d75e4e559b6c24393?s=96&d=mm&r=g\",\"caption\":\"maducato_admin\"}}]}<\/script>\n<!-- \/ Yoast SEO Premium plugin. -->","yoast_head_json":{"title":"El Yo y el Todo - un viaje a trav\u00e9s de la escritura creativa - Fraternidade Miss\u00f5es Humanit\u00e1rias Internacionais","robots":{"index":"index","follow":"follow","max-snippet":"max-snippet:-1","max-image-preview":"max-image-preview:large","max-video-preview":"max-video-preview:-1"},"canonical":"https:\/\/www.missoeshumanitarias.org\/es\/el-yo-y-el-todo-un-viaje-a-traves-de-la-escritura-creativa\/","og_locale":"es_ES","og_type":"article","og_title":"El Yo y el Todo - un viaje a trav\u00e9s de la escritura creativa","og_description":"Servidores de la&nbsp;Fraternidad- Misiones HumanitariasInternacionales (FMHI)&nbsp;realizaron&nbsp; talleres de escritura creativa &#8211; \u00abEl Yo y el Todo\u00bb &#8211; con cerca de 30 adolescentes de entre 13 y 19 a\u00f1os, de la Casa de la Infancia Santa Isabel, en Luanda, Angola. &nbsp;En los talleres se trabajaron diferentes aspectos humanos y pedag\u00f3gicos de los participantes, como el autoconocimiento, [&hellip;]","og_url":"https:\/\/www.missoeshumanitarias.org\/es\/el-yo-y-el-todo-un-viaje-a-traves-de-la-escritura-creativa\/","og_site_name":"Fraternidade Miss\u00f5es Humanit\u00e1rias Internacionais","article_published_time":"2023-02-18T22:55:27+00:00","article_modified_time":"2023-03-21T11:12:25+00:00","og_image":[{"width":1280,"height":720,"url":"https:\/\/www.missoeshumanitarias.org\/wp-content\/uploads\/2023\/02\/Escrita_Criativa_FMHI_5.jpg","type":"image\/jpeg"}],"author":"maducato_admin","twitter_card":"summary_large_image","twitter_misc":{"Escrito por":"maducato_admin","Tiempo de lectura":"5 minutos"},"schema":{"@context":"https:\/\/schema.org","@graph":[{"@type":"Article","@id":"https:\/\/www.missoeshumanitarias.org\/es\/el-yo-y-el-todo-un-viaje-a-traves-de-la-escritura-creativa\/#article","isPartOf":{"@id":"https:\/\/www.missoeshumanitarias.org\/es\/el-yo-y-el-todo-un-viaje-a-traves-de-la-escritura-creativa\/"},"author":{"name":"maducato_admin","@id":"https:\/\/www.missoeshumanitarias.org\/es\/#\/schema\/person\/e0f8527323154d1eba9f9d9eb6b401f7"},"headline":"El Yo y el Todo &#8211; un viaje a trav\u00e9s de la escritura creativa","datePublished":"2023-02-18T22:55:27+00:00","dateModified":"2023-03-21T11:12:25+00:00","mainEntityOfPage":{"@id":"https:\/\/www.missoeshumanitarias.org\/es\/el-yo-y-el-todo-un-viaje-a-traves-de-la-escritura-creativa\/"},"wordCount":574,"publisher":{"@id":"https:\/\/www.missoeshumanitarias.org\/es\/#organization"},"image":{"@id":"https:\/\/www.missoeshumanitarias.org\/es\/el-yo-y-el-todo-un-viaje-a-traves-de-la-escritura-creativa\/#primaryimage"},"thumbnailUrl":"https:\/\/www.missoeshumanitarias.org\/wp-content\/uploads\/2023\/02\/Escrita_Criativa_FMHI_5.jpg","keywords":["Misi\u00f3n Angola"],"articleSection":["Noticias","Noticias de las Misiones"],"inLanguage":"es"},{"@type":"WebPage","@id":"https:\/\/www.missoeshumanitarias.org\/es\/el-yo-y-el-todo-un-viaje-a-traves-de-la-escritura-creativa\/","url":"https:\/\/www.missoeshumanitarias.org\/es\/el-yo-y-el-todo-un-viaje-a-traves-de-la-escritura-creativa\/","name":"El Yo y el Todo - un viaje a trav\u00e9s de la escritura creativa - Fraternidade Miss\u00f5es Humanit\u00e1rias Internacionais","isPartOf":{"@id":"https:\/\/www.missoeshumanitarias.org\/es\/#website"},"primaryImageOfPage":{"@id":"https:\/\/www.missoeshumanitarias.org\/es\/el-yo-y-el-todo-un-viaje-a-traves-de-la-escritura-creativa\/#primaryimage"},"image":{"@id":"https:\/\/www.missoeshumanitarias.org\/es\/el-yo-y-el-todo-un-viaje-a-traves-de-la-escritura-creativa\/#primaryimage"},"thumbnailUrl":"https:\/\/www.missoeshumanitarias.org\/wp-content\/uploads\/2023\/02\/Escrita_Criativa_FMHI_5.jpg","datePublished":"2023-02-18T22:55:27+00:00","dateModified":"2023-03-21T11:12:25+00:00","breadcrumb":{"@id":"https:\/\/www.missoeshumanitarias.org\/es\/el-yo-y-el-todo-un-viaje-a-traves-de-la-escritura-creativa\/#breadcrumb"},"inLanguage":"es","potentialAction":[{"@type":"ReadAction","target":["https:\/\/www.missoeshumanitarias.org\/es\/el-yo-y-el-todo-un-viaje-a-traves-de-la-escritura-creativa\/"]}]},{"@type":"ImageObject","inLanguage":"es","@id":"https:\/\/www.missoeshumanitarias.org\/es\/el-yo-y-el-todo-un-viaje-a-traves-de-la-escritura-creativa\/#primaryimage","url":"https:\/\/www.missoeshumanitarias.org\/wp-content\/uploads\/2023\/02\/Escrita_Criativa_FMHI_5.jpg","contentUrl":"https:\/\/www.missoeshumanitarias.org\/wp-content\/uploads\/2023\/02\/Escrita_Criativa_FMHI_5.jpg","width":1280,"height":720},{"@type":"BreadcrumbList","@id":"https:\/\/www.missoeshumanitarias.org\/es\/el-yo-y-el-todo-un-viaje-a-traves-de-la-escritura-creativa\/#breadcrumb","itemListElement":[{"@type":"ListItem","position":1,"name":"Home","item":"https:\/\/www.missoeshumanitarias.org\/en\/"},{"@type":"ListItem","position":2,"name":"El Yo y el Todo &#8211; un viaje a trav\u00e9s de la escritura creativa"}]},{"@type":"WebSite","@id":"https:\/\/www.missoeshumanitarias.org\/es\/#website","url":"https:\/\/www.missoeshumanitarias.org\/es\/","name":"Fraternidade Miss\u00f5es Humanit\u00e1rias Internacionais","description":"Respostas Humanit\u00e1rias e Emerg\u00eancias","publisher":{"@id":"https:\/\/www.missoeshumanitarias.org\/es\/#organization"},"potentialAction":[{"@type":"SearchAction","target":{"@type":"EntryPoint","urlTemplate":"https:\/\/www.missoeshumanitarias.org\/es\/?s={search_term_string}"},"query-input":"required name=search_term_string"}],"inLanguage":"es"},{"@type":"Organization","@id":"https:\/\/www.missoeshumanitarias.org\/es\/#organization","name":"Fraternidade - Miss\u00f5es Humanit\u00e1rias Internacionais","url":"https:\/\/www.missoeshumanitarias.org\/es\/","logo":{"@type":"ImageObject","inLanguage":"es","@id":"https:\/\/www.missoeshumanitarias.org\/es\/#\/schema\/logo\/image\/","url":"https:\/\/www.missoeshumanitarias.org\/wp-content\/uploads\/2020\/05\/logo-FMHI-mg.png","contentUrl":"https:\/\/www.missoeshumanitarias.org\/wp-content\/uploads\/2020\/05\/logo-FMHI-mg.png","width":520,"height":134,"caption":"Fraternidade - Miss\u00f5es Humanit\u00e1rias Internacionais"},"image":{"@id":"https:\/\/www.missoeshumanitarias.org\/es\/#\/schema\/logo\/image\/"}},{"@type":"Person","@id":"https:\/\/www.missoeshumanitarias.org\/es\/#\/schema\/person\/e0f8527323154d1eba9f9d9eb6b401f7","name":"maducato_admin","image":{"@type":"ImageObject","inLanguage":"es","@id":"https:\/\/www.missoeshumanitarias.org\/es\/#\/schema\/person\/image\/","url":"https:\/\/secure.gravatar.com\/avatar\/6c3b45186a8f5a459d8e14c7fca370bceae92402bc06171d75e4e559b6c24393?s=96&d=mm&r=g","contentUrl":"https:\/\/secure.gravatar.com\/avatar\/6c3b45186a8f5a459d8e14c7fca370bceae92402bc06171d75e4e559b6c24393?s=96&d=mm&r=g","caption":"maducato_admin"}}]}},"_links":{"self":[{"href":"https:\/\/www.missoeshumanitarias.org\/es\/wp-json\/wp\/v2\/posts\/149095","targetHints":{"allow":["GET"]}}],"collection":[{"href":"https:\/\/www.missoeshumanitarias.org\/es\/wp-json\/wp\/v2\/posts"}],"about":[{"href":"https:\/\/www.missoeshumanitarias.org\/es\/wp-json\/wp\/v2\/types\/post"}],"author":[{"embeddable":true,"href":"https:\/\/www.missoeshumanitarias.org\/es\/wp-json\/wp\/v2\/users\/1"}],"replies":[{"embeddable":true,"href":"https:\/\/www.missoeshumanitarias.org\/es\/wp-json\/wp\/v2\/comments?post=149095"}],"version-history":[{"count":0,"href":"https:\/\/www.missoeshumanitarias.org\/es\/wp-json\/wp\/v2\/posts\/149095\/revisions"}],"wp:featuredmedia":[{"embeddable":true,"href":"https:\/\/www.missoeshumanitarias.org\/es\/wp-json\/wp\/v2\/media\/148393"}],"wp:attachment":[{"href":"https:\/\/www.missoeshumanitarias.org\/es\/wp-json\/wp\/v2\/media?parent=149095"}],"wp:term":[{"taxonomy":"category","embeddable":true,"href":"https:\/\/www.missoeshumanitarias.org\/es\/wp-json\/wp\/v2\/categories?post=149095"},{"taxonomy":"post_tag","embeddable":true,"href":"https:\/\/www.missoeshumanitarias.org\/es\/wp-json\/wp\/v2\/tags?post=149095"}],"curies":[{"name":"wp","href":"https:\/\/api.w.org\/{rel}","templated":true}]}}