{"id":150971,"date":"2023-06-19T18:41:59","date_gmt":"2023-06-19T21:41:59","guid":{"rendered":"https:\/\/www.missoeshumanitarias.org\/?p=150971"},"modified":"2023-06-26T14:55:20","modified_gmt":"2023-06-26T17:55:20","slug":"dia-mundial-de-los-refugiados-2023","status":"publish","type":"post","link":"https:\/\/www.missoeshumanitarias.org\/es\/dia-mundial-de-los-refugiados-2023\/","title":{"rendered":"D\u00eda Mundial de los Refugiados &#8211; 2023"},"content":{"rendered":"\n<p>Hoy, 20 de junio, es un d\u00eda para reflexionar sobre los retos y dificultades a los que se enfrentan las familias que se ven obligadas a abandonar sus pa\u00edses, trabajos, hogares y seres queridos debido a conflictos armados, al cambio clim\u00e1tico o a la persecuci\u00f3n por motivos pol\u00edticos, religiosos, raciales y \u00e9tnicos.<\/p>\n\n\n\n<figure class=\"wp-block-image size-large\"><img fetchpriority=\"high\" decoding=\"async\" width=\"1024\" height=\"682\" src=\"https:\/\/www.missoeshumanitarias.org\/wp-content\/uploads\/2023\/06\/Dia_Mundial_Refugiados_FMHI_6-1024x682.jpg\" alt=\"\" class=\"wp-image-150890\" srcset=\"https:\/\/www.missoeshumanitarias.org\/wp-content\/uploads\/2023\/06\/Dia_Mundial_Refugiados_FMHI_6-1024x682.jpg 1024w, https:\/\/www.missoeshumanitarias.org\/wp-content\/uploads\/2023\/06\/Dia_Mundial_Refugiados_FMHI_6-300x200.jpg 300w, https:\/\/www.missoeshumanitarias.org\/wp-content\/uploads\/2023\/06\/Dia_Mundial_Refugiados_FMHI_6-768x512.jpg 768w, https:\/\/www.missoeshumanitarias.org\/wp-content\/uploads\/2023\/06\/Dia_Mundial_Refugiados_FMHI_6.jpg 1280w\" sizes=\"(max-width: 1024px) 100vw, 1024px\" \/><\/figure>\n\n\n\n<p>Seg\u00fan un informe de la Agencia de la ONU para los Refugiados (ACNUR), en 2023 los desplazamientos forzosos habr\u00e1n alcanzado a m\u00e1s de 100 millones de personas que enfrentan esa grave situaci\u00f3n de crisis humanitaria en todo el mundo, el 40% de las cuales son ni\u00f1os que, en muchos casos, no est\u00e1n acompa\u00f1ados por sus familias. Al llegar a un nuevo pa\u00eds, estos seres humanos deben hacer frente a p\u00e9rdidas y traumas.<\/p>\n\n\n\n<p>Sobre esta fecha, Imer, servidor humanitario voluntario que ha trabajado en diversas misiones llevadas a cabo por la&nbsp;<a href=\"https:\/\/www.missoeshumanitarias.org\/es\/\" target=\"_blank\" rel=\"noreferrer noopener\">Fraternidad &#8211; Misiones Humanitarias Internacionales (FMHI)<\/a>&nbsp;en varios pa\u00edses, se\u00f1ala que \u00abla creaci\u00f3n del D\u00eda Mundial del Refugiado muestra de alguna manera que la realidad del refugiado, de las personas que se desplazan a otros pa\u00edses, es algo que ya se ha instalado en la humanidad, en el planeta. Porque no es algo aleatorio, es un tema permanente y actual por distintas razones, ya sean clim\u00e1ticas, b\u00e9licas, econ\u00f3micas. Es una situaci\u00f3n que no puede permanecer ajena a nadie. Aunque esta realidad no sea cercana a algunos pa\u00edses o personas es algo que la humanidad est\u00e1 viviendo de alg\u00fan modo, tanto para los que tienen que migrar como para los que tienen que recibirlos\u00bb.<\/p>\n\n\n\n<figure class=\"wp-block-image size-large\"><img decoding=\"async\" width=\"1024\" height=\"682\" src=\"https:\/\/www.missoeshumanitarias.org\/wp-content\/uploads\/2023\/06\/dia_Mundial-_do_Refugiado-1024x682.jpg\" alt=\"Dia Mundial \n do Refugiado\n\" class=\"wp-image-150934\" srcset=\"https:\/\/www.missoeshumanitarias.org\/wp-content\/uploads\/2023\/06\/dia_Mundial-_do_Refugiado-1024x682.jpg 1024w, https:\/\/www.missoeshumanitarias.org\/wp-content\/uploads\/2023\/06\/dia_Mundial-_do_Refugiado-300x200.jpg 300w, https:\/\/www.missoeshumanitarias.org\/wp-content\/uploads\/2023\/06\/dia_Mundial-_do_Refugiado-768x512.jpg 768w, https:\/\/www.missoeshumanitarias.org\/wp-content\/uploads\/2023\/06\/dia_Mundial-_do_Refugiado.jpg 1280w\" sizes=\"(max-width: 1024px) 100vw, 1024px\" \/><\/figure>\n\n\n\n<p>\u00abEn un mundo con tanta desinformaci\u00f3n e indiferencia, las fechas conmemorativas creadas por la ONU tienen un papel central a la hora de encauzar la atenci\u00f3n de la gente. El tema del refugio, como uno de los principales efectos de los males sociales y humanitarios del planeta, tiene en el 20 de junio una oportunidad para ser recordado, pero sobre todo para llevar a las personas a la acci\u00f3n, al servicio y a romper la barrera de la indiferencia hacia los m\u00e1s necesitados\u00bb, se\u00f1ala Gabriel Cyrilo, servidor voluntario humanitario que ha servido en la Misi\u00f3n Roraima Humanitaria y que actualmente sirve en la Misi\u00f3n Polonia Humanitaria.<\/p>\n\n\n\n<p>\u00abUn gran aprendizaje que me llevo de estos \u00faltimos a\u00f1os es que los migrantes y refugiados, m\u00e1s all\u00e1 de las etiquetas, son seres humanos con muchas capacidades, que no siempre se valoran, enfatizando s\u00f3lo sus necesidades y vulnerabilidades, que en ese momento son grandes. Igualmente, el respeto al espacio de expresi\u00f3n cultural, el compartir conocimientos y, sobre todo, la apertura, el respeto y la tolerancia hacia el otro son valores que hacen un trabajo profundo en la consciencia de quienes est\u00e1n dispuestos a servir\u00bb, informa Gabriel.<\/p>\n\n\n\n<p>Este a\u00f1o, el lema del D\u00eda Mundial del Refugiado es \u00abEsperanza lejos de casa: por un mundo inclusivo con las personas refugiadas\u00bb, que refleja la necesidad de buscar soluciones entre las organizaciones que prestan servicio humanitario, para posibilitar la integraci\u00f3n de los refugiados en las sociedades de acogida, proporcionando medios para su inclusi\u00f3n efectiva y oportunidades, de modo que puedan contribuir al desarrollo local con sus conocimientos, su talento y su determinaci\u00f3n.<\/p>\n\n\n\n<figure class=\"wp-block-gallery has-nested-images columns-default is-cropped wp-block-gallery-1 is-layout-flex wp-block-gallery-is-layout-flex\">\n<figure class=\"wp-block-image size-large\"><img decoding=\"async\" width=\"1024\" height=\"682\" data-id=\"150914\" src=\"https:\/\/www.missoeshumanitarias.org\/wp-content\/uploads\/2023\/06\/Dia_Mundial_Refugiados_FMHI_2-1024x682.jpg\" alt=\"\" class=\"wp-image-150914\" srcset=\"https:\/\/www.missoeshumanitarias.org\/wp-content\/uploads\/2023\/06\/Dia_Mundial_Refugiados_FMHI_2-1024x682.jpg 1024w, https:\/\/www.missoeshumanitarias.org\/wp-content\/uploads\/2023\/06\/Dia_Mundial_Refugiados_FMHI_2-300x200.jpg 300w, https:\/\/www.missoeshumanitarias.org\/wp-content\/uploads\/2023\/06\/Dia_Mundial_Refugiados_FMHI_2-768x512.jpg 768w, https:\/\/www.missoeshumanitarias.org\/wp-content\/uploads\/2023\/06\/Dia_Mundial_Refugiados_FMHI_2.jpg 1280w\" sizes=\"(max-width: 1024px) 100vw, 1024px\" \/><\/figure>\n\n\n\n<figure class=\"wp-block-image size-large\"><img loading=\"lazy\" decoding=\"async\" width=\"1024\" height=\"682\" data-id=\"150918\" src=\"https:\/\/www.missoeshumanitarias.org\/wp-content\/uploads\/2023\/06\/Dia_Mundial_Refugiados_FMHI_4-1024x682.jpg\" alt=\"\" class=\"wp-image-150918\" srcset=\"https:\/\/www.missoeshumanitarias.org\/wp-content\/uploads\/2023\/06\/Dia_Mundial_Refugiados_FMHI_4-1024x682.jpg 1024w, https:\/\/www.missoeshumanitarias.org\/wp-content\/uploads\/2023\/06\/Dia_Mundial_Refugiados_FMHI_4-300x200.jpg 300w, https:\/\/www.missoeshumanitarias.org\/wp-content\/uploads\/2023\/06\/Dia_Mundial_Refugiados_FMHI_4-768x512.jpg 768w, https:\/\/www.missoeshumanitarias.org\/wp-content\/uploads\/2023\/06\/Dia_Mundial_Refugiados_FMHI_4.jpg 1280w\" sizes=\"(max-width: 1024px) 100vw, 1024px\" \/><\/figure>\n<\/figure>\n\n\n\n<p>Cuando un refugiado llega a un pa\u00eds desconocido, busca seguridad, cobijo, apoyo para comenzar de nuevo e incluso ayuda psicosocial. Es esencial que encuentre perspectivas para prosperar, o regresar a su pa\u00eds de origen, si as\u00ed lo desea y si las condiciones lo permiten, o entrar en el mercado laboral del pa\u00eds en el que ha sido acogido.<\/p>\n\n\n\n<p>En la Misi\u00f3n Roraima Humanitaria, el&nbsp;<a href=\"https:\/\/www.missoeshumanitarias.org\/es\/?s=solu%C3%A7%C3%B5es+duradouras\" target=\"_blank\" rel=\"noreferrer noopener\">Sector de Intervenci\u00f3n de Medios de Vida y Soluciones Duraderas<\/a>&nbsp;permite ofrecer diversos cursos de capacitaci\u00f3n a los expatriados venezolanos en el&nbsp;<a href=\"https:\/\/www.missoeshumanitarias.org\/es\/?s=Centro+Cultural+e+de+Forma%C3%A7%C3%A3o+Ind%C3%ADgena+%28CCFI%29\" target=\"_blank\" rel=\"noreferrer noopener\">Centro Cultural y de Formaci\u00f3n Ind\u00edgena (CCFI)<\/a>, para que puedan acceder al mercado laboral y continuar su vida de forma independiente.<\/p>\n\n\n\n<figure class=\"wp-block-image size-large\"><img loading=\"lazy\" decoding=\"async\" width=\"1024\" height=\"682\" src=\"https:\/\/www.missoeshumanitarias.org\/wp-content\/uploads\/2023\/06\/Dia_Mundial_Refugiados_FMHI_3-1024x682.jpg\" alt=\"\" class=\"wp-image-150906\" srcset=\"https:\/\/www.missoeshumanitarias.org\/wp-content\/uploads\/2023\/06\/Dia_Mundial_Refugiados_FMHI_3-1024x682.jpg 1024w, https:\/\/www.missoeshumanitarias.org\/wp-content\/uploads\/2023\/06\/Dia_Mundial_Refugiados_FMHI_3-300x200.jpg 300w, https:\/\/www.missoeshumanitarias.org\/wp-content\/uploads\/2023\/06\/Dia_Mundial_Refugiados_FMHI_3-768x512.jpg 768w, https:\/\/www.missoeshumanitarias.org\/wp-content\/uploads\/2023\/06\/Dia_Mundial_Refugiados_FMHI_3.jpg 1280w\" sizes=\"(max-width: 1024px) 100vw, 1024px\" \/><\/figure>\n\n\n\n<p>\u00abEl Programa de Formaci\u00f3n Continua para el Desarrollo (PFCD) que ofrece el&nbsp;<a href=\"https:\/\/www.missoeshumanitarias.org\/es\/?s=Centro+Cultural+e+de+Forma%C3%A7%C3%A3o+Ind%C3%ADgena+%28CCFI%29\" target=\"_blank\" rel=\"noreferrer noopener\">CCFI&nbsp;<\/a>es un elemento importante en el proceso de capacitaci\u00f3n a trav\u00e9s del cual la poblaci\u00f3n ind\u00edgena atendida pasa por un proceso de seguimiento de su desarrollo personal y profesional, sintetizando orientaci\u00f3n vocacional, cursos de adaptaci\u00f3n como portugu\u00e9s e inform\u00e1tica, capacitaciones t\u00e9cnicas m\u00e1s especializadas y finalizando con conocimientos sobre emprendimientos y nociones sobre educaci\u00f3n financiera\u00bb, explica el servidor humanitario voluntario, Ricardo Treno.<\/p>\n\n\n\n<p>\u00abDe esta forma\u00bb, contin\u00faa Ricardo, \u00ablos alumnos pasan por un proceso de integraci\u00f3n m\u00e1s amplio sobre el contexto social brasile\u00f1o, algo que no ocurre si nos limitamos a ofrecer cursos sueltos, sin un hilo conductor\u00bb. Igualmente, los profesores que ense\u00f1an en el CCFI dicen que aprenden mucho sobre la realidad de la migraci\u00f3n venezolana y las especificidades del aprendizaje de los ind\u00edgenas, actualizando sus metodolog\u00edas y creciendo como profesionales\u00bb.<\/p>\n\n\n\n<figure class=\"wp-block-image size-full\"><img loading=\"lazy\" decoding=\"async\" width=\"1000\" height=\"667\" src=\"https:\/\/www.missoeshumanitarias.org\/wp-content\/uploads\/2023\/06\/Dia_Mundial_Refugiados_FMHI_1.jpg\" alt=\"\" class=\"wp-image-150902\" srcset=\"https:\/\/www.missoeshumanitarias.org\/wp-content\/uploads\/2023\/06\/Dia_Mundial_Refugiados_FMHI_1.jpg 1000w, https:\/\/www.missoeshumanitarias.org\/wp-content\/uploads\/2023\/06\/Dia_Mundial_Refugiados_FMHI_1-300x200.jpg 300w, https:\/\/www.missoeshumanitarias.org\/wp-content\/uploads\/2023\/06\/Dia_Mundial_Refugiados_FMHI_1-768x512.jpg 768w\" sizes=\"(max-width: 1000px) 100vw, 1000px\" \/><\/figure>\n\n\n\n<p>Como punto focal Esfera en Brasil y Portugal, la&nbsp;<a href=\"https:\/\/www.missoeshumanitarias.org\/es\/quienes-somos\/\" target=\"_blank\" rel=\"noreferrer noopener\">Fraternidad &#8211; Misiones Humanitarias (FMHI)<\/a>, a trav\u00e9s de sus servidores humanitarios, tambi\u00e9n contin\u00faa el ciclo de capacitaci\u00f3n sobre las Normas Humanitarias Esfera, con representantes humanitarios de varias organizaciones de diferentes pa\u00edses.<\/p>\n\n\n\n<p>A trav\u00e9s del Sector de Intervenci\u00f3n Capacitaci\u00f3n Humanitaria, la organizaci\u00f3n ha promovido este a\u00f1o una formaci\u00f3n en l\u00ednea para miembros de Caritas Brasil, en la que se abordaron los principales cap\u00edtulos del Manual Esfera: Carta Humanitaria; C\u00f3digo de Conducta y Principios de Protecci\u00f3n; Norma Humanitaria Esencial; WASH; Seguridad Alimentaria y Nutrici\u00f3n; Vivienda y Asentamiento; Salud y Esfera en Entornos Urbanos.<\/p>\n\n\n\n<p>En Europa, en cooperaci\u00f3n con Save the Children Polonia | Humanitarian Leadership Academy (HLA), Asociaci\u00f3n Esfera, la&nbsp;<a href=\"https:\/\/www.missoeshumanitarias.org\/es\/quienes-somos\/\" target=\"_blank\" rel=\"noreferrer noopener\">Fraternidad &#8211; Misiones Humanitarias (FMHI)<\/a>&nbsp;contin\u00faa el ciclo de Talleres con representantes humanitarios de pa\u00edses de Europa del Este, implicados, directa o indirectamente, en la respuesta humanitaria dada a los ucranianos que huyen de su pa\u00eds como consecuencia de la guerra. El primero tuvo lugar en la ciudad de Varsovia, Polonia.<\/p>\n\n\n\n<figure class=\"wp-block-image size-large\"><img loading=\"lazy\" decoding=\"async\" width=\"1024\" height=\"576\" src=\"https:\/\/www.missoeshumanitarias.org\/wp-content\/uploads\/2023\/06\/Esfera_Caritas_FMHI_1-1024x576.jpg\" alt=\"\" class=\"wp-image-150894\" srcset=\"https:\/\/www.missoeshumanitarias.org\/wp-content\/uploads\/2023\/06\/Esfera_Caritas_FMHI_1-1024x576.jpg 1024w, https:\/\/www.missoeshumanitarias.org\/wp-content\/uploads\/2023\/06\/Esfera_Caritas_FMHI_1-300x169.jpg 300w, https:\/\/www.missoeshumanitarias.org\/wp-content\/uploads\/2023\/06\/Esfera_Caritas_FMHI_1-768x432.jpg 768w, https:\/\/www.missoeshumanitarias.org\/wp-content\/uploads\/2023\/06\/Esfera_Caritas_FMHI_1.jpg 1280w\" sizes=\"(max-width: 1024px) 100vw, 1024px\" \/><\/figure>\n\n\n\n<p>Las reuniones en Europa brindan a los trabajadores humanitarios la oportunidad de prestar atenci\u00f3n a cuestiones fundamentales en las respuestas humanitarias, como la importancia de adherirse y supervisar el cumplimiento de los principios del C\u00f3digo de Conducta de la Cruz Roja Internacional y de la Carta Humanitaria, recogidos en el Manual Esfera.<\/p>\n\n\n\n<p>Hoy, adem\u00e1s de ser un d\u00eda para reflexionar sobre la necesidad de ayuda humanitaria a los refugiados, es tambi\u00e9n un d\u00eda para celebrar la fuerza, el coraje y la determinaci\u00f3n de estas personas que, a pesar de todos los desaf\u00edos, contin\u00faan sus vidas en otros pa\u00edses con la esperanza de d\u00edas mejores.<\/p>\n\n\n\n<figure class=\"wp-block-image size-large\"><img loading=\"lazy\" decoding=\"async\" width=\"1024\" height=\"576\" src=\"https:\/\/www.missoeshumanitarias.org\/wp-content\/uploads\/2023\/06\/Workshop_Esfera_FMHI_3-1024x576.jpg\" alt=\"\" class=\"wp-image-150898\" srcset=\"https:\/\/www.missoeshumanitarias.org\/wp-content\/uploads\/2023\/06\/Workshop_Esfera_FMHI_3-1024x576.jpg 1024w, https:\/\/www.missoeshumanitarias.org\/wp-content\/uploads\/2023\/06\/Workshop_Esfera_FMHI_3-300x169.jpg 300w, https:\/\/www.missoeshumanitarias.org\/wp-content\/uploads\/2023\/06\/Workshop_Esfera_FMHI_3-768x432.jpg 768w, https:\/\/www.missoeshumanitarias.org\/wp-content\/uploads\/2023\/06\/Workshop_Esfera_FMHI_3.jpg 1280w\" sizes=\"(max-width: 1024px) 100vw, 1024px\" \/><\/figure>\n","protected":false},"excerpt":{"rendered":"<p>Hoy, 20 de junio, es un d\u00eda para reflexionar sobre los retos y dificultades a los que se enfrentan las familias que se ven obligadas a abandonar sus pa\u00edses, trabajos, hogares y seres queridos debido a conflictos armados, al cambio clim\u00e1tico o a la persecuci\u00f3n por motivos pol\u00edticos, religiosos, raciales y \u00e9tnicos. Seg\u00fan un informe [&hellip;]<\/p>\n","protected":false},"author":11,"featured_media":150893,"comment_status":"closed","ping_status":"closed","sticky":false,"template":"","format":"standard","meta":{"footnotes":""},"categories":[43,131],"tags":[130],"class_list":["post-150971","post","type-post","status-publish","format-standard","has-post-thumbnail","hentry","category-noticias-es","category-noticias-de-las-misiones","tag-entrenamiento-y-desarrollo"],"featured_image_src":"https:\/\/www.missoeshumanitarias.org\/wp-content\/uploads\/2023\/06\/Dia_Mundial_Refugiados_FMHI_6.jpg","author_info":{"display_name":"Pedro Duca","author_link":"https:\/\/www.missoeshumanitarias.org\/es\/author\/pedro_admin\/"},"yoast_head":"<!-- This site is optimized with the Yoast SEO Premium plugin v22.5 (Yoast SEO v22.5) - https:\/\/yoast.com\/wordpress\/plugins\/seo\/ -->\n<title>D\u00eda Mundial de los Refugiados - 2023 - Fraternidade Miss\u00f5es Humanit\u00e1rias Internacionais<\/title>\n<meta name=\"robots\" content=\"index, follow, max-snippet:-1, max-image-preview:large, max-video-preview:-1\" \/>\n<link rel=\"canonical\" href=\"https:\/\/www.missoeshumanitarias.org\/es\/dia-mundial-de-los-refugiados-2023\/\" \/>\n<meta property=\"og:locale\" content=\"es_ES\" \/>\n<meta property=\"og:type\" content=\"article\" \/>\n<meta property=\"og:title\" content=\"D\u00eda Mundial de los Refugiados - 2023\" \/>\n<meta property=\"og:description\" content=\"Hoy, 20 de junio, es un d\u00eda para reflexionar sobre los retos y dificultades a los que se enfrentan las familias que se ven obligadas a abandonar sus pa\u00edses, trabajos, hogares y seres queridos debido a conflictos armados, al cambio clim\u00e1tico o a la persecuci\u00f3n por motivos pol\u00edticos, religiosos, raciales y \u00e9tnicos. Seg\u00fan un informe [&hellip;]\" \/>\n<meta property=\"og:url\" content=\"https:\/\/www.missoeshumanitarias.org\/es\/dia-mundial-de-los-refugiados-2023\/\" \/>\n<meta property=\"og:site_name\" content=\"Fraternidade Miss\u00f5es Humanit\u00e1rias Internacionais\" \/>\n<meta property=\"article:published_time\" content=\"2023-06-19T21:41:59+00:00\" \/>\n<meta property=\"article:modified_time\" content=\"2023-06-26T17:55:20+00:00\" \/>\n<meta property=\"og:image\" content=\"https:\/\/www.missoeshumanitarias.org\/wp-content\/uploads\/2023\/06\/Dia_Mundial_Refugiados_FMHI_6.jpg\" \/>\n\t<meta property=\"og:image:width\" content=\"1280\" \/>\n\t<meta property=\"og:image:height\" content=\"853\" \/>\n\t<meta property=\"og:image:type\" content=\"image\/jpeg\" \/>\n<meta name=\"author\" content=\"Pedro Duca\" \/>\n<meta name=\"twitter:card\" content=\"summary_large_image\" \/>\n<meta name=\"twitter:label1\" content=\"Escrito por\" \/>\n\t<meta name=\"twitter:data1\" content=\"Pedro Duca\" \/>\n\t<meta name=\"twitter:label2\" content=\"Tiempo de lectura\" \/>\n\t<meta name=\"twitter:data2\" content=\"8 minutos\" \/>\n<script type=\"application\/ld+json\" class=\"yoast-schema-graph\">{\"@context\":\"https:\/\/schema.org\",\"@graph\":[{\"@type\":\"Article\",\"@id\":\"https:\/\/www.missoeshumanitarias.org\/es\/dia-mundial-de-los-refugiados-2023\/#article\",\"isPartOf\":{\"@id\":\"https:\/\/www.missoeshumanitarias.org\/es\/dia-mundial-de-los-refugiados-2023\/\"},\"author\":{\"name\":\"Pedro Duca\",\"@id\":\"https:\/\/www.missoeshumanitarias.org\/es\/#\/schema\/person\/7030103646ac86851022f2f911303335\"},\"headline\":\"D\u00eda Mundial de los Refugiados &#8211; 2023\",\"datePublished\":\"2023-06-19T21:41:59+00:00\",\"dateModified\":\"2023-06-26T17:55:20+00:00\",\"mainEntityOfPage\":{\"@id\":\"https:\/\/www.missoeshumanitarias.org\/es\/dia-mundial-de-los-refugiados-2023\/\"},\"wordCount\":1154,\"publisher\":{\"@id\":\"https:\/\/www.missoeshumanitarias.org\/es\/#organization\"},\"image\":{\"@id\":\"https:\/\/www.missoeshumanitarias.org\/es\/dia-mundial-de-los-refugiados-2023\/#primaryimage\"},\"thumbnailUrl\":\"https:\/\/www.missoeshumanitarias.org\/wp-content\/uploads\/2023\/06\/Dia_Mundial_Refugiados_FMHI_6.jpg\",\"keywords\":[\"ENTRENAMIENTO Y DESARROLLO\"],\"articleSection\":[\"Noticias\",\"Noticias de las Misiones\"],\"inLanguage\":\"es\"},{\"@type\":\"WebPage\",\"@id\":\"https:\/\/www.missoeshumanitarias.org\/es\/dia-mundial-de-los-refugiados-2023\/\",\"url\":\"https:\/\/www.missoeshumanitarias.org\/es\/dia-mundial-de-los-refugiados-2023\/\",\"name\":\"D\u00eda Mundial de los Refugiados - 2023 - Fraternidade Miss\u00f5es Humanit\u00e1rias Internacionais\",\"isPartOf\":{\"@id\":\"https:\/\/www.missoeshumanitarias.org\/es\/#website\"},\"primaryImageOfPage\":{\"@id\":\"https:\/\/www.missoeshumanitarias.org\/es\/dia-mundial-de-los-refugiados-2023\/#primaryimage\"},\"image\":{\"@id\":\"https:\/\/www.missoeshumanitarias.org\/es\/dia-mundial-de-los-refugiados-2023\/#primaryimage\"},\"thumbnailUrl\":\"https:\/\/www.missoeshumanitarias.org\/wp-content\/uploads\/2023\/06\/Dia_Mundial_Refugiados_FMHI_6.jpg\",\"datePublished\":\"2023-06-19T21:41:59+00:00\",\"dateModified\":\"2023-06-26T17:55:20+00:00\",\"breadcrumb\":{\"@id\":\"https:\/\/www.missoeshumanitarias.org\/es\/dia-mundial-de-los-refugiados-2023\/#breadcrumb\"},\"inLanguage\":\"es\",\"potentialAction\":[{\"@type\":\"ReadAction\",\"target\":[\"https:\/\/www.missoeshumanitarias.org\/es\/dia-mundial-de-los-refugiados-2023\/\"]}]},{\"@type\":\"ImageObject\",\"inLanguage\":\"es\",\"@id\":\"https:\/\/www.missoeshumanitarias.org\/es\/dia-mundial-de-los-refugiados-2023\/#primaryimage\",\"url\":\"https:\/\/www.missoeshumanitarias.org\/wp-content\/uploads\/2023\/06\/Dia_Mundial_Refugiados_FMHI_6.jpg\",\"contentUrl\":\"https:\/\/www.missoeshumanitarias.org\/wp-content\/uploads\/2023\/06\/Dia_Mundial_Refugiados_FMHI_6.jpg\",\"width\":1280,\"height\":853},{\"@type\":\"BreadcrumbList\",\"@id\":\"https:\/\/www.missoeshumanitarias.org\/es\/dia-mundial-de-los-refugiados-2023\/#breadcrumb\",\"itemListElement\":[{\"@type\":\"ListItem\",\"position\":1,\"name\":\"Home\",\"item\":\"https:\/\/www.missoeshumanitarias.org\/en\/\"},{\"@type\":\"ListItem\",\"position\":2,\"name\":\"D\u00eda Mundial de los Refugiados &#8211; 2023\"}]},{\"@type\":\"WebSite\",\"@id\":\"https:\/\/www.missoeshumanitarias.org\/es\/#website\",\"url\":\"https:\/\/www.missoeshumanitarias.org\/es\/\",\"name\":\"Fraternidade Miss\u00f5es Humanit\u00e1rias Internacionais\",\"description\":\"Respostas Humanit\u00e1rias e Emerg\u00eancias\",\"publisher\":{\"@id\":\"https:\/\/www.missoeshumanitarias.org\/es\/#organization\"},\"potentialAction\":[{\"@type\":\"SearchAction\",\"target\":{\"@type\":\"EntryPoint\",\"urlTemplate\":\"https:\/\/www.missoeshumanitarias.org\/es\/?s={search_term_string}\"},\"query-input\":\"required name=search_term_string\"}],\"inLanguage\":\"es\"},{\"@type\":\"Organization\",\"@id\":\"https:\/\/www.missoeshumanitarias.org\/es\/#organization\",\"name\":\"Fraternidade - Miss\u00f5es Humanit\u00e1rias Internacionais\",\"url\":\"https:\/\/www.missoeshumanitarias.org\/es\/\",\"logo\":{\"@type\":\"ImageObject\",\"inLanguage\":\"es\",\"@id\":\"https:\/\/www.missoeshumanitarias.org\/es\/#\/schema\/logo\/image\/\",\"url\":\"https:\/\/www.missoeshumanitarias.org\/wp-content\/uploads\/2020\/05\/logo-FMHI-mg.png\",\"contentUrl\":\"https:\/\/www.missoeshumanitarias.org\/wp-content\/uploads\/2020\/05\/logo-FMHI-mg.png\",\"width\":520,\"height\":134,\"caption\":\"Fraternidade - Miss\u00f5es Humanit\u00e1rias Internacionais\"},\"image\":{\"@id\":\"https:\/\/www.missoeshumanitarias.org\/es\/#\/schema\/logo\/image\/\"}},{\"@type\":\"Person\",\"@id\":\"https:\/\/www.missoeshumanitarias.org\/es\/#\/schema\/person\/7030103646ac86851022f2f911303335\",\"name\":\"Pedro Duca\",\"image\":{\"@type\":\"ImageObject\",\"inLanguage\":\"es\",\"@id\":\"https:\/\/www.missoeshumanitarias.org\/es\/#\/schema\/person\/image\/\",\"url\":\"https:\/\/secure.gravatar.com\/avatar\/8f37b65fd0a898e39eb8356b57364c8a49e2a0098368f80d560bd4d2ddc12c2e?s=96&d=mm&r=g\",\"contentUrl\":\"https:\/\/secure.gravatar.com\/avatar\/8f37b65fd0a898e39eb8356b57364c8a49e2a0098368f80d560bd4d2ddc12c2e?s=96&d=mm&r=g\",\"caption\":\"Pedro Duca\"}}]}<\/script>\n<!-- \/ Yoast SEO Premium plugin. -->","yoast_head_json":{"title":"D\u00eda Mundial de los Refugiados - 2023 - Fraternidade Miss\u00f5es Humanit\u00e1rias Internacionais","robots":{"index":"index","follow":"follow","max-snippet":"max-snippet:-1","max-image-preview":"max-image-preview:large","max-video-preview":"max-video-preview:-1"},"canonical":"https:\/\/www.missoeshumanitarias.org\/es\/dia-mundial-de-los-refugiados-2023\/","og_locale":"es_ES","og_type":"article","og_title":"D\u00eda Mundial de los Refugiados - 2023","og_description":"Hoy, 20 de junio, es un d\u00eda para reflexionar sobre los retos y dificultades a los que se enfrentan las familias que se ven obligadas a abandonar sus pa\u00edses, trabajos, hogares y seres queridos debido a conflictos armados, al cambio clim\u00e1tico o a la persecuci\u00f3n por motivos pol\u00edticos, religiosos, raciales y \u00e9tnicos. Seg\u00fan un informe [&hellip;]","og_url":"https:\/\/www.missoeshumanitarias.org\/es\/dia-mundial-de-los-refugiados-2023\/","og_site_name":"Fraternidade Miss\u00f5es Humanit\u00e1rias Internacionais","article_published_time":"2023-06-19T21:41:59+00:00","article_modified_time":"2023-06-26T17:55:20+00:00","og_image":[{"width":1280,"height":853,"url":"https:\/\/www.missoeshumanitarias.org\/wp-content\/uploads\/2023\/06\/Dia_Mundial_Refugiados_FMHI_6.jpg","type":"image\/jpeg"}],"author":"Pedro Duca","twitter_card":"summary_large_image","twitter_misc":{"Escrito por":"Pedro Duca","Tiempo de lectura":"8 minutos"},"schema":{"@context":"https:\/\/schema.org","@graph":[{"@type":"Article","@id":"https:\/\/www.missoeshumanitarias.org\/es\/dia-mundial-de-los-refugiados-2023\/#article","isPartOf":{"@id":"https:\/\/www.missoeshumanitarias.org\/es\/dia-mundial-de-los-refugiados-2023\/"},"author":{"name":"Pedro Duca","@id":"https:\/\/www.missoeshumanitarias.org\/es\/#\/schema\/person\/7030103646ac86851022f2f911303335"},"headline":"D\u00eda Mundial de los Refugiados &#8211; 2023","datePublished":"2023-06-19T21:41:59+00:00","dateModified":"2023-06-26T17:55:20+00:00","mainEntityOfPage":{"@id":"https:\/\/www.missoeshumanitarias.org\/es\/dia-mundial-de-los-refugiados-2023\/"},"wordCount":1154,"publisher":{"@id":"https:\/\/www.missoeshumanitarias.org\/es\/#organization"},"image":{"@id":"https:\/\/www.missoeshumanitarias.org\/es\/dia-mundial-de-los-refugiados-2023\/#primaryimage"},"thumbnailUrl":"https:\/\/www.missoeshumanitarias.org\/wp-content\/uploads\/2023\/06\/Dia_Mundial_Refugiados_FMHI_6.jpg","keywords":["ENTRENAMIENTO Y DESARROLLO"],"articleSection":["Noticias","Noticias de las Misiones"],"inLanguage":"es"},{"@type":"WebPage","@id":"https:\/\/www.missoeshumanitarias.org\/es\/dia-mundial-de-los-refugiados-2023\/","url":"https:\/\/www.missoeshumanitarias.org\/es\/dia-mundial-de-los-refugiados-2023\/","name":"D\u00eda Mundial de los Refugiados - 2023 - Fraternidade Miss\u00f5es Humanit\u00e1rias Internacionais","isPartOf":{"@id":"https:\/\/www.missoeshumanitarias.org\/es\/#website"},"primaryImageOfPage":{"@id":"https:\/\/www.missoeshumanitarias.org\/es\/dia-mundial-de-los-refugiados-2023\/#primaryimage"},"image":{"@id":"https:\/\/www.missoeshumanitarias.org\/es\/dia-mundial-de-los-refugiados-2023\/#primaryimage"},"thumbnailUrl":"https:\/\/www.missoeshumanitarias.org\/wp-content\/uploads\/2023\/06\/Dia_Mundial_Refugiados_FMHI_6.jpg","datePublished":"2023-06-19T21:41:59+00:00","dateModified":"2023-06-26T17:55:20+00:00","breadcrumb":{"@id":"https:\/\/www.missoeshumanitarias.org\/es\/dia-mundial-de-los-refugiados-2023\/#breadcrumb"},"inLanguage":"es","potentialAction":[{"@type":"ReadAction","target":["https:\/\/www.missoeshumanitarias.org\/es\/dia-mundial-de-los-refugiados-2023\/"]}]},{"@type":"ImageObject","inLanguage":"es","@id":"https:\/\/www.missoeshumanitarias.org\/es\/dia-mundial-de-los-refugiados-2023\/#primaryimage","url":"https:\/\/www.missoeshumanitarias.org\/wp-content\/uploads\/2023\/06\/Dia_Mundial_Refugiados_FMHI_6.jpg","contentUrl":"https:\/\/www.missoeshumanitarias.org\/wp-content\/uploads\/2023\/06\/Dia_Mundial_Refugiados_FMHI_6.jpg","width":1280,"height":853},{"@type":"BreadcrumbList","@id":"https:\/\/www.missoeshumanitarias.org\/es\/dia-mundial-de-los-refugiados-2023\/#breadcrumb","itemListElement":[{"@type":"ListItem","position":1,"name":"Home","item":"https:\/\/www.missoeshumanitarias.org\/en\/"},{"@type":"ListItem","position":2,"name":"D\u00eda Mundial de los Refugiados &#8211; 2023"}]},{"@type":"WebSite","@id":"https:\/\/www.missoeshumanitarias.org\/es\/#website","url":"https:\/\/www.missoeshumanitarias.org\/es\/","name":"Fraternidade Miss\u00f5es Humanit\u00e1rias Internacionais","description":"Respostas Humanit\u00e1rias e Emerg\u00eancias","publisher":{"@id":"https:\/\/www.missoeshumanitarias.org\/es\/#organization"},"potentialAction":[{"@type":"SearchAction","target":{"@type":"EntryPoint","urlTemplate":"https:\/\/www.missoeshumanitarias.org\/es\/?s={search_term_string}"},"query-input":"required name=search_term_string"}],"inLanguage":"es"},{"@type":"Organization","@id":"https:\/\/www.missoeshumanitarias.org\/es\/#organization","name":"Fraternidade - Miss\u00f5es Humanit\u00e1rias Internacionais","url":"https:\/\/www.missoeshumanitarias.org\/es\/","logo":{"@type":"ImageObject","inLanguage":"es","@id":"https:\/\/www.missoeshumanitarias.org\/es\/#\/schema\/logo\/image\/","url":"https:\/\/www.missoeshumanitarias.org\/wp-content\/uploads\/2020\/05\/logo-FMHI-mg.png","contentUrl":"https:\/\/www.missoeshumanitarias.org\/wp-content\/uploads\/2020\/05\/logo-FMHI-mg.png","width":520,"height":134,"caption":"Fraternidade - Miss\u00f5es Humanit\u00e1rias Internacionais"},"image":{"@id":"https:\/\/www.missoeshumanitarias.org\/es\/#\/schema\/logo\/image\/"}},{"@type":"Person","@id":"https:\/\/www.missoeshumanitarias.org\/es\/#\/schema\/person\/7030103646ac86851022f2f911303335","name":"Pedro Duca","image":{"@type":"ImageObject","inLanguage":"es","@id":"https:\/\/www.missoeshumanitarias.org\/es\/#\/schema\/person\/image\/","url":"https:\/\/secure.gravatar.com\/avatar\/8f37b65fd0a898e39eb8356b57364c8a49e2a0098368f80d560bd4d2ddc12c2e?s=96&d=mm&r=g","contentUrl":"https:\/\/secure.gravatar.com\/avatar\/8f37b65fd0a898e39eb8356b57364c8a49e2a0098368f80d560bd4d2ddc12c2e?s=96&d=mm&r=g","caption":"Pedro Duca"}}]}},"_links":{"self":[{"href":"https:\/\/www.missoeshumanitarias.org\/es\/wp-json\/wp\/v2\/posts\/150971","targetHints":{"allow":["GET"]}}],"collection":[{"href":"https:\/\/www.missoeshumanitarias.org\/es\/wp-json\/wp\/v2\/posts"}],"about":[{"href":"https:\/\/www.missoeshumanitarias.org\/es\/wp-json\/wp\/v2\/types\/post"}],"author":[{"embeddable":true,"href":"https:\/\/www.missoeshumanitarias.org\/es\/wp-json\/wp\/v2\/users\/11"}],"replies":[{"embeddable":true,"href":"https:\/\/www.missoeshumanitarias.org\/es\/wp-json\/wp\/v2\/comments?post=150971"}],"version-history":[{"count":0,"href":"https:\/\/www.missoeshumanitarias.org\/es\/wp-json\/wp\/v2\/posts\/150971\/revisions"}],"wp:featuredmedia":[{"embeddable":true,"href":"https:\/\/www.missoeshumanitarias.org\/es\/wp-json\/wp\/v2\/media\/150893"}],"wp:attachment":[{"href":"https:\/\/www.missoeshumanitarias.org\/es\/wp-json\/wp\/v2\/media?parent=150971"}],"wp:term":[{"taxonomy":"category","embeddable":true,"href":"https:\/\/www.missoeshumanitarias.org\/es\/wp-json\/wp\/v2\/categories?post=150971"},{"taxonomy":"post_tag","embeddable":true,"href":"https:\/\/www.missoeshumanitarias.org\/es\/wp-json\/wp\/v2\/tags?post=150971"}],"curies":[{"name":"wp","href":"https:\/\/api.w.org\/{rel}","templated":true}]}}