{"id":151734,"date":"2023-08-18T11:46:42","date_gmt":"2023-08-18T14:46:42","guid":{"rendered":"https:\/\/www.missoeshumanitarias.org\/?p=151734"},"modified":"2023-09-04T14:25:37","modified_gmt":"2023-09-04T17:25:37","slug":"dia-mundial-de-asistencia-humanitaria-2023","status":"publish","type":"post","link":"https:\/\/www.missoeshumanitarias.org\/es\/dia-mundial-de-asistencia-humanitaria-2023\/","title":{"rendered":"D\u00eda Mundial de Asistencia Humanitaria 2023"},"content":{"rendered":"\n<p>Creado para honrar a las personas que dedican su vida a servir a los otros y a defender causas humanitarias, el D\u00eda Mundial de Asistencia Humanitaria, que se celebra el 19 de agosto, fue establecido por la Asamblea General de las Naciones Unidas en 2008.<\/p>\n\n\n\n<p>Grandes son los retos a los que se enfrentan cada d\u00eda miles de profesionales y funcionarios voluntarios, cuyas acciones tienen un impacto real en las personas a las que sirven. Al proporcionar asistencia sanitaria y educaci\u00f3n, alimentos y agua, cobijo y protecci\u00f3n, entregan m\u00e1s que ayuda humanitaria, llevan tambi\u00e9n esperanza.<\/p>\n\n\n\n<p>Seg\u00fan la ONU, el n\u00famero de personas que necesitan ayuda humanitaria nunca ha sido tan elevado como en los tiempos actuales: 1 de cada 33 personas en todo el planeta necesita ayuda humanitaria a causa de conflictos, cambio clim\u00e1tico, enfermedades end\u00e9micas, pobreza, hambre y niveles sin precedentes de desplazamientos forzosos.<\/p>\n\n\n\n<figure class=\"wp-block-image size-large\"><img fetchpriority=\"high\" decoding=\"async\" width=\"1024\" height=\"576\" src=\"https:\/\/www.missoeshumanitarias.org\/wp-content\/uploads\/2023\/08\/Dia_Mundial_Humanitario_FMHI_1-1024x576.jpg\" alt=\"\" class=\"wp-image-151665\" srcset=\"https:\/\/www.missoeshumanitarias.org\/wp-content\/uploads\/2023\/08\/Dia_Mundial_Humanitario_FMHI_1-1024x576.jpg 1024w, https:\/\/www.missoeshumanitarias.org\/wp-content\/uploads\/2023\/08\/Dia_Mundial_Humanitario_FMHI_1-300x169.jpg 300w, https:\/\/www.missoeshumanitarias.org\/wp-content\/uploads\/2023\/08\/Dia_Mundial_Humanitario_FMHI_1-768x432.jpg 768w, https:\/\/www.missoeshumanitarias.org\/wp-content\/uploads\/2023\/08\/Dia_Mundial_Humanitario_FMHI_1.jpg 1280w\" sizes=\"(max-width: 1024px) 100vw, 1024px\" \/><\/figure>\n\n\n\n<h3 class=\"wp-block-heading has-text-align-center\" id=\"h-accion-de-la-fraternidad-misiones-humanitarias-fihm\">Acci\u00f3n de la Fraternidad &#8211; Misiones Humanitarias (FIHM)<\/h3>\n\n\n\n<p>Desde 2011, los trabajadores humanitarios voluntarios de la&nbsp;<a href=\"https:\/\/www.missoeshumanitarias.org\/es\/\" target=\"_blank\" rel=\"noreferrer noopener\">Fraternidad &#8211; Misiones Humanitarias Internacionales (FIHM)<\/a>&nbsp;se desempe\u00f1an en misiones nacionales e internacionales en pa\u00edses como Angola, Argentina, Egipto, Colombia, Etiop\u00eda, Chile, Grecia, Ruanda, Nepal, Turqu\u00eda, Nicaragua, Uruguay, L\u00edbano, Paraguay, adem\u00e1s de Brasil.<\/p>\n\n\n\n<p>Con una dedicaci\u00f3n constante, imbuidos de hacer el bien, estos servidores humanitarios voluntarios act\u00faan de forma neutral, genuina y transparente, y se dedican plenamente a servir a la agenda humanitaria mundial all\u00ed donde&nbsp;<a href=\"https:\/\/www.missoeshumanitarias.org\/es\/\" target=\"_blank\" rel=\"noreferrer noopener\">Fraternidad &#8211; Misiones Humanitarias (FIHM)<\/a>interviene.<\/p>\n\n\n\n<figure class=\"wp-block-image size-large\"><img decoding=\"async\" width=\"1024\" height=\"682\" src=\"https:\/\/www.missoeshumanitarias.org\/wp-content\/uploads\/2023\/08\/Dia_Mundial_Humanitario_FMHI_2-1024x682.jpg\" alt=\"\" class=\"wp-image-151668\" srcset=\"https:\/\/www.missoeshumanitarias.org\/wp-content\/uploads\/2023\/08\/Dia_Mundial_Humanitario_FMHI_2-1024x682.jpg 1024w, https:\/\/www.missoeshumanitarias.org\/wp-content\/uploads\/2023\/08\/Dia_Mundial_Humanitario_FMHI_2-300x200.jpg 300w, https:\/\/www.missoeshumanitarias.org\/wp-content\/uploads\/2023\/08\/Dia_Mundial_Humanitario_FMHI_2-768x512.jpg 768w, https:\/\/www.missoeshumanitarias.org\/wp-content\/uploads\/2023\/08\/Dia_Mundial_Humanitario_FMHI_2.jpg 1280w\" sizes=\"(max-width: 1024px) 100vw, 1024px\" \/><\/figure>\n\n\n\n<p>La&nbsp;<a href=\"https:\/\/www.missoeshumanitarias.org\/es\/\" target=\"_blank\" rel=\"noreferrer noopener\">Fraternidad &#8211; Misiones Humanitarias(FIHM)<\/a>&nbsp;desarrolla proyectos con comunidades y agentes locales que ya desempe\u00f1an un papel en las respuestas locales y sociales.&nbsp; Opera en diferentes fases de las crisis humanitarias, centr\u00e1ndose en la negociaci\u00f3n y el di\u00e1logo para mejorar las condiciones de vida y asistir a las poblaciones afectadas. Su tarea es en los siguientes Sectores de Intervenci\u00f3n:<\/p>\n\n\n\n<ul class=\"wp-block-list\">\n<li>Educaci\u00f3n en Situaciones de Emergencia y Respuestas Humanitarias abordando la \u00a0superaci\u00f3n del trauma;<\/li>\n\n\n\n<li>Articulaci\u00f3n en gesti\u00f3n, di\u00e1logo y negociaci\u00f3n humanitaria teniendo como objetivo la soluciones duraderas y elaboraci\u00f3n de estrategias;<\/li>\n\n\n\n<li>Construcci\u00f3n conjunta de soluciones duraderas, localizadas, y medios de vida;<\/li>\n\n\n\n<li>Iniciativas agroecol\u00f3gicas basadas en m\u00e1s de treinta a\u00f1os de experiencia, adaptadas a los contextos locales;<\/li>\n\n\n\n<li>Seguridad alimentaria, especialmente en la optimizaci\u00f3n de los productos cosechados y en la elaboraci\u00f3n de preparados nutricionales basadas en los recursos de cada lugar de intervenci\u00f3n;<\/li>\n\n\n\n<li>\u00a0Capacitaci\u00f3n Humanitaria en los protocolos definidos en el Manual Esfera;<\/li>\n\n\n\n<li>Coordinaci\u00f3n y gesti\u00f3n de campamentos de refugiados (CCCM(\u201cCamp Coordination and Camp Management\u201d).<\/li>\n<\/ul>\n\n\n\n<h3 class=\"wp-block-heading has-text-align-center\" id=\"h-servidores-humanitarios-voluntarios\">Servidores humanitarios voluntarios<\/h3>\n\n\n\n<p>Con una contribuci\u00f3n inestimable en favor de las v\u00edctimas de las crisis humanitarias, los servidores humanitarios voluntarios de la&nbsp;<a href=\"https:\/\/www.missoeshumanitarias.org\/es\/\" target=\"_blank\" rel=\"noreferrer noopener\">Fraternidad &#8211; Misiones Humanitarias (FIHM)<\/a>&nbsp;trabajan en diferentes regiones del planeta.<\/p>\n\n\n\n<p>En diversas situaciones, los servidores humanitarios voluntarios buscan construir un di\u00e1logo con las comunidades y organizaciones locales para conocer las demandas puntuales y evaluar, junto con ellas, el modo en el que la Fraternidad &#8211; Misiones Humanitarias (FIHM) puede aunar esfuerzos dentro de sus Sectores de Intervenci\u00f3n y contribuir a la construcci\u00f3n de soluciones duraderas que garanticen la integraci\u00f3n gradual y la autonom\u00eda de las poblaciones afectadas.<\/p>\n\n\n\n<figure class=\"wp-block-image size-large\"><img decoding=\"async\" width=\"1024\" height=\"768\" src=\"https:\/\/www.missoeshumanitarias.org\/wp-content\/uploads\/2023\/08\/Dia_Mundial_Humanitario_FMHI_3-1024x768.jpg\" alt=\"\" class=\"wp-image-151671\" srcset=\"https:\/\/www.missoeshumanitarias.org\/wp-content\/uploads\/2023\/08\/Dia_Mundial_Humanitario_FMHI_3-1024x768.jpg 1024w, https:\/\/www.missoeshumanitarias.org\/wp-content\/uploads\/2023\/08\/Dia_Mundial_Humanitario_FMHI_3-300x225.jpg 300w, https:\/\/www.missoeshumanitarias.org\/wp-content\/uploads\/2023\/08\/Dia_Mundial_Humanitario_FMHI_3-768x576.jpg 768w, https:\/\/www.missoeshumanitarias.org\/wp-content\/uploads\/2023\/08\/Dia_Mundial_Humanitario_FMHI_3.jpg 1280w\" sizes=\"(max-width: 1024px) 100vw, 1024px\" \/><\/figure>\n\n\n\n<p>\u00abComo es habitual en la&nbsp;<a href=\"https:\/\/www.missoeshumanitarias.org\/es\/\" target=\"_blank\" rel=\"noreferrer noopener\">Fraternidad -Misiones Humanitarias (FIHM)<\/a>, siempre intentamos sumar fuerzas con otras organizaciones que ya est\u00e9n trabajando, para poder comprender mejor el contexto y unirnos a estas organizaciones para as\u00ed poder llegar a las personas que m\u00e1s necesitan\u00bb, explica la voluntaria humanitaria Aajhman\u00e1.<\/p>\n\n\n\n<p>&nbsp;Aajhman\u00e1 ya ha trabajado en varias misiones llevadas a cabo por la&nbsp;<a href=\"https:\/\/www.missoeshumanitarias.org\/es\/\" target=\"_blank\" rel=\"noreferrer noopener\">Fraternidad &#8211; Misiones Humanitarias (FIHM),<\/a>&nbsp;entre ellas la m\u00e1s reciente: la&nbsp;<a href=\"https:\/\/www.missoeshumanitarias.org\/es\/mision-turquia\/\" target=\"_blank\" rel=\"noreferrer noopener\">Misi\u00f3n Turqu\u00eda Humanitaria,<\/a>&nbsp;que del 21 de marzo al 6 de mayo prest\u00f3 asistencia a las v\u00edctimas del terremoto que golpe\u00f3 duramente a ese pa\u00eds y regi\u00f3n, y actualmente presta servicio en la Misi\u00f3n Angola, que desde 2022 desarrolla proyectos en cuatro Sectores de Intervenci\u00f3n: Medios de Vida y Soluciones Duraderas, Educaci\u00f3n en Emergencias y Respuestas Humanitarias, Seguridad Alimentaria y Capacitaci\u00f3n Humanitaria.<\/p>\n\n\n\n<p>\u00abCreo que despu\u00e9s de toda la experiencia que hemos tenido aqu\u00ed en la Misi\u00f3n Turqu\u00eda, el mayor aprendizaje fue sobre la resiliencia humana. Creo que es un punto esencial, resiliencia y solidaridad que se nos ha mostrado en esta misi\u00f3n\u00bb, afirma la servidora humanitaria.<\/p>\n\n\n\n<figure class=\"wp-block-image size-large\"><img loading=\"lazy\" decoding=\"async\" width=\"1024\" height=\"768\" src=\"https:\/\/www.missoeshumanitarias.org\/wp-content\/uploads\/2023\/08\/Dia_Mundial_Humanitario_FMHI_4-1024x768.jpg\" alt=\"\" class=\"wp-image-151674\" srcset=\"https:\/\/www.missoeshumanitarias.org\/wp-content\/uploads\/2023\/08\/Dia_Mundial_Humanitario_FMHI_4-1024x768.jpg 1024w, https:\/\/www.missoeshumanitarias.org\/wp-content\/uploads\/2023\/08\/Dia_Mundial_Humanitario_FMHI_4-300x225.jpg 300w, https:\/\/www.missoeshumanitarias.org\/wp-content\/uploads\/2023\/08\/Dia_Mundial_Humanitario_FMHI_4-768x576.jpg 768w, https:\/\/www.missoeshumanitarias.org\/wp-content\/uploads\/2023\/08\/Dia_Mundial_Humanitario_FMHI_4.jpg 1280w\" sizes=\"(max-width: 1024px) 100vw, 1024px\" \/><\/figure>\n\n\n\n<p>Imer forma parte del primer grupo de servidores humanitarios voluntarios creado por la&nbsp;<a href=\"https:\/\/www.missoeshumanitarias.org\/es\/\" target=\"_blank\" rel=\"noreferrer noopener\">Fraternidad &#8211; Misiones Humanitarias(FIHM)&nbsp;<\/a>y ya ha trabajado en decenas de misiones en todo el mundo. Recientemente trabaj\u00f3 en la&nbsp;<a href=\"https:\/\/www.missoeshumanitarias.org\/es\/mision-roraima\/\" target=\"_blank\" rel=\"noreferrer noopener\">Misi\u00f3n Roraima Humanitaria<\/a>, creada para contribuir a la respuesta a la crisis migratoria venezolana, y en la&nbsp;<a href=\"https:\/\/www.missoeshumanitarias.org\/es\/mision-turquia\/\" target=\"_blank\" rel=\"noreferrer noopener\">Misi\u00f3n Turqu\u00eda Humanitaria.<\/a><\/p>\n\n\n\n<p>El servidor humanitario subraya que \u00abla experiencia de las misiones tambi\u00e9n nos da una percepci\u00f3n que nos permite saber llegar al ser humano, que trasciende todo lo cultural, &nbsp;porque cuando nos encontramos como seres humanos, aunque tengamos diferencias, somos parecidos, somos iguales\u00bb, afirma Imer.<\/p>\n\n\n\n<h3 class=\"wp-block-heading has-text-align-center\" id=\"h-una-tarea-para-todos\">Una tarea para todos<\/h3>\n\n\n\n<p>\u00abDurante la&nbsp;<a href=\"https:\/\/www.missoeshumanitarias.org\/es\/mision-turquia\/\" target=\"_blank\" rel=\"noreferrer noopener\">Misi\u00f3n a Turqu\u00eda&nbsp;<\/a>nos dimos cuenta de que no era f\u00e1cil para nadie: para los que lo hab\u00edan perdido todo, para los que estaban ayudando, incluso para personas a las que no les hab\u00eda pasado nada, que no hab\u00edan perdido sus casas, sus familias, que tuvieron la suerte de que no les hubiera pasado a ellos, pero a los que estaban a su lado, s\u00ed\u00bb, se\u00f1ala Imer.<\/p>\n\n\n\n<p>Las experiencias relatadas por Imer y Aajhman\u00e1 subrayan el hecho de que \u00abtodo el mundo puede contribuir con una misi\u00f3n humanitaria, s\u00f3lo hace falta estar imbuido de solidaridad y amor al pr\u00f3jimo. La labor humanitaria es una tarea de todos para ayudar a todos\u00bb.<\/p>\n\n\n\n<p>Acudir a las enormes necesidades de las v\u00edctimas de cat\u00e1strofes y conflictos en todo el mundo implica muchas acciones de personas cercanas o lejanas geogr\u00e1ficamente, ya sea mediante donaciones, dedicaci\u00f3n y trabajo de instituciones y gobiernos, lo importante es construir una red de solidaridad y atenci\u00f3n a quienes m\u00e1s lo necesitan.<\/p>\n\n\n\n<p>El objetivo de la acci\u00f3n humanitaria instituida por la&nbsp;<a href=\"https:\/\/www.missoeshumanitarias.org\/es\/\" target=\"_blank\" rel=\"noreferrer noopener\">Fraternidad &#8211; Misiones Humanitarias (FIHM)&nbsp;<\/a>es hacer el bien, promover la paz, actuando con neutralidad, imparcialidad e independencia, respetando la manifestaci\u00f3n y expresi\u00f3n cultural de los diferentes pueblos.<\/p>\n\n\n\n<figure class=\"wp-block-image size-large\"><img loading=\"lazy\" decoding=\"async\" width=\"1024\" height=\"682\" src=\"https:\/\/www.missoeshumanitarias.org\/wp-content\/uploads\/2023\/08\/Dia_Mundial_Humanitario_FMHI_5-1024x682.jpg\" alt=\"\" class=\"wp-image-151677\" srcset=\"https:\/\/www.missoeshumanitarias.org\/wp-content\/uploads\/2023\/08\/Dia_Mundial_Humanitario_FMHI_5-1024x682.jpg 1024w, https:\/\/www.missoeshumanitarias.org\/wp-content\/uploads\/2023\/08\/Dia_Mundial_Humanitario_FMHI_5-300x200.jpg 300w, https:\/\/www.missoeshumanitarias.org\/wp-content\/uploads\/2023\/08\/Dia_Mundial_Humanitario_FMHI_5-768x512.jpg 768w, https:\/\/www.missoeshumanitarias.org\/wp-content\/uploads\/2023\/08\/Dia_Mundial_Humanitario_FMHI_5.jpg 1280w\" sizes=\"(max-width: 1024px) 100vw, 1024px\" \/><\/figure>\n\n\n\n<p>La&nbsp;<a href=\"https:\/\/www.missoeshumanitarias.org\/es\/\" target=\"_blank\" rel=\"noreferrer noopener\">Fraternidad &#8211; Misiones HumanitariasInternacionales (FIHM)<\/a>&nbsp;reitera su gratitud a los trabajadores y servidores humanitarios voluntarios que, con amor, dedicaci\u00f3n y respeto, se esfuerzan por hacer del mundo un lugar mejor para todos.<\/p>\n\n\n\n<p>Conhe\u00e7a as miss\u00f5es realizadas pela Fraternidade \u2013 Miss\u00f5es Humanit\u00e1rias (FMHI). Acesse:&nbsp;<a href=\"http:\/\/www.missoeshumanitarias.org\/\">www.missoeshumanitarias.org<\/a><\/p>\n","protected":false},"excerpt":{"rendered":"<p>Creado para honrar a las personas que dedican su vida a servir a los otros y a defender causas humanitarias, el D\u00eda Mundial de Asistencia Humanitaria, que se celebra el 19 de agosto, fue establecido por la Asamblea General de las Naciones Unidas en 2008. Grandes son los retos a los que se enfrentan cada [&hellip;]<\/p>\n","protected":false},"author":11,"featured_media":151668,"comment_status":"closed","ping_status":"closed","sticky":false,"template":"","format":"standard","meta":{"footnotes":""},"categories":[43],"tags":[],"class_list":["post-151734","post","type-post","status-publish","format-standard","has-post-thumbnail","hentry","category-noticias-es"],"featured_image_src":"https:\/\/www.missoeshumanitarias.org\/wp-content\/uploads\/2023\/08\/Dia_Mundial_Humanitario_FMHI_2.jpg","author_info":{"display_name":"Pedro Duca","author_link":"https:\/\/www.missoeshumanitarias.org\/es\/author\/pedro_admin\/"},"yoast_head":"<!-- This site is optimized with the Yoast SEO Premium plugin v22.5 (Yoast SEO v22.5) - https:\/\/yoast.com\/wordpress\/plugins\/seo\/ -->\n<title>D\u00eda Mundial de Asistencia Humanitaria 2023 - Fraternidade Miss\u00f5es Humanit\u00e1rias Internacionais<\/title>\n<meta name=\"robots\" content=\"index, follow, max-snippet:-1, max-image-preview:large, max-video-preview:-1\" \/>\n<link rel=\"canonical\" href=\"https:\/\/www.missoeshumanitarias.org\/es\/dia-mundial-de-asistencia-humanitaria-2023\/\" \/>\n<meta property=\"og:locale\" content=\"es_ES\" \/>\n<meta property=\"og:type\" content=\"article\" \/>\n<meta property=\"og:title\" content=\"D\u00eda Mundial de Asistencia Humanitaria 2023\" \/>\n<meta property=\"og:description\" content=\"Creado para honrar a las personas que dedican su vida a servir a los otros y a defender causas humanitarias, el D\u00eda Mundial de Asistencia Humanitaria, que se celebra el 19 de agosto, fue establecido por la Asamblea General de las Naciones Unidas en 2008. Grandes son los retos a los que se enfrentan cada [&hellip;]\" \/>\n<meta property=\"og:url\" content=\"https:\/\/www.missoeshumanitarias.org\/es\/dia-mundial-de-asistencia-humanitaria-2023\/\" \/>\n<meta property=\"og:site_name\" content=\"Fraternidade Miss\u00f5es Humanit\u00e1rias Internacionais\" \/>\n<meta property=\"article:published_time\" content=\"2023-08-18T14:46:42+00:00\" \/>\n<meta property=\"article:modified_time\" content=\"2023-09-04T17:25:37+00:00\" \/>\n<meta property=\"og:image\" content=\"https:\/\/www.missoeshumanitarias.org\/wp-content\/uploads\/2023\/08\/Dia_Mundial_Humanitario_FMHI_2.jpg\" \/>\n\t<meta property=\"og:image:width\" content=\"1280\" \/>\n\t<meta property=\"og:image:height\" content=\"853\" \/>\n\t<meta property=\"og:image:type\" content=\"image\/jpeg\" \/>\n<meta name=\"author\" content=\"Pedro Duca\" \/>\n<meta name=\"twitter:card\" content=\"summary_large_image\" \/>\n<meta name=\"twitter:label1\" content=\"Escrito por\" \/>\n\t<meta name=\"twitter:data1\" content=\"Pedro Duca\" \/>\n\t<meta name=\"twitter:label2\" content=\"Tiempo de lectura\" \/>\n\t<meta name=\"twitter:data2\" content=\"7 minutos\" \/>\n<script type=\"application\/ld+json\" class=\"yoast-schema-graph\">{\"@context\":\"https:\/\/schema.org\",\"@graph\":[{\"@type\":\"Article\",\"@id\":\"https:\/\/www.missoeshumanitarias.org\/es\/dia-mundial-de-asistencia-humanitaria-2023\/#article\",\"isPartOf\":{\"@id\":\"https:\/\/www.missoeshumanitarias.org\/es\/dia-mundial-de-asistencia-humanitaria-2023\/\"},\"author\":{\"name\":\"Pedro Duca\",\"@id\":\"https:\/\/www.missoeshumanitarias.org\/es\/#\/schema\/person\/7030103646ac86851022f2f911303335\"},\"headline\":\"D\u00eda Mundial de Asistencia Humanitaria 2023\",\"datePublished\":\"2023-08-18T14:46:42+00:00\",\"dateModified\":\"2023-09-04T17:25:37+00:00\",\"mainEntityOfPage\":{\"@id\":\"https:\/\/www.missoeshumanitarias.org\/es\/dia-mundial-de-asistencia-humanitaria-2023\/\"},\"wordCount\":1138,\"publisher\":{\"@id\":\"https:\/\/www.missoeshumanitarias.org\/es\/#organization\"},\"image\":{\"@id\":\"https:\/\/www.missoeshumanitarias.org\/es\/dia-mundial-de-asistencia-humanitaria-2023\/#primaryimage\"},\"thumbnailUrl\":\"https:\/\/www.missoeshumanitarias.org\/wp-content\/uploads\/2023\/08\/Dia_Mundial_Humanitario_FMHI_2.jpg\",\"articleSection\":[\"Noticias\"],\"inLanguage\":\"es\"},{\"@type\":\"WebPage\",\"@id\":\"https:\/\/www.missoeshumanitarias.org\/es\/dia-mundial-de-asistencia-humanitaria-2023\/\",\"url\":\"https:\/\/www.missoeshumanitarias.org\/es\/dia-mundial-de-asistencia-humanitaria-2023\/\",\"name\":\"D\u00eda Mundial de Asistencia Humanitaria 2023 - Fraternidade Miss\u00f5es Humanit\u00e1rias Internacionais\",\"isPartOf\":{\"@id\":\"https:\/\/www.missoeshumanitarias.org\/es\/#website\"},\"primaryImageOfPage\":{\"@id\":\"https:\/\/www.missoeshumanitarias.org\/es\/dia-mundial-de-asistencia-humanitaria-2023\/#primaryimage\"},\"image\":{\"@id\":\"https:\/\/www.missoeshumanitarias.org\/es\/dia-mundial-de-asistencia-humanitaria-2023\/#primaryimage\"},\"thumbnailUrl\":\"https:\/\/www.missoeshumanitarias.org\/wp-content\/uploads\/2023\/08\/Dia_Mundial_Humanitario_FMHI_2.jpg\",\"datePublished\":\"2023-08-18T14:46:42+00:00\",\"dateModified\":\"2023-09-04T17:25:37+00:00\",\"breadcrumb\":{\"@id\":\"https:\/\/www.missoeshumanitarias.org\/es\/dia-mundial-de-asistencia-humanitaria-2023\/#breadcrumb\"},\"inLanguage\":\"es\",\"potentialAction\":[{\"@type\":\"ReadAction\",\"target\":[\"https:\/\/www.missoeshumanitarias.org\/es\/dia-mundial-de-asistencia-humanitaria-2023\/\"]}]},{\"@type\":\"ImageObject\",\"inLanguage\":\"es\",\"@id\":\"https:\/\/www.missoeshumanitarias.org\/es\/dia-mundial-de-asistencia-humanitaria-2023\/#primaryimage\",\"url\":\"https:\/\/www.missoeshumanitarias.org\/wp-content\/uploads\/2023\/08\/Dia_Mundial_Humanitario_FMHI_2.jpg\",\"contentUrl\":\"https:\/\/www.missoeshumanitarias.org\/wp-content\/uploads\/2023\/08\/Dia_Mundial_Humanitario_FMHI_2.jpg\",\"width\":1280,\"height\":853,\"caption\":\"Dia Mundial Humanitario\"},{\"@type\":\"BreadcrumbList\",\"@id\":\"https:\/\/www.missoeshumanitarias.org\/es\/dia-mundial-de-asistencia-humanitaria-2023\/#breadcrumb\",\"itemListElement\":[{\"@type\":\"ListItem\",\"position\":1,\"name\":\"Home\",\"item\":\"https:\/\/www.missoeshumanitarias.org\/en\/\"},{\"@type\":\"ListItem\",\"position\":2,\"name\":\"D\u00eda Mundial de Asistencia Humanitaria 2023\"}]},{\"@type\":\"WebSite\",\"@id\":\"https:\/\/www.missoeshumanitarias.org\/es\/#website\",\"url\":\"https:\/\/www.missoeshumanitarias.org\/es\/\",\"name\":\"Fraternidade Miss\u00f5es Humanit\u00e1rias Internacionais\",\"description\":\"Respostas Humanit\u00e1rias e Emerg\u00eancias\",\"publisher\":{\"@id\":\"https:\/\/www.missoeshumanitarias.org\/es\/#organization\"},\"potentialAction\":[{\"@type\":\"SearchAction\",\"target\":{\"@type\":\"EntryPoint\",\"urlTemplate\":\"https:\/\/www.missoeshumanitarias.org\/es\/?s={search_term_string}\"},\"query-input\":\"required name=search_term_string\"}],\"inLanguage\":\"es\"},{\"@type\":\"Organization\",\"@id\":\"https:\/\/www.missoeshumanitarias.org\/es\/#organization\",\"name\":\"Fraternidade - Miss\u00f5es Humanit\u00e1rias Internacionais\",\"url\":\"https:\/\/www.missoeshumanitarias.org\/es\/\",\"logo\":{\"@type\":\"ImageObject\",\"inLanguage\":\"es\",\"@id\":\"https:\/\/www.missoeshumanitarias.org\/es\/#\/schema\/logo\/image\/\",\"url\":\"https:\/\/www.missoeshumanitarias.org\/wp-content\/uploads\/2020\/05\/logo-FMHI-mg.png\",\"contentUrl\":\"https:\/\/www.missoeshumanitarias.org\/wp-content\/uploads\/2020\/05\/logo-FMHI-mg.png\",\"width\":520,\"height\":134,\"caption\":\"Fraternidade - Miss\u00f5es Humanit\u00e1rias Internacionais\"},\"image\":{\"@id\":\"https:\/\/www.missoeshumanitarias.org\/es\/#\/schema\/logo\/image\/\"}},{\"@type\":\"Person\",\"@id\":\"https:\/\/www.missoeshumanitarias.org\/es\/#\/schema\/person\/7030103646ac86851022f2f911303335\",\"name\":\"Pedro Duca\",\"image\":{\"@type\":\"ImageObject\",\"inLanguage\":\"es\",\"@id\":\"https:\/\/www.missoeshumanitarias.org\/es\/#\/schema\/person\/image\/\",\"url\":\"https:\/\/secure.gravatar.com\/avatar\/8f37b65fd0a898e39eb8356b57364c8a49e2a0098368f80d560bd4d2ddc12c2e?s=96&d=mm&r=g\",\"contentUrl\":\"https:\/\/secure.gravatar.com\/avatar\/8f37b65fd0a898e39eb8356b57364c8a49e2a0098368f80d560bd4d2ddc12c2e?s=96&d=mm&r=g\",\"caption\":\"Pedro Duca\"}}]}<\/script>\n<!-- \/ Yoast SEO Premium plugin. -->","yoast_head_json":{"title":"D\u00eda Mundial de Asistencia Humanitaria 2023 - Fraternidade Miss\u00f5es Humanit\u00e1rias Internacionais","robots":{"index":"index","follow":"follow","max-snippet":"max-snippet:-1","max-image-preview":"max-image-preview:large","max-video-preview":"max-video-preview:-1"},"canonical":"https:\/\/www.missoeshumanitarias.org\/es\/dia-mundial-de-asistencia-humanitaria-2023\/","og_locale":"es_ES","og_type":"article","og_title":"D\u00eda Mundial de Asistencia Humanitaria 2023","og_description":"Creado para honrar a las personas que dedican su vida a servir a los otros y a defender causas humanitarias, el D\u00eda Mundial de Asistencia Humanitaria, que se celebra el 19 de agosto, fue establecido por la Asamblea General de las Naciones Unidas en 2008. Grandes son los retos a los que se enfrentan cada [&hellip;]","og_url":"https:\/\/www.missoeshumanitarias.org\/es\/dia-mundial-de-asistencia-humanitaria-2023\/","og_site_name":"Fraternidade Miss\u00f5es Humanit\u00e1rias Internacionais","article_published_time":"2023-08-18T14:46:42+00:00","article_modified_time":"2023-09-04T17:25:37+00:00","og_image":[{"width":1280,"height":853,"url":"https:\/\/www.missoeshumanitarias.org\/wp-content\/uploads\/2023\/08\/Dia_Mundial_Humanitario_FMHI_2.jpg","type":"image\/jpeg"}],"author":"Pedro Duca","twitter_card":"summary_large_image","twitter_misc":{"Escrito por":"Pedro Duca","Tiempo de lectura":"7 minutos"},"schema":{"@context":"https:\/\/schema.org","@graph":[{"@type":"Article","@id":"https:\/\/www.missoeshumanitarias.org\/es\/dia-mundial-de-asistencia-humanitaria-2023\/#article","isPartOf":{"@id":"https:\/\/www.missoeshumanitarias.org\/es\/dia-mundial-de-asistencia-humanitaria-2023\/"},"author":{"name":"Pedro Duca","@id":"https:\/\/www.missoeshumanitarias.org\/es\/#\/schema\/person\/7030103646ac86851022f2f911303335"},"headline":"D\u00eda Mundial de Asistencia Humanitaria 2023","datePublished":"2023-08-18T14:46:42+00:00","dateModified":"2023-09-04T17:25:37+00:00","mainEntityOfPage":{"@id":"https:\/\/www.missoeshumanitarias.org\/es\/dia-mundial-de-asistencia-humanitaria-2023\/"},"wordCount":1138,"publisher":{"@id":"https:\/\/www.missoeshumanitarias.org\/es\/#organization"},"image":{"@id":"https:\/\/www.missoeshumanitarias.org\/es\/dia-mundial-de-asistencia-humanitaria-2023\/#primaryimage"},"thumbnailUrl":"https:\/\/www.missoeshumanitarias.org\/wp-content\/uploads\/2023\/08\/Dia_Mundial_Humanitario_FMHI_2.jpg","articleSection":["Noticias"],"inLanguage":"es"},{"@type":"WebPage","@id":"https:\/\/www.missoeshumanitarias.org\/es\/dia-mundial-de-asistencia-humanitaria-2023\/","url":"https:\/\/www.missoeshumanitarias.org\/es\/dia-mundial-de-asistencia-humanitaria-2023\/","name":"D\u00eda Mundial de Asistencia Humanitaria 2023 - Fraternidade Miss\u00f5es Humanit\u00e1rias Internacionais","isPartOf":{"@id":"https:\/\/www.missoeshumanitarias.org\/es\/#website"},"primaryImageOfPage":{"@id":"https:\/\/www.missoeshumanitarias.org\/es\/dia-mundial-de-asistencia-humanitaria-2023\/#primaryimage"},"image":{"@id":"https:\/\/www.missoeshumanitarias.org\/es\/dia-mundial-de-asistencia-humanitaria-2023\/#primaryimage"},"thumbnailUrl":"https:\/\/www.missoeshumanitarias.org\/wp-content\/uploads\/2023\/08\/Dia_Mundial_Humanitario_FMHI_2.jpg","datePublished":"2023-08-18T14:46:42+00:00","dateModified":"2023-09-04T17:25:37+00:00","breadcrumb":{"@id":"https:\/\/www.missoeshumanitarias.org\/es\/dia-mundial-de-asistencia-humanitaria-2023\/#breadcrumb"},"inLanguage":"es","potentialAction":[{"@type":"ReadAction","target":["https:\/\/www.missoeshumanitarias.org\/es\/dia-mundial-de-asistencia-humanitaria-2023\/"]}]},{"@type":"ImageObject","inLanguage":"es","@id":"https:\/\/www.missoeshumanitarias.org\/es\/dia-mundial-de-asistencia-humanitaria-2023\/#primaryimage","url":"https:\/\/www.missoeshumanitarias.org\/wp-content\/uploads\/2023\/08\/Dia_Mundial_Humanitario_FMHI_2.jpg","contentUrl":"https:\/\/www.missoeshumanitarias.org\/wp-content\/uploads\/2023\/08\/Dia_Mundial_Humanitario_FMHI_2.jpg","width":1280,"height":853,"caption":"Dia Mundial Humanitario"},{"@type":"BreadcrumbList","@id":"https:\/\/www.missoeshumanitarias.org\/es\/dia-mundial-de-asistencia-humanitaria-2023\/#breadcrumb","itemListElement":[{"@type":"ListItem","position":1,"name":"Home","item":"https:\/\/www.missoeshumanitarias.org\/en\/"},{"@type":"ListItem","position":2,"name":"D\u00eda Mundial de Asistencia Humanitaria 2023"}]},{"@type":"WebSite","@id":"https:\/\/www.missoeshumanitarias.org\/es\/#website","url":"https:\/\/www.missoeshumanitarias.org\/es\/","name":"Fraternidade Miss\u00f5es Humanit\u00e1rias Internacionais","description":"Respostas Humanit\u00e1rias e Emerg\u00eancias","publisher":{"@id":"https:\/\/www.missoeshumanitarias.org\/es\/#organization"},"potentialAction":[{"@type":"SearchAction","target":{"@type":"EntryPoint","urlTemplate":"https:\/\/www.missoeshumanitarias.org\/es\/?s={search_term_string}"},"query-input":"required name=search_term_string"}],"inLanguage":"es"},{"@type":"Organization","@id":"https:\/\/www.missoeshumanitarias.org\/es\/#organization","name":"Fraternidade - Miss\u00f5es Humanit\u00e1rias Internacionais","url":"https:\/\/www.missoeshumanitarias.org\/es\/","logo":{"@type":"ImageObject","inLanguage":"es","@id":"https:\/\/www.missoeshumanitarias.org\/es\/#\/schema\/logo\/image\/","url":"https:\/\/www.missoeshumanitarias.org\/wp-content\/uploads\/2020\/05\/logo-FMHI-mg.png","contentUrl":"https:\/\/www.missoeshumanitarias.org\/wp-content\/uploads\/2020\/05\/logo-FMHI-mg.png","width":520,"height":134,"caption":"Fraternidade - Miss\u00f5es Humanit\u00e1rias Internacionais"},"image":{"@id":"https:\/\/www.missoeshumanitarias.org\/es\/#\/schema\/logo\/image\/"}},{"@type":"Person","@id":"https:\/\/www.missoeshumanitarias.org\/es\/#\/schema\/person\/7030103646ac86851022f2f911303335","name":"Pedro Duca","image":{"@type":"ImageObject","inLanguage":"es","@id":"https:\/\/www.missoeshumanitarias.org\/es\/#\/schema\/person\/image\/","url":"https:\/\/secure.gravatar.com\/avatar\/8f37b65fd0a898e39eb8356b57364c8a49e2a0098368f80d560bd4d2ddc12c2e?s=96&d=mm&r=g","contentUrl":"https:\/\/secure.gravatar.com\/avatar\/8f37b65fd0a898e39eb8356b57364c8a49e2a0098368f80d560bd4d2ddc12c2e?s=96&d=mm&r=g","caption":"Pedro Duca"}}]}},"_links":{"self":[{"href":"https:\/\/www.missoeshumanitarias.org\/es\/wp-json\/wp\/v2\/posts\/151734","targetHints":{"allow":["GET"]}}],"collection":[{"href":"https:\/\/www.missoeshumanitarias.org\/es\/wp-json\/wp\/v2\/posts"}],"about":[{"href":"https:\/\/www.missoeshumanitarias.org\/es\/wp-json\/wp\/v2\/types\/post"}],"author":[{"embeddable":true,"href":"https:\/\/www.missoeshumanitarias.org\/es\/wp-json\/wp\/v2\/users\/11"}],"replies":[{"embeddable":true,"href":"https:\/\/www.missoeshumanitarias.org\/es\/wp-json\/wp\/v2\/comments?post=151734"}],"version-history":[{"count":1,"href":"https:\/\/www.missoeshumanitarias.org\/es\/wp-json\/wp\/v2\/posts\/151734\/revisions"}],"predecessor-version":[{"id":151737,"href":"https:\/\/www.missoeshumanitarias.org\/es\/wp-json\/wp\/v2\/posts\/151734\/revisions\/151737"}],"wp:featuredmedia":[{"embeddable":true,"href":"https:\/\/www.missoeshumanitarias.org\/es\/wp-json\/wp\/v2\/media\/151668"}],"wp:attachment":[{"href":"https:\/\/www.missoeshumanitarias.org\/es\/wp-json\/wp\/v2\/media?parent=151734"}],"wp:term":[{"taxonomy":"category","embeddable":true,"href":"https:\/\/www.missoeshumanitarias.org\/es\/wp-json\/wp\/v2\/categories?post=151734"},{"taxonomy":"post_tag","embeddable":true,"href":"https:\/\/www.missoeshumanitarias.org\/es\/wp-json\/wp\/v2\/tags?post=151734"}],"curies":[{"name":"wp","href":"https:\/\/api.w.org\/{rel}","templated":true}]}}