{"id":151932,"date":"2023-09-29T10:25:48","date_gmt":"2023-09-29T13:25:48","guid":{"rendered":"https:\/\/www.missoeshumanitarias.org\/?p=151932"},"modified":"2023-10-14T12:22:19","modified_gmt":"2023-10-14T15:22:19","slug":"dia-internacional-de-la-toma-de-consciencia-sobre-la-perdida-y-el-desperdicio-de-alimentos","status":"publish","type":"post","link":"https:\/\/www.missoeshumanitarias.org\/es\/dia-internacional-de-la-toma-de-consciencia-sobre-la-perdida-y-el-desperdicio-de-alimentos\/","title":{"rendered":"D\u00eda Internacional de\u00a0 la toma de Consciencia sobre la P\u00e9rdida y el Desperdicio de Alimentos"},"content":{"rendered":"\n<p>El 29 de septiembre se celebra el D\u00eda Internacional de la toma de Consciencia sobre la P\u00e9rdida y el Desperdicio de Alimentos, una fecha creada por Naciones Unidas con el objetivo de crear consciencia en toda la sociedad sobre la importancia de este problema y avanzar en la consecuci\u00f3n del Objetivo de Desarrollo Sostenible (ODS) 12, y para garantizar modalidades justas y sostenibles de consumo y producci\u00f3n de alimentos.<\/p>\n\n\n\n<p>El \u00cdndice de Desperdicio de Alimentos, realizado por el Programa de las Naciones Unidas para el Medio Ambiente (PNUMA), estima que 931 millones de toneladas de alimentos en todo el mundo, es decir, el 17% del total de alimentos a disposici\u00f3n de los consumidores, se desperdiciaron en los hogares (61% del total), restaurantes y otros servicios alimentarios (26%) y minoristas como supermercados (13%).<\/p>\n\n\n\n<p>Una paradoja alarmante en un mundo en el que, seg\u00fan el informe de la ONU -El estado de la Seguridad Alimentaria y la Nutrici\u00f3n en el Mundo (SOFI), lanzado en julio de 2023-, 735 millones de personas pasan hambre o sufren niveles preocupantes de inseguridad alimentaria.<\/p>\n\n\n\n<p>En Brasil, un estudio de la Red Brasilera de Investigaci\u00f3n sobre Soberan\u00eda y Seguridad Alimentaria y Nutricional (Rede Penssan) revel\u00f3 que m\u00e1s de 125 millones de brasileros no hacen tres comidas al d\u00eda y 33 millones pasan hambre, mientras que cada a\u00f1o se desperdician m\u00e1s de 27 millones de toneladas de alimentos.<\/p>\n\n\n\n<figure class=\"wp-block-image size-full\"><img fetchpriority=\"high\" decoding=\"async\" width=\"1024\" height=\"682\" src=\"https:\/\/www.missoeshumanitarias.org\/wp-content\/uploads\/2023\/09\/Combate_Desperdicio_Alimentos_FMHI_5.jpg\" alt=\"\" class=\"wp-image-151859\" srcset=\"https:\/\/www.missoeshumanitarias.org\/wp-content\/uploads\/2023\/09\/Combate_Desperdicio_Alimentos_FMHI_5.jpg 1024w, https:\/\/www.missoeshumanitarias.org\/wp-content\/uploads\/2023\/09\/Combate_Desperdicio_Alimentos_FMHI_5-300x200.jpg 300w, https:\/\/www.missoeshumanitarias.org\/wp-content\/uploads\/2023\/09\/Combate_Desperdicio_Alimentos_FMHI_5-768x512.jpg 768w\" sizes=\"(max-width: 1024px) 100vw, 1024px\" \/><\/figure>\n\n\n\n<p>La&nbsp;<a href=\"https:\/\/www.missoeshumanitarias.org\/es\/quienes-somos\/\">Fraternidad &#8211; Misiones Humanitarias Internacionales (FMHI)<\/a>&nbsp;desarrolla diversas iniciativas y acciones para mitigar el impacto de la inseguridad alimentaria en los grupos a los que asiste en&nbsp;<a href=\"https:\/\/www.missoeshumanitarias.org\/es\/mision-angola\/\">Angola<\/a>,&nbsp;<a href=\"https:\/\/www.missoeshumanitarias.org\/es\/mision-roraima\/\">Brasil<\/a>&nbsp;y&nbsp;<a href=\"https:\/\/www.missoeshumanitarias.org\/es\/?s=portugal\">Portugal<\/a>.<\/p>\n\n\n\n<p>Desde su fundaci\u00f3n, promueve un ideal de alimentaci\u00f3n basado en la simplicidad, en la adaptabilidad a lo que se produce en cada lugar y en la salud integral, con iniciativas impregnadas de pr\u00e1cticas sostenibles y de interacci\u00f3n con la naturaleza.<\/p>\n\n\n\n<p>A lo largo de sus a\u00f1os de funcionamiento, ha estudiado e implementado pr\u00e1cticas de autosostenibilidad dirigidas a mejorar los procedimientos necesarios para generar productos que satisfagan las necesidades de las poblaciones m\u00e1s vulnerables, as\u00ed como el cultivo de hortalizas adaptables a diferentes contextos de crisis sociales y humanitarias.<\/p>\n\n\n\n<p>Este tipo de actividad se enmarca dentro de las acciones que tratan directamente con la Seguridad Alimentaria, concretamente con la Norma 3, tal y como se contempla en las Normas Humanitarias Esfera.<\/p>\n\n\n\n<h3 class=\"wp-block-heading has-text-align-center\" id=\"h-captacion-de-excedentes-de-produccion-hortofruticola\">Captaci\u00f3n de excedentes de producci\u00f3n hortofrut\u00edcola<\/h3>\n\n\n\n<figure class=\"wp-block-image size-full\"><img decoding=\"async\" width=\"1000\" height=\"750\" src=\"https:\/\/www.missoeshumanitarias.org\/wp-content\/uploads\/2023\/09\/Combate_Desperdicio_Alimentos_FMHI_2.jpg\" alt=\"\" class=\"wp-image-151862\" srcset=\"https:\/\/www.missoeshumanitarias.org\/wp-content\/uploads\/2023\/09\/Combate_Desperdicio_Alimentos_FMHI_2.jpg 1000w, https:\/\/www.missoeshumanitarias.org\/wp-content\/uploads\/2023\/09\/Combate_Desperdicio_Alimentos_FMHI_2-300x225.jpg 300w, https:\/\/www.missoeshumanitarias.org\/wp-content\/uploads\/2023\/09\/Combate_Desperdicio_Alimentos_FMHI_2-768x576.jpg 768w\" sizes=\"(max-width: 1000px) 100vw, 1000px\" \/><\/figure>\n\n\n\n<p>Servidores humanitarios de la&nbsp;<a href=\"https:\/\/www.missoeshumanitarias.org\/es\/quienes-somos\/\">Fraternidad &#8211; Misiones Humanitarias (FMHI)<\/a>&nbsp;llevan a cabo acciones en Portugal en el \u00e1mbito del&nbsp;<a href=\"https:\/\/www.missoeshumanitarias.org\/es\/nosotros-y-la-alimentacion\/\">Proyecto de Alimentaci\u00f3n y Seguridad Alimentaria,<\/a>&nbsp;en las que ampl\u00edan la red de contacto con los productores, captando excedentes de producci\u00f3n que la mayor\u00eda de las veces se desperdiciar\u00edan. El desperdicio de alimentos suele deberse a la sobreproducci\u00f3n de frutas y otras hortalizas que, al no comercializarse o eliminarse de otra forma, se pierden en las plantaciones.<\/p>\n\n\n\n<p>Las donaciones se transforman en productos como jaleas y productos deshidratados, que contribuyen tanto a la autosostenibilidad de la Misi\u00f3n Europa como para elaborar modelos de distribuci\u00f3n para las misiones humanitarias de la&nbsp;<a href=\"https:\/\/www.missoeshumanitarias.org\/es\/quienes-somos\/\">Fraternidad &#8211; Misiones Humanitarias (FMHI)<\/a>&nbsp;en otras regiones del mundo.<\/p>\n\n\n\n<h3 class=\"wp-block-heading has-text-align-center\" id=\"h-harina-multimezcla\">Harina Multimezcla<\/h3>\n\n\n\n<figure class=\"wp-block-gallery has-nested-images columns-default is-cropped wp-block-gallery-1 is-layout-flex wp-block-gallery-is-layout-flex\">\n<figure class=\"wp-block-image size-large\"><img decoding=\"async\" width=\"1024\" height=\"768\" data-id=\"151868\" src=\"https:\/\/www.missoeshumanitarias.org\/wp-content\/uploads\/2023\/09\/Combate_Desperdicio_Alimentos_FMHI_4-1024x768.jpg\" alt=\"\" class=\"wp-image-151868\" srcset=\"https:\/\/www.missoeshumanitarias.org\/wp-content\/uploads\/2023\/09\/Combate_Desperdicio_Alimentos_FMHI_4-1024x768.jpg 1024w, https:\/\/www.missoeshumanitarias.org\/wp-content\/uploads\/2023\/09\/Combate_Desperdicio_Alimentos_FMHI_4-300x225.jpg 300w, https:\/\/www.missoeshumanitarias.org\/wp-content\/uploads\/2023\/09\/Combate_Desperdicio_Alimentos_FMHI_4-768x576.jpg 768w, https:\/\/www.missoeshumanitarias.org\/wp-content\/uploads\/2023\/09\/Combate_Desperdicio_Alimentos_FMHI_4-1536x1152.jpg 1536w, https:\/\/www.missoeshumanitarias.org\/wp-content\/uploads\/2023\/09\/Combate_Desperdicio_Alimentos_FMHI_4-2048x1536.jpg 2048w\" sizes=\"(max-width: 1024px) 100vw, 1024px\" \/><\/figure>\n\n\n\n<figure class=\"wp-block-image size-large\"><img loading=\"lazy\" decoding=\"async\" width=\"1024\" height=\"633\" data-id=\"151865\" src=\"https:\/\/www.missoeshumanitarias.org\/wp-content\/uploads\/2023\/09\/Combate_Desperdicio_Alimentos_FMHI_1.jpg\" alt=\"\" class=\"wp-image-151865\" srcset=\"https:\/\/www.missoeshumanitarias.org\/wp-content\/uploads\/2023\/09\/Combate_Desperdicio_Alimentos_FMHI_1.jpg 1024w, https:\/\/www.missoeshumanitarias.org\/wp-content\/uploads\/2023\/09\/Combate_Desperdicio_Alimentos_FMHI_1-300x185.jpg 300w, https:\/\/www.missoeshumanitarias.org\/wp-content\/uploads\/2023\/09\/Combate_Desperdicio_Alimentos_FMHI_1-768x475.jpg 768w\" sizes=\"(max-width: 1024px) 100vw, 1024px\" \/><\/figure>\n<\/figure>\n\n\n\n<p>La harina Multimezcla es un complemento alimenticio para ni\u00f1os, j\u00f3venes y ancianos en situaci\u00f3n de vulnerabilidad, con aprovechamiento integral de los alimentos disponibles en la regi\u00f3n.<\/p>\n\n\n\n<p>La harina multimezcla enriquece la dieta habitual con diversos minerales, vitaminas y fibras y est\u00e1 compuesta por salvado tostado (arroz, trigo y ma\u00edz), polvo de hojas verde oscuro (mandioca, calabaza, batata o moringa) y semillas trituradas (s\u00e9samo, calabaza, sand\u00eda, girasol o man\u00ed).<\/p>\n\n\n\n<p>Este complemento alimenticio es una herramienta preciosa en estos tiempos en los que el hambre y la malnutrici\u00f3n son responsables en gran medida de la muerte y la mala salud de una gran parte de la poblaci\u00f3n de nuestro planeta, como consecuencia de la pobreza, de la desigualdad social, de los conflictos armados y de las crisis clim\u00e1ticas.<\/p>\n\n\n\n<h3 class=\"wp-block-heading has-text-align-center\" id=\"h-deshidratacion-de-alimentos\">Deshidrataci\u00f3n de alimentos<\/h3>\n\n\n\n<figure class=\"wp-block-image size-large\"><img loading=\"lazy\" decoding=\"async\" width=\"1024\" height=\"684\" src=\"https:\/\/www.missoeshumanitarias.org\/wp-content\/uploads\/2023\/09\/Combate_Desperdicio_Alimentos_FMHI_3-1024x684.jpg\" alt=\"\" class=\"wp-image-151871\" srcset=\"https:\/\/www.missoeshumanitarias.org\/wp-content\/uploads\/2023\/09\/Combate_Desperdicio_Alimentos_FMHI_3-1024x684.jpg 1024w, https:\/\/www.missoeshumanitarias.org\/wp-content\/uploads\/2023\/09\/Combate_Desperdicio_Alimentos_FMHI_3-300x200.jpg 300w, https:\/\/www.missoeshumanitarias.org\/wp-content\/uploads\/2023\/09\/Combate_Desperdicio_Alimentos_FMHI_3-768x513.jpg 768w, https:\/\/www.missoeshumanitarias.org\/wp-content\/uploads\/2023\/09\/Combate_Desperdicio_Alimentos_FMHI_3-1536x1026.jpg 1536w, https:\/\/www.missoeshumanitarias.org\/wp-content\/uploads\/2023\/09\/Combate_Desperdicio_Alimentos_FMHI_3-2048x1368.jpg 2048w\" sizes=\"(max-width: 1024px) 100vw, 1024px\" \/><\/figure>\n\n\n\n<p>La deshidrataci\u00f3n de alimentos es una valiosa forma de conservar frutas y verduras, aprovechando los recursos estacionales de la naturaleza y haciendo que duren m\u00e1s tiempo. Consiste en eliminar gran parte del agua de los vegetales, concentrando sus calor\u00edas nutricionales, beneficios y propiedades f\u00edsicas, como el color y el sabor, lo que garantiza una mayor conservaci\u00f3n de sus nutrientes, minerales y vitaminas.<\/p>\n\n\n\n<p>La Madre Teresa, sierva de la&nbsp;<a href=\"https:\/\/www.missoeshumanitarias.org\/es\/quienes-somos\/\">Fraternidad &#8211; Misiones Humanitarias (FMHI),<\/a>&nbsp;destaca la importancia de conocer la t\u00e9cnica de la deshidrataci\u00f3n de alimentos \u00aben una sociedad en la que el desperdicio de alimentos es un reto a superar\u00bb.<\/p>\n\n\n\n<h3 class=\"wp-block-heading has-text-align-center\" id=\"h-llamamiento-a-la-accion\">Llamamiento a la acci\u00f3n<\/h3>\n\n\n\n<p>Hoy es una oportunidad para reflexionar sobre los mecanismos para evitar la p\u00e9rdida y el desperdicio de alimentos en todo el mundo. Es un llamamiento a los sectores p\u00fablico y privado, a la ciencia y a las personas para que desarrollen acciones de consumo y eliminaci\u00f3n de alimentos m\u00e1s justas, colaborativas y sostenibles.<\/p>\n\n\n\n<p>Acceda a m\u00e1s informaci\u00f3n sobre las actividades realizadas por la Fraternidad &#8211; Misiones Humanitarias (FMHI) en el \u00e1mbito de la Seguridad Alimentaria y Nutricional:<\/p>\n\n\n\n<p><a href=\"https:\/\/www.missoeshumanitarias.org\/es\/nosotros-y-la-alimentacion\/\">Nosotros y la Alimentaci\u00f3n<\/a><\/p>\n\n\n\n<p><a href=\"https:\/\/www.missoeshumanitarias.org\/es\/nosotros-y-la-alimentacion\/\">Seguridad Alimentaria<\/a><\/p>\n\n\n\n<p><a href=\"https:\/\/www.missoeshumanitarias.org\/es\/nosotros-y-la-alimentacion\/\">Multimezcla<\/a><\/p>\n","protected":false},"excerpt":{"rendered":"<p>El 29 de septiembre se celebra el D\u00eda Internacional de la toma de Consciencia sobre la P\u00e9rdida y el Desperdicio de Alimentos, una fecha creada por Naciones Unidas con el objetivo de crear consciencia en toda la sociedad sobre la importancia de este problema y avanzar en la consecuci\u00f3n del Objetivo de Desarrollo Sostenible (ODS) [&hellip;]<\/p>\n","protected":false},"author":11,"featured_media":151868,"comment_status":"closed","ping_status":"closed","sticky":false,"template":"","format":"standard","meta":{"footnotes":""},"categories":[43],"tags":[],"class_list":["post-151932","post","type-post","status-publish","format-standard","has-post-thumbnail","hentry","category-noticias-es"],"featured_image_src":"https:\/\/www.missoeshumanitarias.org\/wp-content\/uploads\/2023\/09\/Combate_Desperdicio_Alimentos_FMHI_4-scaled.jpg","author_info":{"display_name":"Pedro Duca","author_link":"https:\/\/www.missoeshumanitarias.org\/es\/author\/pedro_admin\/"},"yoast_head":"<!-- This site is optimized with the Yoast SEO Premium plugin v22.5 (Yoast SEO v22.5) - https:\/\/yoast.com\/wordpress\/plugins\/seo\/ -->\n<title>D\u00eda Internacional de\u00a0 la toma de Consciencia sobre la P\u00e9rdida y el Desperdicio de Alimentos - Fraternidade Miss\u00f5es Humanit\u00e1rias Internacionais<\/title>\n<meta name=\"robots\" content=\"index, follow, max-snippet:-1, max-image-preview:large, max-video-preview:-1\" \/>\n<link rel=\"canonical\" href=\"https:\/\/www.missoeshumanitarias.org\/es\/dia-internacional-de-la-toma-de-consciencia-sobre-la-perdida-y-el-desperdicio-de-alimentos\/\" \/>\n<meta property=\"og:locale\" content=\"es_ES\" \/>\n<meta property=\"og:type\" content=\"article\" \/>\n<meta property=\"og:title\" content=\"D\u00eda Internacional de\u00a0 la toma de Consciencia sobre la P\u00e9rdida y el Desperdicio de Alimentos\" \/>\n<meta property=\"og:description\" content=\"El 29 de septiembre se celebra el D\u00eda Internacional de la toma de Consciencia sobre la P\u00e9rdida y el Desperdicio de Alimentos, una fecha creada por Naciones Unidas con el objetivo de crear consciencia en toda la sociedad sobre la importancia de este problema y avanzar en la consecuci\u00f3n del Objetivo de Desarrollo Sostenible (ODS) [&hellip;]\" \/>\n<meta property=\"og:url\" content=\"https:\/\/www.missoeshumanitarias.org\/es\/dia-internacional-de-la-toma-de-consciencia-sobre-la-perdida-y-el-desperdicio-de-alimentos\/\" \/>\n<meta property=\"og:site_name\" content=\"Fraternidade Miss\u00f5es Humanit\u00e1rias Internacionais\" \/>\n<meta property=\"article:published_time\" content=\"2023-09-29T13:25:48+00:00\" \/>\n<meta property=\"article:modified_time\" content=\"2023-10-14T15:22:19+00:00\" \/>\n<meta property=\"og:image\" content=\"https:\/\/www.missoeshumanitarias.org\/wp-content\/uploads\/2023\/09\/Combate_Desperdicio_Alimentos_FMHI_4-scaled.jpg\" \/>\n\t<meta property=\"og:image:width\" content=\"2560\" \/>\n\t<meta property=\"og:image:height\" content=\"1920\" \/>\n\t<meta property=\"og:image:type\" content=\"image\/jpeg\" \/>\n<meta name=\"author\" content=\"Pedro Duca\" \/>\n<meta name=\"twitter:card\" content=\"summary_large_image\" \/>\n<meta name=\"twitter:label1\" content=\"Escrito por\" \/>\n\t<meta name=\"twitter:data1\" content=\"Pedro Duca\" \/>\n\t<meta name=\"twitter:label2\" content=\"Tiempo de lectura\" \/>\n\t<meta name=\"twitter:data2\" content=\"6 minutos\" \/>\n<script type=\"application\/ld+json\" class=\"yoast-schema-graph\">{\"@context\":\"https:\/\/schema.org\",\"@graph\":[{\"@type\":\"Article\",\"@id\":\"https:\/\/www.missoeshumanitarias.org\/es\/dia-internacional-de-la-toma-de-consciencia-sobre-la-perdida-y-el-desperdicio-de-alimentos\/#article\",\"isPartOf\":{\"@id\":\"https:\/\/www.missoeshumanitarias.org\/es\/dia-internacional-de-la-toma-de-consciencia-sobre-la-perdida-y-el-desperdicio-de-alimentos\/\"},\"author\":{\"name\":\"Pedro Duca\",\"@id\":\"https:\/\/www.missoeshumanitarias.org\/es\/#\/schema\/person\/7030103646ac86851022f2f911303335\"},\"headline\":\"D\u00eda Internacional de\u00a0 la toma de Consciencia sobre la P\u00e9rdida y el Desperdicio de Alimentos\",\"datePublished\":\"2023-09-29T13:25:48+00:00\",\"dateModified\":\"2023-10-14T15:22:19+00:00\",\"mainEntityOfPage\":{\"@id\":\"https:\/\/www.missoeshumanitarias.org\/es\/dia-internacional-de-la-toma-de-consciencia-sobre-la-perdida-y-el-desperdicio-de-alimentos\/\"},\"wordCount\":902,\"publisher\":{\"@id\":\"https:\/\/www.missoeshumanitarias.org\/es\/#organization\"},\"image\":{\"@id\":\"https:\/\/www.missoeshumanitarias.org\/es\/dia-internacional-de-la-toma-de-consciencia-sobre-la-perdida-y-el-desperdicio-de-alimentos\/#primaryimage\"},\"thumbnailUrl\":\"https:\/\/www.missoeshumanitarias.org\/wp-content\/uploads\/2023\/09\/Combate_Desperdicio_Alimentos_FMHI_4-scaled.jpg\",\"articleSection\":[\"Noticias\"],\"inLanguage\":\"es\"},{\"@type\":\"WebPage\",\"@id\":\"https:\/\/www.missoeshumanitarias.org\/es\/dia-internacional-de-la-toma-de-consciencia-sobre-la-perdida-y-el-desperdicio-de-alimentos\/\",\"url\":\"https:\/\/www.missoeshumanitarias.org\/es\/dia-internacional-de-la-toma-de-consciencia-sobre-la-perdida-y-el-desperdicio-de-alimentos\/\",\"name\":\"D\u00eda Internacional de\u00a0 la toma de Consciencia sobre la P\u00e9rdida y el Desperdicio de Alimentos - Fraternidade Miss\u00f5es Humanit\u00e1rias Internacionais\",\"isPartOf\":{\"@id\":\"https:\/\/www.missoeshumanitarias.org\/es\/#website\"},\"primaryImageOfPage\":{\"@id\":\"https:\/\/www.missoeshumanitarias.org\/es\/dia-internacional-de-la-toma-de-consciencia-sobre-la-perdida-y-el-desperdicio-de-alimentos\/#primaryimage\"},\"image\":{\"@id\":\"https:\/\/www.missoeshumanitarias.org\/es\/dia-internacional-de-la-toma-de-consciencia-sobre-la-perdida-y-el-desperdicio-de-alimentos\/#primaryimage\"},\"thumbnailUrl\":\"https:\/\/www.missoeshumanitarias.org\/wp-content\/uploads\/2023\/09\/Combate_Desperdicio_Alimentos_FMHI_4-scaled.jpg\",\"datePublished\":\"2023-09-29T13:25:48+00:00\",\"dateModified\":\"2023-10-14T15:22:19+00:00\",\"breadcrumb\":{\"@id\":\"https:\/\/www.missoeshumanitarias.org\/es\/dia-internacional-de-la-toma-de-consciencia-sobre-la-perdida-y-el-desperdicio-de-alimentos\/#breadcrumb\"},\"inLanguage\":\"es\",\"potentialAction\":[{\"@type\":\"ReadAction\",\"target\":[\"https:\/\/www.missoeshumanitarias.org\/es\/dia-internacional-de-la-toma-de-consciencia-sobre-la-perdida-y-el-desperdicio-de-alimentos\/\"]}]},{\"@type\":\"ImageObject\",\"inLanguage\":\"es\",\"@id\":\"https:\/\/www.missoeshumanitarias.org\/es\/dia-internacional-de-la-toma-de-consciencia-sobre-la-perdida-y-el-desperdicio-de-alimentos\/#primaryimage\",\"url\":\"https:\/\/www.missoeshumanitarias.org\/wp-content\/uploads\/2023\/09\/Combate_Desperdicio_Alimentos_FMHI_4-scaled.jpg\",\"contentUrl\":\"https:\/\/www.missoeshumanitarias.org\/wp-content\/uploads\/2023\/09\/Combate_Desperdicio_Alimentos_FMHI_4-scaled.jpg\",\"width\":2560,\"height\":1920},{\"@type\":\"BreadcrumbList\",\"@id\":\"https:\/\/www.missoeshumanitarias.org\/es\/dia-internacional-de-la-toma-de-consciencia-sobre-la-perdida-y-el-desperdicio-de-alimentos\/#breadcrumb\",\"itemListElement\":[{\"@type\":\"ListItem\",\"position\":1,\"name\":\"Home\",\"item\":\"https:\/\/www.missoeshumanitarias.org\/en\/\"},{\"@type\":\"ListItem\",\"position\":2,\"name\":\"D\u00eda Internacional de\u00a0 la toma de Consciencia sobre la P\u00e9rdida y el Desperdicio de Alimentos\"}]},{\"@type\":\"WebSite\",\"@id\":\"https:\/\/www.missoeshumanitarias.org\/es\/#website\",\"url\":\"https:\/\/www.missoeshumanitarias.org\/es\/\",\"name\":\"Fraternidade Miss\u00f5es Humanit\u00e1rias Internacionais\",\"description\":\"Respostas Humanit\u00e1rias e Emerg\u00eancias\",\"publisher\":{\"@id\":\"https:\/\/www.missoeshumanitarias.org\/es\/#organization\"},\"potentialAction\":[{\"@type\":\"SearchAction\",\"target\":{\"@type\":\"EntryPoint\",\"urlTemplate\":\"https:\/\/www.missoeshumanitarias.org\/es\/?s={search_term_string}\"},\"query-input\":\"required name=search_term_string\"}],\"inLanguage\":\"es\"},{\"@type\":\"Organization\",\"@id\":\"https:\/\/www.missoeshumanitarias.org\/es\/#organization\",\"name\":\"Fraternidade - Miss\u00f5es Humanit\u00e1rias Internacionais\",\"url\":\"https:\/\/www.missoeshumanitarias.org\/es\/\",\"logo\":{\"@type\":\"ImageObject\",\"inLanguage\":\"es\",\"@id\":\"https:\/\/www.missoeshumanitarias.org\/es\/#\/schema\/logo\/image\/\",\"url\":\"https:\/\/www.missoeshumanitarias.org\/wp-content\/uploads\/2020\/05\/logo-FMHI-mg.png\",\"contentUrl\":\"https:\/\/www.missoeshumanitarias.org\/wp-content\/uploads\/2020\/05\/logo-FMHI-mg.png\",\"width\":520,\"height\":134,\"caption\":\"Fraternidade - Miss\u00f5es Humanit\u00e1rias Internacionais\"},\"image\":{\"@id\":\"https:\/\/www.missoeshumanitarias.org\/es\/#\/schema\/logo\/image\/\"}},{\"@type\":\"Person\",\"@id\":\"https:\/\/www.missoeshumanitarias.org\/es\/#\/schema\/person\/7030103646ac86851022f2f911303335\",\"name\":\"Pedro Duca\",\"image\":{\"@type\":\"ImageObject\",\"inLanguage\":\"es\",\"@id\":\"https:\/\/www.missoeshumanitarias.org\/es\/#\/schema\/person\/image\/\",\"url\":\"https:\/\/secure.gravatar.com\/avatar\/8f37b65fd0a898e39eb8356b57364c8a49e2a0098368f80d560bd4d2ddc12c2e?s=96&d=mm&r=g\",\"contentUrl\":\"https:\/\/secure.gravatar.com\/avatar\/8f37b65fd0a898e39eb8356b57364c8a49e2a0098368f80d560bd4d2ddc12c2e?s=96&d=mm&r=g\",\"caption\":\"Pedro Duca\"}}]}<\/script>\n<!-- \/ Yoast SEO Premium plugin. -->","yoast_head_json":{"title":"D\u00eda Internacional de\u00a0 la toma de Consciencia sobre la P\u00e9rdida y el Desperdicio de Alimentos - Fraternidade Miss\u00f5es Humanit\u00e1rias Internacionais","robots":{"index":"index","follow":"follow","max-snippet":"max-snippet:-1","max-image-preview":"max-image-preview:large","max-video-preview":"max-video-preview:-1"},"canonical":"https:\/\/www.missoeshumanitarias.org\/es\/dia-internacional-de-la-toma-de-consciencia-sobre-la-perdida-y-el-desperdicio-de-alimentos\/","og_locale":"es_ES","og_type":"article","og_title":"D\u00eda Internacional de\u00a0 la toma de Consciencia sobre la P\u00e9rdida y el Desperdicio de Alimentos","og_description":"El 29 de septiembre se celebra el D\u00eda Internacional de la toma de Consciencia sobre la P\u00e9rdida y el Desperdicio de Alimentos, una fecha creada por Naciones Unidas con el objetivo de crear consciencia en toda la sociedad sobre la importancia de este problema y avanzar en la consecuci\u00f3n del Objetivo de Desarrollo Sostenible (ODS) [&hellip;]","og_url":"https:\/\/www.missoeshumanitarias.org\/es\/dia-internacional-de-la-toma-de-consciencia-sobre-la-perdida-y-el-desperdicio-de-alimentos\/","og_site_name":"Fraternidade Miss\u00f5es Humanit\u00e1rias Internacionais","article_published_time":"2023-09-29T13:25:48+00:00","article_modified_time":"2023-10-14T15:22:19+00:00","og_image":[{"width":2560,"height":1920,"url":"https:\/\/www.missoeshumanitarias.org\/wp-content\/uploads\/2023\/09\/Combate_Desperdicio_Alimentos_FMHI_4-scaled.jpg","type":"image\/jpeg"}],"author":"Pedro Duca","twitter_card":"summary_large_image","twitter_misc":{"Escrito por":"Pedro Duca","Tiempo de lectura":"6 minutos"},"schema":{"@context":"https:\/\/schema.org","@graph":[{"@type":"Article","@id":"https:\/\/www.missoeshumanitarias.org\/es\/dia-internacional-de-la-toma-de-consciencia-sobre-la-perdida-y-el-desperdicio-de-alimentos\/#article","isPartOf":{"@id":"https:\/\/www.missoeshumanitarias.org\/es\/dia-internacional-de-la-toma-de-consciencia-sobre-la-perdida-y-el-desperdicio-de-alimentos\/"},"author":{"name":"Pedro Duca","@id":"https:\/\/www.missoeshumanitarias.org\/es\/#\/schema\/person\/7030103646ac86851022f2f911303335"},"headline":"D\u00eda Internacional de\u00a0 la toma de Consciencia sobre la P\u00e9rdida y el Desperdicio de Alimentos","datePublished":"2023-09-29T13:25:48+00:00","dateModified":"2023-10-14T15:22:19+00:00","mainEntityOfPage":{"@id":"https:\/\/www.missoeshumanitarias.org\/es\/dia-internacional-de-la-toma-de-consciencia-sobre-la-perdida-y-el-desperdicio-de-alimentos\/"},"wordCount":902,"publisher":{"@id":"https:\/\/www.missoeshumanitarias.org\/es\/#organization"},"image":{"@id":"https:\/\/www.missoeshumanitarias.org\/es\/dia-internacional-de-la-toma-de-consciencia-sobre-la-perdida-y-el-desperdicio-de-alimentos\/#primaryimage"},"thumbnailUrl":"https:\/\/www.missoeshumanitarias.org\/wp-content\/uploads\/2023\/09\/Combate_Desperdicio_Alimentos_FMHI_4-scaled.jpg","articleSection":["Noticias"],"inLanguage":"es"},{"@type":"WebPage","@id":"https:\/\/www.missoeshumanitarias.org\/es\/dia-internacional-de-la-toma-de-consciencia-sobre-la-perdida-y-el-desperdicio-de-alimentos\/","url":"https:\/\/www.missoeshumanitarias.org\/es\/dia-internacional-de-la-toma-de-consciencia-sobre-la-perdida-y-el-desperdicio-de-alimentos\/","name":"D\u00eda Internacional de\u00a0 la toma de Consciencia sobre la P\u00e9rdida y el Desperdicio de Alimentos - Fraternidade Miss\u00f5es Humanit\u00e1rias Internacionais","isPartOf":{"@id":"https:\/\/www.missoeshumanitarias.org\/es\/#website"},"primaryImageOfPage":{"@id":"https:\/\/www.missoeshumanitarias.org\/es\/dia-internacional-de-la-toma-de-consciencia-sobre-la-perdida-y-el-desperdicio-de-alimentos\/#primaryimage"},"image":{"@id":"https:\/\/www.missoeshumanitarias.org\/es\/dia-internacional-de-la-toma-de-consciencia-sobre-la-perdida-y-el-desperdicio-de-alimentos\/#primaryimage"},"thumbnailUrl":"https:\/\/www.missoeshumanitarias.org\/wp-content\/uploads\/2023\/09\/Combate_Desperdicio_Alimentos_FMHI_4-scaled.jpg","datePublished":"2023-09-29T13:25:48+00:00","dateModified":"2023-10-14T15:22:19+00:00","breadcrumb":{"@id":"https:\/\/www.missoeshumanitarias.org\/es\/dia-internacional-de-la-toma-de-consciencia-sobre-la-perdida-y-el-desperdicio-de-alimentos\/#breadcrumb"},"inLanguage":"es","potentialAction":[{"@type":"ReadAction","target":["https:\/\/www.missoeshumanitarias.org\/es\/dia-internacional-de-la-toma-de-consciencia-sobre-la-perdida-y-el-desperdicio-de-alimentos\/"]}]},{"@type":"ImageObject","inLanguage":"es","@id":"https:\/\/www.missoeshumanitarias.org\/es\/dia-internacional-de-la-toma-de-consciencia-sobre-la-perdida-y-el-desperdicio-de-alimentos\/#primaryimage","url":"https:\/\/www.missoeshumanitarias.org\/wp-content\/uploads\/2023\/09\/Combate_Desperdicio_Alimentos_FMHI_4-scaled.jpg","contentUrl":"https:\/\/www.missoeshumanitarias.org\/wp-content\/uploads\/2023\/09\/Combate_Desperdicio_Alimentos_FMHI_4-scaled.jpg","width":2560,"height":1920},{"@type":"BreadcrumbList","@id":"https:\/\/www.missoeshumanitarias.org\/es\/dia-internacional-de-la-toma-de-consciencia-sobre-la-perdida-y-el-desperdicio-de-alimentos\/#breadcrumb","itemListElement":[{"@type":"ListItem","position":1,"name":"Home","item":"https:\/\/www.missoeshumanitarias.org\/en\/"},{"@type":"ListItem","position":2,"name":"D\u00eda Internacional de\u00a0 la toma de Consciencia sobre la P\u00e9rdida y el Desperdicio de Alimentos"}]},{"@type":"WebSite","@id":"https:\/\/www.missoeshumanitarias.org\/es\/#website","url":"https:\/\/www.missoeshumanitarias.org\/es\/","name":"Fraternidade Miss\u00f5es Humanit\u00e1rias Internacionais","description":"Respostas Humanit\u00e1rias e Emerg\u00eancias","publisher":{"@id":"https:\/\/www.missoeshumanitarias.org\/es\/#organization"},"potentialAction":[{"@type":"SearchAction","target":{"@type":"EntryPoint","urlTemplate":"https:\/\/www.missoeshumanitarias.org\/es\/?s={search_term_string}"},"query-input":"required name=search_term_string"}],"inLanguage":"es"},{"@type":"Organization","@id":"https:\/\/www.missoeshumanitarias.org\/es\/#organization","name":"Fraternidade - Miss\u00f5es Humanit\u00e1rias Internacionais","url":"https:\/\/www.missoeshumanitarias.org\/es\/","logo":{"@type":"ImageObject","inLanguage":"es","@id":"https:\/\/www.missoeshumanitarias.org\/es\/#\/schema\/logo\/image\/","url":"https:\/\/www.missoeshumanitarias.org\/wp-content\/uploads\/2020\/05\/logo-FMHI-mg.png","contentUrl":"https:\/\/www.missoeshumanitarias.org\/wp-content\/uploads\/2020\/05\/logo-FMHI-mg.png","width":520,"height":134,"caption":"Fraternidade - Miss\u00f5es Humanit\u00e1rias Internacionais"},"image":{"@id":"https:\/\/www.missoeshumanitarias.org\/es\/#\/schema\/logo\/image\/"}},{"@type":"Person","@id":"https:\/\/www.missoeshumanitarias.org\/es\/#\/schema\/person\/7030103646ac86851022f2f911303335","name":"Pedro Duca","image":{"@type":"ImageObject","inLanguage":"es","@id":"https:\/\/www.missoeshumanitarias.org\/es\/#\/schema\/person\/image\/","url":"https:\/\/secure.gravatar.com\/avatar\/8f37b65fd0a898e39eb8356b57364c8a49e2a0098368f80d560bd4d2ddc12c2e?s=96&d=mm&r=g","contentUrl":"https:\/\/secure.gravatar.com\/avatar\/8f37b65fd0a898e39eb8356b57364c8a49e2a0098368f80d560bd4d2ddc12c2e?s=96&d=mm&r=g","caption":"Pedro Duca"}}]}},"_links":{"self":[{"href":"https:\/\/www.missoeshumanitarias.org\/es\/wp-json\/wp\/v2\/posts\/151932","targetHints":{"allow":["GET"]}}],"collection":[{"href":"https:\/\/www.missoeshumanitarias.org\/es\/wp-json\/wp\/v2\/posts"}],"about":[{"href":"https:\/\/www.missoeshumanitarias.org\/es\/wp-json\/wp\/v2\/types\/post"}],"author":[{"embeddable":true,"href":"https:\/\/www.missoeshumanitarias.org\/es\/wp-json\/wp\/v2\/users\/11"}],"replies":[{"embeddable":true,"href":"https:\/\/www.missoeshumanitarias.org\/es\/wp-json\/wp\/v2\/comments?post=151932"}],"version-history":[{"count":1,"href":"https:\/\/www.missoeshumanitarias.org\/es\/wp-json\/wp\/v2\/posts\/151932\/revisions"}],"predecessor-version":[{"id":151934,"href":"https:\/\/www.missoeshumanitarias.org\/es\/wp-json\/wp\/v2\/posts\/151932\/revisions\/151934"}],"wp:featuredmedia":[{"embeddable":true,"href":"https:\/\/www.missoeshumanitarias.org\/es\/wp-json\/wp\/v2\/media\/151868"}],"wp:attachment":[{"href":"https:\/\/www.missoeshumanitarias.org\/es\/wp-json\/wp\/v2\/media?parent=151932"}],"wp:term":[{"taxonomy":"category","embeddable":true,"href":"https:\/\/www.missoeshumanitarias.org\/es\/wp-json\/wp\/v2\/categories?post=151932"},{"taxonomy":"post_tag","embeddable":true,"href":"https:\/\/www.missoeshumanitarias.org\/es\/wp-json\/wp\/v2\/tags?post=151932"}],"curies":[{"name":"wp","href":"https:\/\/api.w.org\/{rel}","templated":true}]}}